{"id":17320,"date":"2026-03-27T17:25:10","date_gmt":"2026-03-27T16:25:10","guid":{"rendered":"https:\/\/osb.org\/2026\/03\/27\/reflexoes-sobre-a-arte-beuronense-na-basilica-da-abadia-de-conception\/"},"modified":"2026-04-01T09:42:47","modified_gmt":"2026-04-01T07:42:47","slug":"reflexoes-sobre-a-arte-beuronense-na-basilica-da-abadia-de-conception","status":"publish","type":"post","link":"https:\/\/osb.org\/pt-br\/2026\/03\/27\/reflexoes-sobre-a-arte-beuronense-na-basilica-da-abadia-de-conception\/","title":{"rendered":"Reflex\u00f5es sobre a Arte Beuronense na Bas\u00edlica da Abadia de Conception"},"content":{"rendered":"<p><div class=\"fusion-fullwidth fullwidth-box fusion-builder-row-1 fusion-flex-container has-pattern-background has-mask-background hundred-percent-fullwidth non-hundred-percent-height-scrolling\" style=\"--awb-border-radius-top-left:0px;--awb-border-radius-top-right:0px;--awb-border-radius-bottom-right:0px;--awb-border-radius-bottom-left:0px;--awb-padding-right:60px;--awb-padding-bottom:0px;--awb-padding-left:60px;--awb-padding-right-small:30px;--awb-padding-left-small:30px;--awb-flex-wrap:wrap;\" ><div class=\"fusion-builder-row fusion-row fusion-flex-align-items-center fusion-flex-justify-content-flex-end fusion-flex-content-wrap\" style=\"width:calc( 100% + 60px ) !important;max-width:calc( 100% + 60px ) !important;margin-left: calc(-60px \/ 2 );margin-right: calc(-60px \/ 2 );\"><div class=\"fusion-layout-column fusion_builder_column fusion-builder-column-0 fusion_builder_column_1_2 1_2 fusion-flex-column\" style=\"--awb-padding-right:60px;--awb-padding-left:60px;--awb-padding-right-small:0px;--awb-padding-left-small:0px;--awb-bg-size:cover;--awb-width-large:50%;--awb-margin-top-large:0px;--awb-spacing-right-large:30px;--awb-margin-bottom-large:20px;--awb-spacing-left-large:30px;--awb-width-medium:100%;--awb-order-medium:0;--awb-margin-top-medium:20px;--awb-spacing-right-medium:30px;--awb-margin-bottom-medium:0px;--awb-spacing-left-medium:30px;--awb-width-small:100%;--awb-order-small:0;--awb-spacing-right-small:30px;--awb-spacing-left-small:30px;\"><div class=\"fusion-column-wrapper fusion-column-has-shadow fusion-flex-justify-content-flex-start fusion-content-layout-column\"><div class=\"fusion-title title fusion-title-1 fusion-sep-none fusion-title-text fusion-title-size-one\" style=\"--awb-text-color:var(--awb-custom13);--awb-margin-top-small:0px;--awb-margin-right-small:0px;--awb-margin-bottom-small:20px;--awb-margin-left-small:0px;--awb-font-size:40px;\"><h1 class=\"fusion-title-heading title-heading-left md-text-align-center fusion-responsive-typography-calculated\" style=\"font-family:var(--awb-typography1-font-family);font-weight:var(--awb-typography1-font-weight);font-style:var(--awb-typography1-font-style);margin:0;letter-spacing:var(--awb-typography1-letter-spacing);text-transform:var(--awb-typography1-text-transform);font-size:1em;--fontSize:40;line-height:var(--awb-typography1-line-height);\">Reflex\u00f5es sobre a Arte Beuronense na Bas\u00edlica da Abadia de Conception<\/h1><\/div><div class=\"fusion-text fusion-text-1 fusion-no-small-visibility fusion-no-medium-visibility\" style=\"--awb-font-size:var(--awb-typography3-font-size);--awb-line-height:var(--awb-typography3-line-height);--awb-letter-spacing:var(--awb-typography3-letter-spacing);--awb-text-transform:var(--awb-typography3-text-transform);--awb-text-font-family:var(--awb-typography3-font-family);--awb-text-font-weight:var(--awb-typography3-font-weight);--awb-text-font-style:var(--awb-typography3-font-style);\"><p>Os impressionantes murais beuronenses na Bas\u00edlica da Abadia de Conception foram os primeiros nos Estados Unidos, executados pelos pr\u00f3prios monges ap\u00f3s o tornado de 1893. Eles testemunham as aspira\u00e7\u00f5es do mosteiro e preservam uma r\u00e9plica dos originais destru\u00eddos.de Emaus, <\/p>\n<\/div><\/div><\/div><div class=\"fusion-layout-column fusion_builder_column fusion-builder-column-1 fusion_builder_column_1_2 1_2 fusion-flex-column\" style=\"--awb-bg-size:cover;--awb-width-large:50%;--awb-margin-top-large:0px;--awb-spacing-right-large:30px;--awb-margin-bottom-large:0px;--awb-spacing-left-large:30px;--awb-width-medium:100%;--awb-order-medium:0;--awb-spacing-right-medium:30px;--awb-spacing-left-medium:30px;--awb-width-small:100%;--awb-order-small:0;--awb-spacing-right-small:30px;--awb-spacing-left-small:30px;\"><div class=\"fusion-column-wrapper fusion-column-has-shadow fusion-flex-justify-content-flex-start fusion-content-layout-column\"><div class=\"fusion-image-element \" style=\"--awb-caption-title-font-family:var(--h2_typography-font-family);--awb-caption-title-font-weight:var(--h2_typography-font-weight);--awb-caption-title-font-style:var(--h2_typography-font-style);--awb-caption-title-size:var(--h2_typography-font-size);--awb-caption-title-transform:var(--h2_typography-text-transform);--awb-caption-title-line-height:var(--h2_typography-line-height);--awb-caption-title-letter-spacing:var(--h2_typography-letter-spacing);\"><span class=\" fusion-imageframe imageframe-none imageframe-1 hover-type-none\" style=\"border:1px solid var(--awb-custom10);\"><a href=\"https:\/\/osb.org\/wp-content\/uploads\/2026\/03\/The-Coronation-of-Mary.jpg\" class=\"fusion-lightbox\" data-rel=\"iLightbox[3bd88bba278023c7eea]\" data-title=\"A Coroa\u00e7\u00e3o de Maria\" title=\"A Coroa\u00e7\u00e3o de Maria\"><img decoding=\"async\" width=\"1920\" height=\"1565\" src=\"https:\/\/osb.org\/wp-content\/uploads\/2026\/03\/The-Coronation-of-Mary.jpg\" data-orig-src=\"https:\/\/osb.org\/wp-content\/uploads\/2026\/03\/The-Coronation-of-Mary.jpg\" alt class=\"lazyload img-responsive wp-image-17331\" srcset=\"data:image\/svg+xml,%3Csvg%20xmlns%3D%27http%3A%2F%2Fwww.w3.org%2F2000%2Fsvg%27%20width%3D%271920%27%20height%3D%271565%27%20viewBox%3D%270%200%201920%201565%27%3E%3Crect%20width%3D%271920%27%20height%3D%271565%27%20fill-opacity%3D%220%22%2F%3E%3C%2Fsvg%3E\" data-srcset=\"https:\/\/osb.org\/wp-content\/uploads\/2026\/03\/The-Coronation-of-Mary-200x163.jpg 200w, https:\/\/osb.org\/wp-content\/uploads\/2026\/03\/The-Coronation-of-Mary-400x326.jpg 400w, https:\/\/osb.org\/wp-content\/uploads\/2026\/03\/The-Coronation-of-Mary-600x489.jpg 600w, https:\/\/osb.org\/wp-content\/uploads\/2026\/03\/The-Coronation-of-Mary-800x652.jpg 800w, https:\/\/osb.org\/wp-content\/uploads\/2026\/03\/The-Coronation-of-Mary-1200x978.jpg 1200w, https:\/\/osb.org\/wp-content\/uploads\/2026\/03\/The-Coronation-of-Mary.jpg 1920w\" data-sizes=\"auto\" data-orig-sizes=\"(max-width: 1024px) 100vw, (max-width: 640px) 100vw, 600px\" \/><\/a><\/span><\/div><div class=\"fusion-text fusion-text-2 fusion-text-no-margin\" style=\"--awb-font-size:var(--awb-typography5-font-size);--awb-line-height:var(--awb-typography5-line-height);--awb-letter-spacing:var(--awb-typography5-letter-spacing);--awb-text-transform:var(--awb-typography5-text-transform);--awb-text-color:var(--awb-custom11);--awb-margin-top:12px;--awb-margin-bottom:12px;--awb-text-font-family:var(--awb-typography5-font-family);--awb-text-font-weight:var(--awb-typography5-font-weight);--awb-text-font-style:var(--awb-typography5-font-style);\"><p>Your Content Goes Here<\/p>\n<\/div><\/div><\/div><div class=\"fusion-layout-column fusion_builder_column fusion-builder-column-2 fusion_builder_column_1_2 1_2 fusion-flex-column\" style=\"--awb-bg-size:cover;--awb-width-large:50%;--awb-margin-top-large:0px;--awb-spacing-right-large:30px;--awb-margin-bottom-large:0px;--awb-spacing-left-large:30px;--awb-width-medium:100%;--awb-order-medium:0;--awb-spacing-right-medium:30px;--awb-spacing-left-medium:30px;--awb-width-small:100%;--awb-order-small:0;--awb-spacing-right-small:30px;--awb-spacing-left-small:30px;\"><div class=\"fusion-column-wrapper fusion-column-has-shadow fusion-flex-justify-content-flex-start fusion-content-layout-column\"><div class=\"fusion-separator fusion-full-width-sep\" style=\"align-self: center;margin-left: auto;margin-right: auto;width:100%;\"><div class=\"fusion-separator-border sep-single sep-solid\" style=\"--awb-height:20px;--awb-amount:20px;--awb-sep-color:var(--awb-color4);border-color:var(--awb-color4);border-top-width:3px;\"><\/div><\/div><\/div><\/div><\/div><\/div><div class=\"fusion-fullwidth fullwidth-box fusion-builder-row-2 fusion-flex-container hundred-percent-fullwidth non-hundred-percent-height-scrolling\" style=\"--awb-border-radius-top-left:0px;--awb-border-radius-top-right:0px;--awb-border-radius-bottom-right:0px;--awb-border-radius-bottom-left:0px;--awb-padding-right:60px;--awb-padding-left:60px;--awb-padding-right-medium:60px;--awb-padding-left-medium:60px;--awb-padding-right-small:30px;--awb-padding-left-small:30px;--awb-margin-top-small:0px;--awb-flex-wrap:wrap;\" ><div class=\"fusion-builder-row fusion-row fusion-flex-align-items-flex-start fusion-flex-justify-content-center fusion-flex-content-wrap\" style=\"width:calc( 100% + 60px ) !important;max-width:calc( 100% + 60px ) !important;margin-left: calc(-60px \/ 2 );margin-right: calc(-60px \/ 2 );\"><div class=\"fusion-layout-column fusion_builder_column fusion-builder-column-3 fusion_builder_column_1_2 1_2 fusion-flex-column\" style=\"--awb-bg-size:cover;--awb-width-large:50%;--awb-margin-top-large:0px;--awb-spacing-right-large:30px;--awb-margin-bottom-large:20px;--awb-spacing-left-large:30px;--awb-width-medium:100%;--awb-order-medium:1;--awb-spacing-right-medium:30px;--awb-spacing-left-medium:30px;--awb-width-small:100%;--awb-order-small:1;--awb-spacing-right-small:30px;--awb-spacing-left-small:30px;\"><div class=\"fusion-column-wrapper fusion-column-has-shadow fusion-flex-justify-content-flex-start fusion-content-layout-column\"><div class=\"awb-gallery-wrapper awb-gallery-wrapper-1 button-span-no\" style=\"--more-btn-alignment:center;\"><div style=\"margin:-5px;--awb-bordersize:0px;--awb-caption-title-color:var(--awb-custom12);--awb-caption-title-size:var(--awb-typography5-font-size);--awb-caption-title-transform:var(--awb-typography5-text-transform);--awb-caption-title-line-height:var(--awb-typography5-line-height);--awb-caption-title-letter-spacing:var(--awb-typography5-letter-spacing);--awb-caption-title-font-family:var(--awb-typography5-font-family);--awb-caption-title-font-weight:var(--awb-typography5-font-weight);--awb-caption-title-font-style:var(--awb-typography5-font-style);\" class=\"fusion-gallery fusion-gallery-container fusion-grid-2 fusion-columns-total-9 fusion-gallery-layout-grid fusion-gallery-1\"><div style=\"padding:5px;\" class=\"fusion-grid-column fusion-gallery-column fusion-gallery-column-2 hover-type-none awb-imageframe-style awb-imageframe-style-below awb-imageframe-style-1\"><div class=\"fusion-gallery-image\"><a href=\"https:\/\/osb.org\/wp-content\/uploads\/2026\/03\/Immaculate-Conception.jpg\" rel=\"noreferrer\" data-rel=\"iLightbox[gallery_image_1]\" class=\"fusion-lightbox\" target=\"_self\"><img decoding=\"async\" src=\"https:\/\/osb.org\/wp-content\/uploads\/2026\/03\/Immaculate-Conception.jpg\" data-orig-src=\"https:\/\/osb.org\/wp-content\/uploads\/2026\/03\/Immaculate-Conception.jpg\" width=\"1771\" height=\"1804\" alt=\"\" title=\"Imaculada Concei\u00e7\u00e3o\" aria-label=\"Imaculada Concei\u00e7\u00e3o\" class=\"lazyload img-responsive wp-image-17327\" srcset=\"data:image\/svg+xml,%3Csvg%20xmlns%3D%27http%3A%2F%2Fwww.w3.org%2F2000%2Fsvg%27%20width%3D%271771%27%20height%3D%271804%27%20viewBox%3D%270%200%201771%201804%27%3E%3Crect%20width%3D%271771%27%20height%3D%271804%27%20fill-opacity%3D%220%22%2F%3E%3C%2Fsvg%3E\" data-srcset=\"https:\/\/osb.org\/wp-content\/uploads\/2026\/03\/Immaculate-Conception-200x204.jpg 200w, https:\/\/osb.org\/wp-content\/uploads\/2026\/03\/Immaculate-Conception-400x407.jpg 400w, https:\/\/osb.org\/wp-content\/uploads\/2026\/03\/Immaculate-Conception-600x611.jpg 600w, https:\/\/osb.org\/wp-content\/uploads\/2026\/03\/Immaculate-Conception-800x815.jpg 800w, https:\/\/osb.org\/wp-content\/uploads\/2026\/03\/Immaculate-Conception-1200x1222.jpg 1200w, https:\/\/osb.org\/wp-content\/uploads\/2026\/03\/Immaculate-Conception.jpg 1771w\" data-sizes=\"auto\" data-orig-sizes=\"(min-width: 2200px) 100vw, (min-width: 712px) 548px, (min-width: 640px) 712px, \" \/><\/a><\/div><div class=\"awb-imageframe-caption-container\"><div class=\"awb-imageframe-caption\"><h2 class=\"awb-imageframe-caption-title\">Imaculada Concei\u00e7\u00e3o<\/h2><\/div><\/div><\/div><div style=\"padding:5px;\" class=\"fusion-grid-column fusion-gallery-column fusion-gallery-column-2 hover-type-none awb-imageframe-style awb-imageframe-style-below awb-imageframe-style-1\"><div class=\"fusion-gallery-image\"><a href=\"https:\/\/osb.org\/wp-content\/uploads\/2026\/03\/Carrying-the-Cross.jpg\" rel=\"noreferrer\" data-rel=\"iLightbox[gallery_image_1]\" class=\"fusion-lightbox\" target=\"_self\"><img decoding=\"async\" src=\"https:\/\/osb.org\/wp-content\/uploads\/2026\/03\/Carrying-the-Cross.jpg\" data-orig-src=\"https:\/\/osb.org\/wp-content\/uploads\/2026\/03\/Carrying-the-Cross.jpg\" width=\"1920\" height=\"1791\" alt=\"\" title=\"Carregando a Cruz\" aria-label=\"Carregando a Cruz\" class=\"lazyload img-responsive wp-image-17322\" srcset=\"data:image\/svg+xml,%3Csvg%20xmlns%3D%27http%3A%2F%2Fwww.w3.org%2F2000%2Fsvg%27%20width%3D%271920%27%20height%3D%271791%27%20viewBox%3D%270%200%201920%201791%27%3E%3Crect%20width%3D%271920%27%20height%3D%271791%27%20fill-opacity%3D%220%22%2F%3E%3C%2Fsvg%3E\" data-srcset=\"https:\/\/osb.org\/wp-content\/uploads\/2026\/03\/Carrying-the-Cross-200x187.jpg 200w, https:\/\/osb.org\/wp-content\/uploads\/2026\/03\/Carrying-the-Cross-400x373.jpg 400w, https:\/\/osb.org\/wp-content\/uploads\/2026\/03\/Carrying-the-Cross-600x560.jpg 600w, https:\/\/osb.org\/wp-content\/uploads\/2026\/03\/Carrying-the-Cross-800x746.jpg 800w, https:\/\/osb.org\/wp-content\/uploads\/2026\/03\/Carrying-the-Cross-1200x1119.jpg 1200w, https:\/\/osb.org\/wp-content\/uploads\/2026\/03\/Carrying-the-Cross.jpg 1920w\" data-sizes=\"auto\" data-orig-sizes=\"(min-width: 2200px) 100vw, (min-width: 712px) 548px, (min-width: 640px) 712px, \" \/><\/a><\/div><div class=\"awb-imageframe-caption-container\"><div class=\"awb-imageframe-caption\"><h2 class=\"awb-imageframe-caption-title\">Carregando a Cruz<\/h2><\/div><\/div><\/div><div class=\"clearfix\"><\/div><div style=\"padding:5px;\" class=\"fusion-grid-column fusion-gallery-column fusion-gallery-column-2 hover-type-none awb-imageframe-style awb-imageframe-style-below awb-imageframe-style-1\"><div class=\"fusion-gallery-image\"><a href=\"https:\/\/osb.org\/wp-content\/uploads\/2026\/03\/Deposition.jpg\" rel=\"noreferrer\" data-rel=\"iLightbox[gallery_image_1]\" class=\"fusion-lightbox\" target=\"_self\"><img decoding=\"async\" src=\"https:\/\/osb.org\/wp-content\/uploads\/2026\/03\/Deposition.jpg\" data-orig-src=\"https:\/\/osb.org\/wp-content\/uploads\/2026\/03\/Deposition.jpg\" width=\"1920\" height=\"1836\" alt=\"\" title=\"Deposi\u00e7\u00e3o\" aria-label=\"Deposi\u00e7\u00e3o\" class=\"lazyload img-responsive wp-image-17324\" srcset=\"data:image\/svg+xml,%3Csvg%20xmlns%3D%27http%3A%2F%2Fwww.w3.org%2F2000%2Fsvg%27%20width%3D%271920%27%20height%3D%271836%27%20viewBox%3D%270%200%201920%201836%27%3E%3Crect%20width%3D%271920%27%20height%3D%271836%27%20fill-opacity%3D%220%22%2F%3E%3C%2Fsvg%3E\" data-srcset=\"https:\/\/osb.org\/wp-content\/uploads\/2026\/03\/Deposition-200x191.jpg 200w, https:\/\/osb.org\/wp-content\/uploads\/2026\/03\/Deposition-400x383.jpg 400w, https:\/\/osb.org\/wp-content\/uploads\/2026\/03\/Deposition-600x574.jpg 600w, https:\/\/osb.org\/wp-content\/uploads\/2026\/03\/Deposition-800x765.jpg 800w, https:\/\/osb.org\/wp-content\/uploads\/2026\/03\/Deposition-1200x1148.jpg 1200w, https:\/\/osb.org\/wp-content\/uploads\/2026\/03\/Deposition.jpg 1920w\" data-sizes=\"auto\" data-orig-sizes=\"(min-width: 2200px) 100vw, (min-width: 712px) 548px, (min-width: 640px) 712px, \" \/><\/a><\/div><div class=\"awb-imageframe-caption-container\"><div class=\"awb-imageframe-caption\"><h2 class=\"awb-imageframe-caption-title\">Deposi\u00e7\u00e3o<\/h2><\/div><\/div><\/div><div style=\"padding:5px;\" class=\"fusion-grid-column fusion-gallery-column fusion-gallery-column-2 hover-type-none awb-imageframe-style awb-imageframe-style-below awb-imageframe-style-1\"><div class=\"fusion-gallery-image\"><a href=\"https:\/\/osb.org\/wp-content\/uploads\/2026\/03\/Crucifixion.jpg\" rel=\"noreferrer\" data-rel=\"iLightbox[gallery_image_1]\" class=\"fusion-lightbox\" target=\"_self\"><img decoding=\"async\" src=\"https:\/\/osb.org\/wp-content\/uploads\/2026\/03\/Crucifixion.jpg\" data-orig-src=\"https:\/\/osb.org\/wp-content\/uploads\/2026\/03\/Crucifixion.jpg\" width=\"1920\" height=\"1870\" alt=\"\" title=\"Crucifica\u00e7\u00e3o\" aria-label=\"Crucifica\u00e7\u00e3o\" class=\"lazyload img-responsive wp-image-17323\" srcset=\"data:image\/svg+xml,%3Csvg%20xmlns%3D%27http%3A%2F%2Fwww.w3.org%2F2000%2Fsvg%27%20width%3D%271920%27%20height%3D%271870%27%20viewBox%3D%270%200%201920%201870%27%3E%3Crect%20width%3D%271920%27%20height%3D%271870%27%20fill-opacity%3D%220%22%2F%3E%3C%2Fsvg%3E\" data-srcset=\"https:\/\/osb.org\/wp-content\/uploads\/2026\/03\/Crucifixion-200x195.jpg 200w, https:\/\/osb.org\/wp-content\/uploads\/2026\/03\/Crucifixion-400x390.jpg 400w, https:\/\/osb.org\/wp-content\/uploads\/2026\/03\/Crucifixion-600x584.jpg 600w, https:\/\/osb.org\/wp-content\/uploads\/2026\/03\/Crucifixion-800x779.jpg 800w, https:\/\/osb.org\/wp-content\/uploads\/2026\/03\/Crucifixion-1200x1169.jpg 1200w, https:\/\/osb.org\/wp-content\/uploads\/2026\/03\/Crucifixion.jpg 1920w\" data-sizes=\"auto\" data-orig-sizes=\"(min-width: 2200px) 100vw, (min-width: 712px) 548px, (min-width: 640px) 712px, \" \/><\/a><\/div><div class=\"awb-imageframe-caption-container\"><div class=\"awb-imageframe-caption\"><h2 class=\"awb-imageframe-caption-title\">Crucifica\u00e7\u00e3o<\/h2><\/div><\/div><\/div><div class=\"clearfix\"><\/div><div style=\"padding:5px;\" class=\"fusion-grid-column fusion-gallery-column fusion-gallery-column-2 hover-type-none awb-imageframe-style awb-imageframe-style-below awb-imageframe-style-1\"><div class=\"fusion-gallery-image\"><a href=\"https:\/\/osb.org\/wp-content\/uploads\/2026\/03\/Dormition.jpg\" rel=\"noreferrer\" data-rel=\"iLightbox[gallery_image_1]\" class=\"fusion-lightbox\" target=\"_self\"><img decoding=\"async\" src=\"https:\/\/osb.org\/wp-content\/uploads\/2026\/03\/Dormition.jpg\" data-orig-src=\"https:\/\/osb.org\/wp-content\/uploads\/2026\/03\/Dormition.jpg\" width=\"1920\" height=\"1592\" alt=\"\" title=\"Dormi\u00e7\u00e3o\" aria-label=\"Dormi\u00e7\u00e3o\" class=\"lazyload img-responsive wp-image-17325\" srcset=\"data:image\/svg+xml,%3Csvg%20xmlns%3D%27http%3A%2F%2Fwww.w3.org%2F2000%2Fsvg%27%20width%3D%271920%27%20height%3D%271592%27%20viewBox%3D%270%200%201920%201592%27%3E%3Crect%20width%3D%271920%27%20height%3D%271592%27%20fill-opacity%3D%220%22%2F%3E%3C%2Fsvg%3E\" data-srcset=\"https:\/\/osb.org\/wp-content\/uploads\/2026\/03\/Dormition-200x166.jpg 200w, https:\/\/osb.org\/wp-content\/uploads\/2026\/03\/Dormition-400x332.jpg 400w, https:\/\/osb.org\/wp-content\/uploads\/2026\/03\/Dormition-600x498.jpg 600w, https:\/\/osb.org\/wp-content\/uploads\/2026\/03\/Dormition-800x663.jpg 800w, https:\/\/osb.org\/wp-content\/uploads\/2026\/03\/Dormition-1200x995.jpg 1200w, https:\/\/osb.org\/wp-content\/uploads\/2026\/03\/Dormition.jpg 1920w\" data-sizes=\"auto\" data-orig-sizes=\"(min-width: 2200px) 100vw, (min-width: 712px) 548px, (min-width: 640px) 712px, \" \/><\/a><\/div><div class=\"awb-imageframe-caption-container\"><div class=\"awb-imageframe-caption\"><h2 class=\"awb-imageframe-caption-title\">Dormi\u00e7\u00e3o<\/h2><\/div><\/div><\/div><div style=\"padding:5px;\" class=\"fusion-grid-column fusion-gallery-column fusion-gallery-column-2 hover-type-none awb-imageframe-style awb-imageframe-style-below awb-imageframe-style-1\"><div class=\"fusion-gallery-image\"><a href=\"https:\/\/osb.org\/wp-content\/uploads\/2026\/03\/Pentecost.jpg\" rel=\"noreferrer\" data-rel=\"iLightbox[gallery_image_1]\" class=\"fusion-lightbox\" target=\"_self\"><img decoding=\"async\" src=\"https:\/\/osb.org\/wp-content\/uploads\/2026\/03\/Pentecost.jpg\" data-orig-src=\"https:\/\/osb.org\/wp-content\/uploads\/2026\/03\/Pentecost.jpg\" width=\"1920\" height=\"1838\" alt=\"\" title=\"Pentecostes\" aria-label=\"Pentecostes\" class=\"lazyload img-responsive wp-image-17328\" srcset=\"data:image\/svg+xml,%3Csvg%20xmlns%3D%27http%3A%2F%2Fwww.w3.org%2F2000%2Fsvg%27%20width%3D%271920%27%20height%3D%271838%27%20viewBox%3D%270%200%201920%201838%27%3E%3Crect%20width%3D%271920%27%20height%3D%271838%27%20fill-opacity%3D%220%22%2F%3E%3C%2Fsvg%3E\" data-srcset=\"https:\/\/osb.org\/wp-content\/uploads\/2026\/03\/Pentecost-200x191.jpg 200w, https:\/\/osb.org\/wp-content\/uploads\/2026\/03\/Pentecost-400x383.jpg 400w, https:\/\/osb.org\/wp-content\/uploads\/2026\/03\/Pentecost-600x574.jpg 600w, https:\/\/osb.org\/wp-content\/uploads\/2026\/03\/Pentecost-800x766.jpg 800w, https:\/\/osb.org\/wp-content\/uploads\/2026\/03\/Pentecost-1200x1149.jpg 1200w, https:\/\/osb.org\/wp-content\/uploads\/2026\/03\/Pentecost.jpg 1920w\" data-sizes=\"auto\" data-orig-sizes=\"(min-width: 2200px) 100vw, (min-width: 712px) 548px, (min-width: 640px) 712px, \" \/><\/a><\/div><div class=\"awb-imageframe-caption-container\"><div class=\"awb-imageframe-caption\"><h2 class=\"awb-imageframe-caption-title\">Pentecostes<\/h2><\/div><\/div><\/div><div class=\"clearfix\"><\/div><div style=\"padding:5px;\" class=\"fusion-grid-column fusion-gallery-column fusion-gallery-column-2 hover-type-none awb-imageframe-style awb-imageframe-style-below awb-imageframe-style-1\"><div class=\"fusion-gallery-image\"><a href=\"https:\/\/osb.org\/wp-content\/uploads\/2026\/03\/Flight.jpg\" rel=\"noreferrer\" data-rel=\"iLightbox[gallery_image_1]\" class=\"fusion-lightbox\" target=\"_self\"><img decoding=\"async\" src=\"https:\/\/osb.org\/wp-content\/uploads\/2026\/03\/Flight.jpg\" data-orig-src=\"https:\/\/osb.org\/wp-content\/uploads\/2026\/03\/Flight.jpg\" width=\"1920\" height=\"1809\" alt=\"\" title=\"Fuga\" aria-label=\"Fuga\" class=\"lazyload img-responsive wp-image-17326\" srcset=\"data:image\/svg+xml,%3Csvg%20xmlns%3D%27http%3A%2F%2Fwww.w3.org%2F2000%2Fsvg%27%20width%3D%271920%27%20height%3D%271809%27%20viewBox%3D%270%200%201920%201809%27%3E%3Crect%20width%3D%271920%27%20height%3D%271809%27%20fill-opacity%3D%220%22%2F%3E%3C%2Fsvg%3E\" data-srcset=\"https:\/\/osb.org\/wp-content\/uploads\/2026\/03\/Flight-200x188.jpg 200w, https:\/\/osb.org\/wp-content\/uploads\/2026\/03\/Flight-400x377.jpg 400w, https:\/\/osb.org\/wp-content\/uploads\/2026\/03\/Flight-600x565.jpg 600w, https:\/\/osb.org\/wp-content\/uploads\/2026\/03\/Flight-800x754.jpg 800w, https:\/\/osb.org\/wp-content\/uploads\/2026\/03\/Flight-1200x1131.jpg 1200w, https:\/\/osb.org\/wp-content\/uploads\/2026\/03\/Flight.jpg 1920w\" data-sizes=\"auto\" data-orig-sizes=\"(min-width: 2200px) 100vw, (min-width: 712px) 548px, (min-width: 640px) 712px, \" \/><\/a><\/div><div class=\"awb-imageframe-caption-container\"><div class=\"awb-imageframe-caption\"><h2 class=\"awb-imageframe-caption-title\">Fuga<\/h2><\/div><\/div><\/div><div style=\"padding:5px;\" class=\"fusion-grid-column fusion-gallery-column fusion-gallery-column-2 hover-type-none awb-imageframe-style awb-imageframe-style-below awb-imageframe-style-1\"><div class=\"fusion-gallery-image\"><a href=\"https:\/\/osb.org\/wp-content\/uploads\/2026\/03\/Saint-Benedict.jpg\" rel=\"noreferrer\" data-rel=\"iLightbox[gallery_image_1]\" class=\"fusion-lightbox\" target=\"_self\"><img decoding=\"async\" src=\"https:\/\/osb.org\/wp-content\/uploads\/2026\/03\/Saint-Benedict.jpg\" data-orig-src=\"https:\/\/osb.org\/wp-content\/uploads\/2026\/03\/Saint-Benedict.jpg\" width=\"1280\" height=\"1920\" alt=\"\" title=\"S\u00e3o Bento\" aria-label=\"S\u00e3o Bento\" class=\"lazyload img-responsive wp-image-17329\" srcset=\"data:image\/svg+xml,%3Csvg%20xmlns%3D%27http%3A%2F%2Fwww.w3.org%2F2000%2Fsvg%27%20width%3D%271280%27%20height%3D%271920%27%20viewBox%3D%270%200%201280%201920%27%3E%3Crect%20width%3D%271280%27%20height%3D%271920%27%20fill-opacity%3D%220%22%2F%3E%3C%2Fsvg%3E\" data-srcset=\"https:\/\/osb.org\/wp-content\/uploads\/2026\/03\/Saint-Benedict-200x300.jpg 200w, https:\/\/osb.org\/wp-content\/uploads\/2026\/03\/Saint-Benedict-400x600.jpg 400w, https:\/\/osb.org\/wp-content\/uploads\/2026\/03\/Saint-Benedict-600x900.jpg 600w, https:\/\/osb.org\/wp-content\/uploads\/2026\/03\/Saint-Benedict-800x1200.jpg 800w, https:\/\/osb.org\/wp-content\/uploads\/2026\/03\/Saint-Benedict-1200x1800.jpg 1200w, https:\/\/osb.org\/wp-content\/uploads\/2026\/03\/Saint-Benedict.jpg 1280w\" data-sizes=\"auto\" data-orig-sizes=\"(min-width: 2200px) 100vw, (min-width: 712px) 548px, (min-width: 640px) 712px, \" \/><\/a><\/div><div class=\"awb-imageframe-caption-container\"><div class=\"awb-imageframe-caption\"><h2 class=\"awb-imageframe-caption-title\">S\u00e3o Bento<\/h2><\/div><\/div><\/div><div class=\"clearfix\"><\/div><div style=\"padding:5px;\" class=\"fusion-grid-column fusion-gallery-column fusion-gallery-column-2 hover-type-none awb-imageframe-style awb-imageframe-style-below awb-imageframe-style-1\"><div class=\"fusion-gallery-image\"><a href=\"https:\/\/osb.org\/wp-content\/uploads\/2026\/03\/The-Conversation.jpg\" rel=\"noreferrer\" data-rel=\"iLightbox[gallery_image_1]\" class=\"fusion-lightbox\" target=\"_self\"><img decoding=\"async\" src=\"https:\/\/osb.org\/wp-content\/uploads\/2026\/03\/The-Conversation.jpg\" data-orig-src=\"https:\/\/osb.org\/wp-content\/uploads\/2026\/03\/The-Conversation.jpg\" width=\"1920\" height=\"874\" alt=\"\" title=\"A Conversa\" aria-label=\"A Conversa\" class=\"lazyload img-responsive wp-image-17330\" srcset=\"data:image\/svg+xml,%3Csvg%20xmlns%3D%27http%3A%2F%2Fwww.w3.org%2F2000%2Fsvg%27%20width%3D%271920%27%20height%3D%27874%27%20viewBox%3D%270%200%201920%20874%27%3E%3Crect%20width%3D%271920%27%20height%3D%27874%27%20fill-opacity%3D%220%22%2F%3E%3C%2Fsvg%3E\" data-srcset=\"https:\/\/osb.org\/wp-content\/uploads\/2026\/03\/The-Conversation-200x91.jpg 200w, https:\/\/osb.org\/wp-content\/uploads\/2026\/03\/The-Conversation-400x182.jpg 400w, https:\/\/osb.org\/wp-content\/uploads\/2026\/03\/The-Conversation-600x273.jpg 600w, https:\/\/osb.org\/wp-content\/uploads\/2026\/03\/The-Conversation-800x364.jpg 800w, https:\/\/osb.org\/wp-content\/uploads\/2026\/03\/The-Conversation-1200x546.jpg 1200w, https:\/\/osb.org\/wp-content\/uploads\/2026\/03\/The-Conversation.jpg 1920w\" data-sizes=\"auto\" data-orig-sizes=\"(min-width: 2200px) 100vw, (min-width: 712px) 548px, (min-width: 640px) 712px, \" \/><\/a><\/div><div class=\"awb-imageframe-caption-container\"><div class=\"awb-imageframe-caption\"><h2 class=\"awb-imageframe-caption-title\">A Conversa<\/h2><\/div><\/div><\/div><\/div><\/div><\/div><\/div><div class=\"fusion-layout-column fusion_builder_column fusion-builder-column-4 fusion_builder_column_1_2 1_2 fusion-flex-column\" style=\"--awb-bg-blend:overlay;--awb-bg-size:cover;--awb-width-large:50%;--awb-margin-top-large:0px;--awb-spacing-right-large:30px;--awb-margin-bottom-large:20px;--awb-spacing-left-large:30px;--awb-width-medium:75%;--awb-order-medium:0;--awb-spacing-right-medium:30px;--awb-spacing-left-medium:30px;--awb-width-small:100%;--awb-order-small:0;--awb-spacing-right-small:30px;--awb-spacing-left-small:30px;\"><div class=\"fusion-column-wrapper fusion-flex-justify-content-flex-start fusion-content-layout-column\"><div class=\"fusion-builder-row fusion-builder-row-inner fusion-row fusion-flex-align-items-flex-start fusion-flex-justify-content-center fusion-flex-content-wrap\" style=\"--awb-flex-grow:0;--awb-flex-grow-medium:0;--awb-flex-grow-small:0;--awb-flex-shrink:0;--awb-flex-shrink-medium:0;--awb-flex-shrink-small:0;width:calc( 100% + 60px ) !important;max-width:calc( 100% + 60px ) !important;margin-left: calc(-60px \/ 2 );margin-right: calc(-60px \/ 2 );\"><div class=\"fusion-layout-column fusion_builder_column_inner fusion-builder-nested-column-0 fusion_builder_column_inner_1_2 1_2 fusion-flex-column fusion-flex-align-self-center\" style=\"--awb-bg-size:cover;--awb-width-large:50%;--awb-margin-top-large:0px;--awb-spacing-right-large:30px;--awb-margin-bottom-large:0px;--awb-spacing-left-large:30px;--awb-width-medium:50%;--awb-order-medium:0;--awb-spacing-right-medium:30px;--awb-spacing-left-medium:30px;--awb-width-small:100%;--awb-order-small:1;--awb-spacing-right-small:30px;--awb-margin-bottom-small:20px;--awb-spacing-left-small:30px;\"><div class=\"fusion-column-wrapper fusion-column-has-shadow fusion-flex-justify-content-center fusion-content-layout-column\"><div class=\"fusion-text fusion-text-3 fusion-text-no-margin\" style=\"--awb-font-size:var(--awb-typography5-font-size);--awb-line-height:var(--awb-typography5-line-height);--awb-letter-spacing:var(--awb-typography5-letter-spacing);--awb-text-transform:var(--awb-typography5-text-transform);--awb-text-color:var(--awb-custom11);--awb-margin-top:0px;--awb-margin-right:0px;--awb-margin-bottom:0px;--awb-margin-left:0px;--awb-text-font-family:var(--awb-typography5-font-family);--awb-text-font-weight:var(--awb-typography5-font-weight);--awb-text-font-style:var(--awb-typography5-font-style);\"><p>27 mar\u00e7o 2026<\/p>\n<\/div><\/div><\/div><div class=\"fusion-layout-column fusion_builder_column_inner fusion-builder-nested-column-1 fusion_builder_column_inner_1_2 1_2 fusion-flex-column fusion-flex-align-self-center\" style=\"--awb-bg-size:cover;--awb-width-large:50%;--awb-margin-top-large:0px;--awb-spacing-right-large:30px;--awb-margin-bottom-large:0px;--awb-spacing-left-large:30px;--awb-width-medium:50%;--awb-order-medium:0;--awb-spacing-right-medium:30px;--awb-spacing-left-medium:30px;--awb-width-small:100%;--awb-order-small:0;--awb-margin-top-small:0px;--awb-spacing-right-small:30px;--awb-spacing-left-small:30px;\"><div class=\"fusion-column-wrapper fusion-column-has-shadow fusion-flex-justify-content-center fusion-content-layout-column\"><div class=\"fusion-sharing-box fusion-sharing-box-1 boxed-icons\" style=\"background-color:var(--awb-color1);border-color:var(--awb-color1);--awb-margin-top:0px;--awb-margin-right:0px;--awb-margin-bottom:0px;--awb-margin-left:0px;--awb-wrapper-padding-top:0px;--awb-wrapper-padding-right:0px;--awb-wrapper-padding-bottom:0px;--awb-wrapper-padding-left:0px;--awb-padding-top:0px;--awb-padding-right:0px;--awb-padding-bottom:0px;--awb-padding-left:0px;--awb-border-top:0px;--awb-border-right:0px;--awb-border-bottom:0px;--awb-border-left:0px;--awb-icon-size:12px;--awb-separator-border-color:#cccccc;--awb-separator-border-sizes:0px;--awb-stacked-align:flex-end;--awb-layout:row;--awb-alignment-small:flex-end;--awb-stacked-align-small:center;\" data-title=\"Reflex\u00f5es sobre a Arte Beuronense na Bas\u00edlica da Abadia de Conception\" data-description=\"Your Content Goes Here  Your Content Goes Here           \r\n\r\nO Reverend\u00edssimo Dom Benedict Neenan, OSB\r\nAbade da Abadia de Conception\r\nConception, Missouri, EUA\r\n\r\n\u00c9 dif\u00edcil falar do Estilo Beuronense como uma entidade coerente quando, na verdade,\" data-link=\"https:\/\/osb.org\/pt-br\/2026\/03\/27\/reflexoes-sobre-a-arte-beuronense-na-basilica-da-abadia-de-conception\/\"><div class=\"fusion-social-networks sharingbox-shortcode-icon-wrapper sharingbox-shortcode-icon-wrapper-1 boxed-icons\"><span><a href=\"https:\/\/www.facebook.com\/sharer.php?u=https%3A%2F%2Fosb.org%2Fpt-br%2F2026%2F03%2F27%2Freflexoes-sobre-a-arte-beuronense-na-basilica-da-abadia-de-conception%2F&amp;t=Reflex%C3%B5es%20sobre%20a%20Arte%20Beuronense%20na%20Bas%C3%ADlica%20da%20Abadia%20de%20Conception\" target=\"_blank\" rel=\"noreferrer\" title=\"Facebook\" aria-label=\"Facebook\"><i class=\"fusion-social-network-icon fusion-tooltip fusion-facebook awb-icon-facebook\" style=\"color:var(--awb-custom11);background-color:#e8e8e8;border-color:#e8e8e8;border-radius:50%;\" aria-hidden=\"true\"><\/i><\/a><\/span><span><a href=\"https:\/\/x.com\/intent\/post?text=Reflex%C3%B5es%20sobre%20a%20Arte%20Beuronense%20na%20Bas%C3%ADlica%20da%20Abadia%20de%20Conception&amp;url=https%3A%2F%2Fosb.org%2Fpt-br%2F2026%2F03%2F27%2Freflexoes-sobre-a-arte-beuronense-na-basilica-da-abadia-de-conception%2F\" target=\"_blank\" rel=\"noopener noreferrer\" title=\"X\" aria-label=\"X\"><i class=\"fusion-social-network-icon fusion-tooltip fusion-twitter awb-icon-twitter\" style=\"color:var(--awb-custom11);background-color:#e8e8e8;border-color:#e8e8e8;border-radius:50%;\" aria-hidden=\"true\"><\/i><\/a><\/span><span><a href=\"https:\/\/api.whatsapp.com\/send?text=https%3A%2F%2Fosb.org%2Fpt-br%2F2026%2F03%2F27%2Freflexoes-sobre-a-arte-beuronense-na-basilica-da-abadia-de-conception%2F\" target=\"_blank\" rel=\"noopener noreferrer\" title=\"WhatsApp\" aria-label=\"WhatsApp\"><i class=\"fusion-social-network-icon fusion-tooltip fusion-whatsapp awb-icon-whatsapp\" style=\"color:var(--awb-custom11);background-color:#e8e8e8;border-color:#e8e8e8;border-radius:50%;\" aria-hidden=\"true\"><\/i><\/a><\/span><span><a href=\"mailto:?subject=Reflex%C3%B5es%20sobre%20a%20Arte%20Beuronense%20na%20Bas%C3%ADlica%20da%20Abadia%20de%20Conception&amp;body=https%3A%2F%2Fosb.org%2Fpt-br%2F2026%2F03%2F27%2Freflexoes-sobre-a-arte-beuronense-na-basilica-da-abadia-de-conception%2F\" target=\"_self\" title=\"Email\" aria-label=\"Email\"><i class=\"fusion-social-network-icon fusion-tooltip fusion-mail awb-icon-mail\" style=\"color:var(--awb-custom11);background-color:#e8e8e8;border-color:#e8e8e8;border-radius:50%;\" aria-hidden=\"true\"><\/i><\/a><\/span><\/div><\/div><\/div><\/div><\/div><div class=\"fusion-text fusion-text-4\" style=\"--awb-margin-top:10px;\"><p><em>O Reverend\u00edssimo Dom Benedict Neenan, OSB<\/em><br \/>\n<em>Abade da Abadia de Conception<\/em><br \/>\n<em>Conception, Missouri, EUA<\/em><\/p>\n<p>\u00c9 dif\u00edcil falar do Estilo Beuronense como uma entidade coerente quando, na verdade, havia alguns estilos que competiam pela \u201ccanoniza\u00e7\u00e3o\u201d em Beuron, e elementos entravam e sa\u00edam de moda. O movimento nunca conseguiu alcan\u00e7ar independ\u00eancia suficiente para realmente se qualificar como um \u201cestilo\u201d; sempre permaneceu a express\u00e3o dos indiv\u00edduos mais fortes da Escola de Arte Beuronense. Ainda assim, a obra da Escola Beuronense apresenta caracter\u00edsticas \u00fanicas e reconhec\u00edveis, e sua exist\u00eancia \u00e9 cada vez mais considerada significativa na hist\u00f3ria da arte do s\u00e9culo XIX.  <\/p>\n<p>Os tr\u00eas principais personagens no desenvolvimento da arte beuronense s\u00e3o os artistas Peter Lenz (mais tarde Pe. Desiderius) e Jacob W\u00fcger (mais tarde Ir. Gabriel) e o primeiro abade de Beuron, Maurus Wolter. Lenz e W\u00fcger foram formados em Munique e sofreram a influ\u00eancia do grupo dos Nazarenos em Roma. Esse grupo recebeu esse nome por sua maneira arcaica de se vestir, mas seu objetivo principal era revitalizar a arte crist\u00e3, especialmente em escala monumental. Eles estudaram os antigos mestres e procuraram reaprender as habilidades t\u00e9cnicas necess\u00e1rias para realizar grandes afrescos. Ao mesmo tempo, Lenz ficou fascinado pela arte eg\u00edpcia, que ent\u00e3o podia ser estudada depois que Napole\u00e3o trouxe de volta muitas pe\u00e7as de suas expedi\u00e7\u00f5es naquele pa\u00eds. Ele acreditava que a forma altamente estilizada de arte concebida pelos eg\u00edpcios se prestava melhor do que qualquer estilo posterior para expressar o ideal religioso. Lenz e W\u00fcger sonhavam em formar uma comunidade mon\u00e1stica de artistas, pois estavam convencidos de que, para fazer arte sacra, era preciso levar uma vida crist\u00e3 em comunidade. Seus planos elaborados nunca foram realizados, mas, em 1868, foram encarregados de construir e decorar uma pequena capela em honra de S\u00e3o Mauro, perto de Beuron, e ali conheceram o Abade Maurus, que tinha um sonho e uma vis\u00e3o pr\u00f3prios. Ele tamb\u00e9m esperava que a arte pudesse voltar a servir \u00e0 Igreja e queria que sua nova comunidade desempenhasse um papel no renascimento da arte eclesi\u00e1stica, assim como a Abadia de Solesmes, na Fran\u00e7a, havia desempenhado um papel no renascimento da m\u00fasica sacra. De fato, naqueles dias, muitas compara\u00e7\u00f5es foram feitas entre a arte beuronense e o canto gregoriano. Os tr\u00eas homens reuniram suas ideias \u2014 nem sempre com harmonia e concord\u00e2ncia \u2014 e a Escola de Arte em Beuron foi surgindo gradualmente. Coerentes com seus ideais, Lenz e W\u00fcger tornaram-se monges. Mas as ideias e os estilos art\u00edsticos dos dois eram muito diferentes: Lenz recorria quase exclusivamente a modelos eg\u00edpcios, e W\u00fcger favorecia as formas mais suaves dos Nazarenos. Por fim, o Abade Maurus interveio e decretou que a abordagem de W\u00fcger prevaleceria, pois considerava a arte eg\u00edpcia incapaz de expressar os sentimentos do cristianismo. Ainda assim, Lenz permaneceu como l\u00edder da escola, e sua influ\u00eancia \u00e9 evidente na arte que a escola produziu.              <\/p>\n<p>V\u00e1rios monges atuaram na escola de arte; alguns vieram a Beuron como artistas j\u00e1 proficientes, como Jan Verkade; outros, como Ildephons Kuhn e Hildebrand M\u00fcller, foram formados em Beuron. Trabalharam juntos em v\u00e1rias igrejas, incluindo a Torretta e a cripta em Monte Cassino, os mosteiros de Emaus e de S\u00e3o Gabriel em Praga, a igreja mon\u00e1stica em Seckau e a Igreja da Virgem em Stuttgart. O auge da reputa\u00e7\u00e3o dos artistas beuronenses foi provavelmente em 1905, quando foram o destaque de uma exposi\u00e7\u00e3o de arte de vanguarda em Viena. Artistas como C\u00e9zanne e Van Gogh conheciam a obra beuronense, e ela exerceu alguma influ\u00eancia sobre a escola francesa de artistas conhecida como Nabis. No entanto, ap\u00f3s os primeiros anos do s\u00e9culo XX, a escola passou a se concentrar mais em reprodu\u00e7\u00f5es e menos em encomendas originais, e, por fim, a vitalidade dos primeiros anos se esvaiu. A maioria dos historiadores da arte do in\u00edcio at\u00e9 meados do s\u00e9culo XX, quando mencionava a arte beuronense, descartava-a como uma tentativa desesperada e ing\u00eanua de resistir ao curso da arte moderna. Contudo, mais tarde no s\u00e9culo XX, historiadores da arte come\u00e7aram a reavaliar o estilo. Anton Henze o interpreta como uma antecipa\u00e7\u00e3o do s\u00e9culo XX, com o instinto de que arte e comunidade est\u00e3o conectadas. Harald Siebenmorgen considera a arte beuronense como uma das primeiras express\u00f5es do movimento abstrato que dominou a arte do s\u00e9culo XX.        <\/p>\n<p>Como caracterizar o estilo beuronense? O que seus proponentes buscavam alcan\u00e7ar? Joseph Kreitmaier o chama de um tipo de arte m\u00edstica que \u201cvela uma rica plenitude de mist\u00e9rio por tr\u00e1s da forma sens\u00edvel e obriga a mente do observador a recuar as cortinas dessas apar\u00eancias externas\u201d. Essa arte n\u00e3o pretende contar uma hist\u00f3ria, ensinar uma li\u00e7\u00e3o ou evocar uma emo\u00e7\u00e3o; pretende conduzir aqueles que a veem a um encontro com Deus. \u00c9 certo que, em qualquer \u00e9poca, certos atributos de Deus s\u00e3o enfatizados mais do que outros, e os artistas de Beuron eram t\u00edpicos do final do s\u00e9culo XIX. Se El Greco, outro artista m\u00edstico crist\u00e3o, usou formas abstratas que evocam um senso de temor crist\u00e3o para levar o observador ao encontro com Deus Juiz, os artistas beuronenses usaram formas que evocam um senso de adora\u00e7\u00e3o e convidam o observador a unir-se a essa adora\u00e7\u00e3o a Deus Rei.     <\/p>\n<h2>Murais Beuronenses<\/h2>\n<p><em>Da p\u00e1gina da Abadia de Conception<\/em><\/p>\n<p>Os murais da Bas\u00edlica s\u00e3o o aspecto mais marcante de sua decora\u00e7\u00e3o interna. S\u00e3o belos exemplos de um estilo de arte chamado beuronense. Mais importante, por\u00e9m, \u00e9 o fato de que os murais \u2014 assim como toda a decora\u00e7\u00e3o interna \u2014 foram executados pelos monges da Abadia de Conception. Tanto quanto o pr\u00f3prio edif\u00edcio, os murais testemunham as aspira\u00e7\u00f5es dos antepassados do mosteiro. Em 1892, tr\u00eas candidatos chegaram a Conception vindos do mosteiro de Beuron, no sudoeste da Alemanha, dois dos quais haviam estudado arte ali. Isso abriu caminho para a redecora\u00e7\u00e3o da Bas\u00edlica ap\u00f3s o reparo dos danos causados pelo tornado de 1893. O Abade Frowin escreveu: \u201cPor conselho do Pe. Lukas, estou pronto para pintar nossa igreja com a ajuda de nossos frades e irm\u00e3os&#8230; Para meu pesar, descobri que o arquiabade de Beuron n\u00e3o p\u00f4de nos atender emprestando um pintor de sua escola.\u201d (Di\u00e1rio, 17 de agosto de 1893)      <\/p>\n<p>A arte beuronense foi revolucion\u00e1ria para sua \u00e9poca e tamb\u00e9m caracter\u00edstica de seu tempo. Ela ofereceu uma abordagem estilizada, simplificada e hier\u00e1tica da arte, que ia contra a corrente das formas rom\u00e2nticas contempor\u00e2neas. Ainda assim, sua busca pelo puro e pelo ideal n\u00e3o \u00e9 diferente dos movimentos de renova\u00e7\u00e3o da liturgia e da m\u00fasica \u2014 e at\u00e9 de contrapartes n\u00e3o cat\u00f3licas e \u201cseculares\u201d, como os movimentos ut\u00f3picos ou, na literatura, o movimento transcendentalista. O Abade Frowin, tamb\u00e9m filho de seu tempo, buscava a simplicidade de um rom\u00e2nico \u201cpuro\u201d. N\u00e3o \u00e9 surpreendente que ele tenha visto a simplicidade \u201cpura\u201d da arte beuronense como uma decora\u00e7\u00e3o adequada para sua igreja.    <\/p>\n<p>Entre 1893 e 1897, v\u00e1rios monges de Conception \u2014 sobretudo Lukas Etlin (fal. 1927), Hildebrand Roseler (fal. 1923) e Ildephonse Kuhn (fal. 1921), sendo que os dois \u00faltimos haviam estudado arte em Beuron \u2014 redecoraram as paredes e o teto da igreja da Abadia principalmente \u00e0 maneira beuronense, mantendo elementos do est\u00eancil vitoriano original. Trata-se de uma curiosa anomalia, pois um dos c\u00e2nones beuronenses era que toda decora\u00e7\u00e3o deveria ser feita sem est\u00eancil. A de Conception foi a primeira igreja nos Estados Unidos decorada dessa forma. A pintura da abside da Imaculada Concei\u00e7\u00e3o \u00e9 uma obra original de Lukas Etlin. Os dezoito murais no eixo central s\u00e3o c\u00f3pias de 22 cenas do ciclo da Vida de Maria, pintadas na igreja da Abadia de Emaus, em Praga, Tch\u00e9quia, sob a dire\u00e7\u00e3o de Lenz, W\u00fcger e Steiner entre 1880 e 1887. W\u00fcger, que favorecia figuras menos estilizadas e tons mais suaves, foi o principal artista por tr\u00e1s desse projeto. A igreja de Emaus foi bombardeada e destru\u00edda por um inc\u00eandio em 1945, deixando os murais de Conception como talvez a r\u00e9plica mais completa dos originais de Emaus. Os quatro murais do transepto s\u00e3o cenas do ciclo da Vida de S\u00e3o Bento, originalmente pintadas na abadia de Monte Cassino, na It\u00e1lia. Executadas sob a dire\u00e7\u00e3o de Lenz e W\u00fcger entre 1876 e 1880, foram destru\u00eddas no bombardeio daquele mosteiro durante a Segunda Guerra Mundial.        <\/p>\n<\/div><div style=\"text-align:center;\"><a class=\"fusion-button button-flat fusion-button-default-size button-custom fusion-button-default button-1 fusion-button-span-yes fusion-button-default-type\" style=\"--awb-margin-top:10px;--button_accent_color:#ffffff;--button_accent_hover_color:#ffffff;--button_border_hover_color:#ffffff;--button_gradient_top_color:#1f7aa7;--button_gradient_bottom_color:#1f7aa7;--button_gradient_top_color_hover:#72cee0;--button_gradient_bottom_color_hover:#72cee0;\" target=\"_blank\" rel=\"noopener noreferrer\" href=\"http:\/\/www.conceptionabbey.org\/\"><span class=\"fusion-button-text awb-button__text awb-button__text--default\">Site da Abadia de Conception |EN|<\/span><\/a><\/div><div style=\"text-align:center;\"><a class=\"fusion-button button-flat fusion-button-default-size button-custom fusion-button-default button-2 fusion-button-span-yes fusion-button-default-type\" style=\"--awb-margin-top:10px;--button_accent_color:#ffffff;--button_accent_hover_color:#ffffff;--button_border_hover_color:#ffffff;--button_gradient_top_color:#1f7aa7;--button_gradient_bottom_color:#1f7aa7;--button_gradient_top_color_hover:#72cee0;--button_gradient_bottom_color_hover:#72cee0;\" target=\"_blank\" rel=\"noopener noreferrer\" href=\"https:\/\/en.wikipedia.org\/wiki\/Beuron_school\"><span class=\"fusion-button-text awb-button__text awb-button__text--default\">Escola de Beuron Wikip\u00e9dia |EN|IT|FR|DE|PT|<\/span><\/a><\/div><\/div><\/div><\/div><\/div><\/p>\n","protected":false},"excerpt":{"rendered":"<p>Os impressionantes murais beuronenses na Bas\u00edlica da Abadia de Conception foram os primeiros nos Estados Unidos, executados pelos pr\u00f3prios monges ap\u00f3s o tornado de 1893. Eles testemunham as aspira\u00e7\u00f5es do mosteiro e preservam uma r\u00e9plica dos originais destru\u00eddos.de Emaus, <\/p>\n","protected":false},"author":1,"featured_media":17321,"comment_status":"closed","ping_status":"closed","sticky":false,"template":"","format":"standard","meta":{"footnotes":""},"categories":[185],"tags":[400,376],"class_list":["post-17320","post","type-post","status-publish","format-standard","has-post-thumbnail","hentry","category-nexus-pt","tag-nexus-abril-2026-pt","tag-nexus-relatorio-mundial-beneditino-pt"],"cc_featured_image_caption":{"caption_text":false,"source_text":false,"source_url":false},"_links":{"self":[{"href":"https:\/\/osb.org\/pt-br\/wp-json\/wp\/v2\/posts\/17320","targetHints":{"allow":["GET"]}}],"collection":[{"href":"https:\/\/osb.org\/pt-br\/wp-json\/wp\/v2\/posts"}],"about":[{"href":"https:\/\/osb.org\/pt-br\/wp-json\/wp\/v2\/types\/post"}],"author":[{"embeddable":true,"href":"https:\/\/osb.org\/pt-br\/wp-json\/wp\/v2\/users\/1"}],"replies":[{"embeddable":true,"href":"https:\/\/osb.org\/pt-br\/wp-json\/wp\/v2\/comments?post=17320"}],"version-history":[{"count":0,"href":"https:\/\/osb.org\/pt-br\/wp-json\/wp\/v2\/posts\/17320\/revisions"}],"wp:featuredmedia":[{"embeddable":true,"href":"https:\/\/osb.org\/pt-br\/wp-json\/wp\/v2\/media\/17321"}],"wp:attachment":[{"href":"https:\/\/osb.org\/pt-br\/wp-json\/wp\/v2\/media?parent=17320"}],"wp:term":[{"taxonomy":"category","embeddable":true,"href":"https:\/\/osb.org\/pt-br\/wp-json\/wp\/v2\/categories?post=17320"},{"taxonomy":"post_tag","embeddable":true,"href":"https:\/\/osb.org\/pt-br\/wp-json\/wp\/v2\/tags?post=17320"}],"curies":[{"name":"wp","href":"https:\/\/api.w.org\/{rel}","templated":true}]}}