{"id":17096,"date":"2026-03-07T12:25:29","date_gmt":"2026-03-07T11:25:29","guid":{"rendered":"https:\/\/osb.org\/?p=17096"},"modified":"2026-04-01T09:45:57","modified_gmt":"2026-04-01T07:45:57","slug":"liturgia-sob-o-signo-da-diversidade-e-da-guerra-um-relato-do-kuwait","status":"publish","type":"post","link":"https:\/\/osb.org\/pt-br\/2026\/03\/07\/liturgia-sob-o-signo-da-diversidade-e-da-guerra-um-relato-do-kuwait\/","title":{"rendered":"Liturgia marcada pela diversidade \u2014 e pela guerra: uma reportagem do Kuwait"},"content":{"rendered":"<p><div class=\"fusion-fullwidth fullwidth-box fusion-builder-row-1 fusion-flex-container has-pattern-background has-mask-background hundred-percent-fullwidth non-hundred-percent-height-scrolling\" style=\"--awb-border-radius-top-left:0px;--awb-border-radius-top-right:0px;--awb-border-radius-bottom-right:0px;--awb-border-radius-bottom-left:0px;--awb-padding-right:60px;--awb-padding-bottom:0px;--awb-padding-left:60px;--awb-padding-right-small:30px;--awb-padding-left-small:30px;--awb-flex-wrap:wrap;\" ><div class=\"fusion-builder-row fusion-row fusion-flex-align-items-center fusion-flex-justify-content-flex-end fusion-flex-content-wrap\" style=\"width:calc( 100% + 60px ) !important;max-width:calc( 100% + 60px ) !important;margin-left: calc(-60px \/ 2 );margin-right: calc(-60px \/ 2 );\"><div class=\"fusion-layout-column fusion_builder_column fusion-builder-column-0 fusion_builder_column_1_2 1_2 fusion-flex-column\" style=\"--awb-padding-right:60px;--awb-padding-left:60px;--awb-padding-right-small:0px;--awb-padding-left-small:0px;--awb-bg-size:cover;--awb-width-large:50%;--awb-margin-top-large:0px;--awb-spacing-right-large:30px;--awb-margin-bottom-large:20px;--awb-spacing-left-large:30px;--awb-width-medium:100%;--awb-order-medium:0;--awb-margin-top-medium:20px;--awb-spacing-right-medium:30px;--awb-margin-bottom-medium:0px;--awb-spacing-left-medium:30px;--awb-width-small:100%;--awb-order-small:0;--awb-spacing-right-small:30px;--awb-spacing-left-small:30px;\"><div class=\"fusion-column-wrapper fusion-column-has-shadow fusion-flex-justify-content-flex-start fusion-content-layout-column\"><div class=\"fusion-title title fusion-title-1 fusion-sep-none fusion-title-text fusion-title-size-one\" style=\"--awb-text-color:var(--awb-custom13);--awb-margin-top-small:0px;--awb-margin-right-small:0px;--awb-margin-bottom-small:20px;--awb-margin-left-small:0px;--awb-font-size:40px;\"><h1 class=\"fusion-title-heading title-heading-left md-text-align-center fusion-responsive-typography-calculated\" style=\"font-family:var(--awb-typography1-font-family);font-weight:var(--awb-typography1-font-weight);font-style:var(--awb-typography1-font-style);margin:0;letter-spacing:var(--awb-typography1-letter-spacing);text-transform:var(--awb-typography1-text-transform);font-size:1em;--fontSize:40;line-height:var(--awb-typography1-line-height);\">Liturgia marcada pela diversidade \u2014 e pela guerra: uma reportagem do Kuwait<\/h1><\/div><div class=\"fusion-text fusion-text-1 fusion-no-small-visibility fusion-no-medium-visibility\" style=\"--awb-font-size:var(--awb-typography3-font-size);--awb-line-height:var(--awb-typography3-line-height);--awb-letter-spacing:var(--awb-typography3-letter-spacing);--awb-text-transform:var(--awb-typography3-text-transform);--awb-text-font-family:var(--awb-typography3-font-family);--awb-text-font-weight:var(--awb-typography3-font-weight);--awb-text-font-style:var(--awb-typography3-font-style);\"><p>A pedido do Bispo Dom Aldo Berardi, o Padre Stefan Geiger OSB e o Padre Benoit Alloggia OSB viajaram ao Kuwait para conduzir um curso de forma\u00e7\u00e3o para o clero. Retidos pelo s\u00fabito in\u00edcio da guerra, regressaram a Roma em 12 de mar\u00e7o de 2026, via Riade, Ar\u00e1bia Saudita.   <\/p>\n<\/div><\/div><\/div><div class=\"fusion-layout-column fusion_builder_column fusion-builder-column-1 fusion_builder_column_1_2 1_2 fusion-flex-column\" style=\"--awb-bg-size:cover;--awb-width-large:50%;--awb-margin-top-large:0px;--awb-spacing-right-large:30px;--awb-margin-bottom-large:0px;--awb-spacing-left-large:30px;--awb-width-medium:100%;--awb-order-medium:0;--awb-spacing-right-medium:30px;--awb-spacing-left-medium:30px;--awb-width-small:100%;--awb-order-small:0;--awb-spacing-right-small:30px;--awb-spacing-left-small:30px;\"><div class=\"fusion-column-wrapper fusion-column-has-shadow fusion-flex-justify-content-flex-start fusion-content-layout-column\"><div class=\"fusion-image-element \" style=\"--awb-caption-title-font-family:var(--h2_typography-font-family);--awb-caption-title-font-weight:var(--h2_typography-font-weight);--awb-caption-title-font-style:var(--h2_typography-font-style);--awb-caption-title-size:var(--h2_typography-font-size);--awb-caption-title-transform:var(--h2_typography-text-transform);--awb-caption-title-line-height:var(--h2_typography-line-height);--awb-caption-title-letter-spacing:var(--h2_typography-letter-spacing);\"><span class=\" fusion-imageframe imageframe-none imageframe-1 hover-type-none\" style=\"border:1px solid var(--awb-custom10);\"><a href=\"https:\/\/osb.org\/wp-content\/uploads\/2026\/03\/CourseParticipants-LiturgicalFormation.jpg\" class=\"fusion-lightbox\" data-rel=\"iLightbox[8ac6626138843b546ac]\" data-title=\"CourseParticipants LiturgicalFormation\" title=\"CourseParticipants LiturgicalFormation\"><img decoding=\"async\" width=\"1920\" height=\"1080\" src=\"https:\/\/osb.org\/wp-content\/uploads\/2026\/03\/CourseParticipants-LiturgicalFormation.jpg\" data-orig-src=\"https:\/\/osb.org\/wp-content\/uploads\/2026\/03\/CourseParticipants-LiturgicalFormation.jpg\" alt class=\"lazyload img-responsive wp-image-17095\" srcset=\"data:image\/svg+xml,%3Csvg%20xmlns%3D%27http%3A%2F%2Fwww.w3.org%2F2000%2Fsvg%27%20width%3D%271920%27%20height%3D%271080%27%20viewBox%3D%270%200%201920%201080%27%3E%3Crect%20width%3D%271920%27%20height%3D%271080%27%20fill-opacity%3D%220%22%2F%3E%3C%2Fsvg%3E\" data-srcset=\"https:\/\/osb.org\/wp-content\/uploads\/2026\/03\/CourseParticipants-LiturgicalFormation-200x113.jpg 200w, https:\/\/osb.org\/wp-content\/uploads\/2026\/03\/CourseParticipants-LiturgicalFormation-400x225.jpg 400w, https:\/\/osb.org\/wp-content\/uploads\/2026\/03\/CourseParticipants-LiturgicalFormation-600x338.jpg 600w, https:\/\/osb.org\/wp-content\/uploads\/2026\/03\/CourseParticipants-LiturgicalFormation-800x450.jpg 800w, https:\/\/osb.org\/wp-content\/uploads\/2026\/03\/CourseParticipants-LiturgicalFormation-1200x675.jpg 1200w, https:\/\/osb.org\/wp-content\/uploads\/2026\/03\/CourseParticipants-LiturgicalFormation.jpg 1920w\" data-sizes=\"auto\" data-orig-sizes=\"(max-width: 1024px) 100vw, (max-width: 640px) 100vw, 600px\" \/><\/a><\/span><\/div><div class=\"fusion-text fusion-text-2 fusion-text-no-margin\" style=\"--awb-font-size:var(--awb-typography5-font-size);--awb-line-height:var(--awb-typography5-line-height);--awb-letter-spacing:var(--awb-typography5-letter-spacing);--awb-text-transform:var(--awb-typography5-text-transform);--awb-text-color:var(--awb-custom11);--awb-margin-top:12px;--awb-margin-bottom:12px;--awb-text-font-family:var(--awb-typography5-font-family);--awb-text-font-weight:var(--awb-typography5-font-weight);--awb-text-font-style:var(--awb-typography5-font-style);\"><p>Your Content Goes Here<\/p>\n<\/div><\/div><\/div><div class=\"fusion-layout-column fusion_builder_column fusion-builder-column-2 fusion_builder_column_1_2 1_2 fusion-flex-column\" style=\"--awb-bg-size:cover;--awb-width-large:50%;--awb-margin-top-large:0px;--awb-spacing-right-large:30px;--awb-margin-bottom-large:0px;--awb-spacing-left-large:30px;--awb-width-medium:100%;--awb-order-medium:0;--awb-spacing-right-medium:30px;--awb-spacing-left-medium:30px;--awb-width-small:100%;--awb-order-small:0;--awb-spacing-right-small:30px;--awb-spacing-left-small:30px;\"><div class=\"fusion-column-wrapper fusion-column-has-shadow fusion-flex-justify-content-flex-start fusion-content-layout-column\"><div class=\"fusion-separator fusion-full-width-sep\" style=\"align-self: center;margin-left: auto;margin-right: auto;width:100%;\"><div class=\"fusion-separator-border sep-single sep-solid\" style=\"--awb-height:20px;--awb-amount:20px;--awb-sep-color:var(--awb-color4);border-color:var(--awb-color4);border-top-width:3px;\"><\/div><\/div><\/div><\/div><\/div><\/div><div class=\"fusion-fullwidth fullwidth-box fusion-builder-row-2 fusion-flex-container hundred-percent-fullwidth non-hundred-percent-height-scrolling\" style=\"--awb-border-radius-top-left:0px;--awb-border-radius-top-right:0px;--awb-border-radius-bottom-right:0px;--awb-border-radius-bottom-left:0px;--awb-padding-right:60px;--awb-padding-left:60px;--awb-padding-right-medium:60px;--awb-padding-left-medium:60px;--awb-padding-right-small:30px;--awb-padding-left-small:30px;--awb-margin-top-small:0px;--awb-flex-wrap:wrap;\" ><div class=\"fusion-builder-row fusion-row fusion-flex-align-items-flex-start fusion-flex-justify-content-center fusion-flex-content-wrap\" style=\"width:calc( 100% + 60px ) !important;max-width:calc( 100% + 60px ) !important;margin-left: calc(-60px \/ 2 );margin-right: calc(-60px \/ 2 );\"><div class=\"fusion-layout-column fusion_builder_column fusion-builder-column-3 fusion_builder_column_1_2 1_2 fusion-flex-column\" style=\"--awb-bg-size:cover;--awb-width-large:50%;--awb-margin-top-large:0px;--awb-spacing-right-large:30px;--awb-margin-bottom-large:20px;--awb-spacing-left-large:30px;--awb-width-medium:100%;--awb-order-medium:1;--awb-spacing-right-medium:30px;--awb-spacing-left-medium:30px;--awb-width-small:100%;--awb-order-small:1;--awb-spacing-right-small:30px;--awb-spacing-left-small:30px;\"><div class=\"fusion-column-wrapper fusion-column-has-shadow fusion-flex-justify-content-flex-start fusion-content-layout-column\"><div class=\"awb-gallery-wrapper awb-gallery-wrapper-1 button-span-no\" style=\"--more-btn-alignment:center;\"><div style=\"margin:-5px;--awb-bordersize:0px;\" class=\"fusion-gallery fusion-gallery-container fusion-grid-2 fusion-columns-total-10 fusion-gallery-layout-grid fusion-gallery-1\"><div style=\"padding:5px;\" class=\"fusion-grid-column fusion-gallery-column fusion-gallery-column-2 hover-type-none\"><div class=\"fusion-gallery-image\"><a href=\"https:\/\/osb.org\/wp-content\/uploads\/2026\/03\/Course-LiturgicalFormation.jpg\" rel=\"noreferrer\" data-rel=\"iLightbox[gallery_image_1]\" class=\"fusion-lightbox\" target=\"_self\"><img decoding=\"async\" src=\"https:\/\/osb.org\/wp-content\/uploads\/2026\/03\/Course-LiturgicalFormation.jpg\" data-orig-src=\"https:\/\/osb.org\/wp-content\/uploads\/2026\/03\/Course-LiturgicalFormation.jpg\" width=\"1920\" height=\"1080\" alt=\"\" title=\"Course LiturgicalFormation\" aria-label=\"Course LiturgicalFormation\" class=\"lazyload img-responsive wp-image-17085\" srcset=\"data:image\/svg+xml,%3Csvg%20xmlns%3D%27http%3A%2F%2Fwww.w3.org%2F2000%2Fsvg%27%20width%3D%271920%27%20height%3D%271080%27%20viewBox%3D%270%200%201920%201080%27%3E%3Crect%20width%3D%271920%27%20height%3D%271080%27%20fill-opacity%3D%220%22%2F%3E%3C%2Fsvg%3E\" data-srcset=\"https:\/\/osb.org\/wp-content\/uploads\/2026\/03\/Course-LiturgicalFormation-200x113.jpg 200w, https:\/\/osb.org\/wp-content\/uploads\/2026\/03\/Course-LiturgicalFormation-400x225.jpg 400w, https:\/\/osb.org\/wp-content\/uploads\/2026\/03\/Course-LiturgicalFormation-600x338.jpg 600w, https:\/\/osb.org\/wp-content\/uploads\/2026\/03\/Course-LiturgicalFormation-800x450.jpg 800w, https:\/\/osb.org\/wp-content\/uploads\/2026\/03\/Course-LiturgicalFormation-1200x675.jpg 1200w, https:\/\/osb.org\/wp-content\/uploads\/2026\/03\/Course-LiturgicalFormation.jpg 1920w\" data-sizes=\"auto\" data-orig-sizes=\"(min-width: 2200px) 100vw, (min-width: 712px) 548px, (min-width: 640px) 712px, \" \/><\/a><\/div><\/div><div style=\"padding:5px;\" class=\"fusion-grid-column fusion-gallery-column fusion-gallery-column-2 hover-type-none\"><div class=\"fusion-gallery-image\"><a href=\"https:\/\/osb.org\/wp-content\/uploads\/2026\/03\/Grotto-Holy-Family-Co-Cathedral-Kuwait.jpg\" rel=\"noreferrer\" data-rel=\"iLightbox[gallery_image_1]\" class=\"fusion-lightbox\" target=\"_self\"><img decoding=\"async\" src=\"https:\/\/osb.org\/wp-content\/uploads\/2026\/03\/Grotto-Holy-Family-Co-Cathedral-Kuwait.jpg\" data-orig-src=\"https:\/\/osb.org\/wp-content\/uploads\/2026\/03\/Grotto-Holy-Family-Co-Cathedral-Kuwait.jpg\" width=\"1920\" height=\"1080\" alt=\"\" title=\"Grotto Holy Family Co Cathedral Kuwait\" aria-label=\"Grotto Holy Family Co Cathedral Kuwait\" class=\"lazyload img-responsive wp-image-17086\" srcset=\"data:image\/svg+xml,%3Csvg%20xmlns%3D%27http%3A%2F%2Fwww.w3.org%2F2000%2Fsvg%27%20width%3D%271920%27%20height%3D%271080%27%20viewBox%3D%270%200%201920%201080%27%3E%3Crect%20width%3D%271920%27%20height%3D%271080%27%20fill-opacity%3D%220%22%2F%3E%3C%2Fsvg%3E\" data-srcset=\"https:\/\/osb.org\/wp-content\/uploads\/2026\/03\/Grotto-Holy-Family-Co-Cathedral-Kuwait-200x113.jpg 200w, https:\/\/osb.org\/wp-content\/uploads\/2026\/03\/Grotto-Holy-Family-Co-Cathedral-Kuwait-400x225.jpg 400w, https:\/\/osb.org\/wp-content\/uploads\/2026\/03\/Grotto-Holy-Family-Co-Cathedral-Kuwait-600x338.jpg 600w, https:\/\/osb.org\/wp-content\/uploads\/2026\/03\/Grotto-Holy-Family-Co-Cathedral-Kuwait-800x450.jpg 800w, https:\/\/osb.org\/wp-content\/uploads\/2026\/03\/Grotto-Holy-Family-Co-Cathedral-Kuwait-1200x675.jpg 1200w, https:\/\/osb.org\/wp-content\/uploads\/2026\/03\/Grotto-Holy-Family-Co-Cathedral-Kuwait.jpg 1920w\" data-sizes=\"auto\" data-orig-sizes=\"(min-width: 2200px) 100vw, (min-width: 712px) 548px, (min-width: 640px) 712px, \" \/><\/a><\/div><\/div><div class=\"clearfix\"><\/div><div style=\"padding:5px;\" class=\"fusion-grid-column fusion-gallery-column fusion-gallery-column-2 hover-type-none\"><div class=\"fusion-gallery-image\"><a href=\"https:\/\/osb.org\/wp-content\/uploads\/2026\/03\/Holy-Family-Co-Cathedral-Kuwait.jpg\" rel=\"noreferrer\" data-rel=\"iLightbox[gallery_image_1]\" class=\"fusion-lightbox\" target=\"_self\"><img decoding=\"async\" src=\"https:\/\/osb.org\/wp-content\/uploads\/2026\/03\/Holy-Family-Co-Cathedral-Kuwait.jpg\" data-orig-src=\"https:\/\/osb.org\/wp-content\/uploads\/2026\/03\/Holy-Family-Co-Cathedral-Kuwait.jpg\" width=\"1920\" height=\"1080\" alt=\"\" title=\"Holy Family Co Cathedral Kuwait\" aria-label=\"Holy Family Co Cathedral Kuwait\" class=\"lazyload img-responsive wp-image-17087\" srcset=\"data:image\/svg+xml,%3Csvg%20xmlns%3D%27http%3A%2F%2Fwww.w3.org%2F2000%2Fsvg%27%20width%3D%271920%27%20height%3D%271080%27%20viewBox%3D%270%200%201920%201080%27%3E%3Crect%20width%3D%271920%27%20height%3D%271080%27%20fill-opacity%3D%220%22%2F%3E%3C%2Fsvg%3E\" data-srcset=\"https:\/\/osb.org\/wp-content\/uploads\/2026\/03\/Holy-Family-Co-Cathedral-Kuwait-200x113.jpg 200w, https:\/\/osb.org\/wp-content\/uploads\/2026\/03\/Holy-Family-Co-Cathedral-Kuwait-400x225.jpg 400w, https:\/\/osb.org\/wp-content\/uploads\/2026\/03\/Holy-Family-Co-Cathedral-Kuwait-600x338.jpg 600w, https:\/\/osb.org\/wp-content\/uploads\/2026\/03\/Holy-Family-Co-Cathedral-Kuwait-800x450.jpg 800w, https:\/\/osb.org\/wp-content\/uploads\/2026\/03\/Holy-Family-Co-Cathedral-Kuwait-1200x675.jpg 1200w, https:\/\/osb.org\/wp-content\/uploads\/2026\/03\/Holy-Family-Co-Cathedral-Kuwait.jpg 1920w\" data-sizes=\"auto\" data-orig-sizes=\"(min-width: 2200px) 100vw, (min-width: 712px) 548px, (min-width: 640px) 712px, \" \/><\/a><\/div><\/div><div style=\"padding:5px;\" class=\"fusion-grid-column fusion-gallery-column fusion-gallery-column-2 hover-type-none\"><div class=\"fusion-gallery-image\"><a href=\"https:\/\/osb.org\/wp-content\/uploads\/2026\/03\/Holy-Family-Co-Cathedral-Kuwait1.jpg\" rel=\"noreferrer\" data-rel=\"iLightbox[gallery_image_1]\" class=\"fusion-lightbox\" target=\"_self\"><img decoding=\"async\" src=\"https:\/\/osb.org\/wp-content\/uploads\/2026\/03\/Holy-Family-Co-Cathedral-Kuwait1.jpg\" data-orig-src=\"https:\/\/osb.org\/wp-content\/uploads\/2026\/03\/Holy-Family-Co-Cathedral-Kuwait1.jpg\" width=\"1920\" height=\"1080\" alt=\"\" title=\"Holy Family Co Cathedral Kuwait(1)\" aria-label=\"Holy Family Co Cathedral Kuwait(1)\" class=\"lazyload img-responsive wp-image-17088\" srcset=\"data:image\/svg+xml,%3Csvg%20xmlns%3D%27http%3A%2F%2Fwww.w3.org%2F2000%2Fsvg%27%20width%3D%271920%27%20height%3D%271080%27%20viewBox%3D%270%200%201920%201080%27%3E%3Crect%20width%3D%271920%27%20height%3D%271080%27%20fill-opacity%3D%220%22%2F%3E%3C%2Fsvg%3E\" data-srcset=\"https:\/\/osb.org\/wp-content\/uploads\/2026\/03\/Holy-Family-Co-Cathedral-Kuwait1-200x113.jpg 200w, https:\/\/osb.org\/wp-content\/uploads\/2026\/03\/Holy-Family-Co-Cathedral-Kuwait1-400x225.jpg 400w, https:\/\/osb.org\/wp-content\/uploads\/2026\/03\/Holy-Family-Co-Cathedral-Kuwait1-600x338.jpg 600w, https:\/\/osb.org\/wp-content\/uploads\/2026\/03\/Holy-Family-Co-Cathedral-Kuwait1-800x450.jpg 800w, https:\/\/osb.org\/wp-content\/uploads\/2026\/03\/Holy-Family-Co-Cathedral-Kuwait1-1200x675.jpg 1200w, https:\/\/osb.org\/wp-content\/uploads\/2026\/03\/Holy-Family-Co-Cathedral-Kuwait1.jpg 1920w\" data-sizes=\"auto\" data-orig-sizes=\"(min-width: 2200px) 100vw, (min-width: 712px) 548px, (min-width: 640px) 712px, \" \/><\/a><\/div><\/div><div class=\"clearfix\"><\/div><div style=\"padding:5px;\" class=\"fusion-grid-column fusion-gallery-column fusion-gallery-column-2 hover-type-none\"><div class=\"fusion-gallery-image\"><a href=\"https:\/\/osb.org\/wp-content\/uploads\/2026\/03\/Holy-Family-Co-Cathedral-Kuwait2.jpg\" rel=\"noreferrer\" data-rel=\"iLightbox[gallery_image_1]\" class=\"fusion-lightbox\" target=\"_self\"><img decoding=\"async\" src=\"https:\/\/osb.org\/wp-content\/uploads\/2026\/03\/Holy-Family-Co-Cathedral-Kuwait2.jpg\" data-orig-src=\"https:\/\/osb.org\/wp-content\/uploads\/2026\/03\/Holy-Family-Co-Cathedral-Kuwait2.jpg\" width=\"1920\" height=\"1080\" alt=\"\" title=\"Holy Family Co Cathedral Kuwait(2)\" aria-label=\"Holy Family Co Cathedral Kuwait(2)\" class=\"lazyload img-responsive wp-image-17089\" srcset=\"data:image\/svg+xml,%3Csvg%20xmlns%3D%27http%3A%2F%2Fwww.w3.org%2F2000%2Fsvg%27%20width%3D%271920%27%20height%3D%271080%27%20viewBox%3D%270%200%201920%201080%27%3E%3Crect%20width%3D%271920%27%20height%3D%271080%27%20fill-opacity%3D%220%22%2F%3E%3C%2Fsvg%3E\" data-srcset=\"https:\/\/osb.org\/wp-content\/uploads\/2026\/03\/Holy-Family-Co-Cathedral-Kuwait2-200x113.jpg 200w, https:\/\/osb.org\/wp-content\/uploads\/2026\/03\/Holy-Family-Co-Cathedral-Kuwait2-400x225.jpg 400w, https:\/\/osb.org\/wp-content\/uploads\/2026\/03\/Holy-Family-Co-Cathedral-Kuwait2-600x338.jpg 600w, https:\/\/osb.org\/wp-content\/uploads\/2026\/03\/Holy-Family-Co-Cathedral-Kuwait2-800x450.jpg 800w, https:\/\/osb.org\/wp-content\/uploads\/2026\/03\/Holy-Family-Co-Cathedral-Kuwait2-1200x675.jpg 1200w, https:\/\/osb.org\/wp-content\/uploads\/2026\/03\/Holy-Family-Co-Cathedral-Kuwait2.jpg 1920w\" data-sizes=\"auto\" data-orig-sizes=\"(min-width: 2200px) 100vw, (min-width: 712px) 548px, (min-width: 640px) 712px, \" \/><\/a><\/div><\/div><div style=\"padding:5px;\" class=\"fusion-grid-column fusion-gallery-column fusion-gallery-column-2 hover-type-none\"><div class=\"fusion-gallery-image\"><a href=\"https:\/\/osb.org\/wp-content\/uploads\/2026\/03\/Holy-Family-Co-Cathedral-Kuwait3.jpg\" rel=\"noreferrer\" data-rel=\"iLightbox[gallery_image_1]\" class=\"fusion-lightbox\" target=\"_self\"><img decoding=\"async\" src=\"https:\/\/osb.org\/wp-content\/uploads\/2026\/03\/Holy-Family-Co-Cathedral-Kuwait3.jpg\" data-orig-src=\"https:\/\/osb.org\/wp-content\/uploads\/2026\/03\/Holy-Family-Co-Cathedral-Kuwait3.jpg\" width=\"1920\" height=\"1080\" alt=\"\" title=\"Holy Family Co Cathedral Kuwait(3)\" aria-label=\"Holy Family Co Cathedral Kuwait(3)\" class=\"lazyload img-responsive wp-image-17090\" srcset=\"data:image\/svg+xml,%3Csvg%20xmlns%3D%27http%3A%2F%2Fwww.w3.org%2F2000%2Fsvg%27%20width%3D%271920%27%20height%3D%271080%27%20viewBox%3D%270%200%201920%201080%27%3E%3Crect%20width%3D%271920%27%20height%3D%271080%27%20fill-opacity%3D%220%22%2F%3E%3C%2Fsvg%3E\" data-srcset=\"https:\/\/osb.org\/wp-content\/uploads\/2026\/03\/Holy-Family-Co-Cathedral-Kuwait3-200x113.jpg 200w, https:\/\/osb.org\/wp-content\/uploads\/2026\/03\/Holy-Family-Co-Cathedral-Kuwait3-400x225.jpg 400w, https:\/\/osb.org\/wp-content\/uploads\/2026\/03\/Holy-Family-Co-Cathedral-Kuwait3-600x338.jpg 600w, https:\/\/osb.org\/wp-content\/uploads\/2026\/03\/Holy-Family-Co-Cathedral-Kuwait3-800x450.jpg 800w, https:\/\/osb.org\/wp-content\/uploads\/2026\/03\/Holy-Family-Co-Cathedral-Kuwait3-1200x675.jpg 1200w, https:\/\/osb.org\/wp-content\/uploads\/2026\/03\/Holy-Family-Co-Cathedral-Kuwait3.jpg 1920w\" data-sizes=\"auto\" data-orig-sizes=\"(min-width: 2200px) 100vw, (min-width: 712px) 548px, (min-width: 640px) 712px, \" \/><\/a><\/div><\/div><div class=\"clearfix\"><\/div><div style=\"padding:5px;\" class=\"fusion-grid-column fusion-gallery-column fusion-gallery-column-2 hover-type-none\"><div class=\"fusion-gallery-image\"><a href=\"https:\/\/osb.org\/wp-content\/uploads\/2026\/03\/Mass-for-Peace2.jpg\" rel=\"noreferrer\" data-rel=\"iLightbox[gallery_image_1]\" class=\"fusion-lightbox\" target=\"_self\"><img decoding=\"async\" src=\"https:\/\/osb.org\/wp-content\/uploads\/2026\/03\/Mass-for-Peace2.jpg\" data-orig-src=\"https:\/\/osb.org\/wp-content\/uploads\/2026\/03\/Mass-for-Peace2.jpg\" width=\"1920\" height=\"1079\" alt=\"\" title=\"Mass for Peace(2)\" aria-label=\"Mass for Peace(2)\" class=\"lazyload img-responsive wp-image-17091\" srcset=\"data:image\/svg+xml,%3Csvg%20xmlns%3D%27http%3A%2F%2Fwww.w3.org%2F2000%2Fsvg%27%20width%3D%271920%27%20height%3D%271079%27%20viewBox%3D%270%200%201920%201079%27%3E%3Crect%20width%3D%271920%27%20height%3D%271079%27%20fill-opacity%3D%220%22%2F%3E%3C%2Fsvg%3E\" data-srcset=\"https:\/\/osb.org\/wp-content\/uploads\/2026\/03\/Mass-for-Peace2-200x112.jpg 200w, https:\/\/osb.org\/wp-content\/uploads\/2026\/03\/Mass-for-Peace2-400x225.jpg 400w, https:\/\/osb.org\/wp-content\/uploads\/2026\/03\/Mass-for-Peace2-600x337.jpg 600w, https:\/\/osb.org\/wp-content\/uploads\/2026\/03\/Mass-for-Peace2-800x450.jpg 800w, https:\/\/osb.org\/wp-content\/uploads\/2026\/03\/Mass-for-Peace2-1200x674.jpg 1200w, https:\/\/osb.org\/wp-content\/uploads\/2026\/03\/Mass-for-Peace2.jpg 1920w\" data-sizes=\"auto\" data-orig-sizes=\"(min-width: 2200px) 100vw, (min-width: 712px) 548px, (min-width: 640px) 712px, \" \/><\/a><\/div><\/div><div style=\"padding:5px;\" class=\"fusion-grid-column fusion-gallery-column fusion-gallery-column-2 hover-type-none\"><div class=\"fusion-gallery-image\"><a href=\"https:\/\/osb.org\/wp-content\/uploads\/2026\/03\/Mass-for-Peace3.jpg\" rel=\"noreferrer\" data-rel=\"iLightbox[gallery_image_1]\" class=\"fusion-lightbox\" target=\"_self\"><img decoding=\"async\" src=\"https:\/\/osb.org\/wp-content\/uploads\/2026\/03\/Mass-for-Peace3.jpg\" data-orig-src=\"https:\/\/osb.org\/wp-content\/uploads\/2026\/03\/Mass-for-Peace3.jpg\" width=\"1920\" height=\"1079\" alt=\"\" title=\"Mass for Peace(3)\" aria-label=\"Mass for Peace(3)\" class=\"lazyload img-responsive wp-image-17092\" srcset=\"data:image\/svg+xml,%3Csvg%20xmlns%3D%27http%3A%2F%2Fwww.w3.org%2F2000%2Fsvg%27%20width%3D%271920%27%20height%3D%271079%27%20viewBox%3D%270%200%201920%201079%27%3E%3Crect%20width%3D%271920%27%20height%3D%271079%27%20fill-opacity%3D%220%22%2F%3E%3C%2Fsvg%3E\" data-srcset=\"https:\/\/osb.org\/wp-content\/uploads\/2026\/03\/Mass-for-Peace3-200x112.jpg 200w, https:\/\/osb.org\/wp-content\/uploads\/2026\/03\/Mass-for-Peace3-400x225.jpg 400w, https:\/\/osb.org\/wp-content\/uploads\/2026\/03\/Mass-for-Peace3-600x337.jpg 600w, https:\/\/osb.org\/wp-content\/uploads\/2026\/03\/Mass-for-Peace3-800x450.jpg 800w, https:\/\/osb.org\/wp-content\/uploads\/2026\/03\/Mass-for-Peace3-1200x674.jpg 1200w, https:\/\/osb.org\/wp-content\/uploads\/2026\/03\/Mass-for-Peace3.jpg 1920w\" data-sizes=\"auto\" data-orig-sizes=\"(min-width: 2200px) 100vw, (min-width: 712px) 548px, (min-width: 640px) 712px, \" \/><\/a><\/div><\/div><div class=\"clearfix\"><\/div><div style=\"padding:5px;\" class=\"fusion-grid-column fusion-gallery-column fusion-gallery-column-2 hover-type-none\"><div class=\"fusion-gallery-image\"><a href=\"https:\/\/osb.org\/wp-content\/uploads\/2026\/03\/Minor-Basilika-Our-Lady-of-Arabia-Kuwait1.jpg\" rel=\"noreferrer\" data-rel=\"iLightbox[gallery_image_1]\" class=\"fusion-lightbox\" target=\"_self\"><img decoding=\"async\" src=\"https:\/\/osb.org\/wp-content\/uploads\/2026\/03\/Minor-Basilika-Our-Lady-of-Arabia-Kuwait1.jpg\" data-orig-src=\"https:\/\/osb.org\/wp-content\/uploads\/2026\/03\/Minor-Basilika-Our-Lady-of-Arabia-Kuwait1.jpg\" width=\"1920\" height=\"1080\" alt=\"\" title=\"Minor Basilika Our Lady of Arabia Kuwait(1)\" aria-label=\"Minor Basilika Our Lady of Arabia Kuwait(1)\" class=\"lazyload img-responsive wp-image-17093\" srcset=\"data:image\/svg+xml,%3Csvg%20xmlns%3D%27http%3A%2F%2Fwww.w3.org%2F2000%2Fsvg%27%20width%3D%271920%27%20height%3D%271080%27%20viewBox%3D%270%200%201920%201080%27%3E%3Crect%20width%3D%271920%27%20height%3D%271080%27%20fill-opacity%3D%220%22%2F%3E%3C%2Fsvg%3E\" data-srcset=\"https:\/\/osb.org\/wp-content\/uploads\/2026\/03\/Minor-Basilika-Our-Lady-of-Arabia-Kuwait1-200x113.jpg 200w, https:\/\/osb.org\/wp-content\/uploads\/2026\/03\/Minor-Basilika-Our-Lady-of-Arabia-Kuwait1-400x225.jpg 400w, https:\/\/osb.org\/wp-content\/uploads\/2026\/03\/Minor-Basilika-Our-Lady-of-Arabia-Kuwait1-600x338.jpg 600w, https:\/\/osb.org\/wp-content\/uploads\/2026\/03\/Minor-Basilika-Our-Lady-of-Arabia-Kuwait1-800x450.jpg 800w, https:\/\/osb.org\/wp-content\/uploads\/2026\/03\/Minor-Basilika-Our-Lady-of-Arabia-Kuwait1-1200x675.jpg 1200w, https:\/\/osb.org\/wp-content\/uploads\/2026\/03\/Minor-Basilika-Our-Lady-of-Arabia-Kuwait1.jpg 1920w\" data-sizes=\"auto\" data-orig-sizes=\"(min-width: 2200px) 100vw, (min-width: 712px) 548px, (min-width: 640px) 712px, \" \/><\/a><\/div><\/div><div style=\"padding:5px;\" class=\"fusion-grid-column fusion-gallery-column fusion-gallery-column-2 hover-type-none\"><div class=\"fusion-gallery-image\"><a href=\"https:\/\/osb.org\/wp-content\/uploads\/2026\/03\/Mass-for-Peace.jpg\" rel=\"noreferrer\" data-rel=\"iLightbox[gallery_image_1]\" class=\"fusion-lightbox\" target=\"_self\"><img decoding=\"async\" src=\"https:\/\/osb.org\/wp-content\/uploads\/2026\/03\/Mass-for-Peace.jpg\" data-orig-src=\"https:\/\/osb.org\/wp-content\/uploads\/2026\/03\/Mass-for-Peace.jpg\" width=\"1280\" height=\"1920\" alt=\"\" title=\"Mass for Peace\" aria-label=\"Mass for Peace\" class=\"lazyload img-responsive wp-image-17094\" srcset=\"data:image\/svg+xml,%3Csvg%20xmlns%3D%27http%3A%2F%2Fwww.w3.org%2F2000%2Fsvg%27%20width%3D%271280%27%20height%3D%271920%27%20viewBox%3D%270%200%201280%201920%27%3E%3Crect%20width%3D%271280%27%20height%3D%271920%27%20fill-opacity%3D%220%22%2F%3E%3C%2Fsvg%3E\" data-srcset=\"https:\/\/osb.org\/wp-content\/uploads\/2026\/03\/Mass-for-Peace-200x300.jpg 200w, https:\/\/osb.org\/wp-content\/uploads\/2026\/03\/Mass-for-Peace-400x600.jpg 400w, https:\/\/osb.org\/wp-content\/uploads\/2026\/03\/Mass-for-Peace-600x900.jpg 600w, https:\/\/osb.org\/wp-content\/uploads\/2026\/03\/Mass-for-Peace-800x1200.jpg 800w, https:\/\/osb.org\/wp-content\/uploads\/2026\/03\/Mass-for-Peace-1200x1800.jpg 1200w, https:\/\/osb.org\/wp-content\/uploads\/2026\/03\/Mass-for-Peace.jpg 1280w\" data-sizes=\"auto\" data-orig-sizes=\"(min-width: 2200px) 100vw, (min-width: 712px) 548px, (min-width: 640px) 712px, \" \/><\/a><\/div><\/div><div class=\"clearfix\"><\/div><\/div><\/div><\/div><\/div><div class=\"fusion-layout-column fusion_builder_column fusion-builder-column-4 fusion_builder_column_1_2 1_2 fusion-flex-column\" style=\"--awb-bg-blend:overlay;--awb-bg-size:cover;--awb-width-large:50%;--awb-margin-top-large:0px;--awb-spacing-right-large:30px;--awb-margin-bottom-large:20px;--awb-spacing-left-large:30px;--awb-width-medium:75%;--awb-order-medium:0;--awb-spacing-right-medium:30px;--awb-spacing-left-medium:30px;--awb-width-small:100%;--awb-order-small:0;--awb-spacing-right-small:30px;--awb-spacing-left-small:30px;\"><div class=\"fusion-column-wrapper fusion-flex-justify-content-flex-start fusion-content-layout-column\"><div class=\"fusion-builder-row fusion-builder-row-inner fusion-row fusion-flex-align-items-flex-start fusion-flex-justify-content-center fusion-flex-content-wrap\" style=\"--awb-flex-grow:0;--awb-flex-grow-medium:0;--awb-flex-grow-small:0;--awb-flex-shrink:0;--awb-flex-shrink-medium:0;--awb-flex-shrink-small:0;width:calc( 100% + 60px ) !important;max-width:calc( 100% + 60px ) !important;margin-left: calc(-60px \/ 2 );margin-right: calc(-60px \/ 2 );\"><div class=\"fusion-layout-column fusion_builder_column_inner fusion-builder-nested-column-0 fusion_builder_column_inner_1_2 1_2 fusion-flex-column fusion-flex-align-self-center\" style=\"--awb-bg-size:cover;--awb-width-large:50%;--awb-margin-top-large:0px;--awb-spacing-right-large:30px;--awb-margin-bottom-large:0px;--awb-spacing-left-large:30px;--awb-width-medium:50%;--awb-order-medium:0;--awb-spacing-right-medium:30px;--awb-spacing-left-medium:30px;--awb-width-small:100%;--awb-order-small:1;--awb-spacing-right-small:30px;--awb-margin-bottom-small:20px;--awb-spacing-left-small:30px;\"><div class=\"fusion-column-wrapper fusion-column-has-shadow fusion-flex-justify-content-center fusion-content-layout-column\"><div class=\"fusion-text fusion-text-3 fusion-text-no-margin\" style=\"--awb-font-size:var(--awb-typography5-font-size);--awb-line-height:var(--awb-typography5-line-height);--awb-letter-spacing:var(--awb-typography5-letter-spacing);--awb-text-transform:var(--awb-typography5-text-transform);--awb-text-color:var(--awb-custom11);--awb-margin-top:0px;--awb-margin-right:0px;--awb-margin-bottom:0px;--awb-margin-left:0px;--awb-text-font-family:var(--awb-typography5-font-family);--awb-text-font-weight:var(--awb-typography5-font-weight);--awb-text-font-style:var(--awb-typography5-font-style);\"><p>7 mar\u00e7o 2026<\/p>\n<\/div><\/div><\/div><div class=\"fusion-layout-column fusion_builder_column_inner fusion-builder-nested-column-1 fusion_builder_column_inner_1_2 1_2 fusion-flex-column fusion-flex-align-self-center\" style=\"--awb-bg-size:cover;--awb-width-large:50%;--awb-margin-top-large:0px;--awb-spacing-right-large:30px;--awb-margin-bottom-large:0px;--awb-spacing-left-large:30px;--awb-width-medium:50%;--awb-order-medium:0;--awb-spacing-right-medium:30px;--awb-spacing-left-medium:30px;--awb-width-small:100%;--awb-order-small:0;--awb-margin-top-small:0px;--awb-spacing-right-small:30px;--awb-spacing-left-small:30px;\"><div class=\"fusion-column-wrapper fusion-column-has-shadow fusion-flex-justify-content-center fusion-content-layout-column\"><div class=\"fusion-sharing-box fusion-sharing-box-1 boxed-icons\" style=\"background-color:var(--awb-color1);border-color:var(--awb-color1);--awb-margin-top:0px;--awb-margin-right:0px;--awb-margin-bottom:0px;--awb-margin-left:0px;--awb-wrapper-padding-top:0px;--awb-wrapper-padding-right:0px;--awb-wrapper-padding-bottom:0px;--awb-wrapper-padding-left:0px;--awb-padding-top:0px;--awb-padding-right:0px;--awb-padding-bottom:0px;--awb-padding-left:0px;--awb-border-top:0px;--awb-border-right:0px;--awb-border-bottom:0px;--awb-border-left:0px;--awb-icon-size:12px;--awb-separator-border-color:#cccccc;--awb-separator-border-sizes:0px;--awb-stacked-align:flex-end;--awb-layout:row;--awb-alignment-small:flex-end;--awb-stacked-align-small:center;\" data-title=\"Liturgia marcada pela diversidade \u2014 e pela guerra: uma reportagem do Kuwait\" data-description=\"Your Content Goes Here  Your Content Goes Here            \r\n\r\nPadre Stefan Geiger OSB \r\nPresidente\r\nPontif\u00edcio Instituto de Liturgia\r\nAteneo Sant&#039;Anselmo\r\n\r\nH\u00e1 algum tempo, Dom Aldo Berardi, Vig\u00e1rio Apost\u00f3lico da Ar\u00e1bia Setentrional, solicitou ao Pontif\u00edcio Instituto\" data-link=\"https:\/\/osb.org\/pt-br\/2026\/03\/07\/liturgia-sob-o-signo-da-diversidade-e-da-guerra-um-relato-do-kuwait\/\"><div class=\"fusion-social-networks sharingbox-shortcode-icon-wrapper sharingbox-shortcode-icon-wrapper-1 boxed-icons\"><span><a href=\"https:\/\/www.facebook.com\/sharer.php?u=https%3A%2F%2Fosb.org%2Fpt-br%2F2026%2F03%2F07%2Fliturgia-sob-o-signo-da-diversidade-e-da-guerra-um-relato-do-kuwait%2F&amp;t=Liturgia%20marcada%20pela%20diversidade%20%E2%80%94%20e%20pela%20guerra%3A%20uma%20reportagem%20do%20Kuwait\" target=\"_blank\" rel=\"noreferrer\" title=\"Facebook\" aria-label=\"Facebook\"><i class=\"fusion-social-network-icon fusion-tooltip fusion-facebook awb-icon-facebook\" style=\"color:var(--awb-custom11);background-color:#e8e8e8;border-color:#e8e8e8;border-radius:50%;\" aria-hidden=\"true\"><\/i><\/a><\/span><span><a href=\"https:\/\/x.com\/intent\/post?text=Liturgia%20marcada%20pela%20diversidade%20%E2%80%94%20e%20pela%20guerra%3A%20uma%20reportagem%20do%20Kuwait&amp;url=https%3A%2F%2Fosb.org%2Fpt-br%2F2026%2F03%2F07%2Fliturgia-sob-o-signo-da-diversidade-e-da-guerra-um-relato-do-kuwait%2F\" target=\"_blank\" rel=\"noopener noreferrer\" title=\"X\" aria-label=\"X\"><i class=\"fusion-social-network-icon fusion-tooltip fusion-twitter awb-icon-twitter\" style=\"color:var(--awb-custom11);background-color:#e8e8e8;border-color:#e8e8e8;border-radius:50%;\" aria-hidden=\"true\"><\/i><\/a><\/span><span><a href=\"https:\/\/api.whatsapp.com\/send?text=https%3A%2F%2Fosb.org%2Fpt-br%2F2026%2F03%2F07%2Fliturgia-sob-o-signo-da-diversidade-e-da-guerra-um-relato-do-kuwait%2F\" target=\"_blank\" rel=\"noopener noreferrer\" title=\"WhatsApp\" aria-label=\"WhatsApp\"><i class=\"fusion-social-network-icon fusion-tooltip fusion-whatsapp awb-icon-whatsapp\" style=\"color:var(--awb-custom11);background-color:#e8e8e8;border-color:#e8e8e8;border-radius:50%;\" aria-hidden=\"true\"><\/i><\/a><\/span><span><a href=\"mailto:?subject=Liturgia%20marcada%20pela%20diversidade%20%E2%80%94%20e%20pela%20guerra%3A%20uma%20reportagem%20do%20Kuwait&amp;body=https%3A%2F%2Fosb.org%2Fpt-br%2F2026%2F03%2F07%2Fliturgia-sob-o-signo-da-diversidade-e-da-guerra-um-relato-do-kuwait%2F\" target=\"_self\" title=\"Email\" aria-label=\"Email\"><i class=\"fusion-social-network-icon fusion-tooltip fusion-mail awb-icon-mail\" style=\"color:var(--awb-custom11);background-color:#e8e8e8;border-color:#e8e8e8;border-radius:50%;\" aria-hidden=\"true\"><\/i><\/a><\/span><\/div><\/div><\/div><\/div><\/div><div class=\"fusion-text fusion-text-4\" style=\"--awb-margin-top:10px;\"><p><em>Padre Stefan Geiger OSB <\/em><br \/>\n<em>Presidente<\/em><br \/>\n<em>Pontif\u00edcio Instituto de Liturgia<\/em><br \/>\n<em>Ateneo Sant'Anselmo<\/em><\/p>\n<p>H\u00e1 algum tempo, Dom Aldo Berardi, Vig\u00e1rio Apost\u00f3lico da Ar\u00e1bia Setentrional, solicitou ao Pontif\u00edcio Instituto de Liturgia um curso de forma\u00e7\u00e3o continuada para o seu clero. Agora chegamos \u2014 e, por enquanto, n\u00e3o podemos sair. Juntamente com o nosso Mestre de H\u00f3spedes, o Padre Benoit Alloggia OSB, viajei ao Kuwait para este curso; estavam previstos outros tr\u00eas dias no Bahrein. No entanto, no s\u00e1bado, quando j\u00e1 est\u00e1vamos no avi\u00e3o em dire\u00e7\u00e3o \u00e0 pista de decolagem, come\u00e7aram os primeiros ataques. Desde ent\u00e3o, o espa\u00e7o a\u00e9reo permanece fechado.     <\/p>\n<p>O Vicariato Apost\u00f3lico da Ar\u00e1bia Setentrional (<em>Vicariatus Apostolicus Arabiae Septentrionalis<\/em>) abrange os estados \u00e1rabes do Kuwait, Bahrein, Catar e Ar\u00e1bia Saudita. De acordo com os seus pr\u00f3prios dados, assiste cerca de 2,2 milh\u00f5es de cat\u00f3licos \u2014 quase exclusivamente expatriados de todo o mundo. Aproximadamente 80% dos fi\u00e9is pertencem ao rito latino, enquanto as Igrejas Orientais tamb\u00e9m s\u00e3o particularmente vis\u00edveis, especialmente atrav\u00e9s das suas liturgias: siro-malabar, maronita, caldeia e outras tradi\u00e7\u00f5es orientais. Na Ar\u00e1bia Saudita, qualquer pr\u00e1tica p\u00fablica da f\u00e9 \u00e9 proibida; l\u00e1 n\u00e3o existem igrejas nem par\u00f3quias.   <\/p>\n<p>Toda a regi\u00e3o do Golfo foi arrastada para um conflito que n\u00e3o \u00e9 o seu. Os alertas de m\u00edsseis fazem agora parte da vida quotidiana; a defesa militar funciona bem e de forma eficiente. No entanto, a atmosfera \u00e9 caracterizada menos pela ret\u00f3rica de guerra do que por uma ansiedade latente e silenciosa: quanto tempo isto ir\u00e1 durar? At\u00e9 onde se estender\u00e1? E, no entanto \u2014 a Igreja est\u00e1 viva. Esta \u00e9, talvez, a impress\u00e3o mais comovente destes dias. Fomos calorosamente recebidos na Par\u00f3quia da Concatedral da Sagrada Fam\u00edlia, na Cidade do Kuwait; nada nos falta.      <\/p>\n<p>O curso em si foi teologicamente denso e vibrante. No seu cerne estava uma quest\u00e3o que aqui \u00e9 tudo menos acad\u00e9mica: como \u00e9 que tu celebras a Liturgia com uma comunidade que cresceu unida a partir de tantas culturas e ritos? Como celebras a Liturgia num contexto que n\u00e3o \u00e9 o teu? Os fi\u00e9is s\u00e3o trabalhadores migrantes da \u00cdndia, Filipinas, Egito e L\u00edbano \u2014 pessoas que muitas vezes vivem aqui apenas temporariamente e que, no entanto, formam uma comunidade notavelmente viva. O clero, predominantemente sacerdotes mission\u00e1rios da \u00cdndia e das Filipinas, representa v\u00e1rios ritos e sabe o que est\u00e1 em jogo: para estas pessoas, o rito e a piedade n\u00e3o s\u00e3o apenas h\u00e1bitos devotos, mas um lar. Os filipinos trazem as suas diversas formas de piedade popular; os indianos descal\u00e7am os sapatos antes de oferecerem as suas ora\u00e7\u00f5es na gruta de Lourdes, no \u00e1trio da Co-Catedral. Preservar estas formas da p\u00e1tria e, ao mesmo tempo, integr\u00e1-las numa celebra\u00e7\u00e3o comum \u00e9 a verdadeira tarefa lit\u00fargico-pastoral a que o Bispo Dom Berardi e o seu clero se dedicam com grande seriedade.      <\/p>\n<p>Que isto n\u00e3o seja algo garantido \u00e9 demonstrado com particular clareza pela situa\u00e7\u00e3o destes dias. Perante o conflito, as reuni\u00f5es p\u00fablicas foram proibidas, embora, passados alguns dias, a igreja tenha sido autorizada a permanecer aberta para a ora\u00e7\u00e3o pessoal. As Missas deste fim de semana \u2014 sendo a sexta-feira o feriado isl\u00e2mico e, portanto, o dia da liturgia dominical \u2014 realizam-se atrav\u00e9s de transmiss\u00e3o em direto. N\u00f3s tamb\u00e9m estamos envolvidos nas atividades pastorais, seja na celebra\u00e7\u00e3o da Missa ou na escuta de confiss\u00f5es. Fiquei particularmente impressionado com o trabalho dos Salesianos num bairro da Cidade do Kuwait, onde residem principalmente expatriados. Ali gerem uma par\u00f3quia que n\u00e3o foi oficialmente autorizada, mas que \u00e9 tolerada. Na sexta-feira antes do ataque, pudemos viver uma manh\u00e3 normal, onde habitualmente entre 800 a 1.000 crian\u00e7as chegam primeiro para as aulas de catequese. Estas realizam-se em muitas salas de aula, divididas por grupos de idade, desde alunos do ensino b\u00e1sico at\u00e9 jovens em prepara\u00e7\u00e3o para o sacramento da Confirma\u00e7\u00e3o. Um grande n\u00famero de catequistas dedica-se com empenho e compet\u00eancia \u00e0 transmiss\u00e3o da f\u00e9. O encerramento \u00e9 a celebra\u00e7\u00e3o eucar\u00edstica comunit\u00e1ria \u2014 uma festa da f\u00e9 onde se torna vis\u00edvel que a presen\u00e7a de Deus fortalece e cria identidade. \u00c9 um movimento colorido e animado que sobrecarrega ao primeiro olhar, mas um olhar mais atento revela uma coisa: que a f\u00e9 aqui \u00e9 mais do que folclore. Ela sustenta. Cria comunidade, precisamente onde tu \u00e9s um estrangeiro.            <\/p>\n<p>Como beneditinos, falamos frequentemente de hospitalidade \u2014 ela pertence \u00e0s pedras angulares da espiritualidade beneditina, tal como expressa <em>A Regra de S\u00e3o Bento<\/em>. Aqui no Kuwait, estamo-la a vivenciar verdadeiramente, e talvez seja precisamente aqui que se torna claro porque \u00e9 que a hospitalidade era t\u00e3o importante para S\u00e3o Bento, como ess\u00eancia da exist\u00eancia crist\u00e3. Bento nos pede para receber Cristo em cada h\u00f3spede \u2014 e assim a presen\u00e7a de Deus torna-se uma realidade concreta entre n\u00f3s. Desde a comunidade de sacerdotes na par\u00f3quia da Co-Catedral que nos acolheu, at\u00e9 aos crist\u00e3os que encontramos nestes dias: pessoas que est\u00e3o elas pr\u00f3prias numa situa\u00e7\u00e3o incerta e que, no entanto, d\u00e3o o que t\u00eam. No Kuwait, estou a vivenciar como uma igreja de estrangeiros \u2014 <em>ecclesia peregrinans<\/em> no sentido literal \u2014 vive exatamente este esp\u00edrito: enraizada na ora\u00e7\u00e3o, hospitaleira e notavelmente cheia de esperan\u00e7a.    <\/p>\n<\/div><div style=\"text-align:center;\"><a class=\"fusion-button button-flat fusion-button-default-size button-custom fusion-button-default button-1 fusion-button-span-yes fusion-button-default-type\" style=\"--awb-margin-top:10px;--button_accent_color:#ffffff;--button_accent_hover_color:#ffffff;--button_border_hover_color:#ffffff;--button_gradient_top_color:#1f7aa7;--button_gradient_bottom_color:#1f7aa7;--button_gradient_top_color_hover:#72cee0;--button_gradient_bottom_color_hover:#72cee0;\" target=\"_blank\" rel=\"noopener noreferrer\" href=\"https:\/\/www.avona.org\/about-the-vicariate\/\"><span class=\"fusion-button-text awb-button__text awb-button__text--default\">S\u00edtio Web do Vicariato Apost\u00f3lico da Ar\u00e1bia Setentrional |EN|<\/span><\/a><\/div><div style=\"text-align:center;\"><a class=\"fusion-button button-flat fusion-button-default-size button-custom fusion-button-default button-2 fusion-button-span-yes fusion-button-default-type\" style=\"--awb-margin-top:10px;--button_accent_color:#ffffff;--button_accent_hover_color:#ffffff;--button_border_hover_color:#ffffff;--button_gradient_top_color:#1f7aa7;--button_gradient_bottom_color:#1f7aa7;--button_gradient_top_color_hover:#72cee0;--button_gradient_bottom_color_hover:#72cee0;\" target=\"_blank\" rel=\"noopener noreferrer\" href=\"https:\/\/en.wikipedia.org\/wiki\/Apostolic_Vicariate_of_Northern_Arabia\"><span class=\"fusion-button-text awb-button__text awb-button__text--default\">Wikip\u00e9dia do Vicariato Apost\u00f3lico da Ar\u00e1bia Setentrional |EN|IT|FR|DE|PT|ES|<\/span><\/a><\/div><div style=\"text-align:center;\"><a class=\"fusion-button button-flat fusion-button-default-size button-custom fusion-button-default button-3 fusion-button-span-yes fusion-button-default-type\" style=\"--awb-margin-top:10px;--button_accent_color:#ffffff;--button_accent_hover_color:#ffffff;--button_border_hover_color:#ffffff;--button_gradient_top_color:#1f7aa7;--button_gradient_bottom_color:#1f7aa7;--button_gradient_top_color_hover:#72cee0;--button_gradient_bottom_color_hover:#72cee0;\" target=\"_blank\" rel=\"noopener noreferrer\" href=\"https:\/\/www.anselmianum.com\/it\/offerta-accademica\/pontificio-istituto-liturgico\"><span class=\"fusion-button-text awb-button__text awb-button__text--default\">P\u00e1gina Web do Pontif\u00edcio Instituto de Liturgia |IT|<\/span><\/a><\/div><\/div><\/div><\/div><\/div><\/p>\n","protected":false},"excerpt":{"rendered":"<p>A pedido do Bispo Dom Aldo Berardi, o Padre Stefan Geiger OSB e o Padre Benoit Alloggia OSB viajaram ao Kuwait para conduzir um curso de forma\u00e7\u00e3o para o clero. Retidos pelo s\u00fabito in\u00edcio da guerra, regressaram a Roma em 12 de mar\u00e7o de 2026, via Riade, Ar\u00e1bia Saudita.   <\/p>\n","protected":false},"author":1,"featured_media":17095,"comment_status":"closed","ping_status":"closed","sticky":false,"template":"","format":"standard","meta":{"footnotes":""},"categories":[185,190],"tags":[400,227],"class_list":["post-17096","post","type-post","status-publish","format-standard","has-post-thumbnail","hentry","category-nexus-pt","category-noticias-pt","tag-nexus-abril-2026-pt","tag-nexus-santanselmo-pt"],"cc_featured_image_caption":{"caption_text":false,"source_text":false,"source_url":false},"_links":{"self":[{"href":"https:\/\/osb.org\/pt-br\/wp-json\/wp\/v2\/posts\/17096","targetHints":{"allow":["GET"]}}],"collection":[{"href":"https:\/\/osb.org\/pt-br\/wp-json\/wp\/v2\/posts"}],"about":[{"href":"https:\/\/osb.org\/pt-br\/wp-json\/wp\/v2\/types\/post"}],"author":[{"embeddable":true,"href":"https:\/\/osb.org\/pt-br\/wp-json\/wp\/v2\/users\/1"}],"replies":[{"embeddable":true,"href":"https:\/\/osb.org\/pt-br\/wp-json\/wp\/v2\/comments?post=17096"}],"version-history":[{"count":0,"href":"https:\/\/osb.org\/pt-br\/wp-json\/wp\/v2\/posts\/17096\/revisions"}],"wp:featuredmedia":[{"embeddable":true,"href":"https:\/\/osb.org\/pt-br\/wp-json\/wp\/v2\/media\/17095"}],"wp:attachment":[{"href":"https:\/\/osb.org\/pt-br\/wp-json\/wp\/v2\/media?parent=17096"}],"wp:term":[{"taxonomy":"category","embeddable":true,"href":"https:\/\/osb.org\/pt-br\/wp-json\/wp\/v2\/categories?post=17096"},{"taxonomy":"post_tag","embeddable":true,"href":"https:\/\/osb.org\/pt-br\/wp-json\/wp\/v2\/tags?post=17096"}],"curies":[{"name":"wp","href":"https:\/\/api.w.org\/{rel}","templated":true}]}}