{"id":16489,"date":"2026-02-06T11:26:53","date_gmt":"2026-02-06T10:26:53","guid":{"rendered":"https:\/\/osb.org\/2026\/02\/06\/dom-geraldo-gonzalez-y-lima-osb-eleito-quarto-abade-de-sao-geraldo\/"},"modified":"2026-02-09T11:31:28","modified_gmt":"2026-02-09T10:31:28","slug":"dom-geraldo-gonzalez-y-lima-osb-eleito-quarto-abade-de-sao-geraldo","status":"publish","type":"post","link":"https:\/\/osb.org\/pt-br\/2026\/02\/06\/dom-geraldo-gonzalez-y-lima-osb-eleito-quarto-abade-de-sao-geraldo\/","title":{"rendered":"Dom Geraldo Gonz\u00e1lez y Lima OSB Eleito Quarto Abade de S\u00e3o Geraldo"},"content":{"rendered":"<p><div class=\"fusion-fullwidth fullwidth-box fusion-builder-row-1 fusion-flex-container has-pattern-background has-mask-background hundred-percent-fullwidth non-hundred-percent-height-scrolling\" style=\"--awb-border-radius-top-left:0px;--awb-border-radius-top-right:0px;--awb-border-radius-bottom-right:0px;--awb-border-radius-bottom-left:0px;--awb-padding-right:60px;--awb-padding-bottom:0px;--awb-padding-left:60px;--awb-padding-right-small:30px;--awb-padding-left-small:30px;--awb-flex-wrap:wrap;\" ><div class=\"fusion-builder-row fusion-row fusion-flex-align-items-center fusion-flex-justify-content-flex-end fusion-flex-content-wrap\" style=\"width:calc( 100% + 60px ) !important;max-width:calc( 100% + 60px ) !important;margin-left: calc(-60px \/ 2 );margin-right: calc(-60px \/ 2 );\"><div class=\"fusion-layout-column fusion_builder_column fusion-builder-column-0 fusion_builder_column_1_2 1_2 fusion-flex-column\" style=\"--awb-padding-right:60px;--awb-padding-left:60px;--awb-padding-right-small:0px;--awb-padding-left-small:0px;--awb-bg-size:cover;--awb-width-large:50%;--awb-margin-top-large:0px;--awb-spacing-right-large:30px;--awb-margin-bottom-large:20px;--awb-spacing-left-large:30px;--awb-width-medium:100%;--awb-order-medium:0;--awb-margin-top-medium:20px;--awb-spacing-right-medium:30px;--awb-margin-bottom-medium:0px;--awb-spacing-left-medium:30px;--awb-width-small:100%;--awb-order-small:0;--awb-spacing-right-small:30px;--awb-spacing-left-small:30px;\"><div class=\"fusion-column-wrapper fusion-column-has-shadow fusion-flex-justify-content-flex-start fusion-content-layout-column\"><div class=\"fusion-title title fusion-title-1 fusion-sep-none fusion-title-text fusion-title-size-one\" style=\"--awb-text-color:var(--awb-custom13);--awb-margin-top-small:0px;--awb-margin-right-small:0px;--awb-margin-bottom-small:20px;--awb-margin-left-small:0px;--awb-font-size:40px;\"><h1 class=\"fusion-title-heading title-heading-left md-text-align-center fusion-responsive-typography-calculated\" style=\"font-family:var(--awb-typography1-font-family);font-weight:var(--awb-typography1-font-weight);font-style:var(--awb-typography1-font-style);margin:0;letter-spacing:var(--awb-typography1-letter-spacing);text-transform:var(--awb-typography1-text-transform);font-size:1em;--fontSize:40;line-height:var(--awb-typography1-line-height);\">Dom Geraldo Gonz\u00e1lez y Lima OSB Eleito Quarto Abade de S\u00e3o Geraldo<\/h1><\/div><div class=\"fusion-text fusion-text-1 fusion-no-small-visibility fusion-no-medium-visibility\" style=\"--awb-font-size:var(--awb-typography3-font-size);--awb-line-height:var(--awb-typography3-line-height);--awb-letter-spacing:var(--awb-typography3-letter-spacing);--awb-text-transform:var(--awb-typography3-text-transform);--awb-text-font-family:var(--awb-typography3-font-family);--awb-text-font-weight:var(--awb-typography3-font-weight);--awb-text-font-style:var(--awb-typography3-font-style);\"><p>Dom Geraldo Gonz\u00e1lez y Lima OSB, tesoureiro de longa data da Confedera\u00e7\u00e3o Beneditina em Roma, foi eleito o quarto Abade da Abadia de S\u00e3o Geraldo em S\u00e3o Paulo, Brasil, retornando \u00e0 sua comunidade de origem.<\/p>\n<\/div><\/div><\/div><div class=\"fusion-layout-column fusion_builder_column fusion-builder-column-1 fusion_builder_column_1_2 1_2 fusion-flex-column\" style=\"--awb-bg-size:cover;--awb-width-large:50%;--awb-margin-top-large:0px;--awb-spacing-right-large:30px;--awb-margin-bottom-large:0px;--awb-spacing-left-large:30px;--awb-width-medium:100%;--awb-order-medium:0;--awb-spacing-right-medium:30px;--awb-spacing-left-medium:30px;--awb-width-small:100%;--awb-order-small:0;--awb-spacing-right-small:30px;--awb-spacing-left-small:30px;\"><div class=\"fusion-column-wrapper fusion-column-has-shadow fusion-flex-justify-content-flex-start fusion-content-layout-column\"><div class=\"fusion-image-element \" style=\"--awb-caption-title-font-family:var(--h2_typography-font-family);--awb-caption-title-font-weight:var(--h2_typography-font-weight);--awb-caption-title-font-style:var(--h2_typography-font-style);--awb-caption-title-size:var(--h2_typography-font-size);--awb-caption-title-transform:var(--h2_typography-text-transform);--awb-caption-title-line-height:var(--h2_typography-line-height);--awb-caption-title-letter-spacing:var(--h2_typography-letter-spacing);\"><span class=\" fusion-imageframe imageframe-none imageframe-1 hover-type-none\" style=\"border:1px solid var(--awb-custom10);\"><a href=\"https:\/\/osb.org\/wp-content\/uploads\/2026\/02\/DSC_2900_2.jpg\" class=\"fusion-lightbox\" data-rel=\"iLightbox[583af88ca80951513cc]\" data-title=\"DSC_2900_2\" title=\"DSC_2900_2\"><img decoding=\"async\" width=\"1282\" height=\"1920\" src=\"https:\/\/osb.org\/wp-content\/uploads\/2026\/02\/DSC_2900_2.jpg\" data-orig-src=\"https:\/\/osb.org\/wp-content\/uploads\/2026\/02\/DSC_2900_2.jpg\" alt class=\"lazyload img-responsive wp-image-16496\" srcset=\"data:image\/svg+xml,%3Csvg%20xmlns%3D%27http%3A%2F%2Fwww.w3.org%2F2000%2Fsvg%27%20width%3D%271282%27%20height%3D%271920%27%20viewBox%3D%270%200%201282%201920%27%3E%3Crect%20width%3D%271282%27%20height%3D%271920%27%20fill-opacity%3D%220%22%2F%3E%3C%2Fsvg%3E\" data-srcset=\"https:\/\/osb.org\/wp-content\/uploads\/2026\/02\/DSC_2900_2-200x300.jpg 200w, https:\/\/osb.org\/wp-content\/uploads\/2026\/02\/DSC_2900_2-400x599.jpg 400w, https:\/\/osb.org\/wp-content\/uploads\/2026\/02\/DSC_2900_2-600x899.jpg 600w, https:\/\/osb.org\/wp-content\/uploads\/2026\/02\/DSC_2900_2-800x1198.jpg 800w, https:\/\/osb.org\/wp-content\/uploads\/2026\/02\/DSC_2900_2-1200x1797.jpg 1200w, https:\/\/osb.org\/wp-content\/uploads\/2026\/02\/DSC_2900_2.jpg 1282w\" data-sizes=\"auto\" data-orig-sizes=\"(max-width: 1024px) 100vw, (max-width: 640px) 100vw, 600px\" \/><\/a><\/span><\/div><div class=\"fusion-text fusion-text-2 fusion-text-no-margin\" style=\"--awb-font-size:var(--awb-typography5-font-size);--awb-line-height:var(--awb-typography5-line-height);--awb-letter-spacing:var(--awb-typography5-letter-spacing);--awb-text-transform:var(--awb-typography5-text-transform);--awb-text-color:var(--awb-custom11);--awb-margin-top:12px;--awb-margin-bottom:12px;--awb-text-font-family:var(--awb-typography5-font-family);--awb-text-font-weight:var(--awb-typography5-font-weight);--awb-text-font-style:var(--awb-typography5-font-style);\"><p>Your Content Goes Here<\/p>\n<\/div><\/div><\/div><div class=\"fusion-layout-column fusion_builder_column fusion-builder-column-2 fusion_builder_column_1_2 1_2 fusion-flex-column\" style=\"--awb-bg-size:cover;--awb-width-large:50%;--awb-margin-top-large:0px;--awb-spacing-right-large:30px;--awb-margin-bottom-large:0px;--awb-spacing-left-large:30px;--awb-width-medium:100%;--awb-order-medium:0;--awb-spacing-right-medium:30px;--awb-spacing-left-medium:30px;--awb-width-small:100%;--awb-order-small:0;--awb-spacing-right-small:30px;--awb-spacing-left-small:30px;\"><div class=\"fusion-column-wrapper fusion-column-has-shadow fusion-flex-justify-content-flex-start fusion-content-layout-column\"><div class=\"fusion-separator fusion-full-width-sep\" style=\"align-self: center;margin-left: auto;margin-right: auto;width:100%;\"><div class=\"fusion-separator-border sep-single sep-solid\" style=\"--awb-height:20px;--awb-amount:20px;--awb-sep-color:var(--awb-color4);border-color:var(--awb-color4);border-top-width:3px;\"><\/div><\/div><\/div><\/div><\/div><\/div><div class=\"fusion-fullwidth fullwidth-box fusion-builder-row-2 fusion-flex-container hundred-percent-fullwidth non-hundred-percent-height-scrolling\" style=\"--awb-border-radius-top-left:0px;--awb-border-radius-top-right:0px;--awb-border-radius-bottom-right:0px;--awb-border-radius-bottom-left:0px;--awb-padding-right:60px;--awb-padding-left:60px;--awb-padding-right-medium:60px;--awb-padding-left-medium:60px;--awb-padding-right-small:30px;--awb-padding-left-small:30px;--awb-margin-top-small:0px;--awb-flex-wrap:wrap;\" ><div class=\"fusion-builder-row fusion-row fusion-flex-align-items-flex-start fusion-flex-justify-content-center fusion-flex-content-wrap\" style=\"width:calc( 100% + 60px ) !important;max-width:calc( 100% + 60px ) !important;margin-left: calc(-60px \/ 2 );margin-right: calc(-60px \/ 2 );\"><div class=\"fusion-layout-column fusion_builder_column fusion-builder-column-3 fusion_builder_column_1_2 1_2 fusion-flex-column\" style=\"--awb-bg-size:cover;--awb-width-large:50%;--awb-margin-top-large:0px;--awb-spacing-right-large:30px;--awb-margin-bottom-large:20px;--awb-spacing-left-large:30px;--awb-width-medium:100%;--awb-order-medium:1;--awb-spacing-right-medium:30px;--awb-spacing-left-medium:30px;--awb-width-small:100%;--awb-order-small:1;--awb-spacing-right-small:30px;--awb-spacing-left-small:30px;\"><div class=\"fusion-column-wrapper fusion-column-has-shadow fusion-flex-justify-content-flex-start fusion-content-layout-column\"><div class=\"fusion-title title fusion-title-2 sep-underline sep-solid fusion-title-text fusion-title-size-three\" style=\"--awb-text-color:var(--awb-color8);--awb-margin-bottom:3%;--awb-margin-top-small:0px;--awb-margin-right-small:0px;--awb-margin-bottom-small:20px;--awb-margin-left-small:0px;--awb-font-size:var(--awb-typography3-font-size);\"><h3 class=\"fusion-title-heading title-heading-left fusion-responsive-typography-calculated\" style=\"font-family:var(--awb-typography3-font-family);font-weight:var(--awb-typography3-font-weight);font-style:var(--awb-typography3-font-style);margin:0;letter-spacing:var(--awb-typography3-letter-spacing);text-transform:var(--awb-typography3-text-transform);font-size:1em;--fontSize:22;--minFontSize:22;line-height:var(--awb-typography3-line-height);\">O \u201cCongedo\u201d do Abade Geraldo<\/h3><\/div><div class=\"awb-gallery-wrapper awb-gallery-wrapper-1 button-span-no\" style=\"--more-btn-alignment:center;\"><div style=\"margin:-5px;--awb-bordersize:0px;\" class=\"fusion-gallery fusion-gallery-container fusion-grid-2 fusion-columns-total-6 fusion-gallery-layout-grid fusion-gallery-1\"><div style=\"padding:5px;\" class=\"fusion-grid-column fusion-gallery-column fusion-gallery-column-2 hover-type-none\"><div class=\"fusion-gallery-image\"><a href=\"https:\/\/osb.org\/wp-content\/uploads\/2026\/02\/DSC_1231.jpg\" rel=\"noreferrer\" data-rel=\"iLightbox[gallery_image_1]\" class=\"fusion-lightbox\" target=\"_self\"><img decoding=\"async\" src=\"https:\/\/osb.org\/wp-content\/uploads\/2026\/02\/DSC_1231.jpg\" data-orig-src=\"https:\/\/osb.org\/wp-content\/uploads\/2026\/02\/DSC_1231.jpg\" width=\"1920\" height=\"1280\" alt=\"\" title=\"DSC_1231\" aria-label=\"DSC_1231\" class=\"lazyload img-responsive wp-image-16498\" srcset=\"data:image\/svg+xml,%3Csvg%20xmlns%3D%27http%3A%2F%2Fwww.w3.org%2F2000%2Fsvg%27%20width%3D%271920%27%20height%3D%271280%27%20viewBox%3D%270%200%201920%201280%27%3E%3Crect%20width%3D%271920%27%20height%3D%271280%27%20fill-opacity%3D%220%22%2F%3E%3C%2Fsvg%3E\" data-srcset=\"https:\/\/osb.org\/wp-content\/uploads\/2026\/02\/DSC_1231-200x133.jpg 200w, https:\/\/osb.org\/wp-content\/uploads\/2026\/02\/DSC_1231-400x267.jpg 400w, https:\/\/osb.org\/wp-content\/uploads\/2026\/02\/DSC_1231-600x400.jpg 600w, https:\/\/osb.org\/wp-content\/uploads\/2026\/02\/DSC_1231-800x533.jpg 800w, https:\/\/osb.org\/wp-content\/uploads\/2026\/02\/DSC_1231-1200x800.jpg 1200w, https:\/\/osb.org\/wp-content\/uploads\/2026\/02\/DSC_1231.jpg 1920w\" data-sizes=\"auto\" data-orig-sizes=\"(min-width: 2200px) 100vw, (min-width: 712px) 548px, (min-width: 640px) 712px, \" \/><\/a><\/div><\/div><div style=\"padding:5px;\" class=\"fusion-grid-column fusion-gallery-column fusion-gallery-column-2 hover-type-none\"><div class=\"fusion-gallery-image\"><a href=\"https:\/\/osb.org\/wp-content\/uploads\/2026\/02\/DSC_1273.jpg\" rel=\"noreferrer\" data-rel=\"iLightbox[gallery_image_1]\" class=\"fusion-lightbox\" target=\"_self\"><img decoding=\"async\" src=\"https:\/\/osb.org\/wp-content\/uploads\/2026\/02\/DSC_1273.jpg\" data-orig-src=\"https:\/\/osb.org\/wp-content\/uploads\/2026\/02\/DSC_1273.jpg\" width=\"1920\" height=\"1280\" alt=\"\" title=\"DSC_1273\" aria-label=\"DSC_1273\" class=\"lazyload img-responsive wp-image-16490\" srcset=\"data:image\/svg+xml,%3Csvg%20xmlns%3D%27http%3A%2F%2Fwww.w3.org%2F2000%2Fsvg%27%20width%3D%271920%27%20height%3D%271280%27%20viewBox%3D%270%200%201920%201280%27%3E%3Crect%20width%3D%271920%27%20height%3D%271280%27%20fill-opacity%3D%220%22%2F%3E%3C%2Fsvg%3E\" data-srcset=\"https:\/\/osb.org\/wp-content\/uploads\/2026\/02\/DSC_1273-200x133.jpg 200w, https:\/\/osb.org\/wp-content\/uploads\/2026\/02\/DSC_1273-400x267.jpg 400w, https:\/\/osb.org\/wp-content\/uploads\/2026\/02\/DSC_1273-600x400.jpg 600w, https:\/\/osb.org\/wp-content\/uploads\/2026\/02\/DSC_1273-800x533.jpg 800w, https:\/\/osb.org\/wp-content\/uploads\/2026\/02\/DSC_1273-1200x800.jpg 1200w, https:\/\/osb.org\/wp-content\/uploads\/2026\/02\/DSC_1273.jpg 1920w\" data-sizes=\"auto\" data-orig-sizes=\"(min-width: 2200px) 100vw, (min-width: 712px) 548px, (min-width: 640px) 712px, \" \/><\/a><\/div><\/div><div class=\"clearfix\"><\/div><div style=\"padding:5px;\" class=\"fusion-grid-column fusion-gallery-column fusion-gallery-column-2 hover-type-none\"><div class=\"fusion-gallery-image\"><a href=\"https:\/\/osb.org\/wp-content\/uploads\/2026\/02\/DSC_3003.jpg\" rel=\"noreferrer\" data-rel=\"iLightbox[gallery_image_1]\" class=\"fusion-lightbox\" target=\"_self\"><img decoding=\"async\" src=\"https:\/\/osb.org\/wp-content\/uploads\/2026\/02\/DSC_3003.jpg\" data-orig-src=\"https:\/\/osb.org\/wp-content\/uploads\/2026\/02\/DSC_3003.jpg\" width=\"1920\" height=\"1282\" alt=\"\" title=\"DSC_3003\" aria-label=\"DSC_3003\" class=\"lazyload img-responsive wp-image-16491\" srcset=\"data:image\/svg+xml,%3Csvg%20xmlns%3D%27http%3A%2F%2Fwww.w3.org%2F2000%2Fsvg%27%20width%3D%271920%27%20height%3D%271282%27%20viewBox%3D%270%200%201920%201282%27%3E%3Crect%20width%3D%271920%27%20height%3D%271282%27%20fill-opacity%3D%220%22%2F%3E%3C%2Fsvg%3E\" data-srcset=\"https:\/\/osb.org\/wp-content\/uploads\/2026\/02\/DSC_3003-200x134.jpg 200w, https:\/\/osb.org\/wp-content\/uploads\/2026\/02\/DSC_3003-400x267.jpg 400w, https:\/\/osb.org\/wp-content\/uploads\/2026\/02\/DSC_3003-600x401.jpg 600w, https:\/\/osb.org\/wp-content\/uploads\/2026\/02\/DSC_3003-800x534.jpg 800w, https:\/\/osb.org\/wp-content\/uploads\/2026\/02\/DSC_3003-1200x801.jpg 1200w, https:\/\/osb.org\/wp-content\/uploads\/2026\/02\/DSC_3003.jpg 1920w\" data-sizes=\"auto\" data-orig-sizes=\"(min-width: 2200px) 100vw, (min-width: 712px) 548px, (min-width: 640px) 712px, \" \/><\/a><\/div><\/div><div style=\"padding:5px;\" class=\"fusion-grid-column fusion-gallery-column fusion-gallery-column-2 hover-type-none\"><div class=\"fusion-gallery-image\"><a href=\"https:\/\/osb.org\/wp-content\/uploads\/2026\/02\/DSC_3058.jpg\" rel=\"noreferrer\" data-rel=\"iLightbox[gallery_image_1]\" class=\"fusion-lightbox\" target=\"_self\"><img decoding=\"async\" src=\"https:\/\/osb.org\/wp-content\/uploads\/2026\/02\/DSC_3058.jpg\" data-orig-src=\"https:\/\/osb.org\/wp-content\/uploads\/2026\/02\/DSC_3058.jpg\" width=\"1920\" height=\"1282\" alt=\"\" title=\"DSC_3058\" aria-label=\"DSC_3058\" class=\"lazyload img-responsive wp-image-16493\" srcset=\"data:image\/svg+xml,%3Csvg%20xmlns%3D%27http%3A%2F%2Fwww.w3.org%2F2000%2Fsvg%27%20width%3D%271920%27%20height%3D%271282%27%20viewBox%3D%270%200%201920%201282%27%3E%3Crect%20width%3D%271920%27%20height%3D%271282%27%20fill-opacity%3D%220%22%2F%3E%3C%2Fsvg%3E\" data-srcset=\"https:\/\/osb.org\/wp-content\/uploads\/2026\/02\/DSC_3058-200x134.jpg 200w, https:\/\/osb.org\/wp-content\/uploads\/2026\/02\/DSC_3058-400x267.jpg 400w, https:\/\/osb.org\/wp-content\/uploads\/2026\/02\/DSC_3058-600x401.jpg 600w, https:\/\/osb.org\/wp-content\/uploads\/2026\/02\/DSC_3058-800x534.jpg 800w, https:\/\/osb.org\/wp-content\/uploads\/2026\/02\/DSC_3058-1200x801.jpg 1200w, https:\/\/osb.org\/wp-content\/uploads\/2026\/02\/DSC_3058.jpg 1920w\" data-sizes=\"auto\" data-orig-sizes=\"(min-width: 2200px) 100vw, (min-width: 712px) 548px, (min-width: 640px) 712px, \" \/><\/a><\/div><\/div><div class=\"clearfix\"><\/div><div style=\"padding:5px;\" class=\"fusion-grid-column fusion-gallery-column fusion-gallery-column-2 hover-type-none\"><div class=\"fusion-gallery-image\"><a href=\"https:\/\/osb.org\/wp-content\/uploads\/2026\/02\/DSC_3116.jpg\" rel=\"noreferrer\" data-rel=\"iLightbox[gallery_image_1]\" class=\"fusion-lightbox\" target=\"_self\"><img decoding=\"async\" src=\"https:\/\/osb.org\/wp-content\/uploads\/2026\/02\/DSC_3116.jpg\" data-orig-src=\"https:\/\/osb.org\/wp-content\/uploads\/2026\/02\/DSC_3116.jpg\" width=\"1920\" height=\"1282\" alt=\"\" title=\"DSC_3116\" aria-label=\"DSC_3116\" class=\"lazyload img-responsive wp-image-16494\" srcset=\"data:image\/svg+xml,%3Csvg%20xmlns%3D%27http%3A%2F%2Fwww.w3.org%2F2000%2Fsvg%27%20width%3D%271920%27%20height%3D%271282%27%20viewBox%3D%270%200%201920%201282%27%3E%3Crect%20width%3D%271920%27%20height%3D%271282%27%20fill-opacity%3D%220%22%2F%3E%3C%2Fsvg%3E\" data-srcset=\"https:\/\/osb.org\/wp-content\/uploads\/2026\/02\/DSC_3116-200x134.jpg 200w, https:\/\/osb.org\/wp-content\/uploads\/2026\/02\/DSC_3116-400x267.jpg 400w, https:\/\/osb.org\/wp-content\/uploads\/2026\/02\/DSC_3116-600x401.jpg 600w, https:\/\/osb.org\/wp-content\/uploads\/2026\/02\/DSC_3116-800x534.jpg 800w, https:\/\/osb.org\/wp-content\/uploads\/2026\/02\/DSC_3116-1200x801.jpg 1200w, https:\/\/osb.org\/wp-content\/uploads\/2026\/02\/DSC_3116.jpg 1920w\" data-sizes=\"auto\" data-orig-sizes=\"(min-width: 2200px) 100vw, (min-width: 712px) 548px, (min-width: 640px) 712px, \" \/><\/a><\/div><\/div><div style=\"padding:5px;\" class=\"fusion-grid-column fusion-gallery-column fusion-gallery-column-2 hover-type-none\"><div class=\"fusion-gallery-image\"><a href=\"https:\/\/osb.org\/wp-content\/uploads\/2026\/02\/DSC_3122.jpg\" rel=\"noreferrer\" data-rel=\"iLightbox[gallery_image_1]\" class=\"fusion-lightbox\" target=\"_self\"><img decoding=\"async\" src=\"https:\/\/osb.org\/wp-content\/uploads\/2026\/02\/DSC_3122.jpg\" data-orig-src=\"https:\/\/osb.org\/wp-content\/uploads\/2026\/02\/DSC_3122.jpg\" width=\"1920\" height=\"1282\" alt=\"\" title=\"DSC_3122\" aria-label=\"DSC_3122\" class=\"lazyload img-responsive wp-image-16495\" srcset=\"data:image\/svg+xml,%3Csvg%20xmlns%3D%27http%3A%2F%2Fwww.w3.org%2F2000%2Fsvg%27%20width%3D%271920%27%20height%3D%271282%27%20viewBox%3D%270%200%201920%201282%27%3E%3Crect%20width%3D%271920%27%20height%3D%271282%27%20fill-opacity%3D%220%22%2F%3E%3C%2Fsvg%3E\" data-srcset=\"https:\/\/osb.org\/wp-content\/uploads\/2026\/02\/DSC_3122-200x134.jpg 200w, https:\/\/osb.org\/wp-content\/uploads\/2026\/02\/DSC_3122-400x267.jpg 400w, https:\/\/osb.org\/wp-content\/uploads\/2026\/02\/DSC_3122-600x401.jpg 600w, https:\/\/osb.org\/wp-content\/uploads\/2026\/02\/DSC_3122-800x534.jpg 800w, https:\/\/osb.org\/wp-content\/uploads\/2026\/02\/DSC_3122-1200x801.jpg 1200w, https:\/\/osb.org\/wp-content\/uploads\/2026\/02\/DSC_3122.jpg 1920w\" data-sizes=\"auto\" data-orig-sizes=\"(min-width: 2200px) 100vw, (min-width: 712px) 548px, (min-width: 640px) 712px, \" \/><\/a><\/div><\/div><div class=\"clearfix\"><\/div><\/div><\/div><div style=\"text-align:center;\"><a class=\"fusion-button button-flat fusion-button-default-size button-default fusion-button-default button-1 fusion-button-span-yes fusion-button-default-type\" style=\"--awb-margin-top:2%;--button_text_transform:uppercase;--button_font_size:18px;--button_line_height:var(--awb-typography3-line-height);--button_typography-letter-spacing:1.5px;--button_typography-font-family:&quot;yorkten-slab-normal&quot;;--button_typography-font-style:normal;--button_typography-font-weight:400;\" target=\"_blank\" rel=\"noopener noreferrer\" href=\"https:\/\/flic.kr\/s\/aHBqjCJDY8\"><span class=\"fusion-button-text awb-button__text awb-button__text--default\">Mais fotos no Flickr<\/span><\/a><\/div><\/div><\/div><div class=\"fusion-layout-column fusion_builder_column fusion-builder-column-4 fusion_builder_column_1_2 1_2 fusion-flex-column\" style=\"--awb-bg-blend:overlay;--awb-bg-size:cover;--awb-width-large:50%;--awb-margin-top-large:0px;--awb-spacing-right-large:30px;--awb-margin-bottom-large:20px;--awb-spacing-left-large:30px;--awb-width-medium:75%;--awb-order-medium:0;--awb-spacing-right-medium:30px;--awb-spacing-left-medium:30px;--awb-width-small:100%;--awb-order-small:0;--awb-spacing-right-small:30px;--awb-spacing-left-small:30px;\"><div class=\"fusion-column-wrapper fusion-flex-justify-content-flex-start fusion-content-layout-column\"><div class=\"fusion-builder-row fusion-builder-row-inner fusion-row fusion-flex-align-items-flex-start fusion-flex-justify-content-center fusion-flex-content-wrap\" style=\"--awb-flex-grow:0;--awb-flex-grow-medium:0;--awb-flex-grow-small:0;--awb-flex-shrink:0;--awb-flex-shrink-medium:0;--awb-flex-shrink-small:0;width:calc( 100% + 60px ) !important;max-width:calc( 100% + 60px ) !important;margin-left: calc(-60px \/ 2 );margin-right: calc(-60px \/ 2 );\"><div class=\"fusion-layout-column fusion_builder_column_inner fusion-builder-nested-column-0 fusion_builder_column_inner_1_2 1_2 fusion-flex-column fusion-flex-align-self-center\" style=\"--awb-bg-size:cover;--awb-width-large:50%;--awb-margin-top-large:0px;--awb-spacing-right-large:30px;--awb-margin-bottom-large:0px;--awb-spacing-left-large:30px;--awb-width-medium:50%;--awb-order-medium:0;--awb-spacing-right-medium:30px;--awb-spacing-left-medium:30px;--awb-width-small:100%;--awb-order-small:1;--awb-spacing-right-small:30px;--awb-margin-bottom-small:20px;--awb-spacing-left-small:30px;\"><div class=\"fusion-column-wrapper fusion-column-has-shadow fusion-flex-justify-content-center fusion-content-layout-column\"><div class=\"fusion-text fusion-text-3 fusion-text-no-margin\" style=\"--awb-font-size:var(--awb-typography5-font-size);--awb-line-height:var(--awb-typography5-line-height);--awb-letter-spacing:var(--awb-typography5-letter-spacing);--awb-text-transform:var(--awb-typography5-text-transform);--awb-text-color:var(--awb-custom11);--awb-margin-top:0px;--awb-margin-right:0px;--awb-margin-bottom:0px;--awb-margin-left:0px;--awb-text-font-family:var(--awb-typography5-font-family);--awb-text-font-weight:var(--awb-typography5-font-weight);--awb-text-font-style:var(--awb-typography5-font-style);\"><p>6 fevereiro 2026<\/p>\n<\/div><\/div><\/div><div class=\"fusion-layout-column fusion_builder_column_inner fusion-builder-nested-column-1 fusion_builder_column_inner_1_2 1_2 fusion-flex-column fusion-flex-align-self-center\" style=\"--awb-bg-size:cover;--awb-width-large:50%;--awb-margin-top-large:0px;--awb-spacing-right-large:30px;--awb-margin-bottom-large:0px;--awb-spacing-left-large:30px;--awb-width-medium:50%;--awb-order-medium:0;--awb-spacing-right-medium:30px;--awb-spacing-left-medium:30px;--awb-width-small:100%;--awb-order-small:0;--awb-margin-top-small:0px;--awb-spacing-right-small:30px;--awb-spacing-left-small:30px;\"><div class=\"fusion-column-wrapper fusion-column-has-shadow fusion-flex-justify-content-center fusion-content-layout-column\"><div class=\"fusion-sharing-box fusion-sharing-box-1 boxed-icons\" style=\"background-color:var(--awb-color1);border-color:var(--awb-color1);--awb-margin-top:0px;--awb-margin-right:0px;--awb-margin-bottom:0px;--awb-margin-left:0px;--awb-wrapper-padding-top:0px;--awb-wrapper-padding-right:0px;--awb-wrapper-padding-bottom:0px;--awb-wrapper-padding-left:0px;--awb-padding-top:0px;--awb-padding-right:0px;--awb-padding-bottom:0px;--awb-padding-left:0px;--awb-border-top:0px;--awb-border-right:0px;--awb-border-bottom:0px;--awb-border-left:0px;--awb-icon-size:12px;--awb-separator-border-color:#cccccc;--awb-separator-border-sizes:0px;--awb-stacked-align:flex-end;--awb-layout:row;--awb-alignment-small:flex-end;--awb-stacked-align-small:center;\" data-title=\"Dom Geraldo Gonz\u00e1lez y Lima OSB Eleito Quarto Abade de S\u00e3o Geraldo\" data-description=\"Your Content Goes Here  Your Content Goes Here   \r\n\r\nO \u201cCongedo\u201d do Abade Geraldo    Mais fotos no Flickr    \r\n\r\nA comunidade mon\u00e1stica da Abadia de S\u00e3o Geraldo em S\u00e3o Paulo, Brasil, elegeu Dom Geraldo Gonz\u00e1lez y Lima\" data-link=\"https:\/\/osb.org\/pt-br\/2026\/02\/06\/dom-geraldo-gonzalez-y-lima-osb-eleito-quarto-abade-de-sao-geraldo\/\"><div class=\"fusion-social-networks sharingbox-shortcode-icon-wrapper sharingbox-shortcode-icon-wrapper-1 boxed-icons\"><span><a href=\"https:\/\/www.facebook.com\/sharer.php?u=https%3A%2F%2Fosb.org%2Fpt-br%2F2026%2F02%2F06%2Fdom-geraldo-gonzalez-y-lima-osb-eleito-quarto-abade-de-sao-geraldo%2F&amp;t=Dom%20Geraldo%20Gonz%C3%A1lez%20y%20Lima%20OSB%20Eleito%20Quarto%20Abade%20de%20S%C3%A3o%20Geraldo\" target=\"_blank\" rel=\"noreferrer\" title=\"Facebook\" aria-label=\"Facebook\"><i class=\"fusion-social-network-icon fusion-tooltip fusion-facebook awb-icon-facebook\" style=\"color:var(--awb-custom11);background-color:#e8e8e8;border-color:#e8e8e8;border-radius:50%;\" aria-hidden=\"true\"><\/i><\/a><\/span><span><a href=\"https:\/\/x.com\/intent\/post?text=Dom%20Geraldo%20Gonz%C3%A1lez%20y%20Lima%20OSB%20Eleito%20Quarto%20Abade%20de%20S%C3%A3o%20Geraldo&amp;url=https%3A%2F%2Fosb.org%2Fpt-br%2F2026%2F02%2F06%2Fdom-geraldo-gonzalez-y-lima-osb-eleito-quarto-abade-de-sao-geraldo%2F\" target=\"_blank\" rel=\"noopener noreferrer\" title=\"X\" aria-label=\"X\"><i class=\"fusion-social-network-icon fusion-tooltip fusion-twitter awb-icon-twitter\" style=\"color:var(--awb-custom11);background-color:#e8e8e8;border-color:#e8e8e8;border-radius:50%;\" aria-hidden=\"true\"><\/i><\/a><\/span><span><a href=\"https:\/\/api.whatsapp.com\/send?text=https%3A%2F%2Fosb.org%2Fpt-br%2F2026%2F02%2F06%2Fdom-geraldo-gonzalez-y-lima-osb-eleito-quarto-abade-de-sao-geraldo%2F\" target=\"_blank\" rel=\"noopener noreferrer\" title=\"WhatsApp\" aria-label=\"WhatsApp\"><i class=\"fusion-social-network-icon fusion-tooltip fusion-whatsapp awb-icon-whatsapp\" style=\"color:var(--awb-custom11);background-color:#e8e8e8;border-color:#e8e8e8;border-radius:50%;\" aria-hidden=\"true\"><\/i><\/a><\/span><span><a href=\"mailto:?subject=Dom%20Geraldo%20Gonz%C3%A1lez%20y%20Lima%20OSB%20Eleito%20Quarto%20Abade%20de%20S%C3%A3o%20Geraldo&amp;body=https%3A%2F%2Fosb.org%2Fpt-br%2F2026%2F02%2F06%2Fdom-geraldo-gonzalez-y-lima-osb-eleito-quarto-abade-de-sao-geraldo%2F\" target=\"_self\" title=\"Email\" aria-label=\"Email\"><i class=\"fusion-social-network-icon fusion-tooltip fusion-mail awb-icon-mail\" style=\"color:var(--awb-custom11);background-color:#e8e8e8;border-color:#e8e8e8;border-radius:50%;\" aria-hidden=\"true\"><\/i><\/a><\/span><\/div><\/div><\/div><\/div><\/div><div class=\"fusion-text fusion-text-4\" style=\"--awb-margin-top:10px;\"><p>A comunidade mon\u00e1stica da Abadia de S\u00e3o Geraldo em S\u00e3o Paulo, Brasil, elegeu Dom Geraldo Gonz\u00e1lez y Lima OSB como seu quarto abade. A elei\u00e7\u00e3o ocorreu em 15 de janeiro de 2026, coincidindo com a mem\u00f3ria lit\u00fargica dos Santos Mauro e Pl\u00e1cido, os primeiros disc\u00edpulos de S\u00e3o Bento. Dom Geraldo sucede \u00e0 c\u00e1tedra abacial desta comunidade, membro da Congrega\u00e7\u00e3o H\u00fangara, ap\u00f3s duas d\u00e9cadas de servi\u00e7o distinto \u00e0 confedera\u00e7\u00e3o em Roma.  <\/p>\n<p>Nascido em Havana, Cuba, em uma fam\u00edlia de heran\u00e7a espanhola e chinesa, a vida de Dom Geraldo tem estado profundamente entrela\u00e7ada com o carisma beneditino desde sua juventude. Ex-aluno do Col\u00e9gio Santo Am\u00e9rico, renomada institui\u00e7\u00e3o de ensino da abadia, mais tarde formou-se em direito pela Universidade de S\u00e3o Paulo, especializando-se em direito empresarial. Sua transi\u00e7\u00e3o da profiss\u00e3o jur\u00eddica para o claustro seguiu-se a um per\u00edodo como oblato secular, entrando finalmente na Abadia de S\u00e3o Geraldo em 1983. Fez sua profiss\u00e3o solene em 1987 e foi ordenado sacerdote na Solenidade dos Santos Pedro e Paulo em 1991.   <\/p>\n<p>Dentro de sua pr\u00f3pria comunidade, a lideran\u00e7a de Dom Geraldo foi estabelecida atrav\u00e9s de uma gama diversificada de responsabilidades. Serviu como mestre de novi\u00e7os, procurador e subprior, e foi membro fundador e superior da Cela S\u00e3o Jos\u00e9 em Itapecer\u00edca da Serra. Seu compromisso com o apostolado educacional beneditino foi particularmente evidente durante seu mandato como reitor do Col\u00e9gio Santo Am\u00e9rico e seu trabalho com o Movimento Pax, que promove o crescimento espiritual entre alunos, ex-alunos e suas fam\u00edlias.  <\/p>\n<p>Em 2005, Dom Geraldo foi chamado a Roma para servir na C\u00faria do Abade Primaz em Sant\u2019Anselmo. Ao longo dos 20 anos seguintes, tornou-se uma figura familiar e estimada dentro da fam\u00edlia beneditina internacional. Seus pap\u00e9is foram t\u00e3o variados quanto exigentes: serviu como secret\u00e1rio do Abade Primaz Notker Wolf, secret\u00e1rio-geral do Pontif\u00edcio Ateneu de Sant\u2019Anselmo e, mais notavelmente, como tesoureiro da Confedera\u00e7\u00e3o Beneditina. Sua experi\u00eancia em administra\u00e7\u00e3o e sua presen\u00e7a ponderada e fraterna fizeram dele um esteio das opera\u00e7\u00f5es da C\u00faria.   <\/p>\n<p>Sua influ\u00eancia estendeu-se muito al\u00e9m dos muros do Monte Aventino. Dom Geraldo tem sido uma figura fundamental na Comiss\u00e3o Internacional de Educa\u00e7\u00e3o Beneditina (ICBE), atualmente servindo como seu Vice-Presidente, e tem contribu\u00eddo significativamente para a Alliance Inter-Monast\u00e8re (AIM) em Paris. Al\u00e9m disso, sua nomea\u00e7\u00e3o como procurador para v\u00e1rias congrega\u00e7\u00f5es beneditinas\u2014incluindo as congrega\u00e7\u00f5es Americano-Cassinesa, Su\u00ed\u00e7o-Americana, Cono-Sul e Solesmes\u2014ressalta a confian\u00e7a depositada nele pela comunidade mon\u00e1stica global.  <\/p>\n<p>A elei\u00e7\u00e3o de Dom Geraldo marca o retorno de um administrador experiente e um monge respeitado \u00e0 comunidade que o formou. Ap\u00f3s um per\u00edodo de transi\u00e7\u00e3o em Sant\u2019Anselmo para concluir suas responsabilidades em Roma, ele retornar\u00e1 ao Brasil para iniciar seu minist\u00e9rio abacial. Neste novo cap\u00edtulo, ele supervisionar\u00e1 a Abadia de S\u00e3o Geraldo e sua extensa rede de obras sociais, educacionais e pastorais, incluindo a par\u00f3quia Morumbi e a C\u00e9lula S\u00e3o Jos\u00e9.  <\/p>\n<p>A comunidade em Sant\u2019Anselmo, embora sentindo a perda de um colega e amigo querido, une-se aos monges de S\u00e3o Geraldo em ora\u00e7\u00e3o enquanto Dom Geraldo assume o b\u00e1culo abacial, trazendo sua vasta experi\u00eancia da Ordem universal de volta ao servi\u00e7o de sua comunidade local.<\/p>\n<\/div><div style=\"text-align:center;\"><a class=\"fusion-button button-flat fusion-button-default-size button-custom fusion-button-default button-2 fusion-button-span-yes fusion-button-default-type\" style=\"--awb-margin-top:10px;--button_accent_color:#ffffff;--button_accent_hover_color:#ffffff;--button_border_hover_color:#ffffff;--button_gradient_top_color:#1f7aa7;--button_gradient_bottom_color:#1f7aa7;--button_gradient_top_color_hover:#72cee0;--button_gradient_bottom_color_hover:#72cee0;\" target=\"_blank\" rel=\"noopener noreferrer\" href=\"https:\/\/www.asg.org.br\/\"><span class=\"fusion-button-text awb-button__text awb-button__text--default\">Web site Mosteiro S\u00e3o Geraldo |PT|<\/span><\/a><\/div><\/div><\/div><\/div><\/div><\/p>\n","protected":false},"excerpt":{"rendered":"<p>Dom Geraldo Gonz\u00e1lez y Lima OSB, tesoureiro de longa data da Confedera\u00e7\u00e3o Beneditina em Roma, foi eleito o quarto Abade da Abadia de S\u00e3o Geraldo em S\u00e3o Paulo, Brasil, retornando \u00e0 sua comunidade de origem.<\/p>\n","protected":false},"author":1,"featured_media":16497,"comment_status":"closed","ping_status":"closed","sticky":false,"template":"","format":"standard","meta":{"footnotes":""},"categories":[185,190],"tags":[394,226],"class_list":["post-16489","post","type-post","status-publish","format-standard","has-post-thumbnail","hentry","category-nexus-pt","category-noticias-pt","tag-nexus-fevereiro-2026-pt","tag-nexus-transicoes-de-lideranca-pt"],"cc_featured_image_caption":{"caption_text":false,"source_text":false,"source_url":false},"_links":{"self":[{"href":"https:\/\/osb.org\/pt-br\/wp-json\/wp\/v2\/posts\/16489","targetHints":{"allow":["GET"]}}],"collection":[{"href":"https:\/\/osb.org\/pt-br\/wp-json\/wp\/v2\/posts"}],"about":[{"href":"https:\/\/osb.org\/pt-br\/wp-json\/wp\/v2\/types\/post"}],"author":[{"embeddable":true,"href":"https:\/\/osb.org\/pt-br\/wp-json\/wp\/v2\/users\/1"}],"replies":[{"embeddable":true,"href":"https:\/\/osb.org\/pt-br\/wp-json\/wp\/v2\/comments?post=16489"}],"version-history":[{"count":0,"href":"https:\/\/osb.org\/pt-br\/wp-json\/wp\/v2\/posts\/16489\/revisions"}],"wp:featuredmedia":[{"embeddable":true,"href":"https:\/\/osb.org\/pt-br\/wp-json\/wp\/v2\/media\/16497"}],"wp:attachment":[{"href":"https:\/\/osb.org\/pt-br\/wp-json\/wp\/v2\/media?parent=16489"}],"wp:term":[{"taxonomy":"category","embeddable":true,"href":"https:\/\/osb.org\/pt-br\/wp-json\/wp\/v2\/categories?post=16489"},{"taxonomy":"post_tag","embeddable":true,"href":"https:\/\/osb.org\/pt-br\/wp-json\/wp\/v2\/tags?post=16489"}],"curies":[{"name":"wp","href":"https:\/\/api.w.org\/{rel}","templated":true}]}}