{"id":16197,"date":"2026-01-04T21:47:31","date_gmt":"2026-01-04T20:47:31","guid":{"rendered":"https:\/\/osb.org\/2026\/01\/04\/um-inicio-perfeito-para-os-preparativos-do-jubileu-de-2029\/"},"modified":"2026-01-26T18:30:27","modified_gmt":"2026-01-26T17:30:27","slug":"um-inicio-perfeito-para-os-preparativos-do-jubileu-de-2029","status":"publish","type":"post","link":"https:\/\/osb.org\/pt-br\/2026\/01\/04\/um-inicio-perfeito-para-os-preparativos-do-jubileu-de-2029\/","title":{"rendered":"Um In\u00edcio Perfeito para os Preparativos do Jubileu de 2029"},"content":{"rendered":"<p><div class=\"fusion-fullwidth fullwidth-box fusion-builder-row-1 fusion-flex-container has-pattern-background has-mask-background hundred-percent-fullwidth non-hundred-percent-height-scrolling\" style=\"--awb-border-sizes-bottom:1px;--awb-border-color:var(--awb-custom11);--awb-border-radius-top-left:0px;--awb-border-radius-top-right:0px;--awb-border-radius-bottom-right:0px;--awb-border-radius-bottom-left:0px;--awb-padding-right:60px;--awb-padding-bottom:20px;--awb-padding-left:60px;--awb-padding-right-small:30px;--awb-padding-left-small:30px;--awb-margin-top-medium:1px;--awb-margin-top-small:0px;--awb-flex-wrap:wrap;\" ><div class=\"fusion-builder-row fusion-row fusion-flex-align-items-center fusion-flex-justify-content-flex-end fusion-flex-content-wrap\" style=\"width:calc( 100% + 60px ) !important;max-width:calc( 100% + 60px ) !important;margin-left: calc(-60px \/ 2 );margin-right: calc(-60px \/ 2 );\"><div class=\"fusion-layout-column fusion_builder_column fusion-builder-column-0 fusion_builder_column_1_2 1_2 fusion-flex-column\" style=\"--awb-padding-right:60px;--awb-padding-left:60px;--awb-padding-right-small:0px;--awb-padding-left-small:0px;--awb-bg-size:cover;--awb-width-large:50%;--awb-margin-top-large:0px;--awb-spacing-right-large:30px;--awb-margin-bottom-large:20px;--awb-spacing-left-large:30px;--awb-width-medium:100%;--awb-order-medium:0;--awb-margin-top-medium:20px;--awb-spacing-right-medium:30px;--awb-margin-bottom-medium:0px;--awb-spacing-left-medium:30px;--awb-width-small:100%;--awb-order-small:0;--awb-spacing-right-small:30px;--awb-spacing-left-small:30px;\"><div class=\"fusion-column-wrapper fusion-column-has-shadow fusion-flex-justify-content-flex-start fusion-content-layout-column\"><div class=\"fusion-title title fusion-title-1 fusion-sep-none fusion-title-text fusion-title-size-one\" style=\"--awb-text-color:var(--awb-custom13);--awb-margin-top-small:0px;--awb-margin-right-small:0px;--awb-margin-bottom-small:20px;--awb-margin-left-small:0px;--awb-font-size:40px;\"><h1 class=\"fusion-title-heading title-heading-left md-text-align-center fusion-responsive-typography-calculated\" style=\"font-family:var(--awb-typography1-font-family);font-weight:var(--awb-typography1-font-weight);font-style:var(--awb-typography1-font-style);margin:0;letter-spacing:var(--awb-typography1-letter-spacing);text-transform:var(--awb-typography1-text-transform);font-size:1em;--fontSize:40;line-height:var(--awb-typography1-line-height);\">Um In\u00edcio Perfeito para os Preparativos do Jubileu de 2029<\/h1><\/div><div class=\"fusion-text fusion-text-1 fusion-no-small-visibility fusion-no-medium-visibility\" style=\"--awb-font-size:var(--awb-typography3-font-size);--awb-line-height:var(--awb-typography3-line-height);--awb-letter-spacing:var(--awb-typography3-letter-spacing);--awb-text-transform:var(--awb-typography3-text-transform);--awb-text-color:var(--awb-custom12);--awb-text-font-family:var(--awb-typography3-font-family);--awb-text-font-weight:var(--awb-typography3-font-weight);--awb-text-font-style:var(--awb-typography3-font-style);\"><p>Os beneditinos de todo o mundo est\u00e3o se preparando para o Jubileu de 2029, que marca os 1.500 anos da funda\u00e7\u00e3o de Montecassino. Inspirado pelo Papa Le\u00e3o XIV, Adam Simon, Coordenador do Projeto 2029, revela o Jubileu como uma jornada atrav\u00e9s de lugares de esperan\u00e7a: os mosteiros beneditinos. <\/p>\n<\/div><\/div><\/div><div class=\"fusion-layout-column fusion_builder_column fusion-builder-column-1 fusion_builder_column_1_2 1_2 fusion-flex-column\" style=\"--awb-bg-size:cover;--awb-width-large:50%;--awb-margin-top-large:0px;--awb-spacing-right-large:30px;--awb-margin-bottom-large:0px;--awb-spacing-left-large:30px;--awb-width-medium:100%;--awb-order-medium:0;--awb-spacing-right-medium:30px;--awb-spacing-left-medium:30px;--awb-width-small:100%;--awb-order-small:0;--awb-spacing-right-small:30px;--awb-spacing-left-small:30px;\"><div class=\"fusion-column-wrapper fusion-column-has-shadow fusion-flex-justify-content-flex-start fusion-content-layout-column\"><div class=\"fusion-image-element \" style=\"--awb-caption-title-font-family:var(--h2_typography-font-family);--awb-caption-title-font-weight:var(--h2_typography-font-weight);--awb-caption-title-font-style:var(--h2_typography-font-style);--awb-caption-title-size:var(--h2_typography-font-size);--awb-caption-title-transform:var(--h2_typography-text-transform);--awb-caption-title-line-height:var(--h2_typography-line-height);--awb-caption-title-letter-spacing:var(--h2_typography-letter-spacing);\"><span class=\" fusion-imageframe imageframe-none imageframe-1 hover-type-none\" style=\"border:1px solid var(--awb-custom10);\"><a href=\"https:\/\/osb.org\/wp-content\/uploads\/2026\/01\/Abbazia-Montecassino-223.jpg\" class=\"fusion-lightbox\" data-rel=\"iLightbox[8e225c639d190186e69]\" data-title=\"Abbazia-Montecassino-223\" title=\"Abbazia-Montecassino-223\"><img decoding=\"async\" width=\"1200\" height=\"675\" src=\"https:\/\/osb.org\/wp-content\/uploads\/2026\/01\/Abbazia-Montecassino-223.jpg\" data-orig-src=\"https:\/\/osb.org\/wp-content\/uploads\/2026\/01\/Abbazia-Montecassino-223.jpg\" alt class=\"lazyload img-responsive wp-image-16198\" srcset=\"data:image\/svg+xml,%3Csvg%20xmlns%3D%27http%3A%2F%2Fwww.w3.org%2F2000%2Fsvg%27%20width%3D%271200%27%20height%3D%27675%27%20viewBox%3D%270%200%201200%20675%27%3E%3Crect%20width%3D%271200%27%20height%3D%27675%27%20fill-opacity%3D%220%22%2F%3E%3C%2Fsvg%3E\" data-srcset=\"https:\/\/osb.org\/wp-content\/uploads\/2026\/01\/Abbazia-Montecassino-223-200x113.jpg 200w, https:\/\/osb.org\/wp-content\/uploads\/2026\/01\/Abbazia-Montecassino-223-400x225.jpg 400w, https:\/\/osb.org\/wp-content\/uploads\/2026\/01\/Abbazia-Montecassino-223-600x338.jpg 600w, https:\/\/osb.org\/wp-content\/uploads\/2026\/01\/Abbazia-Montecassino-223-800x450.jpg 800w, https:\/\/osb.org\/wp-content\/uploads\/2026\/01\/Abbazia-Montecassino-223.jpg 1200w\" data-sizes=\"auto\" data-orig-sizes=\"(max-width: 1024px) 100vw, (max-width: 640px) 100vw, 600px\" \/><\/a><\/span><\/div><div class=\"fusion-text fusion-text-2 fusion-text-no-margin\" style=\"--awb-font-size:var(--awb-typography5-font-size);--awb-line-height:var(--awb-typography5-line-height);--awb-letter-spacing:var(--awb-typography5-letter-spacing);--awb-text-transform:var(--awb-typography5-text-transform);--awb-text-color:var(--awb-custom11);--awb-margin-top:12px;--awb-margin-bottom:12px;--awb-text-font-family:var(--awb-typography5-font-family);--awb-text-font-weight:var(--awb-typography5-font-weight);--awb-text-font-style:var(--awb-typography5-font-style);\"><\/div><\/div><\/div><div class=\"fusion-layout-column fusion_builder_column fusion-builder-column-2 fusion_builder_column_1_2 1_2 fusion-flex-column\" style=\"--awb-bg-size:cover;--awb-width-large:50%;--awb-margin-top-large:0px;--awb-spacing-right-large:30px;--awb-margin-bottom-large:0px;--awb-spacing-left-large:30px;--awb-width-medium:100%;--awb-order-medium:0;--awb-spacing-right-medium:30px;--awb-spacing-left-medium:30px;--awb-width-small:100%;--awb-order-small:0;--awb-spacing-right-small:30px;--awb-spacing-left-small:30px;\"><div class=\"fusion-column-wrapper fusion-column-has-shadow fusion-flex-justify-content-flex-start fusion-content-layout-column\"><div class=\"fusion-separator fusion-full-width-sep\" style=\"align-self: center;margin-left: auto;margin-right: auto;width:100%;\"><div class=\"fusion-separator-border sep-single sep-solid\" style=\"--awb-height:20px;--awb-amount:20px;--awb-sep-color:var(--awb-color4);border-color:var(--awb-color4);border-top-width:3px;\"><\/div><\/div><\/div><\/div><\/div><\/div><div class=\"fusion-fullwidth fullwidth-box fusion-builder-row-2 fusion-flex-container has-pattern-background has-mask-background hundred-percent-fullwidth non-hundred-percent-height-scrolling\" style=\"--awb-border-radius-top-left:0px;--awb-border-radius-top-right:0px;--awb-border-radius-bottom-right:0px;--awb-border-radius-bottom-left:0px;--awb-padding-right:60px;--awb-padding-left:60px;--awb-padding-right-medium:60px;--awb-padding-left-medium:60px;--awb-padding-right-small:30px;--awb-padding-left-small:30px;--awb-margin-top:30px;--awb-margin-top-small:0px;--awb-flex-wrap:wrap;\" ><div class=\"fusion-builder-row fusion-row fusion-flex-align-items-flex-start fusion-flex-justify-content-center fusion-flex-content-wrap\" style=\"width:calc( 100% + 60px ) !important;max-width:calc( 100% + 60px ) !important;margin-left: calc(-60px \/ 2 );margin-right: calc(-60px \/ 2 );\"><div class=\"fusion-layout-column fusion_builder_column fusion-builder-column-3 fusion_builder_column_1_2 1_2 fusion-flex-column\" style=\"--awb-bg-blend:overlay;--awb-bg-size:cover;--awb-width-large:50%;--awb-margin-top-large:0px;--awb-spacing-right-large:30px;--awb-margin-bottom-large:20px;--awb-spacing-left-large:30px;--awb-width-medium:75%;--awb-order-medium:0;--awb-spacing-right-medium:30px;--awb-spacing-left-medium:30px;--awb-width-small:100%;--awb-order-small:0;--awb-spacing-right-small:30px;--awb-spacing-left-small:30px;\"><div class=\"fusion-column-wrapper fusion-flex-justify-content-flex-start fusion-content-layout-column\"><div class=\"fusion-builder-row fusion-builder-row-inner fusion-row fusion-flex-align-items-flex-start fusion-flex-justify-content-center fusion-flex-content-wrap\" style=\"--awb-flex-grow:0;--awb-flex-grow-medium:0;--awb-flex-grow-small:0;--awb-flex-shrink:0;--awb-flex-shrink-medium:0;--awb-flex-shrink-small:0;width:calc( 100% + 60px ) !important;max-width:calc( 100% + 60px ) !important;margin-left: calc(-60px \/ 2 );margin-right: calc(-60px \/ 2 );\"><div class=\"fusion-layout-column fusion_builder_column_inner fusion-builder-nested-column-0 fusion_builder_column_inner_1_2 1_2 fusion-flex-column fusion-flex-align-self-center\" style=\"--awb-bg-size:cover;--awb-width-large:50%;--awb-margin-top-large:0px;--awb-spacing-right-large:30px;--awb-margin-bottom-large:0px;--awb-spacing-left-large:30px;--awb-width-medium:50%;--awb-order-medium:0;--awb-spacing-right-medium:30px;--awb-spacing-left-medium:30px;--awb-width-small:100%;--awb-order-small:1;--awb-spacing-right-small:30px;--awb-margin-bottom-small:20px;--awb-spacing-left-small:30px;\"><div class=\"fusion-column-wrapper fusion-column-has-shadow fusion-flex-justify-content-center fusion-content-layout-column\"><div class=\"fusion-text fusion-text-3 fusion-text-no-margin\" style=\"--awb-font-size:var(--awb-typography5-font-size);--awb-line-height:var(--awb-typography5-line-height);--awb-letter-spacing:var(--awb-typography5-letter-spacing);--awb-text-transform:var(--awb-typography5-text-transform);--awb-text-color:var(--awb-custom11);--awb-margin-top:0px;--awb-margin-right:0px;--awb-margin-bottom:0px;--awb-margin-left:0px;--awb-text-font-family:var(--awb-typography5-font-family);--awb-text-font-weight:var(--awb-typography5-font-weight);--awb-text-font-style:var(--awb-typography5-font-style);\"><p>4 janeiro 2026<\/p>\n<\/div><\/div><\/div><div class=\"fusion-layout-column fusion_builder_column_inner fusion-builder-nested-column-1 fusion_builder_column_inner_1_2 1_2 fusion-flex-column fusion-flex-align-self-center\" style=\"--awb-bg-size:cover;--awb-width-large:50%;--awb-margin-top-large:0px;--awb-spacing-right-large:30px;--awb-margin-bottom-large:0px;--awb-spacing-left-large:30px;--awb-width-medium:50%;--awb-order-medium:0;--awb-spacing-right-medium:30px;--awb-spacing-left-medium:30px;--awb-width-small:100%;--awb-order-small:0;--awb-margin-top-small:0px;--awb-spacing-right-small:30px;--awb-spacing-left-small:30px;\"><div class=\"fusion-column-wrapper fusion-column-has-shadow fusion-flex-justify-content-center fusion-content-layout-column\"><div class=\"fusion-sharing-box fusion-sharing-box-1 boxed-icons\" style=\"background-color:var(--awb-color1);border-color:var(--awb-color1);--awb-margin-top:0px;--awb-margin-right:0px;--awb-margin-bottom:0px;--awb-margin-left:0px;--awb-wrapper-padding-top:0px;--awb-wrapper-padding-right:0px;--awb-wrapper-padding-bottom:0px;--awb-wrapper-padding-left:0px;--awb-padding-top:0px;--awb-padding-right:0px;--awb-padding-bottom:0px;--awb-padding-left:0px;--awb-border-top:0px;--awb-border-right:0px;--awb-border-bottom:0px;--awb-border-left:0px;--awb-icon-size:12px;--awb-separator-border-color:#cccccc;--awb-separator-border-sizes:0px;--awb-stacked-align:flex-end;--awb-layout:row;--awb-alignment-small:flex-end;--awb-stacked-align-small:center;\" data-title=\"Um In\u00edcio Perfeito para os Preparativos do Jubileu de 2029\" data-description=\"Your Content Goes Here       \r\n\r\nAdam Simon\r\nCoordenador do Projeto 2029\r\nadam.simon@anselmianum.com\r\n\r\nEm setembro de 2024, centenas de abades se reuniram em Roma para o Congresso Quadrienal de Abades e concordaram em celebrar, em 2029, o 1500\u00ba anivers\u00e1rio da funda\u00e7\u00e3o de Montecassino como um Jubileu\" data-link=\"https:\/\/osb.org\/pt-br\/2026\/01\/04\/um-inicio-perfeito-para-os-preparativos-do-jubileu-de-2029\/\"><div class=\"fusion-social-networks sharingbox-shortcode-icon-wrapper sharingbox-shortcode-icon-wrapper-1 boxed-icons\"><span><a href=\"https:\/\/www.facebook.com\/sharer.php?u=https%3A%2F%2Fosb.org%2Fpt-br%2F2026%2F01%2F04%2Fum-inicio-perfeito-para-os-preparativos-do-jubileu-de-2029%2F&amp;t=Um%20In%C3%ADcio%20Perfeito%20para%20os%20Preparativos%20do%20Jubileu%20de%202029\" target=\"_blank\" rel=\"noreferrer\" title=\"Facebook\" aria-label=\"Facebook\"><i class=\"fusion-social-network-icon fusion-tooltip fusion-facebook awb-icon-facebook\" style=\"color:var(--awb-custom11);background-color:#e8e8e8;border-color:#e8e8e8;border-radius:50%;\" aria-hidden=\"true\"><\/i><\/a><\/span><span><a href=\"https:\/\/x.com\/intent\/post?text=Um%20In%C3%ADcio%20Perfeito%20para%20os%20Preparativos%20do%20Jubileu%20de%202029&amp;url=https%3A%2F%2Fosb.org%2Fpt-br%2F2026%2F01%2F04%2Fum-inicio-perfeito-para-os-preparativos-do-jubileu-de-2029%2F\" target=\"_blank\" rel=\"noopener noreferrer\" title=\"X\" aria-label=\"X\"><i class=\"fusion-social-network-icon fusion-tooltip fusion-twitter awb-icon-twitter\" style=\"color:var(--awb-custom11);background-color:#e8e8e8;border-color:#e8e8e8;border-radius:50%;\" aria-hidden=\"true\"><\/i><\/a><\/span><span><a href=\"https:\/\/api.whatsapp.com\/send?text=https%3A%2F%2Fosb.org%2Fpt-br%2F2026%2F01%2F04%2Fum-inicio-perfeito-para-os-preparativos-do-jubileu-de-2029%2F\" target=\"_blank\" rel=\"noopener noreferrer\" title=\"WhatsApp\" aria-label=\"WhatsApp\"><i class=\"fusion-social-network-icon fusion-tooltip fusion-whatsapp awb-icon-whatsapp\" style=\"color:var(--awb-custom11);background-color:#e8e8e8;border-color:#e8e8e8;border-radius:50%;\" aria-hidden=\"true\"><\/i><\/a><\/span><span><a href=\"mailto:?subject=Um%20In%C3%ADcio%20Perfeito%20para%20os%20Preparativos%20do%20Jubileu%20de%202029&amp;body=https%3A%2F%2Fosb.org%2Fpt-br%2F2026%2F01%2F04%2Fum-inicio-perfeito-para-os-preparativos-do-jubileu-de-2029%2F\" target=\"_self\" title=\"Email\" aria-label=\"Email\"><i class=\"fusion-social-network-icon fusion-tooltip fusion-mail awb-icon-mail\" style=\"color:var(--awb-custom11);background-color:#e8e8e8;border-color:#e8e8e8;border-radius:50%;\" aria-hidden=\"true\"><\/i><\/a><\/span><\/div><\/div><\/div><\/div><\/div><div class=\"fusion-text fusion-text-4\"><p><em>Adam Simon<\/em><br \/>\n<em>Coordenador do Projeto 2029<\/em><br \/>\n<a href=\"mailto:adam.simon@anselmianum.com\"><em>adam.simon@anselmianum.com<\/em><\/a><\/p>\n<p>Em setembro de 2024, centenas de abades se reuniram em Roma para o Congresso Quadrienal de Abades e concordaram em celebrar, em 2029, o 1500\u00ba anivers\u00e1rio da funda\u00e7\u00e3o de Montecassino como um Jubileu da vida beneditina. Os preparativos para este Jubileu come\u00e7aram sob a orienta\u00e7\u00e3o do Abade Primaz, com a aspira\u00e7\u00e3o de unir os beneditinos de todo o mundo em um Jubileu de lembran\u00e7a, reflex\u00e3o e renovada orienta\u00e7\u00e3o para o futuro. <\/p>\n<p>A visita do Papa Le\u00e3o XIV a Sant\u2019Anselmo, por ocasi\u00e3o do anivers\u00e1rio de sua dedica\u00e7\u00e3o, foi um importante momento de gratid\u00e3o, relembrando 125 anos de hist\u00f3ria. Foi tamb\u00e9m um evento que nos convidou a olhar para o futuro. Estamos ansiosos para nos inspirarmos nas palavras do Papa Le\u00e3o XIV, a fim de celebrar o futuro Jubileu de uma forma mais significativa e frut\u00edfera.  <\/p>\n<h2>Rumo ao Jubileu Beneditino de 2029<\/h2>\n<p>A organiza\u00e7\u00e3o do Jubileu est\u00e1 apenas em seu in\u00edcio, mas seu objetivo \u00e9 claro. \u00c9 um processo de transforma\u00e7\u00e3o, n\u00e3o um \u00fanico evento a ser celebrado em 2029. <\/p>\n<p>O tema escolhido para o Jubileu \u00e9 \u201cLugares de Esperan\u00e7a desde 529\u201d. Um mosteiro \u00e9 sempre um lugar; nunca \u00e9 uma ideia abstrata. Os mosteiros s\u00e3o t\u00e3o diversos porque est\u00e3o profundamente enraizados nas terras e culturas em que surgem. S\u00e3o lugares onde a esperan\u00e7a \u00e9 vivida e oferecida.   <\/p>\n<p>Em sua homilia em Sant\u2019Anselmo, o Papa Le\u00e3o XIV j\u00e1 parecia estar ciente deste tema, oferecendo-nos uma linguagem que o apoia lindamente. Ele descreveu o mosteiro como um lugar de encontro: <\/p>\n<blockquote>\n<p>A Dedica\u00e7\u00e3o \u00e9 o momento solene na hist\u00f3ria de um edif\u00edcio sagrado, quando \u00e9 consagrado para ser um lugar de encontro entre o espa\u00e7o e o tempo, entre o finito e o infinito, entre a humanidade e Deus: uma porta aberta para a eternidade.<\/p>\n<\/blockquote>\n<p>Esperamos que o Jubileu desperte entusiasmo, capture a imagina\u00e7\u00e3o das pessoas e fortale\u00e7a um sentimento de orgulho em nossos mosteiros. Olhando tanto para o passado quanto para o futuro, procuramos trazer \u00e0 luz o valor duradouro da Regra de S\u00e3o Bento e sua cont\u00ednua relev\u00e2ncia. <\/p>\n<h2>As Palavras do Papa Le\u00e3o XIV como Fonte de Inspira\u00e7\u00e3o<\/h2>\n<p>Em suas palavras de agradecimento ao Papa Le\u00e3o XIV, o Abade Jeremias pediu-lhe que acompanhasse a jornada do Jubileu:<\/p>\n<blockquote>\n<p>Desejamos explorar como esta tradi\u00e7\u00e3o de S\u00e3o Bento e Santa Escol\u00e1stica pode se tornar significativa para um mundo que mais uma vez se encontra \u00e0 beira da transforma\u00e7\u00e3o e da agita\u00e7\u00e3o. Esperamos e rezamos para que o sucessor de Pedro acompanhe nossa reflex\u00e3o, nosso discernimento e nossa a\u00e7\u00e3o \u2013 para aqueles de n\u00f3s que vivem em mosteiros, mas tamb\u00e9m para a Igreja e o mundo inteiro. <\/p>\n<\/blockquote>\n<p>O novo Pont\u00edfice claramente valoriza a contribui\u00e7\u00e3o dos beneditinos. De suas palavras, podemos discernir quatro vertentes de encorajamento que apoiam nossa vis\u00e3o do Jubileu. <\/p>\n<h3>1. O Jubileu \u00e9 dedicado \u00e0 evangeliza\u00e7\u00e3o<\/h3>\n<p>Antes de sua elei\u00e7\u00e3o como Papa, o Padre Robert Prevost, ent\u00e3o Prior Geral, foi entrevistado em 2012 ap\u00f3s participar do S\u00ednodo sobre a Evangeliza\u00e7\u00e3o. Ele enfatizou a import\u00e2ncia da vida religiosa na evangeliza\u00e7\u00e3o: <\/p>\n<blockquote>\n<p>A import\u00e2ncia da vida religiosa ao longo da hist\u00f3ria da Igreja deve ser apreciada e n\u00e3o pode ser subestimada\u2026 especialmente se olharmos para a primeira evangeliza\u00e7\u00e3o, que estabeleceu a Igreja local em v\u00e1rias regi\u00f5es. De l\u00e1 surgiu o que conhecemos hoje. <\/p>\n<\/blockquote>\n<p>Para o Papa Le\u00e3o XIV, a vida religiosa sempre foi central para o compromisso mission\u00e1rio da Igreja. Nosso Jubileu, portanto, tamb\u00e9m deve ser um tempo de renovada energia mission\u00e1ria, no qual nossos \u201clugares de esperan\u00e7a\u201d mais uma vez se tornem centros de evangeliza\u00e7\u00e3o. <\/p>\n<h3>2. Mosteiros como agentes de transforma\u00e7\u00e3o<\/h3>\n<p>Em sua primeira exorta\u00e7\u00e3o apost\u00f3lica, Dilexi te, o Papa Le\u00e3o XIV dedica uma se\u00e7\u00e3o substancial ao papel dos beneditinos, oferecendo rica inspira\u00e7\u00e3o para a prepara\u00e7\u00e3o do Jubileu. Ele define a Regra de S\u00e3o Bento como \u201ca espinha dorsal da espiritualidade mon\u00e1stica europeia\u201d. A vida mon\u00e1stica \u00e9 uma \u201cescola de caridade\u201d, na qual o trabalho manual molda o cora\u00e7\u00e3o para o servi\u00e7o e o prepara para acolher Cristo na pessoa dos pobres e dos estrangeiros.  <\/p>\n<p>Nesta exorta\u00e7\u00e3o, ele apresenta a tradi\u00e7\u00e3o mon\u00e1stica como \u201cum caminho concreto para transformar a sociedade\u201d. Os mosteiros, estes \u201clugares de esperan\u00e7a\u201d tang\u00edveis, s\u00e3o chamados a ser fermento para uma nova civiliza\u00e7\u00e3o, onde a dignidade de cada pessoa \u00e9 honrada e o Evangelho atua de forma silenciosa, mas poderosa. <\/p>\n<h3>3. O Jubileu como uma oportunidade de renova\u00e7\u00e3o<\/h3>\n<p>Em meio ao caos e \u00e0 incerteza, muitas pessoas hoje buscam renova\u00e7\u00e3o e uma vida espiritual mais profunda. Raramente a f\u00e9 foi t\u00e3o necess\u00e1ria ou t\u00e3o relevante. O Papa Le\u00e3o XIV falou explicitamente sobre renova\u00e7\u00e3o em seu discurso ao clero de Roma em 19 de setembro de 2025:  <\/p>\n<blockquote>\n<p>Atrav\u00e9s do processo sinodal, o Esp\u00edrito despertou a esperan\u00e7a de uma renova\u00e7\u00e3o eclesial capaz de revitalizar as comunidades, para que possam crescer em estilo evang\u00e9lico, em proximidade com Deus e em uma presen\u00e7a de servi\u00e7o e testemunho no mundo.<\/p>\n<\/blockquote>\n<p>O Jubileu torna-se, assim, um momento privilegiado para acolher e responder a este chamado \u00e0 renova\u00e7\u00e3o \u2013 dentro de nossos mosteiros, nossas comunidades de oblatos e leigos e todos aqueles que buscam na vida beneditina orienta\u00e7\u00e3o e for\u00e7a.<\/p>\n<h3>4. Cristo no centro da vis\u00e3o do Jubileu<\/h3>\n<p>Nossa vis\u00e3o do Jubileu est\u00e1 enraizada em Cristo e guiada pela Regra. Em suas palavras em Sant\u2019Anselmo, o Papa Le\u00e3o XIV colocou claramente Cristo no centro da miss\u00e3o da Igreja: <\/p>\n<blockquote>\n<p>Esta celebra\u00e7\u00e3o nos lembra que\u2026 n\u00f3s tamb\u00e9m podemos responder ao chamado de nossa voca\u00e7\u00e3o apenas colocando Cristo no centro de nossa exist\u00eancia e de nossa miss\u00e3o, come\u00e7ando com aquele ato de f\u00e9 que nos leva a reconhec\u00ea-lo como o Salvador e traduzindo-o em ora\u00e7\u00e3o, estudo e o compromisso de uma vida santa.<\/p>\n<\/blockquote>\n<p>Todos os temas do nosso Jubileu \u2013 Despertar, Ouvir, Crescer, Florescer \u2013 s\u00e3o, em \u00faltima an\u00e1lise, convites para colocar Cristo mais firmemente no centro de nossas vidas e comunidades, em lugares e circunst\u00e2ncias muito concretas.<\/p>\n<h2>O Programa do Jubileu: quatro anos, quatro lugares de esperan\u00e7a<\/h2>\n<p>Cada ano no per\u00edodo que antecede o Jubileu haver\u00e1 um tema e ser\u00e1 centrado em um mosteiro, um lugar de esperan\u00e7a onde a Regra criou ra\u00edzes em um contexto particular.<\/p>\n<h3>2026 \u2013 N\u00farsia: \u201cDespertar\u201d<\/h3>\n<p>O ber\u00e7o de S\u00e3o Bento nos convida a come\u00e7ar a jornada na companhia do santo, de sua irm\u00e3 g\u00eamea Santa Escol\u00e1stica e de sua fam\u00edlia. \u00c9 um convite \u00e0 mem\u00f3ria e \u00e0 gratid\u00e3o. <\/p>\n<h3>2027 \u2013 Roma: \u201cOuvir\u201d<\/h3>\n<p>No cora\u00e7\u00e3o da Igreja, S\u00e3o Bento ouve: a Palavra de Deus, o ensinamento da Igreja e os clamores e esperan\u00e7as do mundo. \u00c9 um tempo de convers\u00e3o, coragem e aventura. <\/p>\n<h3>2028 \u2013 Subiaco: \u201cCrescer\u201d<\/h3>\n<p>Na solid\u00e3o e beleza de Subiaco, refletimos sobre o crescimento na vida espiritual e em comunidade, formados na escola do servi\u00e7o ao Senhor. \u00c9 um tempo de luta em que S\u00e3o Bento abra\u00e7a a mudan\u00e7a. <\/p>\n<h3>2029 \u2013 Montecassino: \u201cFlorescer\u201d<\/h3>\n<p>Em Montecassino, o centro de nossa celebra\u00e7\u00e3o, contemplamos o chamado para florescer em santidade e servi\u00e7o, oferecendo nossos mosteiros como lugares duradouros de esperan\u00e7a para a Igreja e o mundo.<\/p>\n<p>Como todos os Jubileus, come\u00e7amos com gratid\u00e3o. Mas h\u00e1 tamb\u00e9m um senso de penit\u00eancia: o que a fam\u00edlia beneditina fez com a heran\u00e7a de S\u00e3o Bento? Como disse o Papa Le\u00e3o XIV em seu discurso em Sant\u2019Anselmo em 11 de novembro, citando uma frase do Discurso em Sant\u2019Anselmo pelo Papa S\u00e3o Jo\u00e3o Paulo II (1\u00ba de junho de 1986):  <\/p>\n<blockquote>\n<p>Sant\u2019Anselmo nos lembra que o conhecimento dos mist\u00e9rios divinos n\u00e3o \u00e9 tanto o fruto do g\u00eanio humano, mas sim um dom que Deus d\u00e1 aos humildes e fi\u00e9is.<\/p>\n<\/blockquote>\n<p>O esp\u00edrito do Jubileu \u00e9, portanto, fundado em abra\u00e7ar a humildade como ponto de partida para a renova\u00e7\u00e3o.<\/p>\n<p>A partir desta funda\u00e7\u00e3o, desejamos convidar o mundo para a esperan\u00e7a, a sabedoria e a estabilidade da vida beneditina. Tamb\u00e9m desejamos abrir novas fronteiras, ecoando as palavras do Papa Le\u00e3o XIV em 11 de novembro: <\/p>\n<blockquote>\n<p>O monasticismo tem sido uma realidade de \u2018fronteira\u2019, que tem levado homens e mulheres corajosos a estabelecer centros de ora\u00e7\u00e3o, trabalho e caridade nos lugares mais remotos e desafiadores.<\/p>\n<\/blockquote>\n<h2>Planejando um Jubileu para o S\u00e9culo 21<\/h2>\n<p>Estamos planejando eventos para celebrar o Jubileu e incentivando a cria\u00e7\u00e3o de obras culturais como livros, m\u00fasica, arte e v\u00eddeo. Convidamos calorosamente os leitores deste artigo a sugerir formas de celebrar o Jubileu, escrevendo para o Grupo Diretivo de 2029: <a href=\"mailto:adam.simon@anselmianum.com\">adam.simon@anselmianum.com<\/a>. <\/p>\n<p>Este ser\u00e1 o primeiro Jubileu digital para os beneditinos, uma grande diferen\u00e7a em rela\u00e7\u00e3o \u00e0s celebra\u00e7\u00f5es anteriores, como os Jubileus do nascimento de S\u00e3o Bento em 1880 e 1980. Criaremos um site dedicado e um centro digital global onde os mosteiros poder\u00e3o compartilhar recursos. Estamos profundamente conscientes da rica diversidade cultural dos beneditinos em todo o mundo e desejamos refletir isso online. Em uma ordem normalmente focada localmente em suas comunidades de origem, pretendemos criar um legado de longo prazo de conex\u00e3o global.   <\/p>\n<p>Tamb\u00e9m desejamos alcan\u00e7ar um p\u00fablico mais amplo: monges e monjas; oblatos e leigos; jovens e estudantes; fam\u00edlias; a Igreja em geral; e buscadores da verdade. Desejamos renovar nosso carisma ecum\u00eanico a servi\u00e7o da Igreja, como afirmou o Abade Jeremias em 11 de novembro: <\/p>\n<blockquote>\n<p>Muitos de nossos mosteiros t\u00eam se dedicado ao di\u00e1logo ecum\u00eanico, com particular aten\u00e7\u00e3o \u00e0s Igrejas Orientais\u2026 mesmo hoje estamos prontos para continuar ao longo deste caminho.<\/p>\n<\/blockquote>\n<p>Desejamos estimular o interesse pela vida e voca\u00e7\u00e3o beneditina, aproximando as pessoas dos mosteiros e valorizando-os como lugares duradouros de esperan\u00e7a em todo o mundo. Esperamos que isso leve a mais visitantes, um envolvimento mais profundo e, se Deus quiser, novas voca\u00e7\u00f5es. Queremos que este Jubileu seja um presente para o mundo inteiro, como afirmou o Abade Jeremias em Sant\u2019Anselmo em 11 de novembro:  <\/p>\n<blockquote>\n<p>S\u00e3o Bento inspirou e regulamentou um modo de vida que transformou este continente, como reconheceu o Papa Paulo VI quando o proclamou patrono principal da Europa. A heran\u00e7a beneditina n\u00e3o pertence apenas a n\u00f3s, monges e monjas: \u00e9 um presente para toda a Igreja e para o mundo inteiro. <\/p>\n<\/blockquote>\n<p>Nossa ora\u00e7\u00e3o para o Jubileu \u00e9 pela renova\u00e7\u00e3o e transforma\u00e7\u00e3o dos beneditinos em todo o mundo, para que nossos mosteiros possam verdadeiramente ser \u201clugares de esperan\u00e7a\u201d para todos que os encontram. Somos gratos ao Papa Le\u00e3o XIV por estar conosco no in\u00edcio desta jornada e nos inspiramos em suas palavras e em sua presen\u00e7a. <\/p>\n<\/div><div style=\"text-align:center;\"><a class=\"fusion-button button-flat fusion-button-default-size button-custom fusion-button-default button-1 fusion-button-span-yes fusion-button-default-type\" style=\"--awb-margin-top:10px;--button_accent_color:#ffffff;--button_accent_hover_color:#ffffff;--button_border_hover_color:#ffffff;--button_gradient_top_color:#1f7aa7;--button_gradient_bottom_color:#1f7aa7;--button_gradient_top_color_hover:#72cee0;--button_gradient_bottom_color_hover:#72cee0;\" target=\"_blank\" rel=\"noopener noreferrer\" href=\"mailto:adam.simon@anselmianum.com\"><span class=\"fusion-button-icon-divider button-icon-divider-left\"><i class=\"icon-osbdotorgenvelop awb-button__icon awb-button__icon--default\" aria-hidden=\"true\"><\/i><\/span><span class=\"fusion-button-text awb-button__text awb-button__text--default fusion-button-text-left\">Enviar uma sugest\u00e3o por e-mail<\/span><\/a><\/div><\/div><\/div><\/div><\/div><\/p>\n","protected":false},"excerpt":{"rendered":"<p>Os beneditinos de todo o mundo est\u00e3o se preparando para o Jubileu de 2029, que marca os 1.500 anos da funda\u00e7\u00e3o de Montecassino. Inspirado pelo Papa Le\u00e3o XIV, Adam Simon, Coordenador do Projeto 2029, revela o Jubileu como uma jornada atrav\u00e9s de lugares de esperan\u00e7a: os mosteiros beneditinos. <\/p>\n","protected":false},"author":1,"featured_media":16198,"comment_status":"closed","ping_status":"closed","sticky":false,"template":"","format":"standard","meta":{"footnotes":""},"categories":[185],"tags":[387,381],"class_list":["post-16197","post","type-post","status-publish","format-standard","has-post-thumbnail","hentry","category-nexus-pt","tag-nexus-missa-papal-25","tag-nexus-janeiro-2026-pt"],"cc_featured_image_caption":{"caption_text":false,"source_text":false,"source_url":false},"_links":{"self":[{"href":"https:\/\/osb.org\/pt-br\/wp-json\/wp\/v2\/posts\/16197","targetHints":{"allow":["GET"]}}],"collection":[{"href":"https:\/\/osb.org\/pt-br\/wp-json\/wp\/v2\/posts"}],"about":[{"href":"https:\/\/osb.org\/pt-br\/wp-json\/wp\/v2\/types\/post"}],"author":[{"embeddable":true,"href":"https:\/\/osb.org\/pt-br\/wp-json\/wp\/v2\/users\/1"}],"replies":[{"embeddable":true,"href":"https:\/\/osb.org\/pt-br\/wp-json\/wp\/v2\/comments?post=16197"}],"version-history":[{"count":0,"href":"https:\/\/osb.org\/pt-br\/wp-json\/wp\/v2\/posts\/16197\/revisions"}],"wp:featuredmedia":[{"embeddable":true,"href":"https:\/\/osb.org\/pt-br\/wp-json\/wp\/v2\/media\/16198"}],"wp:attachment":[{"href":"https:\/\/osb.org\/pt-br\/wp-json\/wp\/v2\/media?parent=16197"}],"wp:term":[{"taxonomy":"category","embeddable":true,"href":"https:\/\/osb.org\/pt-br\/wp-json\/wp\/v2\/categories?post=16197"},{"taxonomy":"post_tag","embeddable":true,"href":"https:\/\/osb.org\/pt-br\/wp-json\/wp\/v2\/tags?post=16197"}],"curies":[{"name":"wp","href":"https:\/\/api.w.org\/{rel}","templated":true}]}}