{"id":15850,"date":"2025-11-22T16:43:40","date_gmt":"2025-11-22T15:43:40","guid":{"rendered":"https:\/\/osb.org\/2025\/11\/22\/formacao-de-verao-em-santanselmo-tres-programas-em-lingua-inglesa-para-2026\/"},"modified":"2026-01-26T18:42:54","modified_gmt":"2026-01-26T17:42:54","slug":"formacao-de-verao-em-santanselmo-tres-programas-em-lingua-inglesa-para-2026","status":"publish","type":"post","link":"https:\/\/osb.org\/pt-br\/2025\/11\/22\/formacao-de-verao-em-santanselmo-tres-programas-em-lingua-inglesa-para-2026\/","title":{"rendered":"Forma\u00e7\u00e3o de Ver\u00e3o em Sant\u2019Anselmo: Tr\u00eas programas em l\u00edngua inglesa para 2026"},"content":{"rendered":"<p><div class=\"fusion-fullwidth fullwidth-box fusion-builder-row-1 fusion-flex-container has-pattern-background has-mask-background hundred-percent-fullwidth non-hundred-percent-height-scrolling\" style=\"--awb-border-sizes-bottom:1px;--awb-border-color:var(--awb-custom11);--awb-border-radius-top-left:0px;--awb-border-radius-top-right:0px;--awb-border-radius-bottom-right:0px;--awb-border-radius-bottom-left:0px;--awb-padding-right:60px;--awb-padding-bottom:20px;--awb-padding-left:60px;--awb-padding-right-small:30px;--awb-padding-left-small:30px;--awb-margin-top-medium:1px;--awb-margin-top-small:0px;--awb-flex-wrap:wrap;\" ><div class=\"fusion-builder-row fusion-row fusion-flex-align-items-center fusion-flex-justify-content-flex-end fusion-flex-content-wrap\" style=\"width:calc( 100% + 60px ) !important;max-width:calc( 100% + 60px ) !important;margin-left: calc(-60px \/ 2 );margin-right: calc(-60px \/ 2 );\"><div class=\"fusion-layout-column fusion_builder_column fusion-builder-column-0 fusion_builder_column_1_2 1_2 fusion-flex-column\" style=\"--awb-padding-right:60px;--awb-padding-left:60px;--awb-padding-right-small:0px;--awb-padding-left-small:0px;--awb-bg-size:cover;--awb-width-large:50%;--awb-margin-top-large:0px;--awb-spacing-right-large:30px;--awb-margin-bottom-large:20px;--awb-spacing-left-large:30px;--awb-width-medium:100%;--awb-order-medium:0;--awb-margin-top-medium:20px;--awb-spacing-right-medium:30px;--awb-margin-bottom-medium:0px;--awb-spacing-left-medium:30px;--awb-width-small:100%;--awb-order-small:0;--awb-spacing-right-small:30px;--awb-spacing-left-small:30px;\"><div class=\"fusion-column-wrapper fusion-column-has-shadow fusion-flex-justify-content-flex-start fusion-content-layout-column\"><div class=\"fusion-title title fusion-title-1 fusion-sep-none fusion-title-text fusion-title-size-one\" style=\"--awb-text-color:var(--awb-custom13);--awb-margin-top-small:0px;--awb-margin-right-small:0px;--awb-margin-bottom-small:20px;--awb-margin-left-small:0px;--awb-font-size:40px;\"><h1 class=\"fusion-title-heading title-heading-left md-text-align-center fusion-responsive-typography-calculated\" style=\"font-family:var(--awb-typography1-font-family);font-weight:var(--awb-typography1-font-weight);font-style:var(--awb-typography1-font-style);margin:0;letter-spacing:var(--awb-typography1-letter-spacing);text-transform:var(--awb-typography1-text-transform);font-size:1em;--fontSize:40;line-height:var(--awb-typography1-line-height);\">Forma\u00e7\u00e3o de Ver\u00e3o em Sant\u2019Anselmo: Tr\u00eas programas em l\u00edngua inglesa para 2026<\/h1><\/div><div class=\"fusion-text fusion-text-1 fusion-no-small-visibility fusion-no-medium-visibility\" style=\"--awb-font-size:var(--awb-typography3-font-size);--awb-line-height:var(--awb-typography3-line-height);--awb-letter-spacing:var(--awb-typography3-letter-spacing);--awb-text-transform:var(--awb-typography3-text-transform);--awb-text-color:var(--awb-custom12);--awb-text-font-family:var(--awb-typography3-font-family);--awb-text-font-weight:var(--awb-typography3-font-weight);--awb-text-font-style:var(--awb-typography3-font-style);\"><p>Sant\u2019Anselmo oferecer\u00e1 tr\u00eas programas de forma\u00e7\u00e3o no ver\u00e3o de 2026, apoiando monges, monjas e oblatos com forma\u00e7\u00e3o pr\u00e1tica, renova\u00e7\u00e3o e estudo focado no cora\u00e7\u00e3o de Roma.<\/p>\n<\/div><\/div><\/div><div class=\"fusion-layout-column fusion_builder_column fusion-builder-column-1 fusion_builder_column_1_2 1_2 fusion-flex-column\" style=\"--awb-bg-size:cover;--awb-width-large:50%;--awb-margin-top-large:0px;--awb-spacing-right-large:30px;--awb-margin-bottom-large:0px;--awb-spacing-left-large:30px;--awb-width-medium:100%;--awb-order-medium:0;--awb-spacing-right-medium:30px;--awb-spacing-left-medium:30px;--awb-width-small:100%;--awb-order-small:0;--awb-spacing-right-small:30px;--awb-spacing-left-small:30px;\"><div class=\"fusion-column-wrapper fusion-column-has-shadow fusion-flex-justify-content-flex-start fusion-content-layout-column\"><div class=\"fusion-image-element \" style=\"--awb-caption-title-font-family:var(--h2_typography-font-family);--awb-caption-title-font-weight:var(--h2_typography-font-weight);--awb-caption-title-font-style:var(--h2_typography-font-style);--awb-caption-title-size:var(--h2_typography-font-size);--awb-caption-title-transform:var(--h2_typography-text-transform);--awb-caption-title-line-height:var(--h2_typography-line-height);--awb-caption-title-letter-spacing:var(--h2_typography-letter-spacing);\"><span class=\" fusion-imageframe imageframe-none imageframe-1 hover-type-none\" style=\"border:1px solid var(--awb-custom10);\"><a href=\"https:\/\/osb.org\/wp-content\/uploads\/2025\/11\/new_programs_grid_H_1.jpg\" class=\"fusion-lightbox\" data-rel=\"iLightbox[bc46e17293f19a50ca8]\" data-title=\"new_programs_grid_H_1\" title=\"new_programs_grid_H_1\"><img decoding=\"async\" width=\"1920\" height=\"1080\" src=\"https:\/\/osb.org\/wp-content\/uploads\/2025\/11\/new_programs_grid_H_1.jpg\" data-orig-src=\"https:\/\/osb.org\/wp-content\/uploads\/2025\/11\/new_programs_grid_H_1.jpg\" alt class=\"lazyload img-responsive wp-image-15849\" srcset=\"data:image\/svg+xml,%3Csvg%20xmlns%3D%27http%3A%2F%2Fwww.w3.org%2F2000%2Fsvg%27%20width%3D%271920%27%20height%3D%271080%27%20viewBox%3D%270%200%201920%201080%27%3E%3Crect%20width%3D%271920%27%20height%3D%271080%27%20fill-opacity%3D%220%22%2F%3E%3C%2Fsvg%3E\" data-srcset=\"https:\/\/osb.org\/wp-content\/uploads\/2025\/11\/new_programs_grid_H_1-200x113.jpg 200w, https:\/\/osb.org\/wp-content\/uploads\/2025\/11\/new_programs_grid_H_1-400x225.jpg 400w, https:\/\/osb.org\/wp-content\/uploads\/2025\/11\/new_programs_grid_H_1-600x338.jpg 600w, https:\/\/osb.org\/wp-content\/uploads\/2025\/11\/new_programs_grid_H_1-800x450.jpg 800w, https:\/\/osb.org\/wp-content\/uploads\/2025\/11\/new_programs_grid_H_1-1200x675.jpg 1200w, https:\/\/osb.org\/wp-content\/uploads\/2025\/11\/new_programs_grid_H_1.jpg 1920w\" data-sizes=\"auto\" data-orig-sizes=\"(max-width: 1024px) 100vw, (max-width: 640px) 100vw, 600px\" \/><\/a><\/span><\/div><div class=\"fusion-text fusion-text-2 fusion-text-no-margin\" style=\"--awb-font-size:var(--awb-typography5-font-size);--awb-line-height:var(--awb-typography5-line-height);--awb-letter-spacing:var(--awb-typography5-letter-spacing);--awb-text-transform:var(--awb-typography5-text-transform);--awb-text-color:var(--awb-custom11);--awb-margin-top:12px;--awb-margin-bottom:12px;--awb-text-font-family:var(--awb-typography5-font-family);--awb-text-font-weight:var(--awb-typography5-font-weight);--awb-text-font-style:var(--awb-typography5-font-style);\"><\/div><\/div><\/div><div class=\"fusion-layout-column fusion_builder_column fusion-builder-column-2 fusion_builder_column_1_2 1_2 fusion-flex-column\" style=\"--awb-bg-size:cover;--awb-width-large:50%;--awb-margin-top-large:0px;--awb-spacing-right-large:30px;--awb-margin-bottom-large:0px;--awb-spacing-left-large:30px;--awb-width-medium:100%;--awb-order-medium:0;--awb-spacing-right-medium:30px;--awb-spacing-left-medium:30px;--awb-width-small:100%;--awb-order-small:0;--awb-spacing-right-small:30px;--awb-spacing-left-small:30px;\"><div class=\"fusion-column-wrapper fusion-column-has-shadow fusion-flex-justify-content-flex-start fusion-content-layout-column\"><div class=\"fusion-separator fusion-full-width-sep\" style=\"align-self: center;margin-left: auto;margin-right: auto;width:100%;\"><div class=\"fusion-separator-border sep-single sep-solid\" style=\"--awb-height:20px;--awb-amount:20px;--awb-sep-color:var(--awb-color4);border-color:var(--awb-color4);border-top-width:3px;\"><\/div><\/div><\/div><\/div><\/div><\/div><div class=\"fusion-fullwidth fullwidth-box fusion-builder-row-2 fusion-flex-container has-pattern-background has-mask-background hundred-percent-fullwidth non-hundred-percent-height-scrolling\" style=\"--awb-border-radius-top-left:0px;--awb-border-radius-top-right:0px;--awb-border-radius-bottom-right:0px;--awb-border-radius-bottom-left:0px;--awb-padding-right:60px;--awb-padding-left:60px;--awb-padding-right-medium:60px;--awb-padding-left-medium:60px;--awb-padding-right-small:30px;--awb-padding-left-small:30px;--awb-margin-top:30px;--awb-margin-top-small:0px;--awb-flex-wrap:wrap;\" ><div class=\"fusion-builder-row fusion-row fusion-flex-align-items-flex-start fusion-flex-justify-content-center fusion-flex-content-wrap\" style=\"width:calc( 100% + 60px ) !important;max-width:calc( 100% + 60px ) !important;margin-left: calc(-60px \/ 2 );margin-right: calc(-60px \/ 2 );\"><div class=\"fusion-layout-column fusion_builder_column fusion-builder-column-3 fusion_builder_column_2_5 2_5 fusion-flex-column\" style=\"--awb-bg-blend:overlay;--awb-bg-size:cover;--awb-width-large:40%;--awb-margin-top-large:0px;--awb-spacing-right-large:30px;--awb-margin-bottom-large:20px;--awb-spacing-left-large:30px;--awb-width-medium:75%;--awb-order-medium:0;--awb-spacing-right-medium:30px;--awb-spacing-left-medium:30px;--awb-width-small:100%;--awb-order-small:0;--awb-spacing-right-small:30px;--awb-spacing-left-small:30px;\"><div class=\"fusion-column-wrapper fusion-flex-justify-content-flex-start fusion-content-layout-column\"><div class=\"fusion-builder-row fusion-builder-row-inner fusion-row fusion-flex-align-items-flex-start fusion-flex-justify-content-center fusion-flex-content-wrap\" style=\"--awb-flex-grow:0;--awb-flex-grow-medium:0;--awb-flex-grow-small:0;--awb-flex-shrink:0;--awb-flex-shrink-medium:0;--awb-flex-shrink-small:0;width:calc( 100% + 60px ) !important;max-width:calc( 100% + 60px ) !important;margin-left: calc(-60px \/ 2 );margin-right: calc(-60px \/ 2 );\"><div class=\"fusion-layout-column fusion_builder_column_inner fusion-builder-nested-column-0 fusion_builder_column_inner_1_2 1_2 fusion-flex-column fusion-flex-align-self-center\" style=\"--awb-bg-size:cover;--awb-width-large:50%;--awb-margin-top-large:0px;--awb-spacing-right-large:30px;--awb-margin-bottom-large:0px;--awb-spacing-left-large:30px;--awb-width-medium:50%;--awb-order-medium:0;--awb-spacing-right-medium:30px;--awb-spacing-left-medium:30px;--awb-width-small:100%;--awb-order-small:1;--awb-spacing-right-small:30px;--awb-margin-bottom-small:20px;--awb-spacing-left-small:30px;\"><div class=\"fusion-column-wrapper fusion-column-has-shadow fusion-flex-justify-content-center fusion-content-layout-column\"><div class=\"fusion-text fusion-text-3 fusion-text-no-margin\" style=\"--awb-font-size:var(--awb-typography5-font-size);--awb-line-height:var(--awb-typography5-line-height);--awb-letter-spacing:var(--awb-typography5-letter-spacing);--awb-text-transform:var(--awb-typography5-text-transform);--awb-text-color:var(--awb-custom11);--awb-margin-top:0px;--awb-margin-right:0px;--awb-margin-bottom:0px;--awb-margin-left:0px;--awb-text-font-family:var(--awb-typography5-font-family);--awb-text-font-weight:var(--awb-typography5-font-weight);--awb-text-font-style:var(--awb-typography5-font-style);\"><p>22 novembro 2025<\/p>\n<\/div><\/div><\/div><div class=\"fusion-layout-column fusion_builder_column_inner fusion-builder-nested-column-1 fusion_builder_column_inner_1_2 1_2 fusion-flex-column fusion-flex-align-self-center\" style=\"--awb-bg-size:cover;--awb-width-large:50%;--awb-margin-top-large:0px;--awb-spacing-right-large:30px;--awb-margin-bottom-large:0px;--awb-spacing-left-large:30px;--awb-width-medium:50%;--awb-order-medium:0;--awb-spacing-right-medium:30px;--awb-spacing-left-medium:30px;--awb-width-small:100%;--awb-order-small:0;--awb-margin-top-small:0px;--awb-spacing-right-small:30px;--awb-spacing-left-small:30px;\"><div class=\"fusion-column-wrapper fusion-column-has-shadow fusion-flex-justify-content-center fusion-content-layout-column\"><div class=\"fusion-sharing-box fusion-sharing-box-1 boxed-icons\" style=\"background-color:var(--awb-color1);border-color:var(--awb-color1);--awb-margin-top:0px;--awb-margin-right:0px;--awb-margin-bottom:0px;--awb-margin-left:0px;--awb-wrapper-padding-top:0px;--awb-wrapper-padding-right:0px;--awb-wrapper-padding-bottom:0px;--awb-wrapper-padding-left:0px;--awb-padding-top:0px;--awb-padding-right:0px;--awb-padding-bottom:0px;--awb-padding-left:0px;--awb-border-top:0px;--awb-border-right:0px;--awb-border-bottom:0px;--awb-border-left:0px;--awb-icon-size:12px;--awb-separator-border-color:#cccccc;--awb-separator-border-sizes:0px;--awb-stacked-align:flex-end;--awb-layout:row;--awb-alignment-small:flex-end;--awb-stacked-align-small:center;\" data-title=\"Forma\u00e7\u00e3o de Ver\u00e3o em Sant\u2019Anselmo: Tr\u00eas programas em l\u00edngua inglesa para 2026\" data-description=\"Your Content Goes Here       \r\n\r\nSant\u2019Anselmo continua a servir o mundo beneditino como um centro de forma\u00e7\u00e3o e reflex\u00e3o onde as quest\u00f5es contempor\u00e2neas encontram a profundidade da tradi\u00e7\u00e3o mon\u00e1stica. As suas iniciativas de ver\u00e3o para 2026 respondem \u00e0s necessidades manifestadas em toda a\" data-link=\"https:\/\/osb.org\/pt-br\/2025\/11\/22\/formacao-de-verao-em-santanselmo-tres-programas-em-lingua-inglesa-para-2026\/\"><div class=\"fusion-social-networks sharingbox-shortcode-icon-wrapper sharingbox-shortcode-icon-wrapper-1 boxed-icons\"><span><a href=\"https:\/\/www.facebook.com\/sharer.php?u=https%3A%2F%2Fosb.org%2Fpt-br%2F2025%2F11%2F22%2Fformacao-de-verao-em-santanselmo-tres-programas-em-lingua-inglesa-para-2026%2F&amp;t=Forma%C3%A7%C3%A3o%20de%20Ver%C3%A3o%20em%20Sant%E2%80%99Anselmo%3A%20Tr%C3%AAs%20programas%20em%20l%C3%ADngua%20inglesa%20para%202026\" target=\"_blank\" rel=\"noreferrer\" title=\"Facebook\" aria-label=\"Facebook\"><i class=\"fusion-social-network-icon fusion-tooltip fusion-facebook awb-icon-facebook\" style=\"color:var(--awb-custom11);background-color:#e8e8e8;border-color:#e8e8e8;border-radius:50%;\" aria-hidden=\"true\"><\/i><\/a><\/span><span><a href=\"https:\/\/x.com\/intent\/post?text=Forma%C3%A7%C3%A3o%20de%20Ver%C3%A3o%20em%20Sant%E2%80%99Anselmo%3A%20Tr%C3%AAs%20programas%20em%20l%C3%ADngua%20inglesa%20para%202026&amp;url=https%3A%2F%2Fosb.org%2Fpt-br%2F2025%2F11%2F22%2Fformacao-de-verao-em-santanselmo-tres-programas-em-lingua-inglesa-para-2026%2F\" target=\"_blank\" rel=\"noopener noreferrer\" title=\"X\" aria-label=\"X\"><i class=\"fusion-social-network-icon fusion-tooltip fusion-twitter awb-icon-twitter\" style=\"color:var(--awb-custom11);background-color:#e8e8e8;border-color:#e8e8e8;border-radius:50%;\" aria-hidden=\"true\"><\/i><\/a><\/span><span><a href=\"https:\/\/api.whatsapp.com\/send?text=https%3A%2F%2Fosb.org%2Fpt-br%2F2025%2F11%2F22%2Fformacao-de-verao-em-santanselmo-tres-programas-em-lingua-inglesa-para-2026%2F\" target=\"_blank\" rel=\"noopener noreferrer\" title=\"WhatsApp\" aria-label=\"WhatsApp\"><i class=\"fusion-social-network-icon fusion-tooltip fusion-whatsapp awb-icon-whatsapp\" style=\"color:var(--awb-custom11);background-color:#e8e8e8;border-color:#e8e8e8;border-radius:50%;\" aria-hidden=\"true\"><\/i><\/a><\/span><span><a href=\"mailto:?subject=Forma%C3%A7%C3%A3o%20de%20Ver%C3%A3o%20em%20Sant%E2%80%99Anselmo%3A%20Tr%C3%AAs%20programas%20em%20l%C3%ADngua%20inglesa%20para%202026&amp;body=https%3A%2F%2Fosb.org%2Fpt-br%2F2025%2F11%2F22%2Fformacao-de-verao-em-santanselmo-tres-programas-em-lingua-inglesa-para-2026%2F\" target=\"_self\" title=\"Email\" aria-label=\"Email\"><i class=\"fusion-social-network-icon fusion-tooltip fusion-mail awb-icon-mail\" style=\"color:var(--awb-custom11);background-color:#e8e8e8;border-color:#e8e8e8;border-radius:50%;\" aria-hidden=\"true\"><\/i><\/a><\/span><\/div><\/div><\/div><\/div><\/div><div class=\"fusion-text fusion-text-4\"><p>Sant\u2019Anselmo continua a servir o mundo beneditino como um centro de forma\u00e7\u00e3o e reflex\u00e3o onde as quest\u00f5es contempor\u00e2neas encontram a profundidade da tradi\u00e7\u00e3o mon\u00e1stica. As suas iniciativas de ver\u00e3o para 2026 respondem \u00e0s necessidades manifestadas em toda a Confedera\u00e7\u00e3o: forma\u00e7\u00e3o pr\u00e1tica de lideran\u00e7a, oportunidades de renova\u00e7\u00e3o e descanso sab\u00e1tico, e forma\u00e7\u00e3o estruturada para oblatos que procuram aprofundar a sua voca\u00e7\u00e3o. Cada programa est\u00e1 enraizado na vida da comunidade do Aventino e moldado pelos recursos acad\u00eamicos, culturais e espirituais que definem a miss\u00e3o de Sant\u2019Anselmo.<\/p>\n<\/div><div class=\"fusion-text fusion-text-5\"><p>O programa <b>Leadership and the <em>Rule of Saint Benedict<\/em><\/b>, de 5 a 18 de julho, oferecido em parceria com a Universidade de St Gallen, proporciona uma introdu\u00e7\u00e3o estruturada \u00e0 gest\u00e3o para l\u00edderes mon\u00e1sticos que navegam em decis\u00f5es complexas. Baseando-se na abordagem da Regra ao discernimento e \u00e0 responsabilidade, o curso re\u00fane acad\u00eamicos e superiores experientes para ajudar os participantes a lerem os seus desafios atuais com clareza e a identificarem caminhos vi\u00e1veis para o futuro. Mais de uma d\u00e9cada de experi\u00eancia permitiu ao corpo docente refinar o curr\u00edculo, resultando numa forma\u00e7\u00e3o pr\u00e1tica e fundamentada para aqueles a quem \u00e9 confiada a fun\u00e7\u00e3o de governar. Clique no bot\u00e3o para mais informa\u00e7\u00f5es no website do Collegio Sant\u2019Anselmo.<\/p>\n<\/div><div style=\"text-align:center;\"><a class=\"fusion-button button-flat fusion-button-default-size button-custom fusion-button-default button-1 fusion-button-span-yes fusion-button-default-type\" style=\"--awb-margin-top:10px;--awb-margin-bottom:40px;--button_accent_color:#ffffff;--button_accent_hover_color:#ffffff;--button_border_hover_color:#ffffff;--button_gradient_top_color:#1f7aa7;--button_gradient_bottom_color:#1f7aa7;--button_gradient_top_color_hover:#72cee0;--button_gradient_bottom_color_hover:#72cee0;\" target=\"_blank\" rel=\"noopener noreferrer\" href=\"https:\/\/www.collegiosantanselmo.com\/en\/curia-of-the-benedictine-order\/leadership-and-the-rule-of-saint-benedict\/\"><span class=\"fusion-button-text awb-button__text awb-button__text--default\">Leadership and the Rule<\/span><\/a><\/div><div class=\"fusion-text fusion-text-6\"><p><b>Monastic Aggiornamento<\/b>, de 4 a 24 de julho, oferece a monges e monjas um sab\u00e1tico de tr\u00eas semanas concebido para restaurar a perspetiva e promover a renova\u00e7\u00e3o. Inserido no ritmo tranquilo de Sant\u2019Anselmo, o programa combina confer\u00eancias sobre quest\u00f5es contempor\u00e2neas com visitas guiadas aos principais locais sagrados de Roma e aos mosteiros hist\u00f3ricos que moldaram a vida beneditina. Os participantes afastam-se das press\u00f5es di\u00e1rias, envolvem-se em di\u00e1logo ponderado e redescobrem as fontes da sua voca\u00e7\u00e3o atrav\u00e9s do estudo, reflex\u00e3o e experi\u00eancia partilhada. Clique no bot\u00e3o para mais informa\u00e7\u00f5es no website do Collegio Sant\u2019Anselmo.<\/p>\n<\/div><div style=\"text-align:center;\"><a class=\"fusion-button button-flat fusion-button-default-size button-custom fusion-button-default button-2 fusion-button-span-yes fusion-button-default-type\" style=\"--awb-margin-top:10px;--awb-margin-bottom:40px;--button_accent_color:#ffffff;--button_accent_hover_color:#ffffff;--button_border_hover_color:#ffffff;--button_gradient_top_color:#1f7aa7;--button_gradient_bottom_color:#1f7aa7;--button_gradient_top_color_hover:#72cee0;--button_gradient_bottom_color_hover:#72cee0;\" target=\"_blank\" rel=\"noopener noreferrer\" href=\"https:\/\/www.collegiosantanselmo.com\/en\/event\/monastic-aggiornamento\/\"><span class=\"fusion-button-text awb-button__text awb-button__text--default\">Monastic Aggiornamento<\/span><\/a><\/div><div class=\"fusion-text fusion-text-7\"><p>O <b>Oblate Monastic Summer Studium<\/b> (OMSS), de 5 a 25 de julho, introduz os participantes nos temas centrais que influenciam a vida beneditina hoje. Ao longo de tr\u00eas semanas, os oblatos exploram os desafios e oportunidades levantados pela cultura digital e pela intelig\u00eancia artificial, refletem sobre a pr\u00e1tica espiritual num mundo pluralista e consideram como a ora\u00e7\u00e3o molda a vida quotidiana. Peregrina\u00e7\u00f5es a locais beneditinos significativos complementam as sess\u00f5es de aula, permitindo aos participantes conectar a aprendizagem com a experi\u00eancia vivida e com a fam\u00edlia beneditina mais ampla. Clique no bot\u00e3o para mais informa\u00e7\u00f5es no website do Collegio Sant\u2019Anselmo.<\/p>\n<\/div><div style=\"text-align:center;\"><a class=\"fusion-button button-flat fusion-button-default-size button-custom fusion-button-default button-3 fusion-button-span-yes fusion-button-default-type\" style=\"--awb-margin-top:10px;--awb-margin-bottom:40px;--button_accent_color:#ffffff;--button_accent_hover_color:#ffffff;--button_border_hover_color:#ffffff;--button_gradient_top_color:#1f7aa7;--button_gradient_bottom_color:#1f7aa7;--button_gradient_top_color_hover:#72cee0;--button_gradient_bottom_color_hover:#72cee0;\" target=\"_blank\" rel=\"noopener noreferrer\" href=\"https:\/\/www.collegiosantanselmo.com\/en\/event\/oblate-monastic-summer-studium\/\"><span class=\"fusion-button-text awb-button__text awb-button__text--default\">Oblate Monastic Summer Studium<\/span><\/a><\/div><div class=\"fusion-text fusion-text-8\"><p>Em conjunto, estes programas afirmam o papel de Sant\u2019Anselmo como ponto de encontro para beneditinos que procuram forma\u00e7\u00e3o, renova\u00e7\u00e3o e prop\u00f3sito partilhado. Ao colocar monges, monjas e oblatos em di\u00e1logo uns com os outros e com os ricos recursos do Aventino, Sant\u2019Anselmo continua a fortalecer os la\u00e7os da Confedera\u00e7\u00e3o e a apoiar as comunidades enquanto estas respondem \u00e0s necessidades da \u00e9poca atual.<\/p>\n<\/div><\/div><\/div><\/div><\/div><\/p>\n","protected":false},"excerpt":{"rendered":"<p>Sant\u2019Anselmo oferecer\u00e1 tr\u00eas programas de forma\u00e7\u00e3o no ver\u00e3o de 2026, apoiando monges, monjas e oblatos com forma\u00e7\u00e3o pr\u00e1tica, renova\u00e7\u00e3o e estudo focado no cora\u00e7\u00e3o de Roma.<\/p>\n","protected":false},"author":1,"featured_media":15849,"comment_status":"closed","ping_status":"closed","sticky":false,"template":"","format":"standard","meta":{"footnotes":""},"categories":[185],"tags":[375,376],"class_list":["post-15850","post","type-post","status-publish","format-standard","has-post-thumbnail","hentry","category-nexus-pt","tag-nexus-novembro-2025-pt","tag-nexus-relatorio-mundial-beneditino-pt"],"cc_featured_image_caption":{"caption_text":false,"source_text":false,"source_url":false},"_links":{"self":[{"href":"https:\/\/osb.org\/pt-br\/wp-json\/wp\/v2\/posts\/15850","targetHints":{"allow":["GET"]}}],"collection":[{"href":"https:\/\/osb.org\/pt-br\/wp-json\/wp\/v2\/posts"}],"about":[{"href":"https:\/\/osb.org\/pt-br\/wp-json\/wp\/v2\/types\/post"}],"author":[{"embeddable":true,"href":"https:\/\/osb.org\/pt-br\/wp-json\/wp\/v2\/users\/1"}],"replies":[{"embeddable":true,"href":"https:\/\/osb.org\/pt-br\/wp-json\/wp\/v2\/comments?post=15850"}],"version-history":[{"count":0,"href":"https:\/\/osb.org\/pt-br\/wp-json\/wp\/v2\/posts\/15850\/revisions"}],"wp:featuredmedia":[{"embeddable":true,"href":"https:\/\/osb.org\/pt-br\/wp-json\/wp\/v2\/media\/15849"}],"wp:attachment":[{"href":"https:\/\/osb.org\/pt-br\/wp-json\/wp\/v2\/media?parent=15850"}],"wp:term":[{"taxonomy":"category","embeddable":true,"href":"https:\/\/osb.org\/pt-br\/wp-json\/wp\/v2\/categories?post=15850"},{"taxonomy":"post_tag","embeddable":true,"href":"https:\/\/osb.org\/pt-br\/wp-json\/wp\/v2\/tags?post=15850"}],"curies":[{"name":"wp","href":"https:\/\/api.w.org\/{rel}","templated":true}]}}