{"id":15304,"date":"2025-09-18T18:42:10","date_gmt":"2025-09-18T16:42:10","guid":{"rendered":"https:\/\/osb.org\/2025\/09\/18\/o-20o-congresso-dos-oblados-beneditinos-italianos-se-reune-em-roma\/"},"modified":"2025-10-04T18:45:49","modified_gmt":"2025-10-04T16:45:49","slug":"o-20o-congresso-dos-oblados-beneditinos-italianos-se-reune-em-roma","status":"publish","type":"post","link":"https:\/\/osb.org\/pt-br\/2025\/09\/18\/o-20o-congresso-dos-oblados-beneditinos-italianos-se-reune-em-roma\/","title":{"rendered":"O 20\u00ba congresso dos oblados beneditinos italianos se re\u00fane em Roma"},"content":{"rendered":"<p><div class=\"fusion-fullwidth fullwidth-box fusion-builder-row-1 fusion-flex-container has-pattern-background has-mask-background hundred-percent-fullwidth non-hundred-percent-height-scrolling\" style=\"--awb-border-radius-top-left:0px;--awb-border-radius-top-right:0px;--awb-border-radius-bottom-right:0px;--awb-border-radius-bottom-left:0px;--awb-padding-right:60px;--awb-padding-bottom:0px;--awb-padding-left:60px;--awb-padding-right-small:30px;--awb-padding-left-small:30px;--awb-flex-wrap:wrap;\" ><div class=\"fusion-builder-row fusion-row fusion-flex-align-items-center fusion-flex-justify-content-flex-end fusion-flex-content-wrap\" style=\"width:calc( 100% + 60px ) !important;max-width:calc( 100% + 60px ) !important;margin-left: calc(-60px \/ 2 );margin-right: calc(-60px \/ 2 );\"><div class=\"fusion-layout-column fusion_builder_column fusion-builder-column-0 fusion_builder_column_1_2 1_2 fusion-flex-column\" style=\"--awb-padding-right:60px;--awb-padding-left:60px;--awb-padding-right-small:0px;--awb-padding-left-small:0px;--awb-bg-size:cover;--awb-width-large:50%;--awb-margin-top-large:0px;--awb-spacing-right-large:30px;--awb-margin-bottom-large:20px;--awb-spacing-left-large:30px;--awb-width-medium:100%;--awb-order-medium:0;--awb-margin-top-medium:20px;--awb-spacing-right-medium:30px;--awb-margin-bottom-medium:0px;--awb-spacing-left-medium:30px;--awb-width-small:100%;--awb-order-small:0;--awb-spacing-right-small:30px;--awb-spacing-left-small:30px;\"><div class=\"fusion-column-wrapper fusion-column-has-shadow fusion-flex-justify-content-flex-start fusion-content-layout-column\"><div class=\"fusion-title title fusion-title-1 fusion-sep-none fusion-title-text fusion-title-size-one\" style=\"--awb-text-color:var(--awb-custom13);--awb-margin-top-small:0px;--awb-margin-right-small:0px;--awb-margin-bottom-small:20px;--awb-margin-left-small:0px;--awb-font-size:40px;\"><h1 class=\"fusion-title-heading title-heading-left md-text-align-center fusion-responsive-typography-calculated\" style=\"font-family:var(--awb-typography1-font-family);font-weight:var(--awb-typography1-font-weight);font-style:var(--awb-typography1-font-style);margin:0;letter-spacing:var(--awb-typography1-letter-spacing);text-transform:var(--awb-typography1-text-transform);font-size:1em;--fontSize:40;line-height:var(--awb-typography1-line-height);\">O 20\u00ba congresso dos oblados beneditinos italianos se re\u00fane em Roma<\/h1><\/div><div class=\"fusion-text fusion-text-1 fusion-no-small-visibility fusion-no-medium-visibility\" style=\"--awb-font-size:var(--awb-typography3-font-size);--awb-line-height:var(--awb-typography3-line-height);--awb-letter-spacing:var(--awb-typography3-letter-spacing);--awb-text-transform:var(--awb-typography3-text-transform);--awb-text-font-family:var(--awb-typography3-font-family);--awb-text-font-weight:var(--awb-typography3-font-weight);--awb-text-font-style:var(--awb-typography3-font-style);\"><p>Sant\u2019Anselmo, em Roma, sediou o 20\u00ba congresso nacional dos Oblados Beneditinos Italianos de 29 a 31 de agosto de 2025. A assembleia contou com liturgia compartilhada, contribui\u00e7\u00f5es acad\u00eamicas e a elei\u00e7\u00e3o de um novo conselho nacional. <\/p>\n<\/div><\/div><\/div><div class=\"fusion-layout-column fusion_builder_column fusion-builder-column-1 fusion_builder_column_1_2 1_2 fusion-flex-column\" style=\"--awb-bg-size:cover;--awb-width-large:50%;--awb-margin-top-large:0px;--awb-spacing-right-large:30px;--awb-margin-bottom-large:0px;--awb-spacing-left-large:30px;--awb-width-medium:100%;--awb-order-medium:0;--awb-spacing-right-medium:30px;--awb-spacing-left-medium:30px;--awb-width-small:100%;--awb-order-small:0;--awb-spacing-right-small:30px;--awb-spacing-left-small:30px;\"><div class=\"fusion-column-wrapper fusion-column-has-shadow fusion-flex-justify-content-flex-start fusion-content-layout-column\"><div class=\"fusion-image-element \" style=\"--awb-caption-title-font-family:var(--h2_typography-font-family);--awb-caption-title-font-weight:var(--h2_typography-font-weight);--awb-caption-title-font-style:var(--h2_typography-font-style);--awb-caption-title-size:var(--h2_typography-font-size);--awb-caption-title-transform:var(--h2_typography-text-transform);--awb-caption-title-line-height:var(--h2_typography-line-height);--awb-caption-title-letter-spacing:var(--h2_typography-letter-spacing);\"><span class=\" fusion-imageframe imageframe-none imageframe-1 hover-type-none\" style=\"border:1px solid var(--awb-custom10);\"><a href=\"https:\/\/osb.org\/wp-content\/uploads\/2025\/09\/DSC_7583.jpg\" class=\"fusion-lightbox\" data-rel=\"iLightbox[f32d5ccd06a982a3151]\" data-title=\"DSC_7583\" title=\"DSC_7583\"><img decoding=\"async\" width=\"1920\" height=\"1080\" src=\"https:\/\/osb.org\/wp-content\/uploads\/2025\/09\/DSC_7583.jpg\" data-orig-src=\"https:\/\/osb.org\/wp-content\/uploads\/2025\/09\/DSC_7583.jpg\" alt class=\"lazyload img-responsive wp-image-13950\" srcset=\"data:image\/svg+xml,%3Csvg%20xmlns%3D%27http%3A%2F%2Fwww.w3.org%2F2000%2Fsvg%27%20width%3D%271920%27%20height%3D%271080%27%20viewBox%3D%270%200%201920%201080%27%3E%3Crect%20width%3D%271920%27%20height%3D%271080%27%20fill-opacity%3D%220%22%2F%3E%3C%2Fsvg%3E\" data-srcset=\"https:\/\/osb.org\/wp-content\/uploads\/2025\/09\/DSC_7583-200x113.jpg 200w, https:\/\/osb.org\/wp-content\/uploads\/2025\/09\/DSC_7583-400x225.jpg 400w, https:\/\/osb.org\/wp-content\/uploads\/2025\/09\/DSC_7583-600x338.jpg 600w, https:\/\/osb.org\/wp-content\/uploads\/2025\/09\/DSC_7583-800x450.jpg 800w, https:\/\/osb.org\/wp-content\/uploads\/2025\/09\/DSC_7583-1200x675.jpg 1200w, https:\/\/osb.org\/wp-content\/uploads\/2025\/09\/DSC_7583.jpg 1920w\" data-sizes=\"auto\" data-orig-sizes=\"(max-width: 1024px) 100vw, (max-width: 640px) 100vw, 600px\" \/><\/a><\/span><\/div><div class=\"fusion-text fusion-text-2 fusion-text-no-margin\" style=\"--awb-font-size:var(--awb-typography5-font-size);--awb-line-height:var(--awb-typography5-line-height);--awb-letter-spacing:var(--awb-typography5-letter-spacing);--awb-text-transform:var(--awb-typography5-text-transform);--awb-text-color:var(--awb-custom11);--awb-margin-top:12px;--awb-margin-bottom:12px;--awb-text-font-family:var(--awb-typography5-font-family);--awb-text-font-weight:var(--awb-typography5-font-weight);--awb-text-font-style:var(--awb-typography5-font-style);\"><p>Your Content Goes Here<\/p>\n<\/div><\/div><\/div><div class=\"fusion-layout-column fusion_builder_column fusion-builder-column-2 fusion_builder_column_1_2 1_2 fusion-flex-column\" style=\"--awb-bg-size:cover;--awb-width-large:50%;--awb-margin-top-large:0px;--awb-spacing-right-large:30px;--awb-margin-bottom-large:0px;--awb-spacing-left-large:30px;--awb-width-medium:100%;--awb-order-medium:0;--awb-spacing-right-medium:30px;--awb-spacing-left-medium:30px;--awb-width-small:100%;--awb-order-small:0;--awb-spacing-right-small:30px;--awb-spacing-left-small:30px;\"><div class=\"fusion-column-wrapper fusion-column-has-shadow fusion-flex-justify-content-flex-start fusion-content-layout-column\"><div class=\"fusion-separator fusion-full-width-sep\" style=\"align-self: center;margin-left: auto;margin-right: auto;width:100%;\"><div class=\"fusion-separator-border sep-single sep-solid\" style=\"--awb-height:20px;--awb-amount:20px;--awb-sep-color:var(--awb-color4);border-color:var(--awb-color4);border-top-width:3px;\"><\/div><\/div><\/div><\/div><\/div><\/div><div class=\"fusion-fullwidth fullwidth-box fusion-builder-row-2 fusion-flex-container hundred-percent-fullwidth non-hundred-percent-height-scrolling\" style=\"--awb-border-radius-top-left:0px;--awb-border-radius-top-right:0px;--awb-border-radius-bottom-right:0px;--awb-border-radius-bottom-left:0px;--awb-padding-right:60px;--awb-padding-left:60px;--awb-padding-right-medium:60px;--awb-padding-left-medium:60px;--awb-padding-right-small:30px;--awb-padding-left-small:30px;--awb-margin-top-small:0px;--awb-flex-wrap:wrap;\" ><div class=\"fusion-builder-row fusion-row fusion-flex-align-items-flex-start fusion-flex-justify-content-center fusion-flex-content-wrap\" style=\"width:calc( 100% + 60px ) !important;max-width:calc( 100% + 60px ) !important;margin-left: calc(-60px \/ 2 );margin-right: calc(-60px \/ 2 );\"><div class=\"fusion-layout-column fusion_builder_column fusion-builder-column-3 fusion_builder_column_1_2 1_2 fusion-flex-column\" style=\"--awb-bg-size:cover;--awb-width-large:50%;--awb-margin-top-large:0px;--awb-spacing-right-large:30px;--awb-margin-bottom-large:20px;--awb-spacing-left-large:30px;--awb-width-medium:100%;--awb-order-medium:1;--awb-spacing-right-medium:30px;--awb-spacing-left-medium:30px;--awb-width-small:100%;--awb-order-small:1;--awb-spacing-right-small:30px;--awb-spacing-left-small:30px;\"><div class=\"fusion-column-wrapper fusion-column-has-shadow fusion-flex-justify-content-flex-start fusion-content-layout-column\"><div class=\"awb-gallery-wrapper awb-gallery-wrapper-1 button-span-no\" style=\"--more-btn-alignment:center;\"><div style=\"margin:-5px;--awb-bordersize:0px;\" class=\"fusion-gallery fusion-gallery-container fusion-grid-2 fusion-columns-total-4 fusion-gallery-layout-grid fusion-gallery-1\"><div style=\"padding:5px;\" class=\"fusion-grid-column fusion-gallery-column fusion-gallery-column-2 hover-type-none\"><div class=\"fusion-gallery-image\"><a href=\"https:\/\/osb.org\/wp-content\/uploads\/2025\/09\/DSC_7507.jpg\" rel=\"noreferrer\" data-rel=\"iLightbox[gallery_image_1]\" class=\"fusion-lightbox\" target=\"_self\"><img decoding=\"async\" src=\"https:\/\/osb.org\/wp-content\/uploads\/2025\/09\/DSC_7507.jpg\" data-orig-src=\"https:\/\/osb.org\/wp-content\/uploads\/2025\/09\/DSC_7507.jpg\" width=\"1920\" height=\"1282\" alt=\"\" title=\"DSC_7507\" aria-label=\"DSC_7507\" class=\"lazyload img-responsive wp-image-13949\" srcset=\"data:image\/svg+xml,%3Csvg%20xmlns%3D%27http%3A%2F%2Fwww.w3.org%2F2000%2Fsvg%27%20width%3D%271920%27%20height%3D%271282%27%20viewBox%3D%270%200%201920%201282%27%3E%3Crect%20width%3D%271920%27%20height%3D%271282%27%20fill-opacity%3D%220%22%2F%3E%3C%2Fsvg%3E\" data-srcset=\"https:\/\/osb.org\/wp-content\/uploads\/2025\/09\/DSC_7507-200x134.jpg 200w, https:\/\/osb.org\/wp-content\/uploads\/2025\/09\/DSC_7507-400x267.jpg 400w, https:\/\/osb.org\/wp-content\/uploads\/2025\/09\/DSC_7507-600x401.jpg 600w, https:\/\/osb.org\/wp-content\/uploads\/2025\/09\/DSC_7507-800x534.jpg 800w, https:\/\/osb.org\/wp-content\/uploads\/2025\/09\/DSC_7507-1200x801.jpg 1200w, https:\/\/osb.org\/wp-content\/uploads\/2025\/09\/DSC_7507.jpg 1920w\" data-sizes=\"auto\" data-orig-sizes=\"(min-width: 2200px) 100vw, (min-width: 712px) 548px, (min-width: 640px) 712px, \" \/><\/a><\/div><\/div><div style=\"padding:5px;\" class=\"fusion-grid-column fusion-gallery-column fusion-gallery-column-2 hover-type-none\"><div class=\"fusion-gallery-image\"><a href=\"https:\/\/osb.org\/wp-content\/uploads\/2025\/09\/DSC_7410.jpg\" rel=\"noreferrer\" data-rel=\"iLightbox[gallery_image_1]\" class=\"fusion-lightbox\" target=\"_self\"><img decoding=\"async\" src=\"https:\/\/osb.org\/wp-content\/uploads\/2025\/09\/DSC_7410.jpg\" data-orig-src=\"https:\/\/osb.org\/wp-content\/uploads\/2025\/09\/DSC_7410.jpg\" width=\"1920\" height=\"1282\" alt=\"\" title=\"DSC_7410\" aria-label=\"DSC_7410\" class=\"lazyload img-responsive wp-image-13948\" srcset=\"data:image\/svg+xml,%3Csvg%20xmlns%3D%27http%3A%2F%2Fwww.w3.org%2F2000%2Fsvg%27%20width%3D%271920%27%20height%3D%271282%27%20viewBox%3D%270%200%201920%201282%27%3E%3Crect%20width%3D%271920%27%20height%3D%271282%27%20fill-opacity%3D%220%22%2F%3E%3C%2Fsvg%3E\" data-srcset=\"https:\/\/osb.org\/wp-content\/uploads\/2025\/09\/DSC_7410-200x134.jpg 200w, https:\/\/osb.org\/wp-content\/uploads\/2025\/09\/DSC_7410-400x267.jpg 400w, https:\/\/osb.org\/wp-content\/uploads\/2025\/09\/DSC_7410-600x401.jpg 600w, https:\/\/osb.org\/wp-content\/uploads\/2025\/09\/DSC_7410-800x534.jpg 800w, https:\/\/osb.org\/wp-content\/uploads\/2025\/09\/DSC_7410-1200x801.jpg 1200w, https:\/\/osb.org\/wp-content\/uploads\/2025\/09\/DSC_7410.jpg 1920w\" data-sizes=\"auto\" data-orig-sizes=\"(min-width: 2200px) 100vw, (min-width: 712px) 548px, (min-width: 640px) 712px, \" \/><\/a><\/div><\/div><div class=\"clearfix\"><\/div><div style=\"padding:5px;\" class=\"fusion-grid-column fusion-gallery-column fusion-gallery-column-2 hover-type-none\"><div class=\"fusion-gallery-image\"><a href=\"https:\/\/osb.org\/wp-content\/uploads\/2025\/09\/DSC_3422.jpg\" rel=\"noreferrer\" data-rel=\"iLightbox[gallery_image_1]\" class=\"fusion-lightbox\" target=\"_self\"><img decoding=\"async\" src=\"https:\/\/osb.org\/wp-content\/uploads\/2025\/09\/DSC_3422.jpg\" data-orig-src=\"https:\/\/osb.org\/wp-content\/uploads\/2025\/09\/DSC_3422.jpg\" width=\"1920\" height=\"1280\" alt=\"\" title=\"DSC_3422\" aria-label=\"DSC_3422\" class=\"lazyload img-responsive wp-image-13947\" srcset=\"data:image\/svg+xml,%3Csvg%20xmlns%3D%27http%3A%2F%2Fwww.w3.org%2F2000%2Fsvg%27%20width%3D%271920%27%20height%3D%271280%27%20viewBox%3D%270%200%201920%201280%27%3E%3Crect%20width%3D%271920%27%20height%3D%271280%27%20fill-opacity%3D%220%22%2F%3E%3C%2Fsvg%3E\" data-srcset=\"https:\/\/osb.org\/wp-content\/uploads\/2025\/09\/DSC_3422-200x133.jpg 200w, https:\/\/osb.org\/wp-content\/uploads\/2025\/09\/DSC_3422-400x267.jpg 400w, https:\/\/osb.org\/wp-content\/uploads\/2025\/09\/DSC_3422-600x400.jpg 600w, https:\/\/osb.org\/wp-content\/uploads\/2025\/09\/DSC_3422-800x533.jpg 800w, https:\/\/osb.org\/wp-content\/uploads\/2025\/09\/DSC_3422-1200x800.jpg 1200w, https:\/\/osb.org\/wp-content\/uploads\/2025\/09\/DSC_3422.jpg 1920w\" data-sizes=\"auto\" data-orig-sizes=\"(min-width: 2200px) 100vw, (min-width: 712px) 548px, (min-width: 640px) 712px, \" \/><\/a><\/div><\/div><div style=\"padding:5px;\" class=\"fusion-grid-column fusion-gallery-column fusion-gallery-column-2 hover-type-none\"><div class=\"fusion-gallery-image\"><a href=\"https:\/\/osb.org\/wp-content\/uploads\/2025\/09\/DSC_3379.jpg\" rel=\"noreferrer\" data-rel=\"iLightbox[gallery_image_1]\" class=\"fusion-lightbox\" target=\"_self\"><img decoding=\"async\" src=\"https:\/\/osb.org\/wp-content\/uploads\/2025\/09\/DSC_3379.jpg\" data-orig-src=\"https:\/\/osb.org\/wp-content\/uploads\/2025\/09\/DSC_3379.jpg\" width=\"1920\" height=\"1280\" alt=\"\" title=\"DSC_3379\" aria-label=\"DSC_3379\" class=\"lazyload img-responsive wp-image-13946\" srcset=\"data:image\/svg+xml,%3Csvg%20xmlns%3D%27http%3A%2F%2Fwww.w3.org%2F2000%2Fsvg%27%20width%3D%271920%27%20height%3D%271280%27%20viewBox%3D%270%200%201920%201280%27%3E%3Crect%20width%3D%271920%27%20height%3D%271280%27%20fill-opacity%3D%220%22%2F%3E%3C%2Fsvg%3E\" data-srcset=\"https:\/\/osb.org\/wp-content\/uploads\/2025\/09\/DSC_3379-200x133.jpg 200w, https:\/\/osb.org\/wp-content\/uploads\/2025\/09\/DSC_3379-400x267.jpg 400w, https:\/\/osb.org\/wp-content\/uploads\/2025\/09\/DSC_3379-600x400.jpg 600w, https:\/\/osb.org\/wp-content\/uploads\/2025\/09\/DSC_3379-800x533.jpg 800w, https:\/\/osb.org\/wp-content\/uploads\/2025\/09\/DSC_3379-1200x800.jpg 1200w, https:\/\/osb.org\/wp-content\/uploads\/2025\/09\/DSC_3379.jpg 1920w\" data-sizes=\"auto\" data-orig-sizes=\"(min-width: 2200px) 100vw, (min-width: 712px) 548px, (min-width: 640px) 712px, \" \/><\/a><\/div><\/div><div class=\"clearfix\"><\/div><\/div><\/div><div ><a class=\"fusion-button button-flat fusion-button-default-size button-custom fusion-button-default button-1 fusion-button-span-yes fusion-button-default-type\" style=\"--awb-margin-top:10px;--button_accent_color:#ffffff;--button_accent_hover_color:#ffffff;--button_border_hover_color:#ffffff;--button_gradient_top_color:#1f7aa7;--button_gradient_bottom_color:#1f7aa7;--button_gradient_top_color_hover:#72cee0;--button_gradient_bottom_color_hover:#72cee0;\" target=\"_blank\" rel=\"noopener noreferrer\" href=\"https:\/\/www.flickr.com\/photos\/anselmianum\/albums\/72177720329107987\"><span class=\"fusion-button-text awb-button__text awb-button__text--default\">Mais fotos no Flickr<\/span><\/a><\/div><\/div><\/div><div class=\"fusion-layout-column fusion_builder_column fusion-builder-column-4 fusion_builder_column_1_2 1_2 fusion-flex-column\" style=\"--awb-bg-blend:overlay;--awb-bg-size:cover;--awb-width-large:50%;--awb-margin-top-large:0px;--awb-spacing-right-large:30px;--awb-margin-bottom-large:20px;--awb-spacing-left-large:30px;--awb-width-medium:75%;--awb-order-medium:0;--awb-spacing-right-medium:30px;--awb-spacing-left-medium:30px;--awb-width-small:100%;--awb-order-small:0;--awb-spacing-right-small:30px;--awb-spacing-left-small:30px;\"><div class=\"fusion-column-wrapper fusion-flex-justify-content-flex-start fusion-content-layout-column\"><div class=\"fusion-builder-row fusion-builder-row-inner fusion-row fusion-flex-align-items-flex-start fusion-flex-justify-content-center fusion-flex-content-wrap\" style=\"--awb-flex-grow:0;--awb-flex-grow-medium:0;--awb-flex-grow-small:0;--awb-flex-shrink:0;--awb-flex-shrink-medium:0;--awb-flex-shrink-small:0;width:calc( 100% + 60px ) !important;max-width:calc( 100% + 60px ) !important;margin-left: calc(-60px \/ 2 );margin-right: calc(-60px \/ 2 );\"><div class=\"fusion-layout-column fusion_builder_column_inner fusion-builder-nested-column-0 fusion_builder_column_inner_1_2 1_2 fusion-flex-column fusion-flex-align-self-center\" style=\"--awb-bg-size:cover;--awb-width-large:50%;--awb-margin-top-large:0px;--awb-spacing-right-large:30px;--awb-margin-bottom-large:0px;--awb-spacing-left-large:30px;--awb-width-medium:50%;--awb-order-medium:0;--awb-spacing-right-medium:30px;--awb-spacing-left-medium:30px;--awb-width-small:100%;--awb-order-small:1;--awb-spacing-right-small:30px;--awb-margin-bottom-small:20px;--awb-spacing-left-small:30px;\"><div class=\"fusion-column-wrapper fusion-column-has-shadow fusion-flex-justify-content-center fusion-content-layout-column\"><div class=\"fusion-text fusion-text-3 fusion-text-no-margin\" style=\"--awb-font-size:var(--awb-typography5-font-size);--awb-line-height:var(--awb-typography5-line-height);--awb-letter-spacing:var(--awb-typography5-letter-spacing);--awb-text-transform:var(--awb-typography5-text-transform);--awb-text-color:var(--awb-custom11);--awb-margin-top:0px;--awb-margin-right:0px;--awb-margin-bottom:0px;--awb-margin-left:0px;--awb-text-font-family:var(--awb-typography5-font-family);--awb-text-font-weight:var(--awb-typography5-font-weight);--awb-text-font-style:var(--awb-typography5-font-style);\"><p>18 setembro 2025<\/p>\n<\/div><\/div><\/div><div class=\"fusion-layout-column fusion_builder_column_inner fusion-builder-nested-column-1 fusion_builder_column_inner_1_2 1_2 fusion-flex-column fusion-flex-align-self-center\" style=\"--awb-bg-size:cover;--awb-width-large:50%;--awb-margin-top-large:0px;--awb-spacing-right-large:30px;--awb-margin-bottom-large:0px;--awb-spacing-left-large:30px;--awb-width-medium:50%;--awb-order-medium:0;--awb-spacing-right-medium:30px;--awb-spacing-left-medium:30px;--awb-width-small:100%;--awb-order-small:0;--awb-margin-top-small:0px;--awb-spacing-right-small:30px;--awb-spacing-left-small:30px;\"><div class=\"fusion-column-wrapper fusion-column-has-shadow fusion-flex-justify-content-center fusion-content-layout-column\"><div class=\"fusion-sharing-box fusion-sharing-box-1 boxed-icons\" style=\"background-color:var(--awb-color1);border-color:var(--awb-color1);--awb-margin-top:0px;--awb-margin-right:0px;--awb-margin-bottom:0px;--awb-margin-left:0px;--awb-wrapper-padding-top:0px;--awb-wrapper-padding-right:0px;--awb-wrapper-padding-bottom:0px;--awb-wrapper-padding-left:0px;--awb-padding-top:0px;--awb-padding-right:0px;--awb-padding-bottom:0px;--awb-padding-left:0px;--awb-border-top:0px;--awb-border-right:0px;--awb-border-bottom:0px;--awb-border-left:0px;--awb-icon-size:12px;--awb-separator-border-color:#cccccc;--awb-separator-border-sizes:0px;--awb-stacked-align:flex-end;--awb-layout:row;--awb-alignment-small:flex-end;--awb-stacked-align-small:center;\" data-title=\"O 20\u00ba congresso dos oblados beneditinos italianos se re\u00fane em Roma\" data-description=\"Your Content Goes Here  Your Content Goes Here      Mais fotos no Flickr    O congresso nacional dos Oblados Beneditinos Italianos se reuniu na Abadia Primacial de Sant\u2019Anselmo, em Roma, de 29 a 31 de agosto de 2025, marcando\" data-link=\"https:\/\/osb.org\/pt-br\/2025\/09\/18\/o-20o-congresso-dos-oblados-beneditinos-italianos-se-reune-em-roma\/\"><div class=\"fusion-social-networks sharingbox-shortcode-icon-wrapper sharingbox-shortcode-icon-wrapper-1 boxed-icons\"><span><a href=\"https:\/\/www.facebook.com\/sharer.php?u=https%3A%2F%2Fosb.org%2Fpt-br%2F2025%2F09%2F18%2Fo-20o-congresso-dos-oblados-beneditinos-italianos-se-reune-em-roma%2F&amp;t=O%2020%C2%BA%20congresso%20dos%20oblados%20beneditinos%20italianos%20se%20re%C3%BAne%20em%20Roma\" target=\"_blank\" rel=\"noreferrer\" title=\"Facebook\" aria-label=\"Facebook\"><i class=\"fusion-social-network-icon fusion-tooltip fusion-facebook awb-icon-facebook\" style=\"color:var(--awb-custom11);background-color:#e8e8e8;border-color:#e8e8e8;border-radius:50%;\" aria-hidden=\"true\"><\/i><\/a><\/span><span><a href=\"https:\/\/x.com\/intent\/post?text=O%2020%C2%BA%20congresso%20dos%20oblados%20beneditinos%20italianos%20se%20re%C3%BAne%20em%20Roma&amp;url=https%3A%2F%2Fosb.org%2Fpt-br%2F2025%2F09%2F18%2Fo-20o-congresso-dos-oblados-beneditinos-italianos-se-reune-em-roma%2F\" target=\"_blank\" rel=\"noopener noreferrer\" title=\"X\" aria-label=\"X\"><i class=\"fusion-social-network-icon fusion-tooltip fusion-twitter awb-icon-twitter\" style=\"color:var(--awb-custom11);background-color:#e8e8e8;border-color:#e8e8e8;border-radius:50%;\" aria-hidden=\"true\"><\/i><\/a><\/span><span><a href=\"https:\/\/api.whatsapp.com\/send?text=https%3A%2F%2Fosb.org%2Fpt-br%2F2025%2F09%2F18%2Fo-20o-congresso-dos-oblados-beneditinos-italianos-se-reune-em-roma%2F\" target=\"_blank\" rel=\"noopener noreferrer\" title=\"WhatsApp\" aria-label=\"WhatsApp\"><i class=\"fusion-social-network-icon fusion-tooltip fusion-whatsapp awb-icon-whatsapp\" style=\"color:var(--awb-custom11);background-color:#e8e8e8;border-color:#e8e8e8;border-radius:50%;\" aria-hidden=\"true\"><\/i><\/a><\/span><span><a href=\"mailto:?subject=O%2020%C2%BA%20congresso%20dos%20oblados%20beneditinos%20italianos%20se%20re%C3%BAne%20em%20Roma&amp;body=https%3A%2F%2Fosb.org%2Fpt-br%2F2025%2F09%2F18%2Fo-20o-congresso-dos-oblados-beneditinos-italianos-se-reune-em-roma%2F\" target=\"_self\" title=\"Email\" aria-label=\"Email\"><i class=\"fusion-social-network-icon fusion-tooltip fusion-mail awb-icon-mail\" style=\"color:var(--awb-custom11);background-color:#e8e8e8;border-color:#e8e8e8;border-radius:50%;\" aria-hidden=\"true\"><\/i><\/a><\/span><\/div><\/div><\/div><\/div><\/div><div class=\"fusion-text fusion-text-4\" style=\"--awb-margin-top:10px;\"><p>O congresso nacional dos Oblados Beneditinos Italianos se reuniu na Abadia Primacial de Sant\u2019Anselmo, em Roma, de 29 a 31 de agosto de 2025, marcando a vig\u00e9sima edi\u00e7\u00e3o desse encontro. Os participantes passaram tr\u00eas dias juntos em ora\u00e7\u00e3o com a comunidade mon\u00e1stica, assistindo a palestras sobre o significado da obla\u00e7\u00e3o hoje e realizando a elei\u00e7\u00e3o de um novo Consiglio Direttivo Nazionale (CDN). <\/p>\n<p>O tema abrangente, \u201cSer oblato na It\u00e1lia no terceiro mil\u00eanio\u201d, emoldurou a s\u00e9rie de contribui\u00e7\u00f5es. O escritor e oblato Danilo Mauro Castiglione abriu o congresso com um discurso sobre \u201cA obla\u00e7\u00e3o e seu caminho na sociedade p\u00f3s-crist\u00e3\u201d, destacando os desafios e oportunidades para os oblados na cultura secular. O historiador Padre Mattia Tomasoni, associado \u00e0 Pontif\u00edcia Universidade Gregoriana, seguiu com \u201cUma leitura das mudan\u00e7as contempor\u00e2neas\u201d, situando a voca\u00e7\u00e3o dentro do cen\u00e1rio social e cultural em transforma\u00e7\u00e3o atual.  <\/p>\n<p>Outras interven\u00e7\u00f5es trouxeram profundidade b\u00edblica e espiritual. O Padre Antonino Lamanna, reitor do semin\u00e1rio arquidiocesano em Catania e especialista em Escrituras, falou sobre \u201cAtravessando o deserto\u201d, evocando imagens b\u00edblicas de jornada e purifica\u00e7\u00e3o. A Irm\u00e3 Cecilia Maria La Mela OSB ofereceu a reflex\u00e3o final, \u201cSentinela, quanto tempo falta para a manh\u00e3? Rumo a uma espiritualidade para os oblados hoje\u201d, baseando-se em sua perspectiva contemplativa como freira beneditina.  <\/p>\n<p>O congresso foi pontuado pelos of\u00edcios di\u00e1rios e Eucaristia com os monges de Sant\u2019Anselmo, refei\u00e7\u00f5es no refeit\u00f3rio e momentos de fraternidade. Um momento central ocorreu com a elei\u00e7\u00e3o e apresenta\u00e7\u00e3o formal do novo CDN, ressaltando o cont\u00ednuo crescimento e a responsabilidade compartilhada do movimento oblato dentro da tradi\u00e7\u00e3o beneditina na It\u00e1lia.<\/p>\n<\/div><div ><a class=\"fusion-button button-flat fusion-button-default-size button-custom fusion-button-default button-2 fusion-button-span-yes fusion-button-default-type\" style=\"--awb-margin-top:10px;--button_accent_color:#ffffff;--button_accent_hover_color:#ffffff;--button_border_hover_color:#ffffff;--button_gradient_top_color:#1f7aa7;--button_gradient_bottom_color:#1f7aa7;--button_gradient_top_color_hover:#72cee0;--button_gradient_bottom_color_hover:#72cee0;\" target=\"_blank\" rel=\"noopener noreferrer\" href=\"https:\/\/www.oblatibenedettiniitaliani.it\/\"><span class=\"fusion-button-text awb-button__text awb-button__text--default\">Site dos Oblatos Beneditinos Italianos |IT|<\/span><\/a><\/div><div ><a class=\"fusion-button button-flat fusion-button-default-size button-custom fusion-button-default button-3 fusion-button-span-yes fusion-button-default-type\" style=\"--awb-margin-top:10px;--button_accent_color:#ffffff;--button_accent_hover_color:#ffffff;--button_border_hover_color:#ffffff;--button_gradient_top_color:#1f7aa7;--button_gradient_bottom_color:#1f7aa7;--button_gradient_top_color_hover:#72cee0;--button_gradient_bottom_color_hover:#72cee0;\" target=\"_blank\" rel=\"noopener noreferrer\" href=\"https:\/\/www.oblatibenedettiniitaliani.it\/incontri\/convegno-oblati-2025\/\"><span class=\"fusion-button-text awb-button__text awb-button__text--default\">V\u00eddeos do congresso |IT|<\/span><\/a><\/div><div ><a class=\"fusion-button button-flat fusion-button-default-size button-custom fusion-button-default button-4 fusion-button-span-yes fusion-button-default-type\" style=\"--awb-margin-top:10px;--button_accent_color:#ffffff;--button_accent_hover_color:#ffffff;--button_border_hover_color:#ffffff;--button_gradient_top_color:#1f7aa7;--button_gradient_bottom_color:#1f7aa7;--button_gradient_top_color_hover:#72cee0;--button_gradient_bottom_color_hover:#72cee0;\" target=\"_blank\" rel=\"noopener noreferrer\" href=\"https:\/\/www.youtube.com\/@oblatibenedettiniitalianis4609\"><span class=\"fusion-button-text awb-button__text awb-button__text--default\">Canal YouTube |IT|<br \/><\/span><\/a><\/div><\/div><\/div><\/div><\/div><\/p>\n","protected":false},"excerpt":{"rendered":"<p>Sant\u2019Anselmo, em Roma, sediou o 20\u00ba congresso nacional dos Oblados Beneditinos Italianos de 29 a 31 de agosto de 2025. A assembleia contou com liturgia compartilhada, contribui\u00e7\u00f5es acad\u00eamicas e a elei\u00e7\u00e3o de um novo conselho nacional. <\/p>\n","protected":false},"author":1,"featured_media":13950,"comment_status":"closed","ping_status":"closed","sticky":false,"template":"","format":"standard","meta":{"footnotes":""},"categories":[185,190],"tags":[354,227],"class_list":["post-15304","post","type-post","status-publish","format-standard","has-post-thumbnail","hentry","category-nexus-pt","category-noticias-pt","tag-nexus-outubro-2025-pt","tag-nexus-santanselmo-pt"],"cc_featured_image_caption":{"caption_text":false,"source_text":false,"source_url":false},"_links":{"self":[{"href":"https:\/\/osb.org\/pt-br\/wp-json\/wp\/v2\/posts\/15304","targetHints":{"allow":["GET"]}}],"collection":[{"href":"https:\/\/osb.org\/pt-br\/wp-json\/wp\/v2\/posts"}],"about":[{"href":"https:\/\/osb.org\/pt-br\/wp-json\/wp\/v2\/types\/post"}],"author":[{"embeddable":true,"href":"https:\/\/osb.org\/pt-br\/wp-json\/wp\/v2\/users\/1"}],"replies":[{"embeddable":true,"href":"https:\/\/osb.org\/pt-br\/wp-json\/wp\/v2\/comments?post=15304"}],"version-history":[{"count":0,"href":"https:\/\/osb.org\/pt-br\/wp-json\/wp\/v2\/posts\/15304\/revisions"}],"wp:featuredmedia":[{"embeddable":true,"href":"https:\/\/osb.org\/pt-br\/wp-json\/wp\/v2\/media\/13950"}],"wp:attachment":[{"href":"https:\/\/osb.org\/pt-br\/wp-json\/wp\/v2\/media?parent=15304"}],"wp:term":[{"taxonomy":"category","embeddable":true,"href":"https:\/\/osb.org\/pt-br\/wp-json\/wp\/v2\/categories?post=15304"},{"taxonomy":"post_tag","embeddable":true,"href":"https:\/\/osb.org\/pt-br\/wp-json\/wp\/v2\/tags?post=15304"}],"curies":[{"name":"wp","href":"https:\/\/api.w.org\/{rel}","templated":true}]}}