{"id":15118,"date":"2025-03-09T17:20:27","date_gmt":"2025-03-09T16:20:27","guid":{"rendered":"https:\/\/osb.org\/2025\/03\/09\/notas-do-aventino\/"},"modified":"2025-09-25T12:05:36","modified_gmt":"2025-09-25T10:05:36","slug":"notas-do-aventino","status":"publish","type":"post","link":"https:\/\/osb.org\/pt-br\/2025\/03\/09\/notas-do-aventino\/","title":{"rendered":"Notas do Aventino"},"content":{"rendered":"<p><div class=\"fusion-fullwidth fullwidth-box fusion-builder-row-1 fusion-flex-container has-pattern-background has-mask-background hundred-percent-fullwidth non-hundred-percent-height-scrolling\" style=\"--awb-border-sizes-bottom:1px;--awb-border-color:var(--awb-custom11);--awb-border-radius-top-left:0px;--awb-border-radius-top-right:0px;--awb-border-radius-bottom-right:0px;--awb-border-radius-bottom-left:0px;--awb-padding-right:60px;--awb-padding-bottom:20px;--awb-padding-left:60px;--awb-padding-right-small:30px;--awb-padding-left-small:30px;--awb-margin-top-medium:1px;--awb-margin-top-small:0px;--awb-flex-wrap:wrap;\" ><div class=\"fusion-builder-row fusion-row fusion-flex-align-items-center fusion-flex-justify-content-flex-end fusion-flex-content-wrap\" style=\"width:calc( 100% + 60px ) !important;max-width:calc( 100% + 60px ) !important;margin-left: calc(-60px \/ 2 );margin-right: calc(-60px \/ 2 );\"><div class=\"fusion-layout-column fusion_builder_column fusion-builder-column-0 fusion_builder_column_1_2 1_2 fusion-flex-column\" style=\"--awb-padding-right:60px;--awb-padding-left:60px;--awb-padding-right-small:0px;--awb-padding-left-small:0px;--awb-bg-size:cover;--awb-width-large:50%;--awb-margin-top-large:0px;--awb-spacing-right-large:30px;--awb-margin-bottom-large:20px;--awb-spacing-left-large:30px;--awb-width-medium:100%;--awb-order-medium:0;--awb-margin-top-medium:20px;--awb-spacing-right-medium:30px;--awb-margin-bottom-medium:0px;--awb-spacing-left-medium:30px;--awb-width-small:100%;--awb-order-small:0;--awb-spacing-right-small:30px;--awb-spacing-left-small:30px;\"><div class=\"fusion-column-wrapper fusion-column-has-shadow fusion-flex-justify-content-flex-start fusion-content-layout-column\"><div class=\"fusion-title title fusion-title-1 fusion-sep-none fusion-title-text fusion-title-size-one\" style=\"--awb-text-color:var(--awb-custom13);--awb-margin-top-small:0px;--awb-margin-right-small:0px;--awb-margin-bottom-small:20px;--awb-margin-left-small:0px;--awb-font-size:50px;\"><h1 class=\"fusion-title-heading title-heading-left md-text-align-center fusion-responsive-typography-calculated\" style=\"font-family:var(--awb-typography1-font-family);font-weight:var(--awb-typography1-font-weight);font-style:var(--awb-typography1-font-style);margin:0;letter-spacing:var(--awb-typography1-letter-spacing);text-transform:var(--awb-typography1-text-transform);font-size:1em;--fontSize:50;line-height:var(--awb-typography1-line-height);\">Notas do Aventino<\/h1><\/div><div class=\"fusion-text fusion-text-1 fusion-no-small-visibility fusion-no-medium-visibility\" style=\"--awb-font-size:var(--awb-typography3-font-size);--awb-line-height:var(--awb-typography3-line-height);--awb-letter-spacing:var(--awb-typography3-letter-spacing);--awb-text-transform:var(--awb-typography3-text-transform);--awb-text-color:var(--awb-custom12);--awb-text-font-family:var(--awb-typography3-font-family);--awb-text-font-weight:var(--awb-typography3-font-weight);--awb-text-font-style:var(--awb-typography3-font-style);\"><p>Nesta edi\u00e7\u00e3o do NEXUS, o Abade Primaz Jeremias compartilha sua vis\u00e3o sobre alguns eventos em Santo Anselmo e em nossa Confedera\u00e7\u00e3o Beneditina. Ele aprecia uma carta recente do Santo Padre e reflete sobre os lugares aos quais n\u00f3s, beneditinos, estamos ligados. <\/p>\n<\/div><\/div><\/div><div class=\"fusion-layout-column fusion_builder_column fusion-builder-column-1 fusion_builder_column_1_2 1_2 fusion-flex-column\" style=\"--awb-bg-size:cover;--awb-width-large:50%;--awb-margin-top-large:0px;--awb-spacing-right-large:30px;--awb-margin-bottom-large:0px;--awb-spacing-left-large:30px;--awb-width-medium:100%;--awb-order-medium:0;--awb-spacing-right-medium:30px;--awb-spacing-left-medium:30px;--awb-width-small:100%;--awb-order-small:0;--awb-spacing-right-small:30px;--awb-spacing-left-small:30px;\"><div class=\"fusion-column-wrapper fusion-column-has-shadow fusion-flex-justify-content-flex-start fusion-content-layout-column\"><div class=\"fusion-image-element \" style=\"--awb-caption-title-font-family:var(--h2_typography-font-family);--awb-caption-title-font-weight:var(--h2_typography-font-weight);--awb-caption-title-font-style:var(--h2_typography-font-style);--awb-caption-title-size:var(--h2_typography-font-size);--awb-caption-title-transform:var(--h2_typography-text-transform);--awb-caption-title-line-height:var(--h2_typography-line-height);--awb-caption-title-letter-spacing:var(--h2_typography-letter-spacing);\"><span class=\" fusion-imageframe imageframe-none imageframe-1 hover-type-none\" style=\"border:1px solid #b14821;\"><img decoding=\"async\" width=\"1920\" height=\"1080\" title=\"DSC_2073\" src=\"https:\/\/osb.org\/wp-content\/uploads\/2025\/03\/DSC_2073.jpg\" data-orig-src=\"https:\/\/osb.org\/wp-content\/uploads\/2025\/03\/DSC_2073.jpg\" alt class=\"lazyload img-responsive wp-image-15119\" srcset=\"data:image\/svg+xml,%3Csvg%20xmlns%3D%27http%3A%2F%2Fwww.w3.org%2F2000%2Fsvg%27%20width%3D%271920%27%20height%3D%271080%27%20viewBox%3D%270%200%201920%201080%27%3E%3Crect%20width%3D%271920%27%20height%3D%271080%27%20fill-opacity%3D%220%22%2F%3E%3C%2Fsvg%3E\" data-srcset=\"https:\/\/osb.org\/wp-content\/uploads\/2025\/03\/DSC_2073-200x113.jpg 200w, https:\/\/osb.org\/wp-content\/uploads\/2025\/03\/DSC_2073-400x225.jpg 400w, https:\/\/osb.org\/wp-content\/uploads\/2025\/03\/DSC_2073-600x338.jpg 600w, https:\/\/osb.org\/wp-content\/uploads\/2025\/03\/DSC_2073-800x450.jpg 800w, https:\/\/osb.org\/wp-content\/uploads\/2025\/03\/DSC_2073-1200x675.jpg 1200w, https:\/\/osb.org\/wp-content\/uploads\/2025\/03\/DSC_2073.jpg 1920w\" data-sizes=\"auto\" data-orig-sizes=\"(max-width: 1024px) 100vw, (max-width: 640px) 100vw, 600px\" \/><\/span><\/div><div class=\"fusion-text fusion-text-2 fusion-text-no-margin\" style=\"--awb-font-size:var(--awb-typography5-font-size);--awb-line-height:var(--awb-typography5-line-height);--awb-letter-spacing:var(--awb-typography5-letter-spacing);--awb-text-transform:var(--awb-typography5-text-transform);--awb-text-color:var(--awb-custom11);--awb-margin-top:12px;--awb-margin-bottom:12px;--awb-text-font-family:var(--awb-typography5-font-family);--awb-text-font-weight:var(--awb-typography5-font-weight);--awb-text-font-style:var(--awb-typography5-font-style);\"><\/div><\/div><\/div><div class=\"fusion-layout-column fusion_builder_column fusion-builder-column-2 fusion_builder_column_1_2 1_2 fusion-flex-column\" style=\"--awb-bg-size:cover;--awb-width-large:50%;--awb-margin-top-large:0px;--awb-spacing-right-large:30px;--awb-margin-bottom-large:0px;--awb-spacing-left-large:30px;--awb-width-medium:100%;--awb-order-medium:0;--awb-spacing-right-medium:30px;--awb-spacing-left-medium:30px;--awb-width-small:100%;--awb-order-small:0;--awb-spacing-right-small:30px;--awb-spacing-left-small:30px;\"><div class=\"fusion-column-wrapper fusion-column-has-shadow fusion-flex-justify-content-flex-start fusion-content-layout-column\"><div class=\"fusion-separator fusion-full-width-sep\" style=\"align-self: center;margin-left: auto;margin-right: auto;width:100%;\"><div class=\"fusion-separator-border sep-single sep-solid\" style=\"--awb-height:20px;--awb-amount:20px;--awb-sep-color:var(--awb-color4);border-color:var(--awb-color4);border-top-width:3px;\"><\/div><\/div><\/div><\/div><\/div><\/div><div class=\"fusion-fullwidth fullwidth-box fusion-builder-row-2 fusion-flex-container has-pattern-background has-mask-background hundred-percent-fullwidth non-hundred-percent-height-scrolling\" style=\"--awb-border-radius-top-left:0px;--awb-border-radius-top-right:0px;--awb-border-radius-bottom-right:0px;--awb-border-radius-bottom-left:0px;--awb-padding-right:60px;--awb-padding-left:60px;--awb-padding-right-medium:60px;--awb-padding-left-medium:60px;--awb-padding-right-small:30px;--awb-padding-left-small:30px;--awb-margin-top:30px;--awb-margin-top-small:0px;--awb-flex-wrap:wrap;\" ><div class=\"fusion-builder-row fusion-row fusion-flex-align-items-flex-start fusion-flex-justify-content-center fusion-flex-content-wrap\" style=\"width:calc( 100% + 60px ) !important;max-width:calc( 100% + 60px ) !important;margin-left: calc(-60px \/ 2 );margin-right: calc(-60px \/ 2 );\"><div class=\"fusion-layout-column fusion_builder_column fusion-builder-column-3 fusion_builder_column_2_5 2_5 fusion-flex-column\" style=\"--awb-bg-blend:overlay;--awb-bg-size:cover;--awb-width-large:40%;--awb-margin-top-large:0px;--awb-spacing-right-large:30px;--awb-margin-bottom-large:20px;--awb-spacing-left-large:30px;--awb-width-medium:75%;--awb-order-medium:0;--awb-spacing-right-medium:30px;--awb-spacing-left-medium:30px;--awb-width-small:100%;--awb-order-small:0;--awb-spacing-right-small:30px;--awb-spacing-left-small:30px;\"><div class=\"fusion-column-wrapper fusion-flex-justify-content-flex-start fusion-content-layout-column\"><div class=\"fusion-builder-row fusion-builder-row-inner fusion-row fusion-flex-align-items-flex-start fusion-flex-justify-content-center fusion-flex-content-wrap\" style=\"--awb-flex-grow:0;--awb-flex-grow-medium:0;--awb-flex-grow-small:0;--awb-flex-shrink:0;--awb-flex-shrink-medium:0;--awb-flex-shrink-small:0;width:calc( 100% + 60px ) !important;max-width:calc( 100% + 60px ) !important;margin-left: calc(-60px \/ 2 );margin-right: calc(-60px \/ 2 );\"><div class=\"fusion-layout-column fusion_builder_column_inner fusion-builder-nested-column-0 fusion_builder_column_inner_1_2 1_2 fusion-flex-column fusion-flex-align-self-center\" style=\"--awb-bg-size:cover;--awb-width-large:50%;--awb-margin-top-large:0px;--awb-spacing-right-large:30px;--awb-margin-bottom-large:0px;--awb-spacing-left-large:30px;--awb-width-medium:50%;--awb-order-medium:0;--awb-spacing-right-medium:30px;--awb-spacing-left-medium:30px;--awb-width-small:100%;--awb-order-small:1;--awb-spacing-right-small:30px;--awb-margin-bottom-small:20px;--awb-spacing-left-small:30px;\"><div class=\"fusion-column-wrapper fusion-column-has-shadow fusion-flex-justify-content-center fusion-content-layout-column\"><div class=\"fusion-text fusion-text-3 fusion-text-no-margin\" style=\"--awb-font-size:var(--awb-typography5-font-size);--awb-line-height:var(--awb-typography5-line-height);--awb-letter-spacing:var(--awb-typography5-letter-spacing);--awb-text-transform:var(--awb-typography5-text-transform);--awb-text-color:var(--awb-custom11);--awb-margin-top:0px;--awb-margin-right:0px;--awb-margin-bottom:0px;--awb-margin-left:0px;--awb-text-font-family:var(--awb-typography5-font-family);--awb-text-font-weight:var(--awb-typography5-font-weight);--awb-text-font-style:var(--awb-typography5-font-style);\"><p>9 mar\u00e7o 2025<\/p>\n<\/div><\/div><\/div><div class=\"fusion-layout-column fusion_builder_column_inner fusion-builder-nested-column-1 fusion_builder_column_inner_1_2 1_2 fusion-flex-column fusion-flex-align-self-center\" style=\"--awb-bg-size:cover;--awb-width-large:50%;--awb-margin-top-large:0px;--awb-spacing-right-large:30px;--awb-margin-bottom-large:0px;--awb-spacing-left-large:30px;--awb-width-medium:50%;--awb-order-medium:0;--awb-spacing-right-medium:30px;--awb-spacing-left-medium:30px;--awb-width-small:100%;--awb-order-small:0;--awb-margin-top-small:0px;--awb-spacing-right-small:30px;--awb-spacing-left-small:30px;\"><div class=\"fusion-column-wrapper fusion-column-has-shadow fusion-flex-justify-content-center fusion-content-layout-column\"><div class=\"fusion-sharing-box fusion-sharing-box-1 boxed-icons\" style=\"background-color:var(--awb-color1);border-color:var(--awb-color1);--awb-margin-top:0px;--awb-margin-right:0px;--awb-margin-bottom:0px;--awb-margin-left:0px;--awb-wrapper-padding-top:0px;--awb-wrapper-padding-right:0px;--awb-wrapper-padding-bottom:0px;--awb-wrapper-padding-left:0px;--awb-padding-top:0px;--awb-padding-right:0px;--awb-padding-bottom:0px;--awb-padding-left:0px;--awb-border-top:0px;--awb-border-right:0px;--awb-border-bottom:0px;--awb-border-left:0px;--awb-icon-size:12px;--awb-separator-border-color:#cccccc;--awb-separator-border-sizes:0px;--awb-stacked-align:flex-end;--awb-layout:row;--awb-alignment-small:flex-end;--awb-stacked-align-small:center;\" data-title=\"Notas do Aventino\" data-description=\"Your Content Goes Here Your Content Goes Here       \r\nA Quarta-feira de Cinzas \u00e9 sempre um grande dia em Santo Anselmo. Normalmente, o Papa vem aqui junto com muitas autoridades. Ap\u00f3s uma breve ora\u00e7\u00e3o, eles, junto com os dominicanos e nossa comunidade anselmiana,\" data-link=\"https:\/\/osb.org\/pt-br\/2025\/03\/09\/notas-do-aventino\/\"><div class=\"fusion-social-networks sharingbox-shortcode-icon-wrapper sharingbox-shortcode-icon-wrapper-1 boxed-icons\"><span><a href=\"https:\/\/www.facebook.com\/sharer.php?u=https%3A%2F%2Fosb.org%2Fpt-br%2F2025%2F03%2F09%2Fnotas-do-aventino%2F&amp;t=Notas%20do%20Aventino\" target=\"_blank\" rel=\"noreferrer\" title=\"Facebook\" aria-label=\"Facebook\"><i class=\"fusion-social-network-icon fusion-tooltip fusion-facebook awb-icon-facebook\" style=\"color:var(--awb-custom11);background-color:#e8e8e8;border-color:#e8e8e8;border-radius:50%;\" aria-hidden=\"true\"><\/i><\/a><\/span><span><a href=\"https:\/\/x.com\/intent\/post?text=Notas%20do%20Aventino&amp;url=https%3A%2F%2Fosb.org%2Fpt-br%2F2025%2F03%2F09%2Fnotas-do-aventino%2F\" target=\"_blank\" rel=\"noopener noreferrer\" title=\"X\" aria-label=\"X\"><i class=\"fusion-social-network-icon fusion-tooltip fusion-twitter awb-icon-twitter\" style=\"color:var(--awb-custom11);background-color:#e8e8e8;border-color:#e8e8e8;border-radius:50%;\" aria-hidden=\"true\"><\/i><\/a><\/span><span><a href=\"https:\/\/api.whatsapp.com\/send?text=https%3A%2F%2Fosb.org%2Fpt-br%2F2025%2F03%2F09%2Fnotas-do-aventino%2F\" target=\"_blank\" rel=\"noopener noreferrer\" title=\"WhatsApp\" aria-label=\"WhatsApp\"><i class=\"fusion-social-network-icon fusion-tooltip fusion-whatsapp awb-icon-whatsapp\" style=\"color:var(--awb-custom11);background-color:#e8e8e8;border-color:#e8e8e8;border-radius:50%;\" aria-hidden=\"true\"><\/i><\/a><\/span><span><a href=\"mailto:?subject=Notas%20do%20Aventino&amp;body=https%3A%2F%2Fosb.org%2Fpt-br%2F2025%2F03%2F09%2Fnotas-do-aventino%2F\" target=\"_self\" title=\"Email\" aria-label=\"Email\"><i class=\"fusion-social-network-icon fusion-tooltip fusion-mail awb-icon-mail\" style=\"color:var(--awb-custom11);background-color:#e8e8e8;border-color:#e8e8e8;border-radius:50%;\" aria-hidden=\"true\"><\/i><\/a><\/span><\/div><\/div><\/div><\/div><\/div><div class=\"fusion-text fusion-text-4\"><p><a href=\"https:\/\/osb.org\/pt-br\/2025\/03\/05\/a-liturgia-estacional-na-quarta-feira-de-cinzas\/\">A Quarta-feira de Cinzas \u00e9 sempre um grande dia em Santo Anselmo<\/a>. Normalmente, o Papa vem aqui junto com muitas autoridades. Ap\u00f3s uma breve ora\u00e7\u00e3o, eles, junto com os dominicanos e nossa comunidade anselmiana, seguem em prociss\u00e3o at\u00e9 Santa Sabina, onde a eucaristia \u00e9 celebrada e as cinzas s\u00e3o distribu\u00eddas. Este ano foi marcado pela doen\u00e7a muito grave do Santo Padre. O Cardeal De Donatis substituiu o Papa Francisco e proferiu a homilia. Foi um evento muito romano, com grande solenidade, muitos cl\u00e9rigos importantes e m\u00fasica bel\u00edssima. Pensamentos mais profanos devem ter ocorrido a muitos, especialmente ao ver todos os Cardeais: eles se reuniriam novamente neste pontificado? O pr\u00f3ximo papa estaria aqui hoje? Para seu cr\u00e9dito, o Cardeal que presidiu a missa, atrav\u00e9s de sua personalidade e modo de celebrar, deu calor ao rito e guiou nossas ora\u00e7\u00f5es tamb\u00e9m para nosso pont\u00edfice enfermo.        <\/p>\n<p>Do hospital Gemelli, alguns dias antes, recebemos uma mensagem dirigida a um grupo de nosso Instituto Pontif\u00edcio de Liturgia. O Papa Francisco pretendia receber um grupo de Mestres de Cerim\u00f4nias de todo o mundo. Isso n\u00e3o foi poss\u00edvel, mas ele nos enviou o discurso que teria proferido, com a memor\u00e1vel assinatura \"Policl\u00ednica Gemelli, 26 de fevereiro de 2025\". Nele, enfatizou a import\u00e2ncia pastoral de uma liturgia bem celebrada. <a href=\"https:\/\/osb.org\/pt-br\/2025\/03\/04\/do-hospital-o-papa-envia-mensagem-a-turma-de-liturgia-de-santanselmo\/\">Mais detalhes aqui<\/a>.   <\/p>\n<p>Enquanto rez\u00e1vamos e nos preocup\u00e1vamos com o papa, recebemos a not\u00edcia de que Madre Ma\u00edre (pronuncia-se Moira) Hickey OSB havia falecido. Ela era uma religiosa irlandesa, abadessa na Alemanha e l\u00edder global das Mulheres Beneditinas como primeira moderadora da CIB. Ap\u00f3s sua ren\u00fancia como abadessa de Dinklage (Alemanha), ela assumiu a fr\u00e1gil comunidade de Kylemore (Irlanda) e lhe deu uma nova vida. Sua vida me lembra os grandes santos mon\u00e1sticos irlandeses, atravessando pa\u00edses e culturas, firmes e prof\u00e9ticos. Ela foi sepultada em Kylemore em 1\u00ba de mar\u00e7o. Irm\u00e3 Lynn McKenzie, sua segunda sucessora \u00e0 frente da CIB, contribuiu com um obitu\u00e1rio para <a href=\"https:\/\/osb.org\/pt-br\/2025\/03\/01\/irma-maire-hickey-osb\/\">OSB DOT ORG<\/a>.     <\/p>\n<p>Minha pr\u00f3pria vida estava bastante ocupada. Os pontos altos foram viagens \u00e0 \u00cdndia e aos EUA. A Federa\u00e7\u00e3o Beneditina Indo-Sri-Lankesa, que por minha conta compreende exatamente 100 comunidades mon\u00e1sticas, celebrou seu jubileu de ouro. Houve celebra\u00e7\u00f5es gloriosas, mas tamb\u00e9m discuss\u00f5es sobre temas s\u00e9rios. Existe uma coopera\u00e7\u00e3o muito saud\u00e1vel entre essas muitas comunidades que pertencem a diferentes congrega\u00e7\u00f5es, mas compartilham o contexto cultural muito especial deste vasto subcontinente.    <\/p>\n<p>Os abades e priores dos EUA me convidaram para participar de seu workshop anual, que aconteceu na Abadia de S\u00e3o Jos\u00e9, perto de Nova Orleans. Eles me permitiram compartilhar desenvolvimentos de nossa Confedera\u00e7\u00e3o e de Santo Anselmo, e tamb\u00e9m me deram algumas sugest\u00f5es tendo em vista o jubileu de 2028\/29, quando comemoraremos 1500 anos desde a funda\u00e7\u00e3o de Monte Cassino. Fiquei muito encorajado pelo forte apoio a Santo Anselmo. Acredito firmemente que nosso centro romano se torna mais importante em um momento em que as redes globais est\u00e3o sob crescente tens\u00e3o, e senti que isso era compartilhado por nossos irm\u00e3os americanos. Esse mesmo apoio foi dado de forma muito palp\u00e1vel quando me encontrei com o conselho da Funda\u00e7\u00e3o Educacional S\u00e3o Bento, que todos os anos faz uma contribui\u00e7\u00e3o muito generosa para nossas atividades acad\u00eamicas. <a href=\"https:\/\/osb.org\/pt-br\/2025\/03\/01\/lideres-monasticos-abordam-desafios-principais-em-workshop-de-2025\/\">Mais detalhes aqui<\/a>.    <\/p>\n<p>Percebo, como fizeram meus predecessores, que esses grandes encontros de abades s\u00e3o muito importantes para mantermos todos conectados. Para o restante deste ano, programei encontros com abades e abadessas italianos, com os abades de l\u00edngua alem\u00e3, com a EMLA no Brasil, os beneditinos do Leste Asi\u00e1tico no Vietn\u00e3 e com v\u00e1rios cap\u00edtulos gerais. Como minha presen\u00e7a em Santo Anselmo tamb\u00e9m \u00e9 necess\u00e1ria, n\u00e3o poderei aceitar muitos mais convites para este ano, e mesmo o pr\u00f3ximo j\u00e1 est\u00e1 se preenchendo. Espero contar com sua compreens\u00e3o.   <\/p>\n<p>N\u00f3s, beneditinos, somos uma grande fam\u00edlia espalhada pelo mundo. Somos tamb\u00e9m uma rede de \"lugares\". Lembro-me de Michael Casey escrevendo sobre o <em>amor loci<\/em>, o amor ao lugar como algo tipicamente beneditino. Uma famosa publica\u00e7\u00e3o de jubileu sobre nossos mosteiros que saiu em 1980 e depois novamente em 2000 foi chamada \"Loci ubi Deus quaeritur\" \u2013 Lugares onde Deus \u00e9 Procurado. N\u00f3s, beneditinos, mais do que quase qualquer outro religioso, acredito, estamos ligados a lugares, em virtude de nosso voto de estabilidade, mas tamb\u00e9m porque h\u00e1 uma qualidade sensual em nossa vida que quer transformar e embelezar o mundo ao nosso redor. Como muitos de voc\u00eas sabem, tamb\u00e9m h\u00e1 um perigo a\u00ed. Os monges podem se perder na est\u00e9tica. Umberto Eco esbo\u00e7ou uma caricatura disso no abade do <em>Nome da Rosa<\/em> que discorre liricamente sobre pedras preciosas. Nosso desafio \u00e9 buscar e criar beleza que n\u00e3o apenas satisfa\u00e7a e seduza, mas que tamb\u00e9m nos conduza al\u00e9m, insinue uma beleza maior que \u00e9 um dom. Ou gra\u00e7a. Quando isso acontece, nossos mosteiros se tornam lugares de esperan\u00e7a.          <\/p>\n<p>Geralmente, a estrutura de nossa Igreja Cat\u00f3lica \u00e9 concebida como territorial. Temos a hierarquia global, cobrindo na\u00e7\u00f5es e prov\u00edncias eclesi\u00e1sticas e dioceses, at\u00e9 chegar aos decanatos e par\u00f3quias. \u00c9 um grande sistema, embora mostre tens\u00e3o em algumas regi\u00f5es onde a cobertura territorial n\u00e3o est\u00e1 mais funcionando muito bem, tanto por falta de sacerdotes, quanto porque as pessoas preferem escolher mais livremente onde vivem sua f\u00e9. Pergunto-me se no futuro os \"lugares\" ter\u00e3o mais import\u00e2ncia do que as estruturas territoriais: igrejas significativas, locais sagrados, santu\u00e1rios e mosteiros onde os crist\u00e3os podem se conectar fisicamente com realidades espirituais e comunidades. Neste Ano Santo de 2025, toda a igreja est\u00e1 em uma peregrina\u00e7\u00e3o de esperan\u00e7a. Sejamos parte desta peregrina\u00e7\u00e3o, mas tamb\u00e9m ofere\u00e7amos nossas casas como lugares de descanso nesta peregrina\u00e7\u00e3o. Os mosteiros devem ser lugares onde se possa sentir aquela esperan\u00e7a que nos d\u00e1 coragem para ir al\u00e9m.      <\/p>\n<p>Concluo estas notas com algumas dicas pr\u00e1ticas.<\/p>\n<ul>\n<li>O NEXUS \u00e9 destinado a todos os membros de nossa fam\u00edlia. Por favor, n\u00e3o hesite em encaminhar isto para outros em sua comunidade, ou superiores que por alguma raz\u00e3o ainda n\u00e3o est\u00e3o em nossa lista de correspond\u00eancia. Todo beneditino pode <a href=\"https:\/\/osb.org\/pt-br\/inicio\/inscreva-se-no-boletim-nexus\/\">se inscrever aqui<\/a>.  <\/li>\n<li>Santo Anselmo est\u00e1 quase lotado. Se voc\u00ea est\u00e1 planejando enviar um estudante para c\u00e1 no ano acad\u00eamico 2025\/2026, que come\u00e7a em outubro, deve se candidatar imediatamente ao nosso prior Pe. Brendan em priore@anselmianum.com. <a href=\"https:\/\/www.collegiosantanselmo.com\/en\/collegio-240222-en\/pray-study-grow-welcome\/\">Mais informa\u00e7\u00f5es aqui<\/a>. <\/li>\n<li>Neste ver\u00e3o, ofereceremos outro Studium Mon\u00e1stico de Ver\u00e3o. \u00c9 um programa de tr\u00eas semanas que combina uma estadia em Roma com est\u00edmulo intelectual e mon\u00e1stico. \u00c9 um excelente programa sab\u00e1tico e bastante acess\u00edvel. <a href=\"https:\/\/bit.ly\/MSS_ateneo\">Mais informa\u00e7\u00f5es aqui<\/a>.  <\/li>\n<\/ul>\n<p>Que todos voc\u00eas tenham uma Quaresma aben\u00e7oada que os prepare para uma P\u00e1scoa alegre!<\/p>\n<p>Muito fraternalmente do Aventino<\/p>\n<p>Jeremias Schr\u00f6der OSB<br \/>Abade Primaz<\/p>\n<\/div><\/div><\/div><\/div><\/div><\/p>\n","protected":false},"excerpt":{"rendered":"<p>Nesta edi\u00e7\u00e3o do NEXUS, o Abade Primaz Jeremias compartilha sua vis\u00e3o sobre alguns eventos em Santo Anselmo e em nossa Confedera\u00e7\u00e3o Beneditina. Ele aprecia uma carta recente do Santo Padre e reflete sobre os lugares aos quais n\u00f3s, beneditinos, estamos ligados. <\/p>\n","protected":false},"author":1,"featured_media":15119,"comment_status":"closed","ping_status":"closed","sticky":false,"template":"","format":"standard","meta":{"footnotes":""},"categories":[185],"tags":[233,225],"class_list":["post-15118","post","type-post","status-publish","format-standard","has-post-thumbnail","hentry","category-nexus-pt","tag-nexus-marco-2025-pt","tag-nexus-do-abade-primaz-pt"],"cc_featured_image_caption":{"caption_text":false,"source_text":false,"source_url":false},"_links":{"self":[{"href":"https:\/\/osb.org\/pt-br\/wp-json\/wp\/v2\/posts\/15118","targetHints":{"allow":["GET"]}}],"collection":[{"href":"https:\/\/osb.org\/pt-br\/wp-json\/wp\/v2\/posts"}],"about":[{"href":"https:\/\/osb.org\/pt-br\/wp-json\/wp\/v2\/types\/post"}],"author":[{"embeddable":true,"href":"https:\/\/osb.org\/pt-br\/wp-json\/wp\/v2\/users\/1"}],"replies":[{"embeddable":true,"href":"https:\/\/osb.org\/pt-br\/wp-json\/wp\/v2\/comments?post=15118"}],"version-history":[{"count":0,"href":"https:\/\/osb.org\/pt-br\/wp-json\/wp\/v2\/posts\/15118\/revisions"}],"wp:featuredmedia":[{"embeddable":true,"href":"https:\/\/osb.org\/pt-br\/wp-json\/wp\/v2\/media\/15119"}],"wp:attachment":[{"href":"https:\/\/osb.org\/pt-br\/wp-json\/wp\/v2\/media?parent=15118"}],"wp:term":[{"taxonomy":"category","embeddable":true,"href":"https:\/\/osb.org\/pt-br\/wp-json\/wp\/v2\/categories?post=15118"},{"taxonomy":"post_tag","embeddable":true,"href":"https:\/\/osb.org\/pt-br\/wp-json\/wp\/v2\/tags?post=15118"}],"curies":[{"name":"wp","href":"https:\/\/api.w.org\/{rel}","templated":true}]}}