{"id":14723,"date":"2025-01-20T18:07:42","date_gmt":"2025-01-20T17:07:42","guid":{"rendered":"https:\/\/osb.org\/2025\/01\/20\/noticias-e-eleicoes-beneditinas\/"},"modified":"2025-09-24T22:23:44","modified_gmt":"2025-09-24T20:23:44","slug":"noticias-e-eleicoes-beneditinas","status":"publish","type":"post","link":"https:\/\/osb.org\/pt-br\/2025\/01\/20\/noticias-e-eleicoes-beneditinas\/","title":{"rendered":"Not\u00edcias e elei\u00e7\u00f5es beneditinas"},"content":{"rendered":"<p><div class=\"fusion-fullwidth fullwidth-box fusion-builder-row-1 fusion-flex-container has-pattern-background has-mask-background hundred-percent-fullwidth non-hundred-percent-height-scrolling\" style=\"--awb-border-radius-top-left:0px;--awb-border-radius-top-right:0px;--awb-border-radius-bottom-right:0px;--awb-border-radius-bottom-left:0px;--awb-padding-right:60px;--awb-padding-bottom:0px;--awb-padding-left:60px;--awb-padding-right-small:30px;--awb-padding-left-small:30px;--awb-flex-wrap:wrap;\" ><div class=\"fusion-builder-row fusion-row fusion-flex-align-items-center fusion-flex-justify-content-flex-end fusion-flex-content-wrap\" style=\"width:calc( 100% + 60px ) !important;max-width:calc( 100% + 60px ) !important;margin-left: calc(-60px \/ 2 );margin-right: calc(-60px \/ 2 );\"><div class=\"fusion-layout-column fusion_builder_column fusion-builder-column-0 fusion_builder_column_1_2 1_2 fusion-flex-column\" style=\"--awb-padding-right-small:0px;--awb-padding-left-small:0px;--awb-bg-size:cover;--awb-width-large:50%;--awb-margin-top-large:0px;--awb-spacing-right-large:30px;--awb-margin-bottom-large:20px;--awb-spacing-left-large:30px;--awb-width-medium:100%;--awb-order-medium:0;--awb-margin-top-medium:20px;--awb-spacing-right-medium:30px;--awb-margin-bottom-medium:0px;--awb-spacing-left-medium:30px;--awb-width-small:100%;--awb-order-small:0;--awb-spacing-right-small:30px;--awb-spacing-left-small:30px;\"><div class=\"fusion-column-wrapper fusion-column-has-shadow fusion-flex-justify-content-flex-start fusion-content-layout-column\"><div class=\"fusion-title title fusion-title-1 fusion-sep-none fusion-title-text fusion-title-size-one\" style=\"--awb-text-color:var(--awb-custom13);--awb-margin-top-small:0px;--awb-margin-right-small:0px;--awb-margin-bottom-small:20px;--awb-margin-left-small:0px;--awb-font-size:40px;\"><h1 class=\"fusion-title-heading title-heading-left md-text-align-center fusion-responsive-typography-calculated\" style=\"font-family:var(--awb-typography1-font-family);font-weight:var(--awb-typography1-font-weight);font-style:var(--awb-typography1-font-style);margin:0;letter-spacing:var(--awb-typography1-letter-spacing);text-transform:var(--awb-typography1-text-transform);font-size:1em;--fontSize:40;line-height:var(--awb-typography1-line-height);\">Not\u00edcias e elei\u00e7\u00f5es beneditinas<\/h1><\/div><\/div><\/div><\/div><\/div><div class=\"fusion-fullwidth fullwidth-box fusion-builder-row-2 fusion-flex-container hundred-percent-fullwidth non-hundred-percent-height-scrolling\" style=\"--awb-border-radius-top-left:0px;--awb-border-radius-top-right:0px;--awb-border-radius-bottom-right:0px;--awb-border-radius-bottom-left:0px;--awb-padding-right:60px;--awb-padding-left:60px;--awb-padding-right-medium:60px;--awb-padding-left-medium:60px;--awb-padding-right-small:30px;--awb-padding-left-small:30px;--awb-margin-top-small:0px;--awb-flex-wrap:wrap;\" ><div class=\"fusion-builder-row fusion-row fusion-flex-align-items-flex-start fusion-flex-justify-content-center fusion-flex-content-wrap\" style=\"width:calc( 100% + 60px ) !important;max-width:calc( 100% + 60px ) !important;margin-left: calc(-60px \/ 2 );margin-right: calc(-60px \/ 2 );\"><div class=\"fusion-layout-column fusion_builder_column fusion-builder-column-1 fusion_builder_column_1_2 1_2 fusion-flex-column\" style=\"--awb-bg-size:cover;--awb-width-large:50%;--awb-margin-top-large:0px;--awb-spacing-right-large:30px;--awb-margin-bottom-large:20px;--awb-spacing-left-large:30px;--awb-width-medium:100%;--awb-order-medium:0;--awb-spacing-right-medium:30px;--awb-spacing-left-medium:30px;--awb-width-small:100%;--awb-order-small:0;--awb-spacing-right-small:30px;--awb-spacing-left-small:30px;\"><div class=\"fusion-column-wrapper fusion-column-has-shadow fusion-flex-justify-content-flex-start fusion-content-layout-column\"><div class=\"fusion-image-element \" style=\"--awb-caption-title-font-family:var(--h2_typography-font-family);--awb-caption-title-font-weight:var(--h2_typography-font-weight);--awb-caption-title-font-style:var(--h2_typography-font-style);--awb-caption-title-size:var(--h2_typography-font-size);--awb-caption-title-transform:var(--h2_typography-text-transform);--awb-caption-title-line-height:var(--h2_typography-line-height);--awb-caption-title-letter-spacing:var(--h2_typography-letter-spacing);\"><span class=\" fusion-imageframe imageframe-none imageframe-1 hover-type-none\" style=\"border:1px solid #b14821;\"><img decoding=\"async\" width=\"1440\" height=\"1920\" title=\"Javier_Aparicio_Suarez_0338\" src=\"https:\/\/osb.org\/wp-content\/uploads\/2025\/01\/Javier_Aparicio_Suarez_0338.jpg\" data-orig-src=\"https:\/\/osb.org\/wp-content\/uploads\/2025\/01\/Javier_Aparicio_Suarez_0338.jpg\" alt class=\"lazyload img-responsive wp-image-14725\" srcset=\"data:image\/svg+xml,%3Csvg%20xmlns%3D%27http%3A%2F%2Fwww.w3.org%2F2000%2Fsvg%27%20width%3D%271440%27%20height%3D%271920%27%20viewBox%3D%270%200%201440%201920%27%3E%3Crect%20width%3D%271440%27%20height%3D%271920%27%20fill-opacity%3D%220%22%2F%3E%3C%2Fsvg%3E\" data-srcset=\"https:\/\/osb.org\/wp-content\/uploads\/2025\/01\/Javier_Aparicio_Suarez_0338-200x267.jpg 200w, https:\/\/osb.org\/wp-content\/uploads\/2025\/01\/Javier_Aparicio_Suarez_0338-400x533.jpg 400w, https:\/\/osb.org\/wp-content\/uploads\/2025\/01\/Javier_Aparicio_Suarez_0338-600x800.jpg 600w, https:\/\/osb.org\/wp-content\/uploads\/2025\/01\/Javier_Aparicio_Suarez_0338-800x1067.jpg 800w, https:\/\/osb.org\/wp-content\/uploads\/2025\/01\/Javier_Aparicio_Suarez_0338-1200x1600.jpg 1200w, https:\/\/osb.org\/wp-content\/uploads\/2025\/01\/Javier_Aparicio_Suarez_0338.jpg 1440w\" data-sizes=\"auto\" data-orig-sizes=\"(max-width: 1024px) 100vw, (max-width: 640px) 100vw, 600px\" \/><\/span><\/div><div class=\"fusion-text fusion-text-1\" style=\"--awb-font-size:12px;--awb-text-color:#330022;--awb-text-font-family:&quot;Open Sans&quot;;--awb-text-font-style:normal;--awb-text-font-weight:400;\"><p style=\"text-align: left;\">Novo Abade Presidente da Congrega\u00e7\u00e3o de Ottilien, Javier Aparicio Suarez | foto por Fr. Patrick Carter OSB <\/p>\n<\/div><\/div><\/div><div class=\"fusion-layout-column fusion_builder_column fusion-builder-column-2 fusion_builder_column_1_2 1_2 fusion-flex-column\" style=\"--awb-bg-blend:overlay;--awb-bg-size:cover;--awb-width-large:50%;--awb-margin-top-large:0px;--awb-spacing-right-large:30px;--awb-margin-bottom-large:20px;--awb-spacing-left-large:30px;--awb-width-medium:75%;--awb-order-medium:1;--awb-spacing-right-medium:30px;--awb-spacing-left-medium:30px;--awb-width-small:100%;--awb-order-small:1;--awb-spacing-right-small:30px;--awb-spacing-left-small:30px;\"><div class=\"fusion-column-wrapper fusion-flex-justify-content-flex-start fusion-content-layout-column\"><div class=\"fusion-builder-row fusion-builder-row-inner fusion-row fusion-flex-align-items-flex-start fusion-flex-justify-content-center fusion-flex-content-wrap\" style=\"--awb-flex-grow:0;--awb-flex-grow-medium:0;--awb-flex-grow-small:0;--awb-flex-shrink:0;--awb-flex-shrink-medium:0;--awb-flex-shrink-small:0;width:calc( 100% + 60px ) !important;max-width:calc( 100% + 60px ) !important;margin-left: calc(-60px \/ 2 );margin-right: calc(-60px \/ 2 );\"><div class=\"fusion-layout-column fusion_builder_column_inner fusion-builder-nested-column-0 fusion_builder_column_inner_1_2 1_2 fusion-flex-column fusion-flex-align-self-center\" style=\"--awb-bg-size:cover;--awb-width-large:50%;--awb-margin-top-large:0px;--awb-spacing-right-large:30px;--awb-margin-bottom-large:0px;--awb-spacing-left-large:30px;--awb-width-medium:50%;--awb-order-medium:0;--awb-spacing-right-medium:30px;--awb-spacing-left-medium:30px;--awb-width-small:100%;--awb-order-small:1;--awb-spacing-right-small:30px;--awb-margin-bottom-small:20px;--awb-spacing-left-small:30px;\"><div class=\"fusion-column-wrapper fusion-column-has-shadow fusion-flex-justify-content-center fusion-content-layout-column\"><div class=\"fusion-text fusion-text-2 fusion-text-no-margin\" style=\"--awb-font-size:var(--awb-typography5-font-size);--awb-line-height:var(--awb-typography5-line-height);--awb-letter-spacing:var(--awb-typography5-letter-spacing);--awb-text-transform:var(--awb-typography5-text-transform);--awb-text-color:var(--awb-custom11);--awb-margin-top:0px;--awb-margin-right:0px;--awb-margin-bottom:0px;--awb-margin-left:0px;--awb-text-font-family:var(--awb-typography5-font-family);--awb-text-font-weight:var(--awb-typography5-font-weight);--awb-text-font-style:var(--awb-typography5-font-style);\"><p>20 janeiro 2025<\/p>\n<\/div><\/div><\/div><div class=\"fusion-layout-column fusion_builder_column_inner fusion-builder-nested-column-1 fusion_builder_column_inner_1_2 1_2 fusion-flex-column fusion-flex-align-self-center\" style=\"--awb-bg-size:cover;--awb-width-large:50%;--awb-margin-top-large:0px;--awb-spacing-right-large:30px;--awb-margin-bottom-large:0px;--awb-spacing-left-large:30px;--awb-width-medium:50%;--awb-order-medium:0;--awb-spacing-right-medium:30px;--awb-spacing-left-medium:30px;--awb-width-small:100%;--awb-order-small:0;--awb-margin-top-small:0px;--awb-spacing-right-small:30px;--awb-spacing-left-small:30px;\"><div class=\"fusion-column-wrapper fusion-column-has-shadow fusion-flex-justify-content-center fusion-content-layout-column\"><div class=\"fusion-sharing-box fusion-sharing-box-1 boxed-icons\" style=\"background-color:var(--awb-color1);border-color:var(--awb-color1);--awb-margin-top:0px;--awb-margin-right:0px;--awb-margin-bottom:0px;--awb-margin-left:0px;--awb-wrapper-padding-top:0px;--awb-wrapper-padding-right:0px;--awb-wrapper-padding-bottom:0px;--awb-wrapper-padding-left:0px;--awb-padding-top:0px;--awb-padding-right:0px;--awb-padding-bottom:0px;--awb-padding-left:0px;--awb-border-top:0px;--awb-border-right:0px;--awb-border-bottom:0px;--awb-border-left:0px;--awb-icon-size:12px;--awb-separator-border-color:#cccccc;--awb-separator-border-sizes:0px;--awb-stacked-align:flex-end;--awb-layout:row;--awb-alignment-small:flex-end;--awb-stacked-align-small:center;\" data-title=\"Not\u00edcias e elei\u00e7\u00f5es beneditinas\" data-description=\"Your Content Goes Here  \r\nNovo Abade Presidente da Congrega\u00e7\u00e3o de Ottilien, Javier Aparicio Suarez | foto por Fr. Patrick Carter OSB    \r\n\r\nDurante um Cap\u00edtulo Geral extraordin\u00e1rio em Waegwan, Coreia, a Congrega\u00e7\u00e3o de St. Ottilien elegeu um novo Abade Presidente em 18 de\" data-link=\"https:\/\/osb.org\/pt-br\/2025\/01\/20\/noticias-e-eleicoes-beneditinas\/\"><div class=\"fusion-social-networks sharingbox-shortcode-icon-wrapper sharingbox-shortcode-icon-wrapper-1 boxed-icons\"><span><a href=\"https:\/\/www.facebook.com\/sharer.php?u=https%3A%2F%2Fosb.org%2Fpt-br%2F2025%2F01%2F20%2Fnoticias-e-eleicoes-beneditinas%2F&amp;t=Not%C3%ADcias%20e%20elei%C3%A7%C3%B5es%20beneditinas\" target=\"_blank\" rel=\"noreferrer\" title=\"Facebook\" aria-label=\"Facebook\"><i class=\"fusion-social-network-icon fusion-tooltip fusion-facebook awb-icon-facebook\" style=\"color:var(--awb-custom11);background-color:#e8e8e8;border-color:#e8e8e8;border-radius:50%;\" aria-hidden=\"true\"><\/i><\/a><\/span><span><a href=\"https:\/\/x.com\/intent\/post?text=Not%C3%ADcias%20e%20elei%C3%A7%C3%B5es%20beneditinas&amp;url=https%3A%2F%2Fosb.org%2Fpt-br%2F2025%2F01%2F20%2Fnoticias-e-eleicoes-beneditinas%2F\" target=\"_blank\" rel=\"noopener noreferrer\" title=\"X\" aria-label=\"X\"><i class=\"fusion-social-network-icon fusion-tooltip fusion-twitter awb-icon-twitter\" style=\"color:var(--awb-custom11);background-color:#e8e8e8;border-color:#e8e8e8;border-radius:50%;\" aria-hidden=\"true\"><\/i><\/a><\/span><span><a href=\"https:\/\/api.whatsapp.com\/send?text=https%3A%2F%2Fosb.org%2Fpt-br%2F2025%2F01%2F20%2Fnoticias-e-eleicoes-beneditinas%2F\" target=\"_blank\" rel=\"noopener noreferrer\" title=\"WhatsApp\" aria-label=\"WhatsApp\"><i class=\"fusion-social-network-icon fusion-tooltip fusion-whatsapp awb-icon-whatsapp\" style=\"color:var(--awb-custom11);background-color:#e8e8e8;border-color:#e8e8e8;border-radius:50%;\" aria-hidden=\"true\"><\/i><\/a><\/span><span><a href=\"mailto:?subject=Not%C3%ADcias%20e%20elei%C3%A7%C3%B5es%20beneditinas&amp;body=https%3A%2F%2Fosb.org%2Fpt-br%2F2025%2F01%2F20%2Fnoticias-e-eleicoes-beneditinas%2F\" target=\"_self\" title=\"Email\" aria-label=\"Email\"><i class=\"fusion-social-network-icon fusion-tooltip fusion-mail awb-icon-mail\" style=\"color:var(--awb-custom11);background-color:#e8e8e8;border-color:#e8e8e8;border-radius:50%;\" aria-hidden=\"true\"><\/i><\/a><\/span><\/div><\/div><\/div><\/div><\/div><div class=\"fusion-text fusion-text-3\"><ul>\n<li>Durante um Cap\u00edtulo Geral extraordin\u00e1rio em Waegwan, Coreia, a <a href=\"https:\/\/osb.org\/pt-br\/2025\/01\/21\/congregacao-de-ottilien-elege-javier-aparicio-suarez-como-abade-presidente\/\">Congrega\u00e7\u00e3o de St. Ottilien elegeu um novo Abade Presidente<\/a> em 18 de janeiro. O Abade Presidente Javier Aparicio Suarez \u00e9 monge da Arquiabadia de Sankt Ottilien. At\u00e9 sua elei\u00e7\u00e3o, ele serviu como Procurador de Miss\u00e3o da Congrega\u00e7\u00e3o.  <\/li>\n<li>Em 11 de janeiro, o Papa Francisco nomeou o Abade Jeremy Driscoll da Abadia de Mount Angel, da Congrega\u00e7\u00e3o Su\u00ed\u00e7o-Americana, membro do Dicast\u00e9rio para o Culto Divino e a Disciplina dos Sacramentos.<\/li>\n<li>A comunidade da Abadia de G\u00f6ttweig, da Congrega\u00e7\u00e3o Austr\u00edaca, <a href=\"https:\/\/osb.org\/2025\/01\/09\/fr-patrick-schoder-elected-66th-abbot-of-gottweig-abbey\/\">elegeu Fr. Patrick Sch\u00f6der <\/a> como seu 66\u00ba abade em 8 de janeiro de 2025. Ele sucede o Abade Columban Luser, que era abade desde 2009. <\/li>\n<li>Em Sant&#8217;Anselmo, o novo prior Fr. Brendan Coffey, monge e abade em\u00e9rito de Glenstal, da Congrega\u00e7\u00e3o da Anuncia\u00e7\u00e3o, assumiu o cargo em 7 de janeiro de 2025. Seu predecessor, Fr. Mauritius Wilde, prior desde 2016, tirar\u00e1 um ano sab\u00e1tico e depois continuar\u00e1 a trabalhar em Sant&#8217;Anselmo em v\u00e1rias fun\u00e7\u00f5es.   <\/li>\n<li>A Abadia de Maredsous, da Congrega\u00e7\u00e3o da Anuncia\u00e7\u00e3o, <a href=\"https:\/\/osb.org\/2025\/01\/07\/pere-francois-lear-elected-as-ninth-abbot-of-maredsous\/\">elegeu um novo abade em 19 de dezembro: Fr. Fran\u00e7ois Lear <\/a>. Seu predecessor, o Abade Bernard Lorent, assumiu como presidente da AIM em 1\u00ba de janeiro.<\/li>\n<li>Em Kellenried, uma abadia de monjas da Congrega\u00e7\u00e3o de Beuron, o Abade Presidente nomeou Ir. Veronika Kiechle como Prioresa Administradora em 17 de dezembro. Ela sucede a abadessa M. Regina Kuhn.  <\/li>\n<li>Em 13 de dezembro, o Dicast\u00e9rio para a Vida Consagrada estabeleceu uma nova Congrega\u00e7\u00e3o de monjas beneditinas nos Estados Unidos, sob o t\u00edtulo de &#8220;M\u00e3e da Encarna\u00e7\u00e3o&#8221;. Ela compreende os mosteiros de Petersham, Blanco e Virginia Dale. <\/li>\n<li>Em 19 de novembro, o Abade Primaz Jeremias estabeleceu uma Comiss\u00e3o Jur\u00eddica. Seus membros s\u00e3o o Abade Presidente Franziskus Berzdorf da Congrega\u00e7\u00e3o de Beuron, o Prior Brendan Coffey de Sant&#8217;Anselmo\/Glenstal e o Prof. Fr. Laurentius Eschlb\u00f6ck de Sant&#8217;Anselmo\/Viena.  <\/li>\n<\/ul>\n<\/div><\/div><\/div><\/div><\/div><\/p>\n","protected":false},"excerpt":{"rendered":"<p>\u2022 Novo Abade Presidente da Congrega\u00e7\u00e3o de Ottilien<br \/> \u2022 Novos abades das abadias de G\u00f6ttweig e Maredsous<br \/> \u2022 Novas nomea\u00e7\u00f5es papais, congrega\u00e7\u00f5es e comiss\u00f5es.<br \/>Leia os resumos aqui.<\/p>\n","protected":false},"author":1,"featured_media":14724,"comment_status":"closed","ping_status":"closed","sticky":false,"template":"","format":"standard","meta":{"footnotes":""},"categories":[185,190],"tags":[230,225,376,226],"class_list":["post-14723","post","type-post","status-publish","format-standard","has-post-thumbnail","hentry","category-nexus-pt","category-noticias-pt","tag-nexus-janeiro-2025-pt","tag-nexus-do-abade-primaz-pt","tag-nexus-relatorio-mundial-beneditino-pt","tag-nexus-transicoes-de-lideranca-pt"],"cc_featured_image_caption":{"caption_text":false,"source_text":false,"source_url":false},"_links":{"self":[{"href":"https:\/\/osb.org\/pt-br\/wp-json\/wp\/v2\/posts\/14723","targetHints":{"allow":["GET"]}}],"collection":[{"href":"https:\/\/osb.org\/pt-br\/wp-json\/wp\/v2\/posts"}],"about":[{"href":"https:\/\/osb.org\/pt-br\/wp-json\/wp\/v2\/types\/post"}],"author":[{"embeddable":true,"href":"https:\/\/osb.org\/pt-br\/wp-json\/wp\/v2\/users\/1"}],"replies":[{"embeddable":true,"href":"https:\/\/osb.org\/pt-br\/wp-json\/wp\/v2\/comments?post=14723"}],"version-history":[{"count":0,"href":"https:\/\/osb.org\/pt-br\/wp-json\/wp\/v2\/posts\/14723\/revisions"}],"wp:featuredmedia":[{"embeddable":true,"href":"https:\/\/osb.org\/pt-br\/wp-json\/wp\/v2\/media\/14724"}],"wp:attachment":[{"href":"https:\/\/osb.org\/pt-br\/wp-json\/wp\/v2\/media?parent=14723"}],"wp:term":[{"taxonomy":"category","embeddable":true,"href":"https:\/\/osb.org\/pt-br\/wp-json\/wp\/v2\/categories?post=14723"},{"taxonomy":"post_tag","embeddable":true,"href":"https:\/\/osb.org\/pt-br\/wp-json\/wp\/v2\/tags?post=14723"}],"curies":[{"name":"wp","href":"https:\/\/api.w.org\/{rel}","templated":true}]}}