{"id":14673,"date":"2025-01-22T18:20:07","date_gmt":"2025-01-22T17:20:07","guid":{"rendered":"https:\/\/osb.org\/2025\/01\/22\/reflexoes-do-abade-portas-abertas\/"},"modified":"2025-09-24T22:22:19","modified_gmt":"2025-09-24T20:22:19","slug":"reflexoes-do-abade-portas-abertas","status":"publish","type":"post","link":"https:\/\/osb.org\/pt-br\/2025\/01\/22\/reflexoes-do-abade-portas-abertas\/","title":{"rendered":"Reflex\u00f5es do abade: portas abertas"},"content":{"rendered":"<p><div class=\"fusion-fullwidth fullwidth-box fusion-builder-row-1 fusion-flex-container has-pattern-background has-mask-background hundred-percent-fullwidth non-hundred-percent-height-scrolling\" style=\"--awb-border-radius-top-left:0px;--awb-border-radius-top-right:0px;--awb-border-radius-bottom-right:0px;--awb-border-radius-bottom-left:0px;--awb-padding-right:60px;--awb-padding-bottom:0px;--awb-padding-left:60px;--awb-padding-right-small:30px;--awb-padding-left-small:30px;--awb-flex-wrap:wrap;\" ><div class=\"fusion-builder-row fusion-row fusion-flex-align-items-center fusion-flex-justify-content-flex-end fusion-flex-content-wrap\" style=\"width:calc( 100% + 60px ) !important;max-width:calc( 100% + 60px ) !important;margin-left: calc(-60px \/ 2 );margin-right: calc(-60px \/ 2 );\"><div class=\"fusion-layout-column fusion_builder_column fusion-builder-column-0 fusion_builder_column_1_2 1_2 fusion-flex-column\" style=\"--awb-padding-right-small:0px;--awb-padding-left-small:0px;--awb-bg-size:cover;--awb-width-large:50%;--awb-margin-top-large:0px;--awb-spacing-right-large:30px;--awb-margin-bottom-large:20px;--awb-spacing-left-large:30px;--awb-width-medium:100%;--awb-order-medium:0;--awb-margin-top-medium:20px;--awb-spacing-right-medium:30px;--awb-margin-bottom-medium:0px;--awb-spacing-left-medium:30px;--awb-width-small:100%;--awb-order-small:0;--awb-spacing-right-small:30px;--awb-spacing-left-small:30px;\"><div class=\"fusion-column-wrapper fusion-column-has-shadow fusion-flex-justify-content-flex-start fusion-content-layout-column\"><div class=\"fusion-title title fusion-title-1 fusion-sep-none fusion-title-text fusion-title-size-one\" style=\"--awb-text-color:var(--awb-custom13);--awb-margin-top-small:0px;--awb-margin-right-small:0px;--awb-margin-bottom-small:20px;--awb-margin-left-small:0px;--awb-font-size:40px;\"><h1 class=\"fusion-title-heading title-heading-left md-text-align-center fusion-responsive-typography-calculated\" style=\"font-family:var(--awb-typography1-font-family);font-weight:var(--awb-typography1-font-weight);font-style:var(--awb-typography1-font-style);margin:0;letter-spacing:var(--awb-typography1-letter-spacing);text-transform:var(--awb-typography1-text-transform);font-size:1em;--fontSize:40;line-height:var(--awb-typography1-line-height);\">Reflex\u00f5es do abade: portas abertas<\/h1><\/div><\/div><\/div><\/div><\/div><div class=\"fusion-fullwidth fullwidth-box fusion-builder-row-2 fusion-flex-container hundred-percent-fullwidth non-hundred-percent-height-scrolling\" style=\"--awb-border-radius-top-left:0px;--awb-border-radius-top-right:0px;--awb-border-radius-bottom-right:0px;--awb-border-radius-bottom-left:0px;--awb-padding-right:60px;--awb-padding-left:60px;--awb-padding-right-medium:60px;--awb-padding-left-medium:60px;--awb-padding-right-small:30px;--awb-padding-left-small:30px;--awb-margin-top-small:0px;--awb-flex-wrap:wrap;\" ><div class=\"fusion-builder-row fusion-row fusion-flex-align-items-flex-start fusion-flex-justify-content-center fusion-flex-content-wrap\" style=\"width:calc( 100% + 60px ) !important;max-width:calc( 100% + 60px ) !important;margin-left: calc(-60px \/ 2 );margin-right: calc(-60px \/ 2 );\"><div class=\"fusion-layout-column fusion_builder_column fusion-builder-column-1 fusion_builder_column_1_2 1_2 fusion-flex-column\" style=\"--awb-bg-size:cover;--awb-width-large:50%;--awb-margin-top-large:0px;--awb-spacing-right-large:30px;--awb-margin-bottom-large:20px;--awb-spacing-left-large:30px;--awb-width-medium:100%;--awb-order-medium:0;--awb-spacing-right-medium:30px;--awb-spacing-left-medium:30px;--awb-width-small:100%;--awb-order-small:0;--awb-spacing-right-small:30px;--awb-spacing-left-small:30px;\"><div class=\"fusion-column-wrapper fusion-column-has-shadow fusion-flex-justify-content-flex-start fusion-content-layout-column\"><div class=\"fusion-image-element \" style=\"--awb-margin-bottom:1%;--awb-caption-title-font-family:var(--h2_typography-font-family);--awb-caption-title-font-weight:var(--h2_typography-font-weight);--awb-caption-title-font-style:var(--h2_typography-font-style);--awb-caption-title-size:var(--h2_typography-font-size);--awb-caption-title-transform:var(--h2_typography-text-transform);--awb-caption-title-line-height:var(--h2_typography-line-height);--awb-caption-title-letter-spacing:var(--h2_typography-letter-spacing);\"><span class=\" fusion-imageframe imageframe-none imageframe-1 hover-type-none\" style=\"border:1px solid var(--awb-color5);\"><a href=\"https:\/\/osb.org\/wp-content\/uploads\/2025\/01\/open_doors_IMG_0266.jpg\" class=\"fusion-lightbox\" data-rel=\"iLightbox[e7222a69b704205ce80]\" data-title=\"open_doors_IMG_0266\" title=\"open_doors_IMG_0266\"><img decoding=\"async\" width=\"1080\" height=\"1920\" src=\"https:\/\/osb.org\/wp-content\/uploads\/2025\/01\/open_doors_IMG_0266.jpg\" alt class=\"img-responsive wp-image-14674 disable-lazyload\" srcset=\"https:\/\/osb.org\/wp-content\/uploads\/2025\/01\/open_doors_IMG_0266-200x356.jpg 200w, https:\/\/osb.org\/wp-content\/uploads\/2025\/01\/open_doors_IMG_0266-400x711.jpg 400w, https:\/\/osb.org\/wp-content\/uploads\/2025\/01\/open_doors_IMG_0266-600x1067.jpg 600w, https:\/\/osb.org\/wp-content\/uploads\/2025\/01\/open_doors_IMG_0266-800x1422.jpg 800w, https:\/\/osb.org\/wp-content\/uploads\/2025\/01\/open_doors_IMG_0266.jpg 1080w\" sizes=\"(max-width: 1024px) 100vw, (max-width: 640px) 100vw, 600px\" \/><\/a><\/span><\/div><div class=\"fusion-text fusion-text-1 fusion-text-no-margin\" style=\"--awb-font-size:12px;--awb-text-color:#330022;--awb-margin-bottom:0px;--awb-text-font-family:&quot;Open Sans&quot;;--awb-text-font-style:normal;--awb-text-font-weight:400;\"><p style=\"text-align: left;\">Foto: &#8220;De Dentro&#8221; | Pe. Patrick Carter OSB <\/p>\n<\/div><\/div><\/div><div class=\"fusion-layout-column fusion_builder_column fusion-builder-column-2 fusion_builder_column_1_2 1_2 fusion-flex-column\" style=\"--awb-bg-blend:overlay;--awb-bg-size:cover;--awb-width-large:50%;--awb-margin-top-large:0px;--awb-spacing-right-large:30px;--awb-margin-bottom-large:20px;--awb-spacing-left-large:30px;--awb-width-medium:75%;--awb-order-medium:1;--awb-spacing-right-medium:30px;--awb-spacing-left-medium:30px;--awb-width-small:100%;--awb-order-small:1;--awb-spacing-right-small:30px;--awb-spacing-left-small:30px;\"><div class=\"fusion-column-wrapper fusion-flex-justify-content-flex-start fusion-content-layout-column\"><div class=\"fusion-builder-row fusion-builder-row-inner fusion-row fusion-flex-align-items-flex-start fusion-flex-justify-content-center fusion-flex-content-wrap\" style=\"--awb-flex-grow:0;--awb-flex-grow-medium:0;--awb-flex-grow-small:0;--awb-flex-shrink:0;--awb-flex-shrink-medium:0;--awb-flex-shrink-small:0;width:calc( 100% + 60px ) !important;max-width:calc( 100% + 60px ) !important;margin-left: calc(-60px \/ 2 );margin-right: calc(-60px \/ 2 );\"><div class=\"fusion-layout-column fusion_builder_column_inner fusion-builder-nested-column-0 fusion_builder_column_inner_1_2 1_2 fusion-flex-column fusion-flex-align-self-center\" style=\"--awb-bg-size:cover;--awb-width-large:50%;--awb-margin-top-large:0px;--awb-spacing-right-large:30px;--awb-margin-bottom-large:0px;--awb-spacing-left-large:30px;--awb-width-medium:50%;--awb-order-medium:0;--awb-spacing-right-medium:30px;--awb-spacing-left-medium:30px;--awb-width-small:100%;--awb-order-small:1;--awb-spacing-right-small:30px;--awb-margin-bottom-small:20px;--awb-spacing-left-small:30px;\"><div class=\"fusion-column-wrapper fusion-column-has-shadow fusion-flex-justify-content-center fusion-content-layout-column\"><div class=\"fusion-text fusion-text-2 fusion-text-no-margin\" style=\"--awb-font-size:var(--awb-typography5-font-size);--awb-line-height:var(--awb-typography5-line-height);--awb-letter-spacing:var(--awb-typography5-letter-spacing);--awb-text-transform:var(--awb-typography5-text-transform);--awb-text-color:var(--awb-custom11);--awb-margin-top:0px;--awb-margin-right:0px;--awb-margin-bottom:0px;--awb-margin-left:0px;--awb-text-font-family:var(--awb-typography5-font-family);--awb-text-font-weight:var(--awb-typography5-font-weight);--awb-text-font-style:var(--awb-typography5-font-style);\"><p>22 janeiro 2025<\/p>\n<\/div><\/div><\/div><div class=\"fusion-layout-column fusion_builder_column_inner fusion-builder-nested-column-1 fusion_builder_column_inner_1_2 1_2 fusion-flex-column fusion-flex-align-self-center\" style=\"--awb-bg-size:cover;--awb-width-large:50%;--awb-margin-top-large:0px;--awb-spacing-right-large:30px;--awb-margin-bottom-large:0px;--awb-spacing-left-large:30px;--awb-width-medium:50%;--awb-order-medium:0;--awb-spacing-right-medium:30px;--awb-spacing-left-medium:30px;--awb-width-small:100%;--awb-order-small:0;--awb-margin-top-small:0px;--awb-spacing-right-small:30px;--awb-spacing-left-small:30px;\"><div class=\"fusion-column-wrapper fusion-column-has-shadow fusion-flex-justify-content-center fusion-content-layout-column\"><div class=\"fusion-sharing-box fusion-sharing-box-1 boxed-icons\" style=\"background-color:var(--awb-color1);border-color:var(--awb-color1);--awb-margin-top:0px;--awb-margin-right:0px;--awb-margin-bottom:0px;--awb-margin-left:0px;--awb-wrapper-padding-top:0px;--awb-wrapper-padding-right:0px;--awb-wrapper-padding-bottom:0px;--awb-wrapper-padding-left:0px;--awb-padding-top:0px;--awb-padding-right:0px;--awb-padding-bottom:0px;--awb-padding-left:0px;--awb-border-top:0px;--awb-border-right:0px;--awb-border-bottom:0px;--awb-border-left:0px;--awb-icon-size:12px;--awb-separator-border-color:#cccccc;--awb-separator-border-sizes:0px;--awb-stacked-align:flex-end;--awb-layout:row;--awb-alignment-small:flex-end;--awb-stacked-align-small:center;\" data-title=\"Reflex\u00f5es do abade: portas abertas\" data-description=\"Your Content Goes Here  \r\nFoto: &quot;De Dentro&quot; | Pe. Patrick Carter OSB    \r\nQueridos irm\u00e3os e irm\u00e3s\r\nHoje escrevo para voc\u00eas da Coreia, onde minha pr\u00f3pria Congrega\u00e7\u00e3o est\u00e1 realizando um cap\u00edtulo geral na abadia de Waegwan, com 130 monges, uma das maiores comunidades da ordem.\" data-link=\"https:\/\/osb.org\/pt-br\/2025\/01\/22\/reflexoes-do-abade-portas-abertas\/\"><div class=\"fusion-social-networks sharingbox-shortcode-icon-wrapper sharingbox-shortcode-icon-wrapper-1 boxed-icons\"><span><a href=\"https:\/\/www.facebook.com\/sharer.php?u=https%3A%2F%2Fosb.org%2Fpt-br%2F2025%2F01%2F22%2Freflexoes-do-abade-portas-abertas%2F&amp;t=Reflex%C3%B5es%20do%20abade%3A%20portas%20abertas\" target=\"_blank\" rel=\"noreferrer\" title=\"Facebook\" aria-label=\"Facebook\"><i class=\"fusion-social-network-icon fusion-tooltip fusion-facebook awb-icon-facebook\" style=\"color:var(--awb-custom11);background-color:#e8e8e8;border-color:#e8e8e8;border-radius:50%;\" aria-hidden=\"true\"><\/i><\/a><\/span><span><a href=\"https:\/\/x.com\/intent\/post?text=Reflex%C3%B5es%20do%20abade%3A%20portas%20abertas&amp;url=https%3A%2F%2Fosb.org%2Fpt-br%2F2025%2F01%2F22%2Freflexoes-do-abade-portas-abertas%2F\" target=\"_blank\" rel=\"noopener noreferrer\" title=\"X\" aria-label=\"X\"><i class=\"fusion-social-network-icon fusion-tooltip fusion-twitter awb-icon-twitter\" style=\"color:var(--awb-custom11);background-color:#e8e8e8;border-color:#e8e8e8;border-radius:50%;\" aria-hidden=\"true\"><\/i><\/a><\/span><span><a href=\"https:\/\/api.whatsapp.com\/send?text=https%3A%2F%2Fosb.org%2Fpt-br%2F2025%2F01%2F22%2Freflexoes-do-abade-portas-abertas%2F\" target=\"_blank\" rel=\"noopener noreferrer\" title=\"WhatsApp\" aria-label=\"WhatsApp\"><i class=\"fusion-social-network-icon fusion-tooltip fusion-whatsapp awb-icon-whatsapp\" style=\"color:var(--awb-custom11);background-color:#e8e8e8;border-color:#e8e8e8;border-radius:50%;\" aria-hidden=\"true\"><\/i><\/a><\/span><span><a href=\"mailto:?subject=Reflex%C3%B5es%20do%20abade%3A%20portas%20abertas&amp;body=https%3A%2F%2Fosb.org%2Fpt-br%2F2025%2F01%2F22%2Freflexoes-do-abade-portas-abertas%2F\" target=\"_self\" title=\"Email\" aria-label=\"Email\"><i class=\"fusion-social-network-icon fusion-tooltip fusion-mail awb-icon-mail\" style=\"color:var(--awb-custom11);background-color:#e8e8e8;border-color:#e8e8e8;border-radius:50%;\" aria-hidden=\"true\"><\/i><\/a><\/span><\/div><\/div><\/div><\/div><\/div><div class=\"fusion-text fusion-text-3\"><p>Queridos irm\u00e3os e irm\u00e3s<\/p>\n<p>Hoje escrevo para voc\u00eas da Coreia, onde minha pr\u00f3pria Congrega\u00e7\u00e3o est\u00e1 realizando um cap\u00edtulo geral na abadia de Waegwan, com 130 monges, uma das maiores comunidades da ordem. O cap\u00edtulo tornou-se necess\u00e1rio porque a Congrega\u00e7\u00e3o de Ottilien precisava encontrar um novo abade presidente depois que me tornei Abade Primaz. Voc\u00eas encontrar\u00e3o mais not\u00edcias sobre isso na se\u00e7\u00e3o <a href=\"https:\/\/osb.org\/2025\/01\/20\/bullet-points-benedictine-news-and-elections\/\">Not\u00edcias e Elei\u00e7\u00f5es Beneditinas<\/a> desta edi\u00e7\u00e3o do NEXUS.  <\/p>\n<p>A Coreia est\u00e1 em alguma turbul\u00eancia agora porque o presidente tentou minar as institui\u00e7\u00f5es democr\u00e1ticas do pa\u00eds ao declarar lei marcial h\u00e1 um m\u00eas. As institui\u00e7\u00f5es provaram ser resilientes, no entanto, e o presidente est\u00e1 atualmente preso enquanto os pr\u00f3ximos passos est\u00e3o sendo negociados. Este \u00e9 apenas um dos muitos casos de um mundo que parece estar mudando dramaticamente, e infelizmente um dos mais inofensivos.  <\/p>\n<p>Desde o \u00faltimo Natal, nossa Igreja Cat\u00f3lica abriu cinco Portas Santas para este mundo. S\u00e3o portas de miseric\u00f3rdia, lembretes abertos da presen\u00e7a e acessibilidade de Deus. Todos s\u00e3o convidados a cruzar os umbrais dessas Portas Santas, independentemente de seu credo. Somente em S\u00e3o Pedro, mais de meio milh\u00e3o passou pela Porta Santa nos primeiros dias, e alguns dias atr\u00e1s vi uma longa fila do lado de fora de Santa Maria Maior. Em 5 de janeiro fui \u00e0 bas\u00edlica de S\u00e3o Paulo Extramuros, onde a \u00faltima dessas portas foi aberta. O Cardeal Harvey, arcipreste da bas\u00edlica, presidiu a cerim\u00f4nia solene. S\u00e3o Paulo \u00e9, naturalmente, o local de uma comunidade beneditina viva. Muitos confrades de Sant&#8217;Anselmo e outras casas beneditinas se reuniram para se juntar aos monges da abadia e caminhar atrav\u00e9s do port\u00e3o aberto do amor de Deus como uma comunidade. Fiquei profundamente tocado pelo simbolismo desta porta aberta. N\u00e3o precisa de muita explica\u00e7\u00e3o. Todas as culturas t\u00eam uma compreens\u00e3o da import\u00e2ncia de portas, port\u00f5es e umbrais, cuja palavra latina nos deu o adjetivo &#8220;liminar&#8221; para descrever uma experi\u00eancia de transi\u00e7\u00e3o. Todos compreendem o que significa que uma porta foi aberta.           <\/p>\n<p>O Papa Francisco colocou este Ano Santo sob o lema da Peregrina\u00e7\u00e3o da Esperan\u00e7a. A bula papal com a qual ele anunciou este ano de gra\u00e7a foi intitulada: <em>Spes Non Confundit<\/em>. A Esperan\u00e7a N\u00e3o Decepciona. Para n\u00f3s beneditinos, o latim ressoa com o texto do <em>Suscipe<\/em>, a ant\u00edfona que em tantos de nossos mosteiros \u00e9 cantada durante o rito de profiss\u00e3o. <em>Et ne confundas me ab exspectatione mea<\/em>. N\u00e3o me deixe ser confundido em minha esperan\u00e7a. Um jubileu muito beneditino, ent\u00e3o. Esperemos que sim.      <\/p>\n<p>Recentemente fui lembrado do fato de que a esperan\u00e7a n\u00e3o \u00e9 uma gra\u00e7a ou um dom, mas sim uma virtude. N\u00e3o falamos muito sobre virtudes hoje em dia, e talvez tenhamos que retornar \u00e0s virtudes com mais for\u00e7a. Em todo caso, as virtudes \u2014 em vez de serem simplesmente um dom do alto, s\u00e3o o resultado de pr\u00e1tica consistente. Algo para treinar e trabalhar, ou parte de nossa pr\u00e1tica asc\u00e9tica, em outras palavras. Acho isso bastante atual. De vez em quando ou\u00e7o de monges e outros que ficam desencorajados quando ouvem l\u00edderes e confrades falarem de forma leviana sobre serem os \u00faltimos de sua comunidade, ou sobre algu\u00e9m ter que apagar a luz quando todos se forem. &#8220;Quem ainda estar\u00e1 aqui em 20 anos?&#8221; Bem, ningu\u00e9m se essas vozes ganharem vantagem, isso \u00e9 claro. N\u00e3o acho que devemos mentir para n\u00f3s mesmos sobre as perspectivas de algumas de nossas comunidades. Mas h\u00e1 uma diferen\u00e7a entre realismo s\u00f3brio \u2014 que \u00e9 uma forma de exercer humildade verdadeira \u2014 e conversa leviana e c\u00ednica que desmoraliza e suga a for\u00e7a, energia e boa vontade dos irm\u00e3os. H\u00e1 talvez uma forma de implementar o Ano Santo: cultivando e nutrindo a esperan\u00e7a, n\u00e3o como otimismo cego, mas como uma forma de manter portas abertas para a a\u00e7\u00e3o de Deus em nossas vidas e em nossas comunidades.          <\/p>\n<p>Muito fraternalmente,<\/p>\n<p>Abade Jeremias OSB<br \/>Abade Primaz<\/p>\n<\/div><\/div><\/div><\/div><\/div><\/p>\n","protected":false},"excerpt":{"rendered":"<p>O Abade Primaz Jeremias Schr\u00f6der escreve da Coreia, onde sua Congrega\u00e7\u00e3o est\u00e1 reunida na Abadia de Waegwan, refletindo sobre o Ano Santo da Peregrina\u00e7\u00e3o da Esperan\u00e7a do Papa Francisco. A esperan\u00e7a n\u00e3o \u00e9 um dom, ele diz, mas uma virtude \u2014 uma pr\u00e1tica que devemos cultivar. Ele nos exorta a manter nossas portas abertas para a a\u00e7\u00e3o de Deus em nossas vidas e comunidades. Leia a reflex\u00e3o completa aqui.   <\/p>\n","protected":false},"author":1,"featured_media":14675,"comment_status":"closed","ping_status":"closed","sticky":false,"template":"","format":"standard","meta":{"footnotes":""},"categories":[185,190],"tags":[230,225],"class_list":["post-14673","post","type-post","status-publish","format-standard","has-post-thumbnail","hentry","category-nexus-pt","category-noticias-pt","tag-nexus-janeiro-2025-pt","tag-nexus-do-abade-primaz-pt"],"cc_featured_image_caption":{"caption_text":false,"source_text":false,"source_url":false},"_links":{"self":[{"href":"https:\/\/osb.org\/pt-br\/wp-json\/wp\/v2\/posts\/14673","targetHints":{"allow":["GET"]}}],"collection":[{"href":"https:\/\/osb.org\/pt-br\/wp-json\/wp\/v2\/posts"}],"about":[{"href":"https:\/\/osb.org\/pt-br\/wp-json\/wp\/v2\/types\/post"}],"author":[{"embeddable":true,"href":"https:\/\/osb.org\/pt-br\/wp-json\/wp\/v2\/users\/1"}],"replies":[{"embeddable":true,"href":"https:\/\/osb.org\/pt-br\/wp-json\/wp\/v2\/comments?post=14673"}],"version-history":[{"count":0,"href":"https:\/\/osb.org\/pt-br\/wp-json\/wp\/v2\/posts\/14673\/revisions"}],"wp:featuredmedia":[{"embeddable":true,"href":"https:\/\/osb.org\/pt-br\/wp-json\/wp\/v2\/media\/14675"}],"wp:attachment":[{"href":"https:\/\/osb.org\/pt-br\/wp-json\/wp\/v2\/media?parent=14673"}],"wp:term":[{"taxonomy":"category","embeddable":true,"href":"https:\/\/osb.org\/pt-br\/wp-json\/wp\/v2\/categories?post=14673"},{"taxonomy":"post_tag","embeddable":true,"href":"https:\/\/osb.org\/pt-br\/wp-json\/wp\/v2\/tags?post=14673"}],"curies":[{"name":"wp","href":"https:\/\/api.w.org\/{rel}","templated":true}]}}