{"id":14630,"date":"2025-02-20T09:31:43","date_gmt":"2025-02-20T08:31:43","guid":{"rendered":"https:\/\/osb.org\/2025\/02\/20\/basilica-de-santanselmo-recebe-novo-reitor\/"},"modified":"2025-09-24T22:19:04","modified_gmt":"2025-09-24T20:19:04","slug":"basilica-de-santanselmo-recebe-novo-reitor","status":"publish","type":"post","link":"https:\/\/osb.org\/pt-br\/2025\/02\/20\/basilica-de-santanselmo-recebe-novo-reitor\/","title":{"rendered":"Bas\u00edlica de Sant&#8217;Anselmo recebe novo reitor"},"content":{"rendered":"<p><div class=\"fusion-fullwidth fullwidth-box fusion-builder-row-1 fusion-flex-container has-pattern-background has-mask-background hundred-percent-fullwidth non-hundred-percent-height-scrolling\" style=\"--awb-border-radius-top-left:0px;--awb-border-radius-top-right:0px;--awb-border-radius-bottom-right:0px;--awb-border-radius-bottom-left:0px;--awb-padding-right:60px;--awb-padding-bottom:0px;--awb-padding-left:60px;--awb-padding-right-small:30px;--awb-padding-left-small:30px;--awb-flex-wrap:wrap;\" ><div class=\"fusion-builder-row fusion-row fusion-flex-align-items-center fusion-flex-justify-content-flex-end fusion-flex-content-wrap\" style=\"width:calc( 100% + 60px ) !important;max-width:calc( 100% + 60px ) !important;margin-left: calc(-60px \/ 2 );margin-right: calc(-60px \/ 2 );\"><div class=\"fusion-layout-column fusion_builder_column fusion-builder-column-0 fusion_builder_column_1_2 1_2 fusion-flex-column\" style=\"--awb-padding-right:80px;--awb-padding-left:80px;--awb-padding-right-small:0px;--awb-padding-left-small:0px;--awb-bg-size:cover;--awb-width-large:50%;--awb-margin-top-large:0px;--awb-spacing-right-large:30px;--awb-margin-bottom-large:20px;--awb-spacing-left-large:30px;--awb-width-medium:100%;--awb-order-medium:0;--awb-margin-top-medium:20px;--awb-spacing-right-medium:30px;--awb-margin-bottom-medium:0px;--awb-spacing-left-medium:30px;--awb-width-small:100%;--awb-order-small:0;--awb-spacing-right-small:30px;--awb-spacing-left-small:30px;\"><div class=\"fusion-column-wrapper fusion-column-has-shadow fusion-flex-justify-content-flex-start fusion-content-layout-column\"><div class=\"fusion-title title fusion-title-1 fusion-sep-none fusion-title-text fusion-title-size-one\" style=\"--awb-text-color:var(--awb-custom13);--awb-margin-top-small:0px;--awb-margin-right-small:0px;--awb-margin-bottom-small:20px;--awb-margin-left-small:0px;--awb-font-size:40px;\"><h1 class=\"fusion-title-heading title-heading-left md-text-align-center fusion-responsive-typography-calculated\" style=\"font-family:var(--awb-typography1-font-family);font-weight:var(--awb-typography1-font-weight);font-style:var(--awb-typography1-font-style);margin:0;letter-spacing:var(--awb-typography1-letter-spacing);text-transform:var(--awb-typography1-text-transform);font-size:1em;--fontSize:40;line-height:var(--awb-typography1-line-height);\">Bas\u00edlica de Sant&#8217;Anselmo recebe novo reitor<\/h1><\/div><div class=\"fusion-text fusion-text-1 fusion-no-small-visibility fusion-no-medium-visibility\"><p>Em um almo\u00e7o realizado em 2 de fevereiro, o Abade Primaz Jeremias expressou profunda gratid\u00e3o ao Pe. Dorotej enquanto Sant'Anselmo dava as boas-vindas ao Pe. Sebastian como o novo reitor da bas\u00edlica. Leia mais sobre o inspirador caminho de Sebastian.   <\/p>\n<\/div><\/div><\/div><div class=\"fusion-layout-column fusion_builder_column fusion-builder-column-1 fusion_builder_column_1_2 1_2 fusion-flex-column\" style=\"--awb-bg-size:cover;--awb-width-large:50%;--awb-margin-top-large:0px;--awb-spacing-right-large:30px;--awb-margin-bottom-large:0px;--awb-spacing-left-large:30px;--awb-width-medium:100%;--awb-order-medium:0;--awb-spacing-right-medium:30px;--awb-spacing-left-medium:30px;--awb-width-small:100%;--awb-order-small:0;--awb-spacing-right-small:30px;--awb-spacing-left-small:30px;\"><div class=\"fusion-column-wrapper fusion-column-has-shadow fusion-flex-justify-content-flex-start fusion-content-layout-column\"><div class=\"fusion-image-element \" style=\"--awb-caption-title-font-family:var(--h2_typography-font-family);--awb-caption-title-font-weight:var(--h2_typography-font-weight);--awb-caption-title-font-style:var(--h2_typography-font-style);--awb-caption-title-size:var(--h2_typography-font-size);--awb-caption-title-transform:var(--h2_typography-text-transform);--awb-caption-title-line-height:var(--h2_typography-line-height);--awb-caption-title-letter-spacing:var(--h2_typography-letter-spacing);\"><span class=\" fusion-imageframe imageframe-none imageframe-1 hover-type-none\" style=\"border:1px solid var(--awb-custom10);\"><img decoding=\"async\" width=\"1920\" height=\"1080\" title=\"DSC_2310_web\" src=\"https:\/\/osb.org\/wp-content\/uploads\/2025\/03\/DSC_2310_web.jpg\" data-orig-src=\"https:\/\/osb.org\/wp-content\/uploads\/2025\/03\/DSC_2310_web.jpg\" alt class=\"lazyload img-responsive wp-image-14631\" srcset=\"data:image\/svg+xml,%3Csvg%20xmlns%3D%27http%3A%2F%2Fwww.w3.org%2F2000%2Fsvg%27%20width%3D%271920%27%20height%3D%271080%27%20viewBox%3D%270%200%201920%201080%27%3E%3Crect%20width%3D%271920%27%20height%3D%271080%27%20fill-opacity%3D%220%22%2F%3E%3C%2Fsvg%3E\" data-srcset=\"https:\/\/osb.org\/wp-content\/uploads\/2025\/03\/DSC_2310_web-200x113.jpg 200w, https:\/\/osb.org\/wp-content\/uploads\/2025\/03\/DSC_2310_web-400x225.jpg 400w, https:\/\/osb.org\/wp-content\/uploads\/2025\/03\/DSC_2310_web-600x338.jpg 600w, https:\/\/osb.org\/wp-content\/uploads\/2025\/03\/DSC_2310_web-800x450.jpg 800w, https:\/\/osb.org\/wp-content\/uploads\/2025\/03\/DSC_2310_web-1200x675.jpg 1200w, https:\/\/osb.org\/wp-content\/uploads\/2025\/03\/DSC_2310_web.jpg 1920w\" data-sizes=\"auto\" data-orig-sizes=\"(max-width: 1024px) 100vw, (max-width: 640px) 100vw, 600px\" \/><\/span><\/div><div class=\"fusion-text fusion-text-2 fusion-text-no-margin\" style=\"--awb-font-size:var(--awb-typography5-font-size);--awb-line-height:var(--awb-typography5-line-height);--awb-letter-spacing:var(--awb-typography5-letter-spacing);--awb-text-transform:var(--awb-typography5-text-transform);--awb-text-color:var(--awb-custom11);--awb-margin-top:12px;--awb-margin-bottom:12px;--awb-text-font-family:var(--awb-typography5-font-family);--awb-text-font-weight:var(--awb-typography5-font-weight);--awb-text-font-style:var(--awb-typography5-font-style);\"><p>Your Content Goes Here<\/p>\n<\/div><\/div><\/div><div class=\"fusion-layout-column fusion_builder_column fusion-builder-column-2 fusion_builder_column_1_2 1_2 fusion-flex-column\" style=\"--awb-bg-size:cover;--awb-width-large:50%;--awb-margin-top-large:0px;--awb-spacing-right-large:30px;--awb-margin-bottom-large:0px;--awb-spacing-left-large:30px;--awb-width-medium:100%;--awb-order-medium:0;--awb-spacing-right-medium:30px;--awb-spacing-left-medium:30px;--awb-width-small:100%;--awb-order-small:0;--awb-spacing-right-small:30px;--awb-spacing-left-small:30px;\"><div class=\"fusion-column-wrapper fusion-column-has-shadow fusion-flex-justify-content-flex-start fusion-content-layout-column\"><div class=\"fusion-separator fusion-full-width-sep\" style=\"align-self: center;margin-left: auto;margin-right: auto;width:100%;\"><div class=\"fusion-separator-border sep-single sep-solid\" style=\"--awb-height:20px;--awb-amount:20px;--awb-sep-color:var(--awb-color4);border-color:var(--awb-color4);border-top-width:3px;\"><\/div><\/div><\/div><\/div><\/div><\/div><div class=\"fusion-fullwidth fullwidth-box fusion-builder-row-2 fusion-flex-container hundred-percent-fullwidth non-hundred-percent-height-scrolling\" style=\"--awb-border-radius-top-left:0px;--awb-border-radius-top-right:0px;--awb-border-radius-bottom-right:0px;--awb-border-radius-bottom-left:0px;--awb-padding-right:60px;--awb-padding-left:60px;--awb-padding-right-medium:60px;--awb-padding-left-medium:60px;--awb-padding-right-small:30px;--awb-padding-left-small:30px;--awb-margin-top-small:0px;--awb-flex-wrap:wrap;\" ><div class=\"fusion-builder-row fusion-row fusion-flex-align-items-flex-start fusion-flex-justify-content-center fusion-flex-content-wrap\" style=\"width:calc( 100% + 60px ) !important;max-width:calc( 100% + 60px ) !important;margin-left: calc(-60px \/ 2 );margin-right: calc(-60px \/ 2 );\"><div class=\"fusion-layout-column fusion_builder_column fusion-builder-column-3 fusion_builder_column_1_2 1_2 fusion-flex-column\" style=\"--awb-bg-size:cover;--awb-width-large:50%;--awb-margin-top-large:0px;--awb-spacing-right-large:30px;--awb-margin-bottom-large:20px;--awb-spacing-left-large:30px;--awb-width-medium:100%;--awb-order-medium:1;--awb-spacing-right-medium:30px;--awb-spacing-left-medium:30px;--awb-width-small:100%;--awb-order-small:1;--awb-spacing-right-small:30px;--awb-spacing-left-small:30px;\"><div class=\"fusion-column-wrapper fusion-column-has-shadow fusion-flex-justify-content-flex-start fusion-content-layout-column\"><div class=\"awb-gallery-wrapper awb-gallery-wrapper-1 button-span-no\" style=\"--more-btn-alignment:center;\"><div style=\"margin:-5px;--awb-bordersize:0px;\" class=\"fusion-gallery fusion-gallery-container fusion-grid-1 fusion-columns-total-2 fusion-gallery-layout-grid fusion-gallery-1\"><div style=\"padding:5px;\" class=\"fusion-grid-column fusion-gallery-column fusion-gallery-column-1 hover-type-none\"><div class=\"fusion-gallery-image\"><a href=\"https:\/\/osb.org\/wp-content\/uploads\/2025\/03\/DSC_1793.jpg\" rel=\"noreferrer\" data-rel=\"iLightbox[gallery_image_1]\" class=\"fusion-lightbox\" target=\"_self\"><img decoding=\"async\" src=\"https:\/\/osb.org\/wp-content\/uploads\/2025\/03\/DSC_1793.jpg\" data-orig-src=\"https:\/\/osb.org\/wp-content\/uploads\/2025\/03\/DSC_1793.jpg\" width=\"1920\" height=\"1080\" alt=\"\" title=\"DSC_1793\" aria-label=\"DSC_1793\" class=\"lazyload img-responsive wp-image-14632\" srcset=\"data:image\/svg+xml,%3Csvg%20xmlns%3D%27http%3A%2F%2Fwww.w3.org%2F2000%2Fsvg%27%20width%3D%271920%27%20height%3D%271080%27%20viewBox%3D%270%200%201920%201080%27%3E%3Crect%20width%3D%271920%27%20height%3D%271080%27%20fill-opacity%3D%220%22%2F%3E%3C%2Fsvg%3E\" data-srcset=\"https:\/\/osb.org\/wp-content\/uploads\/2025\/03\/DSC_1793-200x113.jpg 200w, https:\/\/osb.org\/wp-content\/uploads\/2025\/03\/DSC_1793-400x225.jpg 400w, https:\/\/osb.org\/wp-content\/uploads\/2025\/03\/DSC_1793-600x338.jpg 600w, https:\/\/osb.org\/wp-content\/uploads\/2025\/03\/DSC_1793-800x450.jpg 800w, https:\/\/osb.org\/wp-content\/uploads\/2025\/03\/DSC_1793-1200x675.jpg 1200w, https:\/\/osb.org\/wp-content\/uploads\/2025\/03\/DSC_1793.jpg 1920w\" data-sizes=\"auto\" data-orig-sizes=\"(min-width: 2200px) 100vw, (min-width: 640px) 1100px, \" \/><\/a><\/div><\/div><div class=\"clearfix\"><\/div><div style=\"padding:5px;\" class=\"fusion-grid-column fusion-gallery-column fusion-gallery-column-1 hover-type-none\"><div class=\"fusion-gallery-image\"><a href=\"https:\/\/osb.org\/wp-content\/uploads\/2025\/03\/DSC_1870.jpg\" rel=\"noreferrer\" data-rel=\"iLightbox[gallery_image_1]\" class=\"fusion-lightbox\" target=\"_self\"><img decoding=\"async\" src=\"https:\/\/osb.org\/wp-content\/uploads\/2025\/03\/DSC_1870.jpg\" data-orig-src=\"https:\/\/osb.org\/wp-content\/uploads\/2025\/03\/DSC_1870.jpg\" width=\"1920\" height=\"1080\" alt=\"\" title=\"DSC_1870\" aria-label=\"DSC_1870\" class=\"lazyload img-responsive wp-image-14633\" srcset=\"data:image\/svg+xml,%3Csvg%20xmlns%3D%27http%3A%2F%2Fwww.w3.org%2F2000%2Fsvg%27%20width%3D%271920%27%20height%3D%271080%27%20viewBox%3D%270%200%201920%201080%27%3E%3Crect%20width%3D%271920%27%20height%3D%271080%27%20fill-opacity%3D%220%22%2F%3E%3C%2Fsvg%3E\" data-srcset=\"https:\/\/osb.org\/wp-content\/uploads\/2025\/03\/DSC_1870-200x113.jpg 200w, https:\/\/osb.org\/wp-content\/uploads\/2025\/03\/DSC_1870-400x225.jpg 400w, https:\/\/osb.org\/wp-content\/uploads\/2025\/03\/DSC_1870-600x338.jpg 600w, https:\/\/osb.org\/wp-content\/uploads\/2025\/03\/DSC_1870-800x450.jpg 800w, https:\/\/osb.org\/wp-content\/uploads\/2025\/03\/DSC_1870-1200x675.jpg 1200w, https:\/\/osb.org\/wp-content\/uploads\/2025\/03\/DSC_1870.jpg 1920w\" data-sizes=\"auto\" data-orig-sizes=\"(min-width: 2200px) 100vw, (min-width: 640px) 1100px, \" \/><\/a><\/div><\/div><div class=\"clearfix\"><\/div><\/div><\/div><\/div><\/div><div class=\"fusion-layout-column fusion_builder_column fusion-builder-column-4 fusion_builder_column_1_2 1_2 fusion-flex-column\" style=\"--awb-bg-blend:overlay;--awb-bg-size:cover;--awb-width-large:50%;--awb-margin-top-large:0px;--awb-spacing-right-large:30px;--awb-margin-bottom-large:20px;--awb-spacing-left-large:30px;--awb-width-medium:75%;--awb-order-medium:0;--awb-spacing-right-medium:30px;--awb-spacing-left-medium:30px;--awb-width-small:100%;--awb-order-small:0;--awb-spacing-right-small:30px;--awb-spacing-left-small:30px;\"><div class=\"fusion-column-wrapper fusion-flex-justify-content-flex-start fusion-content-layout-column\"><div class=\"fusion-builder-row fusion-builder-row-inner fusion-row fusion-flex-align-items-flex-start fusion-flex-justify-content-center fusion-flex-content-wrap\" style=\"--awb-flex-grow:0;--awb-flex-grow-medium:0;--awb-flex-grow-small:0;--awb-flex-shrink:0;--awb-flex-shrink-medium:0;--awb-flex-shrink-small:0;width:calc( 100% + 60px ) !important;max-width:calc( 100% + 60px ) !important;margin-left: calc(-60px \/ 2 );margin-right: calc(-60px \/ 2 );\"><div class=\"fusion-layout-column fusion_builder_column_inner fusion-builder-nested-column-0 fusion_builder_column_inner_1_2 1_2 fusion-flex-column fusion-flex-align-self-center\" style=\"--awb-bg-size:cover;--awb-width-large:50%;--awb-margin-top-large:0px;--awb-spacing-right-large:30px;--awb-margin-bottom-large:0px;--awb-spacing-left-large:30px;--awb-width-medium:50%;--awb-order-medium:0;--awb-spacing-right-medium:30px;--awb-spacing-left-medium:30px;--awb-width-small:100%;--awb-order-small:1;--awb-spacing-right-small:30px;--awb-margin-bottom-small:20px;--awb-spacing-left-small:30px;\"><div class=\"fusion-column-wrapper fusion-column-has-shadow fusion-flex-justify-content-center fusion-content-layout-column\"><div class=\"fusion-text fusion-text-3 fusion-text-no-margin\" style=\"--awb-font-size:var(--awb-typography5-font-size);--awb-line-height:var(--awb-typography5-line-height);--awb-letter-spacing:var(--awb-typography5-letter-spacing);--awb-text-transform:var(--awb-typography5-text-transform);--awb-text-color:var(--awb-custom11);--awb-margin-top:0px;--awb-margin-right:0px;--awb-margin-bottom:0px;--awb-margin-left:0px;--awb-text-font-family:var(--awb-typography5-font-family);--awb-text-font-weight:var(--awb-typography5-font-weight);--awb-text-font-style:var(--awb-typography5-font-style);\"><p>20 fevereiro 2025<\/p>\n<\/div><\/div><\/div><div class=\"fusion-layout-column fusion_builder_column_inner fusion-builder-nested-column-1 fusion_builder_column_inner_1_2 1_2 fusion-flex-column fusion-flex-align-self-center\" style=\"--awb-bg-size:cover;--awb-width-large:50%;--awb-margin-top-large:0px;--awb-spacing-right-large:30px;--awb-margin-bottom-large:0px;--awb-spacing-left-large:30px;--awb-width-medium:50%;--awb-order-medium:0;--awb-spacing-right-medium:30px;--awb-spacing-left-medium:30px;--awb-width-small:100%;--awb-order-small:0;--awb-margin-top-small:0px;--awb-spacing-right-small:30px;--awb-spacing-left-small:30px;\"><div class=\"fusion-column-wrapper fusion-column-has-shadow fusion-flex-justify-content-center fusion-content-layout-column\"><div class=\"fusion-sharing-box fusion-sharing-box-1 boxed-icons\" style=\"background-color:var(--awb-color1);border-color:var(--awb-color1);--awb-margin-top:0px;--awb-margin-right:0px;--awb-margin-bottom:0px;--awb-margin-left:0px;--awb-wrapper-padding-top:0px;--awb-wrapper-padding-right:0px;--awb-wrapper-padding-bottom:0px;--awb-wrapper-padding-left:0px;--awb-padding-top:0px;--awb-padding-right:0px;--awb-padding-bottom:0px;--awb-padding-left:0px;--awb-border-top:0px;--awb-border-right:0px;--awb-border-bottom:0px;--awb-border-left:0px;--awb-icon-size:12px;--awb-separator-border-color:#cccccc;--awb-separator-border-sizes:0px;--awb-stacked-align:flex-end;--awb-layout:row;--awb-alignment-small:flex-end;--awb-stacked-align-small:center;\" data-title=\"Bas\u00edlica de Sant&#8217;Anselmo recebe novo reitor\" data-description=\"Your Content Goes Here  Your Content Goes Here        \r\nProfundo Agradecimento e Reconhecimento ao Pe. Dorotej \r\nEm um almo\u00e7o festivo realizado em 2 de fevereiro de 2025, a lideran\u00e7a da Bas\u00edlica de Sant&#039;Anselmo passou do Pe. Dorotej Toi\u0107 para o\" data-link=\"https:\/\/osb.org\/pt-br\/2025\/02\/20\/basilica-de-santanselmo-recebe-novo-reitor\/\"><div class=\"fusion-social-networks sharingbox-shortcode-icon-wrapper sharingbox-shortcode-icon-wrapper-1 boxed-icons\"><span><a href=\"https:\/\/www.facebook.com\/sharer.php?u=https%3A%2F%2Fosb.org%2Fpt-br%2F2025%2F02%2F20%2Fbasilica-de-santanselmo-recebe-novo-reitor%2F&amp;t=Bas%C3%ADlica%20de%20Sant%26%238217%3BAnselmo%20recebe%20novo%20reitor\" target=\"_blank\" rel=\"noreferrer\" title=\"Facebook\" aria-label=\"Facebook\"><i class=\"fusion-social-network-icon fusion-tooltip fusion-facebook awb-icon-facebook\" style=\"color:var(--awb-custom11);background-color:#e8e8e8;border-color:#e8e8e8;border-radius:50%;\" aria-hidden=\"true\"><\/i><\/a><\/span><span><a href=\"https:\/\/x.com\/intent\/post?text=Bas%C3%ADlica%20de%20Sant%E2%80%99Anselmo%20recebe%20novo%20reitor&amp;url=https%3A%2F%2Fosb.org%2Fpt-br%2F2025%2F02%2F20%2Fbasilica-de-santanselmo-recebe-novo-reitor%2F\" target=\"_blank\" rel=\"noopener noreferrer\" title=\"X\" aria-label=\"X\"><i class=\"fusion-social-network-icon fusion-tooltip fusion-twitter awb-icon-twitter\" style=\"color:var(--awb-custom11);background-color:#e8e8e8;border-color:#e8e8e8;border-radius:50%;\" aria-hidden=\"true\"><\/i><\/a><\/span><span><a href=\"https:\/\/api.whatsapp.com\/send?text=https%3A%2F%2Fosb.org%2Fpt-br%2F2025%2F02%2F20%2Fbasilica-de-santanselmo-recebe-novo-reitor%2F\" target=\"_blank\" rel=\"noopener noreferrer\" title=\"WhatsApp\" aria-label=\"WhatsApp\"><i class=\"fusion-social-network-icon fusion-tooltip fusion-whatsapp awb-icon-whatsapp\" style=\"color:var(--awb-custom11);background-color:#e8e8e8;border-color:#e8e8e8;border-radius:50%;\" aria-hidden=\"true\"><\/i><\/a><\/span><span><a href=\"mailto:?subject=Bas%C3%ADlica%20de%20Sant%26%238217%3BAnselmo%20recebe%20novo%20reitor&amp;body=https%3A%2F%2Fosb.org%2Fpt-br%2F2025%2F02%2F20%2Fbasilica-de-santanselmo-recebe-novo-reitor%2F\" target=\"_self\" title=\"Email\" aria-label=\"Email\"><i class=\"fusion-social-network-icon fusion-tooltip fusion-mail awb-icon-mail\" style=\"color:var(--awb-custom11);background-color:#e8e8e8;border-color:#e8e8e8;border-radius:50%;\" aria-hidden=\"true\"><\/i><\/a><\/span><\/div><\/div><\/div><\/div><\/div><div class=\"fusion-text fusion-text-4\"><h2>Profundo Agradecimento e Reconhecimento ao Pe. Dorotej <\/h2>\n<p>Em um almo\u00e7o festivo realizado em 2 de fevereiro de 2025, a lideran\u00e7a da Bas\u00edlica de Sant'Anselmo passou do Pe. Dorotej Toi\u0107 para o rec\u00e9m-nomeado reitor, Pe. Sebastian Edavazhickal Paul. A transi\u00e7\u00e3o ocorreu durante um almo\u00e7o especial com a presen\u00e7a de membros da comunidade mon\u00e1stica.   <\/p>\n<p>Pe. Dorotej Toi\u0107, monge do Mosteiro de \u0106okovac, Pa\u0161man, Cro\u00e1cia, dedicou muitos anos de servi\u00e7o a Sant'Anselmo, primeiro como tesoureiro de 2004 at\u00e9 2018 e depois como reitor da bas\u00edlica de 2018 at\u00e9 2025. Ele tamb\u00e9m desempenhou um papel fundamental na cria\u00e7\u00e3o do Cap\u00edtulo de Oblatos de Sant'Anselmo, que agora estar\u00e1 sob a administra\u00e7\u00e3o do Abade Em\u00e9rito Edmund Power. Ao embarcar no pr\u00f3ximo cap\u00edtulo de sua jornada mon\u00e1stica, Pe. Dorotej Toi\u0107 continuar\u00e1 seu servi\u00e7o no Mosteiro de Maribor, Eslov\u00eania.    <\/p>\n<p>Em reconhecimento \u00e0 sua excepcional dedica\u00e7\u00e3o e contribui\u00e7\u00f5es para Sant'Anselmo, o Abade Primaz Jeremias Schr\u00f6der presenteou Pe. Dorotej Toi\u0107 com a prestigiosa Medalha de Reconhecimento de Sant'Anselmo. O evento foi marcado por profunda gratid\u00e3o e votos de sucesso tanto para o reitor que se despedia quanto para o que assumia.  <\/p>\n<h2>Da \u00cdndia a Roma: a Jornada de F\u00e9 e Servi\u00e7o do novo reitor<\/h2>\n<p>Para o Pe. Sebastian Edavazhickal Paul, um monge beneditino do Mosteiro Beneditino de S\u00e3o Tom\u00e1s em Kappadu, \u00cdndia, o chamado para a vida mon\u00e1stica n\u00e3o era apenas sobre devo\u00e7\u00e3o, mas tamb\u00e9m sobre comunidade. \"Minha maior inspira\u00e7\u00e3o para me juntar a um mosteiro beneditino foi sua vida comunit\u00e1ria, especialmente sua ora\u00e7\u00e3o comunit\u00e1ria\", ele compartilha. Esse senso de unidade e espiritualidade compartilhada moldou sua jornada da \u00cdndia a Roma, onde ele agora assume um papel fundamental em Sant'Anselmo.   <\/p>\n<p>A conex\u00e3o do Pe. Sebastian com Sant'Anselmo come\u00e7ou em 2005 quando ele trabalhou como porteiro. Mas seu papel l\u00e1 rapidamente evoluiu. Ao longo dos anos, ele se dedicou a atividades acad\u00eamicas e espirituais, estudando no Instituto Pontif\u00edcio de Liturgia e obtendo seu doutorado em 2013. Agora, como o rec\u00e9m-nomeado reitor da bas\u00edlica, ele carrega responsabilidades significativas, desde conferir sacramentos at\u00e9 fornecer cuidado pastoral e aconselhamento aos necessitados.    <\/p>\n<p>Apesar de seu profundo comprometimento, Pe. Sebastian reconhece os desafios \u00e0 frente. \"A falta de forma\u00e7\u00e3o adequada na f\u00e9 e de convic\u00e7\u00e3o religiosa dos jovens, especialmente quando eles se aproximam do sacramento do matrim\u00f4nio, \u00e9 o maior desafio que temo enfrentar em meu papel como reitor da bas\u00edlica\", ele admite. Mas seus anos de experi\u00eancia, tanto na \u00cdndia quanto em Roma, o prepararam para a tarefa.   <\/p>\n<p>Al\u00e9m de seus deveres, Pe. Sebastian abra\u00e7ou a cultura da It\u00e1lia \u00e0 sua maneira \u2014 especialmente atrav\u00e9s de sua culin\u00e1ria. Seu prato italiano favorito? \"Certamente pizza\", ele diz com um sorriso.   <\/p>\n<p>Ao entrar neste novo cap\u00edtulo, a jornada do Pe. Sebastian reflete uma vida dedicada \u00e0 f\u00e9, ao aprendizado e ao servi\u00e7o. Sua hist\u00f3ria \u00e9 um testemunho do poder da comunidade e do chamado que o levou atrav\u00e9s de continentes para servir aos outros.  <\/p>\n<\/div><div ><a class=\"fusion-button button-flat fusion-button-default-size button-custom fusion-button-default button-1 fusion-button-span-yes fusion-button-default-type\" style=\"--awb-margin-top:10px;--button_accent_color:#ffffff;--button_accent_hover_color:#ffffff;--button_border_hover_color:#ffffff;--button_gradient_top_color:#1f7aa7;--button_gradient_bottom_color:#1f7aa7;--button_gradient_top_color_hover:#72cee0;--button_gradient_bottom_color_hover:#72cee0;\" target=\"_blank\" rel=\"noopener noreferrer\" href=\"https:\/\/www.collegiosantanselmo.com\/en\/church\/\"><span class=\"fusion-button-text awb-button__text awb-button__text--default\">Bas\u00edlica de Sant'Anselmo |EN| |IT|<\/span><\/a><\/div><\/div><\/div><\/div><\/div><\/p>\n","protected":false},"excerpt":{"rendered":"<p>Em um almo\u00e7o realizado em 2 de fevereiro, o Abade Primaz Jeremias expressou profunda gratid\u00e3o ao Pe. Dorotej enquanto Sant&#8217;Anselmo dava as boas-vindas ao Pe. Sebastian como o novo reitor da bas\u00edlica. Leia mais sobre o inspirador caminho de Sebastian.   <\/p>\n","protected":false},"author":1,"featured_media":14631,"comment_status":"closed","ping_status":"closed","sticky":false,"template":"","format":"standard","meta":{"footnotes":""},"categories":[185],"tags":[233,227],"class_list":["post-14630","post","type-post","status-publish","format-standard","has-post-thumbnail","hentry","category-nexus-pt","tag-nexus-marco-2025-pt","tag-nexus-santanselmo-pt"],"cc_featured_image_caption":{"caption_text":false,"source_text":false,"source_url":false},"_links":{"self":[{"href":"https:\/\/osb.org\/pt-br\/wp-json\/wp\/v2\/posts\/14630","targetHints":{"allow":["GET"]}}],"collection":[{"href":"https:\/\/osb.org\/pt-br\/wp-json\/wp\/v2\/posts"}],"about":[{"href":"https:\/\/osb.org\/pt-br\/wp-json\/wp\/v2\/types\/post"}],"author":[{"embeddable":true,"href":"https:\/\/osb.org\/pt-br\/wp-json\/wp\/v2\/users\/1"}],"replies":[{"embeddable":true,"href":"https:\/\/osb.org\/pt-br\/wp-json\/wp\/v2\/comments?post=14630"}],"version-history":[{"count":0,"href":"https:\/\/osb.org\/pt-br\/wp-json\/wp\/v2\/posts\/14630\/revisions"}],"wp:featuredmedia":[{"embeddable":true,"href":"https:\/\/osb.org\/pt-br\/wp-json\/wp\/v2\/media\/14631"}],"wp:attachment":[{"href":"https:\/\/osb.org\/pt-br\/wp-json\/wp\/v2\/media?parent=14630"}],"wp:term":[{"taxonomy":"category","embeddable":true,"href":"https:\/\/osb.org\/pt-br\/wp-json\/wp\/v2\/categories?post=14630"},{"taxonomy":"post_tag","embeddable":true,"href":"https:\/\/osb.org\/pt-br\/wp-json\/wp\/v2\/tags?post=14630"}],"curies":[{"name":"wp","href":"https:\/\/api.w.org\/{rel}","templated":true}]}}