{"id":14154,"date":"2025-06-07T09:30:38","date_gmt":"2025-06-07T07:30:38","guid":{"rendered":"https:\/\/osb.org\/2025\/06\/07\/unindo-liturgia-e-arte-a-vocacao-do-pe-ruberval-monteiro-da-silva\/"},"modified":"2025-09-24T18:04:55","modified_gmt":"2025-09-24T16:04:55","slug":"unindo-liturgia-e-arte-a-vocacao-do-pe-ruberval-monteiro-da-silva","status":"publish","type":"post","link":"https:\/\/osb.org\/pt-br\/2025\/06\/07\/unindo-liturgia-e-arte-a-vocacao-do-pe-ruberval-monteiro-da-silva\/","title":{"rendered":"Unindo Liturgia e Arte: <br>A Voca\u00e7\u00e3o do Pe. Ruberval Monteiro da Silva"},"content":{"rendered":"<p><div class=\"fusion-fullwidth fullwidth-box fusion-builder-row-1 fusion-flex-container has-pattern-background has-mask-background hundred-percent-fullwidth non-hundred-percent-height-scrolling\" style=\"--awb-border-radius-top-left:0px;--awb-border-radius-top-right:0px;--awb-border-radius-bottom-right:0px;--awb-border-radius-bottom-left:0px;--awb-padding-right:60px;--awb-padding-bottom:0px;--awb-padding-left:60px;--awb-padding-right-small:30px;--awb-padding-left-small:30px;--awb-flex-wrap:wrap;\" ><div class=\"fusion-builder-row fusion-row fusion-flex-align-items-center fusion-flex-justify-content-flex-end fusion-flex-content-wrap\" style=\"width:calc( 100% + 60px ) !important;max-width:calc( 100% + 60px ) !important;margin-left: calc(-60px \/ 2 );margin-right: calc(-60px \/ 2 );\"><div class=\"fusion-layout-column fusion_builder_column fusion-builder-column-0 fusion_builder_column_1_2 1_2 fusion-flex-column\" style=\"--awb-padding-right:60px;--awb-padding-left:60px;--awb-padding-right-small:0px;--awb-padding-left-small:0px;--awb-bg-size:cover;--awb-width-large:50%;--awb-margin-top-large:0px;--awb-spacing-right-large:30px;--awb-margin-bottom-large:20px;--awb-spacing-left-large:30px;--awb-width-medium:100%;--awb-order-medium:0;--awb-margin-top-medium:20px;--awb-spacing-right-medium:30px;--awb-margin-bottom-medium:0px;--awb-spacing-left-medium:30px;--awb-width-small:100%;--awb-order-small:0;--awb-spacing-right-small:30px;--awb-spacing-left-small:30px;\"><div class=\"fusion-column-wrapper fusion-column-has-shadow fusion-flex-justify-content-flex-start fusion-content-layout-column\"><div class=\"fusion-title title fusion-title-1 fusion-sep-none fusion-title-text fusion-title-size-one\" style=\"--awb-text-color:var(--awb-custom13);--awb-margin-top-small:0px;--awb-margin-right-small:0px;--awb-margin-bottom-small:20px;--awb-margin-left-small:0px;--awb-font-size:40px;\"><h1 class=\"fusion-title-heading title-heading-left md-text-align-center fusion-responsive-typography-calculated\" style=\"font-family:var(--awb-typography1-font-family);font-weight:var(--awb-typography1-font-weight);font-style:var(--awb-typography1-font-style);margin:0;letter-spacing:var(--awb-typography1-letter-spacing);text-transform:var(--awb-typography1-text-transform);font-size:1em;--fontSize:40;line-height:var(--awb-typography1-line-height);\">Unindo Liturgia e Arte: <br>A Voca\u00e7\u00e3o do Pe. Ruberval Monteiro da Silva<\/h1><\/div><div class=\"fusion-text fusion-text-1 fusion-no-small-visibility fusion-no-medium-visibility\" style=\"--awb-font-size:var(--awb-typography3-font-size);--awb-line-height:var(--awb-typography3-line-height);--awb-letter-spacing:var(--awb-typography3-letter-spacing);--awb-text-transform:var(--awb-typography3-text-transform);--awb-text-font-family:var(--awb-typography3-font-family);--awb-text-font-weight:var(--awb-typography3-font-weight);--awb-text-font-style:var(--awb-typography3-font-style);\"><p>O Pe. Ruberval Monteiro da Silva OSB une teologia e arte sacra em seus pap\u00e9is em Sant'Anselmo. Seu trabalho exemplifica a integra\u00e7\u00e3o da vida mon\u00e1stica, rigor acad\u00eamico e express\u00e3o art\u00edstica.  <\/p>\n<\/div><\/div><\/div><div class=\"fusion-layout-column fusion_builder_column fusion-builder-column-1 fusion_builder_column_1_2 1_2 fusion-flex-column\" style=\"--awb-bg-size:cover;--awb-width-large:50%;--awb-margin-top-large:0px;--awb-spacing-right-large:30px;--awb-margin-bottom-large:0px;--awb-spacing-left-large:30px;--awb-width-medium:100%;--awb-order-medium:0;--awb-spacing-right-medium:30px;--awb-spacing-left-medium:30px;--awb-width-small:100%;--awb-order-small:0;--awb-spacing-right-small:30px;--awb-spacing-left-small:30px;\"><div class=\"fusion-column-wrapper fusion-column-has-shadow fusion-flex-justify-content-flex-start fusion-content-layout-column\"><div class=\"fusion-image-element \" style=\"--awb-caption-title-font-family:var(--h2_typography-font-family);--awb-caption-title-font-weight:var(--h2_typography-font-weight);--awb-caption-title-font-style:var(--h2_typography-font-style);--awb-caption-title-size:var(--h2_typography-font-size);--awb-caption-title-transform:var(--h2_typography-text-transform);--awb-caption-title-line-height:var(--h2_typography-line-height);--awb-caption-title-letter-spacing:var(--h2_typography-letter-spacing);\"><span class=\" fusion-imageframe imageframe-none imageframe-1 hover-type-none\" style=\"border:1px solid var(--awb-custom10);\"><a href=\"https:\/\/osb.org\/wp-content\/uploads\/2025\/05\/C42-TP8-Pent-peq.jpg\" class=\"fusion-lightbox\" data-rel=\"iLightbox[9d2ab6983a1332c192f]\" data-title=\"C42 TP8 pent peq\" title=\"C42 TP8 pent peq\"><img decoding=\"async\" width=\"886\" height=\"1240\" src=\"https:\/\/osb.org\/wp-content\/uploads\/2025\/05\/C42-TP8-Pent-peq.jpg\" data-orig-src=\"https:\/\/osb.org\/wp-content\/uploads\/2025\/05\/C42-TP8-Pent-peq.jpg\" alt class=\"lazyload img-responsive wp-image-14156\" srcset=\"data:image\/svg+xml,%3Csvg%20xmlns%3D%27http%3A%2F%2Fwww.w3.org%2F2000%2Fsvg%27%20width%3D%27886%27%20height%3D%271240%27%20viewBox%3D%270%200%20886%201240%27%3E%3Crect%20width%3D%27886%27%20height%3D%271240%27%20fill-opacity%3D%220%22%2F%3E%3C%2Fsvg%3E\" data-srcset=\"https:\/\/osb.org\/wp-content\/uploads\/2025\/05\/C42-TP8-Pent-peq-200x280.jpg 200w, https:\/\/osb.org\/wp-content\/uploads\/2025\/05\/C42-TP8-Pent-peq-400x560.jpg 400w, https:\/\/osb.org\/wp-content\/uploads\/2025\/05\/C42-TP8-Pent-peq-600x840.jpg 600w, https:\/\/osb.org\/wp-content\/uploads\/2025\/05\/C42-TP8-Pent-peq-800x1120.jpg 800w, https:\/\/osb.org\/wp-content\/uploads\/2025\/05\/C42-TP8-Pent-peq.jpg 886w\" data-sizes=\"auto\" data-orig-sizes=\"(max-width: 1024px) 100vw, (max-width: 640px) 100vw, 600px\" \/><\/a><\/span><\/div><div class=\"fusion-text fusion-text-2 fusion-text-no-margin\" style=\"--awb-font-size:var(--awb-typography5-font-size);--awb-line-height:var(--awb-typography5-line-height);--awb-letter-spacing:var(--awb-typography5-letter-spacing);--awb-text-transform:var(--awb-typography5-text-transform);--awb-text-color:var(--awb-custom11);--awb-margin-top:12px;--awb-margin-bottom:12px;--awb-text-font-family:var(--awb-typography5-font-family);--awb-text-font-weight:var(--awb-typography5-font-weight);--awb-text-font-style:var(--awb-typography5-font-style);\"><p>Your Content Goes Here<\/p>\n<\/div><\/div><\/div><div class=\"fusion-layout-column fusion_builder_column fusion-builder-column-2 fusion_builder_column_1_2 1_2 fusion-flex-column\" style=\"--awb-bg-size:cover;--awb-width-large:50%;--awb-margin-top-large:0px;--awb-spacing-right-large:30px;--awb-margin-bottom-large:0px;--awb-spacing-left-large:30px;--awb-width-medium:100%;--awb-order-medium:0;--awb-spacing-right-medium:30px;--awb-spacing-left-medium:30px;--awb-width-small:100%;--awb-order-small:0;--awb-spacing-right-small:30px;--awb-spacing-left-small:30px;\"><div class=\"fusion-column-wrapper fusion-column-has-shadow fusion-flex-justify-content-flex-start fusion-content-layout-column\"><div class=\"fusion-separator fusion-full-width-sep\" style=\"align-self: center;margin-left: auto;margin-right: auto;width:100%;\"><div class=\"fusion-separator-border sep-single sep-solid\" style=\"--awb-height:20px;--awb-amount:20px;--awb-sep-color:var(--awb-color4);border-color:var(--awb-color4);border-top-width:3px;\"><\/div><\/div><\/div><\/div><\/div><\/div><div class=\"fusion-fullwidth fullwidth-box fusion-builder-row-2 fusion-flex-container hundred-percent-fullwidth non-hundred-percent-height-scrolling\" style=\"--awb-border-radius-top-left:0px;--awb-border-radius-top-right:0px;--awb-border-radius-bottom-right:0px;--awb-border-radius-bottom-left:0px;--awb-padding-right:60px;--awb-padding-left:60px;--awb-padding-right-medium:60px;--awb-padding-left-medium:60px;--awb-padding-right-small:30px;--awb-padding-left-small:30px;--awb-margin-top-small:0px;--awb-flex-wrap:wrap;\" ><div class=\"fusion-builder-row fusion-row fusion-flex-align-items-flex-start fusion-flex-justify-content-center fusion-flex-content-wrap\" style=\"width:calc( 100% + 60px ) !important;max-width:calc( 100% + 60px ) !important;margin-left: calc(-60px \/ 2 );margin-right: calc(-60px \/ 2 );\"><div class=\"fusion-layout-column fusion_builder_column fusion-builder-column-3 fusion_builder_column_1_2 1_2 fusion-flex-column\" style=\"--awb-bg-size:cover;--awb-width-large:50%;--awb-margin-top-large:0px;--awb-spacing-right-large:30px;--awb-margin-bottom-large:20px;--awb-spacing-left-large:30px;--awb-width-medium:100%;--awb-order-medium:1;--awb-spacing-right-medium:30px;--awb-spacing-left-medium:30px;--awb-width-small:100%;--awb-order-small:1;--awb-spacing-right-small:30px;--awb-spacing-left-small:30px;\"><div class=\"fusion-column-wrapper fusion-column-has-shadow fusion-flex-justify-content-flex-start fusion-content-layout-column\"><div class=\"awb-gallery-wrapper awb-gallery-wrapper-1 button-span-no\" style=\"--more-btn-alignment:center;\"><div style=\"margin:-5px;--awb-bordersize:0px;\" class=\"fusion-gallery fusion-gallery-container fusion-grid-2 fusion-columns-total-5 fusion-gallery-layout-grid fusion-gallery-1\"><div style=\"padding:5px;\" class=\"fusion-grid-column fusion-gallery-column fusion-gallery-column-2 hover-type-none\"><div class=\"fusion-gallery-image\"><a href=\"https:\/\/osb.org\/wp-content\/uploads\/2025\/05\/Pentecoste-2019-20x28-1.jpg\" rel=\"noreferrer\" data-rel=\"iLightbox[gallery_image_1]\" class=\"fusion-lightbox\" target=\"_self\"><img decoding=\"async\" src=\"https:\/\/osb.org\/wp-content\/uploads\/2025\/05\/Pentecoste-2019-20x28-1.jpg\" data-orig-src=\"https:\/\/osb.org\/wp-content\/uploads\/2025\/05\/Pentecoste-2019-20x28-1.jpg\" width=\"1371\" height=\"1920\" alt=\"\" title=\"Pentecoste 2019 20&#215;28\" aria-label=\"Pentecoste 2019 20&#215;28\" class=\"lazyload img-responsive wp-image-14158\" srcset=\"data:image\/svg+xml,%3Csvg%20xmlns%3D%27http%3A%2F%2Fwww.w3.org%2F2000%2Fsvg%27%20width%3D%271371%27%20height%3D%271920%27%20viewBox%3D%270%200%201371%201920%27%3E%3Crect%20width%3D%271371%27%20height%3D%271920%27%20fill-opacity%3D%220%22%2F%3E%3C%2Fsvg%3E\" data-srcset=\"https:\/\/osb.org\/wp-content\/uploads\/2025\/05\/Pentecoste-2019-20x28-1-200x280.jpg 200w, https:\/\/osb.org\/wp-content\/uploads\/2025\/05\/Pentecoste-2019-20x28-1-400x560.jpg 400w, https:\/\/osb.org\/wp-content\/uploads\/2025\/05\/Pentecoste-2019-20x28-1-600x840.jpg 600w, https:\/\/osb.org\/wp-content\/uploads\/2025\/05\/Pentecoste-2019-20x28-1-800x1120.jpg 800w, https:\/\/osb.org\/wp-content\/uploads\/2025\/05\/Pentecoste-2019-20x28-1-1200x1681.jpg 1200w, https:\/\/osb.org\/wp-content\/uploads\/2025\/05\/Pentecoste-2019-20x28-1.jpg 1371w\" data-sizes=\"auto\" data-orig-sizes=\"(min-width: 2200px) 100vw, (min-width: 712px) 548px, (min-width: 640px) 712px, \" \/><\/a><\/div><\/div><div style=\"padding:5px;\" class=\"fusion-grid-column fusion-gallery-column fusion-gallery-column-2 hover-type-none\"><div class=\"fusion-gallery-image\"><a href=\"https:\/\/osb.org\/wp-content\/uploads\/2025\/05\/20170527_0219.jpg\" rel=\"noreferrer\" data-rel=\"iLightbox[gallery_image_1]\" class=\"fusion-lightbox\" target=\"_self\"><img decoding=\"async\" src=\"https:\/\/osb.org\/wp-content\/uploads\/2025\/05\/20170527_0219.jpg\" data-orig-src=\"https:\/\/osb.org\/wp-content\/uploads\/2025\/05\/20170527_0219.jpg\" width=\"1360\" height=\"1920\" alt=\"\" title=\"20170527_0219\" aria-label=\"20170527_0219\" class=\"lazyload img-responsive wp-image-14157\" srcset=\"data:image\/svg+xml,%3Csvg%20xmlns%3D%27http%3A%2F%2Fwww.w3.org%2F2000%2Fsvg%27%20width%3D%271360%27%20height%3D%271920%27%20viewBox%3D%270%200%201360%201920%27%3E%3Crect%20width%3D%271360%27%20height%3D%271920%27%20fill-opacity%3D%220%22%2F%3E%3C%2Fsvg%3E\" data-srcset=\"https:\/\/osb.org\/wp-content\/uploads\/2025\/05\/20170527_0219-200x282.jpg 200w, https:\/\/osb.org\/wp-content\/uploads\/2025\/05\/20170527_0219-400x565.jpg 400w, https:\/\/osb.org\/wp-content\/uploads\/2025\/05\/20170527_0219-600x847.jpg 600w, https:\/\/osb.org\/wp-content\/uploads\/2025\/05\/20170527_0219-800x1129.jpg 800w, https:\/\/osb.org\/wp-content\/uploads\/2025\/05\/20170527_0219-1200x1694.jpg 1200w, https:\/\/osb.org\/wp-content\/uploads\/2025\/05\/20170527_0219.jpg 1360w\" data-sizes=\"auto\" data-orig-sizes=\"(min-width: 2200px) 100vw, (min-width: 712px) 548px, (min-width: 640px) 712px, \" \/><\/a><\/div><\/div><div class=\"clearfix\"><\/div><div style=\"padding:5px;\" class=\"fusion-grid-column fusion-gallery-column fusion-gallery-column-2 hover-type-none\"><div class=\"fusion-gallery-image\"><a href=\"https:\/\/osb.org\/wp-content\/uploads\/2025\/05\/100620-SaoSebastiao-125.jpeg\" rel=\"noreferrer\" data-rel=\"iLightbox[gallery_image_1]\" class=\"fusion-lightbox\" target=\"_self\"><img decoding=\"async\" src=\"https:\/\/osb.org\/wp-content\/uploads\/2025\/05\/100620-SaoSebastiao-125.jpeg\" data-orig-src=\"https:\/\/osb.org\/wp-content\/uploads\/2025\/05\/100620-SaoSebastiao-125.jpeg\" width=\"850\" height=\"1280\" alt=\"\" title=\"100620 SaoSebastiao 125\" aria-label=\"100620 SaoSebastiao 125\" class=\"lazyload img-responsive wp-image-14159\" srcset=\"data:image\/svg+xml,%3Csvg%20xmlns%3D%27http%3A%2F%2Fwww.w3.org%2F2000%2Fsvg%27%20width%3D%27850%27%20height%3D%271280%27%20viewBox%3D%270%200%20850%201280%27%3E%3Crect%20width%3D%27850%27%20height%3D%271280%27%20fill-opacity%3D%220%22%2F%3E%3C%2Fsvg%3E\" data-srcset=\"https:\/\/osb.org\/wp-content\/uploads\/2025\/05\/100620-SaoSebastiao-125-200x301.jpeg 200w, https:\/\/osb.org\/wp-content\/uploads\/2025\/05\/100620-SaoSebastiao-125-400x602.jpeg 400w, https:\/\/osb.org\/wp-content\/uploads\/2025\/05\/100620-SaoSebastiao-125-600x904.jpeg 600w, https:\/\/osb.org\/wp-content\/uploads\/2025\/05\/100620-SaoSebastiao-125-800x1205.jpeg 800w, https:\/\/osb.org\/wp-content\/uploads\/2025\/05\/100620-SaoSebastiao-125.jpeg 850w\" data-sizes=\"auto\" data-orig-sizes=\"(min-width: 2200px) 100vw, (min-width: 712px) 548px, (min-width: 640px) 712px, \" \/><\/a><\/div><\/div><div style=\"padding:5px;\" class=\"fusion-grid-column fusion-gallery-column fusion-gallery-column-2 hover-type-none\"><div class=\"fusion-gallery-image\"><a href=\"https:\/\/osb.org\/wp-content\/uploads\/2025\/05\/Cap.Ssmo-Salvatore-Amandola25.jpeg\" rel=\"noreferrer\" data-rel=\"iLightbox[gallery_image_1]\" class=\"fusion-lightbox\" target=\"_self\"><img decoding=\"async\" src=\"https:\/\/osb.org\/wp-content\/uploads\/2025\/05\/Cap.Ssmo-Salvatore-Amandola25.jpeg\" data-orig-src=\"https:\/\/osb.org\/wp-content\/uploads\/2025\/05\/Cap.Ssmo-Salvatore-Amandola25.jpeg\" width=\"850\" height=\"1280\" alt=\"\" title=\"Cap.ssmo Salvatore Amandola25\" aria-label=\"Cap.ssmo Salvatore Amandola25\" class=\"lazyload img-responsive wp-image-14160\" srcset=\"data:image\/svg+xml,%3Csvg%20xmlns%3D%27http%3A%2F%2Fwww.w3.org%2F2000%2Fsvg%27%20width%3D%27850%27%20height%3D%271280%27%20viewBox%3D%270%200%20850%201280%27%3E%3Crect%20width%3D%27850%27%20height%3D%271280%27%20fill-opacity%3D%220%22%2F%3E%3C%2Fsvg%3E\" data-srcset=\"https:\/\/osb.org\/wp-content\/uploads\/2025\/05\/Cap.Ssmo-Salvatore-Amandola25-200x301.jpeg 200w, https:\/\/osb.org\/wp-content\/uploads\/2025\/05\/Cap.Ssmo-Salvatore-Amandola25-400x602.jpeg 400w, https:\/\/osb.org\/wp-content\/uploads\/2025\/05\/Cap.Ssmo-Salvatore-Amandola25-600x904.jpeg 600w, https:\/\/osb.org\/wp-content\/uploads\/2025\/05\/Cap.Ssmo-Salvatore-Amandola25-800x1205.jpeg 800w, https:\/\/osb.org\/wp-content\/uploads\/2025\/05\/Cap.Ssmo-Salvatore-Amandola25.jpeg 850w\" data-sizes=\"auto\" data-orig-sizes=\"(min-width: 2200px) 100vw, (min-width: 712px) 548px, (min-width: 640px) 712px, \" \/><\/a><\/div><\/div><div class=\"clearfix\"><\/div><div style=\"padding:5px;\" class=\"fusion-grid-column fusion-gallery-column fusion-gallery-column-2 hover-type-none\"><div class=\"fusion-gallery-image\"><a href=\"https:\/\/osb.org\/wp-content\/uploads\/2025\/05\/Image-03.jpg\" rel=\"noreferrer\" data-rel=\"iLightbox[gallery_image_1]\" class=\"fusion-lightbox\" target=\"_self\"><img decoding=\"async\" src=\"https:\/\/osb.org\/wp-content\/uploads\/2025\/05\/Image-03.jpg\" data-orig-src=\"https:\/\/osb.org\/wp-content\/uploads\/2025\/05\/Image-03.jpg\" width=\"714\" height=\"1071\" alt=\"\" title=\"Image-03\" aria-label=\"Image-03\" class=\"lazyload img-responsive wp-image-14161\" srcset=\"data:image\/svg+xml,%3Csvg%20xmlns%3D%27http%3A%2F%2Fwww.w3.org%2F2000%2Fsvg%27%20width%3D%27714%27%20height%3D%271071%27%20viewBox%3D%270%200%20714%201071%27%3E%3Crect%20width%3D%27714%27%20height%3D%271071%27%20fill-opacity%3D%220%22%2F%3E%3C%2Fsvg%3E\" data-srcset=\"https:\/\/osb.org\/wp-content\/uploads\/2025\/05\/Image-03-200x300.jpg 200w, https:\/\/osb.org\/wp-content\/uploads\/2025\/05\/Image-03-400x600.jpg 400w, https:\/\/osb.org\/wp-content\/uploads\/2025\/05\/Image-03-600x900.jpg 600w, https:\/\/osb.org\/wp-content\/uploads\/2025\/05\/Image-03.jpg 714w\" data-sizes=\"auto\" data-orig-sizes=\"(min-width: 2200px) 100vw, (min-width: 712px) 548px, (min-width: 640px) 712px, \" \/><\/a><\/div><\/div><\/div><\/div><\/div><\/div><div class=\"fusion-layout-column fusion_builder_column fusion-builder-column-4 fusion_builder_column_1_2 1_2 fusion-flex-column\" style=\"--awb-bg-blend:overlay;--awb-bg-size:cover;--awb-width-large:50%;--awb-margin-top-large:0px;--awb-spacing-right-large:30px;--awb-margin-bottom-large:20px;--awb-spacing-left-large:30px;--awb-width-medium:75%;--awb-order-medium:0;--awb-spacing-right-medium:30px;--awb-spacing-left-medium:30px;--awb-width-small:100%;--awb-order-small:0;--awb-spacing-right-small:30px;--awb-spacing-left-small:30px;\"><div class=\"fusion-column-wrapper fusion-flex-justify-content-flex-start fusion-content-layout-column\"><div class=\"fusion-builder-row fusion-builder-row-inner fusion-row fusion-flex-align-items-flex-start fusion-flex-justify-content-center fusion-flex-content-wrap\" style=\"--awb-flex-grow:0;--awb-flex-grow-medium:0;--awb-flex-grow-small:0;--awb-flex-shrink:0;--awb-flex-shrink-medium:0;--awb-flex-shrink-small:0;width:calc( 100% + 60px ) !important;max-width:calc( 100% + 60px ) !important;margin-left: calc(-60px \/ 2 );margin-right: calc(-60px \/ 2 );\"><div class=\"fusion-layout-column fusion_builder_column_inner fusion-builder-nested-column-0 fusion_builder_column_inner_1_2 1_2 fusion-flex-column fusion-flex-align-self-center\" style=\"--awb-bg-size:cover;--awb-width-large:50%;--awb-margin-top-large:0px;--awb-spacing-right-large:30px;--awb-margin-bottom-large:0px;--awb-spacing-left-large:30px;--awb-width-medium:50%;--awb-order-medium:0;--awb-spacing-right-medium:30px;--awb-spacing-left-medium:30px;--awb-width-small:100%;--awb-order-small:1;--awb-spacing-right-small:30px;--awb-margin-bottom-small:20px;--awb-spacing-left-small:30px;\"><div class=\"fusion-column-wrapper fusion-column-has-shadow fusion-flex-justify-content-center fusion-content-layout-column\"><div class=\"fusion-text fusion-text-3 fusion-text-no-margin\" style=\"--awb-font-size:var(--awb-typography5-font-size);--awb-line-height:var(--awb-typography5-line-height);--awb-letter-spacing:var(--awb-typography5-letter-spacing);--awb-text-transform:var(--awb-typography5-text-transform);--awb-text-color:var(--awb-custom11);--awb-margin-top:0px;--awb-margin-right:0px;--awb-margin-bottom:0px;--awb-margin-left:0px;--awb-text-font-family:var(--awb-typography5-font-family);--awb-text-font-weight:var(--awb-typography5-font-weight);--awb-text-font-style:var(--awb-typography5-font-style);\"><p>7 junho 2025<\/p>\n<\/div><\/div><\/div><div class=\"fusion-layout-column fusion_builder_column_inner fusion-builder-nested-column-1 fusion_builder_column_inner_1_2 1_2 fusion-flex-column fusion-flex-align-self-center\" style=\"--awb-bg-size:cover;--awb-width-large:50%;--awb-margin-top-large:0px;--awb-spacing-right-large:30px;--awb-margin-bottom-large:0px;--awb-spacing-left-large:30px;--awb-width-medium:50%;--awb-order-medium:0;--awb-spacing-right-medium:30px;--awb-spacing-left-medium:30px;--awb-width-small:100%;--awb-order-small:0;--awb-margin-top-small:0px;--awb-spacing-right-small:30px;--awb-spacing-left-small:30px;\"><div class=\"fusion-column-wrapper fusion-column-has-shadow fusion-flex-justify-content-center fusion-content-layout-column\"><div class=\"fusion-sharing-box fusion-sharing-box-1 boxed-icons\" style=\"background-color:var(--awb-color1);border-color:var(--awb-color1);--awb-margin-top:0px;--awb-margin-right:0px;--awb-margin-bottom:0px;--awb-margin-left:0px;--awb-wrapper-padding-top:0px;--awb-wrapper-padding-right:0px;--awb-wrapper-padding-bottom:0px;--awb-wrapper-padding-left:0px;--awb-padding-top:0px;--awb-padding-right:0px;--awb-padding-bottom:0px;--awb-padding-left:0px;--awb-border-top:0px;--awb-border-right:0px;--awb-border-bottom:0px;--awb-border-left:0px;--awb-icon-size:12px;--awb-separator-border-color:#cccccc;--awb-separator-border-sizes:0px;--awb-stacked-align:flex-end;--awb-layout:row;--awb-alignment-small:flex-end;--awb-stacked-align-small:center;\" data-title=\"Unindo Liturgia e Arte: &lt;br&gt;A Voca\u00e7\u00e3o do Pe. Ruberval Monteiro da Silva\" data-description=\"Your Content Goes Here  Your Content Goes Here         \r\n\r\nNo cora\u00e7\u00e3o de Sant&#039;Anselmo em Roma, onde a tradi\u00e7\u00e3o mon\u00e1stica encontra a busca acad\u00eamica, reside o Padre Ruberval Monteiro da Silva OSB. Um monge beneditino e artista consumado,\" data-link=\"https:\/\/osb.org\/pt-br\/2025\/06\/07\/unindo-liturgia-e-arte-a-vocacao-do-pe-ruberval-monteiro-da-silva\/\"><div class=\"fusion-social-networks sharingbox-shortcode-icon-wrapper sharingbox-shortcode-icon-wrapper-1 boxed-icons\"><span><a href=\"https:\/\/www.facebook.com\/sharer.php?u=https%3A%2F%2Fosb.org%2Fpt-br%2F2025%2F06%2F07%2Funindo-liturgia-e-arte-a-vocacao-do-pe-ruberval-monteiro-da-silva%2F&amp;t=Unindo%20Liturgia%20e%20Arte%3A%20%3Cbr%3EA%20Voca%C3%A7%C3%A3o%20do%20Pe.%20Ruberval%20Monteiro%20da%20Silva\" target=\"_blank\" rel=\"noreferrer\" title=\"Facebook\" aria-label=\"Facebook\"><i class=\"fusion-social-network-icon fusion-tooltip fusion-facebook awb-icon-facebook\" style=\"color:var(--awb-custom11);background-color:#e8e8e8;border-color:#e8e8e8;border-radius:50%;\" aria-hidden=\"true\"><\/i><\/a><\/span><span><a href=\"https:\/\/x.com\/intent\/post?text=Unindo%20Liturgia%20e%20Arte%3A%20%3Cbr%3EA%20Voca%C3%A7%C3%A3o%20do%20Pe.%20Ruberval%20Monteiro%20da%20Silva&amp;url=https%3A%2F%2Fosb.org%2Fpt-br%2F2025%2F06%2F07%2Funindo-liturgia-e-arte-a-vocacao-do-pe-ruberval-monteiro-da-silva%2F\" target=\"_blank\" rel=\"noopener noreferrer\" title=\"X\" aria-label=\"X\"><i class=\"fusion-social-network-icon fusion-tooltip fusion-twitter awb-icon-twitter\" style=\"color:var(--awb-custom11);background-color:#e8e8e8;border-color:#e8e8e8;border-radius:50%;\" aria-hidden=\"true\"><\/i><\/a><\/span><span><a href=\"https:\/\/api.whatsapp.com\/send?text=https%3A%2F%2Fosb.org%2Fpt-br%2F2025%2F06%2F07%2Funindo-liturgia-e-arte-a-vocacao-do-pe-ruberval-monteiro-da-silva%2F\" target=\"_blank\" rel=\"noopener noreferrer\" title=\"WhatsApp\" aria-label=\"WhatsApp\"><i class=\"fusion-social-network-icon fusion-tooltip fusion-whatsapp awb-icon-whatsapp\" style=\"color:var(--awb-custom11);background-color:#e8e8e8;border-color:#e8e8e8;border-radius:50%;\" aria-hidden=\"true\"><\/i><\/a><\/span><span><a href=\"mailto:?subject=Unindo%20Liturgia%20e%20Arte%3A%20%3Cbr%3EA%20Voca%C3%A7%C3%A3o%20do%20Pe.%20Ruberval%20Monteiro%20da%20Silva&amp;body=https%3A%2F%2Fosb.org%2Fpt-br%2F2025%2F06%2F07%2Funindo-liturgia-e-arte-a-vocacao-do-pe-ruberval-monteiro-da-silva%2F\" target=\"_self\" title=\"Email\" aria-label=\"Email\"><i class=\"fusion-social-network-icon fusion-tooltip fusion-mail awb-icon-mail\" style=\"color:var(--awb-custom11);background-color:#e8e8e8;border-color:#e8e8e8;border-radius:50%;\" aria-hidden=\"true\"><\/i><\/a><\/span><\/div><\/div><\/div><\/div><\/div><div class=\"fusion-text fusion-text-4\" style=\"--awb-margin-top:10px;\"><p>No cora\u00e7\u00e3o de Sant&#8217;Anselmo em Roma, onde a tradi\u00e7\u00e3o mon\u00e1stica encontra a busca acad\u00eamica, reside o Padre Ruberval Monteiro da Silva OSB. Um monge beneditino e artista consumado, Pe. Ruberval incorpora a s\u00edntese da erudi\u00e7\u00e3o lit\u00fargica e do artesanato sagrado, enriquecendo tanto o <a href=\"https:\/\/www.collegiosantanselmo.com\/en\/\" target=\"_blank\" rel=\"noopener\">Collegio<\/a> quanto o <a href=\"https:\/\/www.anselmianum.com\/it\/\" target=\"_blank\" rel=\"noopener\">Ateneo<\/a> do <a href=\"https:\/\/www.anselmianum.com\/it\/offerta-accademica\/pontificio-istituto-liturgico\" target=\"_blank\" rel=\"noopener\">Instituto Pontif\u00edcio de Liturgia<\/a>.  <\/p>\n<p>Nascido em 25 de dezembro de 1961, em Rol\u00e2ndia, Brasil, Pe. Ruberval ingressou na vida mon\u00e1stica em 1983, professando votos na <a href=\"https:\/\/www.benedettinisublacensicassinesi.org\/project\/abadia-da-ressurreicao-ponta-grossa\/?lang=en\" target=\"_blank\" rel=\"noopener\">Abadia da Ressurrei\u00e7\u00e3o<\/a> em Ponta Grossa, Brasil, em 1985 e recebendo a ordena\u00e7\u00e3o sacerdotal em 1993. Sua jornada acad\u00eamica come\u00e7ou com estudos filos\u00f3ficos na Pontif\u00edcia Universidade Cat\u00f3lica de Curitiba e um diploma em teologia do Instituto Mater Ecclesiae em Ponta Grossa. Em Roma, obteve um diploma em Arqueologia Crist\u00e3 do Instituto Pontif\u00edcio de Arqueologia Crist\u00e3 em 1997, seguido por uma Licenciatura e Doutorado em Teologia do Instituto Pontif\u00edcio Oriental, com foco na iconografia crist\u00e3.   <\/p>\n<p>Como professor no Instituto Pontif\u00edcio de Liturgia em Sant&#8217;Anselmo, Pe. Ruberval coordena a especializa\u00e7\u00e3o em teologia dogm\u00e1tica sacramental e dirige o programa de Mestrado em <a href=\"https:\/\/www.anselmianum.com\/it\/corsi-di-specializzazione\/arte-per-il-culto-cristiano\" target=\"_blank\" rel=\"noopener\">Especializa\u00e7\u00e3o Avan\u00e7ada em Arte para o Culto Crist\u00e3o<\/a>. Seu ensino enfatiza a intera\u00e7\u00e3o entre a pr\u00e1tica lit\u00fargica e a express\u00e3o visual, baseando-se na arte crist\u00e3 primitiva e no simbolismo.  <\/p>\n<p>A voca\u00e7\u00e3o art\u00edstica de Pe. Ruberval, cultivada durante seu noviciado, levou \u00e0 cria\u00e7\u00e3o de numerosas obras no Brasil, Am\u00e9rica Latina e Europa. Sua arte, abrangendo murais, vitrais e mosaicos, reflete um profundo envolvimento com as tradi\u00e7\u00f5es sagradas do cristianismo, particularmente o per\u00edodo rom\u00e2nico e a iconografia oriental. Projetos not\u00e1veis incluem o mural &#8220;<a href=\"https:\/\/giveusthisday.org\/2022\/07\/09\/about-the-cover-3\/\" target=\"_blank\" rel=\"noopener\">Stelliferi conditor orbis<\/a>&#8221; na Capela do Sant\u00edssimo Salvador em Amandola, It\u00e1lia, e contribui\u00e7\u00f5es para mais de dez igrejas na It\u00e1lia nos \u00faltimos anos.   <\/p>\n<p>Al\u00e9m de instala\u00e7\u00f5es de grande escala, as ilustra\u00e7\u00f5es de Pe. Ruberval foram apresentadas em publica\u00e7\u00f5es lit\u00fargicas, como a s\u00e9rie &#8220;<a href=\"https:\/\/litpress.hymnsam.co.uk\/books\/9780814668061\/living-liturgy\" target=\"_blank\" rel=\"noopener\">Living Liturgy<\/a>&#8220;, onde seu trabalho complementa e enriquece os textos lit\u00fargicos. <\/p>\n<p>A integra\u00e7\u00e3o de Pe. Ruberval Monteiro da Silva da vida mon\u00e1stica, erudi\u00e7\u00e3o teol\u00f3gica e cria\u00e7\u00e3o art\u00edstica oferece um modelo convincente para a forma\u00e7\u00e3o de monges e estudiosos. Sua presen\u00e7a em Sant&#8217;Anselmo ressalta o compromisso da institui\u00e7\u00e3o em promover uma abordagem hol\u00edstica dos estudos lit\u00fargicos, convidando os membros da Confedera\u00e7\u00e3o Beneditina a considerar as oportunidades enriquecedoras dispon\u00edveis para suas comunidades em Roma.<\/p>\n<\/div><div ><a class=\"fusion-button button-flat fusion-button-default-size button-custom fusion-button-default button-1 fusion-button-span-yes fusion-button-default-type\" style=\"--awb-margin-top:10px;--button_accent_color:#ffffff;--button_accent_hover_color:#ffffff;--button_border_hover_color:#ffffff;--button_gradient_top_color:#1f7aa7;--button_gradient_bottom_color:#1f7aa7;--button_gradient_top_color_hover:#72cee0;--button_gradient_bottom_color_hover:#72cee0;\" target=\"_self\" href=\"https:\/\/opereitaliane.blogspot.com\/\"><span class=\"fusion-button-text awb-button__text awb-button__text--default\">Obras de Pe. Ruberval na It\u00e1lia |IT|<\/span><\/a><\/div><div ><a class=\"fusion-button button-flat fusion-button-default-size button-custom fusion-button-default button-2 fusion-button-span-yes fusion-button-default-type\" style=\"--awb-margin-top:10px;--button_accent_color:#ffffff;--button_accent_hover_color:#ffffff;--button_border_hover_color:#ffffff;--button_gradient_top_color:#1f7aa7;--button_gradient_bottom_color:#1f7aa7;--button_gradient_top_color_hover:#72cee0;--button_gradient_bottom_color_hover:#72cee0;\" target=\"_self\" href=\"https:\/\/opereitaliane.blogspot.com\/\"><span class=\"fusion-button-text awb-button__text awb-button__text--default\">Obras de Pe. Ruberval no Brasil |PT|<\/span><\/a><\/div><div ><a class=\"fusion-button button-flat fusion-button-default-size button-custom fusion-button-default button-3 fusion-button-span-yes fusion-button-default-type\" style=\"--awb-margin-top:10px;--button_accent_color:#ffffff;--button_accent_hover_color:#ffffff;--button_border_hover_color:#ffffff;--button_gradient_top_color:#1f7aa7;--button_gradient_bottom_color:#1f7aa7;--button_gradient_top_color_hover:#72cee0;--button_gradient_bottom_color_hover:#72cee0;\" target=\"_self\" href=\"https:\/\/www.anselmianum.com\/it\/corsi-di-specializzazione\/arte-per-il-culto-cristiano\"><span class=\"fusion-button-text awb-button__text awb-button__text--default\">Especializa\u00e7\u00e3o Avan\u00e7ada em Arte para o Culto Crist\u00e3o de Sant&#8217;Anselmo |IT|<\/span><\/a><\/div><\/div><\/div><\/div><\/div><\/p>\n","protected":false},"excerpt":{"rendered":"<p>O Pe. Ruberval Monteiro da Silva OSB une teologia e arte sacra em seus pap\u00e9is em Sant&#8217;Anselmo. Seu trabalho exemplifica a integra\u00e7\u00e3o da vida mon\u00e1stica, rigor acad\u00eamico e express\u00e3o art\u00edstica.  <\/p>\n","protected":false},"author":1,"featured_media":14162,"comment_status":"closed","ping_status":"closed","sticky":false,"template":"","format":"standard","meta":{"footnotes":""},"categories":[185],"tags":[232,376,227],"class_list":["post-14154","post","type-post","status-publish","format-standard","has-post-thumbnail","hentry","category-nexus-pt","tag-nexus-junho-2025-pt","tag-nexus-relatorio-mundial-beneditino-pt","tag-nexus-santanselmo-pt"],"cc_featured_image_caption":{"caption_text":false,"source_text":false,"source_url":false},"_links":{"self":[{"href":"https:\/\/osb.org\/pt-br\/wp-json\/wp\/v2\/posts\/14154","targetHints":{"allow":["GET"]}}],"collection":[{"href":"https:\/\/osb.org\/pt-br\/wp-json\/wp\/v2\/posts"}],"about":[{"href":"https:\/\/osb.org\/pt-br\/wp-json\/wp\/v2\/types\/post"}],"author":[{"embeddable":true,"href":"https:\/\/osb.org\/pt-br\/wp-json\/wp\/v2\/users\/1"}],"replies":[{"embeddable":true,"href":"https:\/\/osb.org\/pt-br\/wp-json\/wp\/v2\/comments?post=14154"}],"version-history":[{"count":0,"href":"https:\/\/osb.org\/pt-br\/wp-json\/wp\/v2\/posts\/14154\/revisions"}],"wp:featuredmedia":[{"embeddable":true,"href":"https:\/\/osb.org\/pt-br\/wp-json\/wp\/v2\/media\/14162"}],"wp:attachment":[{"href":"https:\/\/osb.org\/pt-br\/wp-json\/wp\/v2\/media?parent=14154"}],"wp:term":[{"taxonomy":"category","embeddable":true,"href":"https:\/\/osb.org\/pt-br\/wp-json\/wp\/v2\/categories?post=14154"},{"taxonomy":"post_tag","embeddable":true,"href":"https:\/\/osb.org\/pt-br\/wp-json\/wp\/v2\/tags?post=14154"}],"curies":[{"name":"wp","href":"https:\/\/api.w.org\/{rel}","templated":true}]}}