{"id":13760,"date":"2025-06-07T12:24:49","date_gmt":"2025-06-07T10:24:49","guid":{"rendered":"https:\/\/osb.org\/2025\/06\/07\/notas-do-aventino-maio-junho\/"},"modified":"2025-09-17T11:20:43","modified_gmt":"2025-09-17T09:20:43","slug":"notas-do-aventino-maio-junho","status":"publish","type":"post","link":"https:\/\/osb.org\/pt-br\/2025\/06\/07\/notas-do-aventino-maio-junho\/","title":{"rendered":"Notas do Aventino | Maio-Junho"},"content":{"rendered":"<p><div class=\"fusion-fullwidth fullwidth-box fusion-builder-row-1 fusion-flex-container has-pattern-background has-mask-background hundred-percent-fullwidth non-hundred-percent-height-scrolling\" style=\"--awb-border-sizes-bottom:1px;--awb-border-color:var(--awb-custom11);--awb-border-radius-top-left:0px;--awb-border-radius-top-right:0px;--awb-border-radius-bottom-right:0px;--awb-border-radius-bottom-left:0px;--awb-padding-right:60px;--awb-padding-bottom:20px;--awb-padding-left:60px;--awb-padding-right-small:30px;--awb-padding-left-small:30px;--awb-margin-top-medium:1px;--awb-margin-top-small:0px;--awb-flex-wrap:wrap;\" ><div class=\"fusion-builder-row fusion-row fusion-flex-align-items-center fusion-flex-justify-content-flex-end fusion-flex-content-wrap\" style=\"width:calc( 100% + 60px ) !important;max-width:calc( 100% + 60px ) !important;margin-left: calc(-60px \/ 2 );margin-right: calc(-60px \/ 2 );\"><div class=\"fusion-layout-column fusion_builder_column fusion-builder-column-0 fusion_builder_column_1_2 1_2 fusion-flex-column\" style=\"--awb-padding-right:60px;--awb-padding-left:60px;--awb-padding-right-small:0px;--awb-padding-left-small:0px;--awb-bg-size:cover;--awb-width-large:50%;--awb-margin-top-large:0px;--awb-spacing-right-large:30px;--awb-margin-bottom-large:20px;--awb-spacing-left-large:30px;--awb-width-medium:100%;--awb-order-medium:0;--awb-margin-top-medium:20px;--awb-spacing-right-medium:30px;--awb-margin-bottom-medium:0px;--awb-spacing-left-medium:30px;--awb-width-small:100%;--awb-order-small:0;--awb-spacing-right-small:30px;--awb-spacing-left-small:30px;\"><div class=\"fusion-column-wrapper fusion-column-has-shadow fusion-flex-justify-content-flex-start fusion-content-layout-column\"><div class=\"fusion-title title fusion-title-1 fusion-sep-none fusion-title-text fusion-title-size-one\" style=\"--awb-text-color:var(--awb-custom13);--awb-margin-top-small:0px;--awb-margin-right-small:0px;--awb-margin-bottom-small:20px;--awb-margin-left-small:0px;--awb-font-size:40px;\"><h1 class=\"fusion-title-heading title-heading-left md-text-align-center fusion-responsive-typography-calculated\" style=\"font-family:var(--awb-typography1-font-family);font-weight:var(--awb-typography1-font-weight);font-style:var(--awb-typography1-font-style);margin:0;letter-spacing:var(--awb-typography1-letter-spacing);text-transform:var(--awb-typography1-text-transform);font-size:1em;--fontSize:40;line-height:var(--awb-typography1-line-height);\">Notas do Aventino | Maio-Junho<\/h1><\/div><div class=\"fusion-text fusion-text-1 fusion-no-small-visibility fusion-no-medium-visibility\" style=\"--awb-font-size:var(--awb-typography3-font-size);--awb-line-height:var(--awb-typography3-line-height);--awb-letter-spacing:var(--awb-typography3-letter-spacing);--awb-text-transform:var(--awb-typography3-text-transform);--awb-text-color:var(--awb-custom12);--awb-text-font-family:var(--awb-typography3-font-family);--awb-text-font-weight:var(--awb-typography3-font-weight);--awb-text-font-style:var(--awb-typography3-font-style);\"><p>A elei\u00e7\u00e3o do Papa Le\u00e3o XIV despertou orgulho e esperan\u00e7a em todo o mundo cat\u00f3lico, e sua primeira mensagem na Loggia \u2014 paz \u2014 ecoou o chamado beneditino \u00e0 pacifica\u00e7\u00e3o. Suas ra\u00edzes peruanas e sua conex\u00e3o com a Confedera\u00e7\u00e3o Beneditina comoveram profundamente muitos, especialmente na Am\u00e9rica Latina e em Sant'Anselmo, em Roma. <\/p>\n<\/div><\/div><\/div><div class=\"fusion-layout-column fusion_builder_column fusion-builder-column-1 fusion_builder_column_1_2 1_2 fusion-flex-column\" style=\"--awb-bg-size:cover;--awb-width-large:50%;--awb-margin-top-large:0px;--awb-spacing-right-large:30px;--awb-margin-bottom-large:0px;--awb-spacing-left-large:30px;--awb-width-medium:100%;--awb-order-medium:0;--awb-spacing-right-medium:30px;--awb-spacing-left-medium:30px;--awb-width-small:100%;--awb-order-small:0;--awb-spacing-right-small:30px;--awb-spacing-left-small:30px;\"><div class=\"fusion-column-wrapper fusion-column-has-shadow fusion-flex-justify-content-flex-start fusion-content-layout-column\"><div class=\"fusion-image-element \" style=\"--awb-caption-title-font-family:var(--h2_typography-font-family);--awb-caption-title-font-weight:var(--h2_typography-font-weight);--awb-caption-title-font-style:var(--h2_typography-font-style);--awb-caption-title-size:var(--h2_typography-font-size);--awb-caption-title-transform:var(--h2_typography-text-transform);--awb-caption-title-line-height:var(--h2_typography-line-height);--awb-caption-title-letter-spacing:var(--h2_typography-letter-spacing);\"><span class=\" fusion-imageframe imageframe-none imageframe-1 hover-type-none\" style=\"border:1px solid var(--awb-custom10);\"><a href=\"https:\/\/osb.org\/wp-content\/uploads\/2025\/06\/00509_20052025.jpg\" class=\"fusion-lightbox\" data-rel=\"iLightbox[58ae62f6baf2a0320e5]\" data-title=\"00509_20052025\" title=\"00509_20052025\"><img decoding=\"async\" width=\"1920\" height=\"1080\" src=\"https:\/\/osb.org\/wp-content\/uploads\/2025\/06\/00509_20052025.jpg\" data-orig-src=\"https:\/\/osb.org\/wp-content\/uploads\/2025\/06\/00509_20052025.jpg\" alt class=\"lazyload img-responsive wp-image-13751\" srcset=\"data:image\/svg+xml,%3Csvg%20xmlns%3D%27http%3A%2F%2Fwww.w3.org%2F2000%2Fsvg%27%20width%3D%271920%27%20height%3D%271080%27%20viewBox%3D%270%200%201920%201080%27%3E%3Crect%20width%3D%271920%27%20height%3D%271080%27%20fill-opacity%3D%220%22%2F%3E%3C%2Fsvg%3E\" data-srcset=\"https:\/\/osb.org\/wp-content\/uploads\/2025\/06\/00509_20052025-200x113.jpg 200w, https:\/\/osb.org\/wp-content\/uploads\/2025\/06\/00509_20052025-400x225.jpg 400w, https:\/\/osb.org\/wp-content\/uploads\/2025\/06\/00509_20052025-600x338.jpg 600w, https:\/\/osb.org\/wp-content\/uploads\/2025\/06\/00509_20052025-800x450.jpg 800w, https:\/\/osb.org\/wp-content\/uploads\/2025\/06\/00509_20052025-1200x675.jpg 1200w, https:\/\/osb.org\/wp-content\/uploads\/2025\/06\/00509_20052025.jpg 1920w\" data-sizes=\"auto\" data-orig-sizes=\"(max-width: 1024px) 100vw, (max-width: 640px) 100vw, 600px\" \/><\/a><\/span><\/div><div class=\"fusion-text fusion-text-2 fusion-text-no-margin\" style=\"--awb-font-size:var(--awb-typography5-font-size);--awb-line-height:var(--awb-typography5-line-height);--awb-letter-spacing:var(--awb-typography5-letter-spacing);--awb-text-transform:var(--awb-typography5-text-transform);--awb-text-color:var(--awb-custom11);--awb-margin-top:12px;--awb-margin-bottom:12px;--awb-text-font-family:var(--awb-typography5-font-family);--awb-text-font-weight:var(--awb-typography5-font-weight);--awb-text-font-style:var(--awb-typography5-font-style);\"><\/div><\/div><\/div><div class=\"fusion-layout-column fusion_builder_column fusion-builder-column-2 fusion_builder_column_1_2 1_2 fusion-flex-column\" style=\"--awb-bg-size:cover;--awb-width-large:50%;--awb-margin-top-large:0px;--awb-spacing-right-large:30px;--awb-margin-bottom-large:0px;--awb-spacing-left-large:30px;--awb-width-medium:100%;--awb-order-medium:0;--awb-spacing-right-medium:30px;--awb-spacing-left-medium:30px;--awb-width-small:100%;--awb-order-small:0;--awb-spacing-right-small:30px;--awb-spacing-left-small:30px;\"><div class=\"fusion-column-wrapper fusion-column-has-shadow fusion-flex-justify-content-flex-start fusion-content-layout-column\"><div class=\"fusion-separator fusion-full-width-sep\" style=\"align-self: center;margin-left: auto;margin-right: auto;width:100%;\"><div class=\"fusion-separator-border sep-single sep-solid\" style=\"--awb-height:20px;--awb-amount:20px;--awb-sep-color:var(--awb-color4);border-color:var(--awb-color4);border-top-width:3px;\"><\/div><\/div><\/div><\/div><\/div><\/div><div class=\"fusion-fullwidth fullwidth-box fusion-builder-row-2 fusion-flex-container has-pattern-background has-mask-background hundred-percent-fullwidth non-hundred-percent-height-scrolling\" style=\"--awb-border-radius-top-left:0px;--awb-border-radius-top-right:0px;--awb-border-radius-bottom-right:0px;--awb-border-radius-bottom-left:0px;--awb-padding-right:60px;--awb-padding-left:60px;--awb-padding-right-medium:60px;--awb-padding-left-medium:60px;--awb-padding-right-small:30px;--awb-padding-left-small:30px;--awb-margin-top:30px;--awb-margin-top-small:0px;--awb-flex-wrap:wrap;\" ><div class=\"fusion-builder-row fusion-row fusion-flex-align-items-flex-start fusion-flex-justify-content-center fusion-flex-content-wrap\" style=\"width:calc( 100% + 60px ) !important;max-width:calc( 100% + 60px ) !important;margin-left: calc(-60px \/ 2 );margin-right: calc(-60px \/ 2 );\"><div class=\"fusion-layout-column fusion_builder_column fusion-builder-column-3 fusion_builder_column_2_5 2_5 fusion-flex-column\" style=\"--awb-bg-blend:overlay;--awb-bg-size:cover;--awb-width-large:40%;--awb-margin-top-large:0px;--awb-spacing-right-large:30px;--awb-margin-bottom-large:20px;--awb-spacing-left-large:30px;--awb-width-medium:75%;--awb-order-medium:0;--awb-spacing-right-medium:30px;--awb-spacing-left-medium:30px;--awb-width-small:100%;--awb-order-small:0;--awb-spacing-right-small:30px;--awb-spacing-left-small:30px;\"><div class=\"fusion-column-wrapper fusion-flex-justify-content-flex-start fusion-content-layout-column\"><div class=\"fusion-builder-row fusion-builder-row-inner fusion-row fusion-flex-align-items-flex-start fusion-flex-justify-content-center fusion-flex-content-wrap\" style=\"--awb-flex-grow:0;--awb-flex-grow-medium:0;--awb-flex-grow-small:0;--awb-flex-shrink:0;--awb-flex-shrink-medium:0;--awb-flex-shrink-small:0;width:calc( 100% + 60px ) !important;max-width:calc( 100% + 60px ) !important;margin-left: calc(-60px \/ 2 );margin-right: calc(-60px \/ 2 );\"><div class=\"fusion-layout-column fusion_builder_column_inner fusion-builder-nested-column-0 fusion_builder_column_inner_1_2 1_2 fusion-flex-column fusion-flex-align-self-center\" style=\"--awb-bg-size:cover;--awb-width-large:50%;--awb-margin-top-large:0px;--awb-spacing-right-large:30px;--awb-margin-bottom-large:0px;--awb-spacing-left-large:30px;--awb-width-medium:50%;--awb-order-medium:0;--awb-spacing-right-medium:30px;--awb-spacing-left-medium:30px;--awb-width-small:100%;--awb-order-small:1;--awb-spacing-right-small:30px;--awb-margin-bottom-small:20px;--awb-spacing-left-small:30px;\"><div class=\"fusion-column-wrapper fusion-column-has-shadow fusion-flex-justify-content-center fusion-content-layout-column\"><div class=\"fusion-text fusion-text-3 fusion-text-no-margin\" style=\"--awb-font-size:var(--awb-typography5-font-size);--awb-line-height:var(--awb-typography5-line-height);--awb-letter-spacing:var(--awb-typography5-letter-spacing);--awb-text-transform:var(--awb-typography5-text-transform);--awb-text-color:var(--awb-custom11);--awb-margin-top:0px;--awb-margin-right:0px;--awb-margin-bottom:0px;--awb-margin-left:0px;--awb-text-font-family:var(--awb-typography5-font-family);--awb-text-font-weight:var(--awb-typography5-font-weight);--awb-text-font-style:var(--awb-typography5-font-style);\"><p>7 junho 2025<\/p>\n<\/div><\/div><\/div><div class=\"fusion-layout-column fusion_builder_column_inner fusion-builder-nested-column-1 fusion_builder_column_inner_1_2 1_2 fusion-flex-column fusion-flex-align-self-center\" style=\"--awb-bg-size:cover;--awb-width-large:50%;--awb-margin-top-large:0px;--awb-spacing-right-large:30px;--awb-margin-bottom-large:0px;--awb-spacing-left-large:30px;--awb-width-medium:50%;--awb-order-medium:0;--awb-spacing-right-medium:30px;--awb-spacing-left-medium:30px;--awb-width-small:100%;--awb-order-small:0;--awb-margin-top-small:0px;--awb-spacing-right-small:30px;--awb-spacing-left-small:30px;\"><div class=\"fusion-column-wrapper fusion-column-has-shadow fusion-flex-justify-content-center fusion-content-layout-column\"><div class=\"fusion-sharing-box fusion-sharing-box-1 boxed-icons\" style=\"background-color:var(--awb-color1);border-color:var(--awb-color1);--awb-margin-top:0px;--awb-margin-right:0px;--awb-margin-bottom:0px;--awb-margin-left:0px;--awb-wrapper-padding-top:0px;--awb-wrapper-padding-right:0px;--awb-wrapper-padding-bottom:0px;--awb-wrapper-padding-left:0px;--awb-padding-top:0px;--awb-padding-right:0px;--awb-padding-bottom:0px;--awb-padding-left:0px;--awb-border-top:0px;--awb-border-right:0px;--awb-border-bottom:0px;--awb-border-left:0px;--awb-icon-size:12px;--awb-separator-border-color:#cccccc;--awb-separator-border-sizes:0px;--awb-stacked-align:flex-end;--awb-layout:row;--awb-alignment-small:flex-end;--awb-stacked-align-small:center;\" data-title=\"Notas do Aventino | Maio-Junho\" data-description=\"Your Content Goes Here       \r\n\r\nCaros Confrades, queridas Irm\u00e3s,\r\n\r\n&quot;Papistas!&quot; Um dos meus professores em Oxford costumava se referir aos cat\u00f3licos por esse termo. Ele era professor de diplom\u00e1tica \u2014 a ci\u00eancia das cartas antigas, ou &quot;diplomas&quot; \u2014, n\u00e3o de diplomacia, caso voc\u00ea esteja\" data-link=\"https:\/\/osb.org\/pt-br\/2025\/06\/07\/notas-do-aventino-maio-junho\/\"><div class=\"fusion-social-networks sharingbox-shortcode-icon-wrapper sharingbox-shortcode-icon-wrapper-1 boxed-icons\"><span><a href=\"https:\/\/www.facebook.com\/sharer.php?u=https%3A%2F%2Fosb.org%2Fpt-br%2F2025%2F06%2F07%2Fnotas-do-aventino-maio-junho%2F&amp;t=Notas%20do%20Aventino%20%7C%20Maio-Junho\" target=\"_blank\" rel=\"noreferrer\" title=\"Facebook\" aria-label=\"Facebook\"><i class=\"fusion-social-network-icon fusion-tooltip fusion-facebook awb-icon-facebook\" style=\"color:var(--awb-custom11);background-color:#e8e8e8;border-color:#e8e8e8;border-radius:50%;\" aria-hidden=\"true\"><\/i><\/a><\/span><span><a href=\"https:\/\/x.com\/intent\/post?text=Notas%20do%20Aventino%20%7C%20Maio-Junho&amp;url=https%3A%2F%2Fosb.org%2Fpt-br%2F2025%2F06%2F07%2Fnotas-do-aventino-maio-junho%2F\" target=\"_blank\" rel=\"noopener noreferrer\" title=\"X\" aria-label=\"X\"><i class=\"fusion-social-network-icon fusion-tooltip fusion-twitter awb-icon-twitter\" style=\"color:var(--awb-custom11);background-color:#e8e8e8;border-color:#e8e8e8;border-radius:50%;\" aria-hidden=\"true\"><\/i><\/a><\/span><span><a href=\"https:\/\/api.whatsapp.com\/send?text=https%3A%2F%2Fosb.org%2Fpt-br%2F2025%2F06%2F07%2Fnotas-do-aventino-maio-junho%2F\" target=\"_blank\" rel=\"noopener noreferrer\" title=\"WhatsApp\" aria-label=\"WhatsApp\"><i class=\"fusion-social-network-icon fusion-tooltip fusion-whatsapp awb-icon-whatsapp\" style=\"color:var(--awb-custom11);background-color:#e8e8e8;border-color:#e8e8e8;border-radius:50%;\" aria-hidden=\"true\"><\/i><\/a><\/span><span><a href=\"mailto:?subject=Notas%20do%20Aventino%20%7C%20Maio-Junho&amp;body=https%3A%2F%2Fosb.org%2Fpt-br%2F2025%2F06%2F07%2Fnotas-do-aventino-maio-junho%2F\" target=\"_self\" title=\"Email\" aria-label=\"Email\"><i class=\"fusion-social-network-icon fusion-tooltip fusion-mail awb-icon-mail\" style=\"color:var(--awb-custom11);background-color:#e8e8e8;border-color:#e8e8e8;border-radius:50%;\" aria-hidden=\"true\"><\/i><\/a><\/span><\/div><\/div><\/div><\/div><\/div><div class=\"fusion-text fusion-text-4\"><p>Caros Confrades, queridas Irm\u00e3s,<\/p>\n<p>\"Papistas!\" Um dos meus professores em Oxford costumava se referir aos cat\u00f3licos por esse termo. Ele era professor de diplom\u00e1tica \u2014 a ci\u00eancia das cartas antigas, ou \"diplomas\" \u2014, n\u00e3o de diplomacia, caso voc\u00ea esteja se perguntando.  <\/p>\n<p>As seis semanas desde o nosso \u00faltimo NEXUS transformaram muitas pessoas em \"papistas\" novamente. O Papa Francisco e depois o Papa Le\u00e3o foram manchetes, e pessoas em todos os lugares acompanharam os eventos com aten\u00e7\u00e3o ansiosa \u2014 n\u00f3s aqui em Roma tanto quanto as pessoas ao redor do mundo. Houve muitos momentos emocionantes, \u00f3timas fotos, e agora j\u00e1 temos um novo papa que parece estar governando a Igreja com m\u00e3o firme. N\u00e3o sou terrivelmente sentimental, eu acho, mas fiquei bastante comovido com tudo isso \u2014 e n\u00e3o me orgulho pouco de ser cat\u00f3lico. Em compara\u00e7\u00e3o: Alemanha e \u00c1ustria recentemente tiveram que formar novos governos. A Alemanha levou 72 dias, a \u00c1ustria cinco meses. A Igreja Cat\u00f3lica resolveu tudo em 17 dias. Nada mal para uma institui\u00e7\u00e3o que muitos consideram esclerosada.       <\/p>\n<p>A primeira palavra do Papa Le\u00e3o XIV na Loggia de S\u00e3o Pedro, em 8 de maio, foi Paz: ele saudou o mundo com uma lit\u00fargica, mas profundamente significativa, \u201cLa pace sia con voi\u201d. Lembrei-me da <a href=\"https:\/\/osb.org\/2024\/11\/07\/message-from-the-congress-of-abbots-2024-to-our-benedictine-communities\/\">reflex\u00e3o sobre a paz<\/a> que tivemos durante o Congresso dos Abades do ano passado. Durante esse Congresso, nossos colegas abades compartilharam conosco o sofrimento na Ucr\u00e2nia, na Terra Santa e em Burkina Faso. Muito recentemente, o Abade de Koubri escreveu um relato sobre a esquecida guerra civil em Burkina Faso \u2014 voc\u00ea o encontrar\u00e1 nesta edi\u00e7\u00e3o da NEXUS. No Qu\u00eania, Irm\u00e3s Beneditinas e outros religiosos tiveram que abandonar suas miss\u00f5es no Vale do Kerio, uma regi\u00e3o assolada pela viol\u00eancia em um pa\u00eds que, n\u00e3o sem raz\u00e3o, se autodenomina \"O Orgulho da \u00c1frica\".    <\/p>\n<p>Quando a not\u00edcia da elei\u00e7\u00e3o papal foi divulgada, o Abade Brendan Thomas, de Belmont (Congrega\u00e7\u00e3o Beneditina Inglesa), estava no Peru, visitando a casa de sua filha em Lurin. Ele escreve: \"Houve grande como\u00e7\u00e3o no mosteiro quando o Papa Le\u00e3o emergiu na sacada. Foi maravilhoso ver um Papa com um cora\u00e7\u00e3o peruano (e um passaporte peruano!): um homem de Chicago a Chiclayo. Suas palavras da sacada em espanhol os tocaram profundamente. Embora o mosteiro esteja localizado ao sul de Lima, tr\u00eas monges da comunidade s\u00e3o de Chiclayo, a antiga diocese do Papa Le\u00e3o no norte do Peru, incluindo o Prior Dom Alex Echandia. Dom Miguel Rimarachin estudava no Semin\u00e1rio de Chiclayo quando conheceu o Bispo Robert. Ele observou: \u201cEle tratava a todos com carinho e interesse e reservava um tempo para conversar com cada um de n\u00f3s, para nos informar sobre nosso progresso. Ele era muito p\u00e9 no ch\u00e3o, mas falava com paix\u00e3o sobre evangeliza\u00e7\u00e3o e a Igreja. Seu amor pela Igreja, especialmente aqui no Peru, era palp\u00e1vel.\u201d Uma lembran\u00e7a especial foi a visita do Bispo Robert para as ordena\u00e7\u00f5es sacerdotais. Coincidiu com o anivers\u00e1rio de Dom Miguel. \u201cO Reitor do semin\u00e1rio contou ao Bispo Robert que era meu anivers\u00e1rio. Ele me abra\u00e7ou espontaneamente e me encorajou a ser fiel \u00e0 minha voca\u00e7\u00e3o. Quando se conhecia o Bispo Robert, sempre se sentia muito motivado e consciente do dom da voca\u00e7\u00e3o.\u201d       <\/p>\n<p>Aqui em Sant'Anselmo, a escolha do nome pelo Papa Le\u00e3o repercutiu de forma especialmente forte. Ele j\u00e1 disse que escolheu seu nome em homenagem ao Papa Le\u00e3o XIII, que foi, acredito, um dos maiores papas dos \u00faltimos dois s\u00e9culos. Ele \u00e9, naturalmente, tamb\u00e9m o fundador da Confedera\u00e7\u00e3o Beneditina. Sua vis\u00e3o, energia \u2014 e, para ser claro, financiamento \u2014 tornaram poss\u00edvel a funda\u00e7\u00e3o de Sant'Anselmo, algo que nos lembramos todos os dias quando entramos na sacristia aqui, dominada por um monumento bastante consp\u00edcuo a Le\u00e3o XIII. Em meus sonhos, me pergunto se o Papa Le\u00e3o XIV seria movido a fazer pelas mulheres beneditinas o que seu hom\u00f4nimo fez por n\u00f3s, homens \u2014 ajudando-as a garantir uma posi\u00e7\u00e3o firme em Roma para estudantes e professores, e estabelecendo uma sede para a CIB.    <\/p>\n<p>Este NEXUS ser\u00e1 lan\u00e7ado no s\u00e1bado anterior ao Pentecostes \u2014 esperamos. Esse tamb\u00e9m \u00e9 o meu dia de festa, e se me permitem esta pequena indulg\u00eancia, gostaria de falar sobre meu santo padroeiro, S\u00e3o Jeremias. Como jovem monge, fui muito inspirado pelo profeta Jeremias. \"N\u00e3o digas: 'Sou apenas uma crian\u00e7a', porque ir\u00e1s a todos a quem eu te enviar\" (Jr 1) realmente me tocou aos 7 anos quando entrei para o mosteiro. Mas eu queria um santo crist\u00e3o, e por isso finalmente escolhi S\u00e3o Jeremias de C\u00f3rdoba. Ele havia sido comerciante na Andaluzia, dominada pelos mu\u00e7ulmanos, e mais tarde fundou dois mosteiros em T\u00e1banos \u2014 um para si e seus filhos, e outro para sua esposa e filhas. Eventualmente, por\u00e9m, ele passou a acreditar que o mart\u00edrio era um caminho ainda mais seguro para a salva\u00e7\u00e3o do que a vida mon\u00e1stica, e desceu a C\u00f3rdoba para pregar contra o profeta Maom\u00e9. As consequ\u00eancias foram as esperadas: ele foi a\u00e7oitado at\u00e9 a morte no ano de Nosso Senhor de 19. Infelizmente, n\u00e3o h\u00e1 muitas imagens dele. Anos atr\u00e1s, descobri um painel esculpido representando-o e seus companheiros m\u00e1rtires no coro da catedral de C\u00f3rdoba, mas a foto que tirei h\u00e1 muito desapareceu nas profundezas do meu computador.         <\/p>\n<p>Nas pr\u00f3ximas semanas, a vida acad\u00eamica em Sant'Anselmo ser\u00e1 encerrada para o recesso de ver\u00e3o. Muitos de nossos residentes retornar\u00e3o aos seus mosteiros, e outros, de pa\u00edses distantes, visitar\u00e3o comunidades por toda a Europa. Agradecemos a todos que receber\u00e3o nossos irm\u00e3os durante esses meses!  <\/p>\n<p>Eu mesmo visitarei v\u00e1rios mosteiros no final de junho e in\u00edcio de julho, principalmente na Fran\u00e7a. \u00c9 um mundo mon\u00e1stico com o qual ainda n\u00e3o estou muito familiarizado, e estou ansioso para explor\u00e1-lo com meu secret\u00e1rio, Padre Patrick Carter. <\/p>\n<p>Desejo a todos voc\u00eas um alegre Domingo de Pentecostes e semanas e meses repletos do Esp\u00edrito de esperan\u00e7a.<\/p>\n<p>Muito fraternalmente,<\/p>\n<p>Jeremias Schr\u00f6der OSB<br \/>\nAbade Primaz<\/p>\n<\/div><\/div><\/div><\/div><\/div><\/p>\n","protected":false},"excerpt":{"rendered":"<p>A elei\u00e7\u00e3o do Papa Le\u00e3o XIV despertou orgulho e esperan\u00e7a em todo o mundo cat\u00f3lico, e sua primeira mensagem na Loggia \u2014 paz \u2014 ecoou o chamado beneditino \u00e0 pacifica\u00e7\u00e3o. Suas ra\u00edzes peruanas e sua conex\u00e3o com a Confedera\u00e7\u00e3o Beneditina comoveram profundamente muitos, especialmente na Am\u00e9rica Latina e em Sant&#8217;Anselmo, em Roma. <\/p>\n","protected":false},"author":1,"featured_media":13751,"comment_status":"closed","ping_status":"closed","sticky":false,"template":"","format":"standard","meta":{"footnotes":""},"categories":[185],"tags":[232,225],"class_list":["post-13760","post","type-post","status-publish","format-standard","has-post-thumbnail","hentry","category-nexus-pt","tag-nexus-junho-2025-pt","tag-nexus-do-abade-primaz-pt"],"cc_featured_image_caption":{"caption_text":false,"source_text":false,"source_url":false},"_links":{"self":[{"href":"https:\/\/osb.org\/pt-br\/wp-json\/wp\/v2\/posts\/13760","targetHints":{"allow":["GET"]}}],"collection":[{"href":"https:\/\/osb.org\/pt-br\/wp-json\/wp\/v2\/posts"}],"about":[{"href":"https:\/\/osb.org\/pt-br\/wp-json\/wp\/v2\/types\/post"}],"author":[{"embeddable":true,"href":"https:\/\/osb.org\/pt-br\/wp-json\/wp\/v2\/users\/1"}],"replies":[{"embeddable":true,"href":"https:\/\/osb.org\/pt-br\/wp-json\/wp\/v2\/comments?post=13760"}],"version-history":[{"count":0,"href":"https:\/\/osb.org\/pt-br\/wp-json\/wp\/v2\/posts\/13760\/revisions"}],"wp:featuredmedia":[{"embeddable":true,"href":"https:\/\/osb.org\/pt-br\/wp-json\/wp\/v2\/media\/13751"}],"wp:attachment":[{"href":"https:\/\/osb.org\/pt-br\/wp-json\/wp\/v2\/media?parent=13760"}],"wp:term":[{"taxonomy":"category","embeddable":true,"href":"https:\/\/osb.org\/pt-br\/wp-json\/wp\/v2\/categories?post=13760"},{"taxonomy":"post_tag","embeddable":true,"href":"https:\/\/osb.org\/pt-br\/wp-json\/wp\/v2\/tags?post=13760"}],"curies":[{"name":"wp","href":"https:\/\/api.w.org\/{rel}","templated":true}]}}