{"id":13750,"date":"2025-06-07T11:33:30","date_gmt":"2025-06-07T09:33:30","guid":{"rendered":"https:\/\/osb.org\/2025\/06\/07\/eventos-eleicoes-e-nomeacoes-maio-junho\/"},"modified":"2025-09-17T10:10:51","modified_gmt":"2025-09-17T08:10:51","slug":"eventos-eleicoes-e-nomeacoes-maio-junho","status":"publish","type":"post","link":"https:\/\/osb.org\/pt-br\/2025\/06\/07\/eventos-eleicoes-e-nomeacoes-maio-junho\/","title":{"rendered":"Eventos, Elei\u00e7\u00f5es e Nomea\u00e7\u00f5es | Maio-Junho"},"content":{"rendered":"<p><div class=\"fusion-fullwidth fullwidth-box fusion-builder-row-1 fusion-flex-container has-pattern-background has-mask-background hundred-percent-fullwidth non-hundred-percent-height-scrolling\" style=\"--awb-border-sizes-bottom:1px;--awb-border-color:var(--awb-custom11);--awb-border-radius-top-left:0px;--awb-border-radius-top-right:0px;--awb-border-radius-bottom-right:0px;--awb-border-radius-bottom-left:0px;--awb-padding-right:60px;--awb-padding-bottom:20px;--awb-padding-left:60px;--awb-padding-right-small:30px;--awb-padding-left-small:30px;--awb-margin-top-medium:1px;--awb-margin-top-small:0px;--awb-flex-wrap:wrap;\" ><div class=\"fusion-builder-row fusion-row fusion-flex-align-items-center fusion-flex-justify-content-flex-end fusion-flex-content-wrap\" style=\"width:calc( 100% + 60px ) !important;max-width:calc( 100% + 60px ) !important;margin-left: calc(-60px \/ 2 );margin-right: calc(-60px \/ 2 );\"><div class=\"fusion-layout-column fusion_builder_column fusion-builder-column-0 fusion_builder_column_1_2 1_2 fusion-flex-column\" style=\"--awb-padding-right:60px;--awb-padding-left:60px;--awb-padding-right-small:0px;--awb-padding-left-small:0px;--awb-bg-size:cover;--awb-width-large:50%;--awb-margin-top-large:0px;--awb-spacing-right-large:30px;--awb-margin-bottom-large:20px;--awb-spacing-left-large:30px;--awb-width-medium:100%;--awb-order-medium:0;--awb-margin-top-medium:20px;--awb-spacing-right-medium:30px;--awb-margin-bottom-medium:0px;--awb-spacing-left-medium:30px;--awb-width-small:100%;--awb-order-small:0;--awb-spacing-right-small:30px;--awb-spacing-left-small:30px;\"><div class=\"fusion-column-wrapper fusion-column-has-shadow fusion-flex-justify-content-flex-start fusion-content-layout-column\"><div class=\"fusion-title title fusion-title-1 fusion-sep-none fusion-title-text fusion-title-size-one\" style=\"--awb-text-color:var(--awb-custom13);--awb-margin-top-small:0px;--awb-margin-right-small:0px;--awb-margin-bottom-small:20px;--awb-margin-left-small:0px;--awb-font-size:40px;\"><h1 class=\"fusion-title-heading title-heading-left md-text-align-center fusion-responsive-typography-calculated\" style=\"font-family:var(--awb-typography1-font-family);font-weight:var(--awb-typography1-font-weight);font-style:var(--awb-typography1-font-style);margin:0;letter-spacing:var(--awb-typography1-letter-spacing);text-transform:var(--awb-typography1-text-transform);font-size:1em;--fontSize:40;line-height:var(--awb-typography1-line-height);\">Eventos, Elei\u00e7\u00f5es e Nomea\u00e7\u00f5es | Maio-Junho<\/h1><\/div><div class=\"fusion-text fusion-text-1 fusion-no-small-visibility fusion-no-medium-visibility\" style=\"--awb-font-size:var(--awb-typography3-font-size);--awb-line-height:var(--awb-typography3-line-height);--awb-letter-spacing:var(--awb-typography3-letter-spacing);--awb-text-transform:var(--awb-typography3-text-transform);--awb-text-color:var(--awb-custom12);--awb-text-font-family:var(--awb-typography3-font-family);--awb-text-font-weight:var(--awb-typography3-font-weight);--awb-text-font-style:var(--awb-typography3-font-style);\"><p>O Abade Primaz Jeremias compartilha pequenos trechos de not\u00edcias da Confedera\u00e7\u00e3o.<\/p>\n<\/div><\/div><\/div><div class=\"fusion-layout-column fusion_builder_column fusion-builder-column-1 fusion_builder_column_1_2 1_2 fusion-flex-column\" style=\"--awb-bg-size:cover;--awb-width-large:50%;--awb-margin-top-large:0px;--awb-spacing-right-large:30px;--awb-margin-bottom-large:0px;--awb-spacing-left-large:30px;--awb-width-medium:100%;--awb-order-medium:0;--awb-spacing-right-medium:30px;--awb-spacing-left-medium:30px;--awb-width-small:100%;--awb-order-small:0;--awb-spacing-right-small:30px;--awb-spacing-left-small:30px;\"><div class=\"fusion-column-wrapper fusion-column-has-shadow fusion-flex-justify-content-flex-start fusion-content-layout-column\"><div class=\"fusion-image-element \" style=\"--awb-caption-title-font-family:var(--h2_typography-font-family);--awb-caption-title-font-weight:var(--h2_typography-font-weight);--awb-caption-title-font-style:var(--h2_typography-font-style);--awb-caption-title-size:var(--h2_typography-font-size);--awb-caption-title-transform:var(--h2_typography-text-transform);--awb-caption-title-line-height:var(--h2_typography-line-height);--awb-caption-title-letter-spacing:var(--h2_typography-letter-spacing);\"><span class=\" fusion-imageframe imageframe-none imageframe-1 hover-type-none\" style=\"border:1px solid var(--awb-custom10);\"><a href=\"https:\/\/osb.org\/wp-content\/uploads\/2025\/06\/IMG_9058.jpg\" class=\"fusion-lightbox\" data-rel=\"iLightbox[85e008e40e70f1cd8b3]\" data-title=\"IMG_9058\" title=\"IMG_9058\"><img decoding=\"async\" width=\"1920\" height=\"1080\" src=\"https:\/\/osb.org\/wp-content\/uploads\/2025\/06\/IMG_9058.jpg\" data-orig-src=\"https:\/\/osb.org\/wp-content\/uploads\/2025\/06\/IMG_9058.jpg\" alt class=\"lazyload img-responsive wp-image-13749\" srcset=\"data:image\/svg+xml,%3Csvg%20xmlns%3D%27http%3A%2F%2Fwww.w3.org%2F2000%2Fsvg%27%20width%3D%271920%27%20height%3D%271080%27%20viewBox%3D%270%200%201920%201080%27%3E%3Crect%20width%3D%271920%27%20height%3D%271080%27%20fill-opacity%3D%220%22%2F%3E%3C%2Fsvg%3E\" data-srcset=\"https:\/\/osb.org\/wp-content\/uploads\/2025\/06\/IMG_9058-200x113.jpg 200w, https:\/\/osb.org\/wp-content\/uploads\/2025\/06\/IMG_9058-400x225.jpg 400w, https:\/\/osb.org\/wp-content\/uploads\/2025\/06\/IMG_9058-600x338.jpg 600w, https:\/\/osb.org\/wp-content\/uploads\/2025\/06\/IMG_9058-800x450.jpg 800w, https:\/\/osb.org\/wp-content\/uploads\/2025\/06\/IMG_9058-1200x675.jpg 1200w, https:\/\/osb.org\/wp-content\/uploads\/2025\/06\/IMG_9058.jpg 1920w\" data-sizes=\"auto\" data-orig-sizes=\"(max-width: 1024px) 100vw, (max-width: 640px) 100vw, 600px\" \/><\/a><\/span><\/div><div class=\"fusion-text fusion-text-2 fusion-text-no-margin\" style=\"--awb-font-size:var(--awb-typography5-font-size);--awb-line-height:var(--awb-typography5-line-height);--awb-letter-spacing:var(--awb-typography5-letter-spacing);--awb-text-transform:var(--awb-typography5-text-transform);--awb-text-color:var(--awb-custom11);--awb-margin-top:12px;--awb-margin-bottom:12px;--awb-text-font-family:var(--awb-typography5-font-family);--awb-text-font-weight:var(--awb-typography5-font-weight);--awb-text-font-style:var(--awb-typography5-font-style);\"><\/div><\/div><\/div><div class=\"fusion-layout-column fusion_builder_column fusion-builder-column-2 fusion_builder_column_1_2 1_2 fusion-flex-column\" style=\"--awb-bg-size:cover;--awb-width-large:50%;--awb-margin-top-large:0px;--awb-spacing-right-large:30px;--awb-margin-bottom-large:0px;--awb-spacing-left-large:30px;--awb-width-medium:100%;--awb-order-medium:0;--awb-spacing-right-medium:30px;--awb-spacing-left-medium:30px;--awb-width-small:100%;--awb-order-small:0;--awb-spacing-right-small:30px;--awb-spacing-left-small:30px;\"><div class=\"fusion-column-wrapper fusion-column-has-shadow fusion-flex-justify-content-flex-start fusion-content-layout-column\"><div class=\"fusion-separator fusion-full-width-sep\" style=\"align-self: center;margin-left: auto;margin-right: auto;width:100%;\"><div class=\"fusion-separator-border sep-single sep-solid\" style=\"--awb-height:20px;--awb-amount:20px;--awb-sep-color:var(--awb-color4);border-color:var(--awb-color4);border-top-width:3px;\"><\/div><\/div><\/div><\/div><\/div><\/div><div class=\"fusion-fullwidth fullwidth-box fusion-builder-row-2 fusion-flex-container has-pattern-background has-mask-background hundred-percent-fullwidth non-hundred-percent-height-scrolling\" style=\"--awb-border-radius-top-left:0px;--awb-border-radius-top-right:0px;--awb-border-radius-bottom-right:0px;--awb-border-radius-bottom-left:0px;--awb-padding-right:60px;--awb-padding-left:60px;--awb-padding-right-medium:60px;--awb-padding-left-medium:60px;--awb-padding-right-small:30px;--awb-padding-left-small:30px;--awb-margin-top:30px;--awb-margin-top-small:0px;--awb-flex-wrap:wrap;\" ><div class=\"fusion-builder-row fusion-row fusion-flex-align-items-flex-start fusion-flex-justify-content-center fusion-flex-content-wrap\" style=\"width:calc( 100% + 60px ) !important;max-width:calc( 100% + 60px ) !important;margin-left: calc(-60px \/ 2 );margin-right: calc(-60px \/ 2 );\"><div class=\"fusion-layout-column fusion_builder_column fusion-builder-column-3 fusion_builder_column_2_5 2_5 fusion-flex-column\" style=\"--awb-bg-blend:overlay;--awb-bg-size:cover;--awb-width-large:40%;--awb-margin-top-large:0px;--awb-spacing-right-large:30px;--awb-margin-bottom-large:20px;--awb-spacing-left-large:30px;--awb-width-medium:75%;--awb-order-medium:0;--awb-spacing-right-medium:30px;--awb-spacing-left-medium:30px;--awb-width-small:100%;--awb-order-small:0;--awb-spacing-right-small:30px;--awb-spacing-left-small:30px;\"><div class=\"fusion-column-wrapper fusion-flex-justify-content-flex-start fusion-content-layout-column\"><div class=\"fusion-builder-row fusion-builder-row-inner fusion-row fusion-flex-align-items-flex-start fusion-flex-justify-content-center fusion-flex-content-wrap\" style=\"--awb-flex-grow:0;--awb-flex-grow-medium:0;--awb-flex-grow-small:0;--awb-flex-shrink:0;--awb-flex-shrink-medium:0;--awb-flex-shrink-small:0;width:calc( 100% + 60px ) !important;max-width:calc( 100% + 60px ) !important;margin-left: calc(-60px \/ 2 );margin-right: calc(-60px \/ 2 );\"><div class=\"fusion-layout-column fusion_builder_column_inner fusion-builder-nested-column-0 fusion_builder_column_inner_1_2 1_2 fusion-flex-column fusion-flex-align-self-center\" style=\"--awb-bg-size:cover;--awb-width-large:50%;--awb-margin-top-large:0px;--awb-spacing-right-large:30px;--awb-margin-bottom-large:0px;--awb-spacing-left-large:30px;--awb-width-medium:50%;--awb-order-medium:0;--awb-spacing-right-medium:30px;--awb-spacing-left-medium:30px;--awb-width-small:100%;--awb-order-small:1;--awb-spacing-right-small:30px;--awb-margin-bottom-small:20px;--awb-spacing-left-small:30px;\"><div class=\"fusion-column-wrapper fusion-column-has-shadow fusion-flex-justify-content-center fusion-content-layout-column\"><div class=\"fusion-text fusion-text-3 fusion-text-no-margin\" style=\"--awb-font-size:var(--awb-typography5-font-size);--awb-line-height:var(--awb-typography5-line-height);--awb-letter-spacing:var(--awb-typography5-letter-spacing);--awb-text-transform:var(--awb-typography5-text-transform);--awb-text-color:var(--awb-custom11);--awb-margin-top:0px;--awb-margin-right:0px;--awb-margin-bottom:0px;--awb-margin-left:0px;--awb-text-font-family:var(--awb-typography5-font-family);--awb-text-font-weight:var(--awb-typography5-font-weight);--awb-text-font-style:var(--awb-typography5-font-style);\"><p>7 junho 2025<\/p>\n<\/div><\/div><\/div><div class=\"fusion-layout-column fusion_builder_column_inner fusion-builder-nested-column-1 fusion_builder_column_inner_1_2 1_2 fusion-flex-column fusion-flex-align-self-center\" style=\"--awb-bg-size:cover;--awb-width-large:50%;--awb-margin-top-large:0px;--awb-spacing-right-large:30px;--awb-margin-bottom-large:0px;--awb-spacing-left-large:30px;--awb-width-medium:50%;--awb-order-medium:0;--awb-spacing-right-medium:30px;--awb-spacing-left-medium:30px;--awb-width-small:100%;--awb-order-small:0;--awb-margin-top-small:0px;--awb-spacing-right-small:30px;--awb-spacing-left-small:30px;\"><div class=\"fusion-column-wrapper fusion-column-has-shadow fusion-flex-justify-content-center fusion-content-layout-column\"><div class=\"fusion-sharing-box fusion-sharing-box-1 boxed-icons\" style=\"background-color:var(--awb-color1);border-color:var(--awb-color1);--awb-margin-top:0px;--awb-margin-right:0px;--awb-margin-bottom:0px;--awb-margin-left:0px;--awb-wrapper-padding-top:0px;--awb-wrapper-padding-right:0px;--awb-wrapper-padding-bottom:0px;--awb-wrapper-padding-left:0px;--awb-padding-top:0px;--awb-padding-right:0px;--awb-padding-bottom:0px;--awb-padding-left:0px;--awb-border-top:0px;--awb-border-right:0px;--awb-border-bottom:0px;--awb-border-left:0px;--awb-icon-size:12px;--awb-separator-border-color:#cccccc;--awb-separator-border-sizes:0px;--awb-stacked-align:flex-end;--awb-layout:row;--awb-alignment-small:flex-end;--awb-stacked-align-small:center;\" data-title=\"Eventos, Elei\u00e7\u00f5es e Nomea\u00e7\u00f5es | Maio-Junho\" data-description=\"Your Content Goes Here       \r\n\r\n \tEm 2 de junho, os monges de Ottobeuren da Congrega\u00e7\u00e3o da Baviera elegeram o Padre Christoph M. Kuen como Prior Administrador da abadia por um per\u00edodo de 3 anos. A elei\u00e7\u00e3o ocorreu ap\u00f3s o t\u00e9rmino do mandato\" data-link=\"https:\/\/osb.org\/pt-br\/2025\/06\/07\/eventos-eleicoes-e-nomeacoes-maio-junho\/\"><div class=\"fusion-social-networks sharingbox-shortcode-icon-wrapper sharingbox-shortcode-icon-wrapper-1 boxed-icons\"><span><a href=\"https:\/\/www.facebook.com\/sharer.php?u=https%3A%2F%2Fosb.org%2Fpt-br%2F2025%2F06%2F07%2Feventos-eleicoes-e-nomeacoes-maio-junho%2F&amp;t=Eventos%2C%20Elei%C3%A7%C3%B5es%20e%20Nomea%C3%A7%C3%B5es%20%7C%20Maio-Junho\" target=\"_blank\" rel=\"noreferrer\" title=\"Facebook\" aria-label=\"Facebook\"><i class=\"fusion-social-network-icon fusion-tooltip fusion-facebook awb-icon-facebook\" style=\"color:var(--awb-custom11);background-color:#e8e8e8;border-color:#e8e8e8;border-radius:50%;\" aria-hidden=\"true\"><\/i><\/a><\/span><span><a href=\"https:\/\/x.com\/intent\/post?text=Eventos%2C%20Elei%C3%A7%C3%B5es%20e%20Nomea%C3%A7%C3%B5es%20%7C%20Maio-Junho&amp;url=https%3A%2F%2Fosb.org%2Fpt-br%2F2025%2F06%2F07%2Feventos-eleicoes-e-nomeacoes-maio-junho%2F\" target=\"_blank\" rel=\"noopener noreferrer\" title=\"X\" aria-label=\"X\"><i class=\"fusion-social-network-icon fusion-tooltip fusion-twitter awb-icon-twitter\" style=\"color:var(--awb-custom11);background-color:#e8e8e8;border-color:#e8e8e8;border-radius:50%;\" aria-hidden=\"true\"><\/i><\/a><\/span><span><a href=\"https:\/\/api.whatsapp.com\/send?text=https%3A%2F%2Fosb.org%2Fpt-br%2F2025%2F06%2F07%2Feventos-eleicoes-e-nomeacoes-maio-junho%2F\" target=\"_blank\" rel=\"noopener noreferrer\" title=\"WhatsApp\" aria-label=\"WhatsApp\"><i class=\"fusion-social-network-icon fusion-tooltip fusion-whatsapp awb-icon-whatsapp\" style=\"color:var(--awb-custom11);background-color:#e8e8e8;border-color:#e8e8e8;border-radius:50%;\" aria-hidden=\"true\"><\/i><\/a><\/span><span><a href=\"mailto:?subject=Eventos%2C%20Elei%C3%A7%C3%B5es%20e%20Nomea%C3%A7%C3%B5es%20%7C%20Maio-Junho&amp;body=https%3A%2F%2Fosb.org%2Fpt-br%2F2025%2F06%2F07%2Feventos-eleicoes-e-nomeacoes-maio-junho%2F\" target=\"_self\" title=\"Email\" aria-label=\"Email\"><i class=\"fusion-social-network-icon fusion-tooltip fusion-mail awb-icon-mail\" style=\"color:var(--awb-custom11);background-color:#e8e8e8;border-color:#e8e8e8;border-radius:50%;\" aria-hidden=\"true\"><\/i><\/a><\/span><\/div><\/div><\/div><\/div><\/div><div class=\"fusion-text fusion-text-4\"><ul>\n<li>Em 2 de junho, os monges de Ottobeuren da Congrega\u00e7\u00e3o da Baviera elegeram o Padre Christoph M. Kuen como Prior Administrador da abadia por um per\u00edodo de 3 anos. A elei\u00e7\u00e3o ocorreu ap\u00f3s o t\u00e9rmino do mandato do Abade Johannes Schaber. <\/li>\n<li>Em 28 de maio, o Cap\u00edtulo Geral da Congrega\u00e7\u00e3o Silvestrina elegeu um novo Abade Geral, o Padre Shamindra Jayawardena. O Abade Geral Shamindra tem 53 anos e atua como Prior Conventual de Ampitiya desde 2013. Ampitiya \u00e9 o mosteiro beneditino mais antigo da \u00c1sia, fundado em 1875.<br \/>\nA elei\u00e7\u00e3o ocorreu ap\u00f3s o t\u00e9rmino do mandato do Abade Geral Antony Puthenpurackal. O Abade Antony tamb\u00e9m foi membro da Comiss\u00e3o Permanente de Abades Presidentes. De acordo com a Lex Propria, o Abade Primaz nomeou o Abade Presidente Ignasi Fossas, da Congrega\u00e7\u00e3o Subiaco-Cassinesa, como substituto.<\/p>\n<\/li>\n<li>Em 23 de maio, o Padre Coert Biesjot foi nomeado administrador prior de Slangenburg, Congrega\u00e7\u00e3o Subiaco-Cassinesa, ap\u00f3s a ren\u00fancia do Abade Henry Vesseur. Em 6 de junho, o Padre Coert Biesjot tamb\u00e9m foi nomeado administrador prior de Teteringen\/Oosterhout, da mesma Congrega\u00e7\u00e3o, que anteriormente era administrada pelo Abade Henry Vesseur. <\/li>\n<li>Em 22 de maio, o Papa Le\u00e3o XIV nomeou uma nova secret\u00e1ria para o Dicast\u00e9rio para a Vida Consagrada. Irm\u00e3 Tiziana Merletti \u00e9 canonista e ex-superior geral das Irm\u00e3s Franciscanas dos Pobres. Com esta nomea\u00e7\u00e3o, o Papa Le\u00e3o XIV seguiu o exemplo do Papa Francisco, que havia come\u00e7ado a nomear mulheres para fun\u00e7\u00f5es tradicionalmente reservadas a arcebispos titulares e cardeais.    <\/li>\n<li>Tamb\u00e9m em 22 de maio, o presidente da AIM, Abade Bernard Lorent, nomeou o Padre Charbel Paz de Lys como novo Secret\u00e1rio-Geral da AIM. O Padre Charbel \u00e9 monge de Le Barroux, um mosteiro diretamente subordinado ao Abade Primaz.  <\/li>\n<li>Em 21 de maio, um simp\u00f3sio em Solesmes homenageou o Abade Prosper Gu\u00e9ranger em Solesmes, no 150\u00ba anivers\u00e1rio de sua morte. Gu\u00e9ranger foi uma das figuras mais importantes do renascimento beneditino do s\u00e9culo XIX. Um processo de canoniza\u00e7\u00e3o est\u00e1 em andamento.  <\/li>\n<li>Em 17 de maio, o Padre Maximilien Pietrzak recebeu a b\u00ean\u00e7\u00e3o abacial como abade de En Calcat, da Congrega\u00e7\u00e3o Subiaco-Cassinesa. Ele j\u00e1 havia sido eleito em 7 de fevereiro. <\/li>\n<li>Abade Donato Ogliari de S\u00e3o Paulo Fora dos Muros, da Congrega\u00e7\u00e3o Subiaco-Cassinesa, realizou <a href=\"https:\/\/osb.org\/2025\/05\/05\/reflecting-on-the-churchs-path-abbot-donato-ogliari-addresses-cardinals\/\" target=\"_blank\" rel=\"noopener\">uma das medita\u00e7\u00f5es<\/a> para o pr\u00e9-conclave em 29 de abril - Al\u00e9m de nossas ora\u00e7\u00f5es, provavelmente a contribui\u00e7\u00e3o beneditina mais significativa para o conclave.<\/li>\n<li>O CIB publica um boletim anual com muitas informa\u00e7\u00f5es sobre o ramo feminino da nossa fam\u00edlia. Voc\u00ea pode assin\u00e1-lo escrevendo para a Irm\u00e3 Mary Luke Jones em ljonesosb@benedictine.com. <\/li>\n<\/ul>\n<\/div><\/div><\/div><\/div><\/div><\/p>\n","protected":false},"excerpt":{"rendered":"<p>O Abade Primaz Jeremias compartilha pequenos trechos de not\u00edcias da Confedera\u00e7\u00e3o.<\/p>\n","protected":false},"author":1,"featured_media":13749,"comment_status":"closed","ping_status":"closed","sticky":false,"template":"","format":"standard","meta":{"footnotes":""},"categories":[185],"tags":[232,225],"class_list":["post-13750","post","type-post","status-publish","format-standard","has-post-thumbnail","hentry","category-nexus-pt","tag-nexus-junho-2025-pt","tag-nexus-do-abade-primaz-pt"],"cc_featured_image_caption":{"caption_text":false,"source_text":false,"source_url":false},"_links":{"self":[{"href":"https:\/\/osb.org\/pt-br\/wp-json\/wp\/v2\/posts\/13750","targetHints":{"allow":["GET"]}}],"collection":[{"href":"https:\/\/osb.org\/pt-br\/wp-json\/wp\/v2\/posts"}],"about":[{"href":"https:\/\/osb.org\/pt-br\/wp-json\/wp\/v2\/types\/post"}],"author":[{"embeddable":true,"href":"https:\/\/osb.org\/pt-br\/wp-json\/wp\/v2\/users\/1"}],"replies":[{"embeddable":true,"href":"https:\/\/osb.org\/pt-br\/wp-json\/wp\/v2\/comments?post=13750"}],"version-history":[{"count":0,"href":"https:\/\/osb.org\/pt-br\/wp-json\/wp\/v2\/posts\/13750\/revisions"}],"wp:featuredmedia":[{"embeddable":true,"href":"https:\/\/osb.org\/pt-br\/wp-json\/wp\/v2\/media\/13749"}],"wp:attachment":[{"href":"https:\/\/osb.org\/pt-br\/wp-json\/wp\/v2\/media?parent=13750"}],"wp:term":[{"taxonomy":"category","embeddable":true,"href":"https:\/\/osb.org\/pt-br\/wp-json\/wp\/v2\/categories?post=13750"},{"taxonomy":"post_tag","embeddable":true,"href":"https:\/\/osb.org\/pt-br\/wp-json\/wp\/v2\/tags?post=13750"}],"curies":[{"name":"wp","href":"https:\/\/api.w.org\/{rel}","templated":true}]}}