{"id":17084,"date":"2026-03-07T12:25:29","date_gmt":"2026-03-07T11:25:29","guid":{"rendered":"https:\/\/osb.org\/?p=17084"},"modified":"2026-03-31T17:33:59","modified_gmt":"2026-03-31T15:33:59","slug":"liturgia-nel-segno-della-diversita-e-della-guerra-un-rapporto-dal-kuwait","status":"publish","type":"post","link":"https:\/\/osb.org\/it\/2026\/03\/07\/liturgia-nel-segno-della-diversita-e-della-guerra-un-rapporto-dal-kuwait\/","title":{"rendered":"Una liturgia all\u2019insegna della diversit\u00e0\u2026 e della guerra: un resoconto dal Kuwait"},"content":{"rendered":"<p><div class=\"fusion-fullwidth fullwidth-box fusion-builder-row-1 fusion-flex-container has-pattern-background has-mask-background hundred-percent-fullwidth non-hundred-percent-height-scrolling\" style=\"--awb-border-radius-top-left:0px;--awb-border-radius-top-right:0px;--awb-border-radius-bottom-right:0px;--awb-border-radius-bottom-left:0px;--awb-padding-right:60px;--awb-padding-bottom:0px;--awb-padding-left:60px;--awb-padding-right-small:30px;--awb-padding-left-small:30px;--awb-flex-wrap:wrap;\" ><div class=\"fusion-builder-row fusion-row fusion-flex-align-items-center fusion-flex-justify-content-flex-end fusion-flex-content-wrap\" style=\"width:calc( 100% + 60px ) !important;max-width:calc( 100% + 60px ) !important;margin-left: calc(-60px \/ 2 );margin-right: calc(-60px \/ 2 );\"><div class=\"fusion-layout-column fusion_builder_column fusion-builder-column-0 fusion_builder_column_1_2 1_2 fusion-flex-column\" style=\"--awb-padding-right:60px;--awb-padding-left:60px;--awb-padding-right-small:0px;--awb-padding-left-small:0px;--awb-bg-size:cover;--awb-width-large:50%;--awb-margin-top-large:0px;--awb-spacing-right-large:30px;--awb-margin-bottom-large:20px;--awb-spacing-left-large:30px;--awb-width-medium:100%;--awb-order-medium:0;--awb-margin-top-medium:20px;--awb-spacing-right-medium:30px;--awb-margin-bottom-medium:0px;--awb-spacing-left-medium:30px;--awb-width-small:100%;--awb-order-small:0;--awb-spacing-right-small:30px;--awb-spacing-left-small:30px;\"><div class=\"fusion-column-wrapper fusion-column-has-shadow fusion-flex-justify-content-flex-start fusion-content-layout-column\"><div class=\"fusion-title title fusion-title-1 fusion-sep-none fusion-title-text fusion-title-size-one\" style=\"--awb-text-color:var(--awb-custom13);--awb-margin-top-small:0px;--awb-margin-right-small:0px;--awb-margin-bottom-small:20px;--awb-margin-left-small:0px;--awb-font-size:40px;\"><h1 class=\"fusion-title-heading title-heading-left md-text-align-center fusion-responsive-typography-calculated\" style=\"font-family:var(--awb-typography1-font-family);font-weight:var(--awb-typography1-font-weight);font-style:var(--awb-typography1-font-style);margin:0;letter-spacing:var(--awb-typography1-letter-spacing);text-transform:var(--awb-typography1-text-transform);font-size:1em;--fontSize:40;line-height:var(--awb-typography1-line-height);\">Una liturgia all\u2019insegna della diversit\u00e0\u2026 e della guerra: un resoconto dal Kuwait<\/h1><\/div><div class=\"fusion-text fusion-text-1 fusion-no-small-visibility fusion-no-medium-visibility\" style=\"--awb-font-size:var(--awb-typography3-font-size);--awb-line-height:var(--awb-typography3-line-height);--awb-letter-spacing:var(--awb-typography3-letter-spacing);--awb-text-transform:var(--awb-typography3-text-transform);--awb-text-font-family:var(--awb-typography3-font-family);--awb-text-font-weight:var(--awb-typography3-font-weight);--awb-text-font-style:var(--awb-typography3-font-style);\"><p>Su richiesta di Mons. Aldo Berardi, P. Stefan Geiger OSB e P. Benoit Alloggia OSB si sono recati in Kuwait per guidare un corso di formazione per il clero. Bloccati dall'improvviso scoppio della guerra, sono tornati a Roma il 12 marzo 2026, via Riad, Arabia Saudita.   <\/p>\n<\/div><\/div><\/div><div class=\"fusion-layout-column fusion_builder_column fusion-builder-column-1 fusion_builder_column_1_2 1_2 fusion-flex-column\" style=\"--awb-bg-size:cover;--awb-width-large:50%;--awb-margin-top-large:0px;--awb-spacing-right-large:30px;--awb-margin-bottom-large:0px;--awb-spacing-left-large:30px;--awb-width-medium:100%;--awb-order-medium:0;--awb-spacing-right-medium:30px;--awb-spacing-left-medium:30px;--awb-width-small:100%;--awb-order-small:0;--awb-spacing-right-small:30px;--awb-spacing-left-small:30px;\"><div class=\"fusion-column-wrapper fusion-column-has-shadow fusion-flex-justify-content-flex-start fusion-content-layout-column\"><div class=\"fusion-image-element \" style=\"--awb-caption-title-font-family:var(--h2_typography-font-family);--awb-caption-title-font-weight:var(--h2_typography-font-weight);--awb-caption-title-font-style:var(--h2_typography-font-style);--awb-caption-title-size:var(--h2_typography-font-size);--awb-caption-title-transform:var(--h2_typography-text-transform);--awb-caption-title-line-height:var(--h2_typography-line-height);--awb-caption-title-letter-spacing:var(--h2_typography-letter-spacing);\"><span class=\" fusion-imageframe imageframe-none imageframe-1 hover-type-none\" style=\"border:1px solid var(--awb-custom10);\"><a href=\"https:\/\/osb.org\/wp-content\/uploads\/2026\/03\/CourseParticipants-LiturgicalFormation.jpg\" class=\"fusion-lightbox\" data-rel=\"iLightbox[8ac6626138843b546ac]\" data-title=\"CourseParticipants LiturgicalFormation\" title=\"CourseParticipants LiturgicalFormation\"><img decoding=\"async\" width=\"1920\" height=\"1080\" src=\"https:\/\/osb.org\/wp-content\/uploads\/2026\/03\/CourseParticipants-LiturgicalFormation.jpg\" data-orig-src=\"https:\/\/osb.org\/wp-content\/uploads\/2026\/03\/CourseParticipants-LiturgicalFormation.jpg\" alt class=\"lazyload img-responsive wp-image-17083\" srcset=\"data:image\/svg+xml,%3Csvg%20xmlns%3D%27http%3A%2F%2Fwww.w3.org%2F2000%2Fsvg%27%20width%3D%271920%27%20height%3D%271080%27%20viewBox%3D%270%200%201920%201080%27%3E%3Crect%20width%3D%271920%27%20height%3D%271080%27%20fill-opacity%3D%220%22%2F%3E%3C%2Fsvg%3E\" data-srcset=\"https:\/\/osb.org\/wp-content\/uploads\/2026\/03\/CourseParticipants-LiturgicalFormation-200x113.jpg 200w, https:\/\/osb.org\/wp-content\/uploads\/2026\/03\/CourseParticipants-LiturgicalFormation-400x225.jpg 400w, https:\/\/osb.org\/wp-content\/uploads\/2026\/03\/CourseParticipants-LiturgicalFormation-600x338.jpg 600w, https:\/\/osb.org\/wp-content\/uploads\/2026\/03\/CourseParticipants-LiturgicalFormation-800x450.jpg 800w, https:\/\/osb.org\/wp-content\/uploads\/2026\/03\/CourseParticipants-LiturgicalFormation-1200x675.jpg 1200w, https:\/\/osb.org\/wp-content\/uploads\/2026\/03\/CourseParticipants-LiturgicalFormation.jpg 1920w\" data-sizes=\"auto\" data-orig-sizes=\"(max-width: 1024px) 100vw, (max-width: 640px) 100vw, 600px\" \/><\/a><\/span><\/div><div class=\"fusion-text fusion-text-2 fusion-text-no-margin\" style=\"--awb-font-size:var(--awb-typography5-font-size);--awb-line-height:var(--awb-typography5-line-height);--awb-letter-spacing:var(--awb-typography5-letter-spacing);--awb-text-transform:var(--awb-typography5-text-transform);--awb-text-color:var(--awb-custom11);--awb-margin-top:12px;--awb-margin-bottom:12px;--awb-text-font-family:var(--awb-typography5-font-family);--awb-text-font-weight:var(--awb-typography5-font-weight);--awb-text-font-style:var(--awb-typography5-font-style);\"><p>Il tuo contenuto va qui<\/p>\n<\/div><\/div><\/div><div class=\"fusion-layout-column fusion_builder_column fusion-builder-column-2 fusion_builder_column_1_2 1_2 fusion-flex-column\" style=\"--awb-bg-size:cover;--awb-width-large:50%;--awb-margin-top-large:0px;--awb-spacing-right-large:30px;--awb-margin-bottom-large:0px;--awb-spacing-left-large:30px;--awb-width-medium:100%;--awb-order-medium:0;--awb-spacing-right-medium:30px;--awb-spacing-left-medium:30px;--awb-width-small:100%;--awb-order-small:0;--awb-spacing-right-small:30px;--awb-spacing-left-small:30px;\"><div class=\"fusion-column-wrapper fusion-column-has-shadow fusion-flex-justify-content-flex-start fusion-content-layout-column\"><div class=\"fusion-separator fusion-full-width-sep\" style=\"align-self: center;margin-left: auto;margin-right: auto;width:100%;\"><div class=\"fusion-separator-border sep-single sep-solid\" style=\"--awb-height:20px;--awb-amount:20px;--awb-sep-color:var(--awb-color4);border-color:var(--awb-color4);border-top-width:3px;\"><\/div><\/div><\/div><\/div><\/div><\/div><div class=\"fusion-fullwidth fullwidth-box fusion-builder-row-2 fusion-flex-container hundred-percent-fullwidth non-hundred-percent-height-scrolling\" style=\"--awb-border-radius-top-left:0px;--awb-border-radius-top-right:0px;--awb-border-radius-bottom-right:0px;--awb-border-radius-bottom-left:0px;--awb-padding-right:60px;--awb-padding-left:60px;--awb-padding-right-medium:60px;--awb-padding-left-medium:60px;--awb-padding-right-small:30px;--awb-padding-left-small:30px;--awb-margin-top-small:0px;--awb-flex-wrap:wrap;\" ><div class=\"fusion-builder-row fusion-row fusion-flex-align-items-flex-start fusion-flex-justify-content-center fusion-flex-content-wrap\" style=\"width:calc( 100% + 60px ) !important;max-width:calc( 100% + 60px ) !important;margin-left: calc(-60px \/ 2 );margin-right: calc(-60px \/ 2 );\"><div class=\"fusion-layout-column fusion_builder_column fusion-builder-column-3 fusion_builder_column_1_2 1_2 fusion-flex-column\" style=\"--awb-bg-size:cover;--awb-width-large:50%;--awb-margin-top-large:0px;--awb-spacing-right-large:30px;--awb-margin-bottom-large:20px;--awb-spacing-left-large:30px;--awb-width-medium:100%;--awb-order-medium:1;--awb-spacing-right-medium:30px;--awb-spacing-left-medium:30px;--awb-width-small:100%;--awb-order-small:1;--awb-spacing-right-small:30px;--awb-spacing-left-small:30px;\"><div class=\"fusion-column-wrapper fusion-column-has-shadow fusion-flex-justify-content-flex-start fusion-content-layout-column\"><div class=\"awb-gallery-wrapper awb-gallery-wrapper-1 button-span-no\" style=\"--more-btn-alignment:center;\"><div style=\"margin:-5px;--awb-bordersize:0px;\" class=\"fusion-gallery fusion-gallery-container fusion-grid-2 fusion-columns-total-10 fusion-gallery-layout-grid fusion-gallery-1\"><div style=\"padding:5px;\" class=\"fusion-grid-column fusion-gallery-column fusion-gallery-column-2 hover-type-none\"><div class=\"fusion-gallery-image\"><a href=\"https:\/\/osb.org\/wp-content\/uploads\/2026\/03\/Course-LiturgicalFormation.jpg\" rel=\"noreferrer\" data-rel=\"iLightbox[gallery_image_1]\" class=\"fusion-lightbox\" target=\"_self\"><img decoding=\"async\" src=\"https:\/\/osb.org\/wp-content\/uploads\/2026\/03\/Course-LiturgicalFormation.jpg\" data-orig-src=\"https:\/\/osb.org\/wp-content\/uploads\/2026\/03\/Course-LiturgicalFormation.jpg\" width=\"1920\" height=\"1080\" alt=\"\" title=\"Course LiturgicalFormation\" aria-label=\"Course LiturgicalFormation\" class=\"lazyload img-responsive wp-image-17073\" srcset=\"data:image\/svg+xml,%3Csvg%20xmlns%3D%27http%3A%2F%2Fwww.w3.org%2F2000%2Fsvg%27%20width%3D%271920%27%20height%3D%271080%27%20viewBox%3D%270%200%201920%201080%27%3E%3Crect%20width%3D%271920%27%20height%3D%271080%27%20fill-opacity%3D%220%22%2F%3E%3C%2Fsvg%3E\" data-srcset=\"https:\/\/osb.org\/wp-content\/uploads\/2026\/03\/Course-LiturgicalFormation-200x113.jpg 200w, https:\/\/osb.org\/wp-content\/uploads\/2026\/03\/Course-LiturgicalFormation-400x225.jpg 400w, https:\/\/osb.org\/wp-content\/uploads\/2026\/03\/Course-LiturgicalFormation-600x338.jpg 600w, https:\/\/osb.org\/wp-content\/uploads\/2026\/03\/Course-LiturgicalFormation-800x450.jpg 800w, https:\/\/osb.org\/wp-content\/uploads\/2026\/03\/Course-LiturgicalFormation-1200x675.jpg 1200w, https:\/\/osb.org\/wp-content\/uploads\/2026\/03\/Course-LiturgicalFormation.jpg 1920w\" data-sizes=\"auto\" data-orig-sizes=\"(min-width: 2200px) 100vw, (min-width: 712px) 548px, (min-width: 640px) 712px, \" \/><\/a><\/div><\/div><div style=\"padding:5px;\" class=\"fusion-grid-column fusion-gallery-column fusion-gallery-column-2 hover-type-none\"><div class=\"fusion-gallery-image\"><a href=\"https:\/\/osb.org\/wp-content\/uploads\/2026\/03\/Grotto-Holy-Family-Co-Cathedral-Kuwait.jpg\" rel=\"noreferrer\" data-rel=\"iLightbox[gallery_image_1]\" class=\"fusion-lightbox\" target=\"_self\"><img decoding=\"async\" src=\"https:\/\/osb.org\/wp-content\/uploads\/2026\/03\/Grotto-Holy-Family-Co-Cathedral-Kuwait.jpg\" data-orig-src=\"https:\/\/osb.org\/wp-content\/uploads\/2026\/03\/Grotto-Holy-Family-Co-Cathedral-Kuwait.jpg\" width=\"1920\" height=\"1080\" alt=\"\" title=\"Grotto Holy Family Co Cathedral Kuwait\" aria-label=\"Grotto Holy Family Co Cathedral Kuwait\" class=\"lazyload img-responsive wp-image-17074\" srcset=\"data:image\/svg+xml,%3Csvg%20xmlns%3D%27http%3A%2F%2Fwww.w3.org%2F2000%2Fsvg%27%20width%3D%271920%27%20height%3D%271080%27%20viewBox%3D%270%200%201920%201080%27%3E%3Crect%20width%3D%271920%27%20height%3D%271080%27%20fill-opacity%3D%220%22%2F%3E%3C%2Fsvg%3E\" data-srcset=\"https:\/\/osb.org\/wp-content\/uploads\/2026\/03\/Grotto-Holy-Family-Co-Cathedral-Kuwait-200x113.jpg 200w, https:\/\/osb.org\/wp-content\/uploads\/2026\/03\/Grotto-Holy-Family-Co-Cathedral-Kuwait-400x225.jpg 400w, https:\/\/osb.org\/wp-content\/uploads\/2026\/03\/Grotto-Holy-Family-Co-Cathedral-Kuwait-600x338.jpg 600w, https:\/\/osb.org\/wp-content\/uploads\/2026\/03\/Grotto-Holy-Family-Co-Cathedral-Kuwait-800x450.jpg 800w, https:\/\/osb.org\/wp-content\/uploads\/2026\/03\/Grotto-Holy-Family-Co-Cathedral-Kuwait-1200x675.jpg 1200w, https:\/\/osb.org\/wp-content\/uploads\/2026\/03\/Grotto-Holy-Family-Co-Cathedral-Kuwait.jpg 1920w\" data-sizes=\"auto\" data-orig-sizes=\"(min-width: 2200px) 100vw, (min-width: 712px) 548px, (min-width: 640px) 712px, \" \/><\/a><\/div><\/div><div class=\"clearfix\"><\/div><div style=\"padding:5px;\" class=\"fusion-grid-column fusion-gallery-column fusion-gallery-column-2 hover-type-none\"><div class=\"fusion-gallery-image\"><a href=\"https:\/\/osb.org\/wp-content\/uploads\/2026\/03\/Holy-Family-Co-Cathedral-Kuwait.jpg\" rel=\"noreferrer\" data-rel=\"iLightbox[gallery_image_1]\" class=\"fusion-lightbox\" target=\"_self\"><img decoding=\"async\" src=\"https:\/\/osb.org\/wp-content\/uploads\/2026\/03\/Holy-Family-Co-Cathedral-Kuwait.jpg\" data-orig-src=\"https:\/\/osb.org\/wp-content\/uploads\/2026\/03\/Holy-Family-Co-Cathedral-Kuwait.jpg\" width=\"1920\" height=\"1080\" alt=\"\" title=\"Holy Family Co Cathedral Kuwait\" aria-label=\"Holy Family Co Cathedral Kuwait\" class=\"lazyload img-responsive wp-image-17075\" srcset=\"data:image\/svg+xml,%3Csvg%20xmlns%3D%27http%3A%2F%2Fwww.w3.org%2F2000%2Fsvg%27%20width%3D%271920%27%20height%3D%271080%27%20viewBox%3D%270%200%201920%201080%27%3E%3Crect%20width%3D%271920%27%20height%3D%271080%27%20fill-opacity%3D%220%22%2F%3E%3C%2Fsvg%3E\" data-srcset=\"https:\/\/osb.org\/wp-content\/uploads\/2026\/03\/Holy-Family-Co-Cathedral-Kuwait-200x113.jpg 200w, https:\/\/osb.org\/wp-content\/uploads\/2026\/03\/Holy-Family-Co-Cathedral-Kuwait-400x225.jpg 400w, https:\/\/osb.org\/wp-content\/uploads\/2026\/03\/Holy-Family-Co-Cathedral-Kuwait-600x338.jpg 600w, https:\/\/osb.org\/wp-content\/uploads\/2026\/03\/Holy-Family-Co-Cathedral-Kuwait-800x450.jpg 800w, https:\/\/osb.org\/wp-content\/uploads\/2026\/03\/Holy-Family-Co-Cathedral-Kuwait-1200x675.jpg 1200w, https:\/\/osb.org\/wp-content\/uploads\/2026\/03\/Holy-Family-Co-Cathedral-Kuwait.jpg 1920w\" data-sizes=\"auto\" data-orig-sizes=\"(min-width: 2200px) 100vw, (min-width: 712px) 548px, (min-width: 640px) 712px, \" \/><\/a><\/div><\/div><div style=\"padding:5px;\" class=\"fusion-grid-column fusion-gallery-column fusion-gallery-column-2 hover-type-none\"><div class=\"fusion-gallery-image\"><a href=\"https:\/\/osb.org\/wp-content\/uploads\/2026\/03\/Holy-Family-Co-Cathedral-Kuwait1.jpg\" rel=\"noreferrer\" data-rel=\"iLightbox[gallery_image_1]\" class=\"fusion-lightbox\" target=\"_self\"><img decoding=\"async\" src=\"https:\/\/osb.org\/wp-content\/uploads\/2026\/03\/Holy-Family-Co-Cathedral-Kuwait1.jpg\" data-orig-src=\"https:\/\/osb.org\/wp-content\/uploads\/2026\/03\/Holy-Family-Co-Cathedral-Kuwait1.jpg\" width=\"1920\" height=\"1080\" alt=\"\" title=\"Holy Family Co Cathedral Kuwait(1)\" aria-label=\"Holy Family Co Cathedral Kuwait(1)\" class=\"lazyload img-responsive wp-image-17076\" srcset=\"data:image\/svg+xml,%3Csvg%20xmlns%3D%27http%3A%2F%2Fwww.w3.org%2F2000%2Fsvg%27%20width%3D%271920%27%20height%3D%271080%27%20viewBox%3D%270%200%201920%201080%27%3E%3Crect%20width%3D%271920%27%20height%3D%271080%27%20fill-opacity%3D%220%22%2F%3E%3C%2Fsvg%3E\" data-srcset=\"https:\/\/osb.org\/wp-content\/uploads\/2026\/03\/Holy-Family-Co-Cathedral-Kuwait1-200x113.jpg 200w, https:\/\/osb.org\/wp-content\/uploads\/2026\/03\/Holy-Family-Co-Cathedral-Kuwait1-400x225.jpg 400w, https:\/\/osb.org\/wp-content\/uploads\/2026\/03\/Holy-Family-Co-Cathedral-Kuwait1-600x338.jpg 600w, https:\/\/osb.org\/wp-content\/uploads\/2026\/03\/Holy-Family-Co-Cathedral-Kuwait1-800x450.jpg 800w, https:\/\/osb.org\/wp-content\/uploads\/2026\/03\/Holy-Family-Co-Cathedral-Kuwait1-1200x675.jpg 1200w, https:\/\/osb.org\/wp-content\/uploads\/2026\/03\/Holy-Family-Co-Cathedral-Kuwait1.jpg 1920w\" data-sizes=\"auto\" data-orig-sizes=\"(min-width: 2200px) 100vw, (min-width: 712px) 548px, (min-width: 640px) 712px, \" \/><\/a><\/div><\/div><div class=\"clearfix\"><\/div><div style=\"padding:5px;\" class=\"fusion-grid-column fusion-gallery-column fusion-gallery-column-2 hover-type-none\"><div class=\"fusion-gallery-image\"><a href=\"https:\/\/osb.org\/wp-content\/uploads\/2026\/03\/Holy-Family-Co-Cathedral-Kuwait2.jpg\" rel=\"noreferrer\" data-rel=\"iLightbox[gallery_image_1]\" class=\"fusion-lightbox\" target=\"_self\"><img decoding=\"async\" src=\"https:\/\/osb.org\/wp-content\/uploads\/2026\/03\/Holy-Family-Co-Cathedral-Kuwait2.jpg\" data-orig-src=\"https:\/\/osb.org\/wp-content\/uploads\/2026\/03\/Holy-Family-Co-Cathedral-Kuwait2.jpg\" width=\"1920\" height=\"1080\" alt=\"\" title=\"Holy Family Co Cathedral Kuwait(2)\" aria-label=\"Holy Family Co Cathedral Kuwait(2)\" class=\"lazyload img-responsive wp-image-17077\" srcset=\"data:image\/svg+xml,%3Csvg%20xmlns%3D%27http%3A%2F%2Fwww.w3.org%2F2000%2Fsvg%27%20width%3D%271920%27%20height%3D%271080%27%20viewBox%3D%270%200%201920%201080%27%3E%3Crect%20width%3D%271920%27%20height%3D%271080%27%20fill-opacity%3D%220%22%2F%3E%3C%2Fsvg%3E\" data-srcset=\"https:\/\/osb.org\/wp-content\/uploads\/2026\/03\/Holy-Family-Co-Cathedral-Kuwait2-200x113.jpg 200w, https:\/\/osb.org\/wp-content\/uploads\/2026\/03\/Holy-Family-Co-Cathedral-Kuwait2-400x225.jpg 400w, https:\/\/osb.org\/wp-content\/uploads\/2026\/03\/Holy-Family-Co-Cathedral-Kuwait2-600x338.jpg 600w, https:\/\/osb.org\/wp-content\/uploads\/2026\/03\/Holy-Family-Co-Cathedral-Kuwait2-800x450.jpg 800w, https:\/\/osb.org\/wp-content\/uploads\/2026\/03\/Holy-Family-Co-Cathedral-Kuwait2-1200x675.jpg 1200w, https:\/\/osb.org\/wp-content\/uploads\/2026\/03\/Holy-Family-Co-Cathedral-Kuwait2.jpg 1920w\" data-sizes=\"auto\" data-orig-sizes=\"(min-width: 2200px) 100vw, (min-width: 712px) 548px, (min-width: 640px) 712px, \" \/><\/a><\/div><\/div><div style=\"padding:5px;\" class=\"fusion-grid-column fusion-gallery-column fusion-gallery-column-2 hover-type-none\"><div class=\"fusion-gallery-image\"><a href=\"https:\/\/osb.org\/wp-content\/uploads\/2026\/03\/Holy-Family-Co-Cathedral-Kuwait3.jpg\" rel=\"noreferrer\" data-rel=\"iLightbox[gallery_image_1]\" class=\"fusion-lightbox\" target=\"_self\"><img decoding=\"async\" src=\"https:\/\/osb.org\/wp-content\/uploads\/2026\/03\/Holy-Family-Co-Cathedral-Kuwait3.jpg\" data-orig-src=\"https:\/\/osb.org\/wp-content\/uploads\/2026\/03\/Holy-Family-Co-Cathedral-Kuwait3.jpg\" width=\"1920\" height=\"1080\" alt=\"\" title=\"Holy Family Co Cathedral Kuwait(3)\" aria-label=\"Holy Family Co Cathedral Kuwait(3)\" class=\"lazyload img-responsive wp-image-17078\" srcset=\"data:image\/svg+xml,%3Csvg%20xmlns%3D%27http%3A%2F%2Fwww.w3.org%2F2000%2Fsvg%27%20width%3D%271920%27%20height%3D%271080%27%20viewBox%3D%270%200%201920%201080%27%3E%3Crect%20width%3D%271920%27%20height%3D%271080%27%20fill-opacity%3D%220%22%2F%3E%3C%2Fsvg%3E\" data-srcset=\"https:\/\/osb.org\/wp-content\/uploads\/2026\/03\/Holy-Family-Co-Cathedral-Kuwait3-200x113.jpg 200w, https:\/\/osb.org\/wp-content\/uploads\/2026\/03\/Holy-Family-Co-Cathedral-Kuwait3-400x225.jpg 400w, https:\/\/osb.org\/wp-content\/uploads\/2026\/03\/Holy-Family-Co-Cathedral-Kuwait3-600x338.jpg 600w, https:\/\/osb.org\/wp-content\/uploads\/2026\/03\/Holy-Family-Co-Cathedral-Kuwait3-800x450.jpg 800w, https:\/\/osb.org\/wp-content\/uploads\/2026\/03\/Holy-Family-Co-Cathedral-Kuwait3-1200x675.jpg 1200w, https:\/\/osb.org\/wp-content\/uploads\/2026\/03\/Holy-Family-Co-Cathedral-Kuwait3.jpg 1920w\" data-sizes=\"auto\" data-orig-sizes=\"(min-width: 2200px) 100vw, (min-width: 712px) 548px, (min-width: 640px) 712px, \" \/><\/a><\/div><\/div><div class=\"clearfix\"><\/div><div style=\"padding:5px;\" class=\"fusion-grid-column fusion-gallery-column fusion-gallery-column-2 hover-type-none\"><div class=\"fusion-gallery-image\"><a href=\"https:\/\/osb.org\/wp-content\/uploads\/2026\/03\/Mass-for-Peace2.jpg\" rel=\"noreferrer\" data-rel=\"iLightbox[gallery_image_1]\" class=\"fusion-lightbox\" target=\"_self\"><img decoding=\"async\" src=\"https:\/\/osb.org\/wp-content\/uploads\/2026\/03\/Mass-for-Peace2.jpg\" data-orig-src=\"https:\/\/osb.org\/wp-content\/uploads\/2026\/03\/Mass-for-Peace2.jpg\" width=\"1920\" height=\"1079\" alt=\"\" title=\"Mass for Peace(2)\" aria-label=\"Mass for Peace(2)\" class=\"lazyload img-responsive wp-image-17079\" srcset=\"data:image\/svg+xml,%3Csvg%20xmlns%3D%27http%3A%2F%2Fwww.w3.org%2F2000%2Fsvg%27%20width%3D%271920%27%20height%3D%271079%27%20viewBox%3D%270%200%201920%201079%27%3E%3Crect%20width%3D%271920%27%20height%3D%271079%27%20fill-opacity%3D%220%22%2F%3E%3C%2Fsvg%3E\" data-srcset=\"https:\/\/osb.org\/wp-content\/uploads\/2026\/03\/Mass-for-Peace2-200x112.jpg 200w, https:\/\/osb.org\/wp-content\/uploads\/2026\/03\/Mass-for-Peace2-400x225.jpg 400w, https:\/\/osb.org\/wp-content\/uploads\/2026\/03\/Mass-for-Peace2-600x337.jpg 600w, https:\/\/osb.org\/wp-content\/uploads\/2026\/03\/Mass-for-Peace2-800x450.jpg 800w, https:\/\/osb.org\/wp-content\/uploads\/2026\/03\/Mass-for-Peace2-1200x674.jpg 1200w, https:\/\/osb.org\/wp-content\/uploads\/2026\/03\/Mass-for-Peace2.jpg 1920w\" data-sizes=\"auto\" data-orig-sizes=\"(min-width: 2200px) 100vw, (min-width: 712px) 548px, (min-width: 640px) 712px, \" \/><\/a><\/div><\/div><div style=\"padding:5px;\" class=\"fusion-grid-column fusion-gallery-column fusion-gallery-column-2 hover-type-none\"><div class=\"fusion-gallery-image\"><a href=\"https:\/\/osb.org\/wp-content\/uploads\/2026\/03\/Mass-for-Peace3.jpg\" rel=\"noreferrer\" data-rel=\"iLightbox[gallery_image_1]\" class=\"fusion-lightbox\" target=\"_self\"><img decoding=\"async\" src=\"https:\/\/osb.org\/wp-content\/uploads\/2026\/03\/Mass-for-Peace3.jpg\" data-orig-src=\"https:\/\/osb.org\/wp-content\/uploads\/2026\/03\/Mass-for-Peace3.jpg\" width=\"1920\" height=\"1079\" alt=\"\" title=\"Mass for Peace(3)\" aria-label=\"Mass for Peace(3)\" class=\"lazyload img-responsive wp-image-17080\" srcset=\"data:image\/svg+xml,%3Csvg%20xmlns%3D%27http%3A%2F%2Fwww.w3.org%2F2000%2Fsvg%27%20width%3D%271920%27%20height%3D%271079%27%20viewBox%3D%270%200%201920%201079%27%3E%3Crect%20width%3D%271920%27%20height%3D%271079%27%20fill-opacity%3D%220%22%2F%3E%3C%2Fsvg%3E\" data-srcset=\"https:\/\/osb.org\/wp-content\/uploads\/2026\/03\/Mass-for-Peace3-200x112.jpg 200w, https:\/\/osb.org\/wp-content\/uploads\/2026\/03\/Mass-for-Peace3-400x225.jpg 400w, https:\/\/osb.org\/wp-content\/uploads\/2026\/03\/Mass-for-Peace3-600x337.jpg 600w, https:\/\/osb.org\/wp-content\/uploads\/2026\/03\/Mass-for-Peace3-800x450.jpg 800w, https:\/\/osb.org\/wp-content\/uploads\/2026\/03\/Mass-for-Peace3-1200x674.jpg 1200w, https:\/\/osb.org\/wp-content\/uploads\/2026\/03\/Mass-for-Peace3.jpg 1920w\" data-sizes=\"auto\" data-orig-sizes=\"(min-width: 2200px) 100vw, (min-width: 712px) 548px, (min-width: 640px) 712px, \" \/><\/a><\/div><\/div><div class=\"clearfix\"><\/div><div style=\"padding:5px;\" class=\"fusion-grid-column fusion-gallery-column fusion-gallery-column-2 hover-type-none\"><div class=\"fusion-gallery-image\"><a href=\"https:\/\/osb.org\/wp-content\/uploads\/2026\/03\/Minor-Basilika-Our-Lady-of-Arabia-Kuwait1.jpg\" rel=\"noreferrer\" data-rel=\"iLightbox[gallery_image_1]\" class=\"fusion-lightbox\" target=\"_self\"><img decoding=\"async\" src=\"https:\/\/osb.org\/wp-content\/uploads\/2026\/03\/Minor-Basilika-Our-Lady-of-Arabia-Kuwait1.jpg\" data-orig-src=\"https:\/\/osb.org\/wp-content\/uploads\/2026\/03\/Minor-Basilika-Our-Lady-of-Arabia-Kuwait1.jpg\" width=\"1920\" height=\"1080\" alt=\"\" title=\"Minor Basilika Our Lady of Arabia Kuwait(1)\" aria-label=\"Minor Basilika Our Lady of Arabia Kuwait(1)\" class=\"lazyload img-responsive wp-image-17081\" srcset=\"data:image\/svg+xml,%3Csvg%20xmlns%3D%27http%3A%2F%2Fwww.w3.org%2F2000%2Fsvg%27%20width%3D%271920%27%20height%3D%271080%27%20viewBox%3D%270%200%201920%201080%27%3E%3Crect%20width%3D%271920%27%20height%3D%271080%27%20fill-opacity%3D%220%22%2F%3E%3C%2Fsvg%3E\" data-srcset=\"https:\/\/osb.org\/wp-content\/uploads\/2026\/03\/Minor-Basilika-Our-Lady-of-Arabia-Kuwait1-200x113.jpg 200w, https:\/\/osb.org\/wp-content\/uploads\/2026\/03\/Minor-Basilika-Our-Lady-of-Arabia-Kuwait1-400x225.jpg 400w, https:\/\/osb.org\/wp-content\/uploads\/2026\/03\/Minor-Basilika-Our-Lady-of-Arabia-Kuwait1-600x338.jpg 600w, https:\/\/osb.org\/wp-content\/uploads\/2026\/03\/Minor-Basilika-Our-Lady-of-Arabia-Kuwait1-800x450.jpg 800w, https:\/\/osb.org\/wp-content\/uploads\/2026\/03\/Minor-Basilika-Our-Lady-of-Arabia-Kuwait1-1200x675.jpg 1200w, https:\/\/osb.org\/wp-content\/uploads\/2026\/03\/Minor-Basilika-Our-Lady-of-Arabia-Kuwait1.jpg 1920w\" data-sizes=\"auto\" data-orig-sizes=\"(min-width: 2200px) 100vw, (min-width: 712px) 548px, (min-width: 640px) 712px, \" \/><\/a><\/div><\/div><div style=\"padding:5px;\" class=\"fusion-grid-column fusion-gallery-column fusion-gallery-column-2 hover-type-none\"><div class=\"fusion-gallery-image\"><a href=\"https:\/\/osb.org\/wp-content\/uploads\/2026\/03\/Mass-for-Peace.jpg\" rel=\"noreferrer\" data-rel=\"iLightbox[gallery_image_1]\" class=\"fusion-lightbox\" target=\"_self\"><img decoding=\"async\" src=\"https:\/\/osb.org\/wp-content\/uploads\/2026\/03\/Mass-for-Peace.jpg\" data-orig-src=\"https:\/\/osb.org\/wp-content\/uploads\/2026\/03\/Mass-for-Peace.jpg\" width=\"1280\" height=\"1920\" alt=\"\" title=\"Mass for Peace\" aria-label=\"Mass for Peace\" class=\"lazyload img-responsive wp-image-17082\" srcset=\"data:image\/svg+xml,%3Csvg%20xmlns%3D%27http%3A%2F%2Fwww.w3.org%2F2000%2Fsvg%27%20width%3D%271280%27%20height%3D%271920%27%20viewBox%3D%270%200%201280%201920%27%3E%3Crect%20width%3D%271280%27%20height%3D%271920%27%20fill-opacity%3D%220%22%2F%3E%3C%2Fsvg%3E\" data-srcset=\"https:\/\/osb.org\/wp-content\/uploads\/2026\/03\/Mass-for-Peace-200x300.jpg 200w, https:\/\/osb.org\/wp-content\/uploads\/2026\/03\/Mass-for-Peace-400x600.jpg 400w, https:\/\/osb.org\/wp-content\/uploads\/2026\/03\/Mass-for-Peace-600x900.jpg 600w, https:\/\/osb.org\/wp-content\/uploads\/2026\/03\/Mass-for-Peace-800x1200.jpg 800w, https:\/\/osb.org\/wp-content\/uploads\/2026\/03\/Mass-for-Peace-1200x1800.jpg 1200w, https:\/\/osb.org\/wp-content\/uploads\/2026\/03\/Mass-for-Peace.jpg 1280w\" data-sizes=\"auto\" data-orig-sizes=\"(min-width: 2200px) 100vw, (min-width: 712px) 548px, (min-width: 640px) 712px, \" \/><\/a><\/div><\/div><div class=\"clearfix\"><\/div><\/div><\/div><\/div><\/div><div class=\"fusion-layout-column fusion_builder_column fusion-builder-column-4 fusion_builder_column_1_2 1_2 fusion-flex-column\" style=\"--awb-bg-blend:overlay;--awb-bg-size:cover;--awb-width-large:50%;--awb-margin-top-large:0px;--awb-spacing-right-large:30px;--awb-margin-bottom-large:20px;--awb-spacing-left-large:30px;--awb-width-medium:75%;--awb-order-medium:0;--awb-spacing-right-medium:30px;--awb-spacing-left-medium:30px;--awb-width-small:100%;--awb-order-small:0;--awb-spacing-right-small:30px;--awb-spacing-left-small:30px;\"><div class=\"fusion-column-wrapper fusion-flex-justify-content-flex-start fusion-content-layout-column\"><div class=\"fusion-builder-row fusion-builder-row-inner fusion-row fusion-flex-align-items-flex-start fusion-flex-justify-content-center fusion-flex-content-wrap\" style=\"--awb-flex-grow:0;--awb-flex-grow-medium:0;--awb-flex-grow-small:0;--awb-flex-shrink:0;--awb-flex-shrink-medium:0;--awb-flex-shrink-small:0;width:calc( 100% + 60px ) !important;max-width:calc( 100% + 60px ) !important;margin-left: calc(-60px \/ 2 );margin-right: calc(-60px \/ 2 );\"><div class=\"fusion-layout-column fusion_builder_column_inner fusion-builder-nested-column-0 fusion_builder_column_inner_1_2 1_2 fusion-flex-column fusion-flex-align-self-center\" style=\"--awb-bg-size:cover;--awb-width-large:50%;--awb-margin-top-large:0px;--awb-spacing-right-large:30px;--awb-margin-bottom-large:0px;--awb-spacing-left-large:30px;--awb-width-medium:50%;--awb-order-medium:0;--awb-spacing-right-medium:30px;--awb-spacing-left-medium:30px;--awb-width-small:100%;--awb-order-small:1;--awb-spacing-right-small:30px;--awb-margin-bottom-small:20px;--awb-spacing-left-small:30px;\"><div class=\"fusion-column-wrapper fusion-column-has-shadow fusion-flex-justify-content-center fusion-content-layout-column\"><div class=\"fusion-text fusion-text-3 fusion-text-no-margin\" style=\"--awb-font-size:var(--awb-typography5-font-size);--awb-line-height:var(--awb-typography5-line-height);--awb-letter-spacing:var(--awb-typography5-letter-spacing);--awb-text-transform:var(--awb-typography5-text-transform);--awb-text-color:var(--awb-custom11);--awb-margin-top:0px;--awb-margin-right:0px;--awb-margin-bottom:0px;--awb-margin-left:0px;--awb-text-font-family:var(--awb-typography5-font-family);--awb-text-font-weight:var(--awb-typography5-font-weight);--awb-text-font-style:var(--awb-typography5-font-style);\"><p>7 Marzo 2026<\/p>\n<\/div><\/div><\/div><div class=\"fusion-layout-column fusion_builder_column_inner fusion-builder-nested-column-1 fusion_builder_column_inner_1_2 1_2 fusion-flex-column fusion-flex-align-self-center\" style=\"--awb-bg-size:cover;--awb-width-large:50%;--awb-margin-top-large:0px;--awb-spacing-right-large:30px;--awb-margin-bottom-large:0px;--awb-spacing-left-large:30px;--awb-width-medium:50%;--awb-order-medium:0;--awb-spacing-right-medium:30px;--awb-spacing-left-medium:30px;--awb-width-small:100%;--awb-order-small:0;--awb-margin-top-small:0px;--awb-spacing-right-small:30px;--awb-spacing-left-small:30px;\"><div class=\"fusion-column-wrapper fusion-column-has-shadow fusion-flex-justify-content-center fusion-content-layout-column\"><div class=\"fusion-sharing-box fusion-sharing-box-1 boxed-icons\" style=\"background-color:var(--awb-color1);border-color:var(--awb-color1);--awb-margin-top:0px;--awb-margin-right:0px;--awb-margin-bottom:0px;--awb-margin-left:0px;--awb-wrapper-padding-top:0px;--awb-wrapper-padding-right:0px;--awb-wrapper-padding-bottom:0px;--awb-wrapper-padding-left:0px;--awb-padding-top:0px;--awb-padding-right:0px;--awb-padding-bottom:0px;--awb-padding-left:0px;--awb-border-top:0px;--awb-border-right:0px;--awb-border-bottom:0px;--awb-border-left:0px;--awb-icon-size:12px;--awb-separator-border-color:#cccccc;--awb-separator-border-sizes:0px;--awb-stacked-align:flex-end;--awb-layout:row;--awb-alignment-small:flex-end;--awb-stacked-align-small:center;\" data-title=\"Una liturgia all\u2019insegna della diversit\u00e0\u2026 e della guerra: un resoconto dal Kuwait\" data-description=\"Il tuo contenuto va qui  Il tuo contenuto va qui            \r\n\r\nP. Stefan Geiger OSB \r\nPreside\r\nPontificio Istituto Liturgico\r\nAteneo Sant&#039;Anselmo\r\n\r\nQualche tempo fa, Mons. Aldo Berardi, Vicario Apostolico dell&#039;Arabia Settentrionale, ha richiesto al Pontificio\" data-link=\"https:\/\/osb.org\/it\/2026\/03\/07\/liturgia-nel-segno-della-diversita-e-della-guerra-un-rapporto-dal-kuwait\/\"><div class=\"fusion-social-networks sharingbox-shortcode-icon-wrapper sharingbox-shortcode-icon-wrapper-1 boxed-icons\"><span><a href=\"https:\/\/www.facebook.com\/sharer.php?u=https%3A%2F%2Fosb.org%2Fit%2F2026%2F03%2F07%2Fliturgia-nel-segno-della-diversita-e-della-guerra-un-rapporto-dal-kuwait%2F&amp;t=Una%20liturgia%20all%E2%80%99insegna%20della%20diversit%C3%A0%E2%80%A6%20e%20della%20guerra%3A%20un%20resoconto%20dal%20Kuwait\" target=\"_blank\" rel=\"noreferrer\" title=\"Facebook\" aria-label=\"Facebook\"><i class=\"fusion-social-network-icon fusion-tooltip fusion-facebook awb-icon-facebook\" style=\"color:var(--awb-custom11);background-color:#e8e8e8;border-color:#e8e8e8;border-radius:50%;\" aria-hidden=\"true\"><\/i><\/a><\/span><span><a href=\"https:\/\/x.com\/intent\/post?text=Una%20liturgia%20all%E2%80%99insegna%20della%20diversit%C3%A0%E2%80%A6%20e%20della%20guerra%3A%20un%20resoconto%20dal%20Kuwait&amp;url=https%3A%2F%2Fosb.org%2Fit%2F2026%2F03%2F07%2Fliturgia-nel-segno-della-diversita-e-della-guerra-un-rapporto-dal-kuwait%2F\" target=\"_blank\" rel=\"noopener noreferrer\" title=\"X\" aria-label=\"X\"><i class=\"fusion-social-network-icon fusion-tooltip fusion-twitter awb-icon-twitter\" style=\"color:var(--awb-custom11);background-color:#e8e8e8;border-color:#e8e8e8;border-radius:50%;\" aria-hidden=\"true\"><\/i><\/a><\/span><span><a href=\"https:\/\/api.whatsapp.com\/send?text=https%3A%2F%2Fosb.org%2Fit%2F2026%2F03%2F07%2Fliturgia-nel-segno-della-diversita-e-della-guerra-un-rapporto-dal-kuwait%2F\" target=\"_blank\" rel=\"noopener noreferrer\" title=\"WhatsApp\" aria-label=\"WhatsApp\"><i class=\"fusion-social-network-icon fusion-tooltip fusion-whatsapp awb-icon-whatsapp\" style=\"color:var(--awb-custom11);background-color:#e8e8e8;border-color:#e8e8e8;border-radius:50%;\" aria-hidden=\"true\"><\/i><\/a><\/span><span><a href=\"mailto:?subject=Una%20liturgia%20all%E2%80%99insegna%20della%20diversit%C3%A0%E2%80%A6%20e%20della%20guerra%3A%20un%20resoconto%20dal%20Kuwait&amp;body=https%3A%2F%2Fosb.org%2Fit%2F2026%2F03%2F07%2Fliturgia-nel-segno-della-diversita-e-della-guerra-un-rapporto-dal-kuwait%2F\" target=\"_self\" title=\"Email\" aria-label=\"Email\"><i class=\"fusion-social-network-icon fusion-tooltip fusion-mail awb-icon-mail\" style=\"color:var(--awb-custom11);background-color:#e8e8e8;border-color:#e8e8e8;border-radius:50%;\" aria-hidden=\"true\"><\/i><\/a><\/span><\/div><\/div><\/div><\/div><\/div><div class=\"fusion-text fusion-text-4\" style=\"--awb-margin-top:10px;\"><p><em>P. Stefan Geiger OSB <\/em><br \/>\n<em>Preside<\/em><br \/>\n<em>Pontificio Istituto Liturgico<\/em><br \/>\n<em>Ateneo Sant'Anselmo<\/em><\/p>\n<p>Qualche tempo fa, Mons. Aldo Berardi, Vicario Apostolico dell'Arabia Settentrionale, ha richiesto al Pontificio Istituto Liturgico un corso di formazione continua per il suo clero. Ora siamo arrivati \u2014 e, per il momento, non possiamo pi\u00f9 ripartire. Insieme al nostro Foresterario, P. Benoit Alloggia OSB, mi sono recato in Kuwait per questo corso; erano previsti altri tre giorni in Bahrain. Tuttavia, sabato, mentre eravamo gi\u00e0 in aereo e rullavamo verso la pista, sono iniziati i primi attacchi. Da allora, lo spazio aereo \u00e8 rimasto chiuso.     <\/p>\n<p>Il Vicariato Apostolico dell'Arabia Settentrionale (<em>Vicariatus Apostolicus Arabiae Septentrionalis<\/em>) comprende gli stati arabi di Kuwait, Bahrain, Qatar e Arabia Saudita. Secondo i propri dati, assiste circa 2,2 milioni di cattolici \u2014 quasi esclusivamente espatriati da tutto il mondo. Circa l'80% dei fedeli appartiene al rito latino, mentre anche le Chiese orientali sono particolarmente visibili, soprattutto attraverso le loro liturgie: siro-malabarese, maronita, caldea e altre tradizioni orientali. In Arabia Saudita \u00e8 vietata ogni pratica pubblica della fede; l\u00ec non esistono n\u00e9 chiese n\u00e9 parrocchie.   <\/p>\n<p>L'intera regione del Golfo \u00e8 stata trascinata in un conflitto che non \u00e8 il suo. Gli allarmi missilistici fanno ormai parte della vita quotidiana; la difesa militare funziona bene ed efficientemente. Eppure l'atmosfera \u00e8 caratterizzata meno dalla retorica bellica che da un'ansia latente e silenziosa: quanto durer\u00e0? Fino a dove si estender\u00e0? Eppure \u2014 la Chiesa \u00e8 viva. Questa \u00e8 forse l'impressione pi\u00f9 commovente di questi giorni. Siamo stati accolti calorosamente nella parrocchia della Concattedrale della Sacra Famiglia a Kuwait City; non ci manca nulla.      <\/p>\n<p>Il corso stesso \u00e8 stato teologicamente denso e vivace. Al suo centro c'era una domanda che qui \u00e8 tutt'altro che accademica: come celebri la Liturgia con una comunit\u00e0 che \u00e8 cresciuta insieme partendo da cos\u00ec tante culture e riti? Come celebri la Liturgia in un contesto che non \u00e8 il tuo? I fedeli sono lavoratori migranti provenienti da India, Filippine, Egitto e Libano \u2014 persone che spesso vivono qui solo temporaneamente eppure formano una comunit\u00e0 straordinariamente vivace. Il clero, prevalentemente sacerdoti missionari provenienti da India e Filippine, rappresenta vari riti e sa cosa c'\u00e8 in gioco: per queste persone, il rito e la piet\u00e0 non sono semplici abitudini devote, ma una casa. I filippini portano le loro varie forme di piet\u00e0 popolare; gli indiani si tolgono le scarpe prima di offrire le loro preghiere alla grotta di Lourdes nell'atrio della Concattedrale. Preservare queste forme della terra d'origine e allo stesso tempo integrarle in una celebrazione comune \u00e8 il vero compito liturgico-pastorale al quale Mons. Berardi e il suo clero si dedicano con grande seriet\u00e0.      <\/p>\n<p>Che questo non sia scontato lo dimostra con particolare chiarezza la situazione di questi giorni. A causa del conflitto, le assemblee pubbliche sono state vietate, anche se dopo alcuni giorni \u00e8 stato permesso alla chiesa di rimanere aperta per la preghiera personale. Le Messe di questo fine settimana \u2014 essendo il venerd\u00ec il giorno festivo islamico e quindi il giorno della liturgia domenicale \u2014 si svolgono in streaming. Anche noi siamo coinvolti nelle attivit\u00e0 pastorali, sia nella celebrazione della Messa che nell'ascolto delle confessioni. Sono rimasto particolarmente colpito dal lavoro dei Salesiani in un quartiere di Kuwait City dove risiedono principalmente espatriati. L\u00ec gestiscono una parrocchia che non \u00e8 stata ufficialmente autorizzata, ma \u00e8 tollerata. Il venerd\u00ec prima dell'attacco abbiamo potuto vivere una mattina normale, in cui solitamente tra gli 800 e i 1.000 bambini arrivano per primi per le lezioni di catechismo. Queste si tengono in molte aule, divise per fasce d'et\u00e0, dagli studenti delle elementari fino ai giovani in preparazione al sacramento della Cresima. Un gran numero di catechisti si dedica con impegno e competenza alla trasmissione della fede. La conclusione \u00e8 la celebrazione eucaristica comunitaria \u2014 una festa della fede dove diventa visibile che la presenza di Dio rafforza e crea identit\u00e0. \u00c8 un vivace andirivieni colorato che travolge al primo sguardo, ma uno sguardo pi\u00f9 attento rivela una cosa: che la fede qui \u00e8 pi\u00f9 del folklore. Essa sostiene. Crea comunit\u00e0, proprio dove tu sei uno straniero.            <\/p>\n<p>Come Benedettini, parliamo spesso di ospitalit\u00e0 \u2014 essa appartiene alle pietre angolari della spiritualit\u00e0 benedettina, come espresso ne <em>La Regola di San Benedetto<\/em>. Qui in Kuwait la stiamo sperimentando davvero, e forse proprio qui diventa chiaro perch\u00e9 l'ospitalit\u00e0 fosse cos\u00ec importante per San Benedetto, quasi come essenza dell'esistenza cristiana. Benedetto ci chiede di accogliere Cristo in ogni ospite \u2014 e cos\u00ec la presenza di Dio diventa una realt\u00e0 concreta tra noi. Dalla comunit\u00e0 di sacerdoti nella parrocchia della Concattedrale che ci ha accolti, fino ai cristiani che incontriamo in questi giorni: persone che sono esse stesse in una situazione incerta eppure danno ci\u00f2 che hanno. In Kuwait, sto sperimentando come una chiesa di stranieri \u2014 <em>ecclesia peregrinans<\/em> nel senso letterale \u2014 viva esattamente questo spirito: radicata nella preghiera, ospitale e straordinariamente colma di speranza.    <\/p>\n<\/div><div style=\"text-align:center;\"><a class=\"fusion-button button-flat fusion-button-default-size button-custom fusion-button-default button-1 fusion-button-span-yes fusion-button-default-type\" style=\"--awb-margin-top:10px;--button_accent_color:#ffffff;--button_accent_hover_color:#ffffff;--button_border_hover_color:#ffffff;--button_gradient_top_color:#1f7aa7;--button_gradient_bottom_color:#1f7aa7;--button_gradient_top_color_hover:#72cee0;--button_gradient_bottom_color_hover:#72cee0;\" target=\"_blank\" rel=\"noopener noreferrer\" href=\"https:\/\/www.avona.org\/about-the-vicariate\/\"><span class=\"fusion-button-text awb-button__text awb-button__text--default\">Sito web del Vicariato Apostolico dell'Arabia Settentrionale |EN|<\/span><\/a><\/div><div style=\"text-align:center;\"><a class=\"fusion-button button-flat fusion-button-default-size button-custom fusion-button-default button-2 fusion-button-span-yes fusion-button-default-type\" style=\"--awb-margin-top:10px;--button_accent_color:#ffffff;--button_accent_hover_color:#ffffff;--button_border_hover_color:#ffffff;--button_gradient_top_color:#1f7aa7;--button_gradient_bottom_color:#1f7aa7;--button_gradient_top_color_hover:#72cee0;--button_gradient_bottom_color_hover:#72cee0;\" target=\"_blank\" rel=\"noopener noreferrer\" href=\"https:\/\/en.wikipedia.org\/wiki\/Apostolic_Vicariate_of_Northern_Arabia\"><span class=\"fusion-button-text awb-button__text awb-button__text--default\">Wikipedia del Vicariato Apostolico dell'Arabia Settentrionale |EN|IT|FR|DE|PT|ES|<\/span><\/a><\/div><div style=\"text-align:center;\"><a class=\"fusion-button button-flat fusion-button-default-size button-custom fusion-button-default button-3 fusion-button-span-yes fusion-button-default-type\" style=\"--awb-margin-top:10px;--button_accent_color:#ffffff;--button_accent_hover_color:#ffffff;--button_border_hover_color:#ffffff;--button_gradient_top_color:#1f7aa7;--button_gradient_bottom_color:#1f7aa7;--button_gradient_top_color_hover:#72cee0;--button_gradient_bottom_color_hover:#72cee0;\" target=\"_blank\" rel=\"noopener noreferrer\" href=\"https:\/\/www.anselmianum.com\/it\/offerta-accademica\/pontificio-istituto-liturgico\"><span class=\"fusion-button-text awb-button__text awb-button__text--default\">Pagina web del Pontificio Istituto Liturgico |IT|<\/span><\/a><\/div><\/div><\/div><\/div><\/div><\/p>\n","protected":false},"excerpt":{"rendered":"<p>Su richiesta di Mons. Aldo Berardi, P. Stefan Geiger OSB e P. Benoit Alloggia OSB si sono recati in Kuwait per guidare un corso di formazione per il clero. Bloccati dall&#8217;improvviso scoppio della guerra, sono tornati a Roma il 12 marzo 2026, via Riad, Arabia Saudita.   <\/p>\n","protected":false},"author":1,"featured_media":17083,"comment_status":"closed","ping_status":"closed","sticky":false,"template":"","format":"standard","meta":{"footnotes":""},"categories":[180,189],"tags":[399,217],"class_list":["post-17084","post","type-post","status-publish","format-standard","has-post-thumbnail","hentry","category-nexus-it","category-notizie-it","tag-nexus-aprile-2026-it","tag-nexus-santanselmo-it"],"cc_featured_image_caption":{"caption_text":false,"source_text":false,"source_url":false},"_links":{"self":[{"href":"https:\/\/osb.org\/it\/wp-json\/wp\/v2\/posts\/17084","targetHints":{"allow":["GET"]}}],"collection":[{"href":"https:\/\/osb.org\/it\/wp-json\/wp\/v2\/posts"}],"about":[{"href":"https:\/\/osb.org\/it\/wp-json\/wp\/v2\/types\/post"}],"author":[{"embeddable":true,"href":"https:\/\/osb.org\/it\/wp-json\/wp\/v2\/users\/1"}],"replies":[{"embeddable":true,"href":"https:\/\/osb.org\/it\/wp-json\/wp\/v2\/comments?post=17084"}],"version-history":[{"count":0,"href":"https:\/\/osb.org\/it\/wp-json\/wp\/v2\/posts\/17084\/revisions"}],"wp:featuredmedia":[{"embeddable":true,"href":"https:\/\/osb.org\/it\/wp-json\/wp\/v2\/media\/17083"}],"wp:attachment":[{"href":"https:\/\/osb.org\/it\/wp-json\/wp\/v2\/media?parent=17084"}],"wp:term":[{"taxonomy":"category","embeddable":true,"href":"https:\/\/osb.org\/it\/wp-json\/wp\/v2\/categories?post=17084"},{"taxonomy":"post_tag","embeddable":true,"href":"https:\/\/osb.org\/it\/wp-json\/wp\/v2\/tags?post=17084"}],"curies":[{"name":"wp","href":"https:\/\/api.w.org\/{rel}","templated":true}]}}