{"id":16968,"date":"2026-02-21T11:45:53","date_gmt":"2026-02-21T10:45:53","guid":{"rendered":"https:\/\/osb.org\/2026\/02\/21\/eventi-elezioni-e-nomine-gennaio-febbraio-2026\/"},"modified":"2026-02-23T09:56:09","modified_gmt":"2026-02-23T08:56:09","slug":"eventi-elezioni-e-nomine-gennaio-febbraio-2026","status":"publish","type":"post","link":"https:\/\/osb.org\/it\/2026\/02\/21\/eventi-elezioni-e-nomine-gennaio-febbraio-2026\/","title":{"rendered":"Eventi, Elezioni e Nomine | Gennaio-Febbraio 2026"},"content":{"rendered":"<p><div class=\"fusion-fullwidth fullwidth-box fusion-builder-row-1 fusion-flex-container has-pattern-background has-mask-background hundred-percent-fullwidth non-hundred-percent-height-scrolling\" style=\"--awb-border-sizes-bottom:1px;--awb-border-color:var(--awb-custom11);--awb-border-radius-top-left:0px;--awb-border-radius-top-right:0px;--awb-border-radius-bottom-right:0px;--awb-border-radius-bottom-left:0px;--awb-padding-right:60px;--awb-padding-bottom:20px;--awb-padding-left:60px;--awb-padding-right-small:30px;--awb-padding-left-small:30px;--awb-margin-top-medium:1px;--awb-margin-top-small:0px;--awb-flex-wrap:wrap;\" ><div class=\"fusion-builder-row fusion-row fusion-flex-align-items-center fusion-flex-justify-content-flex-end fusion-flex-content-wrap\" style=\"width:calc( 100% + 60px ) !important;max-width:calc( 100% + 60px ) !important;margin-left: calc(-60px \/ 2 );margin-right: calc(-60px \/ 2 );\"><div class=\"fusion-layout-column fusion_builder_column fusion-builder-column-0 fusion_builder_column_1_2 1_2 fusion-flex-column\" style=\"--awb-padding-right:60px;--awb-padding-left:60px;--awb-padding-right-small:0px;--awb-padding-left-small:0px;--awb-bg-size:cover;--awb-width-large:50%;--awb-margin-top-large:0px;--awb-spacing-right-large:30px;--awb-margin-bottom-large:20px;--awb-spacing-left-large:30px;--awb-width-medium:100%;--awb-order-medium:0;--awb-margin-top-medium:20px;--awb-spacing-right-medium:30px;--awb-margin-bottom-medium:0px;--awb-spacing-left-medium:30px;--awb-width-small:100%;--awb-order-small:0;--awb-spacing-right-small:30px;--awb-spacing-left-small:30px;\"><div class=\"fusion-column-wrapper fusion-column-has-shadow fusion-flex-justify-content-flex-start fusion-content-layout-column\"><div class=\"fusion-title title fusion-title-1 fusion-sep-none fusion-title-text fusion-title-size-one\" style=\"--awb-text-color:var(--awb-custom13);--awb-margin-top-small:0px;--awb-margin-right-small:0px;--awb-margin-bottom-small:20px;--awb-margin-left-small:0px;--awb-font-size:40px;\"><h1 class=\"fusion-title-heading title-heading-left md-text-align-center fusion-responsive-typography-calculated\" style=\"font-family:var(--awb-typography1-font-family);font-weight:var(--awb-typography1-font-weight);font-style:var(--awb-typography1-font-style);margin:0;letter-spacing:var(--awb-typography1-letter-spacing);text-transform:var(--awb-typography1-text-transform);font-size:1em;--fontSize:40;line-height:var(--awb-typography1-line-height);\">Eventi, Elezioni e Nomine | Gennaio-Febbraio 2026<\/h1><\/div><div class=\"fusion-text fusion-text-1 fusion-no-small-visibility fusion-no-medium-visibility\" style=\"--awb-font-size:var(--awb-typography3-font-size);--awb-line-height:var(--awb-typography3-line-height);--awb-letter-spacing:var(--awb-typography3-letter-spacing);--awb-text-transform:var(--awb-typography3-text-transform);--awb-text-color:var(--awb-custom12);--awb-text-font-family:var(--awb-typography3-font-family);--awb-text-font-weight:var(--awb-typography3-font-weight);--awb-text-font-style:var(--awb-typography3-font-style);\"><p>Una panoramica dei recenti eventi e cambiamenti di personale nella nostra famiglia benedettina.<\/p>\n<\/div><\/div><\/div><div class=\"fusion-layout-column fusion_builder_column fusion-builder-column-1 fusion_builder_column_1_2 1_2 fusion-flex-column\" style=\"--awb-bg-size:cover;--awb-width-large:50%;--awb-margin-top-large:0px;--awb-spacing-right-large:30px;--awb-margin-bottom-large:0px;--awb-spacing-left-large:30px;--awb-width-medium:100%;--awb-order-medium:0;--awb-spacing-right-medium:30px;--awb-spacing-left-medium:30px;--awb-width-small:100%;--awb-order-small:0;--awb-spacing-right-small:30px;--awb-spacing-left-small:30px;\"><div class=\"fusion-column-wrapper fusion-column-has-shadow fusion-flex-justify-content-flex-start fusion-content-layout-column\"><div class=\"fusion-image-element \" style=\"--awb-caption-title-font-family:var(--h2_typography-font-family);--awb-caption-title-font-weight:var(--h2_typography-font-weight);--awb-caption-title-font-style:var(--h2_typography-font-style);--awb-caption-title-size:var(--h2_typography-font-size);--awb-caption-title-transform:var(--h2_typography-text-transform);--awb-caption-title-line-height:var(--h2_typography-line-height);--awb-caption-title-letter-spacing:var(--h2_typography-letter-spacing);\"><span class=\" fusion-imageframe imageframe-none imageframe-1 hover-type-none\" style=\"border:1px solid var(--awb-custom10);\"><a href=\"https:\/\/osb.org\/wp-content\/uploads\/2026\/02\/DSC_2881.jpg\" class=\"fusion-lightbox\" data-rel=\"iLightbox[109a2d828f95fa2ae96]\" data-title=\"DSC_2881\" title=\"DSC_2881\"><img decoding=\"async\" width=\"1920\" height=\"1080\" src=\"https:\/\/osb.org\/wp-content\/uploads\/2026\/02\/DSC_2881.jpg\" data-orig-src=\"https:\/\/osb.org\/wp-content\/uploads\/2026\/02\/DSC_2881.jpg\" alt class=\"lazyload img-responsive wp-image-16967\" srcset=\"data:image\/svg+xml,%3Csvg%20xmlns%3D%27http%3A%2F%2Fwww.w3.org%2F2000%2Fsvg%27%20width%3D%271920%27%20height%3D%271080%27%20viewBox%3D%270%200%201920%201080%27%3E%3Crect%20width%3D%271920%27%20height%3D%271080%27%20fill-opacity%3D%220%22%2F%3E%3C%2Fsvg%3E\" data-srcset=\"https:\/\/osb.org\/wp-content\/uploads\/2026\/02\/DSC_2881-200x113.jpg 200w, https:\/\/osb.org\/wp-content\/uploads\/2026\/02\/DSC_2881-400x225.jpg 400w, https:\/\/osb.org\/wp-content\/uploads\/2026\/02\/DSC_2881-600x338.jpg 600w, https:\/\/osb.org\/wp-content\/uploads\/2026\/02\/DSC_2881-800x450.jpg 800w, https:\/\/osb.org\/wp-content\/uploads\/2026\/02\/DSC_2881-1200x675.jpg 1200w, https:\/\/osb.org\/wp-content\/uploads\/2026\/02\/DSC_2881.jpg 1920w\" data-sizes=\"auto\" data-orig-sizes=\"(max-width: 1024px) 100vw, (max-width: 640px) 100vw, 600px\" \/><\/a><\/span><\/div><div class=\"fusion-text fusion-text-2 fusion-text-no-margin\" style=\"--awb-font-size:var(--awb-typography5-font-size);--awb-line-height:var(--awb-typography5-line-height);--awb-letter-spacing:var(--awb-typography5-letter-spacing);--awb-text-transform:var(--awb-typography5-text-transform);--awb-text-color:var(--awb-custom11);--awb-margin-top:12px;--awb-margin-bottom:12px;--awb-text-font-family:var(--awb-typography5-font-family);--awb-text-font-weight:var(--awb-typography5-font-weight);--awb-text-font-style:var(--awb-typography5-font-style);\"><\/div><\/div><\/div><div class=\"fusion-layout-column fusion_builder_column fusion-builder-column-2 fusion_builder_column_1_2 1_2 fusion-flex-column\" style=\"--awb-bg-size:cover;--awb-width-large:50%;--awb-margin-top-large:0px;--awb-spacing-right-large:30px;--awb-margin-bottom-large:0px;--awb-spacing-left-large:30px;--awb-width-medium:100%;--awb-order-medium:0;--awb-spacing-right-medium:30px;--awb-spacing-left-medium:30px;--awb-width-small:100%;--awb-order-small:0;--awb-spacing-right-small:30px;--awb-spacing-left-small:30px;\"><div class=\"fusion-column-wrapper fusion-column-has-shadow fusion-flex-justify-content-flex-start fusion-content-layout-column\"><div class=\"fusion-separator fusion-full-width-sep\" style=\"align-self: center;margin-left: auto;margin-right: auto;width:100%;\"><div class=\"fusion-separator-border sep-single sep-solid\" style=\"--awb-height:20px;--awb-amount:20px;--awb-sep-color:var(--awb-color4);border-color:var(--awb-color4);border-top-width:3px;\"><\/div><\/div><\/div><\/div><\/div><\/div><div class=\"fusion-fullwidth fullwidth-box fusion-builder-row-2 fusion-flex-container has-pattern-background has-mask-background hundred-percent-fullwidth non-hundred-percent-height-scrolling\" style=\"--awb-border-radius-top-left:0px;--awb-border-radius-top-right:0px;--awb-border-radius-bottom-right:0px;--awb-border-radius-bottom-left:0px;--awb-padding-right:60px;--awb-padding-left:60px;--awb-padding-right-medium:60px;--awb-padding-left-medium:60px;--awb-padding-right-small:30px;--awb-padding-left-small:30px;--awb-margin-top:30px;--awb-margin-top-small:0px;--awb-flex-wrap:wrap;\" ><div class=\"fusion-builder-row fusion-row fusion-flex-align-items-flex-start fusion-flex-justify-content-center fusion-flex-content-wrap\" style=\"width:calc( 100% + 60px ) !important;max-width:calc( 100% + 60px ) !important;margin-left: calc(-60px \/ 2 );margin-right: calc(-60px \/ 2 );\"><div class=\"fusion-layout-column fusion_builder_column fusion-builder-column-3 fusion_builder_column_1_2 1_2 fusion-flex-column\" style=\"--awb-bg-blend:overlay;--awb-bg-size:cover;--awb-width-large:50%;--awb-margin-top-large:0px;--awb-spacing-right-large:30px;--awb-margin-bottom-large:20px;--awb-spacing-left-large:30px;--awb-width-medium:75%;--awb-order-medium:0;--awb-spacing-right-medium:30px;--awb-spacing-left-medium:30px;--awb-width-small:100%;--awb-order-small:0;--awb-spacing-right-small:30px;--awb-spacing-left-small:30px;\"><div class=\"fusion-column-wrapper fusion-flex-justify-content-flex-start fusion-content-layout-column\"><div class=\"fusion-builder-row fusion-builder-row-inner fusion-row fusion-flex-align-items-flex-start fusion-flex-justify-content-center fusion-flex-content-wrap\" style=\"--awb-flex-grow:0;--awb-flex-grow-medium:0;--awb-flex-grow-small:0;--awb-flex-shrink:0;--awb-flex-shrink-medium:0;--awb-flex-shrink-small:0;width:calc( 100% + 60px ) !important;max-width:calc( 100% + 60px ) !important;margin-left: calc(-60px \/ 2 );margin-right: calc(-60px \/ 2 );\"><div class=\"fusion-layout-column fusion_builder_column_inner fusion-builder-nested-column-0 fusion_builder_column_inner_1_2 1_2 fusion-flex-column fusion-flex-align-self-center\" style=\"--awb-bg-size:cover;--awb-width-large:50%;--awb-margin-top-large:0px;--awb-spacing-right-large:30px;--awb-margin-bottom-large:0px;--awb-spacing-left-large:30px;--awb-width-medium:50%;--awb-order-medium:0;--awb-spacing-right-medium:30px;--awb-spacing-left-medium:30px;--awb-width-small:100%;--awb-order-small:1;--awb-spacing-right-small:30px;--awb-margin-bottom-small:20px;--awb-spacing-left-small:30px;\"><div class=\"fusion-column-wrapper fusion-column-has-shadow fusion-flex-justify-content-center fusion-content-layout-column\"><div class=\"fusion-text fusion-text-3 fusion-text-no-margin\" style=\"--awb-font-size:var(--awb-typography5-font-size);--awb-line-height:var(--awb-typography5-line-height);--awb-letter-spacing:var(--awb-typography5-letter-spacing);--awb-text-transform:var(--awb-typography5-text-transform);--awb-text-color:var(--awb-custom11);--awb-margin-top:0px;--awb-margin-right:0px;--awb-margin-bottom:0px;--awb-margin-left:0px;--awb-text-font-family:var(--awb-typography5-font-family);--awb-text-font-weight:var(--awb-typography5-font-weight);--awb-text-font-style:var(--awb-typography5-font-style);\"><p>21 Febbraio 2026<\/p>\n<\/div><\/div><\/div><div class=\"fusion-layout-column fusion_builder_column_inner fusion-builder-nested-column-1 fusion_builder_column_inner_1_2 1_2 fusion-flex-column fusion-flex-align-self-center\" style=\"--awb-bg-size:cover;--awb-width-large:50%;--awb-margin-top-large:0px;--awb-spacing-right-large:30px;--awb-margin-bottom-large:0px;--awb-spacing-left-large:30px;--awb-width-medium:50%;--awb-order-medium:0;--awb-spacing-right-medium:30px;--awb-spacing-left-medium:30px;--awb-width-small:100%;--awb-order-small:0;--awb-margin-top-small:0px;--awb-spacing-right-small:30px;--awb-spacing-left-small:30px;\"><div class=\"fusion-column-wrapper fusion-column-has-shadow fusion-flex-justify-content-center fusion-content-layout-column\"><div class=\"fusion-sharing-box fusion-sharing-box-1 boxed-icons\" style=\"background-color:var(--awb-color1);border-color:var(--awb-color1);--awb-margin-top:0px;--awb-margin-right:0px;--awb-margin-bottom:0px;--awb-margin-left:0px;--awb-wrapper-padding-top:0px;--awb-wrapper-padding-right:0px;--awb-wrapper-padding-bottom:0px;--awb-wrapper-padding-left:0px;--awb-padding-top:0px;--awb-padding-right:0px;--awb-padding-bottom:0px;--awb-padding-left:0px;--awb-border-top:0px;--awb-border-right:0px;--awb-border-bottom:0px;--awb-border-left:0px;--awb-icon-size:12px;--awb-separator-border-color:#cccccc;--awb-separator-border-sizes:0px;--awb-stacked-align:flex-end;--awb-layout:row;--awb-alignment-small:flex-end;--awb-stacked-align-small:center;\" data-title=\"Eventi, Elezioni e Nomine | Gennaio-Febbraio 2026\" data-description=\"Il tuo contenuto va qui       \r\n\r\nIl 14 febbraio Richard Moth \u00e8 stato installato come Arcivescovo di Westminster, Inghilterra. \u00c8 Oblato di Pluscarden (Congregazione Sublacense Cassinese). \r\n\r\nIl 2 febbraio, l&#039;Abate Primate Jeremias Schr\u00f6der ha istituito un Segretariato Internazionale per gli Oblati Secolari Benedettini\" data-link=\"https:\/\/osb.org\/it\/2026\/02\/21\/eventi-elezioni-e-nomine-gennaio-febbraio-2026\/\"><div class=\"fusion-social-networks sharingbox-shortcode-icon-wrapper sharingbox-shortcode-icon-wrapper-1 boxed-icons\"><span><a href=\"https:\/\/www.facebook.com\/sharer.php?u=https%3A%2F%2Fosb.org%2Fit%2F2026%2F02%2F21%2Feventi-elezioni-e-nomine-gennaio-febbraio-2026%2F&amp;t=Eventi%2C%20Elezioni%20e%20Nomine%20%7C%20Gennaio-Febbraio%202026\" target=\"_blank\" rel=\"noreferrer\" title=\"Facebook\" aria-label=\"Facebook\"><i class=\"fusion-social-network-icon fusion-tooltip fusion-facebook awb-icon-facebook\" style=\"color:var(--awb-custom11);background-color:#e8e8e8;border-color:#e8e8e8;border-radius:50%;\" aria-hidden=\"true\"><\/i><\/a><\/span><span><a href=\"https:\/\/x.com\/intent\/post?text=Eventi%2C%20Elezioni%20e%20Nomine%20%7C%20Gennaio-Febbraio%202026&amp;url=https%3A%2F%2Fosb.org%2Fit%2F2026%2F02%2F21%2Feventi-elezioni-e-nomine-gennaio-febbraio-2026%2F\" target=\"_blank\" rel=\"noopener noreferrer\" title=\"X\" aria-label=\"X\"><i class=\"fusion-social-network-icon fusion-tooltip fusion-twitter awb-icon-twitter\" style=\"color:var(--awb-custom11);background-color:#e8e8e8;border-color:#e8e8e8;border-radius:50%;\" aria-hidden=\"true\"><\/i><\/a><\/span><span><a href=\"https:\/\/api.whatsapp.com\/send?text=https%3A%2F%2Fosb.org%2Fit%2F2026%2F02%2F21%2Feventi-elezioni-e-nomine-gennaio-febbraio-2026%2F\" target=\"_blank\" rel=\"noopener noreferrer\" title=\"WhatsApp\" aria-label=\"WhatsApp\"><i class=\"fusion-social-network-icon fusion-tooltip fusion-whatsapp awb-icon-whatsapp\" style=\"color:var(--awb-custom11);background-color:#e8e8e8;border-color:#e8e8e8;border-radius:50%;\" aria-hidden=\"true\"><\/i><\/a><\/span><span><a href=\"mailto:?subject=Eventi%2C%20Elezioni%20e%20Nomine%20%7C%20Gennaio-Febbraio%202026&amp;body=https%3A%2F%2Fosb.org%2Fit%2F2026%2F02%2F21%2Feventi-elezioni-e-nomine-gennaio-febbraio-2026%2F\" target=\"_self\" title=\"Email\" aria-label=\"Email\"><i class=\"fusion-social-network-icon fusion-tooltip fusion-mail awb-icon-mail\" style=\"color:var(--awb-custom11);background-color:#e8e8e8;border-color:#e8e8e8;border-radius:50%;\" aria-hidden=\"true\"><\/i><\/a><\/span><\/div><\/div><\/div><\/div><\/div><div class=\"fusion-text fusion-text-4\"><p>Il 14 febbraio Richard Moth \u00e8 stato installato come Arcivescovo di Westminster, Inghilterra. \u00c8 Oblato di Pluscarden (Congregazione Sublacense Cassinese). <\/p>\n<p>Il 2 febbraio, l'Abate Primate Jeremias Schr\u00f6der ha istituito un Segretariato Internazionale per gli Oblati Secolari Benedettini e ha nominato il Dott. Roberto Lomolino, Oblato di Sant'Anselmo, come suo Segretario Generale. Egli lavora a stretto contatto con l'Abate Jean-Pierre Longeat, Delegato dell'Abate Primate per gli Oblati. I compiti principali del Segretariato sono promuovere la cooperazione internazionale tra gli Oblati e preparare il prossimo Congresso Internazionale degli Oblati, previsto per il 2030. Il Segretariato sosterr\u00e0 anche i preparativi per il <a href=\"https:\/\/osb.org\/it\/2026\/02\/20\/workshop-degli-abati-2026-benessere-e-piani-per-il-giubileo-del-2029\/\" target=\"_blank\" rel=\"noopener\">Giubileo Benedettino<\/a> nel 2029.   <\/p>\n<p>Lo stesso giorno \u00e8 stato annunciato che P. Juan Pablo Rubio, monaco dell'Abbazia di Valle de los Ca\u00eddos in Spagna (Congregazione di Solesmes), \u00e8 stato nominato nuovo Procuratore Generale della Congregazione di Solesmes.<\/p>\n<p>31 gennaio: Mons. Manel Nin G\u00fcell, monaco di Montserrat (Congregazione Sublacense-Cassinese) e precedentemente Esarca per i Cattolici di Rito Bizantino in Grecia, con sede ad Atene, \u00e8 stato <a href=\"https:\/\/osb.org\/it\/2026\/01\/31\/il-vescovo-manuel-nin-guell-osb-nominato-esarca-di-grottaferrata\/\" target=\"_blank\" rel=\"noopener\">nominato Esarca del Monastero di Grottaferrata<\/a>.<\/p>\n<p>Il 15 gennaio,  <a href=\"https:\/\/osb.org\/it\/2026\/02\/06\/dom-geraldo-gonzalez-y-lima-osb-eletto-quarto-abate-di-sao-geraldo\/\" target=\"_blank\" rel=\"noopener\">P. Geraldo Gonz\u00e1lez y Lima \u00e8 stato eletto abate <\/a> del suo monastero, S\u00e3o Geraldo, a San Paolo (Congregazione Ungherese). Ha servito a Sant'Anselmo per oltre 20 anni, prima come segretario dell'Abate Primate Notker e poi come economo di Sant'Anselmo e tesoriere della Confederazione. Ha agito come procuratore per diverse congregazioni presso la Curia ed \u00e8 stato membro attivo del Team Internazionale dell'AIM. In autunno, l'Archabate Emerito Korbinian Birnbacher di San Pietro a Salisburgo (Congregazione Austriaca) assumer\u00e0 il ruolo di economo di Sant'Anselmo. Fino ad allora, P. Rafael dos Santos svolger\u00e0 questo incarico.     <\/p>\n<p>28 gennaio: P. Richard Multerer \u00e8 stato eletto per un terzo mandato come Priore Amministratore di Schweiklberg (Congregazione di Sant'Ottilia).<\/p>\n<p>27 gennaio: l'abate Clement Ettany di Kappadu (Congregazione dell'Annunciazione) \u00e8 stato eletto nuovo presidente della Federazione Benedettina India-Sri Lanka. La priora Asha di Santa Lioba \u00e8 la sua vice e il priore John Kaippallimyalil di Kumily (Sant'Ottilien) \u00e8 il segretario. <\/p>\n<p>La \u201cFondazione Benedettina Pax et Sapientia\u201d ha iniziato le sue attivit\u00e0 all\u2019inizio di gennaio. Questa fondazione, istituita secondo la legge italiana, sostiene le attivit\u00e0 culturali e accademiche di Sant\u2019Anselmo e le permetter\u00e0 inoltre di ottenere sovvenzioni pubbliche per tali attivit\u00e0.<\/p>\n<\/div><\/div><\/div><\/div><\/div><\/p>\n","protected":false},"excerpt":{"rendered":"<p>Una panoramica dei recenti eventi e cambiamenti di personale nella nostra famiglia benedettina.<\/p>\n","protected":false},"author":1,"featured_media":16967,"comment_status":"closed","ping_status":"closed","sticky":false,"template":"","format":"standard","meta":{"footnotes":""},"categories":[180],"tags":[393,181],"class_list":["post-16968","post","type-post","status-publish","format-standard","has-post-thumbnail","hentry","category-nexus-it","tag-nexus-febbraio-2026-it","tag-nexus-dal-abate-primate-it"],"cc_featured_image_caption":{"caption_text":false,"source_text":false,"source_url":false},"_links":{"self":[{"href":"https:\/\/osb.org\/it\/wp-json\/wp\/v2\/posts\/16968","targetHints":{"allow":["GET"]}}],"collection":[{"href":"https:\/\/osb.org\/it\/wp-json\/wp\/v2\/posts"}],"about":[{"href":"https:\/\/osb.org\/it\/wp-json\/wp\/v2\/types\/post"}],"author":[{"embeddable":true,"href":"https:\/\/osb.org\/it\/wp-json\/wp\/v2\/users\/1"}],"replies":[{"embeddable":true,"href":"https:\/\/osb.org\/it\/wp-json\/wp\/v2\/comments?post=16968"}],"version-history":[{"count":0,"href":"https:\/\/osb.org\/it\/wp-json\/wp\/v2\/posts\/16968\/revisions"}],"wp:featuredmedia":[{"embeddable":true,"href":"https:\/\/osb.org\/it\/wp-json\/wp\/v2\/media\/16967"}],"wp:attachment":[{"href":"https:\/\/osb.org\/it\/wp-json\/wp\/v2\/media?parent=16968"}],"wp:term":[{"taxonomy":"category","embeddable":true,"href":"https:\/\/osb.org\/it\/wp-json\/wp\/v2\/categories?post=16968"},{"taxonomy":"post_tag","embeddable":true,"href":"https:\/\/osb.org\/it\/wp-json\/wp\/v2\/tags?post=16968"}],"curies":[{"name":"wp","href":"https:\/\/api.w.org\/{rel}","templated":true}]}}