{"id":16349,"date":"2026-01-29T17:35:42","date_gmt":"2026-01-29T16:35:42","guid":{"rendered":"https:\/\/osb.org\/2026\/01\/29\/amicizia-e-missione-un-incontro-del-consiglio-del-dialogo-interreligioso-monastico\/"},"modified":"2026-02-09T10:42:43","modified_gmt":"2026-02-09T09:42:43","slug":"amicizia-e-missione-un-incontro-del-consiglio-del-dialogo-interreligioso-monastico","status":"publish","type":"post","link":"https:\/\/osb.org\/it\/2026\/01\/29\/amicizia-e-missione-un-incontro-del-consiglio-del-dialogo-interreligioso-monastico\/","title":{"rendered":"Amicizia e missione: un incontro del consiglio del Dialogo interreligioso monastico"},"content":{"rendered":"<p><div class=\"fusion-fullwidth fullwidth-box fusion-builder-row-1 fusion-flex-container has-pattern-background has-mask-background hundred-percent-fullwidth non-hundred-percent-height-scrolling\" style=\"--awb-border-sizes-bottom:1px;--awb-border-color:var(--awb-custom11);--awb-border-radius-top-left:0px;--awb-border-radius-top-right:0px;--awb-border-radius-bottom-right:0px;--awb-border-radius-bottom-left:0px;--awb-padding-right:60px;--awb-padding-bottom:20px;--awb-padding-left:60px;--awb-padding-right-small:30px;--awb-padding-left-small:30px;--awb-margin-top-medium:1px;--awb-margin-top-small:0px;--awb-flex-wrap:wrap;\" ><div class=\"fusion-builder-row fusion-row fusion-flex-align-items-center fusion-flex-justify-content-flex-end fusion-flex-content-wrap\" style=\"width:calc( 100% + 60px ) !important;max-width:calc( 100% + 60px ) !important;margin-left: calc(-60px \/ 2 );margin-right: calc(-60px \/ 2 );\"><div class=\"fusion-layout-column fusion_builder_column fusion-builder-column-0 fusion_builder_column_1_2 1_2 fusion-flex-column\" style=\"--awb-padding-right:60px;--awb-padding-left:60px;--awb-padding-right-small:0px;--awb-padding-left-small:0px;--awb-bg-size:cover;--awb-width-large:50%;--awb-margin-top-large:0px;--awb-spacing-right-large:30px;--awb-margin-bottom-large:20px;--awb-spacing-left-large:30px;--awb-width-medium:100%;--awb-order-medium:0;--awb-margin-top-medium:20px;--awb-spacing-right-medium:30px;--awb-margin-bottom-medium:0px;--awb-spacing-left-medium:30px;--awb-width-small:100%;--awb-order-small:0;--awb-spacing-right-small:30px;--awb-spacing-left-small:30px;\"><div class=\"fusion-column-wrapper fusion-column-has-shadow fusion-flex-justify-content-flex-start fusion-content-layout-column\"><div class=\"fusion-title title fusion-title-1 fusion-sep-none fusion-title-text fusion-title-size-one\" style=\"--awb-text-color:var(--awb-custom13);--awb-margin-top-small:0px;--awb-margin-right-small:0px;--awb-margin-bottom-small:20px;--awb-margin-left-small:0px;--awb-font-size:40px;\"><h1 class=\"fusion-title-heading title-heading-left md-text-align-center fusion-responsive-typography-calculated\" style=\"font-family:var(--awb-typography1-font-family);font-weight:var(--awb-typography1-font-weight);font-style:var(--awb-typography1-font-style);margin:0;letter-spacing:var(--awb-typography1-letter-spacing);text-transform:var(--awb-typography1-text-transform);font-size:1em;--fontSize:40;line-height:var(--awb-typography1-line-height);\">Amicizia e missione: un incontro del consiglio del Dialogo interreligioso monastico<\/h1><\/div><div class=\"fusion-text fusion-text-1 fusion-no-small-visibility fusion-no-medium-visibility\" style=\"--awb-font-size:var(--awb-typography3-font-size);--awb-line-height:var(--awb-typography3-line-height);--awb-letter-spacing:var(--awb-typography3-letter-spacing);--awb-text-transform:var(--awb-typography3-text-transform);--awb-text-color:var(--awb-custom12);--awb-text-font-family:var(--awb-typography3-font-family);--awb-text-font-weight:var(--awb-typography3-font-weight);--awb-text-font-style:var(--awb-typography3-font-style);\"><p>Il consiglio del DIMMID si \u00e8 riunito a Roma dal 9 al 12 gennaio per una sessione in presenza. Le discussioni con Aaron Maniam (Oxford) hanno riguardato l'IA, gli sviluppi globali e la costruzione della comunit\u00e0, concludendosi con una visita al Dicastero per il Dialogo Interreligioso. <\/p>\n<\/div><\/div><\/div><div class=\"fusion-layout-column fusion_builder_column fusion-builder-column-1 fusion_builder_column_1_2 1_2 fusion-flex-column\" style=\"--awb-bg-size:cover;--awb-width-large:50%;--awb-margin-top-large:0px;--awb-spacing-right-large:30px;--awb-margin-bottom-large:0px;--awb-spacing-left-large:30px;--awb-width-medium:100%;--awb-order-medium:0;--awb-spacing-right-medium:30px;--awb-spacing-left-medium:30px;--awb-width-small:100%;--awb-order-small:0;--awb-spacing-right-small:30px;--awb-spacing-left-small:30px;\"><div class=\"fusion-column-wrapper fusion-column-has-shadow fusion-flex-justify-content-flex-start fusion-content-layout-column\"><div class=\"fusion-image-element \" style=\"--awb-caption-title-font-family:var(--h2_typography-font-family);--awb-caption-title-font-weight:var(--h2_typography-font-weight);--awb-caption-title-font-style:var(--h2_typography-font-style);--awb-caption-title-size:var(--h2_typography-font-size);--awb-caption-title-transform:var(--h2_typography-text-transform);--awb-caption-title-line-height:var(--h2_typography-line-height);--awb-caption-title-letter-spacing:var(--h2_typography-letter-spacing);\"><span class=\" fusion-imageframe imageframe-none imageframe-1 hover-type-none\" style=\"border:1px solid var(--awb-custom10);\"><a href=\"https:\/\/osb.org\/wp-content\/uploads\/2026\/01\/DSC_2006.jpg\" class=\"fusion-lightbox\" data-rel=\"iLightbox[a3b8bb7d1ee7244ce85]\" data-title=\"DSC_2006\" title=\"DSC_2006\"><img decoding=\"async\" width=\"1920\" height=\"1080\" src=\"https:\/\/osb.org\/wp-content\/uploads\/2026\/01\/DSC_2006.jpg\" data-orig-src=\"https:\/\/osb.org\/wp-content\/uploads\/2026\/01\/DSC_2006.jpg\" alt class=\"lazyload img-responsive wp-image-16350\" srcset=\"data:image\/svg+xml,%3Csvg%20xmlns%3D%27http%3A%2F%2Fwww.w3.org%2F2000%2Fsvg%27%20width%3D%271920%27%20height%3D%271080%27%20viewBox%3D%270%200%201920%201080%27%3E%3Crect%20width%3D%271920%27%20height%3D%271080%27%20fill-opacity%3D%220%22%2F%3E%3C%2Fsvg%3E\" data-srcset=\"https:\/\/osb.org\/wp-content\/uploads\/2026\/01\/DSC_2006-200x113.jpg 200w, https:\/\/osb.org\/wp-content\/uploads\/2026\/01\/DSC_2006-400x225.jpg 400w, https:\/\/osb.org\/wp-content\/uploads\/2026\/01\/DSC_2006-600x338.jpg 600w, https:\/\/osb.org\/wp-content\/uploads\/2026\/01\/DSC_2006-800x450.jpg 800w, https:\/\/osb.org\/wp-content\/uploads\/2026\/01\/DSC_2006-1200x675.jpg 1200w, https:\/\/osb.org\/wp-content\/uploads\/2026\/01\/DSC_2006.jpg 1920w\" data-sizes=\"auto\" data-orig-sizes=\"(max-width: 1024px) 100vw, (max-width: 640px) 100vw, 600px\" \/><\/a><\/span><\/div><div class=\"fusion-text fusion-text-2 fusion-text-no-margin\" style=\"--awb-font-size:var(--awb-typography5-font-size);--awb-line-height:var(--awb-typography5-line-height);--awb-letter-spacing:var(--awb-typography5-letter-spacing);--awb-text-transform:var(--awb-typography5-text-transform);--awb-text-color:var(--awb-custom11);--awb-margin-top:12px;--awb-margin-bottom:12px;--awb-text-font-family:var(--awb-typography5-font-family);--awb-text-font-weight:var(--awb-typography5-font-weight);--awb-text-font-style:var(--awb-typography5-font-style);\"><\/div><\/div><\/div><div class=\"fusion-layout-column fusion_builder_column fusion-builder-column-2 fusion_builder_column_1_2 1_2 fusion-flex-column\" style=\"--awb-bg-size:cover;--awb-width-large:50%;--awb-margin-top-large:0px;--awb-spacing-right-large:30px;--awb-margin-bottom-large:0px;--awb-spacing-left-large:30px;--awb-width-medium:100%;--awb-order-medium:0;--awb-spacing-right-medium:30px;--awb-spacing-left-medium:30px;--awb-width-small:100%;--awb-order-small:0;--awb-spacing-right-small:30px;--awb-spacing-left-small:30px;\"><div class=\"fusion-column-wrapper fusion-column-has-shadow fusion-flex-justify-content-flex-start fusion-content-layout-column\"><div class=\"fusion-separator fusion-full-width-sep\" style=\"align-self: center;margin-left: auto;margin-right: auto;width:100%;\"><div class=\"fusion-separator-border sep-single sep-solid\" style=\"--awb-height:20px;--awb-amount:20px;--awb-sep-color:var(--awb-color4);border-color:var(--awb-color4);border-top-width:3px;\"><\/div><\/div><\/div><\/div><\/div><\/div><div class=\"fusion-fullwidth fullwidth-box fusion-builder-row-2 fusion-flex-container has-pattern-background has-mask-background hundred-percent-fullwidth non-hundred-percent-height-scrolling\" style=\"--awb-border-radius-top-left:0px;--awb-border-radius-top-right:0px;--awb-border-radius-bottom-right:0px;--awb-border-radius-bottom-left:0px;--awb-padding-right:60px;--awb-padding-left:60px;--awb-padding-right-medium:60px;--awb-padding-left-medium:60px;--awb-padding-right-small:30px;--awb-padding-left-small:30px;--awb-margin-top:30px;--awb-margin-top-small:0px;--awb-flex-wrap:wrap;\" ><div class=\"fusion-builder-row fusion-row fusion-flex-align-items-flex-start fusion-flex-justify-content-center fusion-flex-content-wrap\" style=\"width:calc( 100% + 60px ) !important;max-width:calc( 100% + 60px ) !important;margin-left: calc(-60px \/ 2 );margin-right: calc(-60px \/ 2 );\"><div class=\"fusion-layout-column fusion_builder_column fusion-builder-column-3 fusion_builder_column_1_2 1_2 fusion-flex-column\" style=\"--awb-bg-blend:overlay;--awb-bg-size:cover;--awb-width-large:50%;--awb-margin-top-large:0px;--awb-spacing-right-large:30px;--awb-margin-bottom-large:20px;--awb-spacing-left-large:30px;--awb-width-medium:75%;--awb-order-medium:0;--awb-spacing-right-medium:30px;--awb-spacing-left-medium:30px;--awb-width-small:100%;--awb-order-small:0;--awb-spacing-right-small:30px;--awb-spacing-left-small:30px;\"><div class=\"fusion-column-wrapper fusion-flex-justify-content-flex-start fusion-content-layout-column\"><div class=\"fusion-builder-row fusion-builder-row-inner fusion-row fusion-flex-align-items-flex-start fusion-flex-justify-content-center fusion-flex-content-wrap\" style=\"--awb-flex-grow:0;--awb-flex-grow-medium:0;--awb-flex-grow-small:0;--awb-flex-shrink:0;--awb-flex-shrink-medium:0;--awb-flex-shrink-small:0;width:calc( 100% + 60px ) !important;max-width:calc( 100% + 60px ) !important;margin-left: calc(-60px \/ 2 );margin-right: calc(-60px \/ 2 );\"><div class=\"fusion-layout-column fusion_builder_column_inner fusion-builder-nested-column-0 fusion_builder_column_inner_1_2 1_2 fusion-flex-column fusion-flex-align-self-center\" style=\"--awb-bg-size:cover;--awb-width-large:50%;--awb-margin-top-large:0px;--awb-spacing-right-large:30px;--awb-margin-bottom-large:0px;--awb-spacing-left-large:30px;--awb-width-medium:50%;--awb-order-medium:0;--awb-spacing-right-medium:30px;--awb-spacing-left-medium:30px;--awb-width-small:100%;--awb-order-small:1;--awb-spacing-right-small:30px;--awb-margin-bottom-small:20px;--awb-spacing-left-small:30px;\"><div class=\"fusion-column-wrapper fusion-column-has-shadow fusion-flex-justify-content-center fusion-content-layout-column\"><div class=\"fusion-text fusion-text-3 fusion-text-no-margin\" style=\"--awb-font-size:var(--awb-typography5-font-size);--awb-line-height:var(--awb-typography5-line-height);--awb-letter-spacing:var(--awb-typography5-letter-spacing);--awb-text-transform:var(--awb-typography5-text-transform);--awb-text-color:var(--awb-custom11);--awb-margin-top:0px;--awb-margin-right:0px;--awb-margin-bottom:0px;--awb-margin-left:0px;--awb-text-font-family:var(--awb-typography5-font-family);--awb-text-font-weight:var(--awb-typography5-font-weight);--awb-text-font-style:var(--awb-typography5-font-style);\"><p>29 Gennaio 2026<\/p>\n<\/div><\/div><\/div><div class=\"fusion-layout-column fusion_builder_column_inner fusion-builder-nested-column-1 fusion_builder_column_inner_1_2 1_2 fusion-flex-column fusion-flex-align-self-center\" style=\"--awb-bg-size:cover;--awb-width-large:50%;--awb-margin-top-large:0px;--awb-spacing-right-large:30px;--awb-margin-bottom-large:0px;--awb-spacing-left-large:30px;--awb-width-medium:50%;--awb-order-medium:0;--awb-spacing-right-medium:30px;--awb-spacing-left-medium:30px;--awb-width-small:100%;--awb-order-small:0;--awb-margin-top-small:0px;--awb-spacing-right-small:30px;--awb-spacing-left-small:30px;\"><div class=\"fusion-column-wrapper fusion-column-has-shadow fusion-flex-justify-content-center fusion-content-layout-column\"><div class=\"fusion-sharing-box fusion-sharing-box-1 boxed-icons\" style=\"background-color:var(--awb-color1);border-color:var(--awb-color1);--awb-margin-top:0px;--awb-margin-right:0px;--awb-margin-bottom:0px;--awb-margin-left:0px;--awb-wrapper-padding-top:0px;--awb-wrapper-padding-right:0px;--awb-wrapper-padding-bottom:0px;--awb-wrapper-padding-left:0px;--awb-padding-top:0px;--awb-padding-right:0px;--awb-padding-bottom:0px;--awb-padding-left:0px;--awb-border-top:0px;--awb-border-right:0px;--awb-border-bottom:0px;--awb-border-left:0px;--awb-icon-size:12px;--awb-separator-border-color:#cccccc;--awb-separator-border-sizes:0px;--awb-stacked-align:flex-end;--awb-layout:row;--awb-alignment-small:flex-end;--awb-stacked-align-small:center;\" data-title=\"Amicizia e missione: un incontro del consiglio del Dialogo interreligioso monastico\" data-description=\"Il tuo contenuto va qui       \r\n\r\nCi sono stati pochi incontri in presenza del Consiglio di Amministrazione del DIMMID (Dialogo Interreligioso Monastico) nel corso della nostra storia, l&#039;ultimo dei quali si \u00e8 tenuto nei Paesi Bassi nel 2019. Ci incontriamo online quattro volte\" data-link=\"https:\/\/osb.org\/it\/2026\/01\/29\/amicizia-e-missione-un-incontro-del-consiglio-del-dialogo-interreligioso-monastico\/\"><div class=\"fusion-social-networks sharingbox-shortcode-icon-wrapper sharingbox-shortcode-icon-wrapper-1 boxed-icons\"><span><a href=\"https:\/\/www.facebook.com\/sharer.php?u=https%3A%2F%2Fosb.org%2Fit%2F2026%2F01%2F29%2Famicizia-e-missione-un-incontro-del-consiglio-del-dialogo-interreligioso-monastico%2F&amp;t=Amicizia%20e%20missione%3A%20un%20incontro%20del%20consiglio%20del%20Dialogo%20interreligioso%20monastico\" target=\"_blank\" rel=\"noreferrer\" title=\"Facebook\" aria-label=\"Facebook\"><i class=\"fusion-social-network-icon fusion-tooltip fusion-facebook awb-icon-facebook\" style=\"color:var(--awb-custom11);background-color:#e8e8e8;border-color:#e8e8e8;border-radius:50%;\" aria-hidden=\"true\"><\/i><\/a><\/span><span><a href=\"https:\/\/x.com\/intent\/post?text=Amicizia%20e%20missione%3A%20un%20incontro%20del%20consiglio%20del%20Dialogo%20interreligioso%20monastico&amp;url=https%3A%2F%2Fosb.org%2Fit%2F2026%2F01%2F29%2Famicizia-e-missione-un-incontro-del-consiglio-del-dialogo-interreligioso-monastico%2F\" target=\"_blank\" rel=\"noopener noreferrer\" title=\"X\" aria-label=\"X\"><i class=\"fusion-social-network-icon fusion-tooltip fusion-twitter awb-icon-twitter\" style=\"color:var(--awb-custom11);background-color:#e8e8e8;border-color:#e8e8e8;border-radius:50%;\" aria-hidden=\"true\"><\/i><\/a><\/span><span><a href=\"https:\/\/api.whatsapp.com\/send?text=https%3A%2F%2Fosb.org%2Fit%2F2026%2F01%2F29%2Famicizia-e-missione-un-incontro-del-consiglio-del-dialogo-interreligioso-monastico%2F\" target=\"_blank\" rel=\"noopener noreferrer\" title=\"WhatsApp\" aria-label=\"WhatsApp\"><i class=\"fusion-social-network-icon fusion-tooltip fusion-whatsapp awb-icon-whatsapp\" style=\"color:var(--awb-custom11);background-color:#e8e8e8;border-color:#e8e8e8;border-radius:50%;\" aria-hidden=\"true\"><\/i><\/a><\/span><span><a href=\"mailto:?subject=Amicizia%20e%20missione%3A%20un%20incontro%20del%20consiglio%20del%20Dialogo%20interreligioso%20monastico&amp;body=https%3A%2F%2Fosb.org%2Fit%2F2026%2F01%2F29%2Famicizia-e-missione-un-incontro-del-consiglio-del-dialogo-interreligioso-monastico%2F\" target=\"_self\" title=\"Email\" aria-label=\"Email\"><i class=\"fusion-social-network-icon fusion-tooltip fusion-mail awb-icon-mail\" style=\"color:var(--awb-custom11);background-color:#e8e8e8;border-color:#e8e8e8;border-radius:50%;\" aria-hidden=\"true\"><\/i><\/a><\/span><\/div><\/div><\/div><\/div><\/div><div class=\"fusion-text fusion-text-4\"><p>Ci sono stati pochi incontri in presenza del Consiglio di Amministrazione del DIMMID (Dialogo Interreligioso Monastico) nel corso della nostra storia, l'ultimo dei quali si \u00e8 tenuto nei Paesi Bassi nel 2019. Ci incontriamo online quattro volte all'anno, come richiesto dal nostro statuto sociale, ma fin dall'inizio del mio mandato ho desiderato riunire quanti pi\u00f9 membri possibile a Sant'Anselmo per un incontro di persona. Il mio obiettivo per tale incontro era almeno duplice. Prima di tutto, semplicemente incontrarci faccia a faccia per un reciproco incoraggiamento e arricchimento, in un ambiente quasi di ritiro, lontano dagli affari normali di ciascuno. Ma un ulteriore motivo era quello di attirare l'attenzione del corpo studentesco di Sant'Anselmo sull'esistenza e sul lavoro del Dialogo Interreligioso Monastico, forse per stimolare un certo interesse tra alcuni dei monaci pi\u00f9 giovani.    <\/p>\n<p>Ho imparato che riunire un gruppo internazionale \u00e8 un'impresa ardua, per motivi finanziari e conflitti di programmazione, oltre a dover gestire le restrizioni sui visti. Alla fine, per\u00f2, siamo riusciti a portare sette di noi a Roma, circa la met\u00e0 del consiglio, nel fine settimana del 9-12 gennaio, da luoghi remoti come la Corea e il Sudafrica (Padri Anselmo Park e Victor Chavungo), cos\u00ec come il mio predecessore Padre William Skudlarek dal Minnesota, USA. Erano presenti anche gli abati Cosmas Hoffman dalla Germania e Bernard Lorent, ex abate di Maredsous in Belgio e attuale presidente dell'AIM, nonch\u00e9 Padre Markus Muff dalla Svizzera, che serve la Confederazione Benedettina come Direttore dello Sviluppo per Sant'Anselmo e ha accettato di essere anche il tesoriere del DIMMID.    <\/p>\n<p>Ho un caro amico e collaboratore di nome Aaron Maniam da Singapore, che ora \u00e8 professore alla Blavatnik School of Government dell'Universit\u00e0 di Oxford e Senior Fellow per l'AI avanzata presso un think tank con sede a Bruxelles chiamato Centre for Future Generations. Lui e io abbiamo fatto molto lavoro interreligioso insieme alcuni anni fa a Singapore, e dopo avermi fatto visita ogni anno nel mio monastero a Big Sur, in California, ha la notoriet\u00e0 di essere il primo oblato benedettino camaldolese musulmano. (Ho ricevuto la sua oblazione in una moschea a Singapore!) Fa anche parte del mio consiglio consultivo interreligioso per il DIMMID. L'ho invitato a venire a guidarci in alcune discussioni, dato che una delle sue specialit\u00e0 \u00e8 il lavoro di gruppo e la pianificazione del futuro.    <\/p>\n<p>La prima sera abbiamo fatto un semplice giro di tavolo di presentazioni, ed \u00e8 stato molto toccante ascoltare la storia e il background di tutti nel dialogo interreligioso. La mattina successiva ho fatto una presentazione, quella che chiamo il mio \"discorso elettorale\" che ho offerto in giro per il mondo a vari gruppi, soprattutto monastici come gli incontri regionali benedettini. Lo uso per presentare alle persone il DIMMID, la nostra storia e il nostro lavoro, cos\u00ec come la mia visione di chi siamo e cosa abbiamo da offrire al mondo in questo momento. Si intitola \"Il nostro ruolo e la nostra risposta\" e sono sempre contento di presentarlo, soprattutto per questo gruppo, per dare loro un'idea delle mie aspirazioni per il nostro ministero all'interno della Confederazione Benedettina e nel mondo.   <\/p>\n<p>Poi abbiamo lasciato la parola ad Aaron per il resto del sabato e una sessione la domenica. Volevo che qualcuno al di fuori della nostra cerchia ci unisse non solo nel nostro comune patrimonio benedettino, ma con una visione del villaggio globale. Avendo anche lavorato come funzionario pubblico nei ranghi superiori del governo di Singapore e viaggiando ancora per il mondo come presentatore facendo molto di quello che ha fatto per noi, Aaron ha una visione globale impressionante. Ha intitolato la sua presentazione \"Sviluppi nel mondo e le loro connessioni con la vita monastica\", con uno dei suoi primi sottotemi che funge da un ottimo sottotitolo: \"Dal mondo 3D al mondo multi-D\". La sua presentazione includeva discussioni sulla diversit\u00e0 e la demografia, l'IA e la tecnologia, e le \"responsabilit\u00e0 multidirezionali\", per esempio. Poi, la domenica, dopo una bellissima celebrazione con la comunit\u00e0 di Sant'Anselmo, Aaron ci ha guidato in una profonda discussione sulla \"Costruzione dell'amorevolezza e di una comunit\u00e0 amata\", ispirata dal fatto che ci stavamo incontrando nella solennit\u00e0 del Battesimo del Signore. E naturalmente, ci ha anche guidato attraverso alcuni passaggi pratici come il tipico esercizio SWOT\u2013\u2013identificando i nostri Punti di Forza, Debolezze, Opportunit\u00e0 e Minacce.      <\/p>\n<p>Un elemento che mi ha colpito in termini di punti di forza \u00e8 quanta conoscenza specializzata ci sia tra noi che abbiamo dedicato tempo ed energia ad approfondire altre tradizioni\u2013\u2013non solo fatti superficiali e apparenze esteriori, ma una profonda immersione nell'esperienza spirituale. Tra gli altri temi che sono stati sollevati e mi sono rimasti impressi ci sono l'amicizia e l'ospitalit\u00e0, Padre William in particolare \u00e8 tornato su questo pi\u00f9 volte; e il lavoro interreligioso come sforzo missionario. (Anche se cominciamo con l'amicizia e l'ospitalit\u00e0, potrebbe cambiare ci\u00f2 che significa essere un missionario ai nostri giorni!) Abbiamo tutti riconosciuto il problema dell'invecchiamento delle comunit\u00e0, che porta a un minor numero di monaci e monache disponibili per attivit\u00e0 extracurriculari; e anche un atteggiamento pi\u00f9 cauto e conservatore che si \u00e8 evoluto negli ultimi due decenni che rende alcuni dei nostri fratelli e sorelle pi\u00f9 giovani extra esitanti se non addirittura sospettosi del dialogo interreligioso, nonostante il fatto che sia sancito, richiesto e sostenuto dalla Chiesa.    <\/p>\n<p>Abbiamo avuto anche due momenti pi\u00f9 spensierati. Domenica sera Padre Markus ci ha offerto una meravigliosa e sontuosa cena romana in una trattoria locale. E luned\u00ec mattina abbiamo fatto una visita al Dicastero per il Dialogo Interreligioso, proprio in fondo alla strada dalla Basilica di San Pietro, dove siamo stati accolti calorosamente da Monsignor Indunil Kankanamalage, che ne \u00e8 il segretario ed \u00e8 stato un buon amico del DIMMID per molti anni, e dal Cardinale George Koovakad, il nuovo prefetto del Dicastero che sta rapidamente diventando anche un buon amico e partner. Dopo aver raccontato loro alcuni dei contenuti delle nostre discussioni, Sua Eminenza ha espresso il desiderio di trovare un modo per il loro ufficio e noi di collaborare maggiormente. Ci hanno poi offerto una deliziosa variet\u00e0 di caff\u00e8 e prelibatezze dallo Sri Lanka, la terra natale di Monsignor Indunil. \u00c8 stata una visita molto calorosa e amichevole, e sono stato contento che i due gruppi si siano incontrati. (Casualmente, Aaron e Mons. Indunil si erano gi\u00e0 incontrati una volta a una conferenza a Singapore.)       <\/p>\n<p>Sono tornato dal nostro incontro con un rinnovato senso di missione. Non importa quali numeri o mancanza di essi, e anche nonostante a volte si senta una certa assenza di sostegno, so che questo \u00e8 un lavoro molto importante che stiamo facendo, non solo per la Chiesa ma per il mondo lacerato dalle \"ferite del peccato e della divisione\" che Cristo viene a guarire. E abbiamo certamente un grande sostegno in Papa Leone XIV che sembra tirare spesso in ballo il dialogo interreligioso in questi primi giorni del suo pontificato.<br \/>\nSono molto grato ai membri del mio consiglio che hanno viaggiato per cos\u00ec lunghe distanze per trascorrere alcuni giorni insieme, e alla comunit\u00e0 di Sant'Anselmo per essere stata cos\u00ec accogliente, specialmente il foresterario Padre Benoit che si \u00e8 fatto in quattro per soddisfare ogni nostra esigenza. In ogni cosa sia glorificato Dio attraverso Ges\u00f9 Cristo, e per grazia di Dio possiamo essere sempre pi\u00f9 un segno di unit\u00e0 e uno strumento di pace.    <\/p>\n<\/div><div style=\"text-align:center;\"><a class=\"fusion-button button-flat fusion-button-default-size button-custom fusion-button-default button-1 fusion-button-span-yes fusion-button-default-type\" style=\"--awb-margin-top:10px;--button_accent_color:#ffffff;--button_accent_hover_color:#ffffff;--button_border_hover_color:#ffffff;--button_gradient_top_color:#1f7aa7;--button_gradient_bottom_color:#1f7aa7;--button_gradient_top_color_hover:#72cee0;--button_gradient_bottom_color_hover:#72cee0;\" target=\"_blank\" rel=\"noopener noreferrer\" href=\"https:\/\/dimmid.org\/\"><span class=\"fusion-button-text awb-button__text awb-button__text--default\">Sito web DIMMID |EN|<\/span><\/a><\/div><\/div><\/div><\/div><\/div><\/p>\n","protected":false},"excerpt":{"rendered":"<p>Il consiglio del DIMMID si \u00e8 riunito a Roma dal 9 al 12 gennaio per una sessione in presenza. Le discussioni con Aaron Maniam (Oxford) hanno riguardato l&#8217;IA, gli sviluppi globali e la costruzione della comunit\u00e0, concludendosi con una visita al Dicastero per il Dialogo Interreligioso. <\/p>\n","protected":false},"author":1,"featured_media":16350,"comment_status":"closed","ping_status":"closed","sticky":false,"template":"","format":"standard","meta":{"footnotes":""},"categories":[180,189],"tags":[393,374],"class_list":["post-16349","post","type-post","status-publish","format-standard","has-post-thumbnail","hentry","category-nexus-it","category-notizie-it","tag-nexus-febbraio-2026-it","tag-nexus-rapporto-sul-mondo-benedettino-it"],"cc_featured_image_caption":{"caption_text":false,"source_text":false,"source_url":false},"_links":{"self":[{"href":"https:\/\/osb.org\/it\/wp-json\/wp\/v2\/posts\/16349","targetHints":{"allow":["GET"]}}],"collection":[{"href":"https:\/\/osb.org\/it\/wp-json\/wp\/v2\/posts"}],"about":[{"href":"https:\/\/osb.org\/it\/wp-json\/wp\/v2\/types\/post"}],"author":[{"embeddable":true,"href":"https:\/\/osb.org\/it\/wp-json\/wp\/v2\/users\/1"}],"replies":[{"embeddable":true,"href":"https:\/\/osb.org\/it\/wp-json\/wp\/v2\/comments?post=16349"}],"version-history":[{"count":0,"href":"https:\/\/osb.org\/it\/wp-json\/wp\/v2\/posts\/16349\/revisions"}],"wp:featuredmedia":[{"embeddable":true,"href":"https:\/\/osb.org\/it\/wp-json\/wp\/v2\/media\/16350"}],"wp:attachment":[{"href":"https:\/\/osb.org\/it\/wp-json\/wp\/v2\/media?parent=16349"}],"wp:term":[{"taxonomy":"category","embeddable":true,"href":"https:\/\/osb.org\/it\/wp-json\/wp\/v2\/categories?post=16349"},{"taxonomy":"post_tag","embeddable":true,"href":"https:\/\/osb.org\/it\/wp-json\/wp\/v2\/tags?post=16349"}],"curies":[{"name":"wp","href":"https:\/\/api.w.org\/{rel}","templated":true}]}}