{"id":16224,"date":"2026-01-05T11:35:57","date_gmt":"2026-01-05T10:35:57","guid":{"rendered":"https:\/\/osb.org\/2026\/01\/05\/il-catalogus-della-confederazione-benedettina-entra-nella-fase-di-revisione\/"},"modified":"2026-01-05T18:22:20","modified_gmt":"2026-01-05T17:22:20","slug":"il-catalogus-della-confederazione-benedettina-entra-nella-fase-di-revisione","status":"publish","type":"post","link":"https:\/\/osb.org\/it\/2026\/01\/05\/il-catalogus-della-confederazione-benedettina-entra-nella-fase-di-revisione\/","title":{"rendered":"Il Catalogus della Confederazione Benedettina entra nella fase di revisione"},"content":{"rendered":"<p><div class=\"fusion-fullwidth fullwidth-box fusion-builder-row-1 fusion-flex-container has-pattern-background has-mask-background hundred-percent-fullwidth non-hundred-percent-height-scrolling\" style=\"--awb-border-sizes-bottom:1px;--awb-border-color:var(--awb-custom11);--awb-border-radius-top-left:0px;--awb-border-radius-top-right:0px;--awb-border-radius-bottom-right:0px;--awb-border-radius-bottom-left:0px;--awb-padding-right:60px;--awb-padding-bottom:20px;--awb-padding-left:60px;--awb-padding-right-small:30px;--awb-padding-left-small:30px;--awb-margin-top-medium:1px;--awb-margin-top-small:0px;--awb-flex-wrap:wrap;\" ><div class=\"fusion-builder-row fusion-row fusion-flex-align-items-center fusion-flex-justify-content-flex-end fusion-flex-content-wrap\" style=\"width:calc( 100% + 60px ) !important;max-width:calc( 100% + 60px ) !important;margin-left: calc(-60px \/ 2 );margin-right: calc(-60px \/ 2 );\"><div class=\"fusion-layout-column fusion_builder_column fusion-builder-column-0 fusion_builder_column_1_2 1_2 fusion-flex-column\" style=\"--awb-padding-right:60px;--awb-padding-left:60px;--awb-padding-right-small:0px;--awb-padding-left-small:0px;--awb-bg-size:cover;--awb-width-large:50%;--awb-margin-top-large:0px;--awb-spacing-right-large:30px;--awb-margin-bottom-large:20px;--awb-spacing-left-large:30px;--awb-width-medium:100%;--awb-order-medium:0;--awb-margin-top-medium:20px;--awb-spacing-right-medium:30px;--awb-margin-bottom-medium:0px;--awb-spacing-left-medium:30px;--awb-width-small:100%;--awb-order-small:0;--awb-spacing-right-small:30px;--awb-spacing-left-small:30px;\"><div class=\"fusion-column-wrapper fusion-column-has-shadow fusion-flex-justify-content-flex-start fusion-content-layout-column\"><div class=\"fusion-title title fusion-title-1 fusion-sep-none fusion-title-text fusion-title-size-one\" style=\"--awb-text-color:var(--awb-custom13);--awb-margin-top-small:0px;--awb-margin-right-small:0px;--awb-margin-bottom-small:20px;--awb-margin-left-small:0px;--awb-font-size:40px;\"><h1 class=\"fusion-title-heading title-heading-left md-text-align-center fusion-responsive-typography-calculated\" style=\"font-family:var(--awb-typography1-font-family);font-weight:var(--awb-typography1-font-weight);font-style:var(--awb-typography1-font-style);margin:0;letter-spacing:var(--awb-typography1-letter-spacing);text-transform:var(--awb-typography1-text-transform);font-size:1em;--fontSize:40;line-height:var(--awb-typography1-line-height);\">Il Catalogus della Confederazione Benedettina entra nella fase di revisione<\/h1><\/div><div class=\"fusion-text fusion-text-1 fusion-no-small-visibility fusion-no-medium-visibility\" style=\"--awb-font-size:var(--awb-typography3-font-size);--awb-line-height:var(--awb-typography3-line-height);--awb-letter-spacing:var(--awb-typography3-letter-spacing);--awb-text-transform:var(--awb-typography3-text-transform);--awb-text-color:var(--awb-custom12);--awb-text-font-family:var(--awb-typography3-font-family);--awb-text-font-weight:var(--awb-typography3-font-weight);--awb-text-font-style:var(--awb-typography3-font-style);\"><p>Le bozze delle voci del Catalogus vengono ora inviate ai superiori delle congregazioni per la revisione. Con la raccolta dei dati completata, abbiamo incluso una tabella illustrativa che presenta le statistiche attuali della Confederazione Benedettina alla fine del 2024. <\/p>\n<\/div><\/div><\/div><div class=\"fusion-layout-column fusion_builder_column fusion-builder-column-1 fusion_builder_column_1_2 1_2 fusion-flex-column\" style=\"--awb-bg-size:cover;--awb-width-large:50%;--awb-margin-top-large:0px;--awb-spacing-right-large:30px;--awb-margin-bottom-large:0px;--awb-spacing-left-large:30px;--awb-width-medium:100%;--awb-order-medium:0;--awb-spacing-right-medium:30px;--awb-spacing-left-medium:30px;--awb-width-small:100%;--awb-order-small:0;--awb-spacing-right-small:30px;--awb-spacing-left-small:30px;\"><div class=\"fusion-column-wrapper fusion-column-has-shadow fusion-flex-justify-content-flex-start fusion-content-layout-column\"><div class=\"fusion-image-element \" style=\"--awb-caption-title-font-family:var(--h2_typography-font-family);--awb-caption-title-font-weight:var(--h2_typography-font-weight);--awb-caption-title-font-style:var(--h2_typography-font-style);--awb-caption-title-size:var(--h2_typography-font-size);--awb-caption-title-transform:var(--h2_typography-text-transform);--awb-caption-title-line-height:var(--h2_typography-line-height);--awb-caption-title-letter-spacing:var(--h2_typography-letter-spacing);\"><span class=\" fusion-imageframe imageframe-none imageframe-1 hover-type-none\" style=\"border:1px solid var(--awb-custom10);\"><a href=\"https:\/\/osb.org\/wp-content\/uploads\/2026\/01\/IMG_9304.jpg\" class=\"fusion-lightbox\" data-rel=\"iLightbox[dceb3712488a9a18fb1]\" data-title=\"IMG_9304\" title=\"IMG_9304\"><img decoding=\"async\" width=\"1920\" height=\"1080\" src=\"https:\/\/osb.org\/wp-content\/uploads\/2026\/01\/IMG_9304.jpg\" data-orig-src=\"https:\/\/osb.org\/wp-content\/uploads\/2026\/01\/IMG_9304.jpg\" alt class=\"lazyload img-responsive wp-image-16225\" srcset=\"data:image\/svg+xml,%3Csvg%20xmlns%3D%27http%3A%2F%2Fwww.w3.org%2F2000%2Fsvg%27%20width%3D%271920%27%20height%3D%271080%27%20viewBox%3D%270%200%201920%201080%27%3E%3Crect%20width%3D%271920%27%20height%3D%271080%27%20fill-opacity%3D%220%22%2F%3E%3C%2Fsvg%3E\" data-srcset=\"https:\/\/osb.org\/wp-content\/uploads\/2026\/01\/IMG_9304-200x113.jpg 200w, https:\/\/osb.org\/wp-content\/uploads\/2026\/01\/IMG_9304-400x225.jpg 400w, https:\/\/osb.org\/wp-content\/uploads\/2026\/01\/IMG_9304-600x338.jpg 600w, https:\/\/osb.org\/wp-content\/uploads\/2026\/01\/IMG_9304-800x450.jpg 800w, https:\/\/osb.org\/wp-content\/uploads\/2026\/01\/IMG_9304-1200x675.jpg 1200w, https:\/\/osb.org\/wp-content\/uploads\/2026\/01\/IMG_9304.jpg 1920w\" data-sizes=\"auto\" data-orig-sizes=\"(max-width: 1024px) 100vw, (max-width: 640px) 100vw, 600px\" \/><\/a><\/span><\/div><div class=\"fusion-text fusion-text-2 fusion-text-no-margin\" style=\"--awb-font-size:var(--awb-typography5-font-size);--awb-line-height:var(--awb-typography5-line-height);--awb-letter-spacing:var(--awb-typography5-letter-spacing);--awb-text-transform:var(--awb-typography5-text-transform);--awb-text-color:var(--awb-custom11);--awb-margin-top:12px;--awb-margin-bottom:12px;--awb-text-font-family:var(--awb-typography5-font-family);--awb-text-font-weight:var(--awb-typography5-font-weight);--awb-text-font-style:var(--awb-typography5-font-style);\"><\/div><\/div><\/div><div class=\"fusion-layout-column fusion_builder_column fusion-builder-column-2 fusion_builder_column_1_2 1_2 fusion-flex-column\" style=\"--awb-bg-size:cover;--awb-width-large:50%;--awb-margin-top-large:0px;--awb-spacing-right-large:30px;--awb-margin-bottom-large:0px;--awb-spacing-left-large:30px;--awb-width-medium:100%;--awb-order-medium:0;--awb-spacing-right-medium:30px;--awb-spacing-left-medium:30px;--awb-width-small:100%;--awb-order-small:0;--awb-spacing-right-small:30px;--awb-spacing-left-small:30px;\"><div class=\"fusion-column-wrapper fusion-column-has-shadow fusion-flex-justify-content-flex-start fusion-content-layout-column\"><div class=\"fusion-separator fusion-full-width-sep\" style=\"align-self: center;margin-left: auto;margin-right: auto;width:100%;\"><div class=\"fusion-separator-border sep-single sep-solid\" style=\"--awb-height:20px;--awb-amount:20px;--awb-sep-color:var(--awb-color4);border-color:var(--awb-color4);border-top-width:3px;\"><\/div><\/div><\/div><\/div><\/div><\/div><div class=\"fusion-fullwidth fullwidth-box fusion-builder-row-2 fusion-flex-container has-pattern-background has-mask-background hundred-percent-fullwidth non-hundred-percent-height-scrolling\" style=\"--awb-border-radius-top-left:0px;--awb-border-radius-top-right:0px;--awb-border-radius-bottom-right:0px;--awb-border-radius-bottom-left:0px;--awb-padding-right:60px;--awb-padding-left:60px;--awb-padding-right-medium:60px;--awb-padding-left-medium:60px;--awb-padding-right-small:30px;--awb-padding-left-small:30px;--awb-margin-top:30px;--awb-margin-top-small:0px;--awb-flex-wrap:wrap;\" ><div class=\"fusion-builder-row fusion-row fusion-flex-align-items-flex-start fusion-flex-justify-content-center fusion-flex-content-wrap\" style=\"width:calc( 100% + 60px ) !important;max-width:calc( 100% + 60px ) !important;margin-left: calc(-60px \/ 2 );margin-right: calc(-60px \/ 2 );\"><div class=\"fusion-layout-column fusion_builder_column fusion-builder-column-3 fusion_builder_column_1_2 1_2 fusion-flex-column\" style=\"--awb-bg-blend:overlay;--awb-bg-size:cover;--awb-width-large:50%;--awb-margin-top-large:0px;--awb-spacing-right-large:30px;--awb-margin-bottom-large:20px;--awb-spacing-left-large:30px;--awb-width-medium:75%;--awb-order-medium:0;--awb-spacing-right-medium:30px;--awb-spacing-left-medium:30px;--awb-width-small:100%;--awb-order-small:0;--awb-spacing-right-small:30px;--awb-spacing-left-small:30px;\"><div class=\"fusion-column-wrapper fusion-flex-justify-content-flex-start fusion-content-layout-column\"><div class=\"fusion-builder-row fusion-builder-row-inner fusion-row fusion-flex-align-items-flex-start fusion-flex-justify-content-center fusion-flex-content-wrap\" style=\"--awb-flex-grow:0;--awb-flex-grow-medium:0;--awb-flex-grow-small:0;--awb-flex-shrink:0;--awb-flex-shrink-medium:0;--awb-flex-shrink-small:0;width:calc( 100% + 60px ) !important;max-width:calc( 100% + 60px ) !important;margin-left: calc(-60px \/ 2 );margin-right: calc(-60px \/ 2 );\"><div class=\"fusion-layout-column fusion_builder_column_inner fusion-builder-nested-column-0 fusion_builder_column_inner_1_2 1_2 fusion-flex-column fusion-flex-align-self-center\" style=\"--awb-bg-size:cover;--awb-width-large:50%;--awb-margin-top-large:0px;--awb-spacing-right-large:30px;--awb-margin-bottom-large:0px;--awb-spacing-left-large:30px;--awb-width-medium:50%;--awb-order-medium:0;--awb-spacing-right-medium:30px;--awb-spacing-left-medium:30px;--awb-width-small:100%;--awb-order-small:1;--awb-spacing-right-small:30px;--awb-margin-bottom-small:20px;--awb-spacing-left-small:30px;\"><div class=\"fusion-column-wrapper fusion-column-has-shadow fusion-flex-justify-content-center fusion-content-layout-column\"><div class=\"fusion-text fusion-text-3 fusion-text-no-margin\" style=\"--awb-font-size:var(--awb-typography5-font-size);--awb-line-height:var(--awb-typography5-line-height);--awb-letter-spacing:var(--awb-typography5-letter-spacing);--awb-text-transform:var(--awb-typography5-text-transform);--awb-text-color:var(--awb-custom11);--awb-margin-top:0px;--awb-margin-right:0px;--awb-margin-bottom:0px;--awb-margin-left:0px;--awb-text-font-family:var(--awb-typography5-font-family);--awb-text-font-weight:var(--awb-typography5-font-weight);--awb-text-font-style:var(--awb-typography5-font-style);\"><p>5 Gennaio 2026<\/p>\n<\/div><\/div><\/div><div class=\"fusion-layout-column fusion_builder_column_inner fusion-builder-nested-column-1 fusion_builder_column_inner_1_2 1_2 fusion-flex-column fusion-flex-align-self-center\" style=\"--awb-bg-size:cover;--awb-width-large:50%;--awb-margin-top-large:0px;--awb-spacing-right-large:30px;--awb-margin-bottom-large:0px;--awb-spacing-left-large:30px;--awb-width-medium:50%;--awb-order-medium:0;--awb-spacing-right-medium:30px;--awb-spacing-left-medium:30px;--awb-width-small:100%;--awb-order-small:0;--awb-margin-top-small:0px;--awb-spacing-right-small:30px;--awb-spacing-left-small:30px;\"><div class=\"fusion-column-wrapper fusion-column-has-shadow fusion-flex-justify-content-center fusion-content-layout-column\"><div class=\"fusion-sharing-box fusion-sharing-box-1 boxed-icons\" style=\"background-color:var(--awb-color1);border-color:var(--awb-color1);--awb-margin-top:0px;--awb-margin-right:0px;--awb-margin-bottom:0px;--awb-margin-left:0px;--awb-wrapper-padding-top:0px;--awb-wrapper-padding-right:0px;--awb-wrapper-padding-bottom:0px;--awb-wrapper-padding-left:0px;--awb-padding-top:0px;--awb-padding-right:0px;--awb-padding-bottom:0px;--awb-padding-left:0px;--awb-border-top:0px;--awb-border-right:0px;--awb-border-bottom:0px;--awb-border-left:0px;--awb-icon-size:12px;--awb-separator-border-color:#cccccc;--awb-separator-border-sizes:0px;--awb-stacked-align:flex-end;--awb-layout:row;--awb-alignment-small:flex-end;--awb-stacked-align-small:center;\" data-title=\"Il Catalogus della Confederazione Benedettina entra nella fase di revisione\" data-description=\"Il tuo contenuto va qui       \r\n\r\nPadre Patrick Carter OSB, S.Th.D. \r\nProcuratore Generale della Confederazione Benedettina \r\nSegretario dell&#039;abate primate\r\n\r\nI lavori per la produzione del Catalogus della Confederazione Benedettina procedono costantemente. Le bozze per le singole congregazioni vengono inviate ai rispettivi superiori delle congregazioni\" data-link=\"https:\/\/osb.org\/it\/2026\/01\/05\/il-catalogus-della-confederazione-benedettina-entra-nella-fase-di-revisione\/\"><div class=\"fusion-social-networks sharingbox-shortcode-icon-wrapper sharingbox-shortcode-icon-wrapper-1 boxed-icons\"><span><a href=\"https:\/\/www.facebook.com\/sharer.php?u=https%3A%2F%2Fosb.org%2Fit%2F2026%2F01%2F05%2Fil-catalogus-della-confederazione-benedettina-entra-nella-fase-di-revisione%2F&amp;t=Il%20Catalogus%20della%20Confederazione%20Benedettina%20entra%20nella%20fase%20di%20revisione\" target=\"_blank\" rel=\"noreferrer\" title=\"Facebook\" aria-label=\"Facebook\"><i class=\"fusion-social-network-icon fusion-tooltip fusion-facebook awb-icon-facebook\" style=\"color:var(--awb-custom11);background-color:#e8e8e8;border-color:#e8e8e8;border-radius:50%;\" aria-hidden=\"true\"><\/i><\/a><\/span><span><a href=\"https:\/\/x.com\/intent\/post?text=Il%20Catalogus%20della%20Confederazione%20Benedettina%20entra%20nella%20fase%20di%20revisione&amp;url=https%3A%2F%2Fosb.org%2Fit%2F2026%2F01%2F05%2Fil-catalogus-della-confederazione-benedettina-entra-nella-fase-di-revisione%2F\" target=\"_blank\" rel=\"noopener noreferrer\" title=\"X\" aria-label=\"X\"><i class=\"fusion-social-network-icon fusion-tooltip fusion-twitter awb-icon-twitter\" style=\"color:var(--awb-custom11);background-color:#e8e8e8;border-color:#e8e8e8;border-radius:50%;\" aria-hidden=\"true\"><\/i><\/a><\/span><span><a href=\"https:\/\/api.whatsapp.com\/send?text=https%3A%2F%2Fosb.org%2Fit%2F2026%2F01%2F05%2Fil-catalogus-della-confederazione-benedettina-entra-nella-fase-di-revisione%2F\" target=\"_blank\" rel=\"noopener noreferrer\" title=\"WhatsApp\" aria-label=\"WhatsApp\"><i class=\"fusion-social-network-icon fusion-tooltip fusion-whatsapp awb-icon-whatsapp\" style=\"color:var(--awb-custom11);background-color:#e8e8e8;border-color:#e8e8e8;border-radius:50%;\" aria-hidden=\"true\"><\/i><\/a><\/span><span><a href=\"mailto:?subject=Il%20Catalogus%20della%20Confederazione%20Benedettina%20entra%20nella%20fase%20di%20revisione&amp;body=https%3A%2F%2Fosb.org%2Fit%2F2026%2F01%2F05%2Fil-catalogus-della-confederazione-benedettina-entra-nella-fase-di-revisione%2F\" target=\"_self\" title=\"Email\" aria-label=\"Email\"><i class=\"fusion-social-network-icon fusion-tooltip fusion-mail awb-icon-mail\" style=\"color:var(--awb-custom11);background-color:#e8e8e8;border-color:#e8e8e8;border-radius:50%;\" aria-hidden=\"true\"><\/i><\/a><\/span><\/div><\/div><\/div><\/div><\/div><div class=\"fusion-text fusion-text-4\"><p><em>Padre Patrick Carter OSB, S.Th.D. <\/em><br \/>\n<em>Procuratore Generale della Confederazione Benedettina <\/em><br \/>\n<em>Segretario dell'abate primate<\/em><\/p>\n<p>I lavori per la produzione del Catalogus della Confederazione Benedettina procedono costantemente. Le bozze per le singole congregazioni vengono inviate ai rispettivi superiori delle congregazioni per la revisione questa settimana. Successivamente, verr\u00e0 concesso un mese per correzioni e aggiunte, prima che inizi la compilazione finale del Catalogus. I dati del Catalogus si basano sulla situazione alla fine del 2024 (un anno fa, e non alla fine del 2025). \u00c8 previsto che la versione stampata del Catalogus sar\u00e0 disponibile entro met\u00e0 febbraio 2026.    <\/p>\n<p>All'inizio di febbraio, si terr\u00e0 un incontro negli Stati Uniti con i redattori del Communio Internationalis Benedictinarum (CIB) per coordinare la creazione e la pubblicazione del Catalogus con le suore del CIB che stanno lavorando al loro Catalogus.<\/p>\n<p>Con la raccolta iniziale dei dati per il Catalogus ora completata, la seguente tabella fornisce le statistiche attuali della Confederazione Benedettina alla fine del 2024:<\/p>\n<\/div><\/div><\/div><\/div><\/div><div class=\"fusion-fullwidth fullwidth-box fusion-builder-row-3 fusion-flex-container has-pattern-background has-mask-background hundred-percent-fullwidth non-hundred-percent-height-scrolling\" style=\"--awb-border-radius-top-left:0px;--awb-border-radius-top-right:0px;--awb-border-radius-bottom-right:0px;--awb-border-radius-bottom-left:0px;--awb-padding-right:60px;--awb-padding-left:60px;--awb-padding-right-medium:60px;--awb-padding-left-medium:60px;--awb-padding-right-small:30px;--awb-padding-left-small:30px;--awb-margin-top:30px;--awb-margin-top-small:0px;--awb-flex-wrap:wrap;\" ><div class=\"fusion-builder-row fusion-row fusion-flex-align-items-flex-start fusion-flex-justify-content-center fusion-flex-content-wrap\" style=\"width:calc( 100% + 60px ) !important;max-width:calc( 100% + 60px ) !important;margin-left: calc(-60px \/ 2 );margin-right: calc(-60px \/ 2 );\"><div class=\"fusion-layout-column fusion_builder_column fusion-builder-column-4 fusion_builder_column_1_1 1_1 fusion-flex-column\" style=\"--awb-bg-blend:overlay;--awb-bg-size:cover;--awb-width-large:100%;--awb-margin-top-large:0px;--awb-spacing-right-large:30px;--awb-margin-bottom-large:20px;--awb-spacing-left-large:30px;--awb-width-medium:75%;--awb-order-medium:0;--awb-spacing-right-medium:30px;--awb-spacing-left-medium:30px;--awb-width-small:100%;--awb-order-small:0;--awb-spacing-right-small:30px;--awb-spacing-left-small:30px;\"><div class=\"fusion-column-wrapper fusion-flex-justify-content-flex-start fusion-content-layout-column\">\n<div class=\"table-1\">\n<table width=\"100%\">\n<thead>\n<tr>\n<th align=\"left\">Congregazione<\/th>\n<th align=\"center\">Monachi<br \/>\nOrdinati<\/th>\n<th align=\"center\">Non Ordin.<\/th>\n<th align=\"center\">Novitii<\/th>\n<th align=\"center\">Oblati<\/th>\n<th align=\"center\">Temp.*<\/th>\n<th align=\"center\">Summa<\/th>\n<\/tr>\n<\/thead>\n<tbody>\n<tr>\n<td align=\"left\">1. Sublacensis Cassinensis<\/td>\n<td align=\"center\">499<\/td>\n<td align=\"center\">652<\/td>\n<td align=\"center\">13<\/td>\n<td align=\"center\">24<\/td>\n<td align=\"center\">(131)<\/td>\n<td align=\"center\"><strong>1188<\/strong><\/td>\n<\/tr>\n<tr>\n<td align=\"left\">2. Angliae<\/td>\n<td align=\"center\">149<\/td>\n<td align=\"center\">40<\/td>\n<td align=\"center\">3<\/td>\n<td align=\"center\">1<\/td>\n<td align=\"center\">(18)<\/td>\n<td align=\"center\"><strong>193<\/strong><\/td>\n<\/tr>\n<tr>\n<td align=\"left\">3. Hungarica<\/td>\n<td align=\"center\">60<\/td>\n<td align=\"center\">18<\/td>\n<td align=\"center\">3<\/td>\n<td align=\"center\">2<\/td>\n<td align=\"center\">(8)<\/td>\n<td align=\"center\"><strong>83<\/strong><\/td>\n<\/tr>\n<tr>\n<td align=\"left\">4. Helvetica<\/td>\n<td align=\"center\">89<\/td>\n<td align=\"center\">42<\/td>\n<td align=\"center\">3<\/td>\n<td align=\"center\">3<\/td>\n<td align=\"center\">(11)<\/td>\n<td align=\"center\"><strong>137<\/strong><\/td>\n<\/tr>\n<tr>\n<td align=\"left\">5. Austriaca<\/td>\n<td align=\"center\">183<\/td>\n<td align=\"center\">60<\/td>\n<td align=\"center\">2<\/td>\n<td align=\"center\">6<\/td>\n<td align=\"center\">(25)<\/td>\n<td align=\"center\"><strong>251<\/strong><\/td>\n<\/tr>\n<tr>\n<td align=\"left\">6. Bavarica<\/td>\n<td align=\"center\">87<\/td>\n<td align=\"center\">52<\/td>\n<td align=\"center\">2<\/td>\n<td align=\"center\">3<\/td>\n<td align=\"center\">(8)<\/td>\n<td align=\"center\"><strong>144<\/strong><\/td>\n<\/tr>\n<tr>\n<td align=\"left\">7. Brasiliensis<\/td>\n<td align=\"center\">78<\/td>\n<td align=\"center\">61<\/td>\n<td align=\"center\">25<\/td>\n<td align=\"center\">1<\/td>\n<td align=\"center\">(11)<\/td>\n<td align=\"center\"><strong>165<\/strong><\/td>\n<\/tr>\n<tr>\n<td align=\"left\">8. Solesmensis<\/td>\n<td align=\"center\">321<\/td>\n<td align=\"center\">169<\/td>\n<td align=\"center\">17<\/td>\n<td align=\"center\">19<\/td>\n<td align=\"center\">(12)<\/td>\n<td align=\"center\"><strong>526<\/strong><\/td>\n<\/tr>\n<tr>\n<td align=\"left\">9. Americano-Casinensis<\/td>\n<td align=\"center\">330<\/td>\n<td align=\"center\">214<\/td>\n<td align=\"center\">6<\/td>\n<td align=\"center\">2<\/td>\n<td align=\"center\">(27)<\/td>\n<td align=\"center\"><strong>552<\/strong><\/td>\n<\/tr>\n<tr>\n<td align=\"left\">10. Beuronensis<\/td>\n<td align=\"center\">80<\/td>\n<td align=\"center\">62<\/td>\n<td align=\"center\">2<\/td>\n<td align=\"center\">2<\/td>\n<td align=\"center\">(3)<\/td>\n<td align=\"center\"><strong>146<\/strong><\/td>\n<\/tr>\n<tr>\n<td align=\"left\">11. Helveto-Americana<\/td>\n<td align=\"center\">205<\/td>\n<td align=\"center\">193<\/td>\n<td align=\"center\">22<\/td>\n<td align=\"center\">1<\/td>\n<td align=\"center\">(45)<\/td>\n<td align=\"center\"><strong>421<\/strong><\/td>\n<\/tr>\n<tr>\n<td align=\"left\">12. Ottiliensis<\/td>\n<td align=\"center\">315<\/td>\n<td align=\"center\">606<\/td>\n<td align=\"center\">91<\/td>\n<td align=\"center\">3<\/td>\n<td align=\"center\">(167)<\/td>\n<td align=\"center\"><strong>1015<\/strong><\/td>\n<\/tr>\n<tr>\n<td align=\"left\">13. Annuntiationis B.M.V.<\/td>\n<td align=\"center\">256<\/td>\n<td align=\"center\">191<\/td>\n<td align=\"center\">27<\/td>\n<td align=\"center\">8<\/td>\n<td align=\"center\">(48)<\/td>\n<td align=\"center\"><strong>482<\/strong><\/td>\n<\/tr>\n<tr>\n<td align=\"left\">14. Slava<\/td>\n<td align=\"center\">15<\/td>\n<td align=\"center\">9<\/td>\n<td align=\"center\">0<\/td>\n<td align=\"center\">1<\/td>\n<td align=\"center\">(1)<\/td>\n<td align=\"center\"><strong>25<\/strong><\/td>\n<\/tr>\n<tr>\n<td align=\"left\">15. S. Mariae Montis Oliveti<\/td>\n<td align=\"center\">100<\/td>\n<td align=\"center\">69<\/td>\n<td align=\"center\">12<\/td>\n<td align=\"center\">12<\/td>\n<td align=\"center\">(12)<\/td>\n<td align=\"center\"><strong>193<\/strong><\/td>\n<\/tr>\n<tr>\n<td align=\"left\">16. St. Mariae Vallis Umbrosae<\/td>\n<td align=\"center\">60<\/td>\n<td align=\"center\">14<\/td>\n<td align=\"center\">0<\/td>\n<td align=\"center\">0<\/td>\n<td align=\"center\">(4)<\/td>\n<td align=\"center\"><strong>74<\/strong><\/td>\n<\/tr>\n<tr>\n<td align=\"left\">17. Camaldulensis Ordinis Sancti Benedicti<\/td>\n<td align=\"center\">53<\/td>\n<td align=\"center\">42<\/td>\n<td align=\"center\">4<\/td>\n<td align=\"center\">1<\/td>\n<td align=\"center\">(17)<\/td>\n<td align=\"center\"><strong>100<\/strong><\/td>\n<\/tr>\n<tr>\n<td align=\"left\">18. Silvestrina<\/td>\n<td align=\"center\">138<\/td>\n<td align=\"center\">52<\/td>\n<td align=\"center\">8<\/td>\n<td align=\"center\">2<\/td>\n<td align=\"center\">(42)<\/td>\n<td align=\"center\"><strong>200<\/strong><\/td>\n<\/tr>\n<tr>\n<td align=\"left\">19. Cono-Sur<\/td>\n<td align=\"center\">37<\/td>\n<td align=\"center\">39<\/td>\n<td align=\"center\">2<\/td>\n<td align=\"center\">1<\/td>\n<td align=\"center\">(7)<\/td>\n<td align=\"center\"><strong>79<\/strong><\/td>\n<\/tr>\n<tr>\n<td align=\"left\">20. Extra et Consociati<\/td>\n<td align=\"center\">80<\/td>\n<td align=\"center\">53<\/td>\n<td align=\"center\">10<\/td>\n<td align=\"center\">9<\/td>\n<td align=\"center\">(9)<\/td>\n<td align=\"center\"><strong>152<\/strong><\/td>\n<\/tr>\n<tr>\n<td style=\"height: 0.75em; padding: 0; border: none;\" colspan=\"7\"><\/td>\n<\/tr>\n<tr>\n<td align=\"left\"><strong>Summae<\/strong><\/td>\n<td align=\"center\"><strong>3135<\/strong><\/td>\n<td align=\"center\"><strong>2638<\/strong><\/td>\n<td align=\"center\"><strong>252<\/strong><\/td>\n<td align=\"center\"><strong>101<\/strong><\/td>\n<td align=\"center\"><strong>(606)<\/strong><\/td>\n<td align=\"center\"><strong>6126<\/strong><\/td>\n<\/tr>\n<\/tbody>\n<\/table>\n<\/div>\n<\/div><\/div><\/div><\/div><\/p>\n","protected":false},"excerpt":{"rendered":"<p>Le bozze delle voci del Catalogus vengono ora inviate ai superiori delle congregazioni per la revisione. Con la raccolta dei dati completata, abbiamo incluso una tabella illustrativa che presenta le statistiche attuali della Confederazione Benedettina alla fine del 2024. <\/p>\n","protected":false},"author":1,"featured_media":16225,"comment_status":"closed","ping_status":"closed","sticky":false,"template":"","format":"standard","meta":{"footnotes":""},"categories":[180],"tags":[380,374],"class_list":["post-16224","post","type-post","status-publish","format-standard","has-post-thumbnail","hentry","category-nexus-it","tag-nexus-gennaio-2026-it","tag-nexus-rapporto-sul-mondo-benedettino-it"],"cc_featured_image_caption":{"caption_text":false,"source_text":false,"source_url":false},"_links":{"self":[{"href":"https:\/\/osb.org\/it\/wp-json\/wp\/v2\/posts\/16224","targetHints":{"allow":["GET"]}}],"collection":[{"href":"https:\/\/osb.org\/it\/wp-json\/wp\/v2\/posts"}],"about":[{"href":"https:\/\/osb.org\/it\/wp-json\/wp\/v2\/types\/post"}],"author":[{"embeddable":true,"href":"https:\/\/osb.org\/it\/wp-json\/wp\/v2\/users\/1"}],"replies":[{"embeddable":true,"href":"https:\/\/osb.org\/it\/wp-json\/wp\/v2\/comments?post=16224"}],"version-history":[{"count":0,"href":"https:\/\/osb.org\/it\/wp-json\/wp\/v2\/posts\/16224\/revisions"}],"wp:featuredmedia":[{"embeddable":true,"href":"https:\/\/osb.org\/it\/wp-json\/wp\/v2\/media\/16225"}],"wp:attachment":[{"href":"https:\/\/osb.org\/it\/wp-json\/wp\/v2\/media?parent=16224"}],"wp:term":[{"taxonomy":"category","embeddable":true,"href":"https:\/\/osb.org\/it\/wp-json\/wp\/v2\/categories?post=16224"},{"taxonomy":"post_tag","embeddable":true,"href":"https:\/\/osb.org\/it\/wp-json\/wp\/v2\/tags?post=16224"}],"curies":[{"name":"wp","href":"https:\/\/api.w.org\/{rel}","templated":true}]}}