{"id":16072,"date":"2025-12-02T11:08:11","date_gmt":"2025-12-02T10:08:11","guid":{"rendered":"https:\/\/osb.org\/2025\/12\/02\/necrologio-padre-martin-neyt-osb-ex-presidente-dellaim\/"},"modified":"2025-12-02T11:30:05","modified_gmt":"2025-12-02T10:30:05","slug":"necrologio-padre-martin-neyt-osb-ex-presidente-dellaim","status":"publish","type":"post","link":"https:\/\/osb.org\/it\/2025\/12\/02\/necrologio-padre-martin-neyt-osb-ex-presidente-dellaim\/","title":{"rendered":"Necrologio: Padre Martin Neyt OSB, Ex Presidente dell&#8217;AIM"},"content":{"rendered":"<p><div class=\"fusion-fullwidth fullwidth-box fusion-builder-row-1 fusion-flex-container has-pattern-background has-mask-background hundred-percent-fullwidth non-hundred-percent-height-scrolling\" style=\"--awb-border-sizes-bottom:1px;--awb-border-color:var(--awb-custom11);--awb-border-radius-top-left:0px;--awb-border-radius-top-right:0px;--awb-border-radius-bottom-right:0px;--awb-border-radius-bottom-left:0px;--awb-padding-right:60px;--awb-padding-bottom:20px;--awb-padding-left:60px;--awb-padding-right-small:30px;--awb-padding-left-small:30px;--awb-margin-top-medium:1px;--awb-margin-top-small:0px;--awb-flex-wrap:wrap;\" ><div class=\"fusion-builder-row fusion-row fusion-flex-align-items-center fusion-flex-justify-content-flex-end fusion-flex-content-wrap\" style=\"width:calc( 100% + 60px ) !important;max-width:calc( 100% + 60px ) !important;margin-left: calc(-60px \/ 2 );margin-right: calc(-60px \/ 2 );\"><div class=\"fusion-layout-column fusion_builder_column fusion-builder-column-0 fusion_builder_column_1_2 1_2 fusion-flex-column\" style=\"--awb-padding-right:60px;--awb-padding-left:60px;--awb-padding-right-small:0px;--awb-padding-left-small:0px;--awb-bg-size:cover;--awb-width-large:50%;--awb-margin-top-large:0px;--awb-spacing-right-large:30px;--awb-margin-bottom-large:20px;--awb-spacing-left-large:30px;--awb-width-medium:100%;--awb-order-medium:0;--awb-margin-top-medium:20px;--awb-spacing-right-medium:30px;--awb-margin-bottom-medium:0px;--awb-spacing-left-medium:30px;--awb-width-small:100%;--awb-order-small:0;--awb-spacing-right-small:30px;--awb-spacing-left-small:30px;\"><div class=\"fusion-column-wrapper fusion-column-has-shadow fusion-flex-justify-content-flex-start fusion-content-layout-column\"><div class=\"fusion-title title fusion-title-1 fusion-sep-none fusion-title-text fusion-title-size-one\" style=\"--awb-text-color:var(--awb-custom13);--awb-margin-top-small:0px;--awb-margin-right-small:0px;--awb-margin-bottom-small:20px;--awb-margin-left-small:0px;--awb-font-size:40px;\"><h1 class=\"fusion-title-heading title-heading-left md-text-align-center fusion-responsive-typography-calculated\" style=\"font-family:var(--awb-typography1-font-family);font-weight:var(--awb-typography1-font-weight);font-style:var(--awb-typography1-font-style);margin:0;letter-spacing:var(--awb-typography1-letter-spacing);text-transform:var(--awb-typography1-text-transform);font-size:1em;--fontSize:40;line-height:var(--awb-typography1-line-height);\">Necrologio: Padre Martin Neyt OSB, Ex Presidente dell&#8217;AIM<\/h1><\/div><div class=\"fusion-text fusion-text-1 fusion-no-small-visibility fusion-no-medium-visibility\" style=\"--awb-font-size:var(--awb-typography3-font-size);--awb-line-height:var(--awb-typography3-line-height);--awb-letter-spacing:var(--awb-typography3-letter-spacing);--awb-text-transform:var(--awb-typography3-text-transform);--awb-text-color:var(--awb-custom12);--awb-text-font-family:var(--awb-typography3-font-family);--awb-text-font-weight:var(--awb-typography3-font-weight);--awb-text-font-style:var(--awb-typography3-font-style);\"><p>Padre Martin Neyt OSB, monaco del Monastero di Clerlande e Presidente dell'Alleanza per il Monachesimo Internazionale (AIM) dal 1997 al 2013, \u00e8 deceduto. La sua eredit\u00e0 \u00e8 un servizio al mondo monastico internazionale. <\/p>\n<\/div><\/div><\/div><div class=\"fusion-layout-column fusion_builder_column fusion-builder-column-1 fusion_builder_column_1_2 1_2 fusion-flex-column\" style=\"--awb-bg-size:cover;--awb-width-large:50%;--awb-margin-top-large:0px;--awb-spacing-right-large:30px;--awb-margin-bottom-large:0px;--awb-spacing-left-large:30px;--awb-width-medium:100%;--awb-order-medium:0;--awb-spacing-right-medium:30px;--awb-spacing-left-medium:30px;--awb-width-small:100%;--awb-order-small:0;--awb-spacing-right-small:30px;--awb-spacing-left-small:30px;\"><div class=\"fusion-column-wrapper fusion-column-has-shadow fusion-flex-justify-content-flex-start fusion-content-layout-column\"><div class=\"fusion-image-element \" style=\"--awb-caption-title-font-family:var(--h2_typography-font-family);--awb-caption-title-font-weight:var(--h2_typography-font-weight);--awb-caption-title-font-style:var(--h2_typography-font-style);--awb-caption-title-size:var(--h2_typography-font-size);--awb-caption-title-transform:var(--h2_typography-text-transform);--awb-caption-title-line-height:var(--h2_typography-line-height);--awb-caption-title-letter-spacing:var(--h2_typography-letter-spacing);\"><span class=\" fusion-imageframe imageframe-none imageframe-1 hover-type-none\" style=\"border:1px solid var(--awb-custom10);\"><a href=\"https:\/\/osb.org\/wp-content\/uploads\/2025\/12\/91289b_879a85cc3339438095fa03b2b86a586fmv2.jpg\" class=\"fusion-lightbox\" data-rel=\"iLightbox[92380e97a01fcc99b77]\" data-title=\"91289b_879a85cc3339438095fa03b2b86a586f~mv2\" title=\"91289b_879a85cc3339438095fa03b2b86a586f~mv2\"><img decoding=\"async\" width=\"1148\" height=\"1646\" src=\"https:\/\/osb.org\/wp-content\/uploads\/2025\/12\/91289b_879a85cc3339438095fa03b2b86a586fmv2.jpg\" data-orig-src=\"https:\/\/osb.org\/wp-content\/uploads\/2025\/12\/91289b_879a85cc3339438095fa03b2b86a586fmv2.jpg\" alt class=\"lazyload img-responsive wp-image-16070\" srcset=\"data:image\/svg+xml,%3Csvg%20xmlns%3D%27http%3A%2F%2Fwww.w3.org%2F2000%2Fsvg%27%20width%3D%271148%27%20height%3D%271646%27%20viewBox%3D%270%200%201148%201646%27%3E%3Crect%20width%3D%271148%27%20height%3D%271646%27%20fill-opacity%3D%220%22%2F%3E%3C%2Fsvg%3E\" data-srcset=\"https:\/\/osb.org\/wp-content\/uploads\/2025\/12\/91289b_879a85cc3339438095fa03b2b86a586fmv2-200x287.jpg 200w, https:\/\/osb.org\/wp-content\/uploads\/2025\/12\/91289b_879a85cc3339438095fa03b2b86a586fmv2-400x574.jpg 400w, https:\/\/osb.org\/wp-content\/uploads\/2025\/12\/91289b_879a85cc3339438095fa03b2b86a586fmv2-600x860.jpg 600w, https:\/\/osb.org\/wp-content\/uploads\/2025\/12\/91289b_879a85cc3339438095fa03b2b86a586fmv2-800x1147.jpg 800w, https:\/\/osb.org\/wp-content\/uploads\/2025\/12\/91289b_879a85cc3339438095fa03b2b86a586fmv2.jpg 1148w\" data-sizes=\"auto\" data-orig-sizes=\"(max-width: 1024px) 100vw, (max-width: 640px) 100vw, 600px\" \/><\/a><\/span><\/div><div class=\"fusion-text fusion-text-2 fusion-text-no-margin\" style=\"--awb-font-size:var(--awb-typography5-font-size);--awb-line-height:var(--awb-typography5-line-height);--awb-letter-spacing:var(--awb-typography5-letter-spacing);--awb-text-transform:var(--awb-typography5-text-transform);--awb-text-color:var(--awb-custom11);--awb-margin-top:12px;--awb-margin-bottom:12px;--awb-text-font-family:var(--awb-typography5-font-family);--awb-text-font-weight:var(--awb-typography5-font-weight);--awb-text-font-style:var(--awb-typography5-font-style);\"><\/div><\/div><\/div><div class=\"fusion-layout-column fusion_builder_column fusion-builder-column-2 fusion_builder_column_1_2 1_2 fusion-flex-column\" style=\"--awb-bg-size:cover;--awb-width-large:50%;--awb-margin-top-large:0px;--awb-spacing-right-large:30px;--awb-margin-bottom-large:0px;--awb-spacing-left-large:30px;--awb-width-medium:100%;--awb-order-medium:0;--awb-spacing-right-medium:30px;--awb-spacing-left-medium:30px;--awb-width-small:100%;--awb-order-small:0;--awb-spacing-right-small:30px;--awb-spacing-left-small:30px;\"><div class=\"fusion-column-wrapper fusion-column-has-shadow fusion-flex-justify-content-flex-start fusion-content-layout-column\"><div class=\"fusion-separator fusion-full-width-sep\" style=\"align-self: center;margin-left: auto;margin-right: auto;width:100%;\"><div class=\"fusion-separator-border sep-single sep-solid\" style=\"--awb-height:20px;--awb-amount:20px;--awb-sep-color:var(--awb-color4);border-color:var(--awb-color4);border-top-width:3px;\"><\/div><\/div><\/div><\/div><\/div><\/div><div class=\"fusion-fullwidth fullwidth-box fusion-builder-row-2 fusion-flex-container has-pattern-background has-mask-background hundred-percent-fullwidth non-hundred-percent-height-scrolling\" style=\"--awb-border-radius-top-left:0px;--awb-border-radius-top-right:0px;--awb-border-radius-bottom-right:0px;--awb-border-radius-bottom-left:0px;--awb-padding-right:60px;--awb-padding-left:60px;--awb-padding-right-medium:60px;--awb-padding-left-medium:60px;--awb-padding-right-small:30px;--awb-padding-left-small:30px;--awb-margin-top:30px;--awb-margin-top-small:0px;--awb-flex-wrap:wrap;\" ><div class=\"fusion-builder-row fusion-row fusion-flex-align-items-flex-start fusion-flex-justify-content-center fusion-flex-content-wrap\" style=\"width:calc( 100% + 60px ) !important;max-width:calc( 100% + 60px ) !important;margin-left: calc(-60px \/ 2 );margin-right: calc(-60px \/ 2 );\"><div class=\"fusion-layout-column fusion_builder_column fusion-builder-column-3 fusion_builder_column_2_5 2_5 fusion-flex-column\" style=\"--awb-bg-blend:overlay;--awb-bg-size:cover;--awb-width-large:40%;--awb-margin-top-large:0px;--awb-spacing-right-large:30px;--awb-margin-bottom-large:20px;--awb-spacing-left-large:30px;--awb-width-medium:75%;--awb-order-medium:0;--awb-spacing-right-medium:30px;--awb-spacing-left-medium:30px;--awb-width-small:100%;--awb-order-small:0;--awb-spacing-right-small:30px;--awb-spacing-left-small:30px;\"><div class=\"fusion-column-wrapper fusion-flex-justify-content-flex-start fusion-content-layout-column\"><div class=\"fusion-builder-row fusion-builder-row-inner fusion-row fusion-flex-align-items-flex-start fusion-flex-justify-content-center fusion-flex-content-wrap\" style=\"--awb-flex-grow:0;--awb-flex-grow-medium:0;--awb-flex-grow-small:0;--awb-flex-shrink:0;--awb-flex-shrink-medium:0;--awb-flex-shrink-small:0;width:calc( 100% + 60px ) !important;max-width:calc( 100% + 60px ) !important;margin-left: calc(-60px \/ 2 );margin-right: calc(-60px \/ 2 );\"><div class=\"fusion-layout-column fusion_builder_column_inner fusion-builder-nested-column-0 fusion_builder_column_inner_1_2 1_2 fusion-flex-column fusion-flex-align-self-center\" style=\"--awb-bg-size:cover;--awb-width-large:50%;--awb-margin-top-large:0px;--awb-spacing-right-large:30px;--awb-margin-bottom-large:0px;--awb-spacing-left-large:30px;--awb-width-medium:50%;--awb-order-medium:0;--awb-spacing-right-medium:30px;--awb-spacing-left-medium:30px;--awb-width-small:100%;--awb-order-small:1;--awb-spacing-right-small:30px;--awb-margin-bottom-small:20px;--awb-spacing-left-small:30px;\"><div class=\"fusion-column-wrapper fusion-column-has-shadow fusion-flex-justify-content-center fusion-content-layout-column\"><div class=\"fusion-text fusion-text-3 fusion-text-no-margin\" style=\"--awb-font-size:var(--awb-typography5-font-size);--awb-line-height:var(--awb-typography5-line-height);--awb-letter-spacing:var(--awb-typography5-letter-spacing);--awb-text-transform:var(--awb-typography5-text-transform);--awb-text-color:var(--awb-custom11);--awb-margin-top:0px;--awb-margin-right:0px;--awb-margin-bottom:0px;--awb-margin-left:0px;--awb-text-font-family:var(--awb-typography5-font-family);--awb-text-font-weight:var(--awb-typography5-font-weight);--awb-text-font-style:var(--awb-typography5-font-style);\"><p>2 Dicembre 2025<\/p>\n<\/div><\/div><\/div><div class=\"fusion-layout-column fusion_builder_column_inner fusion-builder-nested-column-1 fusion_builder_column_inner_1_2 1_2 fusion-flex-column fusion-flex-align-self-center\" style=\"--awb-bg-size:cover;--awb-width-large:50%;--awb-margin-top-large:0px;--awb-spacing-right-large:30px;--awb-margin-bottom-large:0px;--awb-spacing-left-large:30px;--awb-width-medium:50%;--awb-order-medium:0;--awb-spacing-right-medium:30px;--awb-spacing-left-medium:30px;--awb-width-small:100%;--awb-order-small:0;--awb-margin-top-small:0px;--awb-spacing-right-small:30px;--awb-spacing-left-small:30px;\"><div class=\"fusion-column-wrapper fusion-column-has-shadow fusion-flex-justify-content-center fusion-content-layout-column\"><div class=\"fusion-sharing-box fusion-sharing-box-1 boxed-icons\" style=\"background-color:var(--awb-color1);border-color:var(--awb-color1);--awb-margin-top:0px;--awb-margin-right:0px;--awb-margin-bottom:0px;--awb-margin-left:0px;--awb-wrapper-padding-top:0px;--awb-wrapper-padding-right:0px;--awb-wrapper-padding-bottom:0px;--awb-wrapper-padding-left:0px;--awb-padding-top:0px;--awb-padding-right:0px;--awb-padding-bottom:0px;--awb-padding-left:0px;--awb-border-top:0px;--awb-border-right:0px;--awb-border-bottom:0px;--awb-border-left:0px;--awb-icon-size:12px;--awb-separator-border-color:#cccccc;--awb-separator-border-sizes:0px;--awb-stacked-align:flex-end;--awb-layout:row;--awb-alignment-small:flex-end;--awb-stacked-align-small:center;\" data-title=\"Necrologio: Padre Martin Neyt OSB, Ex Presidente dell&#8217;AIM\" data-description=\"Il tuo contenuto va qui       \r\n\r\nPadre Martin Neyt OSB, monaco ed ex Priore del Monastero di Clerlande (Congregazione dell&#039;Annunciazione, Belgio), \u00e8 deceduto nella notte del 25 novembre 2025. Padre Martin \u00e8 entrato in monastero nel 1963. Ha servito come Presidente dell&#039;AIM per\" data-link=\"https:\/\/osb.org\/it\/2025\/12\/02\/necrologio-padre-martin-neyt-osb-ex-presidente-dellaim\/\"><div class=\"fusion-social-networks sharingbox-shortcode-icon-wrapper sharingbox-shortcode-icon-wrapper-1 boxed-icons\"><span><a href=\"https:\/\/www.facebook.com\/sharer.php?u=https%3A%2F%2Fosb.org%2Fit%2F2025%2F12%2F02%2Fnecrologio-padre-martin-neyt-osb-ex-presidente-dellaim%2F&amp;t=Necrologio%3A%20Padre%20Martin%20Neyt%20OSB%2C%20Ex%20Presidente%20dell%26%238217%3BAIM\" target=\"_blank\" rel=\"noreferrer\" title=\"Facebook\" aria-label=\"Facebook\"><i class=\"fusion-social-network-icon fusion-tooltip fusion-facebook awb-icon-facebook\" style=\"color:var(--awb-custom11);background-color:#e8e8e8;border-color:#e8e8e8;border-radius:50%;\" aria-hidden=\"true\"><\/i><\/a><\/span><span><a href=\"https:\/\/x.com\/intent\/post?text=Necrologio%3A%20Padre%20Martin%20Neyt%20OSB%2C%20Ex%20Presidente%20dell%E2%80%99AIM&amp;url=https%3A%2F%2Fosb.org%2Fit%2F2025%2F12%2F02%2Fnecrologio-padre-martin-neyt-osb-ex-presidente-dellaim%2F\" target=\"_blank\" rel=\"noopener noreferrer\" title=\"X\" aria-label=\"X\"><i class=\"fusion-social-network-icon fusion-tooltip fusion-twitter awb-icon-twitter\" style=\"color:var(--awb-custom11);background-color:#e8e8e8;border-color:#e8e8e8;border-radius:50%;\" aria-hidden=\"true\"><\/i><\/a><\/span><span><a href=\"https:\/\/api.whatsapp.com\/send?text=https%3A%2F%2Fosb.org%2Fit%2F2025%2F12%2F02%2Fnecrologio-padre-martin-neyt-osb-ex-presidente-dellaim%2F\" target=\"_blank\" rel=\"noopener noreferrer\" title=\"WhatsApp\" aria-label=\"WhatsApp\"><i class=\"fusion-social-network-icon fusion-tooltip fusion-whatsapp awb-icon-whatsapp\" style=\"color:var(--awb-custom11);background-color:#e8e8e8;border-color:#e8e8e8;border-radius:50%;\" aria-hidden=\"true\"><\/i><\/a><\/span><span><a href=\"mailto:?subject=Necrologio%3A%20Padre%20Martin%20Neyt%20OSB%2C%20Ex%20Presidente%20dell%26%238217%3BAIM&amp;body=https%3A%2F%2Fosb.org%2Fit%2F2025%2F12%2F02%2Fnecrologio-padre-martin-neyt-osb-ex-presidente-dellaim%2F\" target=\"_self\" title=\"Email\" aria-label=\"Email\"><i class=\"fusion-social-network-icon fusion-tooltip fusion-mail awb-icon-mail\" style=\"color:var(--awb-custom11);background-color:#e8e8e8;border-color:#e8e8e8;border-radius:50%;\" aria-hidden=\"true\"><\/i><\/a><\/span><\/div><\/div><\/div><\/div><\/div><div class=\"fusion-text fusion-text-4\"><p>Padre Martin Neyt OSB, monaco ed ex Priore del Monastero di Clerlande (Congregazione dell&#8217;Annunciazione, Belgio), \u00e8 deceduto nella notte del 25 novembre 2025. Padre Martin \u00e8 entrato in monastero nel 1963. Ha servito come Presidente dell&#8217;AIM per sedici anni. L&#8217;Abate Primate Jeremias Schr\u00f6der OSB ha onorato il defunto con queste parole:    <\/p>\n<blockquote>\n<p>\u00abSono rattristato dalla dipartita di P. Martin. Aveva un cuore per i monasteri di tutto il mondo, specialmente in Africa, e mancher\u00e0 molto a molti. Condividiamo e ci uniamo al dolore dei suoi confratelli e amici. Dichiaramo anche la nostra fede in ci\u00f2 che deve ancora venire: che la misericordia e la gloria di Dio lo abbraccino ora.\u00bb<\/p>\n<\/blockquote>\n<p>Padre Martin fu nominato Presidente dell&#8217;AIM nel 1997, in un momento in cui l&#8217;istituzione stava attraversando una fondamentale ristrutturazione sotto il nuovo Abate Primate, Marcel Rooney OSB. L&#8217;obiettivo era quello di adattare meglio l&#8217;organizzazione al servizio internazionale a cui era chiamata. In collaborazione con i Segretari Generali P. Jacques C\u00f4t\u00e9 OSB (Saint-Beno\u00eet-du-Lac, Quebec) e successivamente Suor Gisela Happ OSB (Eibingen, Germania), P. Martin supervision\u00f2 l&#8217;espansione del Segretariato in uno strumento efficace per supportare le fondazioni nuove e in via di sviluppo. Sotto la sua guida, gli aspetti chiave dell&#8217;AIM furono gradualmente organizzati e rafforzati, inclusi l&#8217;\u00c9quipe Internazionale, i programmi di formazione, la newsletter, le visite ai monasteri e i centri regionali e nazionali. Il Centro Jean XXIII per studenti, fondato nel 2005 presso il monastero di Vanves (ora chiuso), fu un altro segno concreto di questa crescita, offrendo alle monache benedettine un luogo per gli studi teologici a Parigi.<\/p>\n<p>Un focus particolare per P. Martin durante la sua presidenza fu la newsletter dell&#8217;AIM. Dal 2000, l&#8217;attenzione della pubblicazione si spost\u00f2 su articoli pi\u00f9 approfonditi di vari autori su temi monastici centrali, come la lectio, la governance e la formazione. Questi contributi vennero pubblicati insieme a cronache di monasteri e notizie relative alla vita monastica e alla vita della Chiesa e del mondo. Riflettendo sulla profonda vocazione della vita monastica e sulla missione dell&#8217;AIM in occasione del 50\u00b0 anniversario dell&#8217;organizzazione, P. Martin scrisse: \u00abCostruire insieme il Corpo di Cristo e fare dell&#8217;amore reciproco una scuola di servizio al Signore sono segni inconfondibili. Ma la strada \u00e8 lunga, e l&#8217;AIM, come il Buon Samaritano, accompagna, discerne, si assume rischi e ricorda costantemente il cuore della tradizione monastica.\u00bb     <\/p>\n<p>L&#8217;AIM \u00e8 un&#8217;associazione senza scopo di lucro di monasteri benedettini e cistercensi, fondata nel 1961 su iniziativa dell&#8217;Abate Primate Benno Gut OSB e del Capitolo Generale della Confederazione Benedettina. La sua missione \u00e8 promuovere la cooperazione e la solidariet\u00e0 fraterna tra monasteri pi\u00f9 antichi e nuove fondazioni in tutto il mondo, specialmente quelli che affrontano difficolt\u00e0 materiali o spirituali. Sotto l&#8217;autorit\u00e0 canonica dell&#8217;Abate Primate, l&#8217;AIM sostiene le comunit\u00e0 favorendo il supporto internazionale, incoraggiando la formazione monastica, facilitando il dialogo e le visite, e incoraggiando la condivisione di risorse ed esperienze. L&#8217;organizzazione incarna la convinzione che, in un mondo in cui ogni comunit\u00e0 si sforza di formare la propria identit\u00e0, la chiamata fondamentale rimane: \u00abAscoltate&#8230; i precetti\u00bb della <em>Regola<\/em>.   <\/p>\n<p>La Confederazione Benedettina ringrazia Padre Martin Neyt per il suo servizio umile ed efficace nel rafforzamento dell&#8217;AIM come strumento indispensabile di comunione e supporto per la famiglia monastica mondiale. La sua convinzione che l&#8217;AIM \u00ab\u00e8 l\u00ec per contribuire alla costruzione di un mondo nuovo\u00bb lascia un&#8217;eredit\u00e0 duratura. Possa Padre Martin riposare in pace e raccogliere i pieni frutti del suo lavoro.  <\/p>\n<\/div><div style=\"text-align:center;\"><a class=\"fusion-button button-flat fusion-button-default-size button-custom fusion-button-default button-1 fusion-button-span-yes fusion-button-default-type\" style=\"--awb-margin-top:10px;--button_accent_color:#ffffff;--button_accent_hover_color:#ffffff;--button_border_hover_color:#ffffff;--button_gradient_top_color:#1f7aa7;--button_gradient_bottom_color:#1f7aa7;--button_gradient_top_color_hover:#72cee0;--button_gradient_bottom_color_hover:#72cee0;\" target=\"_blank\" rel=\"noopener noreferrer\" href=\"https:\/\/www.aimintl.org\/en\/news\/death-of-father-martin-neyt\"><span class=\"fusion-button-text awb-button__text awb-button__text--default\">NECROLOGIO SUL SITO WEB DELL&#8217;AIM |IT| |FR| |DE| |PT| |ES|<\/span><\/a><\/div><div style=\"text-align:center;\"><a class=\"fusion-button button-flat fusion-button-default-size button-custom fusion-button-default button-2 fusion-button-span-yes fusion-button-default-type\" style=\"--awb-margin-top:10px;--button_accent_color:#ffffff;--button_accent_hover_color:#ffffff;--button_border_hover_color:#ffffff;--button_gradient_top_color:#1f7aa7;--button_gradient_bottom_color:#1f7aa7;--button_gradient_top_color_hover:#72cee0;--button_gradient_bottom_color_hover:#72cee0;\" target=\"_blank\" rel=\"noopener noreferrer\" href=\"https:\/\/www.clerlande.com\/a_la_une\"><span class=\"fusion-button-text awb-button__text awb-button__text--default\">SITO WEB DI SAINT-ANDR\u00c9 DE CLERLANDE |FR|<\/span><\/a><\/div><\/div><\/div><\/div><\/div><\/p>\n","protected":false},"excerpt":{"rendered":"<p>Padre Martin Neyt OSB, monaco del Monastero di Clerlande e Presidente dell&#8217;Alleanza per il Monachesimo Internazionale (AIM) dal 1997 al 2013, \u00e8 deceduto. La sua eredit\u00e0 \u00e8 un servizio al mondo monastico internazionale. <\/p>\n","protected":false},"author":1,"featured_media":16071,"comment_status":"closed","ping_status":"closed","sticky":false,"template":"","format":"standard","meta":{"footnotes":""},"categories":[180,189],"tags":[380,374],"class_list":["post-16072","post","type-post","status-publish","format-standard","has-post-thumbnail","hentry","category-nexus-it","category-notizie-it","tag-nexus-gennaio-2026-it","tag-nexus-rapporto-sul-mondo-benedettino-it"],"cc_featured_image_caption":{"caption_text":false,"source_text":false,"source_url":false},"_links":{"self":[{"href":"https:\/\/osb.org\/it\/wp-json\/wp\/v2\/posts\/16072","targetHints":{"allow":["GET"]}}],"collection":[{"href":"https:\/\/osb.org\/it\/wp-json\/wp\/v2\/posts"}],"about":[{"href":"https:\/\/osb.org\/it\/wp-json\/wp\/v2\/types\/post"}],"author":[{"embeddable":true,"href":"https:\/\/osb.org\/it\/wp-json\/wp\/v2\/users\/1"}],"replies":[{"embeddable":true,"href":"https:\/\/osb.org\/it\/wp-json\/wp\/v2\/comments?post=16072"}],"version-history":[{"count":0,"href":"https:\/\/osb.org\/it\/wp-json\/wp\/v2\/posts\/16072\/revisions"}],"wp:featuredmedia":[{"embeddable":true,"href":"https:\/\/osb.org\/it\/wp-json\/wp\/v2\/media\/16071"}],"wp:attachment":[{"href":"https:\/\/osb.org\/it\/wp-json\/wp\/v2\/media?parent=16072"}],"wp:term":[{"taxonomy":"category","embeddable":true,"href":"https:\/\/osb.org\/it\/wp-json\/wp\/v2\/categories?post=16072"},{"taxonomy":"post_tag","embeddable":true,"href":"https:\/\/osb.org\/it\/wp-json\/wp\/v2\/tags?post=16072"}],"curies":[{"name":"wp","href":"https:\/\/api.w.org\/{rel}","templated":true}]}}