{"id":15460,"date":"2025-10-10T16:20:27","date_gmt":"2025-10-10T14:20:27","guid":{"rendered":"https:\/\/osb.org\/?p=15460"},"modified":"2025-10-10T16:20:30","modified_gmt":"2025-10-10T14:20:30","slug":"appunti-dallaventino-agosto-ottobre","status":"publish","type":"post","link":"https:\/\/osb.org\/it\/2025\/10\/10\/appunti-dallaventino-agosto-ottobre\/","title":{"rendered":"Appunti dall\u2019Aventino | Agosto-Ottobre"},"content":{"rendered":"<p><div class=\"fusion-fullwidth fullwidth-box fusion-builder-row-1 fusion-flex-container has-pattern-background has-mask-background hundred-percent-fullwidth non-hundred-percent-height-scrolling\" style=\"--awb-border-sizes-bottom:1px;--awb-border-color:var(--awb-custom11);--awb-border-radius-top-left:0px;--awb-border-radius-top-right:0px;--awb-border-radius-bottom-right:0px;--awb-border-radius-bottom-left:0px;--awb-padding-right:60px;--awb-padding-bottom:20px;--awb-padding-left:60px;--awb-padding-right-small:30px;--awb-padding-left-small:30px;--awb-margin-top-medium:1px;--awb-margin-top-small:0px;--awb-flex-wrap:wrap;\" ><div class=\"fusion-builder-row fusion-row fusion-flex-align-items-center fusion-flex-justify-content-flex-end fusion-flex-content-wrap\" style=\"width:calc( 100% + 60px ) !important;max-width:calc( 100% + 60px ) !important;margin-left: calc(-60px \/ 2 );margin-right: calc(-60px \/ 2 );\"><div class=\"fusion-layout-column fusion_builder_column fusion-builder-column-0 fusion_builder_column_1_2 1_2 fusion-flex-column\" style=\"--awb-padding-right:60px;--awb-padding-left:60px;--awb-padding-right-small:0px;--awb-padding-left-small:0px;--awb-bg-size:cover;--awb-width-large:50%;--awb-margin-top-large:0px;--awb-spacing-right-large:30px;--awb-margin-bottom-large:20px;--awb-spacing-left-large:30px;--awb-width-medium:100%;--awb-order-medium:0;--awb-margin-top-medium:20px;--awb-spacing-right-medium:30px;--awb-margin-bottom-medium:0px;--awb-spacing-left-medium:30px;--awb-width-small:100%;--awb-order-small:0;--awb-spacing-right-small:30px;--awb-spacing-left-small:30px;\"><div class=\"fusion-column-wrapper fusion-column-has-shadow fusion-flex-justify-content-flex-start fusion-content-layout-column\"><div class=\"fusion-title title fusion-title-1 fusion-sep-none fusion-title-text fusion-title-size-one\" style=\"--awb-text-color:var(--awb-custom13);--awb-margin-top-small:0px;--awb-margin-right-small:0px;--awb-margin-bottom-small:20px;--awb-margin-left-small:0px;--awb-font-size:40px;\"><h1 class=\"fusion-title-heading title-heading-left md-text-align-center fusion-responsive-typography-calculated\" style=\"font-family:var(--awb-typography1-font-family);font-weight:var(--awb-typography1-font-weight);font-style:var(--awb-typography1-font-style);margin:0;letter-spacing:var(--awb-typography1-letter-spacing);text-transform:var(--awb-typography1-text-transform);font-size:1em;--fontSize:40;line-height:var(--awb-typography1-line-height);\">Appunti dall\u2019Aventino | Agosto-Ottobre<\/h1><\/div><div class=\"fusion-text fusion-text-1 fusion-no-small-visibility fusion-no-medium-visibility\" style=\"--awb-font-size:var(--awb-typography3-font-size);--awb-line-height:var(--awb-typography3-line-height);--awb-letter-spacing:var(--awb-typography3-letter-spacing);--awb-text-transform:var(--awb-typography3-text-transform);--awb-text-color:var(--awb-custom12);--awb-text-font-family:var(--awb-typography3-font-family);--awb-text-font-weight:var(--awb-typography3-font-weight);--awb-text-font-style:var(--awb-typography3-font-style);\"><p>Dopo un\u2019estate tranquilla, Sant\u2019Anselmo \u00e8 di nuovo pieno di vita con nuovi studenti, responsabili e progetti. Tra i momenti principali: il Sinodo degli Abati Presidenti a Montserrat, i preparativi per la celebrazione del papa Leone XIV per il 125\u00ba giubileo della nostra chiesa e un rinnovato sostegno alle donne benedettine e agli oblati di tutto il mondo. <\/p>\n<\/div><\/div><\/div><div class=\"fusion-layout-column fusion_builder_column fusion-builder-column-1 fusion_builder_column_1_2 1_2 fusion-flex-column\" style=\"--awb-bg-size:cover;--awb-width-large:50%;--awb-margin-top-large:0px;--awb-spacing-right-large:30px;--awb-margin-bottom-large:0px;--awb-spacing-left-large:30px;--awb-width-medium:100%;--awb-order-medium:0;--awb-spacing-right-medium:30px;--awb-spacing-left-medium:30px;--awb-width-small:100%;--awb-order-small:0;--awb-spacing-right-small:30px;--awb-spacing-left-small:30px;\"><div class=\"fusion-column-wrapper fusion-column-has-shadow fusion-flex-justify-content-flex-start fusion-content-layout-column\"><div class=\"fusion-image-element \" style=\"--awb-caption-title-font-family:var(--h2_typography-font-family);--awb-caption-title-font-weight:var(--h2_typography-font-weight);--awb-caption-title-font-style:var(--h2_typography-font-style);--awb-caption-title-size:var(--h2_typography-font-size);--awb-caption-title-transform:var(--h2_typography-text-transform);--awb-caption-title-line-height:var(--h2_typography-line-height);--awb-caption-title-letter-spacing:var(--h2_typography-letter-spacing);\"><span class=\" fusion-imageframe imageframe-none imageframe-1 hover-type-none\" style=\"border:1px solid var(--awb-custom10);\"><a href=\"https:\/\/osb.org\/wp-content\/uploads\/2025\/10\/DSC_9399.jpg\" class=\"fusion-lightbox\" data-rel=\"iLightbox[fc6248d69ba39f5adb3]\" data-title=\"DSC_9399\" title=\"DSC_9399\"><img decoding=\"async\" width=\"1920\" height=\"1080\" src=\"https:\/\/osb.org\/wp-content\/uploads\/2025\/10\/DSC_9399.jpg\" data-orig-src=\"https:\/\/osb.org\/wp-content\/uploads\/2025\/10\/DSC_9399.jpg\" alt class=\"lazyload img-responsive wp-image-15459\" srcset=\"data:image\/svg+xml,%3Csvg%20xmlns%3D%27http%3A%2F%2Fwww.w3.org%2F2000%2Fsvg%27%20width%3D%271920%27%20height%3D%271080%27%20viewBox%3D%270%200%201920%201080%27%3E%3Crect%20width%3D%271920%27%20height%3D%271080%27%20fill-opacity%3D%220%22%2F%3E%3C%2Fsvg%3E\" data-srcset=\"https:\/\/osb.org\/wp-content\/uploads\/2025\/10\/DSC_9399-200x113.jpg 200w, https:\/\/osb.org\/wp-content\/uploads\/2025\/10\/DSC_9399-400x225.jpg 400w, https:\/\/osb.org\/wp-content\/uploads\/2025\/10\/DSC_9399-600x338.jpg 600w, https:\/\/osb.org\/wp-content\/uploads\/2025\/10\/DSC_9399-800x450.jpg 800w, https:\/\/osb.org\/wp-content\/uploads\/2025\/10\/DSC_9399-1200x675.jpg 1200w, https:\/\/osb.org\/wp-content\/uploads\/2025\/10\/DSC_9399.jpg 1920w\" data-sizes=\"auto\" data-orig-sizes=\"(max-width: 1024px) 100vw, (max-width: 640px) 100vw, 600px\" \/><\/a><\/span><\/div><div class=\"fusion-text fusion-text-2 fusion-text-no-margin\" style=\"--awb-font-size:var(--awb-typography5-font-size);--awb-line-height:var(--awb-typography5-line-height);--awb-letter-spacing:var(--awb-typography5-letter-spacing);--awb-text-transform:var(--awb-typography5-text-transform);--awb-text-color:var(--awb-custom11);--awb-margin-top:12px;--awb-margin-bottom:12px;--awb-text-font-family:var(--awb-typography5-font-family);--awb-text-font-weight:var(--awb-typography5-font-weight);--awb-text-font-style:var(--awb-typography5-font-style);\"><\/div><\/div><\/div><div class=\"fusion-layout-column fusion_builder_column fusion-builder-column-2 fusion_builder_column_1_2 1_2 fusion-flex-column\" style=\"--awb-bg-size:cover;--awb-width-large:50%;--awb-margin-top-large:0px;--awb-spacing-right-large:30px;--awb-margin-bottom-large:0px;--awb-spacing-left-large:30px;--awb-width-medium:100%;--awb-order-medium:0;--awb-spacing-right-medium:30px;--awb-spacing-left-medium:30px;--awb-width-small:100%;--awb-order-small:0;--awb-spacing-right-small:30px;--awb-spacing-left-small:30px;\"><div class=\"fusion-column-wrapper fusion-column-has-shadow fusion-flex-justify-content-flex-start fusion-content-layout-column\"><div class=\"fusion-separator fusion-full-width-sep\" style=\"align-self: center;margin-left: auto;margin-right: auto;width:100%;\"><div class=\"fusion-separator-border sep-single sep-solid\" style=\"--awb-height:20px;--awb-amount:20px;--awb-sep-color:var(--awb-color4);border-color:var(--awb-color4);border-top-width:3px;\"><\/div><\/div><\/div><\/div><\/div><\/div><div class=\"fusion-fullwidth fullwidth-box fusion-builder-row-2 fusion-flex-container has-pattern-background has-mask-background hundred-percent-fullwidth non-hundred-percent-height-scrolling\" style=\"--awb-border-radius-top-left:0px;--awb-border-radius-top-right:0px;--awb-border-radius-bottom-right:0px;--awb-border-radius-bottom-left:0px;--awb-padding-right:60px;--awb-padding-left:60px;--awb-padding-right-medium:60px;--awb-padding-left-medium:60px;--awb-padding-right-small:30px;--awb-padding-left-small:30px;--awb-margin-top:30px;--awb-margin-top-small:0px;--awb-flex-wrap:wrap;\" ><div class=\"fusion-builder-row fusion-row fusion-flex-align-items-flex-start fusion-flex-justify-content-center fusion-flex-content-wrap\" style=\"width:calc( 100% + 60px ) !important;max-width:calc( 100% + 60px ) !important;margin-left: calc(-60px \/ 2 );margin-right: calc(-60px \/ 2 );\"><div class=\"fusion-layout-column fusion_builder_column fusion-builder-column-3 fusion_builder_column_2_5 2_5 fusion-flex-column\" style=\"--awb-bg-blend:overlay;--awb-bg-size:cover;--awb-width-large:40%;--awb-margin-top-large:0px;--awb-spacing-right-large:30px;--awb-margin-bottom-large:20px;--awb-spacing-left-large:30px;--awb-width-medium:75%;--awb-order-medium:0;--awb-spacing-right-medium:30px;--awb-spacing-left-medium:30px;--awb-width-small:100%;--awb-order-small:0;--awb-spacing-right-small:30px;--awb-spacing-left-small:30px;\"><div class=\"fusion-column-wrapper fusion-flex-justify-content-flex-start fusion-content-layout-column\"><div class=\"fusion-builder-row fusion-builder-row-inner fusion-row fusion-flex-align-items-flex-start fusion-flex-justify-content-center fusion-flex-content-wrap\" style=\"--awb-flex-grow:0;--awb-flex-grow-medium:0;--awb-flex-grow-small:0;--awb-flex-shrink:0;--awb-flex-shrink-medium:0;--awb-flex-shrink-small:0;width:calc( 100% + 60px ) !important;max-width:calc( 100% + 60px ) !important;margin-left: calc(-60px \/ 2 );margin-right: calc(-60px \/ 2 );\"><div class=\"fusion-layout-column fusion_builder_column_inner fusion-builder-nested-column-0 fusion_builder_column_inner_1_2 1_2 fusion-flex-column fusion-flex-align-self-center\" style=\"--awb-bg-size:cover;--awb-width-large:50%;--awb-margin-top-large:0px;--awb-spacing-right-large:30px;--awb-margin-bottom-large:0px;--awb-spacing-left-large:30px;--awb-width-medium:50%;--awb-order-medium:0;--awb-spacing-right-medium:30px;--awb-spacing-left-medium:30px;--awb-width-small:100%;--awb-order-small:1;--awb-spacing-right-small:30px;--awb-margin-bottom-small:20px;--awb-spacing-left-small:30px;\"><div class=\"fusion-column-wrapper fusion-column-has-shadow fusion-flex-justify-content-center fusion-content-layout-column\"><div class=\"fusion-text fusion-text-3 fusion-text-no-margin\" style=\"--awb-font-size:var(--awb-typography5-font-size);--awb-line-height:var(--awb-typography5-line-height);--awb-letter-spacing:var(--awb-typography5-letter-spacing);--awb-text-transform:var(--awb-typography5-text-transform);--awb-text-color:var(--awb-custom11);--awb-margin-top:0px;--awb-margin-right:0px;--awb-margin-bottom:0px;--awb-margin-left:0px;--awb-text-font-family:var(--awb-typography5-font-family);--awb-text-font-weight:var(--awb-typography5-font-weight);--awb-text-font-style:var(--awb-typography5-font-style);\"><p>10 Ottobre 2025<\/p>\n<\/div><\/div><\/div><div class=\"fusion-layout-column fusion_builder_column_inner fusion-builder-nested-column-1 fusion_builder_column_inner_1_2 1_2 fusion-flex-column fusion-flex-align-self-center\" style=\"--awb-bg-size:cover;--awb-width-large:50%;--awb-margin-top-large:0px;--awb-spacing-right-large:30px;--awb-margin-bottom-large:0px;--awb-spacing-left-large:30px;--awb-width-medium:50%;--awb-order-medium:0;--awb-spacing-right-medium:30px;--awb-spacing-left-medium:30px;--awb-width-small:100%;--awb-order-small:0;--awb-margin-top-small:0px;--awb-spacing-right-small:30px;--awb-spacing-left-small:30px;\"><div class=\"fusion-column-wrapper fusion-column-has-shadow fusion-flex-justify-content-center fusion-content-layout-column\"><div class=\"fusion-sharing-box fusion-sharing-box-1 boxed-icons\" style=\"background-color:var(--awb-color1);border-color:var(--awb-color1);--awb-margin-top:0px;--awb-margin-right:0px;--awb-margin-bottom:0px;--awb-margin-left:0px;--awb-wrapper-padding-top:0px;--awb-wrapper-padding-right:0px;--awb-wrapper-padding-bottom:0px;--awb-wrapper-padding-left:0px;--awb-padding-top:0px;--awb-padding-right:0px;--awb-padding-bottom:0px;--awb-padding-left:0px;--awb-border-top:0px;--awb-border-right:0px;--awb-border-bottom:0px;--awb-border-left:0px;--awb-icon-size:12px;--awb-separator-border-color:#cccccc;--awb-separator-border-sizes:0px;--awb-stacked-align:flex-end;--awb-layout:row;--awb-alignment-small:flex-end;--awb-stacked-align-small:center;\" data-title=\"Appunti dall\u2019Aventino | Agosto-Ottobre\" data-description=\"Il tuo contenuto va qui       \r\n\r\nCari fratelli e sorelle,\r\n\r\nil ritmo della vita a Sant\u2019Anselmo cambia profondamente durante l\u2019estate. Studenti e professori tornano ai loro monasteri di origine o si recano altrove, e solo un gruppo di monaci e collaboratori rimane qui sull\u2019Aventino\" data-link=\"https:\/\/osb.org\/it\/2025\/10\/10\/appunti-dallaventino-agosto-ottobre\/\"><div class=\"fusion-social-networks sharingbox-shortcode-icon-wrapper sharingbox-shortcode-icon-wrapper-1 boxed-icons\"><span><a href=\"https:\/\/www.facebook.com\/sharer.php?u=https%3A%2F%2Fosb.org%2Fit%2F2025%2F10%2F10%2Fappunti-dallaventino-agosto-ottobre%2F&amp;t=Appunti%20dall%E2%80%99Aventino%20%7C%20Agosto-Ottobre\" target=\"_blank\" rel=\"noreferrer\" title=\"Facebook\" aria-label=\"Facebook\"><i class=\"fusion-social-network-icon fusion-tooltip fusion-facebook awb-icon-facebook\" style=\"color:var(--awb-custom11);background-color:#e8e8e8;border-color:#e8e8e8;border-radius:50%;\" aria-hidden=\"true\"><\/i><\/a><\/span><span><a href=\"https:\/\/x.com\/intent\/post?text=Appunti%20dall%E2%80%99Aventino%20%7C%20Agosto-Ottobre&amp;url=https%3A%2F%2Fosb.org%2Fit%2F2025%2F10%2F10%2Fappunti-dallaventino-agosto-ottobre%2F\" target=\"_blank\" rel=\"noopener noreferrer\" title=\"X\" aria-label=\"X\"><i class=\"fusion-social-network-icon fusion-tooltip fusion-twitter awb-icon-twitter\" style=\"color:var(--awb-custom11);background-color:#e8e8e8;border-color:#e8e8e8;border-radius:50%;\" aria-hidden=\"true\"><\/i><\/a><\/span><span><a href=\"https:\/\/api.whatsapp.com\/send?text=https%3A%2F%2Fosb.org%2Fit%2F2025%2F10%2F10%2Fappunti-dallaventino-agosto-ottobre%2F\" target=\"_blank\" rel=\"noopener noreferrer\" title=\"WhatsApp\" aria-label=\"WhatsApp\"><i class=\"fusion-social-network-icon fusion-tooltip fusion-whatsapp awb-icon-whatsapp\" style=\"color:var(--awb-custom11);background-color:#e8e8e8;border-color:#e8e8e8;border-radius:50%;\" aria-hidden=\"true\"><\/i><\/a><\/span><span><a href=\"mailto:?subject=Appunti%20dall%E2%80%99Aventino%20%7C%20Agosto-Ottobre&amp;body=https%3A%2F%2Fosb.org%2Fit%2F2025%2F10%2F10%2Fappunti-dallaventino-agosto-ottobre%2F\" target=\"_self\" title=\"Email\" aria-label=\"Email\"><i class=\"fusion-social-network-icon fusion-tooltip fusion-mail awb-icon-mail\" style=\"color:var(--awb-custom11);background-color:#e8e8e8;border-color:#e8e8e8;border-radius:50%;\" aria-hidden=\"true\"><\/i><\/a><\/span><\/div><\/div><\/div><\/div><\/div><div class=\"fusion-text fusion-text-4\"><p>Cari fratelli e sorelle,<\/p>\n<p>il ritmo della vita a Sant\u2019Anselmo cambia profondamente durante l\u2019estate. Studenti e professori tornano ai loro monasteri di origine o si recano altrove, e solo un gruppo di monaci e collaboratori rimane qui sull\u2019Aventino per mantenere in funzione la casa, svolgere lavori di manutenzione e recuperare alcune attivit\u00e0 che durante l\u2019anno accademico erano rimaste in sospeso. <\/p>\n<p>Il momento pi\u00f9 significativo per me, quest\u2019estate, \u00e8 stato il Sinodo degli Abati Presidenti, che si \u00e8 tenuto a met\u00e0 settembre a Montserrat. Siamo stati ospitati in uno dei monasteri pi\u00f9 famosi d\u2019Europa. Nostra Signora di Montserrat, affettuosamente chiamata la Morenita, \u00e8 venerata in molti luoghi del mondo. La comunit\u00e0 monastica ha inserito la nostra visita nel programma delle celebrazioni del millenario. Questo monastero, uno dei grandi fari del monachesimo europeo, ci ha offerto un\u2019ospitalit\u00e0 magnifica per un Sinodo che si \u00e8 svolto parallelamente a un incontro delle delegate regionali della CIB, l\u2019organizzazione delle donne benedettine. In questa nuova edizione di NEXUS si trova un articolo dedicato al sinodo.     <\/p>\n<p>Uno dei molti temi affrontati insieme a Montserrat \u00e8 stato il futuro dei Congressi Mondiali degli Oblati Benedettini. Di recente era circolata la proposta di interromperli, sostituendoli con incontri pi\u00f9 piccoli. Tuttavia, dopo un\u2019attenta riflessione da parte degli abati presidenti \u2013 alcuni dei quali erano stati ben informati dagli oblati legati ai monasteri delle proprie congregazioni \u2013 si \u00e8 giunti alla conclusione che questi Congressi Mondiali degli Oblati sono importanti, molto apprezzati e devono continuare. Il Sinodo ha approvato questa decisione e ora stiamo cercando le modalit\u00e0 per attuarla.\u2028Abbiamo anche deciso che il Monastic Summer Studium, che offre tre corsi settimanali in inglese qui a Sant\u2019Anselmo su temi monastici \u2013 moduli che possono essere seguiti singolarmente o come programma di tre settimane \u2013 sar\u00e0 proposto in modo speciale agli oblati. Se state leggendo questo testo e avete contatti con gli oblati, vi invito a informarli di quanto la Confederazione e la CIB apprezzino questo \u201cterzo ramo\u201d del nostro Ordine, e del nostro desiderio di fare tutto il possibile per rendere il movimento degli oblati pi\u00f9 forte e pi\u00f9 unito al mondo monastico.     <\/p>\n<p>Tornando a Sant\u2019Anselmo: chi ha visitato la casa negli ultimi anni avr\u00e0 notato che l\u2019ingresso era parzialmente deturpato dai lavori in corso proprio fuori dall\u2019ingresso. Poche settimane fa, la ristrutturazione di Piazza dei Cavalieri di Malta \u00e8 finalmente terminata. Non si tratta di una piazza qualsiasi di Roma: infatti, questa piazza e la chiesa adiacente dell\u2019Ordine di Malta sono opere uniche, le sole realizzazioni architettoniche di Giovanni Battista Piranesi, l\u2019artista divenuto celebre per le sue incisioni dei monumenti romani. C\u2019\u00e8 qualcosa di profondamente romano in Piranesi: nelle sue incisioni, Roma appare ancora pi\u00f9 maestosa del vero, perch\u00e9 egli riduce le dimensioni delle persone ritratte tra i monumenti. Anche la piazza restaurata di fronte alla nostra casa esprime un\u2019aspirazione alla grandezza. I monumenti celebrano le glorie dell\u2019Ordine di Malta, che commission\u00f2 l\u2019opera. \u00c8 particolarmente suggestiva di notte, quando la luna illumina le pietre bianche incorniciate dai nostri cipressi scuri.          <\/p>\n<p>Subito oltre quella piazza incantata si trova il nostro Sant\u2019Anselmo, che ora, alla fine dell\u2019estate, sembra un alveare. Sono arrivati i nuovi residenti del Collegio e la casa \u00e8 piena fino all\u2019ultimo posto. Negli ultimi mesi abbiamo rinnovato la dirigenza del nostro Ateneo. Il 6 ottobre, il nuovo Rettore, P. Jako Feh\u00e9rv\u00e1ry di Pannonhalma, ha professato il Credo e prestato il Giuramento di fedelt\u00e0 alla presenza di numerosi ospiti, professori e studenti. Con il nuovo Decano di Teologia, un nuovo capo Bibliotecario e il Decano di Filosofia recentemente rieletto, abbiamo la sensazione di entrare in un nuovo capitolo della storia della nostra casa.        <\/p>\n<p>L\u201911 novembre ricorreranno 125 anni dalla dedicazione della chiesa abbaziale di Sant\u2019Anselmo. Nel 1900, Papa Leone XIII \u2013 nostro fondatore e benefattore \u2013 non pot\u00e9 lasciare il Vaticano e invi\u00f2 un cardinale in sua rappresentanza. Nel 2025, Papa Leone XIV, libero di muoversi, ha accettato il nostro invito a presiedere la Messa giubilare qui con noi. Potete immaginare la nostra gioia e la nostra attesa.   <\/p>\n<p>Meno gioiosa \u00e8 stata l\u2019esperienza delle monache e suore benedettine che insegnano e studiano a Sant\u2019Anselmo. La loro residenza presso il monastero di Tor de\u2019 Specchi \u00e8 stata bruscamente chiusa dal Commissario Pontificio di quella casa, provocando grande angoscia e incertezza tra le nostre sorelle, per le quali abbiamo dovuto trovare un alloggio d\u2019emergenza in tempi molto brevi. Ora abbiamo individuato una sistemazione molto adatta per questo gruppo, a partire da fine ottobre. Da l\u00ec potranno proseguire i loro studi e le loro ricerche senza disturbo per l\u2019intero anno accademico, in stretta prossimit\u00e0 a Sant\u2019Anselmo. La prima residenza di studio per monache benedettine e cistercensi fu istituita all\u2019inizio degli anni Ottanta con il nome di Casa Santa Lioba, e da allora \u00e8 sopravvissuta \u2013 seppur talvolta in modo precario. Ritengo che la crisi attuale possa essere un\u2019occasione: uno dei nostri compiti pi\u00f9 importanti nei prossimi dodici mesi sar\u00e0 dare a questa casa di studi per donne benedettine una base pi\u00f9 stabile. Coltivo la speranza che riusciremo a motivare Papa Leone XIV ad aiutarci a fare per le donne ci\u00f2 che Leone XIII fece per i monaci 140 anni fa.   <\/p>\n<p>C\u2019\u00e8 molto lavoro qui a Sant\u2019Anselmo. Tuttavia, la vita della nostra Confederazione si svolge davvero \u201cl\u00e0 fuori\u201d, nelle molte abbazie, priorati e celle in cui uomini e donne cercano di vivere secondo la Regola di San Benedetto, cercando Dio e tentando di rendere il mondo un luogo migliore. Questo autunno mi porter\u00e0 all\u2019incontro dei Benedettini dell\u2019Asia orientale e dell\u2019Oceania in Vietnam e all\u2019Incontro Monastico Latinoamericano in Brasile. Spero di incontrare alcuni di voi in queste occasioni, e condivider\u00f2 alcune impressioni su Facebook e Instagram per chi non viaggia quanto me. Successivamente NEXUS pubblicher\u00e0 un resoconto, si spera entro met\u00e0 novembre.    <\/p>\n<p>In molte parti del mondo, ottobre \u00e8 un mese di ringraziamento, per il raccolto e per tutti i doni che Dio ci concede. Sento ancora una profonda gratitudine per la fiducia che gli abati hanno riposto in me lo scorso anno, e ogni mattina prego e lavoro con gioia. Auguro anche a tutti voi la stessa gioia, e vi saluto fraternamente dall\u2019Aventino!  <\/p>\n<p>Jeremias Schr\u00f6der OSB<br \/>\nAbate Primate<\/p>\n<\/div><div ><a class=\"fusion-button button-flat fusion-button-default-size button-custom fusion-button-default button-1 fusion-button-span-yes fusion-button-default-type\" style=\"--awb-margin-top:10px;--button_accent_color:#ffffff;--button_accent_hover_color:#ffffff;--button_border_hover_color:#ffffff;--button_gradient_top_color:#1f7aa7;--button_gradient_bottom_color:#1f7aa7;--button_gradient_top_color_hover:#72cee0;--button_gradient_bottom_color_hover:#72cee0;\" target=\"_blank\" rel=\"noopener noreferrer\" href=\"https:\/\/www.instagram.com\/abbasprimas\/\"><span class=\"fusion-button-text awb-button__text awb-button__text--default\">Abbas Primas Instagram<\/span><\/a><\/div><div ><a class=\"fusion-button button-flat fusion-button-default-size button-custom fusion-button-default button-2 fusion-button-span-yes fusion-button-default-type\" style=\"--awb-margin-top:10px;--button_accent_color:#ffffff;--button_accent_hover_color:#ffffff;--button_border_hover_color:#ffffff;--button_gradient_top_color:#1f7aa7;--button_gradient_bottom_color:#1f7aa7;--button_gradient_top_color_hover:#72cee0;--button_gradient_bottom_color_hover:#72cee0;\" target=\"_blank\" rel=\"noopener noreferrer\" href=\"https:\/\/www.facebook.com\/jeremias.schroeder\"><span class=\"fusion-button-text awb-button__text awb-button__text--default\">Jeremias Schroeder Facebook<\/span><\/a><\/div><\/div><\/div><\/div><\/div><\/p>\n","protected":false},"excerpt":{"rendered":"<p>Dopo un\u2019estate tranquilla, Sant\u2019Anselmo \u00e8 di nuovo pieno di vita con nuovi studenti, responsabili e progetti. Tra i momenti principali: il Sinodo degli Abati Presidenti a Montserrat, i preparativi per la celebrazione del papa Leone XIV per il 125\u00ba giubileo della nostra chiesa e un rinnovato sostegno alle donne benedettine e agli oblati di tutto il mondo. <\/p>\n","protected":false},"author":1,"featured_media":15459,"comment_status":"closed","ping_status":"closed","sticky":false,"template":"","format":"standard","meta":{"footnotes":""},"categories":[180],"tags":[353,181],"class_list":["post-15460","post","type-post","status-publish","format-standard","has-post-thumbnail","hentry","category-nexus-it","tag-nexus-ottobre-2025-it","tag-nexus-dal-abate-primate-it"],"cc_featured_image_caption":{"caption_text":false,"source_text":false,"source_url":false},"_links":{"self":[{"href":"https:\/\/osb.org\/it\/wp-json\/wp\/v2\/posts\/15460","targetHints":{"allow":["GET"]}}],"collection":[{"href":"https:\/\/osb.org\/it\/wp-json\/wp\/v2\/posts"}],"about":[{"href":"https:\/\/osb.org\/it\/wp-json\/wp\/v2\/types\/post"}],"author":[{"embeddable":true,"href":"https:\/\/osb.org\/it\/wp-json\/wp\/v2\/users\/1"}],"replies":[{"embeddable":true,"href":"https:\/\/osb.org\/it\/wp-json\/wp\/v2\/comments?post=15460"}],"version-history":[{"count":0,"href":"https:\/\/osb.org\/it\/wp-json\/wp\/v2\/posts\/15460\/revisions"}],"wp:featuredmedia":[{"embeddable":true,"href":"https:\/\/osb.org\/it\/wp-json\/wp\/v2\/media\/15459"}],"wp:attachment":[{"href":"https:\/\/osb.org\/it\/wp-json\/wp\/v2\/media?parent=15460"}],"wp:term":[{"taxonomy":"category","embeddable":true,"href":"https:\/\/osb.org\/it\/wp-json\/wp\/v2\/categories?post=15460"},{"taxonomy":"post_tag","embeddable":true,"href":"https:\/\/osb.org\/it\/wp-json\/wp\/v2\/tags?post=15460"}],"curies":[{"name":"wp","href":"https:\/\/api.w.org\/{rel}","templated":true}]}}