{"id":14916,"date":"2024-11-07T12:03:54","date_gmt":"2024-11-07T11:03:54","guid":{"rendered":"https:\/\/osb.org\/2024\/11\/07\/messaggio-del-congresso-degli-abati-2024-alle-nostre-comunita-benedettine\/"},"modified":"2025-09-24T22:31:01","modified_gmt":"2025-09-24T20:31:01","slug":"messaggio-del-congresso-degli-abati-2024-alle-nostre-comunita-benedettine","status":"publish","type":"post","link":"https:\/\/osb.org\/it\/2024\/11\/07\/messaggio-del-congresso-degli-abati-2024-alle-nostre-comunita-benedettine\/","title":{"rendered":"Messaggio del congresso degli abati 2024 alle nostre comunit\u00e0 benedettine"},"content":{"rendered":"<p><div class=\"fusion-fullwidth fullwidth-box fusion-builder-row-1 fusion-flex-container has-pattern-background has-mask-background hundred-percent-fullwidth non-hundred-percent-height-scrolling\" style=\"--awb-border-sizes-bottom:1px;--awb-border-color:var(--awb-custom11);--awb-border-radius-top-left:0px;--awb-border-radius-top-right:0px;--awb-border-radius-bottom-right:0px;--awb-border-radius-bottom-left:0px;--awb-padding-right:60px;--awb-padding-bottom:20px;--awb-padding-left:60px;--awb-padding-right-small:30px;--awb-padding-left-small:30px;--awb-margin-top-medium:1px;--awb-margin-top-small:0px;--awb-flex-wrap:wrap;\" ><div class=\"fusion-builder-row fusion-row fusion-flex-align-items-center fusion-flex-justify-content-flex-end fusion-flex-content-wrap\" style=\"width:calc( 100% + 60px ) !important;max-width:calc( 100% + 60px ) !important;margin-left: calc(-60px \/ 2 );margin-right: calc(-60px \/ 2 );\"><div class=\"fusion-layout-column fusion_builder_column fusion-builder-column-0 fusion_builder_column_1_2 1_2 fusion-flex-column\" style=\"--awb-padding-right:60px;--awb-padding-left:60px;--awb-padding-right-small:0px;--awb-padding-left-small:0px;--awb-bg-size:cover;--awb-width-large:50%;--awb-margin-top-large:0px;--awb-spacing-right-large:30px;--awb-margin-bottom-large:20px;--awb-spacing-left-large:30px;--awb-width-medium:100%;--awb-order-medium:0;--awb-margin-top-medium:20px;--awb-spacing-right-medium:30px;--awb-margin-bottom-medium:0px;--awb-spacing-left-medium:30px;--awb-width-small:100%;--awb-order-small:0;--awb-spacing-right-small:30px;--awb-spacing-left-small:30px;\"><div class=\"fusion-column-wrapper fusion-column-has-shadow fusion-flex-justify-content-flex-start fusion-content-layout-column\"><div class=\"fusion-title title fusion-title-1 fusion-sep-none fusion-title-text fusion-title-size-one\" style=\"--awb-text-color:var(--awb-custom13);--awb-margin-top-small:0px;--awb-margin-right-small:0px;--awb-margin-bottom-small:20px;--awb-margin-left-small:0px;--awb-font-size:40px;\"><h1 class=\"fusion-title-heading title-heading-left md-text-align-center fusion-responsive-typography-calculated\" style=\"font-family:var(--awb-typography1-font-family);font-weight:var(--awb-typography1-font-weight);font-style:var(--awb-typography1-font-style);margin:0;letter-spacing:var(--awb-typography1-letter-spacing);text-transform:var(--awb-typography1-text-transform);font-size:1em;--fontSize:40;line-height:var(--awb-typography1-line-height);\">Messaggio del congresso degli abati 2024 alle nostre comunit\u00e0 benedettine<\/h1><\/div><div class=\"fusion-text fusion-text-1 fusion-no-small-visibility fusion-no-medium-visibility\" style=\"--awb-font-size:var(--awb-typography3-font-size);--awb-line-height:var(--awb-typography3-line-height);--awb-letter-spacing:var(--awb-typography3-letter-spacing);--awb-text-transform:var(--awb-typography3-text-transform);--awb-text-color:var(--awb-custom12);--awb-text-font-family:var(--awb-typography3-font-family);--awb-text-font-weight:var(--awb-typography3-font-weight);--awb-text-font-style:var(--awb-typography3-font-style);\"><p>Il Congresso degli Abati del 2024 ha invitato le comunit\u00e0 benedettine a diventare attivi costruttori di pace, a partire dai propri monasteri. Ispirato dal messaggio di riconciliazione di San Benedetto e dall'appello di Papa Francesco, il Congresso ha sollecitato un rinnovato impegno alla preghiera, all'ospitalit\u00e0 e all'unit\u00e0 durante il prossimo Anno Santo. <\/p>\n<\/div><\/div><\/div><div class=\"fusion-layout-column fusion_builder_column fusion-builder-column-1 fusion_builder_column_1_2 1_2 fusion-flex-column\" style=\"--awb-bg-size:cover;--awb-width-large:50%;--awb-margin-top-large:0px;--awb-spacing-right-large:30px;--awb-margin-bottom-large:0px;--awb-spacing-left-large:30px;--awb-width-medium:100%;--awb-order-medium:0;--awb-spacing-right-medium:30px;--awb-spacing-left-medium:30px;--awb-width-small:100%;--awb-order-small:0;--awb-spacing-right-small:30px;--awb-spacing-left-small:30px;\"><div class=\"fusion-column-wrapper fusion-column-has-shadow fusion-flex-justify-content-flex-start fusion-content-layout-column\"><div class=\"fusion-image-element \" style=\"--awb-caption-title-font-family:var(--h2_typography-font-family);--awb-caption-title-font-weight:var(--h2_typography-font-weight);--awb-caption-title-font-style:var(--h2_typography-font-style);--awb-caption-title-size:var(--h2_typography-font-size);--awb-caption-title-transform:var(--h2_typography-text-transform);--awb-caption-title-line-height:var(--h2_typography-line-height);--awb-caption-title-letter-spacing:var(--h2_typography-letter-spacing);\"><span class=\" fusion-imageframe imageframe-none imageframe-1 hover-type-none\" style=\"border:1px solid var(--awb-custom10);\"><a href=\"https:\/\/osb.org\/wp-content\/uploads\/2024\/11\/CongrBenColoreDistanz_BG_hero_2.png\" class=\"fusion-lightbox\" data-rel=\"iLightbox[219496ae28bbb0d197c]\" data-title=\"CongrBenColoreDistanz_BG_hero_2\" title=\"CongrBenColoreDistanz_BG_hero_2\"><img decoding=\"async\" width=\"1920\" height=\"1080\" src=\"https:\/\/osb.org\/wp-content\/uploads\/2024\/11\/CongrBenColoreDistanz_BG_hero_2.png\" data-orig-src=\"https:\/\/osb.org\/wp-content\/uploads\/2024\/11\/CongrBenColoreDistanz_BG_hero_2.png\" alt class=\"lazyload img-responsive wp-image-14919\" srcset=\"data:image\/svg+xml,%3Csvg%20xmlns%3D%27http%3A%2F%2Fwww.w3.org%2F2000%2Fsvg%27%20width%3D%271920%27%20height%3D%271080%27%20viewBox%3D%270%200%201920%201080%27%3E%3Crect%20width%3D%271920%27%20height%3D%271080%27%20fill-opacity%3D%220%22%2F%3E%3C%2Fsvg%3E\" data-srcset=\"https:\/\/osb.org\/wp-content\/uploads\/2024\/11\/CongrBenColoreDistanz_BG_hero_2-200x113.png 200w, https:\/\/osb.org\/wp-content\/uploads\/2024\/11\/CongrBenColoreDistanz_BG_hero_2-400x225.png 400w, https:\/\/osb.org\/wp-content\/uploads\/2024\/11\/CongrBenColoreDistanz_BG_hero_2-600x338.png 600w, https:\/\/osb.org\/wp-content\/uploads\/2024\/11\/CongrBenColoreDistanz_BG_hero_2-800x450.png 800w, https:\/\/osb.org\/wp-content\/uploads\/2024\/11\/CongrBenColoreDistanz_BG_hero_2-1200x675.png 1200w, https:\/\/osb.org\/wp-content\/uploads\/2024\/11\/CongrBenColoreDistanz_BG_hero_2.png 1920w\" data-sizes=\"auto\" data-orig-sizes=\"(max-width: 1024px) 100vw, (max-width: 640px) 100vw, 600px\" \/><\/a><\/span><\/div><div class=\"fusion-text fusion-text-2 fusion-text-no-margin\" style=\"--awb-font-size:var(--awb-typography5-font-size);--awb-line-height:var(--awb-typography5-line-height);--awb-letter-spacing:var(--awb-typography5-letter-spacing);--awb-text-transform:var(--awb-typography5-text-transform);--awb-text-color:var(--awb-custom11);--awb-margin-top:12px;--awb-margin-bottom:12px;--awb-text-font-family:var(--awb-typography5-font-family);--awb-text-font-weight:var(--awb-typography5-font-weight);--awb-text-font-style:var(--awb-typography5-font-style);\"><\/div><\/div><\/div><div class=\"fusion-layout-column fusion_builder_column fusion-builder-column-2 fusion_builder_column_1_2 1_2 fusion-flex-column\" style=\"--awb-bg-size:cover;--awb-width-large:50%;--awb-margin-top-large:0px;--awb-spacing-right-large:30px;--awb-margin-bottom-large:0px;--awb-spacing-left-large:30px;--awb-width-medium:100%;--awb-order-medium:0;--awb-spacing-right-medium:30px;--awb-spacing-left-medium:30px;--awb-width-small:100%;--awb-order-small:0;--awb-spacing-right-small:30px;--awb-spacing-left-small:30px;\"><div class=\"fusion-column-wrapper fusion-column-has-shadow fusion-flex-justify-content-flex-start fusion-content-layout-column\"><div class=\"fusion-separator fusion-full-width-sep\" style=\"align-self: center;margin-left: auto;margin-right: auto;width:100%;\"><div class=\"fusion-separator-border sep-single sep-solid\" style=\"--awb-height:20px;--awb-amount:20px;--awb-sep-color:var(--awb-color4);border-color:var(--awb-color4);border-top-width:3px;\"><\/div><\/div><\/div><\/div><\/div><\/div><div class=\"fusion-fullwidth fullwidth-box fusion-builder-row-2 fusion-flex-container has-pattern-background has-mask-background hundred-percent-fullwidth non-hundred-percent-height-scrolling\" style=\"--awb-border-radius-top-left:0px;--awb-border-radius-top-right:0px;--awb-border-radius-bottom-right:0px;--awb-border-radius-bottom-left:0px;--awb-padding-right:60px;--awb-padding-left:60px;--awb-padding-right-medium:60px;--awb-padding-left-medium:60px;--awb-padding-right-small:30px;--awb-padding-left-small:30px;--awb-margin-top:30px;--awb-margin-top-small:0px;--awb-flex-wrap:wrap;\" ><div class=\"fusion-builder-row fusion-row fusion-flex-align-items-flex-start fusion-flex-justify-content-center fusion-flex-content-wrap\" style=\"width:calc( 100% + 60px ) !important;max-width:calc( 100% + 60px ) !important;margin-left: calc(-60px \/ 2 );margin-right: calc(-60px \/ 2 );\"><div class=\"fusion-layout-column fusion_builder_column fusion-builder-column-3 fusion_builder_column_2_5 2_5 fusion-flex-column\" style=\"--awb-bg-blend:overlay;--awb-bg-size:cover;--awb-width-large:40%;--awb-margin-top-large:0px;--awb-spacing-right-large:30px;--awb-margin-bottom-large:20px;--awb-spacing-left-large:30px;--awb-width-medium:75%;--awb-order-medium:0;--awb-spacing-right-medium:30px;--awb-spacing-left-medium:30px;--awb-width-small:100%;--awb-order-small:0;--awb-spacing-right-small:30px;--awb-spacing-left-small:30px;\"><div class=\"fusion-column-wrapper fusion-flex-justify-content-flex-start fusion-content-layout-column\"><div class=\"fusion-builder-row fusion-builder-row-inner fusion-row fusion-flex-align-items-flex-start fusion-flex-justify-content-center fusion-flex-content-wrap\" style=\"--awb-flex-grow:0;--awb-flex-grow-medium:0;--awb-flex-grow-small:0;--awb-flex-shrink:0;--awb-flex-shrink-medium:0;--awb-flex-shrink-small:0;width:calc( 100% + 60px ) !important;max-width:calc( 100% + 60px ) !important;margin-left: calc(-60px \/ 2 );margin-right: calc(-60px \/ 2 );\"><div class=\"fusion-layout-column fusion_builder_column_inner fusion-builder-nested-column-0 fusion_builder_column_inner_1_2 1_2 fusion-flex-column fusion-flex-align-self-center\" style=\"--awb-bg-size:cover;--awb-width-large:50%;--awb-margin-top-large:0px;--awb-spacing-right-large:30px;--awb-margin-bottom-large:0px;--awb-spacing-left-large:30px;--awb-width-medium:50%;--awb-order-medium:0;--awb-spacing-right-medium:30px;--awb-spacing-left-medium:30px;--awb-width-small:100%;--awb-order-small:1;--awb-spacing-right-small:30px;--awb-margin-bottom-small:20px;--awb-spacing-left-small:30px;\"><div class=\"fusion-column-wrapper fusion-column-has-shadow fusion-flex-justify-content-center fusion-content-layout-column\"><div class=\"fusion-text fusion-text-3 fusion-text-no-margin\" style=\"--awb-font-size:var(--awb-typography5-font-size);--awb-line-height:var(--awb-typography5-line-height);--awb-letter-spacing:var(--awb-typography5-letter-spacing);--awb-text-transform:var(--awb-typography5-text-transform);--awb-text-color:var(--awb-custom11);--awb-margin-top:0px;--awb-margin-right:0px;--awb-margin-bottom:0px;--awb-margin-left:0px;--awb-text-font-family:var(--awb-typography5-font-family);--awb-text-font-weight:var(--awb-typography5-font-weight);--awb-text-font-style:var(--awb-typography5-font-style);\"><p>7 Novembre 2024<\/p>\n<\/div><\/div><\/div><div class=\"fusion-layout-column fusion_builder_column_inner fusion-builder-nested-column-1 fusion_builder_column_inner_1_2 1_2 fusion-flex-column fusion-flex-align-self-center\" style=\"--awb-bg-size:cover;--awb-width-large:50%;--awb-margin-top-large:0px;--awb-spacing-right-large:30px;--awb-margin-bottom-large:0px;--awb-spacing-left-large:30px;--awb-width-medium:50%;--awb-order-medium:0;--awb-spacing-right-medium:30px;--awb-spacing-left-medium:30px;--awb-width-small:100%;--awb-order-small:0;--awb-margin-top-small:0px;--awb-spacing-right-small:30px;--awb-spacing-left-small:30px;\"><div class=\"fusion-column-wrapper fusion-column-has-shadow fusion-flex-justify-content-center fusion-content-layout-column\"><div class=\"fusion-sharing-box fusion-sharing-box-1 boxed-icons\" style=\"background-color:var(--awb-color1);border-color:var(--awb-color1);--awb-margin-top:0px;--awb-margin-right:0px;--awb-margin-bottom:0px;--awb-margin-left:0px;--awb-wrapper-padding-top:0px;--awb-wrapper-padding-right:0px;--awb-wrapper-padding-bottom:0px;--awb-wrapper-padding-left:0px;--awb-padding-top:0px;--awb-padding-right:0px;--awb-padding-bottom:0px;--awb-padding-left:0px;--awb-border-top:0px;--awb-border-right:0px;--awb-border-bottom:0px;--awb-border-left:0px;--awb-icon-size:12px;--awb-separator-border-color:#cccccc;--awb-separator-border-sizes:0px;--awb-stacked-align:flex-end;--awb-layout:row;--awb-alignment-small:flex-end;--awb-stacked-align-small:center;\" data-title=\"Messaggio del congresso degli abati 2024 alle nostre comunit\u00e0 benedettine\" data-description=\"Il tuo contenuto va qui       \r\n\r\nCerca la pace e perseguila\r\nRB prol, ps 34,14\r\n\r\nCari fratelli e sorelle,\r\n\r\nIl Congresso degli Abati di quest&#039;anno non aveva un tema ufficiale, ma le questioni della guerra e della pace erano sempre presenti. Abbiamo ascoltato testimonianze di comunit\u00e0\" data-link=\"https:\/\/osb.org\/it\/2024\/11\/07\/messaggio-del-congresso-degli-abati-2024-alle-nostre-comunita-benedettine\/\"><div class=\"fusion-social-networks sharingbox-shortcode-icon-wrapper sharingbox-shortcode-icon-wrapper-1 boxed-icons\"><span><a href=\"https:\/\/www.facebook.com\/sharer.php?u=https%3A%2F%2Fosb.org%2Fit%2F2024%2F11%2F07%2Fmessaggio-del-congresso-degli-abati-2024-alle-nostre-comunita-benedettine%2F&amp;t=Messaggio%20del%20congresso%20degli%20abati%202024%20alle%20nostre%20comunit%C3%A0%20benedettine\" target=\"_blank\" rel=\"noreferrer\" title=\"Facebook\" aria-label=\"Facebook\"><i class=\"fusion-social-network-icon fusion-tooltip fusion-facebook awb-icon-facebook\" style=\"color:var(--awb-custom11);background-color:#e8e8e8;border-color:#e8e8e8;border-radius:50%;\" aria-hidden=\"true\"><\/i><\/a><\/span><span><a href=\"https:\/\/x.com\/intent\/post?text=Messaggio%20del%20congresso%20degli%20abati%202024%20alle%20nostre%20comunit%C3%A0%20benedettine&amp;url=https%3A%2F%2Fosb.org%2Fit%2F2024%2F11%2F07%2Fmessaggio-del-congresso-degli-abati-2024-alle-nostre-comunita-benedettine%2F\" target=\"_blank\" rel=\"noopener noreferrer\" title=\"X\" aria-label=\"X\"><i class=\"fusion-social-network-icon fusion-tooltip fusion-twitter awb-icon-twitter\" style=\"color:var(--awb-custom11);background-color:#e8e8e8;border-color:#e8e8e8;border-radius:50%;\" aria-hidden=\"true\"><\/i><\/a><\/span><span><a href=\"https:\/\/api.whatsapp.com\/send?text=https%3A%2F%2Fosb.org%2Fit%2F2024%2F11%2F07%2Fmessaggio-del-congresso-degli-abati-2024-alle-nostre-comunita-benedettine%2F\" target=\"_blank\" rel=\"noopener noreferrer\" title=\"WhatsApp\" aria-label=\"WhatsApp\"><i class=\"fusion-social-network-icon fusion-tooltip fusion-whatsapp awb-icon-whatsapp\" style=\"color:var(--awb-custom11);background-color:#e8e8e8;border-color:#e8e8e8;border-radius:50%;\" aria-hidden=\"true\"><\/i><\/a><\/span><span><a href=\"mailto:?subject=Messaggio%20del%20congresso%20degli%20abati%202024%20alle%20nostre%20comunit%C3%A0%20benedettine&amp;body=https%3A%2F%2Fosb.org%2Fit%2F2024%2F11%2F07%2Fmessaggio-del-congresso-degli-abati-2024-alle-nostre-comunita-benedettine%2F\" target=\"_self\" title=\"Email\" aria-label=\"Email\"><i class=\"fusion-social-network-icon fusion-tooltip fusion-mail awb-icon-mail\" style=\"color:var(--awb-custom11);background-color:#e8e8e8;border-color:#e8e8e8;border-radius:50%;\" aria-hidden=\"true\"><\/i><\/a><\/span><\/div><\/div><\/div><\/div><\/div><div class=\"fusion-text fusion-text-4\"><p><em>Cerca la pace e perseguila<\/em><br \/>\nRB prol, ps 34,14<\/p>\n<p>Cari fratelli e sorelle,<\/p>\n<p>Il Congresso degli Abati di quest'anno non aveva un tema ufficiale, ma le questioni della guerra e della pace erano sempre presenti. Abbiamo ascoltato testimonianze di comunit\u00e0 afflitte in paesi dilaniati dalla guerra, dall'Ucraina, dalla Terra Santa e dal Burkina Faso. Durante il nostro incontro con Papa Francesco, ha ripetuto pi\u00f9 volte che \"la guerra \u00e8 una sconfitta\". Durante il nostro pellegrinaggio a Montecassino, la distruzione insensata di questo luogo 80 anni fa ha avuto una forte risonanza, cos\u00ec come la lettera apostolica di Paolo VI del 1964 su San Benedetto con il titolo \"Pacis Nuntius\" - il Messaggero della Pace.   <\/p>\n<p>Quando abbiamo avuto un'udienza con Papa Francesco, che ne sa qualcosa della vita religiosa, ci ha detto, rivolgendosi ai benedettini: \"la pace \u00e8 cosa vostra\". E ha aggiunto: \"Ma iniziate dentro i monasteri!\". <\/p>\n<h3>Iniziare dentro i monasteri<\/h3>\n<p>Il prossimo Anno Santo \u00e8 un'occasione per concentrarci sulla nostra pace: guardiamo alle nostre case come luoghi dove la pace pu\u00f2 crescere. Vogliamo invitare le nostre comunit\u00e0 ad affrontare le tensioni interne, a confrontarsi con i conflitti e i vecchi blocchi, e a impegnarsi in rituali di perdono e riconciliazione. <\/p>\n<p>Uno dei messaggi di San Benedetto \u00e8: la riconciliazione e la convivenza al di l\u00e0 delle linee di divisione. La tradizione benedettina sottolinea l'uguaglianza dei confratelli monaci nel rispetto della loro diversit\u00e0. Questo \u00e8 un potente strumento di pace.  <\/p>\n<h3>Irradiare verso l'esterno<\/h3>\n<p>Possiamo trasmettere questa diversit\u00e0 nella convivenza come messaggio di pace durante l'Anno Santo?<\/p>\n<p>La nostra presenza benedettina mondiale e la nostra preoccupazione per la pace possono unirsi in questo Anno Santo con una \"preghiera benedettina per la pace nel mondo\". Speriamo che i monasteri possano fare a turno in modo che ogni comunit\u00e0 faccia parte di questa catena di preghiera benedettina, ad esempio attraverso intercessioni settimanali o momenti di preghiera in un giorno e un'ora indicati. <\/p>\n<p>Durante il Congresso, i rappresentanti della Santa Sede ci hanno invitato a riscoprire il nostro antico ruolo di costruttori di ponti ecumenici, 100 anni dopo che Papa Pio XI ci aveva affidato per la prima volta questo compito. I partenariati tra i monasteri ortodossi e le nostre comunit\u00e0 benedettine possono diventare un ponte attraverso il baratro che si \u00e8 aperto tra Oriente e Occidente negli ultimi tempi. <\/p>\n<p>Il silenzio, che \u00e8 l'atteggiamento naturale di un monaco, pu\u00f2 essere uno spazio per incontrare fratelli e sorelle di altre fedi e religioni. Ci sono luoghi \u2013 anche digitali \u2013 dove il 'silenzio per la pace' \u00e8 praticato dai cristiani in uno spirito di dialogo ecumenico e interreligioso. <\/p>\n<p>Un altro segno distintivo benedettino \u00e8 l'ospitalit\u00e0. Quando permettiamo agli altri di condividere la nostra preghiera, il nostro silenzio e il nostro ritmo quotidiano, li aiutiamo a trovare la pace. <\/p>\n<p>San Benedetto vuole che i suoi discepoli \"cerchino la pace e la perseguano\". Questo \u00e8 un incoraggiamento a 'uscire dalla nostra zona di comfort'. Quando affrontiamo sfide o intraprendiamo nuovi progetti, iniziamo un cammino di trasformazione che pu\u00f2 condurci al rinnovamento spirituale.  <\/p>\n<p>Quando sono iniziate le guerre in Ucraina e in Terra Santa, molti monasteri benedettini si sono aperti e hanno accolto i rifugiati. Siamo molto grati per questa solidariet\u00e0. La gratitudine \u00e8 una pietra angolare della costruzione della pace: gratitudine a Dio e ai nostri fratelli e sorelle per ogni dono ricevuto e dato. La gratitudine profonda ha un potere curativo e rafforza il processo di riconciliazione e di pace. Incoraggiamo le nostre comunit\u00e0 a stabilire rituali per esprimere la gratitudine nel cammino verso la pace.    <\/p>\n<p>Speriamo che questo umile messaggio di pace sia ricevuto come un invito a tutti i nostri fratelli e sorelle monastici a partecipare attivamente alla costruzione della pace. Siamo creativi e troviamo modi per costruire la pace nelle nostre comunit\u00e0 e per il nostro mondo. E condividiamo in tutta la nostra Confederazione come lo facciamo: vogliamo essere una famiglia mondiale che costruisce veramente la pace.  <\/p>\n<p>Abate Primate Jeremias Schr\u00f6der OSB<br \/>\ne pi\u00f9 di 200 partecipanti al Congresso degli Abati del 2024<\/p>\n<\/div><\/div><\/div><\/div><\/div><\/p>\n","protected":false},"excerpt":{"rendered":"<p>Il Congresso degli Abati del 2024 ha invitato le comunit\u00e0 benedettine a diventare attivi costruttori di pace, a partire dai propri monasteri. Ispirato dal messaggio di riconciliazione di San Benedetto e dall&#8217;appello di Papa Francesco, il Congresso ha sollecitato un rinnovato impegno alla preghiera, all&#8217;ospitalit\u00e0 e all&#8217;unit\u00e0 durante il prossimo Anno Santo. <\/p>\n","protected":false},"author":1,"featured_media":14919,"comment_status":"closed","ping_status":"closed","sticky":false,"template":"","format":"standard","meta":{"footnotes":""},"categories":[180],"tags":[219,182],"class_list":["post-14916","post","type-post","status-publish","format-standard","has-post-thumbnail","hentry","category-nexus-it","tag-nexus-dicembre-2024-it","tag-nexus-luglio-2025-it"],"cc_featured_image_caption":{"caption_text":false,"source_text":false,"source_url":false},"_links":{"self":[{"href":"https:\/\/osb.org\/it\/wp-json\/wp\/v2\/posts\/14916","targetHints":{"allow":["GET"]}}],"collection":[{"href":"https:\/\/osb.org\/it\/wp-json\/wp\/v2\/posts"}],"about":[{"href":"https:\/\/osb.org\/it\/wp-json\/wp\/v2\/types\/post"}],"author":[{"embeddable":true,"href":"https:\/\/osb.org\/it\/wp-json\/wp\/v2\/users\/1"}],"replies":[{"embeddable":true,"href":"https:\/\/osb.org\/it\/wp-json\/wp\/v2\/comments?post=14916"}],"version-history":[{"count":0,"href":"https:\/\/osb.org\/it\/wp-json\/wp\/v2\/posts\/14916\/revisions"}],"wp:featuredmedia":[{"embeddable":true,"href":"https:\/\/osb.org\/it\/wp-json\/wp\/v2\/media\/14919"}],"wp:attachment":[{"href":"https:\/\/osb.org\/it\/wp-json\/wp\/v2\/media?parent=14916"}],"wp:term":[{"taxonomy":"category","embeddable":true,"href":"https:\/\/osb.org\/it\/wp-json\/wp\/v2\/categories?post=14916"},{"taxonomy":"post_tag","embeddable":true,"href":"https:\/\/osb.org\/it\/wp-json\/wp\/v2\/tags?post=14916"}],"curies":[{"name":"wp","href":"https:\/\/api.w.org\/{rel}","templated":true}]}}