{"id":14884,"date":"2024-11-27T18:13:22","date_gmt":"2024-11-27T17:13:22","guid":{"rendered":"https:\/\/osb.org\/2024\/11\/27\/p-brendan-coffey-osb-nominato-priore-di-santanselmo\/"},"modified":"2025-09-24T22:29:44","modified_gmt":"2025-09-24T20:29:44","slug":"p-brendan-coffey-osb-nominato-priore-di-santanselmo","status":"publish","type":"post","link":"https:\/\/osb.org\/it\/2024\/11\/27\/p-brendan-coffey-osb-nominato-priore-di-santanselmo\/","title":{"rendered":"P. Brendan Coffey OSB Nominato Priore di Sant\u2019Anselmo"},"content":{"rendered":"<p><div class=\"fusion-fullwidth fullwidth-box fusion-builder-row-1 fusion-flex-container has-pattern-background has-mask-background hundred-percent-fullwidth non-hundred-percent-height-scrolling\" style=\"--awb-border-sizes-bottom:1px;--awb-border-color:var(--awb-custom11);--awb-border-radius-top-left:0px;--awb-border-radius-top-right:0px;--awb-border-radius-bottom-right:0px;--awb-border-radius-bottom-left:0px;--awb-padding-right:60px;--awb-padding-bottom:20px;--awb-padding-left:60px;--awb-padding-right-small:30px;--awb-padding-left-small:30px;--awb-margin-top-medium:1px;--awb-margin-top-small:0px;--awb-flex-wrap:wrap;\" ><div class=\"fusion-builder-row fusion-row fusion-flex-align-items-center fusion-flex-justify-content-flex-end fusion-flex-content-wrap\" style=\"width:calc( 100% + 60px ) !important;max-width:calc( 100% + 60px ) !important;margin-left: calc(-60px \/ 2 );margin-right: calc(-60px \/ 2 );\"><div class=\"fusion-layout-column fusion_builder_column fusion-builder-column-0 fusion_builder_column_1_2 1_2 fusion-flex-column\" style=\"--awb-padding-right:60px;--awb-padding-left:60px;--awb-padding-right-small:0px;--awb-padding-left-small:0px;--awb-bg-size:cover;--awb-width-large:50%;--awb-margin-top-large:0px;--awb-spacing-right-large:30px;--awb-margin-bottom-large:20px;--awb-spacing-left-large:30px;--awb-width-medium:100%;--awb-order-medium:0;--awb-margin-top-medium:20px;--awb-spacing-right-medium:30px;--awb-margin-bottom-medium:0px;--awb-spacing-left-medium:30px;--awb-width-small:100%;--awb-order-small:0;--awb-spacing-right-small:30px;--awb-spacing-left-small:30px;\"><div class=\"fusion-column-wrapper fusion-column-has-shadow fusion-flex-justify-content-flex-start fusion-content-layout-column\"><div class=\"fusion-title title fusion-title-1 fusion-sep-none fusion-title-text fusion-title-size-one\" style=\"--awb-text-color:var(--awb-custom13);--awb-margin-top-small:0px;--awb-margin-right-small:0px;--awb-margin-bottom-small:20px;--awb-margin-left-small:0px;--awb-font-size:40px;\"><h1 class=\"fusion-title-heading title-heading-left md-text-align-center fusion-responsive-typography-calculated\" style=\"font-family:var(--awb-typography1-font-family);font-weight:var(--awb-typography1-font-weight);font-style:var(--awb-typography1-font-style);margin:0;letter-spacing:var(--awb-typography1-letter-spacing);text-transform:var(--awb-typography1-text-transform);font-size:1em;--fontSize:40;line-height:var(--awb-typography1-line-height);\">P. Brendan Coffey OSB Nominato Priore di Sant\u2019Anselmo<\/h1><\/div><div class=\"fusion-text fusion-text-1 fusion-no-small-visibility fusion-no-medium-visibility\" style=\"--awb-font-size:var(--awb-typography5-font-size);--awb-line-height:var(--awb-typography5-line-height);--awb-letter-spacing:var(--awb-typography5-letter-spacing);--awb-text-transform:var(--awb-typography5-text-transform);--awb-text-color:var(--awb-custom12);--awb-text-font-family:var(--awb-typography5-font-family);--awb-text-font-weight:var(--awb-typography5-font-weight);--awb-text-font-style:var(--awb-typography5-font-style);\"><p>Poco dopo la sua elezione a settembre, l'Abate Primate Jeremias Schr\u00f6der ha nominato P. Brendan Coffey, abate emerito dell'Abbazia di Glenstal a Murroe, Contea di Limerick, Irlanda, priore del Collegio Sant\u2019Anselmo. P. Brendan assumer\u00e0 formalmente la responsabilit\u00e0 del suo nuovo incarico il 7 gennaio.   <\/p>\n<\/div><\/div><\/div><div class=\"fusion-layout-column fusion_builder_column fusion-builder-column-1 fusion_builder_column_1_2 1_2 fusion-flex-column\" style=\"--awb-bg-size:cover;--awb-width-large:50%;--awb-margin-top-large:0px;--awb-spacing-right-large:30px;--awb-margin-bottom-large:0px;--awb-spacing-left-large:30px;--awb-width-medium:100%;--awb-order-medium:0;--awb-spacing-right-medium:30px;--awb-spacing-left-medium:30px;--awb-width-small:100%;--awb-order-small:0;--awb-spacing-right-small:30px;--awb-spacing-left-small:30px;\"><div class=\"fusion-column-wrapper fusion-column-has-shadow fusion-flex-justify-content-flex-start fusion-content-layout-column\"><div class=\"fusion-image-element \" style=\"--awb-caption-title-font-family:var(--h2_typography-font-family);--awb-caption-title-font-weight:var(--h2_typography-font-weight);--awb-caption-title-font-style:var(--h2_typography-font-style);--awb-caption-title-size:var(--h2_typography-font-size);--awb-caption-title-transform:var(--h2_typography-text-transform);--awb-caption-title-line-height:var(--h2_typography-line-height);--awb-caption-title-letter-spacing:var(--h2_typography-letter-spacing);\"><span class=\" fusion-imageframe imageframe-none imageframe-1 hover-type-none\" style=\"border:1px solid var(--awb-custom10);\"><img decoding=\"async\" width=\"1920\" height=\"1080\" title=\"DSC_0467_1\" src=\"https:\/\/osb.org\/wp-content\/uploads\/2024\/11\/DSC_0467_1.jpeg\" data-orig-src=\"https:\/\/osb.org\/wp-content\/uploads\/2024\/11\/DSC_0467_1.jpeg\" alt class=\"lazyload img-responsive wp-image-14885\" srcset=\"data:image\/svg+xml,%3Csvg%20xmlns%3D%27http%3A%2F%2Fwww.w3.org%2F2000%2Fsvg%27%20width%3D%271920%27%20height%3D%271080%27%20viewBox%3D%270%200%201920%201080%27%3E%3Crect%20width%3D%271920%27%20height%3D%271080%27%20fill-opacity%3D%220%22%2F%3E%3C%2Fsvg%3E\" data-srcset=\"https:\/\/osb.org\/wp-content\/uploads\/2024\/11\/DSC_0467_1-200x113.jpeg 200w, https:\/\/osb.org\/wp-content\/uploads\/2024\/11\/DSC_0467_1-400x225.jpeg 400w, https:\/\/osb.org\/wp-content\/uploads\/2024\/11\/DSC_0467_1-600x338.jpeg 600w, https:\/\/osb.org\/wp-content\/uploads\/2024\/11\/DSC_0467_1-800x450.jpeg 800w, https:\/\/osb.org\/wp-content\/uploads\/2024\/11\/DSC_0467_1-1200x675.jpeg 1200w, https:\/\/osb.org\/wp-content\/uploads\/2024\/11\/DSC_0467_1.jpeg 1920w\" data-sizes=\"auto\" data-orig-sizes=\"(max-width: 1024px) 100vw, (max-width: 640px) 100vw, 600px\" \/><\/span><\/div><div class=\"fusion-text fusion-text-2 fusion-text-no-margin\" style=\"--awb-font-size:var(--awb-typography5-font-size);--awb-line-height:var(--awb-typography5-line-height);--awb-letter-spacing:var(--awb-typography5-letter-spacing);--awb-text-transform:var(--awb-typography5-text-transform);--awb-text-color:var(--awb-custom11);--awb-margin-top:12px;--awb-margin-bottom:12px;--awb-text-font-family:var(--awb-typography5-font-family);--awb-text-font-weight:var(--awb-typography5-font-weight);--awb-text-font-style:var(--awb-typography5-font-style);\"><\/div><\/div><\/div><div class=\"fusion-layout-column fusion_builder_column fusion-builder-column-2 fusion_builder_column_1_2 1_2 fusion-flex-column\" style=\"--awb-bg-size:cover;--awb-width-large:50%;--awb-margin-top-large:0px;--awb-spacing-right-large:30px;--awb-margin-bottom-large:0px;--awb-spacing-left-large:30px;--awb-width-medium:100%;--awb-order-medium:0;--awb-spacing-right-medium:30px;--awb-spacing-left-medium:30px;--awb-width-small:100%;--awb-order-small:0;--awb-spacing-right-small:30px;--awb-spacing-left-small:30px;\"><div class=\"fusion-column-wrapper fusion-column-has-shadow fusion-flex-justify-content-flex-start fusion-content-layout-column\"><div class=\"fusion-separator fusion-full-width-sep\" style=\"align-self: center;margin-left: auto;margin-right: auto;width:100%;\"><div class=\"fusion-separator-border sep-single sep-solid\" style=\"--awb-height:20px;--awb-amount:20px;--awb-sep-color:var(--awb-color4);border-color:var(--awb-color4);border-top-width:3px;\"><\/div><\/div><\/div><\/div><\/div><\/div><div class=\"fusion-fullwidth fullwidth-box fusion-builder-row-2 fusion-flex-container has-pattern-background has-mask-background hundred-percent-fullwidth non-hundred-percent-height-scrolling\" style=\"--awb-border-radius-top-left:0px;--awb-border-radius-top-right:0px;--awb-border-radius-bottom-right:0px;--awb-border-radius-bottom-left:0px;--awb-padding-right:60px;--awb-padding-left:60px;--awb-padding-right-medium:60px;--awb-padding-left-medium:60px;--awb-padding-right-small:30px;--awb-padding-left-small:30px;--awb-margin-top:30px;--awb-margin-top-small:0px;--awb-flex-wrap:wrap;\" ><div class=\"fusion-builder-row fusion-row fusion-flex-align-items-flex-start fusion-flex-justify-content-center fusion-flex-content-wrap\" style=\"width:calc( 100% + 60px ) !important;max-width:calc( 100% + 60px ) !important;margin-left: calc(-60px \/ 2 );margin-right: calc(-60px \/ 2 );\"><div class=\"fusion-layout-column fusion_builder_column fusion-builder-column-3 fusion_builder_column_2_5 2_5 fusion-flex-column\" style=\"--awb-bg-blend:overlay;--awb-bg-size:cover;--awb-width-large:40%;--awb-margin-top-large:0px;--awb-spacing-right-large:30px;--awb-margin-bottom-large:20px;--awb-spacing-left-large:30px;--awb-width-medium:75%;--awb-order-medium:0;--awb-spacing-right-medium:30px;--awb-spacing-left-medium:30px;--awb-width-small:100%;--awb-order-small:0;--awb-spacing-right-small:30px;--awb-spacing-left-small:30px;\"><div class=\"fusion-column-wrapper fusion-flex-justify-content-flex-start fusion-content-layout-column\"><div class=\"fusion-builder-row fusion-builder-row-inner fusion-row fusion-flex-align-items-flex-start fusion-flex-justify-content-center fusion-flex-content-wrap\" style=\"--awb-flex-grow:0;--awb-flex-grow-medium:0;--awb-flex-grow-small:0;--awb-flex-shrink:0;--awb-flex-shrink-medium:0;--awb-flex-shrink-small:0;width:calc( 100% + 60px ) !important;max-width:calc( 100% + 60px ) !important;margin-left: calc(-60px \/ 2 );margin-right: calc(-60px \/ 2 );\"><div class=\"fusion-layout-column fusion_builder_column_inner fusion-builder-nested-column-0 fusion_builder_column_inner_1_2 1_2 fusion-flex-column fusion-flex-align-self-center\" style=\"--awb-bg-size:cover;--awb-width-large:50%;--awb-margin-top-large:0px;--awb-spacing-right-large:30px;--awb-margin-bottom-large:0px;--awb-spacing-left-large:30px;--awb-width-medium:50%;--awb-order-medium:0;--awb-spacing-right-medium:30px;--awb-spacing-left-medium:30px;--awb-width-small:100%;--awb-order-small:1;--awb-spacing-right-small:30px;--awb-margin-bottom-small:20px;--awb-spacing-left-small:30px;\"><div class=\"fusion-column-wrapper fusion-column-has-shadow fusion-flex-justify-content-center fusion-content-layout-column\"><div class=\"fusion-text fusion-text-3 fusion-text-no-margin\" style=\"--awb-font-size:var(--awb-typography5-font-size);--awb-line-height:var(--awb-typography5-line-height);--awb-letter-spacing:var(--awb-typography5-letter-spacing);--awb-text-transform:var(--awb-typography5-text-transform);--awb-text-color:var(--awb-custom11);--awb-margin-top:0px;--awb-margin-right:0px;--awb-margin-bottom:0px;--awb-margin-left:0px;--awb-text-font-family:var(--awb-typography5-font-family);--awb-text-font-weight:var(--awb-typography5-font-weight);--awb-text-font-style:var(--awb-typography5-font-style);\"><p>27 Novembre 2024<\/p>\n<\/div><\/div><\/div><div class=\"fusion-layout-column fusion_builder_column_inner fusion-builder-nested-column-1 fusion_builder_column_inner_1_2 1_2 fusion-flex-column fusion-flex-align-self-center\" style=\"--awb-bg-size:cover;--awb-width-large:50%;--awb-margin-top-large:0px;--awb-spacing-right-large:30px;--awb-margin-bottom-large:0px;--awb-spacing-left-large:30px;--awb-width-medium:50%;--awb-order-medium:0;--awb-spacing-right-medium:30px;--awb-spacing-left-medium:30px;--awb-width-small:100%;--awb-order-small:0;--awb-margin-top-small:0px;--awb-spacing-right-small:30px;--awb-spacing-left-small:30px;\"><div class=\"fusion-column-wrapper fusion-column-has-shadow fusion-flex-justify-content-center fusion-content-layout-column\"><div class=\"fusion-sharing-box fusion-sharing-box-1 boxed-icons\" style=\"background-color:var(--awb-color1);border-color:var(--awb-color1);--awb-margin-top:0px;--awb-margin-right:0px;--awb-margin-bottom:0px;--awb-margin-left:0px;--awb-wrapper-padding-top:0px;--awb-wrapper-padding-right:0px;--awb-wrapper-padding-bottom:0px;--awb-wrapper-padding-left:0px;--awb-padding-top:0px;--awb-padding-right:0px;--awb-padding-bottom:0px;--awb-padding-left:0px;--awb-border-top:0px;--awb-border-right:0px;--awb-border-bottom:0px;--awb-border-left:0px;--awb-icon-size:12px;--awb-separator-border-color:#cccccc;--awb-separator-border-sizes:0px;--awb-stacked-align:flex-end;--awb-layout:row;--awb-alignment-small:flex-end;--awb-stacked-align-small:center;\" data-title=\"P. Brendan Coffey OSB Nominato Priore di Sant\u2019Anselmo\" data-description=\"Il tuo contenuto va qui       \r\nPoco dopo la sua elezione a settembre, l&#039;Abate Primate Jeremias Schr\u00f6der ha nominato P. Brendan Coffey, abate emerito dell&#039;Abbazia di Glenstal a Murroe, Contea di Limerick, Irlanda, priore del Collegio Sant\u2019Anselmo. P. Brendan assumer\u00e0 formalmente\" data-link=\"https:\/\/osb.org\/it\/2024\/11\/27\/p-brendan-coffey-osb-nominato-priore-di-santanselmo\/\"><div class=\"fusion-social-networks sharingbox-shortcode-icon-wrapper sharingbox-shortcode-icon-wrapper-1 boxed-icons\"><span><a href=\"https:\/\/www.facebook.com\/sharer.php?u=https%3A%2F%2Fosb.org%2Fit%2F2024%2F11%2F27%2Fp-brendan-coffey-osb-nominato-priore-di-santanselmo%2F&amp;t=P.%20Brendan%20Coffey%20OSB%20Nominato%20Priore%20di%20Sant%E2%80%99Anselmo\" target=\"_blank\" rel=\"noreferrer\" title=\"Facebook\" aria-label=\"Facebook\"><i class=\"fusion-social-network-icon fusion-tooltip fusion-facebook awb-icon-facebook\" style=\"color:var(--awb-custom11);background-color:#e8e8e8;border-color:#e8e8e8;border-radius:50%;\" aria-hidden=\"true\"><\/i><\/a><\/span><span><a href=\"https:\/\/x.com\/intent\/post?text=P.%20Brendan%20Coffey%20OSB%20Nominato%20Priore%20di%20Sant%E2%80%99Anselmo&amp;url=https%3A%2F%2Fosb.org%2Fit%2F2024%2F11%2F27%2Fp-brendan-coffey-osb-nominato-priore-di-santanselmo%2F\" target=\"_blank\" rel=\"noopener noreferrer\" title=\"X\" aria-label=\"X\"><i class=\"fusion-social-network-icon fusion-tooltip fusion-twitter awb-icon-twitter\" style=\"color:var(--awb-custom11);background-color:#e8e8e8;border-color:#e8e8e8;border-radius:50%;\" aria-hidden=\"true\"><\/i><\/a><\/span><span><a href=\"https:\/\/api.whatsapp.com\/send?text=https%3A%2F%2Fosb.org%2Fit%2F2024%2F11%2F27%2Fp-brendan-coffey-osb-nominato-priore-di-santanselmo%2F\" target=\"_blank\" rel=\"noopener noreferrer\" title=\"WhatsApp\" aria-label=\"WhatsApp\"><i class=\"fusion-social-network-icon fusion-tooltip fusion-whatsapp awb-icon-whatsapp\" style=\"color:var(--awb-custom11);background-color:#e8e8e8;border-color:#e8e8e8;border-radius:50%;\" aria-hidden=\"true\"><\/i><\/a><\/span><span><a href=\"mailto:?subject=P.%20Brendan%20Coffey%20OSB%20Nominato%20Priore%20di%20Sant%E2%80%99Anselmo&amp;body=https%3A%2F%2Fosb.org%2Fit%2F2024%2F11%2F27%2Fp-brendan-coffey-osb-nominato-priore-di-santanselmo%2F\" target=\"_self\" title=\"Email\" aria-label=\"Email\"><i class=\"fusion-social-network-icon fusion-tooltip fusion-mail awb-icon-mail\" style=\"color:var(--awb-custom11);background-color:#e8e8e8;border-color:#e8e8e8;border-radius:50%;\" aria-hidden=\"true\"><\/i><\/a><\/span><\/div><\/div><\/div><\/div><\/div><div class=\"fusion-text fusion-text-4\"><p>Poco dopo la sua elezione a settembre, l'Abate Primate Jeremias Schr\u00f6der ha nominato P. Brendan Coffey, abate emerito dell'<a href=\"https:\/\/glenstal.com\/abbey\/\">Abbazia di Glenstal<\/a> a Murroe, Contea di Limerick, Irlanda, priore del <a href=\"https:\/\/www.collegiosantanselmo.com\/\">Collegio Sant\u2019Anselmo<\/a>. P. Brendan assumer\u00e0 formalmente la responsabilit\u00e0 del suo nuovo incarico il 7 gennaio.   <\/p>\n<p>Joseph (Brendan) Coffey \u00e8 nato a Ennis, Co Clare, Irlanda, nel 1970. Dopo gli studi al Saint Patrick\u2019s College Maynooth e a Roma, \u00e8 stato ordinato sacerdote della diocesi di Killaloe nel 1995. Dopo l'ordinazione, ha proseguito gli studi post-laurea in diritto canonico presso la Pontificia Universit\u00e0 Gregoriana a Roma, dopo di che \u00e8 stato nominato curato nella parrocchia di Kilrush.  <\/p>\n<p>\u00c8 entrato nell'Abbazia di Glenstal nel 1998, prendendo il nome di Brendan. Ha emesso i voti semplici nel 1999 e la professione solenne nel 2002. Dopo alcuni anni trascorsi a lavorare nella scuola dell'abbazia come prefetto e insegnante di materie classiche, P. Brendan ha trascorso due anni a Santa Giustina, a Padova, Italia, per studi post-laurea in liturgia.   <\/p>\n<p>Al suo ritorno a Glenstal, ha ricoperto il ruolo di priore del monastero dal 2007 al 2015. Ha trascorso l'anno accademico 2015-16 presso la Catholic University of America, dove ha iniziato gli studi di dottorato in liturgia. <\/p>\n<p>\u00c8 stato eletto abate di Glenstal a settembre 2016 e ha ricevuto la benedizione abbaziale a novembre 2016. Durante il suo mandato come abate, ha supervisionato il restauro e la ristrutturazione degli edifici e ha promosso conferenze, programmi di sensibilizzazione e iniziative interreligiose, rafforzando la reputazione di Glenstal come centro di impegno monastico e pubblico. Ha completato il suo mandato come abate di Glenstal a luglio 2024.  <\/p>\n<p>Nel 2018 \u00e8 stato nominato primo assistente dell'abate presidente della Congregazione Benedettina dell'Annunciazione, ruolo che ricopre tuttora. \u00c8 stato eletto presidente dell'Associazione dei Capi dei Missionari e Religiosi d'Irlanda a settembre 2021 e ha svolto il consueto mandato biennale. <\/p>\n<p>Oltre alle sue responsabilit\u00e0 a Glenstal, P. Brendan \u00e8 stato un partecipante attivo nella pi\u00f9 ampia confederazione benedettina, contribuendo a visite monastiche, conferenze e ritiri. Questa esperienza e il suo background hanno portato alla sua nomina a priore del Collegio Sant\u2019Anselmo a Roma, un'istituzione fondamentale per l'educazione e la collaborazione benedettina. In questo ruolo, continua il suo servizio alla confederazione benedettina e alla Chiesa universale.   <\/p>\n<\/div><\/div><\/div><\/div><\/div><\/p>\n","protected":false},"excerpt":{"rendered":"<p>Poco dopo la sua elezione a settembre, l&#8217;Abate Primate Jeremias Schr\u00f6der ha nominato P. Brendan Coffey, abate emerito dell&#8217;Abbazia di Glenstal a Murroe, Contea di Limerick, Irlanda, priore del Collegio Sant\u2019Anselmo. P. Brendan assumer\u00e0 formalmente la responsabilit\u00e0 del suo nuovo incarico il 7 gennaio.   <\/p>\n","protected":false},"author":1,"featured_media":14885,"comment_status":"closed","ping_status":"closed","sticky":false,"template":"","format":"standard","meta":{"footnotes":""},"categories":[180,189],"tags":[219,217,216],"class_list":["post-14884","post","type-post","status-publish","format-standard","has-post-thumbnail","hentry","category-nexus-it","category-notizie-it","tag-nexus-dicembre-2024-it","tag-nexus-santanselmo-it","tag-nexus-transizioni-di-leadership-it"],"cc_featured_image_caption":{"caption_text":false,"source_text":false,"source_url":false},"_links":{"self":[{"href":"https:\/\/osb.org\/it\/wp-json\/wp\/v2\/posts\/14884","targetHints":{"allow":["GET"]}}],"collection":[{"href":"https:\/\/osb.org\/it\/wp-json\/wp\/v2\/posts"}],"about":[{"href":"https:\/\/osb.org\/it\/wp-json\/wp\/v2\/types\/post"}],"author":[{"embeddable":true,"href":"https:\/\/osb.org\/it\/wp-json\/wp\/v2\/users\/1"}],"replies":[{"embeddable":true,"href":"https:\/\/osb.org\/it\/wp-json\/wp\/v2\/comments?post=14884"}],"version-history":[{"count":0,"href":"https:\/\/osb.org\/it\/wp-json\/wp\/v2\/posts\/14884\/revisions"}],"wp:featuredmedia":[{"embeddable":true,"href":"https:\/\/osb.org\/it\/wp-json\/wp\/v2\/media\/14885"}],"wp:attachment":[{"href":"https:\/\/osb.org\/it\/wp-json\/wp\/v2\/media?parent=14884"}],"wp:term":[{"taxonomy":"category","embeddable":true,"href":"https:\/\/osb.org\/it\/wp-json\/wp\/v2\/categories?post=14884"},{"taxonomy":"post_tag","embeddable":true,"href":"https:\/\/osb.org\/it\/wp-json\/wp\/v2\/tags?post=14884"}],"curies":[{"name":"wp","href":"https:\/\/api.w.org\/{rel}","templated":true}]}}