{"id":14735,"date":"2025-01-09T10:53:44","date_gmt":"2025-01-09T09:53:44","guid":{"rendered":"https:\/\/osb.org\/2025\/01\/09\/p-patrick-schoder-eletto-66-abate-dellabbazia-di-gottweig\/"},"modified":"2025-09-24T22:24:01","modified_gmt":"2025-09-24T20:24:01","slug":"p-patrick-schoder-eletto-66-abate-dellabbazia-di-gottweig","status":"publish","type":"post","link":"https:\/\/osb.org\/it\/2025\/01\/09\/p-patrick-schoder-eletto-66-abate-dellabbazia-di-gottweig\/","title":{"rendered":"P. Patrick Sch\u00f6der eletto 66\u00b0 abate dell&#8217;abbazia di G\u00f6ttweig"},"content":{"rendered":"<p><div class=\"fusion-fullwidth fullwidth-box fusion-builder-row-1 fusion-flex-container has-pattern-background has-mask-background hundred-percent-fullwidth non-hundred-percent-height-scrolling\" style=\"--awb-border-radius-top-left:0px;--awb-border-radius-top-right:0px;--awb-border-radius-bottom-right:0px;--awb-border-radius-bottom-left:0px;--awb-padding-right:60px;--awb-padding-bottom:0px;--awb-padding-left:60px;--awb-padding-right-small:30px;--awb-padding-left-small:30px;--awb-flex-wrap:wrap;\" ><div class=\"fusion-builder-row fusion-row fusion-flex-align-items-center fusion-flex-justify-content-flex-end fusion-flex-content-wrap\" style=\"width:calc( 100% + 60px ) !important;max-width:calc( 100% + 60px ) !important;margin-left: calc(-60px \/ 2 );margin-right: calc(-60px \/ 2 );\"><div class=\"fusion-layout-column fusion_builder_column fusion-builder-column-0 fusion_builder_column_1_2 1_2 fusion-flex-column\" style=\"--awb-padding-right:60px;--awb-padding-left:60px;--awb-padding-right-small:0px;--awb-padding-left-small:0px;--awb-bg-size:cover;--awb-width-large:50%;--awb-margin-top-large:0px;--awb-spacing-right-large:30px;--awb-margin-bottom-large:20px;--awb-spacing-left-large:30px;--awb-width-medium:100%;--awb-order-medium:0;--awb-margin-top-medium:20px;--awb-spacing-right-medium:30px;--awb-margin-bottom-medium:0px;--awb-spacing-left-medium:30px;--awb-width-small:100%;--awb-order-small:0;--awb-spacing-right-small:30px;--awb-spacing-left-small:30px;\"><div class=\"fusion-column-wrapper fusion-column-has-shadow fusion-flex-justify-content-flex-start fusion-content-layout-column\"><div class=\"fusion-title title fusion-title-1 fusion-sep-none fusion-title-text fusion-title-size-one\" style=\"--awb-text-color:var(--awb-custom13);--awb-margin-top-small:0px;--awb-margin-right-small:0px;--awb-margin-bottom-small:20px;--awb-margin-left-small:0px;--awb-font-size:40px;\"><h1 class=\"fusion-title-heading title-heading-left md-text-align-center fusion-responsive-typography-calculated\" style=\"font-family:var(--awb-typography1-font-family);font-weight:var(--awb-typography1-font-weight);font-style:var(--awb-typography1-font-style);margin:0;letter-spacing:var(--awb-typography1-letter-spacing);text-transform:var(--awb-typography1-text-transform);font-size:1em;--fontSize:40;line-height:var(--awb-typography1-line-height);\">P. Patrick Sch\u00f6der eletto 66\u00b0 abate dell&#8217;abbazia di G\u00f6ttweig<\/h1><\/div><div class=\"fusion-text fusion-text-1 fusion-no-small-visibility fusion-no-medium-visibility\"><p>Nell'abbazia benedettina di G\u00f6ttweig, Patrick Sch\u00f6der OSB \u00e8 stato eletto l'8 gennaio come nuovo abate. Succede all'abate Columban Luser come 66\u00b0 abate di questo storico monastero. L'abate Columban ha ricoperto questa carica per pi\u00f9 di 15 anni con prudenza, profondit\u00e0 spirituale e lungimiranza.  <\/p>\n<\/div><\/div><\/div><div class=\"fusion-layout-column fusion_builder_column fusion-builder-column-1 fusion_builder_column_1_2 1_2 fusion-flex-column\" style=\"--awb-bg-size:cover;--awb-width-large:50%;--awb-margin-top-large:0px;--awb-spacing-right-large:30px;--awb-margin-bottom-large:0px;--awb-spacing-left-large:30px;--awb-width-medium:100%;--awb-order-medium:0;--awb-spacing-right-medium:30px;--awb-spacing-left-medium:30px;--awb-width-small:100%;--awb-order-small:0;--awb-spacing-right-small:30px;--awb-spacing-left-small:30px;\"><div class=\"fusion-column-wrapper fusion-column-has-shadow fusion-flex-justify-content-flex-start fusion-content-layout-column\"><div class=\"fusion-image-element \" style=\"--awb-caption-title-font-family:var(--h2_typography-font-family);--awb-caption-title-font-weight:var(--h2_typography-font-weight);--awb-caption-title-font-style:var(--h2_typography-font-style);--awb-caption-title-size:var(--h2_typography-font-size);--awb-caption-title-transform:var(--h2_typography-text-transform);--awb-caption-title-line-height:var(--h2_typography-line-height);--awb-caption-title-letter-spacing:var(--h2_typography-letter-spacing);\"><span class=\" fusion-imageframe imageframe-none imageframe-1 hover-type-none\" style=\"border:1px solid var(--awb-custom10);\"><img decoding=\"async\" width=\"1920\" height=\"1080\" title=\"GTW_250108_-021_Credit Edgar knaack\" src=\"https:\/\/osb.org\/wp-content\/uploads\/2025\/01\/GTW_250108_-021_Credit-Edgar-Knaack.jpg\" data-orig-src=\"https:\/\/osb.org\/wp-content\/uploads\/2025\/01\/GTW_250108_-021_Credit-Edgar-Knaack.jpg\" alt class=\"lazyload img-responsive wp-image-14736\" srcset=\"data:image\/svg+xml,%3Csvg%20xmlns%3D%27http%3A%2F%2Fwww.w3.org%2F2000%2Fsvg%27%20width%3D%271920%27%20height%3D%271080%27%20viewBox%3D%270%200%201920%201080%27%3E%3Crect%20width%3D%271920%27%20height%3D%271080%27%20fill-opacity%3D%220%22%2F%3E%3C%2Fsvg%3E\" data-srcset=\"https:\/\/osb.org\/wp-content\/uploads\/2025\/01\/GTW_250108_-021_Credit-Edgar-Knaack-200x113.jpg 200w, https:\/\/osb.org\/wp-content\/uploads\/2025\/01\/GTW_250108_-021_Credit-Edgar-Knaack-400x225.jpg 400w, https:\/\/osb.org\/wp-content\/uploads\/2025\/01\/GTW_250108_-021_Credit-Edgar-Knaack-600x338.jpg 600w, https:\/\/osb.org\/wp-content\/uploads\/2025\/01\/GTW_250108_-021_Credit-Edgar-Knaack-800x450.jpg 800w, https:\/\/osb.org\/wp-content\/uploads\/2025\/01\/GTW_250108_-021_Credit-Edgar-Knaack-1200x675.jpg 1200w, https:\/\/osb.org\/wp-content\/uploads\/2025\/01\/GTW_250108_-021_Credit-Edgar-Knaack.jpg 1920w\" data-sizes=\"auto\" data-orig-sizes=\"(max-width: 1024px) 100vw, (max-width: 640px) 100vw, 600px\" \/><\/span><\/div><div class=\"fusion-text fusion-text-2 fusion-text-no-margin\" style=\"--awb-font-size:var(--awb-typography5-font-size);--awb-line-height:var(--awb-typography5-line-height);--awb-letter-spacing:var(--awb-typography5-letter-spacing);--awb-text-transform:var(--awb-typography5-text-transform);--awb-text-color:var(--awb-custom11);--awb-margin-top:12px;--awb-margin-bottom:12px;--awb-text-font-family:var(--awb-typography5-font-family);--awb-text-font-weight:var(--awb-typography5-font-weight);--awb-text-font-style:var(--awb-typography5-font-style);\"><p>Il tuo contenuto va qui<\/p>\n<\/div><\/div><\/div><div class=\"fusion-layout-column fusion_builder_column fusion-builder-column-2 fusion_builder_column_1_2 1_2 fusion-flex-column\" style=\"--awb-bg-size:cover;--awb-width-large:50%;--awb-margin-top-large:0px;--awb-spacing-right-large:30px;--awb-margin-bottom-large:0px;--awb-spacing-left-large:30px;--awb-width-medium:100%;--awb-order-medium:0;--awb-spacing-right-medium:30px;--awb-spacing-left-medium:30px;--awb-width-small:100%;--awb-order-small:0;--awb-spacing-right-small:30px;--awb-spacing-left-small:30px;\"><div class=\"fusion-column-wrapper fusion-column-has-shadow fusion-flex-justify-content-flex-start fusion-content-layout-column\"><div class=\"fusion-separator fusion-full-width-sep\" style=\"align-self: center;margin-left: auto;margin-right: auto;width:100%;\"><div class=\"fusion-separator-border sep-single sep-solid\" style=\"--awb-height:20px;--awb-amount:20px;--awb-sep-color:var(--awb-color4);border-color:var(--awb-color4);border-top-width:3px;\"><\/div><\/div><\/div><\/div><\/div><\/div><div class=\"fusion-fullwidth fullwidth-box fusion-builder-row-2 fusion-flex-container hundred-percent-fullwidth non-hundred-percent-height-scrolling\" style=\"--awb-border-radius-top-left:0px;--awb-border-radius-top-right:0px;--awb-border-radius-bottom-right:0px;--awb-border-radius-bottom-left:0px;--awb-padding-right:60px;--awb-padding-left:60px;--awb-padding-right-medium:60px;--awb-padding-left-medium:60px;--awb-padding-right-small:30px;--awb-padding-left-small:30px;--awb-margin-top-small:0px;--awb-flex-wrap:wrap;\" ><div class=\"fusion-builder-row fusion-row fusion-flex-align-items-flex-start fusion-flex-justify-content-center fusion-flex-content-wrap\" style=\"width:calc( 100% + 60px ) !important;max-width:calc( 100% + 60px ) !important;margin-left: calc(-60px \/ 2 );margin-right: calc(-60px \/ 2 );\"><div class=\"fusion-layout-column fusion_builder_column fusion-builder-column-3 fusion_builder_column_1_2 1_2 fusion-flex-column\" style=\"--awb-bg-size:cover;--awb-width-large:50%;--awb-margin-top-large:0px;--awb-spacing-right-large:30px;--awb-margin-bottom-large:20px;--awb-spacing-left-large:30px;--awb-width-medium:100%;--awb-order-medium:1;--awb-spacing-right-medium:30px;--awb-spacing-left-medium:30px;--awb-width-small:100%;--awb-order-small:1;--awb-spacing-right-small:30px;--awb-spacing-left-small:30px;\"><div class=\"fusion-column-wrapper fusion-column-has-shadow fusion-flex-justify-content-flex-start fusion-content-layout-column\"><div class=\"fusion-image-element \" style=\"--awb-caption-title-font-family:var(--h2_typography-font-family);--awb-caption-title-font-weight:var(--h2_typography-font-weight);--awb-caption-title-font-style:var(--h2_typography-font-style);--awb-caption-title-size:var(--h2_typography-font-size);--awb-caption-title-transform:var(--h2_typography-text-transform);--awb-caption-title-line-height:var(--h2_typography-line-height);--awb-caption-title-letter-spacing:var(--h2_typography-letter-spacing);\"><span class=\" fusion-imageframe imageframe-none imageframe-2 hover-type-none\" style=\"border:1px solid #b14821;\"><img decoding=\"async\" width=\"729\" height=\"1280\" title=\"GTW_250108_053_Credit_Edgar_Knaack\" src=\"https:\/\/osb.org\/wp-content\/uploads\/2025\/01\/GTW_250108_053_Credit_Edgar_Knaack.jpg\" data-orig-src=\"https:\/\/osb.org\/wp-content\/uploads\/2025\/01\/GTW_250108_053_Credit_Edgar_Knaack.jpg\" alt class=\"lazyload img-responsive wp-image-14737\" srcset=\"data:image\/svg+xml,%3Csvg%20xmlns%3D%27http%3A%2F%2Fwww.w3.org%2F2000%2Fsvg%27%20width%3D%27729%27%20height%3D%271280%27%20viewBox%3D%270%200%20729%201280%27%3E%3Crect%20width%3D%27729%27%20height%3D%271280%27%20fill-opacity%3D%220%22%2F%3E%3C%2Fsvg%3E\" data-srcset=\"https:\/\/osb.org\/wp-content\/uploads\/2025\/01\/GTW_250108_053_Credit_Edgar_Knaack-200x351.jpg 200w, https:\/\/osb.org\/wp-content\/uploads\/2025\/01\/GTW_250108_053_Credit_Edgar_Knaack-400x702.jpg 400w, https:\/\/osb.org\/wp-content\/uploads\/2025\/01\/GTW_250108_053_Credit_Edgar_Knaack-600x1053.jpg 600w, https:\/\/osb.org\/wp-content\/uploads\/2025\/01\/GTW_250108_053_Credit_Edgar_Knaack.jpg 729w\" data-sizes=\"auto\" data-orig-sizes=\"(max-width: 1024px) 100vw, (max-width: 640px) 100vw, 600px\" \/><\/span><\/div><\/div><\/div><div class=\"fusion-layout-column fusion_builder_column fusion-builder-column-4 fusion_builder_column_1_2 1_2 fusion-flex-column\" style=\"--awb-bg-blend:overlay;--awb-bg-size:cover;--awb-width-large:50%;--awb-margin-top-large:0px;--awb-spacing-right-large:30px;--awb-margin-bottom-large:20px;--awb-spacing-left-large:30px;--awb-width-medium:75%;--awb-order-medium:0;--awb-spacing-right-medium:30px;--awb-spacing-left-medium:30px;--awb-width-small:100%;--awb-order-small:0;--awb-spacing-right-small:30px;--awb-spacing-left-small:30px;\"><div class=\"fusion-column-wrapper fusion-flex-justify-content-flex-start fusion-content-layout-column\"><div class=\"fusion-builder-row fusion-builder-row-inner fusion-row fusion-flex-align-items-flex-start fusion-flex-justify-content-center fusion-flex-content-wrap\" style=\"--awb-flex-grow:0;--awb-flex-grow-medium:0;--awb-flex-grow-small:0;--awb-flex-shrink:0;--awb-flex-shrink-medium:0;--awb-flex-shrink-small:0;width:calc( 100% + 60px ) !important;max-width:calc( 100% + 60px ) !important;margin-left: calc(-60px \/ 2 );margin-right: calc(-60px \/ 2 );\"><div class=\"fusion-layout-column fusion_builder_column_inner fusion-builder-nested-column-0 fusion_builder_column_inner_1_2 1_2 fusion-flex-column fusion-flex-align-self-center\" style=\"--awb-bg-size:cover;--awb-width-large:50%;--awb-margin-top-large:0px;--awb-spacing-right-large:30px;--awb-margin-bottom-large:0px;--awb-spacing-left-large:30px;--awb-width-medium:50%;--awb-order-medium:0;--awb-spacing-right-medium:30px;--awb-spacing-left-medium:30px;--awb-width-small:100%;--awb-order-small:1;--awb-spacing-right-small:30px;--awb-margin-bottom-small:20px;--awb-spacing-left-small:30px;\"><div class=\"fusion-column-wrapper fusion-column-has-shadow fusion-flex-justify-content-center fusion-content-layout-column\"><div class=\"fusion-text fusion-text-3 fusion-text-no-margin\" style=\"--awb-font-size:var(--awb-typography5-font-size);--awb-line-height:var(--awb-typography5-line-height);--awb-letter-spacing:var(--awb-typography5-letter-spacing);--awb-text-transform:var(--awb-typography5-text-transform);--awb-text-color:var(--awb-custom11);--awb-margin-top:0px;--awb-margin-right:0px;--awb-margin-bottom:0px;--awb-margin-left:0px;--awb-text-font-family:var(--awb-typography5-font-family);--awb-text-font-weight:var(--awb-typography5-font-weight);--awb-text-font-style:var(--awb-typography5-font-style);\"><p>9 Gennaio 2025<\/p>\n<\/div><\/div><\/div><div class=\"fusion-layout-column fusion_builder_column_inner fusion-builder-nested-column-1 fusion_builder_column_inner_1_2 1_2 fusion-flex-column fusion-flex-align-self-center\" style=\"--awb-bg-size:cover;--awb-width-large:50%;--awb-margin-top-large:0px;--awb-spacing-right-large:30px;--awb-margin-bottom-large:0px;--awb-spacing-left-large:30px;--awb-width-medium:50%;--awb-order-medium:0;--awb-spacing-right-medium:30px;--awb-spacing-left-medium:30px;--awb-width-small:100%;--awb-order-small:0;--awb-margin-top-small:0px;--awb-spacing-right-small:30px;--awb-spacing-left-small:30px;\"><div class=\"fusion-column-wrapper fusion-column-has-shadow fusion-flex-justify-content-center fusion-content-layout-column\"><div class=\"fusion-sharing-box fusion-sharing-box-1 boxed-icons\" style=\"background-color:var(--awb-color1);border-color:var(--awb-color1);--awb-margin-top:0px;--awb-margin-right:0px;--awb-margin-bottom:0px;--awb-margin-left:0px;--awb-wrapper-padding-top:0px;--awb-wrapper-padding-right:0px;--awb-wrapper-padding-bottom:0px;--awb-wrapper-padding-left:0px;--awb-padding-top:0px;--awb-padding-right:0px;--awb-padding-bottom:0px;--awb-padding-left:0px;--awb-border-top:0px;--awb-border-right:0px;--awb-border-bottom:0px;--awb-border-left:0px;--awb-icon-size:12px;--awb-separator-border-color:#cccccc;--awb-separator-border-sizes:0px;--awb-stacked-align:flex-end;--awb-layout:row;--awb-alignment-small:flex-end;--awb-stacked-align-small:center;\" data-title=\"P. Patrick Sch\u00f6der eletto 66\u00b0 abate dell&#8217;abbazia di G\u00f6ttweig\" data-description=\"Il tuo contenuto va qui  Il tuo contenuto va qui      \r\nL&#039;8 gennaio, P. Patrick Sch\u00f6der OSB \u00e8 stato eletto nuovo abate dell&#039;abbazia benedettina di G\u00f6ttweig. Succede all&#039;abate Columban Luser come 66\u00b0 abate di questo storico monastero. L&#039;abate Columban ha\" data-link=\"https:\/\/osb.org\/it\/2025\/01\/09\/p-patrick-schoder-eletto-66-abate-dellabbazia-di-gottweig\/\"><div class=\"fusion-social-networks sharingbox-shortcode-icon-wrapper sharingbox-shortcode-icon-wrapper-1 boxed-icons\"><span><a href=\"https:\/\/www.facebook.com\/sharer.php?u=https%3A%2F%2Fosb.org%2Fit%2F2025%2F01%2F09%2Fp-patrick-schoder-eletto-66-abate-dellabbazia-di-gottweig%2F&amp;t=P.%20Patrick%20Sch%C3%B6der%20eletto%2066%C2%B0%20abate%20dell%26%238217%3Babbazia%20di%20G%C3%B6ttweig\" target=\"_blank\" rel=\"noreferrer\" title=\"Facebook\" aria-label=\"Facebook\"><i class=\"fusion-social-network-icon fusion-tooltip fusion-facebook awb-icon-facebook\" style=\"color:var(--awb-custom11);background-color:#e8e8e8;border-color:#e8e8e8;border-radius:50%;\" aria-hidden=\"true\"><\/i><\/a><\/span><span><a href=\"https:\/\/x.com\/intent\/post?text=P.%20Patrick%20Sch%C3%B6der%20eletto%2066%C2%B0%20abate%20dell%E2%80%99abbazia%20di%20G%C3%B6ttweig&amp;url=https%3A%2F%2Fosb.org%2Fit%2F2025%2F01%2F09%2Fp-patrick-schoder-eletto-66-abate-dellabbazia-di-gottweig%2F\" target=\"_blank\" rel=\"noopener noreferrer\" title=\"X\" aria-label=\"X\"><i class=\"fusion-social-network-icon fusion-tooltip fusion-twitter awb-icon-twitter\" style=\"color:var(--awb-custom11);background-color:#e8e8e8;border-color:#e8e8e8;border-radius:50%;\" aria-hidden=\"true\"><\/i><\/a><\/span><span><a href=\"https:\/\/api.whatsapp.com\/send?text=https%3A%2F%2Fosb.org%2Fit%2F2025%2F01%2F09%2Fp-patrick-schoder-eletto-66-abate-dellabbazia-di-gottweig%2F\" target=\"_blank\" rel=\"noopener noreferrer\" title=\"WhatsApp\" aria-label=\"WhatsApp\"><i class=\"fusion-social-network-icon fusion-tooltip fusion-whatsapp awb-icon-whatsapp\" style=\"color:var(--awb-custom11);background-color:#e8e8e8;border-color:#e8e8e8;border-radius:50%;\" aria-hidden=\"true\"><\/i><\/a><\/span><span><a href=\"mailto:?subject=P.%20Patrick%20Sch%C3%B6der%20eletto%2066%C2%B0%20abate%20dell%26%238217%3Babbazia%20di%20G%C3%B6ttweig&amp;body=https%3A%2F%2Fosb.org%2Fit%2F2025%2F01%2F09%2Fp-patrick-schoder-eletto-66-abate-dellabbazia-di-gottweig%2F\" target=\"_self\" title=\"Email\" aria-label=\"Email\"><i class=\"fusion-social-network-icon fusion-tooltip fusion-mail awb-icon-mail\" style=\"color:var(--awb-custom11);background-color:#e8e8e8;border-color:#e8e8e8;border-radius:50%;\" aria-hidden=\"true\"><\/i><\/a><\/span><\/div><\/div><\/div><\/div><\/div><div class=\"fusion-text fusion-text-4\"><p>L'8 gennaio, P. Patrick Sch\u00f6der OSB \u00e8 stato eletto nuovo abate dell'<a href=\"https:\/\/www.stiftgoettweig.at\/portal\/en\/home&amp;ts=1736408330818\" target=\"_blank\" rel=\"noopener\">abbazia benedettina di G\u00f6ttweig<\/a>. Succede all'abate Columban Luser come 66\u00b0 abate di questo storico monastero. L'abate Columban ha ricoperto questa carica per pi\u00f9 di 15 anni con prudenza, profondit\u00e0 spirituale e lungimiranza. Si ricorder\u00e0 in particolare il rinnovamento dell'intera struttura del tetto. Ha messo a disposizione la sua posizione a causa dell'et\u00e0.     <\/p>\n<p>L'abate Patrick Sch\u00f6der OSB \u00e8 nato nel 1983 a Durban, in Sudafrica, dove ha trascorso anche la sua infanzia. La famiglia si \u00e8 poi trasferita nella terra natale del padre, in Austria. Inizialmente, \u00e8 entrato nel seminario di St. P\u00f6lten, dove ha iniziato a studiare teologia. Nel 2006, ha deciso di entrare nell'abbazia benedettina di G\u00f6ttweig, a cui si sentiva particolarmente legato attraverso l'allora abate Clemens Lashofer. Nel 2010, ha fatto la sua professione solenne. Ha studiato teologia, educazione religiosa e inglese a St. P\u00f6lten e Salisburgo ed \u00e8 stato ordinato sacerdote il 24 giugno 2011.     <\/p>\n<p>Successivamente, ha prestato servizio come cappellano nelle parrocchie di Rabenstein\/Pielach, Hofstetten-Gr\u00fcnau e Loich. Nel 2013, si \u00e8 trasferito a Krems, dove ha assunto il ministero studentesco e ha ricostruito la comunit\u00e0 del rettorato della Chiesa dei Padri Scolopi a Krems. Presso la scuola HAK\/HAS, P. Patrick ha insegnato religione e inglese e, dal 2016, ha anche prestato servizio come cappellano e insegnante di religione presso la International School Krems.   <\/p>\n<p>Nel settembre 2020, P. Patrick \u00e8 stato accolto nell'<a href=\"https:\/\/holysepulchre.ie\" target=\"_blank\" rel=\"noopener\">Ordine Equestre del Santo Sepolcro di Gerusalemme<\/a> a Linz ed \u00e8 stato investito come cavaliere dall'arcivescovo Alois Kothgasser. <\/p>\n<p>Dal 2021, P. Patrick ha prestato servizio come vicario episcopale per le universit\u00e0 e il ministero studentesco nella diocesi di St. P\u00f6lten. Nel maggio 2024, P. Patrick \u00e8 stato ammesso come ufficiale onorario nell'<a href=\"https:\/\/en.wikipedia.org\/wiki\/Sacred_Military_Constantinian_Order_of_Saint_George\" target=\"_blank\" rel=\"noopener\">Ordine Costantiniano di San Giorgio della Casa di Borbone-Sicilia<\/a> e, nel giugno 2024, \u00e8 stato nominato cappellano dell'Ordine della Casa di Borbone-Sicilia per l'Austria. Nel settembre 2024, \u00e8 stato promosso a comandante nell'Ordine Equestre del Santo Sepolcro di Gerusalemme durante un evento cerimoniale a Klosterneuburg.    <\/p>\n<\/div><div class=\"fusion-separator fusion-full-width-sep\" style=\"align-self: center;margin-left: auto;margin-right: auto;margin-top:1%;width:100%;\"><\/div><div ><a class=\"fusion-button button-flat fusion-button-default-size button-custom fusion-button-default button-1 fusion-button-span-yes fusion-button-default-type\" style=\"--button_accent_color:#ffffff;--button_accent_hover_color:#ffffff;--button_border_hover_color:#ffffff;--button_gradient_top_color:#1f7aa7;--button_gradient_bottom_color:#1f7aa7;--button_gradient_top_color_hover:#72cee0;--button_gradient_bottom_color_hover:#72cee0;\" target=\"_self\" href=\"https:\/\/www.stiftgoettweig.at\/portal\/en\/home&amp;ts=1736408330818\"><span class=\"fusion-button-text awb-button__text awb-button__text--default\">Sito web dell'abbazia di G\u00f6ttweig |EN| |DE|<\/span><\/a><\/div><\/div><\/div><\/div><\/div><\/p>\n","protected":false},"excerpt":{"rendered":"<p>Nell&#8217;abbazia benedettina di G\u00f6ttweig, Patrick Sch\u00f6der OSB \u00e8 stato eletto l&#8217;8 gennaio come nuovo abate. Succede all&#8217;abate Columban Luser come 66\u00b0 abate di questo storico monastero. L&#8217;abate Columban ha ricoperto questa carica per pi\u00f9 di 15 anni con prudenza, profondit\u00e0 spirituale e lungimiranza.  <\/p>\n","protected":false},"author":1,"featured_media":14736,"comment_status":"closed","ping_status":"closed","sticky":false,"template":"","format":"standard","meta":{"footnotes":""},"categories":[180,189],"tags":[220,216],"class_list":["post-14735","post","type-post","status-publish","format-standard","has-post-thumbnail","hentry","category-nexus-it","category-notizie-it","tag-nexus-gennaio-2025-it","tag-nexus-transizioni-di-leadership-it"],"cc_featured_image_caption":{"caption_text":false,"source_text":false,"source_url":false},"_links":{"self":[{"href":"https:\/\/osb.org\/it\/wp-json\/wp\/v2\/posts\/14735","targetHints":{"allow":["GET"]}}],"collection":[{"href":"https:\/\/osb.org\/it\/wp-json\/wp\/v2\/posts"}],"about":[{"href":"https:\/\/osb.org\/it\/wp-json\/wp\/v2\/types\/post"}],"author":[{"embeddable":true,"href":"https:\/\/osb.org\/it\/wp-json\/wp\/v2\/users\/1"}],"replies":[{"embeddable":true,"href":"https:\/\/osb.org\/it\/wp-json\/wp\/v2\/comments?post=14735"}],"version-history":[{"count":0,"href":"https:\/\/osb.org\/it\/wp-json\/wp\/v2\/posts\/14735\/revisions"}],"wp:featuredmedia":[{"embeddable":true,"href":"https:\/\/osb.org\/it\/wp-json\/wp\/v2\/media\/14736"}],"wp:attachment":[{"href":"https:\/\/osb.org\/it\/wp-json\/wp\/v2\/media?parent=14735"}],"wp:term":[{"taxonomy":"category","embeddable":true,"href":"https:\/\/osb.org\/it\/wp-json\/wp\/v2\/categories?post=14735"},{"taxonomy":"post_tag","embeddable":true,"href":"https:\/\/osb.org\/it\/wp-json\/wp\/v2\/tags?post=14735"}],"curies":[{"name":"wp","href":"https:\/\/api.w.org\/{rel}","templated":true}]}}