{"id":14588,"date":"2025-02-27T09:49:35","date_gmt":"2025-02-27T08:49:35","guid":{"rendered":"https:\/\/osb.org\/2025\/02\/27\/labbazia-di-seitenstetten-rielegge-labate-petrus-pilsinger\/"},"modified":"2025-09-24T22:17:08","modified_gmt":"2025-09-24T20:17:08","slug":"labbazia-di-seitenstetten-rielegge-labate-petrus-pilsinger","status":"publish","type":"post","link":"https:\/\/osb.org\/it\/2025\/02\/27\/labbazia-di-seitenstetten-rielegge-labate-petrus-pilsinger\/","title":{"rendered":"L&#8217;abbazia di Seitenstetten rielegge l&#8217;abate Petrus Pilsinger"},"content":{"rendered":"<p><div class=\"fusion-fullwidth fullwidth-box fusion-builder-row-1 fusion-flex-container has-pattern-background has-mask-background hundred-percent-fullwidth non-hundred-percent-height-scrolling\" style=\"--awb-border-radius-top-left:0px;--awb-border-radius-top-right:0px;--awb-border-radius-bottom-right:0px;--awb-border-radius-bottom-left:0px;--awb-padding-right:60px;--awb-padding-bottom:0px;--awb-padding-left:60px;--awb-padding-right-small:30px;--awb-padding-left-small:30px;--awb-flex-wrap:wrap;\" ><div class=\"fusion-builder-row fusion-row fusion-flex-align-items-center fusion-flex-justify-content-flex-end fusion-flex-content-wrap\" style=\"width:calc( 100% + 60px ) !important;max-width:calc( 100% + 60px ) !important;margin-left: calc(-60px \/ 2 );margin-right: calc(-60px \/ 2 );\"><div class=\"fusion-layout-column fusion_builder_column fusion-builder-column-0 fusion_builder_column_1_2 1_2 fusion-flex-column\" style=\"--awb-padding-right:60px;--awb-padding-left:60px;--awb-padding-right-small:0px;--awb-padding-left-small:0px;--awb-bg-size:cover;--awb-width-large:50%;--awb-margin-top-large:0px;--awb-spacing-right-large:30px;--awb-margin-bottom-large:20px;--awb-spacing-left-large:30px;--awb-width-medium:100%;--awb-order-medium:0;--awb-margin-top-medium:20px;--awb-spacing-right-medium:30px;--awb-margin-bottom-medium:0px;--awb-spacing-left-medium:30px;--awb-width-small:100%;--awb-order-small:0;--awb-spacing-right-small:30px;--awb-spacing-left-small:30px;\"><div class=\"fusion-column-wrapper fusion-column-has-shadow fusion-flex-justify-content-flex-start fusion-content-layout-column\"><div class=\"fusion-title title fusion-title-1 fusion-sep-none fusion-title-text fusion-title-size-one\" style=\"--awb-text-color:var(--awb-custom13);--awb-margin-top-small:0px;--awb-margin-right-small:0px;--awb-margin-bottom-small:20px;--awb-margin-left-small:0px;--awb-font-size:40px;\"><h1 class=\"fusion-title-heading title-heading-left md-text-align-center fusion-responsive-typography-calculated\" style=\"font-family:var(--awb-typography1-font-family);font-weight:var(--awb-typography1-font-weight);font-style:var(--awb-typography1-font-style);margin:0;letter-spacing:var(--awb-typography1-letter-spacing);text-transform:var(--awb-typography1-text-transform);font-size:1em;--fontSize:40;line-height:var(--awb-typography1-line-height);\">L&#8217;abbazia di Seitenstetten rielegge l&#8217;abate Petrus Pilsinger<\/h1><\/div><div class=\"fusion-text fusion-text-1 fusion-no-small-visibility fusion-no-medium-visibility\"><p>Marted\u00ec 25 febbraio 2025, la comunit\u00e0 dell&#8217;abbazia di Seitenstetten ha rieletto l&#8217;abate Petrus Pilsinger per un secondo mandato con votazione canonica. Il suo nuovo mandato si estende fino al raggiungimento dei 70 anni di et\u00e0. <\/p>\n<\/div><\/div><\/div><div class=\"fusion-layout-column fusion_builder_column fusion-builder-column-1 fusion_builder_column_1_2 1_2 fusion-flex-column\" style=\"--awb-bg-size:cover;--awb-width-large:50%;--awb-margin-top-large:0px;--awb-spacing-right-large:30px;--awb-margin-bottom-large:0px;--awb-spacing-left-large:30px;--awb-width-medium:100%;--awb-order-medium:0;--awb-spacing-right-medium:30px;--awb-spacing-left-medium:30px;--awb-width-small:100%;--awb-order-small:0;--awb-spacing-right-small:30px;--awb-spacing-left-small:30px;\"><div class=\"fusion-column-wrapper fusion-column-has-shadow fusion-flex-justify-content-flex-start fusion-content-layout-column\"><div class=\"fusion-image-element \" style=\"--awb-caption-title-font-family:var(--h2_typography-font-family);--awb-caption-title-font-weight:var(--h2_typography-font-weight);--awb-caption-title-font-style:var(--h2_typography-font-style);--awb-caption-title-size:var(--h2_typography-font-size);--awb-caption-title-transform:var(--h2_typography-text-transform);--awb-caption-title-line-height:var(--h2_typography-line-height);--awb-caption-title-letter-spacing:var(--h2_typography-letter-spacing);\"><span class=\" fusion-imageframe imageframe-none imageframe-1 hover-type-none\" style=\"border:1px solid var(--awb-custom10);\"><img decoding=\"async\" width=\"1920\" height=\"1080\" title=\"DSC_5697\" src=\"https:\/\/osb.org\/wp-content\/uploads\/2025\/02\/DSC_5697.jpg\" data-orig-src=\"https:\/\/osb.org\/wp-content\/uploads\/2025\/02\/DSC_5697.jpg\" alt class=\"lazyload img-responsive wp-image-14589\" srcset=\"data:image\/svg+xml,%3Csvg%20xmlns%3D%27http%3A%2F%2Fwww.w3.org%2F2000%2Fsvg%27%20width%3D%271920%27%20height%3D%271080%27%20viewBox%3D%270%200%201920%201080%27%3E%3Crect%20width%3D%271920%27%20height%3D%271080%27%20fill-opacity%3D%220%22%2F%3E%3C%2Fsvg%3E\" data-srcset=\"https:\/\/osb.org\/wp-content\/uploads\/2025\/02\/DSC_5697-200x113.jpg 200w, https:\/\/osb.org\/wp-content\/uploads\/2025\/02\/DSC_5697-400x225.jpg 400w, https:\/\/osb.org\/wp-content\/uploads\/2025\/02\/DSC_5697-600x338.jpg 600w, https:\/\/osb.org\/wp-content\/uploads\/2025\/02\/DSC_5697-800x450.jpg 800w, https:\/\/osb.org\/wp-content\/uploads\/2025\/02\/DSC_5697-1200x675.jpg 1200w, https:\/\/osb.org\/wp-content\/uploads\/2025\/02\/DSC_5697.jpg 1920w\" data-sizes=\"auto\" data-orig-sizes=\"(max-width: 1024px) 100vw, (max-width: 640px) 100vw, 600px\" \/><\/span><\/div><div class=\"fusion-text fusion-text-2 fusion-text-no-margin\" style=\"--awb-font-size:var(--awb-typography5-font-size);--awb-line-height:var(--awb-typography5-line-height);--awb-letter-spacing:var(--awb-typography5-letter-spacing);--awb-text-transform:var(--awb-typography5-text-transform);--awb-text-color:var(--awb-custom11);--awb-margin-top:12px;--awb-margin-bottom:12px;--awb-text-font-family:var(--awb-typography5-font-family);--awb-text-font-weight:var(--awb-typography5-font-weight);--awb-text-font-style:var(--awb-typography5-font-style);\"><p>Il tuo contenuto va qui<\/p>\n<\/div><\/div><\/div><div class=\"fusion-layout-column fusion_builder_column fusion-builder-column-2 fusion_builder_column_1_2 1_2 fusion-flex-column\" style=\"--awb-bg-size:cover;--awb-width-large:50%;--awb-margin-top-large:0px;--awb-spacing-right-large:30px;--awb-margin-bottom-large:0px;--awb-spacing-left-large:30px;--awb-width-medium:100%;--awb-order-medium:0;--awb-spacing-right-medium:30px;--awb-spacing-left-medium:30px;--awb-width-small:100%;--awb-order-small:0;--awb-spacing-right-small:30px;--awb-spacing-left-small:30px;\"><div class=\"fusion-column-wrapper fusion-column-has-shadow fusion-flex-justify-content-flex-start fusion-content-layout-column\"><div class=\"fusion-separator fusion-full-width-sep\" style=\"align-self: center;margin-left: auto;margin-right: auto;width:100%;\"><div class=\"fusion-separator-border sep-single sep-solid\" style=\"--awb-height:20px;--awb-amount:20px;--awb-sep-color:var(--awb-color4);border-color:var(--awb-color4);border-top-width:3px;\"><\/div><\/div><\/div><\/div><\/div><\/div><div class=\"fusion-fullwidth fullwidth-box fusion-builder-row-2 fusion-flex-container hundred-percent-fullwidth non-hundred-percent-height-scrolling\" style=\"--awb-border-radius-top-left:0px;--awb-border-radius-top-right:0px;--awb-border-radius-bottom-right:0px;--awb-border-radius-bottom-left:0px;--awb-padding-right:60px;--awb-padding-left:60px;--awb-padding-right-medium:60px;--awb-padding-left-medium:60px;--awb-padding-right-small:30px;--awb-padding-left-small:30px;--awb-margin-top-small:0px;--awb-flex-wrap:wrap;\" ><div class=\"fusion-builder-row fusion-row fusion-flex-align-items-flex-start fusion-flex-justify-content-center fusion-flex-content-wrap\" style=\"width:calc( 100% + 60px ) !important;max-width:calc( 100% + 60px ) !important;margin-left: calc(-60px \/ 2 );margin-right: calc(-60px \/ 2 );\"><div class=\"fusion-layout-column fusion_builder_column fusion-builder-column-3 fusion_builder_column_1_2 1_2 fusion-flex-column\" style=\"--awb-bg-size:cover;--awb-width-large:50%;--awb-margin-top-large:0px;--awb-spacing-right-large:30px;--awb-margin-bottom-large:20px;--awb-spacing-left-large:30px;--awb-width-medium:100%;--awb-order-medium:1;--awb-spacing-right-medium:30px;--awb-spacing-left-medium:30px;--awb-width-small:100%;--awb-order-small:1;--awb-spacing-right-small:30px;--awb-spacing-left-small:30px;\"><div class=\"fusion-column-wrapper fusion-column-has-shadow fusion-flex-justify-content-flex-start fusion-content-layout-column\"><div class=\"awb-gallery-wrapper awb-gallery-wrapper-1 button-span-no\" style=\"--more-btn-alignment:center;\"><div style=\"margin:-2px;--awb-bordersize:0px;\" class=\"fusion-gallery fusion-gallery-container fusion-grid-1 fusion-columns-total-2 fusion-gallery-layout-grid fusion-gallery-1\"><div style=\"padding:2.5px;\" class=\"fusion-grid-column fusion-gallery-column fusion-gallery-column-1 hover-type-none\"><div class=\"fusion-gallery-image\"><a href=\"https:\/\/osb.org\/wp-content\/uploads\/2025\/02\/abt_petrus18.jpg\" rel=\"noreferrer\" data-rel=\"iLightbox[gallery_image_1]\" class=\"fusion-lightbox\" target=\"_self\"><img decoding=\"async\" src=\"https:\/\/osb.org\/wp-content\/uploads\/2025\/02\/abt_petrus18.jpg\" data-orig-src=\"https:\/\/osb.org\/wp-content\/uploads\/2025\/02\/abt_petrus18.jpg\" width=\"567\" height=\"850\" alt=\"\" title=\"abt_petrus18\" aria-label=\"abt_petrus18\" class=\"lazyload img-responsive wp-image-14590\" srcset=\"data:image\/svg+xml,%3Csvg%20xmlns%3D%27http%3A%2F%2Fwww.w3.org%2F2000%2Fsvg%27%20width%3D%27567%27%20height%3D%27850%27%20viewBox%3D%270%200%20567%20850%27%3E%3Crect%20width%3D%27567%27%20height%3D%27850%27%20fill-opacity%3D%220%22%2F%3E%3C%2Fsvg%3E\" data-srcset=\"https:\/\/osb.org\/wp-content\/uploads\/2025\/02\/abt_petrus18-200x300.jpg 200w, https:\/\/osb.org\/wp-content\/uploads\/2025\/02\/abt_petrus18-400x600.jpg 400w, https:\/\/osb.org\/wp-content\/uploads\/2025\/02\/abt_petrus18.jpg 567w\" data-sizes=\"auto\" data-orig-sizes=\"(min-width: 2200px) 100vw, (min-width: 640px) 1100px, \" \/><\/a><\/div><\/div><div class=\"clearfix\"><\/div><div style=\"padding:2.5px;\" class=\"fusion-grid-column fusion-gallery-column fusion-gallery-column-1 hover-type-none\"><div class=\"fusion-gallery-image\"><a href=\"https:\/\/osb.org\/wp-content\/uploads\/2025\/02\/v.l.n.r.-Abt-Petrus_Abtprases-Johan-nes_Abt-Gerhard_Prior-P.-Michael.jpg\" rel=\"noreferrer\" data-rel=\"iLightbox[gallery_image_1]\" class=\"fusion-lightbox\" target=\"_self\"><img decoding=\"async\" src=\"https:\/\/osb.org\/wp-content\/uploads\/2025\/02\/v.l.n.r.-Abt-Petrus_Abtprases-Johan-nes_Abt-Gerhard_Prior-P.-Michael.jpg\" data-orig-src=\"https:\/\/osb.org\/wp-content\/uploads\/2025\/02\/v.l.n.r.-Abt-Petrus_Abtprases-Johan-nes_Abt-Gerhard_Prior-P.-Michael.jpg\" width=\"1920\" height=\"1080\" alt=\"\" title=\"v.l.n.r. Abt Petrus_Abtprases Johan nes_Abt Gerhard_Prior P. Michael\" aria-label=\"v.l.n.r. Abt Petrus_Abtprases Johan nes_Abt Gerhard_Prior P. Michael\" class=\"lazyload img-responsive wp-image-14591\" srcset=\"data:image\/svg+xml,%3Csvg%20xmlns%3D%27http%3A%2F%2Fwww.w3.org%2F2000%2Fsvg%27%20width%3D%271920%27%20height%3D%271080%27%20viewBox%3D%270%200%201920%201080%27%3E%3Crect%20width%3D%271920%27%20height%3D%271080%27%20fill-opacity%3D%220%22%2F%3E%3C%2Fsvg%3E\" data-srcset=\"https:\/\/osb.org\/wp-content\/uploads\/2025\/02\/v.l.n.r.-Abt-Petrus_Abtprases-Johan-nes_Abt-Gerhard_Prior-P.-Michael-200x113.jpg 200w, https:\/\/osb.org\/wp-content\/uploads\/2025\/02\/v.l.n.r.-Abt-Petrus_Abtprases-Johan-nes_Abt-Gerhard_Prior-P.-Michael-400x225.jpg 400w, https:\/\/osb.org\/wp-content\/uploads\/2025\/02\/v.l.n.r.-Abt-Petrus_Abtprases-Johan-nes_Abt-Gerhard_Prior-P.-Michael-600x338.jpg 600w, https:\/\/osb.org\/wp-content\/uploads\/2025\/02\/v.l.n.r.-Abt-Petrus_Abtprases-Johan-nes_Abt-Gerhard_Prior-P.-Michael-800x450.jpg 800w, https:\/\/osb.org\/wp-content\/uploads\/2025\/02\/v.l.n.r.-Abt-Petrus_Abtprases-Johan-nes_Abt-Gerhard_Prior-P.-Michael-1200x675.jpg 1200w, https:\/\/osb.org\/wp-content\/uploads\/2025\/02\/v.l.n.r.-Abt-Petrus_Abtprases-Johan-nes_Abt-Gerhard_Prior-P.-Michael.jpg 1920w\" data-sizes=\"auto\" data-orig-sizes=\"(min-width: 2200px) 100vw, (min-width: 640px) 1100px, \" \/><\/a><\/div><\/div><div class=\"clearfix\"><\/div><\/div><\/div><\/div><\/div><div class=\"fusion-layout-column fusion_builder_column fusion-builder-column-4 fusion_builder_column_1_2 1_2 fusion-flex-column\" style=\"--awb-bg-blend:overlay;--awb-bg-size:cover;--awb-width-large:50%;--awb-margin-top-large:0px;--awb-spacing-right-large:30px;--awb-margin-bottom-large:20px;--awb-spacing-left-large:30px;--awb-width-medium:75%;--awb-order-medium:0;--awb-spacing-right-medium:30px;--awb-spacing-left-medium:30px;--awb-width-small:100%;--awb-order-small:0;--awb-spacing-right-small:30px;--awb-spacing-left-small:30px;\"><div class=\"fusion-column-wrapper fusion-flex-justify-content-flex-start fusion-content-layout-column\"><div class=\"fusion-builder-row fusion-builder-row-inner fusion-row fusion-flex-align-items-flex-start fusion-flex-justify-content-center fusion-flex-content-wrap\" style=\"--awb-flex-grow:0;--awb-flex-grow-medium:0;--awb-flex-grow-small:0;--awb-flex-shrink:0;--awb-flex-shrink-medium:0;--awb-flex-shrink-small:0;width:calc( 100% + 60px ) !important;max-width:calc( 100% + 60px ) !important;margin-left: calc(-60px \/ 2 );margin-right: calc(-60px \/ 2 );\"><div class=\"fusion-layout-column fusion_builder_column_inner fusion-builder-nested-column-0 fusion_builder_column_inner_1_2 1_2 fusion-flex-column fusion-flex-align-self-center\" style=\"--awb-bg-size:cover;--awb-width-large:50%;--awb-margin-top-large:0px;--awb-spacing-right-large:30px;--awb-margin-bottom-large:0px;--awb-spacing-left-large:30px;--awb-width-medium:50%;--awb-order-medium:0;--awb-spacing-right-medium:30px;--awb-spacing-left-medium:30px;--awb-width-small:100%;--awb-order-small:1;--awb-spacing-right-small:30px;--awb-margin-bottom-small:20px;--awb-spacing-left-small:30px;\"><div class=\"fusion-column-wrapper fusion-column-has-shadow fusion-flex-justify-content-center fusion-content-layout-column\"><div class=\"fusion-text fusion-text-3 fusion-text-no-margin\" style=\"--awb-font-size:var(--awb-typography5-font-size);--awb-line-height:var(--awb-typography5-line-height);--awb-letter-spacing:var(--awb-typography5-letter-spacing);--awb-text-transform:var(--awb-typography5-text-transform);--awb-text-color:var(--awb-custom11);--awb-margin-top:0px;--awb-margin-right:0px;--awb-margin-bottom:0px;--awb-margin-left:0px;--awb-text-font-family:var(--awb-typography5-font-family);--awb-text-font-weight:var(--awb-typography5-font-weight);--awb-text-font-style:var(--awb-typography5-font-style);\"><p>27 Febbraio 2025<\/p>\n<\/div><\/div><\/div><div class=\"fusion-layout-column fusion_builder_column_inner fusion-builder-nested-column-1 fusion_builder_column_inner_1_2 1_2 fusion-flex-column fusion-flex-align-self-center\" style=\"--awb-bg-size:cover;--awb-width-large:50%;--awb-margin-top-large:0px;--awb-spacing-right-large:30px;--awb-margin-bottom-large:0px;--awb-spacing-left-large:30px;--awb-width-medium:50%;--awb-order-medium:0;--awb-spacing-right-medium:30px;--awb-spacing-left-medium:30px;--awb-width-small:100%;--awb-order-small:0;--awb-margin-top-small:0px;--awb-spacing-right-small:30px;--awb-spacing-left-small:30px;\"><div class=\"fusion-column-wrapper fusion-column-has-shadow fusion-flex-justify-content-center fusion-content-layout-column\"><div class=\"fusion-sharing-box fusion-sharing-box-1 boxed-icons\" style=\"background-color:var(--awb-color1);border-color:var(--awb-color1);--awb-margin-top:0px;--awb-margin-right:0px;--awb-margin-bottom:0px;--awb-margin-left:0px;--awb-wrapper-padding-top:0px;--awb-wrapper-padding-right:0px;--awb-wrapper-padding-bottom:0px;--awb-wrapper-padding-left:0px;--awb-padding-top:0px;--awb-padding-right:0px;--awb-padding-bottom:0px;--awb-padding-left:0px;--awb-border-top:0px;--awb-border-right:0px;--awb-border-bottom:0px;--awb-border-left:0px;--awb-icon-size:12px;--awb-separator-border-color:#cccccc;--awb-separator-border-sizes:0px;--awb-stacked-align:flex-end;--awb-layout:row;--awb-alignment-small:flex-end;--awb-stacked-align-small:center;\" data-title=\"L&#8217;abbazia di Seitenstetten rielegge l&#8217;abate Petrus Pilsinger\" data-description=\"Il tuo contenuto va qui Marted\u00ec 25 febbraio 2025, la comunit\u00e0 dell&#039;abbazia di Seitenstetten ha rieletto l&#039;abate Petrus Pilsinger per un secondo mandato con votazione canonica. Il suo nuovo mandato si estende fino al raggiungimento dei 70 anni di et\u00e0.  Il tuo contenuto va qui\" data-link=\"https:\/\/osb.org\/it\/2025\/02\/27\/labbazia-di-seitenstetten-rielegge-labate-petrus-pilsinger\/\"><div class=\"fusion-social-networks sharingbox-shortcode-icon-wrapper sharingbox-shortcode-icon-wrapper-1 boxed-icons\"><span><a href=\"https:\/\/www.facebook.com\/sharer.php?u=https%3A%2F%2Fosb.org%2Fit%2F2025%2F02%2F27%2Flabbazia-di-seitenstetten-rielegge-labate-petrus-pilsinger%2F&amp;t=L%26%238217%3Babbazia%20di%20Seitenstetten%20rielegge%20l%26%238217%3Babate%20Petrus%20Pilsinger\" target=\"_blank\" rel=\"noreferrer\" title=\"Facebook\" aria-label=\"Facebook\"><i class=\"fusion-social-network-icon fusion-tooltip fusion-facebook awb-icon-facebook\" style=\"color:var(--awb-custom11);background-color:#e8e8e8;border-color:#e8e8e8;border-radius:50%;\" aria-hidden=\"true\"><\/i><\/a><\/span><span><a href=\"https:\/\/x.com\/intent\/post?text=L%E2%80%99abbazia%20di%20Seitenstetten%20rielegge%20l%E2%80%99abate%20Petrus%20Pilsinger&amp;url=https%3A%2F%2Fosb.org%2Fit%2F2025%2F02%2F27%2Flabbazia-di-seitenstetten-rielegge-labate-petrus-pilsinger%2F\" target=\"_blank\" rel=\"noopener noreferrer\" title=\"X\" aria-label=\"X\"><i class=\"fusion-social-network-icon fusion-tooltip fusion-twitter awb-icon-twitter\" style=\"color:var(--awb-custom11);background-color:#e8e8e8;border-color:#e8e8e8;border-radius:50%;\" aria-hidden=\"true\"><\/i><\/a><\/span><span><a href=\"https:\/\/api.whatsapp.com\/send?text=https%3A%2F%2Fosb.org%2Fit%2F2025%2F02%2F27%2Flabbazia-di-seitenstetten-rielegge-labate-petrus-pilsinger%2F\" target=\"_blank\" rel=\"noopener noreferrer\" title=\"WhatsApp\" aria-label=\"WhatsApp\"><i class=\"fusion-social-network-icon fusion-tooltip fusion-whatsapp awb-icon-whatsapp\" style=\"color:var(--awb-custom11);background-color:#e8e8e8;border-color:#e8e8e8;border-radius:50%;\" aria-hidden=\"true\"><\/i><\/a><\/span><span><a href=\"mailto:?subject=L%26%238217%3Babbazia%20di%20Seitenstetten%20rielegge%20l%26%238217%3Babate%20Petrus%20Pilsinger&amp;body=https%3A%2F%2Fosb.org%2Fit%2F2025%2F02%2F27%2Flabbazia-di-seitenstetten-rielegge-labate-petrus-pilsinger%2F\" target=\"_self\" title=\"Email\" aria-label=\"Email\"><i class=\"fusion-social-network-icon fusion-tooltip fusion-mail awb-icon-mail\" style=\"color:var(--awb-custom11);background-color:#e8e8e8;border-color:#e8e8e8;border-radius:50%;\" aria-hidden=\"true\"><\/i><\/a><\/span><\/div><\/div><\/div><\/div><\/div><div class=\"fusion-text fusion-text-4\"><p>Marted\u00ec 25 febbraio 2025, la comunit\u00e0 dell'abbazia di Seitenstetten, presieduta dall'abate presidente Johannes Perkmann, ha rieletto l'abate Petrus Pilsinger per un secondo mandato con votazione canonica. Il suo nuovo mandato si estende fino al raggiungimento dei 70 anni di et\u00e0. La nuova elezione ha avuto luogo al termine del suo precedente mandato di dodici anni.  <\/p>\n<p>Auguriamo all'abate rieletto la benedizione di Dio per il suo ministero. Chiediamo a tutti coloro che si sentono legati alla nostra comunit\u00e0 monastica di pregare. Chiediamo preghiere per l'abate Petrus e la comunit\u00e0.  <\/p>\n<p>A nome della comunit\u00e0,<br \/>Priore Fr. Laurentius Resch OSB <\/p>\n<h3>Dettagli personali<\/h3>\n<p>L'abate Petrus Pilsinger \u00e8 nato a Euratsfeld nel 1964. Dopo essersi diplomato al liceo dell'abbazia di Seitenstetten, ha studiato teologia presso il Collegio Filosofico-Teologico di St. P\u00f6lten. Nel 1987 \u00e8 entrato a far parte dell'abbazia benedettina di Seitenstetten ed \u00e8 stato ordinato sacerdote nel 1990. Prima della sua elezione a 63\u00b0 abate dell'abbazia di Seitenstetten l'8 febbraio 2013, ha lavorato in particolare come insegnante e direttore del ginnasio dell'abbazia. Durante il suo primo mandato, sono stati completati, tra gli altri, i progetti di ristrutturazione della chiesa di pellegrinaggio sul Sonntagberg e del campanile dell'abbazia di Seitenstetten.    <\/p>\n<p>Nei prossimi anni, l'abate Petrus Pilsinger e la comunit\u00e0 monastica dovranno affrontare la sfida di ristrutturare la scuola e i compiti di assistenza pastorale all'interno delle 14 parrocchie incorporate. La comunit\u00e0 di Seitenstetten conta attualmente 24 confratelli attivi in vari settori come la cura pastorale delle parrocchie, l'insegnamento scolastico, la cura degli anziani, la cultura e l'assistenza agli ospiti. <\/p>\n<p>Indice fotografico: Comunit\u00e0 dell'abbazia di Seitenstetten con l'abate eletto Petrus Pilsinger e la commissione elettorale composta dall'abate presidente Johannes Perkmann (abbazia di Michaelbeuern), l'abate Gerhard Hafner (abbazia di Admont) e il priore Fr. Michael H\u00fcttl (abbazia di Altenburg) Crediti fotografici Abbazia di Seitenstetten, Josef Penzendorfer <\/p>\n<\/div><div class=\"fusion-separator fusion-full-width-sep\" style=\"align-self: center;margin-left: auto;margin-right: auto;margin-top:1%;width:100%;\"><\/div><div ><a class=\"fusion-button button-flat fusion-button-default-size button-custom fusion-button-default button-1 fusion-button-span-yes fusion-button-default-type\" style=\"--button_accent_color:#ffffff;--button_accent_hover_color:#ffffff;--button_border_hover_color:#ffffff;--button_gradient_top_color:#1f7aa7;--button_gradient_bottom_color:#1f7aa7;--button_gradient_top_color_hover:#72cee0;--button_gradient_bottom_color_hover:#72cee0;\" target=\"_blank\" rel=\"noopener noreferrer\" href=\"https:\/\/osb.org\/wp-content\/uploads\/2025\/02\/Pressetext-Abtwahl-2025.pdf\"><span class=\"fusion-button-text awb-button__text awb-button__text--default\">Comunicato stampa pdf |DE|<\/span><\/a><\/div><div class=\"fusion-separator fusion-full-width-sep\" style=\"align-self: center;margin-left: auto;margin-right: auto;margin-top:1%;width:100%;\"><\/div><div ><a class=\"fusion-button button-flat fusion-button-default-size button-custom fusion-button-default button-2 fusion-button-span-yes fusion-button-default-type\" style=\"--button_accent_color:#ffffff;--button_accent_hover_color:#ffffff;--button_border_hover_color:#ffffff;--button_gradient_top_color:#1f7aa7;--button_gradient_bottom_color:#1f7aa7;--button_gradient_top_color_hover:#72cee0;--button_gradient_bottom_color_hover:#72cee0;\" target=\"_blank\" rel=\"noopener noreferrer\" href=\"https:\/\/stift-seitenstetten.at\"><span class=\"fusion-button-text awb-button__text awb-button__text--default\">Sito web dell'abbazia di Seitenstetten |DE|<\/span><\/a><\/div><div class=\"fusion-separator fusion-full-width-sep\" style=\"align-self: center;margin-left: auto;margin-right: auto;margin-top:1%;width:100%;\"><\/div><div ><a class=\"fusion-button button-flat fusion-button-default-size button-custom fusion-button-default button-3 fusion-button-span-yes fusion-button-default-type\" style=\"--button_accent_color:#ffffff;--button_accent_hover_color:#ffffff;--button_border_hover_color:#ffffff;--button_gradient_top_color:#1f7aa7;--button_gradient_bottom_color:#1f7aa7;--button_gradient_top_color_hover:#72cee0;--button_gradient_bottom_color_hover:#72cee0;\" target=\"_blank\" rel=\"noopener noreferrer\" href=\"https:\/\/www.collegiosantanselmo.com\/en\/2023\/12\/28\/abbey-of-the-bmv-assumption-in-seitenstetten-austria\/\"><span class=\"fusion-button-text awb-button__text awb-button__text--default\">Pagina web del Monastero della settimana |EN| |IT|<\/span><\/a><\/div><\/div><\/div><\/div><\/div><\/p>\n","protected":false},"excerpt":{"rendered":"<p>Marted\u00ec 25 febbraio 2025, la comunit\u00e0 dell&#8217;abbazia di Seitenstetten ha rieletto l&#8217;abate Petrus Pilsinger per un secondo mandato con votazione canonica. Il suo nuovo mandato si estende fino al raggiungimento dei 70 anni di et\u00e0. Storia, foto e curriculum vitae qui.  <\/p>\n","protected":false},"author":1,"featured_media":14589,"comment_status":"closed","ping_status":"closed","sticky":false,"template":"","format":"standard","meta":{"footnotes":""},"categories":[180,189],"tags":[222,216],"class_list":["post-14588","post","type-post","status-publish","format-standard","has-post-thumbnail","hentry","category-nexus-it","category-notizie-it","tag-nexus-marzo-2025-it","tag-nexus-transizioni-di-leadership-it"],"cc_featured_image_caption":{"caption_text":false,"source_text":false,"source_url":false},"_links":{"self":[{"href":"https:\/\/osb.org\/it\/wp-json\/wp\/v2\/posts\/14588","targetHints":{"allow":["GET"]}}],"collection":[{"href":"https:\/\/osb.org\/it\/wp-json\/wp\/v2\/posts"}],"about":[{"href":"https:\/\/osb.org\/it\/wp-json\/wp\/v2\/types\/post"}],"author":[{"embeddable":true,"href":"https:\/\/osb.org\/it\/wp-json\/wp\/v2\/users\/1"}],"replies":[{"embeddable":true,"href":"https:\/\/osb.org\/it\/wp-json\/wp\/v2\/comments?post=14588"}],"version-history":[{"count":0,"href":"https:\/\/osb.org\/it\/wp-json\/wp\/v2\/posts\/14588\/revisions"}],"wp:featuredmedia":[{"embeddable":true,"href":"https:\/\/osb.org\/it\/wp-json\/wp\/v2\/media\/14589"}],"wp:attachment":[{"href":"https:\/\/osb.org\/it\/wp-json\/wp\/v2\/media?parent=14588"}],"wp:term":[{"taxonomy":"category","embeddable":true,"href":"https:\/\/osb.org\/it\/wp-json\/wp\/v2\/categories?post=14588"},{"taxonomy":"post_tag","embeddable":true,"href":"https:\/\/osb.org\/it\/wp-json\/wp\/v2\/tags?post=14588"}],"curies":[{"name":"wp","href":"https:\/\/api.w.org\/{rel}","templated":true}]}}