{"id":14206,"date":"2025-05-22T11:39:16","date_gmt":"2025-05-22T09:39:16","guid":{"rendered":"https:\/\/osb.org\/2025\/05\/22\/i-benedettini-si-uniscono-a-papa-leone-xiv-a-san-paolo-fuori-le-mura\/"},"modified":"2025-09-24T18:13:19","modified_gmt":"2025-09-24T16:13:19","slug":"i-benedettini-si-uniscono-a-papa-leone-xiv-a-san-paolo-fuori-le-mura","status":"publish","type":"post","link":"https:\/\/osb.org\/it\/2025\/05\/22\/i-benedettini-si-uniscono-a-papa-leone-xiv-a-san-paolo-fuori-le-mura\/","title":{"rendered":"I benedettini si uniscono a papa Leone XIV a San Paolo fuori le mura"},"content":{"rendered":"<p><div class=\"fusion-fullwidth fullwidth-box fusion-builder-row-1 fusion-flex-container has-pattern-background has-mask-background hundred-percent-fullwidth non-hundred-percent-height-scrolling\" style=\"--awb-border-sizes-bottom:1px;--awb-border-color:var(--awb-custom11);--awb-border-radius-top-left:0px;--awb-border-radius-top-right:0px;--awb-border-radius-bottom-right:0px;--awb-border-radius-bottom-left:0px;--awb-padding-right:60px;--awb-padding-bottom:20px;--awb-padding-left:60px;--awb-padding-right-small:30px;--awb-padding-left-small:30px;--awb-margin-top-medium:1px;--awb-margin-top-small:0px;--awb-flex-wrap:wrap;\" ><div class=\"fusion-builder-row fusion-row fusion-flex-align-items-center fusion-flex-justify-content-flex-end fusion-flex-content-wrap\" style=\"width:calc( 100% + 60px ) !important;max-width:calc( 100% + 60px ) !important;margin-left: calc(-60px \/ 2 );margin-right: calc(-60px \/ 2 );\"><div class=\"fusion-layout-column fusion_builder_column fusion-builder-column-0 fusion_builder_column_1_2 1_2 fusion-flex-column\" style=\"--awb-padding-right:60px;--awb-padding-left:60px;--awb-padding-right-small:0px;--awb-padding-left-small:0px;--awb-bg-size:cover;--awb-width-large:50%;--awb-margin-top-large:0px;--awb-spacing-right-large:30px;--awb-margin-bottom-large:20px;--awb-spacing-left-large:30px;--awb-width-medium:100%;--awb-order-medium:0;--awb-margin-top-medium:20px;--awb-spacing-right-medium:30px;--awb-margin-bottom-medium:0px;--awb-spacing-left-medium:30px;--awb-width-small:100%;--awb-order-small:0;--awb-spacing-right-small:30px;--awb-spacing-left-small:30px;\"><div class=\"fusion-column-wrapper fusion-column-has-shadow fusion-flex-justify-content-flex-start fusion-content-layout-column\"><div class=\"fusion-title title fusion-title-1 fusion-sep-none fusion-title-text fusion-title-size-one\" style=\"--awb-text-color:var(--awb-custom13);--awb-margin-top-small:0px;--awb-margin-right-small:0px;--awb-margin-bottom-small:20px;--awb-margin-left-small:0px;--awb-font-size:40px;\"><h1 class=\"fusion-title-heading title-heading-left md-text-align-center fusion-responsive-typography-calculated\" style=\"font-family:var(--awb-typography1-font-family);font-weight:var(--awb-typography1-font-weight);font-style:var(--awb-typography1-font-style);margin:0;letter-spacing:var(--awb-typography1-letter-spacing);text-transform:var(--awb-typography1-text-transform);font-size:1em;--fontSize:40;line-height:var(--awb-typography1-line-height);\">I benedettini si uniscono a papa Leone XIV a San Paolo fuori le mura<\/h1><\/div><div class=\"fusion-text fusion-text-1 fusion-no-small-visibility fusion-no-medium-visibility\" style=\"--awb-font-size:var(--awb-typography4-font-size);--awb-line-height:var(--awb-typography4-line-height);--awb-letter-spacing:var(--awb-typography4-letter-spacing);--awb-text-transform:var(--awb-typography4-text-transform);--awb-text-color:var(--awb-custom12);--awb-text-font-family:var(--awb-typography4-font-family);--awb-text-font-weight:var(--awb-typography4-font-weight);--awb-text-font-style:var(--awb-typography4-font-style);\"><p>Papa Leone XIV ha preso possesso della Basilica di San Paolo fuori le mura con una cerimonia che ha incluso membri del Collegio e della Schola di Sant\u2019Anselmo. La sua omelia ha riflettuto sull'universalit\u00e0 della salvezza e sull'urgenza di proclamare il Vangelo. <\/p>\n<\/div><\/div><\/div><div class=\"fusion-layout-column fusion_builder_column fusion-builder-column-1 fusion_builder_column_1_2 1_2 fusion-flex-column\" style=\"--awb-bg-size:cover;--awb-width-large:50%;--awb-margin-top-large:0px;--awb-spacing-right-large:30px;--awb-margin-bottom-large:0px;--awb-spacing-left-large:30px;--awb-width-medium:100%;--awb-order-medium:0;--awb-spacing-right-medium:30px;--awb-spacing-left-medium:30px;--awb-width-small:100%;--awb-order-small:0;--awb-spacing-right-small:30px;--awb-spacing-left-small:30px;\"><div class=\"fusion-column-wrapper fusion-column-has-shadow fusion-flex-justify-content-flex-start fusion-content-layout-column\"><div class=\"fusion-image-element \" style=\"--awb-caption-title-font-family:var(--h2_typography-font-family);--awb-caption-title-font-weight:var(--h2_typography-font-weight);--awb-caption-title-font-style:var(--h2_typography-font-style);--awb-caption-title-size:var(--h2_typography-font-size);--awb-caption-title-transform:var(--h2_typography-text-transform);--awb-caption-title-line-height:var(--h2_typography-line-height);--awb-caption-title-letter-spacing:var(--h2_typography-letter-spacing);\"><span class=\" fusion-imageframe imageframe-none imageframe-1 hover-type-none\" style=\"border:1px solid var(--awb-custom10);\"><a href=\"https:\/\/osb.org\/wp-content\/uploads\/2025\/05\/Pope_St_Paul_page_V.jpg\" class=\"fusion-lightbox\" data-rel=\"iLightbox[509377ce14d9dd73cd8]\" data-title=\"Pope_St_Paul_page_V\" title=\"Pope_St_Paul_page_V\"><img decoding=\"async\" width=\"1438\" height=\"1920\" src=\"https:\/\/osb.org\/wp-content\/uploads\/2025\/05\/Pope_St_Paul_page_V.jpg\" data-orig-src=\"https:\/\/osb.org\/wp-content\/uploads\/2025\/05\/Pope_St_Paul_page_V.jpg\" alt class=\"lazyload img-responsive wp-image-14208\" srcset=\"data:image\/svg+xml,%3Csvg%20xmlns%3D%27http%3A%2F%2Fwww.w3.org%2F2000%2Fsvg%27%20width%3D%271438%27%20height%3D%271920%27%20viewBox%3D%270%200%201438%201920%27%3E%3Crect%20width%3D%271438%27%20height%3D%271920%27%20fill-opacity%3D%220%22%2F%3E%3C%2Fsvg%3E\" data-srcset=\"https:\/\/osb.org\/wp-content\/uploads\/2025\/05\/Pope_St_Paul_page_V-200x267.jpg 200w, https:\/\/osb.org\/wp-content\/uploads\/2025\/05\/Pope_St_Paul_page_V-400x534.jpg 400w, https:\/\/osb.org\/wp-content\/uploads\/2025\/05\/Pope_St_Paul_page_V-600x801.jpg 600w, https:\/\/osb.org\/wp-content\/uploads\/2025\/05\/Pope_St_Paul_page_V-800x1068.jpg 800w, https:\/\/osb.org\/wp-content\/uploads\/2025\/05\/Pope_St_Paul_page_V-1200x1602.jpg 1200w, https:\/\/osb.org\/wp-content\/uploads\/2025\/05\/Pope_St_Paul_page_V.jpg 1438w\" data-sizes=\"auto\" data-orig-sizes=\"(max-width: 1024px) 100vw, (max-width: 640px) 100vw, 600px\" \/><\/a><\/span><\/div><div class=\"fusion-text fusion-text-2 fusion-text-no-margin\" style=\"--awb-font-size:var(--awb-typography5-font-size);--awb-line-height:var(--awb-typography5-line-height);--awb-letter-spacing:var(--awb-typography5-letter-spacing);--awb-text-transform:var(--awb-typography5-text-transform);--awb-text-color:var(--awb-custom11);--awb-margin-top:12px;--awb-margin-bottom:12px;--awb-text-font-family:var(--awb-typography5-font-family);--awb-text-font-weight:var(--awb-typography5-font-weight);--awb-text-font-style:var(--awb-typography5-font-style);\"><\/div><\/div><\/div><div class=\"fusion-layout-column fusion_builder_column fusion-builder-column-2 fusion_builder_column_1_2 1_2 fusion-flex-column\" style=\"--awb-bg-size:cover;--awb-width-large:50%;--awb-margin-top-large:0px;--awb-spacing-right-large:30px;--awb-margin-bottom-large:0px;--awb-spacing-left-large:30px;--awb-width-medium:100%;--awb-order-medium:0;--awb-spacing-right-medium:30px;--awb-spacing-left-medium:30px;--awb-width-small:100%;--awb-order-small:0;--awb-spacing-right-small:30px;--awb-spacing-left-small:30px;\"><div class=\"fusion-column-wrapper fusion-column-has-shadow fusion-flex-justify-content-flex-start fusion-content-layout-column\"><div class=\"fusion-separator fusion-full-width-sep\" style=\"align-self: center;margin-left: auto;margin-right: auto;width:100%;\"><div class=\"fusion-separator-border sep-single sep-solid\" style=\"--awb-height:20px;--awb-amount:20px;--awb-sep-color:var(--awb-color4);border-color:var(--awb-color4);border-top-width:3px;\"><\/div><\/div><\/div><\/div><\/div><\/div><div class=\"fusion-fullwidth fullwidth-box fusion-builder-row-2 fusion-flex-container hundred-percent-fullwidth non-hundred-percent-height-scrolling\" style=\"--awb-border-radius-top-left:0px;--awb-border-radius-top-right:0px;--awb-border-radius-bottom-right:0px;--awb-border-radius-bottom-left:0px;--awb-padding-right:60px;--awb-padding-left:60px;--awb-padding-right-medium:60px;--awb-padding-left-medium:60px;--awb-padding-right-small:30px;--awb-padding-left-small:30px;--awb-margin-top-small:0px;--awb-flex-wrap:wrap;\" ><div class=\"fusion-builder-row fusion-row fusion-flex-align-items-flex-start fusion-flex-justify-content-center fusion-flex-content-wrap\" style=\"width:calc( 100% + 60px ) !important;max-width:calc( 100% + 60px ) !important;margin-left: calc(-60px \/ 2 );margin-right: calc(-60px \/ 2 );\"><div class=\"fusion-layout-column fusion_builder_column fusion-builder-column-3 fusion_builder_column_2_5 2_5 fusion-flex-column\" style=\"--awb-bg-blend:overlay;--awb-bg-size:cover;--awb-width-large:40%;--awb-margin-top-large:0px;--awb-spacing-right-large:30px;--awb-margin-bottom-large:20px;--awb-spacing-left-large:30px;--awb-width-medium:75%;--awb-order-medium:0;--awb-spacing-right-medium:30px;--awb-spacing-left-medium:30px;--awb-width-small:100%;--awb-order-small:0;--awb-spacing-right-small:30px;--awb-spacing-left-small:30px;\"><div class=\"fusion-column-wrapper fusion-flex-justify-content-flex-start fusion-content-layout-column\"><div class=\"fusion-builder-row fusion-builder-row-inner fusion-row fusion-flex-align-items-flex-start fusion-flex-justify-content-center fusion-flex-content-wrap\" style=\"--awb-flex-grow:0;--awb-flex-grow-medium:0;--awb-flex-grow-small:0;--awb-flex-shrink:0;--awb-flex-shrink-medium:0;--awb-flex-shrink-small:0;width:calc( 100% + 60px ) !important;max-width:calc( 100% + 60px ) !important;margin-left: calc(-60px \/ 2 );margin-right: calc(-60px \/ 2 );\"><div class=\"fusion-layout-column fusion_builder_column_inner fusion-builder-nested-column-0 fusion_builder_column_inner_1_2 1_2 fusion-flex-column fusion-flex-align-self-center\" style=\"--awb-bg-size:cover;--awb-width-large:50%;--awb-margin-top-large:0px;--awb-spacing-right-large:30px;--awb-margin-bottom-large:0px;--awb-spacing-left-large:30px;--awb-width-medium:50%;--awb-order-medium:0;--awb-spacing-right-medium:30px;--awb-spacing-left-medium:30px;--awb-width-small:100%;--awb-order-small:1;--awb-spacing-right-small:30px;--awb-margin-bottom-small:20px;--awb-spacing-left-small:30px;\"><div class=\"fusion-column-wrapper fusion-column-has-shadow fusion-flex-justify-content-center fusion-content-layout-column\"><div class=\"fusion-text fusion-text-3 fusion-text-no-margin\" style=\"--awb-font-size:var(--awb-typography5-font-size);--awb-line-height:var(--awb-typography5-line-height);--awb-letter-spacing:var(--awb-typography5-letter-spacing);--awb-text-transform:var(--awb-typography5-text-transform);--awb-text-color:var(--awb-custom11);--awb-margin-top:0px;--awb-margin-right:0px;--awb-margin-bottom:0px;--awb-margin-left:0px;--awb-text-font-family:var(--awb-typography5-font-family);--awb-text-font-weight:var(--awb-typography5-font-weight);--awb-text-font-style:var(--awb-typography5-font-style);\"><p>22 Maggio 2025<\/p>\n<\/div><\/div><\/div><div class=\"fusion-layout-column fusion_builder_column_inner fusion-builder-nested-column-1 fusion_builder_column_inner_1_2 1_2 fusion-flex-column fusion-flex-align-self-center\" style=\"--awb-bg-size:cover;--awb-width-large:50%;--awb-margin-top-large:0px;--awb-spacing-right-large:30px;--awb-margin-bottom-large:0px;--awb-spacing-left-large:30px;--awb-width-medium:50%;--awb-order-medium:0;--awb-spacing-right-medium:30px;--awb-spacing-left-medium:30px;--awb-width-small:100%;--awb-order-small:0;--awb-margin-top-small:0px;--awb-spacing-right-small:30px;--awb-spacing-left-small:30px;\"><div class=\"fusion-column-wrapper fusion-column-has-shadow fusion-flex-justify-content-center fusion-content-layout-column\"><div class=\"fusion-sharing-box fusion-sharing-box-1 boxed-icons\" style=\"background-color:var(--awb-color1);border-color:var(--awb-color1);--awb-margin-top:0px;--awb-margin-right:0px;--awb-margin-bottom:0px;--awb-margin-left:0px;--awb-wrapper-padding-top:0px;--awb-wrapper-padding-right:0px;--awb-wrapper-padding-bottom:0px;--awb-wrapper-padding-left:0px;--awb-padding-top:0px;--awb-padding-right:0px;--awb-padding-bottom:0px;--awb-padding-left:0px;--awb-border-top:0px;--awb-border-right:0px;--awb-border-bottom:0px;--awb-border-left:0px;--awb-icon-size:12px;--awb-separator-border-color:#cccccc;--awb-separator-border-sizes:0px;--awb-stacked-align:flex-end;--awb-layout:row;--awb-alignment-small:flex-end;--awb-stacked-align-small:center;\" data-title=\"I benedettini si uniscono a papa Leone XIV a San Paolo fuori le mura\" data-description=\"Il tuo contenuto va qui       \r\n\r\nMarted\u00ec 20 maggio, il nuovo Santo Padre, Papa Leone XIV, ha formalmente preso possesso della Basilica Papale di San Paolo fuori le mura a Roma. Tra i presenti c&#039;erano circa 30 monaci del Collegio di Sant\u2019Anselmo, guidati\" data-link=\"https:\/\/osb.org\/it\/2025\/05\/22\/i-benedettini-si-uniscono-a-papa-leone-xiv-a-san-paolo-fuori-le-mura\/\"><div class=\"fusion-social-networks sharingbox-shortcode-icon-wrapper sharingbox-shortcode-icon-wrapper-1 boxed-icons\"><span><a href=\"https:\/\/www.facebook.com\/sharer.php?u=https%3A%2F%2Fosb.org%2Fit%2F2025%2F05%2F22%2Fi-benedettini-si-uniscono-a-papa-leone-xiv-a-san-paolo-fuori-le-mura%2F&amp;t=I%20benedettini%20si%20uniscono%20a%20papa%20Leone%20XIV%20a%20San%20Paolo%20fuori%20le%20mura\" target=\"_blank\" rel=\"noreferrer\" title=\"Facebook\" aria-label=\"Facebook\"><i class=\"fusion-social-network-icon fusion-tooltip fusion-facebook awb-icon-facebook\" style=\"color:var(--awb-custom11);background-color:#e8e8e8;border-color:#e8e8e8;border-radius:50%;\" aria-hidden=\"true\"><\/i><\/a><\/span><span><a href=\"https:\/\/x.com\/intent\/post?text=I%20benedettini%20si%20uniscono%20a%20papa%20Leone%20XIV%20a%20San%20Paolo%20fuori%20le%20mura&amp;url=https%3A%2F%2Fosb.org%2Fit%2F2025%2F05%2F22%2Fi-benedettini-si-uniscono-a-papa-leone-xiv-a-san-paolo-fuori-le-mura%2F\" target=\"_blank\" rel=\"noopener noreferrer\" title=\"X\" aria-label=\"X\"><i class=\"fusion-social-network-icon fusion-tooltip fusion-twitter awb-icon-twitter\" style=\"color:var(--awb-custom11);background-color:#e8e8e8;border-color:#e8e8e8;border-radius:50%;\" aria-hidden=\"true\"><\/i><\/a><\/span><span><a href=\"https:\/\/api.whatsapp.com\/send?text=https%3A%2F%2Fosb.org%2Fit%2F2025%2F05%2F22%2Fi-benedettini-si-uniscono-a-papa-leone-xiv-a-san-paolo-fuori-le-mura%2F\" target=\"_blank\" rel=\"noopener noreferrer\" title=\"WhatsApp\" aria-label=\"WhatsApp\"><i class=\"fusion-social-network-icon fusion-tooltip fusion-whatsapp awb-icon-whatsapp\" style=\"color:var(--awb-custom11);background-color:#e8e8e8;border-color:#e8e8e8;border-radius:50%;\" aria-hidden=\"true\"><\/i><\/a><\/span><span><a href=\"mailto:?subject=I%20benedettini%20si%20uniscono%20a%20papa%20Leone%20XIV%20a%20San%20Paolo%20fuori%20le%20mura&amp;body=https%3A%2F%2Fosb.org%2Fit%2F2025%2F05%2F22%2Fi-benedettini-si-uniscono-a-papa-leone-xiv-a-san-paolo-fuori-le-mura%2F\" target=\"_self\" title=\"Email\" aria-label=\"Email\"><i class=\"fusion-social-network-icon fusion-tooltip fusion-mail awb-icon-mail\" style=\"color:var(--awb-custom11);background-color:#e8e8e8;border-color:#e8e8e8;border-radius:50%;\" aria-hidden=\"true\"><\/i><\/a><\/span><\/div><\/div><\/div><\/div><\/div><div class=\"fusion-text fusion-text-4\"><p>Marted\u00ec 20 maggio, il nuovo Santo Padre, Papa Leone XIV, ha formalmente preso possesso della Basilica Papale di San Paolo fuori le mura a Roma. Tra i presenti c&#8217;erano circa 30 monaci del Collegio di Sant\u2019Anselmo, guidati dall&#8217;Abate Primate Jeremias Schr\u00f6der. La loro presenza, sia liturgica che simbolica, \u00e8 stata una silenziosa testimonianza del ruolo benedettino nella vita del centro della Chiesa.  <\/p>\n<p>L&#8217;evento ha incluso un contributo speciale da parte di sei membri della schola di Sant\u2019Anselmo, che si sono uniti al coro residente della Basilica su invito del suo maestro di cappella. L&#8217;inclusione del canto monastico ha sottolineato la profondit\u00e0 e la continuit\u00e0 della tradizione liturgica benedettina nel papato moderno. <\/p>\n<p>Al suo arrivo alla Basilica, Papa Leone XIV \u00e8 stato ricevuto dall&#8217;<a href=\"https:\/\/osb.org\/2025\/05\/05\/reflecting-on-the-churchs-path-abbot-donato-ogliari-addresses-cardinals\/\">Abate Donato Ogliari<\/a> e dall&#8217;Arciprete della Basilica, il <a href=\"https:\/\/en.wikipedia.org\/wiki\/James_Michael_Harvey\" target=\"_blank\" rel=\"noopener\">Cardinale James Michael Harvey<\/a>. Anche l&#8217;Abate Primate Jeremias ha potuto salutarlo personalmente, insieme ai membri della comunit\u00e0 di San Paolo. Insieme ai monaci benedettini, il Papa \u00e8 entrato attraverso la Porta Santa e ha proceduto in solenne processione verso l&#8217;abside. L\u00ec, \u00e8 sceso alla Confessione e ha offerto venerazione alla tomba di San Paolo Apostolo. \u00c8 stato un momento ricco di significato, che ha collegato l&#8217;ufficio petrino con l&#8217;eredit\u00e0 dell&#8217;Apostolo delle Genti.    <\/p>\n<p>Dopo questo atto di devozione, Papa Leone XIV si \u00e8 rivolto all&#8217;assemblea e ha introdotto una lettura dalla Lettera ai Romani. Nella sua omelia, il Santo Padre ha riflettuto sull&#8217;universalit\u00e0 del messaggio cristiano, tratto da Romani 10:9-15. Ha ricordato ai presenti che credere e proclamare vanno di pari passo: \u201cCredere nel cuore e confessare con le labbra. Questi due aspetti, interiore ed esteriore, sono essenziali perch\u00e9 la fede sia vissuta e condivisa\u201d. Ha sottolineato che il Vangelo non deve mai rimanere confinato al credo personale, ma deve sempre raggiungere l&#8217;esterno attraverso la testimonianza e la carit\u00e0. Il Papa ha concluso affermando che \u201cnon possiamo rassegnarci a un mondo senza speranza, senza Cristo\u201d, esortando tutti i presenti a essere \u201csegni credibili della gioia e della pace del Risorto\u201d.    <\/p>\n<p>Dopo un breve silenzio, Papa Leone XIV si \u00e8 avvicinato ancora una volta all&#8217;altare per venerare il Trofeo dell&#8217;Apostolo, un monumento tradizionalmente ritenuto segnare il luogo di sepoltura di San Paolo.<\/p>\n<p>La frase \u201cprendere possesso\u201d di una basilica si riferisce a un&#8217;antica usanza che significa l&#8217;assunzione da parte del nuovo papa della responsabilit\u00e0 spirituale e cerimoniale sulle quattro principali basiliche papali di Roma: San Pietro, San Giovanni in Laterano, Santa Maria Maggiore e San Paolo fuori le mura. Queste basiliche hanno storicamente ancorato la vita liturgica e amministrativa della Chiesa romana. Il rito di marted\u00ec a San Paolo fuori le mura, la seconda pi\u00f9 grande dopo San Pietro, segna un altro passo nell&#8217;assunzione formale da parte di Papa Leone XIV dei doveri del papato. Il suo secondo Regina Caeli sar\u00e0 celebrato domenica 25 maggio, lo stesso giorno in cui prender\u00e0 possesso delle Basiliche di San Giovanni in Laterano e Santa Maria Maggiore.   <\/p>\n<p>Per i monaci di Sant\u2019Anselmo, la loro partecipazione a questa storica occasione serve come un promemoria silenzioso ma fermo del loro posto nel cuore della vita della Chiesa, radicato nella tradizione, nel servizio e nell&#8217;apprendimento. \u00c8 anche un invito visibile a tutti i superiori benedettini: a considerare l&#8217;Ateneo Sant\u2019Anselmo e il suo Collegio non solo come istituzioni di studio e formazione, ma come partecipanti attivi ai ritmi della Chiesa universale.<\/p>\n<\/div><div ><a class=\"fusion-button button-flat fusion-button-default-size button-custom fusion-button-default button-1 fusion-button-span-yes fusion-button-default-type\" style=\"--awb-margin-top:10px;--button_accent_color:#ffffff;--button_accent_hover_color:#ffffff;--button_border_hover_color:#ffffff;--button_gradient_top_color:#1f7aa7;--button_gradient_bottom_color:#1f7aa7;--button_gradient_top_color_hover:#72cee0;--button_gradient_bottom_color_hover:#72cee0;\" target=\"_self\" href=\"https:\/\/press.vatican.va\/content\/salastampa\/en\/bollettino\/pubblico\/2025\/05\/20\/250520d.html\"><span class=\"fusion-button-text awb-button__text awb-button__text--default\">OMELIA SUL SITO WEB DEL VATICANO |IT|<\/span><\/a><\/div><div ><a class=\"fusion-button button-flat fusion-button-default-size button-custom fusion-button-default button-2 fusion-button-span-yes fusion-button-default-type\" style=\"--awb-margin-top:10px;--button_accent_color:#ffffff;--button_accent_hover_color:#ffffff;--button_border_hover_color:#ffffff;--button_gradient_top_color:#1f7aa7;--button_gradient_bottom_color:#1f7aa7;--button_gradient_top_color_hover:#72cee0;--button_gradient_bottom_color_hover:#72cee0;\" target=\"_self\" href=\"https:\/\/press.vatican.va\/content\/salastampa\/it\/bollettino\/pubblico\/2025\/05\/20\/0332\/00567.html\"><span class=\"fusion-button-text awb-button__text awb-button__text--default\">OMELIA SUL SITO WEB DEL VATICANO |7 LINGUE|<\/span><\/a><\/div><div ><a class=\"fusion-button button-flat fusion-button-default-size button-custom fusion-button-default button-3 fusion-button-span-yes fusion-button-default-type\" style=\"--awb-margin-top:10px;--button_accent_color:#ffffff;--button_accent_hover_color:#ffffff;--button_border_hover_color:#ffffff;--button_gradient_top_color:#1f7aa7;--button_gradient_bottom_color:#1f7aa7;--button_gradient_top_color_hover:#72cee0;--button_gradient_bottom_color_hover:#72cee0;\" target=\"_self\" href=\"https:\/\/www.youtube.com\/live\/zmyZZz1QXbY?si=5ld9qCB0Tgr1n6MU\"><span class=\"fusion-button-text awb-button__text awb-button__text--default\">VIDEO da EWTN<\/span><\/a><\/div><div ><a class=\"fusion-button button-flat fusion-button-default-size button-custom fusion-button-default button-4 fusion-button-span-yes fusion-button-default-type\" style=\"--awb-margin-top:10px;--button_accent_color:#ffffff;--button_accent_hover_color:#ffffff;--button_border_hover_color:#ffffff;--button_gradient_top_color:#1f7aa7;--button_gradient_bottom_color:#1f7aa7;--button_gradient_top_color_hover:#72cee0;--button_gradient_bottom_color_hover:#72cee0;\" target=\"_self\" href=\"https:\/\/basilicasanpaolo.org\/en\/\"><span class=\"fusion-button-text awb-button__text awb-button__text--default\">Sito web della Basilica di San Paolo |IT|<\/span><\/a><\/div><\/div><\/div><\/div><\/div><\/p>\n","protected":false},"excerpt":{"rendered":"<p>Papa Leone XIV ha preso possesso della Basilica di San Paolo fuori le mura con una cerimonia che ha incluso membri del Collegio e della Schola di Sant\u2019Anselmo. La sua omelia ha riflettuto sull&#8217;universalit\u00e0 della salvezza e sull&#8217;urgenza di proclamare il Vangelo. <\/p>\n","protected":false},"author":1,"featured_media":14207,"comment_status":"closed","ping_status":"closed","sticky":false,"template":"","format":"standard","meta":{"footnotes":""},"categories":[180,189],"tags":[221,374],"class_list":["post-14206","post","type-post","status-publish","format-standard","has-post-thumbnail","hentry","category-nexus-it","category-notizie-it","tag-nexus-giugno-2025-it","tag-nexus-rapporto-sul-mondo-benedettino-it"],"cc_featured_image_caption":{"caption_text":false,"source_text":false,"source_url":false},"_links":{"self":[{"href":"https:\/\/osb.org\/it\/wp-json\/wp\/v2\/posts\/14206","targetHints":{"allow":["GET"]}}],"collection":[{"href":"https:\/\/osb.org\/it\/wp-json\/wp\/v2\/posts"}],"about":[{"href":"https:\/\/osb.org\/it\/wp-json\/wp\/v2\/types\/post"}],"author":[{"embeddable":true,"href":"https:\/\/osb.org\/it\/wp-json\/wp\/v2\/users\/1"}],"replies":[{"embeddable":true,"href":"https:\/\/osb.org\/it\/wp-json\/wp\/v2\/comments?post=14206"}],"version-history":[{"count":0,"href":"https:\/\/osb.org\/it\/wp-json\/wp\/v2\/posts\/14206\/revisions"}],"wp:featuredmedia":[{"embeddable":true,"href":"https:\/\/osb.org\/it\/wp-json\/wp\/v2\/media\/14207"}],"wp:attachment":[{"href":"https:\/\/osb.org\/it\/wp-json\/wp\/v2\/media?parent=14206"}],"wp:term":[{"taxonomy":"category","embeddable":true,"href":"https:\/\/osb.org\/it\/wp-json\/wp\/v2\/categories?post=14206"},{"taxonomy":"post_tag","embeddable":true,"href":"https:\/\/osb.org\/it\/wp-json\/wp\/v2\/tags?post=14206"}],"curies":[{"name":"wp","href":"https:\/\/api.w.org\/{rel}","templated":true}]}}