{"id":13875,"date":"2025-04-28T17:23:28","date_gmt":"2025-04-28T15:23:28","guid":{"rendered":"https:\/\/osb.org\/2025\/04\/28\/fr-jeremia-martin-nominato-priore-di-munsterschwarzach\/"},"modified":"2025-09-18T21:37:22","modified_gmt":"2025-09-18T19:37:22","slug":"fr-jeremia-martin-nominato-priore-di-munsterschwarzach","status":"publish","type":"post","link":"https:\/\/osb.org\/it\/2025\/04\/28\/fr-jeremia-martin-nominato-priore-di-munsterschwarzach\/","title":{"rendered":"Fr. Jeremia Martin Nominato Priore di M\u00fcnsterschwarzach"},"content":{"rendered":"<p><div class=\"fusion-fullwidth fullwidth-box fusion-builder-row-1 fusion-flex-container has-pattern-background has-mask-background hundred-percent-fullwidth non-hundred-percent-height-scrolling\" style=\"--awb-border-sizes-bottom:1px;--awb-border-color:var(--awb-custom11);--awb-border-radius-top-left:0px;--awb-border-radius-top-right:0px;--awb-border-radius-bottom-right:0px;--awb-border-radius-bottom-left:0px;--awb-padding-right:60px;--awb-padding-bottom:20px;--awb-padding-left:60px;--awb-padding-right-small:30px;--awb-padding-left-small:30px;--awb-margin-top-medium:1px;--awb-margin-top-small:0px;--awb-flex-wrap:wrap;\" ><div class=\"fusion-builder-row fusion-row fusion-flex-align-items-center fusion-flex-justify-content-flex-end fusion-flex-content-wrap\" style=\"width:calc( 100% + 60px ) !important;max-width:calc( 100% + 60px ) !important;margin-left: calc(-60px \/ 2 );margin-right: calc(-60px \/ 2 );\"><div class=\"fusion-layout-column fusion_builder_column fusion-builder-column-0 fusion_builder_column_1_2 1_2 fusion-flex-column\" style=\"--awb-padding-right:60px;--awb-padding-left:60px;--awb-padding-right-small:0px;--awb-padding-left-small:0px;--awb-bg-size:cover;--awb-width-large:50%;--awb-margin-top-large:0px;--awb-spacing-right-large:30px;--awb-margin-bottom-large:20px;--awb-spacing-left-large:30px;--awb-width-medium:100%;--awb-order-medium:0;--awb-margin-top-medium:20px;--awb-spacing-right-medium:30px;--awb-margin-bottom-medium:0px;--awb-spacing-left-medium:30px;--awb-width-small:100%;--awb-order-small:0;--awb-spacing-right-small:30px;--awb-spacing-left-small:30px;\"><div class=\"fusion-column-wrapper fusion-column-has-shadow fusion-flex-justify-content-flex-start fusion-content-layout-column\"><div class=\"fusion-title title fusion-title-1 fusion-sep-none fusion-title-text fusion-title-size-one\" style=\"--awb-text-color:var(--awb-custom13);--awb-margin-top-small:0px;--awb-margin-right-small:0px;--awb-margin-bottom-small:20px;--awb-margin-left-small:0px;--awb-font-size:40px;\"><h1 class=\"fusion-title-heading title-heading-left md-text-align-center fusion-responsive-typography-calculated\" style=\"font-family:var(--awb-typography1-font-family);font-weight:var(--awb-typography1-font-weight);font-style:var(--awb-typography1-font-style);margin:0;letter-spacing:var(--awb-typography1-letter-spacing);text-transform:var(--awb-typography1-text-transform);font-size:1em;--fontSize:40;line-height:var(--awb-typography1-line-height);\">Fr. Jeremia Martin Nominato Priore di M\u00fcnsterschwarzach<\/h1><\/div><div class=\"fusion-text fusion-text-1 fusion-no-small-visibility fusion-no-medium-visibility\" style=\"--awb-font-size:18px;--awb-line-height:var(--awb-typography5-line-height);--awb-letter-spacing:var(--awb-typography5-letter-spacing);--awb-text-transform:var(--awb-typography5-text-transform);--awb-text-color:var(--awb-custom12);--awb-text-font-family:var(--awb-typography5-font-family);--awb-text-font-weight:var(--awb-typography5-font-weight);--awb-text-font-style:var(--awb-typography5-font-style);\"><p>Un nuovo capitolo si apre all'Abbazia di M\u00fcnsterschwarzach. Il Priore Pascal si \u00e8 ritirato dopo 12 anni e Fr. Jeremia Martin \u00e8 stato nominato nuovo priore. Include un link a un'intervista tra i due sul sito web dell'Abbazia di M\u00fcnsterschwarzach.   <\/p>\n<\/div><\/div><\/div><div class=\"fusion-layout-column fusion_builder_column fusion-builder-column-1 fusion_builder_column_1_2 1_2 fusion-flex-column\" style=\"--awb-bg-size:cover;--awb-width-large:50%;--awb-margin-top-large:0px;--awb-spacing-right-large:30px;--awb-margin-bottom-large:0px;--awb-spacing-left-large:30px;--awb-width-medium:100%;--awb-order-medium:0;--awb-spacing-right-medium:30px;--awb-spacing-left-medium:30px;--awb-width-small:100%;--awb-order-small:0;--awb-spacing-right-small:30px;--awb-spacing-left-small:30px;\"><div class=\"fusion-column-wrapper fusion-column-has-shadow fusion-flex-justify-content-flex-start fusion-content-layout-column\"><div class=\"fusion-image-element \" style=\"--awb-caption-title-font-family:var(--h2_typography-font-family);--awb-caption-title-font-weight:var(--h2_typography-font-weight);--awb-caption-title-font-style:var(--h2_typography-font-style);--awb-caption-title-size:var(--h2_typography-font-size);--awb-caption-title-transform:var(--h2_typography-text-transform);--awb-caption-title-line-height:var(--h2_typography-line-height);--awb-caption-title-letter-spacing:var(--h2_typography-letter-spacing);\"><span class=\" fusion-imageframe imageframe-none imageframe-1 hover-type-none\" style=\"border:1px solid var(--awb-custom10);\"><a href=\"https:\/\/osb.org\/wp-content\/uploads\/2025\/04\/250424_Abt_Priorenwechsel_Jeremia_Pascal-1.jpg\" class=\"fusion-lightbox\" data-rel=\"iLightbox[94307279f7934a9c6bd]\" data-title=\"250424_Abt_Priorenwechsel_Jeremia_Pascal-1\" title=\"250424_Abt_Priorenwechsel_Jeremia_Pascal-1\"><img decoding=\"async\" width=\"1920\" height=\"1080\" src=\"https:\/\/osb.org\/wp-content\/uploads\/2025\/04\/250424_Abt_Priorenwechsel_Jeremia_Pascal-1.jpg\" data-orig-src=\"https:\/\/osb.org\/wp-content\/uploads\/2025\/04\/250424_Abt_Priorenwechsel_Jeremia_Pascal-1.jpg\" alt class=\"lazyload img-responsive wp-image-13876\" srcset=\"data:image\/svg+xml,%3Csvg%20xmlns%3D%27http%3A%2F%2Fwww.w3.org%2F2000%2Fsvg%27%20width%3D%271920%27%20height%3D%271080%27%20viewBox%3D%270%200%201920%201080%27%3E%3Crect%20width%3D%271920%27%20height%3D%271080%27%20fill-opacity%3D%220%22%2F%3E%3C%2Fsvg%3E\" data-srcset=\"https:\/\/osb.org\/wp-content\/uploads\/2025\/04\/250424_Abt_Priorenwechsel_Jeremia_Pascal-1-200x113.jpg 200w, https:\/\/osb.org\/wp-content\/uploads\/2025\/04\/250424_Abt_Priorenwechsel_Jeremia_Pascal-1-400x225.jpg 400w, https:\/\/osb.org\/wp-content\/uploads\/2025\/04\/250424_Abt_Priorenwechsel_Jeremia_Pascal-1-600x338.jpg 600w, https:\/\/osb.org\/wp-content\/uploads\/2025\/04\/250424_Abt_Priorenwechsel_Jeremia_Pascal-1-800x450.jpg 800w, https:\/\/osb.org\/wp-content\/uploads\/2025\/04\/250424_Abt_Priorenwechsel_Jeremia_Pascal-1-1200x675.jpg 1200w, https:\/\/osb.org\/wp-content\/uploads\/2025\/04\/250424_Abt_Priorenwechsel_Jeremia_Pascal-1.jpg 1920w\" data-sizes=\"auto\" data-orig-sizes=\"(max-width: 1024px) 100vw, (max-width: 640px) 100vw, 600px\" \/><\/a><\/span><\/div><div class=\"fusion-text fusion-text-2 fusion-text-no-margin\" style=\"--awb-font-size:var(--awb-typography5-font-size);--awb-line-height:var(--awb-typography5-line-height);--awb-letter-spacing:var(--awb-typography5-letter-spacing);--awb-text-transform:var(--awb-typography5-text-transform);--awb-text-color:var(--awb-custom11);--awb-margin-top:12px;--awb-margin-bottom:12px;--awb-text-font-family:var(--awb-typography5-font-family);--awb-text-font-weight:var(--awb-typography5-font-weight);--awb-text-font-style:var(--awb-typography5-font-style);\"><\/div><\/div><\/div><div class=\"fusion-layout-column fusion_builder_column fusion-builder-column-2 fusion_builder_column_1_2 1_2 fusion-flex-column\" style=\"--awb-bg-size:cover;--awb-width-large:50%;--awb-margin-top-large:0px;--awb-spacing-right-large:30px;--awb-margin-bottom-large:0px;--awb-spacing-left-large:30px;--awb-width-medium:100%;--awb-order-medium:0;--awb-spacing-right-medium:30px;--awb-spacing-left-medium:30px;--awb-width-small:100%;--awb-order-small:0;--awb-spacing-right-small:30px;--awb-spacing-left-small:30px;\"><div class=\"fusion-column-wrapper fusion-column-has-shadow fusion-flex-justify-content-flex-start fusion-content-layout-column\"><div class=\"fusion-separator fusion-full-width-sep\" style=\"align-self: center;margin-left: auto;margin-right: auto;width:100%;\"><div class=\"fusion-separator-border sep-single sep-solid\" style=\"--awb-height:20px;--awb-amount:20px;--awb-sep-color:var(--awb-color4);border-color:var(--awb-color4);border-top-width:3px;\"><\/div><\/div><\/div><\/div><\/div><\/div><div class=\"fusion-fullwidth fullwidth-box fusion-builder-row-2 fusion-flex-container has-pattern-background has-mask-background hundred-percent-fullwidth non-hundred-percent-height-scrolling\" style=\"--awb-border-radius-top-left:0px;--awb-border-radius-top-right:0px;--awb-border-radius-bottom-right:0px;--awb-border-radius-bottom-left:0px;--awb-padding-right:60px;--awb-padding-left:60px;--awb-padding-right-medium:60px;--awb-padding-left-medium:60px;--awb-padding-right-small:30px;--awb-padding-left-small:30px;--awb-margin-top:30px;--awb-margin-top-small:0px;--awb-flex-wrap:wrap;\" ><div class=\"fusion-builder-row fusion-row fusion-flex-align-items-flex-start fusion-flex-justify-content-center fusion-flex-content-wrap\" style=\"width:calc( 100% + 60px ) !important;max-width:calc( 100% + 60px ) !important;margin-left: calc(-60px \/ 2 );margin-right: calc(-60px \/ 2 );\"><div class=\"fusion-layout-column fusion_builder_column fusion-builder-column-3 fusion_builder_column_2_5 2_5 fusion-flex-column\" style=\"--awb-bg-blend:overlay;--awb-bg-size:cover;--awb-width-large:40%;--awb-margin-top-large:0px;--awb-spacing-right-large:30px;--awb-margin-bottom-large:20px;--awb-spacing-left-large:30px;--awb-width-medium:75%;--awb-order-medium:0;--awb-spacing-right-medium:30px;--awb-spacing-left-medium:30px;--awb-width-small:100%;--awb-order-small:0;--awb-spacing-right-small:30px;--awb-spacing-left-small:30px;\"><div class=\"fusion-column-wrapper fusion-flex-justify-content-flex-start fusion-content-layout-column\"><div class=\"fusion-builder-row fusion-builder-row-inner fusion-row fusion-flex-align-items-flex-start fusion-flex-justify-content-center fusion-flex-content-wrap\" style=\"--awb-flex-grow:0;--awb-flex-grow-medium:0;--awb-flex-grow-small:0;--awb-flex-shrink:0;--awb-flex-shrink-medium:0;--awb-flex-shrink-small:0;width:calc( 100% + 60px ) !important;max-width:calc( 100% + 60px ) !important;margin-left: calc(-60px \/ 2 );margin-right: calc(-60px \/ 2 );\"><div class=\"fusion-layout-column fusion_builder_column_inner fusion-builder-nested-column-0 fusion_builder_column_inner_1_2 1_2 fusion-flex-column fusion-flex-align-self-center\" style=\"--awb-bg-size:cover;--awb-width-large:50%;--awb-margin-top-large:0px;--awb-spacing-right-large:30px;--awb-margin-bottom-large:0px;--awb-spacing-left-large:30px;--awb-width-medium:50%;--awb-order-medium:0;--awb-spacing-right-medium:30px;--awb-spacing-left-medium:30px;--awb-width-small:100%;--awb-order-small:1;--awb-spacing-right-small:30px;--awb-margin-bottom-small:20px;--awb-spacing-left-small:30px;\"><div class=\"fusion-column-wrapper fusion-column-has-shadow fusion-flex-justify-content-center fusion-content-layout-column\"><div class=\"fusion-text fusion-text-3 fusion-text-no-margin\" style=\"--awb-font-size:var(--awb-typography5-font-size);--awb-line-height:var(--awb-typography5-line-height);--awb-letter-spacing:var(--awb-typography5-letter-spacing);--awb-text-transform:var(--awb-typography5-text-transform);--awb-text-color:var(--awb-custom11);--awb-margin-top:0px;--awb-margin-right:0px;--awb-margin-bottom:0px;--awb-margin-left:0px;--awb-text-font-family:var(--awb-typography5-font-family);--awb-text-font-weight:var(--awb-typography5-font-weight);--awb-text-font-style:var(--awb-typography5-font-style);\"><p>28 Aprile 2025<\/p>\n<\/div><\/div><\/div><div class=\"fusion-layout-column fusion_builder_column_inner fusion-builder-nested-column-1 fusion_builder_column_inner_1_2 1_2 fusion-flex-column fusion-flex-align-self-center\" style=\"--awb-bg-size:cover;--awb-width-large:50%;--awb-margin-top-large:0px;--awb-spacing-right-large:30px;--awb-margin-bottom-large:0px;--awb-spacing-left-large:30px;--awb-width-medium:50%;--awb-order-medium:0;--awb-spacing-right-medium:30px;--awb-spacing-left-medium:30px;--awb-width-small:100%;--awb-order-small:0;--awb-margin-top-small:0px;--awb-spacing-right-small:30px;--awb-spacing-left-small:30px;\"><div class=\"fusion-column-wrapper fusion-column-has-shadow fusion-flex-justify-content-center fusion-content-layout-column\"><div class=\"fusion-sharing-box fusion-sharing-box-1 boxed-icons\" style=\"background-color:var(--awb-color1);border-color:var(--awb-color1);--awb-margin-top:0px;--awb-margin-right:0px;--awb-margin-bottom:0px;--awb-margin-left:0px;--awb-wrapper-padding-top:0px;--awb-wrapper-padding-right:0px;--awb-wrapper-padding-bottom:0px;--awb-wrapper-padding-left:0px;--awb-padding-top:0px;--awb-padding-right:0px;--awb-padding-bottom:0px;--awb-padding-left:0px;--awb-border-top:0px;--awb-border-right:0px;--awb-border-bottom:0px;--awb-border-left:0px;--awb-icon-size:12px;--awb-separator-border-color:#cccccc;--awb-separator-border-sizes:0px;--awb-stacked-align:flex-end;--awb-layout:row;--awb-alignment-small:flex-end;--awb-stacked-align-small:center;\" data-title=\"Fr. Jeremia Martin Nominato Priore di M\u00fcnsterschwarzach\" data-description=\"Il tuo contenuto va qui       \r\n\r\nUna transizione significativa ha avuto luogo all&#039;Abbazia di Santa Felicitas a M\u00fcnsterschwarzach. Il Luned\u00ec dell&#039;Angelo, 21 aprile, la comunit\u00e0 monastica ha salutato il Priore Pascal Herold in occasione del suo ritiro dopo 12 anni di servizio dedicato.\" data-link=\"https:\/\/osb.org\/it\/2025\/04\/28\/fr-jeremia-martin-nominato-priore-di-munsterschwarzach\/\"><div class=\"fusion-social-networks sharingbox-shortcode-icon-wrapper sharingbox-shortcode-icon-wrapper-1 boxed-icons\"><span><a href=\"https:\/\/www.facebook.com\/sharer.php?u=https%3A%2F%2Fosb.org%2Fit%2F2025%2F04%2F28%2Ffr-jeremia-martin-nominato-priore-di-munsterschwarzach%2F&amp;t=Fr.%20Jeremia%20Martin%20Nominato%20Priore%20di%20M%C3%BCnsterschwarzach\" target=\"_blank\" rel=\"noreferrer\" title=\"Facebook\" aria-label=\"Facebook\"><i class=\"fusion-social-network-icon fusion-tooltip fusion-facebook awb-icon-facebook\" style=\"color:var(--awb-custom11);background-color:#e8e8e8;border-color:#e8e8e8;border-radius:50%;\" aria-hidden=\"true\"><\/i><\/a><\/span><span><a href=\"https:\/\/x.com\/intent\/post?text=Fr.%20Jeremia%20Martin%20Nominato%20Priore%20di%20M%C3%BCnsterschwarzach&amp;url=https%3A%2F%2Fosb.org%2Fit%2F2025%2F04%2F28%2Ffr-jeremia-martin-nominato-priore-di-munsterschwarzach%2F\" target=\"_blank\" rel=\"noopener noreferrer\" title=\"X\" aria-label=\"X\"><i class=\"fusion-social-network-icon fusion-tooltip fusion-twitter awb-icon-twitter\" style=\"color:var(--awb-custom11);background-color:#e8e8e8;border-color:#e8e8e8;border-radius:50%;\" aria-hidden=\"true\"><\/i><\/a><\/span><span><a href=\"https:\/\/api.whatsapp.com\/send?text=https%3A%2F%2Fosb.org%2Fit%2F2025%2F04%2F28%2Ffr-jeremia-martin-nominato-priore-di-munsterschwarzach%2F\" target=\"_blank\" rel=\"noopener noreferrer\" title=\"WhatsApp\" aria-label=\"WhatsApp\"><i class=\"fusion-social-network-icon fusion-tooltip fusion-whatsapp awb-icon-whatsapp\" style=\"color:var(--awb-custom11);background-color:#e8e8e8;border-color:#e8e8e8;border-radius:50%;\" aria-hidden=\"true\"><\/i><\/a><\/span><span><a href=\"mailto:?subject=Fr.%20Jeremia%20Martin%20Nominato%20Priore%20di%20M%C3%BCnsterschwarzach&amp;body=https%3A%2F%2Fosb.org%2Fit%2F2025%2F04%2F28%2Ffr-jeremia-martin-nominato-priore-di-munsterschwarzach%2F\" target=\"_self\" title=\"Email\" aria-label=\"Email\"><i class=\"fusion-social-network-icon fusion-tooltip fusion-mail awb-icon-mail\" style=\"color:var(--awb-custom11);background-color:#e8e8e8;border-color:#e8e8e8;border-radius:50%;\" aria-hidden=\"true\"><\/i><\/a><\/span><\/div><\/div><\/div><\/div><\/div><div class=\"fusion-text fusion-text-4\"><p>Una transizione significativa ha avuto luogo all'Abbazia di Santa Felicitas a M\u00fcnsterschwarzach. Il Luned\u00ec dell'Angelo, 21 aprile, la comunit\u00e0 monastica ha salutato il Priore Pascal Herold in occasione del suo ritiro dopo 12 anni di servizio dedicato. Durante una piccola cerimonia, i suoi confratelli hanno espresso la loro gratitudine, ricordandolo come fedele, coscienzioso, sempre al servizio dell'abate, dotato di un grande senso dell'umorismo e un priore che ha dato priorit\u00e0 alla comunit\u00e0 (\u201cnoi\u201d) rispetto a se stesso (\u201cio\u201d). \u00c8 stato anche riconosciuto come un buon ascoltatore, disponibile, modesto, premuroso e attento agli anziani e ai malati. L'Abate Michael Reepen ha ringraziato in particolare il Priore Pascal per il suo incrollabile supporto e per aver sempre messo al primo posto l'intera comunit\u00e0, notando la piacevole e senza problemi collaborazione tra lui e il sottopriore.    <\/p>\n<p>In seguito al ritiro del Priore Pascal, l'Abate Michael ha nominato Fr. Jeremia Martin Schwachh\u00f6fer nuovo priore dell'Abbazia di Santa Felicitas. Nato a Francoforte nel 1968 e cresciuto a Heusenstamm, Assia, Fr. Jeremia apporta un'esperienza diversificata al suo nuovo ruolo. Ha studiato matematica all'Universit\u00e0 Tecnica di Darmstadt, conseguendo un dottorato in scienze naturali prima di lavorare come assistente di ricerca presso la stessa istituzione. Fr. Jeremia \u00e8 entrato in monastero nel 1997, ha fatto la sua professione temporanea nel 2000 e successivamente ha studiato teologia dal 1999 al 2003, perseguendo contemporaneamente studi per diventare insegnante di scuola secondaria fino al 2004. Prima della sua nomina, ha ricoperto il ruolo di vicedirettore del ginnasio associato all'abbazia ed \u00e8 conosciuto come un insegnante appassionato.       <\/p>\n<p>Il processo di selezione di un nuovo priore ha coinvolto la consultazione della comunit\u00e0, dove ogni monaco con professione perpetua poteva suggerire un nome, e anche i monaci pi\u00f9 giovani, i novizi e coloro con voti temporanei erano autorizzati a fare proposte. L'Abate Michael ha esaminato questi suggerimenti, ha considerato chi riteneva idoneo e ha chiesto il parere del Seniorato prima di prendere la sua decisione finale. Sebbene la Regola di San Benedetto permetta all'abate di nominare il priore da solo, \u00e8 considerato pi\u00f9 prudente avere il supporto del Seniorato e della comunit\u00e0 pi\u00f9 ampia. Fr. Jeremia stesso \u00e8 rimasto molto sorpreso dalla nomina e ha riconosciuto le sfide del passaggio dal suo ruolo di vicedirettore. Manterr\u00e0 questo ruolo ma dovr\u00e0 delegare alcune responsabilit\u00e0. I pochi mesi che hanno preceduto la nomina formale sono stati un importante periodo di transizione. Sia il Priore Pascal che Fr. Jeremia condividono una simile comprensione fondamentale dell'essere presenti e accessibili all'interno della comunit\u00e0. Il Priore Pascal ritiene che Fr. Jeremia, rappresentando una generazione pi\u00f9 giovane, porti nuovo potenziale e una prospettiva fresca al ruolo. Fr. Jeremia ha osservato che non \u00e8 una persona incline a fare rapidi cambiamenti, ma riconosce che il suo approccio diverso porter\u00e0 naturalmente a qualche cambiamento.            <\/p>\n<p>Scopri di pi\u00f9 su questa transizione in un'intervista con il Priore Pascal e il neo-nominato Priore Jeremia Martin (in tedesco) cliccando sul link qui sotto.<\/p>\n<\/div><div ><a class=\"fusion-button button-flat fusion-button-default-size button-custom fusion-button-default button-1 fusion-button-span-yes fusion-button-default-type\" style=\"--awb-margin-top:10px;--button_accent_color:#ffffff;--button_accent_hover_color:#ffffff;--button_border_hover_color:#ffffff;--button_gradient_top_color:#1f7aa7;--button_gradient_bottom_color:#1f7aa7;--button_gradient_top_color_hover:#72cee0;--button_gradient_bottom_color_hover:#72cee0;\" target=\"_self\" href=\"https:\/\/www.abtei-muensterschwarzach.de\/aktuelles\/nachrichten\/abtei\/priorenwechsel-in-der-abtei-muensterschwarzach\"><span class=\"fusion-button-text awb-button__text awb-button__text--default\">Intervista sul sito web dell'Abbazia di M\u00fcnsterschwarzach |DE|<\/span><\/a><\/div><\/div><\/div><\/div><\/div><\/p>\n","protected":false},"excerpt":{"rendered":"<p>Un nuovo capitolo si apre all&#8217;Abbazia di M\u00fcnsterschwarzach. Il Priore Pascal si \u00e8 ritirato dopo 12 anni e Fr. Jeremia Martin \u00e8 stato nominato nuovo priore. Include un link a un&#8217;intervista tra i due sul sito web dell&#8217;Abbazia di M\u00fcnsterschwarzach.   <\/p>\n","protected":false},"author":1,"featured_media":13876,"comment_status":"closed","ping_status":"closed","sticky":false,"template":"","format":"standard","meta":{"footnotes":""},"categories":[180,189],"tags":[221,216],"class_list":["post-13875","post","type-post","status-publish","format-standard","has-post-thumbnail","hentry","category-nexus-it","category-notizie-it","tag-nexus-giugno-2025-it","tag-nexus-transizioni-di-leadership-it"],"cc_featured_image_caption":{"caption_text":false,"source_text":false,"source_url":false},"_links":{"self":[{"href":"https:\/\/osb.org\/it\/wp-json\/wp\/v2\/posts\/13875","targetHints":{"allow":["GET"]}}],"collection":[{"href":"https:\/\/osb.org\/it\/wp-json\/wp\/v2\/posts"}],"about":[{"href":"https:\/\/osb.org\/it\/wp-json\/wp\/v2\/types\/post"}],"author":[{"embeddable":true,"href":"https:\/\/osb.org\/it\/wp-json\/wp\/v2\/users\/1"}],"replies":[{"embeddable":true,"href":"https:\/\/osb.org\/it\/wp-json\/wp\/v2\/comments?post=13875"}],"version-history":[{"count":0,"href":"https:\/\/osb.org\/it\/wp-json\/wp\/v2\/posts\/13875\/revisions"}],"wp:featuredmedia":[{"embeddable":true,"href":"https:\/\/osb.org\/it\/wp-json\/wp\/v2\/media\/13876"}],"wp:attachment":[{"href":"https:\/\/osb.org\/it\/wp-json\/wp\/v2\/media?parent=13875"}],"wp:term":[{"taxonomy":"category","embeddable":true,"href":"https:\/\/osb.org\/it\/wp-json\/wp\/v2\/categories?post=13875"},{"taxonomy":"post_tag","embeddable":true,"href":"https:\/\/osb.org\/it\/wp-json\/wp\/v2\/tags?post=13875"}],"curies":[{"name":"wp","href":"https:\/\/api.w.org\/{rel}","templated":true}]}}