{"id":12979,"date":"2025-07-11T12:15:27","date_gmt":"2025-07-11T10:15:27","guid":{"rendered":"https:\/\/osb.org\/2025\/07\/11\/appunti-dallaventino-giugno-luglio\/"},"modified":"2025-09-08T11:39:47","modified_gmt":"2025-09-08T09:39:47","slug":"appunti-dallaventino-giugno-luglio","status":"publish","type":"post","link":"https:\/\/osb.org\/it\/2025\/07\/11\/appunti-dallaventino-giugno-luglio\/","title":{"rendered":"Appunti dall&#8217;Aventino | Giugno-Luglio"},"content":{"rendered":"<p><div class=\"fusion-fullwidth fullwidth-box fusion-builder-row-1 fusion-flex-container has-pattern-background has-mask-background hundred-percent-fullwidth non-hundred-percent-height-scrolling\" style=\"--awb-border-sizes-bottom:1px;--awb-border-color:var(--awb-custom11);--awb-border-radius-top-left:0px;--awb-border-radius-top-right:0px;--awb-border-radius-bottom-right:0px;--awb-border-radius-bottom-left:0px;--awb-padding-right:60px;--awb-padding-bottom:20px;--awb-padding-left:60px;--awb-padding-right-small:30px;--awb-padding-left-small:30px;--awb-margin-top-medium:1px;--awb-margin-top-small:0px;--awb-flex-wrap:wrap;\" ><div class=\"fusion-builder-row fusion-row fusion-flex-align-items-center fusion-flex-justify-content-flex-end fusion-flex-content-wrap\" style=\"width:calc( 100% + 60px ) !important;max-width:calc( 100% + 60px ) !important;margin-left: calc(-60px \/ 2 );margin-right: calc(-60px \/ 2 );\"><div class=\"fusion-layout-column fusion_builder_column fusion-builder-column-0 fusion_builder_column_1_2 1_2 fusion-flex-column\" style=\"--awb-padding-right:60px;--awb-padding-left:60px;--awb-padding-right-small:0px;--awb-padding-left-small:0px;--awb-bg-size:cover;--awb-width-large:50%;--awb-margin-top-large:0px;--awb-spacing-right-large:30px;--awb-margin-bottom-large:20px;--awb-spacing-left-large:30px;--awb-width-medium:100%;--awb-order-medium:0;--awb-margin-top-medium:20px;--awb-spacing-right-medium:30px;--awb-margin-bottom-medium:0px;--awb-spacing-left-medium:30px;--awb-width-small:100%;--awb-order-small:0;--awb-spacing-right-small:30px;--awb-spacing-left-small:30px;\"><div class=\"fusion-column-wrapper fusion-column-has-shadow fusion-flex-justify-content-flex-start fusion-content-layout-column\"><div class=\"fusion-title title fusion-title-1 fusion-sep-none fusion-title-text fusion-title-size-one\" style=\"--awb-text-color:var(--awb-custom13);--awb-margin-top-small:0px;--awb-margin-right-small:0px;--awb-margin-bottom-small:20px;--awb-margin-left-small:0px;--awb-font-size:40px;\"><h1 class=\"fusion-title-heading title-heading-left md-text-align-center fusion-responsive-typography-calculated\" style=\"font-family:var(--awb-typography1-font-family);font-weight:var(--awb-typography1-font-weight);font-style:var(--awb-typography1-font-style);margin:0;letter-spacing:var(--awb-typography1-letter-spacing);text-transform:var(--awb-typography1-text-transform);font-size:1em;--fontSize:40;line-height:var(--awb-typography1-line-height);\">Appunti dall&#8217;Aventino | Giugno-Luglio<\/h1><\/div><div class=\"fusion-text fusion-text-1 fusion-no-small-visibility fusion-no-medium-visibility\" style=\"--awb-font-size:var(--awb-typography3-font-size);--awb-line-height:var(--awb-typography3-line-height);--awb-letter-spacing:var(--awb-typography3-letter-spacing);--awb-text-transform:var(--awb-typography3-text-transform);--awb-text-color:var(--awb-custom12);--awb-text-font-family:var(--awb-typography3-font-family);--awb-text-font-weight:var(--awb-typography3-font-weight);--awb-text-font-style:var(--awb-typography3-font-style);\"><p>In questa edizione di NEXUS dedicata a San Benedetto, l'Abate Primate riflette sui recenti viaggi, sulle visite ai monasteri e sull'ampio fascino della medaglia di San Benedetto. Condivide notizie sulla vitalit\u00e0 della comunit\u00e0, uno stemma personale e incoraggia il riposo con l'arrivo dell'estate nell'emisfero settentrionale. <\/p>\n<\/div><\/div><\/div><div class=\"fusion-layout-column fusion_builder_column fusion-builder-column-1 fusion_builder_column_1_2 1_2 fusion-flex-column\" style=\"--awb-bg-size:cover;--awb-width-large:50%;--awb-margin-top-large:0px;--awb-spacing-right-large:30px;--awb-margin-bottom-large:0px;--awb-spacing-left-large:30px;--awb-width-medium:100%;--awb-order-medium:0;--awb-spacing-right-medium:30px;--awb-spacing-left-medium:30px;--awb-width-small:100%;--awb-order-small:0;--awb-spacing-right-small:30px;--awb-spacing-left-small:30px;\"><div class=\"fusion-column-wrapper fusion-column-has-shadow fusion-flex-justify-content-flex-start fusion-content-layout-column\"><div class=\"fusion-image-element \" style=\"--awb-caption-title-font-family:var(--h2_typography-font-family);--awb-caption-title-font-weight:var(--h2_typography-font-weight);--awb-caption-title-font-style:var(--h2_typography-font-style);--awb-caption-title-size:var(--h2_typography-font-size);--awb-caption-title-transform:var(--h2_typography-text-transform);--awb-caption-title-line-height:var(--h2_typography-line-height);--awb-caption-title-letter-spacing:var(--h2_typography-letter-spacing);\"><span class=\" fusion-imageframe imageframe-none imageframe-1 hover-type-none\" style=\"border:1px solid var(--awb-custom10);\"><a href=\"https:\/\/osb.org\/wp-content\/uploads\/2025\/07\/Jeremias_stemma_1.jpg\" class=\"fusion-lightbox\" data-rel=\"iLightbox[84c7ff48da0e96bcebb]\" data-title=\"Jeremias_stemma_1\" title=\"Jeremias_stemma_1\"><img decoding=\"async\" width=\"1920\" height=\"1080\" src=\"https:\/\/osb.org\/wp-content\/uploads\/2025\/07\/Jeremias_stemma_1.jpg\" data-orig-src=\"https:\/\/osb.org\/wp-content\/uploads\/2025\/07\/Jeremias_stemma_1.jpg\" alt class=\"lazyload img-responsive wp-image-12980\" srcset=\"data:image\/svg+xml,%3Csvg%20xmlns%3D%27http%3A%2F%2Fwww.w3.org%2F2000%2Fsvg%27%20width%3D%271920%27%20height%3D%271080%27%20viewBox%3D%270%200%201920%201080%27%3E%3Crect%20width%3D%271920%27%20height%3D%271080%27%20fill-opacity%3D%220%22%2F%3E%3C%2Fsvg%3E\" data-srcset=\"https:\/\/osb.org\/wp-content\/uploads\/2025\/07\/Jeremias_stemma_1-200x113.jpg 200w, https:\/\/osb.org\/wp-content\/uploads\/2025\/07\/Jeremias_stemma_1-400x225.jpg 400w, https:\/\/osb.org\/wp-content\/uploads\/2025\/07\/Jeremias_stemma_1-600x338.jpg 600w, https:\/\/osb.org\/wp-content\/uploads\/2025\/07\/Jeremias_stemma_1-800x450.jpg 800w, https:\/\/osb.org\/wp-content\/uploads\/2025\/07\/Jeremias_stemma_1-1200x675.jpg 1200w, https:\/\/osb.org\/wp-content\/uploads\/2025\/07\/Jeremias_stemma_1.jpg 1920w\" data-sizes=\"auto\" data-orig-sizes=\"(max-width: 1024px) 100vw, (max-width: 640px) 100vw, 600px\" \/><\/a><\/span><\/div><div class=\"fusion-text fusion-text-2 fusion-text-no-margin\" style=\"--awb-font-size:var(--awb-typography5-font-size);--awb-line-height:var(--awb-typography5-line-height);--awb-letter-spacing:var(--awb-typography5-letter-spacing);--awb-text-transform:var(--awb-typography5-text-transform);--awb-text-color:var(--awb-custom11);--awb-margin-top:12px;--awb-margin-bottom:12px;--awb-text-font-family:var(--awb-typography5-font-family);--awb-text-font-weight:var(--awb-typography5-font-weight);--awb-text-font-style:var(--awb-typography5-font-style);\"><\/div><\/div><\/div><div class=\"fusion-layout-column fusion_builder_column fusion-builder-column-2 fusion_builder_column_1_2 1_2 fusion-flex-column\" style=\"--awb-bg-size:cover;--awb-width-large:50%;--awb-margin-top-large:0px;--awb-spacing-right-large:30px;--awb-margin-bottom-large:0px;--awb-spacing-left-large:30px;--awb-width-medium:100%;--awb-order-medium:0;--awb-spacing-right-medium:30px;--awb-spacing-left-medium:30px;--awb-width-small:100%;--awb-order-small:0;--awb-spacing-right-small:30px;--awb-spacing-left-small:30px;\"><div class=\"fusion-column-wrapper fusion-column-has-shadow fusion-flex-justify-content-flex-start fusion-content-layout-column\"><div class=\"fusion-separator fusion-full-width-sep\" style=\"align-self: center;margin-left: auto;margin-right: auto;width:100%;\"><div class=\"fusion-separator-border sep-single sep-solid\" style=\"--awb-height:20px;--awb-amount:20px;--awb-sep-color:var(--awb-color4);border-color:var(--awb-color4);border-top-width:3px;\"><\/div><\/div><\/div><\/div><\/div><\/div><div class=\"fusion-fullwidth fullwidth-box fusion-builder-row-2 fusion-flex-container has-pattern-background has-mask-background hundred-percent-fullwidth non-hundred-percent-height-scrolling\" style=\"--awb-border-radius-top-left:0px;--awb-border-radius-top-right:0px;--awb-border-radius-bottom-right:0px;--awb-border-radius-bottom-left:0px;--awb-padding-right:60px;--awb-padding-left:60px;--awb-padding-right-medium:60px;--awb-padding-left-medium:60px;--awb-padding-right-small:30px;--awb-padding-left-small:30px;--awb-margin-top:30px;--awb-margin-top-small:0px;--awb-flex-wrap:wrap;\" ><div class=\"fusion-builder-row fusion-row fusion-flex-align-items-flex-start fusion-flex-justify-content-center fusion-flex-content-wrap\" style=\"width:calc( 100% + 60px ) !important;max-width:calc( 100% + 60px ) !important;margin-left: calc(-60px \/ 2 );margin-right: calc(-60px \/ 2 );\"><div class=\"fusion-layout-column fusion_builder_column fusion-builder-column-3 fusion_builder_column_2_5 2_5 fusion-flex-column\" style=\"--awb-bg-blend:overlay;--awb-bg-size:cover;--awb-width-large:40%;--awb-margin-top-large:0px;--awb-spacing-right-large:30px;--awb-margin-bottom-large:20px;--awb-spacing-left-large:30px;--awb-width-medium:75%;--awb-order-medium:0;--awb-spacing-right-medium:30px;--awb-spacing-left-medium:30px;--awb-width-small:100%;--awb-order-small:0;--awb-spacing-right-small:30px;--awb-spacing-left-small:30px;\"><div class=\"fusion-column-wrapper fusion-flex-justify-content-flex-start fusion-content-layout-column\"><div class=\"fusion-builder-row fusion-builder-row-inner fusion-row fusion-flex-align-items-flex-start fusion-flex-justify-content-center fusion-flex-content-wrap\" style=\"--awb-flex-grow:0;--awb-flex-grow-medium:0;--awb-flex-grow-small:0;--awb-flex-shrink:0;--awb-flex-shrink-medium:0;--awb-flex-shrink-small:0;width:calc( 100% + 60px ) !important;max-width:calc( 100% + 60px ) !important;margin-left: calc(-60px \/ 2 );margin-right: calc(-60px \/ 2 );\"><div class=\"fusion-layout-column fusion_builder_column_inner fusion-builder-nested-column-0 fusion_builder_column_inner_1_2 1_2 fusion-flex-column fusion-flex-align-self-center\" style=\"--awb-bg-size:cover;--awb-width-large:50%;--awb-margin-top-large:0px;--awb-spacing-right-large:30px;--awb-margin-bottom-large:0px;--awb-spacing-left-large:30px;--awb-width-medium:50%;--awb-order-medium:0;--awb-spacing-right-medium:30px;--awb-spacing-left-medium:30px;--awb-width-small:100%;--awb-order-small:1;--awb-spacing-right-small:30px;--awb-margin-bottom-small:20px;--awb-spacing-left-small:30px;\"><div class=\"fusion-column-wrapper fusion-column-has-shadow fusion-flex-justify-content-center fusion-content-layout-column\"><div class=\"fusion-text fusion-text-3 fusion-text-no-margin\" style=\"--awb-font-size:var(--awb-typography5-font-size);--awb-line-height:var(--awb-typography5-line-height);--awb-letter-spacing:var(--awb-typography5-letter-spacing);--awb-text-transform:var(--awb-typography5-text-transform);--awb-text-color:var(--awb-custom11);--awb-margin-top:0px;--awb-margin-right:0px;--awb-margin-bottom:0px;--awb-margin-left:0px;--awb-text-font-family:var(--awb-typography5-font-family);--awb-text-font-weight:var(--awb-typography5-font-weight);--awb-text-font-style:var(--awb-typography5-font-style);\"><p>11 Luglio 2025<\/p>\n<\/div><\/div><\/div><div class=\"fusion-layout-column fusion_builder_column_inner fusion-builder-nested-column-1 fusion_builder_column_inner_1_2 1_2 fusion-flex-column fusion-flex-align-self-center\" style=\"--awb-bg-size:cover;--awb-width-large:50%;--awb-margin-top-large:0px;--awb-spacing-right-large:30px;--awb-margin-bottom-large:0px;--awb-spacing-left-large:30px;--awb-width-medium:50%;--awb-order-medium:0;--awb-spacing-right-medium:30px;--awb-spacing-left-medium:30px;--awb-width-small:100%;--awb-order-small:0;--awb-margin-top-small:0px;--awb-spacing-right-small:30px;--awb-spacing-left-small:30px;\"><div class=\"fusion-column-wrapper fusion-column-has-shadow fusion-flex-justify-content-center fusion-content-layout-column\"><div class=\"fusion-sharing-box fusion-sharing-box-1 boxed-icons\" style=\"background-color:var(--awb-color1);border-color:var(--awb-color1);--awb-margin-top:0px;--awb-margin-right:0px;--awb-margin-bottom:0px;--awb-margin-left:0px;--awb-wrapper-padding-top:0px;--awb-wrapper-padding-right:0px;--awb-wrapper-padding-bottom:0px;--awb-wrapper-padding-left:0px;--awb-padding-top:0px;--awb-padding-right:0px;--awb-padding-bottom:0px;--awb-padding-left:0px;--awb-border-top:0px;--awb-border-right:0px;--awb-border-bottom:0px;--awb-border-left:0px;--awb-icon-size:12px;--awb-separator-border-color:#cccccc;--awb-separator-border-sizes:0px;--awb-stacked-align:flex-end;--awb-layout:row;--awb-alignment-small:flex-end;--awb-stacked-align-small:center;\" data-title=\"Appunti dall&#8217;Aventino | Giugno-Luglio\" data-description=\"Il tuo contenuto va qui       \r\n\r\nQuesta edizione di NEXUS dovrebbe raggiungervi l\u201911 luglio, giorno in cui celebriamo san Benedetto. Tra noi benedettini, questa giornata viene commemorata in modi diversi: semplicemente come festa del Nostro Santo Padre, oppure come anniversario della traslazione delle\" data-link=\"https:\/\/osb.org\/it\/2025\/07\/11\/appunti-dallaventino-giugno-luglio\/\"><div class=\"fusion-social-networks sharingbox-shortcode-icon-wrapper sharingbox-shortcode-icon-wrapper-1 boxed-icons\"><span><a href=\"https:\/\/www.facebook.com\/sharer.php?u=https%3A%2F%2Fosb.org%2Fit%2F2025%2F07%2F11%2Fappunti-dallaventino-giugno-luglio%2F&amp;t=Appunti%20dall%26%238217%3BAventino%20%7C%20Giugno-Luglio\" target=\"_blank\" rel=\"noreferrer\" title=\"Facebook\" aria-label=\"Facebook\"><i class=\"fusion-social-network-icon fusion-tooltip fusion-facebook awb-icon-facebook\" style=\"color:var(--awb-custom11);background-color:#e8e8e8;border-color:#e8e8e8;border-radius:50%;\" aria-hidden=\"true\"><\/i><\/a><\/span><span><a href=\"https:\/\/x.com\/intent\/post?text=Appunti%20dall%E2%80%99Aventino%20%7C%20Giugno-Luglio&amp;url=https%3A%2F%2Fosb.org%2Fit%2F2025%2F07%2F11%2Fappunti-dallaventino-giugno-luglio%2F\" target=\"_blank\" rel=\"noopener noreferrer\" title=\"X\" aria-label=\"X\"><i class=\"fusion-social-network-icon fusion-tooltip fusion-twitter awb-icon-twitter\" style=\"color:var(--awb-custom11);background-color:#e8e8e8;border-color:#e8e8e8;border-radius:50%;\" aria-hidden=\"true\"><\/i><\/a><\/span><span><a href=\"https:\/\/api.whatsapp.com\/send?text=https%3A%2F%2Fosb.org%2Fit%2F2025%2F07%2F11%2Fappunti-dallaventino-giugno-luglio%2F\" target=\"_blank\" rel=\"noopener noreferrer\" title=\"WhatsApp\" aria-label=\"WhatsApp\"><i class=\"fusion-social-network-icon fusion-tooltip fusion-whatsapp awb-icon-whatsapp\" style=\"color:var(--awb-custom11);background-color:#e8e8e8;border-color:#e8e8e8;border-radius:50%;\" aria-hidden=\"true\"><\/i><\/a><\/span><span><a href=\"mailto:?subject=Appunti%20dall%26%238217%3BAventino%20%7C%20Giugno-Luglio&amp;body=https%3A%2F%2Fosb.org%2Fit%2F2025%2F07%2F11%2Fappunti-dallaventino-giugno-luglio%2F\" target=\"_self\" title=\"Email\" aria-label=\"Email\"><i class=\"fusion-social-network-icon fusion-tooltip fusion-mail awb-icon-mail\" style=\"color:var(--awb-custom11);background-color:#e8e8e8;border-color:#e8e8e8;border-radius:50%;\" aria-hidden=\"true\"><\/i><\/a><\/span><\/div><\/div><\/div><\/div><\/div><div class=\"fusion-text fusion-text-4\"><p>Questa edizione di NEXUS dovrebbe raggiungervi l\u201911 luglio, giorno in cui celebriamo san Benedetto. Tra noi benedettini, questa giornata viene commemorata in modi diversi: semplicemente come festa del Nostro Santo Padre, oppure come anniversario della traslazione delle sue reliquie da Montecassino a Fleury, o \u2013 qui in Europa \u2013 come sua festa in quanto patrono principale dell\u2019Europa. Passer\u00f2 questa giornata presso l\u2019Abbazia di Worth in Inghilterra, dove sono stato invitato per una grande festa della communit\u00e0 e anche come relatore principale per la \u201cBenedict Week\u201d, un\u2019iniziativa della Comunit\u00e0 Laica di san Benedetto, che promuove i valori e la spiritualit\u00e0 benedettina in Gran Bretagna.  <\/p>\n<p>Due giorni fa una giornalista di EWTN mi ha intervistato sulla medaglia di san Benedetto. Per molti di noi la medaglia non \u00e8 esattamente l\u2019elemento pi\u00f9 importante del nostro patrimonio, ma ha un\u2019ampia attrattiva e milioni di fedeli la indossano come segno di fede e di protezione divina. Il suggestivo disegno, creato per il giubileo del 1880, spiega in parte questa popolarit\u00e0. La sequenza \u201cmisteriosa\u201d di lettere \u2013 CSSMDNDSMDVRSSMQLIVB \u2013 contribuisce al fascino. \u00c8 un enigma che allude a qualcosa di pi\u00f9 grande. E una volta risolto l\u2019enigma, il testo arcaico \u2013 con draghi e veleno, niente di meno \u2013 evoca immagini ricche e ci riporta a un mondo di avventura, pericolo e salvezza. La preghiera colorita fu formulata nel tardo medioevo, forse nell\u2019abbazia di Metten, ma non ha un legame diretto con san Benedetto in persona. Ci\u00f2 non importa: una grande tradizione pu\u00f2 accogliere generosamente fili diversi. E per quanto riguarda le ricerche su Internet relative ai benedettini, la medaglia attira molti curiosi sui nostri siti web benedettini.        <\/p>\n<p>Qualche giorno fa sono tornato da un lungo viaggio attraverso Italia, Francia e Svizzera. Sotto il titolo \u201cTour de France\u201d, il segretario padre Patrick ed io abbiamo visitato 13 comunit\u00e0 e il luogo di nascita di sant\u2019Anselmo ad Aosta. L\u2019obiettivo principale era incontrare quei monasteri che dipendono direttamente dall\u2019abate primate. Ne ho gi\u00e0 visitati cinque; mi rimane solo lo Weston Priory negli Stati Uniti. Come tutti i miei predecessori, cerco di ridurne gradualmente il numero aiutando queste comunit\u00e0 ad aderire a congregazioni. Non si tratta solo di semplificare il mio lavoro. Credo sinceramente che in tempi difficili una Congregazione possa offrire un livello di supervisione, assistenza e solidariet\u00e0 che l\u2019abate primate da solo non pu\u00f2 garantire.      <\/p>\n<p>Un altro punto focale del mio viaggio sono stati i monasteri che hanno adottato l'uso antico per la loro liturgia, ovvero quella che Papa Benedetto XVI ha definito la forma straordinaria. Ci sono una decina di monasteri di questo tipo nella nostra Confederazione, la maggior parte dei quali in Francia. Si tratta di una parte del nostro mondo monastico con cui in precedenza non avevo alcun contatto. Poich\u00e9 \u00e8 dovere dell'abate primate rappresentare l'intero mondo benedettino, ho sentito il bisogno di familiarizzare con questa realt\u00e0. Non si trattava per\u00f2 di visite, ma semplicemente di visite fraterne e, purtroppo \u2013 come sempre \u2013 troppo brevi. Quattro cose mi hanno colpito: innanzitutto, l'ospitalit\u00e0 era calorosa e cordiale ovunque. In secondo luogo, la mia impressione \u00e8 stata di un'osservanza monastica molto seria in tutte queste case. In terzo luogo, e \u2013 contrariamente a quanto alcuni potrebbero sospettare \u2013 ho avuto la forte sensazione che queste case fossero in comunione con il successore di Pietro e anche con la nostra ampia e variegata famiglia benedettina. Infine, questi monasteri sembrano essere in una fase di stabilit\u00e0 o addirittura di crescita: c'erano novizi e juniores in tutte le case che abbiamo visitato, e ho sentito parlare di due nuove fondazioni in programma. Illuminante per me \u00e8 stata anche l'esperienza della diversit\u00e0: Fontgombault e le sue case figlie presentano elementi caratteristici della Congregazione di Solemes, qualcosa che potrei forse definire \"eleganza monastica\", mentre Le Barroux e La Garde mostrano alcuni dei tratti pi\u00f9 ruvidi tipici della tradizione Sublacense-Muard da cui provengono originariamente. Ho avuto modo di conoscere una parte vibrante del nostro mondo benedettino.          <\/p>\n<p>Concludo con una nota personale. Un nuovo stemma non era esattamente una priorit\u00e0 per me, ma dopo circa nove mesi ho finalmente commissionato un bozzetto, che trovate allegato a queste note. Sul lato sinistro \u2013 che, confusamente, gli esperti araldici chiamano destro \u2013 sono raffigurati gli elementi del vecchio stemma di Sant\u2019Anselmo, usati sin dall\u2019inizio della nostra casa sotto l\u2019abate primate Hildebrand de Hemptinne. Sono affiancati da una stella sopra onde. La stella deriva dal mio motto \u201cRespice Stellam\u201d, a sua volta tratto da una predica di san Bernardo sulla Madonna, Stella del Mare. Egli la descrive come rifugio, consolazione e aiuto quando si profilano grandi tribolazioni. Le onde argentate completano questo tema e ricordano anche la mia patria, Bad W\u00f6rishofen in Baviera, un luogo balneare rinomato per le sue acque rigeneranti.      <\/p>\n<p>Nell\u2019emisfero settentrionale \u00e8 ormai tempo di vacanze. Sant\u2019Anselmo si \u00e8 svuotato e un piccolo gruppo cerca di mantenere la casa operativa durante l\u2019estate. Non tutte le nostre comunit\u00e0 osservano le ferie, ma spero che tutti voi troviate qualche giorno o momento di svago e riposo, finch\u00e9 non vi scriver\u00f2 di nuovo questo autunno.  <\/p>\n<\/div><\/div><\/div><\/div><\/div><\/p>\n","protected":false},"excerpt":{"rendered":"<p>In questa edizione di NEXUS dedicata a San Benedetto, l&#8217;Abate Primate riflette sui recenti viaggi, sulle visite ai monasteri e sull&#8217;ampio fascino della medaglia di San Benedetto. Condivide notizie sulla vitalit\u00e0 della comunit\u00e0, uno stemma personale e incoraggia il riposo con l&#8217;arrivo dell&#8217;estate nell&#8217;emisfero settentrionale. <\/p>\n","protected":false},"author":1,"featured_media":12980,"comment_status":"closed","ping_status":"closed","sticky":false,"template":"","format":"standard","meta":{"footnotes":""},"categories":[180],"tags":[182,181],"class_list":["post-12979","post","type-post","status-publish","format-standard","has-post-thumbnail","hentry","category-nexus-it","tag-nexus-luglio-2025-it","tag-nexus-dal-abate-primate-it"],"cc_featured_image_caption":{"caption_text":false,"source_text":false,"source_url":false},"_links":{"self":[{"href":"https:\/\/osb.org\/it\/wp-json\/wp\/v2\/posts\/12979","targetHints":{"allow":["GET"]}}],"collection":[{"href":"https:\/\/osb.org\/it\/wp-json\/wp\/v2\/posts"}],"about":[{"href":"https:\/\/osb.org\/it\/wp-json\/wp\/v2\/types\/post"}],"author":[{"embeddable":true,"href":"https:\/\/osb.org\/it\/wp-json\/wp\/v2\/users\/1"}],"replies":[{"embeddable":true,"href":"https:\/\/osb.org\/it\/wp-json\/wp\/v2\/comments?post=12979"}],"version-history":[{"count":0,"href":"https:\/\/osb.org\/it\/wp-json\/wp\/v2\/posts\/12979\/revisions"}],"wp:featuredmedia":[{"embeddable":true,"href":"https:\/\/osb.org\/it\/wp-json\/wp\/v2\/media\/12980"}],"wp:attachment":[{"href":"https:\/\/osb.org\/it\/wp-json\/wp\/v2\/media?parent=12979"}],"wp:term":[{"taxonomy":"category","embeddable":true,"href":"https:\/\/osb.org\/it\/wp-json\/wp\/v2\/categories?post=12979"},{"taxonomy":"post_tag","embeddable":true,"href":"https:\/\/osb.org\/it\/wp-json\/wp\/v2\/tags?post=12979"}],"curies":[{"name":"wp","href":"https:\/\/api.w.org\/{rel}","templated":true}]}}