{"id":8312,"date":"2020-05-05T11:49:12","date_gmt":"2020-05-05T09:49:12","guid":{"rendered":"http:\/\/osb.org\/?p=8312"},"modified":"2020-05-05T11:57:49","modified_gmt":"2020-05-05T09:57:49","slug":"brother-gottfried-folting-osb","status":"publish","type":"post","link":"https:\/\/osb.org\/fr\/2020\/05\/05\/brother-gottfried-folting-osb\/","title":{"rendered":"Brother Gottfried F\u00f6lting OSB"},"content":{"rendered":"<p><div class=\"fusion-fullwidth fullwidth-box fusion-builder-row-1 fusion-flex-container nonhundred-percent-fullwidth non-hundred-percent-height-scrolling\" style=\"--awb-border-radius-top-left:0px;--awb-border-radius-top-right:0px;--awb-border-radius-bottom-right:0px;--awb-border-radius-bottom-left:0px;--awb-padding-right:10%;--awb-padding-left:10%;--awb-flex-wrap:wrap;\" ><div class=\"fusion-builder-row fusion-row fusion-flex-align-items-flex-start fusion-flex-content-wrap\" style=\"max-width:calc( 1100px + 0px );margin-left: calc(-0px \/ 2 );margin-right: calc(-0px \/ 2 );\"><div class=\"fusion-layout-column fusion_builder_column fusion-builder-column-0 fusion_builder_column_1_1 1_1 fusion-flex-column\" style=\"--awb-bg-size:cover;--awb-width-large:100%;--awb-margin-top-large:0px;--awb-spacing-right-large:0px;--awb-margin-bottom-large:20px;--awb-spacing-left-large:0px;--awb-width-medium:100%;--awb-spacing-right-medium:0px;--awb-spacing-left-medium:0px;--awb-width-small:100%;--awb-spacing-right-small:0px;--awb-spacing-left-small:0px;\"><div class=\"fusion-column-wrapper fusion-column-has-shadow fusion-flex-justify-content-flex-start fusion-content-layout-column\"><div class=\"fusion-text fusion-text-1\"><p><img decoding=\"async\" class=\"lazyload alignleft size-medium wp-image-8315\" src=\"https:\/\/osb.org\/wp-content\/uploads\/2020\/05\/IMG_5494sw-200x300.jpg\" data-orig-src=\"https:\/\/osb.org\/wp-content\/uploads\/2020\/05\/IMG_5494sw-200x300.jpg\" alt=\"\" width=\"200\" height=\"300\" srcset=\"data:image\/svg+xml,%3Csvg%20xmlns%3D%27http%3A%2F%2Fwww.w3.org%2F2000%2Fsvg%27%20width%3D%27200%27%20height%3D%27300%27%20viewBox%3D%270%200%20200%20300%27%3E%3Crect%20width%3D%27200%27%20height%3D%27300%27%20fill-opacity%3D%220%22%2F%3E%3C%2Fsvg%3E\" data-srcset=\"https:\/\/osb.org\/wp-content\/uploads\/2020\/05\/IMG_5494sw-200x301.jpg 200w, https:\/\/osb.org\/wp-content\/uploads\/2020\/05\/IMG_5494sw.jpg 399w\" data-sizes=\"auto\" data-orig-sizes=\"(max-width: 200px) 100vw, 200px\" \/>On the late Sunday evening of April 26, 2020 at 10:15 p.m., our brother Gottfried (Heinrich) F\u00f6lting OSB peacefully returned to his creator after a long illness at the St. Walburga Hospital in Meschede.<\/p>\n<p>Brother Gottfried was born on November 27, 1939 in L\u00fcnen, Diocese of M\u00fcnster, and made his profession on May 12, 1959 in K\u00f6nigsm\u00fcnster. For many years he served our community as a caretaker and car attendant. Not only did he open many doors as the person responsible for the locking system, he was also able to open the doors and hearts of people thanks to his friendly, attentive manner. His annual visits to Croatia are unforgettable. In recent years, his powers have been waning. We are all the more pleased that his strength allowed us to celebrate Easter with him one last time in the Abbey. Now he has entered the easter joy of what he has longed for a lifetime. May Br. Gottfried live in God&rsquo;s peace!<\/p>\n<p>Due to the corona epidemic, Br. Gottfried&rsquo;s burial can only take place in the small circle of the convent and the closest relatives.<\/p>\n<p style=\"text-align: right;\">\u00a0\u2014 Abbot Aloysius and monks of K\u00f6nigsm\u00fcnster<\/p>\n<\/div><\/div><\/div><\/div><\/div><div class=\"fusion-fullwidth fullwidth-box fusion-builder-row-2 fusion-flex-container nonhundred-percent-fullwidth non-hundred-percent-height-scrolling\" style=\"--awb-border-radius-top-left:0px;--awb-border-radius-top-right:0px;--awb-border-radius-bottom-right:0px;--awb-border-radius-bottom-left:0px;--awb-margin-top:15px;--awb-flex-wrap:wrap;\" ><div class=\"fusion-builder-row fusion-row fusion-flex-align-items-flex-start fusion-flex-content-wrap\" style=\"max-width:calc( 1100px + 0px );margin-left: calc(-0px \/ 2 );margin-right: calc(-0px \/ 2 );\"><div class=\"fusion-layout-column fusion_builder_column fusion-builder-column-1 fusion_builder_column_1_1 1_1 fusion-flex-column\" style=\"--awb-bg-size:cover;--awb-width-large:100%;--awb-margin-top-large:0px;--awb-spacing-right-large:0px;--awb-margin-bottom-large:20px;--awb-spacing-left-large:0px;--awb-width-medium:100%;--awb-spacing-right-medium:0px;--awb-spacing-left-medium:0px;--awb-width-small:100%;--awb-spacing-right-small:0px;--awb-spacing-left-small:0px;\"><div class=\"fusion-column-wrapper fusion-flex-justify-content-flex-start fusion-content-layout-column\"><div ><a class=\"fusion-button button-flat fusion-button-default-size button-custom fusion-button-default button-1 fusion-button-span-yes fusion-button-default-type\" style=\"--button_accent_color:#ffffff;--button_accent_hover_color:#ffffff;--button_border_hover_color:#ffffff;--button-border-radius-top-left:0;--button-border-radius-top-right:0;--button-border-radius-bottom-right:0;--button-border-radius-bottom-left:0;--button_gradient_top_color:#1f7aa7;--button_gradient_bottom_color:#1f7aa7;--button_gradient_top_color_hover:#72cee0;--button_gradient_bottom_color_hover:#72cee0;\" target=\"_self\" href=\"https:\/\/koenigsmuenster.de\/totenbrief-br-gottfried\/\"><span class=\"fusion-button-text awb-button__text awb-button__text--default\">K\u00f6nigsm\u00fcnster website full obituary |DE|<\/span><\/a><\/div><\/div><\/div><\/div><\/div><\/p>\n","protected":false},"excerpt":{"rendered":"<p>Abtei K\u00f6nigsm\u00fcnster<br \/>\nMeschede, GERMANY<br \/>\n26 April 2020<\/p>\n","protected":false},"author":1,"featured_media":8313,"comment_status":"closed","ping_status":"closed","sticky":false,"template":"","format":"standard","meta":{"footnotes":""},"categories":[85],"tags":[],"class_list":["post-8312","post","type-post","status-publish","format-standard","has-post-thumbnail","hentry","category-obituaries"],"cc_featured_image_caption":{"caption_text":"Meschede, Abtei K\u00f6nigsm\u00fcnster, Portal der Klosterkirche ","source_text":"By Mbdortmund - Own work, CC BY-SA 3.0 |link| ","source_url":"https:\/\/commons.wikimedia.org\/w\/index.php?curid=3547129"},"_links":{"self":[{"href":"https:\/\/osb.org\/fr\/wp-json\/wp\/v2\/posts\/8312","targetHints":{"allow":["GET"]}}],"collection":[{"href":"https:\/\/osb.org\/fr\/wp-json\/wp\/v2\/posts"}],"about":[{"href":"https:\/\/osb.org\/fr\/wp-json\/wp\/v2\/types\/post"}],"author":[{"embeddable":true,"href":"https:\/\/osb.org\/fr\/wp-json\/wp\/v2\/users\/1"}],"replies":[{"embeddable":true,"href":"https:\/\/osb.org\/fr\/wp-json\/wp\/v2\/comments?post=8312"}],"version-history":[{"count":0,"href":"https:\/\/osb.org\/fr\/wp-json\/wp\/v2\/posts\/8312\/revisions"}],"wp:featuredmedia":[{"embeddable":true,"href":"https:\/\/osb.org\/fr\/wp-json\/wp\/v2\/media\/8313"}],"wp:attachment":[{"href":"https:\/\/osb.org\/fr\/wp-json\/wp\/v2\/media?parent=8312"}],"wp:term":[{"taxonomy":"category","embeddable":true,"href":"https:\/\/osb.org\/fr\/wp-json\/wp\/v2\/categories?post=8312"},{"taxonomy":"post_tag","embeddable":true,"href":"https:\/\/osb.org\/fr\/wp-json\/wp\/v2\/tags?post=8312"}],"curies":[{"name":"wp","href":"https:\/\/api.w.org\/{rel}","templated":true}]}}