{"id":18276,"date":"2026-06-05T12:18:51","date_gmt":"2026-06-05T10:18:51","guid":{"rendered":"https:\/\/osb.org\/2026\/06\/05\/le-monastere-saint-maurice-de-bakonybel-eleve-au-rang-de-prieure-conventuel\/"},"modified":"2026-06-09T08:58:39","modified_gmt":"2026-06-09T06:58:39","slug":"le-monastere-saint-maurice-de-bakonybel-eleve-au-rang-de-prieure-conventuel","status":"publish","type":"post","link":"https:\/\/osb.org\/fr\/2026\/06\/05\/le-monastere-saint-maurice-de-bakonybel-eleve-au-rang-de-prieure-conventuel\/","title":{"rendered":"Le monast\u00e8re Saint-Maurice de Bakonyb\u00e9l \u00e9lev\u00e9 au rang de prieur\u00e9 conventuel"},"content":{"rendered":"<p><div class=\"fusion-fullwidth fullwidth-box fusion-builder-row-1 fusion-flex-container has-pattern-background has-mask-background hundred-percent-fullwidth non-hundred-percent-height-scrolling\" style=\"--awb-border-sizes-bottom:1px;--awb-border-color:var(--awb-custom11);--awb-border-radius-top-left:0px;--awb-border-radius-top-right:0px;--awb-border-radius-bottom-right:0px;--awb-border-radius-bottom-left:0px;--awb-padding-right:60px;--awb-padding-bottom:20px;--awb-padding-left:60px;--awb-padding-right-small:30px;--awb-padding-left-small:30px;--awb-margin-top-medium:1px;--awb-margin-top-small:0px;--awb-flex-wrap:wrap;\" ><div class=\"fusion-builder-row fusion-row fusion-flex-align-items-center fusion-flex-justify-content-flex-end fusion-flex-content-wrap\" style=\"width:calc( 100% + 60px ) !important;max-width:calc( 100% + 60px ) !important;margin-left: calc(-60px \/ 2 );margin-right: calc(-60px \/ 2 );\"><div class=\"fusion-layout-column fusion_builder_column fusion-builder-column-0 fusion_builder_column_1_2 1_2 fusion-flex-column\" style=\"--awb-padding-right:60px;--awb-padding-left:60px;--awb-padding-right-small:0px;--awb-padding-left-small:0px;--awb-bg-size:cover;--awb-width-large:50%;--awb-margin-top-large:0px;--awb-spacing-right-large:30px;--awb-margin-bottom-large:20px;--awb-spacing-left-large:30px;--awb-width-medium:100%;--awb-order-medium:0;--awb-margin-top-medium:20px;--awb-spacing-right-medium:30px;--awb-margin-bottom-medium:0px;--awb-spacing-left-medium:30px;--awb-width-small:100%;--awb-order-small:0;--awb-spacing-right-small:30px;--awb-spacing-left-small:30px;\"><div class=\"fusion-column-wrapper fusion-column-has-shadow fusion-flex-justify-content-flex-start fusion-content-layout-column\"><div class=\"fusion-title title fusion-title-1 fusion-sep-none fusion-title-text fusion-title-size-one\" style=\"--awb-text-color:var(--awb-custom13);--awb-margin-top-small:0px;--awb-margin-right-small:0px;--awb-margin-bottom-small:20px;--awb-margin-left-small:0px;--awb-font-size:40px;\"><h1 class=\"fusion-title-heading title-heading-left md-text-align-center fusion-responsive-typography-calculated\" style=\"font-family:var(--awb-typography1-font-family);font-weight:var(--awb-typography1-font-weight);font-style:var(--awb-typography1-font-style);margin:0;letter-spacing:var(--awb-typography1-letter-spacing);text-transform:var(--awb-typography1-text-transform);font-size:1em;--fontSize:40;line-height:var(--awb-typography1-line-height);\">Le monast\u00e8re Saint-Maurice de Bakonyb\u00e9l \u00e9lev\u00e9 au rang de prieur\u00e9 conventuel<\/h1><\/div><div class=\"fusion-text fusion-text-1 fusion-no-small-visibility fusion-no-medium-visibility\" style=\"--awb-font-size:var(--awb-typography3-font-size);--awb-line-height:var(--awb-typography3-line-height);--awb-letter-spacing:var(--awb-typography3-letter-spacing);--awb-text-transform:var(--awb-typography3-text-transform);--awb-text-color:var(--awb-custom12);--awb-text-font-family:var(--awb-typography3-font-family);--awb-text-font-weight:var(--awb-typography3-font-weight);--awb-text-font-style:var(--awb-typography3-font-style);\"><p>La Congr\u00e9gation b\u00e9n\u00e9dictine hongroise a \u00e9lev\u00e9 le monast\u00e8re Saint-Maurice de Bakonyb\u00e9l au rang de prieur\u00e9 conventuel ind\u00e9pendant. Le p\u00e8re Izs\u00e1k Zsolt Ba\u00e1n OSB en est le premier prieur. <\/p>\n<\/div><\/div><\/div><div class=\"fusion-layout-column fusion_builder_column fusion-builder-column-1 fusion_builder_column_1_2 1_2 fusion-flex-column\" style=\"--awb-bg-size:cover;--awb-width-large:50%;--awb-margin-top-large:0px;--awb-spacing-right-large:30px;--awb-margin-bottom-large:0px;--awb-spacing-left-large:30px;--awb-width-medium:100%;--awb-order-medium:0;--awb-spacing-right-medium:30px;--awb-spacing-left-medium:30px;--awb-width-small:100%;--awb-order-small:0;--awb-spacing-right-small:30px;--awb-spacing-left-small:30px;\"><div class=\"fusion-column-wrapper fusion-column-has-shadow fusion-flex-justify-content-flex-start fusion-content-layout-column\"><div class=\"fusion-image-element\" style=\"--awb-caption-title-font-family:var(--h2_typography-font-family);--awb-caption-title-font-weight:var(--h2_typography-font-weight);--awb-caption-title-font-style:var(--h2_typography-font-style);--awb-caption-title-size:var(--h2_typography-font-size);--awb-caption-title-transform:var(--h2_typography-text-transform);--awb-caption-title-line-height:var(--h2_typography-line-height);--awb-caption-title-letter-spacing:var(--h2_typography-letter-spacing);\"><span class=\" fusion-imageframe imageframe-none imageframe-1 hover-type-none\" style=\"border:1px solid var(--awb-custom10);\"><a href=\"https:\/\/osb.org\/wp-content\/uploads\/2026\/06\/Conventus_Bakonybel.jpg\" class=\"fusion-lightbox\" data-rel=\"iLightbox[ed501f6619cf35b15ef]\" data-title=\"Conventus_Bakonybe\u0301l\" title=\"Conventus_Bakonybe\u0301l\"><img decoding=\"async\" width=\"1920\" height=\"1080\" src=\"https:\/\/osb.org\/wp-content\/uploads\/2026\/06\/Conventus_Bakonybel.jpg\" data-orig-src=\"https:\/\/osb.org\/wp-content\/uploads\/2026\/06\/Conventus_Bakonybel.jpg\" alt class=\"lazyload img-responsive wp-image-18277\" srcset=\"data:image\/svg+xml,%3Csvg%20xmlns%3D%27http%3A%2F%2Fwww.w3.org%2F2000%2Fsvg%27%20width%3D%271920%27%20height%3D%271080%27%20viewBox%3D%270%200%201920%201080%27%3E%3Crect%20width%3D%271920%27%20height%3D%271080%27%20fill-opacity%3D%220%22%2F%3E%3C%2Fsvg%3E\" data-srcset=\"https:\/\/osb.org\/wp-content\/uploads\/2026\/06\/Conventus_Bakonybel-200x113.jpg 200w, https:\/\/osb.org\/wp-content\/uploads\/2026\/06\/Conventus_Bakonybel-400x225.jpg 400w, https:\/\/osb.org\/wp-content\/uploads\/2026\/06\/Conventus_Bakonybel-600x338.jpg 600w, https:\/\/osb.org\/wp-content\/uploads\/2026\/06\/Conventus_Bakonybel-800x450.jpg 800w, https:\/\/osb.org\/wp-content\/uploads\/2026\/06\/Conventus_Bakonybel-1200x675.jpg 1200w, https:\/\/osb.org\/wp-content\/uploads\/2026\/06\/Conventus_Bakonybel.jpg 1920w\" data-sizes=\"auto\" data-orig-sizes=\"(max-width: 1024px) 100vw, (max-width: 640px) 100vw, 600px\" \/><\/a><\/span><\/div><div class=\"fusion-text fusion-text-2 fusion-text-no-margin\" style=\"--awb-font-size:var(--awb-typography5-font-size);--awb-line-height:var(--awb-typography5-line-height);--awb-letter-spacing:var(--awb-typography5-letter-spacing);--awb-text-transform:var(--awb-typography5-text-transform);--awb-text-color:var(--awb-custom11);--awb-margin-top:12px;--awb-margin-bottom:12px;--awb-text-font-family:var(--awb-typography5-font-family);--awb-text-font-weight:var(--awb-typography5-font-weight);--awb-text-font-style:var(--awb-typography5-font-style);\"><\/div><\/div><\/div><div class=\"fusion-layout-column fusion_builder_column fusion-builder-column-2 fusion_builder_column_1_2 1_2 fusion-flex-column\" style=\"--awb-bg-size:cover;--awb-width-large:50%;--awb-margin-top-large:0px;--awb-spacing-right-large:30px;--awb-margin-bottom-large:0px;--awb-spacing-left-large:30px;--awb-width-medium:100%;--awb-order-medium:0;--awb-spacing-right-medium:30px;--awb-spacing-left-medium:30px;--awb-width-small:100%;--awb-order-small:0;--awb-spacing-right-small:30px;--awb-spacing-left-small:30px;\"><div class=\"fusion-column-wrapper fusion-column-has-shadow fusion-flex-justify-content-flex-start fusion-content-layout-column\"><div class=\"fusion-separator fusion-full-width-sep\" style=\"align-self: center;margin-left: auto;margin-right: auto;width:100%;\"><div class=\"fusion-separator-border sep-single sep-solid\" style=\"--awb-height:20px;--awb-amount:20px;--awb-sep-color:var(--awb-color4);border-color:var(--awb-color4);border-top-width:3px;\"><\/div><\/div><\/div><\/div><\/div><\/div><div class=\"fusion-fullwidth fullwidth-box fusion-builder-row-2 fusion-flex-container has-pattern-background has-mask-background hundred-percent-fullwidth non-hundred-percent-height-scrolling\" style=\"--awb-border-radius-top-left:0px;--awb-border-radius-top-right:0px;--awb-border-radius-bottom-right:0px;--awb-border-radius-bottom-left:0px;--awb-padding-right:60px;--awb-padding-left:60px;--awb-padding-right-medium:60px;--awb-padding-left-medium:60px;--awb-padding-right-small:30px;--awb-padding-left-small:30px;--awb-margin-top:30px;--awb-margin-top-small:0px;--awb-flex-wrap:wrap;\" ><div class=\"fusion-builder-row fusion-row fusion-flex-align-items-flex-start fusion-flex-justify-content-center fusion-flex-content-wrap\" style=\"width:calc( 100% + 60px ) !important;max-width:calc( 100% + 60px ) !important;margin-left: calc(-60px \/ 2 );margin-right: calc(-60px \/ 2 );\"><div class=\"fusion-layout-column fusion_builder_column fusion-builder-column-3 fusion_builder_column_1_2 1_2 fusion-flex-column\" style=\"--awb-bg-blend:overlay;--awb-bg-size:cover;--awb-width-large:50%;--awb-margin-top-large:0px;--awb-spacing-right-large:30px;--awb-margin-bottom-large:20px;--awb-spacing-left-large:30px;--awb-width-medium:75%;--awb-order-medium:0;--awb-spacing-right-medium:30px;--awb-spacing-left-medium:30px;--awb-width-small:100%;--awb-order-small:0;--awb-spacing-right-small:30px;--awb-spacing-left-small:30px;\"><div class=\"fusion-column-wrapper fusion-flex-justify-content-flex-start fusion-content-layout-column\"><div class=\"fusion-builder-row fusion-builder-row-inner fusion-row fusion-flex-align-items-flex-start fusion-flex-justify-content-center fusion-flex-content-wrap\" style=\"--awb-flex-grow:0;--awb-flex-grow-medium:0;--awb-flex-grow-small:0;--awb-flex-shrink:0;--awb-flex-shrink-medium:0;--awb-flex-shrink-small:0;width:calc( 100% + 60px ) !important;max-width:calc( 100% + 60px ) !important;margin-left: calc(-60px \/ 2 );margin-right: calc(-60px \/ 2 );\"><div class=\"fusion-layout-column fusion_builder_column_inner fusion-builder-nested-column-0 fusion_builder_column_inner_1_2 1_2 fusion-flex-column fusion-flex-align-self-center\" style=\"--awb-bg-size:cover;--awb-width-large:50%;--awb-margin-top-large:0px;--awb-spacing-right-large:30px;--awb-margin-bottom-large:0px;--awb-spacing-left-large:30px;--awb-width-medium:50%;--awb-order-medium:0;--awb-spacing-right-medium:30px;--awb-spacing-left-medium:30px;--awb-width-small:100%;--awb-order-small:1;--awb-spacing-right-small:30px;--awb-margin-bottom-small:20px;--awb-spacing-left-small:30px;\"><div class=\"fusion-column-wrapper fusion-column-has-shadow fusion-flex-justify-content-center fusion-content-layout-column\"><div class=\"fusion-text fusion-text-3 fusion-text-no-margin\" style=\"--awb-font-size:var(--awb-typography5-font-size);--awb-line-height:var(--awb-typography5-line-height);--awb-letter-spacing:var(--awb-typography5-letter-spacing);--awb-text-transform:var(--awb-typography5-text-transform);--awb-text-color:var(--awb-custom11);--awb-margin-top:0px;--awb-margin-right:0px;--awb-margin-bottom:0px;--awb-margin-left:0px;--awb-text-font-family:var(--awb-typography5-font-family);--awb-text-font-weight:var(--awb-typography5-font-weight);--awb-text-font-style:var(--awb-typography5-font-style);\"><p>5 juin 2026<\/p>\n<\/div><\/div><\/div><div class=\"fusion-layout-column fusion_builder_column_inner fusion-builder-nested-column-1 fusion_builder_column_inner_1_2 1_2 fusion-flex-column fusion-flex-align-self-center\" style=\"--awb-bg-size:cover;--awb-width-large:50%;--awb-margin-top-large:0px;--awb-spacing-right-large:30px;--awb-margin-bottom-large:0px;--awb-spacing-left-large:30px;--awb-width-medium:50%;--awb-order-medium:0;--awb-spacing-right-medium:30px;--awb-spacing-left-medium:30px;--awb-width-small:100%;--awb-order-small:0;--awb-margin-top-small:0px;--awb-spacing-right-small:30px;--awb-spacing-left-small:30px;\"><div class=\"fusion-column-wrapper fusion-column-has-shadow fusion-flex-justify-content-center fusion-content-layout-column\"><div class=\"fusion-sharing-box fusion-sharing-box-1 boxed-icons\" style=\"background-color:var(--awb-color1);border-color:var(--awb-color1);--awb-margin-top:0px;--awb-margin-right:0px;--awb-margin-bottom:0px;--awb-margin-left:0px;--awb-wrapper-padding-top:0px;--awb-wrapper-padding-right:0px;--awb-wrapper-padding-bottom:0px;--awb-wrapper-padding-left:0px;--awb-padding-top:0px;--awb-padding-right:0px;--awb-padding-bottom:0px;--awb-padding-left:0px;--awb-border-top:0px;--awb-border-right:0px;--awb-border-bottom:0px;--awb-border-left:0px;--awb-icon-size:12px;--awb-separator-border-color:#cccccc;--awb-separator-border-sizes:0px;--awb-stacked-align:flex-end;--awb-layout:row;--awb-alignment-small:flex-end;--awb-stacked-align-small:center;\" data-title=\"Le monast\u00e8re Saint-Maurice de Bakonyb\u00e9l \u00e9lev\u00e9 au rang de prieur\u00e9 conventuel\" data-description=\"Votre contenu ici       \r\n\r\nCommuniqu\u00e9 de presse\r\nCongr\u00e9gation b\u00e9n\u00e9dictine hongroise\r\n\r\nNous avons le plaisir d\u2019annoncer que, conform\u00e9ment \u00e0 la d\u00e9cision du Chapitre de l\u2019archiabbaye de Pannonhalma, le Chapitre g\u00e9n\u00e9ral de la Congr\u00e9gation b\u00e9n\u00e9dictine hongroise a \u00e9lev\u00e9 le monast\u00e8re Saint-Maurice de Bakonyb\u00e9l au statut de prieur\u00e9\" data-link=\"https:\/\/osb.org\/fr\/2026\/06\/05\/le-monastere-saint-maurice-de-bakonybel-eleve-au-rang-de-prieure-conventuel\/\"><div class=\"fusion-social-networks sharingbox-shortcode-icon-wrapper sharingbox-shortcode-icon-wrapper-1 boxed-icons\"><span><a href=\"https:\/\/www.facebook.com\/sharer.php?u=https%3A%2F%2Fosb.org%2Ffr%2F2026%2F06%2F05%2Fle-monastere-saint-maurice-de-bakonybel-eleve-au-rang-de-prieure-conventuel%2F&amp;t=Le%20monast%C3%A8re%20Saint-Maurice%20de%20Bakonyb%C3%A9l%20%C3%A9lev%C3%A9%20au%20rang%20de%20prieur%C3%A9%20conventuel\" target=\"_blank\" rel=\"noreferrer\" title=\"Facebook\" aria-label=\"Facebook\"><i class=\"fusion-social-network-icon fusion-tooltip fusion-facebook awb-icon-facebook\" style=\"color:var(--awb-custom11);background-color:#e8e8e8;border-color:#e8e8e8;border-radius:50%;\" aria-hidden=\"true\"><\/i><\/a><\/span><span><a href=\"https:\/\/x.com\/intent\/post?text=Le%20monast%C3%A8re%20Saint-Maurice%20de%20Bakonyb%C3%A9l%20%C3%A9lev%C3%A9%20au%20rang%20de%20prieur%C3%A9%20conventuel&amp;url=https%3A%2F%2Fosb.org%2Ffr%2F2026%2F06%2F05%2Fle-monastere-saint-maurice-de-bakonybel-eleve-au-rang-de-prieure-conventuel%2F\" target=\"_blank\" rel=\"noopener noreferrer\" title=\"X\" aria-label=\"X\"><i class=\"fusion-social-network-icon fusion-tooltip fusion-twitter awb-icon-twitter\" style=\"color:var(--awb-custom11);background-color:#e8e8e8;border-color:#e8e8e8;border-radius:50%;\" aria-hidden=\"true\"><\/i><\/a><\/span><span><a href=\"https:\/\/api.whatsapp.com\/send?text=https%3A%2F%2Fosb.org%2Ffr%2F2026%2F06%2F05%2Fle-monastere-saint-maurice-de-bakonybel-eleve-au-rang-de-prieure-conventuel%2F\" target=\"_blank\" rel=\"noopener noreferrer\" title=\"WhatsApp\" aria-label=\"WhatsApp\"><i class=\"fusion-social-network-icon fusion-tooltip fusion-whatsapp awb-icon-whatsapp\" style=\"color:var(--awb-custom11);background-color:#e8e8e8;border-color:#e8e8e8;border-radius:50%;\" aria-hidden=\"true\"><\/i><\/a><\/span><span><a href=\"mailto:?subject=Le%20monast%C3%A8re%20Saint-Maurice%20de%20Bakonyb%C3%A9l%20%C3%A9lev%C3%A9%20au%20rang%20de%20prieur%C3%A9%20conventuel&amp;body=https%3A%2F%2Fosb.org%2Ffr%2F2026%2F06%2F05%2Fle-monastere-saint-maurice-de-bakonybel-eleve-au-rang-de-prieure-conventuel%2F\" target=\"_self\" title=\"Email\" aria-label=\"Email\"><i class=\"fusion-social-network-icon fusion-tooltip fusion-mail awb-icon-mail\" style=\"color:var(--awb-custom11);background-color:#e8e8e8;border-color:#e8e8e8;border-radius:50%;\" aria-hidden=\"true\"><\/i><\/a><\/span><\/div><\/div><\/div><\/div><\/div><div class=\"fusion-text fusion-text-4\"><p><em>Communiqu\u00e9 de presse<\/em><br \/>\n<em>Congr\u00e9gation b\u00e9n\u00e9dictine hongroise<\/em><\/p>\n<p>Nous avons le plaisir d\u2019annoncer que, conform\u00e9ment \u00e0 la d\u00e9cision du Chapitre de l\u2019archiabbaye de Pannonhalma, le Chapitre g\u00e9n\u00e9ral de la Congr\u00e9gation b\u00e9n\u00e9dictine hongroise a \u00e9lev\u00e9 le monast\u00e8re Saint-Maurice de Bakonyb\u00e9l au statut de prieur\u00e9 conventuel le 29 mai 2026. Par cette d\u00e9cision, le monast\u00e8re b\u00e9n\u00e9dictin de Bakonyb\u00e9l est devenu un membre ind\u00e9pendant de la Congr\u00e9gation b\u00e9n\u00e9dictine hongroise. <\/p>\n<p>Le 1er juin 2026, le couvent du monast\u00e8re Saint-Maurice a \u00e9lu le p\u00e8re Dr <span style=\"font-weight: 400;\">Izs\u00e1k Zsolt Ba\u00e1n<\/span> OSB comme premier prieur conventuel, lequel a \u00e9t\u00e9 install\u00e9 dans ses fonctions par l\u2019abb\u00e9-pr\u00e9sident <span style=\"font-weight: 400;\">Cirill T. Hortob\u00e1gyi<\/span> OSB.<\/p>\n<p>Le roi saint \u00c9tienne Ier a fond\u00e9 le monast\u00e8re Saint-Maurice de Bakonyb\u00e9l en 1018 \u00e0 la demande de saint Gontran (G\u00fcnter), un ermite venu de Bavi\u00e8re. L\u2019abbaye, qui rev\u00eatait une importance nationale au Moyen \u00c2ge, fut d\u00e9truite au milieu du XVIe si\u00e8cle lors de l\u2019occupation ottomane. Les moines b\u00e9n\u00e9dictins sont revenus sur le site monastique vers 1700, mais plus tard, les Lumi\u00e8res et les pers\u00e9cutions communistes contre l\u2019\u00c9glise ont \u00e9galement entra\u00een\u00e9 des interruptions forc\u00e9es de la pr\u00e9sence monastique. En 1998, gr\u00e2ce aux efforts de refondation de l\u2019archiabbaye de Pannonhalma, les moines b\u00e9n\u00e9dictins ont pu r\u00e9int\u00e9grer les murs s\u00e9culaires du monast\u00e8re, qui avait \u00e9t\u00e9 dissous en 1950 sous la pression de l\u2019\u00c9tat. La communaut\u00e9 a d\u2019abord fonctionn\u00e9 comme une cellule, puis comme un prieur\u00e9 d\u00e9pendant.    <\/p>\n<p>La vie au monast\u00e8re b\u00e9n\u00e9dictin de Bakonyb\u00e9l se caract\u00e9rise par la primaut\u00e9 de la pri\u00e8re, une liturgie c\u00e9l\u00e9br\u00e9e avec dignit\u00e9 et soin, et une vie communautaire fraternelle v\u00e9cue dans le partage du quotidien et du travail manuel (jardin d\u2019herbes aromatiques, ateliers, \u00e9levage). En tant que membre de la Congr\u00e9gation b\u00e9n\u00e9dictine hongroise, la communaut\u00e9 de Bakonyb\u00e9l sert le peuple de Dieu et proclame l\u2019\u00c9vangile en accueillant p\u00e8lerins et h\u00f4tes, en offrant un accompagnement spirituel, en organisant des retraites contemplatives, ainsi qu\u2019en traduisant et publiant des textes de la tradition monastique en hongrois. Le monast\u00e8re compte actuellement neuf moines et de nombreux oblats. La communaut\u00e9 est engag\u00e9e dans l\u2019ouverture \u0153cum\u00e9nique et la sauvegarde de la Cr\u00e9ation.   <\/p>\n<p>Le p\u00e8re Izs\u00e1k Ba\u00e1n est n\u00e9 \u00e0 Koml\u00f3 en 1978. Il a fait ses \u00e9tudes de philosophie et de th\u00e9ologie \u00e0 Budapest et \u00e0 Rome. Il a prononc\u00e9 ses v\u0153ux solennels en 2008 et a \u00e9t\u00e9 ordonn\u00e9 pr\u00eatre en 2012. En tant que prieur de l\u2019ancien prieur\u00e9 d\u00e9pendant, il dirige le monast\u00e8re de Bakonyb\u00e9l depuis 2019.   <\/p>\n<p>Avec l\u2019\u00e9l\u00e9vation du prieur\u00e9 de Bakonyb\u00e9l au statut de monast\u00e8re ind\u00e9pendant, la Congr\u00e9gation b\u00e9n\u00e9dictine hongroise comprend d\u00e9sormais cinq monast\u00e8res ind\u00e9pendants : l\u2019archiabbaye de Pannonhalma, l\u2019abbaye Saint-Geraldo (S\u00e3o Paulo), le monast\u00e8re Saint-Maurice (Bakonyb\u00e9l), le prieur\u00e9 b\u00e9n\u00e9dictin Saint-Anianus (Tihany) et le prieur\u00e9 b\u00e9n\u00e9dictin Saint-Maur (Gy\u0151r). La Congr\u00e9gation b\u00e9n\u00e9dictine hongroise, deuxi\u00e8me par ordre historique et troisi\u00e8me par ordre de pr\u00e9s\u00e9ance mondiale, forme avec dix-huit autres congr\u00e9gations la Conf\u00e9d\u00e9ration b\u00e9n\u00e9dictine, l\u2019organisation conf\u00e9d\u00e9rative des b\u00e9n\u00e9dictins au sein de l\u2019\u00c9glise catholique.<\/p>\n<\/div><div style=\"text-align:center;\"><a class=\"fusion-button button-flat fusion-button-default-size button-custom fusion-button-default button-1 fusion-button-span-yes fusion-button-span-default-medium fusion-button-default-type\" style=\"--awb-margin-top:10px;--button_accent_color:#ffffff;--button_accent_hover_color:#ffffff;--button_border_hover_color:#ffffff;--button_gradient_top_color:#1f7aa7;--button_gradient_bottom_color:#1f7aa7;--button_gradient_top_color_hover:#72cee0;--button_gradient_bottom_color_hover:#72cee0;\" target=\"_blank\" rel=\"noopener noreferrer\" href=\"https:\/\/bakonybel-monostor.hu\/\"><span class=\"fusion-button-text awb-button__text awb-button__text--default\">Site web du prieur\u00e9 Saint-Maurice |HU|<\/span><\/a><\/div><div style=\"text-align:center;\"><a class=\"fusion-button button-flat fusion-button-default-size button-custom fusion-button-default button-2 fusion-button-span-yes fusion-button-span-default-medium fusion-button-default-type\" style=\"--awb-margin-top:10px;--button_accent_color:#ffffff;--button_accent_hover_color:#ffffff;--button_border_hover_color:#ffffff;--button_gradient_top_color:#1f7aa7;--button_gradient_bottom_color:#1f7aa7;--button_gradient_top_color_hover:#72cee0;--button_gradient_bottom_color_hover:#72cee0;\" target=\"_blank\" rel=\"noopener noreferrer\" href=\"https:\/\/pannonhalmifoapatsag.hu\/\"><span class=\"fusion-button-text awb-button__text awb-button__text--default\">Site web de l\u2019archiabbaye de Pannonhalma |HU|<\/span><\/a><\/div><div class=\"fusion-image-element\" style=\"--awb-margin-top:10px;--awb-caption-title-font-family:var(--h2_typography-font-family);--awb-caption-title-font-weight:var(--h2_typography-font-weight);--awb-caption-title-font-style:var(--h2_typography-font-style);--awb-caption-title-size:var(--h2_typography-font-size);--awb-caption-title-transform:var(--h2_typography-text-transform);--awb-caption-title-line-height:var(--h2_typography-line-height);--awb-caption-title-letter-spacing:var(--h2_typography-letter-spacing);\"><span class=\" fusion-imageframe imageframe-none imageframe-2 hover-type-none\" style=\"border:1px solid #b14821;\"><a href=\"https:\/\/osb.org\/wp-content\/uploads\/2026\/06\/Generalkapitel_Congr.Hung_OSB.jpg\" class=\"fusion-lightbox\" data-rel=\"iLightbox[c73bec6df2e04c17b51]\" data-title=\"Generalkapitel_Congr.Hung_OSB\" title=\"Generalkapitel_Congr.Hung_OSB\"><img decoding=\"async\" width=\"1920\" height=\"1080\" src=\"https:\/\/osb.org\/wp-content\/uploads\/2026\/06\/Generalkapitel_Congr.Hung_OSB.jpg\" data-orig-src=\"https:\/\/osb.org\/wp-content\/uploads\/2026\/06\/Generalkapitel_Congr.Hung_OSB.jpg\" alt class=\"lazyload img-responsive wp-image-18278\" srcset=\"data:image\/svg+xml,%3Csvg%20xmlns%3D%27http%3A%2F%2Fwww.w3.org%2F2000%2Fsvg%27%20width%3D%271920%27%20height%3D%271080%27%20viewBox%3D%270%200%201920%201080%27%3E%3Crect%20width%3D%271920%27%20height%3D%271080%27%20fill-opacity%3D%220%22%2F%3E%3C%2Fsvg%3E\" data-srcset=\"https:\/\/osb.org\/wp-content\/uploads\/2026\/06\/Generalkapitel_Congr.Hung_OSB-200x113.jpg 200w, https:\/\/osb.org\/wp-content\/uploads\/2026\/06\/Generalkapitel_Congr.Hung_OSB-400x225.jpg 400w, https:\/\/osb.org\/wp-content\/uploads\/2026\/06\/Generalkapitel_Congr.Hung_OSB-600x338.jpg 600w, https:\/\/osb.org\/wp-content\/uploads\/2026\/06\/Generalkapitel_Congr.Hung_OSB-800x450.jpg 800w, https:\/\/osb.org\/wp-content\/uploads\/2026\/06\/Generalkapitel_Congr.Hung_OSB-1200x675.jpg 1200w, https:\/\/osb.org\/wp-content\/uploads\/2026\/06\/Generalkapitel_Congr.Hung_OSB.jpg 1920w\" data-sizes=\"auto\" data-orig-sizes=\"(max-width: 1024px) 100vw, (max-width: 640px) 100vw, 1200px\" \/><\/a><\/span><\/div><div class=\"fusion-text fusion-text-5\" style=\"--awb-font-size:var(--awb-typography5-font-size);--awb-line-height:var(--awb-typography5-line-height);--awb-letter-spacing:var(--awb-typography5-letter-spacing);--awb-text-transform:var(--awb-typography5-text-transform);--awb-margin-top:10px;--awb-text-font-family:var(--awb-typography5-font-family);--awb-text-font-weight:var(--awb-typography5-font-weight);--awb-text-font-style:var(--awb-typography5-font-style);\"><p>Chapitre g\u00e9n\u00e9ral de la Congr\u00e9gation hongroise de l\u2019Ordre de Saint-Beno\u00eet<\/p>\n<\/div><\/div><\/div><\/div><\/div><\/p>\n","protected":false},"excerpt":{"rendered":"<p>La Congr\u00e9gation b\u00e9n\u00e9dictine hongroise a \u00e9lev\u00e9 le monast\u00e8re Saint-Maurice de Bakonyb\u00e9l au rang de prieur\u00e9 conventuel ind\u00e9pendant. Le p\u00e8re Izs\u00e1k Zsolt Ba\u00e1n OSB en est le premier prieur. <\/p>\n","protected":false},"author":1,"featured_media":18277,"comment_status":"closed","ping_status":"closed","sticky":false,"template":"","format":"standard","meta":{"footnotes":""},"categories":[183,187],"tags":[371,421],"class_list":["post-18276","post","type-post","status-publish","format-standard","has-post-thumbnail","hentry","category-nexus-fr","category-nouvelles-fr","tag-nexus-rapport-sur-le-monde-benedictin","tag-nexus-juillet-2026"],"cc_featured_image_caption":{"caption_text":false,"source_text":false,"source_url":false},"_links":{"self":[{"href":"https:\/\/osb.org\/fr\/wp-json\/wp\/v2\/posts\/18276","targetHints":{"allow":["GET"]}}],"collection":[{"href":"https:\/\/osb.org\/fr\/wp-json\/wp\/v2\/posts"}],"about":[{"href":"https:\/\/osb.org\/fr\/wp-json\/wp\/v2\/types\/post"}],"author":[{"embeddable":true,"href":"https:\/\/osb.org\/fr\/wp-json\/wp\/v2\/users\/1"}],"replies":[{"embeddable":true,"href":"https:\/\/osb.org\/fr\/wp-json\/wp\/v2\/comments?post=18276"}],"version-history":[{"count":0,"href":"https:\/\/osb.org\/fr\/wp-json\/wp\/v2\/posts\/18276\/revisions"}],"wp:featuredmedia":[{"embeddable":true,"href":"https:\/\/osb.org\/fr\/wp-json\/wp\/v2\/media\/18277"}],"wp:attachment":[{"href":"https:\/\/osb.org\/fr\/wp-json\/wp\/v2\/media?parent=18276"}],"wp:term":[{"taxonomy":"category","embeddable":true,"href":"https:\/\/osb.org\/fr\/wp-json\/wp\/v2\/categories?post=18276"},{"taxonomy":"post_tag","embeddable":true,"href":"https:\/\/osb.org\/fr\/wp-json\/wp\/v2\/tags?post=18276"}],"curies":[{"name":"wp","href":"https:\/\/api.w.org\/{rel}","templated":true}]}}