{"id":17302,"date":"2026-03-30T11:58:01","date_gmt":"2026-03-30T09:58:01","guid":{"rendered":"https:\/\/osb.org\/2026\/03\/30\/moine-de-larchabbaye-de-saint-meinrad-nomme-eveque-de-belleville\/"},"modified":"2026-03-30T16:42:28","modified_gmt":"2026-03-30T14:42:28","slug":"moine-de-larchabbaye-de-saint-meinrad-nomme-eveque-de-belleville","status":"publish","type":"post","link":"https:\/\/osb.org\/fr\/2026\/03\/30\/moine-de-larchabbaye-de-saint-meinrad-nomme-eveque-de-belleville\/","title":{"rendered":"Moine de l&rsquo;archabbaye de Saint Meinrad nomm\u00e9 \u00e9v\u00eaque de Belleville"},"content":{"rendered":"<p><div class=\"fusion-fullwidth fullwidth-box fusion-builder-row-1 fusion-flex-container has-pattern-background has-mask-background hundred-percent-fullwidth non-hundred-percent-height-scrolling\" style=\"--awb-border-sizes-bottom:1px;--awb-border-color:var(--awb-custom11);--awb-border-radius-top-left:0px;--awb-border-radius-top-right:0px;--awb-border-radius-bottom-right:0px;--awb-border-radius-bottom-left:0px;--awb-padding-right:60px;--awb-padding-bottom:20px;--awb-padding-left:60px;--awb-padding-right-small:30px;--awb-padding-left-small:30px;--awb-margin-top-medium:1px;--awb-margin-top-small:0px;--awb-flex-wrap:wrap;\" ><div class=\"fusion-builder-row fusion-row fusion-flex-align-items-center fusion-flex-justify-content-flex-end fusion-flex-content-wrap\" style=\"width:calc( 100% + 60px ) !important;max-width:calc( 100% + 60px ) !important;margin-left: calc(-60px \/ 2 );margin-right: calc(-60px \/ 2 );\"><div class=\"fusion-layout-column fusion_builder_column fusion-builder-column-0 fusion_builder_column_1_2 1_2 fusion-flex-column\" style=\"--awb-padding-right:60px;--awb-padding-left:60px;--awb-padding-right-small:0px;--awb-padding-left-small:0px;--awb-bg-size:cover;--awb-width-large:50%;--awb-margin-top-large:0px;--awb-spacing-right-large:30px;--awb-margin-bottom-large:20px;--awb-spacing-left-large:30px;--awb-width-medium:100%;--awb-order-medium:0;--awb-margin-top-medium:20px;--awb-spacing-right-medium:30px;--awb-margin-bottom-medium:0px;--awb-spacing-left-medium:30px;--awb-width-small:100%;--awb-order-small:0;--awb-spacing-right-small:30px;--awb-spacing-left-small:30px;\"><div class=\"fusion-column-wrapper fusion-column-has-shadow fusion-flex-justify-content-flex-start fusion-content-layout-column\"><div class=\"fusion-title title fusion-title-1 fusion-sep-none fusion-title-text fusion-title-size-one\" style=\"--awb-text-color:var(--awb-custom13);--awb-margin-top-small:0px;--awb-margin-right-small:0px;--awb-margin-bottom-small:20px;--awb-margin-left-small:0px;--awb-font-size:40px;\"><h1 class=\"fusion-title-heading title-heading-left md-text-align-center fusion-responsive-typography-calculated\" style=\"font-family:var(--awb-typography1-font-family);font-weight:var(--awb-typography1-font-weight);font-style:var(--awb-typography1-font-style);margin:0;letter-spacing:var(--awb-typography1-letter-spacing);text-transform:var(--awb-typography1-text-transform);font-size:1em;--fontSize:40;line-height:var(--awb-typography1-line-height);\">Moine de l&rsquo;archabbaye de Saint Meinrad nomm\u00e9 \u00e9v\u00eaque de Belleville<\/h1><\/div><div class=\"fusion-text fusion-text-1 fusion-no-small-visibility fusion-no-medium-visibility\" style=\"--awb-font-size:var(--awb-typography3-font-size);--awb-line-height:var(--awb-typography3-line-height);--awb-letter-spacing:var(--awb-typography3-letter-spacing);--awb-text-transform:var(--awb-typography3-text-transform);--awb-text-color:var(--awb-custom12);--awb-text-font-family:var(--awb-typography3-font-family);--awb-text-font-weight:var(--awb-typography3-font-weight);--awb-text-font-style:var(--awb-typography3-font-style);\"><p>Le pape L\u00e9on XIV a nomm\u00e9 le P\u00e8re Godfrey Mullen OSB comme 10e \u00e9v\u00eaque de Belleville. Moine de l'archabbaye de Saint Meinrad, il \u00e9tait administrateur dioc\u00e9sain dans l'Illinois depuis mai 2025. <\/p>\n<\/div><\/div><\/div><div class=\"fusion-layout-column fusion_builder_column fusion-builder-column-1 fusion_builder_column_1_2 1_2 fusion-flex-column\" style=\"--awb-bg-size:cover;--awb-width-large:50%;--awb-margin-top-large:0px;--awb-spacing-right-large:30px;--awb-margin-bottom-large:0px;--awb-spacing-left-large:30px;--awb-width-medium:100%;--awb-order-medium:0;--awb-spacing-right-medium:30px;--awb-spacing-left-medium:30px;--awb-width-small:100%;--awb-order-small:0;--awb-spacing-right-small:30px;--awb-spacing-left-small:30px;\"><div class=\"fusion-column-wrapper fusion-column-has-shadow fusion-flex-justify-content-flex-start fusion-content-layout-column\"><div class=\"fusion-image-element \" style=\"--awb-caption-title-font-family:var(--h2_typography-font-family);--awb-caption-title-font-weight:var(--h2_typography-font-weight);--awb-caption-title-font-style:var(--h2_typography-font-style);--awb-caption-title-size:var(--h2_typography-font-size);--awb-caption-title-transform:var(--h2_typography-text-transform);--awb-caption-title-line-height:var(--h2_typography-line-height);--awb-caption-title-letter-spacing:var(--h2_typography-letter-spacing);\"><span class=\" fusion-imageframe imageframe-none imageframe-1 hover-type-none\" style=\"border:1px solid var(--awb-custom10);\"><a href=\"https:\/\/osb.org\/wp-content\/uploads\/2026\/03\/Fr_Godfrey_Mullen_2022-1.jpg\" class=\"fusion-lightbox\" data-rel=\"iLightbox[dd5f7c00fb3803a34c1]\" data-title=\"P\u00e8re_Godfrey_Mullen_2022-1\" title=\"P\u00e8re_Godfrey_Mullen_2022-1\"><img decoding=\"async\" width=\"1920\" height=\"1080\" src=\"https:\/\/osb.org\/wp-content\/uploads\/2026\/03\/Fr_Godfrey_Mullen_2022-1.jpg\" data-orig-src=\"https:\/\/osb.org\/wp-content\/uploads\/2026\/03\/Fr_Godfrey_Mullen_2022-1.jpg\" alt class=\"lazyload img-responsive wp-image-17303\" srcset=\"data:image\/svg+xml,%3Csvg%20xmlns%3D%27http%3A%2F%2Fwww.w3.org%2F2000%2Fsvg%27%20width%3D%271920%27%20height%3D%271080%27%20viewBox%3D%270%200%201920%201080%27%3E%3Crect%20width%3D%271920%27%20height%3D%271080%27%20fill-opacity%3D%220%22%2F%3E%3C%2Fsvg%3E\" data-srcset=\"https:\/\/osb.org\/wp-content\/uploads\/2026\/03\/Fr_Godfrey_Mullen_2022-1-200x113.jpg 200w, https:\/\/osb.org\/wp-content\/uploads\/2026\/03\/Fr_Godfrey_Mullen_2022-1-400x225.jpg 400w, https:\/\/osb.org\/wp-content\/uploads\/2026\/03\/Fr_Godfrey_Mullen_2022-1-600x338.jpg 600w, https:\/\/osb.org\/wp-content\/uploads\/2026\/03\/Fr_Godfrey_Mullen_2022-1-800x450.jpg 800w, https:\/\/osb.org\/wp-content\/uploads\/2026\/03\/Fr_Godfrey_Mullen_2022-1-1200x675.jpg 1200w, https:\/\/osb.org\/wp-content\/uploads\/2026\/03\/Fr_Godfrey_Mullen_2022-1.jpg 1920w\" data-sizes=\"auto\" data-orig-sizes=\"(max-width: 1024px) 100vw, (max-width: 640px) 100vw, 600px\" \/><\/a><\/span><\/div><div class=\"fusion-text fusion-text-2 fusion-text-no-margin\" style=\"--awb-font-size:var(--awb-typography5-font-size);--awb-line-height:var(--awb-typography5-line-height);--awb-letter-spacing:var(--awb-typography5-letter-spacing);--awb-text-transform:var(--awb-typography5-text-transform);--awb-text-color:var(--awb-custom11);--awb-margin-top:12px;--awb-margin-bottom:12px;--awb-text-font-family:var(--awb-typography5-font-family);--awb-text-font-weight:var(--awb-typography5-font-weight);--awb-text-font-style:var(--awb-typography5-font-style);\"><\/div><\/div><\/div><div class=\"fusion-layout-column fusion_builder_column fusion-builder-column-2 fusion_builder_column_1_2 1_2 fusion-flex-column\" style=\"--awb-bg-size:cover;--awb-width-large:50%;--awb-margin-top-large:0px;--awb-spacing-right-large:30px;--awb-margin-bottom-large:0px;--awb-spacing-left-large:30px;--awb-width-medium:100%;--awb-order-medium:0;--awb-spacing-right-medium:30px;--awb-spacing-left-medium:30px;--awb-width-small:100%;--awb-order-small:0;--awb-spacing-right-small:30px;--awb-spacing-left-small:30px;\"><div class=\"fusion-column-wrapper fusion-column-has-shadow fusion-flex-justify-content-flex-start fusion-content-layout-column\"><div class=\"fusion-separator fusion-full-width-sep\" style=\"align-self: center;margin-left: auto;margin-right: auto;width:100%;\"><div class=\"fusion-separator-border sep-single sep-solid\" style=\"--awb-height:20px;--awb-amount:20px;--awb-sep-color:var(--awb-color4);border-color:var(--awb-color4);border-top-width:3px;\"><\/div><\/div><\/div><\/div><\/div><\/div><div class=\"fusion-fullwidth fullwidth-box fusion-builder-row-2 fusion-flex-container has-pattern-background has-mask-background hundred-percent-fullwidth non-hundred-percent-height-scrolling\" style=\"--awb-border-radius-top-left:0px;--awb-border-radius-top-right:0px;--awb-border-radius-bottom-right:0px;--awb-border-radius-bottom-left:0px;--awb-padding-right:60px;--awb-padding-left:60px;--awb-padding-right-medium:60px;--awb-padding-left-medium:60px;--awb-padding-right-small:30px;--awb-padding-left-small:30px;--awb-margin-top:30px;--awb-margin-top-small:0px;--awb-flex-wrap:wrap;\" ><div class=\"fusion-builder-row fusion-row fusion-flex-align-items-flex-start fusion-flex-justify-content-center fusion-flex-content-wrap\" style=\"width:calc( 100% + 60px ) !important;max-width:calc( 100% + 60px ) !important;margin-left: calc(-60px \/ 2 );margin-right: calc(-60px \/ 2 );\"><div class=\"fusion-layout-column fusion_builder_column fusion-builder-column-3 fusion_builder_column_2_5 2_5 fusion-flex-column\" style=\"--awb-bg-blend:overlay;--awb-bg-size:cover;--awb-width-large:40%;--awb-margin-top-large:0px;--awb-spacing-right-large:30px;--awb-margin-bottom-large:20px;--awb-spacing-left-large:30px;--awb-width-medium:75%;--awb-order-medium:0;--awb-spacing-right-medium:30px;--awb-spacing-left-medium:30px;--awb-width-small:100%;--awb-order-small:0;--awb-spacing-right-small:30px;--awb-spacing-left-small:30px;\"><div class=\"fusion-column-wrapper fusion-flex-justify-content-flex-start fusion-content-layout-column\"><div class=\"fusion-builder-row fusion-builder-row-inner fusion-row fusion-flex-align-items-flex-start fusion-flex-justify-content-center fusion-flex-content-wrap\" style=\"--awb-flex-grow:0;--awb-flex-grow-medium:0;--awb-flex-grow-small:0;--awb-flex-shrink:0;--awb-flex-shrink-medium:0;--awb-flex-shrink-small:0;width:calc( 100% + 60px ) !important;max-width:calc( 100% + 60px ) !important;margin-left: calc(-60px \/ 2 );margin-right: calc(-60px \/ 2 );\"><div class=\"fusion-layout-column fusion_builder_column_inner fusion-builder-nested-column-0 fusion_builder_column_inner_1_2 1_2 fusion-flex-column fusion-flex-align-self-center\" style=\"--awb-bg-size:cover;--awb-width-large:50%;--awb-margin-top-large:0px;--awb-spacing-right-large:30px;--awb-margin-bottom-large:0px;--awb-spacing-left-large:30px;--awb-width-medium:50%;--awb-order-medium:0;--awb-spacing-right-medium:30px;--awb-spacing-left-medium:30px;--awb-width-small:100%;--awb-order-small:1;--awb-spacing-right-small:30px;--awb-margin-bottom-small:20px;--awb-spacing-left-small:30px;\"><div class=\"fusion-column-wrapper fusion-column-has-shadow fusion-flex-justify-content-center fusion-content-layout-column\"><div class=\"fusion-text fusion-text-3 fusion-text-no-margin\" style=\"--awb-font-size:var(--awb-typography5-font-size);--awb-line-height:var(--awb-typography5-line-height);--awb-letter-spacing:var(--awb-typography5-letter-spacing);--awb-text-transform:var(--awb-typography5-text-transform);--awb-text-color:var(--awb-custom11);--awb-margin-top:0px;--awb-margin-right:0px;--awb-margin-bottom:0px;--awb-margin-left:0px;--awb-text-font-family:var(--awb-typography5-font-family);--awb-text-font-weight:var(--awb-typography5-font-weight);--awb-text-font-style:var(--awb-typography5-font-style);\"><p>30 mars 2026<\/p>\n<\/div><\/div><\/div><div class=\"fusion-layout-column fusion_builder_column_inner fusion-builder-nested-column-1 fusion_builder_column_inner_1_2 1_2 fusion-flex-column fusion-flex-align-self-center\" style=\"--awb-bg-size:cover;--awb-width-large:50%;--awb-margin-top-large:0px;--awb-spacing-right-large:30px;--awb-margin-bottom-large:0px;--awb-spacing-left-large:30px;--awb-width-medium:50%;--awb-order-medium:0;--awb-spacing-right-medium:30px;--awb-spacing-left-medium:30px;--awb-width-small:100%;--awb-order-small:0;--awb-margin-top-small:0px;--awb-spacing-right-small:30px;--awb-spacing-left-small:30px;\"><div class=\"fusion-column-wrapper fusion-column-has-shadow fusion-flex-justify-content-center fusion-content-layout-column\"><div class=\"fusion-sharing-box fusion-sharing-box-1 boxed-icons\" style=\"background-color:var(--awb-color1);border-color:var(--awb-color1);--awb-margin-top:0px;--awb-margin-right:0px;--awb-margin-bottom:0px;--awb-margin-left:0px;--awb-wrapper-padding-top:0px;--awb-wrapper-padding-right:0px;--awb-wrapper-padding-bottom:0px;--awb-wrapper-padding-left:0px;--awb-padding-top:0px;--awb-padding-right:0px;--awb-padding-bottom:0px;--awb-padding-left:0px;--awb-border-top:0px;--awb-border-right:0px;--awb-border-bottom:0px;--awb-border-left:0px;--awb-icon-size:12px;--awb-separator-border-color:#cccccc;--awb-separator-border-sizes:0px;--awb-stacked-align:flex-end;--awb-layout:row;--awb-alignment-small:flex-end;--awb-stacked-align-small:center;\" data-title=\"Moine de l&rsquo;archabbaye de Saint Meinrad nomm\u00e9 \u00e9v\u00eaque de Belleville\" data-description=\"Votre contenu va ici       \r\n\r\nLe Saint-Si\u00e8ge a annonc\u00e9 le 13 mars 2026 que le pape L\u00e9on XIV a nomm\u00e9 le P\u00e8re Godfrey Mullen OSB comme 10e \u00e9v\u00eaque de Belleville, Illinois. Moine de l&#039;archabbaye de Saint Meinrad en Indiana, l&#039;\u00e9v\u00eaque \u00e9lu Godfrey \u00e9tait\" data-link=\"https:\/\/osb.org\/fr\/2026\/03\/30\/moine-de-larchabbaye-de-saint-meinrad-nomme-eveque-de-belleville\/\"><div class=\"fusion-social-networks sharingbox-shortcode-icon-wrapper sharingbox-shortcode-icon-wrapper-1 boxed-icons\"><span><a href=\"https:\/\/www.facebook.com\/sharer.php?u=https%3A%2F%2Fosb.org%2Ffr%2F2026%2F03%2F30%2Fmoine-de-larchabbaye-de-saint-meinrad-nomme-eveque-de-belleville%2F&amp;t=Moine%20de%20l%26rsquo%3Barchabbaye%20de%20Saint%20Meinrad%20nomm%C3%A9%20%C3%A9v%C3%AAque%20de%20Belleville\" target=\"_blank\" rel=\"noreferrer\" title=\"Facebook\" aria-label=\"Facebook\"><i class=\"fusion-social-network-icon fusion-tooltip fusion-facebook awb-icon-facebook\" style=\"color:var(--awb-custom11);background-color:#e8e8e8;border-color:#e8e8e8;border-radius:50%;\" aria-hidden=\"true\"><\/i><\/a><\/span><span><a href=\"https:\/\/x.com\/intent\/post?text=Moine%20de%20l%E2%80%99archabbaye%20de%20Saint%20Meinrad%20nomm%C3%A9%20%C3%A9v%C3%AAque%20de%20Belleville&amp;url=https%3A%2F%2Fosb.org%2Ffr%2F2026%2F03%2F30%2Fmoine-de-larchabbaye-de-saint-meinrad-nomme-eveque-de-belleville%2F\" target=\"_blank\" rel=\"noopener noreferrer\" title=\"X\" aria-label=\"X\"><i class=\"fusion-social-network-icon fusion-tooltip fusion-twitter awb-icon-twitter\" style=\"color:var(--awb-custom11);background-color:#e8e8e8;border-color:#e8e8e8;border-radius:50%;\" aria-hidden=\"true\"><\/i><\/a><\/span><span><a href=\"https:\/\/api.whatsapp.com\/send?text=https%3A%2F%2Fosb.org%2Ffr%2F2026%2F03%2F30%2Fmoine-de-larchabbaye-de-saint-meinrad-nomme-eveque-de-belleville%2F\" target=\"_blank\" rel=\"noopener noreferrer\" title=\"WhatsApp\" aria-label=\"WhatsApp\"><i class=\"fusion-social-network-icon fusion-tooltip fusion-whatsapp awb-icon-whatsapp\" style=\"color:var(--awb-custom11);background-color:#e8e8e8;border-color:#e8e8e8;border-radius:50%;\" aria-hidden=\"true\"><\/i><\/a><\/span><span><a href=\"mailto:?subject=Moine%20de%20l%26rsquo%3Barchabbaye%20de%20Saint%20Meinrad%20nomm%C3%A9%20%C3%A9v%C3%AAque%20de%20Belleville&amp;body=https%3A%2F%2Fosb.org%2Ffr%2F2026%2F03%2F30%2Fmoine-de-larchabbaye-de-saint-meinrad-nomme-eveque-de-belleville%2F\" target=\"_self\" title=\"Email\" aria-label=\"Email\"><i class=\"fusion-social-network-icon fusion-tooltip fusion-mail awb-icon-mail\" style=\"color:var(--awb-custom11);background-color:#e8e8e8;border-color:#e8e8e8;border-radius:50%;\" aria-hidden=\"true\"><\/i><\/a><\/span><\/div><\/div><\/div><\/div><\/div><div class=\"fusion-text fusion-text-4\"><p>Le Saint-Si\u00e8ge a annonc\u00e9 le 13 mars 2026 que le pape L\u00e9on XIV a nomm\u00e9 le P\u00e8re Godfrey Mullen OSB comme 10e \u00e9v\u00eaque de Belleville, Illinois. Moine de l'archabbaye de Saint Meinrad en Indiana, l'\u00e9v\u00eaque \u00e9lu Godfrey \u00e9tait administrateur apostolique du dioc\u00e8se depuis mai 2025, suite \u00e0 la nomination de son pr\u00e9d\u00e9cesseur, l'archev\u00eaque Michael McGovern, au si\u00e8ge d'Omaha. <\/p>\n<p>N\u00e9 en 1966 \u00e0 Alton, Illinois, l'\u00e9v\u00eaque \u00e9lu Godfrey est entr\u00e9 \u00e0 l'archabbaye de Saint Meinrad en 1988. Il a prononc\u00e9 ses v\u0153ux monastiques solennels en 1992 et a \u00e9t\u00e9 ordonn\u00e9 pr\u00eatre le 5 juin 1994. Sa formation acad\u00e9mique est profond\u00e9ment enracin\u00e9e dans la tradition b\u00e9n\u00e9dictine d'excellence liturgique ; il est titulaire d'un doctorat en \u00e9tudes liturgiques de l'Universit\u00e9 Catholique d'Am\u00e9rique, avec un accent particulier sur la cat\u00e9ch\u00e8se liturgique.  <\/p>\n<p>Avant sa transition vers un service dioc\u00e9sain \u00e0 temps plein, le P\u00e8re Godfrey a occup\u00e9 diverses fonctions importantes au sein de sa communaut\u00e9 monastique et de ses institutions \u00e9ducatives. Il a \u00e9t\u00e9 professeur de liturgie au s\u00e9minaire et \u00e0 l'\u00e9cole de th\u00e9ologie de Saint Meinrad, o\u00f9 il a \u00e9galement occup\u00e9 les postes de vice-recteur et de directeur de la liturgie. Sa nomination marque la troisi\u00e8me fois en 172 ans d'histoire de l'archabbaye de Saint Meinrad qu'un de ses moines est \u00e9lev\u00e9 \u00e0 l'\u00e9piscopat.   <\/p>\n<p>Depuis 2022, le P\u00e8re Godfrey est \u00e9troitement int\u00e9gr\u00e9 \u00e0 la vie du dioc\u00e8se de Belleville, servant comme recteur de la cath\u00e9drale Saint-Pierre et cur\u00e9 des paroisses Blessed Sacrament et Our Lady Queen of Peace. Lors d'une conf\u00e9rence de presse suivant l'annonce, il a exprim\u00e9 un profond sentiment de connexion avec l'\u00c9glise locale, notant qu'il a pass\u00e9 presque toute sa vie au sein du dioc\u00e8se et reste fascin\u00e9 par la pr\u00e9sence du Christ au sein de son peuple.  <\/p>\n<p>L'archev\u00eaque Michael McGovern a salu\u00e9 cette nomination, citant la pi\u00e9t\u00e9, l'intelligence et l'expertise liturgique du P\u00e8re Godfrey comme des atouts essentiels pour son nouveau minist\u00e8re. L'archev\u00eaque a not\u00e9 que les ann\u00e9es de service sacerdotal de l'\u00e9v\u00eaque \u00e9lu et sa formation b\u00e9n\u00e9dictine constituent une base solide pour guider le peuple du sud de l'Illinois.  <\/p>\n<p>L'ordination \u00e9piscopale et l'installation de l'\u00e9v\u00eaque \u00e9lu Godfrey sont pr\u00e9vues pour le 1er mai 2026 \u00e0 la cath\u00e9drale Saint-Pierre de Belleville. Alors qu'il se pr\u00e9pare \u00e0 passer du monast\u00e8re \u00e0 la pl\u00e9nitude du sacerdoce, la Conf\u00e9d\u00e9ration b\u00e9n\u00e9dictine s'unit dans la pri\u00e8re pour son minist\u00e8re, reconnaissant dans cette nomination une reconnaissance continue de la contribution monastique \u00e0 la mission eccl\u00e9siale plus large.<\/p>\n<\/div><div style=\"text-align:center;\"><a class=\"fusion-button button-flat fusion-button-default-size button-custom fusion-button-default button-1 fusion-button-span-yes fusion-button-default-type\" style=\"--awb-margin-top:10px;--button_accent_color:#ffffff;--button_accent_hover_color:#ffffff;--button_border_hover_color:#ffffff;--button_gradient_top_color:#1f7aa7;--button_gradient_bottom_color:#1f7aa7;--button_gradient_top_color_hover:#72cee0;--button_gradient_bottom_color_hover:#72cee0;\" target=\"_blank\" rel=\"noopener noreferrer\" href=\"https:\/\/www.saintmeinrad.org\/news?story=16827\"><span class=\"fusion-button-text awb-button__text awb-button__text--default\">Site web de l'archabbaye de Saint Meinrad |EN|<\/span><\/a><\/div><\/div><\/div><\/div><\/div><\/p>\n","protected":false},"excerpt":{"rendered":"<p>Le pape L\u00e9on XIV a nomm\u00e9 le P\u00e8re Godfrey Mullen OSB comme 10e \u00e9v\u00eaque de Belleville. Moine de l&rsquo;archabbaye de Saint Meinrad, il \u00e9tait administrateur dioc\u00e9sain dans l&rsquo;Illinois depuis mai 2025. <\/p>\n","protected":false},"author":1,"featured_media":17303,"comment_status":"closed","ping_status":"closed","sticky":false,"template":"","format":"standard","meta":{"footnotes":""},"categories":[183,187],"tags":[195,397],"class_list":["post-17302","post","type-post","status-publish","format-standard","has-post-thumbnail","hentry","category-nexus-fr","category-nouvelles-fr","tag-nexus-transitions-de-direction-fr","tag-nexus-avril-2026-fr"],"cc_featured_image_caption":{"caption_text":false,"source_text":false,"source_url":false},"_links":{"self":[{"href":"https:\/\/osb.org\/fr\/wp-json\/wp\/v2\/posts\/17302","targetHints":{"allow":["GET"]}}],"collection":[{"href":"https:\/\/osb.org\/fr\/wp-json\/wp\/v2\/posts"}],"about":[{"href":"https:\/\/osb.org\/fr\/wp-json\/wp\/v2\/types\/post"}],"author":[{"embeddable":true,"href":"https:\/\/osb.org\/fr\/wp-json\/wp\/v2\/users\/1"}],"replies":[{"embeddable":true,"href":"https:\/\/osb.org\/fr\/wp-json\/wp\/v2\/comments?post=17302"}],"version-history":[{"count":0,"href":"https:\/\/osb.org\/fr\/wp-json\/wp\/v2\/posts\/17302\/revisions"}],"wp:featuredmedia":[{"embeddable":true,"href":"https:\/\/osb.org\/fr\/wp-json\/wp\/v2\/media\/17303"}],"wp:attachment":[{"href":"https:\/\/osb.org\/fr\/wp-json\/wp\/v2\/media?parent=17302"}],"wp:term":[{"taxonomy":"category","embeddable":true,"href":"https:\/\/osb.org\/fr\/wp-json\/wp\/v2\/categories?post=17302"},{"taxonomy":"post_tag","embeddable":true,"href":"https:\/\/osb.org\/fr\/wp-json\/wp\/v2\/tags?post=17302"}],"curies":[{"name":"wp","href":"https:\/\/api.w.org\/{rel}","templated":true}]}}