{"id":16479,"date":"2026-02-06T11:26:53","date_gmt":"2026-02-06T10:26:53","guid":{"rendered":"https:\/\/osb.org\/2026\/02\/06\/dom-geraldo-gonzalez-y-lima-osb-elu-quatrieme-abbe-de-sao-geraldo\/"},"modified":"2026-02-11T20:44:58","modified_gmt":"2026-02-11T19:44:58","slug":"dom-geraldo-gonzalez-y-lima-osb-elu-quatrieme-abbe-de-sao-geraldo","status":"publish","type":"post","link":"https:\/\/osb.org\/fr\/2026\/02\/06\/dom-geraldo-gonzalez-y-lima-osb-elu-quatrieme-abbe-de-sao-geraldo\/","title":{"rendered":"Dom Geraldo Gonz\u00e1lez y Lima OSB \u00e9lu quatri\u00e8me abb\u00e9 de S\u00e3o Geraldo"},"content":{"rendered":"<p><div class=\"fusion-fullwidth fullwidth-box fusion-builder-row-1 fusion-flex-container has-pattern-background has-mask-background hundred-percent-fullwidth non-hundred-percent-height-scrolling\" style=\"--awb-border-radius-top-left:0px;--awb-border-radius-top-right:0px;--awb-border-radius-bottom-right:0px;--awb-border-radius-bottom-left:0px;--awb-padding-right:60px;--awb-padding-bottom:0px;--awb-padding-left:60px;--awb-padding-right-small:30px;--awb-padding-left-small:30px;--awb-flex-wrap:wrap;\" ><div class=\"fusion-builder-row fusion-row fusion-flex-align-items-center fusion-flex-justify-content-flex-end fusion-flex-content-wrap\" style=\"width:calc( 100% + 60px ) !important;max-width:calc( 100% + 60px ) !important;margin-left: calc(-60px \/ 2 );margin-right: calc(-60px \/ 2 );\"><div class=\"fusion-layout-column fusion_builder_column fusion-builder-column-0 fusion_builder_column_1_2 1_2 fusion-flex-column\" style=\"--awb-padding-right:60px;--awb-padding-left:60px;--awb-padding-right-small:0px;--awb-padding-left-small:0px;--awb-bg-size:cover;--awb-width-large:50%;--awb-margin-top-large:0px;--awb-spacing-right-large:30px;--awb-margin-bottom-large:20px;--awb-spacing-left-large:30px;--awb-width-medium:100%;--awb-order-medium:0;--awb-margin-top-medium:20px;--awb-spacing-right-medium:30px;--awb-margin-bottom-medium:0px;--awb-spacing-left-medium:30px;--awb-width-small:100%;--awb-order-small:0;--awb-spacing-right-small:30px;--awb-spacing-left-small:30px;\"><div class=\"fusion-column-wrapper fusion-column-has-shadow fusion-flex-justify-content-flex-start fusion-content-layout-column\"><div class=\"fusion-title title fusion-title-1 fusion-sep-none fusion-title-text fusion-title-size-one\" style=\"--awb-text-color:var(--awb-custom13);--awb-margin-top-small:0px;--awb-margin-right-small:0px;--awb-margin-bottom-small:20px;--awb-margin-left-small:0px;--awb-font-size:40px;\"><h1 class=\"fusion-title-heading title-heading-left md-text-align-center fusion-responsive-typography-calculated\" style=\"font-family:var(--awb-typography1-font-family);font-weight:var(--awb-typography1-font-weight);font-style:var(--awb-typography1-font-style);margin:0;letter-spacing:var(--awb-typography1-letter-spacing);text-transform:var(--awb-typography1-text-transform);font-size:1em;--fontSize:40;line-height:var(--awb-typography1-line-height);\">Dom Geraldo Gonz\u00e1lez y Lima OSB \u00e9lu quatri\u00e8me abb\u00e9 de S\u00e3o Geraldo<\/h1><\/div><div class=\"fusion-text fusion-text-1 fusion-no-small-visibility fusion-no-medium-visibility\" style=\"--awb-font-size:var(--awb-typography3-font-size);--awb-line-height:var(--awb-typography3-line-height);--awb-letter-spacing:var(--awb-typography3-letter-spacing);--awb-text-transform:var(--awb-typography3-text-transform);--awb-text-font-family:var(--awb-typography3-font-family);--awb-text-font-weight:var(--awb-typography3-font-weight);--awb-text-font-style:var(--awb-typography3-font-style);\"><p>Dom Geraldo Gonz\u00e1lez y Lima OSB, tr\u00e9sorier de longue date de la Conf\u00e9d\u00e9ration b\u00e9n\u00e9dictine \u00e0 Rome, a \u00e9t\u00e9 \u00e9lu quatri\u00e8me abb\u00e9 de l\u2019abbaye de S\u00e3o Geraldo \u00e0 S\u00e3o Paulo, au Br\u00e9sil, retournant ainsi dans sa communaut\u00e9 d\u2019origine.<\/p>\n<\/div><\/div><\/div><div class=\"fusion-layout-column fusion_builder_column fusion-builder-column-1 fusion_builder_column_1_2 1_2 fusion-flex-column\" style=\"--awb-bg-size:cover;--awb-width-large:50%;--awb-margin-top-large:0px;--awb-spacing-right-large:30px;--awb-margin-bottom-large:0px;--awb-spacing-left-large:30px;--awb-width-medium:100%;--awb-order-medium:0;--awb-spacing-right-medium:30px;--awb-spacing-left-medium:30px;--awb-width-small:100%;--awb-order-small:0;--awb-spacing-right-small:30px;--awb-spacing-left-small:30px;\"><div class=\"fusion-column-wrapper fusion-column-has-shadow fusion-flex-justify-content-flex-start fusion-content-layout-column\"><div class=\"fusion-image-element \" style=\"--awb-caption-title-font-family:var(--h2_typography-font-family);--awb-caption-title-font-weight:var(--h2_typography-font-weight);--awb-caption-title-font-style:var(--h2_typography-font-style);--awb-caption-title-size:var(--h2_typography-font-size);--awb-caption-title-transform:var(--h2_typography-text-transform);--awb-caption-title-line-height:var(--h2_typography-line-height);--awb-caption-title-letter-spacing:var(--h2_typography-letter-spacing);\"><span class=\" fusion-imageframe imageframe-none imageframe-1 hover-type-none\" style=\"border:1px solid var(--awb-custom10);\"><a href=\"https:\/\/osb.org\/wp-content\/uploads\/2026\/02\/DSC_2900_2.jpg\" class=\"fusion-lightbox\" data-rel=\"iLightbox[583af88ca80951513cc]\" data-title=\"DSC_2900_2\" title=\"DSC_2900_2\"><img decoding=\"async\" width=\"1282\" height=\"1920\" src=\"https:\/\/osb.org\/wp-content\/uploads\/2026\/02\/DSC_2900_2.jpg\" data-orig-src=\"https:\/\/osb.org\/wp-content\/uploads\/2026\/02\/DSC_2900_2.jpg\" alt class=\"lazyload img-responsive wp-image-16486\" srcset=\"data:image\/svg+xml,%3Csvg%20xmlns%3D%27http%3A%2F%2Fwww.w3.org%2F2000%2Fsvg%27%20width%3D%271282%27%20height%3D%271920%27%20viewBox%3D%270%200%201282%201920%27%3E%3Crect%20width%3D%271282%27%20height%3D%271920%27%20fill-opacity%3D%220%22%2F%3E%3C%2Fsvg%3E\" data-srcset=\"https:\/\/osb.org\/wp-content\/uploads\/2026\/02\/DSC_2900_2-200x300.jpg 200w, https:\/\/osb.org\/wp-content\/uploads\/2026\/02\/DSC_2900_2-400x599.jpg 400w, https:\/\/osb.org\/wp-content\/uploads\/2026\/02\/DSC_2900_2-600x899.jpg 600w, https:\/\/osb.org\/wp-content\/uploads\/2026\/02\/DSC_2900_2-800x1198.jpg 800w, https:\/\/osb.org\/wp-content\/uploads\/2026\/02\/DSC_2900_2-1200x1797.jpg 1200w, https:\/\/osb.org\/wp-content\/uploads\/2026\/02\/DSC_2900_2.jpg 1282w\" data-sizes=\"auto\" data-orig-sizes=\"(max-width: 1024px) 100vw, (max-width: 640px) 100vw, 600px\" \/><\/a><\/span><\/div><div class=\"fusion-text fusion-text-2 fusion-text-no-margin\" style=\"--awb-font-size:var(--awb-typography5-font-size);--awb-line-height:var(--awb-typography5-line-height);--awb-letter-spacing:var(--awb-typography5-letter-spacing);--awb-text-transform:var(--awb-typography5-text-transform);--awb-text-color:var(--awb-custom11);--awb-margin-top:12px;--awb-margin-bottom:12px;--awb-text-font-family:var(--awb-typography5-font-family);--awb-text-font-weight:var(--awb-typography5-font-weight);--awb-text-font-style:var(--awb-typography5-font-style);\"><p>Votre contenu va ici<\/p>\n<\/div><\/div><\/div><div class=\"fusion-layout-column fusion_builder_column fusion-builder-column-2 fusion_builder_column_1_2 1_2 fusion-flex-column\" style=\"--awb-bg-size:cover;--awb-width-large:50%;--awb-margin-top-large:0px;--awb-spacing-right-large:30px;--awb-margin-bottom-large:0px;--awb-spacing-left-large:30px;--awb-width-medium:100%;--awb-order-medium:0;--awb-spacing-right-medium:30px;--awb-spacing-left-medium:30px;--awb-width-small:100%;--awb-order-small:0;--awb-spacing-right-small:30px;--awb-spacing-left-small:30px;\"><div class=\"fusion-column-wrapper fusion-column-has-shadow fusion-flex-justify-content-flex-start fusion-content-layout-column\"><div class=\"fusion-separator fusion-full-width-sep\" style=\"align-self: center;margin-left: auto;margin-right: auto;width:100%;\"><div class=\"fusion-separator-border sep-single sep-solid\" style=\"--awb-height:20px;--awb-amount:20px;--awb-sep-color:var(--awb-color4);border-color:var(--awb-color4);border-top-width:3px;\"><\/div><\/div><\/div><\/div><\/div><\/div><div class=\"fusion-fullwidth fullwidth-box fusion-builder-row-2 fusion-flex-container hundred-percent-fullwidth non-hundred-percent-height-scrolling\" style=\"--awb-border-radius-top-left:0px;--awb-border-radius-top-right:0px;--awb-border-radius-bottom-right:0px;--awb-border-radius-bottom-left:0px;--awb-padding-right:60px;--awb-padding-left:60px;--awb-padding-right-medium:60px;--awb-padding-left-medium:60px;--awb-padding-right-small:30px;--awb-padding-left-small:30px;--awb-margin-top-small:0px;--awb-flex-wrap:wrap;\" ><div class=\"fusion-builder-row fusion-row fusion-flex-align-items-flex-start fusion-flex-justify-content-center fusion-flex-content-wrap\" style=\"width:calc( 100% + 60px ) !important;max-width:calc( 100% + 60px ) !important;margin-left: calc(-60px \/ 2 );margin-right: calc(-60px \/ 2 );\"><div class=\"fusion-layout-column fusion_builder_column fusion-builder-column-3 fusion_builder_column_1_2 1_2 fusion-flex-column\" style=\"--awb-bg-size:cover;--awb-width-large:50%;--awb-margin-top-large:0px;--awb-spacing-right-large:30px;--awb-margin-bottom-large:20px;--awb-spacing-left-large:30px;--awb-width-medium:100%;--awb-order-medium:1;--awb-spacing-right-medium:30px;--awb-spacing-left-medium:30px;--awb-width-small:100%;--awb-order-small:1;--awb-spacing-right-small:30px;--awb-spacing-left-small:30px;\"><div class=\"fusion-column-wrapper fusion-column-has-shadow fusion-flex-justify-content-flex-start fusion-content-layout-column\"><div class=\"fusion-title title fusion-title-2 sep-underline sep-solid fusion-title-text fusion-title-size-three\" style=\"--awb-text-color:var(--awb-color8);--awb-margin-bottom:3%;--awb-margin-top-small:0px;--awb-margin-right-small:0px;--awb-margin-bottom-small:20px;--awb-margin-left-small:0px;--awb-font-size:var(--awb-typography3-font-size);\"><h3 class=\"fusion-title-heading title-heading-left fusion-responsive-typography-calculated\" style=\"font-family:var(--awb-typography3-font-family);font-weight:var(--awb-typography3-font-weight);font-style:var(--awb-typography3-font-style);margin:0;letter-spacing:var(--awb-typography3-letter-spacing);text-transform:var(--awb-typography3-text-transform);font-size:1em;--fontSize:22;--minFontSize:22;line-height:var(--awb-typography3-line-height);\">Le \u00ab Congedo \u00bb de l\u2019abb\u00e9 Geraldo<\/h3><\/div><div class=\"awb-gallery-wrapper awb-gallery-wrapper-1 button-span-no\" style=\"--more-btn-alignment:center;\"><div style=\"margin:-5px;--awb-bordersize:0px;\" class=\"fusion-gallery fusion-gallery-container fusion-grid-2 fusion-columns-total-6 fusion-gallery-layout-grid fusion-gallery-1\"><div style=\"padding:5px;\" class=\"fusion-grid-column fusion-gallery-column fusion-gallery-column-2 hover-type-none\"><div class=\"fusion-gallery-image\"><a href=\"https:\/\/osb.org\/wp-content\/uploads\/2026\/02\/DSC_1231.jpg\" rel=\"noreferrer\" data-rel=\"iLightbox[gallery_image_1]\" class=\"fusion-lightbox\" target=\"_self\"><img decoding=\"async\" src=\"https:\/\/osb.org\/wp-content\/uploads\/2026\/02\/DSC_1231.jpg\" data-orig-src=\"https:\/\/osb.org\/wp-content\/uploads\/2026\/02\/DSC_1231.jpg\" width=\"1920\" height=\"1280\" alt=\"\" title=\"DSC_1231\" aria-label=\"DSC_1231\" class=\"lazyload img-responsive wp-image-16488\" srcset=\"data:image\/svg+xml,%3Csvg%20xmlns%3D%27http%3A%2F%2Fwww.w3.org%2F2000%2Fsvg%27%20width%3D%271920%27%20height%3D%271280%27%20viewBox%3D%270%200%201920%201280%27%3E%3Crect%20width%3D%271920%27%20height%3D%271280%27%20fill-opacity%3D%220%22%2F%3E%3C%2Fsvg%3E\" data-srcset=\"https:\/\/osb.org\/wp-content\/uploads\/2026\/02\/DSC_1231-200x133.jpg 200w, https:\/\/osb.org\/wp-content\/uploads\/2026\/02\/DSC_1231-400x267.jpg 400w, https:\/\/osb.org\/wp-content\/uploads\/2026\/02\/DSC_1231-600x400.jpg 600w, https:\/\/osb.org\/wp-content\/uploads\/2026\/02\/DSC_1231-800x533.jpg 800w, https:\/\/osb.org\/wp-content\/uploads\/2026\/02\/DSC_1231-1200x800.jpg 1200w, https:\/\/osb.org\/wp-content\/uploads\/2026\/02\/DSC_1231.jpg 1920w\" data-sizes=\"auto\" data-orig-sizes=\"(min-width: 2200px) 100vw, (min-width: 712px) 548px, (min-width: 640px) 712px, \" \/><\/a><\/div><\/div><div style=\"padding:5px;\" class=\"fusion-grid-column fusion-gallery-column fusion-gallery-column-2 hover-type-none\"><div class=\"fusion-gallery-image\"><a href=\"https:\/\/osb.org\/wp-content\/uploads\/2026\/02\/DSC_1273.jpg\" rel=\"noreferrer\" data-rel=\"iLightbox[gallery_image_1]\" class=\"fusion-lightbox\" target=\"_self\"><img decoding=\"async\" src=\"https:\/\/osb.org\/wp-content\/uploads\/2026\/02\/DSC_1273.jpg\" data-orig-src=\"https:\/\/osb.org\/wp-content\/uploads\/2026\/02\/DSC_1273.jpg\" width=\"1920\" height=\"1280\" alt=\"\" title=\"DSC_1273\" aria-label=\"DSC_1273\" class=\"lazyload img-responsive wp-image-16480\" srcset=\"data:image\/svg+xml,%3Csvg%20xmlns%3D%27http%3A%2F%2Fwww.w3.org%2F2000%2Fsvg%27%20width%3D%271920%27%20height%3D%271280%27%20viewBox%3D%270%200%201920%201280%27%3E%3Crect%20width%3D%271920%27%20height%3D%271280%27%20fill-opacity%3D%220%22%2F%3E%3C%2Fsvg%3E\" data-srcset=\"https:\/\/osb.org\/wp-content\/uploads\/2026\/02\/DSC_1273-200x133.jpg 200w, https:\/\/osb.org\/wp-content\/uploads\/2026\/02\/DSC_1273-400x267.jpg 400w, https:\/\/osb.org\/wp-content\/uploads\/2026\/02\/DSC_1273-600x400.jpg 600w, https:\/\/osb.org\/wp-content\/uploads\/2026\/02\/DSC_1273-800x533.jpg 800w, https:\/\/osb.org\/wp-content\/uploads\/2026\/02\/DSC_1273-1200x800.jpg 1200w, https:\/\/osb.org\/wp-content\/uploads\/2026\/02\/DSC_1273.jpg 1920w\" data-sizes=\"auto\" data-orig-sizes=\"(min-width: 2200px) 100vw, (min-width: 712px) 548px, (min-width: 640px) 712px, \" \/><\/a><\/div><\/div><div class=\"clearfix\"><\/div><div style=\"padding:5px;\" class=\"fusion-grid-column fusion-gallery-column fusion-gallery-column-2 hover-type-none\"><div class=\"fusion-gallery-image\"><a href=\"https:\/\/osb.org\/wp-content\/uploads\/2026\/02\/DSC_3003.jpg\" rel=\"noreferrer\" data-rel=\"iLightbox[gallery_image_1]\" class=\"fusion-lightbox\" target=\"_self\"><img decoding=\"async\" src=\"https:\/\/osb.org\/wp-content\/uploads\/2026\/02\/DSC_3003.jpg\" data-orig-src=\"https:\/\/osb.org\/wp-content\/uploads\/2026\/02\/DSC_3003.jpg\" width=\"1920\" height=\"1282\" alt=\"\" title=\"DSC_3003\" aria-label=\"DSC_3003\" class=\"lazyload img-responsive wp-image-16481\" srcset=\"data:image\/svg+xml,%3Csvg%20xmlns%3D%27http%3A%2F%2Fwww.w3.org%2F2000%2Fsvg%27%20width%3D%271920%27%20height%3D%271282%27%20viewBox%3D%270%200%201920%201282%27%3E%3Crect%20width%3D%271920%27%20height%3D%271282%27%20fill-opacity%3D%220%22%2F%3E%3C%2Fsvg%3E\" data-srcset=\"https:\/\/osb.org\/wp-content\/uploads\/2026\/02\/DSC_3003-200x134.jpg 200w, https:\/\/osb.org\/wp-content\/uploads\/2026\/02\/DSC_3003-400x267.jpg 400w, https:\/\/osb.org\/wp-content\/uploads\/2026\/02\/DSC_3003-600x401.jpg 600w, https:\/\/osb.org\/wp-content\/uploads\/2026\/02\/DSC_3003-800x534.jpg 800w, https:\/\/osb.org\/wp-content\/uploads\/2026\/02\/DSC_3003-1200x801.jpg 1200w, https:\/\/osb.org\/wp-content\/uploads\/2026\/02\/DSC_3003.jpg 1920w\" data-sizes=\"auto\" data-orig-sizes=\"(min-width: 2200px) 100vw, (min-width: 712px) 548px, (min-width: 640px) 712px, \" \/><\/a><\/div><\/div><div style=\"padding:5px;\" class=\"fusion-grid-column fusion-gallery-column fusion-gallery-column-2 hover-type-none\"><div class=\"fusion-gallery-image\"><a href=\"https:\/\/osb.org\/wp-content\/uploads\/2026\/02\/DSC_3058.jpg\" rel=\"noreferrer\" data-rel=\"iLightbox[gallery_image_1]\" class=\"fusion-lightbox\" target=\"_self\"><img decoding=\"async\" src=\"https:\/\/osb.org\/wp-content\/uploads\/2026\/02\/DSC_3058.jpg\" data-orig-src=\"https:\/\/osb.org\/wp-content\/uploads\/2026\/02\/DSC_3058.jpg\" width=\"1920\" height=\"1282\" alt=\"\" title=\"DSC_3058\" aria-label=\"DSC_3058\" class=\"lazyload img-responsive wp-image-16483\" srcset=\"data:image\/svg+xml,%3Csvg%20xmlns%3D%27http%3A%2F%2Fwww.w3.org%2F2000%2Fsvg%27%20width%3D%271920%27%20height%3D%271282%27%20viewBox%3D%270%200%201920%201282%27%3E%3Crect%20width%3D%271920%27%20height%3D%271282%27%20fill-opacity%3D%220%22%2F%3E%3C%2Fsvg%3E\" data-srcset=\"https:\/\/osb.org\/wp-content\/uploads\/2026\/02\/DSC_3058-200x134.jpg 200w, https:\/\/osb.org\/wp-content\/uploads\/2026\/02\/DSC_3058-400x267.jpg 400w, https:\/\/osb.org\/wp-content\/uploads\/2026\/02\/DSC_3058-600x401.jpg 600w, https:\/\/osb.org\/wp-content\/uploads\/2026\/02\/DSC_3058-800x534.jpg 800w, https:\/\/osb.org\/wp-content\/uploads\/2026\/02\/DSC_3058-1200x801.jpg 1200w, https:\/\/osb.org\/wp-content\/uploads\/2026\/02\/DSC_3058.jpg 1920w\" data-sizes=\"auto\" data-orig-sizes=\"(min-width: 2200px) 100vw, (min-width: 712px) 548px, (min-width: 640px) 712px, \" \/><\/a><\/div><\/div><div class=\"clearfix\"><\/div><div style=\"padding:5px;\" class=\"fusion-grid-column fusion-gallery-column fusion-gallery-column-2 hover-type-none\"><div class=\"fusion-gallery-image\"><a href=\"https:\/\/osb.org\/wp-content\/uploads\/2026\/02\/DSC_3116.jpg\" rel=\"noreferrer\" data-rel=\"iLightbox[gallery_image_1]\" class=\"fusion-lightbox\" target=\"_self\"><img decoding=\"async\" src=\"https:\/\/osb.org\/wp-content\/uploads\/2026\/02\/DSC_3116.jpg\" data-orig-src=\"https:\/\/osb.org\/wp-content\/uploads\/2026\/02\/DSC_3116.jpg\" width=\"1920\" height=\"1282\" alt=\"\" title=\"DSC_3116\" aria-label=\"DSC_3116\" class=\"lazyload img-responsive wp-image-16484\" srcset=\"data:image\/svg+xml,%3Csvg%20xmlns%3D%27http%3A%2F%2Fwww.w3.org%2F2000%2Fsvg%27%20width%3D%271920%27%20height%3D%271282%27%20viewBox%3D%270%200%201920%201282%27%3E%3Crect%20width%3D%271920%27%20height%3D%271282%27%20fill-opacity%3D%220%22%2F%3E%3C%2Fsvg%3E\" data-srcset=\"https:\/\/osb.org\/wp-content\/uploads\/2026\/02\/DSC_3116-200x134.jpg 200w, https:\/\/osb.org\/wp-content\/uploads\/2026\/02\/DSC_3116-400x267.jpg 400w, https:\/\/osb.org\/wp-content\/uploads\/2026\/02\/DSC_3116-600x401.jpg 600w, https:\/\/osb.org\/wp-content\/uploads\/2026\/02\/DSC_3116-800x534.jpg 800w, https:\/\/osb.org\/wp-content\/uploads\/2026\/02\/DSC_3116-1200x801.jpg 1200w, https:\/\/osb.org\/wp-content\/uploads\/2026\/02\/DSC_3116.jpg 1920w\" data-sizes=\"auto\" data-orig-sizes=\"(min-width: 2200px) 100vw, (min-width: 712px) 548px, (min-width: 640px) 712px, \" \/><\/a><\/div><\/div><div style=\"padding:5px;\" class=\"fusion-grid-column fusion-gallery-column fusion-gallery-column-2 hover-type-none\"><div class=\"fusion-gallery-image\"><a href=\"https:\/\/osb.org\/wp-content\/uploads\/2026\/02\/DSC_3122.jpg\" rel=\"noreferrer\" data-rel=\"iLightbox[gallery_image_1]\" class=\"fusion-lightbox\" target=\"_self\"><img decoding=\"async\" src=\"https:\/\/osb.org\/wp-content\/uploads\/2026\/02\/DSC_3122.jpg\" data-orig-src=\"https:\/\/osb.org\/wp-content\/uploads\/2026\/02\/DSC_3122.jpg\" width=\"1920\" height=\"1282\" alt=\"\" title=\"DSC_3122\" aria-label=\"DSC_3122\" class=\"lazyload img-responsive wp-image-16485\" srcset=\"data:image\/svg+xml,%3Csvg%20xmlns%3D%27http%3A%2F%2Fwww.w3.org%2F2000%2Fsvg%27%20width%3D%271920%27%20height%3D%271282%27%20viewBox%3D%270%200%201920%201282%27%3E%3Crect%20width%3D%271920%27%20height%3D%271282%27%20fill-opacity%3D%220%22%2F%3E%3C%2Fsvg%3E\" data-srcset=\"https:\/\/osb.org\/wp-content\/uploads\/2026\/02\/DSC_3122-200x134.jpg 200w, https:\/\/osb.org\/wp-content\/uploads\/2026\/02\/DSC_3122-400x267.jpg 400w, https:\/\/osb.org\/wp-content\/uploads\/2026\/02\/DSC_3122-600x401.jpg 600w, https:\/\/osb.org\/wp-content\/uploads\/2026\/02\/DSC_3122-800x534.jpg 800w, https:\/\/osb.org\/wp-content\/uploads\/2026\/02\/DSC_3122-1200x801.jpg 1200w, https:\/\/osb.org\/wp-content\/uploads\/2026\/02\/DSC_3122.jpg 1920w\" data-sizes=\"auto\" data-orig-sizes=\"(min-width: 2200px) 100vw, (min-width: 712px) 548px, (min-width: 640px) 712px, \" \/><\/a><\/div><\/div><div class=\"clearfix\"><\/div><\/div><\/div><div style=\"text-align:center;\"><a class=\"fusion-button button-flat fusion-button-default-size button-default fusion-button-default button-1 fusion-button-span-yes fusion-button-default-type\" style=\"--awb-margin-top:2%;--button_text_transform:uppercase;--button_font_size:18px;--button_line_height:var(--awb-typography3-line-height);--button_typography-letter-spacing:1.5px;--button_typography-font-family:&quot;yorkten-slab-normal&quot;;--button_typography-font-style:normal;--button_typography-font-weight:400;\" target=\"_blank\" rel=\"noopener noreferrer\" href=\"https:\/\/flic.kr\/s\/aHBqjCJDY8\"><span class=\"fusion-button-text awb-button__text awb-button__text--default\">Plus de photos sur Flickr<\/span><\/a><\/div><\/div><\/div><div class=\"fusion-layout-column fusion_builder_column fusion-builder-column-4 fusion_builder_column_1_2 1_2 fusion-flex-column\" style=\"--awb-bg-blend:overlay;--awb-bg-size:cover;--awb-width-large:50%;--awb-margin-top-large:0px;--awb-spacing-right-large:30px;--awb-margin-bottom-large:20px;--awb-spacing-left-large:30px;--awb-width-medium:75%;--awb-order-medium:0;--awb-spacing-right-medium:30px;--awb-spacing-left-medium:30px;--awb-width-small:100%;--awb-order-small:0;--awb-spacing-right-small:30px;--awb-spacing-left-small:30px;\"><div class=\"fusion-column-wrapper fusion-flex-justify-content-flex-start fusion-content-layout-column\"><div class=\"fusion-builder-row fusion-builder-row-inner fusion-row fusion-flex-align-items-flex-start fusion-flex-justify-content-center fusion-flex-content-wrap\" style=\"--awb-flex-grow:0;--awb-flex-grow-medium:0;--awb-flex-grow-small:0;--awb-flex-shrink:0;--awb-flex-shrink-medium:0;--awb-flex-shrink-small:0;width:calc( 100% + 60px ) !important;max-width:calc( 100% + 60px ) !important;margin-left: calc(-60px \/ 2 );margin-right: calc(-60px \/ 2 );\"><div class=\"fusion-layout-column fusion_builder_column_inner fusion-builder-nested-column-0 fusion_builder_column_inner_1_2 1_2 fusion-flex-column fusion-flex-align-self-center\" style=\"--awb-bg-size:cover;--awb-width-large:50%;--awb-margin-top-large:0px;--awb-spacing-right-large:30px;--awb-margin-bottom-large:0px;--awb-spacing-left-large:30px;--awb-width-medium:50%;--awb-order-medium:0;--awb-spacing-right-medium:30px;--awb-spacing-left-medium:30px;--awb-width-small:100%;--awb-order-small:1;--awb-spacing-right-small:30px;--awb-margin-bottom-small:20px;--awb-spacing-left-small:30px;\"><div class=\"fusion-column-wrapper fusion-column-has-shadow fusion-flex-justify-content-center fusion-content-layout-column\"><div class=\"fusion-text fusion-text-3 fusion-text-no-margin\" style=\"--awb-font-size:var(--awb-typography5-font-size);--awb-line-height:var(--awb-typography5-line-height);--awb-letter-spacing:var(--awb-typography5-letter-spacing);--awb-text-transform:var(--awb-typography5-text-transform);--awb-text-color:var(--awb-custom11);--awb-margin-top:0px;--awb-margin-right:0px;--awb-margin-bottom:0px;--awb-margin-left:0px;--awb-text-font-family:var(--awb-typography5-font-family);--awb-text-font-weight:var(--awb-typography5-font-weight);--awb-text-font-style:var(--awb-typography5-font-style);\"><p>6 f\u00e9vrier 2026<\/p>\n<\/div><\/div><\/div><div class=\"fusion-layout-column fusion_builder_column_inner fusion-builder-nested-column-1 fusion_builder_column_inner_1_2 1_2 fusion-flex-column fusion-flex-align-self-center\" style=\"--awb-bg-size:cover;--awb-width-large:50%;--awb-margin-top-large:0px;--awb-spacing-right-large:30px;--awb-margin-bottom-large:0px;--awb-spacing-left-large:30px;--awb-width-medium:50%;--awb-order-medium:0;--awb-spacing-right-medium:30px;--awb-spacing-left-medium:30px;--awb-width-small:100%;--awb-order-small:0;--awb-margin-top-small:0px;--awb-spacing-right-small:30px;--awb-spacing-left-small:30px;\"><div class=\"fusion-column-wrapper fusion-column-has-shadow fusion-flex-justify-content-center fusion-content-layout-column\"><div class=\"fusion-sharing-box fusion-sharing-box-1 boxed-icons\" style=\"background-color:var(--awb-color1);border-color:var(--awb-color1);--awb-margin-top:0px;--awb-margin-right:0px;--awb-margin-bottom:0px;--awb-margin-left:0px;--awb-wrapper-padding-top:0px;--awb-wrapper-padding-right:0px;--awb-wrapper-padding-bottom:0px;--awb-wrapper-padding-left:0px;--awb-padding-top:0px;--awb-padding-right:0px;--awb-padding-bottom:0px;--awb-padding-left:0px;--awb-border-top:0px;--awb-border-right:0px;--awb-border-bottom:0px;--awb-border-left:0px;--awb-icon-size:12px;--awb-separator-border-color:#cccccc;--awb-separator-border-sizes:0px;--awb-stacked-align:flex-end;--awb-layout:row;--awb-alignment-small:flex-end;--awb-stacked-align-small:center;\" data-title=\"Dom Geraldo Gonz\u00e1lez y Lima OSB \u00e9lu quatri\u00e8me abb\u00e9 de S\u00e3o Geraldo\" data-description=\"Votre contenu va ici  Votre contenu va ici   \r\n\r\nLe \u00ab Congedo \u00bb de l\u2019abb\u00e9 Geraldo    Plus de photos sur Flickr    \r\n\r\nLa communaut\u00e9 monastique de l\u2019abbaye de S\u00e3o Geraldo \u00e0 S\u00e3o Paulo, au Br\u00e9sil, a \u00e9lu\" data-link=\"https:\/\/osb.org\/fr\/2026\/02\/06\/dom-geraldo-gonzalez-y-lima-osb-elu-quatrieme-abbe-de-sao-geraldo\/\"><div class=\"fusion-social-networks sharingbox-shortcode-icon-wrapper sharingbox-shortcode-icon-wrapper-1 boxed-icons\"><span><a href=\"https:\/\/www.facebook.com\/sharer.php?u=https%3A%2F%2Fosb.org%2Ffr%2F2026%2F02%2F06%2Fdom-geraldo-gonzalez-y-lima-osb-elu-quatrieme-abbe-de-sao-geraldo%2F&amp;t=Dom%20Geraldo%20Gonz%C3%A1lez%20y%20Lima%20OSB%20%C3%A9lu%20quatri%C3%A8me%20abb%C3%A9%20de%20S%C3%A3o%20Geraldo\" target=\"_blank\" rel=\"noreferrer\" title=\"Facebook\" aria-label=\"Facebook\"><i class=\"fusion-social-network-icon fusion-tooltip fusion-facebook awb-icon-facebook\" style=\"color:var(--awb-custom11);background-color:#e8e8e8;border-color:#e8e8e8;border-radius:50%;\" aria-hidden=\"true\"><\/i><\/a><\/span><span><a href=\"https:\/\/x.com\/intent\/post?text=Dom%20Geraldo%20Gonz%C3%A1lez%20y%20Lima%20OSB%20%C3%A9lu%20quatri%C3%A8me%20abb%C3%A9%20de%20S%C3%A3o%20Geraldo&amp;url=https%3A%2F%2Fosb.org%2Ffr%2F2026%2F02%2F06%2Fdom-geraldo-gonzalez-y-lima-osb-elu-quatrieme-abbe-de-sao-geraldo%2F\" target=\"_blank\" rel=\"noopener noreferrer\" title=\"X\" aria-label=\"X\"><i class=\"fusion-social-network-icon fusion-tooltip fusion-twitter awb-icon-twitter\" style=\"color:var(--awb-custom11);background-color:#e8e8e8;border-color:#e8e8e8;border-radius:50%;\" aria-hidden=\"true\"><\/i><\/a><\/span><span><a href=\"https:\/\/api.whatsapp.com\/send?text=https%3A%2F%2Fosb.org%2Ffr%2F2026%2F02%2F06%2Fdom-geraldo-gonzalez-y-lima-osb-elu-quatrieme-abbe-de-sao-geraldo%2F\" target=\"_blank\" rel=\"noopener noreferrer\" title=\"WhatsApp\" aria-label=\"WhatsApp\"><i class=\"fusion-social-network-icon fusion-tooltip fusion-whatsapp awb-icon-whatsapp\" style=\"color:var(--awb-custom11);background-color:#e8e8e8;border-color:#e8e8e8;border-radius:50%;\" aria-hidden=\"true\"><\/i><\/a><\/span><span><a href=\"mailto:?subject=Dom%20Geraldo%20Gonz%C3%A1lez%20y%20Lima%20OSB%20%C3%A9lu%20quatri%C3%A8me%20abb%C3%A9%20de%20S%C3%A3o%20Geraldo&amp;body=https%3A%2F%2Fosb.org%2Ffr%2F2026%2F02%2F06%2Fdom-geraldo-gonzalez-y-lima-osb-elu-quatrieme-abbe-de-sao-geraldo%2F\" target=\"_self\" title=\"Email\" aria-label=\"Email\"><i class=\"fusion-social-network-icon fusion-tooltip fusion-mail awb-icon-mail\" style=\"color:var(--awb-custom11);background-color:#e8e8e8;border-color:#e8e8e8;border-radius:50%;\" aria-hidden=\"true\"><\/i><\/a><\/span><\/div><\/div><\/div><\/div><\/div><div class=\"fusion-text fusion-text-4\" style=\"--awb-margin-top:10px;\"><p>La communaut\u00e9 monastique de l\u2019abbaye de S\u00e3o Geraldo \u00e0 S\u00e3o Paulo, au Br\u00e9sil, a \u00e9lu Dom Geraldo Gonz\u00e1lez y Lima OSB comme son quatri\u00e8me abb\u00e9. L\u2019\u00e9lection a eu lieu le 15 janvier 2026, co\u00efncidant avec la m\u00e9moire liturgique des saints Maur et Placide, les premiers disciples de saint Beno\u00eet. Dom Geraldo succ\u00e8de \u00e0 la chaire abbatiale de cette communaut\u00e9, membre de la Congr\u00e9gation hongroise, apr\u00e8s deux d\u00e9cennies de service distingu\u00e9 \u00e0 la conf\u00e9d\u00e9ration \u00e9largie \u00e0 Rome.  <\/p>\n<p>N\u00e9 \u00e0 La Havane, \u00e0 Cuba, dans une famille d\u2019origine espagnole et chinoise, la vie de Dom Geraldo a \u00e9t\u00e9 profond\u00e9ment li\u00e9e au charisme b\u00e9n\u00e9dictin d\u00e8s sa jeunesse. Ancien \u00e9l\u00e8ve du Col\u00e9gio Santo Am\u00e9rico, l\u2019institution \u00e9ducative renomm\u00e9e de l\u2019abbaye, il a ensuite obtenu un dipl\u00f4me en droit de l\u2019universit\u00e9 de S\u00e3o Paulo, se sp\u00e9cialisant en droit des soci\u00e9t\u00e9s. Sa transition de la profession juridique au clo\u00eetre a suivi une p\u00e9riode en tant qu\u2019oblat s\u00e9culier, entrant finalement \u00e0 S\u00e3o Geraldo en 1983. Il a fait sa profession solennelle en 1987 et a \u00e9t\u00e9 ordonn\u00e9 pr\u00eatre lors de la solennit\u00e9 des saints Pierre et Paul en 1991.   <\/p>\n<p>Au sein de sa propre communaut\u00e9, le leadership de Dom Geraldo s\u2019est \u00e9tabli gr\u00e2ce \u00e0 un \u00e9ventail diversifi\u00e9 de responsabilit\u00e9s. Il a \u00e9t\u00e9 ma\u00eetre des novices, procureur et sous-prieur, et a \u00e9t\u00e9 membre fondateur et sup\u00e9rieur de la Cella Saint Joseph \u00e0 Itapecerica da Serra. Son engagement envers l\u2019apostolat \u00e9ducatif b\u00e9n\u00e9dictin a \u00e9t\u00e9 particuli\u00e8rement \u00e9vident pendant son mandat de recteur du Col\u00e9gio Santo Am\u00e9rico et son travail avec le Mouvement Pax, qui favorise la croissance spirituelle parmi les \u00e9tudiants, les anciens \u00e9l\u00e8ves et leurs familles.  <\/p>\n<p>En 2005, Dom Geraldo a \u00e9t\u00e9 appel\u00e9 \u00e0 Rome pour servir \u00e0 la Curie de l\u2019abb\u00e9 primat \u00e0 Sant\u2019Anselmo. Au cours des 20 ann\u00e9es suivantes, il est devenu une figure famili\u00e8re et estim\u00e9e au sein de la famille b\u00e9n\u00e9dictine internationale. Ses r\u00f4les ont \u00e9t\u00e9 aussi vari\u00e9s qu\u2019exigeants : il a \u00e9t\u00e9 secr\u00e9taire de l\u2019abb\u00e9 primat Notker Wolf, secr\u00e9taire g\u00e9n\u00e9ral de l\u2019Ath\u00e9n\u00e9e pontifical de Sant\u2019Anselmo et, surtout, tr\u00e9sorier de la Conf\u00e9d\u00e9ration b\u00e9n\u00e9dictine. Son expertise en administration et sa pr\u00e9sence mesur\u00e9e et fraternelle ont fait de lui un pilier des op\u00e9rations de la Curie.   <\/p>\n<p>Son influence s\u2019est \u00e9tendue bien au-del\u00e0 des murs de la colline de l\u2019Aventin. Dom Geraldo a \u00e9t\u00e9 une figure centrale de la Commission internationale sur l\u2019\u00e9ducation b\u00e9n\u00e9dictine (CIEB), dont il est actuellement vice-pr\u00e9sident, et a contribu\u00e9 de mani\u00e8re significative \u00e0 l\u2019Alliance Inter-Monast\u00e8re (AIM) \u00e0 Paris. De plus, sa nomination en tant que procureur pour plusieurs congr\u00e9gations b\u00e9n\u00e9dictines \u2014 y compris les congr\u00e9gations am\u00e9ricano-cassinaise, suisse-am\u00e9ricaine, Cono-Sur et Solesmes \u2014 souligne la confiance que lui accorde la communaut\u00e9 monastique mondiale.  <\/p>\n<p>L\u2019\u00e9lection de Dom Geraldo marque le retour d\u2019un administrateur chevronn\u00e9 et d\u2019un moine respect\u00e9 dans la communaut\u00e9 qui l\u2019a form\u00e9. Apr\u00e8s une p\u00e9riode de transition \u00e0 Sant\u2019Anselmo pour conclure ses responsabilit\u00e9s \u00e0 Rome, il retournera au Br\u00e9sil pour commencer son minist\u00e8re abbatial. Dans ce nouveau chapitre, il supervisera l\u2019abbaye de S\u00e3o Geraldo et son vaste r\u00e9seau d\u2019\u0153uvres sociales, \u00e9ducatives et pastorales, y compris la paroisse de Morumbi et la cellule Saint Joseph.  <\/p>\n<p>La communaut\u00e9 de Sant\u2019Anselmo, tout en ressentant la perte d\u2019un coll\u00e8gue et ami bien-aim\u00e9, se joint aux moines de S\u00e3o Geraldo dans la pri\u00e8re alors que Dom Geraldo prend la crosse abbatiale, ramenant sa vaste exp\u00e9rience de l\u2019Ordre universel au service de sa communaut\u00e9 locale.<\/p>\n<\/div><div style=\"text-align:center;\"><a class=\"fusion-button button-flat fusion-button-default-size button-custom fusion-button-default button-2 fusion-button-span-yes fusion-button-default-type\" style=\"--awb-margin-top:10px;--button_accent_color:#ffffff;--button_accent_hover_color:#ffffff;--button_border_hover_color:#ffffff;--button_gradient_top_color:#1f7aa7;--button_gradient_bottom_color:#1f7aa7;--button_gradient_top_color_hover:#72cee0;--button_gradient_bottom_color_hover:#72cee0;\" target=\"_blank\" rel=\"noopener noreferrer\" href=\"https:\/\/www.asg.org.br\/\"><span class=\"fusion-button-text awb-button__text awb-button__text--default\">Site web Mosteiro S\u00e3o Geraldo |PT|<\/span><\/a><\/div><\/div><\/div><\/div><\/div><\/p>\n","protected":false},"excerpt":{"rendered":"<p>Dom Geraldo Gonz\u00e1lez y Lima OSB, tr\u00e9sorier de longue date de la Conf\u00e9d\u00e9ration b\u00e9n\u00e9dictine \u00e0 Rome, a \u00e9t\u00e9 \u00e9lu quatri\u00e8me abb\u00e9 de l\u2019abbaye de S\u00e3o Geraldo \u00e0 S\u00e3o Paulo, au Br\u00e9sil, retournant ainsi dans sa communaut\u00e9 d\u2019origine.<\/p>\n","protected":false},"author":1,"featured_media":16487,"comment_status":"closed","ping_status":"closed","sticky":false,"template":"","format":"standard","meta":{"footnotes":""},"categories":[183,187],"tags":[195,391],"class_list":["post-16479","post","type-post","status-publish","format-standard","has-post-thumbnail","hentry","category-nexus-fr","category-nouvelles-fr","tag-nexus-transitions-de-direction-fr","tag-nexus-fevrier-2026-fr"],"cc_featured_image_caption":{"caption_text":false,"source_text":false,"source_url":false},"_links":{"self":[{"href":"https:\/\/osb.org\/fr\/wp-json\/wp\/v2\/posts\/16479","targetHints":{"allow":["GET"]}}],"collection":[{"href":"https:\/\/osb.org\/fr\/wp-json\/wp\/v2\/posts"}],"about":[{"href":"https:\/\/osb.org\/fr\/wp-json\/wp\/v2\/types\/post"}],"author":[{"embeddable":true,"href":"https:\/\/osb.org\/fr\/wp-json\/wp\/v2\/users\/1"}],"replies":[{"embeddable":true,"href":"https:\/\/osb.org\/fr\/wp-json\/wp\/v2\/comments?post=16479"}],"version-history":[{"count":0,"href":"https:\/\/osb.org\/fr\/wp-json\/wp\/v2\/posts\/16479\/revisions"}],"wp:featuredmedia":[{"embeddable":true,"href":"https:\/\/osb.org\/fr\/wp-json\/wp\/v2\/media\/16487"}],"wp:attachment":[{"href":"https:\/\/osb.org\/fr\/wp-json\/wp\/v2\/media?parent=16479"}],"wp:term":[{"taxonomy":"category","embeddable":true,"href":"https:\/\/osb.org\/fr\/wp-json\/wp\/v2\/categories?post=16479"},{"taxonomy":"post_tag","embeddable":true,"href":"https:\/\/osb.org\/fr\/wp-json\/wp\/v2\/tags?post=16479"}],"curies":[{"name":"wp","href":"https:\/\/api.w.org\/{rel}","templated":true}]}}