{"id":16332,"date":"2026-01-26T16:28:09","date_gmt":"2026-01-26T15:28:09","guid":{"rendered":"https:\/\/osb.org\/2026\/01\/26\/in-memoriam-monseigneur-crispino-valenziano-1932-2026\/"},"modified":"2026-02-11T20:47:23","modified_gmt":"2026-02-11T19:47:23","slug":"in-memoriam-monseigneur-crispino-valenziano-1932-2026","status":"publish","type":"post","link":"https:\/\/osb.org\/fr\/2026\/01\/26\/in-memoriam-monseigneur-crispino-valenziano-1932-2026\/","title":{"rendered":"In Memoriam : Monseigneur Crispino Valenziano (1932\u20132026)"},"content":{"rendered":"<p><div class=\"fusion-fullwidth fullwidth-box fusion-builder-row-1 fusion-flex-container has-pattern-background has-mask-background hundred-percent-fullwidth non-hundred-percent-height-scrolling\" style=\"--awb-border-radius-top-left:0px;--awb-border-radius-top-right:0px;--awb-border-radius-bottom-right:0px;--awb-border-radius-bottom-left:0px;--awb-padding-right:60px;--awb-padding-bottom:0px;--awb-padding-left:60px;--awb-padding-right-small:30px;--awb-padding-left-small:30px;--awb-flex-wrap:wrap;\" ><div class=\"fusion-builder-row fusion-row fusion-flex-align-items-center fusion-flex-justify-content-flex-end fusion-flex-content-wrap\" style=\"width:calc( 100% + 60px ) !important;max-width:calc( 100% + 60px ) !important;margin-left: calc(-60px \/ 2 );margin-right: calc(-60px \/ 2 );\"><div class=\"fusion-layout-column fusion_builder_column fusion-builder-column-0 fusion_builder_column_1_2 1_2 fusion-flex-column\" style=\"--awb-padding-right:60px;--awb-padding-left:60px;--awb-padding-right-small:0px;--awb-padding-left-small:0px;--awb-bg-size:cover;--awb-width-large:50%;--awb-margin-top-large:0px;--awb-spacing-right-large:30px;--awb-margin-bottom-large:20px;--awb-spacing-left-large:30px;--awb-width-medium:100%;--awb-order-medium:0;--awb-margin-top-medium:20px;--awb-spacing-right-medium:30px;--awb-margin-bottom-medium:0px;--awb-spacing-left-medium:30px;--awb-width-small:100%;--awb-order-small:0;--awb-spacing-right-small:30px;--awb-spacing-left-small:30px;\"><div class=\"fusion-column-wrapper fusion-column-has-shadow fusion-flex-justify-content-flex-start fusion-content-layout-column\"><div class=\"fusion-title title fusion-title-1 fusion-sep-none fusion-title-text fusion-title-size-one\" style=\"--awb-text-color:var(--awb-custom13);--awb-margin-top-small:0px;--awb-margin-right-small:0px;--awb-margin-bottom-small:20px;--awb-margin-left-small:0px;--awb-font-size:40px;\"><h1 class=\"fusion-title-heading title-heading-left md-text-align-center fusion-responsive-typography-calculated\" style=\"font-family:var(--awb-typography1-font-family);font-weight:var(--awb-typography1-font-weight);font-style:var(--awb-typography1-font-style);margin:0;letter-spacing:var(--awb-typography1-letter-spacing);text-transform:var(--awb-typography1-text-transform);font-size:1em;--fontSize:40;line-height:var(--awb-typography1-line-height);\">In Memoriam : Monseigneur Crispino Valenziano (1932\u20132026)<\/h1><\/div><div class=\"fusion-text fusion-text-1 fusion-no-small-visibility fusion-no-medium-visibility\" style=\"--awb-font-size:var(--awb-typography3-font-size);--awb-line-height:var(--awb-typography3-line-height);--awb-letter-spacing:var(--awb-typography3-letter-spacing);--awb-text-transform:var(--awb-typography3-text-transform);--awb-text-font-family:var(--awb-typography3-font-family);--awb-text-font-weight:var(--awb-typography3-font-weight);--awb-text-font-style:var(--awb-typography3-font-style);\"><p>L'Institut pontifical de liturgie pleure la mort de Monseigneur Crispino Valenziano. Pionnier de l'anthropologie liturgique, son h\u00e9ritage \u00e0 Sant'Anselmo d\u00e9finit la deuxi\u00e8me g\u00e9n\u00e9ration de l'\u00e9rudition post-conciliaire. <\/p>\n<\/div><\/div><\/div><div class=\"fusion-layout-column fusion_builder_column fusion-builder-column-1 fusion_builder_column_1_2 1_2 fusion-flex-column\" style=\"--awb-bg-size:cover;--awb-width-large:50%;--awb-margin-top-large:0px;--awb-spacing-right-large:30px;--awb-margin-bottom-large:0px;--awb-spacing-left-large:30px;--awb-width-medium:100%;--awb-order-medium:0;--awb-spacing-right-medium:30px;--awb-spacing-left-medium:30px;--awb-width-small:100%;--awb-order-small:0;--awb-spacing-right-small:30px;--awb-spacing-left-small:30px;\"><div class=\"fusion-column-wrapper fusion-column-has-shadow fusion-flex-justify-content-flex-start fusion-content-layout-column\"><div class=\"fusion-image-element \" style=\"--awb-caption-title-font-family:var(--h2_typography-font-family);--awb-caption-title-font-weight:var(--h2_typography-font-weight);--awb-caption-title-font-style:var(--h2_typography-font-style);--awb-caption-title-size:var(--h2_typography-font-size);--awb-caption-title-transform:var(--h2_typography-text-transform);--awb-caption-title-line-height:var(--h2_typography-line-height);--awb-caption-title-letter-spacing:var(--h2_typography-letter-spacing);\"><span class=\" fusion-imageframe imageframe-none imageframe-1 hover-type-none\" style=\"border:1px solid var(--awb-custom10);\"><a href=\"https:\/\/osb.org\/wp-content\/uploads\/2026\/01\/DSC_2612_1920x1080.jpg\" class=\"fusion-lightbox\" data-rel=\"iLightbox[91483738fc72b526015]\" data-title=\"DSC_2612_1920x1080\" title=\"DSC_2612_1920x1080\"><img decoding=\"async\" width=\"1920\" height=\"1080\" src=\"https:\/\/osb.org\/wp-content\/uploads\/2026\/01\/DSC_2612_1920x1080.jpg\" data-orig-src=\"https:\/\/osb.org\/wp-content\/uploads\/2026\/01\/DSC_2612_1920x1080.jpg\" alt class=\"lazyload img-responsive wp-image-16333\" srcset=\"data:image\/svg+xml,%3Csvg%20xmlns%3D%27http%3A%2F%2Fwww.w3.org%2F2000%2Fsvg%27%20width%3D%271920%27%20height%3D%271080%27%20viewBox%3D%270%200%201920%201080%27%3E%3Crect%20width%3D%271920%27%20height%3D%271080%27%20fill-opacity%3D%220%22%2F%3E%3C%2Fsvg%3E\" data-srcset=\"https:\/\/osb.org\/wp-content\/uploads\/2026\/01\/DSC_2612_1920x1080-200x113.jpg 200w, https:\/\/osb.org\/wp-content\/uploads\/2026\/01\/DSC_2612_1920x1080-400x225.jpg 400w, https:\/\/osb.org\/wp-content\/uploads\/2026\/01\/DSC_2612_1920x1080-600x338.jpg 600w, https:\/\/osb.org\/wp-content\/uploads\/2026\/01\/DSC_2612_1920x1080-800x450.jpg 800w, https:\/\/osb.org\/wp-content\/uploads\/2026\/01\/DSC_2612_1920x1080-1200x675.jpg 1200w, https:\/\/osb.org\/wp-content\/uploads\/2026\/01\/DSC_2612_1920x1080.jpg 1920w\" data-sizes=\"auto\" data-orig-sizes=\"(max-width: 1024px) 100vw, (max-width: 640px) 100vw, 600px\" \/><\/a><\/span><\/div><div class=\"fusion-text fusion-text-2 fusion-text-no-margin\" style=\"--awb-font-size:var(--awb-typography5-font-size);--awb-line-height:var(--awb-typography5-line-height);--awb-letter-spacing:var(--awb-typography5-letter-spacing);--awb-text-transform:var(--awb-typography5-text-transform);--awb-text-color:var(--awb-custom11);--awb-margin-top:12px;--awb-margin-bottom:12px;--awb-text-font-family:var(--awb-typography5-font-family);--awb-text-font-weight:var(--awb-typography5-font-weight);--awb-text-font-style:var(--awb-typography5-font-style);\"><p>Votre contenu va ici<\/p>\n<\/div><\/div><\/div><div class=\"fusion-layout-column fusion_builder_column fusion-builder-column-2 fusion_builder_column_1_2 1_2 fusion-flex-column\" style=\"--awb-bg-size:cover;--awb-width-large:50%;--awb-margin-top-large:0px;--awb-spacing-right-large:30px;--awb-margin-bottom-large:0px;--awb-spacing-left-large:30px;--awb-width-medium:100%;--awb-order-medium:0;--awb-spacing-right-medium:30px;--awb-spacing-left-medium:30px;--awb-width-small:100%;--awb-order-small:0;--awb-spacing-right-small:30px;--awb-spacing-left-small:30px;\"><div class=\"fusion-column-wrapper fusion-column-has-shadow fusion-flex-justify-content-flex-start fusion-content-layout-column\"><div class=\"fusion-separator fusion-full-width-sep\" style=\"align-self: center;margin-left: auto;margin-right: auto;width:100%;\"><div class=\"fusion-separator-border sep-single sep-solid\" style=\"--awb-height:20px;--awb-amount:20px;--awb-sep-color:var(--awb-color4);border-color:var(--awb-color4);border-top-width:3px;\"><\/div><\/div><\/div><\/div><\/div><\/div><div class=\"fusion-fullwidth fullwidth-box fusion-builder-row-2 fusion-flex-container hundred-percent-fullwidth non-hundred-percent-height-scrolling\" style=\"--awb-border-radius-top-left:0px;--awb-border-radius-top-right:0px;--awb-border-radius-bottom-right:0px;--awb-border-radius-bottom-left:0px;--awb-padding-right:60px;--awb-padding-left:60px;--awb-padding-right-medium:60px;--awb-padding-left-medium:60px;--awb-padding-right-small:30px;--awb-padding-left-small:30px;--awb-margin-top-small:0px;--awb-flex-wrap:wrap;\" ><div class=\"fusion-builder-row fusion-row fusion-flex-align-items-flex-start fusion-flex-justify-content-center fusion-flex-content-wrap\" style=\"width:calc( 100% + 60px ) !important;max-width:calc( 100% + 60px ) !important;margin-left: calc(-60px \/ 2 );margin-right: calc(-60px \/ 2 );\"><div class=\"fusion-layout-column fusion_builder_column fusion-builder-column-3 fusion_builder_column_1_2 1_2 fusion-flex-column\" style=\"--awb-bg-size:cover;--awb-width-large:50%;--awb-margin-top-large:0px;--awb-spacing-right-large:30px;--awb-margin-bottom-large:20px;--awb-spacing-left-large:30px;--awb-width-medium:100%;--awb-order-medium:1;--awb-spacing-right-medium:30px;--awb-spacing-left-medium:30px;--awb-width-small:100%;--awb-order-small:1;--awb-spacing-right-small:30px;--awb-spacing-left-small:30px;\"><div class=\"fusion-column-wrapper fusion-column-has-shadow fusion-flex-justify-content-flex-start fusion-content-layout-column\"><div class=\"fusion-video fusion-youtube\" style=\"--awb-max-width:1200px;--awb-max-height:675px;--awb-align-self:center;--awb-width:100%;\"><div class=\"video-shortcode\"><lite-youtube videoid=\"7nNZf5PoQys\" class=\"landscape\" params=\"wmode=transparent&autoplay=1&amp;start=4044&amp;enablejsapi=1\" title=\"YouTube video player 1\" data-button-label=\"Play Video\" width=\"1200\" height=\"675\" data-thumbnail-size=\"auto\" data-no-cookie=\"on\"><\/lite-youtube><\/div><\/div><div class=\"fusion-text fusion-text-3 fusion-text-no-margin\" style=\"--awb-font-size:var(--awb-typography5-font-size);--awb-line-height:var(--awb-typography5-line-height);--awb-letter-spacing:var(--awb-typography5-letter-spacing);--awb-text-transform:var(--awb-typography5-text-transform);--awb-text-color:var(--awb-custom11);--awb-margin-top:12px;--awb-margin-bottom:12px;--awb-text-font-family:var(--awb-typography5-font-family);--awb-text-font-weight:var(--awb-typography5-font-weight);--awb-text-font-style:var(--awb-typography5-font-style);\"><p>Vid\u00e9o de \u00ab Ascoltare la voce del Concilio \u00bb, 4 d\u00e9cembre 2023.<\/p>\n<\/div><div style=\"text-align:center;\"><a class=\"fusion-button button-flat fusion-button-default-size button-custom fusion-button-default button-1 fusion-button-span-yes fusion-button-default-type\" style=\"--awb-margin-top:10px;--button_accent_color:#ffffff;--button_accent_hover_color:#ffffff;--button_border_hover_color:#ffffff;--button_gradient_top_color:#1f7aa7;--button_gradient_bottom_color:#1f7aa7;--button_gradient_top_color_hover:#72cee0;--button_gradient_bottom_color_hover:#72cee0;\" target=\"_blank\" rel=\"noopener noreferrer\" href=\"https:\/\/drive.google.com\/file\/d\/1q10gDu4OLuHVp-gR_bxQmPzCPEByXJZO\/view?usp=drive_link\"><span class=\"fusion-button-text awb-button__text awb-button__text--default\">Download complete In Memoriam (pdf) |EN|<\/span><\/a><\/div><div style=\"text-align:center;\"><a class=\"fusion-button button-flat fusion-button-default-size button-custom fusion-button-default button-2 fusion-button-span-yes fusion-button-default-type\" style=\"--awb-margin-top:10px;--button_accent_color:#ffffff;--button_accent_hover_color:#ffffff;--button_border_hover_color:#ffffff;--button_gradient_top_color:#1f7aa7;--button_gradient_bottom_color:#1f7aa7;--button_gradient_top_color_hover:#72cee0;--button_gradient_bottom_color_hover:#72cee0;\" target=\"_blank\" rel=\"noopener noreferrer\" href=\"https:\/\/drive.google.com\/file\/d\/1x-D46GYlYQbkBMGHioiCcBdEsgrt1gPR\/view?usp=drive_link\"><span class=\"fusion-button-text awb-button__text awb-button__text--default\">T\u00e9l\u00e9charger l\u2019In Memoriam complet (pdf) |FR|<\/span><\/a><\/div><div style=\"text-align:center;\"><a class=\"fusion-button button-flat fusion-button-default-size button-custom fusion-button-default button-3 fusion-button-span-yes fusion-button-default-type\" style=\"--awb-margin-top:10px;--button_accent_color:#ffffff;--button_accent_hover_color:#ffffff;--button_border_hover_color:#ffffff;--button_gradient_top_color:#1f7aa7;--button_gradient_bottom_color:#1f7aa7;--button_gradient_top_color_hover:#72cee0;--button_gradient_bottom_color_hover:#72cee0;\" target=\"_blank\" rel=\"noopener noreferrer\" href=\"https:\/\/drive.google.com\/file\/d\/1XPMTm6RaYewpucAcjvKCTkj6AmbWYSxT\/view?usp=drive_link\"><span class=\"fusion-button-text awb-button__text awb-button__text--default\">Vollst\u00e4ndiges In Memoriam herunterladen (pdf) |DE|<\/span><\/a><\/div><div style=\"text-align:center;\"><a class=\"fusion-button button-flat fusion-button-default-size button-custom fusion-button-default button-4 fusion-button-span-yes fusion-button-default-type\" style=\"--awb-margin-top:10px;--button_accent_color:#ffffff;--button_accent_hover_color:#ffffff;--button_border_hover_color:#ffffff;--button_gradient_top_color:#1f7aa7;--button_gradient_bottom_color:#1f7aa7;--button_gradient_top_color_hover:#72cee0;--button_gradient_bottom_color_hover:#72cee0;\" target=\"_blank\" rel=\"noopener noreferrer\" href=\"https:\/\/drive.google.com\/file\/d\/1WGIiFSQiDoxIi9UyeZ-ELuHMrbNxxxTe\/view?usp=drive_link\"><span class=\"fusion-button-text awb-button__text awb-button__text--default\">Scarica l\u2019In Memoriam completo (pdf) |IT|<\/span><\/a><\/div><div style=\"text-align:center;\"><a class=\"fusion-button button-flat fusion-button-default-size button-custom fusion-button-default button-5 fusion-button-span-yes fusion-button-default-type\" style=\"--awb-margin-top:10px;--button_accent_color:#ffffff;--button_accent_hover_color:#ffffff;--button_border_hover_color:#ffffff;--button_gradient_top_color:#1f7aa7;--button_gradient_bottom_color:#1f7aa7;--button_gradient_top_color_hover:#72cee0;--button_gradient_bottom_color_hover:#72cee0;\" target=\"_blank\" rel=\"noopener noreferrer\" href=\"https:\/\/drive.google.com\/file\/d\/1dDwlSqGVk7nPOr438jTOsnd6hnSELjdA\/view?usp=drive_link\"><span class=\"fusion-button-text awb-button__text awb-button__text--default\">Descarregar o In Memoriam completo (pdf) |PT|<\/span><\/a><\/div><div style=\"text-align:center;\"><a class=\"fusion-button button-flat fusion-button-default-size button-custom fusion-button-default button-6 fusion-button-span-yes fusion-button-default-type\" style=\"--awb-margin-top:10px;--button_accent_color:#ffffff;--button_accent_hover_color:#ffffff;--button_border_hover_color:#ffffff;--button_gradient_top_color:#1f7aa7;--button_gradient_bottom_color:#1f7aa7;--button_gradient_top_color_hover:#72cee0;--button_gradient_bottom_color_hover:#72cee0;\" target=\"_blank\" rel=\"noopener noreferrer\" href=\"https:\/\/drive.google.com\/file\/d\/1qMJkbyy9JfvRVJFGTdMlGHb4QtRYBSNG\/view?usp=drive_link\"><span class=\"fusion-button-text awb-button__text awb-button__text--default\">Descargar el In Memoriam completo (pdf) |ES|<\/span><\/a><\/div><div style=\"text-align:center;\"><a class=\"fusion-button button-flat fusion-button-default-size button-custom fusion-button-default button-7 fusion-button-span-yes fusion-button-default-type\" style=\"--awb-margin-top:10px;--button_accent_color:#ffffff;--button_accent_hover_color:#ffffff;--button_border_hover_color:#ffffff;--button_gradient_top_color:#1f7aa7;--button_gradient_bottom_color:#1f7aa7;--button_gradient_top_color_hover:#72cee0;--button_gradient_bottom_color_hover:#72cee0;\" target=\"_blank\" rel=\"noopener noreferrer\" href=\"https:\/\/www.anselmianum.com\/it\/offerta-accademica\/pontificio-istituto-liturgico\"><span class=\"fusion-button-text awb-button__text awb-button__text--default\">Site web de l'Institut pontifical de liturgie |IT|<\/span><\/a><\/div><\/div><\/div><div class=\"fusion-layout-column fusion_builder_column fusion-builder-column-4 fusion_builder_column_1_2 1_2 fusion-flex-column\" style=\"--awb-bg-blend:overlay;--awb-bg-size:cover;--awb-width-large:50%;--awb-margin-top-large:0px;--awb-spacing-right-large:30px;--awb-margin-bottom-large:20px;--awb-spacing-left-large:30px;--awb-width-medium:75%;--awb-order-medium:0;--awb-spacing-right-medium:30px;--awb-spacing-left-medium:30px;--awb-width-small:100%;--awb-order-small:0;--awb-spacing-right-small:30px;--awb-spacing-left-small:30px;\"><div class=\"fusion-column-wrapper fusion-flex-justify-content-flex-start fusion-content-layout-column\"><div class=\"fusion-builder-row fusion-builder-row-inner fusion-row fusion-flex-align-items-flex-start fusion-flex-justify-content-center fusion-flex-content-wrap\" style=\"--awb-flex-grow:0;--awb-flex-grow-medium:0;--awb-flex-grow-small:0;--awb-flex-shrink:0;--awb-flex-shrink-medium:0;--awb-flex-shrink-small:0;width:calc( 100% + 60px ) !important;max-width:calc( 100% + 60px ) !important;margin-left: calc(-60px \/ 2 );margin-right: calc(-60px \/ 2 );\"><div class=\"fusion-layout-column fusion_builder_column_inner fusion-builder-nested-column-0 fusion_builder_column_inner_1_2 1_2 fusion-flex-column fusion-flex-align-self-center\" style=\"--awb-bg-size:cover;--awb-width-large:50%;--awb-margin-top-large:0px;--awb-spacing-right-large:30px;--awb-margin-bottom-large:0px;--awb-spacing-left-large:30px;--awb-width-medium:50%;--awb-order-medium:0;--awb-spacing-right-medium:30px;--awb-spacing-left-medium:30px;--awb-width-small:100%;--awb-order-small:1;--awb-spacing-right-small:30px;--awb-margin-bottom-small:20px;--awb-spacing-left-small:30px;\"><div class=\"fusion-column-wrapper fusion-column-has-shadow fusion-flex-justify-content-center fusion-content-layout-column\"><div class=\"fusion-text fusion-text-4 fusion-text-no-margin\" style=\"--awb-font-size:var(--awb-typography5-font-size);--awb-line-height:var(--awb-typography5-line-height);--awb-letter-spacing:var(--awb-typography5-letter-spacing);--awb-text-transform:var(--awb-typography5-text-transform);--awb-text-color:var(--awb-custom11);--awb-margin-top:0px;--awb-margin-right:0px;--awb-margin-bottom:0px;--awb-margin-left:0px;--awb-text-font-family:var(--awb-typography5-font-family);--awb-text-font-weight:var(--awb-typography5-font-weight);--awb-text-font-style:var(--awb-typography5-font-style);\"><p>26 janvier 2026<\/p>\n<\/div><\/div><\/div><div class=\"fusion-layout-column fusion_builder_column_inner fusion-builder-nested-column-1 fusion_builder_column_inner_1_2 1_2 fusion-flex-column fusion-flex-align-self-center\" style=\"--awb-bg-size:cover;--awb-width-large:50%;--awb-margin-top-large:0px;--awb-spacing-right-large:30px;--awb-margin-bottom-large:0px;--awb-spacing-left-large:30px;--awb-width-medium:50%;--awb-order-medium:0;--awb-spacing-right-medium:30px;--awb-spacing-left-medium:30px;--awb-width-small:100%;--awb-order-small:0;--awb-margin-top-small:0px;--awb-spacing-right-small:30px;--awb-spacing-left-small:30px;\"><div class=\"fusion-column-wrapper fusion-column-has-shadow fusion-flex-justify-content-center fusion-content-layout-column\"><div class=\"fusion-sharing-box fusion-sharing-box-1 boxed-icons\" style=\"background-color:var(--awb-color1);border-color:var(--awb-color1);--awb-margin-top:0px;--awb-margin-right:0px;--awb-margin-bottom:0px;--awb-margin-left:0px;--awb-wrapper-padding-top:0px;--awb-wrapper-padding-right:0px;--awb-wrapper-padding-bottom:0px;--awb-wrapper-padding-left:0px;--awb-padding-top:0px;--awb-padding-right:0px;--awb-padding-bottom:0px;--awb-padding-left:0px;--awb-border-top:0px;--awb-border-right:0px;--awb-border-bottom:0px;--awb-border-left:0px;--awb-icon-size:12px;--awb-separator-border-color:#cccccc;--awb-separator-border-sizes:0px;--awb-stacked-align:flex-end;--awb-layout:row;--awb-alignment-small:flex-end;--awb-stacked-align-small:center;\" data-title=\"In Memoriam : Monseigneur Crispino Valenziano (1932\u20132026)\" data-description=\"Votre contenu va ici  Votre contenu va ici    \r\n\r\nVid\u00e9o de \u00ab Ascoltare la voce del Concilio \u00bb, 4 d\u00e9cembre 2023. Download complete In Memoriam (pdf) |EN| T\u00e9l\u00e9charger l\u2019In Memoriam complet (pdf) |FR| Vollst\u00e4ndiges In Memoriam herunterladen (pdf) |DE| Scarica l\u2019In Memoriam completo (pdf) |IT| Descarregar o In\" data-link=\"https:\/\/osb.org\/fr\/2026\/01\/26\/in-memoriam-monseigneur-crispino-valenziano-1932-2026\/\"><div class=\"fusion-social-networks sharingbox-shortcode-icon-wrapper sharingbox-shortcode-icon-wrapper-1 boxed-icons\"><span><a href=\"https:\/\/www.facebook.com\/sharer.php?u=https%3A%2F%2Fosb.org%2Ffr%2F2026%2F01%2F26%2Fin-memoriam-monseigneur-crispino-valenziano-1932-2026%2F&amp;t=In%20Memoriam%20%3A%20Monseigneur%20Crispino%20Valenziano%20%281932%E2%80%932026%29\" target=\"_blank\" rel=\"noreferrer\" title=\"Facebook\" aria-label=\"Facebook\"><i class=\"fusion-social-network-icon fusion-tooltip fusion-facebook awb-icon-facebook\" style=\"color:var(--awb-custom11);background-color:#e8e8e8;border-color:#e8e8e8;border-radius:50%;\" aria-hidden=\"true\"><\/i><\/a><\/span><span><a href=\"https:\/\/x.com\/intent\/post?text=In%20Memoriam%20%3A%20Monseigneur%20Crispino%20Valenziano%20%281932%E2%80%932026%29&amp;url=https%3A%2F%2Fosb.org%2Ffr%2F2026%2F01%2F26%2Fin-memoriam-monseigneur-crispino-valenziano-1932-2026%2F\" target=\"_blank\" rel=\"noopener noreferrer\" title=\"X\" aria-label=\"X\"><i class=\"fusion-social-network-icon fusion-tooltip fusion-twitter awb-icon-twitter\" style=\"color:var(--awb-custom11);background-color:#e8e8e8;border-color:#e8e8e8;border-radius:50%;\" aria-hidden=\"true\"><\/i><\/a><\/span><span><a href=\"https:\/\/api.whatsapp.com\/send?text=https%3A%2F%2Fosb.org%2Ffr%2F2026%2F01%2F26%2Fin-memoriam-monseigneur-crispino-valenziano-1932-2026%2F\" target=\"_blank\" rel=\"noopener noreferrer\" title=\"WhatsApp\" aria-label=\"WhatsApp\"><i class=\"fusion-social-network-icon fusion-tooltip fusion-whatsapp awb-icon-whatsapp\" style=\"color:var(--awb-custom11);background-color:#e8e8e8;border-color:#e8e8e8;border-radius:50%;\" aria-hidden=\"true\"><\/i><\/a><\/span><span><a href=\"mailto:?subject=In%20Memoriam%20%3A%20Monseigneur%20Crispino%20Valenziano%20%281932%E2%80%932026%29&amp;body=https%3A%2F%2Fosb.org%2Ffr%2F2026%2F01%2F26%2Fin-memoriam-monseigneur-crispino-valenziano-1932-2026%2F\" target=\"_self\" title=\"Email\" aria-label=\"Email\"><i class=\"fusion-social-network-icon fusion-tooltip fusion-mail awb-icon-mail\" style=\"color:var(--awb-custom11);background-color:#e8e8e8;border-color:#e8e8e8;border-radius:50%;\" aria-hidden=\"true\"><\/i><\/a><\/span><\/div><\/div><\/div><\/div><\/div><div class=\"fusion-text fusion-text-5\" style=\"--awb-margin-top:10px;\"><p>Le samedi 24 janvier 2026, le professeur Monseigneur Crispino Valenziano est d\u00e9c\u00e9d\u00e9 \u00e0 l'\u00e2ge de 93 ans. Son nom est inextricablement li\u00e9 \u00e0 l'Institut pontifical de liturgie (PIL) de l'Ath\u00e9n\u00e9e Sant'Anselmo. Figure centrale de la \u00ab deuxi\u00e8me g\u00e9n\u00e9ration \u00bb de ma\u00eetres, il a re\u00e7u l'h\u00e9ritage des fondateurs et, par une sagesse herm\u00e9neutique, a transmis la liturgie non pas simplement comme un sujet d'\u00e9tude, mais comme une rencontre vivante avec le Bon Pasteur.  <\/p>\n<p>N\u00e9 \u00e0 Cefal\u00f9 en 1932, la formation acad\u00e9mique de Monseigneur Valenziano s'est \u00e9tendue \u00e0 Rome, G\u00eanes, Strasbourg et la Sorbonne, o\u00f9 il a \u00e9tudi\u00e9 l'anthropologie aupr\u00e8s de Claude L\u00e9vi-Strauss. Cette synth\u00e8se rare de profondeur th\u00e9ologique et d'ampleur anthropologique a d\u00e9fini son \u00e9rudition. Pour Valenziano, la science liturgique n'a jamais \u00e9t\u00e9 abstraite ; la th\u00e9orie \u00e9mergeait du rite v\u00e9cu et de l'interrogation patiente des \u00ab documents de pierre \u00bb. Il s'est efforc\u00e9 de restaurer la dignit\u00e9 du r\u00e9cit rituel dans l'architecture eccl\u00e9siale, consid\u00e9rant l'espace sacr\u00e9 comme un texte lisible o\u00f9 chaque \u00e9l\u00e9ment communique le myst\u00e8re c\u00e9l\u00e9br\u00e9.   <\/p>\n<p>Son expertise a servi l'\u00c9glise universelle de mani\u00e8re significative. Appel\u00e9 par le pape Paul VI en 1965 au Consilium pour la mise en \u0153uvre de la r\u00e9forme liturgique, il a ensuite \u00e9t\u00e9 consulteur aupr\u00e8s de la Congr\u00e9gation pour le culte divin, de l'Office des c\u00e9l\u00e9brations liturgiques du Souverain Pontife et de la Commission pontificale pour le patrimoine culturel de l'\u00c9glise. \u00c0 Sant'Anselmo, son travail a abouti \u00e0 la cr\u00e9ation d'un cursus sp\u00e9cialis\u00e9 pour l'architecture et les arts pour la liturgie. En reconnaissance de son service et de son excellence acad\u00e9mique, le PIL lui a conf\u00e9r\u00e9 un doctorat <em>honoris causa<\/em> en liturgie sacr\u00e9e en 2007.   <\/p>\n<p>\u00c9rudit rigoureux et orateur brillant, Valenziano \u00e9tait connu pour sa prose articul\u00e9e et exigeante. Il a form\u00e9 des g\u00e9n\u00e9rations d'\u00e9tudiants \u2014 dont beaucoup sont aujourd'hui eux-m\u00eames professeurs \u2014 leur enseignant que si ses textes exigeaient une \u00e9tude approfondie, la liturgie elle-m\u00eame exigeait des yeux ouverts \u00e0 la beaut\u00e9. Sa bibliographie prolifique, allant de <em>Liturgia e antropologia<\/em> (1998) au monumental <em>L\u2019anello della sposa<\/em> (2005), reste une pierre angulaire de la r\u00e9flexion liturgique, toujours guid\u00e9e par la <em>via pulchritudinis<\/em>.  <\/p>\n<p>Actif jusqu'\u00e0 ses derniers jours, son dernier volume, <em>Il presepe<\/em>, a \u00e9t\u00e9 publi\u00e9 en novembre 2025. Monseigneur Valenziano prend maintenant cong\u00e9 de la liturgie terrestre, accomplissant les paroles du rite syro-maronite qu'il a notamment cit\u00e9 : \u00ab Demeure en paix, \u00f4 saint autel... Que le Seigneur m'accorde de te revoir dans l'assembl\u00e9e des premiers-n\u00e9s inscrits dans les cieux. \u00bb<\/p>\n<\/div><\/div><\/div><\/div><\/div><\/p>\n","protected":false},"excerpt":{"rendered":"<p>L&rsquo;Institut pontifical de liturgie pleure la mort de Monseigneur Crispino Valenziano. Pionnier de l&rsquo;anthropologie liturgique, son h\u00e9ritage \u00e0 Sant&rsquo;Anselmo d\u00e9finit la deuxi\u00e8me g\u00e9n\u00e9ration de l&rsquo;\u00e9rudition post-conciliaire. <\/p>\n","protected":false},"author":1,"featured_media":16333,"comment_status":"closed","ping_status":"closed","sticky":false,"template":"","format":"standard","meta":{"footnotes":""},"categories":[343,183,187],"tags":[196,391],"class_list":["post-16332","post","type-post","status-publish","format-standard","has-post-thumbnail","hentry","category-necrologie","category-nexus-fr","category-nouvelles-fr","tag-nexus-saint-anselme-fr","tag-nexus-fevrier-2026-fr"],"cc_featured_image_caption":{"caption_text":false,"source_text":false,"source_url":false},"_links":{"self":[{"href":"https:\/\/osb.org\/fr\/wp-json\/wp\/v2\/posts\/16332","targetHints":{"allow":["GET"]}}],"collection":[{"href":"https:\/\/osb.org\/fr\/wp-json\/wp\/v2\/posts"}],"about":[{"href":"https:\/\/osb.org\/fr\/wp-json\/wp\/v2\/types\/post"}],"author":[{"embeddable":true,"href":"https:\/\/osb.org\/fr\/wp-json\/wp\/v2\/users\/1"}],"replies":[{"embeddable":true,"href":"https:\/\/osb.org\/fr\/wp-json\/wp\/v2\/comments?post=16332"}],"version-history":[{"count":0,"href":"https:\/\/osb.org\/fr\/wp-json\/wp\/v2\/posts\/16332\/revisions"}],"wp:featuredmedia":[{"embeddable":true,"href":"https:\/\/osb.org\/fr\/wp-json\/wp\/v2\/media\/16333"}],"wp:attachment":[{"href":"https:\/\/osb.org\/fr\/wp-json\/wp\/v2\/media?parent=16332"}],"wp:term":[{"taxonomy":"category","embeddable":true,"href":"https:\/\/osb.org\/fr\/wp-json\/wp\/v2\/categories?post=16332"},{"taxonomy":"post_tag","embeddable":true,"href":"https:\/\/osb.org\/fr\/wp-json\/wp\/v2\/tags?post=16332"}],"curies":[{"name":"wp","href":"https:\/\/api.w.org\/{rel}","templated":true}]}}