{"id":16276,"date":"2026-01-06T19:32:21","date_gmt":"2026-01-06T18:32:21","guid":{"rendered":"https:\/\/osb.org\/2026\/01\/06\/notes-de-laventin-novembre-decembre\/"},"modified":"2026-01-06T19:34:45","modified_gmt":"2026-01-06T18:34:45","slug":"notes-de-laventin-novembre-decembre","status":"publish","type":"post","link":"https:\/\/osb.org\/fr\/2026\/01\/06\/notes-de-laventin-novembre-decembre\/","title":{"rendered":"Notes de l&rsquo;Aventin | Novembre\u2013D\u00e9cembre"},"content":{"rendered":"<p><div class=\"fusion-fullwidth fullwidth-box fusion-builder-row-1 fusion-flex-container has-pattern-background has-mask-background hundred-percent-fullwidth non-hundred-percent-height-scrolling\" style=\"--awb-border-sizes-bottom:1px;--awb-border-color:var(--awb-custom11);--awb-border-radius-top-left:0px;--awb-border-radius-top-right:0px;--awb-border-radius-bottom-right:0px;--awb-border-radius-bottom-left:0px;--awb-padding-right:60px;--awb-padding-bottom:20px;--awb-padding-left:60px;--awb-padding-right-small:30px;--awb-padding-left-small:30px;--awb-margin-top-medium:1px;--awb-margin-top-small:0px;--awb-flex-wrap:wrap;\" ><div class=\"fusion-builder-row fusion-row fusion-flex-align-items-center fusion-flex-justify-content-flex-end fusion-flex-content-wrap\" style=\"width:calc( 100% + 60px ) !important;max-width:calc( 100% + 60px ) !important;margin-left: calc(-60px \/ 2 );margin-right: calc(-60px \/ 2 );\"><div class=\"fusion-layout-column fusion_builder_column fusion-builder-column-0 fusion_builder_column_1_2 1_2 fusion-flex-column\" style=\"--awb-padding-right:60px;--awb-padding-left:60px;--awb-padding-right-small:0px;--awb-padding-left-small:0px;--awb-bg-size:cover;--awb-width-large:50%;--awb-margin-top-large:0px;--awb-spacing-right-large:30px;--awb-margin-bottom-large:20px;--awb-spacing-left-large:30px;--awb-width-medium:100%;--awb-order-medium:0;--awb-margin-top-medium:20px;--awb-spacing-right-medium:30px;--awb-margin-bottom-medium:0px;--awb-spacing-left-medium:30px;--awb-width-small:100%;--awb-order-small:0;--awb-spacing-right-small:30px;--awb-spacing-left-small:30px;\"><div class=\"fusion-column-wrapper fusion-column-has-shadow fusion-flex-justify-content-flex-start fusion-content-layout-column\"><div class=\"fusion-title title fusion-title-1 fusion-sep-none fusion-title-text fusion-title-size-one\" style=\"--awb-text-color:var(--awb-custom13);--awb-margin-top-small:0px;--awb-margin-right-small:0px;--awb-margin-bottom-small:20px;--awb-margin-left-small:0px;--awb-font-size:40px;\"><h1 class=\"fusion-title-heading title-heading-left md-text-align-center fusion-responsive-typography-calculated\" style=\"font-family:var(--awb-typography1-font-family);font-weight:var(--awb-typography1-font-weight);font-style:var(--awb-typography1-font-style);margin:0;letter-spacing:var(--awb-typography1-letter-spacing);text-transform:var(--awb-typography1-text-transform);font-size:1em;--fontSize:40;line-height:var(--awb-typography1-line-height);\">Notes de l&rsquo;Aventin | Novembre\u2013D\u00e9cembre<\/h1><\/div><div class=\"fusion-text fusion-text-1 fusion-no-small-visibility fusion-no-medium-visibility\" style=\"--awb-font-size:var(--awb-typography3-font-size);--awb-line-height:var(--awb-typography3-line-height);--awb-letter-spacing:var(--awb-typography3-letter-spacing);--awb-text-transform:var(--awb-typography3-text-transform);--awb-text-color:var(--awb-custom12);--awb-text-font-family:var(--awb-typography3-font-family);--awb-text-font-weight:var(--awb-typography3-font-weight);--awb-text-font-style:var(--awb-typography3-font-style);\"><p>L\u2019abb\u00e9 primat Jeremias r\u00e9fl\u00e9chit sur la mission des catholiques dans un monde en pleine mutation et annonce plusieurs projets futurs. Il inclut \u00e9galement une section promotionnelle sur Sant\u2019Anselmo et un aper\u00e7u de ses prochains voyages. <\/p>\n<\/div><\/div><\/div><div class=\"fusion-layout-column fusion_builder_column fusion-builder-column-1 fusion_builder_column_1_2 1_2 fusion-flex-column\" style=\"--awb-bg-size:cover;--awb-width-large:50%;--awb-margin-top-large:0px;--awb-spacing-right-large:30px;--awb-margin-bottom-large:0px;--awb-spacing-left-large:30px;--awb-width-medium:100%;--awb-order-medium:0;--awb-spacing-right-medium:30px;--awb-spacing-left-medium:30px;--awb-width-small:100%;--awb-order-small:0;--awb-spacing-right-small:30px;--awb-spacing-left-small:30px;\"><div class=\"fusion-column-wrapper fusion-column-has-shadow fusion-flex-justify-content-flex-start fusion-content-layout-column\"><div class=\"fusion-image-element \" style=\"--awb-caption-title-font-family:var(--h2_typography-font-family);--awb-caption-title-font-weight:var(--h2_typography-font-weight);--awb-caption-title-font-style:var(--h2_typography-font-style);--awb-caption-title-size:var(--h2_typography-font-size);--awb-caption-title-transform:var(--h2_typography-text-transform);--awb-caption-title-line-height:var(--h2_typography-line-height);--awb-caption-title-letter-spacing:var(--h2_typography-letter-spacing);\"><span class=\" fusion-imageframe imageframe-none imageframe-1 hover-type-none\"><a href=\"https:\/\/osb.org\/wp-content\/uploads\/2026\/01\/Bild-06.01.26-um-18.52.jpg\" class=\"fusion-lightbox\" data-rel=\"iLightbox[1bf828e23957852e567]\" data-title=\"Bild 06.01.26 um 18.52\" title=\"Bild 06.01.26 um 18.52\"><img decoding=\"async\" width=\"852\" height=\"1280\" src=\"https:\/\/osb.org\/wp-content\/uploads\/2026\/01\/Bild-06.01.26-um-18.52.jpg\" alt class=\"img-responsive wp-image-16278 disable-lazyload\" srcset=\"https:\/\/osb.org\/wp-content\/uploads\/2026\/01\/Bild-06.01.26-um-18.52-200x300.jpg 200w, https:\/\/osb.org\/wp-content\/uploads\/2026\/01\/Bild-06.01.26-um-18.52-400x601.jpg 400w, https:\/\/osb.org\/wp-content\/uploads\/2026\/01\/Bild-06.01.26-um-18.52-600x901.jpg 600w, https:\/\/osb.org\/wp-content\/uploads\/2026\/01\/Bild-06.01.26-um-18.52-800x1202.jpg 800w, https:\/\/osb.org\/wp-content\/uploads\/2026\/01\/Bild-06.01.26-um-18.52.jpg 852w\" sizes=\"(max-width: 1024px) 100vw, (max-width: 640px) 100vw, 600px\" \/><\/a><\/span><\/div><div class=\"fusion-text fusion-text-2 fusion-text-no-margin\" style=\"--awb-font-size:var(--awb-typography5-font-size);--awb-line-height:var(--awb-typography5-line-height);--awb-letter-spacing:var(--awb-typography5-letter-spacing);--awb-text-transform:var(--awb-typography5-text-transform);--awb-text-color:var(--awb-custom11);--awb-margin-top:12px;--awb-margin-bottom:12px;--awb-text-font-family:var(--awb-typography5-font-family);--awb-text-font-weight:var(--awb-typography5-font-weight);--awb-text-font-style:var(--awb-typography5-font-style);\"><\/div><\/div><\/div><div class=\"fusion-layout-column fusion_builder_column fusion-builder-column-2 fusion_builder_column_1_2 1_2 fusion-flex-column\" style=\"--awb-bg-size:cover;--awb-width-large:50%;--awb-margin-top-large:0px;--awb-spacing-right-large:30px;--awb-margin-bottom-large:0px;--awb-spacing-left-large:30px;--awb-width-medium:100%;--awb-order-medium:0;--awb-spacing-right-medium:30px;--awb-spacing-left-medium:30px;--awb-width-small:100%;--awb-order-small:0;--awb-spacing-right-small:30px;--awb-spacing-left-small:30px;\"><div class=\"fusion-column-wrapper fusion-column-has-shadow fusion-flex-justify-content-flex-start fusion-content-layout-column\"><div class=\"fusion-separator fusion-full-width-sep\" style=\"align-self: center;margin-left: auto;margin-right: auto;width:100%;\"><div class=\"fusion-separator-border sep-single sep-solid\" style=\"--awb-height:20px;--awb-amount:20px;--awb-sep-color:var(--awb-color4);border-color:var(--awb-color4);border-top-width:3px;\"><\/div><\/div><\/div><\/div><\/div><\/div><div class=\"fusion-fullwidth fullwidth-box fusion-builder-row-2 fusion-flex-container has-pattern-background has-mask-background hundred-percent-fullwidth non-hundred-percent-height-scrolling\" style=\"--awb-border-radius-top-left:0px;--awb-border-radius-top-right:0px;--awb-border-radius-bottom-right:0px;--awb-border-radius-bottom-left:0px;--awb-padding-right:60px;--awb-padding-left:60px;--awb-padding-right-medium:60px;--awb-padding-left-medium:60px;--awb-padding-right-small:30px;--awb-padding-left-small:30px;--awb-margin-top:30px;--awb-margin-top-small:0px;--awb-flex-wrap:wrap;\" ><div class=\"fusion-builder-row fusion-row fusion-flex-align-items-flex-start fusion-flex-justify-content-center fusion-flex-content-wrap\" style=\"width:calc( 100% + 60px ) !important;max-width:calc( 100% + 60px ) !important;margin-left: calc(-60px \/ 2 );margin-right: calc(-60px \/ 2 );\"><div class=\"fusion-layout-column fusion_builder_column fusion-builder-column-3 fusion_builder_column_2_5 2_5 fusion-flex-column\" style=\"--awb-bg-blend:overlay;--awb-bg-size:cover;--awb-width-large:40%;--awb-margin-top-large:0px;--awb-spacing-right-large:30px;--awb-margin-bottom-large:20px;--awb-spacing-left-large:30px;--awb-width-medium:75%;--awb-order-medium:0;--awb-spacing-right-medium:30px;--awb-spacing-left-medium:30px;--awb-width-small:100%;--awb-order-small:0;--awb-spacing-right-small:30px;--awb-spacing-left-small:30px;\"><div class=\"fusion-column-wrapper fusion-flex-justify-content-flex-start fusion-content-layout-column\"><div class=\"fusion-builder-row fusion-builder-row-inner fusion-row fusion-flex-align-items-flex-start fusion-flex-justify-content-center fusion-flex-content-wrap\" style=\"--awb-flex-grow:0;--awb-flex-grow-medium:0;--awb-flex-grow-small:0;--awb-flex-shrink:0;--awb-flex-shrink-medium:0;--awb-flex-shrink-small:0;width:calc( 100% + 60px ) !important;max-width:calc( 100% + 60px ) !important;margin-left: calc(-60px \/ 2 );margin-right: calc(-60px \/ 2 );\"><div class=\"fusion-layout-column fusion_builder_column_inner fusion-builder-nested-column-0 fusion_builder_column_inner_1_2 1_2 fusion-flex-column fusion-flex-align-self-center\" style=\"--awb-bg-size:cover;--awb-width-large:50%;--awb-margin-top-large:0px;--awb-spacing-right-large:30px;--awb-margin-bottom-large:0px;--awb-spacing-left-large:30px;--awb-width-medium:50%;--awb-order-medium:0;--awb-spacing-right-medium:30px;--awb-spacing-left-medium:30px;--awb-width-small:100%;--awb-order-small:1;--awb-spacing-right-small:30px;--awb-margin-bottom-small:20px;--awb-spacing-left-small:30px;\"><div class=\"fusion-column-wrapper fusion-column-has-shadow fusion-flex-justify-content-center fusion-content-layout-column\"><div class=\"fusion-text fusion-text-3 fusion-text-no-margin\" style=\"--awb-font-size:var(--awb-typography5-font-size);--awb-line-height:var(--awb-typography5-line-height);--awb-letter-spacing:var(--awb-typography5-letter-spacing);--awb-text-transform:var(--awb-typography5-text-transform);--awb-text-color:var(--awb-custom11);--awb-margin-top:0px;--awb-margin-right:0px;--awb-margin-bottom:0px;--awb-margin-left:0px;--awb-text-font-family:var(--awb-typography5-font-family);--awb-text-font-weight:var(--awb-typography5-font-weight);--awb-text-font-style:var(--awb-typography5-font-style);\"><p>6 janvier 2026<\/p>\n<\/div><\/div><\/div><div class=\"fusion-layout-column fusion_builder_column_inner fusion-builder-nested-column-1 fusion_builder_column_inner_1_2 1_2 fusion-flex-column fusion-flex-align-self-center\" style=\"--awb-bg-size:cover;--awb-width-large:50%;--awb-margin-top-large:0px;--awb-spacing-right-large:30px;--awb-margin-bottom-large:0px;--awb-spacing-left-large:30px;--awb-width-medium:50%;--awb-order-medium:0;--awb-spacing-right-medium:30px;--awb-spacing-left-medium:30px;--awb-width-small:100%;--awb-order-small:0;--awb-margin-top-small:0px;--awb-spacing-right-small:30px;--awb-spacing-left-small:30px;\"><div class=\"fusion-column-wrapper fusion-column-has-shadow fusion-flex-justify-content-center fusion-content-layout-column\"><div class=\"fusion-sharing-box fusion-sharing-box-1 boxed-icons\" style=\"background-color:var(--awb-color1);border-color:var(--awb-color1);--awb-margin-top:0px;--awb-margin-right:0px;--awb-margin-bottom:0px;--awb-margin-left:0px;--awb-wrapper-padding-top:0px;--awb-wrapper-padding-right:0px;--awb-wrapper-padding-bottom:0px;--awb-wrapper-padding-left:0px;--awb-padding-top:0px;--awb-padding-right:0px;--awb-padding-bottom:0px;--awb-padding-left:0px;--awb-border-top:0px;--awb-border-right:0px;--awb-border-bottom:0px;--awb-border-left:0px;--awb-icon-size:12px;--awb-separator-border-color:#cccccc;--awb-separator-border-sizes:0px;--awb-stacked-align:flex-end;--awb-layout:row;--awb-alignment-small:flex-end;--awb-stacked-align-small:center;\" data-title=\"Notes de l&rsquo;Aventin | Novembre\u2013D\u00e9cembre\" data-description=\"Votre contenu va ici       \r\n\r\nJ\u2019\u00e9cris ces lignes en la f\u00eate de l\u2019\u00c9piphanie. L\u2019Ann\u00e9e sainte s\u2019est termin\u00e9e aujourd\u2019hui, et en m\u00eame temps un rassemblement de cardinaux commence ici \u00e0 Rome, au cours duquel le pape L\u00e9on discutera vraisemblablement de quelques id\u00e9es directrices de\" data-link=\"https:\/\/osb.org\/fr\/2026\/01\/06\/notes-de-laventin-novembre-decembre\/\"><div class=\"fusion-social-networks sharingbox-shortcode-icon-wrapper sharingbox-shortcode-icon-wrapper-1 boxed-icons\"><span><a href=\"https:\/\/www.facebook.com\/sharer.php?u=https%3A%2F%2Fosb.org%2Ffr%2F2026%2F01%2F06%2Fnotes-de-laventin-novembre-decembre%2F&amp;t=Notes%20de%20l%26rsquo%3BAventin%20%7C%20Novembre%E2%80%93D%C3%A9cembre\" target=\"_blank\" rel=\"noreferrer\" title=\"Facebook\" aria-label=\"Facebook\"><i class=\"fusion-social-network-icon fusion-tooltip fusion-facebook awb-icon-facebook\" style=\"color:var(--awb-custom11);background-color:#e8e8e8;border-color:#e8e8e8;border-radius:50%;\" aria-hidden=\"true\"><\/i><\/a><\/span><span><a href=\"https:\/\/x.com\/intent\/post?text=Notes%20de%20l%E2%80%99Aventin%20%7C%20Novembre%E2%80%93D%C3%A9cembre&amp;url=https%3A%2F%2Fosb.org%2Ffr%2F2026%2F01%2F06%2Fnotes-de-laventin-novembre-decembre%2F\" target=\"_blank\" rel=\"noopener noreferrer\" title=\"X\" aria-label=\"X\"><i class=\"fusion-social-network-icon fusion-tooltip fusion-twitter awb-icon-twitter\" style=\"color:var(--awb-custom11);background-color:#e8e8e8;border-color:#e8e8e8;border-radius:50%;\" aria-hidden=\"true\"><\/i><\/a><\/span><span><a href=\"https:\/\/api.whatsapp.com\/send?text=https%3A%2F%2Fosb.org%2Ffr%2F2026%2F01%2F06%2Fnotes-de-laventin-novembre-decembre%2F\" target=\"_blank\" rel=\"noopener noreferrer\" title=\"WhatsApp\" aria-label=\"WhatsApp\"><i class=\"fusion-social-network-icon fusion-tooltip fusion-whatsapp awb-icon-whatsapp\" style=\"color:var(--awb-custom11);background-color:#e8e8e8;border-color:#e8e8e8;border-radius:50%;\" aria-hidden=\"true\"><\/i><\/a><\/span><span><a href=\"mailto:?subject=Notes%20de%20l%26rsquo%3BAventin%20%7C%20Novembre%E2%80%93D%C3%A9cembre&amp;body=https%3A%2F%2Fosb.org%2Ffr%2F2026%2F01%2F06%2Fnotes-de-laventin-novembre-decembre%2F\" target=\"_self\" title=\"Email\" aria-label=\"Email\"><i class=\"fusion-social-network-icon fusion-tooltip fusion-mail awb-icon-mail\" style=\"color:var(--awb-custom11);background-color:#e8e8e8;border-color:#e8e8e8;border-radius:50%;\" aria-hidden=\"true\"><\/i><\/a><\/span><\/div><\/div><\/div><\/div><\/div><div class=\"fusion-text fusion-text-4\"><p>J\u2019\u00e9cris ces lignes en la f\u00eate de l\u2019\u00c9piphanie. L\u2019Ann\u00e9e sainte s\u2019est termin\u00e9e aujourd\u2019hui, et en m\u00eame temps un rassemblement de cardinaux commence ici \u00e0 Rome, au cours duquel le pape L\u00e9on discutera vraisemblablement de quelques id\u00e9es directrices de son pontificat. Nous sommes tr\u00e8s impatients de voir ce qui en ressortira.  <\/p>\n<p>Les \u00e9v\u00e9nements politiques de ces derniers jours ont une fois de plus montr\u00e9 clairement que nous vivons un tournant de l\u2019histoire. Quel sera le r\u00f4le de nous, catholiques&nbsp;? Partout, nous sommes des citoyens loyaux de nos \u00c9tats, mais nous sommes aussi des citoyens du Royaume des Cieux. La f\u00eate de l\u2019\u00c9piphanie nous rappelle que le message de l\u2019\u00c9vangile s\u2019applique \u00e9galement \u00e0 tous les peuples. \u00c0 une \u00e9poque o\u00f9 l\u2019universalisme est presque devenu un gros mot, nous restons attach\u00e9s \u00e0 la conviction qu\u2019avec l\u2019Incarnation de Dieu, tous les peuples \u00e9taient vis\u00e9s, sont vis\u00e9s. Ce n\u2019est pas une question marginale, mais un contenu central de notre foi.     <\/p>\n<p>Dans la liturgie d\u2019aujourd\u2019hui, nous chantons Tribus Miraculis&nbsp;\u2014 des trois myst\u00e8res. L\u2019Incarnation, les noces de Cana et le bapt\u00eame de J\u00e9sus sont contempl\u00e9s ensemble. Les P\u00e8res de l\u2019\u00c9glise expliquent comment, lors du bapt\u00eame de J\u00e9sus dans le Jourdain, le monde entier a \u00e9t\u00e9 sanctifi\u00e9. L\u2019eau baptismale de J\u00e9sus s\u2019est m\u00eal\u00e9e aux eaux des Cara\u00efbes, \u00e0 la mer de Chine et aussi aux fleuves qui traversent la Russie et l\u2019Ukraine. Le christianisme n\u2019est pas partisan&nbsp;; il est englobant et s\u2019applique \u00e0 tous.    <\/p>\n<p>Qu\u2019est-ce que cela signifie pour nous&nbsp;? Ici, \u00e0 l\u2019Anselmianum, il y a actuellement des r\u00e9sidents du coll\u00e8ge provenant de 36&nbsp;pays, et nos monast\u00e8res sont \u00e9tablis dans presque tous les pays du monde. Sommes-nous&nbsp;\u2014 pouvons-nous \u00eatre&nbsp;\u2014 des agents de ce message selon lequel toute l\u2019humanit\u00e9 est appel\u00e9e \u00e0 la fraternit\u00e9, et que toutes les soci\u00e9t\u00e9s doivent servir le bien commun, et pas seulement un petit cercle&nbsp;? Aujourd\u2019hui, cela peut sembler presque subversif. Mais ce n\u2019est pas un message secret&nbsp;: \u00e0 l\u2019\u00c9piphanie, il est devenu visible pour tous.    <\/p>\n<p>&#8212;<\/p>\n<p>La visite papale du 11&nbsp;novembre, qui a \u00e9t\u00e9 si largement comment\u00e9e dans le dernier num\u00e9ro de Nexus, a continu\u00e9 \u00e0 r\u00e9sonner en nous. Le secr\u00e9taire g\u00e9n\u00e9ral de l\u2019universit\u00e9, le cardinal Cardinali, a pr\u00e9par\u00e9 un livret comm\u00e9moratif qui a \u00e9t\u00e9 achev\u00e9 \u00e0 temps pour No\u00ebl et a apport\u00e9 beaucoup de joie. Des yeux attentifs ont remarqu\u00e9 que lors d\u2019une des liturgies de No\u00ebl, le pape L\u00e9on portait la mitre qu\u2019il avait re\u00e7ue en cadeau apr\u00e8s sa visite chez nous. Cela a d\u00fb vraiment lui plaire&nbsp;\u2014 ou du moins \u00e0 son sacristain.   <\/p>\n<p>Certaines des choses dont je peux \u00e9crire aujourd\u2019hui sont plus des annonces que des rapports.<\/p>\n<p>En novembre, j\u2019ai pu nommer l\u2019abb\u00e9 \u00e9m\u00e9rite Jean-Pierre Longeat de Ligug\u00e9, le pr\u00e9sident de longue date de l\u2019AIM, comme mon d\u00e9l\u00e9gu\u00e9 pour les oblats b\u00e9n\u00e9dictins. L\u2019automne dernier, il est devenu clair que les oblats souhaitent continuer \u00e0 cultiver et \u00e0 d\u00e9velopper la coop\u00e9ration mondiale et que les congr\u00e8s mondiaux des oblats doivent \u00e9galement \u00eatre poursuivis. Je suis reconnaissant \u00e0 l\u2019abb\u00e9 Jean-Pierre d\u2019avoir accept\u00e9 cette t\u00e2che. Bien s\u00fbr, il ne peut pas le faire seul. Une \u00e9quipe de soutien est en cours de formation, et il y aura bient\u00f4t d\u2019autres informations \u00e0 ce sujet.    <\/p>\n<p>La m\u00eame expression&nbsp;\u2014 \u00ab&nbsp;bient\u00f4t plus&nbsp;\u00bb&nbsp;\u2014 s\u2019applique \u00e9galement au nouveau Catalogus tant attendu. Plus d\u2019un an s\u2019est maintenant \u00e9coul\u00e9 depuis la date de r\u00e9f\u00e9rence du 1er&nbsp;janvier&nbsp;2025. La collecte de donn\u00e9es s\u2019est av\u00e9r\u00e9e \u00e9tonnamment difficile, mais nous sommes maintenant dans la derni\u00e8re ligne droite. Une derni\u00e8re r\u00e9vision est en cours, et il sera bient\u00f4t possible d\u2019obtenir le Schematismus imprim\u00e9. Pour des raisons de protection des donn\u00e9es, il n\u2019y aura probablement pas de Schematismus \u00e9lectronique complet, mais les donn\u00e9es seront rendues accessibles d\u2019autres mani\u00e8res, sous la forme d\u2019un nouvel Atlas&nbsp;OSB et avec du mat\u00e9riel statistique.    <\/p>\n<p>Et encore une annonce&nbsp;: les pr\u00e9paratifs du Jubil\u00e9 b\u00e9n\u00e9dictin 529\u20132029 battent leur plein. Au plus tard en mars, les plans et le mat\u00e9riel du jubil\u00e9 doivent \u00eatre publi\u00e9s. <\/p>\n<p>Ces derniers jours, j\u2019ai une fois de plus pris conscience du nombre d\u2019opportunit\u00e9s que Sant\u2019Anselmo offre. Parall\u00e8lement \u00e0 nos cours internes, les r\u00e9sidents du coll\u00e8ge peuvent participer \u00e0 de nombreux programmes sp\u00e9cialis\u00e9s ici \u00e0 Rome. La plupart de ces programmes peuvent \u00eatre combin\u00e9s avec d\u2019autres \u00e9tudes&nbsp;: \u00e9tudes d\u2019archives aux Archives secr\u00e8tes du Vatican, droit canonique pratique pour les religieux au Dicast\u00e8re pour les instituts de vie consacr\u00e9e, et le cours pour les b\u00e9atifications et les canonisations au dicast\u00e8re comp\u00e9tent. \u00c0 partir de cette ann\u00e9e, Sant\u2019Anselmo propose \u00e9galement un cours sp\u00e9cialis\u00e9 de chant gr\u00e9gorien pour les r\u00e9sidents du coll\u00e8ge, dispens\u00e9 par des instructeurs externes et internes. De plus, notre directeur de biblioth\u00e8que offre un stage d\u2019un an dans la biblioth\u00e8que locale, avec des modules externes \u00e0 la Biblioth\u00e8que du Vatican et \u00e0 la Biblioth\u00e8que nationale italienne. Ceux qui \u00e9tudient \u00e0 Sant\u2019Anselmo ne sont pas form\u00e9s uniquement philosophiquement et th\u00e9ologiquement, monastiquement ou liturgiquement. Avec l\u2019int\u00e9r\u00eat et l\u2019engagement appropri\u00e9s, ils peuvent retourner dans leurs monast\u00e8res en tant qu\u2019hommes religieux largement form\u00e9s.      <\/p>\n<p>Tout le monde n\u2019a pas une ann\u00e9e enti\u00e8re \u00e0 sa disposition. L\u2019\u00e9t\u00e9 prochain, nous offrirons une fois de plus trois programmes en anglais&nbsp;: Leadership et la R\u00e8gle de saint Beno\u00eet, le Summer Studium pour les oblats et Monastic Aggiornamento, un court programme de style sabbatique ax\u00e9 sur la foi, la culture et la tradition monastique. <\/p>\n<p>&#8212;<\/p>\n<p>Dans les mois \u00e0 venir, plusieurs rassemblements b\u00e9n\u00e9dictins internationaux sont pr\u00e9vus auxquels j\u2019ai l\u2019intention de participer. Je me rendrai \u00e0 l\u2019ISBF \u00e0 Kappadu (Inde), \u00e0 l\u2019atelier des abb\u00e9s nord-am\u00e9ricains au Mexique, \u00e0 la r\u00e9union de BECOSA en Afrique du Sud et \u00e0 l\u2019assembl\u00e9e des b\u00e9n\u00e9dictins d\u2019Afrique de l\u2019Ouest au S\u00e9n\u00e9gal. De plus, de courts s\u00e9jours \u00e0 Chevetogne et en Terre sainte sont pr\u00e9vus. Il ne sera donc pas facile de me trouver \u00e0 Rome, mais je suis presque toujours joignable par courriel.   <\/p>\n<p>Certains ont peut-\u00eatre remarqu\u00e9 qu\u2019en novembre, apr\u00e8s une blessure au genou, j\u2019ai d\u00fb marcher avec des b\u00e9quilles pendant un certain temps. Gr\u00e2ce \u00e0 la physioth\u00e9rapie et \u00e0 des vacances reposantes en d\u00e9cembre, tout est maintenant rentr\u00e9 dans l\u2019ordre. La b\u00e9quille a \u00e9t\u00e9 rang\u00e9e et je suis mobile et pr\u00eat \u00e0 voyager \u00e0 nouveau. \u00c0 61&nbsp;ans, je n\u2019appartiens plus aux jeunes&nbsp;\u2014 surtout pas dans cette maison. Mais tant que Fr\u00e8re Corps continue de coop\u00e9rer, je suis de bonne humeur et \u00e0 votre service au meilleur de mes capacit\u00e9s.    <\/p>\n<p>Avec mes salutations chaleureuses de l\u2019Aventin,<\/p>\n<p>Le v\u00f4tre,<\/p>\n<p>Jeremias Schr\u00f6der OSB<br \/>\nAbb\u00e9 Primat<\/p>\n<\/div><div style=\"text-align:center;\"><a class=\"fusion-button button-flat fusion-button-default-size button-custom fusion-button-default button-1 fusion-button-span-yes fusion-button-default-type\" style=\"--awb-margin-top:10px;--button_accent_color:#ffffff;--button_accent_hover_color:#ffffff;--button_border_hover_color:#ffffff;--button_gradient_top_color:#1f7aa7;--button_gradient_bottom_color:#1f7aa7;--button_gradient_top_color_hover:#72cee0;--button_gradient_bottom_color_hover:#72cee0;\" target=\"_blank\" rel=\"noopener noreferrer\" href=\"https:\/\/osb.org\/fr\/2025\/11\/22\/formation-dete-a-santanselmo-trois-programmes-pour-2026\/\"><span class=\"fusion-button-text awb-button__text awb-button__text--default\">Formation estivale \u00e0 Sant\u2019Anselmo<\/span><\/a><\/div><div style=\"text-align:center;\"><a class=\"fusion-button button-flat fusion-button-default-size button-custom fusion-button-default button-2 fusion-button-span-yes fusion-button-default-type\" style=\"--awb-margin-top:10px;--button_accent_color:#ffffff;--button_accent_hover_color:#ffffff;--button_border_hover_color:#ffffff;--button_gradient_top_color:#1f7aa7;--button_gradient_bottom_color:#1f7aa7;--button_gradient_top_color_hover:#72cee0;--button_gradient_bottom_color_hover:#72cee0;\" target=\"_blank\" rel=\"noopener noreferrer\" href=\"https:\/\/www.collegiosantanselmo.com\/en\/collegio-240222-en\/life-of-the-college\/extracurricular-activities\/\"><span class=\"fusion-button-text awb-button__text awb-button__text--default\">Activit\u00e9s parascolaires de Sant\u2019Anselmo<\/span><\/a><\/div><div style=\"text-align:center;\"><a class=\"fusion-button button-flat fusion-button-default-size button-custom fusion-button-default button-3 fusion-button-span-yes fusion-button-default-type\" style=\"--awb-margin-top:10px;--button_accent_color:#ffffff;--button_accent_hover_color:#ffffff;--button_border_hover_color:#ffffff;--button_gradient_top_color:#1f7aa7;--button_gradient_bottom_color:#1f7aa7;--button_gradient_top_color_hover:#72cee0;--button_gradient_bottom_color_hover:#72cee0;\" target=\"_blank\" rel=\"noopener noreferrer\" href=\"https:\/\/osb.org\/fr\/2026\/01\/03\/le-collegio-santanselmo-propose-un-cours-de-chant-gregorien-aux-residents\/\"><span class=\"fusion-button-text awb-button__text awb-button__text--default\">Cours de chant gr\u00e9gorien \u00e0 Sant\u2019Anselmo<\/span><\/a><\/div><\/div><\/div><\/div><\/div><\/p>\n","protected":false},"excerpt":{"rendered":"<p>L\u2019abb\u00e9 primat Jeremias r\u00e9fl\u00e9chit sur la mission des catholiques dans un monde en pleine mutation et annonce plusieurs projets futurs. Il inclut \u00e9galement une section promotionnelle sur Sant\u2019Anselmo et un aper\u00e7u de ses prochains voyages. <\/p>\n","protected":false},"author":1,"featured_media":16277,"comment_status":"closed","ping_status":"closed","sticky":false,"template":"","format":"standard","meta":{"footnotes":""},"categories":[183],"tags":[194,378],"class_list":["post-16276","post","type-post","status-publish","format-standard","has-post-thumbnail","hentry","category-nexus-fr","tag-nexus-de-labbe-primat-fr","tag-nexus-janvier-2026-fr"],"cc_featured_image_caption":{"caption_text":false,"source_text":false,"source_url":false},"_links":{"self":[{"href":"https:\/\/osb.org\/fr\/wp-json\/wp\/v2\/posts\/16276","targetHints":{"allow":["GET"]}}],"collection":[{"href":"https:\/\/osb.org\/fr\/wp-json\/wp\/v2\/posts"}],"about":[{"href":"https:\/\/osb.org\/fr\/wp-json\/wp\/v2\/types\/post"}],"author":[{"embeddable":true,"href":"https:\/\/osb.org\/fr\/wp-json\/wp\/v2\/users\/1"}],"replies":[{"embeddable":true,"href":"https:\/\/osb.org\/fr\/wp-json\/wp\/v2\/comments?post=16276"}],"version-history":[{"count":0,"href":"https:\/\/osb.org\/fr\/wp-json\/wp\/v2\/posts\/16276\/revisions"}],"wp:featuredmedia":[{"embeddable":true,"href":"https:\/\/osb.org\/fr\/wp-json\/wp\/v2\/media\/16277"}],"wp:attachment":[{"href":"https:\/\/osb.org\/fr\/wp-json\/wp\/v2\/media?parent=16276"}],"wp:term":[{"taxonomy":"category","embeddable":true,"href":"https:\/\/osb.org\/fr\/wp-json\/wp\/v2\/categories?post=16276"},{"taxonomy":"post_tag","embeddable":true,"href":"https:\/\/osb.org\/fr\/wp-json\/wp\/v2\/tags?post=16276"}],"curies":[{"name":"wp","href":"https:\/\/api.w.org\/{rel}","templated":true}]}}