{"id":16240,"date":"2026-01-03T17:14:37","date_gmt":"2026-01-03T16:14:37","guid":{"rendered":"https:\/\/osb.org\/2026\/01\/03\/emla-2025-les-communautes-monastiques-damerique-latine-se-reunissent-au-bresil\/"},"modified":"2026-01-28T09:18:46","modified_gmt":"2026-01-28T08:18:46","slug":"emla-2025-les-communautes-monastiques-damerique-latine-se-reunissent-au-bresil","status":"publish","type":"post","link":"https:\/\/osb.org\/fr\/2026\/01\/03\/emla-2025-les-communautes-monastiques-damerique-latine-se-reunissent-au-bresil\/","title":{"rendered":"EMLA 2025 : Les communaut\u00e9s monastiques d&rsquo;Am\u00e9rique latine se r\u00e9unissent au Br\u00e9sil"},"content":{"rendered":"<p><div class=\"fusion-fullwidth fullwidth-box fusion-builder-row-1 fusion-flex-container has-pattern-background has-mask-background hundred-percent-fullwidth non-hundred-percent-height-scrolling\" style=\"--awb-border-sizes-bottom:1px;--awb-border-color:var(--awb-custom11);--awb-border-radius-top-left:0px;--awb-border-radius-top-right:0px;--awb-border-radius-bottom-right:0px;--awb-border-radius-bottom-left:0px;--awb-padding-right:60px;--awb-padding-bottom:20px;--awb-padding-left:60px;--awb-padding-right-small:30px;--awb-padding-left-small:30px;--awb-margin-top-medium:1px;--awb-margin-top-small:0px;--awb-flex-wrap:wrap;\" ><div class=\"fusion-builder-row fusion-row fusion-flex-align-items-center fusion-flex-justify-content-flex-end fusion-flex-content-wrap\" style=\"width:calc( 100% + 60px ) !important;max-width:calc( 100% + 60px ) !important;margin-left: calc(-60px \/ 2 );margin-right: calc(-60px \/ 2 );\"><div class=\"fusion-layout-column fusion_builder_column fusion-builder-column-0 fusion_builder_column_1_2 1_2 fusion-flex-column\" style=\"--awb-padding-right:60px;--awb-padding-left:60px;--awb-padding-right-small:0px;--awb-padding-left-small:0px;--awb-bg-size:cover;--awb-width-large:50%;--awb-margin-top-large:0px;--awb-spacing-right-large:30px;--awb-margin-bottom-large:20px;--awb-spacing-left-large:30px;--awb-width-medium:100%;--awb-order-medium:0;--awb-margin-top-medium:20px;--awb-spacing-right-medium:30px;--awb-margin-bottom-medium:0px;--awb-spacing-left-medium:30px;--awb-width-small:100%;--awb-order-small:0;--awb-spacing-right-small:30px;--awb-spacing-left-small:30px;\"><div class=\"fusion-column-wrapper fusion-column-has-shadow fusion-flex-justify-content-flex-start fusion-content-layout-column\"><div class=\"fusion-title title fusion-title-1 fusion-sep-none fusion-title-text fusion-title-size-one\" style=\"--awb-text-color:var(--awb-custom13);--awb-margin-top-small:0px;--awb-margin-right-small:0px;--awb-margin-bottom-small:20px;--awb-margin-left-small:0px;--awb-font-size:40px;\"><h1 class=\"fusion-title-heading title-heading-left md-text-align-center fusion-responsive-typography-calculated\" style=\"font-family:var(--awb-typography1-font-family);font-weight:var(--awb-typography1-font-weight);font-style:var(--awb-typography1-font-style);margin:0;letter-spacing:var(--awb-typography1-letter-spacing);text-transform:var(--awb-typography1-text-transform);font-size:1em;--fontSize:40;line-height:var(--awb-typography1-line-height);\">EMLA 2025 : Les communaut\u00e9s monastiques d&rsquo;Am\u00e9rique latine se r\u00e9unissent au Br\u00e9sil<\/h1><\/div><div class=\"fusion-text fusion-text-1 fusion-no-small-visibility fusion-no-medium-visibility\" style=\"--awb-font-size:var(--awb-typography3-font-size);--awb-line-height:var(--awb-typography3-line-height);--awb-letter-spacing:var(--awb-typography3-letter-spacing);--awb-text-transform:var(--awb-typography3-text-transform);--awb-text-color:var(--awb-custom12);--awb-text-font-family:var(--awb-typography3-font-family);--awb-text-font-weight:var(--awb-typography3-font-weight);--awb-text-font-style:var(--awb-typography3-font-style);\"><p>Du 3 au 10 novembre 2025, les communaut\u00e9s b\u00e9n\u00e9dictines, cisterciennes et trappistes de toute l'Am\u00e9rique latine se sont r\u00e9unies \u00e0 Salvador de Bah\u00eda pour l'EMLA 2025, r\u00e9fl\u00e9chissant ensemble sur la fraternit\u00e9 en tant que vocation monastique et eccl\u00e9siale.<\/p>\n<\/div><\/div><\/div><div class=\"fusion-layout-column fusion_builder_column fusion-builder-column-1 fusion_builder_column_1_2 1_2 fusion-flex-column\" style=\"--awb-bg-size:cover;--awb-width-large:50%;--awb-margin-top-large:0px;--awb-spacing-right-large:30px;--awb-margin-bottom-large:0px;--awb-spacing-left-large:30px;--awb-width-medium:100%;--awb-order-medium:0;--awb-spacing-right-medium:30px;--awb-spacing-left-medium:30px;--awb-width-small:100%;--awb-order-small:0;--awb-spacing-right-small:30px;--awb-spacing-left-small:30px;\"><div class=\"fusion-column-wrapper fusion-column-has-shadow fusion-flex-justify-content-flex-start fusion-content-layout-column\"><div class=\"fusion-image-element \" style=\"--awb-caption-title-font-family:var(--h2_typography-font-family);--awb-caption-title-font-weight:var(--h2_typography-font-weight);--awb-caption-title-font-style:var(--h2_typography-font-style);--awb-caption-title-size:var(--h2_typography-font-size);--awb-caption-title-transform:var(--h2_typography-text-transform);--awb-caption-title-line-height:var(--h2_typography-line-height);--awb-caption-title-letter-spacing:var(--h2_typography-letter-spacing);\"><span class=\" fusion-imageframe imageframe-none imageframe-1 hover-type-none\" style=\"border:1px solid var(--awb-custom10);\"><a href=\"https:\/\/osb.org\/wp-content\/uploads\/2026\/01\/IMG_7861.jpg\" class=\"fusion-lightbox\" data-rel=\"iLightbox[b12fe3deb0583162aa0]\" data-title=\"IMG_7861\" title=\"IMG_7861\"><img decoding=\"async\" width=\"1920\" height=\"1080\" src=\"https:\/\/osb.org\/wp-content\/uploads\/2026\/01\/IMG_7861.jpg\" data-orig-src=\"https:\/\/osb.org\/wp-content\/uploads\/2026\/01\/IMG_7861.jpg\" alt class=\"lazyload img-responsive wp-image-16280\" srcset=\"data:image\/svg+xml,%3Csvg%20xmlns%3D%27http%3A%2F%2Fwww.w3.org%2F2000%2Fsvg%27%20width%3D%271920%27%20height%3D%271080%27%20viewBox%3D%270%200%201920%201080%27%3E%3Crect%20width%3D%271920%27%20height%3D%271080%27%20fill-opacity%3D%220%22%2F%3E%3C%2Fsvg%3E\" data-srcset=\"https:\/\/osb.org\/wp-content\/uploads\/2026\/01\/IMG_7861-200x113.jpg 200w, https:\/\/osb.org\/wp-content\/uploads\/2026\/01\/IMG_7861-400x225.jpg 400w, https:\/\/osb.org\/wp-content\/uploads\/2026\/01\/IMG_7861-600x338.jpg 600w, https:\/\/osb.org\/wp-content\/uploads\/2026\/01\/IMG_7861-800x450.jpg 800w, https:\/\/osb.org\/wp-content\/uploads\/2026\/01\/IMG_7861-1200x675.jpg 1200w, https:\/\/osb.org\/wp-content\/uploads\/2026\/01\/IMG_7861.jpg 1920w\" data-sizes=\"auto\" data-orig-sizes=\"(max-width: 1024px) 100vw, (max-width: 640px) 100vw, 600px\" \/><\/a><\/span><\/div><div class=\"fusion-text fusion-text-2 fusion-text-no-margin\" style=\"--awb-font-size:var(--awb-typography5-font-size);--awb-line-height:var(--awb-typography5-line-height);--awb-letter-spacing:var(--awb-typography5-letter-spacing);--awb-text-transform:var(--awb-typography5-text-transform);--awb-text-color:var(--awb-custom11);--awb-margin-top:12px;--awb-margin-bottom:12px;--awb-text-font-family:var(--awb-typography5-font-family);--awb-text-font-weight:var(--awb-typography5-font-weight);--awb-text-font-style:var(--awb-typography5-font-style);\"><\/div><\/div><\/div><div class=\"fusion-layout-column fusion_builder_column fusion-builder-column-2 fusion_builder_column_1_2 1_2 fusion-flex-column\" style=\"--awb-bg-size:cover;--awb-width-large:50%;--awb-margin-top-large:0px;--awb-spacing-right-large:30px;--awb-margin-bottom-large:0px;--awb-spacing-left-large:30px;--awb-width-medium:100%;--awb-order-medium:0;--awb-spacing-right-medium:30px;--awb-spacing-left-medium:30px;--awb-width-small:100%;--awb-order-small:0;--awb-spacing-right-small:30px;--awb-spacing-left-small:30px;\"><div class=\"fusion-column-wrapper fusion-column-has-shadow fusion-flex-justify-content-flex-start fusion-content-layout-column\"><div class=\"fusion-separator fusion-full-width-sep\" style=\"align-self: center;margin-left: auto;margin-right: auto;width:100%;\"><div class=\"fusion-separator-border sep-single sep-solid\" style=\"--awb-height:20px;--awb-amount:20px;--awb-sep-color:var(--awb-color4);border-color:var(--awb-color4);border-top-width:3px;\"><\/div><\/div><\/div><\/div><\/div><\/div><div class=\"fusion-fullwidth fullwidth-box fusion-builder-row-2 fusion-flex-container has-pattern-background has-mask-background hundred-percent-fullwidth non-hundred-percent-height-scrolling\" style=\"--awb-border-radius-top-left:0px;--awb-border-radius-top-right:0px;--awb-border-radius-bottom-right:0px;--awb-border-radius-bottom-left:0px;--awb-padding-right:60px;--awb-padding-left:60px;--awb-padding-right-medium:60px;--awb-padding-left-medium:60px;--awb-padding-right-small:30px;--awb-padding-left-small:30px;--awb-margin-top:30px;--awb-margin-top-small:0px;--awb-flex-wrap:wrap;\" ><div class=\"fusion-builder-row fusion-row fusion-flex-align-items-flex-start fusion-flex-justify-content-center fusion-flex-content-wrap\" style=\"width:calc( 100% + 60px ) !important;max-width:calc( 100% + 60px ) !important;margin-left: calc(-60px \/ 2 );margin-right: calc(-60px \/ 2 );\"><div class=\"fusion-layout-column fusion_builder_column fusion-builder-column-3 fusion_builder_column_2_5 2_5 fusion-flex-column\" style=\"--awb-bg-blend:overlay;--awb-bg-size:cover;--awb-width-large:40%;--awb-margin-top-large:0px;--awb-spacing-right-large:30px;--awb-margin-bottom-large:20px;--awb-spacing-left-large:30px;--awb-width-medium:75%;--awb-order-medium:0;--awb-spacing-right-medium:30px;--awb-spacing-left-medium:30px;--awb-width-small:100%;--awb-order-small:0;--awb-spacing-right-small:30px;--awb-spacing-left-small:30px;\"><div class=\"fusion-column-wrapper fusion-flex-justify-content-flex-start fusion-content-layout-column\"><div class=\"fusion-builder-row fusion-builder-row-inner fusion-row fusion-flex-align-items-flex-start fusion-flex-justify-content-center fusion-flex-content-wrap\" style=\"--awb-flex-grow:0;--awb-flex-grow-medium:0;--awb-flex-grow-small:0;--awb-flex-shrink:0;--awb-flex-shrink-medium:0;--awb-flex-shrink-small:0;width:calc( 100% + 60px ) !important;max-width:calc( 100% + 60px ) !important;margin-left: calc(-60px \/ 2 );margin-right: calc(-60px \/ 2 );\"><div class=\"fusion-layout-column fusion_builder_column_inner fusion-builder-nested-column-0 fusion_builder_column_inner_1_2 1_2 fusion-flex-column fusion-flex-align-self-center\" style=\"--awb-bg-size:cover;--awb-width-large:50%;--awb-margin-top-large:0px;--awb-spacing-right-large:30px;--awb-margin-bottom-large:0px;--awb-spacing-left-large:30px;--awb-width-medium:50%;--awb-order-medium:0;--awb-spacing-right-medium:30px;--awb-spacing-left-medium:30px;--awb-width-small:100%;--awb-order-small:1;--awb-spacing-right-small:30px;--awb-margin-bottom-small:20px;--awb-spacing-left-small:30px;\"><div class=\"fusion-column-wrapper fusion-column-has-shadow fusion-flex-justify-content-center fusion-content-layout-column\"><div class=\"fusion-text fusion-text-3 fusion-text-no-margin\" style=\"--awb-font-size:var(--awb-typography5-font-size);--awb-line-height:var(--awb-typography5-line-height);--awb-letter-spacing:var(--awb-typography5-letter-spacing);--awb-text-transform:var(--awb-typography5-text-transform);--awb-text-color:var(--awb-custom11);--awb-margin-top:0px;--awb-margin-right:0px;--awb-margin-bottom:0px;--awb-margin-left:0px;--awb-text-font-family:var(--awb-typography5-font-family);--awb-text-font-weight:var(--awb-typography5-font-weight);--awb-text-font-style:var(--awb-typography5-font-style);\"><p>3 janvier 2026<\/p>\n<\/div><\/div><\/div><div class=\"fusion-layout-column fusion_builder_column_inner fusion-builder-nested-column-1 fusion_builder_column_inner_1_2 1_2 fusion-flex-column fusion-flex-align-self-center\" style=\"--awb-bg-size:cover;--awb-width-large:50%;--awb-margin-top-large:0px;--awb-spacing-right-large:30px;--awb-margin-bottom-large:0px;--awb-spacing-left-large:30px;--awb-width-medium:50%;--awb-order-medium:0;--awb-spacing-right-medium:30px;--awb-spacing-left-medium:30px;--awb-width-small:100%;--awb-order-small:0;--awb-margin-top-small:0px;--awb-spacing-right-small:30px;--awb-spacing-left-small:30px;\"><div class=\"fusion-column-wrapper fusion-column-has-shadow fusion-flex-justify-content-center fusion-content-layout-column\"><div class=\"fusion-sharing-box fusion-sharing-box-1 boxed-icons\" style=\"background-color:var(--awb-color1);border-color:var(--awb-color1);--awb-margin-top:0px;--awb-margin-right:0px;--awb-margin-bottom:0px;--awb-margin-left:0px;--awb-wrapper-padding-top:0px;--awb-wrapper-padding-right:0px;--awb-wrapper-padding-bottom:0px;--awb-wrapper-padding-left:0px;--awb-padding-top:0px;--awb-padding-right:0px;--awb-padding-bottom:0px;--awb-padding-left:0px;--awb-border-top:0px;--awb-border-right:0px;--awb-border-bottom:0px;--awb-border-left:0px;--awb-icon-size:12px;--awb-separator-border-color:#cccccc;--awb-separator-border-sizes:0px;--awb-stacked-align:flex-end;--awb-layout:row;--awb-alignment-small:flex-end;--awb-stacked-align-small:center;\" data-title=\"EMLA 2025 : Les communaut\u00e9s monastiques d&rsquo;Am\u00e9rique latine se r\u00e9unissent au Br\u00e9sil\" data-description=\"Votre contenu va ici       \r\n\r\nDepuis 1972, les moines et les moniales d&#039;Am\u00e9rique latine vivant selon la R\u00e8gle de Saint Beno\u00eet se r\u00e9unissent tous les trois ou quatre ans pour l&#039;Encuentro Mon\u00e1stico Latinoamericano (EMLA), un forum combinant \u00e9change fraternel, formation partag\u00e9e et r\u00e9flexion\" data-link=\"https:\/\/osb.org\/fr\/2026\/01\/03\/emla-2025-les-communautes-monastiques-damerique-latine-se-reunissent-au-bresil\/\"><div class=\"fusion-social-networks sharingbox-shortcode-icon-wrapper sharingbox-shortcode-icon-wrapper-1 boxed-icons\"><span><a href=\"https:\/\/www.facebook.com\/sharer.php?u=https%3A%2F%2Fosb.org%2Ffr%2F2026%2F01%2F03%2Femla-2025-les-communautes-monastiques-damerique-latine-se-reunissent-au-bresil%2F&amp;t=EMLA%202025%20%3A%20Les%20communaut%C3%A9s%20monastiques%20d%26rsquo%3BAm%C3%A9rique%20latine%20se%20r%C3%A9unissent%20au%20Br%C3%A9sil\" target=\"_blank\" rel=\"noreferrer\" title=\"Facebook\" aria-label=\"Facebook\"><i class=\"fusion-social-network-icon fusion-tooltip fusion-facebook awb-icon-facebook\" style=\"color:var(--awb-custom11);background-color:#e8e8e8;border-color:#e8e8e8;border-radius:50%;\" aria-hidden=\"true\"><\/i><\/a><\/span><span><a href=\"https:\/\/x.com\/intent\/post?text=EMLA%202025%20%3A%20Les%20communaut%C3%A9s%20monastiques%20d%E2%80%99Am%C3%A9rique%20latine%20se%20r%C3%A9unissent%20au%20Br%C3%A9sil&amp;url=https%3A%2F%2Fosb.org%2Ffr%2F2026%2F01%2F03%2Femla-2025-les-communautes-monastiques-damerique-latine-se-reunissent-au-bresil%2F\" target=\"_blank\" rel=\"noopener noreferrer\" title=\"X\" aria-label=\"X\"><i class=\"fusion-social-network-icon fusion-tooltip fusion-twitter awb-icon-twitter\" style=\"color:var(--awb-custom11);background-color:#e8e8e8;border-color:#e8e8e8;border-radius:50%;\" aria-hidden=\"true\"><\/i><\/a><\/span><span><a href=\"https:\/\/api.whatsapp.com\/send?text=https%3A%2F%2Fosb.org%2Ffr%2F2026%2F01%2F03%2Femla-2025-les-communautes-monastiques-damerique-latine-se-reunissent-au-bresil%2F\" target=\"_blank\" rel=\"noopener noreferrer\" title=\"WhatsApp\" aria-label=\"WhatsApp\"><i class=\"fusion-social-network-icon fusion-tooltip fusion-whatsapp awb-icon-whatsapp\" style=\"color:var(--awb-custom11);background-color:#e8e8e8;border-color:#e8e8e8;border-radius:50%;\" aria-hidden=\"true\"><\/i><\/a><\/span><span><a href=\"mailto:?subject=EMLA%202025%20%3A%20Les%20communaut%C3%A9s%20monastiques%20d%26rsquo%3BAm%C3%A9rique%20latine%20se%20r%C3%A9unissent%20au%20Br%C3%A9sil&amp;body=https%3A%2F%2Fosb.org%2Ffr%2F2026%2F01%2F03%2Femla-2025-les-communautes-monastiques-damerique-latine-se-reunissent-au-bresil%2F\" target=\"_self\" title=\"Email\" aria-label=\"Email\"><i class=\"fusion-social-network-icon fusion-tooltip fusion-mail awb-icon-mail\" style=\"color:var(--awb-custom11);background-color:#e8e8e8;border-color:#e8e8e8;border-radius:50%;\" aria-hidden=\"true\"><\/i><\/a><\/span><\/div><\/div><\/div><\/div><\/div><div class=\"fusion-text fusion-text-4\"><p>Depuis 1972, les moines et les moniales d'Am\u00e9rique latine vivant selon la <em>R\u00e8gle de Saint Beno\u00eet<\/em> se r\u00e9unissent tous les trois ou quatre ans pour l'Encuentro Mon\u00e1stico Latinoamericano (EMLA), un forum combinant \u00e9change fraternel, formation partag\u00e9e et r\u00e9flexion sur la vie monastique dans la r\u00e9gion.<\/p>\n<p>La r\u00e9union de 2025 s'est d\u00e9roul\u00e9e du 3 au 10 novembre \u00e0 Salvador de Bah\u00eda, r\u00e9unissant des communaut\u00e9s b\u00e9n\u00e9dictines, cisterciennes et trappistes repr\u00e9sentant diff\u00e9rentes r\u00e9gions d'Am\u00e9rique du Sud. Les participants venaient des associations monastiques r\u00e9gionales ABECCA, SURCO et CIMBRA et ont \u00e9t\u00e9 accueillis par la Conf\u00e9rence br\u00e9silienne des \u00e9changes monastiques (CIMBRA). <\/p>\n<p>Le programme \u00e9tait centr\u00e9 sur le th\u00e8me de la fraternit\u00e9, explor\u00e9 \u00e0 travers des conf\u00e9rences et des ateliers abordant les communaut\u00e9s monastiques en tant qu'\u00e9coles de vie fraternelle, les fondements de la fraternit\u00e9 dans la <em>R\u00e8gle de Saint Beno\u00eet<\/em> et le t\u00e9moignage de la vie monastique comme signe d'esp\u00e9rance pour l'\u00c9glise et le monde.<\/p>\n<p>Le P\u00e8re Abb\u00e9 Dom Bernard Lorent Tayart OSB, Pr\u00e9sident de l'AIM, a particip\u00e9 \u00e0 la rencontre, soulignant son importance pour la coop\u00e9ration monastique et le soutien mutuel \u00e0 travers le continent.<\/p>\n<p>Les participants ont confi\u00e9 tous les fr\u00e8res et s\u0153urs pr\u00e9sents \u00e0 la pri\u00e8re, demandant que le Saint-Esprit continue de guider les communaut\u00e9s monastiques d'Am\u00e9rique latine dans la vie et l'approfondissement de leur vocation \u00e0 la fraternit\u00e9.<\/p>\n<\/div><\/div><\/div><\/div><\/div><\/p>\n","protected":false},"excerpt":{"rendered":"<p>Du 3 au 10 novembre 2025, les communaut\u00e9s b\u00e9n\u00e9dictines, cisterciennes et trappistes de toute l&rsquo;Am\u00e9rique latine se sont r\u00e9unies \u00e0 Salvador de Bah\u00eda pour l&rsquo;EMLA 2025, r\u00e9fl\u00e9chissant ensemble sur la fraternit\u00e9 en tant que vocation monastique et eccl\u00e9siale.<\/p>\n","protected":false},"author":1,"featured_media":16280,"comment_status":"closed","ping_status":"closed","sticky":false,"template":"","format":"standard","meta":{"footnotes":""},"categories":[183,187],"tags":[371,378],"class_list":["post-16240","post","type-post","status-publish","format-standard","has-post-thumbnail","hentry","category-nexus-fr","category-nouvelles-fr","tag-nexus-rapport-sur-le-monde-benedictin","tag-nexus-janvier-2026-fr"],"cc_featured_image_caption":{"caption_text":false,"source_text":false,"source_url":false},"_links":{"self":[{"href":"https:\/\/osb.org\/fr\/wp-json\/wp\/v2\/posts\/16240","targetHints":{"allow":["GET"]}}],"collection":[{"href":"https:\/\/osb.org\/fr\/wp-json\/wp\/v2\/posts"}],"about":[{"href":"https:\/\/osb.org\/fr\/wp-json\/wp\/v2\/types\/post"}],"author":[{"embeddable":true,"href":"https:\/\/osb.org\/fr\/wp-json\/wp\/v2\/users\/1"}],"replies":[{"embeddable":true,"href":"https:\/\/osb.org\/fr\/wp-json\/wp\/v2\/comments?post=16240"}],"version-history":[{"count":0,"href":"https:\/\/osb.org\/fr\/wp-json\/wp\/v2\/posts\/16240\/revisions"}],"wp:featuredmedia":[{"embeddable":true,"href":"https:\/\/osb.org\/fr\/wp-json\/wp\/v2\/media\/16280"}],"wp:attachment":[{"href":"https:\/\/osb.org\/fr\/wp-json\/wp\/v2\/media?parent=16240"}],"wp:term":[{"taxonomy":"category","embeddable":true,"href":"https:\/\/osb.org\/fr\/wp-json\/wp\/v2\/categories?post=16240"},{"taxonomy":"post_tag","embeddable":true,"href":"https:\/\/osb.org\/fr\/wp-json\/wp\/v2\/tags?post=16240"}],"curies":[{"name":"wp","href":"https:\/\/api.w.org\/{rel}","templated":true}]}}