{"id":16195,"date":"2026-01-04T21:47:31","date_gmt":"2026-01-04T20:47:31","guid":{"rendered":"https:\/\/osb.org\/2026\/01\/04\/un-debut-parfait-pour-les-preparatifs-du-jubile-de-2029\/"},"modified":"2026-01-08T09:44:32","modified_gmt":"2026-01-08T08:44:32","slug":"un-debut-parfait-pour-les-preparatifs-du-jubile-de-2029","status":"publish","type":"post","link":"https:\/\/osb.org\/fr\/2026\/01\/04\/un-debut-parfait-pour-les-preparatifs-du-jubile-de-2029\/","title":{"rendered":"Un d\u00e9but parfait pour les pr\u00e9paratifs du Jubil\u00e9 de 2029"},"content":{"rendered":"<p><div class=\"fusion-fullwidth fullwidth-box fusion-builder-row-1 fusion-flex-container has-pattern-background has-mask-background hundred-percent-fullwidth non-hundred-percent-height-scrolling\" style=\"--awb-border-sizes-bottom:1px;--awb-border-color:var(--awb-custom11);--awb-border-radius-top-left:0px;--awb-border-radius-top-right:0px;--awb-border-radius-bottom-right:0px;--awb-border-radius-bottom-left:0px;--awb-padding-right:60px;--awb-padding-bottom:20px;--awb-padding-left:60px;--awb-padding-right-small:30px;--awb-padding-left-small:30px;--awb-margin-top-medium:1px;--awb-margin-top-small:0px;--awb-flex-wrap:wrap;\" ><div class=\"fusion-builder-row fusion-row fusion-flex-align-items-center fusion-flex-justify-content-flex-end fusion-flex-content-wrap\" style=\"width:calc( 100% + 60px ) !important;max-width:calc( 100% + 60px ) !important;margin-left: calc(-60px \/ 2 );margin-right: calc(-60px \/ 2 );\"><div class=\"fusion-layout-column fusion_builder_column fusion-builder-column-0 fusion_builder_column_1_2 1_2 fusion-flex-column\" style=\"--awb-padding-right:60px;--awb-padding-left:60px;--awb-padding-right-small:0px;--awb-padding-left-small:0px;--awb-bg-size:cover;--awb-width-large:50%;--awb-margin-top-large:0px;--awb-spacing-right-large:30px;--awb-margin-bottom-large:20px;--awb-spacing-left-large:30px;--awb-width-medium:100%;--awb-order-medium:0;--awb-margin-top-medium:20px;--awb-spacing-right-medium:30px;--awb-margin-bottom-medium:0px;--awb-spacing-left-medium:30px;--awb-width-small:100%;--awb-order-small:0;--awb-spacing-right-small:30px;--awb-spacing-left-small:30px;\"><div class=\"fusion-column-wrapper fusion-column-has-shadow fusion-flex-justify-content-flex-start fusion-content-layout-column\"><div class=\"fusion-title title fusion-title-1 fusion-sep-none fusion-title-text fusion-title-size-one\" style=\"--awb-text-color:var(--awb-custom13);--awb-margin-top-small:0px;--awb-margin-right-small:0px;--awb-margin-bottom-small:20px;--awb-margin-left-small:0px;--awb-font-size:40px;\"><h1 class=\"fusion-title-heading title-heading-left md-text-align-center fusion-responsive-typography-calculated\" style=\"font-family:var(--awb-typography1-font-family);font-weight:var(--awb-typography1-font-weight);font-style:var(--awb-typography1-font-style);margin:0;letter-spacing:var(--awb-typography1-letter-spacing);text-transform:var(--awb-typography1-text-transform);font-size:1em;--fontSize:40;line-height:var(--awb-typography1-line-height);\">Un d\u00e9but parfait pour les pr\u00e9paratifs du Jubil\u00e9 de 2029<\/h1><\/div><div class=\"fusion-text fusion-text-1 fusion-no-small-visibility fusion-no-medium-visibility\" style=\"--awb-font-size:var(--awb-typography3-font-size);--awb-line-height:var(--awb-typography3-line-height);--awb-letter-spacing:var(--awb-typography3-letter-spacing);--awb-text-transform:var(--awb-typography3-text-transform);--awb-text-color:var(--awb-custom12);--awb-text-font-family:var(--awb-typography3-font-family);--awb-text-font-weight:var(--awb-typography3-font-weight);--awb-text-font-style:var(--awb-typography3-font-style);\"><p>Les b\u00e9n\u00e9dictins du monde entier se pr\u00e9parent pour le Jubil\u00e9 de 2029, qui marquera les 1 500 ans de la fondation de Montecassino. Inspir\u00e9 par le pape L\u00e9on XIV, Adam Simon, coordinateur du projet 2029, pr\u00e9sente le Jubil\u00e9 comme un voyage \u00e0 travers des lieux d\u2019esp\u00e9rance : les monast\u00e8res b\u00e9n\u00e9dictins. <\/p>\n<\/div><\/div><\/div><div class=\"fusion-layout-column fusion_builder_column fusion-builder-column-1 fusion_builder_column_1_2 1_2 fusion-flex-column\" style=\"--awb-bg-size:cover;--awb-width-large:50%;--awb-margin-top-large:0px;--awb-spacing-right-large:30px;--awb-margin-bottom-large:0px;--awb-spacing-left-large:30px;--awb-width-medium:100%;--awb-order-medium:0;--awb-spacing-right-medium:30px;--awb-spacing-left-medium:30px;--awb-width-small:100%;--awb-order-small:0;--awb-spacing-right-small:30px;--awb-spacing-left-small:30px;\"><div class=\"fusion-column-wrapper fusion-column-has-shadow fusion-flex-justify-content-flex-start fusion-content-layout-column\"><div class=\"fusion-image-element \" style=\"--awb-caption-title-font-family:var(--h2_typography-font-family);--awb-caption-title-font-weight:var(--h2_typography-font-weight);--awb-caption-title-font-style:var(--h2_typography-font-style);--awb-caption-title-size:var(--h2_typography-font-size);--awb-caption-title-transform:var(--h2_typography-text-transform);--awb-caption-title-line-height:var(--h2_typography-line-height);--awb-caption-title-letter-spacing:var(--h2_typography-letter-spacing);\"><span class=\" fusion-imageframe imageframe-none imageframe-1 hover-type-none\" style=\"border:1px solid var(--awb-custom10);\"><a href=\"https:\/\/osb.org\/wp-content\/uploads\/2026\/01\/Abbazia-Montecassino-223.jpg\" class=\"fusion-lightbox\" data-rel=\"iLightbox[8e225c639d190186e69]\" data-title=\"Abbazia-Montecassino-223\" title=\"Abbazia-Montecassino-223\"><img decoding=\"async\" width=\"1200\" height=\"675\" src=\"https:\/\/osb.org\/wp-content\/uploads\/2026\/01\/Abbazia-Montecassino-223.jpg\" data-orig-src=\"https:\/\/osb.org\/wp-content\/uploads\/2026\/01\/Abbazia-Montecassino-223.jpg\" alt class=\"lazyload img-responsive wp-image-16196\" srcset=\"data:image\/svg+xml,%3Csvg%20xmlns%3D%27http%3A%2F%2Fwww.w3.org%2F2000%2Fsvg%27%20width%3D%271200%27%20height%3D%27675%27%20viewBox%3D%270%200%201200%20675%27%3E%3Crect%20width%3D%271200%27%20height%3D%27675%27%20fill-opacity%3D%220%22%2F%3E%3C%2Fsvg%3E\" data-srcset=\"https:\/\/osb.org\/wp-content\/uploads\/2026\/01\/Abbazia-Montecassino-223-200x113.jpg 200w, https:\/\/osb.org\/wp-content\/uploads\/2026\/01\/Abbazia-Montecassino-223-400x225.jpg 400w, https:\/\/osb.org\/wp-content\/uploads\/2026\/01\/Abbazia-Montecassino-223-600x338.jpg 600w, https:\/\/osb.org\/wp-content\/uploads\/2026\/01\/Abbazia-Montecassino-223-800x450.jpg 800w, https:\/\/osb.org\/wp-content\/uploads\/2026\/01\/Abbazia-Montecassino-223.jpg 1200w\" data-sizes=\"auto\" data-orig-sizes=\"(max-width: 1024px) 100vw, (max-width: 640px) 100vw, 600px\" \/><\/a><\/span><\/div><div class=\"fusion-text fusion-text-2 fusion-text-no-margin\" style=\"--awb-font-size:var(--awb-typography5-font-size);--awb-line-height:var(--awb-typography5-line-height);--awb-letter-spacing:var(--awb-typography5-letter-spacing);--awb-text-transform:var(--awb-typography5-text-transform);--awb-text-color:var(--awb-custom11);--awb-margin-top:12px;--awb-margin-bottom:12px;--awb-text-font-family:var(--awb-typography5-font-family);--awb-text-font-weight:var(--awb-typography5-font-weight);--awb-text-font-style:var(--awb-typography5-font-style);\"><\/div><\/div><\/div><div class=\"fusion-layout-column fusion_builder_column fusion-builder-column-2 fusion_builder_column_1_2 1_2 fusion-flex-column\" style=\"--awb-bg-size:cover;--awb-width-large:50%;--awb-margin-top-large:0px;--awb-spacing-right-large:30px;--awb-margin-bottom-large:0px;--awb-spacing-left-large:30px;--awb-width-medium:100%;--awb-order-medium:0;--awb-spacing-right-medium:30px;--awb-spacing-left-medium:30px;--awb-width-small:100%;--awb-order-small:0;--awb-spacing-right-small:30px;--awb-spacing-left-small:30px;\"><div class=\"fusion-column-wrapper fusion-column-has-shadow fusion-flex-justify-content-flex-start fusion-content-layout-column\"><div class=\"fusion-separator fusion-full-width-sep\" style=\"align-self: center;margin-left: auto;margin-right: auto;width:100%;\"><div class=\"fusion-separator-border sep-single sep-solid\" style=\"--awb-height:20px;--awb-amount:20px;--awb-sep-color:var(--awb-color4);border-color:var(--awb-color4);border-top-width:3px;\"><\/div><\/div><\/div><\/div><\/div><\/div><div class=\"fusion-fullwidth fullwidth-box fusion-builder-row-2 fusion-flex-container has-pattern-background has-mask-background hundred-percent-fullwidth non-hundred-percent-height-scrolling\" style=\"--awb-border-radius-top-left:0px;--awb-border-radius-top-right:0px;--awb-border-radius-bottom-right:0px;--awb-border-radius-bottom-left:0px;--awb-padding-right:60px;--awb-padding-left:60px;--awb-padding-right-medium:60px;--awb-padding-left-medium:60px;--awb-padding-right-small:30px;--awb-padding-left-small:30px;--awb-margin-top:30px;--awb-margin-top-small:0px;--awb-flex-wrap:wrap;\" ><div class=\"fusion-builder-row fusion-row fusion-flex-align-items-flex-start fusion-flex-justify-content-center fusion-flex-content-wrap\" style=\"width:calc( 100% + 60px ) !important;max-width:calc( 100% + 60px ) !important;margin-left: calc(-60px \/ 2 );margin-right: calc(-60px \/ 2 );\"><div class=\"fusion-layout-column fusion_builder_column fusion-builder-column-3 fusion_builder_column_1_2 1_2 fusion-flex-column\" style=\"--awb-bg-blend:overlay;--awb-bg-size:cover;--awb-width-large:50%;--awb-margin-top-large:0px;--awb-spacing-right-large:30px;--awb-margin-bottom-large:20px;--awb-spacing-left-large:30px;--awb-width-medium:75%;--awb-order-medium:0;--awb-spacing-right-medium:30px;--awb-spacing-left-medium:30px;--awb-width-small:100%;--awb-order-small:0;--awb-spacing-right-small:30px;--awb-spacing-left-small:30px;\"><div class=\"fusion-column-wrapper fusion-flex-justify-content-flex-start fusion-content-layout-column\"><div class=\"fusion-builder-row fusion-builder-row-inner fusion-row fusion-flex-align-items-flex-start fusion-flex-justify-content-center fusion-flex-content-wrap\" style=\"--awb-flex-grow:0;--awb-flex-grow-medium:0;--awb-flex-grow-small:0;--awb-flex-shrink:0;--awb-flex-shrink-medium:0;--awb-flex-shrink-small:0;width:calc( 100% + 60px ) !important;max-width:calc( 100% + 60px ) !important;margin-left: calc(-60px \/ 2 );margin-right: calc(-60px \/ 2 );\"><div class=\"fusion-layout-column fusion_builder_column_inner fusion-builder-nested-column-0 fusion_builder_column_inner_1_2 1_2 fusion-flex-column fusion-flex-align-self-center\" style=\"--awb-bg-size:cover;--awb-width-large:50%;--awb-margin-top-large:0px;--awb-spacing-right-large:30px;--awb-margin-bottom-large:0px;--awb-spacing-left-large:30px;--awb-width-medium:50%;--awb-order-medium:0;--awb-spacing-right-medium:30px;--awb-spacing-left-medium:30px;--awb-width-small:100%;--awb-order-small:1;--awb-spacing-right-small:30px;--awb-margin-bottom-small:20px;--awb-spacing-left-small:30px;\"><div class=\"fusion-column-wrapper fusion-column-has-shadow fusion-flex-justify-content-center fusion-content-layout-column\"><div class=\"fusion-text fusion-text-3 fusion-text-no-margin\" style=\"--awb-font-size:var(--awb-typography5-font-size);--awb-line-height:var(--awb-typography5-line-height);--awb-letter-spacing:var(--awb-typography5-letter-spacing);--awb-text-transform:var(--awb-typography5-text-transform);--awb-text-color:var(--awb-custom11);--awb-margin-top:0px;--awb-margin-right:0px;--awb-margin-bottom:0px;--awb-margin-left:0px;--awb-text-font-family:var(--awb-typography5-font-family);--awb-text-font-weight:var(--awb-typography5-font-weight);--awb-text-font-style:var(--awb-typography5-font-style);\"><p>4 janvier 2026<\/p>\n<\/div><\/div><\/div><div class=\"fusion-layout-column fusion_builder_column_inner fusion-builder-nested-column-1 fusion_builder_column_inner_1_2 1_2 fusion-flex-column fusion-flex-align-self-center\" style=\"--awb-bg-size:cover;--awb-width-large:50%;--awb-margin-top-large:0px;--awb-spacing-right-large:30px;--awb-margin-bottom-large:0px;--awb-spacing-left-large:30px;--awb-width-medium:50%;--awb-order-medium:0;--awb-spacing-right-medium:30px;--awb-spacing-left-medium:30px;--awb-width-small:100%;--awb-order-small:0;--awb-margin-top-small:0px;--awb-spacing-right-small:30px;--awb-spacing-left-small:30px;\"><div class=\"fusion-column-wrapper fusion-column-has-shadow fusion-flex-justify-content-center fusion-content-layout-column\"><div class=\"fusion-sharing-box fusion-sharing-box-1 boxed-icons\" style=\"background-color:var(--awb-color1);border-color:var(--awb-color1);--awb-margin-top:0px;--awb-margin-right:0px;--awb-margin-bottom:0px;--awb-margin-left:0px;--awb-wrapper-padding-top:0px;--awb-wrapper-padding-right:0px;--awb-wrapper-padding-bottom:0px;--awb-wrapper-padding-left:0px;--awb-padding-top:0px;--awb-padding-right:0px;--awb-padding-bottom:0px;--awb-padding-left:0px;--awb-border-top:0px;--awb-border-right:0px;--awb-border-bottom:0px;--awb-border-left:0px;--awb-icon-size:12px;--awb-separator-border-color:#cccccc;--awb-separator-border-sizes:0px;--awb-stacked-align:flex-end;--awb-layout:row;--awb-alignment-small:flex-end;--awb-stacked-align-small:center;\" data-title=\"Un d\u00e9but parfait pour les pr\u00e9paratifs du Jubil\u00e9 de 2029\" data-description=\"Votre contenu va ici       \r\n\r\nAdam Simon\r\nCoordinateur du projet 2029\r\nadam.simon@anselmianum.com\r\n\r\nEn septembre 2024, des centaines d\u2019abb\u00e9s se sont r\u00e9unis \u00e0 Rome pour le Congr\u00e8s quadriennal des abb\u00e9s et ont convenu de c\u00e9l\u00e9brer, en 2029, le 1500e anniversaire de la fondation de Montecassino comme\" data-link=\"https:\/\/osb.org\/fr\/2026\/01\/04\/un-debut-parfait-pour-les-preparatifs-du-jubile-de-2029\/\"><div class=\"fusion-social-networks sharingbox-shortcode-icon-wrapper sharingbox-shortcode-icon-wrapper-1 boxed-icons\"><span><a href=\"https:\/\/www.facebook.com\/sharer.php?u=https%3A%2F%2Fosb.org%2Ffr%2F2026%2F01%2F04%2Fun-debut-parfait-pour-les-preparatifs-du-jubile-de-2029%2F&amp;t=Un%20d%C3%A9but%20parfait%20pour%20les%20pr%C3%A9paratifs%20du%20Jubil%C3%A9%20de%202029\" target=\"_blank\" rel=\"noreferrer\" title=\"Facebook\" aria-label=\"Facebook\"><i class=\"fusion-social-network-icon fusion-tooltip fusion-facebook awb-icon-facebook\" style=\"color:var(--awb-custom11);background-color:#e8e8e8;border-color:#e8e8e8;border-radius:50%;\" aria-hidden=\"true\"><\/i><\/a><\/span><span><a href=\"https:\/\/x.com\/intent\/post?text=Un%20d%C3%A9but%20parfait%20pour%20les%20pr%C3%A9paratifs%20du%20Jubil%C3%A9%20de%202029&amp;url=https%3A%2F%2Fosb.org%2Ffr%2F2026%2F01%2F04%2Fun-debut-parfait-pour-les-preparatifs-du-jubile-de-2029%2F\" target=\"_blank\" rel=\"noopener noreferrer\" title=\"X\" aria-label=\"X\"><i class=\"fusion-social-network-icon fusion-tooltip fusion-twitter awb-icon-twitter\" style=\"color:var(--awb-custom11);background-color:#e8e8e8;border-color:#e8e8e8;border-radius:50%;\" aria-hidden=\"true\"><\/i><\/a><\/span><span><a href=\"https:\/\/api.whatsapp.com\/send?text=https%3A%2F%2Fosb.org%2Ffr%2F2026%2F01%2F04%2Fun-debut-parfait-pour-les-preparatifs-du-jubile-de-2029%2F\" target=\"_blank\" rel=\"noopener noreferrer\" title=\"WhatsApp\" aria-label=\"WhatsApp\"><i class=\"fusion-social-network-icon fusion-tooltip fusion-whatsapp awb-icon-whatsapp\" style=\"color:var(--awb-custom11);background-color:#e8e8e8;border-color:#e8e8e8;border-radius:50%;\" aria-hidden=\"true\"><\/i><\/a><\/span><span><a href=\"mailto:?subject=Un%20d%C3%A9but%20parfait%20pour%20les%20pr%C3%A9paratifs%20du%20Jubil%C3%A9%20de%202029&amp;body=https%3A%2F%2Fosb.org%2Ffr%2F2026%2F01%2F04%2Fun-debut-parfait-pour-les-preparatifs-du-jubile-de-2029%2F\" target=\"_self\" title=\"Email\" aria-label=\"Email\"><i class=\"fusion-social-network-icon fusion-tooltip fusion-mail awb-icon-mail\" style=\"color:var(--awb-custom11);background-color:#e8e8e8;border-color:#e8e8e8;border-radius:50%;\" aria-hidden=\"true\"><\/i><\/a><\/span><\/div><\/div><\/div><\/div><\/div><div class=\"fusion-text fusion-text-4\"><p><em>Adam Simon<\/em><br \/>\n<em>Coordinateur du projet 2029<\/em><br \/>\n<a href=\"mailto:adam.simon@anselmianum.com\"><em>adam.simon@anselmianum.com<\/em><\/a><\/p>\n<p>En septembre 2024, des centaines d\u2019abb\u00e9s se sont r\u00e9unis \u00e0 Rome pour le Congr\u00e8s quadriennal des abb\u00e9s et ont convenu de c\u00e9l\u00e9brer, en 2029, le 1500e anniversaire de la fondation de Montecassino comme un Jubil\u00e9 de la vie b\u00e9n\u00e9dictine. Les pr\u00e9paratifs de ce Jubil\u00e9 ont commenc\u00e9 sous la direction de l\u2019abb\u00e9 primat, avec l\u2019aspiration d\u2019unir les b\u00e9n\u00e9dictins du monde entier dans un Jubil\u00e9 de souvenir, de r\u00e9flexion et de r\u00e9orientation vers l\u2019avenir. <\/p>\n<p>La visite du pape L\u00e9on XIV \u00e0 Sant\u2019Anselmo, \u00e0 l\u2019occasion de l\u2019anniversaire de sa d\u00e9dicace, a \u00e9t\u00e9 un moment important de gratitude, retra\u00e7ant 125 ans d\u2019histoire. Ce fut \u00e9galement un \u00e9v\u00e9nement qui nous a invit\u00e9s \u00e0 regarder vers l\u2019avenir. Nous sommes impatients de nous inspirer des paroles du pape L\u00e9on XIV afin de c\u00e9l\u00e9brer le prochain Jubil\u00e9 d\u2019une mani\u00e8re plus significative et fructueuse.  <\/p>\n<h2>Vers le Jubil\u00e9 b\u00e9n\u00e9dictin de 2029<\/h2>\n<p>L\u2019organisation du Jubil\u00e9 n\u2019en est qu\u2019\u00e0 ses d\u00e9buts, mais son objectif est clair. Il s\u2019agit d\u2019un processus de transformation, et non d\u2019un simple \u00e9v\u00e9nement \u00e0 c\u00e9l\u00e9brer en&nbsp;2029. <\/p>\n<p>Le th\u00e8me choisi pour le Jubil\u00e9 est \u00ab&nbsp;Lieux d\u2019esp\u00e9rance depuis&nbsp;529&nbsp;\u00bb. Un monast\u00e8re est toujours un lieu&nbsp;; ce n\u2019est jamais une id\u00e9e abstraite. Les monast\u00e8res sont si divers parce qu\u2019ils sont profond\u00e9ment enracin\u00e9s dans les terres et les cultures dans lesquelles ils naissent. Ce sont des lieux o\u00f9 l\u2019esp\u00e9rance est v\u00e9cue et offerte.   <\/p>\n<p>Dans son hom\u00e9lie \u00e0 Sant\u2019Anselmo, le pape L\u00e9on&nbsp;XIV semblait d\u00e9j\u00e0 conscient de ce th\u00e8me, nous offrant un langage qui le soutient magnifiquement. Il a d\u00e9crit le monast\u00e8re comme un lieu de rencontre&nbsp;: <\/p>\n<blockquote>\n<p>La d\u00e9dicace est le moment solennel de l\u2019histoire d\u2019un \u00e9difice sacr\u00e9, o\u00f9 il est consacr\u00e9 \u00e0 \u00eatre un lieu de rencontre entre l\u2019espace et le temps, entre le fini et l\u2019infini, entre l\u2019humanit\u00e9 et Dieu&nbsp;: une porte ouverte sur l\u2019\u00e9ternit\u00e9.<\/p>\n<\/blockquote>\n<p>Nous esp\u00e9rons que le Jubil\u00e9 \u00e9veillera l\u2019enthousiasme, captivera l\u2019imagination des gens et renforcera un sentiment de fiert\u00e9 envers nos monast\u00e8res. En regardant \u00e0 la fois vers le pass\u00e9 et vers l\u2019avenir, nous cherchons \u00e0 mettre en lumi\u00e8re la valeur durable de la R\u00e8gle de saint Beno\u00eet et sa pertinence continue. <\/p>\n<h2>Les paroles du pape L\u00e9on&nbsp;XIV comme source d\u2019inspiration<\/h2>\n<p>Dans ses remerciements au pape L\u00e9on&nbsp;XIV, l\u2019abb\u00e9 Jeremias lui a demand\u00e9 d\u2019accompagner le cheminement du Jubil\u00e9&nbsp;:<\/p>\n<blockquote>\n<p>Nous souhaitons explorer comment cette tradition de saint Beno\u00eet et de sainte Scholastique peut devenir significative pour un monde qui se retrouve une fois de plus au bord de la transformation et du bouleversement. Nous esp\u00e9rons et prions pour que le successeur de Pierre accompagne notre r\u00e9flexion, notre discernement et notre action \u2013 pour ceux d\u2019entre nous qui vivent dans des monast\u00e8res, mais aussi pour l\u2019\u00c9glise et le monde entier. <\/p>\n<\/blockquote>\n<p>Le nouveau pontife accorde clairement de la valeur \u00e0 la contribution des b\u00e9n\u00e9dictins. De ses paroles, nous pouvons discerner quatre&nbsp;volets d\u2019encouragement qui soutiennent notre vision du Jubil\u00e9. <\/p>\n<h3>1. Le Jubil\u00e9 est d\u00e9di\u00e9 \u00e0 l\u2019\u00e9vang\u00e9lisation<\/h3>\n<p>Avant son \u00e9lection comme pape, le p\u00e8re Robert Prevost, alors prieur g\u00e9n\u00e9ral, a \u00e9t\u00e9 interview\u00e9 en&nbsp;2012 apr\u00e8s avoir particip\u00e9 au Synode sur l\u2019\u00e9vang\u00e9lisation. Il a soulign\u00e9 l\u2019importance de la vie religieuse dans l\u2019\u00e9vang\u00e9lisation&nbsp;: <\/p>\n<blockquote>\n<p>L\u2019importance de la vie religieuse tout au long de l\u2019histoire de l\u2019\u00c9glise doit \u00eatre appr\u00e9ci\u00e9e et ne peut \u00eatre sous-estim\u00e9e\u2026 surtout si l\u2019on regarde la premi\u00e8re \u00e9vang\u00e9lisation, qui a \u00e9tabli l\u2019\u00c9glise locale dans diverses r\u00e9gions. De l\u00e0 est n\u00e9 ce que nous connaissons aujourd\u2019hui. <\/p>\n<\/blockquote>\n<p>Pour le pape L\u00e9on&nbsp;XIV, la vie religieuse a toujours \u00e9t\u00e9 au c\u0153ur de l\u2019engagement missionnaire de l\u2019\u00c9glise. Notre Jubil\u00e9, par cons\u00e9quent, doit aussi \u00eatre un temps d\u2019\u00e9nergie missionnaire renouvel\u00e9e, dans lequel nos \u00ab&nbsp;lieux d\u2019esp\u00e9rance&nbsp;\u00bb redeviennent des centres d\u2019\u00e9vang\u00e9lisation. <\/p>\n<h3>2. Les monast\u00e8res comme agents de transformation<\/h3>\n<p>Dans sa premi\u00e8re exhortation apostolique, Dilexi te, le pape L\u00e9on&nbsp;XIV consacre une section importante au r\u00f4le des b\u00e9n\u00e9dictins, offrant une riche inspiration pour la pr\u00e9paration du Jubil\u00e9. Il d\u00e9finit la R\u00e8gle de saint Beno\u00eet comme \u00ab&nbsp;l\u2019\u00e9pine dorsale de la spiritualit\u00e9 monastique europ\u00e9enne&nbsp;\u00bb. La vie monastique est une \u00ab&nbsp;\u00e9cole de charit\u00e9&nbsp;\u00bb, dans laquelle le travail manuel fa\u00e7onne le c\u0153ur pour le service et le pr\u00e9pare \u00e0 accueillir le Christ en la personne des pauvres et des \u00e9trangers.  <\/p>\n<p>Dans cette exhortation, il pr\u00e9sente la tradition monastique comme \u00ab&nbsp;un chemin concret pour transformer la soci\u00e9t\u00e9&nbsp;\u00bb. Les monast\u00e8res, ces \u00ab&nbsp;lieux d\u2019esp\u00e9rance&nbsp;\u00bb tangibles, sont appel\u00e9s \u00e0 \u00eatre le levain d\u2019une nouvelle civilisation, o\u00f9 la dignit\u00e9 de chaque personne est honor\u00e9e et o\u00f9 l\u2019\u00c9vangile \u0153uvre d\u2019une mani\u00e8re discr\u00e8te mais puissante. <\/p>\n<h3>3. Le Jubil\u00e9 comme une occasion de renouveau<\/h3>\n<p>Au milieu du chaos et de l\u2019incertitude, de nombreuses personnes recherchent aujourd\u2019hui un renouveau et une vie spirituelle plus profonde. Rarement la foi a-t-elle \u00e9t\u00e9 aussi n\u00e9cessaire ou aussi pertinente. Le pape L\u00e9on&nbsp;XIV a parl\u00e9 explicitement de renouveau dans son discours au clerg\u00e9 de Rome le 19&nbsp;septembre&nbsp;2025&nbsp;:  <\/p>\n<blockquote>\n<p>Gr\u00e2ce au processus synodal, l\u2019Esprit a \u00e9veill\u00e9 l\u2019esp\u00e9rance d\u2019un renouveau eccl\u00e9sial capable de revitaliser les communaut\u00e9s, afin qu\u2019elles puissent cro\u00eetre dans un style \u00e9vang\u00e9lique, dans la proximit\u00e9 de Dieu et dans une pr\u00e9sence de service et de t\u00e9moignage dans le monde.<\/p>\n<\/blockquote>\n<p>Le Jubil\u00e9 devient ainsi un moment privil\u00e9gi\u00e9 pour accueillir et r\u00e9pondre \u00e0 cet appel au renouveau \u2013 au sein de nos monast\u00e8res, de nos communaut\u00e9s d\u2019oblats et de la\u00efcs et de tous ceux qui se tournent vers la vie b\u00e9n\u00e9dictine pour obtenir des conseils et de la force.<\/p>\n<h3>4. Le Christ au centre de la vision du Jubil\u00e9<\/h3>\n<p>Notre vision du Jubil\u00e9 est enracin\u00e9e dans le Christ et guid\u00e9e par la R\u00e8gle. Dans ses paroles \u00e0 Sant\u2019Anselmo, le pape L\u00e9on&nbsp;XIV a clairement plac\u00e9 le Christ au centre de la mission de l\u2019\u00c9glise&nbsp;: <\/p>\n<blockquote>\n<p>Cette c\u00e9l\u00e9bration nous rappelle que\u2026 nous aussi, nous ne pouvons r\u00e9pondre \u00e0 l\u2019appel de notre vocation qu\u2019en pla\u00e7ant le Christ au centre de notre existence et de notre mission, en commen\u00e7ant par cet acte de foi qui nous conduit \u00e0 le reconna\u00eetre comme le Sauveur et en le traduisant en pri\u00e8re, en \u00e9tude et en l\u2019engagement d\u2019une vie sainte.<\/p>\n<\/blockquote>\n<p>Tous les th\u00e8mes de notre Jubil\u00e9 \u2013 \u00c9veil, \u00c9coute, Croissance, \u00c9panouissement \u2013 sont en fin de compte des invitations \u00e0 placer le Christ plus fermement au centre de nos vies et de nos communaut\u00e9s, dans des lieux et des circonstances tr\u00e8s concrets.<\/p>\n<h2>Le programme du Jubil\u00e9&nbsp;: quatre&nbsp;ans, quatre&nbsp;lieux d\u2019esp\u00e9rance<\/h2>\n<p>Chaque ann\u00e9e de la p\u00e9riode pr\u00e9c\u00e9dant le Jubil\u00e9 aura un th\u00e8me et sera centr\u00e9e sur un monast\u00e8re, un lieu d\u2019esp\u00e9rance o\u00f9 la R\u00e8gle a pris racine dans un contexte particulier.<\/p>\n<h3>2026 \u2013 Norcia&nbsp;: \u00ab&nbsp;\u00c9veiller&nbsp;\u00bb<\/h3>\n<p>Le lieu de naissance de saint Beno\u00eet nous invite \u00e0 commencer le voyage en compagnie du saint, de sa s\u0153ur jumelle sainte Scholastique et de leur famille. C\u2019est une invitation \u00e0 la m\u00e9moire et \u00e0 la gratitude. <\/p>\n<h3>2027 \u2013 Rome&nbsp;: \u00ab&nbsp;\u00c9couter&nbsp;\u00bb<\/h3>\n<p>Au c\u0153ur de l\u2019\u00c9glise, saint Beno\u00eet \u00e9coute&nbsp;: la Parole de Dieu, l\u2019enseignement de l\u2019\u00c9glise et les cris et les espoirs du monde. C\u2019est un temps de conversion, de courage et d\u2019aventure. <\/p>\n<h3>2028 \u2013 Subiaco&nbsp;: \u00ab&nbsp;Grandir&nbsp;\u00bb<\/h3>\n<p>Dans la solitude et la beaut\u00e9 de Subiaco, nous r\u00e9fl\u00e9chissons \u00e0 la croissance dans la vie spirituelle et dans la communaut\u00e9, form\u00e9es \u00e0 l\u2019\u00e9cole du service au Seigneur. C\u2019est un temps de lutte dans lequel saint Beno\u00eet embrasse le changement. <\/p>\n<h3>2029 \u2013 Montecassino&nbsp;: \u00ab&nbsp;S\u2019\u00e9panouir&nbsp;\u00bb<\/h3>\n<p>\u00c0 Montecassino, le centre de notre c\u00e9l\u00e9bration, nous contemplons l\u2019appel \u00e0 nous \u00e9panouir dans la saintet\u00e9 et le service, offrant nos monast\u00e8res comme des lieux d\u2019esp\u00e9rance durables pour l\u2019\u00c9glise et le monde.<\/p>\n<p>Comme tous les Jubil\u00e9s, nous commen\u00e7ons par la gratitude. Mais il y a aussi un sentiment de p\u00e9nitence&nbsp;: qu\u2019a fait la famille b\u00e9n\u00e9dictine de l\u2019h\u00e9ritage de saint Beno\u00eet&nbsp;? Comme l\u2019a dit le pape L\u00e9on&nbsp;XIV dans son discours \u00e0 Sant\u2019Anselmo le 11&nbsp;novembre, citant une phrase du discours \u00e0 Sant\u2019Anselmo du pape saint Jean-Paul&nbsp;II (1er&nbsp;juin&nbsp;1986)&nbsp;:  <\/p>\n<blockquote>\n<p>Sant\u2019Anselmo nous rappelle que la connaissance des myst\u00e8res divins n\u2019est pas tant le fruit du g\u00e9nie humain qu\u2019un don que Dieu fait aux humbles et aux fid\u00e8les.<\/p>\n<\/blockquote>\n<p>L\u2019esprit du Jubil\u00e9 est donc fond\u00e9 sur l\u2019acceptation de l\u2019humilit\u00e9 comme point de d\u00e9part du renouveau.<\/p>\n<p>\u00c0 partir de cette fondation, nous souhaitons inviter le monde \u00e0 l\u2019esp\u00e9rance, \u00e0 la sagesse et \u00e0 la stabilit\u00e9 de la vie b\u00e9n\u00e9dictine. Nous souhaitons \u00e9galement ouvrir de nouvelles fronti\u00e8res, faisant \u00e9cho aux paroles du pape L\u00e9on&nbsp;XIV le 11&nbsp;novembre&nbsp;: <\/p>\n<blockquote>\n<p>Le monachisme a \u00e9t\u00e9 une r\u00e9alit\u00e9 de \u00ab&nbsp;fronti\u00e8re&nbsp;\u00bb, qui a conduit des hommes et des femmes courageux \u00e0 \u00e9tablir des centres de pri\u00e8re, de travail et de charit\u00e9 dans les lieux les plus recul\u00e9s et les plus difficiles.<\/p>\n<\/blockquote>\n<h2>Planifier un Jubil\u00e9 pour le XXIe&nbsp;si\u00e8cle<\/h2>\n<p>Nous pr\u00e9voyons des \u00e9v\u00e9nements pour c\u00e9l\u00e9brer le Jubil\u00e9 et encourageons la cr\u00e9ation d\u2019\u0153uvres culturelles telles que des livres, de la musique, de l\u2019art et des vid\u00e9os. Nous invitons chaleureusement les lecteurs de cet article \u00e0 sugg\u00e9rer des fa\u00e7ons de c\u00e9l\u00e9brer le Jubil\u00e9 en \u00e9crivant au groupe de pilotage de&nbsp;2029&nbsp;: <a href=\"mailto:adam.simon@anselmianum.com\">adam.simon@anselmianum.com<\/a>. <\/p>\n<p>Ce sera le premier Jubil\u00e9 num\u00e9rique pour les b\u00e9n\u00e9dictins, une diff\u00e9rence majeure par rapport aux c\u00e9l\u00e9brations ant\u00e9rieures telles que les Jubil\u00e9s de la naissance de saint Beno\u00eet en&nbsp;1880 et&nbsp;1980. Nous cr\u00e9erons un site Web d\u00e9di\u00e9 et une plateforme num\u00e9rique mondiale o\u00f9 les monast\u00e8res pourront partager des ressources. Nous sommes profond\u00e9ment conscients de la riche diversit\u00e9 culturelle des b\u00e9n\u00e9dictins du monde entier et souhaitons en rendre compte en ligne. Dans un ordre g\u00e9n\u00e9ralement ax\u00e9 localement sur ses communaut\u00e9s d\u2019origine, nous visons \u00e0 cr\u00e9er un h\u00e9ritage \u00e0 long terme de connexion mondiale.   <\/p>\n<p>Nous souhaitons \u00e9galement atteindre un public plus large&nbsp;: les moines et les moniales&nbsp;; les oblats et les la\u00efcs&nbsp;; les jeunes et les \u00e9tudiants&nbsp;; les familles&nbsp;; l\u2019\u00c9glise dans son ensemble&nbsp;; et les chercheurs de v\u00e9rit\u00e9. Nous souhaitons renouveler notre charisme \u0153cum\u00e9nique au service de l\u2019\u00c9glise, comme l\u2019a d\u00e9clar\u00e9 l\u2019abb\u00e9 Jeremias le 11&nbsp;novembre&nbsp;: <\/p>\n<blockquote>\n<p>Beaucoup de nos monast\u00e8res se sont engag\u00e9s dans le dialogue \u0153cum\u00e9nique, avec une attention particuli\u00e8re aux \u00c9glises d\u2019Orient\u2026 aujourd\u2019hui encore, nous sommes pr\u00eats \u00e0 continuer sur cette voie.<\/p>\n<\/blockquote>\n<p>Nous souhaitons stimuler l\u2019int\u00e9r\u00eat pour la vie et la vocation b\u00e9n\u00e9dictines, en rapprochant les gens des monast\u00e8res et en les valorisant comme des lieux d\u2019esp\u00e9rance durables dans le monde entier. Nous esp\u00e9rons que cela m\u00e8nera \u00e0 plus de visiteurs, \u00e0 un engagement plus profond et, si Dieu le veut, \u00e0 de nouvelles vocations. Nous voulons que ce Jubil\u00e9 soit un cadeau pour le monde entier, comme l\u2019a affirm\u00e9 l\u2019abb\u00e9 Jeremias \u00e0 Sant\u2019Anselmo le 11&nbsp;novembre&nbsp;:  <\/p>\n<blockquote>\n<p>Saint Beno\u00eet a inspir\u00e9 et r\u00e9glement\u00e9 un mode de vie qui a transform\u00e9 ce continent, comme l\u2019a reconnu le pape Paul&nbsp;VI lorsqu\u2019il l\u2019a proclam\u00e9 principal patron de l\u2019Europe. L\u2019h\u00e9ritage b\u00e9n\u00e9dictin ne nous appartient pas seulement \u00e0 nous, moines et moniales&nbsp;: c\u2019est un cadeau pour toute l\u2019\u00c9glise et pour le monde entier. <\/p>\n<\/blockquote>\n<p>Notre pri\u00e8re pour le Jubil\u00e9 est pour le renouveau et la transformation des b\u00e9n\u00e9dictins dans le monde entier, afin que nos monast\u00e8res soient v\u00e9ritablement des \u00ab&nbsp;lieux d\u2019esp\u00e9rance&nbsp;\u00bb pour tous ceux qui les rencontrent. Nous sommes reconnaissants au pape L\u00e9on&nbsp;XIV d\u2019\u00eatre avec nous au d\u00e9but de ce voyage et nous nous inspirons de ses paroles et de sa pr\u00e9sence. <\/p>\n<\/div><div style=\"text-align:center;\"><a class=\"fusion-button button-flat fusion-button-default-size button-custom fusion-button-default button-1 fusion-button-span-yes fusion-button-default-type\" style=\"--awb-margin-top:10px;--button_accent_color:#ffffff;--button_accent_hover_color:#ffffff;--button_border_hover_color:#ffffff;--button_gradient_top_color:#1f7aa7;--button_gradient_bottom_color:#1f7aa7;--button_gradient_top_color_hover:#72cee0;--button_gradient_bottom_color_hover:#72cee0;\" target=\"_blank\" rel=\"noopener noreferrer\" href=\"mailto:adam.simon@anselmianum.com\"><span class=\"fusion-button-icon-divider button-icon-divider-left\"><i class=\"icon-osbdotorgenvelop awb-button__icon awb-button__icon--default\" aria-hidden=\"true\"><\/i><\/span><span class=\"fusion-button-text awb-button__text awb-button__text--default fusion-button-text-left\">Envoyer une suggestion par courriel<\/span><\/a><\/div><\/div><\/div><\/div><\/div><\/p>\n","protected":false},"excerpt":{"rendered":"<p>Les b\u00e9n\u00e9dictins du monde entier se pr\u00e9parent pour le Jubil\u00e9 de 2029, qui marquera les 1 500 ans de la fondation de Montecassino. Inspir\u00e9 par le pape L\u00e9on XIV, Adam Simon, coordinateur du projet 2029, pr\u00e9sente le Jubil\u00e9 comme un voyage \u00e0 travers des lieux d\u2019esp\u00e9rance : les monast\u00e8res b\u00e9n\u00e9dictins. <\/p>\n","protected":false},"author":1,"featured_media":16196,"comment_status":"closed","ping_status":"closed","sticky":false,"template":"","format":"standard","meta":{"footnotes":""},"categories":[183],"tags":[384,378],"class_list":["post-16195","post","type-post","status-publish","format-standard","has-post-thumbnail","hentry","category-nexus-fr","tag-nexus-messe-papale-25-fr","tag-nexus-janvier-2026-fr"],"cc_featured_image_caption":{"caption_text":false,"source_text":false,"source_url":false},"_links":{"self":[{"href":"https:\/\/osb.org\/fr\/wp-json\/wp\/v2\/posts\/16195","targetHints":{"allow":["GET"]}}],"collection":[{"href":"https:\/\/osb.org\/fr\/wp-json\/wp\/v2\/posts"}],"about":[{"href":"https:\/\/osb.org\/fr\/wp-json\/wp\/v2\/types\/post"}],"author":[{"embeddable":true,"href":"https:\/\/osb.org\/fr\/wp-json\/wp\/v2\/users\/1"}],"replies":[{"embeddable":true,"href":"https:\/\/osb.org\/fr\/wp-json\/wp\/v2\/comments?post=16195"}],"version-history":[{"count":0,"href":"https:\/\/osb.org\/fr\/wp-json\/wp\/v2\/posts\/16195\/revisions"}],"wp:featuredmedia":[{"embeddable":true,"href":"https:\/\/osb.org\/fr\/wp-json\/wp\/v2\/media\/16196"}],"wp:attachment":[{"href":"https:\/\/osb.org\/fr\/wp-json\/wp\/v2\/media?parent=16195"}],"wp:term":[{"taxonomy":"category","embeddable":true,"href":"https:\/\/osb.org\/fr\/wp-json\/wp\/v2\/categories?post=16195"},{"taxonomy":"post_tag","embeddable":true,"href":"https:\/\/osb.org\/fr\/wp-json\/wp\/v2\/tags?post=16195"}],"curies":[{"name":"wp","href":"https:\/\/api.w.org\/{rel}","templated":true}]}}