{"id":16066,"date":"2025-12-02T11:08:11","date_gmt":"2025-12-02T10:08:11","guid":{"rendered":"https:\/\/osb.org\/2025\/12\/02\/necrologie-pere-martin-neyt-osb-ancien-president-de-laim\/"},"modified":"2026-01-05T05:48:38","modified_gmt":"2026-01-05T04:48:38","slug":"necrologie-pere-martin-neyt-osb-ancien-president-de-laim","status":"publish","type":"post","link":"https:\/\/osb.org\/fr\/2025\/12\/02\/necrologie-pere-martin-neyt-osb-ancien-president-de-laim\/","title":{"rendered":"N\u00e9crologie : P\u00e8re Martin Neyt OSB, Ancien Pr\u00e9sident de l&rsquo;AIM"},"content":{"rendered":"<p><div class=\"fusion-fullwidth fullwidth-box fusion-builder-row-1 fusion-flex-container has-pattern-background has-mask-background hundred-percent-fullwidth non-hundred-percent-height-scrolling\" style=\"--awb-border-sizes-bottom:1px;--awb-border-color:var(--awb-custom11);--awb-border-radius-top-left:0px;--awb-border-radius-top-right:0px;--awb-border-radius-bottom-right:0px;--awb-border-radius-bottom-left:0px;--awb-padding-right:60px;--awb-padding-bottom:20px;--awb-padding-left:60px;--awb-padding-right-small:30px;--awb-padding-left-small:30px;--awb-margin-top-medium:1px;--awb-margin-top-small:0px;--awb-flex-wrap:wrap;\" ><div class=\"fusion-builder-row fusion-row fusion-flex-align-items-center fusion-flex-justify-content-flex-end fusion-flex-content-wrap\" style=\"width:calc( 100% + 60px ) !important;max-width:calc( 100% + 60px ) !important;margin-left: calc(-60px \/ 2 );margin-right: calc(-60px \/ 2 );\"><div class=\"fusion-layout-column fusion_builder_column fusion-builder-column-0 fusion_builder_column_1_2 1_2 fusion-flex-column\" style=\"--awb-padding-right:60px;--awb-padding-left:60px;--awb-padding-right-small:0px;--awb-padding-left-small:0px;--awb-bg-size:cover;--awb-width-large:50%;--awb-margin-top-large:0px;--awb-spacing-right-large:30px;--awb-margin-bottom-large:20px;--awb-spacing-left-large:30px;--awb-width-medium:100%;--awb-order-medium:0;--awb-margin-top-medium:20px;--awb-spacing-right-medium:30px;--awb-margin-bottom-medium:0px;--awb-spacing-left-medium:30px;--awb-width-small:100%;--awb-order-small:0;--awb-spacing-right-small:30px;--awb-spacing-left-small:30px;\"><div class=\"fusion-column-wrapper fusion-column-has-shadow fusion-flex-justify-content-flex-start fusion-content-layout-column\"><div class=\"fusion-title title fusion-title-1 fusion-sep-none fusion-title-text fusion-title-size-one\" style=\"--awb-text-color:var(--awb-custom13);--awb-margin-top-small:0px;--awb-margin-right-small:0px;--awb-margin-bottom-small:20px;--awb-margin-left-small:0px;--awb-font-size:40px;\"><h1 class=\"fusion-title-heading title-heading-left md-text-align-center fusion-responsive-typography-calculated\" style=\"font-family:var(--awb-typography1-font-family);font-weight:var(--awb-typography1-font-weight);font-style:var(--awb-typography1-font-style);margin:0;letter-spacing:var(--awb-typography1-letter-spacing);text-transform:var(--awb-typography1-text-transform);font-size:1em;--fontSize:40;line-height:var(--awb-typography1-line-height);\">N\u00e9crologie : P\u00e8re Martin Neyt OSB, Ancien Pr\u00e9sident de l&rsquo;AIM<\/h1><\/div><div class=\"fusion-text fusion-text-1 fusion-no-small-visibility fusion-no-medium-visibility\" style=\"--awb-font-size:var(--awb-typography3-font-size);--awb-line-height:var(--awb-typography3-line-height);--awb-letter-spacing:var(--awb-typography3-letter-spacing);--awb-text-transform:var(--awb-typography3-text-transform);--awb-text-color:var(--awb-custom12);--awb-text-font-family:var(--awb-typography3-font-family);--awb-text-font-weight:var(--awb-typography3-font-weight);--awb-text-font-style:var(--awb-typography3-font-style);\"><p>Le P\u00e8re Martin Neyt OSB, moine du Monast\u00e8re de Clerlande et Pr\u00e9sident de l'Alliance pour le Monachisme International (AIM) de 1997 \u00e0 2013, est d\u00e9c\u00e9d\u00e9. Son h\u00e9ritage est celui du service au monde monastique international. <\/p>\n<\/div><\/div><\/div><div class=\"fusion-layout-column fusion_builder_column fusion-builder-column-1 fusion_builder_column_1_2 1_2 fusion-flex-column\" style=\"--awb-bg-size:cover;--awb-width-large:50%;--awb-margin-top-large:0px;--awb-spacing-right-large:30px;--awb-margin-bottom-large:0px;--awb-spacing-left-large:30px;--awb-width-medium:100%;--awb-order-medium:0;--awb-spacing-right-medium:30px;--awb-spacing-left-medium:30px;--awb-width-small:100%;--awb-order-small:0;--awb-spacing-right-small:30px;--awb-spacing-left-small:30px;\"><div class=\"fusion-column-wrapper fusion-column-has-shadow fusion-flex-justify-content-flex-start fusion-content-layout-column\"><div class=\"fusion-image-element \" style=\"--awb-caption-title-font-family:var(--h2_typography-font-family);--awb-caption-title-font-weight:var(--h2_typography-font-weight);--awb-caption-title-font-style:var(--h2_typography-font-style);--awb-caption-title-size:var(--h2_typography-font-size);--awb-caption-title-transform:var(--h2_typography-text-transform);--awb-caption-title-line-height:var(--h2_typography-line-height);--awb-caption-title-letter-spacing:var(--h2_typography-letter-spacing);\"><span class=\" fusion-imageframe imageframe-none imageframe-1 hover-type-none\" style=\"border:1px solid var(--awb-custom10);\"><a href=\"https:\/\/osb.org\/wp-content\/uploads\/2025\/12\/91289b_879a85cc3339438095fa03b2b86a586fmv2.jpg\" class=\"fusion-lightbox\" data-rel=\"iLightbox[92380e97a01fcc99b77]\" data-title=\"91289b_879a85cc3339438095fa03b2b86a586f~mv2\" title=\"91289b_879a85cc3339438095fa03b2b86a586f~mv2\"><img decoding=\"async\" width=\"1148\" height=\"1646\" src=\"https:\/\/osb.org\/wp-content\/uploads\/2025\/12\/91289b_879a85cc3339438095fa03b2b86a586fmv2.jpg\" data-orig-src=\"https:\/\/osb.org\/wp-content\/uploads\/2025\/12\/91289b_879a85cc3339438095fa03b2b86a586fmv2.jpg\" alt class=\"lazyload img-responsive wp-image-16064\" srcset=\"data:image\/svg+xml,%3Csvg%20xmlns%3D%27http%3A%2F%2Fwww.w3.org%2F2000%2Fsvg%27%20width%3D%271148%27%20height%3D%271646%27%20viewBox%3D%270%200%201148%201646%27%3E%3Crect%20width%3D%271148%27%20height%3D%271646%27%20fill-opacity%3D%220%22%2F%3E%3C%2Fsvg%3E\" data-srcset=\"https:\/\/osb.org\/wp-content\/uploads\/2025\/12\/91289b_879a85cc3339438095fa03b2b86a586fmv2-200x287.jpg 200w, https:\/\/osb.org\/wp-content\/uploads\/2025\/12\/91289b_879a85cc3339438095fa03b2b86a586fmv2-400x574.jpg 400w, https:\/\/osb.org\/wp-content\/uploads\/2025\/12\/91289b_879a85cc3339438095fa03b2b86a586fmv2-600x860.jpg 600w, https:\/\/osb.org\/wp-content\/uploads\/2025\/12\/91289b_879a85cc3339438095fa03b2b86a586fmv2-800x1147.jpg 800w, https:\/\/osb.org\/wp-content\/uploads\/2025\/12\/91289b_879a85cc3339438095fa03b2b86a586fmv2.jpg 1148w\" data-sizes=\"auto\" data-orig-sizes=\"(max-width: 1024px) 100vw, (max-width: 640px) 100vw, 600px\" \/><\/a><\/span><\/div><div class=\"fusion-text fusion-text-2 fusion-text-no-margin\" style=\"--awb-font-size:var(--awb-typography5-font-size);--awb-line-height:var(--awb-typography5-line-height);--awb-letter-spacing:var(--awb-typography5-letter-spacing);--awb-text-transform:var(--awb-typography5-text-transform);--awb-text-color:var(--awb-custom11);--awb-margin-top:12px;--awb-margin-bottom:12px;--awb-text-font-family:var(--awb-typography5-font-family);--awb-text-font-weight:var(--awb-typography5-font-weight);--awb-text-font-style:var(--awb-typography5-font-style);\"><\/div><\/div><\/div><div class=\"fusion-layout-column fusion_builder_column fusion-builder-column-2 fusion_builder_column_1_2 1_2 fusion-flex-column\" style=\"--awb-bg-size:cover;--awb-width-large:50%;--awb-margin-top-large:0px;--awb-spacing-right-large:30px;--awb-margin-bottom-large:0px;--awb-spacing-left-large:30px;--awb-width-medium:100%;--awb-order-medium:0;--awb-spacing-right-medium:30px;--awb-spacing-left-medium:30px;--awb-width-small:100%;--awb-order-small:0;--awb-spacing-right-small:30px;--awb-spacing-left-small:30px;\"><div class=\"fusion-column-wrapper fusion-column-has-shadow fusion-flex-justify-content-flex-start fusion-content-layout-column\"><div class=\"fusion-separator fusion-full-width-sep\" style=\"align-self: center;margin-left: auto;margin-right: auto;width:100%;\"><div class=\"fusion-separator-border sep-single sep-solid\" style=\"--awb-height:20px;--awb-amount:20px;--awb-sep-color:var(--awb-color4);border-color:var(--awb-color4);border-top-width:3px;\"><\/div><\/div><\/div><\/div><\/div><\/div><div class=\"fusion-fullwidth fullwidth-box fusion-builder-row-2 fusion-flex-container has-pattern-background has-mask-background hundred-percent-fullwidth non-hundred-percent-height-scrolling\" style=\"--awb-border-radius-top-left:0px;--awb-border-radius-top-right:0px;--awb-border-radius-bottom-right:0px;--awb-border-radius-bottom-left:0px;--awb-padding-right:60px;--awb-padding-left:60px;--awb-padding-right-medium:60px;--awb-padding-left-medium:60px;--awb-padding-right-small:30px;--awb-padding-left-small:30px;--awb-margin-top:30px;--awb-margin-top-small:0px;--awb-flex-wrap:wrap;\" ><div class=\"fusion-builder-row fusion-row fusion-flex-align-items-flex-start fusion-flex-justify-content-center fusion-flex-content-wrap\" style=\"width:calc( 100% + 60px ) !important;max-width:calc( 100% + 60px ) !important;margin-left: calc(-60px \/ 2 );margin-right: calc(-60px \/ 2 );\"><div class=\"fusion-layout-column fusion_builder_column fusion-builder-column-3 fusion_builder_column_2_5 2_5 fusion-flex-column\" style=\"--awb-bg-blend:overlay;--awb-bg-size:cover;--awb-width-large:40%;--awb-margin-top-large:0px;--awb-spacing-right-large:30px;--awb-margin-bottom-large:20px;--awb-spacing-left-large:30px;--awb-width-medium:75%;--awb-order-medium:0;--awb-spacing-right-medium:30px;--awb-spacing-left-medium:30px;--awb-width-small:100%;--awb-order-small:0;--awb-spacing-right-small:30px;--awb-spacing-left-small:30px;\"><div class=\"fusion-column-wrapper fusion-flex-justify-content-flex-start fusion-content-layout-column\"><div class=\"fusion-builder-row fusion-builder-row-inner fusion-row fusion-flex-align-items-flex-start fusion-flex-justify-content-center fusion-flex-content-wrap\" style=\"--awb-flex-grow:0;--awb-flex-grow-medium:0;--awb-flex-grow-small:0;--awb-flex-shrink:0;--awb-flex-shrink-medium:0;--awb-flex-shrink-small:0;width:calc( 100% + 60px ) !important;max-width:calc( 100% + 60px ) !important;margin-left: calc(-60px \/ 2 );margin-right: calc(-60px \/ 2 );\"><div class=\"fusion-layout-column fusion_builder_column_inner fusion-builder-nested-column-0 fusion_builder_column_inner_1_2 1_2 fusion-flex-column fusion-flex-align-self-center\" style=\"--awb-bg-size:cover;--awb-width-large:50%;--awb-margin-top-large:0px;--awb-spacing-right-large:30px;--awb-margin-bottom-large:0px;--awb-spacing-left-large:30px;--awb-width-medium:50%;--awb-order-medium:0;--awb-spacing-right-medium:30px;--awb-spacing-left-medium:30px;--awb-width-small:100%;--awb-order-small:1;--awb-spacing-right-small:30px;--awb-margin-bottom-small:20px;--awb-spacing-left-small:30px;\"><div class=\"fusion-column-wrapper fusion-column-has-shadow fusion-flex-justify-content-center fusion-content-layout-column\"><div class=\"fusion-text fusion-text-3 fusion-text-no-margin\" style=\"--awb-font-size:var(--awb-typography5-font-size);--awb-line-height:var(--awb-typography5-line-height);--awb-letter-spacing:var(--awb-typography5-letter-spacing);--awb-text-transform:var(--awb-typography5-text-transform);--awb-text-color:var(--awb-custom11);--awb-margin-top:0px;--awb-margin-right:0px;--awb-margin-bottom:0px;--awb-margin-left:0px;--awb-text-font-family:var(--awb-typography5-font-family);--awb-text-font-weight:var(--awb-typography5-font-weight);--awb-text-font-style:var(--awb-typography5-font-style);\"><p>2 d\u00e9cembre 2025<\/p>\n<\/div><\/div><\/div><div class=\"fusion-layout-column fusion_builder_column_inner fusion-builder-nested-column-1 fusion_builder_column_inner_1_2 1_2 fusion-flex-column fusion-flex-align-self-center\" style=\"--awb-bg-size:cover;--awb-width-large:50%;--awb-margin-top-large:0px;--awb-spacing-right-large:30px;--awb-margin-bottom-large:0px;--awb-spacing-left-large:30px;--awb-width-medium:50%;--awb-order-medium:0;--awb-spacing-right-medium:30px;--awb-spacing-left-medium:30px;--awb-width-small:100%;--awb-order-small:0;--awb-margin-top-small:0px;--awb-spacing-right-small:30px;--awb-spacing-left-small:30px;\"><div class=\"fusion-column-wrapper fusion-column-has-shadow fusion-flex-justify-content-center fusion-content-layout-column\"><div class=\"fusion-sharing-box fusion-sharing-box-1 boxed-icons\" style=\"background-color:var(--awb-color1);border-color:var(--awb-color1);--awb-margin-top:0px;--awb-margin-right:0px;--awb-margin-bottom:0px;--awb-margin-left:0px;--awb-wrapper-padding-top:0px;--awb-wrapper-padding-right:0px;--awb-wrapper-padding-bottom:0px;--awb-wrapper-padding-left:0px;--awb-padding-top:0px;--awb-padding-right:0px;--awb-padding-bottom:0px;--awb-padding-left:0px;--awb-border-top:0px;--awb-border-right:0px;--awb-border-bottom:0px;--awb-border-left:0px;--awb-icon-size:12px;--awb-separator-border-color:#cccccc;--awb-separator-border-sizes:0px;--awb-stacked-align:flex-end;--awb-layout:row;--awb-alignment-small:flex-end;--awb-stacked-align-small:center;\" data-title=\"N\u00e9crologie : P\u00e8re Martin Neyt OSB, Ancien Pr\u00e9sident de l&rsquo;AIM\" data-description=\"Votre contenu va ici       \r\n\r\nLe P\u00e8re Martin Neyt OSB, moine et ancien Prieur du Monast\u00e8re de Clerlande (Congr\u00e9gation de l&#039;Annonciation, Belgique), est d\u00e9c\u00e9d\u00e9 dans la nuit du 25 novembre 2025. Le P\u00e8re Martin est entr\u00e9 au monast\u00e8re en 1963. Il a \u00e9t\u00e9\" data-link=\"https:\/\/osb.org\/fr\/2025\/12\/02\/necrologie-pere-martin-neyt-osb-ancien-president-de-laim\/\"><div class=\"fusion-social-networks sharingbox-shortcode-icon-wrapper sharingbox-shortcode-icon-wrapper-1 boxed-icons\"><span><a href=\"https:\/\/www.facebook.com\/sharer.php?u=https%3A%2F%2Fosb.org%2Ffr%2F2025%2F12%2F02%2Fnecrologie-pere-martin-neyt-osb-ancien-president-de-laim%2F&amp;t=N%C3%A9crologie%20%3A%20P%C3%A8re%20Martin%20Neyt%20OSB%2C%20Ancien%20Pr%C3%A9sident%20de%20l%26rsquo%3BAIM\" target=\"_blank\" rel=\"noreferrer\" title=\"Facebook\" aria-label=\"Facebook\"><i class=\"fusion-social-network-icon fusion-tooltip fusion-facebook awb-icon-facebook\" style=\"color:var(--awb-custom11);background-color:#e8e8e8;border-color:#e8e8e8;border-radius:50%;\" aria-hidden=\"true\"><\/i><\/a><\/span><span><a href=\"https:\/\/x.com\/intent\/post?text=N%C3%A9crologie%20%3A%20P%C3%A8re%20Martin%20Neyt%20OSB%2C%20Ancien%20Pr%C3%A9sident%20de%20l%E2%80%99AIM&amp;url=https%3A%2F%2Fosb.org%2Ffr%2F2025%2F12%2F02%2Fnecrologie-pere-martin-neyt-osb-ancien-president-de-laim%2F\" target=\"_blank\" rel=\"noopener noreferrer\" title=\"X\" aria-label=\"X\"><i class=\"fusion-social-network-icon fusion-tooltip fusion-twitter awb-icon-twitter\" style=\"color:var(--awb-custom11);background-color:#e8e8e8;border-color:#e8e8e8;border-radius:50%;\" aria-hidden=\"true\"><\/i><\/a><\/span><span><a href=\"https:\/\/api.whatsapp.com\/send?text=https%3A%2F%2Fosb.org%2Ffr%2F2025%2F12%2F02%2Fnecrologie-pere-martin-neyt-osb-ancien-president-de-laim%2F\" target=\"_blank\" rel=\"noopener noreferrer\" title=\"WhatsApp\" aria-label=\"WhatsApp\"><i class=\"fusion-social-network-icon fusion-tooltip fusion-whatsapp awb-icon-whatsapp\" style=\"color:var(--awb-custom11);background-color:#e8e8e8;border-color:#e8e8e8;border-radius:50%;\" aria-hidden=\"true\"><\/i><\/a><\/span><span><a href=\"mailto:?subject=N%C3%A9crologie%20%3A%20P%C3%A8re%20Martin%20Neyt%20OSB%2C%20Ancien%20Pr%C3%A9sident%20de%20l%26rsquo%3BAIM&amp;body=https%3A%2F%2Fosb.org%2Ffr%2F2025%2F12%2F02%2Fnecrologie-pere-martin-neyt-osb-ancien-president-de-laim%2F\" target=\"_self\" title=\"Email\" aria-label=\"Email\"><i class=\"fusion-social-network-icon fusion-tooltip fusion-mail awb-icon-mail\" style=\"color:var(--awb-custom11);background-color:#e8e8e8;border-color:#e8e8e8;border-radius:50%;\" aria-hidden=\"true\"><\/i><\/a><\/span><\/div><\/div><\/div><\/div><\/div><div class=\"fusion-text fusion-text-4\"><p>Le P\u00e8re Martin Neyt OSB, moine et ancien Prieur du Monast\u00e8re de Clerlande (Congr\u00e9gation de l&rsquo;Annonciation, Belgique), est d\u00e9c\u00e9d\u00e9 dans la nuit du 25 novembre 2025. Le P\u00e8re Martin est entr\u00e9 au monast\u00e8re en 1963. Il a \u00e9t\u00e9 Pr\u00e9sident de l&rsquo;AIM pendant seize ans. L&rsquo;Abb\u00e9 Primat Jeremias Schr\u00f6der OSB a honor\u00e9 le d\u00e9funt par ces mots :  <\/p>\n<blockquote>\n<p>\u00ab Je suis attrist\u00e9 par le d\u00e9part du P. Martin. Il avait un c\u0153ur pour les monast\u00e8res du monde entier, en particulier en Afrique, et il manquera cruellement \u00e0 beaucoup. Nous partageons et nous joignons \u00e0 la douleur de ses confr\u00e8res et amis. Nous d\u00e9clarons \u00e9galement notre foi en ce qui est encore \u00e0 venir : que la mis\u00e9ricorde et la gloire de Dieu l&#8217;embrassent maintenant. \u00bb\n<\/p>\n<\/blockquote>\n<p>Le P. Martin a \u00e9t\u00e9 nomm\u00e9 Pr\u00e9sident de l&rsquo;AIM en 1997, \u00e0 un moment o\u00f9 l&rsquo;institution subissait une restructuration fondamentale sous le nouvel Abb\u00e9 Primat, Marcel Rooney OSB. L&rsquo;objectif \u00e9tait de mieux adapter l&rsquo;organisation au service international auquel elle \u00e9tait appel\u00e9e. En collaboration avec les Secr\u00e9taires G\u00e9n\u00e9raux P. Jacques C\u00f4t\u00e9 OSB (Saint-Beno\u00eet-du-Lac, Qu\u00e9bec) puis S\u0153ur Gisela Happ OSB (Eibingen, Allemagne), le P. Martin a supervis\u00e9 l&rsquo;expansion du Secr\u00e9tariat en un outil efficace pour soutenir les fondations nouvelles et en d\u00e9veloppement. Sous sa direction, les aspects cl\u00e9s de l&rsquo;AIM ont \u00e9t\u00e9 progressivement organis\u00e9s et renforc\u00e9s, y compris l&rsquo;\u00c9quipe Internationale, les programmes de formation, la newsletter, les visites de monast\u00e8res, et les centres r\u00e9gionaux et nationaux. Le Centre Jean XXIII pour les \u00e9tudiants, fond\u00e9 en 2005 au monast\u00e8re de Vanves (maintenant ferm\u00e9), fut un autre signe concret de cette croissance, offrant aux moniales b\u00e9n\u00e9dictines un lieu d&rsquo;\u00e9tudes th\u00e9ologiques \u00e0 Paris.<\/p>\n<p>Un accent particulier pour le P. Martin pendant sa pr\u00e9sidence fut la newsletter de l&rsquo;AIM. Depuis 2000, la publication a d\u00e9plac\u00e9 son centre d&rsquo;int\u00e9r\u00eat vers des articles plus approfondis de divers auteurs sur des th\u00e8mes monastiques centraux, tels que la <em>lectio<\/em>, la gouvernance et la formation. Ces contributions ont \u00e9t\u00e9 publi\u00e9es aux c\u00f4t\u00e9s de chroniques de monast\u00e8res et d&rsquo;actualit\u00e9s li\u00e9es \u00e0 la vie monastique et \u00e0 la vie de l&rsquo;\u00c9glise et du monde. R\u00e9fl\u00e9chissant \u00e0 la vocation profonde de la vie monastique et \u00e0 la mission de l&rsquo;AIM lors du 50e anniversaire de l&rsquo;organisation, le P. Martin a \u00e9crit : \u00ab B\u00e2tir ensemble le Corps du Christ et faire de l&rsquo;amour mutuel une \u00e9cole de service au Seigneur sont des signes indubitables. Mais la route est longue, et l&rsquo;AIM, tel le Bon Samaritain, accompagne, discerne, prend des risques et rappelle constamment le c\u0153ur de la tradition monastique. \u00bb     <\/p>\n<p>L&rsquo;AIM est une association \u00e0 but non lucratif de monast\u00e8res b\u00e9n\u00e9dictins et cisterciens, fond\u00e9e en 1961 \u00e0 l&rsquo;initiative de l&rsquo;Abb\u00e9 Primat Benno Gut OSB et du Chapitre G\u00e9n\u00e9ral de la Conf\u00e9d\u00e9ration B\u00e9n\u00e9dictine. Sa mission est de promouvoir la coop\u00e9ration et la solidarit\u00e9 fraternelle entre les monast\u00e8res anciens et les nouvelles fondations dans le monde entier, en particulier ceux confront\u00e9s \u00e0 des difficult\u00e9s mat\u00e9rielles ou spirituelles. Sous l&rsquo;autorit\u00e9 canonique de l&rsquo;Abb\u00e9 Primat, l&rsquo;AIM soutient les communaut\u00e9s en favorisant l&rsquo;aide internationale, en encourageant la formation monastique, en facilitant le dialogue et les visites, et en encourageant le partage des ressources et des exp\u00e9riences. L&rsquo;organisation incarne la conviction que, dans un monde o\u00f9 chaque communaut\u00e9 s&rsquo;efforce de former son identit\u00e9, l&rsquo;appel fondamental demeure : \u00ab \u00c9coutez&#8230; les pr\u00e9ceptes \u00bb de la R\u00e8gle.   <\/p>\n<p>La Conf\u00e9d\u00e9ration B\u00e9n\u00e9dictine remercie le P\u00e8re Martin Neyt pour son service humble et efficace dans le renforcement de l&rsquo;AIM en tant qu&rsquo;instrument indispensable de communion et de soutien pour la famille monastique mondiale. Sa conviction que l&rsquo;AIM \u00ab est l\u00e0 pour contribuer \u00e0 la construction d&rsquo;un monde nouveau \u00bb laisse un h\u00e9ritage durable. Que le P\u00e8re Martin repose en paix et r\u00e9colte les pleins fruits de son travail.  <\/p>\n<\/div><div style=\"text-align:center;\"><a class=\"fusion-button button-flat fusion-button-default-size button-custom fusion-button-default button-1 fusion-button-span-yes fusion-button-default-type\" style=\"--awb-margin-top:10px;--button_accent_color:#ffffff;--button_accent_hover_color:#ffffff;--button_border_hover_color:#ffffff;--button_gradient_top_color:#1f7aa7;--button_gradient_bottom_color:#1f7aa7;--button_gradient_top_color_hover:#72cee0;--button_gradient_bottom_color_hover:#72cee0;\" target=\"_blank\" rel=\"noopener noreferrer\" href=\"https:\/\/www.aimintl.org\/en\/news\/death-of-father-martin-neyt\"><span class=\"fusion-button-text awb-button__text awb-button__text--default\">N\u00c9CROLOGIE SUR LE SITE DE L&rsquo;AIM |IT| |FR| |DE| |PT| |ES|<\/span><\/a><\/div><div style=\"text-align:center;\"><a class=\"fusion-button button-flat fusion-button-default-size button-custom fusion-button-default button-2 fusion-button-span-yes fusion-button-default-type\" style=\"--awb-margin-top:10px;--button_accent_color:#ffffff;--button_accent_hover_color:#ffffff;--button_border_hover_color:#ffffff;--button_gradient_top_color:#1f7aa7;--button_gradient_bottom_color:#1f7aa7;--button_gradient_top_color_hover:#72cee0;--button_gradient_bottom_color_hover:#72cee0;\" target=\"_blank\" rel=\"noopener noreferrer\" href=\"https:\/\/www.clerlande.com\/a_la_une\"><span class=\"fusion-button-text awb-button__text awb-button__text--default\">SITE WEB DE SAINT-ANDR\u00c9 DE CLERLANDE |FR|<\/span><\/a><\/div><\/div><\/div><\/div><\/div><\/p>\n","protected":false},"excerpt":{"rendered":"<p>Le P\u00e8re Martin Neyt OSB, moine du Monast\u00e8re de Clerlande et Pr\u00e9sident de l&rsquo;Alliance pour le Monachisme International (AIM) de 1997 \u00e0 2013, est d\u00e9c\u00e9d\u00e9. Son h\u00e9ritage est celui du service au monde monastique international. <\/p>\n","protected":false},"author":1,"featured_media":16065,"comment_status":"closed","ping_status":"closed","sticky":false,"template":"","format":"standard","meta":{"footnotes":""},"categories":[183,187],"tags":[371,378],"class_list":["post-16066","post","type-post","status-publish","format-standard","has-post-thumbnail","hentry","category-nexus-fr","category-nouvelles-fr","tag-nexus-rapport-sur-le-monde-benedictin","tag-nexus-janvier-2026-fr"],"cc_featured_image_caption":{"caption_text":false,"source_text":false,"source_url":false},"_links":{"self":[{"href":"https:\/\/osb.org\/fr\/wp-json\/wp\/v2\/posts\/16066","targetHints":{"allow":["GET"]}}],"collection":[{"href":"https:\/\/osb.org\/fr\/wp-json\/wp\/v2\/posts"}],"about":[{"href":"https:\/\/osb.org\/fr\/wp-json\/wp\/v2\/types\/post"}],"author":[{"embeddable":true,"href":"https:\/\/osb.org\/fr\/wp-json\/wp\/v2\/users\/1"}],"replies":[{"embeddable":true,"href":"https:\/\/osb.org\/fr\/wp-json\/wp\/v2\/comments?post=16066"}],"version-history":[{"count":0,"href":"https:\/\/osb.org\/fr\/wp-json\/wp\/v2\/posts\/16066\/revisions"}],"wp:featuredmedia":[{"embeddable":true,"href":"https:\/\/osb.org\/fr\/wp-json\/wp\/v2\/media\/16065"}],"wp:attachment":[{"href":"https:\/\/osb.org\/fr\/wp-json\/wp\/v2\/media?parent=16066"}],"wp:term":[{"taxonomy":"category","embeddable":true,"href":"https:\/\/osb.org\/fr\/wp-json\/wp\/v2\/categories?post=16066"},{"taxonomy":"post_tag","embeddable":true,"href":"https:\/\/osb.org\/fr\/wp-json\/wp\/v2\/tags?post=16066"}],"curies":[{"name":"wp","href":"https:\/\/api.w.org\/{rel}","templated":true}]}}