{"id":15660,"date":"2025-10-30T11:52:38","date_gmt":"2025-10-30T10:52:38","guid":{"rendered":"https:\/\/osb.org\/2025\/10\/30\/journee-de-formation-a-santanselmo-reflexion-sur-lusage-monastique-dinternet\/"},"modified":"2025-10-31T12:06:48","modified_gmt":"2025-10-31T11:06:48","slug":"journee-de-formation-a-santanselmo-reflexion-sur-lusage-monastique-dinternet","status":"publish","type":"post","link":"https:\/\/osb.org\/fr\/2025\/10\/30\/journee-de-formation-a-santanselmo-reflexion-sur-lusage-monastique-dinternet\/","title":{"rendered":"Journ\u00e9e de formation \u00e0 Sant\u2019Anselmo : r\u00e9flexion sur l\u2019usage monastique d\u2019Internet"},"content":{"rendered":"<p><div class=\"fusion-fullwidth fullwidth-box fusion-builder-row-1 fusion-flex-container has-pattern-background has-mask-background hundred-percent-fullwidth non-hundred-percent-height-scrolling\" style=\"--awb-border-radius-top-left:0px;--awb-border-radius-top-right:0px;--awb-border-radius-bottom-right:0px;--awb-border-radius-bottom-left:0px;--awb-padding-right:60px;--awb-padding-bottom:0px;--awb-padding-left:60px;--awb-padding-right-small:30px;--awb-padding-left-small:30px;--awb-flex-wrap:wrap;\" ><div class=\"fusion-builder-row fusion-row fusion-flex-align-items-center fusion-flex-justify-content-flex-end fusion-flex-content-wrap\" style=\"width:calc( 100% + 60px ) !important;max-width:calc( 100% + 60px ) !important;margin-left: calc(-60px \/ 2 );margin-right: calc(-60px \/ 2 );\"><div class=\"fusion-layout-column fusion_builder_column fusion-builder-column-0 fusion_builder_column_1_2 1_2 fusion-flex-column\" style=\"--awb-padding-right:60px;--awb-padding-left:60px;--awb-padding-right-small:0px;--awb-padding-left-small:0px;--awb-bg-size:cover;--awb-width-large:50%;--awb-margin-top-large:0px;--awb-spacing-right-large:30px;--awb-margin-bottom-large:20px;--awb-spacing-left-large:30px;--awb-width-medium:100%;--awb-order-medium:0;--awb-margin-top-medium:20px;--awb-spacing-right-medium:30px;--awb-margin-bottom-medium:0px;--awb-spacing-left-medium:30px;--awb-width-small:100%;--awb-order-small:0;--awb-spacing-right-small:30px;--awb-spacing-left-small:30px;\"><div class=\"fusion-column-wrapper fusion-column-has-shadow fusion-flex-justify-content-flex-start fusion-content-layout-column\"><div class=\"fusion-title title fusion-title-1 fusion-sep-none fusion-title-text fusion-title-size-one\" style=\"--awb-text-color:var(--awb-custom13);--awb-margin-top-small:0px;--awb-margin-right-small:0px;--awb-margin-bottom-small:20px;--awb-margin-left-small:0px;--awb-font-size:40px;\"><h1 class=\"fusion-title-heading title-heading-left md-text-align-center fusion-responsive-typography-calculated\" style=\"font-family:var(--awb-typography1-font-family);font-weight:var(--awb-typography1-font-weight);font-style:var(--awb-typography1-font-style);margin:0;letter-spacing:var(--awb-typography1-letter-spacing);text-transform:var(--awb-typography1-text-transform);font-size:1em;--fontSize:40;line-height:var(--awb-typography1-line-height);\">Journ\u00e9e de formation \u00e0 Sant\u2019Anselmo : r\u00e9flexion sur l\u2019usage monastique d\u2019Internet<\/h1><\/div><div class=\"fusion-text fusion-text-1 fusion-no-small-visibility fusion-no-medium-visibility\" style=\"--awb-font-size:var(--awb-typography3-font-size);--awb-line-height:var(--awb-typography3-line-height);--awb-letter-spacing:var(--awb-typography3-letter-spacing);--awb-text-transform:var(--awb-typography3-text-transform);--awb-text-font-family:var(--awb-typography3-font-family);--awb-text-font-weight:var(--awb-typography3-font-weight);--awb-text-font-style:var(--awb-typography3-font-style);\"><p>Le Collegio Sant\u2019Anselmo a organis\u00e9 sa journ\u00e9e de formation d\u2019automne sur le th\u00e8me \u201cPer un uso monastico di Internet ?\u201d. La sociologue Isabelle Jonveaux a anim\u00e9 deux conf\u00e9rences invitant \u00e0 r\u00e9fl\u00e9chir sur la mani\u00e8re dont les nouveaux m\u00e9dias influencent la vie monastique contemporaine. <\/p>\n<\/div><\/div><\/div><div class=\"fusion-layout-column fusion_builder_column fusion-builder-column-1 fusion_builder_column_1_2 1_2 fusion-flex-column\" style=\"--awb-bg-size:cover;--awb-width-large:50%;--awb-margin-top-large:0px;--awb-spacing-right-large:30px;--awb-margin-bottom-large:0px;--awb-spacing-left-large:30px;--awb-width-medium:100%;--awb-order-medium:0;--awb-spacing-right-medium:30px;--awb-spacing-left-medium:30px;--awb-width-small:100%;--awb-order-small:0;--awb-spacing-right-small:30px;--awb-spacing-left-small:30px;\"><div class=\"fusion-column-wrapper fusion-column-has-shadow fusion-flex-justify-content-flex-start fusion-content-layout-column\"><div class=\"fusion-image-element \" style=\"--awb-caption-title-font-family:var(--h2_typography-font-family);--awb-caption-title-font-weight:var(--h2_typography-font-weight);--awb-caption-title-font-style:var(--h2_typography-font-style);--awb-caption-title-size:var(--h2_typography-font-size);--awb-caption-title-transform:var(--h2_typography-text-transform);--awb-caption-title-line-height:var(--h2_typography-line-height);--awb-caption-title-letter-spacing:var(--h2_typography-letter-spacing);\"><span class=\" fusion-imageframe imageframe-none imageframe-1 hover-type-none\" style=\"border:1px solid var(--awb-custom10);\"><a href=\"https:\/\/osb.org\/wp-content\/uploads\/2025\/10\/DSC_0478.jpg\" class=\"fusion-lightbox\" data-rel=\"iLightbox[375e1daeaa3159ef1de]\" data-title=\"DSC_0478\" title=\"DSC_0478\"><img decoding=\"async\" width=\"1920\" height=\"1080\" src=\"https:\/\/osb.org\/wp-content\/uploads\/2025\/10\/DSC_0478.jpg\" data-orig-src=\"https:\/\/osb.org\/wp-content\/uploads\/2025\/10\/DSC_0478.jpg\" alt class=\"lazyload img-responsive wp-image-15659\" srcset=\"data:image\/svg+xml,%3Csvg%20xmlns%3D%27http%3A%2F%2Fwww.w3.org%2F2000%2Fsvg%27%20width%3D%271920%27%20height%3D%271080%27%20viewBox%3D%270%200%201920%201080%27%3E%3Crect%20width%3D%271920%27%20height%3D%271080%27%20fill-opacity%3D%220%22%2F%3E%3C%2Fsvg%3E\" data-srcset=\"https:\/\/osb.org\/wp-content\/uploads\/2025\/10\/DSC_0478-200x113.jpg 200w, https:\/\/osb.org\/wp-content\/uploads\/2025\/10\/DSC_0478-400x225.jpg 400w, https:\/\/osb.org\/wp-content\/uploads\/2025\/10\/DSC_0478-600x338.jpg 600w, https:\/\/osb.org\/wp-content\/uploads\/2025\/10\/DSC_0478-800x450.jpg 800w, https:\/\/osb.org\/wp-content\/uploads\/2025\/10\/DSC_0478-1200x675.jpg 1200w, https:\/\/osb.org\/wp-content\/uploads\/2025\/10\/DSC_0478.jpg 1920w\" data-sizes=\"auto\" data-orig-sizes=\"(max-width: 1024px) 100vw, (max-width: 640px) 100vw, 600px\" \/><\/a><\/span><\/div><div class=\"fusion-text fusion-text-2 fusion-text-no-margin\" style=\"--awb-font-size:var(--awb-typography5-font-size);--awb-line-height:var(--awb-typography5-line-height);--awb-letter-spacing:var(--awb-typography5-letter-spacing);--awb-text-transform:var(--awb-typography5-text-transform);--awb-text-color:var(--awb-custom11);--awb-margin-top:12px;--awb-margin-bottom:12px;--awb-text-font-family:var(--awb-typography5-font-family);--awb-text-font-weight:var(--awb-typography5-font-weight);--awb-text-font-style:var(--awb-typography5-font-style);\"><p>Votre contenu va ici<\/p>\n<\/div><\/div><\/div><div class=\"fusion-layout-column fusion_builder_column fusion-builder-column-2 fusion_builder_column_1_2 1_2 fusion-flex-column\" style=\"--awb-bg-size:cover;--awb-width-large:50%;--awb-margin-top-large:0px;--awb-spacing-right-large:30px;--awb-margin-bottom-large:0px;--awb-spacing-left-large:30px;--awb-width-medium:100%;--awb-order-medium:0;--awb-spacing-right-medium:30px;--awb-spacing-left-medium:30px;--awb-width-small:100%;--awb-order-small:0;--awb-spacing-right-small:30px;--awb-spacing-left-small:30px;\"><div class=\"fusion-column-wrapper fusion-column-has-shadow fusion-flex-justify-content-flex-start fusion-content-layout-column\"><div class=\"fusion-separator fusion-full-width-sep\" style=\"align-self: center;margin-left: auto;margin-right: auto;width:100%;\"><div class=\"fusion-separator-border sep-single sep-solid\" style=\"--awb-height:20px;--awb-amount:20px;--awb-sep-color:var(--awb-color4);border-color:var(--awb-color4);border-top-width:3px;\"><\/div><\/div><\/div><\/div><\/div><\/div><div class=\"fusion-fullwidth fullwidth-box fusion-builder-row-2 fusion-flex-container hundred-percent-fullwidth non-hundred-percent-height-scrolling\" style=\"--awb-border-radius-top-left:0px;--awb-border-radius-top-right:0px;--awb-border-radius-bottom-right:0px;--awb-border-radius-bottom-left:0px;--awb-padding-right:60px;--awb-padding-left:60px;--awb-padding-right-medium:60px;--awb-padding-left-medium:60px;--awb-padding-right-small:30px;--awb-padding-left-small:30px;--awb-margin-top-small:0px;--awb-flex-wrap:wrap;\" ><div class=\"fusion-builder-row fusion-row fusion-flex-align-items-flex-start fusion-flex-justify-content-center fusion-flex-content-wrap\" style=\"width:calc( 100% + 60px ) !important;max-width:calc( 100% + 60px ) !important;margin-left: calc(-60px \/ 2 );margin-right: calc(-60px \/ 2 );\"><div class=\"fusion-layout-column fusion_builder_column fusion-builder-column-3 fusion_builder_column_1_2 1_2 fusion-flex-column\" style=\"--awb-bg-size:cover;--awb-width-large:50%;--awb-margin-top-large:0px;--awb-spacing-right-large:30px;--awb-margin-bottom-large:20px;--awb-spacing-left-large:30px;--awb-width-medium:100%;--awb-order-medium:1;--awb-spacing-right-medium:30px;--awb-spacing-left-medium:30px;--awb-width-small:100%;--awb-order-small:1;--awb-spacing-right-small:30px;--awb-spacing-left-small:30px;\"><div class=\"fusion-column-wrapper fusion-column-has-shadow fusion-flex-justify-content-flex-start fusion-content-layout-column\"><div class=\"awb-gallery-wrapper awb-gallery-wrapper-1 button-span-no\" style=\"--more-btn-alignment:center;\"><div style=\"margin:-5px;--awb-bordersize:0px;\" class=\"fusion-gallery fusion-gallery-container fusion-grid-2 fusion-columns-total-4 fusion-gallery-layout-grid fusion-gallery-1\"><div style=\"padding:5px;\" class=\"fusion-grid-column fusion-gallery-column fusion-gallery-column-2 hover-type-none\"><div class=\"fusion-gallery-image\"><a href=\"https:\/\/osb.org\/wp-content\/uploads\/2025\/10\/DSC_0573.jpg\" rel=\"noreferrer\" data-rel=\"iLightbox[gallery_image_1]\" class=\"fusion-lightbox\" target=\"_self\"><img decoding=\"async\" src=\"https:\/\/osb.org\/wp-content\/uploads\/2025\/10\/DSC_0573.jpg\" data-orig-src=\"https:\/\/osb.org\/wp-content\/uploads\/2025\/10\/DSC_0573.jpg\" width=\"1920\" height=\"1282\" alt=\"\" title=\"DSC_0573\" aria-label=\"DSC_0573\" class=\"lazyload img-responsive wp-image-15655\" srcset=\"data:image\/svg+xml,%3Csvg%20xmlns%3D%27http%3A%2F%2Fwww.w3.org%2F2000%2Fsvg%27%20width%3D%271920%27%20height%3D%271282%27%20viewBox%3D%270%200%201920%201282%27%3E%3Crect%20width%3D%271920%27%20height%3D%271282%27%20fill-opacity%3D%220%22%2F%3E%3C%2Fsvg%3E\" data-srcset=\"https:\/\/osb.org\/wp-content\/uploads\/2025\/10\/DSC_0573-200x134.jpg 200w, https:\/\/osb.org\/wp-content\/uploads\/2025\/10\/DSC_0573-400x267.jpg 400w, https:\/\/osb.org\/wp-content\/uploads\/2025\/10\/DSC_0573-600x401.jpg 600w, https:\/\/osb.org\/wp-content\/uploads\/2025\/10\/DSC_0573-800x534.jpg 800w, https:\/\/osb.org\/wp-content\/uploads\/2025\/10\/DSC_0573-1200x801.jpg 1200w, https:\/\/osb.org\/wp-content\/uploads\/2025\/10\/DSC_0573.jpg 1920w\" data-sizes=\"auto\" data-orig-sizes=\"(min-width: 2200px) 100vw, (min-width: 712px) 548px, (min-width: 640px) 712px, \" \/><\/a><\/div><\/div><div style=\"padding:5px;\" class=\"fusion-grid-column fusion-gallery-column fusion-gallery-column-2 hover-type-none\"><div class=\"fusion-gallery-image\"><a href=\"https:\/\/osb.org\/wp-content\/uploads\/2025\/10\/DSC_6131.jpg\" rel=\"noreferrer\" data-rel=\"iLightbox[gallery_image_1]\" class=\"fusion-lightbox\" target=\"_self\"><img decoding=\"async\" src=\"https:\/\/osb.org\/wp-content\/uploads\/2025\/10\/DSC_6131.jpg\" data-orig-src=\"https:\/\/osb.org\/wp-content\/uploads\/2025\/10\/DSC_6131.jpg\" width=\"1920\" height=\"1280\" alt=\"\" title=\"DSC_6131\" aria-label=\"DSC_6131\" class=\"lazyload img-responsive wp-image-15656\" srcset=\"data:image\/svg+xml,%3Csvg%20xmlns%3D%27http%3A%2F%2Fwww.w3.org%2F2000%2Fsvg%27%20width%3D%271920%27%20height%3D%271280%27%20viewBox%3D%270%200%201920%201280%27%3E%3Crect%20width%3D%271920%27%20height%3D%271280%27%20fill-opacity%3D%220%22%2F%3E%3C%2Fsvg%3E\" data-srcset=\"https:\/\/osb.org\/wp-content\/uploads\/2025\/10\/DSC_6131-200x133.jpg 200w, https:\/\/osb.org\/wp-content\/uploads\/2025\/10\/DSC_6131-400x267.jpg 400w, https:\/\/osb.org\/wp-content\/uploads\/2025\/10\/DSC_6131-600x400.jpg 600w, https:\/\/osb.org\/wp-content\/uploads\/2025\/10\/DSC_6131-800x533.jpg 800w, https:\/\/osb.org\/wp-content\/uploads\/2025\/10\/DSC_6131-1200x800.jpg 1200w, https:\/\/osb.org\/wp-content\/uploads\/2025\/10\/DSC_6131.jpg 1920w\" data-sizes=\"auto\" data-orig-sizes=\"(min-width: 2200px) 100vw, (min-width: 712px) 548px, (min-width: 640px) 712px, \" \/><\/a><\/div><\/div><div class=\"clearfix\"><\/div><div style=\"padding:5px;\" class=\"fusion-grid-column fusion-gallery-column fusion-gallery-column-2 hover-type-none\"><div class=\"fusion-gallery-image\"><a href=\"https:\/\/osb.org\/wp-content\/uploads\/2025\/10\/DSC_6163.jpg\" rel=\"noreferrer\" data-rel=\"iLightbox[gallery_image_1]\" class=\"fusion-lightbox\" target=\"_self\"><img decoding=\"async\" src=\"https:\/\/osb.org\/wp-content\/uploads\/2025\/10\/DSC_6163.jpg\" data-orig-src=\"https:\/\/osb.org\/wp-content\/uploads\/2025\/10\/DSC_6163.jpg\" width=\"1920\" height=\"1280\" alt=\"\" title=\"DSC_6163\" aria-label=\"DSC_6163\" class=\"lazyload img-responsive wp-image-15657\" srcset=\"data:image\/svg+xml,%3Csvg%20xmlns%3D%27http%3A%2F%2Fwww.w3.org%2F2000%2Fsvg%27%20width%3D%271920%27%20height%3D%271280%27%20viewBox%3D%270%200%201920%201280%27%3E%3Crect%20width%3D%271920%27%20height%3D%271280%27%20fill-opacity%3D%220%22%2F%3E%3C%2Fsvg%3E\" data-srcset=\"https:\/\/osb.org\/wp-content\/uploads\/2025\/10\/DSC_6163-200x133.jpg 200w, https:\/\/osb.org\/wp-content\/uploads\/2025\/10\/DSC_6163-400x267.jpg 400w, https:\/\/osb.org\/wp-content\/uploads\/2025\/10\/DSC_6163-600x400.jpg 600w, https:\/\/osb.org\/wp-content\/uploads\/2025\/10\/DSC_6163-800x533.jpg 800w, https:\/\/osb.org\/wp-content\/uploads\/2025\/10\/DSC_6163-1200x800.jpg 1200w, https:\/\/osb.org\/wp-content\/uploads\/2025\/10\/DSC_6163.jpg 1920w\" data-sizes=\"auto\" data-orig-sizes=\"(min-width: 2200px) 100vw, (min-width: 712px) 548px, (min-width: 640px) 712px, \" \/><\/a><\/div><\/div><div style=\"padding:5px;\" class=\"fusion-grid-column fusion-gallery-column fusion-gallery-column-2 hover-type-none\"><div class=\"fusion-gallery-image\"><a href=\"https:\/\/osb.org\/wp-content\/uploads\/2025\/10\/DSC_6199.jpg\" rel=\"noreferrer\" data-rel=\"iLightbox[gallery_image_1]\" class=\"fusion-lightbox\" target=\"_self\"><img decoding=\"async\" src=\"https:\/\/osb.org\/wp-content\/uploads\/2025\/10\/DSC_6199.jpg\" data-orig-src=\"https:\/\/osb.org\/wp-content\/uploads\/2025\/10\/DSC_6199.jpg\" width=\"1920\" height=\"1280\" alt=\"\" title=\"DSC_6199\" aria-label=\"DSC_6199\" class=\"lazyload img-responsive wp-image-15658\" srcset=\"data:image\/svg+xml,%3Csvg%20xmlns%3D%27http%3A%2F%2Fwww.w3.org%2F2000%2Fsvg%27%20width%3D%271920%27%20height%3D%271280%27%20viewBox%3D%270%200%201920%201280%27%3E%3Crect%20width%3D%271920%27%20height%3D%271280%27%20fill-opacity%3D%220%22%2F%3E%3C%2Fsvg%3E\" data-srcset=\"https:\/\/osb.org\/wp-content\/uploads\/2025\/10\/DSC_6199-200x133.jpg 200w, https:\/\/osb.org\/wp-content\/uploads\/2025\/10\/DSC_6199-400x267.jpg 400w, https:\/\/osb.org\/wp-content\/uploads\/2025\/10\/DSC_6199-600x400.jpg 600w, https:\/\/osb.org\/wp-content\/uploads\/2025\/10\/DSC_6199-800x533.jpg 800w, https:\/\/osb.org\/wp-content\/uploads\/2025\/10\/DSC_6199-1200x800.jpg 1200w, https:\/\/osb.org\/wp-content\/uploads\/2025\/10\/DSC_6199.jpg 1920w\" data-sizes=\"auto\" data-orig-sizes=\"(min-width: 2200px) 100vw, (min-width: 712px) 548px, (min-width: 640px) 712px, \" \/><\/a><\/div><\/div><div class=\"clearfix\"><\/div><\/div><\/div><\/div><\/div><div class=\"fusion-layout-column fusion_builder_column fusion-builder-column-4 fusion_builder_column_1_2 1_2 fusion-flex-column\" style=\"--awb-bg-blend:overlay;--awb-bg-size:cover;--awb-width-large:50%;--awb-margin-top-large:0px;--awb-spacing-right-large:30px;--awb-margin-bottom-large:20px;--awb-spacing-left-large:30px;--awb-width-medium:75%;--awb-order-medium:0;--awb-spacing-right-medium:30px;--awb-spacing-left-medium:30px;--awb-width-small:100%;--awb-order-small:0;--awb-spacing-right-small:30px;--awb-spacing-left-small:30px;\"><div class=\"fusion-column-wrapper fusion-flex-justify-content-flex-start fusion-content-layout-column\"><div class=\"fusion-builder-row fusion-builder-row-inner fusion-row fusion-flex-align-items-flex-start fusion-flex-justify-content-center fusion-flex-content-wrap\" style=\"--awb-flex-grow:0;--awb-flex-grow-medium:0;--awb-flex-grow-small:0;--awb-flex-shrink:0;--awb-flex-shrink-medium:0;--awb-flex-shrink-small:0;width:calc( 100% + 60px ) !important;max-width:calc( 100% + 60px ) !important;margin-left: calc(-60px \/ 2 );margin-right: calc(-60px \/ 2 );\"><div class=\"fusion-layout-column fusion_builder_column_inner fusion-builder-nested-column-0 fusion_builder_column_inner_1_2 1_2 fusion-flex-column fusion-flex-align-self-center\" style=\"--awb-bg-size:cover;--awb-width-large:50%;--awb-margin-top-large:0px;--awb-spacing-right-large:30px;--awb-margin-bottom-large:0px;--awb-spacing-left-large:30px;--awb-width-medium:50%;--awb-order-medium:0;--awb-spacing-right-medium:30px;--awb-spacing-left-medium:30px;--awb-width-small:100%;--awb-order-small:1;--awb-spacing-right-small:30px;--awb-margin-bottom-small:20px;--awb-spacing-left-small:30px;\"><div class=\"fusion-column-wrapper fusion-column-has-shadow fusion-flex-justify-content-center fusion-content-layout-column\"><div class=\"fusion-text fusion-text-3 fusion-text-no-margin\" style=\"--awb-font-size:var(--awb-typography5-font-size);--awb-line-height:var(--awb-typography5-line-height);--awb-letter-spacing:var(--awb-typography5-letter-spacing);--awb-text-transform:var(--awb-typography5-text-transform);--awb-text-color:var(--awb-custom11);--awb-margin-top:0px;--awb-margin-right:0px;--awb-margin-bottom:0px;--awb-margin-left:0px;--awb-text-font-family:var(--awb-typography5-font-family);--awb-text-font-weight:var(--awb-typography5-font-weight);--awb-text-font-style:var(--awb-typography5-font-style);\"><p>30 octobre 2025<\/p>\n<\/div><\/div><\/div><div class=\"fusion-layout-column fusion_builder_column_inner fusion-builder-nested-column-1 fusion_builder_column_inner_1_2 1_2 fusion-flex-column fusion-flex-align-self-center\" style=\"--awb-bg-size:cover;--awb-width-large:50%;--awb-margin-top-large:0px;--awb-spacing-right-large:30px;--awb-margin-bottom-large:0px;--awb-spacing-left-large:30px;--awb-width-medium:50%;--awb-order-medium:0;--awb-spacing-right-medium:30px;--awb-spacing-left-medium:30px;--awb-width-small:100%;--awb-order-small:0;--awb-margin-top-small:0px;--awb-spacing-right-small:30px;--awb-spacing-left-small:30px;\"><div class=\"fusion-column-wrapper fusion-column-has-shadow fusion-flex-justify-content-center fusion-content-layout-column\"><div class=\"fusion-sharing-box fusion-sharing-box-1 boxed-icons\" style=\"background-color:var(--awb-color1);border-color:var(--awb-color1);--awb-margin-top:0px;--awb-margin-right:0px;--awb-margin-bottom:0px;--awb-margin-left:0px;--awb-wrapper-padding-top:0px;--awb-wrapper-padding-right:0px;--awb-wrapper-padding-bottom:0px;--awb-wrapper-padding-left:0px;--awb-padding-top:0px;--awb-padding-right:0px;--awb-padding-bottom:0px;--awb-padding-left:0px;--awb-border-top:0px;--awb-border-right:0px;--awb-border-bottom:0px;--awb-border-left:0px;--awb-icon-size:12px;--awb-separator-border-color:#cccccc;--awb-separator-border-sizes:0px;--awb-stacked-align:flex-end;--awb-layout:row;--awb-alignment-small:flex-end;--awb-stacked-align-small:center;\" data-title=\"Journ\u00e9e de formation \u00e0 Sant\u2019Anselmo : r\u00e9flexion sur l\u2019usage monastique d\u2019Internet\" data-description=\"Votre contenu va ici  Votre contenu va ici         \r\n\r\nLe samedi 25 octobre, le Collegio Sant\u2019Anselmo a tenu sa journ\u00e9e de formation du semestre d\u2019automne, r\u00e9unissant plus d\u2019une centaine de moines et religieux r\u00e9sidents pour un temps d\u2019\u00e9tude\" data-link=\"https:\/\/osb.org\/fr\/2025\/10\/30\/journee-de-formation-a-santanselmo-reflexion-sur-lusage-monastique-dinternet\/\"><div class=\"fusion-social-networks sharingbox-shortcode-icon-wrapper sharingbox-shortcode-icon-wrapper-1 boxed-icons\"><span><a href=\"https:\/\/www.facebook.com\/sharer.php?u=https%3A%2F%2Fosb.org%2Ffr%2F2025%2F10%2F30%2Fjournee-de-formation-a-santanselmo-reflexion-sur-lusage-monastique-dinternet%2F&amp;t=Journ%C3%A9e%20de%20formation%20%C3%A0%20Sant%E2%80%99Anselmo%20%3A%20r%C3%A9flexion%20sur%20l%E2%80%99usage%20monastique%20d%E2%80%99Internet\" target=\"_blank\" rel=\"noreferrer\" title=\"Facebook\" aria-label=\"Facebook\"><i class=\"fusion-social-network-icon fusion-tooltip fusion-facebook awb-icon-facebook\" style=\"color:var(--awb-custom11);background-color:#e8e8e8;border-color:#e8e8e8;border-radius:50%;\" aria-hidden=\"true\"><\/i><\/a><\/span><span><a href=\"https:\/\/x.com\/intent\/post?text=Journ%C3%A9e%20de%20formation%20%C3%A0%20Sant%E2%80%99Anselmo%20%3A%20r%C3%A9flexion%20sur%20l%E2%80%99usage%20monastique%20d%E2%80%99Internet&amp;url=https%3A%2F%2Fosb.org%2Ffr%2F2025%2F10%2F30%2Fjournee-de-formation-a-santanselmo-reflexion-sur-lusage-monastique-dinternet%2F\" target=\"_blank\" rel=\"noopener noreferrer\" title=\"X\" aria-label=\"X\"><i class=\"fusion-social-network-icon fusion-tooltip fusion-twitter awb-icon-twitter\" style=\"color:var(--awb-custom11);background-color:#e8e8e8;border-color:#e8e8e8;border-radius:50%;\" aria-hidden=\"true\"><\/i><\/a><\/span><span><a href=\"https:\/\/api.whatsapp.com\/send?text=https%3A%2F%2Fosb.org%2Ffr%2F2025%2F10%2F30%2Fjournee-de-formation-a-santanselmo-reflexion-sur-lusage-monastique-dinternet%2F\" target=\"_blank\" rel=\"noopener noreferrer\" title=\"WhatsApp\" aria-label=\"WhatsApp\"><i class=\"fusion-social-network-icon fusion-tooltip fusion-whatsapp awb-icon-whatsapp\" style=\"color:var(--awb-custom11);background-color:#e8e8e8;border-color:#e8e8e8;border-radius:50%;\" aria-hidden=\"true\"><\/i><\/a><\/span><span><a href=\"mailto:?subject=Journ%C3%A9e%20de%20formation%20%C3%A0%20Sant%E2%80%99Anselmo%20%3A%20r%C3%A9flexion%20sur%20l%E2%80%99usage%20monastique%20d%E2%80%99Internet&amp;body=https%3A%2F%2Fosb.org%2Ffr%2F2025%2F10%2F30%2Fjournee-de-formation-a-santanselmo-reflexion-sur-lusage-monastique-dinternet%2F\" target=\"_self\" title=\"Email\" aria-label=\"Email\"><i class=\"fusion-social-network-icon fusion-tooltip fusion-mail awb-icon-mail\" style=\"color:var(--awb-custom11);background-color:#e8e8e8;border-color:#e8e8e8;border-radius:50%;\" aria-hidden=\"true\"><\/i><\/a><\/span><\/div><\/div><\/div><\/div><\/div><div class=\"fusion-text fusion-text-4\" style=\"--awb-margin-top:10px;\"><p>Le samedi 25 octobre, le Collegio Sant\u2019Anselmo a tenu sa journ\u00e9e de formation du semestre d\u2019automne, r\u00e9unissant plus d\u2019une centaine de moines et religieux r\u00e9sidents pour un temps d\u2019\u00e9tude et de r\u00e9flexion autour du th\u00e8me Per un uso monastico di Internet ? L\u2019\u00e9v\u00e9nement a abord\u00e9 une question d\u2019une importance croissante pour les communaut\u00e9s monastiques \u00e0 travers le monde : comment les m\u00e9dias peuvent-ils \u00eatre int\u00e9gr\u00e9s dans la vie religieuse sans en compromettre les disciplines essentielles ? <\/p>\n<p>Le Prieur Brendan Coffey OSB, coordinateur et mod\u00e9rateur de la journ\u00e9e, a pr\u00e9sent\u00e9 l\u2019intervenante, la professeure Isabelle Jonveaux. Sociologue des religions et professeure \u00e0 l\u2019Universit\u00e9 de Fribourg, elle m\u00e8ne depuis vingt ans des recherches de terrain sur la vie monastique en Europe et en Afrique. L\u2019un de ses domaines d\u2019\u00e9tude porte sur l\u2019impact d\u2019Internet et des r\u00e9seaux sociaux sur les communaut\u00e9s religieuses.  <\/p>\n<p>La professeure Jonveaux a donn\u00e9 sa conf\u00e9rence en italien en deux parties. La premi\u00e8re a examin\u00e9 la mani\u00e8re dont l\u2019usage d\u2019Internet s\u2019articule avec des \u00e9l\u00e9ments cl\u00e9s de la vie monastique, tels que les relations communautaires, la cl\u00f4ture et la discipline asc\u00e9tique. S\u2019appuyant sur des donn\u00e9es sociologiques et des t\u00e9moignages issus de divers contextes monastiques, elle a observ\u00e9 un passage progressif d\u2019un acc\u00e8s collectif \u00e0 un usage individuel, notamment \u00e0 travers les smartphones. Ce changement, a-t-elle soulign\u00e9, requiert une responsabilit\u00e9 personnelle renouvel\u00e9e et un soutien communautaire si l\u2019on veut pr\u00e9server les valeurs monastiques.   <\/p>\n<p>Apr\u00e8s la premi\u00e8re session, les r\u00e9sidents du Coll\u00e8ge se sont r\u00e9partis en petits groupes de doyenn\u00e9s pour discuter. Ce format a permis \u00e0 des moines de diff\u00e9rentes congr\u00e9gations et cultures d\u2019\u00e9changer leurs exp\u00e9riences issues de leurs monast\u00e8res d\u2019origine. Les \u00e9changes ont reconnu \u00e0 la fois les avantages de la communication digitale \u2014 comme le maintien des liens au sein de la famille b\u00e9n\u00e9dictine mondiale \u2014 et les d\u00e9fis que posent la distraction, l\u2019\u00e9rosion du silence et la porosit\u00e9 croissante entre cl\u00f4ture et monde ext\u00e9rieur.  <\/p>\n<p>La seconde conf\u00e9rence a port\u00e9 sur la pr\u00e9sence en ligne des communaut\u00e9s monastiques, notamment sur les r\u00e9seaux sociaux. La professeure Jonveaux a explor\u00e9 les opportunit\u00e9s et les risques li\u00e9s \u00e0 cette visibilit\u00e9 num\u00e9rique : l\u2019exposition personnelle, l\u2019identit\u00e9 communautaire et la cr\u00e9dibilit\u00e9 dans une culture m\u00e9diatique marqu\u00e9e par la mise en avant de soi. Elle a encourag\u00e9 une r\u00e9flexion prudente sur la mani\u00e8re dont une voix sp\u00e9cifiquement monastique peut se maintenir dans l\u2019environnement rapide et concurrentiel des m\u00e9dias sociaux.  <\/p>\n<p>Une discussion pl\u00e9ni\u00e8re a suivi, au cours de laquelle les participants ont soulev\u00e9 des questions pratiques concernant la formation, les attentes pastorales et les politiques communautaires relatives \u00e0 l\u2019usage d\u2019Internet. \u00c0 la fin de la journ\u00e9e, le Prieur Brendan a d\u00e9clar\u00e9 : \u00ab Ce fut une exp\u00e9rience vraiment enrichissante et r\u00e9ussie. J\u2019aimerais renouveler mon invitation aux doyens \u00e0 poursuivre cette r\u00e9flexion dans les semaines \u00e0 venir. \u00bb <\/p>\n<p>Cette journ\u00e9e de formation a confirm\u00e9 l\u2019importance d\u2019un discernement continu, alors que les communaut\u00e9s monastiques s\u2019engagent dans un monde digital qui transforme en profondeur les modes de communication, de travail et de relations humaines. Sant\u2019Anselmo entend poursuivre cette r\u00e9flexion, enracin\u00e9e dans la recherche b\u00e9n\u00e9dictine de l\u2019\u00e9quilibre et dans la <em>discretio<\/em> qui guide le jugement monastique.<\/p>\n<\/div><div style=\"text-align:center;\"><a class=\"fusion-button button-flat fusion-button-default-size button-custom fusion-button-default button-1 fusion-button-span-yes fusion-button-default-type\" style=\"--awb-margin-top:10px;--button_accent_color:#ffffff;--button_accent_hover_color:#ffffff;--button_border_hover_color:#ffffff;--button_gradient_top_color:#1f7aa7;--button_gradient_bottom_color:#1f7aa7;--button_gradient_top_color_hover:#72cee0;--button_gradient_bottom_color_hover:#72cee0;\" target=\"_blank\" rel=\"noopener noreferrer\" href=\"https:\/\/www.flickr.com\/photos\/anselmianum\/albums\/72177720329957777\"><span class=\"fusion-button-text awb-button__text awb-button__text--default\">Plus de photos sur Flickr<\/span><\/a><\/div><div style=\"text-align:center;\"><a class=\"fusion-button button-flat fusion-button-default-size button-custom fusion-button-default button-2 fusion-button-span-yes fusion-button-default-type\" style=\"--awb-margin-top:10px;--button_accent_color:#ffffff;--button_accent_hover_color:#ffffff;--button_border_hover_color:#ffffff;--button_gradient_top_color:#1f7aa7;--button_gradient_bottom_color:#1f7aa7;--button_gradient_top_color_hover:#72cee0;--button_gradient_bottom_color_hover:#72cee0;\" target=\"_blank\" rel=\"noopener noreferrer\" href=\"https:\/\/www.collegiosantanselmo.com\/\"><span class=\"fusion-button-text awb-button__text awb-button__text--default\">Site web du Collegio Sant\u2019Anselmo |IT| |EN|<\/span><\/a><\/div><\/div><\/div><\/div><\/div><\/p>\n","protected":false},"excerpt":{"rendered":"<p>Le Collegio Sant\u2019Anselmo a organis\u00e9 sa journ\u00e9e de formation d\u2019automne sur le th\u00e8me \u201cPer un uso monastico di Internet ?\u201d. La sociologue Isabelle Jonveaux a anim\u00e9 deux conf\u00e9rences invitant \u00e0 r\u00e9fl\u00e9chir sur la mani\u00e8re dont les nouveaux m\u00e9dias influencent la vie monastique contemporaine. <\/p>\n","protected":false},"author":1,"featured_media":15659,"comment_status":"closed","ping_status":"closed","sticky":false,"template":"","format":"standard","meta":{"footnotes":""},"categories":[183],"tags":[196,372],"class_list":["post-15660","post","type-post","status-publish","format-standard","has-post-thumbnail","hentry","category-nexus-fr","tag-nexus-saint-anselme-fr","tag-nexus-novembre-2025-fr"],"cc_featured_image_caption":{"caption_text":false,"source_text":false,"source_url":false},"_links":{"self":[{"href":"https:\/\/osb.org\/fr\/wp-json\/wp\/v2\/posts\/15660","targetHints":{"allow":["GET"]}}],"collection":[{"href":"https:\/\/osb.org\/fr\/wp-json\/wp\/v2\/posts"}],"about":[{"href":"https:\/\/osb.org\/fr\/wp-json\/wp\/v2\/types\/post"}],"author":[{"embeddable":true,"href":"https:\/\/osb.org\/fr\/wp-json\/wp\/v2\/users\/1"}],"replies":[{"embeddable":true,"href":"https:\/\/osb.org\/fr\/wp-json\/wp\/v2\/comments?post=15660"}],"version-history":[{"count":0,"href":"https:\/\/osb.org\/fr\/wp-json\/wp\/v2\/posts\/15660\/revisions"}],"wp:featuredmedia":[{"embeddable":true,"href":"https:\/\/osb.org\/fr\/wp-json\/wp\/v2\/media\/15659"}],"wp:attachment":[{"href":"https:\/\/osb.org\/fr\/wp-json\/wp\/v2\/media?parent=15660"}],"wp:term":[{"taxonomy":"category","embeddable":true,"href":"https:\/\/osb.org\/fr\/wp-json\/wp\/v2\/categories?post=15660"},{"taxonomy":"post_tag","embeddable":true,"href":"https:\/\/osb.org\/fr\/wp-json\/wp\/v2\/tags?post=15660"}],"curies":[{"name":"wp","href":"https:\/\/api.w.org\/{rel}","templated":true}]}}