{"id":15136,"date":"2025-03-25T11:01:11","date_gmt":"2025-03-25T10:01:11","guid":{"rendered":"https:\/\/osb.org\/2025\/03\/25\/une-mise-au-point-liturgique-labbe-alban-riley-sur-la-reforme-du-calendrier-benedictin\/"},"modified":"2025-09-25T21:49:32","modified_gmt":"2025-09-25T19:49:32","slug":"une-mise-au-point-liturgique-labbe-alban-riley-sur-la-reforme-du-calendrier-benedictin","status":"publish","type":"post","link":"https:\/\/osb.org\/fr\/2025\/03\/25\/une-mise-au-point-liturgique-labbe-alban-riley-sur-la-reforme-du-calendrier-benedictin\/","title":{"rendered":"Une mise au point liturgique : l&rsquo;abb\u00e9 Alban Riley sur la r\u00e9forme du calendrier b\u00e9n\u00e9dictin"},"content":{"rendered":"<p><div class=\"fusion-fullwidth fullwidth-box fusion-builder-row-1 fusion-flex-container has-pattern-background has-mask-background hundred-percent-fullwidth non-hundred-percent-height-scrolling\" style=\"--awb-border-sizes-bottom:1px;--awb-border-color:var(--awb-custom11);--awb-border-radius-top-left:0px;--awb-border-radius-top-right:0px;--awb-border-radius-bottom-right:0px;--awb-border-radius-bottom-left:0px;--awb-padding-right:60px;--awb-padding-bottom:20px;--awb-padding-left:60px;--awb-padding-right-small:30px;--awb-padding-left-small:30px;--awb-margin-top-medium:1px;--awb-margin-top-small:0px;--awb-flex-wrap:wrap;\" ><div class=\"fusion-builder-row fusion-row fusion-flex-align-items-center fusion-flex-justify-content-flex-end fusion-flex-content-wrap\" style=\"width:calc( 100% + 60px ) !important;max-width:calc( 100% + 60px ) !important;margin-left: calc(-60px \/ 2 );margin-right: calc(-60px \/ 2 );\"><div class=\"fusion-layout-column fusion_builder_column fusion-builder-column-0 fusion_builder_column_1_2 1_2 fusion-flex-column\" style=\"--awb-padding-right:60px;--awb-padding-left:60px;--awb-padding-right-small:0px;--awb-padding-left-small:0px;--awb-bg-size:cover;--awb-width-large:50%;--awb-margin-top-large:0px;--awb-spacing-right-large:30px;--awb-margin-bottom-large:20px;--awb-spacing-left-large:30px;--awb-width-medium:100%;--awb-order-medium:0;--awb-margin-top-medium:20px;--awb-spacing-right-medium:30px;--awb-margin-bottom-medium:0px;--awb-spacing-left-medium:30px;--awb-width-small:100%;--awb-order-small:0;--awb-spacing-right-small:30px;--awb-spacing-left-small:30px;\"><div class=\"fusion-column-wrapper fusion-column-has-shadow fusion-flex-justify-content-flex-start fusion-content-layout-column\"><div class=\"fusion-title title fusion-title-1 fusion-sep-none fusion-title-text fusion-title-size-one\" style=\"--awb-text-color:var(--awb-custom13);--awb-margin-top-small:0px;--awb-margin-right-small:0px;--awb-margin-bottom-small:20px;--awb-margin-left-small:0px;--awb-font-size:var(--awb-typography1-font-size);\"><h1 class=\"fusion-title-heading title-heading-left md-text-align-center fusion-responsive-typography-calculated\" style=\"font-family:var(--awb-typography1-font-family);font-weight:var(--awb-typography1-font-weight);font-style:var(--awb-typography1-font-style);margin:0;letter-spacing:var(--awb-typography1-letter-spacing);text-transform:var(--awb-typography1-text-transform);font-size:1em;--fontSize:34;line-height:var(--awb-typography1-line-height);\">Une mise au point liturgique : l&rsquo;abb\u00e9 Alban Riley sur la r\u00e9forme du calendrier b\u00e9n\u00e9dictin<\/h1><\/div><div class=\"fusion-text fusion-text-1 fusion-no-small-visibility fusion-no-medium-visibility\" style=\"--awb-font-size:var(--awb-typography5-font-size);--awb-line-height:var(--awb-typography5-line-height);--awb-letter-spacing:var(--awb-typography5-letter-spacing);--awb-text-transform:var(--awb-typography5-text-transform);--awb-text-color:var(--awb-custom12);--awb-text-font-family:var(--awb-typography5-font-family);--awb-text-font-weight:var(--awb-typography5-font-weight);--awb-text-font-style:var(--awb-typography5-font-style);\"><p>L'abb\u00e9 Alban Riley dirige la r\u00e9vision du calendrier liturgique b\u00e9n\u00e9dictin, \u00e0 l'instar de la mise \u00e0 jour du module de contr\u00f4le d'une voiture pour assurer un fonctionnement harmonieux. Les changements propos\u00e9s visent \u00e0 \u00e9quilibrer le cycle des f\u00eates et des saisons tout en permettant une flexibilit\u00e9 aux monast\u00e8res, pr\u00e9servant ainsi la tradition b\u00e9n\u00e9dictine de prioriser les saisons liturgiques par rapport \u00e0 une liste toujours croissante de saints. <\/p>\n<\/div><\/div><\/div><div class=\"fusion-layout-column fusion_builder_column fusion-builder-column-1 fusion_builder_column_1_2 1_2 fusion-flex-column\" style=\"--awb-bg-size:cover;--awb-width-large:50%;--awb-margin-top-large:0px;--awb-spacing-right-large:30px;--awb-margin-bottom-large:0px;--awb-spacing-left-large:30px;--awb-width-medium:100%;--awb-order-medium:0;--awb-spacing-right-medium:30px;--awb-spacing-left-medium:30px;--awb-width-small:100%;--awb-order-small:0;--awb-spacing-right-small:30px;--awb-spacing-left-small:30px;\"><div class=\"fusion-column-wrapper fusion-column-has-shadow fusion-flex-justify-content-flex-start fusion-content-layout-column\"><div class=\"fusion-image-element \" style=\"--awb-caption-title-font-family:var(--h2_typography-font-family);--awb-caption-title-font-weight:var(--h2_typography-font-weight);--awb-caption-title-font-style:var(--h2_typography-font-style);--awb-caption-title-size:var(--h2_typography-font-size);--awb-caption-title-transform:var(--h2_typography-text-transform);--awb-caption-title-line-height:var(--h2_typography-line-height);--awb-caption-title-letter-spacing:var(--h2_typography-letter-spacing);\"><span class=\" fusion-imageframe imageframe-none imageframe-1 hover-type-none\" style=\"border:1px solid var(--awb-custom10);\"><a href=\"https:\/\/osb.org\/wp-content\/uploads\/2022\/08\/FatherAbbotAlban_web.jpg\" class=\"fusion-lightbox\" data-rel=\"iLightbox[c0668a825b90e097349]\" data-title=\"P\u00e8reAbb\u00e9Alban_web\" title=\"P\u00e8reAbb\u00e9Alban_web\"><img decoding=\"async\" width=\"1920\" height=\"1080\" src=\"https:\/\/osb.org\/wp-content\/uploads\/2022\/08\/FatherAbbotAlban_web.jpg\" data-orig-src=\"https:\/\/osb.org\/wp-content\/uploads\/2022\/08\/FatherAbbotAlban_web.jpg\" alt class=\"lazyload img-responsive wp-image-15137\" srcset=\"data:image\/svg+xml,%3Csvg%20xmlns%3D%27http%3A%2F%2Fwww.w3.org%2F2000%2Fsvg%27%20width%3D%271920%27%20height%3D%271080%27%20viewBox%3D%270%200%201920%201080%27%3E%3Crect%20width%3D%271920%27%20height%3D%271080%27%20fill-opacity%3D%220%22%2F%3E%3C%2Fsvg%3E\" data-srcset=\"https:\/\/osb.org\/wp-content\/uploads\/2022\/08\/FatherAbbotAlban_web-200x113.jpg 200w, https:\/\/osb.org\/wp-content\/uploads\/2022\/08\/FatherAbbotAlban_web-400x225.jpg 400w, https:\/\/osb.org\/wp-content\/uploads\/2022\/08\/FatherAbbotAlban_web-600x338.jpg 600w, https:\/\/osb.org\/wp-content\/uploads\/2022\/08\/FatherAbbotAlban_web-800x450.jpg 800w, https:\/\/osb.org\/wp-content\/uploads\/2022\/08\/FatherAbbotAlban_web-1200x675.jpg 1200w, https:\/\/osb.org\/wp-content\/uploads\/2022\/08\/FatherAbbotAlban_web.jpg 1920w\" data-sizes=\"auto\" data-orig-sizes=\"(max-width: 1024px) 100vw, (max-width: 640px) 100vw, 600px\" \/><\/a><\/span><\/div><div class=\"fusion-text fusion-text-2 fusion-text-no-margin\" style=\"--awb-font-size:var(--awb-typography5-font-size);--awb-line-height:var(--awb-typography5-line-height);--awb-letter-spacing:var(--awb-typography5-letter-spacing);--awb-text-transform:var(--awb-typography5-text-transform);--awb-text-color:var(--awb-custom11);--awb-margin-top:12px;--awb-margin-bottom:12px;--awb-text-font-family:var(--awb-typography5-font-family);--awb-text-font-weight:var(--awb-typography5-font-weight);--awb-text-font-style:var(--awb-typography5-font-style);\"><\/div><\/div><\/div><div class=\"fusion-layout-column fusion_builder_column fusion-builder-column-2 fusion_builder_column_1_2 1_2 fusion-flex-column\" style=\"--awb-bg-size:cover;--awb-width-large:50%;--awb-margin-top-large:0px;--awb-spacing-right-large:30px;--awb-margin-bottom-large:0px;--awb-spacing-left-large:30px;--awb-width-medium:100%;--awb-order-medium:0;--awb-spacing-right-medium:30px;--awb-spacing-left-medium:30px;--awb-width-small:100%;--awb-order-small:0;--awb-spacing-right-small:30px;--awb-spacing-left-small:30px;\"><div class=\"fusion-column-wrapper fusion-column-has-shadow fusion-flex-justify-content-flex-start fusion-content-layout-column\"><div class=\"fusion-separator fusion-full-width-sep\" style=\"align-self: center;margin-left: auto;margin-right: auto;width:100%;\"><div class=\"fusion-separator-border sep-single sep-solid\" style=\"--awb-height:20px;--awb-amount:20px;--awb-sep-color:var(--awb-color4);border-color:var(--awb-color4);border-top-width:3px;\"><\/div><\/div><\/div><\/div><\/div><\/div><div class=\"fusion-fullwidth fullwidth-box fusion-builder-row-2 fusion-flex-container has-pattern-background has-mask-background hundred-percent-fullwidth non-hundred-percent-height-scrolling\" style=\"--awb-border-radius-top-left:0px;--awb-border-radius-top-right:0px;--awb-border-radius-bottom-right:0px;--awb-border-radius-bottom-left:0px;--awb-padding-right:60px;--awb-padding-left:60px;--awb-padding-right-medium:60px;--awb-padding-left-medium:60px;--awb-padding-right-small:30px;--awb-padding-left-small:30px;--awb-margin-top:30px;--awb-margin-top-small:0px;--awb-flex-wrap:wrap;\" ><div class=\"fusion-builder-row fusion-row fusion-flex-align-items-flex-start fusion-flex-justify-content-center fusion-flex-content-wrap\" style=\"width:calc( 100% + 60px ) !important;max-width:calc( 100% + 60px ) !important;margin-left: calc(-60px \/ 2 );margin-right: calc(-60px \/ 2 );\"><div class=\"fusion-layout-column fusion_builder_column fusion-builder-column-3 fusion_builder_column_2_5 2_5 fusion-flex-column\" style=\"--awb-bg-blend:overlay;--awb-bg-size:cover;--awb-width-large:40%;--awb-margin-top-large:0px;--awb-spacing-right-large:30px;--awb-margin-bottom-large:20px;--awb-spacing-left-large:30px;--awb-width-medium:75%;--awb-order-medium:0;--awb-spacing-right-medium:30px;--awb-spacing-left-medium:30px;--awb-width-small:100%;--awb-order-small:0;--awb-spacing-right-small:30px;--awb-spacing-left-small:30px;\"><div class=\"fusion-column-wrapper fusion-flex-justify-content-flex-start fusion-content-layout-column\"><div class=\"fusion-builder-row fusion-builder-row-inner fusion-row fusion-flex-align-items-flex-start fusion-flex-justify-content-center fusion-flex-content-wrap\" style=\"--awb-flex-grow:0;--awb-flex-grow-medium:0;--awb-flex-grow-small:0;--awb-flex-shrink:0;--awb-flex-shrink-medium:0;--awb-flex-shrink-small:0;width:calc( 100% + 60px ) !important;max-width:calc( 100% + 60px ) !important;margin-left: calc(-60px \/ 2 );margin-right: calc(-60px \/ 2 );\"><div class=\"fusion-layout-column fusion_builder_column_inner fusion-builder-nested-column-0 fusion_builder_column_inner_1_2 1_2 fusion-flex-column fusion-flex-align-self-center\" style=\"--awb-bg-size:cover;--awb-width-large:50%;--awb-margin-top-large:0px;--awb-spacing-right-large:30px;--awb-margin-bottom-large:0px;--awb-spacing-left-large:30px;--awb-width-medium:50%;--awb-order-medium:0;--awb-spacing-right-medium:30px;--awb-spacing-left-medium:30px;--awb-width-small:100%;--awb-order-small:1;--awb-spacing-right-small:30px;--awb-margin-bottom-small:20px;--awb-spacing-left-small:30px;\"><div class=\"fusion-column-wrapper fusion-column-has-shadow fusion-flex-justify-content-center fusion-content-layout-column\"><div class=\"fusion-text fusion-text-3 fusion-text-no-margin\" style=\"--awb-font-size:var(--awb-typography5-font-size);--awb-line-height:var(--awb-typography5-line-height);--awb-letter-spacing:var(--awb-typography5-letter-spacing);--awb-text-transform:var(--awb-typography5-text-transform);--awb-text-color:var(--awb-custom11);--awb-margin-top:0px;--awb-margin-right:0px;--awb-margin-bottom:0px;--awb-margin-left:0px;--awb-text-font-family:var(--awb-typography5-font-family);--awb-text-font-weight:var(--awb-typography5-font-weight);--awb-text-font-style:var(--awb-typography5-font-style);\"><p>25 mars 2025<\/p>\n<\/div><\/div><\/div><div class=\"fusion-layout-column fusion_builder_column_inner fusion-builder-nested-column-1 fusion_builder_column_inner_1_2 1_2 fusion-flex-column fusion-flex-align-self-center\" style=\"--awb-bg-size:cover;--awb-width-large:50%;--awb-margin-top-large:0px;--awb-spacing-right-large:30px;--awb-margin-bottom-large:0px;--awb-spacing-left-large:30px;--awb-width-medium:50%;--awb-order-medium:0;--awb-spacing-right-medium:30px;--awb-spacing-left-medium:30px;--awb-width-small:100%;--awb-order-small:0;--awb-margin-top-small:0px;--awb-spacing-right-small:30px;--awb-spacing-left-small:30px;\"><div class=\"fusion-column-wrapper fusion-column-has-shadow fusion-flex-justify-content-center fusion-content-layout-column\"><div class=\"fusion-sharing-box fusion-sharing-box-1 boxed-icons\" style=\"background-color:var(--awb-color1);border-color:var(--awb-color1);--awb-margin-top:0px;--awb-margin-right:0px;--awb-margin-bottom:0px;--awb-margin-left:0px;--awb-wrapper-padding-top:0px;--awb-wrapper-padding-right:0px;--awb-wrapper-padding-bottom:0px;--awb-wrapper-padding-left:0px;--awb-padding-top:0px;--awb-padding-right:0px;--awb-padding-bottom:0px;--awb-padding-left:0px;--awb-border-top:0px;--awb-border-right:0px;--awb-border-bottom:0px;--awb-border-left:0px;--awb-icon-size:12px;--awb-separator-border-color:#cccccc;--awb-separator-border-sizes:0px;--awb-stacked-align:flex-end;--awb-layout:row;--awb-alignment-small:flex-end;--awb-stacked-align-small:center;\" data-title=\"Une mise au point liturgique : l&rsquo;abb\u00e9 Alban Riley sur la r\u00e9forme du calendrier b\u00e9n\u00e9dictin\" data-description=\"Votre contenu va ici       La liturgie pr\u00e9sente certaines similitudes avec une automobile. Elle a un cycle qui tourne continuellement, comme les roues d&#039;une voiture et son moteur. Mais elle ne fait pas que tourner en rond, elle va quelque part et elle\" data-link=\"https:\/\/osb.org\/fr\/2025\/03\/25\/une-mise-au-point-liturgique-labbe-alban-riley-sur-la-reforme-du-calendrier-benedictin\/\"><div class=\"fusion-social-networks sharingbox-shortcode-icon-wrapper sharingbox-shortcode-icon-wrapper-1 boxed-icons\"><span><a href=\"https:\/\/www.facebook.com\/sharer.php?u=https%3A%2F%2Fosb.org%2Ffr%2F2025%2F03%2F25%2Fune-mise-au-point-liturgique-labbe-alban-riley-sur-la-reforme-du-calendrier-benedictin%2F&amp;t=Une%20mise%20au%20point%20liturgique%20%3A%20l%26rsquo%3Babb%C3%A9%20Alban%20Riley%20sur%20la%20r%C3%A9forme%20du%20calendrier%20b%C3%A9n%C3%A9dictin\" target=\"_blank\" rel=\"noreferrer\" title=\"Facebook\" aria-label=\"Facebook\"><i class=\"fusion-social-network-icon fusion-tooltip fusion-facebook awb-icon-facebook\" style=\"color:var(--awb-custom11);background-color:#e8e8e8;border-color:#e8e8e8;border-radius:50%;\" aria-hidden=\"true\"><\/i><\/a><\/span><span><a href=\"https:\/\/x.com\/intent\/post?text=Une%20mise%20au%20point%20liturgique%20%3A%20l%E2%80%99abb%C3%A9%20Alban%20Riley%20sur%20la%20r%C3%A9forme%20du%20calendrier%20b%C3%A9n%C3%A9dictin&amp;url=https%3A%2F%2Fosb.org%2Ffr%2F2025%2F03%2F25%2Fune-mise-au-point-liturgique-labbe-alban-riley-sur-la-reforme-du-calendrier-benedictin%2F\" target=\"_blank\" rel=\"noopener noreferrer\" title=\"X\" aria-label=\"X\"><i class=\"fusion-social-network-icon fusion-tooltip fusion-twitter awb-icon-twitter\" style=\"color:var(--awb-custom11);background-color:#e8e8e8;border-color:#e8e8e8;border-radius:50%;\" aria-hidden=\"true\"><\/i><\/a><\/span><span><a href=\"https:\/\/api.whatsapp.com\/send?text=https%3A%2F%2Fosb.org%2Ffr%2F2025%2F03%2F25%2Fune-mise-au-point-liturgique-labbe-alban-riley-sur-la-reforme-du-calendrier-benedictin%2F\" target=\"_blank\" rel=\"noopener noreferrer\" title=\"WhatsApp\" aria-label=\"WhatsApp\"><i class=\"fusion-social-network-icon fusion-tooltip fusion-whatsapp awb-icon-whatsapp\" style=\"color:var(--awb-custom11);background-color:#e8e8e8;border-color:#e8e8e8;border-radius:50%;\" aria-hidden=\"true\"><\/i><\/a><\/span><span><a href=\"mailto:?subject=Une%20mise%20au%20point%20liturgique%20%3A%20l%26rsquo%3Babb%C3%A9%20Alban%20Riley%20sur%20la%20r%C3%A9forme%20du%20calendrier%20b%C3%A9n%C3%A9dictin&amp;body=https%3A%2F%2Fosb.org%2Ffr%2F2025%2F03%2F25%2Fune-mise-au-point-liturgique-labbe-alban-riley-sur-la-reforme-du-calendrier-benedictin%2F\" target=\"_self\" title=\"Email\" aria-label=\"Email\"><i class=\"fusion-social-network-icon fusion-tooltip fusion-mail awb-icon-mail\" style=\"color:var(--awb-custom11);background-color:#e8e8e8;border-color:#e8e8e8;border-radius:50%;\" aria-hidden=\"true\"><\/i><\/a><\/span><\/div><\/div><\/div><\/div><\/div><div class=\"fusion-text fusion-text-4\"><p>La liturgie pr\u00e9sente certaines similitudes avec une automobile. Elle a un cycle qui tourne continuellement, comme les roues d'une voiture et son moteur. Mais elle ne fait pas que tourner en rond, elle va quelque part et elle emm\u00e8ne le peuple de Dieu avec elle vers l'eschaton.  <\/p>\n<p>Je pr\u00e9sente des propositions de r\u00e9visions du calendrier liturgique b\u00e9n\u00e9dictin, et le calendrier a une relation avec la liturgie semblable \u00e0 celle du module de contr\u00f4le \u00e9lectronique avec la voiture. Le calendrier est aride et technique, comme un programme informatique, mais il est essentiel au bon fonctionnement du v\u00e9hicule. <\/p>\n<p>Et de temps en temps, lorsque vous amenez votre voiture pour un contr\u00f4le technique, ils doivent effectuer une mise \u00e0 jour du logiciel de votre module de contr\u00f4le. C'est l\u00e0 o\u00f9 nous en sommes maintenant en ce qui concerne notre calendrier propre. <\/p>\n<p>La plupart des calendriers propres semblent \u00eatre des suppl\u00e9ments au Calendrier G\u00e9n\u00e9ral Romain. Cela a \u00e9t\u00e9 indiqu\u00e9 par la Congr\u00e9gation pour le Culte Divin dans son Instruction sur les Calendriers de 1970. Elle disait : \u00ab Les propres et les calendriers particuliers ont \u00e9t\u00e9 form\u00e9s de telle mani\u00e8re qu'ils \u00e9taient ajout\u00e9s comme une annexe au Br\u00e9viaire et au Missel publi\u00e9s par Saint Pie V, lorsque ceux-ci ont \u00e9t\u00e9 substitu\u00e9s par les dioc\u00e8ses individuels et les familles religieuses \u00e0 leurs propres livres traditionnels. \u00bb  <\/p>\n<p>Cependant, le Calendrier B\u00e9n\u00e9dictin n'a jamais \u00e9t\u00e9 comme cela. Nous avons toujours eu nos propres br\u00e9viaires. En 1915, le Saint-Si\u00e8ge a approuv\u00e9 un calendrier propre pour toute la Conf\u00e9d\u00e9ration B\u00e9n\u00e9dictine. Mais, par exemple, lorsque le Pape Beno\u00eet XV a ajout\u00e9 en 1920 Saint \u00c9phrem le Diacre au Calendrier G\u00e9n\u00e9ral Romain comme Docteur de l'\u00c9glise, cela n'a pas \u00e9t\u00e9 automatiquement ajout\u00e9 au Calendrier B\u00e9n\u00e9dictin. Il y a eu un indult s\u00e9par\u00e9 en 1921 l'accordant. Et la m\u00eame chose s'est produite avec quelques autres Docteurs de l'\u00c9glise. Mais d'autres saints qui sont entr\u00e9s dans le Calendrier Romain n'ont pas \u00e9t\u00e9 ajout\u00e9s au Propre B\u00e9n\u00e9dictin. Un exemple remarquable est la f\u00eate du Pr\u00e9cieux Sang, qui en 1931 est devenue un Double de Premi\u00e8re Classe, en d'autres termes une Solennit\u00e9, dans le Calendrier Romain. Mais elle n'a jamais \u00e9t\u00e9 int\u00e9gr\u00e9e au Calendrier B\u00e9n\u00e9dictin sous aucune forme.        <\/p>\n<p>En 1972, on nous a accord\u00e9 un nouveau Calendrier Propre \u00e0 la suite de Vatican II. Il semble qu'au d\u00e9but, les responsables de la Congr\u00e9gation pour le Culte Divin aient continu\u00e9 \u00e0 comprendre le Calendrier B\u00e9n\u00e9dictin de la m\u00eame mani\u00e8re, \u00e0 savoir qu'il devrait \u00eatre modifi\u00e9 s\u00e9par\u00e9ment lorsque des changements intervenaient dans le Calendrier Romain. Au fil du temps, cependant, les responsables de la Congr\u00e9gation ont commenc\u00e9 \u00e0 adopter la position selon laquelle les modifications du Calendrier Romain s'appliqueraient automatiquement aux B\u00e9n\u00e9dictins. D'autre part, en 2004, la Congr\u00e9gation a approuv\u00e9 le nouvel Antiphonale monasticum avec le Calendrier de 1972, ne refl\u00e9tant pas les nombreuses nouvelles c\u00e9l\u00e9brations qui avaient \u00e9t\u00e9 ajout\u00e9es entre-temps au Calendrier Romain.   <\/p>\n<p>Cependant, quelques ann\u00e9es plus tard, l'attitude de la Congr\u00e9gation semble s'\u00eatre durcie, et l'Abb\u00e9 Primat Notker a d\u00e9cid\u00e9 en 2009 de ne pas aller plus loin dans la mise \u00e0 jour du Calendrier B\u00e9n\u00e9dictin.<\/p>\n<p>Cela nous am\u00e8ne \u00e0 2018, lorsque la Congr\u00e9gation a approuv\u00e9 un Calendrier Propre pour l'Ordre des Chartreux. Celui-ci omettait de nombreux saints du Calendrier Romain et incluait bien s\u00fbr des saints propres aux Chartreux. Il a m\u00eame un ensemble l\u00e9g\u00e8rement diff\u00e9rent de rangs de c\u00e9l\u00e9brations, avec des f\u00eates de 3 lectures et des f\u00eates de 12 lectures. Ainsi, le Calendrier Chartreux semble \u00eatre autonome, et non un reflet automatique du Romain. En plus de cela, des changements dans le personnel de la Congr\u00e9gation, maintenant Dicast\u00e8re pour le Culte Divin et la Discipline des Sacrements, ont donn\u00e9 quelque espoir au synode des pr\u00e9sidents que le Dicast\u00e8re serait plus ouvert \u00e0 accorder aux B\u00e9n\u00e9dictins un Calendrier Propre qui ne refl\u00e8te pas automatiquement le nombre accru de saints dans le Calendrier Romain. Ainsi, en 2022, l'Abb\u00e9 Primat Gr\u00e9goire a mis en place une Commission du Calendrier, et nous avons \u00e9labor\u00e9 une proposition, accept\u00e9e par le Synode des Pr\u00e9sidents en 2023, que nous aimerions que vous approuviez afin qu'elle puisse \u00eatre pr\u00e9sent\u00e9e au Dicast\u00e8re. Le Dicast\u00e8re est au courant, par des discussions informelles, de ce que nous pr\u00e9voyons.      <\/p>\n<p>Mais pourquoi se donner tout ce mal ? Pourquoi ne pas simplement accepter la mise \u00e0 jour automatique de notre Calendrier ? Le motif principal est de sauvegarder la pr\u00e9dominance du cycle des f\u00eates et des saisons du Seigneur. Il y a toujours une tendance \u00e0 ajouter plus de f\u00eates de saints. Les B\u00e9n\u00e9dictins se sont historiquement pr\u00e9occup\u00e9s de maintenir cela sous contr\u00f4le. Par exemple, le calendrier b\u00e9n\u00e9dictin d'avant Vatican II avait plus d'une centaine de f\u00eates de saints en moins dans l'ann\u00e9e par rapport au Calendrier Romain de l'\u00e9poque.     <\/p>\n<p>Bien s\u00fbr, nous ne pouvons pas \u00eatre compl\u00e8tement ind\u00e9pendants du Rite Romain, car nous en faisons partie. Ainsi, notre proposition inclut en fait tous les nouveaux saints, mais presque tous comme m\u00e9moires facultatives. Cela formerait le Calendrier B\u00e9n\u00e9dictin g\u00e9n\u00e9ral. Avec ce Calendrier est incluse une Introduction (Praenotanda en latin) qui pr\u00e9voit une certaine subsidiarit\u00e9. Selon les dispositions de cette Introduction, les congr\u00e9gations monastiques (et les monast\u00e8res individuels) \u00e9tabliraient leurs propres calendriers particuliers bas\u00e9s sur le Calendrier B\u00e9n\u00e9dictin g\u00e9n\u00e9ral, mais en omettant certaines m\u00e9moires facultatives afin d'obtenir le bon \u00e9quilibre entre les saints et les saisons.    <\/p>\n<p>Que se passe-t-il lorsque de nouveaux saints sont ajout\u00e9s au Calendrier G\u00e9n\u00e9ral Romain ? Les Praenotanda pr\u00e9voient que l'Abb\u00e9 Primat ajoute ceux-ci au Calendrier B\u00e9n\u00e9dictin, apr\u00e8s avoir entendu le vote de la Commission Liturgique B\u00e9n\u00e9dictine. Ce qui signifie que nous devrions avoir une Commission Liturgique B\u00e9n\u00e9dictine. Il n'y en a pas eu, je crois, depuis l'\u00e9poque o\u00f9 le Thesaurus \u00e9tait en cours de production dans les ann\u00e9es 70.   <\/p>\n<p>En parlant des Praenotanda, je devrais mentionner que l'office liturgique des Cisterciens a \u00e9t\u00e9 impliqu\u00e9 dans les d\u00e9lib\u00e9rations de notre commission, et en fait les Trappistes ont adopt\u00e9 nos Praenotanda dans leurs propres propositions de calendrier. Les Cisterciens de l'observance commune examinent la question. <\/p>\n<p>Notre proposition comporte une addition notable au Calendrier, \u00e0 savoir une renaissance de la f\u00eate de Tous les Saints de notre Ordre et de la Comm\u00e9moration de Tous les D\u00e9funts de Notre Ordre. Celles-ci \u00e9taient dans notre Calendrier avant 1972 et nous avons pens\u00e9 que les ramener serait un bon moyen de c\u00e9l\u00e9brer les saints et les d\u00e9funts sans surcharger le calendrier. On pourrait objecter que ces deux c\u00e9l\u00e9brations font double emploi avec la Toussaint et la Comm\u00e9moration des fid\u00e8les d\u00e9funts, mais bien s\u00fbr elles sont plus sp\u00e9cifiques. Toute comm\u00e9moration d'un saint fait en fait double emploi avec la Toussaint - selon ce raisonnement, on n'aurait besoin d'aucune f\u00eate de saints en dehors du 1er novembre.   <\/p>\n<p>Enfin, je dois admettre que la liturgie n'est pas une automobile et le calendrier n'est pas un ordinateur. La liturgie est en fin de compte le corps vivant du Christ et non quelque chose de m\u00e9canique. Le calendrier est quelque chose qui cro\u00eet organiquement tout en \u00e9tant un ensemble de r\u00e8gles. Je pense que notre proposition n'est pas quelque chose d'abstrait, simplement concoct\u00e9 par un comit\u00e9. Elle tente plut\u00f4t de refl\u00e9ter la r\u00e9alit\u00e9 et le caract\u00e8re de la vie b\u00e9n\u00e9dictine.    <\/p>\n<\/div><div class=\"fusion-separator fusion-full-width-sep\" style=\"align-self: center;margin-left: auto;margin-right: auto;margin-top:1%;width:100%;\"><\/div><div ><a class=\"fusion-button button-flat fusion-button-default-size button-custom fusion-button-default button-1 fusion-button-span-yes fusion-button-default-type\" style=\"--button_accent_color:#ffffff;--button_accent_hover_color:#ffffff;--button_border_hover_color:#ffffff;--button_gradient_top_color:#1f7aa7;--button_gradient_bottom_color:#1f7aa7;--button_gradient_top_color_hover:#72cee0;--button_gradient_bottom_color_hover:#72cee0;\" target=\"_self\" href=\"https:\/\/westminsterabbey.ca\"><span class=\"fusion-button-text awb-button__text awb-button__text--default\">Site web de l'Abbaye de Westminster |FR|<\/span><\/a><\/div><\/div><\/div><\/div><\/div><\/p>\n","protected":false},"excerpt":{"rendered":"<p>L&rsquo;abb\u00e9 Alban Riley dirige la r\u00e9vision du calendrier liturgique b\u00e9n\u00e9dictin, \u00e0 l&rsquo;instar de la mise \u00e0 jour du module de contr\u00f4le d&rsquo;une voiture pour assurer un fonctionnement harmonieux. Les changements propos\u00e9s visent \u00e0 \u00e9quilibrer le cycle des f\u00eates et des saisons tout en permettant une flexibilit\u00e9 aux monast\u00e8res, pr\u00e9servant ainsi la tradition b\u00e9n\u00e9dictine de prioriser les saisons liturgiques par rapport \u00e0 une liste toujours croissante de saints. <\/p>\n","protected":false},"author":1,"featured_media":15137,"comment_status":"closed","ping_status":"closed","sticky":false,"template":"","format":"standard","meta":{"footnotes":""},"categories":[183],"tags":[193,197],"class_list":["post-15136","post","type-post","status-publish","format-standard","has-post-thumbnail","hentry","category-nexus-fr","tag-nexus-congressus-24-fr","tag-nexus-avril-2025-fr"],"cc_featured_image_caption":{"caption_text":false,"source_text":false,"source_url":false},"_links":{"self":[{"href":"https:\/\/osb.org\/fr\/wp-json\/wp\/v2\/posts\/15136","targetHints":{"allow":["GET"]}}],"collection":[{"href":"https:\/\/osb.org\/fr\/wp-json\/wp\/v2\/posts"}],"about":[{"href":"https:\/\/osb.org\/fr\/wp-json\/wp\/v2\/types\/post"}],"author":[{"embeddable":true,"href":"https:\/\/osb.org\/fr\/wp-json\/wp\/v2\/users\/1"}],"replies":[{"embeddable":true,"href":"https:\/\/osb.org\/fr\/wp-json\/wp\/v2\/comments?post=15136"}],"version-history":[{"count":0,"href":"https:\/\/osb.org\/fr\/wp-json\/wp\/v2\/posts\/15136\/revisions"}],"wp:featuredmedia":[{"embeddable":true,"href":"https:\/\/osb.org\/fr\/wp-json\/wp\/v2\/media\/15137"}],"wp:attachment":[{"href":"https:\/\/osb.org\/fr\/wp-json\/wp\/v2\/media?parent=15136"}],"wp:term":[{"taxonomy":"category","embeddable":true,"href":"https:\/\/osb.org\/fr\/wp-json\/wp\/v2\/categories?post=15136"},{"taxonomy":"post_tag","embeddable":true,"href":"https:\/\/osb.org\/fr\/wp-json\/wp\/v2\/tags?post=15136"}],"curies":[{"name":"wp","href":"https:\/\/api.w.org\/{rel}","templated":true}]}}