{"id":14212,"date":"2025-05-22T11:39:16","date_gmt":"2025-05-22T09:39:16","guid":{"rendered":"https:\/\/osb.org\/2025\/05\/22\/les-benedictins-rejoignent-le-pape-leon-xiv-a-saint-paul-hors-les-murs\/"},"modified":"2025-09-24T18:13:19","modified_gmt":"2025-09-24T16:13:19","slug":"les-benedictins-rejoignent-le-pape-leon-xiv-a-saint-paul-hors-les-murs","status":"publish","type":"post","link":"https:\/\/osb.org\/fr\/2025\/05\/22\/les-benedictins-rejoignent-le-pape-leon-xiv-a-saint-paul-hors-les-murs\/","title":{"rendered":"Les B\u00e9n\u00e9dictins rejoignent le pape L\u00e9on XIV \u00e0 Saint-Paul-hors-les-Murs"},"content":{"rendered":"<p><div class=\"fusion-fullwidth fullwidth-box fusion-builder-row-1 fusion-flex-container has-pattern-background has-mask-background hundred-percent-fullwidth non-hundred-percent-height-scrolling\" style=\"--awb-border-sizes-bottom:1px;--awb-border-color:var(--awb-custom11);--awb-border-radius-top-left:0px;--awb-border-radius-top-right:0px;--awb-border-radius-bottom-right:0px;--awb-border-radius-bottom-left:0px;--awb-padding-right:60px;--awb-padding-bottom:20px;--awb-padding-left:60px;--awb-padding-right-small:30px;--awb-padding-left-small:30px;--awb-margin-top-medium:1px;--awb-margin-top-small:0px;--awb-flex-wrap:wrap;\" ><div class=\"fusion-builder-row fusion-row fusion-flex-align-items-center fusion-flex-justify-content-flex-end fusion-flex-content-wrap\" style=\"width:calc( 100% + 60px ) !important;max-width:calc( 100% + 60px ) !important;margin-left: calc(-60px \/ 2 );margin-right: calc(-60px \/ 2 );\"><div class=\"fusion-layout-column fusion_builder_column fusion-builder-column-0 fusion_builder_column_1_2 1_2 fusion-flex-column\" style=\"--awb-padding-right:60px;--awb-padding-left:60px;--awb-padding-right-small:0px;--awb-padding-left-small:0px;--awb-bg-size:cover;--awb-width-large:50%;--awb-margin-top-large:0px;--awb-spacing-right-large:30px;--awb-margin-bottom-large:20px;--awb-spacing-left-large:30px;--awb-width-medium:100%;--awb-order-medium:0;--awb-margin-top-medium:20px;--awb-spacing-right-medium:30px;--awb-margin-bottom-medium:0px;--awb-spacing-left-medium:30px;--awb-width-small:100%;--awb-order-small:0;--awb-spacing-right-small:30px;--awb-spacing-left-small:30px;\"><div class=\"fusion-column-wrapper fusion-column-has-shadow fusion-flex-justify-content-flex-start fusion-content-layout-column\"><div class=\"fusion-title title fusion-title-1 fusion-sep-none fusion-title-text fusion-title-size-one\" style=\"--awb-text-color:var(--awb-custom13);--awb-margin-top-small:0px;--awb-margin-right-small:0px;--awb-margin-bottom-small:20px;--awb-margin-left-small:0px;--awb-font-size:40px;\"><h1 class=\"fusion-title-heading title-heading-left md-text-align-center fusion-responsive-typography-calculated\" style=\"font-family:var(--awb-typography1-font-family);font-weight:var(--awb-typography1-font-weight);font-style:var(--awb-typography1-font-style);margin:0;letter-spacing:var(--awb-typography1-letter-spacing);text-transform:var(--awb-typography1-text-transform);font-size:1em;--fontSize:40;line-height:var(--awb-typography1-line-height);\">Les B\u00e9n\u00e9dictins rejoignent le pape L\u00e9on XIV \u00e0 Saint-Paul-hors-les-Murs<\/h1><\/div><div class=\"fusion-text fusion-text-1 fusion-no-small-visibility fusion-no-medium-visibility\" style=\"--awb-font-size:var(--awb-typography4-font-size);--awb-line-height:var(--awb-typography4-line-height);--awb-letter-spacing:var(--awb-typography4-letter-spacing);--awb-text-transform:var(--awb-typography4-text-transform);--awb-text-color:var(--awb-custom12);--awb-text-font-family:var(--awb-typography4-font-family);--awb-text-font-weight:var(--awb-typography4-font-weight);--awb-text-font-style:var(--awb-typography4-font-style);\"><p>Le pape L\u00e9on XIV a pris possession de la Basilique Saint-Paul-hors-les-Murs lors d'une c\u00e9r\u00e9monie qui incluait des membres du Collegio et de la Schola de Sant'Anselmo. Son hom\u00e9lie a port\u00e9 sur l'universalit\u00e9 du salut et l'urgence de proclamer l'\u00c9vangile. <\/p>\n<\/div><\/div><\/div><div class=\"fusion-layout-column fusion_builder_column fusion-builder-column-1 fusion_builder_column_1_2 1_2 fusion-flex-column\" style=\"--awb-bg-size:cover;--awb-width-large:50%;--awb-margin-top-large:0px;--awb-spacing-right-large:30px;--awb-margin-bottom-large:0px;--awb-spacing-left-large:30px;--awb-width-medium:100%;--awb-order-medium:0;--awb-spacing-right-medium:30px;--awb-spacing-left-medium:30px;--awb-width-small:100%;--awb-order-small:0;--awb-spacing-right-small:30px;--awb-spacing-left-small:30px;\"><div class=\"fusion-column-wrapper fusion-column-has-shadow fusion-flex-justify-content-flex-start fusion-content-layout-column\"><div class=\"fusion-image-element \" style=\"--awb-caption-title-font-family:var(--h2_typography-font-family);--awb-caption-title-font-weight:var(--h2_typography-font-weight);--awb-caption-title-font-style:var(--h2_typography-font-style);--awb-caption-title-size:var(--h2_typography-font-size);--awb-caption-title-transform:var(--h2_typography-text-transform);--awb-caption-title-line-height:var(--h2_typography-line-height);--awb-caption-title-letter-spacing:var(--h2_typography-letter-spacing);\"><span class=\" fusion-imageframe imageframe-none imageframe-1 hover-type-none\" style=\"border:1px solid var(--awb-custom10);\"><a href=\"https:\/\/osb.org\/wp-content\/uploads\/2025\/05\/Pope_St_Paul_page_V.jpg\" class=\"fusion-lightbox\" data-rel=\"iLightbox[509377ce14d9dd73cd8]\" data-title=\"Pope_St_Paul_page_V\" title=\"Pope_St_Paul_page_V\"><img decoding=\"async\" width=\"1438\" height=\"1920\" src=\"https:\/\/osb.org\/wp-content\/uploads\/2025\/05\/Pope_St_Paul_page_V.jpg\" data-orig-src=\"https:\/\/osb.org\/wp-content\/uploads\/2025\/05\/Pope_St_Paul_page_V.jpg\" alt class=\"lazyload img-responsive wp-image-14214\" srcset=\"data:image\/svg+xml,%3Csvg%20xmlns%3D%27http%3A%2F%2Fwww.w3.org%2F2000%2Fsvg%27%20width%3D%271438%27%20height%3D%271920%27%20viewBox%3D%270%200%201438%201920%27%3E%3Crect%20width%3D%271438%27%20height%3D%271920%27%20fill-opacity%3D%220%22%2F%3E%3C%2Fsvg%3E\" data-srcset=\"https:\/\/osb.org\/wp-content\/uploads\/2025\/05\/Pope_St_Paul_page_V-200x267.jpg 200w, https:\/\/osb.org\/wp-content\/uploads\/2025\/05\/Pope_St_Paul_page_V-400x534.jpg 400w, https:\/\/osb.org\/wp-content\/uploads\/2025\/05\/Pope_St_Paul_page_V-600x801.jpg 600w, https:\/\/osb.org\/wp-content\/uploads\/2025\/05\/Pope_St_Paul_page_V-800x1068.jpg 800w, https:\/\/osb.org\/wp-content\/uploads\/2025\/05\/Pope_St_Paul_page_V-1200x1602.jpg 1200w, https:\/\/osb.org\/wp-content\/uploads\/2025\/05\/Pope_St_Paul_page_V.jpg 1438w\" data-sizes=\"auto\" data-orig-sizes=\"(max-width: 1024px) 100vw, (max-width: 640px) 100vw, 600px\" \/><\/a><\/span><\/div><div class=\"fusion-text fusion-text-2 fusion-text-no-margin\" style=\"--awb-font-size:var(--awb-typography5-font-size);--awb-line-height:var(--awb-typography5-line-height);--awb-letter-spacing:var(--awb-typography5-letter-spacing);--awb-text-transform:var(--awb-typography5-text-transform);--awb-text-color:var(--awb-custom11);--awb-margin-top:12px;--awb-margin-bottom:12px;--awb-text-font-family:var(--awb-typography5-font-family);--awb-text-font-weight:var(--awb-typography5-font-weight);--awb-text-font-style:var(--awb-typography5-font-style);\"><\/div><\/div><\/div><div class=\"fusion-layout-column fusion_builder_column fusion-builder-column-2 fusion_builder_column_1_2 1_2 fusion-flex-column\" style=\"--awb-bg-size:cover;--awb-width-large:50%;--awb-margin-top-large:0px;--awb-spacing-right-large:30px;--awb-margin-bottom-large:0px;--awb-spacing-left-large:30px;--awb-width-medium:100%;--awb-order-medium:0;--awb-spacing-right-medium:30px;--awb-spacing-left-medium:30px;--awb-width-small:100%;--awb-order-small:0;--awb-spacing-right-small:30px;--awb-spacing-left-small:30px;\"><div class=\"fusion-column-wrapper fusion-column-has-shadow fusion-flex-justify-content-flex-start fusion-content-layout-column\"><div class=\"fusion-separator fusion-full-width-sep\" style=\"align-self: center;margin-left: auto;margin-right: auto;width:100%;\"><div class=\"fusion-separator-border sep-single sep-solid\" style=\"--awb-height:20px;--awb-amount:20px;--awb-sep-color:var(--awb-color4);border-color:var(--awb-color4);border-top-width:3px;\"><\/div><\/div><\/div><\/div><\/div><\/div><div class=\"fusion-fullwidth fullwidth-box fusion-builder-row-2 fusion-flex-container hundred-percent-fullwidth non-hundred-percent-height-scrolling\" style=\"--awb-border-radius-top-left:0px;--awb-border-radius-top-right:0px;--awb-border-radius-bottom-right:0px;--awb-border-radius-bottom-left:0px;--awb-padding-right:60px;--awb-padding-left:60px;--awb-padding-right-medium:60px;--awb-padding-left-medium:60px;--awb-padding-right-small:30px;--awb-padding-left-small:30px;--awb-margin-top-small:0px;--awb-flex-wrap:wrap;\" ><div class=\"fusion-builder-row fusion-row fusion-flex-align-items-flex-start fusion-flex-justify-content-center fusion-flex-content-wrap\" style=\"width:calc( 100% + 60px ) !important;max-width:calc( 100% + 60px ) !important;margin-left: calc(-60px \/ 2 );margin-right: calc(-60px \/ 2 );\"><div class=\"fusion-layout-column fusion_builder_column fusion-builder-column-3 fusion_builder_column_2_5 2_5 fusion-flex-column\" style=\"--awb-bg-blend:overlay;--awb-bg-size:cover;--awb-width-large:40%;--awb-margin-top-large:0px;--awb-spacing-right-large:30px;--awb-margin-bottom-large:20px;--awb-spacing-left-large:30px;--awb-width-medium:75%;--awb-order-medium:0;--awb-spacing-right-medium:30px;--awb-spacing-left-medium:30px;--awb-width-small:100%;--awb-order-small:0;--awb-spacing-right-small:30px;--awb-spacing-left-small:30px;\"><div class=\"fusion-column-wrapper fusion-flex-justify-content-flex-start fusion-content-layout-column\"><div class=\"fusion-builder-row fusion-builder-row-inner fusion-row fusion-flex-align-items-flex-start fusion-flex-justify-content-center fusion-flex-content-wrap\" style=\"--awb-flex-grow:0;--awb-flex-grow-medium:0;--awb-flex-grow-small:0;--awb-flex-shrink:0;--awb-flex-shrink-medium:0;--awb-flex-shrink-small:0;width:calc( 100% + 60px ) !important;max-width:calc( 100% + 60px ) !important;margin-left: calc(-60px \/ 2 );margin-right: calc(-60px \/ 2 );\"><div class=\"fusion-layout-column fusion_builder_column_inner fusion-builder-nested-column-0 fusion_builder_column_inner_1_2 1_2 fusion-flex-column fusion-flex-align-self-center\" style=\"--awb-bg-size:cover;--awb-width-large:50%;--awb-margin-top-large:0px;--awb-spacing-right-large:30px;--awb-margin-bottom-large:0px;--awb-spacing-left-large:30px;--awb-width-medium:50%;--awb-order-medium:0;--awb-spacing-right-medium:30px;--awb-spacing-left-medium:30px;--awb-width-small:100%;--awb-order-small:1;--awb-spacing-right-small:30px;--awb-margin-bottom-small:20px;--awb-spacing-left-small:30px;\"><div class=\"fusion-column-wrapper fusion-column-has-shadow fusion-flex-justify-content-center fusion-content-layout-column\"><div class=\"fusion-text fusion-text-3 fusion-text-no-margin\" style=\"--awb-font-size:var(--awb-typography5-font-size);--awb-line-height:var(--awb-typography5-line-height);--awb-letter-spacing:var(--awb-typography5-letter-spacing);--awb-text-transform:var(--awb-typography5-text-transform);--awb-text-color:var(--awb-custom11);--awb-margin-top:0px;--awb-margin-right:0px;--awb-margin-bottom:0px;--awb-margin-left:0px;--awb-text-font-family:var(--awb-typography5-font-family);--awb-text-font-weight:var(--awb-typography5-font-weight);--awb-text-font-style:var(--awb-typography5-font-style);\"><p>22 mai 2025<\/p>\n<\/div><\/div><\/div><div class=\"fusion-layout-column fusion_builder_column_inner fusion-builder-nested-column-1 fusion_builder_column_inner_1_2 1_2 fusion-flex-column fusion-flex-align-self-center\" style=\"--awb-bg-size:cover;--awb-width-large:50%;--awb-margin-top-large:0px;--awb-spacing-right-large:30px;--awb-margin-bottom-large:0px;--awb-spacing-left-large:30px;--awb-width-medium:50%;--awb-order-medium:0;--awb-spacing-right-medium:30px;--awb-spacing-left-medium:30px;--awb-width-small:100%;--awb-order-small:0;--awb-margin-top-small:0px;--awb-spacing-right-small:30px;--awb-spacing-left-small:30px;\"><div class=\"fusion-column-wrapper fusion-column-has-shadow fusion-flex-justify-content-center fusion-content-layout-column\"><div class=\"fusion-sharing-box fusion-sharing-box-1 boxed-icons\" style=\"background-color:var(--awb-color1);border-color:var(--awb-color1);--awb-margin-top:0px;--awb-margin-right:0px;--awb-margin-bottom:0px;--awb-margin-left:0px;--awb-wrapper-padding-top:0px;--awb-wrapper-padding-right:0px;--awb-wrapper-padding-bottom:0px;--awb-wrapper-padding-left:0px;--awb-padding-top:0px;--awb-padding-right:0px;--awb-padding-bottom:0px;--awb-padding-left:0px;--awb-border-top:0px;--awb-border-right:0px;--awb-border-bottom:0px;--awb-border-left:0px;--awb-icon-size:12px;--awb-separator-border-color:#cccccc;--awb-separator-border-sizes:0px;--awb-stacked-align:flex-end;--awb-layout:row;--awb-alignment-small:flex-end;--awb-stacked-align-small:center;\" data-title=\"Les B\u00e9n\u00e9dictins rejoignent le pape L\u00e9on XIV \u00e0 Saint-Paul-hors-les-Murs\" data-description=\"Votre contenu va ici       \r\n\r\nLe mardi 20 mai, le nouveau Saint-P\u00e8re, le pape L\u00e9on XIV, a officiellement pris possession de la Basilique papale de Saint-Paul-hors-les-Murs \u00e0 Rome. Parmi les pr\u00e9sents se trouvaient environ 30 moines du Collegio de Sant&#039;Anselmo, conduits par l&#039;Abb\u00e9\" data-link=\"https:\/\/osb.org\/fr\/2025\/05\/22\/les-benedictins-rejoignent-le-pape-leon-xiv-a-saint-paul-hors-les-murs\/\"><div class=\"fusion-social-networks sharingbox-shortcode-icon-wrapper sharingbox-shortcode-icon-wrapper-1 boxed-icons\"><span><a href=\"https:\/\/www.facebook.com\/sharer.php?u=https%3A%2F%2Fosb.org%2Ffr%2F2025%2F05%2F22%2Fles-benedictins-rejoignent-le-pape-leon-xiv-a-saint-paul-hors-les-murs%2F&amp;t=Les%20B%C3%A9n%C3%A9dictins%20rejoignent%20le%20pape%20L%C3%A9on%20XIV%20%C3%A0%20Saint-Paul-hors-les-Murs\" target=\"_blank\" rel=\"noreferrer\" title=\"Facebook\" aria-label=\"Facebook\"><i class=\"fusion-social-network-icon fusion-tooltip fusion-facebook awb-icon-facebook\" style=\"color:var(--awb-custom11);background-color:#e8e8e8;border-color:#e8e8e8;border-radius:50%;\" aria-hidden=\"true\"><\/i><\/a><\/span><span><a href=\"https:\/\/x.com\/intent\/post?text=Les%20B%C3%A9n%C3%A9dictins%20rejoignent%20le%20pape%20L%C3%A9on%20XIV%20%C3%A0%20Saint-Paul-hors-les-Murs&amp;url=https%3A%2F%2Fosb.org%2Ffr%2F2025%2F05%2F22%2Fles-benedictins-rejoignent-le-pape-leon-xiv-a-saint-paul-hors-les-murs%2F\" target=\"_blank\" rel=\"noopener noreferrer\" title=\"X\" aria-label=\"X\"><i class=\"fusion-social-network-icon fusion-tooltip fusion-twitter awb-icon-twitter\" style=\"color:var(--awb-custom11);background-color:#e8e8e8;border-color:#e8e8e8;border-radius:50%;\" aria-hidden=\"true\"><\/i><\/a><\/span><span><a href=\"https:\/\/api.whatsapp.com\/send?text=https%3A%2F%2Fosb.org%2Ffr%2F2025%2F05%2F22%2Fles-benedictins-rejoignent-le-pape-leon-xiv-a-saint-paul-hors-les-murs%2F\" target=\"_blank\" rel=\"noopener noreferrer\" title=\"WhatsApp\" aria-label=\"WhatsApp\"><i class=\"fusion-social-network-icon fusion-tooltip fusion-whatsapp awb-icon-whatsapp\" style=\"color:var(--awb-custom11);background-color:#e8e8e8;border-color:#e8e8e8;border-radius:50%;\" aria-hidden=\"true\"><\/i><\/a><\/span><span><a href=\"mailto:?subject=Les%20B%C3%A9n%C3%A9dictins%20rejoignent%20le%20pape%20L%C3%A9on%20XIV%20%C3%A0%20Saint-Paul-hors-les-Murs&amp;body=https%3A%2F%2Fosb.org%2Ffr%2F2025%2F05%2F22%2Fles-benedictins-rejoignent-le-pape-leon-xiv-a-saint-paul-hors-les-murs%2F\" target=\"_self\" title=\"Email\" aria-label=\"Email\"><i class=\"fusion-social-network-icon fusion-tooltip fusion-mail awb-icon-mail\" style=\"color:var(--awb-custom11);background-color:#e8e8e8;border-color:#e8e8e8;border-radius:50%;\" aria-hidden=\"true\"><\/i><\/a><\/span><\/div><\/div><\/div><\/div><\/div><div class=\"fusion-text fusion-text-4\"><p>Le mardi 20 mai, le nouveau Saint-P\u00e8re, le pape L\u00e9on XIV, a officiellement pris possession de la Basilique papale de Saint-Paul-hors-les-Murs \u00e0 Rome. Parmi les pr\u00e9sents se trouvaient environ 30 moines du Collegio de Sant&rsquo;Anselmo, conduits par l&rsquo;Abb\u00e9 Primat Jeremias Schr\u00f6der. Leur pr\u00e9sence \u2014 \u00e0 la fois liturgique et symbolique \u2014 t\u00e9moignait discr\u00e8tement du r\u00f4le permanent des B\u00e9n\u00e9dictins dans la vie du centre de l&rsquo;\u00c9glise.  <\/p>\n<p>L&rsquo;\u00e9v\u00e9nement comprenait une contribution sp\u00e9ciale de six membres de la schola de Sant&rsquo;Anselmo, qui ont rejoint le ch\u0153ur r\u00e9sident de la Basilique sur invitation de son ma\u00eetre de chapelle. L&rsquo;inclusion du chant monastique a soulign\u00e9 la profondeur et la continuit\u00e9 de la tradition liturgique b\u00e9n\u00e9dictine dans la papaut\u00e9 moderne. <\/p>\n<p>\u00c0 son arriv\u00e9e \u00e0 la Basilique, le pape L\u00e9on XIV a \u00e9t\u00e9 re\u00e7u par l&rsquo;<a href=\"https:\/\/osb.org\/2025\/05\/05\/reflecting-on-the-churchs-path-abbot-donato-ogliari-addresses-cardinals\/\">Abb\u00e9 Donato Ogliari<\/a> et l&rsquo;Archipr\u00eatre de la Basilique, le <a href=\"https:\/\/en.wikipedia.org\/wiki\/James_Michael_Harvey\" target=\"_blank\" rel=\"noopener\">Cardinal James Michael Harvey<\/a>. L&rsquo;Abb\u00e9 Primat Jeremias a \u00e9galement pu le saluer personnellement, aux c\u00f4t\u00e9s des membres de la communaut\u00e9 de Saint-Paul. Accompagn\u00e9 des moines b\u00e9n\u00e9dictins, le Pape est entr\u00e9 par la Porte Sainte et a proc\u00e9d\u00e9 en procession solennelle vers l&rsquo;abside. L\u00e0, il est descendu \u00e0 la Confession et a rendu hommage au tombeau de Saint Paul Ap\u00f4tre. Ce fut un moment riche en signification, qui reliait la charge p\u00e9trinienne \u00e0 l&rsquo;h\u00e9ritage de l&rsquo;Ap\u00f4tre des Gentils.    <\/p>\n<p>Apr\u00e8s cet acte de d\u00e9votion, le pape L\u00e9on XIV s&rsquo;est adress\u00e9 \u00e0 l&rsquo;assembl\u00e9e et a introduit une lecture de la Lettre aux Romains. Dans son hom\u00e9lie, le Saint-P\u00e8re a m\u00e9dit\u00e9 sur l&rsquo;universalit\u00e9 du message chr\u00e9tien, tir\u00e9 de Romains 10:9-15. Il a rappel\u00e9 aux personnes rassembl\u00e9es que la croyance et la proclamation vont de pair : \u00ab Croire dans son c\u0153ur et confesser de ses l\u00e8vres. Ces deux aspects \u2014 int\u00e9rieur et ext\u00e9rieur \u2014 sont essentiels pour que la foi soit v\u00e9cue et partag\u00e9e. \u00bb Il a soulign\u00e9 que l&rsquo;\u00c9vangile ne doit jamais rester confin\u00e9 \u00e0 la croyance personnelle mais doit toujours s&rsquo;\u00e9tendre vers l&rsquo;ext\u00e9rieur par le t\u00e9moignage et la charit\u00e9. Le Pape a conclu en affirmant que \u00ab nous ne pouvons nous r\u00e9signer \u00e0 un monde sans esp\u00e9rance, sans Christ \u00bb, exhortant tous les pr\u00e9sents \u00e0 \u00eatre \u00ab des signes cr\u00e9dibles de la joie et de la paix du Ressuscit\u00e9. \u00bb    <\/p>\n<p>Apr\u00e8s un bref silence, le pape L\u00e9on XIV s&rsquo;est \u00e0 nouveau approch\u00e9 de l&rsquo;autel pour v\u00e9n\u00e9rer le Trophaeum de l&rsquo;Ap\u00f4tre, un monument traditionnellement consid\u00e9r\u00e9 comme marquant le lieu de s\u00e9pulture de Saint Paul.<\/p>\n<p>L&rsquo;expression \u00ab prendre possession \u00bb d&rsquo;une basilique fait r\u00e9f\u00e9rence \u00e0 une coutume ancienne signifiant l&rsquo;assomption par le nouveau pape de la responsabilit\u00e9 spirituelle et c\u00e9r\u00e9monielle sur les quatre basiliques papales majeures de Rome : Saint-Pierre, Saint-Jean-de-Latran, Sainte-Marie-Majeure et Saint-Paul-hors-les-Murs. Ces basiliques ont historiquement ancr\u00e9 la vie liturgique et administrative de l&rsquo;\u00c9glise romaine. Le rite de mardi \u00e0 Saint-Paul-hors-les-Murs, la deuxi\u00e8me plus grande apr\u00e8s Saint-Pierre, marque une nouvelle \u00e9tape dans l&rsquo;assomption formelle des devoirs de la papaut\u00e9 par le pape L\u00e9on XIV. Son deuxi\u00e8me Regina Caeli sera c\u00e9l\u00e9br\u00e9 le dimanche 25 mai, le m\u00eame jour o\u00f9 il prendra possession des Basiliques de Saint-Jean-de-Latran et de Sainte-Marie-Majeure.   <\/p>\n<p>Pour les moines de Sant&rsquo;Anselmo, leur participation \u00e0 cette occasion historique sert de rappel discret mais ferme de leur place au c\u0153ur de la vie de l&rsquo;\u00c9glise \u2014 enracin\u00e9e dans la tradition, le service et l&rsquo;apprentissage. C&rsquo;est \u00e9galement une invitation visible \u00e0 tous les sup\u00e9rieurs b\u00e9n\u00e9dictins : consid\u00e9rer l&rsquo;Ateneo Sant&rsquo;Anselmo et son Collegio non seulement comme des institutions d&rsquo;\u00e9tude et de formation, mais comme des participants actifs aux rythmes de l&rsquo;\u00c9glise universelle.<\/p>\n<\/div><div ><a class=\"fusion-button button-flat fusion-button-default-size button-custom fusion-button-default button-1 fusion-button-span-yes fusion-button-default-type\" style=\"--awb-margin-top:10px;--button_accent_color:#ffffff;--button_accent_hover_color:#ffffff;--button_border_hover_color:#ffffff;--button_gradient_top_color:#1f7aa7;--button_gradient_bottom_color:#1f7aa7;--button_gradient_top_color_hover:#72cee0;--button_gradient_bottom_color_hover:#72cee0;\" target=\"_self\" href=\"https:\/\/press.vatican.va\/content\/salastampa\/en\/bollettino\/pubblico\/2025\/05\/20\/250520d.html\"><span class=\"fusion-button-text awb-button__text awb-button__text--default\">HOM\u00c9LIE SUR LE SITE WEB DU VATICAN |FR|<\/span><\/a><\/div><div ><a class=\"fusion-button button-flat fusion-button-default-size button-custom fusion-button-default button-2 fusion-button-span-yes fusion-button-default-type\" style=\"--awb-margin-top:10px;--button_accent_color:#ffffff;--button_accent_hover_color:#ffffff;--button_border_hover_color:#ffffff;--button_gradient_top_color:#1f7aa7;--button_gradient_bottom_color:#1f7aa7;--button_gradient_top_color_hover:#72cee0;--button_gradient_bottom_color_hover:#72cee0;\" target=\"_self\" href=\"https:\/\/press.vatican.va\/content\/salastampa\/it\/bollettino\/pubblico\/2025\/05\/20\/0332\/00567.html\"><span class=\"fusion-button-text awb-button__text awb-button__text--default\">HOM\u00c9LIE SUR LE SITE WEB DU VATICAN |7 LANGUES|<\/span><\/a><\/div><div ><a class=\"fusion-button button-flat fusion-button-default-size button-custom fusion-button-default button-3 fusion-button-span-yes fusion-button-default-type\" style=\"--awb-margin-top:10px;--button_accent_color:#ffffff;--button_accent_hover_color:#ffffff;--button_border_hover_color:#ffffff;--button_gradient_top_color:#1f7aa7;--button_gradient_bottom_color:#1f7aa7;--button_gradient_top_color_hover:#72cee0;--button_gradient_bottom_color_hover:#72cee0;\" target=\"_self\" href=\"https:\/\/www.youtube.com\/live\/zmyZZz1QXbY?si=5ld9qCB0Tgr1n6MU\"><span class=\"fusion-button-text awb-button__text awb-button__text--default\">VID\u00c9O d&rsquo;EWTN<\/span><\/a><\/div><div ><a class=\"fusion-button button-flat fusion-button-default-size button-custom fusion-button-default button-4 fusion-button-span-yes fusion-button-default-type\" style=\"--awb-margin-top:10px;--button_accent_color:#ffffff;--button_accent_hover_color:#ffffff;--button_border_hover_color:#ffffff;--button_gradient_top_color:#1f7aa7;--button_gradient_bottom_color:#1f7aa7;--button_gradient_top_color_hover:#72cee0;--button_gradient_bottom_color_hover:#72cee0;\" target=\"_self\" href=\"https:\/\/basilicasanpaolo.org\/en\/\"><span class=\"fusion-button-text awb-button__text awb-button__text--default\">Site web de la Basilique Saint-Paul |FR|<\/span><\/a><\/div><\/div><\/div><\/div><\/div><\/p>\n","protected":false},"excerpt":{"rendered":"<p>Le pape L\u00e9on XIV a pris possession de la Basilique Saint-Paul-hors-les-Murs lors d&rsquo;une c\u00e9r\u00e9monie qui incluait des membres du Collegio et de la Schola de Sant&rsquo;Anselmo. Son hom\u00e9lie a port\u00e9 sur l&rsquo;universalit\u00e9 du salut et l&rsquo;urgence de proclamer l&rsquo;\u00c9vangile. <\/p>\n","protected":false},"author":1,"featured_media":14213,"comment_status":"closed","ping_status":"closed","sticky":false,"template":"","format":"standard","meta":{"footnotes":""},"categories":[183,187],"tags":[371,201],"class_list":["post-14212","post","type-post","status-publish","format-standard","has-post-thumbnail","hentry","category-nexus-fr","category-nouvelles-fr","tag-nexus-rapport-sur-le-monde-benedictin","tag-nexus-juin-2025-fr"],"cc_featured_image_caption":{"caption_text":false,"source_text":false,"source_url":false},"_links":{"self":[{"href":"https:\/\/osb.org\/fr\/wp-json\/wp\/v2\/posts\/14212","targetHints":{"allow":["GET"]}}],"collection":[{"href":"https:\/\/osb.org\/fr\/wp-json\/wp\/v2\/posts"}],"about":[{"href":"https:\/\/osb.org\/fr\/wp-json\/wp\/v2\/types\/post"}],"author":[{"embeddable":true,"href":"https:\/\/osb.org\/fr\/wp-json\/wp\/v2\/users\/1"}],"replies":[{"embeddable":true,"href":"https:\/\/osb.org\/fr\/wp-json\/wp\/v2\/comments?post=14212"}],"version-history":[{"count":0,"href":"https:\/\/osb.org\/fr\/wp-json\/wp\/v2\/posts\/14212\/revisions"}],"wp:featuredmedia":[{"embeddable":true,"href":"https:\/\/osb.org\/fr\/wp-json\/wp\/v2\/media\/14213"}],"wp:attachment":[{"href":"https:\/\/osb.org\/fr\/wp-json\/wp\/v2\/media?parent=14212"}],"wp:term":[{"taxonomy":"category","embeddable":true,"href":"https:\/\/osb.org\/fr\/wp-json\/wp\/v2\/categories?post=14212"},{"taxonomy":"post_tag","embeddable":true,"href":"https:\/\/osb.org\/fr\/wp-json\/wp\/v2\/tags?post=14212"}],"curies":[{"name":"wp","href":"https:\/\/api.w.org\/{rel}","templated":true}]}}