{"id":14013,"date":"2025-03-24T17:09:37","date_gmt":"2025-03-24T16:09:37","guid":{"rendered":"https:\/\/osb.org\/2025\/03\/24\/appel-a-la-recherche-participative-dom-gregory-de-wit-osb\/"},"modified":"2025-09-22T17:27:23","modified_gmt":"2025-09-22T15:27:23","slug":"appel-a-la-recherche-participative-dom-gregory-de-wit-osb","status":"publish","type":"post","link":"https:\/\/osb.org\/fr\/2025\/03\/24\/appel-a-la-recherche-participative-dom-gregory-de-wit-osb\/","title":{"rendered":"Appel \u00e0 la recherche participative : Dom Gregory de Wit OSB"},"content":{"rendered":"<p><div class=\"fusion-fullwidth fullwidth-box fusion-builder-row-1 fusion-flex-container has-pattern-background has-mask-background hundred-percent-fullwidth non-hundred-percent-height-scrolling\" style=\"--awb-border-radius-top-left:0px;--awb-border-radius-top-right:0px;--awb-border-radius-bottom-right:0px;--awb-border-radius-bottom-left:0px;--awb-padding-right:60px;--awb-padding-bottom:0px;--awb-padding-left:60px;--awb-padding-right-small:30px;--awb-padding-left-small:30px;--awb-flex-wrap:wrap;\" ><div class=\"fusion-builder-row fusion-row fusion-flex-align-items-center fusion-flex-justify-content-flex-end fusion-flex-content-wrap\" style=\"width:calc( 100% + 60px ) !important;max-width:calc( 100% + 60px ) !important;margin-left: calc(-60px \/ 2 );margin-right: calc(-60px \/ 2 );\"><div class=\"fusion-layout-column fusion_builder_column fusion-builder-column-0 fusion_builder_column_1_2 1_2 fusion-flex-column\" style=\"--awb-padding-right:70px;--awb-padding-left:70px;--awb-padding-right-medium:150px;--awb-padding-left-medium:150px;--awb-padding-right-small:0px;--awb-padding-left-small:0px;--awb-bg-size:cover;--awb-width-large:50%;--awb-margin-top-large:0px;--awb-spacing-right-large:30px;--awb-margin-bottom-large:20px;--awb-spacing-left-large:30px;--awb-width-medium:100%;--awb-order-medium:0;--awb-spacing-right-medium:30px;--awb-spacing-left-medium:30px;--awb-width-small:100%;--awb-order-small:0;--awb-spacing-right-small:30px;--awb-spacing-left-small:30px;\"><div class=\"fusion-column-wrapper fusion-column-has-shadow fusion-flex-justify-content-flex-start fusion-content-layout-column\"><div class=\"fusion-title title fusion-title-1 fusion-sep-none fusion-title-text fusion-title-size-one\" style=\"--awb-text-color:var(--awb-custom13);--awb-margin-top-small:0px;--awb-margin-right-small:0px;--awb-margin-bottom-small:20px;--awb-margin-left-small:0px;--awb-font-size:40px;\"><h1 class=\"fusion-title-heading title-heading-left fusion-responsive-typography-calculated\" style=\"font-family:var(--awb-typography1-font-family);font-weight:var(--awb-typography1-font-weight);font-style:var(--awb-typography1-font-style);margin:0;letter-spacing:var(--awb-typography1-letter-spacing);text-transform:var(--awb-typography1-text-transform);font-size:1em;--fontSize:40;line-height:var(--awb-typography1-line-height);\">Appel \u00e0 la recherche participative : Dom Gregory de Wit OSB<\/h1><\/div><div class=\"fusion-text fusion-text-1\" style=\"--awb-font-size:var(--awb-typography4-font-size);--awb-line-height:var(--awb-typography4-line-height);--awb-letter-spacing:var(--awb-typography4-letter-spacing);--awb-text-transform:var(--awb-typography4-text-transform);--awb-text-color:var(--awb-custom12);--awb-text-font-family:var(--awb-typography4-font-family);--awb-text-font-weight:var(--awb-typography4-font-weight);--awb-text-font-style:var(--awb-typography4-font-style);\"><p>Dom Gregory de Wit, artiste b\u00e9n\u00e9dictin, a laiss\u00e9 un h\u00e9ritage profond mais souvent m\u00e9connu \u00e0 travers ses peintures murales monumentales et ses \u0153uvres religieuses en Europe et aux \u00c9tats-Unis. Une r\u00e9trospective pr\u00e9vue en 2025 en Allemagne vise \u00e0 documenter ses contributions, les organisateurs recherchant des informations suppl\u00e9mentaires sur ses \u0153uvres moins connues.<\/p>\n<\/div><\/div><\/div><div class=\"fusion-layout-column fusion_builder_column fusion-builder-column-1 fusion_builder_column_1_2 1_2 fusion-flex-column\" style=\"--awb-bg-size:cover;--awb-width-large:50%;--awb-margin-top-large:0px;--awb-spacing-right-large:30px;--awb-margin-bottom-large:0px;--awb-spacing-left-large:30px;--awb-width-medium:100%;--awb-order-medium:0;--awb-spacing-right-medium:30px;--awb-spacing-left-medium:30px;--awb-width-small:100%;--awb-order-small:0;--awb-spacing-right-small:30px;--awb-spacing-left-small:30px;\"><div class=\"fusion-column-wrapper fusion-column-has-shadow fusion-flex-justify-content-flex-start fusion-content-layout-column\"><div class=\"fusion-image-element \" style=\"--awb-caption-title-font-family:var(--h2_typography-font-family);--awb-caption-title-font-weight:var(--h2_typography-font-weight);--awb-caption-title-font-style:var(--h2_typography-font-style);--awb-caption-title-size:var(--h2_typography-font-size);--awb-caption-title-transform:var(--h2_typography-text-transform);--awb-caption-title-line-height:var(--h2_typography-line-height);--awb-caption-title-letter-spacing:var(--h2_typography-letter-spacing);\"><span class=\" fusion-imageframe imageframe-none imageframe-1 hover-type-none\" style=\"border:1px solid var(--awb-custom10);\"><a href=\"https:\/\/osb.org\/wp-content\/uploads\/2025\/03\/hero_deWit_SMAa-X-enthroned-1.jpg\" class=\"fusion-lightbox\" data-rel=\"iLightbox[95c62a0d2ea4763897b]\" data-title=\"hero_deWit_SMAa x enthroned-1\" title=\"hero_deWit_SMAa x enthroned-1\"><img decoding=\"async\" width=\"1920\" height=\"1080\" src=\"https:\/\/osb.org\/wp-content\/uploads\/2025\/03\/hero_deWit_SMAa-X-enthroned-1.jpg\" data-orig-src=\"https:\/\/osb.org\/wp-content\/uploads\/2025\/03\/hero_deWit_SMAa-X-enthroned-1.jpg\" alt class=\"lazyload img-responsive wp-image-14014\" srcset=\"data:image\/svg+xml,%3Csvg%20xmlns%3D%27http%3A%2F%2Fwww.w3.org%2F2000%2Fsvg%27%20width%3D%271920%27%20height%3D%271080%27%20viewBox%3D%270%200%201920%201080%27%3E%3Crect%20width%3D%271920%27%20height%3D%271080%27%20fill-opacity%3D%220%22%2F%3E%3C%2Fsvg%3E\" data-srcset=\"https:\/\/osb.org\/wp-content\/uploads\/2025\/03\/hero_deWit_SMAa-X-enthroned-1-200x113.jpg 200w, https:\/\/osb.org\/wp-content\/uploads\/2025\/03\/hero_deWit_SMAa-X-enthroned-1-400x225.jpg 400w, https:\/\/osb.org\/wp-content\/uploads\/2025\/03\/hero_deWit_SMAa-X-enthroned-1-600x338.jpg 600w, https:\/\/osb.org\/wp-content\/uploads\/2025\/03\/hero_deWit_SMAa-X-enthroned-1-800x450.jpg 800w, https:\/\/osb.org\/wp-content\/uploads\/2025\/03\/hero_deWit_SMAa-X-enthroned-1-1200x675.jpg 1200w, https:\/\/osb.org\/wp-content\/uploads\/2025\/03\/hero_deWit_SMAa-X-enthroned-1.jpg 1920w\" data-sizes=\"auto\" data-orig-sizes=\"(max-width: 1024px) 100vw, (max-width: 640px) 100vw, 600px\" \/><\/a><\/span><\/div><div class=\"fusion-text fusion-text-2 fusion-text-no-margin\" style=\"--awb-font-size:var(--awb-typography5-font-size);--awb-line-height:var(--awb-typography5-line-height);--awb-letter-spacing:var(--awb-typography5-letter-spacing);--awb-text-transform:var(--awb-typography5-text-transform);--awb-text-color:var(--awb-custom11);--awb-margin-top:12px;--awb-margin-bottom:12px;--awb-text-font-family:var(--awb-typography5-font-family);--awb-text-font-weight:var(--awb-typography5-font-weight);--awb-text-font-style:var(--awb-typography5-font-style);\"><p>Votre contenu va ici<\/p>\n<\/div><\/div><\/div><div class=\"fusion-layout-column fusion_builder_column fusion-builder-column-2 fusion_builder_column_1_2 1_2 fusion-flex-column\" style=\"--awb-bg-size:cover;--awb-width-large:50%;--awb-margin-top-large:0px;--awb-spacing-right-large:30px;--awb-margin-bottom-large:0px;--awb-spacing-left-large:30px;--awb-width-medium:100%;--awb-order-medium:0;--awb-spacing-right-medium:30px;--awb-spacing-left-medium:30px;--awb-width-small:100%;--awb-order-small:0;--awb-spacing-right-small:30px;--awb-spacing-left-small:30px;\"><div class=\"fusion-column-wrapper fusion-column-has-shadow fusion-flex-justify-content-flex-start fusion-content-layout-column\"><div class=\"fusion-separator fusion-full-width-sep\" style=\"align-self: center;margin-left: auto;margin-right: auto;width:100%;\"><div class=\"fusion-separator-border sep-single sep-solid\" style=\"--awb-height:20px;--awb-amount:20px;--awb-sep-color:var(--awb-color4);border-color:var(--awb-color4);border-top-width:3px;\"><\/div><\/div><\/div><\/div><\/div><\/div><div class=\"fusion-fullwidth fullwidth-box fusion-builder-row-2 fusion-flex-container hundred-percent-fullwidth non-hundred-percent-height-scrolling\" style=\"--awb-border-radius-top-left:0px;--awb-border-radius-top-right:0px;--awb-border-radius-bottom-right:0px;--awb-border-radius-bottom-left:0px;--awb-padding-right:60px;--awb-padding-left:60px;--awb-padding-right-medium:60px;--awb-padding-left-medium:60px;--awb-padding-right-small:30px;--awb-padding-left-small:30px;--awb-margin-top-small:0px;--awb-flex-wrap:wrap;\" ><div class=\"fusion-builder-row fusion-row fusion-flex-align-items-flex-start fusion-flex-justify-content-center fusion-flex-content-wrap\" style=\"width:calc( 100% + 60px ) !important;max-width:calc( 100% + 60px ) !important;margin-left: calc(-60px \/ 2 );margin-right: calc(-60px \/ 2 );\"><div class=\"fusion-layout-column fusion_builder_column fusion-builder-column-3 fusion_builder_column_1_2 1_2 fusion-flex-column\" style=\"--awb-padding-left:;--awb-bg-color:var(--awb-color2);--awb-bg-color-hover:var(--awb-color2);--awb-bg-size:cover;--awb-border-color:var(--awb-color5);--awb-border-top:1px;--awb-border-right:1px;--awb-border-bottom:1px;--awb-border-left:1px;--awb-border-style:solid;--awb-width-large:50%;--awb-margin-top-large:0px;--awb-spacing-right-large:30px;--awb-margin-bottom-large:20px;--awb-spacing-left-large:30px;--awb-width-medium:100%;--awb-order-medium:1;--awb-spacing-right-medium:30px;--awb-spacing-left-medium:30px;--awb-width-small:100%;--awb-order-small:1;--awb-spacing-right-small:30px;--awb-spacing-left-small:30px;\"><div class=\"fusion-column-wrapper fusion-column-has-shadow fusion-flex-justify-content-flex-start fusion-content-layout-column\"><div class=\"awb-gallery-wrapper awb-gallery-wrapper-1 button-span-no\" style=\"--more-btn-alignment:center;margin-top:10px;margin-right:10px;margin-bottom:10px;margin-left:10px;\"><div style=\"margin:-15px;--awb-bordersize:0px;--awb-bordercolor:var(--awb-color6);--awb-caption-title-size:var(--awb-typography5-font-size);--awb-caption-title-transform:var(--awb-typography5-text-transform);--awb-caption-title-line-height:var(--awb-typography5-line-height);--awb-caption-title-letter-spacing:var(--awb-typography5-letter-spacing);--awb-caption-text-size:var(--awb-typography5-font-size);--awb-caption-text-transform:var(--awb-typography5-text-transform);--awb-caption-text-line-height:var(--awb-typography5-line-height);--awb-caption-text-letter-spacing:var(--awb-typography5-letter-spacing);--awb-caption-margin-top:10px;--awb-caption-title-font-family:&quot;open-sans&quot;;--awb-caption-title-font-style:normal;--awb-caption-title-font-weight:600;--awb-caption-text-font-family:var(--awb-typography5-font-family);--awb-caption-text-font-weight:var(--awb-typography5-font-weight);--awb-caption-text-font-style:var(--awb-typography5-font-style);\" class=\"fusion-gallery fusion-gallery-container fusion-grid-2 fusion-columns-total-12 fusion-gallery-layout-grid fusion-gallery-1\"><div style=\"padding:15px;\" class=\"fusion-grid-column fusion-gallery-column fusion-gallery-column-2 hover-type-none awb-imageframe-style awb-imageframe-style-below awb-imageframe-style-1\"><div class=\"fusion-gallery-image\"><a href=\"https:\/\/osb.org\/wp-content\/uploads\/2025\/03\/Adam.jpeg\" rel=\"noreferrer\" data-rel=\"iLightbox[gallery_image_1]\" class=\"fusion-lightbox\" target=\"_self\"><img decoding=\"async\" src=\"https:\/\/osb.org\/wp-content\/uploads\/2025\/03\/Adam.jpeg\" data-orig-src=\"https:\/\/osb.org\/wp-content\/uploads\/2025\/03\/Adam.jpeg\" width=\"1409\" height=\"1859\" alt=\"\" title=\"Sans titre (Adam)\" aria-label=\"Sans titre (Adam)\" class=\"lazyload img-responsive wp-image-14015\" srcset=\"data:image\/svg+xml,%3Csvg%20xmlns%3D%27http%3A%2F%2Fwww.w3.org%2F2000%2Fsvg%27%20width%3D%271409%27%20height%3D%271859%27%20viewBox%3D%270%200%201409%201859%27%3E%3Crect%20width%3D%271409%27%20height%3D%271859%27%20fill-opacity%3D%220%22%2F%3E%3C%2Fsvg%3E\" data-srcset=\"https:\/\/osb.org\/wp-content\/uploads\/2025\/03\/Adam-200x264.jpeg 200w, https:\/\/osb.org\/wp-content\/uploads\/2025\/03\/Adam-400x528.jpeg 400w, https:\/\/osb.org\/wp-content\/uploads\/2025\/03\/Adam-600x792.jpeg 600w, https:\/\/osb.org\/wp-content\/uploads\/2025\/03\/Adam-800x1056.jpeg 800w, https:\/\/osb.org\/wp-content\/uploads\/2025\/03\/Adam-1200x1583.jpeg 1200w, https:\/\/osb.org\/wp-content\/uploads\/2025\/03\/Adam.jpeg 1409w\" data-sizes=\"auto\" data-orig-sizes=\"(min-width: 2200px) 100vw, (min-width: 712px) 543px, (min-width: 640px) 712px, \" \/><\/a><\/div><div class=\"awb-imageframe-caption-container\"><div class=\"awb-imageframe-caption\"><h2 class=\"awb-imageframe-caption-title\">Sans titre (Adam)<\/h2><p class=\"awb-imageframe-caption-text\">Abbaye du Mont-C\u00e9sar (Abbaye de Keizersberg), Louvain, Belgique<\/p><\/div><\/div><\/div><div style=\"padding:15px;\" class=\"fusion-grid-column fusion-gallery-column fusion-gallery-column-2 hover-type-none awb-imageframe-style awb-imageframe-style-below awb-imageframe-style-1\"><div class=\"fusion-gallery-image\"><a href=\"https:\/\/osb.org\/wp-content\/uploads\/2025\/03\/Chicago.jpg\" rel=\"noreferrer\" data-rel=\"iLightbox[gallery_image_1]\" class=\"fusion-lightbox\" target=\"_self\"><img decoding=\"async\" src=\"https:\/\/osb.org\/wp-content\/uploads\/2025\/03\/Chicago.jpg\" data-orig-src=\"https:\/\/osb.org\/wp-content\/uploads\/2025\/03\/Chicago.jpg\" width=\"1093\" height=\"1798\" alt=\"\" title=\"Madone \u00e0 l&rsquo;Enfant de Chicago la nuit\" aria-label=\"Madone \u00e0 l&rsquo;Enfant de Chicago la nuit\" class=\"lazyload img-responsive wp-image-14016\" srcset=\"data:image\/svg+xml,%3Csvg%20xmlns%3D%27http%3A%2F%2Fwww.w3.org%2F2000%2Fsvg%27%20width%3D%271093%27%20height%3D%271798%27%20viewBox%3D%270%200%201093%201798%27%3E%3Crect%20width%3D%271093%27%20height%3D%271798%27%20fill-opacity%3D%220%22%2F%3E%3C%2Fsvg%3E\" data-srcset=\"https:\/\/osb.org\/wp-content\/uploads\/2025\/03\/Chicago-200x329.jpg 200w, https:\/\/osb.org\/wp-content\/uploads\/2025\/03\/Chicago-400x658.jpg 400w, https:\/\/osb.org\/wp-content\/uploads\/2025\/03\/Chicago-600x987.jpg 600w, https:\/\/osb.org\/wp-content\/uploads\/2025\/03\/Chicago-800x1316.jpg 800w, https:\/\/osb.org\/wp-content\/uploads\/2025\/03\/Chicago.jpg 1093w\" data-sizes=\"auto\" data-orig-sizes=\"(min-width: 2200px) 100vw, (min-width: 712px) 543px, (min-width: 640px) 712px, \" \/><\/a><\/div><div class=\"awb-imageframe-caption-container\"><div class=\"awb-imageframe-caption\"><h2 class=\"awb-imageframe-caption-title\">Madone \u00e0 l&rsquo;Enfant de Chicago la nuit<\/h2><p class=\"awb-imageframe-caption-text\">Collection priv\u00e9e, \u00c9tats-Unis<\/p><\/div><\/div><\/div><div class=\"clearfix\"><\/div><div style=\"padding:15px;\" class=\"fusion-grid-column fusion-gallery-column fusion-gallery-column-2 hover-type-none awb-imageframe-style awb-imageframe-style-below awb-imageframe-style-1\"><div class=\"fusion-gallery-image\"><a href=\"https:\/\/osb.org\/wp-content\/uploads\/2025\/03\/Long-Pieta.jpg\" rel=\"noreferrer\" data-rel=\"iLightbox[gallery_image_1]\" class=\"fusion-lightbox\" target=\"_self\"><img decoding=\"async\" src=\"https:\/\/osb.org\/wp-content\/uploads\/2025\/03\/Long-Pieta.jpg\" data-orig-src=\"https:\/\/osb.org\/wp-content\/uploads\/2025\/03\/Long-Pieta.jpg\" width=\"735\" height=\"544\" alt=\"\" title=\"Piet\u00e0 (ex-voto)\" aria-label=\"Piet\u00e0 (ex-voto)\" class=\"lazyload img-responsive wp-image-14017\" srcset=\"data:image\/svg+xml,%3Csvg%20xmlns%3D%27http%3A%2F%2Fwww.w3.org%2F2000%2Fsvg%27%20width%3D%27735%27%20height%3D%27544%27%20viewBox%3D%270%200%20735%20544%27%3E%3Crect%20width%3D%27735%27%20height%3D%27544%27%20fill-opacity%3D%220%22%2F%3E%3C%2Fsvg%3E\" data-srcset=\"https:\/\/osb.org\/wp-content\/uploads\/2025\/03\/Long-Pieta-200x148.jpg 200w, https:\/\/osb.org\/wp-content\/uploads\/2025\/03\/Long-Pieta-400x296.jpg 400w, https:\/\/osb.org\/wp-content\/uploads\/2025\/03\/Long-Pieta-600x444.jpg 600w, https:\/\/osb.org\/wp-content\/uploads\/2025\/03\/Long-Pieta.jpg 735w\" data-sizes=\"auto\" data-orig-sizes=\"(min-width: 2200px) 100vw, (min-width: 712px) 543px, (min-width: 640px) 712px, \" \/><\/a><\/div><div class=\"awb-imageframe-caption-container\"><div class=\"awb-imageframe-caption\"><h2 class=\"awb-imageframe-caption-title\">Piet\u00e0 (ex-voto)<\/h2><p class=\"awb-imageframe-caption-text\">Ermitage de Notre-Dame de Longeborgne, Sion, Suisse<\/p><\/div><\/div><\/div><div style=\"padding:15px;\" class=\"fusion-grid-column fusion-gallery-column fusion-gallery-column-2 hover-type-none awb-imageframe-style awb-imageframe-style-below awb-imageframe-style-1\"><div class=\"fusion-gallery-image\"><a href=\"https:\/\/osb.org\/wp-content\/uploads\/2025\/03\/Mauritius-Lafy-Carmel.jpg\" rel=\"noreferrer\" data-rel=\"iLightbox[gallery_image_1]\" class=\"fusion-lightbox\" target=\"_self\"><img decoding=\"async\" src=\"https:\/\/osb.org\/wp-content\/uploads\/2025\/03\/Mauritius-Lafy-Carmel.jpg\" data-orig-src=\"https:\/\/osb.org\/wp-content\/uploads\/2025\/03\/Mauritius-Lafy-Carmel.jpg\" width=\"592\" height=\"924\" alt=\"\" title=\"Saint Maurice\" aria-label=\"Saint Maurice\" class=\"lazyload img-responsive wp-image-14018\" srcset=\"data:image\/svg+xml,%3Csvg%20xmlns%3D%27http%3A%2F%2Fwww.w3.org%2F2000%2Fsvg%27%20width%3D%27592%27%20height%3D%27924%27%20viewBox%3D%270%200%20592%20924%27%3E%3Crect%20width%3D%27592%27%20height%3D%27924%27%20fill-opacity%3D%220%22%2F%3E%3C%2Fsvg%3E\" data-srcset=\"https:\/\/osb.org\/wp-content\/uploads\/2025\/03\/Mauritius-Lafy-Carmel-200x312.jpg 200w, https:\/\/osb.org\/wp-content\/uploads\/2025\/03\/Mauritius-Lafy-Carmel-400x624.jpg 400w, https:\/\/osb.org\/wp-content\/uploads\/2025\/03\/Mauritius-Lafy-Carmel.jpg 592w\" data-sizes=\"auto\" data-orig-sizes=\"(min-width: 2200px) 100vw, (min-width: 712px) 543px, (min-width: 640px) 712px, \" \/><\/a><\/div><div class=\"awb-imageframe-caption-container\"><div class=\"awb-imageframe-caption\"><h2 class=\"awb-imageframe-caption-title\">Saint Maurice<\/h2><p class=\"awb-imageframe-caption-text\">Collection priv\u00e9e, \u00c9tats-Unis<\/p><\/div><\/div><\/div><div class=\"clearfix\"><\/div><div style=\"padding:15px;\" class=\"fusion-grid-column fusion-gallery-column fusion-gallery-column-2 hover-type-none awb-imageframe-style awb-imageframe-style-below awb-imageframe-style-1\"><div class=\"fusion-gallery-image\"><a href=\"https:\/\/osb.org\/wp-content\/uploads\/2025\/03\/Metten-Ben-and-Schol.jpg\" rel=\"noreferrer\" data-rel=\"iLightbox[gallery_image_1]\" class=\"fusion-lightbox\" target=\"_self\"><img decoding=\"async\" src=\"https:\/\/osb.org\/wp-content\/uploads\/2025\/03\/Metten-Ben-and-Schol.jpg\" data-orig-src=\"https:\/\/osb.org\/wp-content\/uploads\/2025\/03\/Metten-Ben-and-Schol.jpg\" width=\"736\" height=\"781\" alt=\"\" title=\"La sainte conversation de saint Beno\u00eet et sainte Scholastique\" aria-label=\"La sainte conversation de saint Beno\u00eet et sainte Scholastique\" class=\"lazyload img-responsive wp-image-14019\" srcset=\"data:image\/svg+xml,%3Csvg%20xmlns%3D%27http%3A%2F%2Fwww.w3.org%2F2000%2Fsvg%27%20width%3D%27736%27%20height%3D%27781%27%20viewBox%3D%270%200%20736%20781%27%3E%3Crect%20width%3D%27736%27%20height%3D%27781%27%20fill-opacity%3D%220%22%2F%3E%3C%2Fsvg%3E\" data-srcset=\"https:\/\/osb.org\/wp-content\/uploads\/2025\/03\/Metten-Ben-and-Schol-200x212.jpg 200w, https:\/\/osb.org\/wp-content\/uploads\/2025\/03\/Metten-Ben-and-Schol-400x424.jpg 400w, https:\/\/osb.org\/wp-content\/uploads\/2025\/03\/Metten-Ben-and-Schol-600x637.jpg 600w, https:\/\/osb.org\/wp-content\/uploads\/2025\/03\/Metten-Ben-and-Schol.jpg 736w\" data-sizes=\"auto\" data-orig-sizes=\"(min-width: 2200px) 100vw, (min-width: 712px) 543px, (min-width: 640px) 712px, \" \/><\/a><\/div><div class=\"awb-imageframe-caption-container\"><div class=\"awb-imageframe-caption\"><h2 class=\"awb-imageframe-caption-title\">La sainte conversation de saint Beno\u00eet et sainte Scholastique<\/h2><p class=\"awb-imageframe-caption-text\">Archabbaye Saint-Michel, Metten, Allemagne<\/p><\/div><\/div><\/div><div style=\"padding:15px;\" class=\"fusion-grid-column fusion-gallery-column fusion-gallery-column-2 hover-type-none awb-imageframe-style awb-imageframe-style-below awb-imageframe-style-1\"><div class=\"fusion-gallery-image\"><a href=\"https:\/\/osb.org\/wp-content\/uploads\/2025\/03\/Saint-Anselm-Eph-5.25.jpg\" rel=\"noreferrer\" data-rel=\"iLightbox[gallery_image_1]\" class=\"fusion-lightbox\" target=\"_self\"><img decoding=\"async\" src=\"https:\/\/osb.org\/wp-content\/uploads\/2025\/03\/Saint-Anselm-Eph-5.25.jpg\" data-orig-src=\"https:\/\/osb.org\/wp-content\/uploads\/2025\/03\/Saint-Anselm-Eph-5.25.jpg\" width=\"533\" height=\"716\" alt=\"\" title=\"Le Christ a aim\u00e9 l&rsquo;\u00c9glise et s&rsquo;est livr\u00e9 pour elle (\u00c9p 5:25)\" aria-label=\"Le Christ a aim\u00e9 l&rsquo;\u00c9glise et s&rsquo;est livr\u00e9 pour elle (\u00c9p 5:25)\" class=\"lazyload img-responsive wp-image-14020\" srcset=\"data:image\/svg+xml,%3Csvg%20xmlns%3D%27http%3A%2F%2Fwww.w3.org%2F2000%2Fsvg%27%20width%3D%27533%27%20height%3D%27716%27%20viewBox%3D%270%200%20533%20716%27%3E%3Crect%20width%3D%27533%27%20height%3D%27716%27%20fill-opacity%3D%220%22%2F%3E%3C%2Fsvg%3E\" data-srcset=\"https:\/\/osb.org\/wp-content\/uploads\/2025\/03\/Saint-Anselm-Eph-5.25-200x269.jpg 200w, https:\/\/osb.org\/wp-content\/uploads\/2025\/03\/Saint-Anselm-Eph-5.25-400x537.jpg 400w, https:\/\/osb.org\/wp-content\/uploads\/2025\/03\/Saint-Anselm-Eph-5.25.jpg 533w\" data-sizes=\"auto\" data-orig-sizes=\"(min-width: 2200px) 100vw, (min-width: 712px) 543px, (min-width: 640px) 712px, \" \/><\/a><\/div><div class=\"awb-imageframe-caption-container\"><div class=\"awb-imageframe-caption\"><h2 class=\"awb-imageframe-caption-title\">Le Christ a aim\u00e9 l&rsquo;\u00c9glise et s&rsquo;est livr\u00e9 pour elle (\u00c9p 5:25)<\/h2><p class=\"awb-imageframe-caption-text\">\u00c9glise Saint-Anselme, Madisonville, Louisiane, \u00c9tats-Unis<\/p><\/div><\/div><\/div><div class=\"clearfix\"><\/div><div style=\"padding:15px;\" class=\"fusion-grid-column fusion-gallery-column fusion-gallery-column-2 hover-type-none awb-imageframe-style awb-imageframe-style-below awb-imageframe-style-1\"><div class=\"fusion-gallery-image\"><a href=\"https:\/\/osb.org\/wp-content\/uploads\/2025\/03\/SO-Eternal-Spring.jpg\" rel=\"noreferrer\" data-rel=\"iLightbox[gallery_image_1]\" class=\"fusion-lightbox\" target=\"_self\"><img decoding=\"async\" src=\"https:\/\/osb.org\/wp-content\/uploads\/2025\/03\/SO-Eternal-Spring.jpg\" data-orig-src=\"https:\/\/osb.org\/wp-content\/uploads\/2025\/03\/SO-Eternal-Spring.jpg\" width=\"735\" height=\"558\" alt=\"\" title=\"Printemps \u00c9ternel (d\u00e9tail de Quasi modo geniti infantes)\" aria-label=\"Printemps \u00c9ternel (d\u00e9tail de Quasi modo geniti infantes)\" class=\"lazyload img-responsive wp-image-14021\" srcset=\"data:image\/svg+xml,%3Csvg%20xmlns%3D%27http%3A%2F%2Fwww.w3.org%2F2000%2Fsvg%27%20width%3D%27735%27%20height%3D%27558%27%20viewBox%3D%270%200%20735%20558%27%3E%3Crect%20width%3D%27735%27%20height%3D%27558%27%20fill-opacity%3D%220%22%2F%3E%3C%2Fsvg%3E\" data-srcset=\"https:\/\/osb.org\/wp-content\/uploads\/2025\/03\/SO-Eternal-Spring-200x152.jpg 200w, https:\/\/osb.org\/wp-content\/uploads\/2025\/03\/SO-Eternal-Spring-400x304.jpg 400w, https:\/\/osb.org\/wp-content\/uploads\/2025\/03\/SO-Eternal-Spring-600x456.jpg 600w, https:\/\/osb.org\/wp-content\/uploads\/2025\/03\/SO-Eternal-Spring.jpg 735w\" data-sizes=\"auto\" data-orig-sizes=\"(min-width: 2200px) 100vw, (min-width: 712px) 543px, (min-width: 640px) 712px, \" \/><\/a><\/div><div class=\"awb-imageframe-caption-container\"><div class=\"awb-imageframe-caption\"><h2 class=\"awb-imageframe-caption-title\">Printemps \u00c9ternel (d\u00e9tail de Quasi modo geniti infantes)<\/h2><p class=\"awb-imageframe-caption-text\">Archabbaye Saint-Ottilien, Allemagne<\/p><\/div><\/div><\/div><div style=\"padding:15px;\" class=\"fusion-grid-column fusion-gallery-column fusion-gallery-column-2 hover-type-none awb-imageframe-style awb-imageframe-style-below awb-imageframe-style-1\"><div class=\"fusion-gallery-image\"><a href=\"https:\/\/osb.org\/wp-content\/uploads\/2025\/03\/VIII-Hilversum.jpg\" rel=\"noreferrer\" data-rel=\"iLightbox[gallery_image_1]\" class=\"fusion-lightbox\" target=\"_self\"><img decoding=\"async\" src=\"https:\/\/osb.org\/wp-content\/uploads\/2025\/03\/VIII-Hilversum.jpg\" data-orig-src=\"https:\/\/osb.org\/wp-content\/uploads\/2025\/03\/VIII-Hilversum.jpg\" width=\"735\" height=\"740\" alt=\"\" title=\"J\u00e9sus rencontre les femmes de J\u00e9rusalem (station VIII)\" aria-label=\"J\u00e9sus rencontre les femmes de J\u00e9rusalem (station VIII)\" class=\"lazyload img-responsive wp-image-14022\" srcset=\"data:image\/svg+xml,%3Csvg%20xmlns%3D%27http%3A%2F%2Fwww.w3.org%2F2000%2Fsvg%27%20width%3D%27735%27%20height%3D%27740%27%20viewBox%3D%270%200%20735%20740%27%3E%3Crect%20width%3D%27735%27%20height%3D%27740%27%20fill-opacity%3D%220%22%2F%3E%3C%2Fsvg%3E\" data-srcset=\"https:\/\/osb.org\/wp-content\/uploads\/2025\/03\/VIII-Hilversum-200x201.jpg 200w, https:\/\/osb.org\/wp-content\/uploads\/2025\/03\/VIII-Hilversum-400x403.jpg 400w, https:\/\/osb.org\/wp-content\/uploads\/2025\/03\/VIII-Hilversum-600x604.jpg 600w, https:\/\/osb.org\/wp-content\/uploads\/2025\/03\/VIII-Hilversum.jpg 735w\" data-sizes=\"auto\" data-orig-sizes=\"(min-width: 2200px) 100vw, (min-width: 712px) 543px, (min-width: 640px) 712px, \" \/><\/a><\/div><div class=\"awb-imageframe-caption-container\"><div class=\"awb-imageframe-caption\"><h2 class=\"awb-imageframe-caption-title\">J\u00e9sus rencontre les femmes de J\u00e9rusalem (station VIII)<\/h2><p class=\"awb-imageframe-caption-text\">\u00c9glise Saint-Joseph, Hilversum, Pays-Bas | Par Rijksdienst voor het Cultureel Erfgoed, CC BY-SA 4.0, <a href=\"https:\/\/commons.wikimedia.org\/w\/index.php?curid=24012847\" target=\"_blank\">Lien<\/a><\/p><\/div><\/div><\/div><div class=\"clearfix\"><\/div><div style=\"padding:15px;\" class=\"fusion-grid-column fusion-gallery-column fusion-gallery-column-2 hover-type-none awb-imageframe-style awb-imageframe-style-below awb-imageframe-style-1\"><div class=\"fusion-gallery-image\"><a href=\"https:\/\/osb.org\/wp-content\/uploads\/2025\/03\/XI-Pontisse-NDBS-scaled.jpeg\" rel=\"noreferrer\" data-rel=\"iLightbox[gallery_image_1]\" class=\"fusion-lightbox\" target=\"_self\"><img decoding=\"async\" src=\"https:\/\/osb.org\/wp-content\/uploads\/2025\/03\/XI-Pontisse-NDBS-scaled.jpeg\" data-orig-src=\"https:\/\/osb.org\/wp-content\/uploads\/2025\/03\/XI-Pontisse-NDBS-scaled.jpeg\" width=\"2560\" height=\"2048\" alt=\"\" title=\"J\u00e9sus est clou\u00e9 sur la croix (station XI)\" aria-label=\"J\u00e9sus est clou\u00e9 sur la croix (station XI)\" class=\"lazyload img-responsive wp-image-14023\" srcset=\"data:image\/svg+xml,%3Csvg%20xmlns%3D%27http%3A%2F%2Fwww.w3.org%2F2000%2Fsvg%27%20width%3D%272560%27%20height%3D%272048%27%20viewBox%3D%270%200%202560%202048%27%3E%3Crect%20width%3D%272560%27%20height%3D%272048%27%20fill-opacity%3D%220%22%2F%3E%3C%2Fsvg%3E\" data-srcset=\"https:\/\/osb.org\/wp-content\/uploads\/2025\/03\/XI-Pontisse-NDBS-200x160.jpeg 200w, https:\/\/osb.org\/wp-content\/uploads\/2025\/03\/XI-Pontisse-NDBS-400x320.jpeg 400w, https:\/\/osb.org\/wp-content\/uploads\/2025\/03\/XI-Pontisse-NDBS-600x480.jpeg 600w, https:\/\/osb.org\/wp-content\/uploads\/2025\/03\/XI-Pontisse-NDBS-800x640.jpeg 800w, https:\/\/osb.org\/wp-content\/uploads\/2025\/03\/XI-Pontisse-NDBS-1200x960.jpeg 1200w, https:\/\/osb.org\/wp-content\/uploads\/2025\/03\/XI-Pontisse-NDBS-scaled.jpeg 2560w\" data-sizes=\"auto\" data-orig-sizes=\"(min-width: 2200px) 100vw, (min-width: 712px) 543px, (min-width: 640px) 712px, \" \/><\/a><\/div><div class=\"awb-imageframe-caption-container\"><div class=\"awb-imageframe-caption\"><h2 class=\"awb-imageframe-caption-title\">J\u00e9sus est clou\u00e9 sur la croix (station XI)<\/h2><p class=\"awb-imageframe-caption-text\">Notre-Dame de Bon-Secours, Pontisse, Belgique<\/p><\/div><\/div><\/div><div style=\"padding:15px;\" class=\"fusion-grid-column fusion-gallery-column fusion-gallery-column-2 hover-type-none awb-imageframe-style awb-imageframe-style-below awb-imageframe-style-1\"><div class=\"fusion-gallery-image\"><a href=\"https:\/\/osb.org\/wp-content\/uploads\/2025\/03\/XIV-SR-NOLA-scaled.jpg\" rel=\"noreferrer\" data-rel=\"iLightbox[gallery_image_1]\" class=\"fusion-lightbox\" target=\"_self\"><img decoding=\"async\" src=\"https:\/\/osb.org\/wp-content\/uploads\/2025\/03\/XIV-SR-NOLA-scaled.jpg\" data-orig-src=\"https:\/\/osb.org\/wp-content\/uploads\/2025\/03\/XIV-SR-NOLA-scaled.jpg\" width=\"2560\" height=\"1512\" alt=\"\" title=\"J\u00e9sus est mis au tombeau (station XIV)\" aria-label=\"J\u00e9sus est mis au tombeau (station XIV)\" class=\"lazyload img-responsive wp-image-14024\" srcset=\"data:image\/svg+xml,%3Csvg%20xmlns%3D%27http%3A%2F%2Fwww.w3.org%2F2000%2Fsvg%27%20width%3D%272560%27%20height%3D%271512%27%20viewBox%3D%270%200%202560%201512%27%3E%3Crect%20width%3D%272560%27%20height%3D%271512%27%20fill-opacity%3D%220%22%2F%3E%3C%2Fsvg%3E\" data-srcset=\"https:\/\/osb.org\/wp-content\/uploads\/2025\/03\/XIV-SR-NOLA-200x118.jpg 200w, https:\/\/osb.org\/wp-content\/uploads\/2025\/03\/XIV-SR-NOLA-400x236.jpg 400w, https:\/\/osb.org\/wp-content\/uploads\/2025\/03\/XIV-SR-NOLA-600x354.jpg 600w, https:\/\/osb.org\/wp-content\/uploads\/2025\/03\/XIV-SR-NOLA-800x473.jpg 800w, https:\/\/osb.org\/wp-content\/uploads\/2025\/03\/XIV-SR-NOLA-1200x709.jpg 1200w, https:\/\/osb.org\/wp-content\/uploads\/2025\/03\/XIV-SR-NOLA-scaled.jpg 2560w\" data-sizes=\"auto\" data-orig-sizes=\"(min-width: 2200px) 100vw, (min-width: 712px) 543px, (min-width: 640px) 712px, \" \/><\/a><\/div><div class=\"awb-imageframe-caption-container\"><div class=\"awb-imageframe-caption\"><h2 class=\"awb-imageframe-caption-title\">J\u00e9sus est mis au tombeau (station XIV)<\/h2><p class=\"awb-imageframe-caption-text\">\u00c9glise Saint-Rapha\u00ebl (maintenant renomm\u00e9e Saint-Martin-de-Porres), Nouvelle-Orl\u00e9ans, Louisiane, \u00c9tats-Unis : Archives paroissiales<\/p><\/div><\/div><\/div><div class=\"clearfix\"><\/div><div style=\"padding:15px;\" class=\"fusion-grid-column fusion-gallery-column fusion-gallery-column-2 hover-type-none awb-imageframe-style awb-imageframe-style-below awb-imageframe-style-1\"><div class=\"fusion-gallery-image\"><a href=\"https:\/\/osb.org\/wp-content\/uploads\/2025\/03\/XIV-Straubing.jpg\" rel=\"noreferrer\" data-rel=\"iLightbox[gallery_image_1]\" class=\"fusion-lightbox\" target=\"_self\"><img decoding=\"async\" src=\"https:\/\/osb.org\/wp-content\/uploads\/2025\/03\/XIV-Straubing.jpg\" data-orig-src=\"https:\/\/osb.org\/wp-content\/uploads\/2025\/03\/XIV-Straubing.jpg\" width=\"1572\" height=\"708\" alt=\"\" title=\"J\u00e9sus est mis au tombeau (station XIV)\" aria-label=\"J\u00e9sus est mis au tombeau (station XIV)\" class=\"lazyload img-responsive wp-image-14025\" srcset=\"data:image\/svg+xml,%3Csvg%20xmlns%3D%27http%3A%2F%2Fwww.w3.org%2F2000%2Fsvg%27%20width%3D%271572%27%20height%3D%27708%27%20viewBox%3D%270%200%201572%20708%27%3E%3Crect%20width%3D%271572%27%20height%3D%27708%27%20fill-opacity%3D%220%22%2F%3E%3C%2Fsvg%3E\" data-srcset=\"https:\/\/osb.org\/wp-content\/uploads\/2025\/03\/XIV-Straubing-200x90.jpg 200w, https:\/\/osb.org\/wp-content\/uploads\/2025\/03\/XIV-Straubing-400x180.jpg 400w, https:\/\/osb.org\/wp-content\/uploads\/2025\/03\/XIV-Straubing-600x270.jpg 600w, https:\/\/osb.org\/wp-content\/uploads\/2025\/03\/XIV-Straubing-800x360.jpg 800w, https:\/\/osb.org\/wp-content\/uploads\/2025\/03\/XIV-Straubing-1200x540.jpg 1200w, https:\/\/osb.org\/wp-content\/uploads\/2025\/03\/XIV-Straubing.jpg 1572w\" data-sizes=\"auto\" data-orig-sizes=\"(min-width: 2200px) 100vw, (min-width: 712px) 543px, (min-width: 640px) 712px, \" \/><\/a><\/div><div class=\"awb-imageframe-caption-container\"><div class=\"awb-imageframe-caption\"><h2 class=\"awb-imageframe-caption-title\">J\u00e9sus est mis au tombeau (station XIV)<\/h2><p class=\"awb-imageframe-caption-text\">Emplacement actuel inconnu. Emplacement d'origine : \u00c9glise Saint-Joseph, Straubing, Allemagne | Archives de l'Archabbaye Saint-Michel <\/p><\/div><\/div><\/div><div style=\"padding:15px;\" class=\"fusion-grid-column fusion-gallery-column fusion-gallery-column-2 hover-type-none awb-imageframe-style awb-imageframe-style-below awb-imageframe-style-1\"><div class=\"fusion-gallery-image\"><a href=\"https:\/\/osb.org\/wp-content\/uploads\/2025\/03\/GdW-Lawrence-ICON_lg.jpeg\" rel=\"noreferrer\" data-rel=\"iLightbox[gallery_image_1]\" class=\"fusion-lightbox\" target=\"_self\"><img decoding=\"async\" src=\"https:\/\/osb.org\/wp-content\/uploads\/2025\/03\/GdW-Lawrence-ICON_lg.jpeg\" data-orig-src=\"https:\/\/osb.org\/wp-content\/uploads\/2025\/03\/GdW-Lawrence-ICON_lg.jpeg\" width=\"989\" height=\"1280\" alt=\"\" title=\"Saint Laurent\" aria-label=\"Saint Laurent\" class=\"lazyload img-responsive wp-image-14026\" srcset=\"data:image\/svg+xml,%3Csvg%20xmlns%3D%27http%3A%2F%2Fwww.w3.org%2F2000%2Fsvg%27%20width%3D%27989%27%20height%3D%271280%27%20viewBox%3D%270%200%20989%201280%27%3E%3Crect%20width%3D%27989%27%20height%3D%271280%27%20fill-opacity%3D%220%22%2F%3E%3C%2Fsvg%3E\" data-srcset=\"https:\/\/osb.org\/wp-content\/uploads\/2025\/03\/GdW-Lawrence-ICON_lg-200x259.jpeg 200w, https:\/\/osb.org\/wp-content\/uploads\/2025\/03\/GdW-Lawrence-ICON_lg-400x518.jpeg 400w, https:\/\/osb.org\/wp-content\/uploads\/2025\/03\/GdW-Lawrence-ICON_lg-600x777.jpeg 600w, https:\/\/osb.org\/wp-content\/uploads\/2025\/03\/GdW-Lawrence-ICON_lg-800x1035.jpeg 800w, https:\/\/osb.org\/wp-content\/uploads\/2025\/03\/GdW-Lawrence-ICON_lg.jpeg 989w\" data-sizes=\"auto\" data-orig-sizes=\"(min-width: 2200px) 100vw, (min-width: 712px) 543px, (min-width: 640px) 712px, \" \/><\/a><\/div><div class=\"awb-imageframe-caption-container\"><div class=\"awb-imageframe-caption\"><h2 class=\"awb-imageframe-caption-title\">Saint Laurent<\/h2><p class=\"awb-imageframe-caption-text\">Paroisse Saint-Laurent, Anvers, Belgique<\/p><\/div><\/div><\/div><div class=\"clearfix\"><\/div><\/div><\/div><\/div><\/div><div class=\"fusion-layout-column fusion_builder_column fusion-builder-column-4 fusion_builder_column_1_2 1_2 fusion-flex-column\" style=\"--awb-bg-blend:overlay;--awb-bg-size:cover;--awb-width-large:50%;--awb-margin-top-large:0px;--awb-spacing-right-large:30px;--awb-margin-bottom-large:20px;--awb-spacing-left-large:30px;--awb-width-medium:75%;--awb-order-medium:0;--awb-spacing-right-medium:30px;--awb-spacing-left-medium:30px;--awb-width-small:100%;--awb-order-small:0;--awb-spacing-right-small:30px;--awb-spacing-left-small:30px;\"><div class=\"fusion-column-wrapper fusion-flex-justify-content-flex-start fusion-content-layout-column\"><div class=\"fusion-builder-row fusion-builder-row-inner fusion-row fusion-flex-align-items-flex-start fusion-flex-justify-content-center fusion-flex-content-wrap\" style=\"--awb-flex-grow:0;--awb-flex-grow-medium:0;--awb-flex-grow-small:0;--awb-flex-shrink:0;--awb-flex-shrink-medium:0;--awb-flex-shrink-small:0;width:calc( 100% + 60px ) !important;max-width:calc( 100% + 60px ) !important;margin-left: calc(-60px \/ 2 );margin-right: calc(-60px \/ 2 );\"><div class=\"fusion-layout-column fusion_builder_column_inner fusion-builder-nested-column-0 fusion_builder_column_inner_1_2 1_2 fusion-flex-column fusion-flex-align-self-center\" style=\"--awb-bg-size:cover;--awb-width-large:50%;--awb-margin-top-large:0px;--awb-spacing-right-large:30px;--awb-margin-bottom-large:0px;--awb-spacing-left-large:30px;--awb-width-medium:50%;--awb-order-medium:0;--awb-spacing-right-medium:30px;--awb-spacing-left-medium:30px;--awb-width-small:100%;--awb-order-small:1;--awb-spacing-right-small:30px;--awb-margin-bottom-small:20px;--awb-spacing-left-small:30px;\"><div class=\"fusion-column-wrapper fusion-column-has-shadow fusion-flex-justify-content-center fusion-content-layout-column\"><div class=\"fusion-text fusion-text-3 fusion-text-no-margin\" style=\"--awb-font-size:var(--awb-typography5-font-size);--awb-line-height:var(--awb-typography5-line-height);--awb-letter-spacing:var(--awb-typography5-letter-spacing);--awb-text-transform:var(--awb-typography5-text-transform);--awb-text-color:var(--awb-custom11);--awb-margin-top:0px;--awb-margin-right:0px;--awb-margin-bottom:0px;--awb-margin-left:0px;--awb-text-font-family:var(--awb-typography5-font-family);--awb-text-font-weight:var(--awb-typography5-font-weight);--awb-text-font-style:var(--awb-typography5-font-style);\"><p>24 mars 2025<\/p>\n<\/div><\/div><\/div><div class=\"fusion-layout-column fusion_builder_column_inner fusion-builder-nested-column-1 fusion_builder_column_inner_1_2 1_2 fusion-flex-column fusion-flex-align-self-center\" style=\"--awb-bg-size:cover;--awb-width-large:50%;--awb-margin-top-large:0px;--awb-spacing-right-large:30px;--awb-margin-bottom-large:0px;--awb-spacing-left-large:30px;--awb-width-medium:50%;--awb-order-medium:0;--awb-spacing-right-medium:30px;--awb-spacing-left-medium:30px;--awb-width-small:100%;--awb-order-small:0;--awb-margin-top-small:0px;--awb-spacing-right-small:30px;--awb-spacing-left-small:30px;\"><div class=\"fusion-column-wrapper fusion-column-has-shadow fusion-flex-justify-content-center fusion-content-layout-column\"><div class=\"fusion-sharing-box fusion-sharing-box-1 boxed-icons\" style=\"background-color:var(--awb-color1);border-color:var(--awb-color1);--awb-margin-top:0px;--awb-margin-right:0px;--awb-margin-bottom:0px;--awb-margin-left:0px;--awb-wrapper-padding-top:0px;--awb-wrapper-padding-right:0px;--awb-wrapper-padding-bottom:0px;--awb-wrapper-padding-left:0px;--awb-padding-top:0px;--awb-padding-right:0px;--awb-padding-bottom:0px;--awb-padding-left:0px;--awb-border-top:0px;--awb-border-right:0px;--awb-border-bottom:0px;--awb-border-left:0px;--awb-icon-size:12px;--awb-separator-border-color:#cccccc;--awb-separator-border-sizes:0px;--awb-stacked-align:flex-end;--awb-layout:row;--awb-alignment-small:flex-end;--awb-stacked-align-small:center;\" data-title=\"Appel \u00e0 la recherche participative : Dom Gregory de Wit OSB\" data-description=\"Votre contenu va ici \r\n\r\nDom Gregory de Wit, artiste b\u00e9n\u00e9dictin, a laiss\u00e9 un h\u00e9ritage profond mais souvent m\u00e9connu \u00e0 travers ses peintures murales monumentales et ses \u0153uvres religieuses en Europe et aux \u00c9tats-Unis. Une r\u00e9trospective pr\u00e9vue en 2025 en Allemagne vise \u00e0 documenter ses contributions, les organisateurs recherchant des informations suppl\u00e9mentaires sur ses \u0153uvres moins\" data-link=\"https:\/\/osb.org\/fr\/2025\/03\/24\/appel-a-la-recherche-participative-dom-gregory-de-wit-osb\/\"><div class=\"fusion-social-networks sharingbox-shortcode-icon-wrapper sharingbox-shortcode-icon-wrapper-1 boxed-icons\"><span><a href=\"https:\/\/www.facebook.com\/sharer.php?u=https%3A%2F%2Fosb.org%2Ffr%2F2025%2F03%2F24%2Fappel-a-la-recherche-participative-dom-gregory-de-wit-osb%2F&amp;t=Appel%20%C3%A0%20la%20recherche%20participative%20%3A%20Dom%20Gregory%20de%20Wit%20OSB\" target=\"_blank\" rel=\"noreferrer\" title=\"Facebook\" aria-label=\"Facebook\"><i class=\"fusion-social-network-icon fusion-tooltip fusion-facebook awb-icon-facebook\" style=\"color:var(--awb-custom11);background-color:#e8e8e8;border-color:#e8e8e8;border-radius:50%;\" aria-hidden=\"true\"><\/i><\/a><\/span><span><a href=\"https:\/\/x.com\/intent\/post?text=Appel%20%C3%A0%20la%20recherche%20participative%20%3A%20Dom%20Gregory%20de%20Wit%20OSB&amp;url=https%3A%2F%2Fosb.org%2Ffr%2F2025%2F03%2F24%2Fappel-a-la-recherche-participative-dom-gregory-de-wit-osb%2F\" target=\"_blank\" rel=\"noopener noreferrer\" title=\"X\" aria-label=\"X\"><i class=\"fusion-social-network-icon fusion-tooltip fusion-twitter awb-icon-twitter\" style=\"color:var(--awb-custom11);background-color:#e8e8e8;border-color:#e8e8e8;border-radius:50%;\" aria-hidden=\"true\"><\/i><\/a><\/span><span><a href=\"https:\/\/api.whatsapp.com\/send?text=https%3A%2F%2Fosb.org%2Ffr%2F2025%2F03%2F24%2Fappel-a-la-recherche-participative-dom-gregory-de-wit-osb%2F\" target=\"_blank\" rel=\"noopener noreferrer\" title=\"WhatsApp\" aria-label=\"WhatsApp\"><i class=\"fusion-social-network-icon fusion-tooltip fusion-whatsapp awb-icon-whatsapp\" style=\"color:var(--awb-custom11);background-color:#e8e8e8;border-color:#e8e8e8;border-radius:50%;\" aria-hidden=\"true\"><\/i><\/a><\/span><span><a href=\"mailto:?subject=Appel%20%C3%A0%20la%20recherche%20participative%20%3A%20Dom%20Gregory%20de%20Wit%20OSB&amp;body=https%3A%2F%2Fosb.org%2Ffr%2F2025%2F03%2F24%2Fappel-a-la-recherche-participative-dom-gregory-de-wit-osb%2F\" target=\"_self\" title=\"Email\" aria-label=\"Email\"><i class=\"fusion-social-network-icon fusion-tooltip fusion-mail awb-icon-mail\" style=\"color:var(--awb-custom11);background-color:#e8e8e8;border-color:#e8e8e8;border-radius:50%;\" aria-hidden=\"true\"><\/i><\/a><\/span><\/div><\/div><\/div><\/div><\/div><div class=\"fusion-text fusion-text-4\" style=\"--awb-margin-top:10px;\"><p>par Edward Begnaud<br \/>\ngregorydewit.info@gmail.com<\/p>\n<p>Le r\u00f4le influent que les B\u00e9n\u00e9dictins ont jou\u00e9 dans tous les aspects de la vie de l'\u00c9glise est incontestable. Dans la longue liste des figures importantes qui ont ouvert la voie, beaucoup d'autres au \u00ab bon z\u00e8le \u00bb (RB 72:1) sont oubli\u00e9s. Si les murs silencieux du clo\u00eetre pouvaient parler, on apprendrait beaucoup des descendants de Beno\u00eet qui ne sont jamais devenus c\u00e9l\u00e8bres. L'un de ces moines, qui a d'ailleurs intitul\u00e9 ses m\u00e9moires \u00ab Je ne serai jamais c\u00e9l\u00e8bre \u00bb, \u00e9tait l'artiste Dom Gregory de Wit (Hilversum, Pays-Bas 1892 \u2014 Oberems, Suisse 1979 ; prof\u00e8s de l'Abbaye du Mont-C\u00e9sar (Keizersberg), Louvain, Belgique, 1915). Par ses mains, les murs n'ont pas seulement appris \u00e0 parler mais ont \u00e9t\u00e9 anim\u00e9s pour proclamer l'\u00c9vangile de g\u00e9n\u00e9ration en g\u00e9n\u00e9ration.    <\/p>\n<p>Les personnes aux \u00c9tats-Unis qui ont appris \u00e0 conna\u00eetre l'\u0153uvre de de Wit ont tr\u00e8s probablement d'abord rencontr\u00e9 ses peintures murales monumentales dans l'un de ces lieux : <a href=\"https:\/\/www.saintmeinrad.org\/\" target=\"_blank\" rel=\"noopener\">l'Archabbaye Saint-Meinrad<\/a>, Saint-Meinrad, Indiana ; <a href=\"https:\/\/sacredheartbr.org\/\" target=\"_blank\" rel=\"noopener\">l'\u00e9glise catholique du Sacr\u00e9-C\u0153ur<\/a>, Baton Rouge, Louisiane ; <a href=\"https:\/\/www.saintjosephabbey.com\/\" target=\"_blank\" rel=\"noopener\">l'Abbaye Saint-Joseph<\/a>, Saint Benedict, Louisiane ; ou <a href=\"https:\/\/www.saintbrigidparish.org\/\" target=\"_blank\" rel=\"noopener\">l'\u00e9glise catholique Sainte-Brigitte<\/a>, San Diego, Californie. Ceux en Europe ont une liste consid\u00e9rablement plus courte. Depuis la conversion de l'\u00e9glise Saint-Joseph \u00e0 Hilversum, Pays-Bas, en appartements, les lieux les plus importants avec de l'art <em>in situ<\/em> sont : le r\u00e9fectoire monastique de <a href=\"https:\/\/en.wikipedia.org\/wiki\/Metten_Abbey\" target=\"_blank\" rel=\"noopener\">Saint-Michel<\/a>, Metten, Allemagne ; Notre-Dame de Bon Secours, Pontisse, Belgique et les rares mosa\u00efques \u00e0 Saint-Laurent, Anvers, Belgique.  <\/p>\n<p>Le z\u00e8le que de Wit avait pour cr\u00e9er de l'art afin de magnifier le Seigneur n'\u00e9tait d\u00e9pass\u00e9 que par son souci de v\u00e9ritablement chercher Dieu (RB 58:7). Cette double pr\u00e9f\u00e9rence a fait de lui un c\u00e9nobite vivant ses ann\u00e9es les plus productives comme un saraba\u00efte gyroscopique. Son amour des murs l'a conduit bien au-del\u00e0 du clo\u00eetre. \u00ab Si je vois un mur \u00bb, confia un jour de Wit au San Francisco Examiner, \u00ab je me jette dessus pour le peindre \u00e0 fresque. Je prie souvent : 'S'il vous pla\u00eet, donnez-moi des murs' \u00bb (26 mars 1941, 6). Comme d'habitude, la r\u00e9ponse souhait\u00e9e d'en haut ne se produisait pas aussi souvent que l'artiste en faisait la demande. Pour se pr\u00e9munir contre l'ac\u00e9die qui accompagne souvent les p\u00e9riodes creuses, de Wit cr\u00e9ait des \u0153uvres plus petites et mobiles. M\u00eame celles-ci \u00e9taient parfois d'une telle envergure qu'il n'\u00e9tait qu'une simple formalit\u00e9 de ne pas les d\u00e9signer comme des peintures murales. Un excellent exemple est l'\u0153uvre expansive en quinze panneaux, Quasi modo geniti infantes, cr\u00e9\u00e9e pour <a href=\"https:\/\/erzabtei.de\/\" target=\"_blank\" rel=\"noopener\">l'Abbaye Saint-Ottilien<\/a>, Emming, Allemagne en 1929. Cette vaste repr\u00e9sentation du Printemps \u00c9ternel servira de pi\u00e8ce ma\u00eetresse \u00e0 une exposition des ann\u00e9es bavaroises de de Wit.        <\/p>\n<p>Pr\u00e9vue pour ouvrir le 30 novembre 2025, Cach\u00e9s avec le Christ en Dieu : la vie et l'art de Dom Gregory de Wit, sera la premi\u00e8re r\u00e9trospective de l'artiste dans toute l'Europe. Une exposition similaire a \u00e9t\u00e9 mont\u00e9e aux \u00c9tats-Unis par la Saint Tammany Art Association \u00e0 Covington, Louisiane, du 7 d\u00e9cembre 2019 au 25 janvier 2020. Organis\u00e9e par Jaclyn Warren, l'exposition \u00e9tait limit\u00e9e aux \u0153uvres de la r\u00e9gion locale. Bien qu'aucun catalogue n'ait \u00e9t\u00e9 publi\u00e9 pour l'exposition, elle a \u00e9t\u00e9 mont\u00e9e comme une sorte de suite au premier documentaire sur de Wit, <em>La Main du Ma\u00eetre : l'Art et la Vie de Dom Gregory de Wit<\/em> (Stella Maris Films), cr\u00e9\u00e9 par David Warren en 2018.   <\/p>\n<p>La logistique pour rassembler une repr\u00e9sentation internationale des \u0153uvres pour une r\u00e9trospective \u00e0 Saint-Ottilien d\u00e9passant les attentes r\u00e9alistes, le commissaire, P. Cyrill Sch\u00e4fer OSB, a d\u00e9cid\u00e9 de limiter l'exposition aux \u0153uvres du monast\u00e8re h\u00f4te et de l'Archabbaye Saint-Michel voisine de Metten. Les deux communaut\u00e9s ont jou\u00e9 des r\u00f4les cl\u00e9s dans l'initiation de Dom Gregory au monde de l'art eccl\u00e9sial pendant l'entre-deux-guerres du XXe si\u00e8cle. L'exposition ne sera compos\u00e9e que d'\u0153uvres de cette p\u00e9riode. Heureusement, m\u00eame cette limitation fournit amplement de mat\u00e9riel pour une collection int\u00e9ressante.    <\/p>\n<p>Bien que la r\u00e9trospective de l'\u00e9dition allemande du corpus de de Wit soit, comme la collection de Louisiane, limit\u00e9e \u00e0 une p\u00e9riode et une r\u00e9gion sp\u00e9cifiques, une approche plus compl\u00e8te \u00e9tait souhait\u00e9e par le commissaire. Le catalogue qui sera publi\u00e9 pour l'exposition par EOS Editions Sankt Ottilien rendra disponible, pour la premi\u00e8re fois, une biographie extensive de l'artiste ainsi qu'une collection sans fronti\u00e8res d'art couvrant toute la carri\u00e8re de de Wit. Bien qu'\u00e9crit par une seule personne, ce sera l'aboutissement du travail de nombreuses personnes sur plusieurs ann\u00e9es. Pour aider \u00e0 rendre le projet aussi complet que possible, on esp\u00e8re que d'autres rejoindront le nombre en tant que contributeurs virtuels \u00e0 travers cet appel participatif \u00e0 l'information.   <\/p>\n<p>Comme c'est vrai m\u00eame lors de la recherche sur des figures bien connues de l'histoire, des informations surprenantes se trouvent parmi les dossiers poussi\u00e9reux oubli\u00e9s, perdus m\u00eame pour les archivistes les plus diligents. Combien plus cela est-il vrai pour ceux qui ne seront peut-\u00eatre jamais c\u00e9l\u00e8bres. Au cours de ses 35 ann\u00e9es d'int\u00e9r\u00eat pour de Wit, l'auteur du futur catalogue, Edward Begnaud, avec l'aide de trop nombreuses personnes pour \u00eatre cit\u00e9es ici, a fait la m\u00eame exp\u00e9rience. Puisque les embolies du temps affectent les inconnus encore plus que les connus, la probabilit\u00e9 de fragments physiques perdus ou de bribes de souvenirs oubli\u00e9s est beaucoup plus grande. Les organisateurs de la prochaine exposition de Wit aimeraient donc lancer un appel aux lecteurs de NEXUS pour obtenir des informations concernant l'artiste et son art. Il est fort probable qu'il existe des \u0153uvres dans des collections priv\u00e9es inconnues de tous sauf du propri\u00e9taire. Des traces de rencontres avec le moine p\u00e9richor\u00e9tique existent s\u00fbrement dans les annales monastiques et l'histoire orale familiale. Un \u00e9chantillon de points de recherche sp\u00e9cifiques non r\u00e9solus est inclus dans la liste suivante.       <\/p>\n<ul>\n<li>On pense que de Wit aurait pu travailler pour Saint-Jean-Baptiste \u00e0 Ostende et Saint-Nicolas \u00e0 Ypres, en Belgique, mais aucune preuve n'a pu \u00eatre trouv\u00e9e.<\/li>\n<li>L'artiste mentionne dans ses m\u00e9moires qu'il est all\u00e9 \u00e0 Tournai, en Belgique, pour travailler mais ne fournit aucun d\u00e9tail.<\/li>\n<li>On sait que de Wit a pass\u00e9 du temps \u00e0 l'Abbaye Maria Laach, en Allemagne, et au moins quelques jours \u00e0 l'Abbaye de Maredsous, en Belgique. On ne sait pas s'il a laiss\u00e9 des \u0153uvres d'art dans l'un ou l'autre monast\u00e8re comme il le faisait souvent lors de ses visites ailleurs. <\/li>\n<li>En plus des deux mosa\u00efques con\u00e7ues par de Wit \u00e0 Saint-Laurent, Anvers, il existe une ic\u00f4ne tr\u00e8s traditionnelle, bien que moderne, du saint patron. L'histoire orale de la paroisse l'attribue \u00e0 Dom Gregory. Aucune signature n'est incluse ; il n'existe pas non plus de documentation \u00e9crite pour \u00e9tayer cette affirmation. Stylistiquement, il y a des indications de la main de de Wit. Une documentation confirmant la paternit\u00e9 de de Wit serait pr\u00e9cieuse.    <\/li>\n<li>Il existe tr\u00e8s peu d'\u0153uvres connues subsistantes des ann\u00e9es que de Wit a pass\u00e9es comme ermite \u00e0 Oberems, en Suisse, de 1955 environ jusqu'\u00e0 sa mort en 1978. Toute piste possible sur des \u0153uvres de ces derni\u00e8res ann\u00e9es serait extr\u00eamement pr\u00e9cieuse.  <\/li>\n<\/ul>\n<p>Toute information permettant de r\u00e9soudre ces questions sera grandement appr\u00e9ci\u00e9e.<\/p>\n<p>Une exp\u00e9rience de recherche rend les organisateurs optimistes quant \u00e0 l'aide que peut apporter le crowdsourcing \u00e0 leur travail. Apr\u00e8s avoir localis\u00e9 des photographies d'un \u00ab Chemin de Croix \u00bb jusqu'alors inconnu cr\u00e9\u00e9 en 1931\/32, P. Cyrill a pu \u00e9tablir qu'elles avaient \u00e9t\u00e9 command\u00e9es par l'\u00e9glise Saint-Joseph \u00e0 Straubing, en Allemagne. Malheureusement, il n'existe aucune trace de ce qu'il est advenu de cet ensemble.   <\/p>\n<p>On esp\u00e8re que cet appel enrichira les informations sur de Wit ou permettra peut-\u00eatre la r\u00e9cup\u00e9ration de quelque chose de perdu. En fin de compte, de Wit n'atteindra peut-\u00eatre toujours pas le statut de c\u00e9l\u00e9brit\u00e9, mais dans le processus, son bon z\u00e8le servira davantage de g\u00e9n\u00e9rations qui cherchent v\u00e9ritablement Dieu. <\/p>\n<p>Les informations peuvent \u00eatre envoy\u00e9es par courriel \u00e0 : GregorydeWit.info@gmail.com.<\/p>\n<\/div><\/div><\/div><\/div><\/div><\/p>\n","protected":false},"excerpt":{"rendered":"<p>Dom Gregory de Wit, artiste b\u00e9n\u00e9dictin, a laiss\u00e9 un h\u00e9ritage profond mais souvent m\u00e9connu \u00e0 travers ses peintures murales monumentales et ses \u0153uvres religieuses en Europe et aux \u00c9tats-Unis. Une r\u00e9trospective pr\u00e9vue en 2025 en Allemagne vise \u00e0 documenter ses contributions, les organisateurs recherchant des informations suppl\u00e9mentaires sur ses \u0153uvres moins connues. Galerie, histoire et coordonn\u00e9es ici.  <\/p>\n","protected":false},"author":1,"featured_media":14014,"comment_status":"closed","ping_status":"closed","sticky":false,"template":"","format":"standard","meta":{"footnotes":""},"categories":[183,187],"tags":[371,197],"class_list":["post-14013","post","type-post","status-publish","format-standard","has-post-thumbnail","hentry","category-nexus-fr","category-nouvelles-fr","tag-nexus-rapport-sur-le-monde-benedictin","tag-nexus-avril-2025-fr"],"cc_featured_image_caption":{"caption_text":false,"source_text":false,"source_url":false},"_links":{"self":[{"href":"https:\/\/osb.org\/fr\/wp-json\/wp\/v2\/posts\/14013","targetHints":{"allow":["GET"]}}],"collection":[{"href":"https:\/\/osb.org\/fr\/wp-json\/wp\/v2\/posts"}],"about":[{"href":"https:\/\/osb.org\/fr\/wp-json\/wp\/v2\/types\/post"}],"author":[{"embeddable":true,"href":"https:\/\/osb.org\/fr\/wp-json\/wp\/v2\/users\/1"}],"replies":[{"embeddable":true,"href":"https:\/\/osb.org\/fr\/wp-json\/wp\/v2\/comments?post=14013"}],"version-history":[{"count":0,"href":"https:\/\/osb.org\/fr\/wp-json\/wp\/v2\/posts\/14013\/revisions"}],"wp:featuredmedia":[{"embeddable":true,"href":"https:\/\/osb.org\/fr\/wp-json\/wp\/v2\/media\/14014"}],"wp:attachment":[{"href":"https:\/\/osb.org\/fr\/wp-json\/wp\/v2\/media?parent=14013"}],"wp:term":[{"taxonomy":"category","embeddable":true,"href":"https:\/\/osb.org\/fr\/wp-json\/wp\/v2\/categories?post=14013"},{"taxonomy":"post_tag","embeddable":true,"href":"https:\/\/osb.org\/fr\/wp-json\/wp\/v2\/tags?post=14013"}],"curies":[{"name":"wp","href":"https:\/\/api.w.org\/{rel}","templated":true}]}}