{"id":13879,"date":"2025-04-28T17:23:28","date_gmt":"2025-04-28T15:23:28","guid":{"rendered":"https:\/\/osb.org\/2025\/04\/28\/fr-jeremia-martin-nomme-prieur-de-munsterschwarzach\/"},"modified":"2025-09-18T21:37:23","modified_gmt":"2025-09-18T19:37:23","slug":"fr-jeremia-martin-nomme-prieur-de-munsterschwarzach","status":"publish","type":"post","link":"https:\/\/osb.org\/fr\/2025\/04\/28\/fr-jeremia-martin-nomme-prieur-de-munsterschwarzach\/","title":{"rendered":"Fr. Jeremia Martin nomm\u00e9 Prieur de M\u00fcnsterschwarzach"},"content":{"rendered":"<p><div class=\"fusion-fullwidth fullwidth-box fusion-builder-row-1 fusion-flex-container has-pattern-background has-mask-background hundred-percent-fullwidth non-hundred-percent-height-scrolling\" style=\"--awb-border-sizes-bottom:1px;--awb-border-color:var(--awb-custom11);--awb-border-radius-top-left:0px;--awb-border-radius-top-right:0px;--awb-border-radius-bottom-right:0px;--awb-border-radius-bottom-left:0px;--awb-padding-right:60px;--awb-padding-bottom:20px;--awb-padding-left:60px;--awb-padding-right-small:30px;--awb-padding-left-small:30px;--awb-margin-top-medium:1px;--awb-margin-top-small:0px;--awb-flex-wrap:wrap;\" ><div class=\"fusion-builder-row fusion-row fusion-flex-align-items-center fusion-flex-justify-content-flex-end fusion-flex-content-wrap\" style=\"width:calc( 100% + 60px ) !important;max-width:calc( 100% + 60px ) !important;margin-left: calc(-60px \/ 2 );margin-right: calc(-60px \/ 2 );\"><div class=\"fusion-layout-column fusion_builder_column fusion-builder-column-0 fusion_builder_column_1_2 1_2 fusion-flex-column\" style=\"--awb-padding-right:60px;--awb-padding-left:60px;--awb-padding-right-small:0px;--awb-padding-left-small:0px;--awb-bg-size:cover;--awb-width-large:50%;--awb-margin-top-large:0px;--awb-spacing-right-large:30px;--awb-margin-bottom-large:20px;--awb-spacing-left-large:30px;--awb-width-medium:100%;--awb-order-medium:0;--awb-margin-top-medium:20px;--awb-spacing-right-medium:30px;--awb-margin-bottom-medium:0px;--awb-spacing-left-medium:30px;--awb-width-small:100%;--awb-order-small:0;--awb-spacing-right-small:30px;--awb-spacing-left-small:30px;\"><div class=\"fusion-column-wrapper fusion-column-has-shadow fusion-flex-justify-content-flex-start fusion-content-layout-column\"><div class=\"fusion-title title fusion-title-1 fusion-sep-none fusion-title-text fusion-title-size-one\" style=\"--awb-text-color:var(--awb-custom13);--awb-margin-top-small:0px;--awb-margin-right-small:0px;--awb-margin-bottom-small:20px;--awb-margin-left-small:0px;--awb-font-size:40px;\"><h1 class=\"fusion-title-heading title-heading-left md-text-align-center fusion-responsive-typography-calculated\" style=\"font-family:var(--awb-typography1-font-family);font-weight:var(--awb-typography1-font-weight);font-style:var(--awb-typography1-font-style);margin:0;letter-spacing:var(--awb-typography1-letter-spacing);text-transform:var(--awb-typography1-text-transform);font-size:1em;--fontSize:40;line-height:var(--awb-typography1-line-height);\">Fr. Jeremia Martin nomm\u00e9 Prieur de M\u00fcnsterschwarzach<\/h1><\/div><div class=\"fusion-text fusion-text-1 fusion-no-small-visibility fusion-no-medium-visibility\" style=\"--awb-font-size:18px;--awb-line-height:var(--awb-typography5-line-height);--awb-letter-spacing:var(--awb-typography5-letter-spacing);--awb-text-transform:var(--awb-typography5-text-transform);--awb-text-color:var(--awb-custom12);--awb-text-font-family:var(--awb-typography5-font-family);--awb-text-font-weight:var(--awb-typography5-font-weight);--awb-text-font-style:var(--awb-typography5-font-style);\"><p>Un nouveau chapitre commence \u00e0 l'Abbaye de M\u00fcnsterschwarzach. Le Prieur Pascal a pris sa retraite apr\u00e8s 12 ans de service, et Fr. Jeremia Martin a \u00e9t\u00e9 nomm\u00e9 nouveau prieur. Comprend un lien vers une interview entre les deux sur le site web de l'Abbaye de M\u00fcnsterschwarzach.   <\/p>\n<\/div><\/div><\/div><div class=\"fusion-layout-column fusion_builder_column fusion-builder-column-1 fusion_builder_column_1_2 1_2 fusion-flex-column\" style=\"--awb-bg-size:cover;--awb-width-large:50%;--awb-margin-top-large:0px;--awb-spacing-right-large:30px;--awb-margin-bottom-large:0px;--awb-spacing-left-large:30px;--awb-width-medium:100%;--awb-order-medium:0;--awb-spacing-right-medium:30px;--awb-spacing-left-medium:30px;--awb-width-small:100%;--awb-order-small:0;--awb-spacing-right-small:30px;--awb-spacing-left-small:30px;\"><div class=\"fusion-column-wrapper fusion-column-has-shadow fusion-flex-justify-content-flex-start fusion-content-layout-column\"><div class=\"fusion-image-element \" style=\"--awb-caption-title-font-family:var(--h2_typography-font-family);--awb-caption-title-font-weight:var(--h2_typography-font-weight);--awb-caption-title-font-style:var(--h2_typography-font-style);--awb-caption-title-size:var(--h2_typography-font-size);--awb-caption-title-transform:var(--h2_typography-text-transform);--awb-caption-title-line-height:var(--h2_typography-line-height);--awb-caption-title-letter-spacing:var(--h2_typography-letter-spacing);\"><span class=\" fusion-imageframe imageframe-none imageframe-1 hover-type-none\" style=\"border:1px solid var(--awb-custom10);\"><a href=\"https:\/\/osb.org\/wp-content\/uploads\/2025\/04\/250424_Abt_Priorenwechsel_Jeremia_Pascal-1.jpg\" class=\"fusion-lightbox\" data-rel=\"iLightbox[94307279f7934a9c6bd]\" data-title=\"250424_Abt_Priorenwechsel_Jeremia_Pascal-1\" title=\"250424_Abt_Priorenwechsel_Jeremia_Pascal-1\"><img decoding=\"async\" width=\"1920\" height=\"1080\" src=\"https:\/\/osb.org\/wp-content\/uploads\/2025\/04\/250424_Abt_Priorenwechsel_Jeremia_Pascal-1.jpg\" data-orig-src=\"https:\/\/osb.org\/wp-content\/uploads\/2025\/04\/250424_Abt_Priorenwechsel_Jeremia_Pascal-1.jpg\" alt class=\"lazyload img-responsive wp-image-13880\" srcset=\"data:image\/svg+xml,%3Csvg%20xmlns%3D%27http%3A%2F%2Fwww.w3.org%2F2000%2Fsvg%27%20width%3D%271920%27%20height%3D%271080%27%20viewBox%3D%270%200%201920%201080%27%3E%3Crect%20width%3D%271920%27%20height%3D%271080%27%20fill-opacity%3D%220%22%2F%3E%3C%2Fsvg%3E\" data-srcset=\"https:\/\/osb.org\/wp-content\/uploads\/2025\/04\/250424_Abt_Priorenwechsel_Jeremia_Pascal-1-200x113.jpg 200w, https:\/\/osb.org\/wp-content\/uploads\/2025\/04\/250424_Abt_Priorenwechsel_Jeremia_Pascal-1-400x225.jpg 400w, https:\/\/osb.org\/wp-content\/uploads\/2025\/04\/250424_Abt_Priorenwechsel_Jeremia_Pascal-1-600x338.jpg 600w, https:\/\/osb.org\/wp-content\/uploads\/2025\/04\/250424_Abt_Priorenwechsel_Jeremia_Pascal-1-800x450.jpg 800w, https:\/\/osb.org\/wp-content\/uploads\/2025\/04\/250424_Abt_Priorenwechsel_Jeremia_Pascal-1-1200x675.jpg 1200w, https:\/\/osb.org\/wp-content\/uploads\/2025\/04\/250424_Abt_Priorenwechsel_Jeremia_Pascal-1.jpg 1920w\" data-sizes=\"auto\" data-orig-sizes=\"(max-width: 1024px) 100vw, (max-width: 640px) 100vw, 600px\" \/><\/a><\/span><\/div><div class=\"fusion-text fusion-text-2 fusion-text-no-margin\" style=\"--awb-font-size:var(--awb-typography5-font-size);--awb-line-height:var(--awb-typography5-line-height);--awb-letter-spacing:var(--awb-typography5-letter-spacing);--awb-text-transform:var(--awb-typography5-text-transform);--awb-text-color:var(--awb-custom11);--awb-margin-top:12px;--awb-margin-bottom:12px;--awb-text-font-family:var(--awb-typography5-font-family);--awb-text-font-weight:var(--awb-typography5-font-weight);--awb-text-font-style:var(--awb-typography5-font-style);\"><\/div><\/div><\/div><div class=\"fusion-layout-column fusion_builder_column fusion-builder-column-2 fusion_builder_column_1_2 1_2 fusion-flex-column\" style=\"--awb-bg-size:cover;--awb-width-large:50%;--awb-margin-top-large:0px;--awb-spacing-right-large:30px;--awb-margin-bottom-large:0px;--awb-spacing-left-large:30px;--awb-width-medium:100%;--awb-order-medium:0;--awb-spacing-right-medium:30px;--awb-spacing-left-medium:30px;--awb-width-small:100%;--awb-order-small:0;--awb-spacing-right-small:30px;--awb-spacing-left-small:30px;\"><div class=\"fusion-column-wrapper fusion-column-has-shadow fusion-flex-justify-content-flex-start fusion-content-layout-column\"><div class=\"fusion-separator fusion-full-width-sep\" style=\"align-self: center;margin-left: auto;margin-right: auto;width:100%;\"><div class=\"fusion-separator-border sep-single sep-solid\" style=\"--awb-height:20px;--awb-amount:20px;--awb-sep-color:var(--awb-color4);border-color:var(--awb-color4);border-top-width:3px;\"><\/div><\/div><\/div><\/div><\/div><\/div><div class=\"fusion-fullwidth fullwidth-box fusion-builder-row-2 fusion-flex-container has-pattern-background has-mask-background hundred-percent-fullwidth non-hundred-percent-height-scrolling\" style=\"--awb-border-radius-top-left:0px;--awb-border-radius-top-right:0px;--awb-border-radius-bottom-right:0px;--awb-border-radius-bottom-left:0px;--awb-padding-right:60px;--awb-padding-left:60px;--awb-padding-right-medium:60px;--awb-padding-left-medium:60px;--awb-padding-right-small:30px;--awb-padding-left-small:30px;--awb-margin-top:30px;--awb-margin-top-small:0px;--awb-flex-wrap:wrap;\" ><div class=\"fusion-builder-row fusion-row fusion-flex-align-items-flex-start fusion-flex-justify-content-center fusion-flex-content-wrap\" style=\"width:calc( 100% + 60px ) !important;max-width:calc( 100% + 60px ) !important;margin-left: calc(-60px \/ 2 );margin-right: calc(-60px \/ 2 );\"><div class=\"fusion-layout-column fusion_builder_column fusion-builder-column-3 fusion_builder_column_2_5 2_5 fusion-flex-column\" style=\"--awb-bg-blend:overlay;--awb-bg-size:cover;--awb-width-large:40%;--awb-margin-top-large:0px;--awb-spacing-right-large:30px;--awb-margin-bottom-large:20px;--awb-spacing-left-large:30px;--awb-width-medium:75%;--awb-order-medium:0;--awb-spacing-right-medium:30px;--awb-spacing-left-medium:30px;--awb-width-small:100%;--awb-order-small:0;--awb-spacing-right-small:30px;--awb-spacing-left-small:30px;\"><div class=\"fusion-column-wrapper fusion-flex-justify-content-flex-start fusion-content-layout-column\"><div class=\"fusion-builder-row fusion-builder-row-inner fusion-row fusion-flex-align-items-flex-start fusion-flex-justify-content-center fusion-flex-content-wrap\" style=\"--awb-flex-grow:0;--awb-flex-grow-medium:0;--awb-flex-grow-small:0;--awb-flex-shrink:0;--awb-flex-shrink-medium:0;--awb-flex-shrink-small:0;width:calc( 100% + 60px ) !important;max-width:calc( 100% + 60px ) !important;margin-left: calc(-60px \/ 2 );margin-right: calc(-60px \/ 2 );\"><div class=\"fusion-layout-column fusion_builder_column_inner fusion-builder-nested-column-0 fusion_builder_column_inner_1_2 1_2 fusion-flex-column fusion-flex-align-self-center\" style=\"--awb-bg-size:cover;--awb-width-large:50%;--awb-margin-top-large:0px;--awb-spacing-right-large:30px;--awb-margin-bottom-large:0px;--awb-spacing-left-large:30px;--awb-width-medium:50%;--awb-order-medium:0;--awb-spacing-right-medium:30px;--awb-spacing-left-medium:30px;--awb-width-small:100%;--awb-order-small:1;--awb-spacing-right-small:30px;--awb-margin-bottom-small:20px;--awb-spacing-left-small:30px;\"><div class=\"fusion-column-wrapper fusion-column-has-shadow fusion-flex-justify-content-center fusion-content-layout-column\"><div class=\"fusion-text fusion-text-3 fusion-text-no-margin\" style=\"--awb-font-size:var(--awb-typography5-font-size);--awb-line-height:var(--awb-typography5-line-height);--awb-letter-spacing:var(--awb-typography5-letter-spacing);--awb-text-transform:var(--awb-typography5-text-transform);--awb-text-color:var(--awb-custom11);--awb-margin-top:0px;--awb-margin-right:0px;--awb-margin-bottom:0px;--awb-margin-left:0px;--awb-text-font-family:var(--awb-typography5-font-family);--awb-text-font-weight:var(--awb-typography5-font-weight);--awb-text-font-style:var(--awb-typography5-font-style);\"><p>28 avril 2025<\/p>\n<\/div><\/div><\/div><div class=\"fusion-layout-column fusion_builder_column_inner fusion-builder-nested-column-1 fusion_builder_column_inner_1_2 1_2 fusion-flex-column fusion-flex-align-self-center\" style=\"--awb-bg-size:cover;--awb-width-large:50%;--awb-margin-top-large:0px;--awb-spacing-right-large:30px;--awb-margin-bottom-large:0px;--awb-spacing-left-large:30px;--awb-width-medium:50%;--awb-order-medium:0;--awb-spacing-right-medium:30px;--awb-spacing-left-medium:30px;--awb-width-small:100%;--awb-order-small:0;--awb-margin-top-small:0px;--awb-spacing-right-small:30px;--awb-spacing-left-small:30px;\"><div class=\"fusion-column-wrapper fusion-column-has-shadow fusion-flex-justify-content-center fusion-content-layout-column\"><div class=\"fusion-sharing-box fusion-sharing-box-1 boxed-icons\" style=\"background-color:var(--awb-color1);border-color:var(--awb-color1);--awb-margin-top:0px;--awb-margin-right:0px;--awb-margin-bottom:0px;--awb-margin-left:0px;--awb-wrapper-padding-top:0px;--awb-wrapper-padding-right:0px;--awb-wrapper-padding-bottom:0px;--awb-wrapper-padding-left:0px;--awb-padding-top:0px;--awb-padding-right:0px;--awb-padding-bottom:0px;--awb-padding-left:0px;--awb-border-top:0px;--awb-border-right:0px;--awb-border-bottom:0px;--awb-border-left:0px;--awb-icon-size:12px;--awb-separator-border-color:#cccccc;--awb-separator-border-sizes:0px;--awb-stacked-align:flex-end;--awb-layout:row;--awb-alignment-small:flex-end;--awb-stacked-align-small:center;\" data-title=\"Fr. Jeremia Martin nomm\u00e9 Prieur de M\u00fcnsterschwarzach\" data-description=\"Votre contenu va ici       \r\n\r\nUne transition importante a eu lieu \u00e0 l&#039;Abbaye Sainte-F\u00e9licit\u00e9 de M\u00fcnsterschwarzach. Le lundi de P\u00e2ques, 21 avril, la communaut\u00e9 monastique a fait ses adieux au Prieur Pascal Herold lors de son d\u00e9part \u00e0 la retraite apr\u00e8s 12 ann\u00e9es\" data-link=\"https:\/\/osb.org\/fr\/2025\/04\/28\/fr-jeremia-martin-nomme-prieur-de-munsterschwarzach\/\"><div class=\"fusion-social-networks sharingbox-shortcode-icon-wrapper sharingbox-shortcode-icon-wrapper-1 boxed-icons\"><span><a href=\"https:\/\/www.facebook.com\/sharer.php?u=https%3A%2F%2Fosb.org%2Ffr%2F2025%2F04%2F28%2Ffr-jeremia-martin-nomme-prieur-de-munsterschwarzach%2F&amp;t=Fr.%20Jeremia%20Martin%20nomm%C3%A9%20Prieur%20de%20M%C3%BCnsterschwarzach\" target=\"_blank\" rel=\"noreferrer\" title=\"Facebook\" aria-label=\"Facebook\"><i class=\"fusion-social-network-icon fusion-tooltip fusion-facebook awb-icon-facebook\" style=\"color:var(--awb-custom11);background-color:#e8e8e8;border-color:#e8e8e8;border-radius:50%;\" aria-hidden=\"true\"><\/i><\/a><\/span><span><a href=\"https:\/\/x.com\/intent\/post?text=Fr.%20Jeremia%20Martin%20nomm%C3%A9%20Prieur%20de%20M%C3%BCnsterschwarzach&amp;url=https%3A%2F%2Fosb.org%2Ffr%2F2025%2F04%2F28%2Ffr-jeremia-martin-nomme-prieur-de-munsterschwarzach%2F\" target=\"_blank\" rel=\"noopener noreferrer\" title=\"X\" aria-label=\"X\"><i class=\"fusion-social-network-icon fusion-tooltip fusion-twitter awb-icon-twitter\" style=\"color:var(--awb-custom11);background-color:#e8e8e8;border-color:#e8e8e8;border-radius:50%;\" aria-hidden=\"true\"><\/i><\/a><\/span><span><a href=\"https:\/\/api.whatsapp.com\/send?text=https%3A%2F%2Fosb.org%2Ffr%2F2025%2F04%2F28%2Ffr-jeremia-martin-nomme-prieur-de-munsterschwarzach%2F\" target=\"_blank\" rel=\"noopener noreferrer\" title=\"WhatsApp\" aria-label=\"WhatsApp\"><i class=\"fusion-social-network-icon fusion-tooltip fusion-whatsapp awb-icon-whatsapp\" style=\"color:var(--awb-custom11);background-color:#e8e8e8;border-color:#e8e8e8;border-radius:50%;\" aria-hidden=\"true\"><\/i><\/a><\/span><span><a href=\"mailto:?subject=Fr.%20Jeremia%20Martin%20nomm%C3%A9%20Prieur%20de%20M%C3%BCnsterschwarzach&amp;body=https%3A%2F%2Fosb.org%2Ffr%2F2025%2F04%2F28%2Ffr-jeremia-martin-nomme-prieur-de-munsterschwarzach%2F\" target=\"_self\" title=\"Email\" aria-label=\"Email\"><i class=\"fusion-social-network-icon fusion-tooltip fusion-mail awb-icon-mail\" style=\"color:var(--awb-custom11);background-color:#e8e8e8;border-color:#e8e8e8;border-radius:50%;\" aria-hidden=\"true\"><\/i><\/a><\/span><\/div><\/div><\/div><\/div><\/div><div class=\"fusion-text fusion-text-4\"><p>Une transition importante a eu lieu \u00e0 l'Abbaye Sainte-F\u00e9licit\u00e9 de M\u00fcnsterschwarzach. Le lundi de P\u00e2ques, 21 avril, la communaut\u00e9 monastique a fait ses adieux au Prieur Pascal Herold lors de son d\u00e9part \u00e0 la retraite apr\u00e8s 12 ann\u00e9es de service d\u00e9vou\u00e9. Lors d'une modeste c\u00e9r\u00e9monie, ses confr\u00e8res ont exprim\u00e9 leur gratitude, se souvenant de lui comme \u00e9tant fid\u00e8le, consciencieux, toujours au service de l'abb\u00e9, dot\u00e9 d'un grand sens de l'humour, et un prieur qui privil\u00e9giait la communaut\u00e9 (\u00ab nous \u00bb) plut\u00f4t que lui-m\u00eame (\u00ab je \u00bb). Il a \u00e9galement \u00e9t\u00e9 reconnu comme un bon auditeur, serviable, modeste, attentionn\u00e9 et attentif aux personnes \u00e2g\u00e9es et malades. L'Abb\u00e9 Michael Reepen a particuli\u00e8rement remerci\u00e9 le Prieur Pascal pour son soutien ind\u00e9fectible et pour avoir toujours plac\u00e9 la communaut\u00e9 enti\u00e8re en premier, soulignant la coop\u00e9ration agr\u00e9able et sans probl\u00e8me entre lui et le sous-prieur.    <\/p>\n<p>Suite au d\u00e9part \u00e0 la retraite du Prieur Pascal, l'Abb\u00e9 Michael a nomm\u00e9 Fr. Jeremia Martin Schwachh\u00f6fer comme nouveau prieur de l'Abbaye Sainte-F\u00e9licit\u00e9. N\u00e9 \u00e0 Francfort en 1968 et \u00e9lev\u00e9 \u00e0 Heusenstamm, en Hesse, Fr. Jeremia apporte une exp\u00e9rience diversifi\u00e9e \u00e0 son nouveau r\u00f4le. Il a \u00e9tudi\u00e9 les math\u00e9matiques \u00e0 l'Universit\u00e9 technique de Darmstadt, obtenant un doctorat en sciences naturelles avant de travailler comme assistant de recherche dans la m\u00eame institution. Fr. Jeremia est entr\u00e9 au monast\u00e8re en 1997, a fait sa profession temporaire en 2000, et a ensuite \u00e9tudi\u00e9 la th\u00e9ologie de 1999 \u00e0 2003, poursuivant simultan\u00e9ment des \u00e9tudes pour devenir professeur de lyc\u00e9e jusqu'en 2004. Avant sa nomination, il occupait le poste de directeur adjoint du lyc\u00e9e associ\u00e9 \u00e0 l'abbaye et est connu comme un enseignant passionn\u00e9.       <\/p>\n<p>Le processus de s\u00e9lection d'un nouveau prieur a impliqu\u00e9 la consultation de la communaut\u00e9, o\u00f9 chaque moine ayant fait sa profession perp\u00e9tuelle pouvait sugg\u00e9rer un nom, et m\u00eame les moines plus jeunes, les novices et ceux ayant des v\u0153ux temporaires \u00e9taient autoris\u00e9s \u00e0 faire des propositions. L'Abb\u00e9 Michael a examin\u00e9 ces suggestions, consid\u00e9r\u00e9 qui il jugeait apte, et sollicit\u00e9 l'avis du S\u00e9niorat avant de prendre sa d\u00e9cision finale. Bien que la R\u00e8gle de Saint Beno\u00eet permette \u00e0 l'abb\u00e9 de nommer seul le prieur, il est consid\u00e9r\u00e9 plus prudent d'avoir le soutien du S\u00e9niorat et de la communaut\u00e9 \u00e9largie. Fr. Jeremia lui-m\u00eame a \u00e9t\u00e9 tr\u00e8s surpris par la nomination et a reconnu les d\u00e9fis de la transition depuis son r\u00f4le de directeur adjoint. Il conservera ce r\u00f4le mais devra d\u00e9l\u00e9guer certaines responsabilit\u00e9s. Les quelques mois pr\u00e9c\u00e9dant la nomination officielle ont constitu\u00e9 une p\u00e9riode de transition importante. Le Prieur Pascal et Fr. Jeremia partagent une compr\u00e9hension fondamentale similaire de l'importance d'\u00eatre pr\u00e9sent et accessible au sein de la communaut\u00e9. Le Prieur Pascal estime que Fr. Jeremia, repr\u00e9sentant une g\u00e9n\u00e9ration plus jeune, apporte un nouveau potentiel et une perspective fra\u00eeche au r\u00f4le. Fr. Jeremia a not\u00e9 qu'il n'est pas enclin \u00e0 faire des changements rapides, mais reconna\u00eet que son approche diff\u00e9rente conduira naturellement \u00e0 certaines \u00e9volutions.            <\/p>\n<p>Pour en savoir plus sur cette transition, consultez l'interview du Prieur Pascal et du nouveau Prieur Jeremia Martin (en allemand) en cliquant sur le lien ci-dessous.<\/p>\n<\/div><div ><a class=\"fusion-button button-flat fusion-button-default-size button-custom fusion-button-default button-1 fusion-button-span-yes fusion-button-default-type\" style=\"--awb-margin-top:10px;--button_accent_color:#ffffff;--button_accent_hover_color:#ffffff;--button_border_hover_color:#ffffff;--button_gradient_top_color:#1f7aa7;--button_gradient_bottom_color:#1f7aa7;--button_gradient_top_color_hover:#72cee0;--button_gradient_bottom_color_hover:#72cee0;\" target=\"_self\" href=\"https:\/\/www.abtei-muensterschwarzach.de\/aktuelles\/nachrichten\/abtei\/priorenwechsel-in-der-abtei-muensterschwarzach\"><span class=\"fusion-button-text awb-button__text awb-button__text--default\">Interview sur le site web de l'Abbaye de M\u00fcnsterschwarzach |DE|<\/span><\/a><\/div><\/div><\/div><\/div><\/div><\/p>\n","protected":false},"excerpt":{"rendered":"<p>Un nouveau chapitre commence \u00e0 l&rsquo;Abbaye de M\u00fcnsterschwarzach. Le Prieur Pascal a pris sa retraite apr\u00e8s 12 ans de service, et Fr. Jeremia Martin a \u00e9t\u00e9 nomm\u00e9 nouveau prieur. Comprend un lien vers une interview entre les deux sur le site web de l&rsquo;Abbaye de M\u00fcnsterschwarzach.   <\/p>\n","protected":false},"author":1,"featured_media":13880,"comment_status":"closed","ping_status":"closed","sticky":false,"template":"","format":"standard","meta":{"footnotes":""},"categories":[183,187],"tags":[195,201],"class_list":["post-13879","post","type-post","status-publish","format-standard","has-post-thumbnail","hentry","category-nexus-fr","category-nouvelles-fr","tag-nexus-transitions-de-direction-fr","tag-nexus-juin-2025-fr"],"cc_featured_image_caption":{"caption_text":false,"source_text":false,"source_url":false},"_links":{"self":[{"href":"https:\/\/osb.org\/fr\/wp-json\/wp\/v2\/posts\/13879","targetHints":{"allow":["GET"]}}],"collection":[{"href":"https:\/\/osb.org\/fr\/wp-json\/wp\/v2\/posts"}],"about":[{"href":"https:\/\/osb.org\/fr\/wp-json\/wp\/v2\/types\/post"}],"author":[{"embeddable":true,"href":"https:\/\/osb.org\/fr\/wp-json\/wp\/v2\/users\/1"}],"replies":[{"embeddable":true,"href":"https:\/\/osb.org\/fr\/wp-json\/wp\/v2\/comments?post=13879"}],"version-history":[{"count":0,"href":"https:\/\/osb.org\/fr\/wp-json\/wp\/v2\/posts\/13879\/revisions"}],"wp:featuredmedia":[{"embeddable":true,"href":"https:\/\/osb.org\/fr\/wp-json\/wp\/v2\/media\/13880"}],"wp:attachment":[{"href":"https:\/\/osb.org\/fr\/wp-json\/wp\/v2\/media?parent=13879"}],"wp:term":[{"taxonomy":"category","embeddable":true,"href":"https:\/\/osb.org\/fr\/wp-json\/wp\/v2\/categories?post=13879"},{"taxonomy":"post_tag","embeddable":true,"href":"https:\/\/osb.org\/fr\/wp-json\/wp\/v2\/tags?post=13879"}],"curies":[{"name":"wp","href":"https:\/\/api.w.org\/{rel}","templated":true}]}}