{"id":13865,"date":"2025-06-03T10:02:35","date_gmt":"2025-06-03T08:02:35","guid":{"rendered":"https:\/\/osb.org\/2025\/06\/03\/la-congregation-benedictine-autrichienne-celebre-ses-400-ans-par-un-pelerinage-a-mariazell\/"},"modified":"2025-09-18T21:28:42","modified_gmt":"2025-09-18T19:28:42","slug":"la-congregation-benedictine-autrichienne-celebre-ses-400-ans-par-un-pelerinage-a-mariazell","status":"publish","type":"post","link":"https:\/\/osb.org\/fr\/2025\/06\/03\/la-congregation-benedictine-autrichienne-celebre-ses-400-ans-par-un-pelerinage-a-mariazell\/","title":{"rendered":"La congr\u00e9gation b\u00e9n\u00e9dictine autrichienne c\u00e9l\u00e8bre ses 400 ans par un p\u00e8lerinage \u00e0 Mariazell"},"content":{"rendered":"<p><div class=\"fusion-fullwidth fullwidth-box fusion-builder-row-1 fusion-flex-container has-pattern-background has-mask-background hundred-percent-fullwidth non-hundred-percent-height-scrolling\" style=\"--awb-border-sizes-bottom:1px;--awb-border-color:var(--awb-custom11);--awb-border-radius-top-left:0px;--awb-border-radius-top-right:0px;--awb-border-radius-bottom-right:0px;--awb-border-radius-bottom-left:0px;--awb-padding-right:60px;--awb-padding-bottom:20px;--awb-padding-left:60px;--awb-padding-right-small:30px;--awb-padding-left-small:30px;--awb-margin-top-medium:1px;--awb-margin-top-small:0px;--awb-flex-wrap:wrap;\" ><div class=\"fusion-builder-row fusion-row fusion-flex-align-items-center fusion-flex-justify-content-flex-end fusion-flex-content-wrap\" style=\"width:calc( 100% + 60px ) !important;max-width:calc( 100% + 60px ) !important;margin-left: calc(-60px \/ 2 );margin-right: calc(-60px \/ 2 );\"><div class=\"fusion-layout-column fusion_builder_column fusion-builder-column-0 fusion_builder_column_1_2 1_2 fusion-flex-column\" style=\"--awb-padding-right:60px;--awb-padding-left:60px;--awb-padding-right-small:0px;--awb-padding-left-small:0px;--awb-bg-size:cover;--awb-width-large:50%;--awb-margin-top-large:0px;--awb-spacing-right-large:30px;--awb-margin-bottom-large:20px;--awb-spacing-left-large:30px;--awb-width-medium:100%;--awb-order-medium:0;--awb-margin-top-medium:20px;--awb-spacing-right-medium:30px;--awb-margin-bottom-medium:0px;--awb-spacing-left-medium:30px;--awb-width-small:100%;--awb-order-small:0;--awb-spacing-right-small:30px;--awb-spacing-left-small:30px;\"><div class=\"fusion-column-wrapper fusion-column-has-shadow fusion-flex-justify-content-flex-start fusion-content-layout-column\"><div class=\"fusion-title title fusion-title-1 fusion-sep-none fusion-title-text fusion-title-size-one\" style=\"--awb-text-color:var(--awb-custom13);--awb-margin-top-small:0px;--awb-margin-right-small:0px;--awb-margin-bottom-small:20px;--awb-margin-left-small:0px;--awb-font-size:40px;\"><h1 class=\"fusion-title-heading title-heading-left md-text-align-center fusion-responsive-typography-calculated\" style=\"font-family:var(--awb-typography1-font-family);font-weight:var(--awb-typography1-font-weight);font-style:var(--awb-typography1-font-style);margin:0;letter-spacing:var(--awb-typography1-letter-spacing);text-transform:var(--awb-typography1-text-transform);font-size:1em;--fontSize:40;line-height:var(--awb-typography1-line-height);\">La congr\u00e9gation b\u00e9n\u00e9dictine autrichienne c\u00e9l\u00e8bre ses 400 ans par un p\u00e8lerinage \u00e0 Mariazell<\/h1><\/div><div class=\"fusion-text fusion-text-1 fusion-no-small-visibility fusion-no-medium-visibility\" style=\"--awb-font-size:var(--awb-typography3-font-size);--awb-line-height:var(--awb-typography3-line-height);--awb-letter-spacing:var(--awb-typography3-letter-spacing);--awb-text-transform:var(--awb-typography3-text-transform);--awb-text-color:var(--awb-custom12);--awb-text-font-family:var(--awb-typography3-font-family);--awb-text-font-weight:var(--awb-typography3-font-weight);--awb-text-font-style:var(--awb-typography3-font-style);\"><p>La Congr\u00e9gation b\u00e9n\u00e9dictine autrichienne a commenc\u00e9 les c\u00e9l\u00e9brations de son 400e anniversaire par un p\u00e8lerinage \u00e0 la basilique de Mariazell. L'Abb\u00e9 Primat Jeremias Schr\u00f6der a pr\u00e9sid\u00e9 la messe comm\u00e9morative, soulignant la pertinence durable de la vie b\u00e9n\u00e9dictine comme r\u00e9ponse porteuse d'espoir aux d\u00e9fis contemporains. <\/p>\n<\/div><\/div><\/div><div class=\"fusion-layout-column fusion_builder_column fusion-builder-column-1 fusion_builder_column_1_2 1_2 fusion-flex-column\" style=\"--awb-bg-size:cover;--awb-width-large:50%;--awb-margin-top-large:0px;--awb-spacing-right-large:30px;--awb-margin-bottom-large:0px;--awb-spacing-left-large:30px;--awb-width-medium:100%;--awb-order-medium:0;--awb-spacing-right-medium:30px;--awb-spacing-left-medium:30px;--awb-width-small:100%;--awb-order-small:0;--awb-spacing-right-small:30px;--awb-spacing-left-small:30px;\"><div class=\"fusion-column-wrapper fusion-column-has-shadow fusion-flex-justify-content-flex-start fusion-content-layout-column\"><div class=\"fusion-image-element \" style=\"--awb-caption-title-font-family:var(--h2_typography-font-family);--awb-caption-title-font-weight:var(--h2_typography-font-weight);--awb-caption-title-font-style:var(--h2_typography-font-style);--awb-caption-title-size:var(--h2_typography-font-size);--awb-caption-title-transform:var(--h2_typography-text-transform);--awb-caption-title-line-height:var(--h2_typography-line-height);--awb-caption-title-letter-spacing:var(--h2_typography-letter-spacing);\"><span class=\" fusion-imageframe imageframe-none imageframe-1 hover-type-none\" style=\"border:1px solid var(--awb-custom10);\"><a href=\"https:\/\/osb.org\/wp-content\/uploads\/2025\/06\/hero_400_yrs_Austrian_Cong.jpg\" class=\"fusion-lightbox\" data-rel=\"iLightbox[cacbd4e39880acd930f]\" data-title=\"hero_400_yrs_Austrian_Cong\" title=\"hero_400_yrs_Austrian_Cong\"><img decoding=\"async\" width=\"1000\" height=\"563\" src=\"https:\/\/osb.org\/wp-content\/uploads\/2025\/06\/hero_400_yrs_Austrian_Cong.jpg\" data-orig-src=\"https:\/\/osb.org\/wp-content\/uploads\/2025\/06\/hero_400_yrs_Austrian_Cong.jpg\" alt class=\"lazyload img-responsive wp-image-13867\" srcset=\"data:image\/svg+xml,%3Csvg%20xmlns%3D%27http%3A%2F%2Fwww.w3.org%2F2000%2Fsvg%27%20width%3D%271000%27%20height%3D%27563%27%20viewBox%3D%270%200%201000%20563%27%3E%3Crect%20width%3D%271000%27%20height%3D%27563%27%20fill-opacity%3D%220%22%2F%3E%3C%2Fsvg%3E\" data-srcset=\"https:\/\/osb.org\/wp-content\/uploads\/2025\/06\/hero_400_yrs_Austrian_Cong-200x113.jpg 200w, https:\/\/osb.org\/wp-content\/uploads\/2025\/06\/hero_400_yrs_Austrian_Cong-400x225.jpg 400w, https:\/\/osb.org\/wp-content\/uploads\/2025\/06\/hero_400_yrs_Austrian_Cong-600x338.jpg 600w, https:\/\/osb.org\/wp-content\/uploads\/2025\/06\/hero_400_yrs_Austrian_Cong-800x450.jpg 800w, https:\/\/osb.org\/wp-content\/uploads\/2025\/06\/hero_400_yrs_Austrian_Cong.jpg 1000w\" data-sizes=\"auto\" data-orig-sizes=\"(max-width: 1024px) 100vw, (max-width: 640px) 100vw, 600px\" \/><\/a><\/span><\/div><div class=\"fusion-text fusion-text-2 fusion-text-no-margin\" style=\"--awb-font-size:var(--awb-typography5-font-size);--awb-line-height:var(--awb-typography5-line-height);--awb-letter-spacing:var(--awb-typography5-letter-spacing);--awb-text-transform:var(--awb-typography5-text-transform);--awb-text-color:var(--awb-custom11);--awb-margin-top:12px;--awb-margin-bottom:12px;--awb-text-font-family:var(--awb-typography5-font-family);--awb-text-font-weight:var(--awb-typography5-font-weight);--awb-text-font-style:var(--awb-typography5-font-style);\"><\/div><\/div><\/div><div class=\"fusion-layout-column fusion_builder_column fusion-builder-column-2 fusion_builder_column_1_2 1_2 fusion-flex-column\" style=\"--awb-bg-size:cover;--awb-width-large:50%;--awb-margin-top-large:0px;--awb-spacing-right-large:30px;--awb-margin-bottom-large:0px;--awb-spacing-left-large:30px;--awb-width-medium:100%;--awb-order-medium:0;--awb-spacing-right-medium:30px;--awb-spacing-left-medium:30px;--awb-width-small:100%;--awb-order-small:0;--awb-spacing-right-small:30px;--awb-spacing-left-small:30px;\"><div class=\"fusion-column-wrapper fusion-column-has-shadow fusion-flex-justify-content-flex-start fusion-content-layout-column\"><div class=\"fusion-separator fusion-full-width-sep\" style=\"align-self: center;margin-left: auto;margin-right: auto;width:100%;\"><div class=\"fusion-separator-border sep-single sep-solid\" style=\"--awb-height:20px;--awb-amount:20px;--awb-sep-color:var(--awb-color4);border-color:var(--awb-color4);border-top-width:3px;\"><\/div><\/div><\/div><\/div><\/div><\/div><div class=\"fusion-fullwidth fullwidth-box fusion-builder-row-2 fusion-flex-container has-pattern-background has-mask-background hundred-percent-fullwidth non-hundred-percent-height-scrolling\" style=\"--awb-border-radius-top-left:0px;--awb-border-radius-top-right:0px;--awb-border-radius-bottom-right:0px;--awb-border-radius-bottom-left:0px;--awb-padding-right:60px;--awb-padding-left:60px;--awb-padding-right-medium:60px;--awb-padding-left-medium:60px;--awb-padding-right-small:30px;--awb-padding-left-small:30px;--awb-margin-top:30px;--awb-margin-top-small:0px;--awb-flex-wrap:wrap;\" ><div class=\"fusion-builder-row fusion-row fusion-flex-align-items-flex-start fusion-flex-justify-content-center fusion-flex-content-wrap\" style=\"width:calc( 100% + 60px ) !important;max-width:calc( 100% + 60px ) !important;margin-left: calc(-60px \/ 2 );margin-right: calc(-60px \/ 2 );\"><div class=\"fusion-layout-column fusion_builder_column fusion-builder-column-3 fusion_builder_column_2_5 2_5 fusion-flex-column\" style=\"--awb-bg-blend:overlay;--awb-bg-size:cover;--awb-width-large:40%;--awb-margin-top-large:0px;--awb-spacing-right-large:30px;--awb-margin-bottom-large:20px;--awb-spacing-left-large:30px;--awb-width-medium:75%;--awb-order-medium:0;--awb-spacing-right-medium:30px;--awb-spacing-left-medium:30px;--awb-width-small:100%;--awb-order-small:0;--awb-spacing-right-small:30px;--awb-spacing-left-small:30px;\"><div class=\"fusion-column-wrapper fusion-flex-justify-content-flex-start fusion-content-layout-column\"><div class=\"fusion-builder-row fusion-builder-row-inner fusion-row fusion-flex-align-items-flex-start fusion-flex-justify-content-center fusion-flex-content-wrap\" style=\"--awb-flex-grow:0;--awb-flex-grow-medium:0;--awb-flex-grow-small:0;--awb-flex-shrink:0;--awb-flex-shrink-medium:0;--awb-flex-shrink-small:0;width:calc( 100% + 60px ) !important;max-width:calc( 100% + 60px ) !important;margin-left: calc(-60px \/ 2 );margin-right: calc(-60px \/ 2 );\"><div class=\"fusion-layout-column fusion_builder_column_inner fusion-builder-nested-column-0 fusion_builder_column_inner_1_2 1_2 fusion-flex-column fusion-flex-align-self-center\" style=\"--awb-bg-size:cover;--awb-width-large:50%;--awb-margin-top-large:0px;--awb-spacing-right-large:30px;--awb-margin-bottom-large:0px;--awb-spacing-left-large:30px;--awb-width-medium:50%;--awb-order-medium:0;--awb-spacing-right-medium:30px;--awb-spacing-left-medium:30px;--awb-width-small:100%;--awb-order-small:1;--awb-spacing-right-small:30px;--awb-margin-bottom-small:20px;--awb-spacing-left-small:30px;\"><div class=\"fusion-column-wrapper fusion-column-has-shadow fusion-flex-justify-content-center fusion-content-layout-column\"><div class=\"fusion-text fusion-text-3 fusion-text-no-margin\" style=\"--awb-font-size:var(--awb-typography5-font-size);--awb-line-height:var(--awb-typography5-line-height);--awb-letter-spacing:var(--awb-typography5-letter-spacing);--awb-text-transform:var(--awb-typography5-text-transform);--awb-text-color:var(--awb-custom11);--awb-margin-top:0px;--awb-margin-right:0px;--awb-margin-bottom:0px;--awb-margin-left:0px;--awb-text-font-family:var(--awb-typography5-font-family);--awb-text-font-weight:var(--awb-typography5-font-weight);--awb-text-font-style:var(--awb-typography5-font-style);\"><p>3 juin 2025<\/p>\n<\/div><\/div><\/div><div class=\"fusion-layout-column fusion_builder_column_inner fusion-builder-nested-column-1 fusion_builder_column_inner_1_2 1_2 fusion-flex-column fusion-flex-align-self-center\" style=\"--awb-bg-size:cover;--awb-width-large:50%;--awb-margin-top-large:0px;--awb-spacing-right-large:30px;--awb-margin-bottom-large:0px;--awb-spacing-left-large:30px;--awb-width-medium:50%;--awb-order-medium:0;--awb-spacing-right-medium:30px;--awb-spacing-left-medium:30px;--awb-width-small:100%;--awb-order-small:0;--awb-margin-top-small:0px;--awb-spacing-right-small:30px;--awb-spacing-left-small:30px;\"><div class=\"fusion-column-wrapper fusion-column-has-shadow fusion-flex-justify-content-center fusion-content-layout-column\"><div class=\"fusion-sharing-box fusion-sharing-box-1 boxed-icons\" style=\"background-color:var(--awb-color1);border-color:var(--awb-color1);--awb-margin-top:0px;--awb-margin-right:0px;--awb-margin-bottom:0px;--awb-margin-left:0px;--awb-wrapper-padding-top:0px;--awb-wrapper-padding-right:0px;--awb-wrapper-padding-bottom:0px;--awb-wrapper-padding-left:0px;--awb-padding-top:0px;--awb-padding-right:0px;--awb-padding-bottom:0px;--awb-padding-left:0px;--awb-border-top:0px;--awb-border-right:0px;--awb-border-bottom:0px;--awb-border-left:0px;--awb-icon-size:12px;--awb-separator-border-color:#cccccc;--awb-separator-border-sizes:0px;--awb-stacked-align:flex-end;--awb-layout:row;--awb-alignment-small:flex-end;--awb-stacked-align-small:center;\" data-title=\"La congr\u00e9gation b\u00e9n\u00e9dictine autrichienne c\u00e9l\u00e8bre ses 400 ans par un p\u00e8lerinage \u00e0 Mariazell\" data-description=\"Votre contenu va ici       \r\n\r\nLe 30 mai 2025, la Congr\u00e9gation b\u00e9n\u00e9dictine autrichienne a inaugur\u00e9 les c\u00e9l\u00e9brations de son 400e anniversaire par un p\u00e8lerinage \u00e0 la Basilique de Mariazell. L&#039;\u00e9v\u00e9nement a r\u00e9uni des moines et des moniales\" data-link=\"https:\/\/osb.org\/fr\/2025\/06\/03\/la-congregation-benedictine-autrichienne-celebre-ses-400-ans-par-un-pelerinage-a-mariazell\/\"><div class=\"fusion-social-networks sharingbox-shortcode-icon-wrapper sharingbox-shortcode-icon-wrapper-1 boxed-icons\"><span><a href=\"https:\/\/www.facebook.com\/sharer.php?u=https%3A%2F%2Fosb.org%2Ffr%2F2025%2F06%2F03%2Fla-congregation-benedictine-autrichienne-celebre-ses-400-ans-par-un-pelerinage-a-mariazell%2F&amp;t=La%20congr%C3%A9gation%20b%C3%A9n%C3%A9dictine%20autrichienne%20c%C3%A9l%C3%A8bre%20ses%20400%20ans%20par%20un%20p%C3%A8lerinage%20%C3%A0%20Mariazell\" target=\"_blank\" rel=\"noreferrer\" title=\"Facebook\" aria-label=\"Facebook\"><i class=\"fusion-social-network-icon fusion-tooltip fusion-facebook awb-icon-facebook\" style=\"color:var(--awb-custom11);background-color:#e8e8e8;border-color:#e8e8e8;border-radius:50%;\" aria-hidden=\"true\"><\/i><\/a><\/span><span><a href=\"https:\/\/x.com\/intent\/post?text=La%20congr%C3%A9gation%20b%C3%A9n%C3%A9dictine%20autrichienne%20c%C3%A9l%C3%A8bre%20ses%20400%20ans%20par%20un%20p%C3%A8lerinage%20%C3%A0%20Mariazell&amp;url=https%3A%2F%2Fosb.org%2Ffr%2F2025%2F06%2F03%2Fla-congregation-benedictine-autrichienne-celebre-ses-400-ans-par-un-pelerinage-a-mariazell%2F\" target=\"_blank\" rel=\"noopener noreferrer\" title=\"X\" aria-label=\"X\"><i class=\"fusion-social-network-icon fusion-tooltip fusion-twitter awb-icon-twitter\" style=\"color:var(--awb-custom11);background-color:#e8e8e8;border-color:#e8e8e8;border-radius:50%;\" aria-hidden=\"true\"><\/i><\/a><\/span><span><a href=\"https:\/\/api.whatsapp.com\/send?text=https%3A%2F%2Fosb.org%2Ffr%2F2025%2F06%2F03%2Fla-congregation-benedictine-autrichienne-celebre-ses-400-ans-par-un-pelerinage-a-mariazell%2F\" target=\"_blank\" rel=\"noopener noreferrer\" title=\"WhatsApp\" aria-label=\"WhatsApp\"><i class=\"fusion-social-network-icon fusion-tooltip fusion-whatsapp awb-icon-whatsapp\" style=\"color:var(--awb-custom11);background-color:#e8e8e8;border-color:#e8e8e8;border-radius:50%;\" aria-hidden=\"true\"><\/i><\/a><\/span><span><a href=\"mailto:?subject=La%20congr%C3%A9gation%20b%C3%A9n%C3%A9dictine%20autrichienne%20c%C3%A9l%C3%A8bre%20ses%20400%20ans%20par%20un%20p%C3%A8lerinage%20%C3%A0%20Mariazell&amp;body=https%3A%2F%2Fosb.org%2Ffr%2F2025%2F06%2F03%2Fla-congregation-benedictine-autrichienne-celebre-ses-400-ans-par-un-pelerinage-a-mariazell%2F\" target=\"_self\" title=\"Email\" aria-label=\"Email\"><i class=\"fusion-social-network-icon fusion-tooltip fusion-mail awb-icon-mail\" style=\"color:var(--awb-custom11);background-color:#e8e8e8;border-color:#e8e8e8;border-radius:50%;\" aria-hidden=\"true\"><\/i><\/a><\/span><\/div><\/div><\/div><\/div><\/div><div class=\"fusion-text fusion-text-4\"><p>Le 30 mai 2025, la <a href=\"https:\/\/en.wikipedia.org\/wiki\/Austrian_Congregation\" target=\"_blank\" rel=\"noopener\">Congr\u00e9gation b\u00e9n\u00e9dictine autrichienne<\/a> a inaugur\u00e9 les c\u00e9l\u00e9brations de son 400e anniversaire par un p\u00e8lerinage \u00e0 la <a href=\"https:\/\/en.wikipedia.org\/wiki\/Mariazell_Basilica\" target=\"_blank\" rel=\"noopener\">Basilique de Mariazell<\/a>. L'\u00e9v\u00e9nement a r\u00e9uni des moines et des moniales des 14 monast\u00e8res de la congr\u00e9gation, dont 12 abbayes et 2 prieur\u00e9s, comprenant environ 250 membres. <\/p>\n<p>L'Abb\u00e9 Primat Jeremias Schr\u00f6der, chef mondial de la Conf\u00e9d\u00e9ration b\u00e9n\u00e9dictine, a pr\u00e9sid\u00e9 la messe solennelle \u00e0 la basilique de Mariazell. Dans son hom\u00e9lie, il a m\u00e9dit\u00e9 sur le th\u00e8me des \u00ab p\u00e8lerins de l'esp\u00e9rance \u00bb, en accord avec la devise de l'Ann\u00e9e Sainte 2025. Il a soulign\u00e9 que la vie b\u00e9n\u00e9dictine incarne une r\u00e9ponse porteuse d'espoir aux \u00e9preuves des temps modernes, exhortant les communaut\u00e9s monastiques \u00e0 rester ouvertes au renouveau et \u00e0 maintenir leur solidarit\u00e9 avec les monast\u00e8res des r\u00e9gions moins favoris\u00e9es.  <\/p>\n<p>L'Abb\u00e9 Pr\u00e9sident Johannes Perkmann a exprim\u00e9 sa gratitude pour des si\u00e8cles de collaboration et a soulign\u00e9 l'engagement continu de la congr\u00e9gation envers la vie spirituelle, l'\u00e9ducation et les initiatives durables. Il a d\u00e9crit la vie b\u00e9n\u00e9dictine comme une mani\u00e8re significative de vivre l'\u00c9vangile et de trouver l'\u00e9panouissement dans le monde d'aujourd'hui. <\/p>\n<p>La Congr\u00e9gation b\u00e9n\u00e9dictine autrichienne a \u00e9t\u00e9 officiellement \u00e9tablie le 3 ao\u00fbt 1625 par le Pape Urbain VIII. Aujourd'hui, elle comprend des monast\u00e8res tels que l'Abbaye Saint-Pierre de Salzbourg, Kremsm\u00fcnster, Melk, G\u00f6ttweig et l'Abbaye des \u00c9cossais \u00e0 Vienne. La congr\u00e9gation supervise \u00e9galement le Collegium Saint Benedict \u00e0 Salzbourg, une maison d'\u00e9tudes pour les b\u00e9n\u00e9dictins et autres religieux.<\/p>\n<\/div><div ><a class=\"fusion-button button-flat fusion-button-default-size button-custom fusion-button-default button-1 fusion-button-span-yes fusion-button-default-type\" style=\"--awb-margin-top:10px;--button_accent_color:#ffffff;--button_accent_hover_color:#ffffff;--button_border_hover_color:#ffffff;--button_gradient_top_color:#1f7aa7;--button_gradient_bottom_color:#1f7aa7;--button_gradient_top_color_hover:#72cee0;--button_gradient_bottom_color_hover:#72cee0;\" target=\"_self\" href=\"https:\/\/www.kathpress.at\/goto\/meldung\/2482060\/400-jahre-sterreichische-benediktinerkongregation\"><span class=\"fusion-button-text awb-button__text awb-button__text--default\">Article et photo sur le site web de Kathpress |DE|<\/span><\/a><\/div><\/div><\/div><\/div><\/div><\/p>\n","protected":false},"excerpt":{"rendered":"<p>La Congr\u00e9gation b\u00e9n\u00e9dictine autrichienne a commenc\u00e9 les c\u00e9l\u00e9brations de son 400e anniversaire par un p\u00e8lerinage \u00e0 la basilique de Mariazell. L&rsquo;Abb\u00e9 Primat Jeremias Schr\u00f6der a pr\u00e9sid\u00e9 la messe comm\u00e9morative, soulignant la pertinence durable de la vie b\u00e9n\u00e9dictine comme r\u00e9ponse porteuse d&rsquo;espoir aux d\u00e9fis contemporains. <\/p>\n","protected":false},"author":1,"featured_media":13867,"comment_status":"closed","ping_status":"closed","sticky":false,"template":"","format":"standard","meta":{"footnotes":""},"categories":[183,187],"tags":[371,201],"class_list":["post-13865","post","type-post","status-publish","format-standard","has-post-thumbnail","hentry","category-nexus-fr","category-nouvelles-fr","tag-nexus-rapport-sur-le-monde-benedictin","tag-nexus-juin-2025-fr"],"cc_featured_image_caption":{"caption_text":false,"source_text":false,"source_url":false},"_links":{"self":[{"href":"https:\/\/osb.org\/fr\/wp-json\/wp\/v2\/posts\/13865","targetHints":{"allow":["GET"]}}],"collection":[{"href":"https:\/\/osb.org\/fr\/wp-json\/wp\/v2\/posts"}],"about":[{"href":"https:\/\/osb.org\/fr\/wp-json\/wp\/v2\/types\/post"}],"author":[{"embeddable":true,"href":"https:\/\/osb.org\/fr\/wp-json\/wp\/v2\/users\/1"}],"replies":[{"embeddable":true,"href":"https:\/\/osb.org\/fr\/wp-json\/wp\/v2\/comments?post=13865"}],"version-history":[{"count":0,"href":"https:\/\/osb.org\/fr\/wp-json\/wp\/v2\/posts\/13865\/revisions"}],"wp:featuredmedia":[{"embeddable":true,"href":"https:\/\/osb.org\/fr\/wp-json\/wp\/v2\/media\/13867"}],"wp:attachment":[{"href":"https:\/\/osb.org\/fr\/wp-json\/wp\/v2\/media?parent=13865"}],"wp:term":[{"taxonomy":"category","embeddable":true,"href":"https:\/\/osb.org\/fr\/wp-json\/wp\/v2\/categories?post=13865"},{"taxonomy":"post_tag","embeddable":true,"href":"https:\/\/osb.org\/fr\/wp-json\/wp\/v2\/tags?post=13865"}],"curies":[{"name":"wp","href":"https:\/\/api.w.org\/{rel}","templated":true}]}}