{"id":13776,"date":"2025-06-03T17:28:31","date_gmt":"2025-06-03T15:28:31","guid":{"rendered":"https:\/\/osb.org\/2025\/06\/03\/une-election-historique-pour-la-congregation-des-benedictins-sylvestrins\/"},"modified":"2025-09-17T12:35:05","modified_gmt":"2025-09-17T10:35:05","slug":"une-election-historique-pour-la-congregation-des-benedictins-sylvestrins","status":"publish","type":"post","link":"https:\/\/osb.org\/fr\/2025\/06\/03\/une-election-historique-pour-la-congregation-des-benedictins-sylvestrins\/","title":{"rendered":"Une \u00e9lection historique pour la congr\u00e9gation des B\u00e9n\u00e9dictins sylvestrins"},"content":{"rendered":"<p><div class=\"fusion-fullwidth fullwidth-box fusion-builder-row-1 fusion-flex-container has-pattern-background has-mask-background hundred-percent-fullwidth non-hundred-percent-height-scrolling\" style=\"--awb-border-sizes-bottom:1px;--awb-border-color:var(--awb-custom11);--awb-border-radius-top-left:0px;--awb-border-radius-top-right:0px;--awb-border-radius-bottom-right:0px;--awb-border-radius-bottom-left:0px;--awb-padding-right:60px;--awb-padding-bottom:20px;--awb-padding-left:60px;--awb-padding-right-small:30px;--awb-padding-left-small:30px;--awb-margin-top-medium:1px;--awb-margin-top-small:0px;--awb-flex-wrap:wrap;\" ><div class=\"fusion-builder-row fusion-row fusion-flex-align-items-center fusion-flex-justify-content-flex-end fusion-flex-content-wrap\" style=\"width:calc( 100% + 60px ) !important;max-width:calc( 100% + 60px ) !important;margin-left: calc(-60px \/ 2 );margin-right: calc(-60px \/ 2 );\"><div class=\"fusion-layout-column fusion_builder_column fusion-builder-column-0 fusion_builder_column_1_2 1_2 fusion-flex-column\" style=\"--awb-padding-right:60px;--awb-padding-left:60px;--awb-padding-right-small:0px;--awb-padding-left-small:0px;--awb-bg-size:cover;--awb-width-large:50%;--awb-margin-top-large:0px;--awb-spacing-right-large:30px;--awb-margin-bottom-large:20px;--awb-spacing-left-large:30px;--awb-width-medium:100%;--awb-order-medium:0;--awb-margin-top-medium:20px;--awb-spacing-right-medium:30px;--awb-margin-bottom-medium:0px;--awb-spacing-left-medium:30px;--awb-width-small:100%;--awb-order-small:0;--awb-spacing-right-small:30px;--awb-spacing-left-small:30px;\"><div class=\"fusion-column-wrapper fusion-column-has-shadow fusion-flex-justify-content-flex-start fusion-content-layout-column\"><div class=\"fusion-title title fusion-title-1 fusion-sep-none fusion-title-text fusion-title-size-one\" style=\"--awb-text-color:var(--awb-custom13);--awb-margin-top-small:0px;--awb-margin-right-small:0px;--awb-margin-bottom-small:20px;--awb-margin-left-small:0px;--awb-font-size:40px;\"><h1 class=\"fusion-title-heading title-heading-left md-text-align-center fusion-responsive-typography-calculated\" style=\"font-family:var(--awb-typography1-font-family);font-weight:var(--awb-typography1-font-weight);font-style:var(--awb-typography1-font-style);margin:0;letter-spacing:var(--awb-typography1-letter-spacing);text-transform:var(--awb-typography1-text-transform);font-size:1em;--fontSize:40;line-height:var(--awb-typography1-line-height);\">Une \u00e9lection historique pour la congr\u00e9gation des B\u00e9n\u00e9dictins sylvestrins<\/h1><\/div><div class=\"fusion-text fusion-text-1 fusion-no-small-visibility fusion-no-medium-visibility\" style=\"--awb-font-size:var(--awb-typography3-font-size);--awb-line-height:var(--awb-typography3-line-height);--awb-letter-spacing:var(--awb-typography3-letter-spacing);--awb-text-transform:var(--awb-typography3-text-transform);--awb-text-color:var(--awb-custom12);--awb-text-font-family:var(--awb-typography3-font-family);--awb-text-font-weight:var(--awb-typography3-font-weight);--awb-text-font-style:var(--awb-typography3-font-style);\"><p>Le Tr\u00e8s R\u00e9v\u00e9rend Docteur Shamindra Jayawardena OSB a \u00e9t\u00e9 \u00e9lu comme nouvel Abb\u00e9 G\u00e9n\u00e9ral de la Congr\u00e9gation des B\u00e9n\u00e9dictins sylvestrins. Cette \u00e9lection historique du 28 mai 2025 fait de lui le premier Sri Lankais \u00e0 occuper ce poste, et le Chapitre G\u00e9n\u00e9ral s'est tenu pour la premi\u00e8re fois hors d'Italie. <\/p>\n<\/div><\/div><\/div><div class=\"fusion-layout-column fusion_builder_column fusion-builder-column-1 fusion_builder_column_1_2 1_2 fusion-flex-column\" style=\"--awb-bg-size:cover;--awb-width-large:50%;--awb-margin-top-large:0px;--awb-spacing-right-large:30px;--awb-margin-bottom-large:0px;--awb-spacing-left-large:30px;--awb-width-medium:100%;--awb-order-medium:0;--awb-spacing-right-medium:30px;--awb-spacing-left-medium:30px;--awb-width-small:100%;--awb-order-small:0;--awb-spacing-right-small:30px;--awb-spacing-left-small:30px;\"><div class=\"fusion-column-wrapper fusion-column-has-shadow fusion-flex-justify-content-flex-start fusion-content-layout-column\"><div class=\"fusion-image-element \" style=\"--awb-caption-title-font-family:var(--h2_typography-font-family);--awb-caption-title-font-weight:var(--h2_typography-font-weight);--awb-caption-title-font-style:var(--h2_typography-font-style);--awb-caption-title-size:var(--h2_typography-font-size);--awb-caption-title-transform:var(--h2_typography-text-transform);--awb-caption-title-line-height:var(--h2_typography-line-height);--awb-caption-title-letter-spacing:var(--h2_typography-letter-spacing);\"><span class=\" fusion-imageframe imageframe-none imageframe-1 hover-type-none\" style=\"border:1px solid var(--awb-custom10);\"><a href=\"https:\/\/osb.org\/wp-content\/uploads\/2025\/06\/1000010420.jpg\" class=\"fusion-lightbox\" data-rel=\"iLightbox[d7c0e941a50b6a0ce7b]\" data-title=\"1000010420\" title=\"1000010420\"><img decoding=\"async\" width=\"1920\" height=\"1080\" src=\"https:\/\/osb.org\/wp-content\/uploads\/2025\/06\/1000010420.jpg\" data-orig-src=\"https:\/\/osb.org\/wp-content\/uploads\/2025\/06\/1000010420.jpg\" alt class=\"lazyload img-responsive wp-image-13777\" srcset=\"data:image\/svg+xml,%3Csvg%20xmlns%3D%27http%3A%2F%2Fwww.w3.org%2F2000%2Fsvg%27%20width%3D%271920%27%20height%3D%271080%27%20viewBox%3D%270%200%201920%201080%27%3E%3Crect%20width%3D%271920%27%20height%3D%271080%27%20fill-opacity%3D%220%22%2F%3E%3C%2Fsvg%3E\" data-srcset=\"https:\/\/osb.org\/wp-content\/uploads\/2025\/06\/1000010420-200x113.jpg 200w, https:\/\/osb.org\/wp-content\/uploads\/2025\/06\/1000010420-400x225.jpg 400w, https:\/\/osb.org\/wp-content\/uploads\/2025\/06\/1000010420-600x338.jpg 600w, https:\/\/osb.org\/wp-content\/uploads\/2025\/06\/1000010420-800x450.jpg 800w, https:\/\/osb.org\/wp-content\/uploads\/2025\/06\/1000010420-1200x675.jpg 1200w, https:\/\/osb.org\/wp-content\/uploads\/2025\/06\/1000010420.jpg 1920w\" data-sizes=\"auto\" data-orig-sizes=\"(max-width: 1024px) 100vw, (max-width: 640px) 100vw, 600px\" \/><\/a><\/span><\/div><div class=\"fusion-text fusion-text-2 fusion-text-no-margin\" style=\"--awb-font-size:var(--awb-typography5-font-size);--awb-line-height:var(--awb-typography5-line-height);--awb-letter-spacing:var(--awb-typography5-letter-spacing);--awb-text-transform:var(--awb-typography5-text-transform);--awb-text-color:var(--awb-custom11);--awb-margin-top:12px;--awb-margin-bottom:12px;--awb-text-font-family:var(--awb-typography5-font-family);--awb-text-font-weight:var(--awb-typography5-font-weight);--awb-text-font-style:var(--awb-typography5-font-style);\"><\/div><\/div><\/div><div class=\"fusion-layout-column fusion_builder_column fusion-builder-column-2 fusion_builder_column_1_2 1_2 fusion-flex-column\" style=\"--awb-bg-size:cover;--awb-width-large:50%;--awb-margin-top-large:0px;--awb-spacing-right-large:30px;--awb-margin-bottom-large:0px;--awb-spacing-left-large:30px;--awb-width-medium:100%;--awb-order-medium:0;--awb-spacing-right-medium:30px;--awb-spacing-left-medium:30px;--awb-width-small:100%;--awb-order-small:0;--awb-spacing-right-small:30px;--awb-spacing-left-small:30px;\"><div class=\"fusion-column-wrapper fusion-column-has-shadow fusion-flex-justify-content-flex-start fusion-content-layout-column\"><div class=\"fusion-separator fusion-full-width-sep\" style=\"align-self: center;margin-left: auto;margin-right: auto;width:100%;\"><div class=\"fusion-separator-border sep-single sep-solid\" style=\"--awb-height:20px;--awb-amount:20px;--awb-sep-color:var(--awb-color4);border-color:var(--awb-color4);border-top-width:3px;\"><\/div><\/div><\/div><\/div><\/div><\/div><div class=\"fusion-fullwidth fullwidth-box fusion-builder-row-2 fusion-flex-container has-pattern-background has-mask-background hundred-percent-fullwidth non-hundred-percent-height-scrolling\" style=\"--awb-border-radius-top-left:0px;--awb-border-radius-top-right:0px;--awb-border-radius-bottom-right:0px;--awb-border-radius-bottom-left:0px;--awb-padding-right:60px;--awb-padding-left:60px;--awb-padding-right-medium:60px;--awb-padding-left-medium:60px;--awb-padding-right-small:30px;--awb-padding-left-small:30px;--awb-margin-top:30px;--awb-margin-top-small:0px;--awb-flex-wrap:wrap;\" ><div class=\"fusion-builder-row fusion-row fusion-flex-align-items-flex-start fusion-flex-justify-content-center fusion-flex-content-wrap\" style=\"width:calc( 100% + 60px ) !important;max-width:calc( 100% + 60px ) !important;margin-left: calc(-60px \/ 2 );margin-right: calc(-60px \/ 2 );\"><div class=\"fusion-layout-column fusion_builder_column fusion-builder-column-3 fusion_builder_column_2_5 2_5 fusion-flex-column\" style=\"--awb-bg-blend:overlay;--awb-bg-size:cover;--awb-width-large:40%;--awb-margin-top-large:0px;--awb-spacing-right-large:30px;--awb-margin-bottom-large:20px;--awb-spacing-left-large:30px;--awb-width-medium:75%;--awb-order-medium:0;--awb-spacing-right-medium:30px;--awb-spacing-left-medium:30px;--awb-width-small:100%;--awb-order-small:0;--awb-spacing-right-small:30px;--awb-spacing-left-small:30px;\"><div class=\"fusion-column-wrapper fusion-flex-justify-content-flex-start fusion-content-layout-column\"><div class=\"fusion-builder-row fusion-builder-row-inner fusion-row fusion-flex-align-items-flex-start fusion-flex-justify-content-center fusion-flex-content-wrap\" style=\"--awb-flex-grow:0;--awb-flex-grow-medium:0;--awb-flex-grow-small:0;--awb-flex-shrink:0;--awb-flex-shrink-medium:0;--awb-flex-shrink-small:0;width:calc( 100% + 60px ) !important;max-width:calc( 100% + 60px ) !important;margin-left: calc(-60px \/ 2 );margin-right: calc(-60px \/ 2 );\"><div class=\"fusion-layout-column fusion_builder_column_inner fusion-builder-nested-column-0 fusion_builder_column_inner_1_2 1_2 fusion-flex-column fusion-flex-align-self-center\" style=\"--awb-bg-size:cover;--awb-width-large:50%;--awb-margin-top-large:0px;--awb-spacing-right-large:30px;--awb-margin-bottom-large:0px;--awb-spacing-left-large:30px;--awb-width-medium:50%;--awb-order-medium:0;--awb-spacing-right-medium:30px;--awb-spacing-left-medium:30px;--awb-width-small:100%;--awb-order-small:1;--awb-spacing-right-small:30px;--awb-margin-bottom-small:20px;--awb-spacing-left-small:30px;\"><div class=\"fusion-column-wrapper fusion-column-has-shadow fusion-flex-justify-content-center fusion-content-layout-column\"><div class=\"fusion-text fusion-text-3 fusion-text-no-margin\" style=\"--awb-font-size:var(--awb-typography5-font-size);--awb-line-height:var(--awb-typography5-line-height);--awb-letter-spacing:var(--awb-typography5-letter-spacing);--awb-text-transform:var(--awb-typography5-text-transform);--awb-text-color:var(--awb-custom11);--awb-margin-top:0px;--awb-margin-right:0px;--awb-margin-bottom:0px;--awb-margin-left:0px;--awb-text-font-family:var(--awb-typography5-font-family);--awb-text-font-weight:var(--awb-typography5-font-weight);--awb-text-font-style:var(--awb-typography5-font-style);\"><p>3 juin 2025<\/p>\n<\/div><\/div><\/div><div class=\"fusion-layout-column fusion_builder_column_inner fusion-builder-nested-column-1 fusion_builder_column_inner_1_2 1_2 fusion-flex-column fusion-flex-align-self-center\" style=\"--awb-bg-size:cover;--awb-width-large:50%;--awb-margin-top-large:0px;--awb-spacing-right-large:30px;--awb-margin-bottom-large:0px;--awb-spacing-left-large:30px;--awb-width-medium:50%;--awb-order-medium:0;--awb-spacing-right-medium:30px;--awb-spacing-left-medium:30px;--awb-width-small:100%;--awb-order-small:0;--awb-margin-top-small:0px;--awb-spacing-right-small:30px;--awb-spacing-left-small:30px;\"><div class=\"fusion-column-wrapper fusion-column-has-shadow fusion-flex-justify-content-center fusion-content-layout-column\"><div class=\"fusion-sharing-box fusion-sharing-box-1 boxed-icons\" style=\"background-color:var(--awb-color1);border-color:var(--awb-color1);--awb-margin-top:0px;--awb-margin-right:0px;--awb-margin-bottom:0px;--awb-margin-left:0px;--awb-wrapper-padding-top:0px;--awb-wrapper-padding-right:0px;--awb-wrapper-padding-bottom:0px;--awb-wrapper-padding-left:0px;--awb-padding-top:0px;--awb-padding-right:0px;--awb-padding-bottom:0px;--awb-padding-left:0px;--awb-border-top:0px;--awb-border-right:0px;--awb-border-bottom:0px;--awb-border-left:0px;--awb-icon-size:12px;--awb-separator-border-color:#cccccc;--awb-separator-border-sizes:0px;--awb-stacked-align:flex-end;--awb-layout:row;--awb-alignment-small:flex-end;--awb-stacked-align-small:center;\" data-title=\"Une \u00e9lection historique pour la congr\u00e9gation des B\u00e9n\u00e9dictins sylvestrins\" data-description=\"Votre contenu va ici       \r\n\r\nNous avons la joie d&#039;annoncer l&#039;\u00e9lection du Tr\u00e8s R\u00e9v\u00e9rend Docteur Shamindra Jayawardena OSB comme nouvel Abb\u00e9 G\u00e9n\u00e9ral (Sup\u00e9rieur G\u00e9n\u00e9ral) de la Congr\u00e9gation des B\u00e9n\u00e9dictins sylvestrins. Cette \u00e9lection importante a eu lieu le 28 mai 2025, lors d&#039;un Chapitre\" data-link=\"https:\/\/osb.org\/fr\/2025\/06\/03\/une-election-historique-pour-la-congregation-des-benedictins-sylvestrins\/\"><div class=\"fusion-social-networks sharingbox-shortcode-icon-wrapper sharingbox-shortcode-icon-wrapper-1 boxed-icons\"><span><a href=\"https:\/\/www.facebook.com\/sharer.php?u=https%3A%2F%2Fosb.org%2Ffr%2F2025%2F06%2F03%2Fune-election-historique-pour-la-congregation-des-benedictins-sylvestrins%2F&amp;t=Une%20%C3%A9lection%20historique%20pour%20la%20congr%C3%A9gation%20des%20B%C3%A9n%C3%A9dictins%20sylvestrins\" target=\"_blank\" rel=\"noreferrer\" title=\"Facebook\" aria-label=\"Facebook\"><i class=\"fusion-social-network-icon fusion-tooltip fusion-facebook awb-icon-facebook\" style=\"color:var(--awb-custom11);background-color:#e8e8e8;border-color:#e8e8e8;border-radius:50%;\" aria-hidden=\"true\"><\/i><\/a><\/span><span><a href=\"https:\/\/x.com\/intent\/post?text=Une%20%C3%A9lection%20historique%20pour%20la%20congr%C3%A9gation%20des%20B%C3%A9n%C3%A9dictins%20sylvestrins&amp;url=https%3A%2F%2Fosb.org%2Ffr%2F2025%2F06%2F03%2Fune-election-historique-pour-la-congregation-des-benedictins-sylvestrins%2F\" target=\"_blank\" rel=\"noopener noreferrer\" title=\"X\" aria-label=\"X\"><i class=\"fusion-social-network-icon fusion-tooltip fusion-twitter awb-icon-twitter\" style=\"color:var(--awb-custom11);background-color:#e8e8e8;border-color:#e8e8e8;border-radius:50%;\" aria-hidden=\"true\"><\/i><\/a><\/span><span><a href=\"https:\/\/api.whatsapp.com\/send?text=https%3A%2F%2Fosb.org%2Ffr%2F2025%2F06%2F03%2Fune-election-historique-pour-la-congregation-des-benedictins-sylvestrins%2F\" target=\"_blank\" rel=\"noopener noreferrer\" title=\"WhatsApp\" aria-label=\"WhatsApp\"><i class=\"fusion-social-network-icon fusion-tooltip fusion-whatsapp awb-icon-whatsapp\" style=\"color:var(--awb-custom11);background-color:#e8e8e8;border-color:#e8e8e8;border-radius:50%;\" aria-hidden=\"true\"><\/i><\/a><\/span><span><a href=\"mailto:?subject=Une%20%C3%A9lection%20historique%20pour%20la%20congr%C3%A9gation%20des%20B%C3%A9n%C3%A9dictins%20sylvestrins&amp;body=https%3A%2F%2Fosb.org%2Ffr%2F2025%2F06%2F03%2Fune-election-historique-pour-la-congregation-des-benedictins-sylvestrins%2F\" target=\"_self\" title=\"Email\" aria-label=\"Email\"><i class=\"fusion-social-network-icon fusion-tooltip fusion-mail awb-icon-mail\" style=\"color:var(--awb-custom11);background-color:#e8e8e8;border-color:#e8e8e8;border-radius:50%;\" aria-hidden=\"true\"><\/i><\/a><\/span><\/div><\/div><\/div><\/div><\/div><div class=\"fusion-text fusion-text-4\"><p>Nous avons la joie d'annoncer l'\u00e9lection du Tr\u00e8s R\u00e9v\u00e9rend Docteur Shamindra Jayawardena OSB comme nouvel Abb\u00e9 G\u00e9n\u00e9ral (Sup\u00e9rieur G\u00e9n\u00e9ral) de la Congr\u00e9gation des B\u00e9n\u00e9dictins sylvestrins. Cette \u00e9lection importante a eu lieu le 28 mai 2025, lors d'un Chapitre G\u00e9n\u00e9ral qui a d\u00e9but\u00e9 le 15 mai 2025. <\/p>\n<p>Cette \u00e9lection marque plusieurs premi\u00e8res historiques pour la Congr\u00e9gation :<\/p>\n<ul>\n<li>Le P\u00e8re Shamindra devient le 119e successeur de Saint Sylvestre Guzzolini, le fondateur de l'ordre monastique.<\/li>\n<li>Il est le premier Sri Lankais \u00e0 \u00eatre \u00e9lu Abb\u00e9 G\u00e9n\u00e9ral.<\/li>\n<li>Il est la deuxi\u00e8me personne d'Asie \u00e0 diriger la Congr\u00e9gation.<\/li>\n<li>Le Chapitre G\u00e9n\u00e9ral o\u00f9 il a \u00e9t\u00e9 \u00e9lu est notamment le premier \u00e0 se tenir hors d'Italie dans l'histoire de la Congr\u00e9gation.<\/li>\n<\/ul>\n<p>N\u00e9 le 13 janvier 1972, le P\u00e8re Shamindra a prononc\u00e9 ses premiers v\u0153ux le 15 ao\u00fbt 1992 et ses v\u0153ux perp\u00e9tuels le 15 ao\u00fbt 1998. Il a \u00e9t\u00e9 ordonn\u00e9 pr\u00eatre le 21 d\u00e9cembre 2000. Avant cette \u00e9lection, il a servi comme Prieur Abb\u00e9 de la province r\u00e9gionale du Sri Lanka, ayant \u00e9t\u00e9 \u00e9lu en 2013 et r\u00e9\u00e9lu pour un second mandat en 2019. Il a \u00e9t\u00e9 \u00e9lu prieur abb\u00e9 du Sri Lanka le 21 novembre 2013.    <\/p>\n<p>La Congr\u00e9gation des B\u00e9n\u00e9dictins sylvestrins, fond\u00e9e par Saint Sylvestre Guzzolini \u00e0 Montefano, Italie, en 1231, suit la <em>R\u00e8gle de Saint Beno\u00eet<\/em>, mettant l'accent sur la pri\u00e8re, le travail et la vie communautaire. La Congr\u00e9gation a \u00e9tabli sa mission au Sri Lanka le 14 ao\u00fbt 1845, un petit centre missionnaire qui a fini par produire son premier Abb\u00e9 G\u00e9n\u00e9ral sri lankais. <\/p>\n<p>Nous adressons nos plus sinc\u00e8res f\u00e9licitations au Tr\u00e8s R\u00e9v\u00e9rend Docteur Shamindra Jayawardena OSB pour son \u00e9lection et prions pour que Dieu b\u00e9nisse sa nouvelle mission.<\/p>\n<\/div><div ><a class=\"fusion-button button-flat fusion-button-default-size button-custom fusion-button-default button-1 fusion-button-span-yes fusion-button-default-type\" style=\"--awb-margin-top:10px;--button_accent_color:#ffffff;--button_accent_hover_color:#ffffff;--button_border_hover_color:#ffffff;--button_gradient_top_color:#1f7aa7;--button_gradient_bottom_color:#1f7aa7;--button_gradient_top_color_hover:#72cee0;--button_gradient_bottom_color_hover:#72cee0;\" target=\"_self\" href=\"https:\/\/www.facebook.com\/sylvestrobenedictinessrilanka\"><span class=\"fusion-button-text awb-button__text awb-button__text--default\">Page Facebook<\/span><\/a><\/div><div ><a class=\"fusion-button button-flat fusion-button-default-size button-custom fusion-button-default button-2 fusion-button-span-yes fusion-button-default-type\" style=\"--awb-margin-top:10px;--button_accent_color:#ffffff;--button_accent_hover_color:#ffffff;--button_border_hover_color:#ffffff;--button_gradient_top_color:#1f7aa7;--button_gradient_bottom_color:#1f7aa7;--button_gradient_top_color_hover:#72cee0;--button_gradient_bottom_color_hover:#72cee0;\" target=\"_self\" href=\"http:\/\/www.silvestrini.org\/\"><span class=\"fusion-button-text awb-button__text awb-button__text--default\">site web |FR|<\/span><\/a><\/div><\/div><\/div><\/div><\/div><\/p>\n","protected":false},"excerpt":{"rendered":"<p>Le Tr\u00e8s R\u00e9v\u00e9rend Docteur Shamindra Jayawardena OSB a \u00e9t\u00e9 \u00e9lu comme nouvel Abb\u00e9 G\u00e9n\u00e9ral de la Congr\u00e9gation des B\u00e9n\u00e9dictins sylvestrins. Cette \u00e9lection historique du 28 mai 2025 fait de lui le premier Sri Lankais \u00e0 occuper ce poste, et le Chapitre G\u00e9n\u00e9ral s&rsquo;est tenu pour la premi\u00e8re fois hors d&rsquo;Italie. <\/p>\n","protected":false},"author":1,"featured_media":13777,"comment_status":"closed","ping_status":"closed","sticky":false,"template":"","format":"standard","meta":{"footnotes":""},"categories":[183,187],"tags":[371,201],"class_list":["post-13776","post","type-post","status-publish","format-standard","has-post-thumbnail","hentry","category-nexus-fr","category-nouvelles-fr","tag-nexus-rapport-sur-le-monde-benedictin","tag-nexus-juin-2025-fr"],"cc_featured_image_caption":{"caption_text":false,"source_text":false,"source_url":false},"_links":{"self":[{"href":"https:\/\/osb.org\/fr\/wp-json\/wp\/v2\/posts\/13776","targetHints":{"allow":["GET"]}}],"collection":[{"href":"https:\/\/osb.org\/fr\/wp-json\/wp\/v2\/posts"}],"about":[{"href":"https:\/\/osb.org\/fr\/wp-json\/wp\/v2\/types\/post"}],"author":[{"embeddable":true,"href":"https:\/\/osb.org\/fr\/wp-json\/wp\/v2\/users\/1"}],"replies":[{"embeddable":true,"href":"https:\/\/osb.org\/fr\/wp-json\/wp\/v2\/comments?post=13776"}],"version-history":[{"count":0,"href":"https:\/\/osb.org\/fr\/wp-json\/wp\/v2\/posts\/13776\/revisions"}],"wp:featuredmedia":[{"embeddable":true,"href":"https:\/\/osb.org\/fr\/wp-json\/wp\/v2\/media\/13777"}],"wp:attachment":[{"href":"https:\/\/osb.org\/fr\/wp-json\/wp\/v2\/media?parent=13776"}],"wp:term":[{"taxonomy":"category","embeddable":true,"href":"https:\/\/osb.org\/fr\/wp-json\/wp\/v2\/categories?post=13776"},{"taxonomy":"post_tag","embeddable":true,"href":"https:\/\/osb.org\/fr\/wp-json\/wp\/v2\/tags?post=13776"}],"curies":[{"name":"wp","href":"https:\/\/api.w.org\/{rel}","templated":true}]}}