{"id":13570,"date":"2025-06-30T17:04:26","date_gmt":"2025-06-30T15:04:26","guid":{"rendered":"https:\/\/osb.org\/2025\/06\/30\/le-pape-leon-xiv-sadresse-aux-vallombrosains\/"},"modified":"2025-09-16T16:42:53","modified_gmt":"2025-09-16T14:42:53","slug":"le-pape-leon-xiv-sadresse-aux-vallombrosains","status":"publish","type":"post","link":"https:\/\/osb.org\/fr\/2025\/06\/30\/le-pape-leon-xiv-sadresse-aux-vallombrosains\/","title":{"rendered":"Le pape L\u00e9on XIV s&rsquo;adresse aux vallombrosains"},"content":{"rendered":"<p><div class=\"fusion-fullwidth fullwidth-box fusion-builder-row-1 fusion-flex-container has-pattern-background has-mask-background hundred-percent-fullwidth non-hundred-percent-height-scrolling\" style=\"--awb-border-sizes-bottom:1px;--awb-border-color:var(--awb-custom11);--awb-border-radius-top-left:0px;--awb-border-radius-top-right:0px;--awb-border-radius-bottom-right:0px;--awb-border-radius-bottom-left:0px;--awb-padding-right:60px;--awb-padding-bottom:20px;--awb-padding-left:60px;--awb-padding-right-small:30px;--awb-padding-left-small:30px;--awb-margin-top-medium:1px;--awb-margin-top-small:0px;--awb-flex-wrap:wrap;\" ><div class=\"fusion-builder-row fusion-row fusion-flex-align-items-center fusion-flex-justify-content-flex-end fusion-flex-content-wrap\" style=\"width:calc( 100% + 60px ) !important;max-width:calc( 100% + 60px ) !important;margin-left: calc(-60px \/ 2 );margin-right: calc(-60px \/ 2 );\"><div class=\"fusion-layout-column fusion_builder_column fusion-builder-column-0 fusion_builder_column_1_2 1_2 fusion-flex-column\" style=\"--awb-padding-right:60px;--awb-padding-left:60px;--awb-padding-right-small:0px;--awb-padding-left-small:0px;--awb-bg-size:cover;--awb-width-large:50%;--awb-margin-top-large:0px;--awb-spacing-right-large:30px;--awb-margin-bottom-large:20px;--awb-spacing-left-large:30px;--awb-width-medium:100%;--awb-order-medium:0;--awb-margin-top-medium:20px;--awb-spacing-right-medium:30px;--awb-margin-bottom-medium:0px;--awb-spacing-left-medium:30px;--awb-width-small:100%;--awb-order-small:0;--awb-spacing-right-small:30px;--awb-spacing-left-small:30px;\"><div class=\"fusion-column-wrapper fusion-column-has-shadow fusion-flex-justify-content-flex-start fusion-content-layout-column\"><div class=\"fusion-title title fusion-title-1 fusion-sep-none fusion-title-text fusion-title-size-one\" style=\"--awb-text-color:var(--awb-custom13);--awb-margin-top-small:0px;--awb-margin-right-small:0px;--awb-margin-bottom-small:20px;--awb-margin-left-small:0px;--awb-font-size:40px;\"><h1 class=\"fusion-title-heading title-heading-left md-text-align-center fusion-responsive-typography-calculated\" style=\"font-family:var(--awb-typography1-font-family);font-weight:var(--awb-typography1-font-weight);font-style:var(--awb-typography1-font-style);margin:0;letter-spacing:var(--awb-typography1-letter-spacing);text-transform:var(--awb-typography1-text-transform);font-size:1em;--fontSize:40;line-height:var(--awb-typography1-line-height);\">Le pape L\u00e9on XIV s&rsquo;adresse aux vallombrosains<\/h1><\/div><div class=\"fusion-text fusion-text-1 fusion-no-small-visibility fusion-no-medium-visibility\" style=\"--awb-font-size:var(--awb-typography3-font-size);--awb-line-height:var(--awb-typography3-line-height);--awb-letter-spacing:var(--awb-typography3-letter-spacing);--awb-text-transform:var(--awb-typography3-text-transform);--awb-text-color:var(--awb-custom12);--awb-text-font-family:var(--awb-typography3-font-family);--awb-text-font-weight:var(--awb-typography3-font-weight);--awb-text-font-style:var(--awb-typography3-font-style);\"><p>Le pape L\u00e9on XIV a accueilli le nouvel Abb\u00e9 G\u00e9n\u00e9ral et tous les participants au Chapitre G\u00e9n\u00e9ral de la Congr\u00e9gation Vallombrosaine le 28 juin 2025, les exhortant \u00e0 maintenir leur fid\u00e9lit\u00e9 \u00e0 la simplicit\u00e9 \u00e9vang\u00e9lique.<\/p>\n<\/div><\/div><\/div><div class=\"fusion-layout-column fusion_builder_column fusion-builder-column-1 fusion_builder_column_1_2 1_2 fusion-flex-column\" style=\"--awb-bg-size:cover;--awb-width-large:50%;--awb-margin-top-large:0px;--awb-spacing-right-large:30px;--awb-margin-bottom-large:0px;--awb-spacing-left-large:30px;--awb-width-medium:100%;--awb-order-medium:0;--awb-spacing-right-medium:30px;--awb-spacing-left-medium:30px;--awb-width-small:100%;--awb-order-small:0;--awb-spacing-right-small:30px;--awb-spacing-left-small:30px;\"><div class=\"fusion-column-wrapper fusion-column-has-shadow fusion-flex-justify-content-flex-start fusion-content-layout-column\"><div class=\"fusion-image-element \" style=\"--awb-caption-title-font-family:var(--h2_typography-font-family);--awb-caption-title-font-weight:var(--h2_typography-font-weight);--awb-caption-title-font-style:var(--h2_typography-font-style);--awb-caption-title-size:var(--h2_typography-font-size);--awb-caption-title-transform:var(--h2_typography-text-transform);--awb-caption-title-line-height:var(--h2_typography-line-height);--awb-caption-title-letter-spacing:var(--h2_typography-letter-spacing);\"><span class=\" fusion-imageframe imageframe-none imageframe-1 hover-type-none\" style=\"border:1px solid var(--awb-custom10);\"><a href=\"https:\/\/osb.org\/wp-content\/uploads\/2025\/06\/Santa_Trinita_16_Neri_di_Bicci.jpg\" class=\"fusion-lightbox\" data-rel=\"iLightbox[c975621d4b0f7d56c1a]\" data-title=\"Santa_Trinita_16_Neri_di_Bicci\" title=\"Santa_Trinita_16_Neri_di_Bicci\"><img decoding=\"async\" width=\"1200\" height=\"675\" src=\"https:\/\/osb.org\/wp-content\/uploads\/2025\/06\/Santa_Trinita_16_Neri_di_Bicci.jpg\" data-orig-src=\"https:\/\/osb.org\/wp-content\/uploads\/2025\/06\/Santa_Trinita_16_Neri_di_Bicci.jpg\" alt class=\"lazyload img-responsive wp-image-13571\" srcset=\"data:image\/svg+xml,%3Csvg%20xmlns%3D%27http%3A%2F%2Fwww.w3.org%2F2000%2Fsvg%27%20width%3D%271200%27%20height%3D%27675%27%20viewBox%3D%270%200%201200%20675%27%3E%3Crect%20width%3D%271200%27%20height%3D%27675%27%20fill-opacity%3D%220%22%2F%3E%3C%2Fsvg%3E\" data-srcset=\"https:\/\/osb.org\/wp-content\/uploads\/2025\/06\/Santa_Trinita_16_Neri_di_Bicci-200x113.jpg 200w, https:\/\/osb.org\/wp-content\/uploads\/2025\/06\/Santa_Trinita_16_Neri_di_Bicci-400x225.jpg 400w, https:\/\/osb.org\/wp-content\/uploads\/2025\/06\/Santa_Trinita_16_Neri_di_Bicci-600x338.jpg 600w, https:\/\/osb.org\/wp-content\/uploads\/2025\/06\/Santa_Trinita_16_Neri_di_Bicci-800x450.jpg 800w, https:\/\/osb.org\/wp-content\/uploads\/2025\/06\/Santa_Trinita_16_Neri_di_Bicci.jpg 1200w\" data-sizes=\"auto\" data-orig-sizes=\"(max-width: 1024px) 100vw, (max-width: 640px) 100vw, 600px\" \/><\/a><\/span><\/div><div class=\"fusion-text fusion-text-2 fusion-text-no-margin\" style=\"--awb-font-size:var(--awb-typography5-font-size);--awb-line-height:var(--awb-typography5-line-height);--awb-letter-spacing:var(--awb-typography5-letter-spacing);--awb-text-transform:var(--awb-typography5-text-transform);--awb-text-color:var(--awb-custom11);--awb-margin-top:12px;--awb-margin-bottom:12px;--awb-text-font-family:var(--awb-typography5-font-family);--awb-text-font-weight:var(--awb-typography5-font-weight);--awb-text-font-style:var(--awb-typography5-font-style);\"><\/div><\/div><\/div><div class=\"fusion-layout-column fusion_builder_column fusion-builder-column-2 fusion_builder_column_1_2 1_2 fusion-flex-column\" style=\"--awb-bg-size:cover;--awb-width-large:50%;--awb-margin-top-large:0px;--awb-spacing-right-large:30px;--awb-margin-bottom-large:0px;--awb-spacing-left-large:30px;--awb-width-medium:100%;--awb-order-medium:0;--awb-spacing-right-medium:30px;--awb-spacing-left-medium:30px;--awb-width-small:100%;--awb-order-small:0;--awb-spacing-right-small:30px;--awb-spacing-left-small:30px;\"><div class=\"fusion-column-wrapper fusion-column-has-shadow fusion-flex-justify-content-flex-start fusion-content-layout-column\"><div class=\"fusion-separator fusion-full-width-sep\" style=\"align-self: center;margin-left: auto;margin-right: auto;width:100%;\"><div class=\"fusion-separator-border sep-single sep-solid\" style=\"--awb-height:20px;--awb-amount:20px;--awb-sep-color:var(--awb-color4);border-color:var(--awb-color4);border-top-width:3px;\"><\/div><\/div><\/div><\/div><\/div><\/div><div class=\"fusion-fullwidth fullwidth-box fusion-builder-row-2 fusion-flex-container has-pattern-background has-mask-background hundred-percent-fullwidth non-hundred-percent-height-scrolling\" style=\"--awb-border-radius-top-left:0px;--awb-border-radius-top-right:0px;--awb-border-radius-bottom-right:0px;--awb-border-radius-bottom-left:0px;--awb-padding-right:60px;--awb-padding-left:60px;--awb-padding-right-medium:60px;--awb-padding-left-medium:60px;--awb-padding-right-small:30px;--awb-padding-left-small:30px;--awb-margin-top:30px;--awb-margin-top-small:0px;--awb-flex-wrap:wrap;\" ><div class=\"fusion-builder-row fusion-row fusion-flex-align-items-flex-start fusion-flex-justify-content-center fusion-flex-content-wrap\" style=\"width:calc( 100% + 60px ) !important;max-width:calc( 100% + 60px ) !important;margin-left: calc(-60px \/ 2 );margin-right: calc(-60px \/ 2 );\"><div class=\"fusion-layout-column fusion_builder_column fusion-builder-column-3 fusion_builder_column_2_5 2_5 fusion-flex-column\" style=\"--awb-bg-blend:overlay;--awb-bg-size:cover;--awb-width-large:40%;--awb-margin-top-large:0px;--awb-spacing-right-large:30px;--awb-margin-bottom-large:20px;--awb-spacing-left-large:30px;--awb-width-medium:75%;--awb-order-medium:0;--awb-spacing-right-medium:30px;--awb-spacing-left-medium:30px;--awb-width-small:100%;--awb-order-small:0;--awb-spacing-right-small:30px;--awb-spacing-left-small:30px;\"><div class=\"fusion-column-wrapper fusion-flex-justify-content-flex-start fusion-content-layout-column\"><div class=\"fusion-builder-row fusion-builder-row-inner fusion-row fusion-flex-align-items-flex-start fusion-flex-justify-content-center fusion-flex-content-wrap\" style=\"--awb-flex-grow:0;--awb-flex-grow-medium:0;--awb-flex-grow-small:0;--awb-flex-shrink:0;--awb-flex-shrink-medium:0;--awb-flex-shrink-small:0;width:calc( 100% + 60px ) !important;max-width:calc( 100% + 60px ) !important;margin-left: calc(-60px \/ 2 );margin-right: calc(-60px \/ 2 );\"><div class=\"fusion-layout-column fusion_builder_column_inner fusion-builder-nested-column-0 fusion_builder_column_inner_1_2 1_2 fusion-flex-column fusion-flex-align-self-center\" style=\"--awb-bg-size:cover;--awb-width-large:50%;--awb-margin-top-large:0px;--awb-spacing-right-large:30px;--awb-margin-bottom-large:0px;--awb-spacing-left-large:30px;--awb-width-medium:50%;--awb-order-medium:0;--awb-spacing-right-medium:30px;--awb-spacing-left-medium:30px;--awb-width-small:100%;--awb-order-small:1;--awb-spacing-right-small:30px;--awb-margin-bottom-small:20px;--awb-spacing-left-small:30px;\"><div class=\"fusion-column-wrapper fusion-column-has-shadow fusion-flex-justify-content-center fusion-content-layout-column\"><div class=\"fusion-text fusion-text-3 fusion-text-no-margin\" style=\"--awb-font-size:var(--awb-typography5-font-size);--awb-line-height:var(--awb-typography5-line-height);--awb-letter-spacing:var(--awb-typography5-letter-spacing);--awb-text-transform:var(--awb-typography5-text-transform);--awb-text-color:var(--awb-custom11);--awb-margin-top:0px;--awb-margin-right:0px;--awb-margin-bottom:0px;--awb-margin-left:0px;--awb-text-font-family:var(--awb-typography5-font-family);--awb-text-font-weight:var(--awb-typography5-font-weight);--awb-text-font-style:var(--awb-typography5-font-style);\"><p>30 juin 2025<\/p>\n<\/div><\/div><\/div><div class=\"fusion-layout-column fusion_builder_column_inner fusion-builder-nested-column-1 fusion_builder_column_inner_1_2 1_2 fusion-flex-column fusion-flex-align-self-center\" style=\"--awb-bg-size:cover;--awb-width-large:50%;--awb-margin-top-large:0px;--awb-spacing-right-large:30px;--awb-margin-bottom-large:0px;--awb-spacing-left-large:30px;--awb-width-medium:50%;--awb-order-medium:0;--awb-spacing-right-medium:30px;--awb-spacing-left-medium:30px;--awb-width-small:100%;--awb-order-small:0;--awb-margin-top-small:0px;--awb-spacing-right-small:30px;--awb-spacing-left-small:30px;\"><div class=\"fusion-column-wrapper fusion-column-has-shadow fusion-flex-justify-content-center fusion-content-layout-column\"><div class=\"fusion-sharing-box fusion-sharing-box-1 boxed-icons\" style=\"background-color:var(--awb-color1);border-color:var(--awb-color1);--awb-margin-top:0px;--awb-margin-right:0px;--awb-margin-bottom:0px;--awb-margin-left:0px;--awb-wrapper-padding-top:0px;--awb-wrapper-padding-right:0px;--awb-wrapper-padding-bottom:0px;--awb-wrapper-padding-left:0px;--awb-padding-top:0px;--awb-padding-right:0px;--awb-padding-bottom:0px;--awb-padding-left:0px;--awb-border-top:0px;--awb-border-right:0px;--awb-border-bottom:0px;--awb-border-left:0px;--awb-icon-size:12px;--awb-separator-border-color:#cccccc;--awb-separator-border-sizes:0px;--awb-stacked-align:flex-end;--awb-layout:row;--awb-alignment-small:flex-end;--awb-stacked-align-small:center;\" data-title=\"Le pape L\u00e9on XIV s&rsquo;adresse aux vallombrosains\" data-description=\"Votre contenu va ici       \r\n\r\nSur un ton pastoral et mesur\u00e9, le pape L\u00e9on XIV a exprim\u00e9 sa gratitude pour le t\u00e9moignage vallombrosain : \u00ab votre vie monastique... rappelle \u00e0 toute l&#039;\u00c9glise la primaut\u00e9 de Dieu comme source de joie et fondement de\" data-link=\"https:\/\/osb.org\/fr\/2025\/06\/30\/le-pape-leon-xiv-sadresse-aux-vallombrosains\/\"><div class=\"fusion-social-networks sharingbox-shortcode-icon-wrapper sharingbox-shortcode-icon-wrapper-1 boxed-icons\"><span><a href=\"https:\/\/www.facebook.com\/sharer.php?u=https%3A%2F%2Fosb.org%2Ffr%2F2025%2F06%2F30%2Fle-pape-leon-xiv-sadresse-aux-vallombrosains%2F&amp;t=Le%20pape%20L%C3%A9on%20XIV%20s%26rsquo%3Badresse%20aux%20vallombrosains\" target=\"_blank\" rel=\"noreferrer\" title=\"Facebook\" aria-label=\"Facebook\"><i class=\"fusion-social-network-icon fusion-tooltip fusion-facebook awb-icon-facebook\" style=\"color:var(--awb-custom11);background-color:#e8e8e8;border-color:#e8e8e8;border-radius:50%;\" aria-hidden=\"true\"><\/i><\/a><\/span><span><a href=\"https:\/\/x.com\/intent\/post?text=Le%20pape%20L%C3%A9on%20XIV%20s%E2%80%99adresse%20aux%20vallombrosains&amp;url=https%3A%2F%2Fosb.org%2Ffr%2F2025%2F06%2F30%2Fle-pape-leon-xiv-sadresse-aux-vallombrosains%2F\" target=\"_blank\" rel=\"noopener noreferrer\" title=\"X\" aria-label=\"X\"><i class=\"fusion-social-network-icon fusion-tooltip fusion-twitter awb-icon-twitter\" style=\"color:var(--awb-custom11);background-color:#e8e8e8;border-color:#e8e8e8;border-radius:50%;\" aria-hidden=\"true\"><\/i><\/a><\/span><span><a href=\"https:\/\/api.whatsapp.com\/send?text=https%3A%2F%2Fosb.org%2Ffr%2F2025%2F06%2F30%2Fle-pape-leon-xiv-sadresse-aux-vallombrosains%2F\" target=\"_blank\" rel=\"noopener noreferrer\" title=\"WhatsApp\" aria-label=\"WhatsApp\"><i class=\"fusion-social-network-icon fusion-tooltip fusion-whatsapp awb-icon-whatsapp\" style=\"color:var(--awb-custom11);background-color:#e8e8e8;border-color:#e8e8e8;border-radius:50%;\" aria-hidden=\"true\"><\/i><\/a><\/span><span><a href=\"mailto:?subject=Le%20pape%20L%C3%A9on%20XIV%20s%26rsquo%3Badresse%20aux%20vallombrosains&amp;body=https%3A%2F%2Fosb.org%2Ffr%2F2025%2F06%2F30%2Fle-pape-leon-xiv-sadresse-aux-vallombrosains%2F\" target=\"_self\" title=\"Email\" aria-label=\"Email\"><i class=\"fusion-social-network-icon fusion-tooltip fusion-mail awb-icon-mail\" style=\"color:var(--awb-custom11);background-color:#e8e8e8;border-color:#e8e8e8;border-radius:50%;\" aria-hidden=\"true\"><\/i><\/a><\/span><\/div><\/div><\/div><\/div><\/div><div class=\"fusion-text fusion-text-4\"><p>Sur un ton pastoral et mesur\u00e9, le pape L\u00e9on XIV a exprim\u00e9 sa gratitude pour le t\u00e9moignage vallombrosain : \u00ab votre vie monastique... rappelle \u00e0 toute l'\u00c9glise la primaut\u00e9 de Dieu comme source de joie et fondement de la transformation personnelle et sociale \u00bb. S'inspirant de leur fondateur, saint Jean Gualbert, il a reconnu la fragilit\u00e9 inh\u00e9rente tant aux d\u00e9buts monastiques qu'aux communaut\u00e9s d'aujourd'hui. Pourtant, il a r\u00e9affirm\u00e9 : enracin\u00e9 dans l'\u00c9vangile d\u00e9pouill\u00e9\u2014<i>sine glossa<\/i>\u2014le parfum de sa beaut\u00e9 perdure.  <\/p>\n<p>Soulignant l'appel constant au renouveau, le Pape a cit\u00e9 les paroles de saint Paul VI de 1973 sur l'\u00e9tablissement d'un <i>novum institutum<\/i> qui revient \u00e0 la pri\u00e8re authentique et \u00e0 la vie apostolique\u2014cela demeure \u00ab un levain de vie nouvelle \u00bb. Il a fait \u00e9cho au pape Fran\u00e7ois en soulignant la vocation continue de Vatican II : surmonter l'autor\u00e9f\u00e9rentialit\u00e9, embrasser la pauvret\u00e9, \u00e9couter les pauvres et renforcer la communion\u2014particuli\u00e8rement avec les autres congr\u00e9gations b\u00e9n\u00e9dictines\u2014pour rester fid\u00e8le \u00e0 la <em>R\u00e8gle<\/em> tout en s'engageant dans le monde d'aujourd'hui. Il a conclu par un encouragement plein d'espoir et a donn\u00e9 sa B\u00e9n\u00e9diction Apostolique.  <\/p>\n<h3><b>La congr\u00e9gation vallombrosaine : un bref historique<\/b><\/h3>\n<p>La Congr\u00e9gation Vallombrosaine a \u00e9t\u00e9 fond\u00e9e au d\u00e9but du XIe si\u00e8cle par saint Jean Gualbert, un noble florentin qui connut une profonde conversion apr\u00e8s avoir pardonn\u00e9 au meurtrier de son fr\u00e8re. Cherchant une vie de plus grande fid\u00e9lit\u00e9 \u00e0 l'\u00c9vangile, il \u00e9tablit le monast\u00e8re de Vallombrosa dans les collines toscanes, formant une communaut\u00e9 marqu\u00e9e par la discipline asc\u00e9tique, l'observance stricte de la <em>R\u00e8gle de saint Beno\u00eet<\/em> et un engagement envers la r\u00e9forme de l'\u00c9glise. <\/p>\n<p>La congr\u00e9gation s'est rapidement d\u00e9velopp\u00e9e au Moyen \u00c2ge et a jou\u00e9 un r\u00f4le notable dans la lutte contre la simonie. Elle fut l'une des premi\u00e8res \u00e0 organiser des fr\u00e8res convers pour soutenir la vie monastique. Bien qu'elle ait connu un d\u00e9clin dans les si\u00e8cles suivants, la congr\u00e9gation perdure aujourd'hui au sein de la Conf\u00e9d\u00e9ration B\u00e9n\u00e9dictine, avec sa maison-m\u00e8re toujours situ\u00e9e \u00e0 Vallombrosa et un petit nombre de monast\u00e8res poursuivant son h\u00e9ritage spirituel.  <\/p>\n<p>L'exhortation du Pape L\u00e9on invite la Congr\u00e9gation Vallombrosaine \u00e0 \u00eatre attentive \u00e0 ses origines avec une simplicit\u00e9, une unit\u00e9 et une pr\u00e9sence proph\u00e9tique renouvel\u00e9es. Ancr\u00e9s dans leur riche histoire\u2014de la mis\u00e9ricorde et la r\u00e9forme de Jean Gualbert \u00e0 l'influence m\u00e9di\u00e9vale\u2014ils sont appel\u00e9s aujourd'hui \u00e0 une fid\u00e9lit\u00e9 v\u00e9cue qui parle puissamment \u00e0 la culture contemporaine.<\/p>\n<\/div><div ><a class=\"fusion-button button-flat fusion-button-default-size button-custom fusion-button-default button-1 fusion-button-span-yes fusion-button-default-type\" style=\"--awb-margin-top:10px;--button_accent_color:#ffffff;--button_accent_hover_color:#ffffff;--button_border_hover_color:#ffffff;--button_gradient_top_color:#1f7aa7;--button_gradient_bottom_color:#1f7aa7;--button_gradient_top_color_hover:#72cee0;--button_gradient_bottom_color_hover:#72cee0;\" target=\"_blank\" rel=\"noopener noreferrer\" href=\"https:\/\/www.vatican.va\/content\/leo-xiv\/en\/speeches\/2025\/june\/documents\/20250628-congregazione-vallombrosana.html\"><span class=\"fusion-button-text awb-button__text awb-button__text--default\">DOCUMENT DU SITE DU VATICAN |FR|<\/span><\/a><\/div><div ><a class=\"fusion-button button-flat fusion-button-default-size button-custom fusion-button-default button-2 fusion-button-span-yes fusion-button-default-type\" style=\"--awb-margin-top:10px;--button_accent_color:#ffffff;--button_accent_hover_color:#ffffff;--button_border_hover_color:#ffffff;--button_gradient_top_color:#1f7aa7;--button_gradient_bottom_color:#1f7aa7;--button_gradient_top_color_hover:#72cee0;--button_gradient_bottom_color_hover:#72cee0;\" target=\"_blank\" rel=\"noopener noreferrer\" href=\"https:\/\/www.vatican.va\/content\/leo-xiv\/it\/speeches\/2025\/june\/documents\/20250628-congregazione-vallombrosana.html\"><span class=\"fusion-button-text awb-button__text awb-button__text--default\">DOCUMENT DU SITE DU VATICAN |IT|<\/span><\/a><\/div><div ><a class=\"fusion-button button-flat fusion-button-default-size button-custom fusion-button-default button-3 fusion-button-span-yes fusion-button-default-type\" style=\"--awb-margin-top:10px;--button_accent_color:#ffffff;--button_accent_hover_color:#ffffff;--button_border_hover_color:#ffffff;--button_gradient_top_color:#1f7aa7;--button_gradient_bottom_color:#1f7aa7;--button_gradient_top_color_hover:#72cee0;--button_gradient_bottom_color_hover:#72cee0;\" target=\"_blank\" rel=\"noopener noreferrer\" href=\"https:\/\/www.vatican.va\/content\/leo-xiv\/en\/events\/event.dir.html\/content\/vaticanevents\/en\/2025\/6\/28\/congregazione-vallombrosana.html\"><span class=\"fusion-button-text awb-button__text awb-button__text--default\">PHOTOS DU SITE DU VATICAN<\/span><\/a><\/div><div ><a class=\"fusion-button button-flat fusion-button-default-size button-custom fusion-button-default button-4 fusion-button-span-yes fusion-button-default-type\" style=\"--awb-margin-top:10px;--button_accent_color:#ffffff;--button_accent_hover_color:#ffffff;--button_border_hover_color:#ffffff;--button_gradient_top_color:#1f7aa7;--button_gradient_bottom_color:#1f7aa7;--button_gradient_top_color_hover:#72cee0;--button_gradient_bottom_color_hover:#72cee0;\" target=\"_blank\" rel=\"noopener noreferrer\" href=\"https:\/\/en.wikipedia.org\/wiki\/Vallombrosians\"><span class=\"fusion-button-text awb-button__text awb-button__text--default\">VALLOMBROSAINS WIKIP\u00c9DIA |FR|<\/span><\/a><\/div><div ><a class=\"fusion-button button-flat fusion-button-default-size button-custom fusion-button-default button-5 fusion-button-span-yes fusion-button-default-type\" style=\"--awb-margin-top:10px;--button_accent_color:#ffffff;--button_accent_hover_color:#ffffff;--button_border_hover_color:#ffffff;--button_gradient_top_color:#1f7aa7;--button_gradient_bottom_color:#1f7aa7;--button_gradient_top_color_hover:#72cee0;--button_gradient_bottom_color_hover:#72cee0;\" target=\"_blank\" rel=\"noopener noreferrer\" href=\"https:\/\/en.wikipedia.org\/wiki\/John_Gualbert\"><span class=\"fusion-button-text awb-button__text awb-button__text--default\">JEAN GUALBERT WIKIP\u00c9DIA |FR|<\/span><\/a><\/div><\/div><\/div><\/div><\/div><\/p>\n","protected":false},"excerpt":{"rendered":"<p>Le pape L\u00e9on XIV a accueilli le nouvel Abb\u00e9 G\u00e9n\u00e9ral et tous les participants au Chapitre G\u00e9n\u00e9ral de la Congr\u00e9gation Vallombrosaine le 28 juin 2025, les exhortant \u00e0 maintenir leur fid\u00e9lit\u00e9 \u00e0 la simplicit\u00e9 \u00e9vang\u00e9lique.<\/p>\n","protected":false},"author":1,"featured_media":13571,"comment_status":"closed","ping_status":"closed","sticky":false,"template":"","format":"standard","meta":{"footnotes":""},"categories":[183,187],"tags":[371,200],"class_list":["post-13570","post","type-post","status-publish","format-standard","has-post-thumbnail","hentry","category-nexus-fr","category-nouvelles-fr","tag-nexus-rapport-sur-le-monde-benedictin","tag-nexus-juillet-2025-fr"],"cc_featured_image_caption":{"caption_text":false,"source_text":false,"source_url":false},"_links":{"self":[{"href":"https:\/\/osb.org\/fr\/wp-json\/wp\/v2\/posts\/13570","targetHints":{"allow":["GET"]}}],"collection":[{"href":"https:\/\/osb.org\/fr\/wp-json\/wp\/v2\/posts"}],"about":[{"href":"https:\/\/osb.org\/fr\/wp-json\/wp\/v2\/types\/post"}],"author":[{"embeddable":true,"href":"https:\/\/osb.org\/fr\/wp-json\/wp\/v2\/users\/1"}],"replies":[{"embeddable":true,"href":"https:\/\/osb.org\/fr\/wp-json\/wp\/v2\/comments?post=13570"}],"version-history":[{"count":0,"href":"https:\/\/osb.org\/fr\/wp-json\/wp\/v2\/posts\/13570\/revisions"}],"wp:featuredmedia":[{"embeddable":true,"href":"https:\/\/osb.org\/fr\/wp-json\/wp\/v2\/media\/13571"}],"wp:attachment":[{"href":"https:\/\/osb.org\/fr\/wp-json\/wp\/v2\/media?parent=13570"}],"wp:term":[{"taxonomy":"category","embeddable":true,"href":"https:\/\/osb.org\/fr\/wp-json\/wp\/v2\/categories?post=13570"},{"taxonomy":"post_tag","embeddable":true,"href":"https:\/\/osb.org\/fr\/wp-json\/wp\/v2\/tags?post=13570"}],"curies":[{"name":"wp","href":"https:\/\/api.w.org\/{rel}","templated":true}]}}