{"id":13551,"date":"2025-04-18T19:21:27","date_gmt":"2025-04-18T17:21:27","guid":{"rendered":"https:\/\/osb.org\/2025\/04\/18\/evenements-elections-et-nominations-mars-avril\/"},"modified":"2025-09-16T15:34:06","modified_gmt":"2025-09-16T13:34:06","slug":"evenements-elections-et-nominations-mars-avril","status":"publish","type":"post","link":"https:\/\/osb.org\/fr\/2025\/04\/18\/evenements-elections-et-nominations-mars-avril\/","title":{"rendered":"\u00c9v\u00e9nements, \u00e9lections et nominations | Mars-avril"},"content":{"rendered":"<p><div class=\"fusion-fullwidth fullwidth-box fusion-builder-row-1 fusion-flex-container has-pattern-background has-mask-background hundred-percent-fullwidth non-hundred-percent-height-scrolling\" style=\"--awb-border-sizes-bottom:1px;--awb-border-color:var(--awb-custom11);--awb-border-radius-top-left:0px;--awb-border-radius-top-right:0px;--awb-border-radius-bottom-right:0px;--awb-border-radius-bottom-left:0px;--awb-padding-right:60px;--awb-padding-bottom:20px;--awb-padding-left:60px;--awb-padding-right-small:30px;--awb-padding-left-small:30px;--awb-margin-top-medium:1px;--awb-margin-top-small:0px;--awb-flex-wrap:wrap;\" ><div class=\"fusion-builder-row fusion-row fusion-flex-align-items-center fusion-flex-justify-content-flex-end fusion-flex-content-wrap\" style=\"width:calc( 100% + 60px ) !important;max-width:calc( 100% + 60px ) !important;margin-left: calc(-60px \/ 2 );margin-right: calc(-60px \/ 2 );\"><div class=\"fusion-layout-column fusion_builder_column fusion-builder-column-0 fusion_builder_column_1_2 1_2 fusion-flex-column\" style=\"--awb-padding-right:60px;--awb-padding-left:60px;--awb-padding-right-small:0px;--awb-padding-left-small:0px;--awb-bg-size:cover;--awb-width-large:50%;--awb-margin-top-large:0px;--awb-spacing-right-large:30px;--awb-margin-bottom-large:20px;--awb-spacing-left-large:30px;--awb-width-medium:100%;--awb-order-medium:0;--awb-margin-top-medium:20px;--awb-spacing-right-medium:30px;--awb-margin-bottom-medium:0px;--awb-spacing-left-medium:30px;--awb-width-small:100%;--awb-order-small:0;--awb-spacing-right-small:30px;--awb-spacing-left-small:30px;\"><div class=\"fusion-column-wrapper fusion-column-has-shadow fusion-flex-justify-content-flex-start fusion-content-layout-column\"><div class=\"fusion-title title fusion-title-1 fusion-sep-none fusion-title-text fusion-title-size-one\" style=\"--awb-text-color:var(--awb-custom13);--awb-margin-top-small:0px;--awb-margin-right-small:0px;--awb-margin-bottom-small:20px;--awb-margin-left-small:0px;--awb-font-size:40px;\"><h1 class=\"fusion-title-heading title-heading-left md-text-align-center fusion-responsive-typography-calculated\" style=\"font-family:var(--awb-typography1-font-family);font-weight:var(--awb-typography1-font-weight);font-style:var(--awb-typography1-font-style);margin:0;letter-spacing:var(--awb-typography1-letter-spacing);text-transform:var(--awb-typography1-text-transform);font-size:1em;--fontSize:40;line-height:var(--awb-typography1-line-height);\">\u00c9v\u00e9nements, \u00e9lections et nominations | Mars-avril<\/h1><\/div><div class=\"fusion-text fusion-text-1 fusion-no-small-visibility fusion-no-medium-visibility\" style=\"--awb-font-size:20px;--awb-line-height:var(--awb-typography5-line-height);--awb-letter-spacing:var(--awb-typography5-letter-spacing);--awb-text-transform:var(--awb-typography5-text-transform);--awb-text-color:var(--awb-custom12);--awb-text-font-family:var(--awb-typography5-font-family);--awb-text-font-weight:var(--awb-typography5-font-weight);--awb-text-font-style:var(--awb-typography5-font-style);\"><p>L'abb\u00e9 primat Jeremias partage de courts extraits de nouvelles de la Conf\u00e9d\u00e9ration.<\/p>\n<\/div><\/div><\/div><div class=\"fusion-layout-column fusion_builder_column fusion-builder-column-1 fusion_builder_column_1_2 1_2 fusion-flex-column\" style=\"--awb-bg-size:cover;--awb-width-large:50%;--awb-margin-top-large:0px;--awb-spacing-right-large:30px;--awb-margin-bottom-large:0px;--awb-spacing-left-large:30px;--awb-width-medium:100%;--awb-order-medium:0;--awb-spacing-right-medium:30px;--awb-spacing-left-medium:30px;--awb-width-small:100%;--awb-order-small:0;--awb-spacing-right-small:30px;--awb-spacing-left-small:30px;\"><div class=\"fusion-column-wrapper fusion-column-has-shadow fusion-flex-justify-content-flex-start fusion-content-layout-column\"><div class=\"fusion-image-element \" style=\"--awb-caption-title-font-family:var(--h2_typography-font-family);--awb-caption-title-font-weight:var(--h2_typography-font-weight);--awb-caption-title-font-style:var(--h2_typography-font-style);--awb-caption-title-size:var(--h2_typography-font-size);--awb-caption-title-transform:var(--h2_typography-text-transform);--awb-caption-title-line-height:var(--h2_typography-line-height);--awb-caption-title-letter-spacing:var(--h2_typography-letter-spacing);\"><span class=\" fusion-imageframe imageframe-none imageframe-1 hover-type-none\" style=\"border:1px solid var(--awb-custom10);\"><a href=\"https:\/\/osb.org\/wp-content\/uploads\/2025\/04\/CARLOS-M.-GARCIA-NIETO-DSC_0102-copy.jpg\" class=\"fusion-lightbox\" data-rel=\"iLightbox[2c30b8c292062127179]\" data-title=\"CARLOS M. GARCI\u0301A NIETO DSC_0102 copy\" title=\"CARLOS M. GARCI\u0301A NIETO DSC_0102 copy\"><img decoding=\"async\" width=\"1920\" height=\"1080\" src=\"https:\/\/osb.org\/wp-content\/uploads\/2025\/04\/CARLOS-M.-GARCIA-NIETO-DSC_0102-copy.jpg\" data-orig-src=\"https:\/\/osb.org\/wp-content\/uploads\/2025\/04\/CARLOS-M.-GARCIA-NIETO-DSC_0102-copy.jpg\" alt class=\"lazyload img-responsive wp-image-13550\" srcset=\"data:image\/svg+xml,%3Csvg%20xmlns%3D%27http%3A%2F%2Fwww.w3.org%2F2000%2Fsvg%27%20width%3D%271920%27%20height%3D%271080%27%20viewBox%3D%270%200%201920%201080%27%3E%3Crect%20width%3D%271920%27%20height%3D%271080%27%20fill-opacity%3D%220%22%2F%3E%3C%2Fsvg%3E\" data-srcset=\"https:\/\/osb.org\/wp-content\/uploads\/2025\/04\/CARLOS-M.-GARCIA-NIETO-DSC_0102-copy-200x113.jpg 200w, https:\/\/osb.org\/wp-content\/uploads\/2025\/04\/CARLOS-M.-GARCIA-NIETO-DSC_0102-copy-400x225.jpg 400w, https:\/\/osb.org\/wp-content\/uploads\/2025\/04\/CARLOS-M.-GARCIA-NIETO-DSC_0102-copy-600x338.jpg 600w, https:\/\/osb.org\/wp-content\/uploads\/2025\/04\/CARLOS-M.-GARCIA-NIETO-DSC_0102-copy-800x450.jpg 800w, https:\/\/osb.org\/wp-content\/uploads\/2025\/04\/CARLOS-M.-GARCIA-NIETO-DSC_0102-copy-1200x675.jpg 1200w, https:\/\/osb.org\/wp-content\/uploads\/2025\/04\/CARLOS-M.-GARCIA-NIETO-DSC_0102-copy.jpg 1920w\" data-sizes=\"auto\" data-orig-sizes=\"(max-width: 1024px) 100vw, (max-width: 640px) 100vw, 600px\" \/><\/a><\/span><\/div><div class=\"fusion-text fusion-text-2 fusion-text-no-margin\" style=\"--awb-font-size:var(--awb-typography5-font-size);--awb-line-height:var(--awb-typography5-line-height);--awb-letter-spacing:var(--awb-typography5-letter-spacing);--awb-text-transform:var(--awb-typography5-text-transform);--awb-text-color:var(--awb-custom11);--awb-margin-top:12px;--awb-margin-bottom:12px;--awb-text-font-family:var(--awb-typography5-font-family);--awb-text-font-weight:var(--awb-typography5-font-weight);--awb-text-font-style:var(--awb-typography5-font-style);\"><\/div><\/div><\/div><div class=\"fusion-layout-column fusion_builder_column fusion-builder-column-2 fusion_builder_column_1_2 1_2 fusion-flex-column\" style=\"--awb-bg-size:cover;--awb-width-large:50%;--awb-margin-top-large:0px;--awb-spacing-right-large:30px;--awb-margin-bottom-large:0px;--awb-spacing-left-large:30px;--awb-width-medium:100%;--awb-order-medium:0;--awb-spacing-right-medium:30px;--awb-spacing-left-medium:30px;--awb-width-small:100%;--awb-order-small:0;--awb-spacing-right-small:30px;--awb-spacing-left-small:30px;\"><div class=\"fusion-column-wrapper fusion-column-has-shadow fusion-flex-justify-content-flex-start fusion-content-layout-column\"><div class=\"fusion-separator fusion-full-width-sep\" style=\"align-self: center;margin-left: auto;margin-right: auto;width:100%;\"><div class=\"fusion-separator-border sep-single sep-solid\" style=\"--awb-height:20px;--awb-amount:20px;--awb-sep-color:var(--awb-color4);border-color:var(--awb-color4);border-top-width:3px;\"><\/div><\/div><\/div><\/div><\/div><\/div><div class=\"fusion-fullwidth fullwidth-box fusion-builder-row-2 fusion-flex-container has-pattern-background has-mask-background hundred-percent-fullwidth non-hundred-percent-height-scrolling\" style=\"--awb-border-radius-top-left:0px;--awb-border-radius-top-right:0px;--awb-border-radius-bottom-right:0px;--awb-border-radius-bottom-left:0px;--awb-padding-right:60px;--awb-padding-left:60px;--awb-padding-right-medium:60px;--awb-padding-left-medium:60px;--awb-padding-right-small:30px;--awb-padding-left-small:30px;--awb-margin-top:30px;--awb-margin-top-small:0px;--awb-flex-wrap:wrap;\" ><div class=\"fusion-builder-row fusion-row fusion-flex-align-items-flex-start fusion-flex-justify-content-center fusion-flex-content-wrap\" style=\"width:calc( 100% + 60px ) !important;max-width:calc( 100% + 60px ) !important;margin-left: calc(-60px \/ 2 );margin-right: calc(-60px \/ 2 );\"><div class=\"fusion-layout-column fusion_builder_column fusion-builder-column-3 fusion_builder_column_2_5 2_5 fusion-flex-column\" style=\"--awb-bg-blend:overlay;--awb-bg-size:cover;--awb-width-large:40%;--awb-margin-top-large:0px;--awb-spacing-right-large:30px;--awb-margin-bottom-large:20px;--awb-spacing-left-large:30px;--awb-width-medium:75%;--awb-order-medium:0;--awb-spacing-right-medium:30px;--awb-spacing-left-medium:30px;--awb-width-small:100%;--awb-order-small:0;--awb-spacing-right-small:30px;--awb-spacing-left-small:30px;\"><div class=\"fusion-column-wrapper fusion-flex-justify-content-flex-start fusion-content-layout-column\"><div class=\"fusion-builder-row fusion-builder-row-inner fusion-row fusion-flex-align-items-flex-start fusion-flex-justify-content-center fusion-flex-content-wrap\" style=\"--awb-flex-grow:0;--awb-flex-grow-medium:0;--awb-flex-grow-small:0;--awb-flex-shrink:0;--awb-flex-shrink-medium:0;--awb-flex-shrink-small:0;width:calc( 100% + 60px ) !important;max-width:calc( 100% + 60px ) !important;margin-left: calc(-60px \/ 2 );margin-right: calc(-60px \/ 2 );\"><div class=\"fusion-layout-column fusion_builder_column_inner fusion-builder-nested-column-0 fusion_builder_column_inner_1_2 1_2 fusion-flex-column fusion-flex-align-self-center\" style=\"--awb-bg-size:cover;--awb-width-large:50%;--awb-margin-top-large:0px;--awb-spacing-right-large:30px;--awb-margin-bottom-large:0px;--awb-spacing-left-large:30px;--awb-width-medium:50%;--awb-order-medium:0;--awb-spacing-right-medium:30px;--awb-spacing-left-medium:30px;--awb-width-small:100%;--awb-order-small:1;--awb-spacing-right-small:30px;--awb-margin-bottom-small:20px;--awb-spacing-left-small:30px;\"><div class=\"fusion-column-wrapper fusion-column-has-shadow fusion-flex-justify-content-center fusion-content-layout-column\"><div class=\"fusion-text fusion-text-3 fusion-text-no-margin\" style=\"--awb-font-size:var(--awb-typography5-font-size);--awb-line-height:var(--awb-typography5-line-height);--awb-letter-spacing:var(--awb-typography5-letter-spacing);--awb-text-transform:var(--awb-typography5-text-transform);--awb-text-color:var(--awb-custom11);--awb-margin-top:0px;--awb-margin-right:0px;--awb-margin-bottom:0px;--awb-margin-left:0px;--awb-text-font-family:var(--awb-typography5-font-family);--awb-text-font-weight:var(--awb-typography5-font-weight);--awb-text-font-style:var(--awb-typography5-font-style);\"><p>18 avril 2025<\/p>\n<\/div><\/div><\/div><div class=\"fusion-layout-column fusion_builder_column_inner fusion-builder-nested-column-1 fusion_builder_column_inner_1_2 1_2 fusion-flex-column fusion-flex-align-self-center\" style=\"--awb-bg-size:cover;--awb-width-large:50%;--awb-margin-top-large:0px;--awb-spacing-right-large:30px;--awb-margin-bottom-large:0px;--awb-spacing-left-large:30px;--awb-width-medium:50%;--awb-order-medium:0;--awb-spacing-right-medium:30px;--awb-spacing-left-medium:30px;--awb-width-small:100%;--awb-order-small:0;--awb-margin-top-small:0px;--awb-spacing-right-small:30px;--awb-spacing-left-small:30px;\"><div class=\"fusion-column-wrapper fusion-column-has-shadow fusion-flex-justify-content-center fusion-content-layout-column\"><div class=\"fusion-sharing-box fusion-sharing-box-1 boxed-icons\" style=\"background-color:var(--awb-color1);border-color:var(--awb-color1);--awb-margin-top:0px;--awb-margin-right:0px;--awb-margin-bottom:0px;--awb-margin-left:0px;--awb-wrapper-padding-top:0px;--awb-wrapper-padding-right:0px;--awb-wrapper-padding-bottom:0px;--awb-wrapper-padding-left:0px;--awb-padding-top:0px;--awb-padding-right:0px;--awb-padding-bottom:0px;--awb-padding-left:0px;--awb-border-top:0px;--awb-border-right:0px;--awb-border-bottom:0px;--awb-border-left:0px;--awb-icon-size:12px;--awb-separator-border-color:#cccccc;--awb-separator-border-sizes:0px;--awb-stacked-align:flex-end;--awb-layout:row;--awb-alignment-small:flex-end;--awb-stacked-align-small:center;\" data-title=\"\u00c9v\u00e9nements, \u00e9lections et nominations | Mars-avril\" data-description=\"Votre contenu va ici       \r\n\r\nLe 9 avril, l&#039;abb\u00e9 Szymon Hi\u017cycki de l&#039;abbaye de Tyniec (Congr\u00e9gation de l&#039;Annonciation) a d\u00e9missionn\u00e9. Le p\u00e8re Bernard Alter, abb\u00e9 \u00e9m\u00e9rite de l&#039;abbaye de la Dormition \u00e0 J\u00e9rusalem, de la m\u00eame Congr\u00e9gation, a \u00e9t\u00e9 nomm\u00e9 administrateur de Tyniec\" data-link=\"https:\/\/osb.org\/fr\/2025\/04\/18\/evenements-elections-et-nominations-mars-avril\/\"><div class=\"fusion-social-networks sharingbox-shortcode-icon-wrapper sharingbox-shortcode-icon-wrapper-1 boxed-icons\"><span><a href=\"https:\/\/www.facebook.com\/sharer.php?u=https%3A%2F%2Fosb.org%2Ffr%2F2025%2F04%2F18%2Fevenements-elections-et-nominations-mars-avril%2F&amp;t=%C3%89v%C3%A9nements%2C%20%C3%A9lections%20et%20nominations%20%7C%20Mars-avril\" target=\"_blank\" rel=\"noreferrer\" title=\"Facebook\" aria-label=\"Facebook\"><i class=\"fusion-social-network-icon fusion-tooltip fusion-facebook awb-icon-facebook\" style=\"color:var(--awb-custom11);background-color:#e8e8e8;border-color:#e8e8e8;border-radius:50%;\" aria-hidden=\"true\"><\/i><\/a><\/span><span><a href=\"https:\/\/x.com\/intent\/post?text=%C3%89v%C3%A9nements%2C%20%C3%A9lections%20et%20nominations%20%7C%20Mars-avril&amp;url=https%3A%2F%2Fosb.org%2Ffr%2F2025%2F04%2F18%2Fevenements-elections-et-nominations-mars-avril%2F\" target=\"_blank\" rel=\"noopener noreferrer\" title=\"X\" aria-label=\"X\"><i class=\"fusion-social-network-icon fusion-tooltip fusion-twitter awb-icon-twitter\" style=\"color:var(--awb-custom11);background-color:#e8e8e8;border-color:#e8e8e8;border-radius:50%;\" aria-hidden=\"true\"><\/i><\/a><\/span><span><a href=\"https:\/\/api.whatsapp.com\/send?text=https%3A%2F%2Fosb.org%2Ffr%2F2025%2F04%2F18%2Fevenements-elections-et-nominations-mars-avril%2F\" target=\"_blank\" rel=\"noopener noreferrer\" title=\"WhatsApp\" aria-label=\"WhatsApp\"><i class=\"fusion-social-network-icon fusion-tooltip fusion-whatsapp awb-icon-whatsapp\" style=\"color:var(--awb-custom11);background-color:#e8e8e8;border-color:#e8e8e8;border-radius:50%;\" aria-hidden=\"true\"><\/i><\/a><\/span><span><a href=\"mailto:?subject=%C3%89v%C3%A9nements%2C%20%C3%A9lections%20et%20nominations%20%7C%20Mars-avril&amp;body=https%3A%2F%2Fosb.org%2Ffr%2F2025%2F04%2F18%2Fevenements-elections-et-nominations-mars-avril%2F\" target=\"_self\" title=\"Email\" aria-label=\"Email\"><i class=\"fusion-social-network-icon fusion-tooltip fusion-mail awb-icon-mail\" style=\"color:var(--awb-custom11);background-color:#e8e8e8;border-color:#e8e8e8;border-radius:50%;\" aria-hidden=\"true\"><\/i><\/a><\/span><\/div><\/div><\/div><\/div><\/div><div class=\"fusion-text fusion-text-4\"><p>Le 9 avril, l'abb\u00e9 Szymon Hi\u017cycki de l'abbaye de Tyniec (Congr\u00e9gation de l'Annonciation) a d\u00e9missionn\u00e9. Le p\u00e8re Bernard Alter, abb\u00e9 \u00e9m\u00e9rite de l'abbaye de la Dormition \u00e0 J\u00e9rusalem, de la m\u00eame Congr\u00e9gation, a \u00e9t\u00e9 nomm\u00e9 administrateur de Tyniec pour un an. <\/p>\n<p>En avril, le Conseil d'administration du CIB s'est r\u00e9uni \u00e0 Sao Paulo, au Br\u00e9sil, \u00e0 l'abbaye de Santa Maria.<\/p>\n<p>Le 25 mars, l'Abb\u00e9-Pr\u00e9sident Geoffroy Kemlin, de la Congr\u00e9gation de Solesmes, a nomm\u00e9 le P\u00e8re Alfredo Maroto prieur administrateur de l'Abbaye Santa Cruz de Valle de los Ca\u00eddos, pr\u00e8s de Madrid. Son pr\u00e9d\u00e9cesseur, le P\u00e8re Santiago Cantera Montenegro, avait accompli trois mandats d'administrateur du monast\u00e8re. Fond\u00e9 en 1958, le monast\u00e8re a \u00e9t\u00e9 soumis \u00e0 des pressions politiques ponctuelles.  <\/p>\n<p>Le 21 mars, le monast\u00e8re de S\u00e3o Bento di Fortaleza, au Br\u00e9sil, a \u00e9t\u00e9 int\u00e9gr\u00e9 \u00e0 la Congr\u00e9gation br\u00e9silienne et rel\u00e8ve directement de l'Abb\u00e9 Pr\u00e9sident. Il \u00e9tait jusqu'alors une maison de droit dioc\u00e9sain. D. Marcos Gomes a \u00e9t\u00e9 confirm\u00e9 comme prieur simplex du monast\u00e8re, qui compte 11 membres.  <\/p>\n<p>Le 17 mars, l'Abb\u00e9 Pr\u00e9sident Geoffroy Kemlin de la Congr\u00e9gation de Solesmes a accept\u00e9 la d\u00e9mission de l'Abb\u00e9 Adriaan Lenglet de Vaals pour raisons d'\u00e2ge et de sant\u00e9.<\/p>\n<p>Le 14 mars, l'Abb\u00e9 Primat a nomm\u00e9 le P\u00e8re Patrick Carter OSB, de l'Abbaye de Clear Creek de la Congr\u00e9gation de Solesmes, Procureur g\u00e9n\u00e9ral de la Conf\u00e9d\u00e9ration b\u00e9n\u00e9dictine \u00e0 la Curie romaine.<\/p>\n<p>Le 12 mars, la communaut\u00e9 de Saint-Gr\u00e9goire de la Congr\u00e9gation b\u00e9n\u00e9dictine anglaise, anciennement \u00e0 Downside et depuis trois ans \u00e0 Buckfast, a annonc\u00e9 son d\u00e9m\u00e9nagement \u00e0 Belmont o\u00f9 elle entamera une p\u00e9riode de deux ans de vie commune avec les moines de cette communaut\u00e9.<\/p>\n<\/div><\/div><\/div><\/div><\/div><\/p>\n","protected":false},"excerpt":{"rendered":"<p>L&rsquo;abb\u00e9 primat Jeremias partage de courts extraits de nouvelles de la Conf\u00e9d\u00e9ration.<\/p>\n","protected":false},"author":1,"featured_media":13550,"comment_status":"closed","ping_status":"closed","sticky":false,"template":"","format":"standard","meta":{"footnotes":""},"categories":[183],"tags":[194,371,197],"class_list":["post-13551","post","type-post","status-publish","format-standard","has-post-thumbnail","hentry","category-nexus-fr","tag-nexus-de-labbe-primat-fr","tag-nexus-rapport-sur-le-monde-benedictin","tag-nexus-avril-2025-fr"],"cc_featured_image_caption":{"caption_text":false,"source_text":false,"source_url":false},"_links":{"self":[{"href":"https:\/\/osb.org\/fr\/wp-json\/wp\/v2\/posts\/13551","targetHints":{"allow":["GET"]}}],"collection":[{"href":"https:\/\/osb.org\/fr\/wp-json\/wp\/v2\/posts"}],"about":[{"href":"https:\/\/osb.org\/fr\/wp-json\/wp\/v2\/types\/post"}],"author":[{"embeddable":true,"href":"https:\/\/osb.org\/fr\/wp-json\/wp\/v2\/users\/1"}],"replies":[{"embeddable":true,"href":"https:\/\/osb.org\/fr\/wp-json\/wp\/v2\/comments?post=13551"}],"version-history":[{"count":0,"href":"https:\/\/osb.org\/fr\/wp-json\/wp\/v2\/posts\/13551\/revisions"}],"wp:featuredmedia":[{"embeddable":true,"href":"https:\/\/osb.org\/fr\/wp-json\/wp\/v2\/media\/13550"}],"wp:attachment":[{"href":"https:\/\/osb.org\/fr\/wp-json\/wp\/v2\/media?parent=13551"}],"wp:term":[{"taxonomy":"category","embeddable":true,"href":"https:\/\/osb.org\/fr\/wp-json\/wp\/v2\/categories?post=13551"},{"taxonomy":"post_tag","embeddable":true,"href":"https:\/\/osb.org\/fr\/wp-json\/wp\/v2\/tags?post=13551"}],"curies":[{"name":"wp","href":"https:\/\/api.w.org\/{rel}","templated":true}]}}