{"id":13537,"date":"2025-03-09T17:20:27","date_gmt":"2025-03-09T16:20:27","guid":{"rendered":"https:\/\/osb.org\/2025\/03\/09\/notes-de-laventin\/"},"modified":"2025-09-16T10:36:27","modified_gmt":"2025-09-16T08:36:27","slug":"notes-de-laventin","status":"publish","type":"post","link":"https:\/\/osb.org\/fr\/2025\/03\/09\/notes-de-laventin\/","title":{"rendered":"Notes de l&rsquo;Aventin"},"content":{"rendered":"<p><div class=\"fusion-fullwidth fullwidth-box fusion-builder-row-1 fusion-flex-container has-pattern-background has-mask-background hundred-percent-fullwidth non-hundred-percent-height-scrolling\" style=\"--awb-border-sizes-bottom:1px;--awb-border-color:var(--awb-custom11);--awb-border-radius-top-left:0px;--awb-border-radius-top-right:0px;--awb-border-radius-bottom-right:0px;--awb-border-radius-bottom-left:0px;--awb-padding-right:60px;--awb-padding-bottom:20px;--awb-padding-left:60px;--awb-padding-right-small:30px;--awb-padding-left-small:30px;--awb-margin-top-medium:1px;--awb-margin-top-small:0px;--awb-flex-wrap:wrap;\" ><div class=\"fusion-builder-row fusion-row fusion-flex-align-items-center fusion-flex-justify-content-flex-end fusion-flex-content-wrap\" style=\"width:calc( 100% + 60px ) !important;max-width:calc( 100% + 60px ) !important;margin-left: calc(-60px \/ 2 );margin-right: calc(-60px \/ 2 );\"><div class=\"fusion-layout-column fusion_builder_column fusion-builder-column-0 fusion_builder_column_1_2 1_2 fusion-flex-column\" style=\"--awb-padding-right:60px;--awb-padding-left:60px;--awb-padding-right-small:0px;--awb-padding-left-small:0px;--awb-bg-size:cover;--awb-width-large:50%;--awb-margin-top-large:0px;--awb-spacing-right-large:30px;--awb-margin-bottom-large:20px;--awb-spacing-left-large:30px;--awb-width-medium:100%;--awb-order-medium:0;--awb-margin-top-medium:20px;--awb-spacing-right-medium:30px;--awb-margin-bottom-medium:0px;--awb-spacing-left-medium:30px;--awb-width-small:100%;--awb-order-small:0;--awb-spacing-right-small:30px;--awb-spacing-left-small:30px;\"><div class=\"fusion-column-wrapper fusion-column-has-shadow fusion-flex-justify-content-flex-start fusion-content-layout-column\"><div class=\"fusion-title title fusion-title-1 fusion-sep-none fusion-title-text fusion-title-size-one\" style=\"--awb-text-color:var(--awb-custom13);--awb-margin-top-small:0px;--awb-margin-right-small:0px;--awb-margin-bottom-small:20px;--awb-margin-left-small:0px;--awb-font-size:50px;\"><h1 class=\"fusion-title-heading title-heading-left md-text-align-center fusion-responsive-typography-calculated\" style=\"font-family:var(--awb-typography1-font-family);font-weight:var(--awb-typography1-font-weight);font-style:var(--awb-typography1-font-style);margin:0;letter-spacing:var(--awb-typography1-letter-spacing);text-transform:var(--awb-typography1-text-transform);font-size:1em;--fontSize:50;line-height:var(--awb-typography1-line-height);\">Notes de l&rsquo;Aventin<\/h1><\/div><div class=\"fusion-text fusion-text-1 fusion-no-small-visibility fusion-no-medium-visibility\" style=\"--awb-font-size:var(--awb-typography3-font-size);--awb-line-height:var(--awb-typography3-line-height);--awb-letter-spacing:var(--awb-typography3-letter-spacing);--awb-text-transform:var(--awb-typography3-text-transform);--awb-text-color:var(--awb-custom12);--awb-text-font-family:var(--awb-typography3-font-family);--awb-text-font-weight:var(--awb-typography3-font-weight);--awb-text-font-style:var(--awb-typography3-font-style);\"><p>Dans cette \u00e9dition de NEXUS, l'Abb\u00e9 Primat Jeremias partage son point de vue sur certains \u00e9v\u00e9nements survenus \u00e0 Sant'Anselmo et dans notre Conf\u00e9d\u00e9ration b\u00e9n\u00e9dictine. Il appr\u00e9cie une lettre r\u00e9cente du Saint-P\u00e8re et r\u00e9fl\u00e9chit sur les lieux auxquels nous, les b\u00e9n\u00e9dictins, sommes li\u00e9s.<br> <\/p>\n<\/div><\/div><\/div><div class=\"fusion-layout-column fusion_builder_column fusion-builder-column-1 fusion_builder_column_1_2 1_2 fusion-flex-column\" style=\"--awb-bg-size:cover;--awb-width-large:50%;--awb-margin-top-large:0px;--awb-spacing-right-large:30px;--awb-margin-bottom-large:0px;--awb-spacing-left-large:30px;--awb-width-medium:100%;--awb-order-medium:0;--awb-spacing-right-medium:30px;--awb-spacing-left-medium:30px;--awb-width-small:100%;--awb-order-small:0;--awb-spacing-right-small:30px;--awb-spacing-left-small:30px;\"><div class=\"fusion-column-wrapper fusion-column-has-shadow fusion-flex-justify-content-flex-start fusion-content-layout-column\"><div class=\"fusion-image-element \" style=\"--awb-caption-title-font-family:var(--h2_typography-font-family);--awb-caption-title-font-weight:var(--h2_typography-font-weight);--awb-caption-title-font-style:var(--h2_typography-font-style);--awb-caption-title-size:var(--h2_typography-font-size);--awb-caption-title-transform:var(--h2_typography-text-transform);--awb-caption-title-line-height:var(--h2_typography-line-height);--awb-caption-title-letter-spacing:var(--h2_typography-letter-spacing);\"><span class=\" fusion-imageframe imageframe-none imageframe-1 hover-type-none\" style=\"border:1px solid #b14821;\"><img decoding=\"async\" width=\"1920\" height=\"1080\" title=\"DSC_2073\" src=\"https:\/\/osb.org\/wp-content\/uploads\/2025\/03\/DSC_2073.jpg\" data-orig-src=\"https:\/\/osb.org\/wp-content\/uploads\/2025\/03\/DSC_2073.jpg\" alt class=\"lazyload img-responsive wp-image-13538\" srcset=\"data:image\/svg+xml,%3Csvg%20xmlns%3D%27http%3A%2F%2Fwww.w3.org%2F2000%2Fsvg%27%20width%3D%271920%27%20height%3D%271080%27%20viewBox%3D%270%200%201920%201080%27%3E%3Crect%20width%3D%271920%27%20height%3D%271080%27%20fill-opacity%3D%220%22%2F%3E%3C%2Fsvg%3E\" data-srcset=\"https:\/\/osb.org\/wp-content\/uploads\/2025\/03\/DSC_2073-200x113.jpg 200w, https:\/\/osb.org\/wp-content\/uploads\/2025\/03\/DSC_2073-400x225.jpg 400w, https:\/\/osb.org\/wp-content\/uploads\/2025\/03\/DSC_2073-600x338.jpg 600w, https:\/\/osb.org\/wp-content\/uploads\/2025\/03\/DSC_2073-800x450.jpg 800w, https:\/\/osb.org\/wp-content\/uploads\/2025\/03\/DSC_2073-1200x675.jpg 1200w, https:\/\/osb.org\/wp-content\/uploads\/2025\/03\/DSC_2073.jpg 1920w\" data-sizes=\"auto\" data-orig-sizes=\"(max-width: 1024px) 100vw, (max-width: 640px) 100vw, 600px\" \/><\/span><\/div><div class=\"fusion-text fusion-text-2 fusion-text-no-margin\" style=\"--awb-font-size:var(--awb-typography5-font-size);--awb-line-height:var(--awb-typography5-line-height);--awb-letter-spacing:var(--awb-typography5-letter-spacing);--awb-text-transform:var(--awb-typography5-text-transform);--awb-text-color:var(--awb-custom11);--awb-margin-top:12px;--awb-margin-bottom:12px;--awb-text-font-family:var(--awb-typography5-font-family);--awb-text-font-weight:var(--awb-typography5-font-weight);--awb-text-font-style:var(--awb-typography5-font-style);\"><\/div><\/div><\/div><div class=\"fusion-layout-column fusion_builder_column fusion-builder-column-2 fusion_builder_column_1_2 1_2 fusion-flex-column\" style=\"--awb-bg-size:cover;--awb-width-large:50%;--awb-margin-top-large:0px;--awb-spacing-right-large:30px;--awb-margin-bottom-large:0px;--awb-spacing-left-large:30px;--awb-width-medium:100%;--awb-order-medium:0;--awb-spacing-right-medium:30px;--awb-spacing-left-medium:30px;--awb-width-small:100%;--awb-order-small:0;--awb-spacing-right-small:30px;--awb-spacing-left-small:30px;\"><div class=\"fusion-column-wrapper fusion-column-has-shadow fusion-flex-justify-content-flex-start fusion-content-layout-column\"><div class=\"fusion-separator fusion-full-width-sep\" style=\"align-self: center;margin-left: auto;margin-right: auto;width:100%;\"><div class=\"fusion-separator-border sep-single sep-solid\" style=\"--awb-height:20px;--awb-amount:20px;--awb-sep-color:var(--awb-color4);border-color:var(--awb-color4);border-top-width:3px;\"><\/div><\/div><\/div><\/div><\/div><\/div><div class=\"fusion-fullwidth fullwidth-box fusion-builder-row-2 fusion-flex-container has-pattern-background has-mask-background hundred-percent-fullwidth non-hundred-percent-height-scrolling\" style=\"--awb-border-radius-top-left:0px;--awb-border-radius-top-right:0px;--awb-border-radius-bottom-right:0px;--awb-border-radius-bottom-left:0px;--awb-padding-right:60px;--awb-padding-left:60px;--awb-padding-right-medium:60px;--awb-padding-left-medium:60px;--awb-padding-right-small:30px;--awb-padding-left-small:30px;--awb-margin-top:30px;--awb-margin-top-small:0px;--awb-flex-wrap:wrap;\" ><div class=\"fusion-builder-row fusion-row fusion-flex-align-items-flex-start fusion-flex-justify-content-center fusion-flex-content-wrap\" style=\"width:calc( 100% + 60px ) !important;max-width:calc( 100% + 60px ) !important;margin-left: calc(-60px \/ 2 );margin-right: calc(-60px \/ 2 );\"><div class=\"fusion-layout-column fusion_builder_column fusion-builder-column-3 fusion_builder_column_2_5 2_5 fusion-flex-column\" style=\"--awb-bg-blend:overlay;--awb-bg-size:cover;--awb-width-large:40%;--awb-margin-top-large:0px;--awb-spacing-right-large:30px;--awb-margin-bottom-large:20px;--awb-spacing-left-large:30px;--awb-width-medium:75%;--awb-order-medium:0;--awb-spacing-right-medium:30px;--awb-spacing-left-medium:30px;--awb-width-small:100%;--awb-order-small:0;--awb-spacing-right-small:30px;--awb-spacing-left-small:30px;\"><div class=\"fusion-column-wrapper fusion-flex-justify-content-flex-start fusion-content-layout-column\"><div class=\"fusion-builder-row fusion-builder-row-inner fusion-row fusion-flex-align-items-flex-start fusion-flex-justify-content-center fusion-flex-content-wrap\" style=\"--awb-flex-grow:0;--awb-flex-grow-medium:0;--awb-flex-grow-small:0;--awb-flex-shrink:0;--awb-flex-shrink-medium:0;--awb-flex-shrink-small:0;width:calc( 100% + 60px ) !important;max-width:calc( 100% + 60px ) !important;margin-left: calc(-60px \/ 2 );margin-right: calc(-60px \/ 2 );\"><div class=\"fusion-layout-column fusion_builder_column_inner fusion-builder-nested-column-0 fusion_builder_column_inner_1_2 1_2 fusion-flex-column fusion-flex-align-self-center\" style=\"--awb-bg-size:cover;--awb-width-large:50%;--awb-margin-top-large:0px;--awb-spacing-right-large:30px;--awb-margin-bottom-large:0px;--awb-spacing-left-large:30px;--awb-width-medium:50%;--awb-order-medium:0;--awb-spacing-right-medium:30px;--awb-spacing-left-medium:30px;--awb-width-small:100%;--awb-order-small:1;--awb-spacing-right-small:30px;--awb-margin-bottom-small:20px;--awb-spacing-left-small:30px;\"><div class=\"fusion-column-wrapper fusion-column-has-shadow fusion-flex-justify-content-center fusion-content-layout-column\"><div class=\"fusion-text fusion-text-3 fusion-text-no-margin\" style=\"--awb-font-size:var(--awb-typography5-font-size);--awb-line-height:var(--awb-typography5-line-height);--awb-letter-spacing:var(--awb-typography5-letter-spacing);--awb-text-transform:var(--awb-typography5-text-transform);--awb-text-color:var(--awb-custom11);--awb-margin-top:0px;--awb-margin-right:0px;--awb-margin-bottom:0px;--awb-margin-left:0px;--awb-text-font-family:var(--awb-typography5-font-family);--awb-text-font-weight:var(--awb-typography5-font-weight);--awb-text-font-style:var(--awb-typography5-font-style);\"><p>9 mars 2025<\/p>\n<\/div><\/div><\/div><div class=\"fusion-layout-column fusion_builder_column_inner fusion-builder-nested-column-1 fusion_builder_column_inner_1_2 1_2 fusion-flex-column fusion-flex-align-self-center\" style=\"--awb-bg-size:cover;--awb-width-large:50%;--awb-margin-top-large:0px;--awb-spacing-right-large:30px;--awb-margin-bottom-large:0px;--awb-spacing-left-large:30px;--awb-width-medium:50%;--awb-order-medium:0;--awb-spacing-right-medium:30px;--awb-spacing-left-medium:30px;--awb-width-small:100%;--awb-order-small:0;--awb-margin-top-small:0px;--awb-spacing-right-small:30px;--awb-spacing-left-small:30px;\"><div class=\"fusion-column-wrapper fusion-column-has-shadow fusion-flex-justify-content-center fusion-content-layout-column\"><div class=\"fusion-sharing-box fusion-sharing-box-1 boxed-icons\" style=\"background-color:var(--awb-color1);border-color:var(--awb-color1);--awb-margin-top:0px;--awb-margin-right:0px;--awb-margin-bottom:0px;--awb-margin-left:0px;--awb-wrapper-padding-top:0px;--awb-wrapper-padding-right:0px;--awb-wrapper-padding-bottom:0px;--awb-wrapper-padding-left:0px;--awb-padding-top:0px;--awb-padding-right:0px;--awb-padding-bottom:0px;--awb-padding-left:0px;--awb-border-top:0px;--awb-border-right:0px;--awb-border-bottom:0px;--awb-border-left:0px;--awb-icon-size:12px;--awb-separator-border-color:#cccccc;--awb-separator-border-sizes:0px;--awb-stacked-align:flex-end;--awb-layout:row;--awb-alignment-small:flex-end;--awb-stacked-align-small:center;\" data-title=\"Notes de l&rsquo;Aventin\" data-description=\"Votre contenu va ici Votre contenu va ici       \r\nLe mercredi des Cendres est toujours un grand jour \u00e0 Sant&#039;Anselmo. Habituellement, le pape vient ici avec de nombreuses personnalit\u00e9s. Apr\u00e8s une courte pri\u00e8re, ils se rendent avec les dominicains et notre communaut\u00e9 des\" data-link=\"https:\/\/osb.org\/fr\/2025\/03\/09\/notes-de-laventin\/\"><div class=\"fusion-social-networks sharingbox-shortcode-icon-wrapper sharingbox-shortcode-icon-wrapper-1 boxed-icons\"><span><a href=\"https:\/\/www.facebook.com\/sharer.php?u=https%3A%2F%2Fosb.org%2Ffr%2F2025%2F03%2F09%2Fnotes-de-laventin%2F&amp;t=Notes%20de%20l%26rsquo%3BAventin\" target=\"_blank\" rel=\"noreferrer\" title=\"Facebook\" aria-label=\"Facebook\"><i class=\"fusion-social-network-icon fusion-tooltip fusion-facebook awb-icon-facebook\" style=\"color:var(--awb-custom11);background-color:#e8e8e8;border-color:#e8e8e8;border-radius:50%;\" aria-hidden=\"true\"><\/i><\/a><\/span><span><a href=\"https:\/\/x.com\/intent\/post?text=Notes%20de%20l%E2%80%99Aventin&amp;url=https%3A%2F%2Fosb.org%2Ffr%2F2025%2F03%2F09%2Fnotes-de-laventin%2F\" target=\"_blank\" rel=\"noopener noreferrer\" title=\"X\" aria-label=\"X\"><i class=\"fusion-social-network-icon fusion-tooltip fusion-twitter awb-icon-twitter\" style=\"color:var(--awb-custom11);background-color:#e8e8e8;border-color:#e8e8e8;border-radius:50%;\" aria-hidden=\"true\"><\/i><\/a><\/span><span><a href=\"https:\/\/api.whatsapp.com\/send?text=https%3A%2F%2Fosb.org%2Ffr%2F2025%2F03%2F09%2Fnotes-de-laventin%2F\" target=\"_blank\" rel=\"noopener noreferrer\" title=\"WhatsApp\" aria-label=\"WhatsApp\"><i class=\"fusion-social-network-icon fusion-tooltip fusion-whatsapp awb-icon-whatsapp\" style=\"color:var(--awb-custom11);background-color:#e8e8e8;border-color:#e8e8e8;border-radius:50%;\" aria-hidden=\"true\"><\/i><\/a><\/span><span><a href=\"mailto:?subject=Notes%20de%20l%26rsquo%3BAventin&amp;body=https%3A%2F%2Fosb.org%2Ffr%2F2025%2F03%2F09%2Fnotes-de-laventin%2F\" target=\"_self\" title=\"Email\" aria-label=\"Email\"><i class=\"fusion-social-network-icon fusion-tooltip fusion-mail awb-icon-mail\" style=\"color:var(--awb-custom11);background-color:#e8e8e8;border-color:#e8e8e8;border-radius:50%;\" aria-hidden=\"true\"><\/i><\/a><\/span><\/div><\/div><\/div><\/div><\/div><div class=\"fusion-text fusion-text-4\"><p><a href=\"https:\/\/osb.org\/2025\/03\/05\/the-station-liturgy-on-ash-wednesday\/\">Le mercredi des Cendres<\/a> est toujours un grand jour \u00e0 Sant'Anselmo. Habituellement, le pape vient ici avec de nombreuses personnalit\u00e9s. Apr\u00e8s une courte pri\u00e8re, ils se rendent avec les dominicains et notre communaut\u00e9 des Anselmiens \u00e0 Santa Sabina o\u00f9 l'on c\u00e9l\u00e8bre l'Eucharistie et o\u00f9 l'on donne les cendres. Cette ann\u00e9e, la c\u00e9r\u00e9monie a \u00e9t\u00e9 \u00e9clips\u00e9e par la tr\u00e8s grave maladie du Saint-P\u00e8re. Le cardinal De Donatis a remplac\u00e9 le pape Fran\u00e7ois et a prononc\u00e9 l'hom\u00e9lie. Ce fut un \u00e9v\u00e9nement tr\u00e8s romain, avec une grande solennit\u00e9, de nombreux hauts dignitaires et une belle musique. Des pens\u00e9es plus profanes ont d\u00fb venir \u00e0 beaucoup, surtout en voyant tous les cardinaux : se retrouveraient-ils \u00e0 nouveau dans ce pontificat ? Le prochain pape serait-il ici aujourd'hui ? Il faut reconna\u00eetre que le cardinal qui pr\u00e9sidait la messe, par sa personnalit\u00e9 et sa mani\u00e8re de c\u00e9l\u00e9brer la messe, a donn\u00e9 de la chaleur au rite et a guid\u00e9 nos pri\u00e8res \u00e9galement vers notre pontife malade.        <\/p>\n<p>Quelques jours auparavant, nous avions re\u00e7u de l\u2019h\u00f4pital Gemelli un message adress\u00e9 \u00e0 un groupe de notre Institut pontifical de liturgie. Le pape Fran\u00e7ois avait pr\u00e9vu de recevoir un groupe de c\u00e9r\u00e9moniaires du monde entier. Cela n\u2019a pas \u00e9t\u00e9 possible, mais il nous a envoy\u00e9 le discours qu\u2019il devait prononcer, avec la signature m\u00e9morable \u00ab Policlinique Gemelli, 26 f\u00e9vrier 2025 \u00bb. Il y soulignait l\u2019importance pastorale d\u2019une liturgie bien c\u00e9l\u00e9br\u00e9e. <a href=\"https:\/\/osb.org\/2025\/03\/04\/from-hospital-pope-sends-message-to-santanselmo-liturgy-class\/\">Plus de d\u00e9tails ici<\/a>.   <\/p>\n<p>Alors que nous priions et nous inqui\u00e9tions pour le pape, nous avons re\u00e7u la nouvelle du d\u00e9c\u00e8s de M\u00e8re Maire (prononcer Moira) Hickey OSB. Elle \u00e9tait une religieuse irlandaise, abbesse en Allemagne et une dirigeante mondiale des femmes b\u00e9n\u00e9dictines en tant que premi\u00e8re mod\u00e9ratrice de la CIB. Apr\u00e8s sa d\u00e9mission comme abbesse de Dinklage (Allemagne), elle a pris la direction de la communaut\u00e9 fragile de Kylemore (Irlande) et lui a donn\u00e9 un nouveau souffle. Sa vie me rappelle celle des grands saints monastiques irlandais, \u00e0 cheval entre pays et cultures, in\u00e9branlables et proph\u00e9tiques. Elle a \u00e9t\u00e9 enterr\u00e9e \u00e0 Kylemore le 1er mars. S\u0153ur Lynn McKenzie, son deuxi\u00e8me successeur \u00e0 la t\u00eate de la CIB, a contribu\u00e9 \u00e0 la r\u00e9daction d'une n\u00e9crologie \u00e0 <a href=\"https:\/\/osb.org\/2025\/03\/01\/sister-maire-hickey-osb\/\">OSB DOT ORG<\/a>.     <\/p>\n<p>Ma vie personnelle a \u00e9t\u00e9 plut\u00f4t charg\u00e9e. Les moments forts ont \u00e9t\u00e9 des voyages en Inde et aux \u00c9tats-Unis. La F\u00e9d\u00e9ration b\u00e9n\u00e9dictine indo-sri-lankaise, qui comprend exactement 100 communaut\u00e9s monastiques selon mes calculs, a c\u00e9l\u00e9br\u00e9 son jubil\u00e9 d\u2019or. Il y a eu de glorieuses c\u00e9l\u00e9brations, mais aussi des discussions sur des sujets s\u00e9rieux. Il existe une tr\u00e8s saine coop\u00e9ration entre ces nombreuses communaut\u00e9s qui appartiennent \u00e0 de nombreuses congr\u00e9gations diff\u00e9rentes mais qui partagent le contexte culturel tr\u00e8s particulier de ce vaste sous-continent.    <\/p>\n<p>Les abb\u00e9s et prieurs am\u00e9ricains m\u2019ont invit\u00e9 \u00e0 assister \u00e0 leur atelier annuel qui s\u2019est tenu \u00e0 l\u2019abbaye Saint-Joseph, pr\u00e8s de la Nouvelle-Orl\u00e9ans. Ils m\u2019ont permis de partager les d\u00e9veloppements de notre Conf\u00e9d\u00e9ration et de Sant\u2019Anselmo, et m\u2019ont \u00e9galement donn\u00e9 quelques retours d\u2019exp\u00e9rience en vue du jubil\u00e9 de 2028\/29, lorsque nous comm\u00e9morerons les 1500 ans de la fondation du Mont-Cassin. J\u2019ai \u00e9t\u00e9 tr\u00e8s encourag\u00e9 par le fort soutien apport\u00e9 \u00e0 Sant\u2019Anselmo. Je crois fermement que notre centre romain devient plus important \u00e0 une \u00e9poque o\u00f9 les r\u00e9seaux mondiaux sont soumis \u00e0 une pression croissante, et j\u2019ai senti que cela \u00e9tait partag\u00e9 par nos fr\u00e8res am\u00e9ricains. Ce m\u00eame soutien s\u2019est manifest\u00e9 de mani\u00e8re tr\u00e8s palpable lorsque j\u2019ai rencontr\u00e9 le conseil d\u2019administration de la St Benedict Education Foundation qui, chaque ann\u00e9e, apporte une contribution tr\u00e8s g\u00e9n\u00e9reuse \u00e0 nos activit\u00e9s acad\u00e9miques. <a href=\"https:\/\/osb.org\/2025\/03\/01\/monastic-leaders-address-key-challenges-at-2025-workshop\/\">Plus de d\u00e9tails ici<\/a>.    <\/p>\n<p>Je me rends compte, comme mes pr\u00e9d\u00e9cesseurs, que ces grands rassemblements d\u2019abb\u00e9s sont tr\u00e8s importants pour nous maintenir tous en contact. Pour le reste de cette ann\u00e9e, j\u2019ai pr\u00e9vu des rencontres avec des abb\u00e9s et des abbesses italiens, avec les abb\u00e9s germanophones, avec l\u2019EMLA au Br\u00e9sil, avec les b\u00e9n\u00e9dictins d\u2019Asie de l\u2019Est au Vietnam et avec plusieurs chapitres g\u00e9n\u00e9raux. Comme ma pr\u00e9sence \u00e0 Sant\u2019Anselmo est \u00e9galement requise, je ne pourrai pas accepter beaucoup plus d\u2019invitations cette ann\u00e9e, et m\u00eame la prochaine est d\u00e9j\u00e0 compl\u00e8te. J\u2019esp\u00e8re que vous comprendrez.   <\/p>\n<p>Nous, les B\u00e9n\u00e9dictins, formons une grande famille r\u00e9partie \u00e0 travers le monde. Nous sommes aussi un r\u00e9seau de \u00ab lieux \u00bb. Je me souviens d'un article de Michael Casey sur la <em>amor loci<\/em>, l\u2019amour du lieu comme quelque chose de typiquement b\u00e9n\u00e9dictin. Une c\u00e9l\u00e8bre publication jubilaire sur nos monast\u00e8res, parue en 1980 puis en 2000, s\u2019intitulait \u00ab Loci ubi Deus quaeritur \u00bb \u2013 Lieux o\u00f9 l\u2019on cherche Dieu. Nous, les b\u00e9n\u00e9dictins, plus que presque tous les autres religieux, je crois, sommes attach\u00e9s aux lieux, en vertu de notre v\u0153u de stabilit\u00e9, mais aussi parce qu\u2019il y a une qualit\u00e9 sensuelle dans notre vie qui veut transformer et embellir le monde qui nous entoure. Comme beaucoup d\u2019entre vous le savent, il y a aussi un danger. Les moines peuvent se perdre dans l\u2019esth\u00e9tique. Umberto Eco a esquiss\u00e9 une caricature de cela dans l\u2019abb\u00e9 de <em>Nom de la Rose<\/em> qui s'extasie avec lyrisme sur les pierres pr\u00e9cieuses. Notre d\u00e9fi est de rechercher et de cr\u00e9er une beaut\u00e9 qui ne se contente pas de satisfaire et d'attirer, mais qui nous m\u00e8ne \u00e9galement au-del\u00e0, qui nous fait entrevoir une beaut\u00e9 plus grande qui est un don. Ou une gr\u00e2ce. Lorsque cela se produit, nos monast\u00e8res deviennent des lieux d'espoir.          <\/p>\n<p>De mani\u00e8re g\u00e9n\u00e9rale, la structure de notre \u00c9glise catholique est con\u00e7ue comme territoriale. Nous avons une hi\u00e9rarchie mondiale, couvrant les nations, les provinces eccl\u00e9siastiques et les dioc\u00e8ses, jusqu'aux doyenn\u00e9s et aux paroisses. C'est un excellent syst\u00e8me, m\u00eame s'il est mis \u00e0 rude \u00e9preuve dans certaines r\u00e9gions o\u00f9 la couverture territoriale est d\u00e9j\u00e0 insuffisante, \u00e0 la fois par manque de pr\u00eatres, mais aussi parce que les gens pr\u00e9f\u00e8rent choisir plus librement o\u00f9 vivre leur foi. Je me demande si, \u00e0 l'avenir, les \u00ab lieux \u00bb joueront un r\u00f4le plus important que les structures territoriales : \u00e9glises importantes, lieux saints, sanctuaires et monast\u00e8res o\u00f9 les chr\u00e9tiens peuvent se connecter physiquement aux r\u00e9alit\u00e9s et aux communaut\u00e9s spirituelles. En cette Ann\u00e9e Sainte 2025, l'\u00c9glise tout enti\u00e8re est en p\u00e8lerinage d'esp\u00e9rance. Prenons part \u00e0 ce p\u00e8lerinage, mais offrons aussi nos maisons comme lieux de repos. Les monast\u00e8res devraient \u00eatre des lieux o\u00f9 l'esp\u00e9rance peut \u00eatre ressentie et nous donner le courage d'aller plus loin.      <\/p>\n<p>Je conclus ces notes par quelques conseils pratiques.<\/p>\n<ul>\n<li>NEXUS est destin\u00e9 \u00e0 tous les membres de notre famille. N'h\u00e9sitez pas \u00e0 transmettre ce message \u00e0 d'autres personnes de votre communaut\u00e9 ou \u00e0 des sup\u00e9rieurs qui, pour une raison ou une autre, ne figurent pas encore sur notre liste de diffusion. Chaque b\u00e9n\u00e9dictin peut <a href=\"https:\/\/osb.org\/fr\/accueil\/inscrivez-vous-au-bulletin-nexus\/\">abonnez-vous ici<\/a>.  <\/li>\n<li>L'\u00e9cole Sant'Anselmo est presque compl\u00e8te. Si vous envisagez d'envoyer un \u00e9tudiant ici pour l'ann\u00e9e acad\u00e9mique 2025\/2026 qui commence en octobre, vous devez en faire la demande imm\u00e9diatement \u00e0 notre prieur, le p\u00e8re Brendan, \u00e0 l'adresse priore@anselmianum.com. <a href=\"https:\/\/www.collegiosantanselmo.com\/en\/collegio-240222-en\/pray-study-grow-welcome\/\">Plus d'informations ici<\/a>. <\/li>\n<li>Cet \u00e9t\u00e9, nous proposerons un autre Studium d'\u00e9t\u00e9 monastique. Il s'agit d'un programme de trois semaines qui combine un s\u00e9jour \u00e0 Rome avec une stimulation intellectuelle et monastique. C'est un programme sabbatique formidable et plut\u00f4t abordable. <a href=\"https:\/\/bit.ly\/MSS_ateneo\">Plus d'informations ici<\/a>.  <\/li>\n<\/ul>\n<p>Que chacun de vous passe un Car\u00eame b\u00e9ni qui vous pr\u00e9pare \u00e0 une joyeuse P\u00e2ques !<\/p>\n<p>Tr\u00e8s fraternellement depuis l'Aventin<\/p>\n<p>Jeremias Schr\u00f6der OSB<br \/>Abb\u00e9 Primat<\/p>\n<\/div><\/div><\/div><\/div><\/div><\/p>\n","protected":false},"excerpt":{"rendered":"<p>Dans cette \u00e9dition de NEXUS, l&rsquo;Abb\u00e9 Primat Jeremias partage son point de vue sur certains \u00e9v\u00e9nements survenus \u00e0 Sant&rsquo;Anselmo et dans notre Conf\u00e9d\u00e9ration b\u00e9n\u00e9dictine. Il appr\u00e9cie une lettre r\u00e9cente du Saint-P\u00e8re et r\u00e9fl\u00e9chit sur les lieux auxquels nous, les b\u00e9n\u00e9dictins, sommes li\u00e9s. <\/p>\n","protected":false},"author":1,"featured_media":13538,"comment_status":"closed","ping_status":"closed","sticky":false,"template":"","format":"standard","meta":{"footnotes":""},"categories":[183],"tags":[194,202],"class_list":["post-13537","post","type-post","status-publish","format-standard","has-post-thumbnail","hentry","category-nexus-fr","tag-nexus-de-labbe-primat-fr","tag-nexus-mars-2025-fr"],"cc_featured_image_caption":{"caption_text":false,"source_text":false,"source_url":false},"_links":{"self":[{"href":"https:\/\/osb.org\/fr\/wp-json\/wp\/v2\/posts\/13537","targetHints":{"allow":["GET"]}}],"collection":[{"href":"https:\/\/osb.org\/fr\/wp-json\/wp\/v2\/posts"}],"about":[{"href":"https:\/\/osb.org\/fr\/wp-json\/wp\/v2\/types\/post"}],"author":[{"embeddable":true,"href":"https:\/\/osb.org\/fr\/wp-json\/wp\/v2\/users\/1"}],"replies":[{"embeddable":true,"href":"https:\/\/osb.org\/fr\/wp-json\/wp\/v2\/comments?post=13537"}],"version-history":[{"count":0,"href":"https:\/\/osb.org\/fr\/wp-json\/wp\/v2\/posts\/13537\/revisions"}],"wp:featuredmedia":[{"embeddable":true,"href":"https:\/\/osb.org\/fr\/wp-json\/wp\/v2\/media\/13538"}],"wp:attachment":[{"href":"https:\/\/osb.org\/fr\/wp-json\/wp\/v2\/media?parent=13537"}],"wp:term":[{"taxonomy":"category","embeddable":true,"href":"https:\/\/osb.org\/fr\/wp-json\/wp\/v2\/categories?post=13537"},{"taxonomy":"post_tag","embeddable":true,"href":"https:\/\/osb.org\/fr\/wp-json\/wp\/v2\/tags?post=13537"}],"curies":[{"name":"wp","href":"https:\/\/api.w.org\/{rel}","templated":true}]}}