{"id":17279,"date":"2026-03-27T11:34:41","date_gmt":"2026-03-27T10:34:41","guid":{"rendered":"https:\/\/osb.org\/2026\/03\/27\/in-memoriam-padre-joan-m-recasens-i-puig-osb\/"},"modified":"2026-04-04T20:09:33","modified_gmt":"2026-04-04T18:09:33","slug":"in-memoriam-padre-joan-m-recasens-i-puig-osb","status":"publish","type":"post","link":"https:\/\/osb.org\/es\/2026\/03\/27\/in-memoriam-padre-joan-m-recasens-i-puig-osb\/","title":{"rendered":"In Memoriam: Padre Joan M. Recasens i Puig OSB"},"content":{"rendered":"<p><div class=\"fusion-fullwidth fullwidth-box fusion-builder-row-1 fusion-flex-container has-pattern-background has-mask-background hundred-percent-fullwidth non-hundred-percent-height-scrolling\" style=\"--awb-border-sizes-bottom:1px;--awb-border-color:var(--awb-custom11);--awb-border-radius-top-left:0px;--awb-border-radius-top-right:0px;--awb-border-radius-bottom-right:0px;--awb-border-radius-bottom-left:0px;--awb-padding-right:60px;--awb-padding-bottom:20px;--awb-padding-left:60px;--awb-padding-right-small:30px;--awb-padding-left-small:30px;--awb-margin-top-medium:1px;--awb-margin-top-small:0px;--awb-flex-wrap:wrap;\" ><div class=\"fusion-builder-row fusion-row fusion-flex-align-items-center fusion-flex-justify-content-flex-end fusion-flex-content-wrap\" style=\"width:calc( 100% + 60px ) !important;max-width:calc( 100% + 60px ) !important;margin-left: calc(-60px \/ 2 );margin-right: calc(-60px \/ 2 );\"><div class=\"fusion-layout-column fusion_builder_column fusion-builder-column-0 fusion_builder_column_1_2 1_2 fusion-flex-column\" style=\"--awb-padding-right:60px;--awb-padding-left:60px;--awb-padding-right-small:0px;--awb-padding-left-small:0px;--awb-bg-size:cover;--awb-width-large:50%;--awb-margin-top-large:0px;--awb-spacing-right-large:30px;--awb-margin-bottom-large:20px;--awb-spacing-left-large:30px;--awb-width-medium:100%;--awb-order-medium:0;--awb-margin-top-medium:20px;--awb-spacing-right-medium:30px;--awb-margin-bottom-medium:0px;--awb-spacing-left-medium:30px;--awb-width-small:100%;--awb-order-small:0;--awb-spacing-right-small:30px;--awb-spacing-left-small:30px;\"><div class=\"fusion-column-wrapper fusion-column-has-shadow fusion-flex-justify-content-flex-start fusion-content-layout-column\"><div class=\"fusion-title title fusion-title-1 fusion-sep-none fusion-title-text fusion-title-size-one\" style=\"--awb-text-color:var(--awb-custom13);--awb-margin-top-small:0px;--awb-margin-right-small:0px;--awb-margin-bottom-small:20px;--awb-margin-left-small:0px;--awb-font-size:40px;\"><h1 class=\"fusion-title-heading title-heading-left md-text-align-center fusion-responsive-typography-calculated\" style=\"font-family:var(--awb-typography1-font-family);font-weight:var(--awb-typography1-font-weight);font-style:var(--awb-typography1-font-style);margin:0;letter-spacing:var(--awb-typography1-letter-spacing);text-transform:var(--awb-typography1-text-transform);font-size:1em;--fontSize:40;line-height:var(--awb-typography1-line-height);\">In Memoriam: Padre Joan M. Recasens i Puig OSB<\/h1><\/div><div class=\"fusion-text fusion-text-1 fusion-no-small-visibility fusion-no-medium-visibility\" style=\"--awb-font-size:var(--awb-typography3-font-size);--awb-line-height:var(--awb-typography3-line-height);--awb-letter-spacing:var(--awb-typography3-letter-spacing);--awb-text-transform:var(--awb-typography3-text-transform);--awb-text-color:var(--awb-custom12);--awb-text-font-family:var(--awb-typography3-font-family);--awb-text-font-weight:var(--awb-typography3-font-weight);--awb-text-font-style:var(--awb-typography3-font-style);\"><p>Un homenaje al padre Joan M. Recasens i Puig OSB, monje de Montserrat y antiguo rector de la iglesia de Sant\u2019Anselmo en Roma, que regres\u00f3 al Se\u00f1or el 15 de marzo de 2026 a la edad de 92 a\u00f1os.<\/p>\n<\/div><\/div><\/div><div class=\"fusion-layout-column fusion_builder_column fusion-builder-column-1 fusion_builder_column_1_2 1_2 fusion-flex-column\" style=\"--awb-bg-size:cover;--awb-width-large:50%;--awb-margin-top-large:0px;--awb-spacing-right-large:30px;--awb-margin-bottom-large:0px;--awb-spacing-left-large:30px;--awb-width-medium:100%;--awb-order-medium:0;--awb-spacing-right-medium:30px;--awb-spacing-left-medium:30px;--awb-width-small:100%;--awb-order-small:0;--awb-spacing-right-small:30px;--awb-spacing-left-small:30px;\"><div class=\"fusion-column-wrapper fusion-column-has-shadow fusion-flex-justify-content-flex-start fusion-content-layout-column\"><div class=\"fusion-image-element \" style=\"--awb-caption-title-font-family:var(--h2_typography-font-family);--awb-caption-title-font-weight:var(--h2_typography-font-weight);--awb-caption-title-font-style:var(--h2_typography-font-style);--awb-caption-title-size:var(--h2_typography-font-size);--awb-caption-title-transform:var(--h2_typography-text-transform);--awb-caption-title-line-height:var(--h2_typography-line-height);--awb-caption-title-letter-spacing:var(--h2_typography-letter-spacing);\"><span class=\" fusion-imageframe imageframe-none imageframe-1 hover-type-none\" style=\"border:1px solid var(--awb-custom10);\"><a href=\"https:\/\/osb.org\/wp-content\/uploads\/2026\/03\/Joan_Recasens_hero.jpg\" class=\"fusion-lightbox\" data-rel=\"iLightbox[6ba677b77eebd2befd3]\" data-title=\"Joan_Recasens_hero\" title=\"Joan_Recasens_hero\"><img decoding=\"async\" width=\"1920\" height=\"1080\" src=\"https:\/\/osb.org\/wp-content\/uploads\/2026\/03\/Joan_Recasens_hero.jpg\" data-orig-src=\"https:\/\/osb.org\/wp-content\/uploads\/2026\/03\/Joan_Recasens_hero.jpg\" alt class=\"lazyload img-responsive wp-image-17280\" srcset=\"data:image\/svg+xml,%3Csvg%20xmlns%3D%27http%3A%2F%2Fwww.w3.org%2F2000%2Fsvg%27%20width%3D%271920%27%20height%3D%271080%27%20viewBox%3D%270%200%201920%201080%27%3E%3Crect%20width%3D%271920%27%20height%3D%271080%27%20fill-opacity%3D%220%22%2F%3E%3C%2Fsvg%3E\" data-srcset=\"https:\/\/osb.org\/wp-content\/uploads\/2026\/03\/Joan_Recasens_hero-200x113.jpg 200w, https:\/\/osb.org\/wp-content\/uploads\/2026\/03\/Joan_Recasens_hero-400x225.jpg 400w, https:\/\/osb.org\/wp-content\/uploads\/2026\/03\/Joan_Recasens_hero-600x338.jpg 600w, https:\/\/osb.org\/wp-content\/uploads\/2026\/03\/Joan_Recasens_hero-800x450.jpg 800w, https:\/\/osb.org\/wp-content\/uploads\/2026\/03\/Joan_Recasens_hero-1200x675.jpg 1200w, https:\/\/osb.org\/wp-content\/uploads\/2026\/03\/Joan_Recasens_hero.jpg 1920w\" data-sizes=\"auto\" data-orig-sizes=\"(max-width: 1024px) 100vw, (max-width: 640px) 100vw, 600px\" \/><\/a><\/span><\/div><div class=\"fusion-text fusion-text-2 fusion-text-no-margin\" style=\"--awb-font-size:var(--awb-typography5-font-size);--awb-line-height:var(--awb-typography5-line-height);--awb-letter-spacing:var(--awb-typography5-letter-spacing);--awb-text-transform:var(--awb-typography5-text-transform);--awb-text-color:var(--awb-custom11);--awb-margin-top:12px;--awb-margin-bottom:12px;--awb-text-font-family:var(--awb-typography5-font-family);--awb-text-font-weight:var(--awb-typography5-font-weight);--awb-text-font-style:var(--awb-typography5-font-style);\"><\/div><\/div><\/div><div class=\"fusion-layout-column fusion_builder_column fusion-builder-column-2 fusion_builder_column_1_2 1_2 fusion-flex-column\" style=\"--awb-bg-size:cover;--awb-width-large:50%;--awb-margin-top-large:0px;--awb-spacing-right-large:30px;--awb-margin-bottom-large:0px;--awb-spacing-left-large:30px;--awb-width-medium:100%;--awb-order-medium:0;--awb-spacing-right-medium:30px;--awb-spacing-left-medium:30px;--awb-width-small:100%;--awb-order-small:0;--awb-spacing-right-small:30px;--awb-spacing-left-small:30px;\"><div class=\"fusion-column-wrapper fusion-column-has-shadow fusion-flex-justify-content-flex-start fusion-content-layout-column\"><div class=\"fusion-separator fusion-full-width-sep\" style=\"align-self: center;margin-left: auto;margin-right: auto;width:100%;\"><div class=\"fusion-separator-border sep-single sep-solid\" style=\"--awb-height:20px;--awb-amount:20px;--awb-sep-color:var(--awb-color4);border-color:var(--awb-color4);border-top-width:3px;\"><\/div><\/div><\/div><\/div><\/div><\/div><div class=\"fusion-fullwidth fullwidth-box fusion-builder-row-2 fusion-flex-container has-pattern-background has-mask-background hundred-percent-fullwidth non-hundred-percent-height-scrolling\" style=\"--awb-border-radius-top-left:0px;--awb-border-radius-top-right:0px;--awb-border-radius-bottom-right:0px;--awb-border-radius-bottom-left:0px;--awb-padding-right:60px;--awb-padding-left:60px;--awb-padding-right-medium:60px;--awb-padding-left-medium:60px;--awb-padding-right-small:30px;--awb-padding-left-small:30px;--awb-margin-top:30px;--awb-margin-top-small:0px;--awb-flex-wrap:wrap;\" ><div class=\"fusion-builder-row fusion-row fusion-flex-align-items-flex-start fusion-flex-justify-content-center fusion-flex-content-wrap\" style=\"width:calc( 100% + 60px ) !important;max-width:calc( 100% + 60px ) !important;margin-left: calc(-60px \/ 2 );margin-right: calc(-60px \/ 2 );\"><div class=\"fusion-layout-column fusion_builder_column fusion-builder-column-3 fusion_builder_column_1_2 1_2 fusion-flex-column\" style=\"--awb-bg-blend:overlay;--awb-bg-size:cover;--awb-width-large:50%;--awb-margin-top-large:0px;--awb-spacing-right-large:30px;--awb-margin-bottom-large:20px;--awb-spacing-left-large:30px;--awb-width-medium:75%;--awb-order-medium:0;--awb-spacing-right-medium:30px;--awb-spacing-left-medium:30px;--awb-width-small:100%;--awb-order-small:0;--awb-spacing-right-small:30px;--awb-spacing-left-small:30px;\"><div class=\"fusion-column-wrapper fusion-flex-justify-content-flex-start fusion-content-layout-column\"><div class=\"fusion-builder-row fusion-builder-row-inner fusion-row fusion-flex-align-items-flex-start fusion-flex-justify-content-center fusion-flex-content-wrap\" style=\"--awb-flex-grow:0;--awb-flex-grow-medium:0;--awb-flex-grow-small:0;--awb-flex-shrink:0;--awb-flex-shrink-medium:0;--awb-flex-shrink-small:0;width:calc( 100% + 60px ) !important;max-width:calc( 100% + 60px ) !important;margin-left: calc(-60px \/ 2 );margin-right: calc(-60px \/ 2 );\"><div class=\"fusion-layout-column fusion_builder_column_inner fusion-builder-nested-column-0 fusion_builder_column_inner_1_2 1_2 fusion-flex-column fusion-flex-align-self-center\" style=\"--awb-bg-size:cover;--awb-width-large:50%;--awb-margin-top-large:0px;--awb-spacing-right-large:30px;--awb-margin-bottom-large:0px;--awb-spacing-left-large:30px;--awb-width-medium:50%;--awb-order-medium:0;--awb-spacing-right-medium:30px;--awb-spacing-left-medium:30px;--awb-width-small:100%;--awb-order-small:1;--awb-spacing-right-small:30px;--awb-margin-bottom-small:20px;--awb-spacing-left-small:30px;\"><div class=\"fusion-column-wrapper fusion-column-has-shadow fusion-flex-justify-content-center fusion-content-layout-column\"><div class=\"fusion-text fusion-text-3 fusion-text-no-margin\" style=\"--awb-font-size:var(--awb-typography5-font-size);--awb-line-height:var(--awb-typography5-line-height);--awb-letter-spacing:var(--awb-typography5-letter-spacing);--awb-text-transform:var(--awb-typography5-text-transform);--awb-text-color:var(--awb-custom11);--awb-margin-top:0px;--awb-margin-right:0px;--awb-margin-bottom:0px;--awb-margin-left:0px;--awb-text-font-family:var(--awb-typography5-font-family);--awb-text-font-weight:var(--awb-typography5-font-weight);--awb-text-font-style:var(--awb-typography5-font-style);\"><p>27 marzo 2026<\/p>\n<\/div><\/div><\/div><div class=\"fusion-layout-column fusion_builder_column_inner fusion-builder-nested-column-1 fusion_builder_column_inner_1_2 1_2 fusion-flex-column fusion-flex-align-self-center\" style=\"--awb-bg-size:cover;--awb-width-large:50%;--awb-margin-top-large:0px;--awb-spacing-right-large:30px;--awb-margin-bottom-large:0px;--awb-spacing-left-large:30px;--awb-width-medium:50%;--awb-order-medium:0;--awb-spacing-right-medium:30px;--awb-spacing-left-medium:30px;--awb-width-small:100%;--awb-order-small:0;--awb-margin-top-small:0px;--awb-spacing-right-small:30px;--awb-spacing-left-small:30px;\"><div class=\"fusion-column-wrapper fusion-column-has-shadow fusion-flex-justify-content-center fusion-content-layout-column\"><div class=\"fusion-sharing-box fusion-sharing-box-1 boxed-icons\" style=\"background-color:var(--awb-color1);border-color:var(--awb-color1);--awb-margin-top:0px;--awb-margin-right:0px;--awb-margin-bottom:0px;--awb-margin-left:0px;--awb-wrapper-padding-top:0px;--awb-wrapper-padding-right:0px;--awb-wrapper-padding-bottom:0px;--awb-wrapper-padding-left:0px;--awb-padding-top:0px;--awb-padding-right:0px;--awb-padding-bottom:0px;--awb-padding-left:0px;--awb-border-top:0px;--awb-border-right:0px;--awb-border-bottom:0px;--awb-border-left:0px;--awb-icon-size:12px;--awb-separator-border-color:#cccccc;--awb-separator-border-sizes:0px;--awb-stacked-align:flex-end;--awb-layout:row;--awb-alignment-small:flex-end;--awb-stacked-align-small:center;\" data-title=\"In Memoriam: Padre Joan M. Recasens i Puig OSB\" data-description=\"Your Content Goes Here       \r\n\r\nEl 15 de marzo de 2026, en la Abad\u00eda de Nuestra Se\u00f1ora de Montserrat en Espa\u00f1a, Dom Joan M. Recasens i Puig OSB volvi\u00f3 al Se\u00f1or. Nacido en 1933, ingres\u00f3 en el monasterio en 1950 e hizo su\" data-link=\"https:\/\/osb.org\/es\/2026\/03\/27\/in-memoriam-padre-joan-m-recasens-i-puig-osb\/\"><div class=\"fusion-social-networks sharingbox-shortcode-icon-wrapper sharingbox-shortcode-icon-wrapper-1 boxed-icons\"><span><a href=\"https:\/\/www.facebook.com\/sharer.php?u=https%3A%2F%2Fosb.org%2Fes%2F2026%2F03%2F27%2Fin-memoriam-padre-joan-m-recasens-i-puig-osb%2F&amp;t=In%20Memoriam%3A%20Padre%20Joan%20M.%20Recasens%20i%20Puig%20OSB\" target=\"_blank\" rel=\"noreferrer\" title=\"Facebook\" aria-label=\"Facebook\"><i class=\"fusion-social-network-icon fusion-tooltip fusion-facebook awb-icon-facebook\" style=\"color:var(--awb-custom11);background-color:#e8e8e8;border-color:#e8e8e8;border-radius:50%;\" aria-hidden=\"true\"><\/i><\/a><\/span><span><a href=\"https:\/\/x.com\/intent\/post?text=In%20Memoriam%3A%20Padre%20Joan%20M.%20Recasens%20i%20Puig%20OSB&amp;url=https%3A%2F%2Fosb.org%2Fes%2F2026%2F03%2F27%2Fin-memoriam-padre-joan-m-recasens-i-puig-osb%2F\" target=\"_blank\" rel=\"noopener noreferrer\" title=\"X\" aria-label=\"X\"><i class=\"fusion-social-network-icon fusion-tooltip fusion-twitter awb-icon-twitter\" style=\"color:var(--awb-custom11);background-color:#e8e8e8;border-color:#e8e8e8;border-radius:50%;\" aria-hidden=\"true\"><\/i><\/a><\/span><span><a href=\"https:\/\/api.whatsapp.com\/send?text=https%3A%2F%2Fosb.org%2Fes%2F2026%2F03%2F27%2Fin-memoriam-padre-joan-m-recasens-i-puig-osb%2F\" target=\"_blank\" rel=\"noopener noreferrer\" title=\"WhatsApp\" aria-label=\"WhatsApp\"><i class=\"fusion-social-network-icon fusion-tooltip fusion-whatsapp awb-icon-whatsapp\" style=\"color:var(--awb-custom11);background-color:#e8e8e8;border-color:#e8e8e8;border-radius:50%;\" aria-hidden=\"true\"><\/i><\/a><\/span><span><a href=\"mailto:?subject=In%20Memoriam%3A%20Padre%20Joan%20M.%20Recasens%20i%20Puig%20OSB&amp;body=https%3A%2F%2Fosb.org%2Fes%2F2026%2F03%2F27%2Fin-memoriam-padre-joan-m-recasens-i-puig-osb%2F\" target=\"_self\" title=\"Email\" aria-label=\"Email\"><i class=\"fusion-social-network-icon fusion-tooltip fusion-mail awb-icon-mail\" style=\"color:var(--awb-custom11);background-color:#e8e8e8;border-color:#e8e8e8;border-radius:50%;\" aria-hidden=\"true\"><\/i><\/a><\/span><\/div><\/div><\/div><\/div><\/div><div class=\"fusion-text fusion-text-4\"><p>El 15 de marzo de 2026, en la Abad\u00eda de Nuestra Se\u00f1ora de Montserrat en Espa\u00f1a, Dom Joan M. Recasens i Puig OSB volvi\u00f3 al Se\u00f1or. Nacido en 1933, ingres\u00f3 en el monasterio en 1950 e hizo su profesi\u00f3n mon\u00e1stica en 1953. Tras sus a\u00f1os de formaci\u00f3n, fue ordenado sacerdote en 1959. A lo largo de su larga vida de servicio, el Padre Joan encarn\u00f3 el equilibrio benedictino entre estabilidad y disponibilidad misionera, sirviendo a diversas comunidades antes de su nombramiento fundamental en Roma.   <\/p>\n<p>Aqu\u00ed en Sant\u2019Anselmo se le recuerda con especial afecto como rector de nuestra iglesia desde 1985 hasta 2003. Durante casi dos d\u00e9cadas, fue el rostro del Aventino para los numerosos peregrinos y residentes locales que buscaban los sacramentos en nuestra iglesia. Cientos, o m\u00e1s probablemente miles, de parejas celebraron su boda con \u00e9l y a\u00fan recuerdan su amabilidad y sentido del humor. Su mandato transform\u00f3 la iglesia en un lugar de c\u00e1lido encuentro pastoral dentro del coraz\u00f3n acad\u00e9mico y administrativo de la Confederaci\u00f3n.   <\/p>\n<p>El abad primado Jeremias Schr\u00f6der OSB, reflexionando sobre el impacto del ministerio del P. Joan, destac\u00f3 el v\u00ednculo personal que muchos en Sant\u2019Anselmo sent\u00edan hacia \u00e9l. \u201cFue durante muchos a\u00f1os el rector de nuestra iglesia aqu\u00ed en Sant\u2019Anselmo, y mi jefe cuando yo era el sacrist\u00e1n estudiante en la d\u00e9cada de 1980\u201d, se\u00f1al\u00f3 el abad primado. \u201cEl P. Joan era un hombre muy amable y querido por las parejas que se casaban en nuestra iglesia; uno de los muchos monjes de Montserrat que hicieron una gran contribuci\u00f3n a nuestra casa romana\u201d.   <\/p>\n<p>Las contribuciones acad\u00e9micas y profesionales del P. Joan fueron igualmente significativas. Entre 1962 y 1971, realiz\u00f3 estudios especializados en archiv\u00edstica en el Archivo de la Corona de Arag\u00f3n y obtuvo la licenciatura en Pastoral y Catequ\u00e9tica del Instituto Lumen Vitae en Bruselas. Esta experiencia sirvi\u00f3 bien a la Orden, tanto durante su d\u00e9cada en el monasterio de Saint Michel de Cuxa como posteriormente tras su regreso a Montserrat en 2003.   <\/p>\n<p>En los \u00faltimos cap\u00edtulos de su vida en Montserrat, continu\u00f3 sirviendo a su comunidad en diversas funciones, incluidos per\u00edodos como refitolero y subprior. Tambi\u00e9n mantuvo su dedicaci\u00f3n a la preservaci\u00f3n de la historia mon\u00e1stica como responsable del archivo fotogr\u00e1fico del monasterio, cargo que desempe\u00f1\u00f3 hasta su fallecimiento. Su vida permaneci\u00f3 como testimonio del ideal benedictino de trabajo y oraci\u00f3n, llevado a cabo con una diligencia discreta y eficaz.  <\/p>\n<p>El funeral, presidido por el Padre Abad Manel Gasch OSB, se celebr\u00f3 el martes 17 de marzo en la Bas\u00edlica de Santa Mar\u00eda de Montserrat. Al encomendar a nuestro hermano a Cristo resucitado, permanecemos agradecidos por el esp\u00edritu de colaboraci\u00f3n entre Montserrat y Sant'Anselmo que su vida represent\u00f3 tan bellamente.<\/p>\n<\/div><div style=\"text-align:center;\"><a class=\"fusion-button button-flat fusion-button-default-size button-custom fusion-button-default button-1 fusion-button-span-yes fusion-button-default-type\" style=\"--awb-margin-top:10px;--button_accent_color:#ffffff;--button_accent_hover_color:#ffffff;--button_border_hover_color:#ffffff;--button_gradient_top_color:#1f7aa7;--button_gradient_bottom_color:#1f7aa7;--button_gradient_top_color_hover:#72cee0;--button_gradient_bottom_color_hover:#72cee0;\" target=\"_blank\" rel=\"noopener noreferrer\" href=\"https:\/\/abadiamontserrat.cat\/noticia\/660\/comunicat-oficial\"><span class=\"fusion-button-text awb-button__text awb-button__text--default\">Sitio web de la Abad\u00eda de Montserrat |ES|<\/span><\/a><\/div><\/div><\/div><\/div><\/div><\/p>\n","protected":false},"excerpt":{"rendered":"<p>Un homenaje al padre Joan M. Recasens i Puig OSB, monje de Montserrat y antiguo rector de la iglesia de Sant\u2019Anselmo en Roma, que regres\u00f3 al Se\u00f1or el 15 de marzo de 2026 a la edad de 92 a\u00f1os.<\/p>\n","protected":false},"author":1,"featured_media":17280,"comment_status":"closed","ping_status":"closed","sticky":false,"template":"","format":"standard","meta":{"footnotes":""},"categories":[186],"tags":[401,238,336],"class_list":["post-17279","post","type-post","status-publish","format-standard","has-post-thumbnail","hentry","category-nexus-es","tag-nexus-abril-2026-es","tag-nexus-santanselmo-es","tag-obituarios_2025"],"cc_featured_image_caption":{"caption_text":false,"source_text":false,"source_url":false},"_links":{"self":[{"href":"https:\/\/osb.org\/es\/wp-json\/wp\/v2\/posts\/17279","targetHints":{"allow":["GET"]}}],"collection":[{"href":"https:\/\/osb.org\/es\/wp-json\/wp\/v2\/posts"}],"about":[{"href":"https:\/\/osb.org\/es\/wp-json\/wp\/v2\/types\/post"}],"author":[{"embeddable":true,"href":"https:\/\/osb.org\/es\/wp-json\/wp\/v2\/users\/1"}],"replies":[{"embeddable":true,"href":"https:\/\/osb.org\/es\/wp-json\/wp\/v2\/comments?post=17279"}],"version-history":[{"count":0,"href":"https:\/\/osb.org\/es\/wp-json\/wp\/v2\/posts\/17279\/revisions"}],"wp:featuredmedia":[{"embeddable":true,"href":"https:\/\/osb.org\/es\/wp-json\/wp\/v2\/media\/17280"}],"wp:attachment":[{"href":"https:\/\/osb.org\/es\/wp-json\/wp\/v2\/media?parent=17279"}],"wp:term":[{"taxonomy":"category","embeddable":true,"href":"https:\/\/osb.org\/es\/wp-json\/wp\/v2\/categories?post=17279"},{"taxonomy":"post_tag","embeddable":true,"href":"https:\/\/osb.org\/es\/wp-json\/wp\/v2\/tags?post=17279"}],"curies":[{"name":"wp","href":"https:\/\/api.w.org\/{rel}","templated":true}]}}