{"id":16972,"date":"2026-02-21T11:45:53","date_gmt":"2026-02-21T10:45:53","guid":{"rendered":"https:\/\/osb.org\/2026\/02\/21\/eventos-elecciones-y-nombramientos-enero-febrero-de-2026\/"},"modified":"2026-02-23T09:57:55","modified_gmt":"2026-02-23T08:57:55","slug":"eventos-elecciones-y-nombramientos-enero-febrero-de-2026","status":"publish","type":"post","link":"https:\/\/osb.org\/es\/2026\/02\/21\/eventos-elecciones-y-nombramientos-enero-febrero-de-2026\/","title":{"rendered":"Eventos, elecciones y nombramientos | enero-febrero de 2026"},"content":{"rendered":"<p><div class=\"fusion-fullwidth fullwidth-box fusion-builder-row-1 fusion-flex-container has-pattern-background has-mask-background hundred-percent-fullwidth non-hundred-percent-height-scrolling\" style=\"--awb-border-sizes-bottom:1px;--awb-border-color:var(--awb-custom11);--awb-border-radius-top-left:0px;--awb-border-radius-top-right:0px;--awb-border-radius-bottom-right:0px;--awb-border-radius-bottom-left:0px;--awb-padding-right:60px;--awb-padding-bottom:20px;--awb-padding-left:60px;--awb-padding-right-small:30px;--awb-padding-left-small:30px;--awb-margin-top-medium:1px;--awb-margin-top-small:0px;--awb-flex-wrap:wrap;\" ><div class=\"fusion-builder-row fusion-row fusion-flex-align-items-center fusion-flex-justify-content-flex-end fusion-flex-content-wrap\" style=\"width:calc( 100% + 60px ) !important;max-width:calc( 100% + 60px ) !important;margin-left: calc(-60px \/ 2 );margin-right: calc(-60px \/ 2 );\"><div class=\"fusion-layout-column fusion_builder_column fusion-builder-column-0 fusion_builder_column_1_2 1_2 fusion-flex-column\" style=\"--awb-padding-right:60px;--awb-padding-left:60px;--awb-padding-right-small:0px;--awb-padding-left-small:0px;--awb-bg-size:cover;--awb-width-large:50%;--awb-margin-top-large:0px;--awb-spacing-right-large:30px;--awb-margin-bottom-large:20px;--awb-spacing-left-large:30px;--awb-width-medium:100%;--awb-order-medium:0;--awb-margin-top-medium:20px;--awb-spacing-right-medium:30px;--awb-margin-bottom-medium:0px;--awb-spacing-left-medium:30px;--awb-width-small:100%;--awb-order-small:0;--awb-spacing-right-small:30px;--awb-spacing-left-small:30px;\"><div class=\"fusion-column-wrapper fusion-column-has-shadow fusion-flex-justify-content-flex-start fusion-content-layout-column\"><div class=\"fusion-title title fusion-title-1 fusion-sep-none fusion-title-text fusion-title-size-one\" style=\"--awb-text-color:var(--awb-custom13);--awb-margin-top-small:0px;--awb-margin-right-small:0px;--awb-margin-bottom-small:20px;--awb-margin-left-small:0px;--awb-font-size:40px;\"><h1 class=\"fusion-title-heading title-heading-left md-text-align-center fusion-responsive-typography-calculated\" style=\"font-family:var(--awb-typography1-font-family);font-weight:var(--awb-typography1-font-weight);font-style:var(--awb-typography1-font-style);margin:0;letter-spacing:var(--awb-typography1-letter-spacing);text-transform:var(--awb-typography1-text-transform);font-size:1em;--fontSize:40;line-height:var(--awb-typography1-line-height);\">Eventos, elecciones y nombramientos | enero-febrero de 2026<\/h1><\/div><div class=\"fusion-text fusion-text-1 fusion-no-small-visibility fusion-no-medium-visibility\" style=\"--awb-font-size:var(--awb-typography3-font-size);--awb-line-height:var(--awb-typography3-line-height);--awb-letter-spacing:var(--awb-typography3-letter-spacing);--awb-text-transform:var(--awb-typography3-text-transform);--awb-text-color:var(--awb-custom12);--awb-text-font-family:var(--awb-typography3-font-family);--awb-text-font-weight:var(--awb-typography3-font-weight);--awb-text-font-style:var(--awb-typography3-font-style);\"><p>Panorama de los acontecimientos recientes y de los cambios de personal en nuestra familia benedictina.<\/p>\n<\/div><\/div><\/div><div class=\"fusion-layout-column fusion_builder_column fusion-builder-column-1 fusion_builder_column_1_2 1_2 fusion-flex-column\" style=\"--awb-bg-size:cover;--awb-width-large:50%;--awb-margin-top-large:0px;--awb-spacing-right-large:30px;--awb-margin-bottom-large:0px;--awb-spacing-left-large:30px;--awb-width-medium:100%;--awb-order-medium:0;--awb-spacing-right-medium:30px;--awb-spacing-left-medium:30px;--awb-width-small:100%;--awb-order-small:0;--awb-spacing-right-small:30px;--awb-spacing-left-small:30px;\"><div class=\"fusion-column-wrapper fusion-column-has-shadow fusion-flex-justify-content-flex-start fusion-content-layout-column\"><div class=\"fusion-image-element \" style=\"--awb-caption-title-font-family:var(--h2_typography-font-family);--awb-caption-title-font-weight:var(--h2_typography-font-weight);--awb-caption-title-font-style:var(--h2_typography-font-style);--awb-caption-title-size:var(--h2_typography-font-size);--awb-caption-title-transform:var(--h2_typography-text-transform);--awb-caption-title-line-height:var(--h2_typography-line-height);--awb-caption-title-letter-spacing:var(--h2_typography-letter-spacing);\"><span class=\" fusion-imageframe imageframe-none imageframe-1 hover-type-none\" style=\"border:1px solid var(--awb-custom10);\"><a href=\"https:\/\/osb.org\/wp-content\/uploads\/2026\/02\/DSC_2881.jpg\" class=\"fusion-lightbox\" data-rel=\"iLightbox[109a2d828f95fa2ae96]\" data-title=\"DSC_2881\" title=\"DSC_2881\"><img decoding=\"async\" width=\"1920\" height=\"1080\" src=\"https:\/\/osb.org\/wp-content\/uploads\/2026\/02\/DSC_2881.jpg\" data-orig-src=\"https:\/\/osb.org\/wp-content\/uploads\/2026\/02\/DSC_2881.jpg\" alt class=\"lazyload img-responsive wp-image-16971\" srcset=\"data:image\/svg+xml,%3Csvg%20xmlns%3D%27http%3A%2F%2Fwww.w3.org%2F2000%2Fsvg%27%20width%3D%271920%27%20height%3D%271080%27%20viewBox%3D%270%200%201920%201080%27%3E%3Crect%20width%3D%271920%27%20height%3D%271080%27%20fill-opacity%3D%220%22%2F%3E%3C%2Fsvg%3E\" data-srcset=\"https:\/\/osb.org\/wp-content\/uploads\/2026\/02\/DSC_2881-200x113.jpg 200w, https:\/\/osb.org\/wp-content\/uploads\/2026\/02\/DSC_2881-400x225.jpg 400w, https:\/\/osb.org\/wp-content\/uploads\/2026\/02\/DSC_2881-600x338.jpg 600w, https:\/\/osb.org\/wp-content\/uploads\/2026\/02\/DSC_2881-800x450.jpg 800w, https:\/\/osb.org\/wp-content\/uploads\/2026\/02\/DSC_2881-1200x675.jpg 1200w, https:\/\/osb.org\/wp-content\/uploads\/2026\/02\/DSC_2881.jpg 1920w\" data-sizes=\"auto\" data-orig-sizes=\"(max-width: 1024px) 100vw, (max-width: 640px) 100vw, 600px\" \/><\/a><\/span><\/div><div class=\"fusion-text fusion-text-2 fusion-text-no-margin\" style=\"--awb-font-size:var(--awb-typography5-font-size);--awb-line-height:var(--awb-typography5-line-height);--awb-letter-spacing:var(--awb-typography5-letter-spacing);--awb-text-transform:var(--awb-typography5-text-transform);--awb-text-color:var(--awb-custom11);--awb-margin-top:12px;--awb-margin-bottom:12px;--awb-text-font-family:var(--awb-typography5-font-family);--awb-text-font-weight:var(--awb-typography5-font-weight);--awb-text-font-style:var(--awb-typography5-font-style);\"><\/div><\/div><\/div><div class=\"fusion-layout-column fusion_builder_column fusion-builder-column-2 fusion_builder_column_1_2 1_2 fusion-flex-column\" style=\"--awb-bg-size:cover;--awb-width-large:50%;--awb-margin-top-large:0px;--awb-spacing-right-large:30px;--awb-margin-bottom-large:0px;--awb-spacing-left-large:30px;--awb-width-medium:100%;--awb-order-medium:0;--awb-spacing-right-medium:30px;--awb-spacing-left-medium:30px;--awb-width-small:100%;--awb-order-small:0;--awb-spacing-right-small:30px;--awb-spacing-left-small:30px;\"><div class=\"fusion-column-wrapper fusion-column-has-shadow fusion-flex-justify-content-flex-start fusion-content-layout-column\"><div class=\"fusion-separator fusion-full-width-sep\" style=\"align-self: center;margin-left: auto;margin-right: auto;width:100%;\"><div class=\"fusion-separator-border sep-single sep-solid\" style=\"--awb-height:20px;--awb-amount:20px;--awb-sep-color:var(--awb-color4);border-color:var(--awb-color4);border-top-width:3px;\"><\/div><\/div><\/div><\/div><\/div><\/div><div class=\"fusion-fullwidth fullwidth-box fusion-builder-row-2 fusion-flex-container has-pattern-background has-mask-background hundred-percent-fullwidth non-hundred-percent-height-scrolling\" style=\"--awb-border-radius-top-left:0px;--awb-border-radius-top-right:0px;--awb-border-radius-bottom-right:0px;--awb-border-radius-bottom-left:0px;--awb-padding-right:60px;--awb-padding-left:60px;--awb-padding-right-medium:60px;--awb-padding-left-medium:60px;--awb-padding-right-small:30px;--awb-padding-left-small:30px;--awb-margin-top:30px;--awb-margin-top-small:0px;--awb-flex-wrap:wrap;\" ><div class=\"fusion-builder-row fusion-row fusion-flex-align-items-flex-start fusion-flex-justify-content-center fusion-flex-content-wrap\" style=\"width:calc( 100% + 60px ) !important;max-width:calc( 100% + 60px ) !important;margin-left: calc(-60px \/ 2 );margin-right: calc(-60px \/ 2 );\"><div class=\"fusion-layout-column fusion_builder_column fusion-builder-column-3 fusion_builder_column_1_2 1_2 fusion-flex-column\" style=\"--awb-bg-blend:overlay;--awb-bg-size:cover;--awb-width-large:50%;--awb-margin-top-large:0px;--awb-spacing-right-large:30px;--awb-margin-bottom-large:20px;--awb-spacing-left-large:30px;--awb-width-medium:75%;--awb-order-medium:0;--awb-spacing-right-medium:30px;--awb-spacing-left-medium:30px;--awb-width-small:100%;--awb-order-small:0;--awb-spacing-right-small:30px;--awb-spacing-left-small:30px;\"><div class=\"fusion-column-wrapper fusion-flex-justify-content-flex-start fusion-content-layout-column\"><div class=\"fusion-builder-row fusion-builder-row-inner fusion-row fusion-flex-align-items-flex-start fusion-flex-justify-content-center fusion-flex-content-wrap\" style=\"--awb-flex-grow:0;--awb-flex-grow-medium:0;--awb-flex-grow-small:0;--awb-flex-shrink:0;--awb-flex-shrink-medium:0;--awb-flex-shrink-small:0;width:calc( 100% + 60px ) !important;max-width:calc( 100% + 60px ) !important;margin-left: calc(-60px \/ 2 );margin-right: calc(-60px \/ 2 );\"><div class=\"fusion-layout-column fusion_builder_column_inner fusion-builder-nested-column-0 fusion_builder_column_inner_1_2 1_2 fusion-flex-column fusion-flex-align-self-center\" style=\"--awb-bg-size:cover;--awb-width-large:50%;--awb-margin-top-large:0px;--awb-spacing-right-large:30px;--awb-margin-bottom-large:0px;--awb-spacing-left-large:30px;--awb-width-medium:50%;--awb-order-medium:0;--awb-spacing-right-medium:30px;--awb-spacing-left-medium:30px;--awb-width-small:100%;--awb-order-small:1;--awb-spacing-right-small:30px;--awb-margin-bottom-small:20px;--awb-spacing-left-small:30px;\"><div class=\"fusion-column-wrapper fusion-column-has-shadow fusion-flex-justify-content-center fusion-content-layout-column\"><div class=\"fusion-text fusion-text-3 fusion-text-no-margin\" style=\"--awb-font-size:var(--awb-typography5-font-size);--awb-line-height:var(--awb-typography5-line-height);--awb-letter-spacing:var(--awb-typography5-letter-spacing);--awb-text-transform:var(--awb-typography5-text-transform);--awb-text-color:var(--awb-custom11);--awb-margin-top:0px;--awb-margin-right:0px;--awb-margin-bottom:0px;--awb-margin-left:0px;--awb-text-font-family:var(--awb-typography5-font-family);--awb-text-font-weight:var(--awb-typography5-font-weight);--awb-text-font-style:var(--awb-typography5-font-style);\"><p>21 febrero 2026<\/p>\n<\/div><\/div><\/div><div class=\"fusion-layout-column fusion_builder_column_inner fusion-builder-nested-column-1 fusion_builder_column_inner_1_2 1_2 fusion-flex-column fusion-flex-align-self-center\" style=\"--awb-bg-size:cover;--awb-width-large:50%;--awb-margin-top-large:0px;--awb-spacing-right-large:30px;--awb-margin-bottom-large:0px;--awb-spacing-left-large:30px;--awb-width-medium:50%;--awb-order-medium:0;--awb-spacing-right-medium:30px;--awb-spacing-left-medium:30px;--awb-width-small:100%;--awb-order-small:0;--awb-margin-top-small:0px;--awb-spacing-right-small:30px;--awb-spacing-left-small:30px;\"><div class=\"fusion-column-wrapper fusion-column-has-shadow fusion-flex-justify-content-center fusion-content-layout-column\"><div class=\"fusion-sharing-box fusion-sharing-box-1 boxed-icons\" style=\"background-color:var(--awb-color1);border-color:var(--awb-color1);--awb-margin-top:0px;--awb-margin-right:0px;--awb-margin-bottom:0px;--awb-margin-left:0px;--awb-wrapper-padding-top:0px;--awb-wrapper-padding-right:0px;--awb-wrapper-padding-bottom:0px;--awb-wrapper-padding-left:0px;--awb-padding-top:0px;--awb-padding-right:0px;--awb-padding-bottom:0px;--awb-padding-left:0px;--awb-border-top:0px;--awb-border-right:0px;--awb-border-bottom:0px;--awb-border-left:0px;--awb-icon-size:12px;--awb-separator-border-color:#cccccc;--awb-separator-border-sizes:0px;--awb-stacked-align:flex-end;--awb-layout:row;--awb-alignment-small:flex-end;--awb-stacked-align-small:center;\" data-title=\"Eventos, elecciones y nombramientos | enero-febrero de 2026\" data-description=\"Your Content Goes Here       \r\n\r\nEl 14 de febrero, Richard Moth fue instalado como arzobispo de Westminster, Inglaterra. Es oblato de Pluscarden (Congregaci\u00f3n Subiaco-Casinense). \r\n\r\nEl 2 de febrero, el Abad Primado Jeremias Schr\u00f6der estableci\u00f3 una Secretar\u00eda Internacional para los Oblatos Seglares Benedictinos y\" data-link=\"https:\/\/osb.org\/es\/2026\/02\/21\/eventos-elecciones-y-nombramientos-enero-febrero-de-2026\/\"><div class=\"fusion-social-networks sharingbox-shortcode-icon-wrapper sharingbox-shortcode-icon-wrapper-1 boxed-icons\"><span><a href=\"https:\/\/www.facebook.com\/sharer.php?u=https%3A%2F%2Fosb.org%2Fes%2F2026%2F02%2F21%2Feventos-elecciones-y-nombramientos-enero-febrero-de-2026%2F&amp;t=Eventos%2C%20elecciones%20y%20nombramientos%20%7C%20enero-febrero%20de%202026\" target=\"_blank\" rel=\"noreferrer\" title=\"Facebook\" aria-label=\"Facebook\"><i class=\"fusion-social-network-icon fusion-tooltip fusion-facebook awb-icon-facebook\" style=\"color:var(--awb-custom11);background-color:#e8e8e8;border-color:#e8e8e8;border-radius:50%;\" aria-hidden=\"true\"><\/i><\/a><\/span><span><a href=\"https:\/\/x.com\/intent\/post?text=Eventos%2C%20elecciones%20y%20nombramientos%20%7C%20enero-febrero%20de%202026&amp;url=https%3A%2F%2Fosb.org%2Fes%2F2026%2F02%2F21%2Feventos-elecciones-y-nombramientos-enero-febrero-de-2026%2F\" target=\"_blank\" rel=\"noopener noreferrer\" title=\"X\" aria-label=\"X\"><i class=\"fusion-social-network-icon fusion-tooltip fusion-twitter awb-icon-twitter\" style=\"color:var(--awb-custom11);background-color:#e8e8e8;border-color:#e8e8e8;border-radius:50%;\" aria-hidden=\"true\"><\/i><\/a><\/span><span><a href=\"https:\/\/api.whatsapp.com\/send?text=https%3A%2F%2Fosb.org%2Fes%2F2026%2F02%2F21%2Feventos-elecciones-y-nombramientos-enero-febrero-de-2026%2F\" target=\"_blank\" rel=\"noopener noreferrer\" title=\"WhatsApp\" aria-label=\"WhatsApp\"><i class=\"fusion-social-network-icon fusion-tooltip fusion-whatsapp awb-icon-whatsapp\" style=\"color:var(--awb-custom11);background-color:#e8e8e8;border-color:#e8e8e8;border-radius:50%;\" aria-hidden=\"true\"><\/i><\/a><\/span><span><a href=\"mailto:?subject=Eventos%2C%20elecciones%20y%20nombramientos%20%7C%20enero-febrero%20de%202026&amp;body=https%3A%2F%2Fosb.org%2Fes%2F2026%2F02%2F21%2Feventos-elecciones-y-nombramientos-enero-febrero-de-2026%2F\" target=\"_self\" title=\"Email\" aria-label=\"Email\"><i class=\"fusion-social-network-icon fusion-tooltip fusion-mail awb-icon-mail\" style=\"color:var(--awb-custom11);background-color:#e8e8e8;border-color:#e8e8e8;border-radius:50%;\" aria-hidden=\"true\"><\/i><\/a><\/span><\/div><\/div><\/div><\/div><\/div><div class=\"fusion-text fusion-text-4\"><p>El 14 de febrero, Richard Moth fue instalado como arzobispo de Westminster, Inglaterra. Es oblato de Pluscarden (Congregaci\u00f3n Subiaco-Casinense). <\/p>\n<p>El 2 de febrero, el Abad Primado Jeremias Schr\u00f6der estableci\u00f3 una Secretar\u00eda Internacional para los Oblatos Seglares Benedictinos y nombr\u00f3 al Dr. Roberto Lomolino, oblato de Sant\u2019Anselmo, como su secretario general. Trabaja en estrecha colaboraci\u00f3n con el abad Jean-Pierre Longeat, delegado del Abad Primado para los Oblatos. Las principales tareas de la Secretar\u00eda son promover la cooperaci\u00f3n internacional entre los Oblatos y preparar el pr\u00f3ximo Congreso Internacional de Oblatos, previsto para 2030. La Secretar\u00eda tambi\u00e9n apoyar\u00e1 los preparativos del <a href=\"https:\/\/osb.org\/es\/2026\/02\/20\/taller-de-abades-2026-bienestar-y-planes-para-el-jubileo-de-2029\/\" target=\"_blank\" rel=\"noopener\">Jubileo Benedictino<\/a> en 2029.   <\/p>\n<p>Ese mismo d\u00eda, se anunci\u00f3 que el P. Juan Pablo Rubio, monje de la Abad\u00eda del Valle de los Ca\u00eddos en Espa\u00f1a (Congregaci\u00f3n de Solesmes), hab\u00eda sido nombrado nuevo procurador general de la Congregaci\u00f3n de Solesmes.<\/p>\n<p>31 de enero: el obispo Manel Nin G\u00fcell, monje de Montserrat (Congregaci\u00f3n de Subiaco-Casinesa) y anteriormente exarca para los cat\u00f3licos de rito bizantino en Grecia, con sede en Atenas, fue <a href=\"https:\/\/osb.org\/es\/2026\/01\/31\/el-obispo-manuel-nin-guell-osb-nombrado-exarca-de-grottaferrata\/\" target=\"_blank\" rel=\"noopener\">nombrado exarca del Monasterio de Grottaferrata<\/a>.<\/p>\n<p>El 15 de enero, <a href=\"https:\/\/osb.org\/es\/2026\/02\/06\/dom-geraldo-gonzalez-y-lima-osb-elegido-cuarto-abad-de-sao-geraldo\/\" target=\"_blank\" rel=\"noopener\">el P. Geraldo Gonz\u00e1lez y Lima fue elegido abad <\/a>  de su monasterio, S\u00e3o Geraldo, en S\u00e3o Paulo (Congregaci\u00f3n H\u00fangara). Prest\u00f3 servicio en Sant\u2019Anselmo durante m\u00e1s de 20 a\u00f1os, primero como secretario del Abad Primado Notker y despu\u00e9s como ec\u00f3nomo de Sant\u2019Anselmo y tesorero de la Confederaci\u00f3n. Actu\u00f3 como procurador de varias congregaciones en la Curia y fue miembro activo del Equipo Internacional de la AIM. En oto\u00f1o, el archiab\u00e1d em\u00e9rito Korbinian Birnbacher de Saint Peter\u2019s en Salzburgo (Congregaci\u00f3n Austriaca) asumir\u00e1 el cargo de ec\u00f3nomo de Sant\u2019Anselmo. Hasta entonces, el P. Rafael dos Santos desempe\u00f1ar\u00e1 esta funci\u00f3n.     <\/p>\n<p>28 de enero: el P. Richard Multerer fue elegido por un tercer mandato como prior administrador de Schweiklberg (Congregaci\u00f3n de Saint Ottilien).<\/p>\n<p>27 de enero: el abad Clement Ettany de Kappadu (Congregaci\u00f3n de la Anunciaci\u00f3n) fue elegido nuevo presidente de la Federaci\u00f3n Benedictina India-Sri Lanka. La priora Asha de Santa Lioba es su adjunta, y el prior John Kaippallimyalil de Kumily (San Ottilien) es el secretario. <\/p>\n<p>La \u201cFondazione Benedettina Pax et Sapientia\u201d inici\u00f3 sus actividades a comienzos de enero. Esta fundaci\u00f3n, constituida conforme al derecho italiano, apoya las actividades culturales y acad\u00e9micas de Sant\u2019Anselmo y tambi\u00e9n le permitir\u00e1 obtener subvenciones p\u00fablicas para dichas actividades.<\/p>\n<\/div><\/div><\/div><\/div><\/div><\/p>\n","protected":false},"excerpt":{"rendered":"<p>Panorama de los acontecimientos recientes y de los cambios de personal en nuestra familia benedictina.<\/p>\n","protected":false},"author":1,"featured_media":16971,"comment_status":"closed","ping_status":"closed","sticky":false,"template":"","format":"standard","meta":{"footnotes":""},"categories":[186],"tags":[395,236],"class_list":["post-16972","post","type-post","status-publish","format-standard","has-post-thumbnail","hentry","category-nexus-es","tag-nexus-febrero-2026-es","tag-nexus-del-abad-primado-es"],"cc_featured_image_caption":{"caption_text":false,"source_text":false,"source_url":false},"_links":{"self":[{"href":"https:\/\/osb.org\/es\/wp-json\/wp\/v2\/posts\/16972","targetHints":{"allow":["GET"]}}],"collection":[{"href":"https:\/\/osb.org\/es\/wp-json\/wp\/v2\/posts"}],"about":[{"href":"https:\/\/osb.org\/es\/wp-json\/wp\/v2\/types\/post"}],"author":[{"embeddable":true,"href":"https:\/\/osb.org\/es\/wp-json\/wp\/v2\/users\/1"}],"replies":[{"embeddable":true,"href":"https:\/\/osb.org\/es\/wp-json\/wp\/v2\/comments?post=16972"}],"version-history":[{"count":0,"href":"https:\/\/osb.org\/es\/wp-json\/wp\/v2\/posts\/16972\/revisions"}],"wp:featuredmedia":[{"embeddable":true,"href":"https:\/\/osb.org\/es\/wp-json\/wp\/v2\/media\/16971"}],"wp:attachment":[{"href":"https:\/\/osb.org\/es\/wp-json\/wp\/v2\/media?parent=16972"}],"wp:term":[{"taxonomy":"category","embeddable":true,"href":"https:\/\/osb.org\/es\/wp-json\/wp\/v2\/categories?post=16972"},{"taxonomy":"post_tag","embeddable":true,"href":"https:\/\/osb.org\/es\/wp-json\/wp\/v2\/tags?post=16972"}],"curies":[{"name":"wp","href":"https:\/\/api.w.org\/{rel}","templated":true}]}}