{"id":16469,"date":"2026-02-06T11:26:53","date_gmt":"2026-02-06T10:26:53","guid":{"rendered":"https:\/\/osb.org\/2026\/02\/06\/dom-geraldo-gonzalez-y-lima-osb-elegido-cuarto-abad-de-sao-geraldo\/"},"modified":"2026-02-10T21:20:59","modified_gmt":"2026-02-10T20:20:59","slug":"dom-geraldo-gonzalez-y-lima-osb-elegido-cuarto-abad-de-sao-geraldo","status":"publish","type":"post","link":"https:\/\/osb.org\/es\/2026\/02\/06\/dom-geraldo-gonzalez-y-lima-osb-elegido-cuarto-abad-de-sao-geraldo\/","title":{"rendered":"Dom Geraldo Gonz\u00e1lez y Lima OSB Elegido Cuarto Abad de S\u00e3o Geraldo"},"content":{"rendered":"<p><div class=\"fusion-fullwidth fullwidth-box fusion-builder-row-1 fusion-flex-container has-pattern-background has-mask-background hundred-percent-fullwidth non-hundred-percent-height-scrolling\" style=\"--awb-border-radius-top-left:0px;--awb-border-radius-top-right:0px;--awb-border-radius-bottom-right:0px;--awb-border-radius-bottom-left:0px;--awb-padding-right:60px;--awb-padding-bottom:0px;--awb-padding-left:60px;--awb-padding-right-small:30px;--awb-padding-left-small:30px;--awb-flex-wrap:wrap;\" ><div class=\"fusion-builder-row fusion-row fusion-flex-align-items-center fusion-flex-justify-content-flex-end fusion-flex-content-wrap\" style=\"width:calc( 100% + 60px ) !important;max-width:calc( 100% + 60px ) !important;margin-left: calc(-60px \/ 2 );margin-right: calc(-60px \/ 2 );\"><div class=\"fusion-layout-column fusion_builder_column fusion-builder-column-0 fusion_builder_column_1_2 1_2 fusion-flex-column\" style=\"--awb-padding-right:60px;--awb-padding-left:60px;--awb-padding-right-small:0px;--awb-padding-left-small:0px;--awb-bg-size:cover;--awb-width-large:50%;--awb-margin-top-large:0px;--awb-spacing-right-large:30px;--awb-margin-bottom-large:20px;--awb-spacing-left-large:30px;--awb-width-medium:100%;--awb-order-medium:0;--awb-margin-top-medium:20px;--awb-spacing-right-medium:30px;--awb-margin-bottom-medium:0px;--awb-spacing-left-medium:30px;--awb-width-small:100%;--awb-order-small:0;--awb-spacing-right-small:30px;--awb-spacing-left-small:30px;\"><div class=\"fusion-column-wrapper fusion-column-has-shadow fusion-flex-justify-content-flex-start fusion-content-layout-column\"><div class=\"fusion-title title fusion-title-1 fusion-sep-none fusion-title-text fusion-title-size-one\" style=\"--awb-text-color:var(--awb-custom13);--awb-margin-top-small:0px;--awb-margin-right-small:0px;--awb-margin-bottom-small:20px;--awb-margin-left-small:0px;--awb-font-size:40px;\"><h1 class=\"fusion-title-heading title-heading-left md-text-align-center fusion-responsive-typography-calculated\" style=\"font-family:var(--awb-typography1-font-family);font-weight:var(--awb-typography1-font-weight);font-style:var(--awb-typography1-font-style);margin:0;letter-spacing:var(--awb-typography1-letter-spacing);text-transform:var(--awb-typography1-text-transform);font-size:1em;--fontSize:40;line-height:var(--awb-typography1-line-height);\">Dom Geraldo Gonz\u00e1lez y Lima OSB Elegido Cuarto Abad de S\u00e3o Geraldo<\/h1><\/div><div class=\"fusion-text fusion-text-1 fusion-no-small-visibility fusion-no-medium-visibility\" style=\"--awb-font-size:var(--awb-typography3-font-size);--awb-line-height:var(--awb-typography3-line-height);--awb-letter-spacing:var(--awb-typography3-letter-spacing);--awb-text-transform:var(--awb-typography3-text-transform);--awb-text-font-family:var(--awb-typography3-font-family);--awb-text-font-weight:var(--awb-typography3-font-weight);--awb-text-font-style:var(--awb-typography3-font-style);\"><p>Dom Geraldo Gonz\u00e1lez y Lima OSB, tesorero durante mucho tiempo de la Confederaci\u00f3n Benedictina en Roma, ha sido elegido cuarto Abad de la Abad\u00eda de S\u00e3o Geraldo en S\u00e3o Paulo, Brasil, regresando a su comunidad de origen.<\/p>\n<\/div><\/div><\/div><div class=\"fusion-layout-column fusion_builder_column fusion-builder-column-1 fusion_builder_column_1_2 1_2 fusion-flex-column\" style=\"--awb-bg-size:cover;--awb-width-large:50%;--awb-margin-top-large:0px;--awb-spacing-right-large:30px;--awb-margin-bottom-large:0px;--awb-spacing-left-large:30px;--awb-width-medium:100%;--awb-order-medium:0;--awb-spacing-right-medium:30px;--awb-spacing-left-medium:30px;--awb-width-small:100%;--awb-order-small:0;--awb-spacing-right-small:30px;--awb-spacing-left-small:30px;\"><div class=\"fusion-column-wrapper fusion-column-has-shadow fusion-flex-justify-content-flex-start fusion-content-layout-column\"><div class=\"fusion-image-element \" style=\"--awb-caption-title-font-family:var(--h2_typography-font-family);--awb-caption-title-font-weight:var(--h2_typography-font-weight);--awb-caption-title-font-style:var(--h2_typography-font-style);--awb-caption-title-size:var(--h2_typography-font-size);--awb-caption-title-transform:var(--h2_typography-text-transform);--awb-caption-title-line-height:var(--h2_typography-line-height);--awb-caption-title-letter-spacing:var(--h2_typography-letter-spacing);\"><span class=\" fusion-imageframe imageframe-none imageframe-1 hover-type-none\" style=\"border:1px solid var(--awb-custom10);\"><a href=\"https:\/\/osb.org\/wp-content\/uploads\/2026\/02\/DSC_2900_2.jpg\" class=\"fusion-lightbox\" data-rel=\"iLightbox[583af88ca80951513cc]\" data-title=\"DSC_2900_2\" title=\"DSC_2900_2\"><img decoding=\"async\" width=\"1282\" height=\"1920\" src=\"https:\/\/osb.org\/wp-content\/uploads\/2026\/02\/DSC_2900_2.jpg\" data-orig-src=\"https:\/\/osb.org\/wp-content\/uploads\/2026\/02\/DSC_2900_2.jpg\" alt class=\"lazyload img-responsive wp-image-16476\" srcset=\"data:image\/svg+xml,%3Csvg%20xmlns%3D%27http%3A%2F%2Fwww.w3.org%2F2000%2Fsvg%27%20width%3D%271282%27%20height%3D%271920%27%20viewBox%3D%270%200%201282%201920%27%3E%3Crect%20width%3D%271282%27%20height%3D%271920%27%20fill-opacity%3D%220%22%2F%3E%3C%2Fsvg%3E\" data-srcset=\"https:\/\/osb.org\/wp-content\/uploads\/2026\/02\/DSC_2900_2-200x300.jpg 200w, https:\/\/osb.org\/wp-content\/uploads\/2026\/02\/DSC_2900_2-400x599.jpg 400w, https:\/\/osb.org\/wp-content\/uploads\/2026\/02\/DSC_2900_2-600x899.jpg 600w, https:\/\/osb.org\/wp-content\/uploads\/2026\/02\/DSC_2900_2-800x1198.jpg 800w, https:\/\/osb.org\/wp-content\/uploads\/2026\/02\/DSC_2900_2-1200x1797.jpg 1200w, https:\/\/osb.org\/wp-content\/uploads\/2026\/02\/DSC_2900_2.jpg 1282w\" data-sizes=\"auto\" data-orig-sizes=\"(max-width: 1024px) 100vw, (max-width: 640px) 100vw, 600px\" \/><\/a><\/span><\/div><div class=\"fusion-text fusion-text-2 fusion-text-no-margin\" style=\"--awb-font-size:var(--awb-typography5-font-size);--awb-line-height:var(--awb-typography5-line-height);--awb-letter-spacing:var(--awb-typography5-letter-spacing);--awb-text-transform:var(--awb-typography5-text-transform);--awb-text-color:var(--awb-custom11);--awb-margin-top:12px;--awb-margin-bottom:12px;--awb-text-font-family:var(--awb-typography5-font-family);--awb-text-font-weight:var(--awb-typography5-font-weight);--awb-text-font-style:var(--awb-typography5-font-style);\"><p>Your Content Goes Here<\/p>\n<\/div><\/div><\/div><div class=\"fusion-layout-column fusion_builder_column fusion-builder-column-2 fusion_builder_column_1_2 1_2 fusion-flex-column\" style=\"--awb-bg-size:cover;--awb-width-large:50%;--awb-margin-top-large:0px;--awb-spacing-right-large:30px;--awb-margin-bottom-large:0px;--awb-spacing-left-large:30px;--awb-width-medium:100%;--awb-order-medium:0;--awb-spacing-right-medium:30px;--awb-spacing-left-medium:30px;--awb-width-small:100%;--awb-order-small:0;--awb-spacing-right-small:30px;--awb-spacing-left-small:30px;\"><div class=\"fusion-column-wrapper fusion-column-has-shadow fusion-flex-justify-content-flex-start fusion-content-layout-column\"><div class=\"fusion-separator fusion-full-width-sep\" style=\"align-self: center;margin-left: auto;margin-right: auto;width:100%;\"><div class=\"fusion-separator-border sep-single sep-solid\" style=\"--awb-height:20px;--awb-amount:20px;--awb-sep-color:var(--awb-color4);border-color:var(--awb-color4);border-top-width:3px;\"><\/div><\/div><\/div><\/div><\/div><\/div><div class=\"fusion-fullwidth fullwidth-box fusion-builder-row-2 fusion-flex-container hundred-percent-fullwidth non-hundred-percent-height-scrolling\" style=\"--awb-border-radius-top-left:0px;--awb-border-radius-top-right:0px;--awb-border-radius-bottom-right:0px;--awb-border-radius-bottom-left:0px;--awb-padding-right:60px;--awb-padding-left:60px;--awb-padding-right-medium:60px;--awb-padding-left-medium:60px;--awb-padding-right-small:30px;--awb-padding-left-small:30px;--awb-margin-top-small:0px;--awb-flex-wrap:wrap;\" ><div class=\"fusion-builder-row fusion-row fusion-flex-align-items-flex-start fusion-flex-justify-content-center fusion-flex-content-wrap\" style=\"width:calc( 100% + 60px ) !important;max-width:calc( 100% + 60px ) !important;margin-left: calc(-60px \/ 2 );margin-right: calc(-60px \/ 2 );\"><div class=\"fusion-layout-column fusion_builder_column fusion-builder-column-3 fusion_builder_column_1_2 1_2 fusion-flex-column\" style=\"--awb-bg-size:cover;--awb-width-large:50%;--awb-margin-top-large:0px;--awb-spacing-right-large:30px;--awb-margin-bottom-large:20px;--awb-spacing-left-large:30px;--awb-width-medium:100%;--awb-order-medium:1;--awb-spacing-right-medium:30px;--awb-spacing-left-medium:30px;--awb-width-small:100%;--awb-order-small:1;--awb-spacing-right-small:30px;--awb-spacing-left-small:30px;\"><div class=\"fusion-column-wrapper fusion-column-has-shadow fusion-flex-justify-content-flex-start fusion-content-layout-column\"><div class=\"fusion-title title fusion-title-2 sep-underline sep-solid fusion-title-text fusion-title-size-three\" style=\"--awb-text-color:var(--awb-color8);--awb-margin-bottom:3%;--awb-margin-top-small:0px;--awb-margin-right-small:0px;--awb-margin-bottom-small:20px;--awb-margin-left-small:0px;--awb-font-size:var(--awb-typography3-font-size);\"><h3 class=\"fusion-title-heading title-heading-left fusion-responsive-typography-calculated\" style=\"font-family:var(--awb-typography3-font-family);font-weight:var(--awb-typography3-font-weight);font-style:var(--awb-typography3-font-style);margin:0;letter-spacing:var(--awb-typography3-letter-spacing);text-transform:var(--awb-typography3-text-transform);font-size:1em;--fontSize:22;--minFontSize:22;line-height:var(--awb-typography3-line-height);\">El \u201cCongedo\u201d del Abad Geraldo<\/h3><\/div><div class=\"awb-gallery-wrapper awb-gallery-wrapper-1 button-span-no\" style=\"--more-btn-alignment:center;\"><div style=\"margin:-5px;--awb-bordersize:0px;\" class=\"fusion-gallery fusion-gallery-container fusion-grid-2 fusion-columns-total-6 fusion-gallery-layout-grid fusion-gallery-1\"><div style=\"padding:5px;\" class=\"fusion-grid-column fusion-gallery-column fusion-gallery-column-2 hover-type-none\"><div class=\"fusion-gallery-image\"><a href=\"https:\/\/osb.org\/wp-content\/uploads\/2026\/02\/DSC_1231.jpg\" rel=\"noreferrer\" data-rel=\"iLightbox[gallery_image_1]\" class=\"fusion-lightbox\" target=\"_self\"><img decoding=\"async\" src=\"https:\/\/osb.org\/wp-content\/uploads\/2026\/02\/DSC_1231.jpg\" data-orig-src=\"https:\/\/osb.org\/wp-content\/uploads\/2026\/02\/DSC_1231.jpg\" width=\"1920\" height=\"1280\" alt=\"\" title=\"DSC_1231\" aria-label=\"DSC_1231\" class=\"lazyload img-responsive wp-image-16478\" srcset=\"data:image\/svg+xml,%3Csvg%20xmlns%3D%27http%3A%2F%2Fwww.w3.org%2F2000%2Fsvg%27%20width%3D%271920%27%20height%3D%271280%27%20viewBox%3D%270%200%201920%201280%27%3E%3Crect%20width%3D%271920%27%20height%3D%271280%27%20fill-opacity%3D%220%22%2F%3E%3C%2Fsvg%3E\" data-srcset=\"https:\/\/osb.org\/wp-content\/uploads\/2026\/02\/DSC_1231-200x133.jpg 200w, https:\/\/osb.org\/wp-content\/uploads\/2026\/02\/DSC_1231-400x267.jpg 400w, https:\/\/osb.org\/wp-content\/uploads\/2026\/02\/DSC_1231-600x400.jpg 600w, https:\/\/osb.org\/wp-content\/uploads\/2026\/02\/DSC_1231-800x533.jpg 800w, https:\/\/osb.org\/wp-content\/uploads\/2026\/02\/DSC_1231-1200x800.jpg 1200w, https:\/\/osb.org\/wp-content\/uploads\/2026\/02\/DSC_1231.jpg 1920w\" data-sizes=\"auto\" data-orig-sizes=\"(min-width: 2200px) 100vw, (min-width: 712px) 548px, (min-width: 640px) 712px, \" \/><\/a><\/div><\/div><div style=\"padding:5px;\" class=\"fusion-grid-column fusion-gallery-column fusion-gallery-column-2 hover-type-none\"><div class=\"fusion-gallery-image\"><a href=\"https:\/\/osb.org\/wp-content\/uploads\/2026\/02\/DSC_1273.jpg\" rel=\"noreferrer\" data-rel=\"iLightbox[gallery_image_1]\" class=\"fusion-lightbox\" target=\"_self\"><img decoding=\"async\" src=\"https:\/\/osb.org\/wp-content\/uploads\/2026\/02\/DSC_1273.jpg\" data-orig-src=\"https:\/\/osb.org\/wp-content\/uploads\/2026\/02\/DSC_1273.jpg\" width=\"1920\" height=\"1280\" alt=\"\" title=\"DSC_1273\" aria-label=\"DSC_1273\" class=\"lazyload img-responsive wp-image-16470\" srcset=\"data:image\/svg+xml,%3Csvg%20xmlns%3D%27http%3A%2F%2Fwww.w3.org%2F2000%2Fsvg%27%20width%3D%271920%27%20height%3D%271280%27%20viewBox%3D%270%200%201920%201280%27%3E%3Crect%20width%3D%271920%27%20height%3D%271280%27%20fill-opacity%3D%220%22%2F%3E%3C%2Fsvg%3E\" data-srcset=\"https:\/\/osb.org\/wp-content\/uploads\/2026\/02\/DSC_1273-200x133.jpg 200w, https:\/\/osb.org\/wp-content\/uploads\/2026\/02\/DSC_1273-400x267.jpg 400w, https:\/\/osb.org\/wp-content\/uploads\/2026\/02\/DSC_1273-600x400.jpg 600w, https:\/\/osb.org\/wp-content\/uploads\/2026\/02\/DSC_1273-800x533.jpg 800w, https:\/\/osb.org\/wp-content\/uploads\/2026\/02\/DSC_1273-1200x800.jpg 1200w, https:\/\/osb.org\/wp-content\/uploads\/2026\/02\/DSC_1273.jpg 1920w\" data-sizes=\"auto\" data-orig-sizes=\"(min-width: 2200px) 100vw, (min-width: 712px) 548px, (min-width: 640px) 712px, \" \/><\/a><\/div><\/div><div class=\"clearfix\"><\/div><div style=\"padding:5px;\" class=\"fusion-grid-column fusion-gallery-column fusion-gallery-column-2 hover-type-none\"><div class=\"fusion-gallery-image\"><a href=\"https:\/\/osb.org\/wp-content\/uploads\/2026\/02\/DSC_3003.jpg\" rel=\"noreferrer\" data-rel=\"iLightbox[gallery_image_1]\" class=\"fusion-lightbox\" target=\"_self\"><img decoding=\"async\" src=\"https:\/\/osb.org\/wp-content\/uploads\/2026\/02\/DSC_3003.jpg\" data-orig-src=\"https:\/\/osb.org\/wp-content\/uploads\/2026\/02\/DSC_3003.jpg\" width=\"1920\" height=\"1282\" alt=\"\" title=\"DSC_3003\" aria-label=\"DSC_3003\" class=\"lazyload img-responsive wp-image-16471\" srcset=\"data:image\/svg+xml,%3Csvg%20xmlns%3D%27http%3A%2F%2Fwww.w3.org%2F2000%2Fsvg%27%20width%3D%271920%27%20height%3D%271282%27%20viewBox%3D%270%200%201920%201282%27%3E%3Crect%20width%3D%271920%27%20height%3D%271282%27%20fill-opacity%3D%220%22%2F%3E%3C%2Fsvg%3E\" data-srcset=\"https:\/\/osb.org\/wp-content\/uploads\/2026\/02\/DSC_3003-200x134.jpg 200w, https:\/\/osb.org\/wp-content\/uploads\/2026\/02\/DSC_3003-400x267.jpg 400w, https:\/\/osb.org\/wp-content\/uploads\/2026\/02\/DSC_3003-600x401.jpg 600w, https:\/\/osb.org\/wp-content\/uploads\/2026\/02\/DSC_3003-800x534.jpg 800w, https:\/\/osb.org\/wp-content\/uploads\/2026\/02\/DSC_3003-1200x801.jpg 1200w, https:\/\/osb.org\/wp-content\/uploads\/2026\/02\/DSC_3003.jpg 1920w\" data-sizes=\"auto\" data-orig-sizes=\"(min-width: 2200px) 100vw, (min-width: 712px) 548px, (min-width: 640px) 712px, \" \/><\/a><\/div><\/div><div style=\"padding:5px;\" class=\"fusion-grid-column fusion-gallery-column fusion-gallery-column-2 hover-type-none\"><div class=\"fusion-gallery-image\"><a href=\"https:\/\/osb.org\/wp-content\/uploads\/2026\/02\/DSC_3058.jpg\" rel=\"noreferrer\" data-rel=\"iLightbox[gallery_image_1]\" class=\"fusion-lightbox\" target=\"_self\"><img decoding=\"async\" src=\"https:\/\/osb.org\/wp-content\/uploads\/2026\/02\/DSC_3058.jpg\" data-orig-src=\"https:\/\/osb.org\/wp-content\/uploads\/2026\/02\/DSC_3058.jpg\" width=\"1920\" height=\"1282\" alt=\"\" title=\"DSC_3058\" aria-label=\"DSC_3058\" class=\"lazyload img-responsive wp-image-16473\" srcset=\"data:image\/svg+xml,%3Csvg%20xmlns%3D%27http%3A%2F%2Fwww.w3.org%2F2000%2Fsvg%27%20width%3D%271920%27%20height%3D%271282%27%20viewBox%3D%270%200%201920%201282%27%3E%3Crect%20width%3D%271920%27%20height%3D%271282%27%20fill-opacity%3D%220%22%2F%3E%3C%2Fsvg%3E\" data-srcset=\"https:\/\/osb.org\/wp-content\/uploads\/2026\/02\/DSC_3058-200x134.jpg 200w, https:\/\/osb.org\/wp-content\/uploads\/2026\/02\/DSC_3058-400x267.jpg 400w, https:\/\/osb.org\/wp-content\/uploads\/2026\/02\/DSC_3058-600x401.jpg 600w, https:\/\/osb.org\/wp-content\/uploads\/2026\/02\/DSC_3058-800x534.jpg 800w, https:\/\/osb.org\/wp-content\/uploads\/2026\/02\/DSC_3058-1200x801.jpg 1200w, https:\/\/osb.org\/wp-content\/uploads\/2026\/02\/DSC_3058.jpg 1920w\" data-sizes=\"auto\" data-orig-sizes=\"(min-width: 2200px) 100vw, (min-width: 712px) 548px, (min-width: 640px) 712px, \" \/><\/a><\/div><\/div><div class=\"clearfix\"><\/div><div style=\"padding:5px;\" class=\"fusion-grid-column fusion-gallery-column fusion-gallery-column-2 hover-type-none\"><div class=\"fusion-gallery-image\"><a href=\"https:\/\/osb.org\/wp-content\/uploads\/2026\/02\/DSC_3116.jpg\" rel=\"noreferrer\" data-rel=\"iLightbox[gallery_image_1]\" class=\"fusion-lightbox\" target=\"_self\"><img decoding=\"async\" src=\"https:\/\/osb.org\/wp-content\/uploads\/2026\/02\/DSC_3116.jpg\" data-orig-src=\"https:\/\/osb.org\/wp-content\/uploads\/2026\/02\/DSC_3116.jpg\" width=\"1920\" height=\"1282\" alt=\"\" title=\"DSC_3116\" aria-label=\"DSC_3116\" class=\"lazyload img-responsive wp-image-16474\" srcset=\"data:image\/svg+xml,%3Csvg%20xmlns%3D%27http%3A%2F%2Fwww.w3.org%2F2000%2Fsvg%27%20width%3D%271920%27%20height%3D%271282%27%20viewBox%3D%270%200%201920%201282%27%3E%3Crect%20width%3D%271920%27%20height%3D%271282%27%20fill-opacity%3D%220%22%2F%3E%3C%2Fsvg%3E\" data-srcset=\"https:\/\/osb.org\/wp-content\/uploads\/2026\/02\/DSC_3116-200x134.jpg 200w, https:\/\/osb.org\/wp-content\/uploads\/2026\/02\/DSC_3116-400x267.jpg 400w, https:\/\/osb.org\/wp-content\/uploads\/2026\/02\/DSC_3116-600x401.jpg 600w, https:\/\/osb.org\/wp-content\/uploads\/2026\/02\/DSC_3116-800x534.jpg 800w, https:\/\/osb.org\/wp-content\/uploads\/2026\/02\/DSC_3116-1200x801.jpg 1200w, https:\/\/osb.org\/wp-content\/uploads\/2026\/02\/DSC_3116.jpg 1920w\" data-sizes=\"auto\" data-orig-sizes=\"(min-width: 2200px) 100vw, (min-width: 712px) 548px, (min-width: 640px) 712px, \" \/><\/a><\/div><\/div><div style=\"padding:5px;\" class=\"fusion-grid-column fusion-gallery-column fusion-gallery-column-2 hover-type-none\"><div class=\"fusion-gallery-image\"><a href=\"https:\/\/osb.org\/wp-content\/uploads\/2026\/02\/DSC_3122.jpg\" rel=\"noreferrer\" data-rel=\"iLightbox[gallery_image_1]\" class=\"fusion-lightbox\" target=\"_self\"><img decoding=\"async\" src=\"https:\/\/osb.org\/wp-content\/uploads\/2026\/02\/DSC_3122.jpg\" data-orig-src=\"https:\/\/osb.org\/wp-content\/uploads\/2026\/02\/DSC_3122.jpg\" width=\"1920\" height=\"1282\" alt=\"\" title=\"DSC_3122\" aria-label=\"DSC_3122\" class=\"lazyload img-responsive wp-image-16475\" srcset=\"data:image\/svg+xml,%3Csvg%20xmlns%3D%27http%3A%2F%2Fwww.w3.org%2F2000%2Fsvg%27%20width%3D%271920%27%20height%3D%271282%27%20viewBox%3D%270%200%201920%201282%27%3E%3Crect%20width%3D%271920%27%20height%3D%271282%27%20fill-opacity%3D%220%22%2F%3E%3C%2Fsvg%3E\" data-srcset=\"https:\/\/osb.org\/wp-content\/uploads\/2026\/02\/DSC_3122-200x134.jpg 200w, https:\/\/osb.org\/wp-content\/uploads\/2026\/02\/DSC_3122-400x267.jpg 400w, https:\/\/osb.org\/wp-content\/uploads\/2026\/02\/DSC_3122-600x401.jpg 600w, https:\/\/osb.org\/wp-content\/uploads\/2026\/02\/DSC_3122-800x534.jpg 800w, https:\/\/osb.org\/wp-content\/uploads\/2026\/02\/DSC_3122-1200x801.jpg 1200w, https:\/\/osb.org\/wp-content\/uploads\/2026\/02\/DSC_3122.jpg 1920w\" data-sizes=\"auto\" data-orig-sizes=\"(min-width: 2200px) 100vw, (min-width: 712px) 548px, (min-width: 640px) 712px, \" \/><\/a><\/div><\/div><div class=\"clearfix\"><\/div><\/div><\/div><div style=\"text-align:center;\"><a class=\"fusion-button button-flat fusion-button-default-size button-default fusion-button-default button-1 fusion-button-span-yes fusion-button-default-type\" style=\"--awb-margin-top:2%;--button_text_transform:uppercase;--button_font_size:18px;--button_line_height:var(--awb-typography3-line-height);--button_typography-letter-spacing:1.5px;--button_typography-font-family:&quot;yorkten-slab-normal&quot;;--button_typography-font-style:normal;--button_typography-font-weight:400;\" target=\"_blank\" rel=\"noopener noreferrer\" href=\"https:\/\/flic.kr\/s\/aHBqjCJDY8\"><span class=\"fusion-button-text awb-button__text awb-button__text--default\">M\u00e1s fotos en Flickr<\/span><\/a><\/div><\/div><\/div><div class=\"fusion-layout-column fusion_builder_column fusion-builder-column-4 fusion_builder_column_1_2 1_2 fusion-flex-column\" style=\"--awb-bg-blend:overlay;--awb-bg-size:cover;--awb-width-large:50%;--awb-margin-top-large:0px;--awb-spacing-right-large:30px;--awb-margin-bottom-large:20px;--awb-spacing-left-large:30px;--awb-width-medium:75%;--awb-order-medium:0;--awb-spacing-right-medium:30px;--awb-spacing-left-medium:30px;--awb-width-small:100%;--awb-order-small:0;--awb-spacing-right-small:30px;--awb-spacing-left-small:30px;\"><div class=\"fusion-column-wrapper fusion-flex-justify-content-flex-start fusion-content-layout-column\"><div class=\"fusion-builder-row fusion-builder-row-inner fusion-row fusion-flex-align-items-flex-start fusion-flex-justify-content-center fusion-flex-content-wrap\" style=\"--awb-flex-grow:0;--awb-flex-grow-medium:0;--awb-flex-grow-small:0;--awb-flex-shrink:0;--awb-flex-shrink-medium:0;--awb-flex-shrink-small:0;width:calc( 100% + 60px ) !important;max-width:calc( 100% + 60px ) !important;margin-left: calc(-60px \/ 2 );margin-right: calc(-60px \/ 2 );\"><div class=\"fusion-layout-column fusion_builder_column_inner fusion-builder-nested-column-0 fusion_builder_column_inner_1_2 1_2 fusion-flex-column fusion-flex-align-self-center\" style=\"--awb-bg-size:cover;--awb-width-large:50%;--awb-margin-top-large:0px;--awb-spacing-right-large:30px;--awb-margin-bottom-large:0px;--awb-spacing-left-large:30px;--awb-width-medium:50%;--awb-order-medium:0;--awb-spacing-right-medium:30px;--awb-spacing-left-medium:30px;--awb-width-small:100%;--awb-order-small:1;--awb-spacing-right-small:30px;--awb-margin-bottom-small:20px;--awb-spacing-left-small:30px;\"><div class=\"fusion-column-wrapper fusion-column-has-shadow fusion-flex-justify-content-center fusion-content-layout-column\"><div class=\"fusion-text fusion-text-3 fusion-text-no-margin\" style=\"--awb-font-size:var(--awb-typography5-font-size);--awb-line-height:var(--awb-typography5-line-height);--awb-letter-spacing:var(--awb-typography5-letter-spacing);--awb-text-transform:var(--awb-typography5-text-transform);--awb-text-color:var(--awb-custom11);--awb-margin-top:0px;--awb-margin-right:0px;--awb-margin-bottom:0px;--awb-margin-left:0px;--awb-text-font-family:var(--awb-typography5-font-family);--awb-text-font-weight:var(--awb-typography5-font-weight);--awb-text-font-style:var(--awb-typography5-font-style);\"><p>6 febrero 2026<\/p>\n<\/div><\/div><\/div><div class=\"fusion-layout-column fusion_builder_column_inner fusion-builder-nested-column-1 fusion_builder_column_inner_1_2 1_2 fusion-flex-column fusion-flex-align-self-center\" style=\"--awb-bg-size:cover;--awb-width-large:50%;--awb-margin-top-large:0px;--awb-spacing-right-large:30px;--awb-margin-bottom-large:0px;--awb-spacing-left-large:30px;--awb-width-medium:50%;--awb-order-medium:0;--awb-spacing-right-medium:30px;--awb-spacing-left-medium:30px;--awb-width-small:100%;--awb-order-small:0;--awb-margin-top-small:0px;--awb-spacing-right-small:30px;--awb-spacing-left-small:30px;\"><div class=\"fusion-column-wrapper fusion-column-has-shadow fusion-flex-justify-content-center fusion-content-layout-column\"><div class=\"fusion-sharing-box fusion-sharing-box-1 boxed-icons\" style=\"background-color:var(--awb-color1);border-color:var(--awb-color1);--awb-margin-top:0px;--awb-margin-right:0px;--awb-margin-bottom:0px;--awb-margin-left:0px;--awb-wrapper-padding-top:0px;--awb-wrapper-padding-right:0px;--awb-wrapper-padding-bottom:0px;--awb-wrapper-padding-left:0px;--awb-padding-top:0px;--awb-padding-right:0px;--awb-padding-bottom:0px;--awb-padding-left:0px;--awb-border-top:0px;--awb-border-right:0px;--awb-border-bottom:0px;--awb-border-left:0px;--awb-icon-size:12px;--awb-separator-border-color:#cccccc;--awb-separator-border-sizes:0px;--awb-stacked-align:flex-end;--awb-layout:row;--awb-alignment-small:flex-end;--awb-stacked-align-small:center;\" data-title=\"Dom Geraldo Gonz\u00e1lez y Lima OSB Elegido Cuarto Abad de S\u00e3o Geraldo\" data-description=\"Your Content Goes Here  Your Content Goes Here   \r\n\r\nEl \u201cCongedo\u201d del Abad Geraldo    M\u00e1s fotos en Flickr    \r\n\r\nLa comunidad mon\u00e1stica de la Abad\u00eda de S\u00e3o Geraldo en S\u00e3o Paulo, Brasil, ha elegido a Dom Geraldo\" data-link=\"https:\/\/osb.org\/es\/2026\/02\/06\/dom-geraldo-gonzalez-y-lima-osb-elegido-cuarto-abad-de-sao-geraldo\/\"><div class=\"fusion-social-networks sharingbox-shortcode-icon-wrapper sharingbox-shortcode-icon-wrapper-1 boxed-icons\"><span><a href=\"https:\/\/www.facebook.com\/sharer.php?u=https%3A%2F%2Fosb.org%2Fes%2F2026%2F02%2F06%2Fdom-geraldo-gonzalez-y-lima-osb-elegido-cuarto-abad-de-sao-geraldo%2F&amp;t=Dom%20Geraldo%20Gonz%C3%A1lez%20y%20Lima%20OSB%20Elegido%20Cuarto%20Abad%20de%20S%C3%A3o%20Geraldo\" target=\"_blank\" rel=\"noreferrer\" title=\"Facebook\" aria-label=\"Facebook\"><i class=\"fusion-social-network-icon fusion-tooltip fusion-facebook awb-icon-facebook\" style=\"color:var(--awb-custom11);background-color:#e8e8e8;border-color:#e8e8e8;border-radius:50%;\" aria-hidden=\"true\"><\/i><\/a><\/span><span><a href=\"https:\/\/x.com\/intent\/post?text=Dom%20Geraldo%20Gonz%C3%A1lez%20y%20Lima%20OSB%20Elegido%20Cuarto%20Abad%20de%20S%C3%A3o%20Geraldo&amp;url=https%3A%2F%2Fosb.org%2Fes%2F2026%2F02%2F06%2Fdom-geraldo-gonzalez-y-lima-osb-elegido-cuarto-abad-de-sao-geraldo%2F\" target=\"_blank\" rel=\"noopener noreferrer\" title=\"X\" aria-label=\"X\"><i class=\"fusion-social-network-icon fusion-tooltip fusion-twitter awb-icon-twitter\" style=\"color:var(--awb-custom11);background-color:#e8e8e8;border-color:#e8e8e8;border-radius:50%;\" aria-hidden=\"true\"><\/i><\/a><\/span><span><a href=\"https:\/\/api.whatsapp.com\/send?text=https%3A%2F%2Fosb.org%2Fes%2F2026%2F02%2F06%2Fdom-geraldo-gonzalez-y-lima-osb-elegido-cuarto-abad-de-sao-geraldo%2F\" target=\"_blank\" rel=\"noopener noreferrer\" title=\"WhatsApp\" aria-label=\"WhatsApp\"><i class=\"fusion-social-network-icon fusion-tooltip fusion-whatsapp awb-icon-whatsapp\" style=\"color:var(--awb-custom11);background-color:#e8e8e8;border-color:#e8e8e8;border-radius:50%;\" aria-hidden=\"true\"><\/i><\/a><\/span><span><a href=\"mailto:?subject=Dom%20Geraldo%20Gonz%C3%A1lez%20y%20Lima%20OSB%20Elegido%20Cuarto%20Abad%20de%20S%C3%A3o%20Geraldo&amp;body=https%3A%2F%2Fosb.org%2Fes%2F2026%2F02%2F06%2Fdom-geraldo-gonzalez-y-lima-osb-elegido-cuarto-abad-de-sao-geraldo%2F\" target=\"_self\" title=\"Email\" aria-label=\"Email\"><i class=\"fusion-social-network-icon fusion-tooltip fusion-mail awb-icon-mail\" style=\"color:var(--awb-custom11);background-color:#e8e8e8;border-color:#e8e8e8;border-radius:50%;\" aria-hidden=\"true\"><\/i><\/a><\/span><\/div><\/div><\/div><\/div><\/div><div class=\"fusion-text fusion-text-4\" style=\"--awb-margin-top:10px;\"><p>La comunidad mon\u00e1stica de la Abad\u00eda de S\u00e3o Geraldo en S\u00e3o Paulo, Brasil, ha elegido a Dom Geraldo Gonz\u00e1lez y Lima OSB como su cuarto abad. La elecci\u00f3n tuvo lugar el 15 de enero de 2026, coincidiendo con la memoria lit\u00fargica de los Santos Mauro y Pl\u00e1cido, los primeros disc\u00edpulos de San Benito. Dom Geraldo sucede en la sede abacial de esta comunidad, miembro de la Congregaci\u00f3n H\u00fangara, despu\u00e9s de dos d\u00e9cadas de distinguido servicio a la confederaci\u00f3n en Roma.  <\/p>\n<p>Nacido en La Habana, Cuba, en una familia de ascendencia espa\u00f1ola y china, la vida de Dom Geraldo ha estado profundamente entrelazada con el carisma benedictino desde su juventud. Antiguo alumno del Col\u00e9gio Santo Am\u00e9rico, la renombrada instituci\u00f3n educativa de la abad\u00eda, m\u00e1s tarde se gradu\u00f3 en Derecho por la Universidad de S\u00e3o Paulo, especializ\u00e1ndose en derecho corporativo. Su transici\u00f3n de la profesi\u00f3n legal al claustro sigui\u00f3 a un per\u00edodo como oblato secular, entrando finalmente en S\u00e3o Geraldo en 1983. Hizo su profesi\u00f3n solemne en 1987 y fue ordenado sacerdote en la Solemnidad de los Santos Pedro y Pablo en 1991.   <\/p>\n<p>Dentro de su propia comunidad, el liderazgo de Dom Geraldo se estableci\u00f3 a trav\u00e9s de una diversa gama de responsabilidades. Sirvi\u00f3 como maestro de novicios, procurador y subprior, y fue miembro fundador y superior de la Cella Saint Joseph en Itapecerica da Serra. Su compromiso con el apostolado educativo benedictino fue particularmente evidente durante su mandato como rector del Col\u00e9gio Santo Am\u00e9rico y su trabajo con el Movimiento Pax, que fomenta el crecimiento espiritual entre los estudiantes, los antiguos alumnos y sus familias.  <\/p>\n<p>En 2005, Dom Geraldo fue llamado a Roma para servir en la Curia del Abad Primado en Sant\u2019Anselmo. Durante los siguientes 20 a\u00f1os, se ha convertido en una figura familiar y estimada dentro de la familia benedictina internacional. Sus funciones fueron tan variadas como exigentes: sirvi\u00f3 como secretario del Abad Primado Notker Wolf, secretario general del Ateneo Pontificio de Sant\u2019Anselmo y, sobre todo, como tesorero de la Confederaci\u00f3n Benedictina. Su experiencia en administraci\u00f3n y su presencia mesurada y fraternal lo convirtieron en un pilar de las operaciones de la Curia.   <\/p>\n<p>Su influencia se ha extendido mucho m\u00e1s all\u00e1 de los muros de la Colina Aventina. Dom Geraldo ha sido una figura fundamental en la Comisi\u00f3n Internacional de Educaci\u00f3n Benedictina (ICBE), actualmente sirviendo como su Vicepresidente, y ha contribuido significativamente a la Alliance Inter-Monast\u00e8re (AIM) en Par\u00eds. Adem\u00e1s, su nombramiento como procurador para varias congregaciones benedictinas \u2014incluyendo las congregaciones Americano-Casinense, Suizo-Americana, Cono-Sur y Solesmes\u2014 subraya la confianza depositada en \u00e9l por la comunidad mon\u00e1stica global.  <\/p>\n<p>La elecci\u00f3n de Dom Geraldo marca el regreso de un administrador experimentado y un monje respetado a la comunidad que lo form\u00f3. Despu\u00e9s de un per\u00edodo de transici\u00f3n en Sant\u2019Anselmo para concluir sus responsabilidades en Roma, regresar\u00e1 a Brasil para comenzar su ministerio abacial. En este nuevo cap\u00edtulo, supervisar\u00e1 la Abad\u00eda de S\u00e3o Geraldo y su extensa red de obras sociales, educativas y pastorales, incluyendo la parroquia de Morumbi y la Cella Saint Joseph.  <\/p>\n<p>La comunidad en Sant\u2019Anselmo, aunque siente la p\u00e9rdida de un colega y amigo querido, se une a los monjes de S\u00e3o Geraldo en oraci\u00f3n mientras Dom Geraldo toma el b\u00e1culo abacial, trayendo su vasta experiencia de la Orden universal de vuelta al servicio de su comunidad local.<\/p>\n<\/div><div style=\"text-align:center;\"><a class=\"fusion-button button-flat fusion-button-default-size button-custom fusion-button-default button-2 fusion-button-span-yes fusion-button-default-type\" style=\"--awb-margin-top:10px;--button_accent_color:#ffffff;--button_accent_hover_color:#ffffff;--button_border_hover_color:#ffffff;--button_gradient_top_color:#1f7aa7;--button_gradient_bottom_color:#1f7aa7;--button_gradient_top_color_hover:#72cee0;--button_gradient_bottom_color_hover:#72cee0;\" target=\"_blank\" rel=\"noopener noreferrer\" href=\"https:\/\/www.asg.org.br\/\"><span class=\"fusion-button-text awb-button__text awb-button__text--default\">Sitio web Mosteiro S\u00e3o Geraldo |PT|<\/span><\/a><\/div><\/div><\/div><\/div><\/div><\/p>\n","protected":false},"excerpt":{"rendered":"<p>Dom Geraldo Gonz\u00e1lez y Lima OSB, tesorero durante mucho tiempo de la Confederaci\u00f3n Benedictina en Roma, ha sido elegido cuarto Abad de la Abad\u00eda de S\u00e3o Geraldo en S\u00e3o Paulo, Brasil, regresando a su comunidad de origen.<\/p>\n","protected":false},"author":1,"featured_media":16477,"comment_status":"closed","ping_status":"closed","sticky":false,"template":"","format":"standard","meta":{"footnotes":""},"categories":[186,191],"tags":[395,237],"class_list":["post-16469","post","type-post","status-publish","format-standard","has-post-thumbnail","hentry","category-nexus-es","category-noticias-es","tag-nexus-febrero-2026-es","tag-nexus-transiciones-de-liderazgo-es"],"cc_featured_image_caption":{"caption_text":false,"source_text":false,"source_url":false},"_links":{"self":[{"href":"https:\/\/osb.org\/es\/wp-json\/wp\/v2\/posts\/16469","targetHints":{"allow":["GET"]}}],"collection":[{"href":"https:\/\/osb.org\/es\/wp-json\/wp\/v2\/posts"}],"about":[{"href":"https:\/\/osb.org\/es\/wp-json\/wp\/v2\/types\/post"}],"author":[{"embeddable":true,"href":"https:\/\/osb.org\/es\/wp-json\/wp\/v2\/users\/1"}],"replies":[{"embeddable":true,"href":"https:\/\/osb.org\/es\/wp-json\/wp\/v2\/comments?post=16469"}],"version-history":[{"count":0,"href":"https:\/\/osb.org\/es\/wp-json\/wp\/v2\/posts\/16469\/revisions"}],"wp:featuredmedia":[{"embeddable":true,"href":"https:\/\/osb.org\/es\/wp-json\/wp\/v2\/media\/16477"}],"wp:attachment":[{"href":"https:\/\/osb.org\/es\/wp-json\/wp\/v2\/media?parent=16469"}],"wp:term":[{"taxonomy":"category","embeddable":true,"href":"https:\/\/osb.org\/es\/wp-json\/wp\/v2\/categories?post=16469"},{"taxonomy":"post_tag","embeddable":true,"href":"https:\/\/osb.org\/es\/wp-json\/wp\/v2\/tags?post=16469"}],"curies":[{"name":"wp","href":"https:\/\/api.w.org\/{rel}","templated":true}]}}