{"id":15116,"date":"2025-03-09T17:20:27","date_gmt":"2025-03-09T16:20:27","guid":{"rendered":"https:\/\/osb.org\/2025\/03\/09\/notas-desde-el-aventino\/"},"modified":"2025-09-25T12:05:05","modified_gmt":"2025-09-25T10:05:05","slug":"notas-desde-el-aventino","status":"publish","type":"post","link":"https:\/\/osb.org\/es\/2025\/03\/09\/notas-desde-el-aventino\/","title":{"rendered":"Notas desde el Aventino"},"content":{"rendered":"<p><div class=\"fusion-fullwidth fullwidth-box fusion-builder-row-1 fusion-flex-container has-pattern-background has-mask-background hundred-percent-fullwidth non-hundred-percent-height-scrolling\" style=\"--awb-border-sizes-bottom:1px;--awb-border-color:var(--awb-custom11);--awb-border-radius-top-left:0px;--awb-border-radius-top-right:0px;--awb-border-radius-bottom-right:0px;--awb-border-radius-bottom-left:0px;--awb-padding-right:60px;--awb-padding-bottom:20px;--awb-padding-left:60px;--awb-padding-right-small:30px;--awb-padding-left-small:30px;--awb-margin-top-medium:1px;--awb-margin-top-small:0px;--awb-flex-wrap:wrap;\" ><div class=\"fusion-builder-row fusion-row fusion-flex-align-items-center fusion-flex-justify-content-flex-end fusion-flex-content-wrap\" style=\"width:calc( 100% + 60px ) !important;max-width:calc( 100% + 60px ) !important;margin-left: calc(-60px \/ 2 );margin-right: calc(-60px \/ 2 );\"><div class=\"fusion-layout-column fusion_builder_column fusion-builder-column-0 fusion_builder_column_1_2 1_2 fusion-flex-column\" style=\"--awb-padding-right:60px;--awb-padding-left:60px;--awb-padding-right-small:0px;--awb-padding-left-small:0px;--awb-bg-size:cover;--awb-width-large:50%;--awb-margin-top-large:0px;--awb-spacing-right-large:30px;--awb-margin-bottom-large:20px;--awb-spacing-left-large:30px;--awb-width-medium:100%;--awb-order-medium:0;--awb-margin-top-medium:20px;--awb-spacing-right-medium:30px;--awb-margin-bottom-medium:0px;--awb-spacing-left-medium:30px;--awb-width-small:100%;--awb-order-small:0;--awb-spacing-right-small:30px;--awb-spacing-left-small:30px;\"><div class=\"fusion-column-wrapper fusion-column-has-shadow fusion-flex-justify-content-flex-start fusion-content-layout-column\"><div class=\"fusion-title title fusion-title-1 fusion-sep-none fusion-title-text fusion-title-size-one\" style=\"--awb-text-color:var(--awb-custom13);--awb-margin-top-small:0px;--awb-margin-right-small:0px;--awb-margin-bottom-small:20px;--awb-margin-left-small:0px;--awb-font-size:50px;\"><h1 class=\"fusion-title-heading title-heading-left md-text-align-center fusion-responsive-typography-calculated\" style=\"font-family:var(--awb-typography1-font-family);font-weight:var(--awb-typography1-font-weight);font-style:var(--awb-typography1-font-style);margin:0;letter-spacing:var(--awb-typography1-letter-spacing);text-transform:var(--awb-typography1-text-transform);font-size:1em;--fontSize:50;line-height:var(--awb-typography1-line-height);\">Notas desde el Aventino<\/h1><\/div><div class=\"fusion-text fusion-text-1 fusion-no-small-visibility fusion-no-medium-visibility\" style=\"--awb-font-size:var(--awb-typography3-font-size);--awb-line-height:var(--awb-typography3-line-height);--awb-letter-spacing:var(--awb-typography3-letter-spacing);--awb-text-transform:var(--awb-typography3-text-transform);--awb-text-color:var(--awb-custom12);--awb-text-font-family:var(--awb-typography3-font-family);--awb-text-font-weight:var(--awb-typography3-font-weight);--awb-text-font-style:var(--awb-typography3-font-style);\"><p>En esta edici\u00f3n de NEXUS, el Abad Primado Jeremias comparte su opini\u00f3n sobre algunos eventos en Sant\u2019Anselmo y en nuestra Confederaci\u00f3n Benedictina. Agradece una carta reciente del Santo Padre y reflexiona sobre los lugares a los que estamos ligados los benedictinos. <\/p>\n<\/div><\/div><\/div><div class=\"fusion-layout-column fusion_builder_column fusion-builder-column-1 fusion_builder_column_1_2 1_2 fusion-flex-column\" style=\"--awb-bg-size:cover;--awb-width-large:50%;--awb-margin-top-large:0px;--awb-spacing-right-large:30px;--awb-margin-bottom-large:0px;--awb-spacing-left-large:30px;--awb-width-medium:100%;--awb-order-medium:0;--awb-spacing-right-medium:30px;--awb-spacing-left-medium:30px;--awb-width-small:100%;--awb-order-small:0;--awb-spacing-right-small:30px;--awb-spacing-left-small:30px;\"><div class=\"fusion-column-wrapper fusion-column-has-shadow fusion-flex-justify-content-flex-start fusion-content-layout-column\"><div class=\"fusion-image-element \" style=\"--awb-caption-title-font-family:var(--h2_typography-font-family);--awb-caption-title-font-weight:var(--h2_typography-font-weight);--awb-caption-title-font-style:var(--h2_typography-font-style);--awb-caption-title-size:var(--h2_typography-font-size);--awb-caption-title-transform:var(--h2_typography-text-transform);--awb-caption-title-line-height:var(--h2_typography-line-height);--awb-caption-title-letter-spacing:var(--h2_typography-letter-spacing);\"><span class=\" fusion-imageframe imageframe-none imageframe-1 hover-type-none\" style=\"border:1px solid #b14821;\"><img decoding=\"async\" width=\"1920\" height=\"1080\" title=\"DSC_2073\" src=\"https:\/\/osb.org\/wp-content\/uploads\/2025\/03\/DSC_2073.jpg\" data-orig-src=\"https:\/\/osb.org\/wp-content\/uploads\/2025\/03\/DSC_2073.jpg\" alt class=\"lazyload img-responsive wp-image-15117\" srcset=\"data:image\/svg+xml,%3Csvg%20xmlns%3D%27http%3A%2F%2Fwww.w3.org%2F2000%2Fsvg%27%20width%3D%271920%27%20height%3D%271080%27%20viewBox%3D%270%200%201920%201080%27%3E%3Crect%20width%3D%271920%27%20height%3D%271080%27%20fill-opacity%3D%220%22%2F%3E%3C%2Fsvg%3E\" data-srcset=\"https:\/\/osb.org\/wp-content\/uploads\/2025\/03\/DSC_2073-200x113.jpg 200w, https:\/\/osb.org\/wp-content\/uploads\/2025\/03\/DSC_2073-400x225.jpg 400w, https:\/\/osb.org\/wp-content\/uploads\/2025\/03\/DSC_2073-600x338.jpg 600w, https:\/\/osb.org\/wp-content\/uploads\/2025\/03\/DSC_2073-800x450.jpg 800w, https:\/\/osb.org\/wp-content\/uploads\/2025\/03\/DSC_2073-1200x675.jpg 1200w, https:\/\/osb.org\/wp-content\/uploads\/2025\/03\/DSC_2073.jpg 1920w\" data-sizes=\"auto\" data-orig-sizes=\"(max-width: 1024px) 100vw, (max-width: 640px) 100vw, 600px\" \/><\/span><\/div><div class=\"fusion-text fusion-text-2 fusion-text-no-margin\" style=\"--awb-font-size:var(--awb-typography5-font-size);--awb-line-height:var(--awb-typography5-line-height);--awb-letter-spacing:var(--awb-typography5-letter-spacing);--awb-text-transform:var(--awb-typography5-text-transform);--awb-text-color:var(--awb-custom11);--awb-margin-top:12px;--awb-margin-bottom:12px;--awb-text-font-family:var(--awb-typography5-font-family);--awb-text-font-weight:var(--awb-typography5-font-weight);--awb-text-font-style:var(--awb-typography5-font-style);\"><\/div><\/div><\/div><div class=\"fusion-layout-column fusion_builder_column fusion-builder-column-2 fusion_builder_column_1_2 1_2 fusion-flex-column\" style=\"--awb-bg-size:cover;--awb-width-large:50%;--awb-margin-top-large:0px;--awb-spacing-right-large:30px;--awb-margin-bottom-large:0px;--awb-spacing-left-large:30px;--awb-width-medium:100%;--awb-order-medium:0;--awb-spacing-right-medium:30px;--awb-spacing-left-medium:30px;--awb-width-small:100%;--awb-order-small:0;--awb-spacing-right-small:30px;--awb-spacing-left-small:30px;\"><div class=\"fusion-column-wrapper fusion-column-has-shadow fusion-flex-justify-content-flex-start fusion-content-layout-column\"><div class=\"fusion-separator fusion-full-width-sep\" style=\"align-self: center;margin-left: auto;margin-right: auto;width:100%;\"><div class=\"fusion-separator-border sep-single sep-solid\" style=\"--awb-height:20px;--awb-amount:20px;--awb-sep-color:var(--awb-color4);border-color:var(--awb-color4);border-top-width:3px;\"><\/div><\/div><\/div><\/div><\/div><\/div><div class=\"fusion-fullwidth fullwidth-box fusion-builder-row-2 fusion-flex-container has-pattern-background has-mask-background hundred-percent-fullwidth non-hundred-percent-height-scrolling\" style=\"--awb-border-radius-top-left:0px;--awb-border-radius-top-right:0px;--awb-border-radius-bottom-right:0px;--awb-border-radius-bottom-left:0px;--awb-padding-right:60px;--awb-padding-left:60px;--awb-padding-right-medium:60px;--awb-padding-left-medium:60px;--awb-padding-right-small:30px;--awb-padding-left-small:30px;--awb-margin-top:30px;--awb-margin-top-small:0px;--awb-flex-wrap:wrap;\" ><div class=\"fusion-builder-row fusion-row fusion-flex-align-items-flex-start fusion-flex-justify-content-center fusion-flex-content-wrap\" style=\"width:calc( 100% + 60px ) !important;max-width:calc( 100% + 60px ) !important;margin-left: calc(-60px \/ 2 );margin-right: calc(-60px \/ 2 );\"><div class=\"fusion-layout-column fusion_builder_column fusion-builder-column-3 fusion_builder_column_2_5 2_5 fusion-flex-column\" style=\"--awb-bg-blend:overlay;--awb-bg-size:cover;--awb-width-large:40%;--awb-margin-top-large:0px;--awb-spacing-right-large:30px;--awb-margin-bottom-large:20px;--awb-spacing-left-large:30px;--awb-width-medium:75%;--awb-order-medium:0;--awb-spacing-right-medium:30px;--awb-spacing-left-medium:30px;--awb-width-small:100%;--awb-order-small:0;--awb-spacing-right-small:30px;--awb-spacing-left-small:30px;\"><div class=\"fusion-column-wrapper fusion-flex-justify-content-flex-start fusion-content-layout-column\"><div class=\"fusion-builder-row fusion-builder-row-inner fusion-row fusion-flex-align-items-flex-start fusion-flex-justify-content-center fusion-flex-content-wrap\" style=\"--awb-flex-grow:0;--awb-flex-grow-medium:0;--awb-flex-grow-small:0;--awb-flex-shrink:0;--awb-flex-shrink-medium:0;--awb-flex-shrink-small:0;width:calc( 100% + 60px ) !important;max-width:calc( 100% + 60px ) !important;margin-left: calc(-60px \/ 2 );margin-right: calc(-60px \/ 2 );\"><div class=\"fusion-layout-column fusion_builder_column_inner fusion-builder-nested-column-0 fusion_builder_column_inner_1_2 1_2 fusion-flex-column fusion-flex-align-self-center\" style=\"--awb-bg-size:cover;--awb-width-large:50%;--awb-margin-top-large:0px;--awb-spacing-right-large:30px;--awb-margin-bottom-large:0px;--awb-spacing-left-large:30px;--awb-width-medium:50%;--awb-order-medium:0;--awb-spacing-right-medium:30px;--awb-spacing-left-medium:30px;--awb-width-small:100%;--awb-order-small:1;--awb-spacing-right-small:30px;--awb-margin-bottom-small:20px;--awb-spacing-left-small:30px;\"><div class=\"fusion-column-wrapper fusion-column-has-shadow fusion-flex-justify-content-center fusion-content-layout-column\"><div class=\"fusion-text fusion-text-3 fusion-text-no-margin\" style=\"--awb-font-size:var(--awb-typography5-font-size);--awb-line-height:var(--awb-typography5-line-height);--awb-letter-spacing:var(--awb-typography5-letter-spacing);--awb-text-transform:var(--awb-typography5-text-transform);--awb-text-color:var(--awb-custom11);--awb-margin-top:0px;--awb-margin-right:0px;--awb-margin-bottom:0px;--awb-margin-left:0px;--awb-text-font-family:var(--awb-typography5-font-family);--awb-text-font-weight:var(--awb-typography5-font-weight);--awb-text-font-style:var(--awb-typography5-font-style);\"><p>9 marzo 2025<\/p>\n<\/div><\/div><\/div><div class=\"fusion-layout-column fusion_builder_column_inner fusion-builder-nested-column-1 fusion_builder_column_inner_1_2 1_2 fusion-flex-column fusion-flex-align-self-center\" style=\"--awb-bg-size:cover;--awb-width-large:50%;--awb-margin-top-large:0px;--awb-spacing-right-large:30px;--awb-margin-bottom-large:0px;--awb-spacing-left-large:30px;--awb-width-medium:50%;--awb-order-medium:0;--awb-spacing-right-medium:30px;--awb-spacing-left-medium:30px;--awb-width-small:100%;--awb-order-small:0;--awb-margin-top-small:0px;--awb-spacing-right-small:30px;--awb-spacing-left-small:30px;\"><div class=\"fusion-column-wrapper fusion-column-has-shadow fusion-flex-justify-content-center fusion-content-layout-column\"><div class=\"fusion-sharing-box fusion-sharing-box-1 boxed-icons\" style=\"background-color:var(--awb-color1);border-color:var(--awb-color1);--awb-margin-top:0px;--awb-margin-right:0px;--awb-margin-bottom:0px;--awb-margin-left:0px;--awb-wrapper-padding-top:0px;--awb-wrapper-padding-right:0px;--awb-wrapper-padding-bottom:0px;--awb-wrapper-padding-left:0px;--awb-padding-top:0px;--awb-padding-right:0px;--awb-padding-bottom:0px;--awb-padding-left:0px;--awb-border-top:0px;--awb-border-right:0px;--awb-border-bottom:0px;--awb-border-left:0px;--awb-icon-size:12px;--awb-separator-border-color:#cccccc;--awb-separator-border-sizes:0px;--awb-stacked-align:flex-end;--awb-layout:row;--awb-alignment-small:flex-end;--awb-stacked-align-small:center;\" data-title=\"Notas desde el Aventino\" data-description=\"Your Content Goes Here Your Content Goes Here       \r\nEl Mi\u00e9rcoles de Ceniza siempre es un gran d\u00eda en Sant\u2019Anselmo. Normalmente, el Papa viene aqu\u00ed junto con muchos dignatarios. Despu\u00e9s de una breve oraci\u00f3n, junto con los dominicos y nuestra comunidad anselmiana, se\" data-link=\"https:\/\/osb.org\/es\/2025\/03\/09\/notas-desde-el-aventino\/\"><div class=\"fusion-social-networks sharingbox-shortcode-icon-wrapper sharingbox-shortcode-icon-wrapper-1 boxed-icons\"><span><a href=\"https:\/\/www.facebook.com\/sharer.php?u=https%3A%2F%2Fosb.org%2Fes%2F2025%2F03%2F09%2Fnotas-desde-el-aventino%2F&amp;t=Notas%20desde%20el%20Aventino\" target=\"_blank\" rel=\"noreferrer\" title=\"Facebook\" aria-label=\"Facebook\"><i class=\"fusion-social-network-icon fusion-tooltip fusion-facebook awb-icon-facebook\" style=\"color:var(--awb-custom11);background-color:#e8e8e8;border-color:#e8e8e8;border-radius:50%;\" aria-hidden=\"true\"><\/i><\/a><\/span><span><a href=\"https:\/\/x.com\/intent\/post?text=Notas%20desde%20el%20Aventino&amp;url=https%3A%2F%2Fosb.org%2Fes%2F2025%2F03%2F09%2Fnotas-desde-el-aventino%2F\" target=\"_blank\" rel=\"noopener noreferrer\" title=\"X\" aria-label=\"X\"><i class=\"fusion-social-network-icon fusion-tooltip fusion-twitter awb-icon-twitter\" style=\"color:var(--awb-custom11);background-color:#e8e8e8;border-color:#e8e8e8;border-radius:50%;\" aria-hidden=\"true\"><\/i><\/a><\/span><span><a href=\"https:\/\/api.whatsapp.com\/send?text=https%3A%2F%2Fosb.org%2Fes%2F2025%2F03%2F09%2Fnotas-desde-el-aventino%2F\" target=\"_blank\" rel=\"noopener noreferrer\" title=\"WhatsApp\" aria-label=\"WhatsApp\"><i class=\"fusion-social-network-icon fusion-tooltip fusion-whatsapp awb-icon-whatsapp\" style=\"color:var(--awb-custom11);background-color:#e8e8e8;border-color:#e8e8e8;border-radius:50%;\" aria-hidden=\"true\"><\/i><\/a><\/span><span><a href=\"mailto:?subject=Notas%20desde%20el%20Aventino&amp;body=https%3A%2F%2Fosb.org%2Fes%2F2025%2F03%2F09%2Fnotas-desde-el-aventino%2F\" target=\"_self\" title=\"Email\" aria-label=\"Email\"><i class=\"fusion-social-network-icon fusion-tooltip fusion-mail awb-icon-mail\" style=\"color:var(--awb-custom11);background-color:#e8e8e8;border-color:#e8e8e8;border-radius:50%;\" aria-hidden=\"true\"><\/i><\/a><\/span><\/div><\/div><\/div><\/div><\/div><div class=\"fusion-text fusion-text-4\"><p><a href=\"https:\/\/osb.org\/es\/2025\/03\/05\/la-liturgia-estacional-del-miercoles-de-ceniza\/\">El Mi\u00e9rcoles de Ceniza siempre es un gran d\u00eda en Sant\u2019Anselmo<\/a>. Normalmente, el Papa viene aqu\u00ed junto con muchos dignatarios. Despu\u00e9s de una breve oraci\u00f3n, junto con los dominicos y nuestra comunidad anselmiana, se dirigen a Santa Sabina, donde se celebra la eucarist\u00eda y se entregan las cenizas. Este a\u00f1o se vio ensombrecido por la grave enfermedad del Santo Padre. El cardenal De Donatis reemplaz\u00f3 al Papa Francisco y pronunci\u00f3 la homil\u00eda. Fue un evento muy romano, con gran solemnidad, muchos cl\u00e9rigos de alto rango y m\u00fasica hermosa. Pensamientos m\u00e1s profanos deben haber venido a muchos, especialmente al ver a todos los cardenales: \u00bfse reunir\u00edan de nuevo en este pontificado? \u00bfEstaba el pr\u00f3ximo papa aqu\u00ed hoy? En su haber, el cardenal que presidi\u00f3 la misa, a trav\u00e9s de su personalidad y forma de celebrar la misa, dio calidez al rito y guio nuestras oraciones tambi\u00e9n a nuestro pont\u00edfice enfermo.        <\/p>\n<p>Desde el hospital Gemelli, unos d\u00edas antes, recibimos un mensaje dirigido a un grupo de nuestro Pontificio Instituto de Liturgia. El Papa Francisco ten\u00eda la intenci\u00f3n de recibir a un grupo de Maestros de Ceremonias de todo el mundo. Eso no fue posible, pero s\u00ed nos envi\u00f3 el discurso que habr\u00eda pronunciado, con la memorable l\u00ednea \u201cPolicl\u00ednico Gemelli, 26 de febrero de 2025\u201d. En \u00e9l, enfatiz\u00f3 la importancia pastoral de una liturgia bien celebrada. <a href=\"https:\/\/osb.org\/es\/2025\/03\/04\/desde-el-hospital-el-papa-envia-un-mensaje-a-la-clase-de-liturgia-de-santanselmo\/\">M\u00e1s detalles aqu\u00ed<\/a>.   <\/p>\n<p>Mientras rez\u00e1bamos y nos preocup\u00e1bamos por el Papa, recibimos la noticia de que la Madre Ma\u00edre (pronunciado Moira) Hickey OSB hab\u00eda fallecido. Era una monja irlandesa, abadesa en Alemania y l\u00edder mundial de las Mujeres Benedictinas como la primera moderadora del CIB. Despu\u00e9s de su renuncia como abadesa de Dinklage (Alemania), se hizo cargo de la fr\u00e1gil comunidad de Kylemore (Irlanda) y le dio una nueva oportunidad de vida. Su vida me recuerda a los grandes santos mon\u00e1sticos irlandeses, que abarcan pa\u00edses y culturas, firmes y prof\u00e9ticos. Fue enterrada en Kylemore el 1 de marzo. La hermana Lynn McKenzie, su segunda sucesora al frente del CIB, contribuy\u00f3 con un obituario a <a href=\"https:\/\/osb.org\/es\/2025\/03\/01\/hermana-maire-hickey-osb\/\">OSB DOT ORG<\/a>.     <\/p>\n<p>Mi propia vida ha sido bastante ajetreada. Los puntos culminantes fueron los viajes a la India y a los Estados Unidos. La Federaci\u00f3n Benedictina India-Sri Lanka, que seg\u00fan mis c\u00e1lculos comprende exactamente 100 comunidades mon\u00e1sticas, celebr\u00f3 su jubileo de oro. Hubo celebraciones gloriosas, pero tambi\u00e9n debates sobre temas serios. Existe una cooperaci\u00f3n muy saludable entre estas numerosas comunidades que pertenecen a diferentes congregaciones, pero comparten el trasfondo cultural tan especial de este vasto subcontinente.    <\/p>\n<p>Los abades y priores de EE. UU. me invitaron a asistir a su taller anual, que tuvo lugar en la Abad\u00eda de San Jos\u00e9, cerca de Nueva Orleans. Me permitieron compartir los desarrollos de nuestra Confederaci\u00f3n y en Sant'Anselmo, y tambi\u00e9n me dieron algunos comentarios con vistas al jubileo de 2028\/29, cuando conmemoraremos los 1500 a\u00f1os desde la fundaci\u00f3n de Monte Cassino. Me sent\u00ed muy animado por el fuerte apoyo a Sant'Anselmo. Creo firmemente que nuestro centro romano se vuelve m\u00e1s importante en un momento en que las redes globales est\u00e1n bajo una presi\u00f3n cada vez mayor, y sent\u00ed que esto era compartido por nuestros hermanos estadounidenses. Ese mismo apoyo se dio de forma muy palpable cuando me reun\u00ed con la junta de la St Benedict Education Foundation, que cada a\u00f1o realiza una contribuci\u00f3n muy generosa a nuestras actividades acad\u00e9micas. <a href=\"https:\/\/osb.org\/es\/2025\/03\/01\/lideres-monasticos-abordan-desafios-clave-en-el-taller-de-2025\/\">M\u00e1s detalles aqu\u00ed<\/a>.    <\/p>\n<p>Me doy cuenta, como mis predecesores, de que estas grandes reuniones de abades son muy importantes para mantenernos a todos conectados. Para el resto de este a\u00f1o, tengo programados encuentros con abades italianos y abadesas italianas, con los abades de habla alemana, con EMLA en Brasil, los benedictinos de Asia Oriental en Vietnam y con varios cap\u00edtulos generales. Como tambi\u00e9n se requiere mi presencia en Sant'Anselmo, no podr\u00e9 aceptar muchas m\u00e1s invitaciones para este a\u00f1o, e incluso el pr\u00f3ximo ya se est\u00e1 llenando. Espero su comprensi\u00f3n.   <\/p>\n<p>Los benedictinos somos una gran familia extendida por todo el mundo. Tambi\u00e9n somos una red de \"lugares\". Recuerdo a Michael Casey escribiendo sobre el <em>amor loci<\/em>, el amor al lugar como algo t\u00edpicamente benedictino. Una famosa publicaci\u00f3n del jubileo sobre nuestros monasterios que sali\u00f3 en 1980 y luego nuevamente en 2000 se llam\u00f3 \"Loci ubi Deus quaeritur\" \u2013 Lugares donde se busca a Dios. Los benedictinos, m\u00e1s que casi cualquier otro religioso, creo, estamos ligados a lugares, en virtud de nuestro voto de estabilidad, pero tambi\u00e9n porque hay una cualidad sensual en nuestra vida que quiere transformar y embellecer el mundo que nos rodea. Como muchos de ustedes saben, tambi\u00e9n hay un peligro all\u00ed. Los monjes pueden perderse en la est\u00e9tica. Umberto Eco esboz\u00f3 una caricatura de esto en el abad de <em>El nombre de la rosa<\/em> que se deshace en elogios sobre las piedras preciosas. Nuestro desaf\u00edo es buscar y crear belleza que no solo satisfaga y atraiga, sino que tambi\u00e9n nos lleve m\u00e1s all\u00e1, insin\u00fae una belleza mayor que es un regalo. O gracia. Cuando esto sucede, nuestros monasterios se convierten en lugares de esperanza.          <\/p>\n<p>Generalmente, la estructura de nuestra Iglesia Cat\u00f3lica se concibe como territorial. Tenemos la jerarqu\u00eda global, que cubre naciones y provincias eclesi\u00e1sticas y di\u00f3cesis, hasta llegar a los decanatos y parroquias. Es un gran sistema, aunque muestra tensi\u00f3n en algunas regiones donde la cobertura territorial ya no funciona del todo, tanto por falta de sacerdotes, sino tambi\u00e9n porque la gente prefiere elegir m\u00e1s libremente d\u00f3nde vive su fe. Me pregunto si en el futuro los \"lugares\" jugar\u00e1n un papel m\u00e1s importante que las estructuras territoriales: iglesias significativas, lugares sagrados, santuarios y monasterios donde los cristianos pueden conectarse f\u00edsicamente con realidades y comunidades espirituales. En este A\u00f1o Santo 2025, toda la iglesia est\u00e1 en una peregrinaci\u00f3n de esperanza. Seamos parte de esta peregrinaci\u00f3n, pero tambi\u00e9n ofrezcamos nuestras casas como lugares de descanso en esta peregrinaci\u00f3n. Los monasterios deben ser lugares donde se pueda sentir esa esperanza que nos da el coraje de ir m\u00e1s all\u00e1.      <\/p>\n<p>Concluyo estas notas con algunos consejos pr\u00e1cticos.<\/p>\n<ul>\n<li>NEXUS est\u00e1 destinado a todos los miembros de nuestra familia. No dude en reenviar esto a otros miembros de su comunidad, o a superiores que por alguna raz\u00f3n u otra a\u00fan no est\u00e9n en nuestra lista de correo. Todo benedictino puede <a href=\"https:\/\/osb.org\/es\/inicio\/registrese-para-recibir-el-boletin-nexus\/\">suscribirse aqu\u00ed<\/a>.  <\/li>\n<li>Sant'Anselmo est\u00e1 casi lleno. Si est\u00e1 planeando enviar a un estudiante aqu\u00ed para el a\u00f1o acad\u00e9mico 2025\/2026 que comienza en octubre, debe presentar su solicitud inmediatamente a nuestro prior, el P. Brendan, en priore@anselmianum.com. <a href=\"https:\/\/www.collegiosantanselmo.com\/en\/collegio-240222-en\/pray-study-grow-welcome\/\">M\u00e1s informaci\u00f3n aqu\u00ed<\/a>. <\/li>\n<li>Este verano ofreceremos otro Monastic Summer Studium. Es un programa de tres semanas que combina una estancia en Roma con estimulaci\u00f3n intelectual y mon\u00e1stica. Es un programa sab\u00e1tico excelente y bastante asequible. <a href=\"https:\/\/bit.ly\/MSS_ateneo\">M\u00e1s informaci\u00f3n aqu\u00ed<\/a>.  <\/li>\n<\/ul>\n<p>\u00a1Que todos tengan una Cuaresma bendecida que los prepare para una Pascua gozosa!<\/p>\n<p>Muy fraternalmente desde el Aventino<\/p>\n<p>Jerem\u00edas Schr\u00f6der OSB<br \/>Abad Primado<\/p>\n<\/div><\/div><\/div><\/div><\/div><\/p>\n","protected":false},"excerpt":{"rendered":"<p>En esta edici\u00f3n de NEXUS, el Abad Primado Jeremias comparte su opini\u00f3n sobre algunos eventos en Sant\u2019Anselmo y en nuestra Confederaci\u00f3n Benedictina. Agradece una carta reciente del Santo Padre y reflexiona sobre los lugares a los que estamos ligados los benedictinos. <\/p>\n","protected":false},"author":1,"featured_media":15117,"comment_status":"closed","ping_status":"closed","sticky":false,"template":"","format":"standard","meta":{"footnotes":""},"categories":[186],"tags":[244,236],"class_list":["post-15116","post","type-post","status-publish","format-standard","has-post-thumbnail","hentry","category-nexus-es","tag-nexus-marzo-2025-es","tag-nexus-del-abad-primado-es"],"cc_featured_image_caption":{"caption_text":false,"source_text":false,"source_url":false},"_links":{"self":[{"href":"https:\/\/osb.org\/es\/wp-json\/wp\/v2\/posts\/15116","targetHints":{"allow":["GET"]}}],"collection":[{"href":"https:\/\/osb.org\/es\/wp-json\/wp\/v2\/posts"}],"about":[{"href":"https:\/\/osb.org\/es\/wp-json\/wp\/v2\/types\/post"}],"author":[{"embeddable":true,"href":"https:\/\/osb.org\/es\/wp-json\/wp\/v2\/users\/1"}],"replies":[{"embeddable":true,"href":"https:\/\/osb.org\/es\/wp-json\/wp\/v2\/comments?post=15116"}],"version-history":[{"count":0,"href":"https:\/\/osb.org\/es\/wp-json\/wp\/v2\/posts\/15116\/revisions"}],"wp:featuredmedia":[{"embeddable":true,"href":"https:\/\/osb.org\/es\/wp-json\/wp\/v2\/media\/15117"}],"wp:attachment":[{"href":"https:\/\/osb.org\/es\/wp-json\/wp\/v2\/media?parent=15116"}],"wp:term":[{"taxonomy":"category","embeddable":true,"href":"https:\/\/osb.org\/es\/wp-json\/wp\/v2\/categories?post=15116"},{"taxonomy":"post_tag","embeddable":true,"href":"https:\/\/osb.org\/es\/wp-json\/wp\/v2\/tags?post=15116"}],"curies":[{"name":"wp","href":"https:\/\/api.w.org\/{rel}","templated":true}]}}