{"id":14660,"date":"2025-01-25T12:35:14","date_gmt":"2025-01-25T11:35:14","guid":{"rendered":"https:\/\/osb.org\/2025\/01\/25\/el-abad-primado-jeremias-felicita-al-p-bernhard-eckerstorfer-por-su-eleccion-como-abad-de-kremsmunster\/"},"modified":"2025-09-24T22:21:16","modified_gmt":"2025-09-24T20:21:16","slug":"el-abad-primado-jeremias-felicita-al-p-bernhard-eckerstorfer-por-su-eleccion-como-abad-de-kremsmunster","status":"publish","type":"post","link":"https:\/\/osb.org\/es\/2025\/01\/25\/el-abad-primado-jeremias-felicita-al-p-bernhard-eckerstorfer-por-su-eleccion-como-abad-de-kremsmunster\/","title":{"rendered":"El Abad Primado Jeremias felicita al P. Bernhard Eckerstorfer por su elecci\u00f3n como Abad de Kremsm\u00fcnster"},"content":{"rendered":"<p><div class=\"fusion-fullwidth fullwidth-box fusion-builder-row-1 fusion-flex-container has-pattern-background has-mask-background hundred-percent-fullwidth non-hundred-percent-height-scrolling\" style=\"--awb-border-sizes-bottom:1px;--awb-border-color:var(--awb-custom11);--awb-border-radius-top-left:0px;--awb-border-radius-top-right:0px;--awb-border-radius-bottom-right:0px;--awb-border-radius-bottom-left:0px;--awb-padding-right:60px;--awb-padding-bottom:20px;--awb-padding-left:60px;--awb-padding-right-small:30px;--awb-padding-left-small:30px;--awb-margin-top-medium:1px;--awb-margin-top-small:0px;--awb-flex-wrap:wrap;\" ><div class=\"fusion-builder-row fusion-row fusion-flex-align-items-center fusion-flex-justify-content-flex-end fusion-flex-content-wrap\" style=\"width:calc( 100% + 60px ) !important;max-width:calc( 100% + 60px ) !important;margin-left: calc(-60px \/ 2 );margin-right: calc(-60px \/ 2 );\"><div class=\"fusion-layout-column fusion_builder_column fusion-builder-column-0 fusion_builder_column_1_2 1_2 fusion-flex-column\" style=\"--awb-padding-right:60px;--awb-padding-left:60px;--awb-padding-right-small:0px;--awb-padding-left-small:0px;--awb-bg-size:cover;--awb-width-large:50%;--awb-margin-top-large:0px;--awb-spacing-right-large:30px;--awb-margin-bottom-large:20px;--awb-spacing-left-large:30px;--awb-width-medium:100%;--awb-order-medium:0;--awb-margin-top-medium:20px;--awb-spacing-right-medium:30px;--awb-margin-bottom-medium:0px;--awb-spacing-left-medium:30px;--awb-width-small:100%;--awb-order-small:0;--awb-spacing-right-small:30px;--awb-spacing-left-small:30px;\"><div class=\"fusion-column-wrapper fusion-column-has-shadow fusion-flex-justify-content-flex-start fusion-content-layout-column\"><div class=\"fusion-title title fusion-title-1 fusion-sep-none fusion-title-text fusion-title-size-one\" style=\"--awb-text-color:var(--awb-custom13);--awb-margin-top-small:0px;--awb-margin-right-small:0px;--awb-margin-bottom-small:20px;--awb-margin-left-small:0px;--awb-font-size:40px;\"><h1 class=\"fusion-title-heading title-heading-left md-text-align-center fusion-responsive-typography-calculated\" style=\"font-family:var(--awb-typography1-font-family);font-weight:var(--awb-typography1-font-weight);font-style:var(--awb-typography1-font-style);margin:0;letter-spacing:var(--awb-typography1-letter-spacing);text-transform:var(--awb-typography1-text-transform);font-size:1em;--fontSize:40;line-height:var(--awb-typography1-line-height);\">El Abad Primado Jeremias felicita al P. Bernhard Eckerstorfer por su elecci\u00f3n como Abad de Kremsm\u00fcnster<\/h1><\/div><div class=\"fusion-text fusion-text-1 fusion-no-small-visibility fusion-no-medium-visibility\" style=\"--awb-font-size:var(--awb-typography5-font-size);--awb-line-height:var(--awb-typography5-line-height);--awb-letter-spacing:var(--awb-typography5-letter-spacing);--awb-text-transform:var(--awb-typography5-text-transform);--awb-text-color:var(--awb-custom12);--awb-text-font-family:var(--awb-typography5-font-family);--awb-text-font-weight:var(--awb-typography5-font-weight);--awb-text-font-style:var(--awb-typography5-font-style);\"><p>\u00abComo abad primado de la Confederaci\u00f3n Benedictina y gran canciller del Ateneo Pontificio Sant&#8217;Anselmo en Roma, felicito cordialmente a nuestro rector, el P. Dr. Bernhard Eckerstorfer OSB, por su elecci\u00f3n como abad de la abad\u00eda de Kremsm\u00fcnster en Austria\u00bb.<\/p>\n<\/div><\/div><\/div><div class=\"fusion-layout-column fusion_builder_column fusion-builder-column-1 fusion_builder_column_1_2 1_2 fusion-flex-column\" style=\"--awb-bg-size:cover;--awb-width-large:50%;--awb-margin-top-large:0px;--awb-spacing-right-large:30px;--awb-margin-bottom-large:0px;--awb-spacing-left-large:30px;--awb-width-medium:100%;--awb-order-medium:0;--awb-spacing-right-medium:30px;--awb-spacing-left-medium:30px;--awb-width-small:100%;--awb-order-small:0;--awb-spacing-right-small:30px;--awb-spacing-left-small:30px;\"><div class=\"fusion-column-wrapper fusion-column-has-shadow fusion-flex-justify-content-flex-start fusion-content-layout-column\"><div class=\"fusion-image-element \" style=\"--awb-caption-title-font-family:var(--h2_typography-font-family);--awb-caption-title-font-weight:var(--h2_typography-font-weight);--awb-caption-title-font-style:var(--h2_typography-font-style);--awb-caption-title-size:var(--h2_typography-font-size);--awb-caption-title-transform:var(--h2_typography-text-transform);--awb-caption-title-line-height:var(--h2_typography-line-height);--awb-caption-title-letter-spacing:var(--h2_typography-letter-spacing);\"><span class=\" fusion-imageframe imageframe-none imageframe-1 hover-type-none\" style=\"border:1px solid #b14821;\"><img decoding=\"async\" width=\"1920\" height=\"1080\" title=\"Eckerstorfer _abad_4368\" src=\"https:\/\/osb.org\/wp-content\/uploads\/2025\/01\/Eckerstorfer-_abbot_4368.jpg\" data-orig-src=\"https:\/\/osb.org\/wp-content\/uploads\/2025\/01\/Eckerstorfer-_abbot_4368.jpg\" alt class=\"lazyload img-responsive wp-image-14661\" srcset=\"data:image\/svg+xml,%3Csvg%20xmlns%3D%27http%3A%2F%2Fwww.w3.org%2F2000%2Fsvg%27%20width%3D%271920%27%20height%3D%271080%27%20viewBox%3D%270%200%201920%201080%27%3E%3Crect%20width%3D%271920%27%20height%3D%271080%27%20fill-opacity%3D%220%22%2F%3E%3C%2Fsvg%3E\" data-srcset=\"https:\/\/osb.org\/wp-content\/uploads\/2025\/01\/Eckerstorfer-_abbot_4368-200x113.jpg 200w, https:\/\/osb.org\/wp-content\/uploads\/2025\/01\/Eckerstorfer-_abbot_4368-400x225.jpg 400w, https:\/\/osb.org\/wp-content\/uploads\/2025\/01\/Eckerstorfer-_abbot_4368-600x338.jpg 600w, https:\/\/osb.org\/wp-content\/uploads\/2025\/01\/Eckerstorfer-_abbot_4368-800x450.jpg 800w, https:\/\/osb.org\/wp-content\/uploads\/2025\/01\/Eckerstorfer-_abbot_4368-1200x675.jpg 1200w, https:\/\/osb.org\/wp-content\/uploads\/2025\/01\/Eckerstorfer-_abbot_4368.jpg 1920w\" data-sizes=\"auto\" data-orig-sizes=\"(max-width: 1024px) 100vw, (max-width: 640px) 100vw, 600px\" \/><\/span><\/div><div class=\"fusion-text fusion-text-2 fusion-text-no-margin\" style=\"--awb-font-size:var(--awb-typography5-font-size);--awb-line-height:var(--awb-typography5-line-height);--awb-letter-spacing:var(--awb-typography5-letter-spacing);--awb-text-transform:var(--awb-typography5-text-transform);--awb-text-color:var(--awb-custom11);--awb-margin-top:12px;--awb-margin-bottom:12px;--awb-text-font-family:var(--awb-typography5-font-family);--awb-text-font-weight:var(--awb-typography5-font-weight);--awb-text-font-style:var(--awb-typography5-font-style);\"><\/div><\/div><\/div><div class=\"fusion-layout-column fusion_builder_column fusion-builder-column-2 fusion_builder_column_1_2 1_2 fusion-flex-column\" style=\"--awb-bg-size:cover;--awb-width-large:50%;--awb-margin-top-large:0px;--awb-spacing-right-large:30px;--awb-margin-bottom-large:0px;--awb-spacing-left-large:30px;--awb-width-medium:100%;--awb-order-medium:0;--awb-spacing-right-medium:30px;--awb-spacing-left-medium:30px;--awb-width-small:100%;--awb-order-small:0;--awb-spacing-right-small:30px;--awb-spacing-left-small:30px;\"><div class=\"fusion-column-wrapper fusion-column-has-shadow fusion-flex-justify-content-flex-start fusion-content-layout-column\"><div class=\"fusion-separator fusion-full-width-sep\" style=\"align-self: center;margin-left: auto;margin-right: auto;width:100%;\"><div class=\"fusion-separator-border sep-single sep-solid\" style=\"--awb-height:20px;--awb-amount:20px;--awb-sep-color:var(--awb-color4);border-color:var(--awb-color4);border-top-width:3px;\"><\/div><\/div><\/div><\/div><\/div><\/div><div class=\"fusion-fullwidth fullwidth-box fusion-builder-row-2 fusion-flex-container has-pattern-background has-mask-background hundred-percent-fullwidth non-hundred-percent-height-scrolling\" style=\"--awb-border-radius-top-left:0px;--awb-border-radius-top-right:0px;--awb-border-radius-bottom-right:0px;--awb-border-radius-bottom-left:0px;--awb-padding-right:60px;--awb-padding-left:60px;--awb-padding-right-medium:60px;--awb-padding-left-medium:60px;--awb-padding-right-small:30px;--awb-padding-left-small:30px;--awb-margin-top:30px;--awb-margin-top-small:0px;--awb-flex-wrap:wrap;\" ><div class=\"fusion-builder-row fusion-row fusion-flex-align-items-flex-start fusion-flex-justify-content-center fusion-flex-content-wrap\" style=\"width:calc( 100% + 60px ) !important;max-width:calc( 100% + 60px ) !important;margin-left: calc(-60px \/ 2 );margin-right: calc(-60px \/ 2 );\"><div class=\"fusion-layout-column fusion_builder_column fusion-builder-column-3 fusion_builder_column_2_5 2_5 fusion-flex-column\" style=\"--awb-bg-blend:overlay;--awb-bg-size:cover;--awb-width-large:40%;--awb-margin-top-large:0px;--awb-spacing-right-large:30px;--awb-margin-bottom-large:20px;--awb-spacing-left-large:30px;--awb-width-medium:75%;--awb-order-medium:0;--awb-spacing-right-medium:30px;--awb-spacing-left-medium:30px;--awb-width-small:100%;--awb-order-small:0;--awb-spacing-right-small:30px;--awb-spacing-left-small:30px;\"><div class=\"fusion-column-wrapper fusion-flex-justify-content-flex-start fusion-content-layout-column\"><div class=\"fusion-builder-row fusion-builder-row-inner fusion-row fusion-flex-align-items-flex-start fusion-flex-justify-content-center fusion-flex-content-wrap\" style=\"--awb-flex-grow:0;--awb-flex-grow-medium:0;--awb-flex-grow-small:0;--awb-flex-shrink:0;--awb-flex-shrink-medium:0;--awb-flex-shrink-small:0;width:calc( 100% + 60px ) !important;max-width:calc( 100% + 60px ) !important;margin-left: calc(-60px \/ 2 );margin-right: calc(-60px \/ 2 );\"><div class=\"fusion-layout-column fusion_builder_column_inner fusion-builder-nested-column-0 fusion_builder_column_inner_1_2 1_2 fusion-flex-column fusion-flex-align-self-center\" style=\"--awb-bg-size:cover;--awb-width-large:50%;--awb-margin-top-large:0px;--awb-spacing-right-large:30px;--awb-margin-bottom-large:0px;--awb-spacing-left-large:30px;--awb-width-medium:50%;--awb-order-medium:0;--awb-spacing-right-medium:30px;--awb-spacing-left-medium:30px;--awb-width-small:100%;--awb-order-small:1;--awb-spacing-right-small:30px;--awb-margin-bottom-small:20px;--awb-spacing-left-small:30px;\"><div class=\"fusion-column-wrapper fusion-column-has-shadow fusion-flex-justify-content-center fusion-content-layout-column\"><div class=\"fusion-text fusion-text-3 fusion-text-no-margin\" style=\"--awb-font-size:var(--awb-typography5-font-size);--awb-line-height:var(--awb-typography5-line-height);--awb-letter-spacing:var(--awb-typography5-letter-spacing);--awb-text-transform:var(--awb-typography5-text-transform);--awb-text-color:var(--awb-custom11);--awb-margin-top:0px;--awb-margin-right:0px;--awb-margin-bottom:0px;--awb-margin-left:0px;--awb-text-font-family:var(--awb-typography5-font-family);--awb-text-font-weight:var(--awb-typography5-font-weight);--awb-text-font-style:var(--awb-typography5-font-style);\"><p>25 enero 2025<\/p>\n<\/div><\/div><\/div><div class=\"fusion-layout-column fusion_builder_column_inner fusion-builder-nested-column-1 fusion_builder_column_inner_1_2 1_2 fusion-flex-column fusion-flex-align-self-center\" style=\"--awb-bg-size:cover;--awb-width-large:50%;--awb-margin-top-large:0px;--awb-spacing-right-large:30px;--awb-margin-bottom-large:0px;--awb-spacing-left-large:30px;--awb-width-medium:50%;--awb-order-medium:0;--awb-spacing-right-medium:30px;--awb-spacing-left-medium:30px;--awb-width-small:100%;--awb-order-small:0;--awb-margin-top-small:0px;--awb-spacing-right-small:30px;--awb-spacing-left-small:30px;\"><div class=\"fusion-column-wrapper fusion-column-has-shadow fusion-flex-justify-content-center fusion-content-layout-column\"><div class=\"fusion-sharing-box fusion-sharing-box-1 boxed-icons\" style=\"background-color:var(--awb-color1);border-color:var(--awb-color1);--awb-margin-top:0px;--awb-margin-right:0px;--awb-margin-bottom:0px;--awb-margin-left:0px;--awb-wrapper-padding-top:0px;--awb-wrapper-padding-right:0px;--awb-wrapper-padding-bottom:0px;--awb-wrapper-padding-left:0px;--awb-padding-top:0px;--awb-padding-right:0px;--awb-padding-bottom:0px;--awb-padding-left:0px;--awb-border-top:0px;--awb-border-right:0px;--awb-border-bottom:0px;--awb-border-left:0px;--awb-icon-size:12px;--awb-separator-border-color:#cccccc;--awb-separator-border-sizes:0px;--awb-stacked-align:flex-end;--awb-layout:row;--awb-alignment-small:flex-end;--awb-stacked-align-small:center;\" data-title=\"El Abad Primado Jeremias felicita al P. Bernhard Eckerstorfer por su elecci\u00f3n como Abad de Kremsm\u00fcnster\" data-description=\"Your Content Goes Here &quot;Como abad primado de la Confederaci\u00f3n Benedictina y gran canciller del Ateneo Pontificio Sant&#039;Anselmo en Roma, felicito cordialmente a nuestro rector, el P. Dr. Bernhard Eckerstorfer OSB, por su elecci\u00f3n como abad de la abad\u00eda de Kremsm\u00fcnster en Austria&quot;.\" data-link=\"https:\/\/osb.org\/es\/2025\/01\/25\/el-abad-primado-jeremias-felicita-al-p-bernhard-eckerstorfer-por-su-eleccion-como-abad-de-kremsmunster\/\"><div class=\"fusion-social-networks sharingbox-shortcode-icon-wrapper sharingbox-shortcode-icon-wrapper-1 boxed-icons\"><span><a href=\"https:\/\/www.facebook.com\/sharer.php?u=https%3A%2F%2Fosb.org%2Fes%2F2025%2F01%2F25%2Fel-abad-primado-jeremias-felicita-al-p-bernhard-eckerstorfer-por-su-eleccion-como-abad-de-kremsmunster%2F&amp;t=El%20Abad%20Primado%20Jeremias%20felicita%20al%20P.%20Bernhard%20Eckerstorfer%20por%20su%20elecci%C3%B3n%20como%20Abad%20de%20Kremsm%C3%BCnster\" target=\"_blank\" rel=\"noreferrer\" title=\"Facebook\" aria-label=\"Facebook\"><i class=\"fusion-social-network-icon fusion-tooltip fusion-facebook awb-icon-facebook\" style=\"color:var(--awb-custom11);background-color:#e8e8e8;border-color:#e8e8e8;border-radius:50%;\" aria-hidden=\"true\"><\/i><\/a><\/span><span><a href=\"https:\/\/x.com\/intent\/post?text=El%20Abad%20Primado%20Jeremias%20felicita%20al%20P.%20Bernhard%20Eckerstorfer%20por%20su%20elecci%C3%B3n%20como%20Abad%20de%20Kremsm%C3%BCnster&amp;url=https%3A%2F%2Fosb.org%2Fes%2F2025%2F01%2F25%2Fel-abad-primado-jeremias-felicita-al-p-bernhard-eckerstorfer-por-su-eleccion-como-abad-de-kremsmunster%2F\" target=\"_blank\" rel=\"noopener noreferrer\" title=\"X\" aria-label=\"X\"><i class=\"fusion-social-network-icon fusion-tooltip fusion-twitter awb-icon-twitter\" style=\"color:var(--awb-custom11);background-color:#e8e8e8;border-color:#e8e8e8;border-radius:50%;\" aria-hidden=\"true\"><\/i><\/a><\/span><span><a href=\"https:\/\/api.whatsapp.com\/send?text=https%3A%2F%2Fosb.org%2Fes%2F2025%2F01%2F25%2Fel-abad-primado-jeremias-felicita-al-p-bernhard-eckerstorfer-por-su-eleccion-como-abad-de-kremsmunster%2F\" target=\"_blank\" rel=\"noopener noreferrer\" title=\"WhatsApp\" aria-label=\"WhatsApp\"><i class=\"fusion-social-network-icon fusion-tooltip fusion-whatsapp awb-icon-whatsapp\" style=\"color:var(--awb-custom11);background-color:#e8e8e8;border-color:#e8e8e8;border-radius:50%;\" aria-hidden=\"true\"><\/i><\/a><\/span><span><a href=\"mailto:?subject=El%20Abad%20Primado%20Jeremias%20felicita%20al%20P.%20Bernhard%20Eckerstorfer%20por%20su%20elecci%C3%B3n%20como%20Abad%20de%20Kremsm%C3%BCnster&amp;body=https%3A%2F%2Fosb.org%2Fes%2F2025%2F01%2F25%2Fel-abad-primado-jeremias-felicita-al-p-bernhard-eckerstorfer-por-su-eleccion-como-abad-de-kremsmunster%2F\" target=\"_self\" title=\"Email\" aria-label=\"Email\"><i class=\"fusion-social-network-icon fusion-tooltip fusion-mail awb-icon-mail\" style=\"color:var(--awb-custom11);background-color:#e8e8e8;border-color:#e8e8e8;border-radius:50%;\" aria-hidden=\"true\"><\/i><\/a><\/span><\/div><\/div><\/div><\/div><\/div><div class=\"fusion-text fusion-text-4\"><p>Como abad primado de la Confederaci\u00f3n Benedictina y gran canciller del Ateneo Pontificio Sant'Anselmo en Roma, felicito cordialmente a nuestro rector, el P. Dr. Bernhard Eckerstorfer OSB, por su elecci\u00f3n como abad de la abad\u00eda de Kremsm\u00fcnster en Austria. <\/p>\n<p>Sobre todo, extiendo mis felicitaciones a su comunidad mon\u00e1stica. Con el Abad Bernhard, un religioso maduro con seriedad mon\u00e1stica, competencia teol\u00f3gica y profundidad espiritual asume el liderazgo de esta venerable abad\u00eda. Durante sus a\u00f1os de estudio y a trav\u00e9s de su servicio en la universidad benedictina internacional Sant'Anselmo en Roma, ha adquirido experiencia global. Guiar\u00e1 a Kremsm\u00fcnster hacia el futuro con coraz\u00f3n, previsi\u00f3n y su no desde\u00f1able encanto.   <\/p>\n<p>Obviamente, nuestra alegr\u00eda se mezcla con el pesar. Aqu\u00ed en Roma, se echar\u00e1 mucho de menos al P. Bernhard Eckerstorfer como rector, profesor y cohermano. Su partida deja un vac\u00edo que no ser\u00e1 f\u00e1cil de llenar. A partir de hoy, el liderazgo de nuestra universidad pasa a manos del vicerrector, el P. Dr. Laurentius Eschlb\u00f6ck OSB, del Monasterio Escoc\u00e9s de Viena. En los pr\u00f3ximos meses, las autoridades competentes buscar\u00e1n y nombrar\u00e1n un nuevo rector para Sant'Anselmo.      <\/p>\n<p>Sant'Anselmo y nuestra Confederaci\u00f3n Benedictina siguen agradecidos de que el ex Abad Ambros Ebhart OSB liberara al P. Bernhard en 2019 para esta responsabilidad para el mundo benedictino y la iglesia universal. Confiamos en que la abad\u00eda de Kremsm\u00fcnster contin\u00fae apoyando las tareas de nuestra familia benedictina en Roma y en otros lugares tambi\u00e9n en el futuro.  <\/p>\n<p>Sant'Anselmo, 25 de enero de 2025<\/p>\n<p>Jerem\u00edas Schr\u00f6der OSB<br \/>Abad Primado<\/p>\n<\/div><div class=\"fusion-separator fusion-full-width-sep\" style=\"align-self: center;margin-left: auto;margin-right: auto;margin-top:1%;width:100%;\"><\/div><div ><a class=\"fusion-button button-flat fusion-button-default-size button-custom fusion-button-default button-1 fusion-button-span-yes fusion-button-default-type\" style=\"--button_accent_color:#ffffff;--button_accent_hover_color:#ffffff;--button_border_hover_color:#ffffff;--button_gradient_top_color:#1f7aa7;--button_gradient_bottom_color:#1f7aa7;--button_gradient_top_color_hover:#72cee0;--button_gradient_bottom_color_hover:#72cee0;\" target=\"_self\" href=\"https:\/\/en.wikipedia.org\/wiki\/Kremsm\u00fcnster_Abbey\"><span class=\"fusion-button-text awb-button__text awb-button__text--default\">P\u00e1gina de Wikipedia de la Abad\u00eda de Kremsm\u00fcnster<\/span><\/a><\/div><div class=\"fusion-separator fusion-full-width-sep\" style=\"align-self: center;margin-left: auto;margin-right: auto;margin-top:1%;width:100%;\"><\/div><div ><a class=\"fusion-button button-flat fusion-button-default-size button-custom fusion-button-default button-2 fusion-button-span-yes fusion-button-default-type\" style=\"--button_accent_color:#ffffff;--button_accent_hover_color:#ffffff;--button_border_hover_color:#ffffff;--button_gradient_top_color:#1f7aa7;--button_gradient_bottom_color:#1f7aa7;--button_gradient_top_color_hover:#72cee0;--button_gradient_bottom_color_hover:#72cee0;\" target=\"_self\" href=\"https:\/\/www.stift-kremsmuenster.at\"><span class=\"fusion-button-text awb-button__text awb-button__text--default\">Sitio web de la Abad\u00eda de Kremsm\u00fcnster |DE|<\/span><\/a><\/div><\/div><\/div><\/div><\/div><\/p>\n","protected":false},"excerpt":{"rendered":"<p>\u00abComo abad primado de la Confederaci\u00f3n Benedictina y gran canciller del Ateneo Pontificio Sant&#8217;Anselmo en Roma, felicito cordialmente a nuestro rector, el P. Dr. Bernhard Eckerstorfer OSB, por su elecci\u00f3n como abad de la abad\u00eda de Kremsm\u00fcnster en Austria\u00bb. Continuar leyendo.  . .<\/p>\n","protected":false},"author":1,"featured_media":14661,"comment_status":"closed","ping_status":"closed","sticky":false,"template":"","format":"standard","meta":{"footnotes":""},"categories":[186,191],"tags":[244,238,237],"class_list":["post-14660","post","type-post","status-publish","format-standard","has-post-thumbnail","hentry","category-nexus-es","category-noticias-es","tag-nexus-marzo-2025-es","tag-nexus-santanselmo-es","tag-nexus-transiciones-de-liderazgo-es"],"cc_featured_image_caption":{"caption_text":false,"source_text":false,"source_url":false},"_links":{"self":[{"href":"https:\/\/osb.org\/es\/wp-json\/wp\/v2\/posts\/14660","targetHints":{"allow":["GET"]}}],"collection":[{"href":"https:\/\/osb.org\/es\/wp-json\/wp\/v2\/posts"}],"about":[{"href":"https:\/\/osb.org\/es\/wp-json\/wp\/v2\/types\/post"}],"author":[{"embeddable":true,"href":"https:\/\/osb.org\/es\/wp-json\/wp\/v2\/users\/1"}],"replies":[{"embeddable":true,"href":"https:\/\/osb.org\/es\/wp-json\/wp\/v2\/comments?post=14660"}],"version-history":[{"count":0,"href":"https:\/\/osb.org\/es\/wp-json\/wp\/v2\/posts\/14660\/revisions"}],"wp:featuredmedia":[{"embeddable":true,"href":"https:\/\/osb.org\/es\/wp-json\/wp\/v2\/media\/14661"}],"wp:attachment":[{"href":"https:\/\/osb.org\/es\/wp-json\/wp\/v2\/media?parent=14660"}],"wp:term":[{"taxonomy":"category","embeddable":true,"href":"https:\/\/osb.org\/es\/wp-json\/wp\/v2\/categories?post=14660"},{"taxonomy":"post_tag","embeddable":true,"href":"https:\/\/osb.org\/es\/wp-json\/wp\/v2\/tags?post=14660"}],"curies":[{"name":"wp","href":"https:\/\/api.w.org\/{rel}","templated":true}]}}